{"id":190809,"date":"2021-02-12T16:42:22","date_gmt":"2021-02-12T15:42:22","guid":{"rendered":"https:\/\/www.radiopiu.net\/wordpress\/?p=190809"},"modified":"2021-02-12T16:42:23","modified_gmt":"2021-02-12T15:42:23","slug":"puchner-e-gut-behrami-le-piu-veloci-nelle-prove-sulla-vertigine-rivisti-alcuni-passaggi","status":"publish","type":"post","link":"https:\/\/www.radiopiu.net\/wordpress\/puchner-e-gut-behrami-le-piu-veloci-nelle-prove-sulla-vertigine-rivisti-alcuni-passaggi\/","title":{"rendered":"PUCHNER E GUT-BEHRAMI LE PI\u00d9 VELOCI NELLE PROVE. SULLA VERTIGINE RIVISTI ALCUNI PASSAGGI"},"content":{"rendered":"<p><strong><a href=\"https:\/\/www.radiopiu.net\/wordpress\/puchner-e-gut-behrami-le-piu-veloci-nelle-prove-sulla-vertigine-rivisti-alcuni-passaggi\/210212zenoni_cortina2021-13\/\" rel=\"attachment wp-att-190811\"><img loading=\"lazy\" decoding=\"async\" class=\"size-medium wp-image-190811 alignleft\" src=\"https:\/\/www.radiopiu.net\/wordpress\/wp-content\/uploads\/2021\/02\/210212\u00a9Zenoni_Cortina2021-13-300x200.jpg\" alt=\"\" width=\"300\" height=\"200\" srcset=\"https:\/\/www.radiopiu.net\/wordpress\/wp-content\/uploads\/2021\/02\/210212\u00a9Zenoni_Cortina2021-13-300x200.jpg 300w, https:\/\/www.radiopiu.net\/wordpress\/wp-content\/uploads\/2021\/02\/210212\u00a9Zenoni_Cortina2021-13-1024x682.jpg 1024w, https:\/\/www.radiopiu.net\/wordpress\/wp-content\/uploads\/2021\/02\/210212\u00a9Zenoni_Cortina2021-13-768x512.jpg 768w, https:\/\/www.radiopiu.net\/wordpress\/wp-content\/uploads\/2021\/02\/210212\u00a9Zenoni_Cortina2021-13.jpg 1280w\" sizes=\"auto, (max-width: 300px) 100vw, 300px\" \/><\/a>CORTINA <\/strong>Giornata di allenamenti ufficiali oggi a Cortina d\u2019Ampezzo, dove nessuna medaglia \u00e8 stata assegnata. Le donne hanno provato per due volte l\u2019Olympia delle Tofane, una prima discesa che \u00e8 terminata a Fest\u00ecs e una seconda per intero. Le atlete austriache e svizzere sono state le pi\u00f9 veloci nei due training. Mirjam Puchner ha fatto segnare il miglior tempo nella prova del mattino, 54\/100 pi\u00f9 veloce della connazionale Tamara Tippler e 67\/100 dell\u2019elvetica Lara Gut-Behrami, neo campionessa mondiale di superG. Nell\u2019allenamento cronometrato del pomeriggio Gut-Behrami ha chiuso davanti a tutte, lasciando a 19\/100 Tamara Tippler e a 34\/100 Mirjam Puchner. Sulla Vertigine si \u00e8 invece svolta la prova della discesa maschile. Una pista nuova per la maggior parte degli atleti, molti dei quali hanno avuto modo di gareggiare gi\u00e0 nel superG di gioved\u00ec. Diversi protagonisti hanno saltato alcune porte; nonostante questo il miglior tempo \u00e8 stato fatto registrare dall\u2019italiano Dominik Paris. Il disegno della discesa \u00e8 gi\u00e0 stato rivisto, sono state spostate alcune porte per rendere pi\u00f9 veloci e spettacolari alcuni passaggi.<\/p>\n","protected":false},"excerpt":{"rendered":"<p>CORTINA Giornata di allenamenti ufficiali oggi a Cortina d\u2019Ampezzo, dove nessuna medaglia \u00e8 stata assegnata. Le donne hanno provato per due volte l\u2019Olympia delle Tofane, una prima discesa che \u00e8 terminata a Fest\u00ecs e una seconda per intero. Le atlete austriache e svizzere sono state le pi\u00f9 veloci nei due training. Mirjam Puchner ha fatto&hellip;<\/p>\n","protected":false},"author":4,"featured_media":190811,"comment_status":"closed","ping_status":"closed","sticky":false,"template":"","format":"standard","meta":{"_monsterinsights_skip_tracking":false,"_monsterinsights_sitenote_active":false,"_monsterinsights_sitenote_note":"","_monsterinsights_sitenote_category":0,"footnotes":""},"categories":[49,72],"tags":[],"class_list":["post-190809","post","type-post","status-publish","format-standard","has-post-thumbnail","hentry","category-news-18","category-sport","category-49","category-72","description-off"],"img_url":"https:\/\/www.radiopiu.net\/wordpress\/wp-content\/uploads\/2021\/02\/210212\u00a9Zenoni_Cortina2021-13.jpg","_links":{"self":[{"href":"https:\/\/www.radiopiu.net\/wordpress\/wp-json\/wp\/v2\/posts\/190809","targetHints":{"allow":["GET"]}}],"collection":[{"href":"https:\/\/www.radiopiu.net\/wordpress\/wp-json\/wp\/v2\/posts"}],"about":[{"href":"https:\/\/www.radiopiu.net\/wordpress\/wp-json\/wp\/v2\/types\/post"}],"author":[{"embeddable":true,"href":"https:\/\/www.radiopiu.net\/wordpress\/wp-json\/wp\/v2\/users\/4"}],"replies":[{"embeddable":true,"href":"https:\/\/www.radiopiu.net\/wordpress\/wp-json\/wp\/v2\/comments?post=190809"}],"version-history":[{"count":0,"href":"https:\/\/www.radiopiu.net\/wordpress\/wp-json\/wp\/v2\/posts\/190809\/revisions"}],"wp:featuredmedia":[{"embeddable":true,"href":"https:\/\/www.radiopiu.net\/wordpress\/wp-json\/wp\/v2\/media\/190811"}],"wp:attachment":[{"href":"https:\/\/www.radiopiu.net\/wordpress\/wp-json\/wp\/v2\/media?parent=190809"}],"wp:term":[{"taxonomy":"category","embeddable":true,"href":"https:\/\/www.radiopiu.net\/wordpress\/wp-json\/wp\/v2\/categories?post=190809"},{"taxonomy":"post_tag","embeddable":true,"href":"https:\/\/www.radiopiu.net\/wordpress\/wp-json\/wp\/v2\/tags?post=190809"}],"curies":[{"name":"wp","href":"https:\/\/api.w.org\/{rel}","templated":true}]}}