{"id":190810,"date":"2021-02-12T23:59:27","date_gmt":"2021-02-12T22:59:27","guid":{"rendered":"https:\/\/www.radiopiu.net\/wordpress\/?p=190810"},"modified":"2021-02-12T17:09:51","modified_gmt":"2021-02-12T16:09:51","slug":"190810-2","status":"publish","type":"post","link":"https:\/\/www.radiopiu.net\/wordpress\/190810-2\/","title":{"rendered":"L&#8217;ILLUMINAZIONE SULLA STRADA PER NOACH"},"content":{"rendered":"<p><strong>LA VALLE<\/strong> La strada comunale per Noach, dalla regionale 203 agordina in localit\u00e0 Le Campe \u00e8 stata illuminata, il bivio ora \u00e8 visibile anche di notte ed \u00e8 un importante tassello nella prevenzione e sicurezza. Il sindaco Ezio Zuanel ha raggiunto l&#8217;obiettivo ma non nasconde le difficolt\u00e0 burocratiche, gestionali e finanziarie. I nuovi lampioni sono a\u00a0 led di ultima generazione a garanzia di consumi ridotti. Un incrocio pericoloso quello per Noach, lo confermano le decine di incidenti,\u00a0 di notte poi ancora peggio, al buio mica facile imboccare la comunale. L&#8217;installazione dei lampioni \u00e8 stata preceduta da altri lavori,\u00a0 Veneto Strade ha fresato il manto stradale all&#8217; imbocco della salita permettendo cos\u00ec un pi\u00f9 agevole transito anche ai mezzi pesanti, inoltre ha provveduto a posizionare i pannelli di segnalazione visiva a luce arancione nei pressi dell&#8217; incrocio con obbligo ai mezzi pesanti in arrivo da Belluno e diretti a Noach, di proseguire fino ad area idonea per l&#8217;inversione di marcia. Vietata inoltre la svolta a sinistra per i mezzi pesanti che dal Comune di La Valle sono\u00a0 diretti a Belluno. <em>&#8220;Non sar\u00e0 l&#8217;unica iniziativa messa in campo sull&#8217;intersezione &#8211; assicura il consigliere comunale Massimo Sommariva &#8211; e\u00a0 grazie a Veneto Strade\u00a0 per la disponibilit\u00e0 e competenza dimostrata&#8221;.<\/em><\/p>\n\n\t\t\t<style type='text\/css'>\n\t\t\t\t#gallery-1 {\n\t\t\t\t\tmargin: auto;\n\t\t\t\t}\n\t\t\t\t#gallery-1 .gallery-item {\n\t\t\t\t\tfloat: left;\n\t\t\t\t\tmargin-top: 10px;\n\t\t\t\t\ttext-align: center;\n\t\t\t\t\twidth: 33%;\n\t\t\t\t}\n\t\t\t\t#gallery-1 img {\n\t\t\t\t\tborder: 2px solid #cfcfcf;\n\t\t\t\t}\n\t\t\t\t#gallery-1 .gallery-caption {\n\t\t\t\t\tmargin-left: 0;\n\t\t\t\t}\n\t\t\t\t\/* see gallery_shortcode() in wp-includes\/media.php *\/\n\t\t\t<\/style>\n\t\t<div id='gallery-1' class='dt-gallery-container gallery galleryid-190810 gallery-columns-3 gallery-size-thumbnail'><dl class='gallery-item'>\n\t\t\t\t<dt class='gallery-icon landscape'>\n\t\t\t\t\t<a class=\"rollover rollover-zoom dt-pswp-item\" title=\"af6c4c8f-5944-4d35-9486-290253443b77\" data-dt-img-description=\"\" data-large_image_width=\"1600\" data-large_image_height=\"1198\"href='https:\/\/www.radiopiu.net\/wordpress\/wp-content\/uploads\/2021\/02\/af6c4c8f-5944-4d35-9486-290253443b77.jpg'><img loading=\"lazy\" decoding=\"async\" width=\"150\" height=\"150\" src=\"https:\/\/www.radiopiu.net\/wordpress\/wp-content\/uploads\/2021\/02\/af6c4c8f-5944-4d35-9486-290253443b77-150x150.jpg\" class=\"attachment-thumbnail size-thumbnail\" alt=\"\" \/><\/a>\n\t\t\t\t<\/dt><\/dl><dl class='gallery-item'>\n\t\t\t\t<dt class='gallery-icon landscape'>\n\t\t\t\t\t<a class=\"rollover rollover-zoom dt-pswp-item\" title=\"607be07c-0c4a-46de-b0a7-ae47a974d68a\" data-dt-img-description=\"\" data-large_image_width=\"1600\" data-large_image_height=\"1198\"href='https:\/\/www.radiopiu.net\/wordpress\/wp-content\/uploads\/2021\/02\/607be07c-0c4a-46de-b0a7-ae47a974d68a.jpg'><img loading=\"lazy\" decoding=\"async\" width=\"150\" height=\"150\" src=\"https:\/\/www.radiopiu.net\/wordpress\/wp-content\/uploads\/2021\/02\/607be07c-0c4a-46de-b0a7-ae47a974d68a-150x150.jpg\" class=\"attachment-thumbnail size-thumbnail\" alt=\"\" \/><\/a>\n\t\t\t\t<\/dt><\/dl><dl class='gallery-item'>\n\t\t\t\t<dt class='gallery-icon portrait'>\n\t\t\t\t\t<a class=\"rollover rollover-zoom dt-pswp-item\" title=\"219ee948-d707-4609-a69a-d15b2d35b875\" data-dt-img-description=\"\" data-large_image_width=\"1200\" data-large_image_height=\"1600\"href='https:\/\/www.radiopiu.net\/wordpress\/wp-content\/uploads\/2021\/02\/219ee948-d707-4609-a69a-d15b2d35b875.jpg'><img loading=\"lazy\" decoding=\"async\" width=\"150\" height=\"150\" src=\"https:\/\/www.radiopiu.net\/wordpress\/wp-content\/uploads\/2021\/02\/219ee948-d707-4609-a69a-d15b2d35b875-150x150.jpg\" class=\"attachment-thumbnail size-thumbnail\" alt=\"\" \/><\/a>\n\t\t\t\t<\/dt><\/dl><br style=\"clear: both\" \/>\n\t\t\t<\/div>\n\n","protected":false},"excerpt":{"rendered":"<p>LA VALLE La strada comunale per Noach, dalla regionale 203 agordina in localit\u00e0 Le Campe \u00e8 stata illuminata, il bivio ora \u00e8 visibile anche di notte ed \u00e8 un importante tassello nella prevenzione e sicurezza. Il sindaco Ezio Zuanel ha raggiunto l&#8217;obiettivo ma non nasconde le difficolt\u00e0 burocratiche, gestionali e finanziarie. I nuovi lampioni sono&hellip;<\/p>\n","protected":false},"author":4,"featured_media":190827,"comment_status":"closed","ping_status":"closed","sticky":false,"template":"","format":"standard","meta":{"_monsterinsights_skip_tracking":false,"_monsterinsights_sitenote_active":false,"_monsterinsights_sitenote_note":"","_monsterinsights_sitenote_category":0,"footnotes":""},"categories":[51,49],"tags":[],"class_list":["post-190810","post","type-post","status-publish","format-standard","has-post-thumbnail","hentry","category-evidenza-top","category-news-18","category-51","category-49","description-off"],"img_url":"https:\/\/www.radiopiu.net\/wordpress\/wp-content\/uploads\/2021\/02\/219ee948-d707-4609-a69a-d15b2d35b875.jpg","_links":{"self":[{"href":"https:\/\/www.radiopiu.net\/wordpress\/wp-json\/wp\/v2\/posts\/190810","targetHints":{"allow":["GET"]}}],"collection":[{"href":"https:\/\/www.radiopiu.net\/wordpress\/wp-json\/wp\/v2\/posts"}],"about":[{"href":"https:\/\/www.radiopiu.net\/wordpress\/wp-json\/wp\/v2\/types\/post"}],"author":[{"embeddable":true,"href":"https:\/\/www.radiopiu.net\/wordpress\/wp-json\/wp\/v2\/users\/4"}],"replies":[{"embeddable":true,"href":"https:\/\/www.radiopiu.net\/wordpress\/wp-json\/wp\/v2\/comments?post=190810"}],"version-history":[{"count":0,"href":"https:\/\/www.radiopiu.net\/wordpress\/wp-json\/wp\/v2\/posts\/190810\/revisions"}],"wp:featuredmedia":[{"embeddable":true,"href":"https:\/\/www.radiopiu.net\/wordpress\/wp-json\/wp\/v2\/media\/190827"}],"wp:attachment":[{"href":"https:\/\/www.radiopiu.net\/wordpress\/wp-json\/wp\/v2\/media?parent=190810"}],"wp:term":[{"taxonomy":"category","embeddable":true,"href":"https:\/\/www.radiopiu.net\/wordpress\/wp-json\/wp\/v2\/categories?post=190810"},{"taxonomy":"post_tag","embeddable":true,"href":"https:\/\/www.radiopiu.net\/wordpress\/wp-json\/wp\/v2\/tags?post=190810"}],"curies":[{"name":"wp","href":"https:\/\/api.w.org\/{rel}","templated":true}]}}