{"id":190840,"date":"2021-02-12T17:35:02","date_gmt":"2021-02-12T16:35:02","guid":{"rendered":"https:\/\/www.radiopiu.net\/wordpress\/?p=190840"},"modified":"2021-02-12T17:35:05","modified_gmt":"2021-02-12T16:35:05","slug":"ospedale-di-lamon-firmato-il-contratto-con-limpresa-che-ha-vinto-lappalto-per-la-ristrutturazione","status":"publish","type":"post","link":"https:\/\/www.radiopiu.net\/wordpress\/ospedale-di-lamon-firmato-il-contratto-con-limpresa-che-ha-vinto-lappalto-per-la-ristrutturazione\/","title":{"rendered":"OSPEDALE DI LAMON: FIRMATO IL CONTRATTO CON L\u2019IMPRESA CHE HA VINTO L\u2019APPALTO PER LA RISTRUTTURAZIONE"},"content":{"rendered":"<p><strong><a href=\"https:\/\/www.radiopiu.net\/wordpress\/ospedale-di-lamon-firmato-il-contratto-con-limpresa-che-ha-vinto-lappalto-per-la-ristrutturazione\/lamon-8\/\" rel=\"attachment wp-att-190841\"><img loading=\"lazy\" decoding=\"async\" class=\"size-medium wp-image-190841 alignleft\" src=\"https:\/\/www.radiopiu.net\/wordpress\/wp-content\/uploads\/2021\/02\/lamon-300x189.png\" alt=\"\" width=\"300\" height=\"189\" srcset=\"https:\/\/www.radiopiu.net\/wordpress\/wp-content\/uploads\/2021\/02\/lamon-300x189.png 300w, https:\/\/www.radiopiu.net\/wordpress\/wp-content\/uploads\/2021\/02\/lamon.png 663w\" sizes=\"auto, (max-width: 300px) 100vw, 300px\" \/><\/a>FELTRE <\/strong>Firmato il contratto per la ristrutturazione dell\u2019Ospedale di Lamon con l\u2019impresa Paolo Beltrami Costruzioni s.p.a. di Paderno Ponchielli (CR) che ha vinto la procedura aperta per l\u2019appalto dei lavori per la ristrutturazione e la riqualificazione funzionale dell\u2019ospedale di Lamon per un importo di\u00a0 3,5 milioni di euro in virt\u00f9 del ribasso d\u2019asta applicato. Entro Pasqua l\u2019avvio dei lavori. La procedura per l\u2019aggiudicazione dei lavori del valore complessivo di 5 milioni euro di cui 4 finanziati nell\u2019ambito del progetto \u201cSanit\u00e0 del Feltrino\u201d con i Fondi di Confine e 1 milione stanziato come cofinanziamento dalla Regione del Veneto, era stata indetta a fine settembre, aggiudicata a dicembre e dopo le verifiche previste dalla normativa, oggi \u00e8 stato firmato il contratto. L\u2019intervento \u00e9 relativo alla ristrutturazione, riorganizzazione e riqualificazione del Presidio Ospedaliero di Lamon dell\u2019Unit\u00e0 Locale Socio Sanitaria n. 1 Dolomiti, al fine di potenziarne e completarne le attuali attivit\u00e0 di Recupero e Riabilitazione Funzionale, di riorganizzare i servizi di diagnostica Radiologica e di Punto Prelievi a servizio sia della struttura ospedaliera che del territorio afferente la struttura sanitaria, e non da ultimo per strutturarne i servizi sanitari territoriali. L\u2019ospedale sar\u00e0 potenziato\u00a0 con 22 nuovi posti letto di riabilitazione e il miglioramento\u00a0 delle attuali attivit\u00e0 di Recupero e Riabilitazione Funzionale. Inoltre, saranno riorganizzati i locali dei servizi di diagnostica Radiologica, i servizi sanitari territoriali e le attivit\u00e0 socio assistenziali e sar\u00e0 realizzata una Unit\u00e0 Riabilitativa Territoriale con 7 posti letto. L\u2019obiettivo centrale del progetto di riordino \u00e8 la \u201cpersona\u201d sia essa utente, sia essa operatore, sia essa visitatore. L\u2019ospedale deve essere percepito come un luogo accogliente sia dal punto di vista dei servizi offerti, sia dal punto di vista dello spazio fisico che deve connotarsi per il particolare confort. Sar\u00e0 curata, oltre alla funzionalit\u00e0, anche l\u2019umanizzazione degli spazi.<\/p>\n","protected":false},"excerpt":{"rendered":"<p>FELTRE Firmato il contratto per la ristrutturazione dell\u2019Ospedale di Lamon con l\u2019impresa Paolo Beltrami Costruzioni s.p.a. di Paderno Ponchielli (CR) che ha vinto la procedura aperta per l\u2019appalto dei lavori per la ristrutturazione e la riqualificazione funzionale dell\u2019ospedale di Lamon per un importo di\u00a0 3,5 milioni di euro in virt\u00f9 del ribasso d\u2019asta applicato. Entro&hellip;<\/p>\n","protected":false},"author":4,"featured_media":190841,"comment_status":"closed","ping_status":"closed","sticky":false,"template":"","format":"standard","meta":{"_monsterinsights_skip_tracking":false,"_monsterinsights_sitenote_active":false,"_monsterinsights_sitenote_note":"","_monsterinsights_sitenote_category":0,"footnotes":""},"categories":[49],"tags":[],"class_list":["post-190840","post","type-post","status-publish","format-standard","has-post-thumbnail","hentry","category-news-18","category-49","description-off"],"img_url":"https:\/\/www.radiopiu.net\/wordpress\/wp-content\/uploads\/2021\/02\/lamon.png","_links":{"self":[{"href":"https:\/\/www.radiopiu.net\/wordpress\/wp-json\/wp\/v2\/posts\/190840","targetHints":{"allow":["GET"]}}],"collection":[{"href":"https:\/\/www.radiopiu.net\/wordpress\/wp-json\/wp\/v2\/posts"}],"about":[{"href":"https:\/\/www.radiopiu.net\/wordpress\/wp-json\/wp\/v2\/types\/post"}],"author":[{"embeddable":true,"href":"https:\/\/www.radiopiu.net\/wordpress\/wp-json\/wp\/v2\/users\/4"}],"replies":[{"embeddable":true,"href":"https:\/\/www.radiopiu.net\/wordpress\/wp-json\/wp\/v2\/comments?post=190840"}],"version-history":[{"count":0,"href":"https:\/\/www.radiopiu.net\/wordpress\/wp-json\/wp\/v2\/posts\/190840\/revisions"}],"wp:featuredmedia":[{"embeddable":true,"href":"https:\/\/www.radiopiu.net\/wordpress\/wp-json\/wp\/v2\/media\/190841"}],"wp:attachment":[{"href":"https:\/\/www.radiopiu.net\/wordpress\/wp-json\/wp\/v2\/media?parent=190840"}],"wp:term":[{"taxonomy":"category","embeddable":true,"href":"https:\/\/www.radiopiu.net\/wordpress\/wp-json\/wp\/v2\/categories?post=190840"},{"taxonomy":"post_tag","embeddable":true,"href":"https:\/\/www.radiopiu.net\/wordpress\/wp-json\/wp\/v2\/tags?post=190840"}],"curies":[{"name":"wp","href":"https:\/\/api.w.org\/{rel}","templated":true}]}}