{"id":190891,"date":"2021-02-12T20:39:54","date_gmt":"2021-02-12T19:39:54","guid":{"rendered":"https:\/\/www.radiopiu.net\/wordpress\/?p=190891"},"modified":"2021-02-12T21:12:53","modified_gmt":"2021-02-12T20:12:53","slug":"nel-governo-draghi-due-ministri-bellunesi-franco-e-dinca-ok","status":"publish","type":"post","link":"https:\/\/www.radiopiu.net\/wordpress\/nel-governo-draghi-due-ministri-bellunesi-franco-e-dinca-ok\/","title":{"rendered":"NEL GOVERNO DRAGHI DUE MINISTRI BELLUNESI, FRANCO E D&#8217;INCA&#8217;"},"content":{"rendered":"<p><strong><a href=\"https:\/\/www.radiopiu.net\/wordpress\/nel-governo-draghi-due-ministri-bellunesi-franco-e-dinca\/16692f45-1849-4478-8f62-ca843a9dae59\/\" rel=\"attachment wp-att-190894\"><img loading=\"lazy\" decoding=\"async\" class=\" wp-image-190894 alignleft\" src=\"https:\/\/www.radiopiu.net\/wordpress\/wp-content\/uploads\/2021\/02\/16692f45-1849-4478-8f62-ca843a9dae59-300x300.jpg\" alt=\"\" width=\"140\" height=\"140\" srcset=\"https:\/\/www.radiopiu.net\/wordpress\/wp-content\/uploads\/2021\/02\/16692f45-1849-4478-8f62-ca843a9dae59-300x300.jpg 300w, https:\/\/www.radiopiu.net\/wordpress\/wp-content\/uploads\/2021\/02\/16692f45-1849-4478-8f62-ca843a9dae59.jpg 1024w, https:\/\/www.radiopiu.net\/wordpress\/wp-content\/uploads\/2021\/02\/16692f45-1849-4478-8f62-ca843a9dae59-150x150.jpg 150w, https:\/\/www.radiopiu.net\/wordpress\/wp-content\/uploads\/2021\/02\/16692f45-1849-4478-8f62-ca843a9dae59-768x768.jpg 768w\" sizes=\"auto, (max-width: 140px) 100vw, 140px\" \/><\/a>ROMA<\/strong> Daniele Franco dal 2019 direttore generale della Banca d&#8217;Italia e Federico D&#8217;Inc\u00e0 scriveranno un nuovo capitolo nella storia del Paese, infatti per la prima volta due bellunesi sono a Roma, nei punti che contano.: Federico D\u2019Inc\u00e0\u00a0 ministro per i Rapporti con il Parlamento, quindi nulla cambia rispetto al Governo uscente.\u00a0 Daniele Franco\u00a0 Ministro dell\u2019Economia. Il premier\u00a0 Mario Draghi\u00a0 ha sciolto la riserva Domani alle 12 la cerimonia di\u00a0 giuramento; quindi tutti in Parlamento per la fiducia alla Camera ed al Senato. Federico D\u2019Inc\u00e0, gi\u00e0 ministro per i Rapporti con il Parlamento del governo Conte dal 5 settembre 2019, continuer\u00e0 a ricoprire questo incarico. Daniele Franco andr\u00e0 al ministero dell\u2019Economia.<\/p>\n<p>&nbsp;<\/p>\n<p>&nbsp;<\/p>\n<hr \/>\n<p>&nbsp;<\/p>\n<blockquote>\n<h3>IL PRIMO COMMENTO DI FEDERICO D&#8217;INCA&#8217; SU FACEBOOK<\/h3>\n<\/blockquote>\n<div dir=\"auto\"><strong><a href=\"https:\/\/www.radiopiu.net\/wordpress\/?attachment_id=190918\" rel=\"attachment wp-att-190918\"><img loading=\"lazy\" decoding=\"async\" class=\"wp-image-190918 alignleft\" src=\"https:\/\/www.radiopiu.net\/wordpress\/wp-content\/uploads\/2021\/02\/dinca-300x300.jpg\" alt=\"\" width=\"153\" height=\"153\" srcset=\"https:\/\/www.radiopiu.net\/wordpress\/wp-content\/uploads\/2021\/02\/dinca-300x300.jpg 300w, https:\/\/www.radiopiu.net\/wordpress\/wp-content\/uploads\/2021\/02\/dinca-1024x1024.jpg 1024w, https:\/\/www.radiopiu.net\/wordpress\/wp-content\/uploads\/2021\/02\/dinca-150x150.jpg 150w, https:\/\/www.radiopiu.net\/wordpress\/wp-content\/uploads\/2021\/02\/dinca-768x767.jpg 768w, https:\/\/www.radiopiu.net\/wordpress\/wp-content\/uploads\/2021\/02\/dinca.jpg 1080w\" sizes=\"auto, (max-width: 153px) 100vw, 153px\" \/><\/a>ROMA<\/strong> &#8220;<em>Ringrazio il Presidente incaricato Mario Draghi per avermi chiamato a far parte della nuova squadra di Governo.<\/em><\/div>\n<div dir=\"auto\"><em>Esserci in questo momento rappresenta ancora una volta un grande onore e una grande responsabilit\u00e0 nei confronti del Paese. Servir\u00f2 ancora una volta con disciplina e onore le istituzioni, mettendo sempre al centro del mio lavoro i principi sanciti dalla nostra Costituzione repubblicana<\/em>&#8220;. Queste le prime parole di Federico D&#8217;Inc\u00e0 dopo la conferma della carica di Ministro per i Rapporti con il Parlamento<\/div>\n<div dir=\"auto\"><\/div>\n<div dir=\"auto\"><\/div>\n<div dir=\"auto\"><\/div>\n<div dir=\"auto\"><\/div>\n<div dir=\"auto\">\n<hr \/>\n<\/div>\n<blockquote>\n<h3>ZAIA, \u201cBUON LAVORO AL NUOVO GOVERNO DRAGHI\u201d<\/h3>\n<\/blockquote>\n<p><strong><a href=\"https:\/\/www.radiopiu.net\/wordpress\/la-protesta-delle-maestre-uno-schengen-sanitario-per-il-turismo-e-altro-dalla-conferenza-stampa-di-zaia\/zaia-40\/\" rel=\"attachment wp-att-139388\"><img loading=\"lazy\" decoding=\"async\" class=\"size-medium wp-image-139388 alignleft\" src=\"https:\/\/www.radiopiu.net\/wordpress\/wp-content\/uploads\/2020\/05\/ZAIA-1-300x225.jpg\" alt=\"\" width=\"300\" height=\"225\" srcset=\"https:\/\/www.radiopiu.net\/wordpress\/wp-content\/uploads\/2020\/05\/ZAIA-1-300x225.jpg 300w, https:\/\/www.radiopiu.net\/wordpress\/wp-content\/uploads\/2020\/05\/ZAIA-1.jpg 656w\" sizes=\"auto, (max-width: 300px) 100vw, 300px\" \/><\/a>VENEZIA\u00a0 <\/strong>\u201cAuguro buon lavoro al Professor Draghi e al suo Governo, che nasce in un momento di grandi difficolt\u00e0, nella speranza che si possa recuperare il tanto tempo perduto e che sia finita l\u2019agonia alla quale abbiamo assistito nell\u2019ultimo periodo. Come uso dire spesso, bisogna lavorare pancia a terra verso l\u2019obbiettivo\u201d. Lo sottolinea il Presidente della Regione Veneto, Luca Zaia, in un primo commento alla nascita del nuovo Governo. \u201cIl Veneto \u2013 prosegue il Governatore \u2013 porta le istanze poste dalla crisi causata dal Covid, dalla quale bisogna uscire velocemente, ripartendo con l\u2019impresa, l\u2019economia, l\u2019occupazione. E\u2019 necessario realizzare un Recovery Fund che abbia realmente effetti sull\u2019economia e sugli investimenti\u201d. \u201cPer noi \u2013 conclude Zaia \u2013 l\u2019autonomia \u00e8 la madre di tutte le battaglie, per cui, finita l\u2019emergenza Covid, il dossier \u00e8 sul tavolo del Governo, pronto per la ripartenza\u201d.<\/p>\n<p>&nbsp;<\/p>\n<p>&nbsp;<\/p>\n<hr \/>\n<p>&nbsp;<\/p>\n<blockquote>\n<h3>NUOVO GOVERNO. PADRIN: &#8220;OTTIMA LA CONFERMA DI D&#8217;INCA&#8217; E LA NOMINA DI FRANCO&#8221;<\/h3>\n<\/blockquote>\n<p><strong><a href=\"https:\/\/www.radiopiu.net\/wordpress\/padrin-la-fase-2-ci-veda-uniti-nel-programmare-la-ripartenza-torneremo-alla-normalita\/padrin-63\/\" rel=\"attachment wp-att-134835\"><img loading=\"lazy\" decoding=\"async\" class=\"size-medium wp-image-134835 alignleft\" src=\"https:\/\/www.radiopiu.net\/wordpress\/wp-content\/uploads\/2020\/05\/PADRIN-200x300.jpg\" alt=\"\" width=\"200\" height=\"300\" srcset=\"https:\/\/www.radiopiu.net\/wordpress\/wp-content\/uploads\/2020\/05\/PADRIN-200x300.jpg 200w, https:\/\/www.radiopiu.net\/wordpress\/wp-content\/uploads\/2020\/05\/PADRIN-683x1024.jpg 683w, https:\/\/www.radiopiu.net\/wordpress\/wp-content\/uploads\/2020\/05\/PADRIN-768x1152.jpg 768w, https:\/\/www.radiopiu.net\/wordpress\/wp-content\/uploads\/2020\/05\/PADRIN.jpg 945w\" sizes=\"auto, (max-width: 200px) 100vw, 200px\" \/><\/a>BELLUNO <\/strong>\u00ab<em>La lista dei ministri del nuovo esecutivo Draghi apre prospettive quanto mai allettanti per il nostro territorio. \u00c8 la prima volta nella storia della Repubblica che la provincia di Belluno pu\u00f2 esprimere due ministri. \u00c8 un\u2019occasione unica per agganciare il rilancio post Covid e anche per programmare il futuro della montagna a lungo raggio<\/em>\u00bb. Cos\u00ec in una nota il presidente della Provincia Roberto Padrin. \u00ab<em>Esprimo grande soddisfazione per la conferma a ministro di Federico D\u2019Inc\u00e0, con cui abbiamo iniziato un percorso di condivisione delle politiche territoriali che ci ha permesso di affrontare in maniera concreta diverse problematiche recenti e annose. Con lui potremo proseguire su questa strada. Sono molto contento anche della nomina di Daniele Franco, una figura di altissimo profilo, che in passato ha gi\u00e0 ricoperto incarichi di prestigio; il ministero dell\u2019economia, in un momento cos\u00ec delicato, rappresenta una sfida che sicuramente sapr\u00e0 condurre con autorevolezza. Per noi avere due ministri che conoscono il territorio, le sue peculiarit\u00e0, le criticit\u00e0, ma anche i punti di forza del Bellunese \u00e8 un vantaggio. La provincia di Belluno spesso ha pagato la perifericit\u00e0 e la distanza dai centri decisionali. Oggi invece guardiamo con rinnovato ottimismo al futuro, forti del nostro orgoglio montano e della forza delle nostre imprese, per superare anche questa crisi. Buon lavoro ai ministri D\u2019Inc\u00e0 e Franco. E buon lavoro a tutto il governo Draghi<\/em>\u00bb.<\/p>\n<p>&nbsp;<\/p>\n<p>&nbsp;<\/p>\n<hr \/>\n<p>&nbsp;<\/p>\n<blockquote>\n<h3>BOND: &#8220;IL TERRITORIO BELLUNESE HA DUE FIGURE DI SPICCO PER LE SFIDE FUTURE&#8221;<\/h3>\n<\/blockquote>\n<p><strong><a href=\"https:\/\/www.radiopiu.net\/wordpress\/giornale-radiopiu-20-maggio-2020-direttore-mirko-mezzacasa\/dario-bond-11\/\" rel=\"attachment wp-att-138833\"><img loading=\"lazy\" decoding=\"async\" class=\" wp-image-138833 alignleft\" src=\"https:\/\/www.radiopiu.net\/wordpress\/wp-content\/uploads\/2020\/05\/Dario-Bond.jpg\" alt=\"\" width=\"99\" height=\"137\" \/><\/a>ROMA <\/strong>\u00ab<em>Dalla squadra di ministri del governo Draghi avremo un\u2019occasione unica per il territorio bellunese. Due figure di spicco che possono dare una mano a superare la crisi e rilanciare la montagna<\/em>\u00bb. Cos\u00ec in una nota il deputato di Forza Italia Dario Bond. \u00ab<em>Nei giorni scorsi avevo lanciato l\u2019appello per la creazione di un ministro per la montagna. Devo dire che sono soddisfatto, perch\u00e9 avremo due ministri bellunesi, ben consapevoli dei problemi della montagna. Congratulazioni vivissime a Federico D\u2019Inc\u00e0 per la riconferma. E anche a Daniele Franco per la nomina all\u2019Economia, un ministero particolarmente importante in questo momento storico. Auguro loro buon lavoro. Da parte mia, massima disponibilit\u00e0 a lavorare insieme per il futuro della terra bellunese<\/em>\u00bb.<\/p>\n","protected":false},"excerpt":{"rendered":"<p>ROMA Daniele Franco dal 2019 direttore generale della Banca d&#8217;Italia e Federico D&#8217;Inc\u00e0 scriveranno un nuovo capitolo nella storia del Paese, infatti per la prima volta due bellunesi sono a Roma, nei punti che contano.: Federico D\u2019Inc\u00e0\u00a0 ministro per i Rapporti con il Parlamento, quindi nulla cambia rispetto al Governo uscente.\u00a0 Daniele Franco\u00a0 Ministro dell\u2019Economia.&hellip;<\/p>\n","protected":false},"author":4,"featured_media":190894,"comment_status":"closed","ping_status":"closed","sticky":false,"template":"","format":"standard","meta":{"_monsterinsights_skip_tracking":false,"_monsterinsights_sitenote_active":false,"_monsterinsights_sitenote_note":"","_monsterinsights_sitenote_category":0,"footnotes":""},"categories":[1,51,49],"tags":[],"class_list":["post-190891","post","type-post","status-publish","format-standard","has-post-thumbnail","hentry","category-senza-categoria","category-evidenza-top","category-news-18","category-1","category-51","category-49","description-off"],"img_url":"https:\/\/www.radiopiu.net\/wordpress\/wp-content\/uploads\/2021\/02\/16692f45-1849-4478-8f62-ca843a9dae59.jpg","_links":{"self":[{"href":"https:\/\/www.radiopiu.net\/wordpress\/wp-json\/wp\/v2\/posts\/190891","targetHints":{"allow":["GET"]}}],"collection":[{"href":"https:\/\/www.radiopiu.net\/wordpress\/wp-json\/wp\/v2\/posts"}],"about":[{"href":"https:\/\/www.radiopiu.net\/wordpress\/wp-json\/wp\/v2\/types\/post"}],"author":[{"embeddable":true,"href":"https:\/\/www.radiopiu.net\/wordpress\/wp-json\/wp\/v2\/users\/4"}],"replies":[{"embeddable":true,"href":"https:\/\/www.radiopiu.net\/wordpress\/wp-json\/wp\/v2\/comments?post=190891"}],"version-history":[{"count":0,"href":"https:\/\/www.radiopiu.net\/wordpress\/wp-json\/wp\/v2\/posts\/190891\/revisions"}],"wp:featuredmedia":[{"embeddable":true,"href":"https:\/\/www.radiopiu.net\/wordpress\/wp-json\/wp\/v2\/media\/190894"}],"wp:attachment":[{"href":"https:\/\/www.radiopiu.net\/wordpress\/wp-json\/wp\/v2\/media?parent=190891"}],"wp:term":[{"taxonomy":"category","embeddable":true,"href":"https:\/\/www.radiopiu.net\/wordpress\/wp-json\/wp\/v2\/categories?post=190891"},{"taxonomy":"post_tag","embeddable":true,"href":"https:\/\/www.radiopiu.net\/wordpress\/wp-json\/wp\/v2\/tags?post=190891"}],"curies":[{"name":"wp","href":"https:\/\/api.w.org\/{rel}","templated":true}]}}