{"id":190920,"date":"2021-02-14T07:30:31","date_gmt":"2021-02-14T06:30:31","guid":{"rendered":"https:\/\/www.radiopiu.net\/wordpress\/?p=190920"},"modified":"2021-02-14T09:20:20","modified_gmt":"2021-02-14T08:20:20","slug":"giornale-radiopiu-14-febbraio-2021-direttore-mirko-mezzacasa","status":"publish","type":"post","link":"https:\/\/www.radiopiu.net\/wordpress\/giornale-radiopiu-14-febbraio-2021-direttore-mirko-mezzacasa\/","title":{"rendered":"GIORNALE RADIOPIU 14 FEBBRAIO 2021 DIRETTORE MIRKO MEZZACASA"},"content":{"rendered":"<h3><a href=\"https:\/\/www.radiopiu.net\/wordpress\/giornale-radiopiu-24-gennaio-2021-direttore-mirko-mezzacasa\/141433770_171616291414874_2957460898102012198_n\/\" rel=\"attachment wp-att-186566\"><img loading=\"lazy\" decoding=\"async\" class=\"wp-image-186566 alignleft\" src=\"https:\/\/www.radiopiu.net\/wordpress\/wp-content\/uploads\/2021\/01\/141433770_171616291414874_2957460898102012198_n-300x300.jpg\" alt=\"\" width=\"144\" height=\"144\" srcset=\"https:\/\/www.radiopiu.net\/wordpress\/wp-content\/uploads\/2021\/01\/141433770_171616291414874_2957460898102012198_n-300x300.jpg 300w, https:\/\/www.radiopiu.net\/wordpress\/wp-content\/uploads\/2021\/01\/141433770_171616291414874_2957460898102012198_n-150x150.jpg 150w, https:\/\/www.radiopiu.net\/wordpress\/wp-content\/uploads\/2021\/01\/141433770_171616291414874_2957460898102012198_n-768x768.jpg 768w, https:\/\/www.radiopiu.net\/wordpress\/wp-content\/uploads\/2021\/01\/141433770_171616291414874_2957460898102012198_n.jpg 800w\" sizes=\"auto, (max-width: 144px) 100vw, 144px\" \/><\/a>PER<strong> RICEVERE QUESTO NOTIZIARIO DIRETTAMENTE SUL TUO CELLULARE ISCRIVITI AL CANALE TELEGRAM <\/strong><strong>\u201cRADIO PIU\u00a0 INFORMAZIONE&#8221;\u00a0<\/strong><\/h3>\n<h3>SUPERATI I 3000 ISCRITTI, il CANALE TELEGRAM&#8230; UNISCITI A: RADIO PIU INFORMAZIONE<\/h3>\n<p>&nbsp;<\/p>\n<p><em><a href=\"https:\/\/www.radiopiu.net\/wordpress\/giornale-radiopiu-24-gennaio-2021-direttore-mirko-mezzacasa\/79216601_126817312416448_708980208774483089_n\/\" rel=\"attachment wp-att-186567\"><img loading=\"lazy\" decoding=\"async\" class=\"size-medium wp-image-186567 alignright\" src=\"https:\/\/www.radiopiu.net\/wordpress\/wp-content\/uploads\/2021\/01\/79216601_126817312416448_708980208774483089_n-300x114.jpg\" alt=\"\" width=\"300\" height=\"114\" srcset=\"https:\/\/www.radiopiu.net\/wordpress\/wp-content\/uploads\/2021\/01\/79216601_126817312416448_708980208774483089_n-300x114.jpg 300w, https:\/\/www.radiopiu.net\/wordpress\/wp-content\/uploads\/2021\/01\/79216601_126817312416448_708980208774483089_n-768x292.jpg 768w, https:\/\/www.radiopiu.net\/wordpress\/wp-content\/uploads\/2021\/01\/79216601_126817312416448_708980208774483089_n.jpg 820w\" sizes=\"auto, (max-width: 300px) 100vw, 300px\" \/><\/a><span style=\"color: #ff0000;\">ATTENZIONE: LA NUOVA APP PER IOS-IPHONE di Nicola Vettorello <\/span><\/em><a href=\"https:\/\/apps.apple.com\/it\/app\/radio-pi%C3%B9-emittente-agordina\/id1515939845\">https:\/\/apps.apple.com\/it\/app\/radio-pi%C3%B9-emittente-agordina\/id1515939845<\/a> <em style=\"color: #ff0000;\">ATTENZIONE: LA NUOVA APP RADIO\u00a0 PER ANDROID di Nicola Vettorello<\/em><\/p>\n<p><a href=\"https:\/\/play.google.com\/store\/apps\/details?id=net.radiopiu.iniko\" target=\"_blank\" rel=\"noopener noreferrer\">https:\/\/play.google.com\/store\/apps\/details?id=net.radiopiu.iniko\u00a0\u00a0<\/a><\/p>\n<p>&nbsp;<\/p>\n<p>&nbsp;<\/p>\n<hr \/>\n<p>&nbsp;<\/p>\n<h2><strong>GLI SPECIALI ALLA RADIO&#8230;.. CON LA POLIZIA DI STATO A CORTINA 2021<\/strong><\/h2>\n<blockquote class=\"wp-embedded-content\" data-secret=\"gBiyEfads0\"><p><a href=\"https:\/\/www.radiopiu.net\/wordpress\/la-polizia-di-stato-a-cortina-2021\/\">La Polizia di Stato a Cortina 2021<\/a><\/p><\/blockquote>\n<p><iframe loading=\"lazy\" class=\"wp-embedded-content\" sandbox=\"allow-scripts\" security=\"restricted\" style=\"position: absolute; clip: rect(1px, 1px, 1px, 1px);\" title=\"&#8220;La Polizia di Stato a Cortina 2021&#8221; &#8212; Radio Pi\u00f9\" src=\"https:\/\/www.radiopiu.net\/wordpress\/la-polizia-di-stato-a-cortina-2021\/embed\/#?secret=gBiyEfads0\" data-secret=\"gBiyEfads0\" width=\"600\" height=\"338\" frameborder=\"0\" marginwidth=\"0\" marginheight=\"0\" scrolling=\"no\"><\/iframe><\/p>\n<p>&nbsp;<\/p>\n<hr \/>\n<blockquote>\n<h3><\/h3>\n<h3>LE SCUSE DI\u00a0 WEIWI WANG, RISTORANTE DUE ANGELI AGORDO<\/h3>\n<\/blockquote>\n<p><strong><a href=\"https:\/\/www.radiopiu.net\/wordpress\/giornale-radiopiu-14-febbraio-2021-direttore-mirko-mezzacasa\/safe_image-16\/\" rel=\"attachment wp-att-191179\"><img loading=\"lazy\" decoding=\"async\" class=\"size-medium wp-image-191179 alignleft\" src=\"https:\/\/www.radiopiu.net\/wordpress\/wp-content\/uploads\/2021\/02\/safe_image-300x157.jpg\" alt=\"\" width=\"300\" height=\"157\" srcset=\"https:\/\/www.radiopiu.net\/wordpress\/wp-content\/uploads\/2021\/02\/safe_image-300x157.jpg 300w, https:\/\/www.radiopiu.net\/wordpress\/wp-content\/uploads\/2021\/02\/safe_image.jpg 500w\" sizes=\"auto, (max-width: 300px) 100vw, 300px\" \/><\/a>AGORDO\u00a0<\/strong> Ristorante Due Angeli nell&#8217;isola pedonale chiuso per 5 giorni, causa assembramento. Davamo la notizia l&#8217;atra settimana, il nostro servizio pubblicato sulla pagina Sei di Agordo Se tra i tanti commenti registra anche questo, le scuse dei proprietari cinesi.<\/p>\n<blockquote>\n<div dir=\"auto\"><em>Sono il\u00a0 gestore del due angeli, mi dispiace per quanto successo a causa della mia negligenza. Lavoro al Caffe Commercio tutti i giorni dalle 7 alle 18,\u00a0 \u00a0quel giorno non so cosa sia successo anche perch\u00e8 la barista \u00e8\u00a0 bravissima, gentile, ma\u00a0 anche timida non \u00e8 capace di alzare la voce, ma siamo pronti a seguire regole e istruzioni. Sono responsabile del mio sbaglio e ora pago e ringrazio i Carabiinieri che non hanno sanzionato i clienti. Sono stato un cattivo esempio,\u00a0<\/em><\/div>\n<\/blockquote>\n<p>&nbsp;<\/p>\n<p>&nbsp;<\/p>\n<p>&nbsp;<\/p>\n<hr \/>\n<p>&nbsp;<\/p>\n<h3><strong>SR 204 Belluno-Mas, dal 15 al 26 febbraio, esclusi sabato e domenica, istituzione di senso unico alternato regolato da impianto semaforico o movieri in localit\u00e0 Antole per messa in sicurezza del ponte<\/strong><\/h3>\n<p>&nbsp;<\/p>\n<p>&nbsp;<\/p>\n<hr \/>\n<p>&nbsp;<\/p>\n<blockquote>\n<h3>ACQUA\u00a0 POTABILE A CENCENIGHE E TAIBON MARTEDI INTERRUZIONE A VOLTAGO<\/h3>\n<p>&nbsp;<\/p><\/blockquote>\n<p><strong><a href=\"https:\/\/www.radiopiu.net\/wordpress\/giornale-radiopiu-09-agosto-2018-direttore-mirko-mezzacasa\/acqua\/\" rel=\"attachment wp-att-57052\"><img loading=\"lazy\" decoding=\"async\" class=\" wp-image-57052 alignleft\" src=\"https:\/\/www.radiopiu.net\/wordpress\/wp-content\/uploads\/2018\/08\/ACQUA-300x180.jpeg\" alt=\"\" width=\"199\" height=\"119\" srcset=\"https:\/\/www.radiopiu.net\/wordpress\/wp-content\/uploads\/2018\/08\/ACQUA-300x180.jpeg 300w, https:\/\/www.radiopiu.net\/wordpress\/wp-content\/uploads\/2018\/08\/ACQUA-768x461.jpeg 768w, https:\/\/www.radiopiu.net\/wordpress\/wp-content\/uploads\/2018\/08\/ACQUA-1024x614.jpeg 1024w, https:\/\/www.radiopiu.net\/wordpress\/wp-content\/uploads\/2018\/08\/ACQUA.jpeg 1280w\" sizes=\"auto, (max-width: 199px) 100vw, 199px\" \/><\/a><\/strong><\/p>\n<h3>Gestione Servizi Pubblici informa che a Taibon localit\u00e0 Ronch de Bos e Nogarola\u00a0 ed a\u00a0 Cencenighe nelle localit\u00e0 Foch, Fa\u00e8, Vare Basse e Luxottica, l\u2019acqua erogata dall\u2019acquedotto \u00e8\u00a0 di nuovo potabile<\/h3>\n<h3>VOLTAGO Martedi dalle 9 alle 12 potrebbe mancare l&#8217;acqua &#8211; per lavori programmati &#8211; nelle localit\u00e0 Centro e Corone.<\/h3>\n<p>&nbsp;<\/p>\n<p>&nbsp;<\/p>\n<p>&nbsp;<\/p>\n<hr \/>\n<p>&nbsp;<\/p>\n<p><span style=\"color: #ff0000;\">IL RICORDO\u00a0<\/span><\/p>\n<p><strong>NEL RICORDO DI MARCO PARISSENTI DALLA SUA FRASSENE&#8217;\u00a0<\/strong><\/p>\n<h2><span style=\"font-family: Arial; font-size: small;\"><strong><em><img loading=\"lazy\" decoding=\"async\" class=\"alignleft\" src=\"https:\/\/www.radiopiu.net\/wordpress\/wp-content\/uploads\/2021\/01\/Marco-2.jpg\" width=\"130\" height=\"173\" \/><\/em><\/strong><\/span><\/h2>\n<h2><\/h2>\n<h2><span style=\"font-family: Arial; font-size: small;\"><strong><em>&#8220;Ciao Marco,<\/em><\/strong><\/span><\/h2>\n<h2><span style=\"font-family: Arial; font-size: small;\"><strong><em>sei sempre nel nostro cuore e nelle nostre preghiere.<\/em><\/strong><\/span><\/h2>\n<h2><span style=\"font-family: Arial; font-size: small;\"><strong><em>Non ti dimenticheremo.&#8221;\u00a0<\/em><\/strong><\/span><\/h2>\n<p>&nbsp;<\/p>\n<p>&nbsp;<\/p>\n<p>&nbsp;<\/p>\n<p>&nbsp;<\/p>\n<hr \/>\n<p>&nbsp;<\/p>\n<blockquote>\n<h3>SCIVOLA SUL GHIACCIO PER RECUPERARE UN OGGETTO, PRECIPITA E MUORE<\/h3>\n<\/blockquote>\n<p><strong><img loading=\"lazy\" decoding=\"async\" class=\"size-medium wp-image-191174 alignleft\" src=\"https:\/\/www.radiopiu.net\/wordpress\/wp-content\/uploads\/2021\/02\/82165187-fa2c-461a-b1ea-46f3e14d6767-278x300.jpg\" alt=\"\" width=\"278\" height=\"300\" srcset=\"https:\/\/www.radiopiu.net\/wordpress\/wp-content\/uploads\/2021\/02\/82165187-fa2c-461a-b1ea-46f3e14d6767-278x300.jpg 278w, https:\/\/www.radiopiu.net\/wordpress\/wp-content\/uploads\/2021\/02\/82165187-fa2c-461a-b1ea-46f3e14d6767.jpg 295w\" sizes=\"auto, (max-width: 278px) 100vw, 278px\" \/>ALANO DI PIAVE<\/strong> Attorno a mezzogiorno la Centrale del Suem \u00e8 stata allertata da un escursionista, il cui compagno era precipitato nella zona di Casera Spino<\/p>\n<p>&nbsp;<\/p>\n<p>ncia. Dalle prime informazioni, i due stavano percorrendo il sentiero Rommel, numero 849, quando l&#8217;uomo, Paolo Spagnol, 55 anni di Crocetta del Montello (TV), era uscito dall&#8217;itinerario e, nel tentativo di prendere un oggetto che gli era caduto, aveva perso l&#8217;equilibrio scivolando sul ghiaccio e precipitando, senza che l&#8217;amico riuscisse pi\u00f9 a vederlo o a sentirlo. Risaliti alle coordinate del punto in cui si trovavano al momento dell&#8217;incidente, mentre il Soccorso alpino di Feltre si preparava in supporto alle operazioni, \u00e8 decollato l&#8217;elicottero del Suem di Pieve di Cadore che ha prima individuato l&#8217;escursionista restato sul sentiero e poi rientrato autonomamente. L&#8217;eliambulanza \u00e8 poi scesa sulla verticale, rintracciando il corpo senza vita alcune centinaia di metri pi\u00f9 sotto. Ricomposta, la salma \u00e8 stata recuperata e trasportata al cimitero di Quero &#8211; Vas, in accordo con i Carabinieri.<\/p>\n<p><strong>IL DOLORE DELLA FEMCA E DELLA CISL TERRITORIALE<\/strong><\/p>\n<p><strong>BELLUNO <\/strong><span style=\"color: #000000; font-family: Helvetica;\">Immenso il dolore della Femca e della Cisl territoriale per la prematura scomparsa di Paolo Spagnol, 55 anni, di Ciano di Crocetta del Montello, delegato della Femca Cisl alla Geox, vittima quest\u2019oggi di un incidente in montagna nei pressi di Alano di Piave. Spagnol era stato eletto alle elezioni Rsu nel giugno del 2018. <\/span><span style=\"color: #000000; font-family: Helvetica;\">La Femca, unitamente alla Cisl, esprime la massima vicinanza alla famiglia di Paolo. Fatica a trovare le parole Gianni Boato, segretario generale della Federazione dell\u2019energia, della moda e della chimica. \u201c<em>Era una persona sinceramente stimata e amata da tutti &#8211; dice commosso &#8211; mite e disponibile, con una calma e una enorme dolcezza, ma fermo nei principi e nell\u2019attenzione verso il prossimo. Non sopportava ingiustizie o soprusi, era sempre schierato sempre dalla parte dei pi\u00f9 deboli, con trasparenza e lealt\u00e0<\/em>\u201d. La terribile notizia ha sconvolto i colleghi di Paolo e i delegati che lo hanno affiancato nell\u2019impegno sindacale di questi anni. Spagnol lavorava alla Geox da oltre 20 anni e nell\u2019ambito dell\u2019area marketing era coordinatore dell\u2019ufficio grafico interno.<\/span><\/p>\n<p>&nbsp;<\/p>\n<p>&nbsp;<\/p>\n<p>&nbsp;<\/p>\n<p>&nbsp;<\/p>\n<hr \/>\n<p>&nbsp;<\/p>\n<blockquote>\n<h3>HANNO FATTO SALTARE IL POSTAMAT IN PIENO CENTRO MA NON SONO RIUSCITI AD ACCEDERE AL CONTANTE<\/h3>\n<\/blockquote>\n<p><strong>LIMANA<\/strong> Come a Belluno qualche mese fa nella centrale via Vittorio Veneto anche a Limana ignoti hanno fatto saltare il postamat alle poste in piazza. I primi commenti sulla pagina facebook Sei di Limana <a class=\"oajrlxb2 g5ia77u1 qu0x051f esr5mh6w e9989ue4 r7d6kgcz rq0escxv nhd2j8a9 nc684nl6 p7hjln8o kvgmc6g5 cxmmr5t8 oygrvhab hcukyx3x jb3vyjys rz4wbd8a qt6c0cv9 a8nywdso i1ao9s8h esuyzwwr f1sip0of lzcic4wl gmql0nx0 gpro0wi8\" tabindex=\"0\" role=\"link\" href=\"https:\/\/www.facebook.com\/groups\/701577236552297\/user\/1606351133\/?__cft__[0]=AZUPZ3lQa3ksANx-92msclQZ3hSeF5ffNDgijJDM1OCAj8lOM2ZcC8fmKK9ZbxSrrcLJ4RuuVVTP8LscLZPGQ6FUavSuNk70Wq9UsFbSs8fwtBq8AKXvS03RmDMzuE3F_r5yKLZhnw2T3SPrSoec1AbHmnIkeSSs_7gZZB9_CWBiZZt2DYoSTvIoBbMRfRCUvufc8GTrB2HfRHnHgdQYvqCH&amp;__tn__=R]-R\"><span class=\"pq6dq46d\"><span class=\"d2edcug0 hpfvmrgz qv66sw1b c1et5uql rrkovp55 a8c37x1j keod5gw0 nxhoafnm aigsh9s9 d9wwppkn fe6kdd0r mau55g9w c8b282yb mdeji52x e9vueds3 j5wam9gi lrazzd5p oo9gr5id\" dir=\"auto\">Erica da Rold<\/span><\/span><\/a> Io pensavo ad una scossa di terremoto. <a class=\"oajrlxb2 g5ia77u1 qu0x051f esr5mh6w e9989ue4 r7d6kgcz rq0escxv nhd2j8a9 nc684nl6 p7hjln8o kvgmc6g5 cxmmr5t8 oygrvhab hcukyx3x jb3vyjys rz4wbd8a qt6c0cv9 a8nywdso i1ao9s8h esuyzwwr f1sip0of lzcic4wl gmql0nx0 gpro0wi8\" tabindex=\"0\" role=\"link\" href=\"https:\/\/www.facebook.com\/groups\/701577236552297\/user\/100002761903727\/?__cft__[0]=AZWeWIcuGI3p18jQiQAVIOc8yfAjwd_EI7cuna3Kt7a6-TRpKIdTJvbuq5hp_rUK7WD6rOWcAArv0eEnBjUnJyKdY_PL63Fk5DaH8JqLfLtnUetAhxIFnwUEEeK4eZoKewKxyaxRDRWEq3EGtSIh5GrznXbud7wgJSUKQ7XjILptRBINxAbkpWpUPpEIBcmTFS3DqKuZbKewY4NVLP8Af9pf&amp;__tn__=R]-R\"><span class=\"pq6dq46d\"><span class=\"d2edcug0 hpfvmrgz qv66sw1b c1et5uql rrkovp55 a8c37x1j keod5gw0 nxhoafnm aigsh9s9 d9wwppkn fe6kdd0r mau55g9w c8b282yb mdeji52x e9vueds3 j5wam9gi lrazzd5p oo9gr5id\" dir=\"auto\">Vania Dassi\u00e8<\/span><\/span><\/a>\u00a0 Hanno fatto saltare il Postamat.<a class=\"oajrlxb2 g5ia77u1 qu0x051f esr5mh6w e9989ue4 r7d6kgcz rq0escxv nhd2j8a9 nc684nl6 p7hjln8o kvgmc6g5 cxmmr5t8 oygrvhab hcukyx3x jb3vyjys rz4wbd8a qt6c0cv9 a8nywdso i1ao9s8h esuyzwwr f1sip0of lzcic4wl gmql0nx0 gpro0wi8\" tabindex=\"0\" role=\"link\" href=\"https:\/\/www.facebook.com\/groups\/701577236552297\/user\/100009017596263\/?__cft__[0]=AZWeWIcuGI3p18jQiQAVIOc8yfAjwd_EI7cuna3Kt7a6-TRpKIdTJvbuq5hp_rUK7WD6rOWcAArv0eEnBjUnJyKdY_PL63Fk5DaH8JqLfLtnUetAhxIFnwUEEeK4eZoKewKxyaxRDRWEq3EGtSIh5GrznXbud7wgJSUKQ7XjILptRBINxAbkpWpUPpEIBcmTFS3DqKuZbKewY4NVLP8Af9pf&amp;__tn__=R]-R\"><span class=\"pq6dq46d\"><span class=\"d2edcug0 hpfvmrgz qv66sw1b c1et5uql rrkovp55 a8c37x1j keod5gw0 nxhoafnm aigsh9s9 d9wwppkn fe6kdd0r mau55g9w c8b282yb mdeji52x e9vueds3 j5wam9gi lrazzd5p oo9gr5id\" dir=\"auto\"> Nerina Fratta<\/span><\/span><\/a>\u00a0 non ci sono parole per descrivere quanto \u00e8 successo <a class=\"oajrlxb2 g5ia77u1 qu0x051f esr5mh6w e9989ue4 r7d6kgcz rq0escxv nhd2j8a9 nc684nl6 p7hjln8o kvgmc6g5 cxmmr5t8 oygrvhab hcukyx3x jb3vyjys rz4wbd8a qt6c0cv9 a8nywdso i1ao9s8h esuyzwwr f1sip0of lzcic4wl gmql0nx0 gpro0wi8\" tabindex=\"0\" role=\"link\" href=\"https:\/\/www.facebook.com\/groups\/701577236552297\/user\/1280644825\/?__cft__[0]=AZVE3RNRXll4zqeNMbu11fUxYSBrPqkLeKAZ2FtUs0GqSzPigFNAohUX-mv_EvigzvUqe_kCttDOoX6R8PC5JtgD1oY-MCUyI-tyP5uur8aazqEafgW3bFl5TeUQXruuhFloVhO1Q-b9K-UV2oj3W4i8A6h6XDQ1Nd2u99REje0zqWIo6YK5eJJBO-CSrMpn9fVHdB5JJpThQmX5QnBbgDw4&amp;__tn__=R]-R\"><span class=\"pq6dq46d\"><span class=\"d2edcug0 hpfvmrgz qv66sw1b c1et5uql rrkovp55 a8c37x1j keod5gw0 nxhoafnm aigsh9s9 d9wwppkn fe6kdd0r mau55g9w c8b282yb mdeji52x e9vueds3 j5wam9gi lrazzd5p oo9gr5id\" dir=\"auto\">Carlotta Stevanin<\/span><\/span><\/a> Ma si \u00e9 sentito come uno sparo? Noi siamo di Levego ma credo si sia sentito fin quass\u00f9. <a class=\"oajrlxb2 g5ia77u1 qu0x051f esr5mh6w e9989ue4 r7d6kgcz rq0escxv nhd2j8a9 nc684nl6 p7hjln8o kvgmc6g5 cxmmr5t8 oygrvhab hcukyx3x jb3vyjys rz4wbd8a qt6c0cv9 a8nywdso i1ao9s8h esuyzwwr f1sip0of lzcic4wl gmql0nx0 gpro0wi8\" tabindex=\"0\" role=\"link\" href=\"https:\/\/www.facebook.com\/groups\/701577236552297\/user\/715358895\/?__cft__[0]=AZVE3RNRXll4zqeNMbu11fUxYSBrPqkLeKAZ2FtUs0GqSzPigFNAohUX-mv_EvigzvUqe_kCttDOoX6R8PC5JtgD1oY-MCUyI-tyP5uur8aazqEafgW3bFl5TeUQXruuhFloVhO1Q-b9K-UV2oj3W4i8A6h6XDQ1Nd2u99REje0zqWIo6YK5eJJBO-CSrMpn9fVHdB5JJpThQmX5QnBbgDw4&amp;__tn__=R]-R\"><span class=\"pq6dq46d\"><span class=\"d2edcug0 hpfvmrgz qv66sw1b c1et5uql rrkovp55 a8c37x1j keod5gw0 nxhoafnm aigsh9s9 d9wwppkn fe6kdd0r mau55g9w c8b282yb mdeji52x e9vueds3 j5wam9gi lrazzd5p oo9gr5id\" dir=\"auto\">Omar Borsato<\/span><\/span><\/a> Credo proprio che si siano mossi indisturbati anche dalla mancanza di telecamere all\u2019esterno.<\/p>\n<p>di MORENO GIOLI<\/p>\n<audio class=\"wp-audio-shortcode\" id=\"audio-190920-1\" preload=\"none\" style=\"width: 100%;\" controls=\"controls\"><source type=\"audio\/mpeg\" src=\"https:\/\/www.radiopiu.net\/wordpress\/wp-content\/uploads\/2021\/02\/MORENO-2.mp3?_=1\" \/><a href=\"https:\/\/www.radiopiu.net\/wordpress\/wp-content\/uploads\/2021\/02\/MORENO-2.mp3\">https:\/\/www.radiopiu.net\/wordpress\/wp-content\/uploads\/2021\/02\/MORENO-2.mp3<\/a><\/audio>\n\n\t\t\t<style type='text\/css'>\n\t\t\t\t#gallery-1 {\n\t\t\t\t\tmargin: auto;\n\t\t\t\t}\n\t\t\t\t#gallery-1 .gallery-item {\n\t\t\t\t\tfloat: left;\n\t\t\t\t\tmargin-top: 10px;\n\t\t\t\t\ttext-align: center;\n\t\t\t\t\twidth: 33%;\n\t\t\t\t}\n\t\t\t\t#gallery-1 img {\n\t\t\t\t\tborder: 2px solid #cfcfcf;\n\t\t\t\t}\n\t\t\t\t#gallery-1 .gallery-caption {\n\t\t\t\t\tmargin-left: 0;\n\t\t\t\t}\n\t\t\t\t\/* see gallery_shortcode() in wp-includes\/media.php *\/\n\t\t\t<\/style>\n\t\t<div id='gallery-1' class='dt-gallery-container gallery galleryid-190920 gallery-columns-3 gallery-size-thumbnail'><dl class='gallery-item'>\n\t\t\t\t<dt class='gallery-icon landscape'>\n\t\t\t\t\t<a class=\"rollover rollover-zoom dt-pswp-item\" title=\"c10f759d-7a99-4b21-a539-da7d638a5f75\" data-dt-img-description=\"\" data-large_image_width=\"1600\" data-large_image_height=\"737\"href='https:\/\/www.radiopiu.net\/wordpress\/wp-content\/uploads\/2021\/02\/c10f759d-7a99-4b21-a539-da7d638a5f75.jpg'><img loading=\"lazy\" decoding=\"async\" width=\"150\" height=\"150\" src=\"https:\/\/www.radiopiu.net\/wordpress\/wp-content\/uploads\/2021\/02\/c10f759d-7a99-4b21-a539-da7d638a5f75-150x150.jpg\" class=\"attachment-thumbnail size-thumbnail\" alt=\"\" \/><\/a>\n\t\t\t\t<\/dt><\/dl><dl class='gallery-item'>\n\t\t\t\t<dt class='gallery-icon landscape'>\n\t\t\t\t\t<a class=\"rollover rollover-zoom dt-pswp-item\" title=\"a6c6bfdf-ad73-4397-a7f2-0edfca42239c\" data-dt-img-description=\"\" data-large_image_width=\"2000\" data-large_image_height=\"922\"href='https:\/\/www.radiopiu.net\/wordpress\/wp-content\/uploads\/2021\/02\/a6c6bfdf-ad73-4397-a7f2-0edfca42239c.jpg'><img loading=\"lazy\" decoding=\"async\" width=\"150\" height=\"150\" src=\"https:\/\/www.radiopiu.net\/wordpress\/wp-content\/uploads\/2021\/02\/a6c6bfdf-ad73-4397-a7f2-0edfca42239c-150x150.jpg\" class=\"attachment-thumbnail size-thumbnail\" alt=\"\" \/><\/a>\n\t\t\t\t<\/dt><\/dl><dl class='gallery-item'>\n\t\t\t\t<dt class='gallery-icon landscape'>\n\t\t\t\t\t<a class=\"rollover rollover-zoom dt-pswp-item\" title=\"5bbbefe1-8fb0-4c7e-a579-03dbb26fa828\" data-dt-img-description=\"\" data-large_image_width=\"1600\" data-large_image_height=\"737\"href='https:\/\/www.radiopiu.net\/wordpress\/wp-content\/uploads\/2021\/02\/5bbbefe1-8fb0-4c7e-a579-03dbb26fa828.jpg'><img loading=\"lazy\" decoding=\"async\" width=\"150\" height=\"150\" src=\"https:\/\/www.radiopiu.net\/wordpress\/wp-content\/uploads\/2021\/02\/5bbbefe1-8fb0-4c7e-a579-03dbb26fa828-150x150.jpg\" class=\"attachment-thumbnail size-thumbnail\" alt=\"\" \/><\/a>\n\t\t\t\t<\/dt><\/dl><br style=\"clear: both\" \/>\n\t\t\t<\/div>\n\n<p>Dalle prime indicazioni (sul posto la Polizia di Stato della Questura di Belluno) i malviventi non sarebbe riusciti nel loro intento cio\u00e8 non sono riusciti ad accedere al contante. Come a Belluno anche in questa occasione il furto nel fine settimana con il bancomat probabilmente ben &#8220;caricato&#8221; di contanti, il botto alle 4 del mattino, ma ci penseranno gli agenti della volante e della scientifica a ricostruire l&#8217;episodio<\/p>\n<p>&nbsp;<\/p>\n<p><strong>GALLERIA FOTO\u00a0<\/strong><\/p>\n\n\t\t\t<style type='text\/css'>\n\t\t\t\t#gallery-2 {\n\t\t\t\t\tmargin: auto;\n\t\t\t\t}\n\t\t\t\t#gallery-2 .gallery-item {\n\t\t\t\t\tfloat: left;\n\t\t\t\t\tmargin-top: 10px;\n\t\t\t\t\ttext-align: center;\n\t\t\t\t\twidth: 16%;\n\t\t\t\t}\n\t\t\t\t#gallery-2 img {\n\t\t\t\t\tborder: 2px solid #cfcfcf;\n\t\t\t\t}\n\t\t\t\t#gallery-2 .gallery-caption {\n\t\t\t\t\tmargin-left: 0;\n\t\t\t\t}\n\t\t\t\t\/* see gallery_shortcode() in wp-includes\/media.php *\/\n\t\t\t<\/style>\n\t\t<div id='gallery-2' class='dt-gallery-container gallery galleryid-190920 gallery-columns-6 gallery-size-thumbnail'><dl class='gallery-item'>\n\t\t\t\t<dt class='gallery-icon landscape'>\n\t\t\t\t\t<a class=\"rollover rollover-zoom dt-pswp-item\" title=\"0c7f6138-2da5-4bf4-b336-ecc80efcc22f\" data-dt-img-description=\"\" data-large_image_width=\"1600\" data-large_image_height=\"1200\"href='https:\/\/www.radiopiu.net\/wordpress\/wp-content\/uploads\/2021\/02\/0c7f6138-2da5-4bf4-b336-ecc80efcc22f.jpg'><img loading=\"lazy\" decoding=\"async\" width=\"150\" height=\"150\" src=\"https:\/\/www.radiopiu.net\/wordpress\/wp-content\/uploads\/2021\/02\/0c7f6138-2da5-4bf4-b336-ecc80efcc22f-150x150.jpg\" class=\"attachment-thumbnail size-thumbnail\" alt=\"\" \/><\/a>\n\t\t\t\t<\/dt><\/dl><dl class='gallery-item'>\n\t\t\t\t<dt class='gallery-icon landscape'>\n\t\t\t\t\t<a class=\"rollover rollover-zoom dt-pswp-item\" title=\"5bfc5bb1-9de3-4913-8841-f24987be7b94\" data-dt-img-description=\"\" data-large_image_width=\"1600\" data-large_image_height=\"1200\"href='https:\/\/www.radiopiu.net\/wordpress\/wp-content\/uploads\/2021\/02\/5bfc5bb1-9de3-4913-8841-f24987be7b94.jpg'><img loading=\"lazy\" decoding=\"async\" width=\"150\" height=\"150\" src=\"https:\/\/www.radiopiu.net\/wordpress\/wp-content\/uploads\/2021\/02\/5bfc5bb1-9de3-4913-8841-f24987be7b94-150x150.jpg\" class=\"attachment-thumbnail size-thumbnail\" alt=\"\" \/><\/a>\n\t\t\t\t<\/dt><\/dl><dl class='gallery-item'>\n\t\t\t\t<dt class='gallery-icon landscape'>\n\t\t\t\t\t<a class=\"rollover rollover-zoom dt-pswp-item\" title=\"0e75acaa-4b35-4cdd-8acc-7abc89b7b3a5\" data-dt-img-description=\"\" data-large_image_width=\"1600\" data-large_image_height=\"1200\"href='https:\/\/www.radiopiu.net\/wordpress\/wp-content\/uploads\/2021\/02\/0e75acaa-4b35-4cdd-8acc-7abc89b7b3a5.jpg'><img loading=\"lazy\" decoding=\"async\" width=\"150\" height=\"150\" src=\"https:\/\/www.radiopiu.net\/wordpress\/wp-content\/uploads\/2021\/02\/0e75acaa-4b35-4cdd-8acc-7abc89b7b3a5-150x150.jpg\" class=\"attachment-thumbnail size-thumbnail\" alt=\"\" \/><\/a>\n\t\t\t\t<\/dt><\/dl><dl class='gallery-item'>\n\t\t\t\t<dt class='gallery-icon landscape'>\n\t\t\t\t\t<a class=\"rollover rollover-zoom dt-pswp-item\" title=\"ec6e2e3c-3e71-4565-8e0f-e375b70bc445\" data-dt-img-description=\"\" data-large_image_width=\"1600\" data-large_image_height=\"1200\"href='https:\/\/www.radiopiu.net\/wordpress\/wp-content\/uploads\/2021\/02\/ec6e2e3c-3e71-4565-8e0f-e375b70bc445.jpg'><img loading=\"lazy\" decoding=\"async\" width=\"150\" height=\"150\" src=\"https:\/\/www.radiopiu.net\/wordpress\/wp-content\/uploads\/2021\/02\/ec6e2e3c-3e71-4565-8e0f-e375b70bc445-150x150.jpg\" class=\"attachment-thumbnail size-thumbnail\" alt=\"\" \/><\/a>\n\t\t\t\t<\/dt><\/dl><dl class='gallery-item'>\n\t\t\t\t<dt class='gallery-icon landscape'>\n\t\t\t\t\t<a class=\"rollover rollover-zoom dt-pswp-item\" title=\"7cabba93-115b-4e9a-abe2-6484514b920c\" data-dt-img-description=\"\" data-large_image_width=\"1600\" data-large_image_height=\"1200\"href='https:\/\/www.radiopiu.net\/wordpress\/wp-content\/uploads\/2021\/02\/7cabba93-115b-4e9a-abe2-6484514b920c.jpg'><img loading=\"lazy\" decoding=\"async\" width=\"150\" height=\"150\" src=\"https:\/\/www.radiopiu.net\/wordpress\/wp-content\/uploads\/2021\/02\/7cabba93-115b-4e9a-abe2-6484514b920c-150x150.jpg\" class=\"attachment-thumbnail size-thumbnail\" alt=\"\" \/><\/a>\n\t\t\t\t<\/dt><\/dl><dl class='gallery-item'>\n\t\t\t\t<dt class='gallery-icon landscape'>\n\t\t\t\t\t<a class=\"rollover rollover-zoom dt-pswp-item\" title=\"49295b03-56e2-49e0-98f1-f54dc2946769\" data-dt-img-description=\"\" data-large_image_width=\"1600\" data-large_image_height=\"1200\"href='https:\/\/www.radiopiu.net\/wordpress\/wp-content\/uploads\/2021\/02\/49295b03-56e2-49e0-98f1-f54dc2946769.jpg'><img loading=\"lazy\" decoding=\"async\" width=\"150\" height=\"150\" src=\"https:\/\/www.radiopiu.net\/wordpress\/wp-content\/uploads\/2021\/02\/49295b03-56e2-49e0-98f1-f54dc2946769-150x150.jpg\" class=\"attachment-thumbnail size-thumbnail\" alt=\"\" \/><\/a>\n\t\t\t\t<\/dt><\/dl><br style=\"clear: both\" \/><dl class='gallery-item'>\n\t\t\t\t<dt class='gallery-icon landscape'>\n\t\t\t\t\t<a class=\"rollover rollover-zoom dt-pswp-item\" title=\"0fe57040-aa7e-4274-a978-673109f119c8\" data-dt-img-description=\"\" data-large_image_width=\"1600\" data-large_image_height=\"1200\"href='https:\/\/www.radiopiu.net\/wordpress\/wp-content\/uploads\/2021\/02\/0fe57040-aa7e-4274-a978-673109f119c8.jpg'><img loading=\"lazy\" decoding=\"async\" width=\"150\" height=\"150\" src=\"https:\/\/www.radiopiu.net\/wordpress\/wp-content\/uploads\/2021\/02\/0fe57040-aa7e-4274-a978-673109f119c8-150x150.jpg\" class=\"attachment-thumbnail size-thumbnail\" alt=\"\" \/><\/a>\n\t\t\t\t<\/dt><\/dl><dl class='gallery-item'>\n\t\t\t\t<dt class='gallery-icon portrait'>\n\t\t\t\t\t<a class=\"rollover rollover-zoom dt-pswp-item\" title=\"ad4f0540-d07a-4cfc-825d-d6c0b538448f\" data-dt-img-description=\"\" data-large_image_width=\"1200\" data-large_image_height=\"1600\"href='https:\/\/www.radiopiu.net\/wordpress\/wp-content\/uploads\/2021\/02\/ad4f0540-d07a-4cfc-825d-d6c0b538448f.jpg'><img loading=\"lazy\" decoding=\"async\" width=\"150\" height=\"150\" src=\"https:\/\/www.radiopiu.net\/wordpress\/wp-content\/uploads\/2021\/02\/ad4f0540-d07a-4cfc-825d-d6c0b538448f-150x150.jpg\" class=\"attachment-thumbnail size-thumbnail\" alt=\"\" \/><\/a>\n\t\t\t\t<\/dt><\/dl><dl class='gallery-item'>\n\t\t\t\t<dt class='gallery-icon landscape'>\n\t\t\t\t\t<a class=\"rollover rollover-zoom dt-pswp-item\" title=\"f04b4de5-9e9f-4b7b-b2e9-3dc251432823\" data-dt-img-description=\"\" data-large_image_width=\"1600\" data-large_image_height=\"1200\"href='https:\/\/www.radiopiu.net\/wordpress\/wp-content\/uploads\/2021\/02\/f04b4de5-9e9f-4b7b-b2e9-3dc251432823.jpg'><img loading=\"lazy\" decoding=\"async\" width=\"150\" height=\"150\" src=\"https:\/\/www.radiopiu.net\/wordpress\/wp-content\/uploads\/2021\/02\/f04b4de5-9e9f-4b7b-b2e9-3dc251432823-150x150.jpg\" class=\"attachment-thumbnail size-thumbnail\" alt=\"\" \/><\/a>\n\t\t\t\t<\/dt><\/dl><dl class='gallery-item'>\n\t\t\t\t<dt class='gallery-icon portrait'>\n\t\t\t\t\t<a class=\"rollover rollover-zoom dt-pswp-item\" title=\"d4110733-6ca0-436b-9e87-8975a4912669\" data-dt-img-description=\"\" data-large_image_width=\"1200\" data-large_image_height=\"1600\"href='https:\/\/www.radiopiu.net\/wordpress\/wp-content\/uploads\/2021\/02\/d4110733-6ca0-436b-9e87-8975a4912669.jpg'><img loading=\"lazy\" decoding=\"async\" width=\"150\" height=\"150\" src=\"https:\/\/www.radiopiu.net\/wordpress\/wp-content\/uploads\/2021\/02\/d4110733-6ca0-436b-9e87-8975a4912669-150x150.jpg\" class=\"attachment-thumbnail size-thumbnail\" alt=\"\" \/><\/a>\n\t\t\t\t<\/dt><\/dl><dl class='gallery-item'>\n\t\t\t\t<dt class='gallery-icon landscape'>\n\t\t\t\t\t<a class=\"rollover rollover-zoom dt-pswp-item\" title=\"cf625f97-a3c5-446c-a776-49e1bd4bd431\" data-dt-img-description=\"\" data-large_image_width=\"1600\" data-large_image_height=\"1200\"href='https:\/\/www.radiopiu.net\/wordpress\/wp-content\/uploads\/2021\/02\/cf625f97-a3c5-446c-a776-49e1bd4bd431.jpg'><img loading=\"lazy\" decoding=\"async\" width=\"150\" height=\"150\" src=\"https:\/\/www.radiopiu.net\/wordpress\/wp-content\/uploads\/2021\/02\/cf625f97-a3c5-446c-a776-49e1bd4bd431-150x150.jpg\" class=\"attachment-thumbnail size-thumbnail\" alt=\"\" \/><\/a>\n\t\t\t\t<\/dt><\/dl><dl class='gallery-item'>\n\t\t\t\t<dt class='gallery-icon landscape'>\n\t\t\t\t\t<a class=\"rollover rollover-zoom dt-pswp-item\" title=\"17636e96-234c-4fbc-b4ab-11999b2cf608\" data-dt-img-description=\"\" data-large_image_width=\"1600\" data-large_image_height=\"1200\"href='https:\/\/www.radiopiu.net\/wordpress\/wp-content\/uploads\/2021\/02\/17636e96-234c-4fbc-b4ab-11999b2cf608.jpg'><img loading=\"lazy\" decoding=\"async\" width=\"150\" height=\"150\" src=\"https:\/\/www.radiopiu.net\/wordpress\/wp-content\/uploads\/2021\/02\/17636e96-234c-4fbc-b4ab-11999b2cf608-150x150.jpg\" class=\"attachment-thumbnail size-thumbnail\" alt=\"\" \/><\/a>\n\t\t\t\t<\/dt><\/dl><br style=\"clear: both\" \/>\n\t\t\t<\/div>\n\n<p>&nbsp;<\/p>\n<hr \/>\n<p>&nbsp;<\/p>\n<blockquote>\n<h3>I CARABINIERI NON SI LASCIANO PRENDERE IN GIRO&#8230; E SPUNTA LA PISTOLA<\/h3>\n<\/blockquote>\n<p><strong><a class=\"dt-pswp-item\" href=\"https:\/\/www.radiopiu.net\/wordpress\/wp-content\/uploads\/2021\/02\/2b2c0110-e967-45d2-8141-c969a2ab6f9e-e1613208637842.jpg\" data-dt-img-description=\"\" data-large_image_width=\"320\" data-large_image_height=\"240\"><img loading=\"lazy\" decoding=\"async\" class=\" wp-image-191012 alignleft\" src=\"https:\/\/www.radiopiu.net\/wordpress\/wp-content\/uploads\/2021\/02\/2b2c0110-e967-45d2-8141-c969a2ab6f9e-e1613208637842-300x225.jpg\" alt=\"\" width=\"215\" height=\"161\" srcset=\"https:\/\/www.radiopiu.net\/wordpress\/wp-content\/uploads\/2021\/02\/2b2c0110-e967-45d2-8141-c969a2ab6f9e-e1613208637842-300x225.jpg 300w, https:\/\/www.radiopiu.net\/wordpress\/wp-content\/uploads\/2021\/02\/2b2c0110-e967-45d2-8141-c969a2ab6f9e-e1613208637842.jpg 320w\" sizes=\"auto, (max-width: 215px) 100vw, 215px\" \/><\/a>BELLUNO<\/strong> Quello scambio alla guida dell&#8217;auto Citroen Saxo in prossimit\u00e0 della galleria Col Cavalier ieri pomeriggio ha insospettito i Carabinieri del Norm di Belluno che stavano effettuando poco distante un posto di blocco. L&#8217;auto inchiodava, accostava a destra e il conducente passava dal lato guida a quello del passeggero. L&#8217;uomo, inoltre, si avvicinava a bordo strada fingendo un bisogno fisiologico. A questo punto gli uomini dell&#8217;Arma a 100 metri dall&#8217;auto si sono avvicinati e hanno controllato gli occupanti: tre padovani di 43, 50 e 74 anni. All&#8217;atto della perquisizione la sorpresa: una borsa con una pistola priva di tappo rosso e nessuna spiegazione circa il possesso della stessa. Cosa ci facevano i tre padovani in provincia? Lo stanno appurando i Carabinieri, il 43 enne che alla guida di San Giorgio delle Pertiche \u00e8 stato intanto denunciato, la sua patente \u00e8 stata sospesa per due anni, fino al 31 dicembre 2021.<\/p>\n<p>&nbsp;<\/p>\n<p>&nbsp;<\/p>\n<p>&nbsp;<\/p>\n<hr \/>\n<p>&nbsp;<\/p>\n<blockquote>\n<h3>ARRESTATO, DEVE SCONTARE 10 MESI IN CARCERE<\/h3>\n<\/blockquote>\n<p><strong>BELLUNO<\/strong> Ruali Gianmarco, 47 anni residente in provincia di VIcenza ma domiciliato in provincia di Belluno \u00e8 stato arrestato dai Carabinieri del Norm in collaborazione con i colleghi della stazione di Belluno. Deve scontare in carcere 10 mesi e 7 giorni di reclusione per una rapina\u00a0 commessa nel 2018 nel vicentino ai danni di una donna, si trattava del furto in un&#8217;auto.<\/p>\n<p>&nbsp;<\/p>\n<p>&nbsp;<\/p>\n<hr \/>\n<p>&nbsp;<\/p>\n<blockquote>\n<h3>SCENDONO CON GLI SCI SULLA PISTA DEGLI INNAMORATI MA SBAGLIANO STRADA E FINISCONO IN UN TORRENTELLO IN MEZZO AL BOSCO<\/h3>\n<\/blockquote>\n<p><strong>FALCADE <\/strong>Alle 17.40 circa il Soccorso alpino della Val Biois \u00e8 stato allertato per due persone illese, ma in difficolt\u00e0 sotto Passo Valles. Padre e figlio, 47 e 15 anni, di Casale sul Sile (TV), si erano fatti portare in macchina fino al Valles con l&#8217;intenzione di rientrare con gli sci da discesa a Falcade seguendo la Pista degli innamorati, che per\u00f2 in questo periodo non \u00e8 battuta. I due hanno iniziato la discesa, arrivati dove la pista fa una grande curva ben disegnata durante una normale stagione invernale, padre e figlio hanno invece proseguito dritti non distinguendo l&#8217;itinerario corretto, sono finiti in un torrentello in mezzo al bosco e, ormai prossimo il buio, hanno chiesto aiuto. Risaliti alle coordinate del luogo in cui erano bloccati, quattro soccorritori hanno iniziato la ricerca, partita per due persone con le ciaspe. Attorno alle 18.30, la squadra li ha individuati e raggiunti, per aiutarli a risalire la scarpata innevata del corso d&#8217;acqua e riprendere la pista. Stanchi e con i pesanti scarponi, i due sono stati accompagnati dai soccorritori fino ai mezzi e da l\u00ec al campeggio dove alloggiano. L&#8217;intervento si \u00e8 concluso alle 20.30.<\/p>\n<p>&nbsp;<\/p>\n<p>&nbsp;<\/p>\n<hr \/>\n<p>&nbsp;<\/p>\n<blockquote class=\"wp-embedded-content\" data-secret=\"lZW2Nki3ON\"><p><a href=\"https:\/\/www.radiopiu.net\/wordpress\/aggfeb13\/\">CORONAVIRUS: AGGIORNAMENTO NAZIONALE 13 FEBBRAIO 2021<\/a><\/p><\/blockquote>\n<p><iframe loading=\"lazy\" class=\"wp-embedded-content\" sandbox=\"allow-scripts\" security=\"restricted\" style=\"position: absolute; clip: rect(1px, 1px, 1px, 1px);\" title=\"&#8220;CORONAVIRUS: AGGIORNAMENTO NAZIONALE 13 FEBBRAIO 2021&#8221; &#8212; Radio Pi\u00f9\" src=\"https:\/\/www.radiopiu.net\/wordpress\/aggfeb13\/embed\/#?secret=lZW2Nki3ON\" data-secret=\"lZW2Nki3ON\" width=\"600\" height=\"338\" frameborder=\"0\" marginwidth=\"0\" marginheight=\"0\" scrolling=\"no\"><\/iframe><\/p>\n<p>&nbsp;<\/p>\n<hr \/>\n<p>&nbsp;<\/p>\n<blockquote class=\"wp-embedded-content\" data-secret=\"UDVwWDGyAK\"><p><a href=\"https:\/\/www.radiopiu.net\/wordpress\/in-24-ore-715-nuovi-positivi-in-veneto-ricoveri-in-ulteriore-calo-9-decessi-in-un-giorno-a-belluno-sono-23-le-nuove-positivita\/\">IN 24 ORE 715 NUOVI POSITIVI IN VENETO. RICOVERI IN ULTERIORE CALO, 9 DECESSI IN UN GIORNO. A BELLUNO SONO 23 LE NUOVE POSITIVITA&#8217;<\/a><\/p><\/blockquote>\n<p><iframe loading=\"lazy\" class=\"wp-embedded-content\" sandbox=\"allow-scripts\" security=\"restricted\" style=\"position: absolute; clip: rect(1px, 1px, 1px, 1px);\" title=\"&#8220;IN 24 ORE 715 NUOVI POSITIVI IN VENETO. RICOVERI IN ULTERIORE CALO, 9 DECESSI IN UN GIORNO. A BELLUNO SONO 23 LE NUOVE POSITIVITA&#8217;&#8221; &#8212; Radio Pi\u00f9\" src=\"https:\/\/www.radiopiu.net\/wordpress\/in-24-ore-715-nuovi-positivi-in-veneto-ricoveri-in-ulteriore-calo-9-decessi-in-un-giorno-a-belluno-sono-23-le-nuove-positivita\/embed\/#?secret=UDVwWDGyAK\" data-secret=\"UDVwWDGyAK\" width=\"600\" height=\"338\" frameborder=\"0\" marginwidth=\"0\" marginheight=\"0\" scrolling=\"no\"><\/iframe><\/p>\n<p>&nbsp;<\/p>\n<hr \/>\n<p>&nbsp;<\/p>\n<blockquote>\n<h3>I GRAFICI DI TIZIANO DE COL<\/h3>\n<\/blockquote>\n\n\t\t\t<style type='text\/css'>\n\t\t\t\t#gallery-3 {\n\t\t\t\t\tmargin: auto;\n\t\t\t\t}\n\t\t\t\t#gallery-3 .gallery-item {\n\t\t\t\t\tfloat: left;\n\t\t\t\t\tmargin-top: 10px;\n\t\t\t\t\ttext-align: center;\n\t\t\t\t\twidth: 25%;\n\t\t\t\t}\n\t\t\t\t#gallery-3 img {\n\t\t\t\t\tborder: 2px solid #cfcfcf;\n\t\t\t\t}\n\t\t\t\t#gallery-3 .gallery-caption {\n\t\t\t\t\tmargin-left: 0;\n\t\t\t\t}\n\t\t\t\t\/* see gallery_shortcode() in wp-includes\/media.php *\/\n\t\t\t<\/style>\n\t\t<div id='gallery-3' class='dt-gallery-container gallery galleryid-190920 gallery-columns-4 gallery-size-medium'><dl class='gallery-item'>\n\t\t\t\t<dt class='gallery-icon landscape'>\n\t\t\t\t\t<a class=\"rollover rollover-zoom dt-pswp-item\" title=\"e37be5e9-ffdf-420d-a83e-bf73c3cf2bc5\" data-dt-img-description=\"\" data-large_image_width=\"611\" data-large_image_height=\"372\"href='https:\/\/www.radiopiu.net\/wordpress\/wp-content\/uploads\/2021\/02\/e37be5e9-ffdf-420d-a83e-bf73c3cf2bc5.jpg'><img loading=\"lazy\" decoding=\"async\" width=\"300\" height=\"183\" src=\"https:\/\/www.radiopiu.net\/wordpress\/wp-content\/uploads\/2021\/02\/e37be5e9-ffdf-420d-a83e-bf73c3cf2bc5-300x183.jpg\" class=\"attachment-medium size-medium\" alt=\"\" srcset=\"https:\/\/www.radiopiu.net\/wordpress\/wp-content\/uploads\/2021\/02\/e37be5e9-ffdf-420d-a83e-bf73c3cf2bc5-300x183.jpg 300w, https:\/\/www.radiopiu.net\/wordpress\/wp-content\/uploads\/2021\/02\/e37be5e9-ffdf-420d-a83e-bf73c3cf2bc5.jpg 611w\" sizes=\"auto, (max-width: 300px) 100vw, 300px\" \/><\/a>\n\t\t\t\t<\/dt><\/dl><dl class='gallery-item'>\n\t\t\t\t<dt class='gallery-icon landscape'>\n\t\t\t\t\t<a class=\"rollover rollover-zoom dt-pswp-item\" title=\"01aef02b-ac9b-433e-88fd-6f7e7b785f3e\" data-dt-img-description=\"\" data-large_image_width=\"620\" data-large_image_height=\"362\"href='https:\/\/www.radiopiu.net\/wordpress\/wp-content\/uploads\/2021\/02\/01aef02b-ac9b-433e-88fd-6f7e7b785f3e.jpg'><img loading=\"lazy\" decoding=\"async\" width=\"300\" height=\"175\" src=\"https:\/\/www.radiopiu.net\/wordpress\/wp-content\/uploads\/2021\/02\/01aef02b-ac9b-433e-88fd-6f7e7b785f3e-300x175.jpg\" class=\"attachment-medium size-medium\" alt=\"\" srcset=\"https:\/\/www.radiopiu.net\/wordpress\/wp-content\/uploads\/2021\/02\/01aef02b-ac9b-433e-88fd-6f7e7b785f3e-300x175.jpg 300w, https:\/\/www.radiopiu.net\/wordpress\/wp-content\/uploads\/2021\/02\/01aef02b-ac9b-433e-88fd-6f7e7b785f3e.jpg 620w\" sizes=\"auto, (max-width: 300px) 100vw, 300px\" \/><\/a>\n\t\t\t\t<\/dt><\/dl><dl class='gallery-item'>\n\t\t\t\t<dt class='gallery-icon landscape'>\n\t\t\t\t\t<a class=\"rollover rollover-zoom dt-pswp-item\" title=\"64e05530-936a-4c97-9555-0f3d27a1ed05\" data-dt-img-description=\"\" data-large_image_width=\"602\" data-large_image_height=\"361\"href='https:\/\/www.radiopiu.net\/wordpress\/wp-content\/uploads\/2021\/02\/64e05530-936a-4c97-9555-0f3d27a1ed05.jpg'><img loading=\"lazy\" decoding=\"async\" width=\"300\" height=\"180\" src=\"https:\/\/www.radiopiu.net\/wordpress\/wp-content\/uploads\/2021\/02\/64e05530-936a-4c97-9555-0f3d27a1ed05-300x180.jpg\" class=\"attachment-medium size-medium\" alt=\"\" srcset=\"https:\/\/www.radiopiu.net\/wordpress\/wp-content\/uploads\/2021\/02\/64e05530-936a-4c97-9555-0f3d27a1ed05-300x180.jpg 300w, https:\/\/www.radiopiu.net\/wordpress\/wp-content\/uploads\/2021\/02\/64e05530-936a-4c97-9555-0f3d27a1ed05.jpg 602w\" sizes=\"auto, (max-width: 300px) 100vw, 300px\" \/><\/a>\n\t\t\t\t<\/dt><\/dl><dl class='gallery-item'>\n\t\t\t\t<dt class='gallery-icon landscape'>\n\t\t\t\t\t<a class=\"rollover rollover-zoom dt-pswp-item\" title=\"d47c99ba-0ed3-4532-a291-71785c42d339\" data-dt-img-description=\"\" data-large_image_width=\"612\" data-large_image_height=\"360\"href='https:\/\/www.radiopiu.net\/wordpress\/wp-content\/uploads\/2021\/02\/d47c99ba-0ed3-4532-a291-71785c42d339-1.jpg'><img loading=\"lazy\" decoding=\"async\" width=\"300\" height=\"176\" src=\"https:\/\/www.radiopiu.net\/wordpress\/wp-content\/uploads\/2021\/02\/d47c99ba-0ed3-4532-a291-71785c42d339-1-300x176.jpg\" class=\"attachment-medium size-medium\" alt=\"\" srcset=\"https:\/\/www.radiopiu.net\/wordpress\/wp-content\/uploads\/2021\/02\/d47c99ba-0ed3-4532-a291-71785c42d339-1-300x176.jpg 300w, https:\/\/www.radiopiu.net\/wordpress\/wp-content\/uploads\/2021\/02\/d47c99ba-0ed3-4532-a291-71785c42d339-1.jpg 612w\" sizes=\"auto, (max-width: 300px) 100vw, 300px\" \/><\/a>\n\t\t\t\t<\/dt><\/dl><br style=\"clear: both\" \/>\n\t\t\t<\/div>\n\n<p>&nbsp;<\/p>\n<hr \/>\n<p>&nbsp;<\/p>\n<blockquote>\n<h3>&#8220;Sei stato fortunato ti abbiamo tirato fuori per i capelli&#8221; IL MIO GRAZIE AI MEDICI<\/h3>\n<\/blockquote>\n<p><span style=\"font-size: x-large;\"><b><i>Cara Radio Pi\u00f9&#8230;<\/i><\/b><\/span><\/p>\n<p><strong><em><span style=\"font-size: x-large;\">Ti voglio raccontare la mia triste esperienza.<\/span><\/em><\/strong><\/p>\n<p><strong><em><span style=\"font-size: x-large;\"><img loading=\"lazy\" decoding=\"async\" class=\"alignleft\" src=\"https:\/\/www.radiopiu.net\/wordpress\/wp-content\/uploads\/2018\/08\/ULSS1-DOLOMITI.jpeg\" width=\"396\" height=\"238\" \/>Era il 17 dicembre 2020, pronto per preparare la celebrazione delle feste natalizie, come sempre in famiglia con serenit\u00e0. Ecco che si fanno sentire i primi sintomi ai quali non ho dato tanto peso. Via via diventavano sempre pi\u00f9 preoccupanti fino a che, subito dopo Natale, il ricovero urgente presso il Reparto Covid in Pneumologia a Belluno. Questa emergenza ha completamente stravolto la mia vita. Chiuso in una stanza, senza finestre, in isolamento e sottoposto a continue terapie antibiotiche che mi hanno sfinito. E\u2019 stato un periodo difficile e terribile. Alla fine ne sono uscito. \u201c\u201d Sei stato fortunato ti abbiamo tirato fuori per i capelli\u201d\u201d mi hanno detto i medici ( che ringrazio). <\/span><\/em><\/strong><\/p>\n<p><strong><em><span style=\"font-size: x-large;\">Dal 17 gennaio 2021 sono a casa, piano piano mi sto riprendendo ( ascoltando la radio Pi\u00f9) anche se \u00e8 dura\u00a0 la ripresa. In questi momenti ho capito chi davvero mi vuole bene, chi si \u00e8 continuamente interessato di come stavo e mi ha dato forza anche solo con un semplice messaggio o una chiamata. Cose apparentemente banali che per\u00f2 in quei momenti significavano molto. Per quanto riguarda me stesso ho scoperto di saper gestire situazioni molto complicate dalle quali non avrei mai pensato di farcela a uscire. Ho avuto conferma del mio carattere forte che, in\u00a0 un un bruttissimo momento vissuto mi ha aiutato a non cedere e a sperare in bene andando avanti senza farmi vincere dall\u2019ansia.\u00a0<\/span><\/em><\/strong><\/p>\n<p>&nbsp;<\/p>\n<p>&nbsp;<\/p>\n<hr \/>\n<p>&nbsp;<\/p>\n<blockquote>\n<h3>SOLIDARIETA&#8217; COVID: PER TRAMITE DELLA PROVINCIA DONATE 50 GIACCHE TECNICHE AGLI OPERATORI DELLA SANITA&#8217;<\/h3>\n<\/blockquote>\n<p><strong><a href=\"https:\/\/www.radiopiu.net\/wordpress\/solidarieta-covid-per-tramite-della-provincia-donate-50-giacche-tecniche-agli-operatori-della-sanita\/img_8838\/\" rel=\"attachment wp-att-191029\"><img loading=\"lazy\" decoding=\"async\" class=\"size-medium wp-image-191029 alignleft\" src=\"https:\/\/www.radiopiu.net\/wordpress\/wp-content\/uploads\/2021\/02\/IMG_8838-300x225.jpg\" alt=\"\" width=\"300\" height=\"225\" srcset=\"https:\/\/www.radiopiu.net\/wordpress\/wp-content\/uploads\/2021\/02\/IMG_8838-300x225.jpg 300w, https:\/\/www.radiopiu.net\/wordpress\/wp-content\/uploads\/2021\/02\/IMG_8838-1024x768.jpg 1024w, https:\/\/www.radiopiu.net\/wordpress\/wp-content\/uploads\/2021\/02\/IMG_8838-768x576.jpg 768w, https:\/\/www.radiopiu.net\/wordpress\/wp-content\/uploads\/2021\/02\/IMG_8838-1536x1152.jpg 1536w, https:\/\/www.radiopiu.net\/wordpress\/wp-content\/uploads\/2021\/02\/IMG_8838.jpg 2016w\" sizes=\"auto, (max-width: 300px) 100vw, 300px\" \/><\/a>BELLUNO <\/strong><span class=\"s1\">Gli operatori dei drive in tamponi e dei punti vaccinali dell\u2019Ulss 1 Dolomiti hanno un alleato contro il freddo pungente dell\u2019inverno bellunese. Nei giorni scorsi infatti l\u2019azienda sanitaria ha ricevuto una donazione di 50 giacche tecniche da parte di Dolomiti Strade, impresa dell\u2019Alpago attiva nel settore dell\u2019edilizia e dell\u2019ingegneria ambientale. A fare da tramite, la Provincia di Belluno <\/span><span class=\"s1\">\u00ab<em>Christian Chinol e Francesca Bona, i due imprenditori di Dolomiti Strade, si sono presentati da noi chiedendo come avrebbero potuto essere utili alla collettivit\u00e0 in questo momento difficile. \u00c8 bastata una chiacchierata con il dottor Sandro Cinquetti, direttore del Dipartimento di Prevenzione, per intercettare una necessit\u00e0 dell\u2019Ulss &#8211; spiega il presidente della Provincia, Roberto Padrin -. In questo inverno gelido \u00e8 doveroso dare un aiuto alle donne e agli uomini che presidiano i drive in vaccinali e i drive in tamponi. E anche a tutti gli altri operatori che lavorano all\u2019esterno. Ringraziamo i donatori e i nostri medici e infermieri: \u00e8 soprattutto grazie al loro impegno quotidiano se possiamo guardare con ottimismo il ritorno in \u201cfascia gialla\u201d. Proprio per rispetto del loro lavoro, non dobbiamo abbassare la guardia<\/em>\u00bb. <\/span><span class=\"s1\">\u00ab<em>Ringraziamo tutti gli operatori della sanit\u00e0 e anche i volontari che in questi lunghi mesi di pandemia hanno dato una mano ai drive-in tamponi e ai punti vaccinali &#8211; aggiunge il consigliere provinciale delegato alla Protezione Civile, Massimo Bortoluzzi -. Le donne e gli uomini della Protezione Civile fin da marzo hanno collaborato per la gestione dell\u2019emergenza, a dimostrazione del fatto che senza il mondo del volontariato si faticherebbe a fare molte cose. Grazie anche alla generosit\u00e0 che ancora una volta contraddistingue i bellunesi<\/em>\u00bb. <\/span><span class=\"s1\">Le giacche sono state consegnate nei giorni scorsi. Chinol e Bona le hanno portate direttamente al dottor Cinquetti e al direttore sanitario, il dottor Giovanni Maria Pittoni. \u00ab<em>Siamo grati ai donatori &#8211; il commento del dottor Pittoni -. La vicinanza del territorio e gesti di tale genere sono importanti per noi\u00bb. <a href=\"https:\/\/www.radiopiu.net\/wordpress\/solidarieta-covid-per-tramite-della-provincia-donate-50-giacche-tecniche-agli-operatori-della-sanita\/img_8842\/\" rel=\"attachment wp-att-191030\"><img loading=\"lazy\" decoding=\"async\" class=\"size-medium wp-image-191030 alignright\" src=\"https:\/\/www.radiopiu.net\/wordpress\/wp-content\/uploads\/2021\/02\/IMG_8842-300x225.jpg\" alt=\"\" width=\"300\" height=\"225\" srcset=\"https:\/\/www.radiopiu.net\/wordpress\/wp-content\/uploads\/2021\/02\/IMG_8842-300x225.jpg 300w, https:\/\/www.radiopiu.net\/wordpress\/wp-content\/uploads\/2021\/02\/IMG_8842-1024x768.jpg 1024w, https:\/\/www.radiopiu.net\/wordpress\/wp-content\/uploads\/2021\/02\/IMG_8842-768x576.jpg 768w, https:\/\/www.radiopiu.net\/wordpress\/wp-content\/uploads\/2021\/02\/IMG_8842-1536x1152.jpg 1536w, https:\/\/www.radiopiu.net\/wordpress\/wp-content\/uploads\/2021\/02\/IMG_8842.jpg 2016w\" sizes=\"auto, (max-width: 300px) 100vw, 300px\" \/><\/a>\u00abQuesto capo tecnico cambia e migliora di molto il confort dei nostri operatori &#8211; sottolinea il dottor Cinquetti -. Abbiamo avuto giornate a -10\/-12\u00b0C e l\u2019inverno \u00e8 ancora lungo, soprattutto nelle zone della montagna bellunese, dove continueranno a lavorare i nostri operatori, che abbiamo soprannominato \u201cgli atleti della salute<\/em>\u201d\u00bb. <\/span><span class=\"s1\">Soddisfatti anche i donatori, che spiegano cos\u00ec il loro gesto solidale: \u00ab<em>Lavoriamo sul territorio e sappiamo perfettamente quanto \u00e8 importante il lavoro del sistema della sanit\u00e0 &#8211; affermano Christian Chinol e Francesca Bona -. Abbiamo ricevuto il ringraziamento dell\u2019azienda sanitaria, ma siamo noi che ringraziamo chi sta lavorando indefessamente da mesi per proteggere e curare la nostra comunit\u00e0<\/em>\u00bb.<\/span><\/p>\n<p>&nbsp;<\/p>\n<p>&nbsp;<\/p>\n<p>&nbsp;<\/p>\n<p>&nbsp;<\/p>\n<hr \/>\n<p>&nbsp;<\/p>\n<h2><span style=\"color: #ff0000;\"><strong>STAGIONE DELLE SCI&#8230; DAL 17 FEBBRAIO\u00a0<\/strong><\/span><\/h2>\n<blockquote>\n<h3>PRESIDENTE ZAIA FIRMA ORDINANZA CHE REGOLAMENTA APERTURA IMPIANTI E PISTE DA SCI, \u201cINVITO TUTTI AL RIGOROSO RISPETTO DELLE LINEE GUIDA\u201d<\/h3>\n<\/blockquote>\n<p><strong><a href=\"https:\/\/www.radiopiu.net\/wordpress\/giornale-radiopiu-12-aprile-2018-direttore-mirko-mezzacasa\/impianti-alleghe-funivie\/\" rel=\"attachment wp-att-46376\"><img loading=\"lazy\" decoding=\"async\" class=\"size-medium wp-image-46376 alignleft\" src=\"https:\/\/www.radiopiu.net\/wordpress\/wp-content\/uploads\/2018\/04\/impianti-alleghe-funivie-300x169.jpg\" alt=\"\" width=\"300\" height=\"169\" srcset=\"https:\/\/www.radiopiu.net\/wordpress\/wp-content\/uploads\/2018\/04\/impianti-alleghe-funivie-300x169.jpg 300w, https:\/\/www.radiopiu.net\/wordpress\/wp-content\/uploads\/2018\/04\/impianti-alleghe-funivie.jpg 550w\" sizes=\"auto, (max-width: 300px) 100vw, 300px\" \/><\/a>VENEZIA <\/strong>Il Presidente della Regione del Veneto, Luca Zaia, ha firmato in data odierna l\u2019ordinanza che regolamenta l\u2019apertura degli impianti e delle piste da sci. L\u2019ordinanza d\u00e0 attuazione alle linee guida nazionali fissando nel 30 per cento il numero massimo di posti disponibili sugli impianti pi\u00f9 altre norme comportamentali. \u201c<em>Questo provvedimento \u2013 sottolinea il Presidente &#8211; arriva mentre il virus \u00e8 ancora tra noi e l\u2019emergenza richiede ancora di tenere alta la guardia. Richiamo tutti al rigoroso rispetto delle linee guida e alla sobriet\u00e0 e correttezza dei comportamenti. Ne va non soltanto della salute pubblica, ma anche dello stesso comparto che tanto ha sofferto economicamente per la prolungata chiusura e che soltanto i nostri comportamenti corretti consentiranno di tenere attivo, limitando i sensibili danni che sono gi\u00e0 evidenti<\/em>\u201d.<\/p>\n<p><a href=\"https:\/\/www.radiopiu.net\/wordpress\/giornale-radiopiu-13-giugno-2020-direttore-mirko-mezzacasa\/federico-caner-conf-stampa-2\/\" rel=\"attachment wp-att-143995\"><img loading=\"lazy\" decoding=\"async\" class=\"size-medium wp-image-143995 alignright\" src=\"https:\/\/www.radiopiu.net\/wordpress\/wp-content\/uploads\/2020\/06\/FEDERICO-CANER-conf.-stampa-2-300x225.jpg\" alt=\"\" width=\"300\" height=\"225\" srcset=\"https:\/\/www.radiopiu.net\/wordpress\/wp-content\/uploads\/2020\/06\/FEDERICO-CANER-conf.-stampa-2-300x225.jpg 300w, https:\/\/www.radiopiu.net\/wordpress\/wp-content\/uploads\/2020\/06\/FEDERICO-CANER-conf.-stampa-2-1024x768.jpg 1024w, https:\/\/www.radiopiu.net\/wordpress\/wp-content\/uploads\/2020\/06\/FEDERICO-CANER-conf.-stampa-2-768x576.jpg 768w, https:\/\/www.radiopiu.net\/wordpress\/wp-content\/uploads\/2020\/06\/FEDERICO-CANER-conf.-stampa-2-1536x1152.jpg 1536w, https:\/\/www.radiopiu.net\/wordpress\/wp-content\/uploads\/2020\/06\/FEDERICO-CANER-conf.-stampa-2.jpg 1600w\" sizes=\"auto, (max-width: 300px) 100vw, 300px\" \/><\/a>\u201c<em>Si tratta di un segnale molto importante sotto il profilo della ripartenza. Un\u2019iniezione di fiducia di cui il mondo del turismo e della ricettivit\u00e0 hanno un gran bisogno e un\u2019attenzione importante nei confronti delle maestranze che attendono di poter tornare a lavorare. Questa ordinanza \u00e8 anche un atto di fiducia che facciamo nei confronti dei cittadini. Sciare s\u00ec, ma \u00e8 necessario farlo con la testa perch\u00e9 il rischio di nuove chiusure \u00e8 dietro l\u2019angolo. Va chiarito fin da ora che se ci dovessero essere dei comportamenti non idonei o non in linea con il contrasto al virus ci sar\u00e0 un nuovo stop senza se e senza ma<\/em>\u201d. Questo il commento dell\u2019assessore al turismo della Regione Veneto, Federico Caner, all\u2019ordinanza emessa dal Presidente del Veneto Luca Zaia, che sottolinea: \u201d<em>E\u2019 chiaro che ripartire il 17 febbraio per gli operatori della montagna significa aver gi\u00e0 perso buona parte della stagione,\u00a0 l\u2019auspicio \u00e8 che al pi\u00f9 presto possa finalmente essere emanato il decreto per ristorare queste attivit\u00e0 e pi\u00f9 il generale le imprese del settore turistico<\/em>\u201d.<\/p>\n<p><strong>L&#8217;ORDINANZA REGIONALE, pagine 10<\/strong><\/p>\n<a href=\"https:\/\/www.radiopiu.net\/wordpress\/wp-content\/uploads\/2021\/02\/223-2021-A-Opgr-15_2021_modA-1-1.pdf\" class=\"pdfemb-viewer\" style=\"\" data-width=\"max\" data-height=\"max\" data-toolbar=\"top\" data-toolbar-fixed=\"on\">223-2021 (A) Opgr 15_2021_modA (1)<\/a>\n<p>&nbsp;<\/p>\n<p><strong>LE LINEE GUIDA pagine 10<\/strong><\/p>\n<a href=\"https:\/\/www.radiopiu.net\/wordpress\/wp-content\/uploads\/2021\/02\/223-2021-B-OPGR_015_2021_Allegato_A-1.pdf\" class=\"pdfemb-viewer\" style=\"\" data-width=\"max\" data-height=\"max\" data-toolbar=\"top\" data-toolbar-fixed=\"on\">223-2021 (B) OPGR_015_2021_Allegato_A (1)<\/a>\n<p>&nbsp;<\/p>\n<p>&nbsp;<\/p>\n<hr \/>\n<p>&nbsp;<\/p>\n<blockquote>\n<h3 dir=\"auto\">MINELLA ANEF: BENE PER LA MONTAGNA ORA SI PENSI AI RISTORI<\/h3>\n<\/blockquote>\n<p><strong><a href=\"https:\/\/www.radiopiu.net\/wordpress\/giornale-radiopiu-14-febbraio-2021-direttore-mirko-mezzacasa\/renzo-minella-10\/\" rel=\"attachment wp-att-191135\"><img loading=\"lazy\" decoding=\"async\" class=\"size-medium wp-image-191135 alignleft\" src=\"https:\/\/www.radiopiu.net\/wordpress\/wp-content\/uploads\/2021\/02\/RENZO-MINELLA-300x200.jpg\" alt=\"\" width=\"300\" height=\"200\" srcset=\"https:\/\/www.radiopiu.net\/wordpress\/wp-content\/uploads\/2021\/02\/RENZO-MINELLA-300x200.jpg 300w, https:\/\/www.radiopiu.net\/wordpress\/wp-content\/uploads\/2021\/02\/RENZO-MINELLA-768x512.jpg 768w, https:\/\/www.radiopiu.net\/wordpress\/wp-content\/uploads\/2021\/02\/RENZO-MINELLA.jpg 1024w\" sizes=\"auto, (max-width: 300px) 100vw, 300px\" \/><\/a>BELLUNO<\/strong> &#8220;L&#8217;ordinanza del presidente della Regione Veneto Luca Zaia in merito alla riapertura degli impianti sciistici, prevista per il 17 febbraio, sigla l&#8217;importante lavoro condotto in questi mesi dalla Regione, dall&#8217;assessore Caner e dall&#8217;assessore Lanzarin, insieme ad Anef e agli altri interlocutori del settore -afferma Renzo Minella, presidente Anef Veneto -. Si tratta di un passo determinante per l&#8217;economia del nostro territorio e per tutti i soggetti che lavorano nel settore turismo, a partire dai nostri collaboratori sino agli albergatori e a quanti operano per garantire ogni tipo di servizio a turisti e appassionati. Adesso \u00e8 fondamentale che si agisca anche per assicurare i Ristori che servono a garantire il prosieguo delle nostre attivit\u00e0 e in particolare la prossima stagione estiva e invernale. Per noi impiantisti \u00e8 fondamentale guardare anche al futuro, per poter continuare ad assicurare il massimo standard qualitativo ai turisti italiani e stranieri e agli appassionati della montagna che sceglieranno i nostri comprensori. Invitiamo ora tutti quanti a fare la propria parte nel rispettare le regole, le distanze previste e tutti gli accorgimenti necessari. Amare la montagna e lo sci significa anche avere rispetto degli altri e del bene pi\u00f9 prezioso, la nostra salute&#8221;.<\/p>\n<p>&nbsp;<\/p>\n<p>&nbsp;<\/p>\n<hr \/>\n<p>&nbsp;<\/p>\n<blockquote>\n<h3>DARIO BOND E IL BANDO SUL DIRETTORE DELLA FONDAZIONE UNESCO<\/h3>\n<\/blockquote>\n<p><strong><a href=\"https:\/\/www.radiopiu.net\/wordpress\/dario-bond-e-il-bando-sul-direttore-della-fondazione-unesco\/dario-bond-12\/\" rel=\"attachment wp-att-191054\"><img loading=\"lazy\" decoding=\"async\" class=\"size-medium wp-image-191054 alignleft\" src=\"https:\/\/www.radiopiu.net\/wordpress\/wp-content\/uploads\/2021\/02\/DARIO-BOND-300x138.jpg\" alt=\"\" width=\"300\" height=\"138\" srcset=\"https:\/\/www.radiopiu.net\/wordpress\/wp-content\/uploads\/2021\/02\/DARIO-BOND-300x138.jpg 300w, https:\/\/www.radiopiu.net\/wordpress\/wp-content\/uploads\/2021\/02\/DARIO-BOND-1024x472.jpg 1024w, https:\/\/www.radiopiu.net\/wordpress\/wp-content\/uploads\/2021\/02\/DARIO-BOND-768x354.jpg 768w, https:\/\/www.radiopiu.net\/wordpress\/wp-content\/uploads\/2021\/02\/DARIO-BOND-1536x708.jpg 1536w, https:\/\/www.radiopiu.net\/wordpress\/wp-content\/uploads\/2021\/02\/DARIO-BOND.jpg 1600w\" sizes=\"auto, (max-width: 300px) 100vw, 300px\" \/><\/a>BELLUNO<\/strong><\/p>\n<p>di Moreno Gioli<\/p>\n<audio class=\"wp-audio-shortcode\" id=\"audio-190920-2\" preload=\"none\" style=\"width: 100%;\" controls=\"controls\"><source type=\"audio\/mpeg\" src=\"https:\/\/www.radiopiu.net\/wordpress\/wp-content\/uploads\/2021\/02\/GIOLI-BOND.mp3?_=2\" \/><a href=\"https:\/\/www.radiopiu.net\/wordpress\/wp-content\/uploads\/2021\/02\/GIOLI-BOND.mp3\">https:\/\/www.radiopiu.net\/wordpress\/wp-content\/uploads\/2021\/02\/GIOLI-BOND.mp3<\/a><\/audio>\n<p><strong>LE PAROLE DI DARIO BOND<\/strong><\/p>\n<audio class=\"wp-audio-shortcode\" id=\"audio-190920-3\" preload=\"none\" style=\"width: 100%;\" controls=\"controls\"><source type=\"audio\/mpeg\" src=\"https:\/\/www.radiopiu.net\/wordpress\/wp-content\/uploads\/2021\/02\/BOND-UNESCO-GIOLI.mp3?_=3\" \/><a href=\"https:\/\/www.radiopiu.net\/wordpress\/wp-content\/uploads\/2021\/02\/BOND-UNESCO-GIOLI.mp3\">https:\/\/www.radiopiu.net\/wordpress\/wp-content\/uploads\/2021\/02\/BOND-UNESCO-GIOLI.mp3<\/a><\/audio>\n<p>&nbsp;<\/p>\n<hr \/>\n<p>&nbsp;<\/p>\n<blockquote>\n<h3>DUE TRICHIANESI INSIEME AL GOVERNO<\/h3>\n<\/blockquote>\n<p><strong><a href=\"https:\/\/www.radiopiu.net\/wordpress\/nel-governo-draghi-due-ministri-bellunesi-franco-e-dinca-ok\/16692f45-1849-4478-8f62-ca843a9dae59\/\" rel=\"attachment wp-att-190894\"><img loading=\"lazy\" decoding=\"async\" class=\"size-medium wp-image-190894 alignleft\" src=\"https:\/\/www.radiopiu.net\/wordpress\/wp-content\/uploads\/2021\/02\/16692f45-1849-4478-8f62-ca843a9dae59-300x300.jpg\" alt=\"\" width=\"300\" height=\"300\" srcset=\"https:\/\/www.radiopiu.net\/wordpress\/wp-content\/uploads\/2021\/02\/16692f45-1849-4478-8f62-ca843a9dae59-300x300.jpg 300w, https:\/\/www.radiopiu.net\/wordpress\/wp-content\/uploads\/2021\/02\/16692f45-1849-4478-8f62-ca843a9dae59.jpg 1024w, https:\/\/www.radiopiu.net\/wordpress\/wp-content\/uploads\/2021\/02\/16692f45-1849-4478-8f62-ca843a9dae59-150x150.jpg 150w, https:\/\/www.radiopiu.net\/wordpress\/wp-content\/uploads\/2021\/02\/16692f45-1849-4478-8f62-ca843a9dae59-768x768.jpg 768w\" sizes=\"auto, (max-width: 300px) 100vw, 300px\" \/><\/a>di Dino Bridda<\/strong><\/p>\n<p>Trichiana \u00e8 il paese pi\u00f9\u2026 governativo della provincia di Belluno, grazie alla presenza nel Governo Draghi di Daniele Franco e del confermato Federico D\u2019Inc\u00e0, entrambi nati col\u00e0. Si rafforza cos\u00ec la partecipazione di bellunesi di nascita o di adozione che hanno assunto incarichi di governo. In epoca repubblicana Franco e D\u2019Inc\u00e0 sono stati preceduti da Bruno Villabruna di S. Giustina, eletto in Piemonte per il Pli del quale fu anche segretario nazionale (1948-54), Ministro dell\u2019Industria e del Commercio nel governo Scelba (1954), poi segretario nazionale del ricostituito Partito Radicale (1955-62); Giulio Tremonti (Forza Italia, poi Popolo della libert\u00e0), di famiglia di Lorenzago di Cadore, eletto in Lombardia, Ministro dell\u2019Economia nel 2\u00b0, 3\u00b0 e 4\u00b0 governo Berlusconi; Tomaso Padoa Schioppa, di famiglia non bellunese ma nato a Belluno, Ministro tecnico dell\u2019Economia e Finanze nel 2\u00b0 governo Prodi. Va poi ricordato che Aldo Brancher (Forza Italia, poi Popolo della libert\u00e0), designato Ministro per l\u2019attuazione del federalismo, si dimise subito per eccezione di ineleggibilit\u00e0 in quanto indagato. Originario di Sospirolo, eletto a Verona, egli fu sottosegretario nel 2\u00b0, 3\u00b0 e 4\u00b0 governo Berlusconi. A proposito di sottosegretari questi gli altri bellunesi: il dc Arnaldo Colleselli all&#8217;Agricoltura nel 2\u00b0 governo Leone e nel 1\u00b0 e 2\u00b0 Rumor; il dc Leandro Fusaro al Turismo nel 1\u00b0 gabinetto Cossiga; Dino Riva (Psdi) al Lavoro (5\u00b0 Andreotti), alla presidenza del Consiglio con delega alla Ricerca scientifica (1\u00b0 Cossiga) e ai Trasporti (1\u00b0 e 2\u00b0 Spadolini); Paolo De Paoli (Psdi) al Tesoro nel governo Ciampi; il popolare (poi Ulivo, Pd, Svp) Gianclaudio Bressa alla presidenza del Consiglio nel 1\u00b0 gabinetto D&#8217;Alema e nel 2\u00b0 Amato, agli Affari regionali nel 1\u00b0 Renzi e alle Autonomie speciali e minoranze linguistiche nel 1\u00b0 Gentiloni. Gi\u00e0 nel Regno d\u2019Italia altri incarichi governativi interessarono Guido Fusinato, figlio del poeta Arnaldo di origine arsedese, ministro della Pubblica Istruzione nel 3\u00b0 governo Giolitti (1906), ma prima sottosegretario agli Esteri nel 2\u00b0 gabinetto Giolitti (1903) e nel governo Fortis (1905); il generale Luigi Segato, nato a Belluno, sottosegretario al Ministero della Guerra (1908); Ernesto Pietriboni, veneziano trapiantato a Belluno, sottosegretario del nuovo Ministero delle Terre Liberate nel governo Orlando (1917-19), poi sottosegretario al Ministero delle Poste e Telegrafi nel governo Nitti (1919-20) e infine segretario nazionale del Partito Radicale\u00a0\u00a0prima dello scioglimento imposto dal regime fascista.<\/p>\n<p>&nbsp;<\/p>\n<p>&nbsp;<\/p>\n<hr \/>\n<p>&nbsp;<\/p>\n<blockquote>\n<h3>IL DOTTOR MASSIMO COSTA E L&#8217;AMICIZIA CON IL NEO MINISTRO DELL&#8217;ECONOMIA DANIELE FRANCO<\/h3>\n<\/blockquote>\n<p><strong><a href=\"https:\/\/www.radiopiu.net\/wordpress\/il-dottor-massimo-costa-e-lamicizia-con-il-neo-ministro-delleconomia-daniele-franco\/daniele-franco-sole-24-ore\/\" rel=\"attachment wp-att-191077\"><img loading=\"lazy\" decoding=\"async\" class=\"size-medium wp-image-191077 alignleft\" src=\"https:\/\/www.radiopiu.net\/wordpress\/wp-content\/uploads\/2021\/02\/DANIELE-FRANCO-SOLE-24-ORE-300x192.png\" alt=\"\" width=\"300\" height=\"192\" srcset=\"https:\/\/www.radiopiu.net\/wordpress\/wp-content\/uploads\/2021\/02\/DANIELE-FRANCO-SOLE-24-ORE-300x192.png 300w, https:\/\/www.radiopiu.net\/wordpress\/wp-content\/uploads\/2021\/02\/DANIELE-FRANCO-SOLE-24-ORE-768x491.png 768w, https:\/\/www.radiopiu.net\/wordpress\/wp-content\/uploads\/2021\/02\/DANIELE-FRANCO-SOLE-24-ORE.png 986w\" sizes=\"auto, (max-width: 300px) 100vw, 300px\" \/><\/a>AGORDO<\/strong><\/p>\n<p><em><strong>di Claudio Fontanive<\/strong><\/em><\/p>\n<p>Il Dottor Massimo Costa, ora in pensione, racconta la sua amicizia con il neo Ministro dell&#8217;Economia Daniele Franco. Compagno di scuola, amico di famiglia ai tempi dell&#8217;infanzia e attualmente si frequentano. (FOTO: Il Sole 24 Ore)<\/p>\n<p><strong>L&#8217;INTERVISTA<\/strong><\/p>\n<audio class=\"wp-audio-shortcode\" id=\"audio-190920-4\" preload=\"none\" style=\"width: 100%;\" controls=\"controls\"><source type=\"audio\/mpeg\" src=\"https:\/\/www.radiopiu.net\/wordpress\/wp-content\/uploads\/2021\/02\/massimo-cossta.mp3?_=4\" \/><a href=\"https:\/\/www.radiopiu.net\/wordpress\/wp-content\/uploads\/2021\/02\/massimo-cossta.mp3\">https:\/\/www.radiopiu.net\/wordpress\/wp-content\/uploads\/2021\/02\/massimo-cossta.mp3<\/a><\/audio>\n<p>&nbsp;<\/p>\n<hr \/>\n<p>&nbsp;<\/p>\n<div class=\"page-title-head hgroup\">\n<blockquote>\n<h3 class=\"entry-title\">L\u2019ARMA VA DAGLI STUDENTI, ALLO SCIENTIFICO GALILEI<\/h3>\n<\/blockquote>\n<p><strong><a href=\"https:\/\/www.radiopiu.net\/wordpress\/larma-va-dagli-studenti-allo-scientifico-galilei\/d8daff3f-ac7b-4b82-b46d-b58acbb6f699\/\" rel=\"attachment wp-att-191023\"><img loading=\"lazy\" decoding=\"async\" class=\"wp-image-191023 alignleft\" src=\"https:\/\/www.radiopiu.net\/wordpress\/wp-content\/uploads\/2021\/02\/d8daff3f-ac7b-4b82-b46d-b58acbb6f699-1024x576.jpg\" alt=\"\" width=\"441\" height=\"248\" srcset=\"https:\/\/www.radiopiu.net\/wordpress\/wp-content\/uploads\/2021\/02\/d8daff3f-ac7b-4b82-b46d-b58acbb6f699-1024x576.jpg 1024w, https:\/\/www.radiopiu.net\/wordpress\/wp-content\/uploads\/2021\/02\/d8daff3f-ac7b-4b82-b46d-b58acbb6f699-300x169.jpg 300w, https:\/\/www.radiopiu.net\/wordpress\/wp-content\/uploads\/2021\/02\/d8daff3f-ac7b-4b82-b46d-b58acbb6f699-768x432.jpg 768w, https:\/\/www.radiopiu.net\/wordpress\/wp-content\/uploads\/2021\/02\/d8daff3f-ac7b-4b82-b46d-b58acbb6f699.jpg 1280w\" sizes=\"auto, (max-width: 441px) 100vw, 441px\" \/><\/a>BELLUNO<\/strong> Scuola in presenza significa anche incontro come successo stamane al Liceo Scientifico &#8220;Galileo Galilei&#8221;. Gli studenti delle quarte e quinte classi,\u00a0 interessati all&#8217;arruolamento come Ufficiali dei Carabinieri hanno incontrato In rappresentanza dell&#8217;Arma dei Carabinieri,\u00a0 il Comandante della stazione di Belluno Maggiore Emanuela Cervellera e il Comandante del Norm, Giorgio Bergamo. Militari con una precisa esperienza alle spalle che sono entrati nelle pieghe delle attivit\u00e0 dei Carabinieri, rispondendo alle curiosit\u00e0 di chi \u00e8 interessato ad accedere al bando per l&#8217;ammissione al 203\u00b0 Corso per l&#8217;Accademia per la formazione degli Ufficiali. Messaggi importanti per gli studenti anche attraverso la proiezione di filmati specificatamente dedicati alle attivit\u00e0 dell&#8217;Arma dei Carabinieri.<\/p>\n<p>&nbsp;<\/p>\n<\/div>\n<div class=\"page-title-breadcrumbs\"><\/div>\n<div><\/div>\n<div><\/div>\n<div><\/div>\n<p>&nbsp;<\/p>\n<p>&nbsp;<\/p>\n<hr \/>\n<h2><span style=\"color: #ff0000;\">\u00a0<\/span><\/h2>\n<h2><span style=\"color: #ff0000;\">L&#8217;OPINIONE\u00a0<\/span><\/h2>\n<p><strong>di\u00a0 DARIO SCOPEL<\/strong><\/p>\n<blockquote>\n<h3>Presenza del lupo nel Bellunese e in Veneto: serve una legge \u201cad hoc\u201d per regolare una questione sempre pi\u00f9 complicata.<\/h3>\n<\/blockquote>\n<p><em><a href=\"https:\/\/www.radiopiu.net\/wordpress\/giornale-radiopiu-05-gennaio-2019-direttore-mirko-mezzacasa\/download-479\/\" rel=\"attachment wp-att-71362\"><img loading=\"lazy\" decoding=\"async\" class=\"size-full wp-image-71362 alignleft\" src=\"https:\/\/www.radiopiu.net\/wordpress\/wp-content\/uploads\/2019\/01\/download-2.jpg\" alt=\"\" width=\"183\" height=\"276\" \/><\/a>\u201cE\u2019 giunto il momento di chiudere su una legge nazionale che regolamenti in maniera organica la presenza e la diffusione del lupo, con norme specifiche per il territorio bellunese e veneto. Stiamo assistendo in questi ultimi anni ad una diffusione di branchi del tutto imprevedibile solo poco tempo fa. E il fenomeno,\u00a0 non interessa pi\u00f9 soltanto i territori di alta quota, come testimoniano i numerosi avvistamenti e le predazioni avvenuti in Alpago, nel Bellunese, in Valbelluna e nel Feltrino. Si tratta oramai di una questione che interessa su larga scala molte aree del Veneto, ma in particolar modo la nostra provincia, e che richiede un approccio organico, che va oltre gli strumenti attualmente a disposizione. Il tema\u00a0 non \u00e8 certo quello di aprire la caccia ai lupi o demonizzare una specie (tutelata anche a livello comunitario), ma di stabilire piuttosto su basi scientifiche i criteri per favorire un equilibrio ambientale, che tenga conto delle legittime aspettative di sicurezza, ed anche economiche, degli allevatori e dei cittadini. La Valle d\u2019Aosta, alle prese con i medesimi problemi, ha fatto leva sulla propria autonomia \u2013 quella di cui il Veneto ancora non dispone! &#8211; per avviare un iter legislativo regionale che consenta di superare, in assenza di una legge nazionale in materia, il Piano di conservazione e di gestione del lupo. E non bastano pi\u00f9 al riguardo i pur importanti progetti europei, come il LIFE \u201cWolf in the Alps\u201d, mentre lo stesso accordo di collaborazione tra la Regione del Veneto e l&#8217;Ente di Gestione delle Aree protette delle Alpi Marittime, con gli stanziamenti relativi, pare insufficiente ad affrontare in maniera efficace un problema in crescita esponenziale, che va ben oltre gli indennizzi previsti. Mi auguro he la Regione si attivi subito in maniera decisa per l&#8217;approvazione di un nuovo testo a livello nazionale; sebbene il Veneto non disponga al momento di autonomia legislativa in materia, \u00e8 assolutamente urgente che vengano previste disposizioni specifiche per le nostre aree montane e per le nostre valli. <\/em><em>Alla nostra popolazione e agli operatori del comparto agricolo servono subito le tutele e le sicurezze di cui anno bisogno; pi\u00f9 di qualche allevatore &#8211; soprattutto di ovini -, oramai sfinito dalle numerose predazioni subite ha gi\u00e0 manifestato l\u2019intenzione di abbandonare. Auspico quindi un dialogo pi\u00f9 proficuo col nuovo ministro Patuanelli, per maggiore azione e meno ideologia rispetto al predecessore\u201d<\/em><\/p>\n<p>&nbsp;<\/p>\n<hr \/>\n<p>&nbsp;<\/p>\n<p>&nbsp;<\/p>\n<h2 align=\"CENTER\">NUOVO PRONTO SOCCORSO AD AGORDO PROSEGUONO I LAVORI<\/h2>\n<p><strong><img decoding=\"async\" class=\"alignleft\" src=\"https:\/\/www.radiopiu.net\/wordpress\/wp-content\/uploads\/2015\/10\/Entrata-Agordo-300x225.jpg\" \/>AGORDO <\/strong>La ristrutturazione e l\u2019ampliamento Pronto Soccorso di Agordo sono finanziati con 2,5 milioni dal Fondo Comuni Confinanti, come da convenzione firmata tra Ulss e Provincia di Belluno, e per 500 mila euro dalla Regione del Veneto. I lavori consistono nell\u2019ampliamento della superficie dedicata al Pronto Soccorso, in interventi strutturali volti al miglioramento sismico dell\u2019Ospedale e nella messa a norma dal punto di vista impiantistico ed antincendio dell\u2019area oggetto d\u2019intervento situata al piano terra. In particolare, sar\u00e0 ristrutturata l\u2019attuale area interna del PS, sar\u00e0 costruita una nuova camera calda e saranno sistemate le aree esterne curando la viabilit\u00e0 e la sicurezza degli accessi. Nel dettaglio, saranno ristrutturati gli ambienti interni al volume ospedaliero, collocati nell\u2019ala sud-est del piano terra dell\u2019edificio C, per una superficie lorda complessiva di 740 mq lordi e sar\u00e0 costruita una nuova area esterna, corrisponde al volume esterno della camera calda e dei relativi spazi di supporto. Il volume si sviluppa su una superficie coperta di 325 mq lordi per l\u2019altezza di un solo piano. Il nuovo fabbricato sar\u00e0 articolato in tre volumi distinti: il primo a ridosso dell\u2019edificio conterr\u00e0 gli spazi di supporto e i necessari filtri d\u2019ingresso, il secondo, di forma trapezoidale, costituisce la camera calda vera e propria e presenter\u00e0 un lato smussato per consentire esternamente il passaggio dei mezzi di servizio attorno al fabbricato ed il terzo \u00e8 costituito dalla rimessa delle ambulanze. Per quanto riguarda le opere di miglioramento sismico \u00e8 prevista la realizzazione delle pareti antisismiche collocate all\u2019esterno del fabbricato. \u00abIl progetto di ampliamento e ristrutturazione dell\u2019Ospedale di Agordo mira a potenziare e consolidare il presidio, offrendo ai cittadini una struttura funzionale al territorio con maggiore confort e sicurezza per l\u2019utenza di un servizio nevralgico come il Pronto Soccorso\u00bb, spiega il Direttore Generale Adriano Rasi Caldogno, \u00abIl finanziamento di quest\u2019opere a servizio della comunit\u00e0 con i fondi delle aree di confine e il cofinanziamento della Regione Veneto sono una azione concreta per consolidare e potenziare i servizi sanitari della montagna\u00bb.<\/p>\n<p>&nbsp;<\/p>\n<a href=\"https:\/\/www.radiopiu.net\/wordpress\/wp-content\/uploads\/2020\/10\/Planimetria-AGORDO-nuovo-Centro-Prelievi.pdf\" class=\"pdfemb-viewer\" style=\"\" data-width=\"max\" data-height=\"max\" data-toolbar=\"top\" data-toolbar-fixed=\"on\">Planimetria AGORDO nuovo Centro Prelievi<\/a>\n<p>&nbsp;<\/p>\n<p>&nbsp;<\/p>\n<p>&nbsp;<\/p>\n<hr \/>\n<p>&nbsp;<\/p>\n<blockquote class=\"wp-embedded-content\" data-secret=\"PWabUWy6Ev\"><p><a href=\"https:\/\/www.radiopiu.net\/wordpress\/debiti-commerciali-lanno-scorso-10-ministeri-con-portafoglio-su-12-hanno-pagato-in-ritardo\/\">DEBITI COMMERCIALI: L\u2019ANNO SCORSO 10 MINISTERI CON PORTAFOGLIO SU 12 HANNO PAGATO IN RITARDO<\/a><\/p><\/blockquote>\n<p><iframe loading=\"lazy\" class=\"wp-embedded-content\" sandbox=\"allow-scripts\" security=\"restricted\" style=\"position: absolute; clip: rect(1px, 1px, 1px, 1px);\" title=\"&#8220;DEBITI COMMERCIALI: L\u2019ANNO SCORSO 10 MINISTERI CON PORTAFOGLIO SU 12 HANNO PAGATO IN RITARDO&#8221; &#8212; Radio Pi\u00f9\" src=\"https:\/\/www.radiopiu.net\/wordpress\/debiti-commerciali-lanno-scorso-10-ministeri-con-portafoglio-su-12-hanno-pagato-in-ritardo\/embed\/#?secret=PWabUWy6Ev\" data-secret=\"PWabUWy6Ev\" width=\"600\" height=\"338\" frameborder=\"0\" marginwidth=\"0\" marginheight=\"0\" scrolling=\"no\"><\/iframe><\/p>\n<p>&nbsp;<\/p>\n<p>&nbsp;<\/p>\n<p>&nbsp;<\/p>\n<hr \/>\n<blockquote>\n<h3><\/h3>\n<h3>DOGLIONI: &#8220;BUON LAVORO AI DUE MINISTRI BELLUNESI. IL MINISTERO DEL TURISMO RAPPRESENTA UN VERO SEGNALE DI SVOLTA&#8221;<\/h3>\n<\/blockquote>\n<p><strong><a href=\"https:\/\/www.radiopiu.net\/wordpress\/giornale-radiopiu-06-febbraio-2019-direttore-mirko-mezzacasa-2\/confcommercio\/\" rel=\"attachment wp-att-75615\"><img loading=\"lazy\" decoding=\"async\" class=\" wp-image-75615 alignleft\" src=\"https:\/\/www.radiopiu.net\/wordpress\/wp-content\/uploads\/2019\/02\/CONFCOMMERCIO-300x300.jpg\" alt=\"\" width=\"165\" height=\"165\" srcset=\"https:\/\/www.radiopiu.net\/wordpress\/wp-content\/uploads\/2019\/02\/CONFCOMMERCIO-300x300.jpg 300w, https:\/\/www.radiopiu.net\/wordpress\/wp-content\/uploads\/2019\/02\/CONFCOMMERCIO-150x150.jpg 150w, https:\/\/www.radiopiu.net\/wordpress\/wp-content\/uploads\/2019\/02\/CONFCOMMERCIO.jpg 400w\" sizes=\"auto, (max-width: 165px) 100vw, 165px\" \/><\/a>BELLUNO <\/strong>\u00c8 un caso forse pi\u00f9 unico che raro: due ministri dello stesso paese di una \u201cremota provincia\u201d. Legittimo l\u2019orgoglio della nostra terra per le nomine di Daniele Franco e la conferma di Federico D\u2019Inc\u00e0 nel Governo Draghi, specialmente considerando il valore specifico dei Ministeri: l\u2019uno, quello del Tesoro, fondamentale per l\u2019elaborazione delle linee di sostegno per la ripresa e l\u2019implementazione delle politiche economiche anche legate al PNRR, l\u2019altro strategico politicamente nella tessitura dei rapporti tra esecutivo e aule delle due camere. \u00ab<em>Naturalmente facciamo i migliori auspici di proficuo lavoro ai nostri ministri bellunesi, ma anche a tutto il governo. L&#8217;esecutivo ha davvero un compito importante e delicato che tutti, ciascuno al proprio livello di responsabilit\u00e0, siamo chiamati ad agevolare<\/em>\u00bb dice Paolo Doglioni, presidente di Confcommercio Belluno. \u00ab<em>\u00c8 davvero inoltre fondamentale sottolineare la svolta rappresentata dall\u2019istituzione del Ministero per il Turismo, dotandolo peraltro di portafoglio: finalmente un fatto concreto che supera ogni proclama riconoscendo il turismo come settore cruciale per l\u2019economia e la societ\u00e0 italiana. Adesso anche auspicare una considerazione particolare per la montagna, non \u00e8 pi\u00f9 un sogno proibito. L&#8217;importante &#8211; conclude Doglioni &#8211; \u00e8 ragionarne oltre gli schemi stereotipati, ma considerandola come elemento dinamico, pur con tutte le sue fragilit\u00e0, e importante per l&#8217;economia del Paese<\/em>\u00bb.<b><i><\/i><\/b><\/p>\n<p>&nbsp;<\/p>\n<p>&nbsp;<\/p>\n<hr \/>\n<p>&nbsp;<\/p>\n<blockquote>\n<h3 class=\"p1\"><span class=\"s1\">GOVERNO DRAGHI CON QUATTRO MINISTRI VENETI E DUE BELLUNESI, CONFARTIGIANATO GUARDA CON OTTIMISMO ALLA RIPRESA<\/span><\/h3>\n<\/blockquote>\n<p class=\"p1\"><span class=\"s1\"><strong><a href=\"https:\/\/www.radiopiu.net\/wordpress\/la-presidente-di-confartigianato-claudia-scarzanella-parla-delle-sfide-territoriali-per-lanno-che-verra\/claudia-scarzanella-confartigianato\/\" rel=\"attachment wp-att-182277\"><img loading=\"lazy\" decoding=\"async\" class=\"size-medium wp-image-182277 alignleft\" src=\"https:\/\/www.radiopiu.net\/wordpress\/wp-content\/uploads\/2020\/12\/CLAUDIA-SCARZANELLA-CONFARTIGIANATO-300x236.png\" alt=\"\" width=\"300\" height=\"236\" srcset=\"https:\/\/www.radiopiu.net\/wordpress\/wp-content\/uploads\/2020\/12\/CLAUDIA-SCARZANELLA-CONFARTIGIANATO-300x236.png 300w, https:\/\/www.radiopiu.net\/wordpress\/wp-content\/uploads\/2020\/12\/CLAUDIA-SCARZANELLA-CONFARTIGIANATO-1024x804.png 1024w, https:\/\/www.radiopiu.net\/wordpress\/wp-content\/uploads\/2020\/12\/CLAUDIA-SCARZANELLA-CONFARTIGIANATO-768x603.png 768w, https:\/\/www.radiopiu.net\/wordpress\/wp-content\/uploads\/2020\/12\/CLAUDIA-SCARZANELLA-CONFARTIGIANATO.png 1042w\" sizes=\"auto, (max-width: 300px) 100vw, 300px\" \/><\/a>BELLUNO <\/strong>\u00ab<em>Il nuovo esecutivo nasce sotto buoni auspici per il lavoro e i settori produttivi, con la maggior parte dei ministri provenienti dalle regioni \u201cmotore economico\u201d del Paese. Da Confartigianato il massimo appoggio e la piena disponibilit\u00e0 a fare la nostra parte per superare la crisi post-Covid e agganciare la ripresa<\/em>\u00bb. \u00c8 quanto afferma la presidente di Confartigianato Belluno, Claudia Scarzanella, subito dopo il varo del nuovo governo Draghi. <\/span><span class=\"s1\">\u00ab<em>Lombardia e Veneto esprimono rispettivamente nove e quattro ministri. Due sono bellunesi, e questo rappresenta un\u2019occasione unica per affrontare finalmente in maniera proattiva il grande problema dello spopolamento della montagna, per il quale abbiamo sempre proposto possibili soluzioni. Siamo convinti che la professionalit\u00e0 e l\u2019esperienza di Daniele Franco, maturate nei lunghi anni in Ragioneria di Stato e ultimamente in Bankitalia, saranno fondamentali in un dicastero chiave come l\u2019economia. E la capacit\u00e0 di fare squadra di Federico D\u2019Inc\u00e0 sar\u00e0 ancora utile al nostro territorio, in questo momento storico particolarmente critico, in cui sar\u00e0 decisivo attuare concretamente il Recovery Fund. Con la ministra Stefani abbiamo gi\u00e0 collaborato ai tempi degli Stati generali della Montagna e siamo certi di poter riannodare i fili<\/em>\u00bb. <\/span><span class=\"s1\">\u00ab<em>Spiace soltanto l\u2019assenza di un ministro allo sport, soprattutto alla vigilia di un appuntamento importante come le Olimpiadi di Milano-Cortina 2026 &#8211; continua la presidente Scarzanella -. Ma leggiamo il dato non come una mancanza, quanto piuttosto come l\u2019intenzione di coinvolgere ancora di pi\u00f9 le comunit\u00e0 locali e le categorie nella costruzione di un evento di portata planetaria, che avr\u00e0 grandi ricadute sul nostro territorio. In questo senso, siamo sicuri che lo sport pu\u00f2 essere inserito all\u2019interno dell\u2019agenda politica partendo dal turismo, in una visione integrata che ha come obiettivo finale la crescita e lo sviluppo della montagna<\/em>\u00bb.<\/span><\/p>\n<p>&nbsp;<\/p>\n<p>&nbsp;<\/p>\n<hr \/>\n<p>&nbsp;<\/p>\n<blockquote>\n<h3>OPERE MONDIALI E OLIMPICHE. ZAIA, \u201cI PROGETTI LI FACCIAMO IN LEGALITA\u2019 E TRASPARENZA\u201d<\/h3>\n<\/blockquote>\n<p><strong><a href=\"https:\/\/www.radiopiu.net\/wordpress\/giornale-radiopiu-13-marzo-2018-direttore-mirko-mezzacasa\/main_olimpiadi\/\" rel=\"attachment wp-att-44725\"><img loading=\"lazy\" decoding=\"async\" class=\"size-medium wp-image-44725 alignleft\" src=\"https:\/\/www.radiopiu.net\/wordpress\/wp-content\/uploads\/2018\/03\/main_olimpiadi-300x154.jpg\" alt=\"\" width=\"300\" height=\"154\" \/><\/a>VENEZIA <\/strong>\u201c<em>Se per i Mondiali di Cortina 2021 \u00e8 stato sottoscritto con la Prefettura di Belluno un protocollo per la legalit\u00e0, finalizzato alla prevenzione dei tentativi di infiltrazione della criminalit\u00e0 organizzata negli appalti connessi alle gare iridate, per i giochi olimpici Milano-Cortina 2026, come Regione del Veneto, abbiamo costituito un vero e proprio Comitato di Garanzia e Legalit\u00e0 Olimpiadi<\/em>\u201d. Lo dice il Presidente della Regione del Veneto, Luca Zaia, elencando tutte le iniziative messe in campo per assicurare il costante e continuo monitoraggio sulle normative e sui soggetti, pubblici e privati, coinvolti nella realizzazione delle iniziative e delle opere del progetto sportivo dei campionati mondiali di sci e delle future olimpiadi invernali. \u201c<em>Per il Mondiale la Prefettura ha fornito una banca dati dei lavoratori e mezzi impiegati per predisporre dei controlli puntuali nei cantieri &#8211; spiega il Presidente della Regione del Veneto, Luca Zaia -. La banca dati, implementata dal Commissario governativo, Valerio Toniolo, che ringrazio per il lavoro e lo sforzo profuso in questi mesi, \u00e8 stata aggiornata settimanalmente diventando parte integrante di un sistema di coordinamento, progettato e attuato per garantire trasparenza e legalit\u00e0 alla realizzazione degli interventi programmati<\/em>\u201d. \u201c<em>Anche con ANAC \u00e8 stato firmato un protocollo di vigilanza collaborativa &#8211; ricorda il Governatore -, al fine di verificare la conformit\u00e0 degli atti alla normativa di settore e prevenire qualsiasi tentativo di infiltrazione della criminalit\u00e0 organizzata negli appalti connessi all\u2019organizzazione dei mondiali, e in particolare per gli interventi riferiti alla zona Rumerlo<\/em>\u201d. \u201c<em>Intendiamo proseguire in questa direzione assicurando sempre la massima vigilanza e trasparenza nell\u2019ambito dei contratti pubblici e degli incarichi, soprattutto quelli che riguardano il territorio Veneto &#8211; conclude Zaia -. Il Comitato di Garanzia Legalit\u00e0 Olimpiadi 2026, composto da dirigenti ed avvocati regionali e tre legali esterni specializzati \u2013 l\u2019avv. Fabio Pinelli, l\u2019avv. Luisa Melara, l\u2019avv. Paolo Pettinelli &#8211; operer\u00e0 in stretto contatto con la Fondazione Milano Cortina 2026 e la societ\u00e0 Infrastrutture, che auspico venga costituita e formalizzata al pi\u00f9 presto. La funzione del Comitato sar\u00e0 quella di monitorare lo stato di avanzamento delle procedure e delle opere, nel rispetto degli obblighi previsti dalla normativa internazionale, nazionale e regionale e rendicontare agli organi regionali gli esiti dell\u2019attivit\u00e0 di monitoraggio<\/em>\u201d.<\/p>\n<p>&nbsp;<\/p>\n<p>&nbsp;<\/p>\n<hr \/>\n<p>&nbsp;<\/p>\n<blockquote>\n<h3>LA FANFARA DELLA BRIGATA ALPINA \u201cJULIA\u201d A CORTINA 2021<\/h3>\n<\/blockquote>\n<p><strong>CORTINA<\/strong> Si \u00e8 esibita oggi, nella suggestiva cornice della pista delle Tofane in occasione dei Mondiali di sci di Cortina 2021, la musica d\u2019ordinanza della Brigata Alpina \u201cJulia\u201d. La celebre formazione musicale ha eseguito brani della tradizione alpina (militare e non), diretta e concertata dal Sergente Maggiore Flavio Mercorillo.<\/p>\n\n\t\t\t<style type='text\/css'>\n\t\t\t\t#gallery-4 {\n\t\t\t\t\tmargin: auto;\n\t\t\t\t}\n\t\t\t\t#gallery-4 .gallery-item {\n\t\t\t\t\tfloat: left;\n\t\t\t\t\tmargin-top: 10px;\n\t\t\t\t\ttext-align: center;\n\t\t\t\t\twidth: 20%;\n\t\t\t\t}\n\t\t\t\t#gallery-4 img {\n\t\t\t\t\tborder: 2px solid #cfcfcf;\n\t\t\t\t}\n\t\t\t\t#gallery-4 .gallery-caption {\n\t\t\t\t\tmargin-left: 0;\n\t\t\t\t}\n\t\t\t\t\/* see gallery_shortcode() in wp-includes\/media.php *\/\n\t\t\t<\/style>\n\t\t<div id='gallery-4' class='dt-gallery-container gallery galleryid-190920 gallery-columns-5 gallery-size-medium'><dl class='gallery-item'>\n\t\t\t\t<dt class='gallery-icon landscape'>\n\t\t\t\t\t<a class=\"rollover rollover-zoom dt-pswp-item\" title=\"210213\u00a9Zenoni_Cortina2021-20\" data-dt-img-description=\"\" data-large_image_width=\"1280\" data-large_image_height=\"854\"href='https:\/\/www.radiopiu.net\/wordpress\/wp-content\/uploads\/2021\/02\/210213\u00a9Zenoni_Cortina2021-20.jpg'><img loading=\"lazy\" decoding=\"async\" width=\"300\" height=\"200\" src=\"https:\/\/www.radiopiu.net\/wordpress\/wp-content\/uploads\/2021\/02\/210213\u00a9Zenoni_Cortina2021-20-300x200.jpg\" class=\"attachment-medium size-medium\" alt=\"\" srcset=\"https:\/\/www.radiopiu.net\/wordpress\/wp-content\/uploads\/2021\/02\/210213\u00a9Zenoni_Cortina2021-20-300x200.jpg 300w, https:\/\/www.radiopiu.net\/wordpress\/wp-content\/uploads\/2021\/02\/210213\u00a9Zenoni_Cortina2021-20-1024x683.jpg 1024w, https:\/\/www.radiopiu.net\/wordpress\/wp-content\/uploads\/2021\/02\/210213\u00a9Zenoni_Cortina2021-20-768x512.jpg 768w, https:\/\/www.radiopiu.net\/wordpress\/wp-content\/uploads\/2021\/02\/210213\u00a9Zenoni_Cortina2021-20.jpg 1280w\" sizes=\"auto, (max-width: 300px) 100vw, 300px\" \/><\/a>\n\t\t\t\t<\/dt><\/dl><dl class='gallery-item'>\n\t\t\t\t<dt class='gallery-icon landscape'>\n\t\t\t\t\t<a class=\"rollover rollover-zoom dt-pswp-item\" title=\"210213\u00a9Zenoni_Cortina2021-23\" data-dt-img-description=\"\" data-large_image_width=\"1280\" data-large_image_height=\"854\"href='https:\/\/www.radiopiu.net\/wordpress\/wp-content\/uploads\/2021\/02\/210213\u00a9Zenoni_Cortina2021-23.jpg'><img loading=\"lazy\" decoding=\"async\" width=\"300\" height=\"200\" src=\"https:\/\/www.radiopiu.net\/wordpress\/wp-content\/uploads\/2021\/02\/210213\u00a9Zenoni_Cortina2021-23-300x200.jpg\" class=\"attachment-medium size-medium\" alt=\"\" srcset=\"https:\/\/www.radiopiu.net\/wordpress\/wp-content\/uploads\/2021\/02\/210213\u00a9Zenoni_Cortina2021-23-300x200.jpg 300w, https:\/\/www.radiopiu.net\/wordpress\/wp-content\/uploads\/2021\/02\/210213\u00a9Zenoni_Cortina2021-23-1024x683.jpg 1024w, https:\/\/www.radiopiu.net\/wordpress\/wp-content\/uploads\/2021\/02\/210213\u00a9Zenoni_Cortina2021-23-768x512.jpg 768w, https:\/\/www.radiopiu.net\/wordpress\/wp-content\/uploads\/2021\/02\/210213\u00a9Zenoni_Cortina2021-23.jpg 1280w\" sizes=\"auto, (max-width: 300px) 100vw, 300px\" \/><\/a>\n\t\t\t\t<\/dt><\/dl><dl class='gallery-item'>\n\t\t\t\t<dt class='gallery-icon landscape'>\n\t\t\t\t\t<a class=\"rollover rollover-zoom dt-pswp-item\" title=\"210213\u00a9Zenoni_Cortina2021-29\" data-dt-img-description=\"\" data-large_image_width=\"1280\" data-large_image_height=\"854\"href='https:\/\/www.radiopiu.net\/wordpress\/wp-content\/uploads\/2021\/02\/210213\u00a9Zenoni_Cortina2021-29.jpg'><img loading=\"lazy\" decoding=\"async\" width=\"300\" height=\"200\" src=\"https:\/\/www.radiopiu.net\/wordpress\/wp-content\/uploads\/2021\/02\/210213\u00a9Zenoni_Cortina2021-29-300x200.jpg\" class=\"attachment-medium size-medium\" alt=\"\" srcset=\"https:\/\/www.radiopiu.net\/wordpress\/wp-content\/uploads\/2021\/02\/210213\u00a9Zenoni_Cortina2021-29-300x200.jpg 300w, https:\/\/www.radiopiu.net\/wordpress\/wp-content\/uploads\/2021\/02\/210213\u00a9Zenoni_Cortina2021-29-1024x683.jpg 1024w, https:\/\/www.radiopiu.net\/wordpress\/wp-content\/uploads\/2021\/02\/210213\u00a9Zenoni_Cortina2021-29-768x512.jpg 768w, https:\/\/www.radiopiu.net\/wordpress\/wp-content\/uploads\/2021\/02\/210213\u00a9Zenoni_Cortina2021-29.jpg 1280w\" sizes=\"auto, (max-width: 300px) 100vw, 300px\" \/><\/a>\n\t\t\t\t<\/dt><\/dl><dl class='gallery-item'>\n\t\t\t\t<dt class='gallery-icon landscape'>\n\t\t\t\t\t<a class=\"rollover rollover-zoom dt-pswp-item\" title=\"210213\u00a9Zenoni_Cortina2021-32\" data-dt-img-description=\"\" data-large_image_width=\"1280\" data-large_image_height=\"854\"href='https:\/\/www.radiopiu.net\/wordpress\/wp-content\/uploads\/2021\/02\/210213\u00a9Zenoni_Cortina2021-32.jpg'><img loading=\"lazy\" decoding=\"async\" width=\"300\" height=\"200\" src=\"https:\/\/www.radiopiu.net\/wordpress\/wp-content\/uploads\/2021\/02\/210213\u00a9Zenoni_Cortina2021-32-300x200.jpg\" class=\"attachment-medium size-medium\" alt=\"\" srcset=\"https:\/\/www.radiopiu.net\/wordpress\/wp-content\/uploads\/2021\/02\/210213\u00a9Zenoni_Cortina2021-32-300x200.jpg 300w, https:\/\/www.radiopiu.net\/wordpress\/wp-content\/uploads\/2021\/02\/210213\u00a9Zenoni_Cortina2021-32-1024x683.jpg 1024w, https:\/\/www.radiopiu.net\/wordpress\/wp-content\/uploads\/2021\/02\/210213\u00a9Zenoni_Cortina2021-32-768x512.jpg 768w, https:\/\/www.radiopiu.net\/wordpress\/wp-content\/uploads\/2021\/02\/210213\u00a9Zenoni_Cortina2021-32.jpg 1280w\" sizes=\"auto, (max-width: 300px) 100vw, 300px\" \/><\/a>\n\t\t\t\t<\/dt><\/dl><dl class='gallery-item'>\n\t\t\t\t<dt class='gallery-icon landscape'>\n\t\t\t\t\t<a class=\"rollover rollover-zoom dt-pswp-item\" title=\"210213\u00a9Zenoni_Cortina2021-34\" data-dt-img-description=\"\" data-large_image_width=\"1280\" data-large_image_height=\"853\"href='https:\/\/www.radiopiu.net\/wordpress\/wp-content\/uploads\/2021\/02\/210213\u00a9Zenoni_Cortina2021-34.jpg'><img loading=\"lazy\" decoding=\"async\" width=\"300\" height=\"200\" src=\"https:\/\/www.radiopiu.net\/wordpress\/wp-content\/uploads\/2021\/02\/210213\u00a9Zenoni_Cortina2021-34-300x200.jpg\" class=\"attachment-medium size-medium\" alt=\"\" srcset=\"https:\/\/www.radiopiu.net\/wordpress\/wp-content\/uploads\/2021\/02\/210213\u00a9Zenoni_Cortina2021-34-300x200.jpg 300w, https:\/\/www.radiopiu.net\/wordpress\/wp-content\/uploads\/2021\/02\/210213\u00a9Zenoni_Cortina2021-34-1024x682.jpg 1024w, https:\/\/www.radiopiu.net\/wordpress\/wp-content\/uploads\/2021\/02\/210213\u00a9Zenoni_Cortina2021-34-768x512.jpg 768w, https:\/\/www.radiopiu.net\/wordpress\/wp-content\/uploads\/2021\/02\/210213\u00a9Zenoni_Cortina2021-34.jpg 1280w\" sizes=\"auto, (max-width: 300px) 100vw, 300px\" \/><\/a>\n\t\t\t\t<\/dt><\/dl><br style=\"clear: both\" \/>\n\t\t\t<\/div>\n\n<p>&nbsp;<\/p>\n<hr \/>\n<p>&nbsp;<\/p>\n<blockquote>\n<h3>MANUTENZIONE DEL VERDE PUBBLICO E DEI PERCORSI CICLO-PEDONALI: IL COMUNE DI ALPAGO INVESTE IN UN ACCORDO-QUADRO BIENNALE PER AUMENTARE LA QUALIT\u00c0 DEL SERVIZIO<\/h3>\n<\/blockquote>\n<p><strong><a href=\"https:\/\/www.radiopiu.net\/wordpress\/alpago-buoni-spesa-per-lemergenza-covid-19-ad-oggi-accolte-circa-50-richieste-ed-erogati-quasi-16-mila-euro-ancora-alcuni-giorni-per-la-domanda-in-comune\/alpago-stemma\/\" rel=\"attachment wp-att-132463\"><img loading=\"lazy\" decoding=\"async\" class=\"size-medium wp-image-132463 alignleft\" src=\"https:\/\/www.radiopiu.net\/wordpress\/wp-content\/uploads\/2020\/04\/Alpago-Stemma-218x300.png\" alt=\"\" width=\"218\" height=\"300\" srcset=\"https:\/\/www.radiopiu.net\/wordpress\/wp-content\/uploads\/2020\/04\/Alpago-Stemma-218x300.png 218w, https:\/\/www.radiopiu.net\/wordpress\/wp-content\/uploads\/2020\/04\/Alpago-Stemma.png 364w\" sizes=\"auto, (max-width: 218px) 100vw, 218px\" \/><\/a>ALPAGO <\/strong>Novit\u00e0 di metodo e di strumenti che consentiranno di ottenere importanti migliorie nella qualit\u00e0 del servizio. Va in questa direzione la decisione assunta dalla giunta di Alpago che, nella sua ultima seduta, ha dato il via libera all\u2019accordo-quadro per il biennio 2021-2022 per la gestione del verde pubblico e dei percorsi ciclo-pedonali presenti sul territorio comunale. \u201c<em>La decisione di non procedere al consueto appalto annuale, ma di adottare questa diversa tipologia contrattuale nasce da una serie di vantaggi che derivano, sottolinea l\u2019Amministrazione di Alpago. Tra questi, il fatto che gli interventi che si affidano con tale strumento possono essere definiti nel dettaglio quanto a tipologie di forniture e relativi prezzi; inoltre, l\u2019accordo-quadro consente di eseguire gli interventi manutentivi con maggiori continuit\u00e0, rapidit\u00e0 ed elasticit\u00e0, sia riguardo a quelli programmati, sia per quelli non programmati o migliorativi, secondo le priorit\u00e0 individuate di tempo in tempo dagli uffici comunali o dall\u2019Amministrazione<\/em>\u201d. Vi sono per\u00f2 anche ragioni di pi\u00f9 ampio respiro. \u201c<em>La scelta di avvalersi di un accordo-quadro, prosegue l\u2019amministrazione di Alpago, nasce dalla considerazione che il verde pubblico risulta di primaria importanza per la qualit\u00e0 della vita dei cittadini e per il decoro urbano, ma rappresenta anche un importantissimo tassello nello sviluppo delle attivit\u00e0 turistico-ricettive e sportive, motore trainante nell\u2019offerta della \u201cConca\u201d, oltretutto in vista delle numerose manifestazioni sportive a carattere nazionale ed internazionale che speriamo tutti tornino ad animare il nostro territorio durante il periodo estivo<\/em>\u201d. L\u2019accordo biennale sar\u00e0 finanziato con risorse gi\u00e0 stanziate a bilancio per 85 mila euro. Tutto questo senza per\u00f2 perdere di vista una delle caratteristiche qualificanti nell\u2019affidamento di questi servizi, ovvero la loro valenza sociale. Il lotto numero 1, ovvero quello relativo al servizio di manutenzione delle aree verdi, sar\u00e0 riservato alle cooperative sociali di tipo \u201cB\u201d, con finalit\u00e0 di inserimento lavorativo di persone che presentano condizioni di svantaggio.<\/p>\n<p>&nbsp;<\/p>\n<p>&nbsp;<\/p>\n<hr \/>\n<p>&nbsp;<\/p>\n<blockquote>\n<h3>I VIGILI DEL FUOCO RIMUOVONO LA NEVE GHIACCIATA DAL DE TONI<\/h3>\n<\/blockquote>\n<p><strong>ALLEGHE <\/strong>&#8220;Un grazie ai Vigili del Fuoco da parte dell&#8217;amministrazione comunale per l&#8217;importante lavoro di sgombero neve dal tetto dello stadio del ghiaccio. Un intervento necessario per il rischio di caduta della neve gelata&#8221; dice il sindaco di Alleghe Danilo De Toni<\/p>\n\n\t\t\t<style type='text\/css'>\n\t\t\t\t#gallery-5 {\n\t\t\t\t\tmargin: auto;\n\t\t\t\t}\n\t\t\t\t#gallery-5 .gallery-item {\n\t\t\t\t\tfloat: left;\n\t\t\t\t\tmargin-top: 10px;\n\t\t\t\t\ttext-align: center;\n\t\t\t\t\twidth: 50%;\n\t\t\t\t}\n\t\t\t\t#gallery-5 img {\n\t\t\t\t\tborder: 2px solid #cfcfcf;\n\t\t\t\t}\n\t\t\t\t#gallery-5 .gallery-caption {\n\t\t\t\t\tmargin-left: 0;\n\t\t\t\t}\n\t\t\t\t\/* see gallery_shortcode() in wp-includes\/media.php *\/\n\t\t\t<\/style>\n\t\t<div id='gallery-5' class='dt-gallery-container gallery galleryid-190920 gallery-columns-2 gallery-size-medium'><dl class='gallery-item'>\n\t\t\t\t<dt class='gallery-icon portrait'>\n\t\t\t\t\t<a class=\"rollover rollover-zoom dt-pswp-item\" title=\"bc35f517-0607-40cb-8933-5b5b2bec3810\" data-dt-img-description=\"\" data-large_image_width=\"1200\" data-large_image_height=\"1600\"href='https:\/\/www.radiopiu.net\/wordpress\/wp-content\/uploads\/2021\/02\/bc35f517-0607-40cb-8933-5b5b2bec3810.jpg'><img loading=\"lazy\" decoding=\"async\" width=\"225\" height=\"300\" src=\"https:\/\/www.radiopiu.net\/wordpress\/wp-content\/uploads\/2021\/02\/bc35f517-0607-40cb-8933-5b5b2bec3810-225x300.jpg\" class=\"attachment-medium size-medium\" alt=\"\" srcset=\"https:\/\/www.radiopiu.net\/wordpress\/wp-content\/uploads\/2021\/02\/bc35f517-0607-40cb-8933-5b5b2bec3810-225x300.jpg 225w, https:\/\/www.radiopiu.net\/wordpress\/wp-content\/uploads\/2021\/02\/bc35f517-0607-40cb-8933-5b5b2bec3810-768x1024.jpg 768w, https:\/\/www.radiopiu.net\/wordpress\/wp-content\/uploads\/2021\/02\/bc35f517-0607-40cb-8933-5b5b2bec3810-1152x1536.jpg 1152w, https:\/\/www.radiopiu.net\/wordpress\/wp-content\/uploads\/2021\/02\/bc35f517-0607-40cb-8933-5b5b2bec3810.jpg 1200w\" sizes=\"auto, (max-width: 225px) 100vw, 225px\" \/><\/a>\n\t\t\t\t<\/dt><\/dl><dl class='gallery-item'>\n\t\t\t\t<dt class='gallery-icon landscape'>\n\t\t\t\t\t<a class=\"rollover rollover-zoom dt-pswp-item\" title=\"8c83dcd1-8dfb-4eae-9733-9c50b4e14d11\" data-dt-img-description=\"\" data-large_image_width=\"1600\" data-large_image_height=\"1200\"href='https:\/\/www.radiopiu.net\/wordpress\/wp-content\/uploads\/2021\/02\/8c83dcd1-8dfb-4eae-9733-9c50b4e14d11.jpg'><img loading=\"lazy\" decoding=\"async\" width=\"300\" height=\"225\" src=\"https:\/\/www.radiopiu.net\/wordpress\/wp-content\/uploads\/2021\/02\/8c83dcd1-8dfb-4eae-9733-9c50b4e14d11-300x225.jpg\" class=\"attachment-medium size-medium\" alt=\"\" srcset=\"https:\/\/www.radiopiu.net\/wordpress\/wp-content\/uploads\/2021\/02\/8c83dcd1-8dfb-4eae-9733-9c50b4e14d11-300x225.jpg 300w, https:\/\/www.radiopiu.net\/wordpress\/wp-content\/uploads\/2021\/02\/8c83dcd1-8dfb-4eae-9733-9c50b4e14d11-1024x768.jpg 1024w, https:\/\/www.radiopiu.net\/wordpress\/wp-content\/uploads\/2021\/02\/8c83dcd1-8dfb-4eae-9733-9c50b4e14d11-768x576.jpg 768w, https:\/\/www.radiopiu.net\/wordpress\/wp-content\/uploads\/2021\/02\/8c83dcd1-8dfb-4eae-9733-9c50b4e14d11-1536x1152.jpg 1536w, https:\/\/www.radiopiu.net\/wordpress\/wp-content\/uploads\/2021\/02\/8c83dcd1-8dfb-4eae-9733-9c50b4e14d11.jpg 1600w\" sizes=\"auto, (max-width: 300px) 100vw, 300px\" \/><\/a>\n\t\t\t\t<\/dt><\/dl><br style=\"clear: both\" \/>\n\t\t\t<\/div>\n\n<p>&nbsp;<\/p>\n<hr \/>\n<p>&nbsp;<\/p>\n<blockquote>\n<h3>A SOTTOGUDA IN MASCHERA<\/h3>\n<\/blockquote>\n<p><strong>ROCCA PIETORE<\/strong> Riceviamo e volentieri pubblichiamo<\/p>\n<p><em>&#8220;In una Sottoguda silenziosa sento uno scampanellio ebbene guardo dalla finestra e con immensa felicit\u00e0 vedo le maschere! Chiunque si sia travestito il mio grazie! !un po&#8217; di allegria non guasta!&#8221; Luciana &#8211; Sottoguda<\/em><\/p>\n\n\t\t\t<style type='text\/css'>\n\t\t\t\t#gallery-6 {\n\t\t\t\t\tmargin: auto;\n\t\t\t\t}\n\t\t\t\t#gallery-6 .gallery-item {\n\t\t\t\t\tfloat: left;\n\t\t\t\t\tmargin-top: 10px;\n\t\t\t\t\ttext-align: center;\n\t\t\t\t\twidth: 33%;\n\t\t\t\t}\n\t\t\t\t#gallery-6 img {\n\t\t\t\t\tborder: 2px solid #cfcfcf;\n\t\t\t\t}\n\t\t\t\t#gallery-6 .gallery-caption {\n\t\t\t\t\tmargin-left: 0;\n\t\t\t\t}\n\t\t\t\t\/* see gallery_shortcode() in wp-includes\/media.php *\/\n\t\t\t<\/style>\n\t\t<div id='gallery-6' class='dt-gallery-container gallery galleryid-190920 gallery-columns-3 gallery-size-medium'><dl class='gallery-item'>\n\t\t\t\t<dt class='gallery-icon landscape'>\n\t\t\t\t\t<a class=\"rollover rollover-zoom dt-pswp-item\" title=\"28e4c4f1-e97d-4445-bfad-52bfa78ce34b\" data-dt-img-description=\"\" data-large_image_width=\"1600\" data-large_image_height=\"900\"href='https:\/\/www.radiopiu.net\/wordpress\/wp-content\/uploads\/2021\/02\/28e4c4f1-e97d-4445-bfad-52bfa78ce34b.jpg'><img loading=\"lazy\" decoding=\"async\" width=\"300\" height=\"169\" src=\"https:\/\/www.radiopiu.net\/wordpress\/wp-content\/uploads\/2021\/02\/28e4c4f1-e97d-4445-bfad-52bfa78ce34b-300x169.jpg\" class=\"attachment-medium size-medium\" alt=\"\" srcset=\"https:\/\/www.radiopiu.net\/wordpress\/wp-content\/uploads\/2021\/02\/28e4c4f1-e97d-4445-bfad-52bfa78ce34b-300x169.jpg 300w, https:\/\/www.radiopiu.net\/wordpress\/wp-content\/uploads\/2021\/02\/28e4c4f1-e97d-4445-bfad-52bfa78ce34b-1024x576.jpg 1024w, https:\/\/www.radiopiu.net\/wordpress\/wp-content\/uploads\/2021\/02\/28e4c4f1-e97d-4445-bfad-52bfa78ce34b-768x432.jpg 768w, https:\/\/www.radiopiu.net\/wordpress\/wp-content\/uploads\/2021\/02\/28e4c4f1-e97d-4445-bfad-52bfa78ce34b-1536x864.jpg 1536w, https:\/\/www.radiopiu.net\/wordpress\/wp-content\/uploads\/2021\/02\/28e4c4f1-e97d-4445-bfad-52bfa78ce34b.jpg 1600w\" sizes=\"auto, (max-width: 300px) 100vw, 300px\" \/><\/a>\n\t\t\t\t<\/dt><\/dl><dl class='gallery-item'>\n\t\t\t\t<dt class='gallery-icon landscape'>\n\t\t\t\t\t<a class=\"rollover rollover-zoom dt-pswp-item\" title=\"50b0aada-8cdb-45f2-bcf5-aee4760c3861\" data-dt-img-description=\"\" data-large_image_width=\"1600\" data-large_image_height=\"900\"href='https:\/\/www.radiopiu.net\/wordpress\/wp-content\/uploads\/2021\/02\/50b0aada-8cdb-45f2-bcf5-aee4760c3861.jpg'><img loading=\"lazy\" decoding=\"async\" width=\"300\" height=\"169\" src=\"https:\/\/www.radiopiu.net\/wordpress\/wp-content\/uploads\/2021\/02\/50b0aada-8cdb-45f2-bcf5-aee4760c3861-300x169.jpg\" class=\"attachment-medium size-medium\" alt=\"\" srcset=\"https:\/\/www.radiopiu.net\/wordpress\/wp-content\/uploads\/2021\/02\/50b0aada-8cdb-45f2-bcf5-aee4760c3861-300x169.jpg 300w, https:\/\/www.radiopiu.net\/wordpress\/wp-content\/uploads\/2021\/02\/50b0aada-8cdb-45f2-bcf5-aee4760c3861-1024x576.jpg 1024w, https:\/\/www.radiopiu.net\/wordpress\/wp-content\/uploads\/2021\/02\/50b0aada-8cdb-45f2-bcf5-aee4760c3861-768x432.jpg 768w, https:\/\/www.radiopiu.net\/wordpress\/wp-content\/uploads\/2021\/02\/50b0aada-8cdb-45f2-bcf5-aee4760c3861-1536x864.jpg 1536w, https:\/\/www.radiopiu.net\/wordpress\/wp-content\/uploads\/2021\/02\/50b0aada-8cdb-45f2-bcf5-aee4760c3861.jpg 1600w\" sizes=\"auto, (max-width: 300px) 100vw, 300px\" \/><\/a>\n\t\t\t\t<\/dt><\/dl><dl class='gallery-item'>\n\t\t\t\t<dt class='gallery-icon landscape'>\n\t\t\t\t\t<a class=\"rollover rollover-zoom dt-pswp-item\" title=\"a0013ae9-d0e2-49ba-8502-832d5e8be767\" data-dt-img-description=\"\" data-large_image_width=\"1600\" data-large_image_height=\"900\"href='https:\/\/www.radiopiu.net\/wordpress\/wp-content\/uploads\/2021\/02\/a0013ae9-d0e2-49ba-8502-832d5e8be767.jpg'><img loading=\"lazy\" decoding=\"async\" width=\"300\" height=\"169\" src=\"https:\/\/www.radiopiu.net\/wordpress\/wp-content\/uploads\/2021\/02\/a0013ae9-d0e2-49ba-8502-832d5e8be767-300x169.jpg\" class=\"attachment-medium size-medium\" alt=\"\" srcset=\"https:\/\/www.radiopiu.net\/wordpress\/wp-content\/uploads\/2021\/02\/a0013ae9-d0e2-49ba-8502-832d5e8be767-300x169.jpg 300w, https:\/\/www.radiopiu.net\/wordpress\/wp-content\/uploads\/2021\/02\/a0013ae9-d0e2-49ba-8502-832d5e8be767-1024x576.jpg 1024w, https:\/\/www.radiopiu.net\/wordpress\/wp-content\/uploads\/2021\/02\/a0013ae9-d0e2-49ba-8502-832d5e8be767-768x432.jpg 768w, https:\/\/www.radiopiu.net\/wordpress\/wp-content\/uploads\/2021\/02\/a0013ae9-d0e2-49ba-8502-832d5e8be767-1536x864.jpg 1536w, https:\/\/www.radiopiu.net\/wordpress\/wp-content\/uploads\/2021\/02\/a0013ae9-d0e2-49ba-8502-832d5e8be767.jpg 1600w\" sizes=\"auto, (max-width: 300px) 100vw, 300px\" \/><\/a>\n\t\t\t\t<\/dt><\/dl><br style=\"clear: both\" \/><dl class='gallery-item'>\n\t\t\t\t<dt class='gallery-icon portrait'>\n\t\t\t\t\t<a class=\"rollover rollover-zoom dt-pswp-item\" title=\"c7832055-bf5a-43c5-8afb-b96d312c2c09\" data-dt-img-description=\"\" data-large_image_width=\"900\" data-large_image_height=\"1600\"href='https:\/\/www.radiopiu.net\/wordpress\/wp-content\/uploads\/2021\/02\/c7832055-bf5a-43c5-8afb-b96d312c2c09.jpg'><img loading=\"lazy\" decoding=\"async\" width=\"169\" height=\"300\" src=\"https:\/\/www.radiopiu.net\/wordpress\/wp-content\/uploads\/2021\/02\/c7832055-bf5a-43c5-8afb-b96d312c2c09-169x300.jpg\" class=\"attachment-medium size-medium\" alt=\"\" srcset=\"https:\/\/www.radiopiu.net\/wordpress\/wp-content\/uploads\/2021\/02\/c7832055-bf5a-43c5-8afb-b96d312c2c09-169x300.jpg 169w, https:\/\/www.radiopiu.net\/wordpress\/wp-content\/uploads\/2021\/02\/c7832055-bf5a-43c5-8afb-b96d312c2c09-576x1024.jpg 576w, https:\/\/www.radiopiu.net\/wordpress\/wp-content\/uploads\/2021\/02\/c7832055-bf5a-43c5-8afb-b96d312c2c09-768x1365.jpg 768w, https:\/\/www.radiopiu.net\/wordpress\/wp-content\/uploads\/2021\/02\/c7832055-bf5a-43c5-8afb-b96d312c2c09-864x1536.jpg 864w, https:\/\/www.radiopiu.net\/wordpress\/wp-content\/uploads\/2021\/02\/c7832055-bf5a-43c5-8afb-b96d312c2c09.jpg 900w\" sizes=\"auto, (max-width: 169px) 100vw, 169px\" \/><\/a>\n\t\t\t\t<\/dt><\/dl><dl class='gallery-item'>\n\t\t\t\t<dt class='gallery-icon portrait'>\n\t\t\t\t\t<a class=\"rollover rollover-zoom dt-pswp-item\" title=\"9440b521-6f82-43b5-81a8-6dc0a0677d9b\" data-dt-img-description=\"\" data-large_image_width=\"900\" data-large_image_height=\"1600\"href='https:\/\/www.radiopiu.net\/wordpress\/wp-content\/uploads\/2021\/02\/9440b521-6f82-43b5-81a8-6dc0a0677d9b.jpg'><img loading=\"lazy\" decoding=\"async\" width=\"169\" height=\"300\" src=\"https:\/\/www.radiopiu.net\/wordpress\/wp-content\/uploads\/2021\/02\/9440b521-6f82-43b5-81a8-6dc0a0677d9b-169x300.jpg\" class=\"attachment-medium size-medium\" alt=\"\" srcset=\"https:\/\/www.radiopiu.net\/wordpress\/wp-content\/uploads\/2021\/02\/9440b521-6f82-43b5-81a8-6dc0a0677d9b-169x300.jpg 169w, https:\/\/www.radiopiu.net\/wordpress\/wp-content\/uploads\/2021\/02\/9440b521-6f82-43b5-81a8-6dc0a0677d9b-576x1024.jpg 576w, https:\/\/www.radiopiu.net\/wordpress\/wp-content\/uploads\/2021\/02\/9440b521-6f82-43b5-81a8-6dc0a0677d9b-768x1365.jpg 768w, https:\/\/www.radiopiu.net\/wordpress\/wp-content\/uploads\/2021\/02\/9440b521-6f82-43b5-81a8-6dc0a0677d9b-864x1536.jpg 864w, https:\/\/www.radiopiu.net\/wordpress\/wp-content\/uploads\/2021\/02\/9440b521-6f82-43b5-81a8-6dc0a0677d9b.jpg 900w\" sizes=\"auto, (max-width: 169px) 100vw, 169px\" \/><\/a>\n\t\t\t\t<\/dt><\/dl>\n\t\t\t\t<br style='clear: both' \/>\n\t\t\t<\/div>\n\n<p>&nbsp;<\/p>\n<hr \/>\n<p>&nbsp;<\/p>\n<blockquote>\n<h3>CERCASI FARMACISTI-COLLABORATORI AD AGORDO<\/h3>\n<\/blockquote>\n<p><strong><img loading=\"lazy\" decoding=\"async\" class=\"alignleft\" src=\"https:\/\/www.radiopiu.net\/wordpress\/wp-content\/uploads\/2020\/06\/e557474c-a46e-408a-ad77-242a0f3ef7c9.jpg\" width=\"133\" height=\"177\" \/>AGORDO<\/strong> L&#8217;Azienda Speciale Agordo Servizi ha indetto una selezione per la copertura di due posti e tempo pieno (40 ore) come Farmacista-collaboratore di primo livello. Il candidato dovr\u00e0 essere in grado di svolgere attivit\u00e0 ad elevato contenuto professionale di natura sanitaria o tecnica amministrativa in condizione di ampia autonomia. Le domande devono essere presentate entro le 12 del 3 marzo. Di seguito tutti i particolari compreso il calendario della prova che sar\u00e0 pubblicato sul sito agordofarmaciacomunale.it<\/p>\n<p>&nbsp;<\/p>\n<p>&nbsp;<\/p>\n<p>&nbsp;<\/p>\n<p>&nbsp;<\/p>\n<p>&nbsp;<\/p>\n<hr \/>\n<p>&nbsp;<\/p>\n<blockquote>\n<h3>MARTEDI&#8217; GRASSO CON LA BIBLIOTECA DI LIMANA<\/h3>\n<\/blockquote>\n<p><strong>LIMANA <\/strong><span style=\"color: #000000;\">La Biblioteca di Limana propone una lettura con burattini e pupazzi in streaming, proprio marted\u00ec grasso, ovvero il 16 febbraio, alle ore 18.00, per tutti i bambini dai 4 anni in su, dal titolo STORIE DI LUPI, con Alberto De Bastiani <\/span><span style=\"color: #000000;\">Il Comune di Limana infatti ha aderito alla 3^ edizione del progetto &#8220;SottoCoperta&#8221;, ideato dal Coordinamento Leggere per Leggere, Maga Camaja RCM e Armadio delle storie a colori. <\/span><span style=\"color: #000000;\">Le proposte per la rassegna di SottoCoperta3 sono 6, <u>4 letture\/spettacoli per bambini<\/u>, tutte alle ore 18.00 ed <u>2 eventi per adulti<\/u>, uno dedicato all&#8217;8 marzo, giorno della Festa della Donna, ed uno sabato 13 marzo con un concerto, questi ultimi entrambi alle ore 21.00. <\/span><span style=\"color: #000000;\">Trovate tutti i dettagli nella locandina.<\/span><\/p>\n<a href=\"https:\/\/www.radiopiu.net\/wordpress\/wp-content\/uploads\/2021\/02\/Sottocoperta3-Limana-locandina-con-contatti.pdf\" class=\"pdfemb-viewer\" style=\"\" data-width=\"max\" data-height=\"max\" data-toolbar=\"top\" data-toolbar-fixed=\"on\">Sottocoperta3 Limana locandina con contatti<\/a>\n<p>&nbsp;<\/p>\n<p>&nbsp;<\/p>\n<hr \/>\n<p>&nbsp;<\/p>\n<blockquote>\n<h3>AIDO E BEPPIANI PRENDONO I BELLUNESI PER LA GOLA:<\/h3>\n<\/blockquote>\n<p><strong><a href=\"https:\/\/www.radiopiu.net\/wordpress\/giornale-radiopiu-13-febbraio-2021-direttore-mirko-mezzacasa\/1-choco-aido-belluno\/\" rel=\"attachment wp-att-190712\"><img loading=\"lazy\" decoding=\"async\" class=\" wp-image-190712 alignleft\" src=\"https:\/\/www.radiopiu.net\/wordpress\/wp-content\/uploads\/2021\/02\/1-Choco-Aido-Belluno-300x225.jpg\" alt=\"\" width=\"173\" height=\"130\" srcset=\"https:\/\/www.radiopiu.net\/wordpress\/wp-content\/uploads\/2021\/02\/1-Choco-Aido-Belluno-300x225.jpg 300w, https:\/\/www.radiopiu.net\/wordpress\/wp-content\/uploads\/2021\/02\/1-Choco-Aido-Belluno-1024x769.jpg 1024w, https:\/\/www.radiopiu.net\/wordpress\/wp-content\/uploads\/2021\/02\/1-Choco-Aido-Belluno-768x577.jpg 768w, https:\/\/www.radiopiu.net\/wordpress\/wp-content\/uploads\/2021\/02\/1-Choco-Aido-Belluno.jpg 1200w\" sizes=\"auto, (max-width: 173px) 100vw, 173px\" \/><\/a>BELLUNO<\/strong> l\u2019Associazione italiana donazione di organi (Aido) di Belluno in occasione della pasqua\u00a0 lancia una nuova collaborazione con un laboratorio artigianale locale. Grazie alle sapienti mani della cioccolateria Beppiani, gli \u201caidini\u201d lanciano un nuovi gadget limited edition tutto da mangiare: una pecorella e un uovo di cioccolato dolomitico fatti a mano, sia per raccogliere fondi sia per divulgare il messaggio del dono e della donazione in maniera sempre nuova, anche attraverso il sostegno a un artigiano locale che da anni offre un prodotto di indiscussa qualit\u00e0. All\u2019interno del box si potranno trovare informazioni sulla donazione di organi\u00a0 Per avere il box \u00e8 consigliabile prenotare chiamando il 348 7304706 (Sandra): l\u2019offerta minima consigliata \u00e8 di 9 euro a confezione. Il devoluto sar\u00e0 impiegato per l\u2019attivit\u00e0 di promozione della cultura del dono nella provincia di Belluno.<\/p>\n<p>&nbsp;<\/p>\n<p>&nbsp;<\/p>\n<hr \/>\n<p>&nbsp;<\/p>\n<blockquote>\n<h3>SCUOLE IN RETE PER UN MONDO DI SOLIDARIETA&#8217; E PACE<\/h3>\n<\/blockquote>\n<p><strong>BELLUNO<\/strong>\u00a0 Evento dedicato ai genitori e ai cittadini,\u00a0 domani\u00a0 alle\u00a0 20.30 dalla piattaforma zoom o in diretta Youtube. All&#8217;incontro con gli studenti hanno gi\u00e0 partecipato 900 giovani, mentre al corso di formazione di oggi sono iscritti 170 docenti. Gli incontri sono organizzati dalle Scuole in Rete per un Mondo di Solidariet\u00e0 e Pace, dalla Consulta Provinciale degli Studenti, dall&#8217;Associazione Amici delle Scuole in Rete, in partnership con l&#8221;Ufficio Scolastico di Belluno Belluno Comunit\u00e0 che Educa e con il patrocinio della Provincia di Belluno. Approfondimenti sul sito <span style=\"color: #0000ff;\">www.studentibelluno.it.<\/span>\u00a0 Si tratta del primo di altri appuntamenti organizzati dalle Scuole in Rete sul tema di internet, opportunit\u00e0 e rischi dedicati, come da costume del network, agli studenti e alla comunit\u00e0 provinciale.<\/p>\n<blockquote><p>&nbsp;<\/p><\/blockquote>\n<p>&nbsp;<\/p>\n<hr \/>\n<p>&nbsp;<\/p>\n<blockquote>\n<h3>CARTA EUROPEA DEL TURISMO SOSTENIBILE PER IL PARCO NAZIONALE<\/h3>\n<\/blockquote>\n<p><strong>FELTRE<\/strong> La Carta Europea per il Turismo Sostenibile (CETS) \u00e8 uno strumento, assimilabile ad un percorso di certificazione, per promuovere il turismo sostenibile nei parchi e nelle aree naturali protette, conciliando le esigenze di conservazione della natura con quelle dello sviluppo socioeconomico delle comunit\u00e0 locali. Elemento centrale della CETS \u00e8 la collaborazione tra tutte le parti (pubbliche e private) interessate a sviluppare una strategia comune ed un piano d&#8217;azione per lo sviluppo turistico. A fianco del Parco sono impegnati nell\u2019applicazione della CETS i Comuni di Belluno, Cesiomaggiore, Feltre, Pedavena, Santa Giustina, Sedico e l\u2019Istituto Comprensivo di Feltre. Molte sono anche le Associazioni e i Consorzi che sono parte attiva.<\/p>\n<p>&nbsp;<\/p>\n<hr \/>\n<p>&nbsp;<\/p>\n<blockquote>\n<h3>NUOVI ORARI CALL CENTER COVID DAL 1\u00b0 FEBBRAIO 2021<\/h3>\n<\/blockquote>\n<p><strong><a href=\"https:\/\/www.radiopiu.net\/wordpress\/giornale-radiopiu-26-gennaio-2021-direttore-mirko-mezzacasa\/numero-covid_febbraio-2021\/\" rel=\"attachment wp-att-186852\"><img loading=\"lazy\" decoding=\"async\" class=\"wp-image-186852 alignleft\" src=\"https:\/\/www.radiopiu.net\/wordpress\/wp-content\/uploads\/2021\/01\/numero-covid_febbraio-2021-300x212.jpg\" alt=\"\" width=\"202\" height=\"143\" srcset=\"https:\/\/www.radiopiu.net\/wordpress\/wp-content\/uploads\/2021\/01\/numero-covid_febbraio-2021-300x212.jpg 300w, https:\/\/www.radiopiu.net\/wordpress\/wp-content\/uploads\/2021\/01\/numero-covid_febbraio-2021-1024x724.jpg 1024w, https:\/\/www.radiopiu.net\/wordpress\/wp-content\/uploads\/2021\/01\/numero-covid_febbraio-2021-768x543.jpg 768w, https:\/\/www.radiopiu.net\/wordpress\/wp-content\/uploads\/2021\/01\/numero-covid_febbraio-2021-1536x1086.jpg 1536w, https:\/\/www.radiopiu.net\/wordpress\/wp-content\/uploads\/2021\/01\/numero-covid_febbraio-2021.jpg 2000w\" sizes=\"auto, (max-width: 202px) 100vw, 202px\" \/><\/a> <\/strong><\/p>\n<p><strong>\u00a0<\/strong><\/p>\n<p><strong>BELLUNO <\/strong>L&#8217;importante rallentamento epidemico registrato nelle ultime settimane e la conseguente forte riduzione delle telefonate con richiesta di informazioni da parte dei cittadini, consentono di rimodulare giorni ed orari di attivit\u00e0 del CALL CENTER COVID Dal 1\u00b0 febbraio 2021 lo 0437\/514343 sar\u00e0 attivo dalle 8 alle 18 da luned\u00ec a sabato.<\/p>\n<p>&nbsp;<\/p>\n<p>&nbsp;<\/p>\n<p>&nbsp;<\/p>\n<p>&nbsp;<\/p>\n<hr \/>\n<p>&nbsp;<\/p>\n<blockquote>\n<h3>PR RANCH, RIPRENDE LA GINNASTICA ARTISTICA<\/h3>\n<\/blockquote>\n<p><strong>AGORDO<\/strong> Riprenderanno marted\u00ec 9 febbraio al PalaRova di Agordo i corsi di ginnastica artistica. L&#8217;appuntamento \u00e8 dalle 16:30 alle 18:30. Per informazioni contattare Donatella al 348 4352362.<\/p>\n<p>&nbsp;<\/p>\n<p>&nbsp;<\/p>\n<hr \/>\n<p>&nbsp;<\/p>\n<blockquote>\n<h3>MUSLA LANCIA UNA CHALLENGE IN OCCASIONE DELLA GIORNATA INTERNAZIONALE DELLA MADRE LINGUA<\/h3>\n<\/blockquote>\n<p><strong>AGORDO\u00a0<\/strong>Il 21 Febbraio sar\u00e0 la giornata internazionale della madre lingua. Il MUSLA ha pensato di festeggiare la giornata raccogliendo dei video fatti dagli abitanti dell&#8217;Agordino che nel proprio dialetto, da quello Fodom a quello del Poi, dovranno dire una parola agordina, da chi \u00e8 stata tramandata e come si adopera. Il video deve essere della durata massima di 10 secondi e si pu\u00f2 inviare al numero 388 4955756 via Whatsapp, via mail a musla.agordino@gmail.com o sulle messaggistiche dei social Facebook o Instagram collegandosi alla pagina del MUSLA.<\/p>\n<p><strong>IL VIDEO CHE DESCRIVE L&#8217;INIZIATIVA<\/strong><\/p>\n<div style=\"width: 1200px;\" class=\"wp-video\"><video class=\"wp-video-shortcode\" id=\"video-190920-1\" width=\"1200\" height=\"675\" preload=\"metadata\" controls=\"controls\"><source type=\"video\/mp4\" src=\"https:\/\/www.radiopiu.net\/wordpress\/wp-content\/uploads\/2021\/02\/MUSLA-CHALLENGE.mp4?_=1\" \/><a href=\"https:\/\/www.radiopiu.net\/wordpress\/wp-content\/uploads\/2021\/02\/MUSLA-CHALLENGE.mp4\">https:\/\/www.radiopiu.net\/wordpress\/wp-content\/uploads\/2021\/02\/MUSLA-CHALLENGE.mp4<\/a><\/video><\/div>\n<p>&nbsp;<\/p>\n<hr \/>\n<p>&nbsp;<\/p>\n<blockquote>\n<h2><span style=\"color: #ff0000;\">L&#8217;OPINIONE&#8230;DI FRANCO PIACENTINI<\/span><\/h2>\n<\/blockquote>\n<p><a href=\"https:\/\/www.radiopiu.net\/wordpress\/giornale-radiopiu-13-giugno-2020-direttore-mirko-mezzacasa\/vaccino\/\" rel=\"attachment wp-att-143923\"><img loading=\"lazy\" decoding=\"async\" class=\"size-medium wp-image-143923 alignleft\" src=\"https:\/\/www.radiopiu.net\/wordpress\/wp-content\/uploads\/2020\/06\/vaccino-300x200.jpg\" alt=\"\" width=\"300\" height=\"200\" srcset=\"https:\/\/www.radiopiu.net\/wordpress\/wp-content\/uploads\/2020\/06\/vaccino-300x200.jpg 300w, https:\/\/www.radiopiu.net\/wordpress\/wp-content\/uploads\/2020\/06\/vaccino-1024x683.jpg 1024w, https:\/\/www.radiopiu.net\/wordpress\/wp-content\/uploads\/2020\/06\/vaccino-768x512.jpg 768w, https:\/\/www.radiopiu.net\/wordpress\/wp-content\/uploads\/2020\/06\/vaccino-1536x1024.jpg 1536w, https:\/\/www.radiopiu.net\/wordpress\/wp-content\/uploads\/2020\/06\/vaccino.jpg 1920w\" sizes=\"auto, (max-width: 300px) 100vw, 300px\" \/><\/a>La storia si ripete. In tutte le situazioni di crisi e di emergenza: economica, occupazione, sociale e politica, nel passato e nel presente, non sono mancate e non mancano, incomprensibili contrapposizioni. Anche in questi giorni, qui in Veneto, sulla necessit\u00e0 urgente delle vaccinazioni per sconfiggere la pandemia, invece del buon senso e della collaborazione, stanno prevalendo inaccettabili polemiche. La stragrande maggioranza delle persone che vivono in Veneto, sfiancata da Covid 19, sono convinto, non sopporta la querelle tra autorevoli rappresentanti istituzionali, sindacali e imprenditoriali, sul diretto acquisto dei vaccini da parte della Giunta regionale. Su questa emergenza sanitaria, alle eccessive visibilit\u00e0 mediatiche, alla mania di protagonismo e alle polemiche, devono (dovrebbero) prevalere rapporti costruttivi nelle sedi di concertazione e di condivisione degli obiettivi per il bene comune. Oggi, non domani, le vaccinazioni, senza alcun distinguo di parte, devono essere garantire (anche) a tutti i veneti, non mettendo assolutamente in seconda fila d&#8217; attesa i volontari che quotidianamente sono al fianco di chi soffre.<\/p>\n<p>&nbsp;<\/p>\n<p>&nbsp;<\/p>\n<hr \/>\n<p>&nbsp;<\/p>\n<blockquote class=\"wp-embedded-content\" data-secret=\"AFF7AoQJj0\"><p><a href=\"https:\/\/www.radiopiu.net\/wordpress\/dalle-amiche-radio-grazie-al-corriere-delle-alpi\/\">DALLE AMICHE RADIO GRAZIE AL CORRIERE DELLE ALPI<\/a><\/p><\/blockquote>\n<p><iframe loading=\"lazy\" class=\"wp-embedded-content\" sandbox=\"allow-scripts\" security=\"restricted\" style=\"position: absolute; clip: rect(1px, 1px, 1px, 1px);\" title=\"&#8220;DALLE AMICHE RADIO GRAZIE AL CORRIERE DELLE ALPI&#8221; &#8212; Radio Pi\u00f9\" src=\"https:\/\/www.radiopiu.net\/wordpress\/dalle-amiche-radio-grazie-al-corriere-delle-alpi\/embed\/#?secret=AFF7AoQJj0\" data-secret=\"AFF7AoQJj0\" width=\"600\" height=\"338\" frameborder=\"0\" marginwidth=\"0\" marginheight=\"0\" scrolling=\"no\"><\/iframe><\/p>\n<p>&nbsp;<\/p>\n<hr \/>\n<p>&nbsp;<\/p>\n<blockquote>\n<h2>RITORNA AI MICROFONI DI RADIO PIU&#8217; FRANCESCO ZILLIO<br \/>\nterza puntata, stagione 2021 &#8211; auto elettriche.<\/h2>\n<\/blockquote>\n<p>&nbsp;<\/p>\n<p><iframe loading=\"lazy\" title=\"EPCENTER -EFFICIENZA ENERGETICA A SERVIZIO DELLE AUTO ELETTRICHE COMBINAZIONE POSITIVA DI TECNOLOGIA\" width=\"1200\" height=\"675\" src=\"https:\/\/www.youtube.com\/embed\/927qLatGDPc?start=246&#038;feature=oembed\" frameborder=\"0\" allow=\"accelerometer; autoplay; clipboard-write; encrypted-media; gyroscope; picture-in-picture\" allowfullscreen><\/iframe><\/p>\n<p>&nbsp;<\/p>\n<p><strong>LA VIDEO GALLERY\u00a0<\/strong><\/p>\n<blockquote class=\"wp-embedded-content\" data-secret=\"FSVLcfxNiH\"><p><a href=\"https:\/\/www.radiopiu.net\/wordpress\/ep-center-video-gallery\/\">EP CENTER video gallery<\/a><\/p><\/blockquote>\n<p><iframe loading=\"lazy\" class=\"wp-embedded-content\" sandbox=\"allow-scripts\" security=\"restricted\" style=\"position: absolute; clip: rect(1px, 1px, 1px, 1px);\" title=\"&#8220;EP CENTER video gallery&#8221; &#8212; Radio Pi\u00f9\" src=\"https:\/\/www.radiopiu.net\/wordpress\/ep-center-video-gallery\/embed\/#?secret=FSVLcfxNiH\" data-secret=\"FSVLcfxNiH\" width=\"600\" height=\"338\" frameborder=\"0\" marginwidth=\"0\" marginheight=\"0\" scrolling=\"no\"><\/iframe><\/p>\n<p>&nbsp;<\/p>\n<p>&nbsp;<\/p>\n<hr \/>\n<h3><\/h3>\n<blockquote>\n<h3>SEI A CASA, CON LUCIA SOCCOL. SPECIALE A PUNTATE<\/h3>\n<\/blockquote>\n<h2><span style=\"color: #ff0000;\">STAGIONE 2021 la nuova edizione TERZA STAGIONE<\/span><\/h2>\n<h3>TERZA PUNTATA con Lucia Soccol, case e mercato immobiliare, notizie e curiosit\u00e0. 11 FEBBRAIO 2021<\/h3>\n<h3>RACCOLTA COMPLETA<\/h3>\n<audio class=\"wp-audio-shortcode\" id=\"audio-190920-5\" preload=\"none\" style=\"width: 100%;\" controls=\"controls\"><source type=\"audio\/mpeg\" src=\"https:\/\/www.radiopiu.net\/wordpress\/wp-content\/uploads\/2021\/02\/sei-a-casa-11-febbraio.mp3?_=5\" \/><a href=\"https:\/\/www.radiopiu.net\/wordpress\/wp-content\/uploads\/2021\/02\/sei-a-casa-11-febbraio.mp3\">https:\/\/www.radiopiu.net\/wordpress\/wp-content\/uploads\/2021\/02\/sei-a-casa-11-febbraio.mp3<\/a><\/audio>\n<blockquote class=\"wp-embedded-content\" data-secret=\"QjhE4JdWoP\"><p><a href=\"https:\/\/www.radiopiu.net\/wordpress\/ieri-alla-radio-sei-a-casa1\/\">SEI A CASA, CON LUCIA SOCCOL. SPECIALE A PUNTATE.<\/a><\/p><\/blockquote>\n<p><iframe loading=\"lazy\" class=\"wp-embedded-content\" sandbox=\"allow-scripts\" security=\"restricted\" style=\"position: absolute; clip: rect(1px, 1px, 1px, 1px);\" title=\"&#8220;SEI A CASA, CON LUCIA SOCCOL. SPECIALE A PUNTATE.&#8221; &#8212; Radio Pi\u00f9\" src=\"https:\/\/www.radiopiu.net\/wordpress\/ieri-alla-radio-sei-a-casa1\/embed\/#?secret=QjhE4JdWoP\" data-secret=\"QjhE4JdWoP\" width=\"600\" height=\"338\" frameborder=\"0\" marginwidth=\"0\" marginheight=\"0\" scrolling=\"no\"><\/iframe><\/p>\n<p>&nbsp;<\/p>\n<hr \/>\n<p>&nbsp;<\/p>\n<blockquote>\n<h2><\/h2>\n<h2>FANTASTICHE DOLOMITI, NUOVA STAGIONE. APPUNTAMENTO QUINDICINALE IL GIOVEDI ALLE 10.30 E 19.00<\/h2>\n<\/blockquote>\n<p><span style=\"color: #000000;\"><strong>LA NUOVA PUNTATA i corsi di formazione della Fondazione 11 FEBBRAIO 2021<\/strong><\/span><\/p>\n<h2><span style=\"color: #ff0000;\"><a href=\"https:\/\/www.radiopiu.net\/wordpress\/https-wp-me-p63lo7-gyg\/th-39\/\" rel=\"attachment wp-att-190450\"><img loading=\"lazy\" decoding=\"async\" class=\" wp-image-190450 alignleft\" src=\"https:\/\/www.radiopiu.net\/wordpress\/wp-content\/uploads\/2021\/01\/th-6.jpg\" alt=\"\" width=\"153\" height=\"102\" \/><\/a>LA OTTAVA PUNTATA, formazione personalizzata<\/span><\/h2>\n<p><strong>OSPITE IL PRESIDENTE CLAUDIO CANOVA<\/strong><\/p>\n<audio class=\"wp-audio-shortcode\" id=\"audio-190920-6\" preload=\"none\" style=\"width: 100%;\" controls=\"controls\"><source type=\"audio\/mpeg\" src=\"https:\/\/www.radiopiu.net\/wordpress\/wp-content\/uploads\/2021\/02\/fantastiche-dolomiti-11-febbraio.mp3?_=6\" \/><a href=\"https:\/\/www.radiopiu.net\/wordpress\/wp-content\/uploads\/2021\/02\/fantastiche-dolomiti-11-febbraio.mp3\">https:\/\/www.radiopiu.net\/wordpress\/wp-content\/uploads\/2021\/02\/fantastiche-dolomiti-11-febbraio.mp3<\/a><\/audio>\n<h3><\/h3>\n<h3>LA RACCOLTA COMPLETA<\/h3>\n<p>https:\/\/www.radiopiu.net\/wordpress\/https-wp-me-p63lo7-gyg\/<\/p>\n<p>&nbsp;<\/p>\n<hr \/>\n<h2><\/h2>\n<h2><span style=\"color: #ff0000;\"><a href=\"https:\/\/www.radiopiu.net\/wordpress\/giornale-radiopiu-05-gennaio-2021-direttore-mirko-mezzacasa\/133200401_100838761953611_1258544160541445132_o-2\/\" rel=\"attachment wp-att-183078\"><img loading=\"lazy\" decoding=\"async\" class=\" wp-image-183078 alignleft\" src=\"https:\/\/www.radiopiu.net\/wordpress\/wp-content\/uploads\/2021\/01\/133200401_100838761953611_1258544160541445132_o-1-300x157.jpg\" alt=\"\" width=\"192\" height=\"101\" srcset=\"https:\/\/www.radiopiu.net\/wordpress\/wp-content\/uploads\/2021\/01\/133200401_100838761953611_1258544160541445132_o-1-300x157.jpg 300w, https:\/\/www.radiopiu.net\/wordpress\/wp-content\/uploads\/2021\/01\/133200401_100838761953611_1258544160541445132_o-1.jpg 526w\" sizes=\"auto, (max-width: 192px) 100vw, 192px\" \/><\/a>GOCCE DI FILOSOFIA, CON CHIARA CAU, CON LISA DE LUCA. <\/span><\/h2>\n<h2><span style=\"color: #ff0000;\">TUTTI I GIORNI DAL LUNEDI AL VENERDI ALLE 6.55 E ALLE 18.55<\/span><\/h2>\n<p>&nbsp;<\/p>\n<h3>LA RACCOLTA COMPLETA<\/h3>\n<blockquote class=\"wp-embedded-content\" data-secret=\"2MGTJuhxlZ\"><p><a href=\"https:\/\/www.radiopiu.net\/wordpress\/gocce-filosofia\/\">Gocce di filosofia<\/a><\/p><\/blockquote>\n<p><iframe loading=\"lazy\" class=\"wp-embedded-content\" sandbox=\"allow-scripts\" security=\"restricted\" style=\"position: absolute; clip: rect(1px, 1px, 1px, 1px);\" title=\"&#8220;Gocce di filosofia&#8221; &#8212; Radio Pi\u00f9\" src=\"https:\/\/www.radiopiu.net\/wordpress\/gocce-filosofia\/embed\/#?secret=2MGTJuhxlZ\" data-secret=\"2MGTJuhxlZ\" width=\"600\" height=\"338\" frameborder=\"0\" marginwidth=\"0\" marginheight=\"0\" scrolling=\"no\"><\/iframe><\/p>\n<p>&nbsp;<\/p>\n<hr \/>\n<p>&nbsp;<\/p>\n<div class=\"im_message_wrap clearfix\">\n<div class=\"im_content_message_wrap im_message_out\">\n<h2><span style=\"color: #ff0000;\">IERI ALLA RADIO\u00a0 IN VIVO VERSO 2020-21<\/span><\/h2>\n<p><strong><span style=\"color: #0000ff;\">IN ONDA DAL LUNEDI AL VENERDI ALLE 7.10, 10.10, 18.50\u00a0<\/span><\/strong><\/p>\n<p><strong>LA RACCOLTA<\/strong><\/p>\n<blockquote class=\"wp-embedded-content\" data-secret=\"lkT0jP8awC\"><p><a href=\"https:\/\/www.radiopiu.net\/wordpress\/in-vivo-verso\/\">In Vivo Verso<\/a><\/p><\/blockquote>\n<p><iframe loading=\"lazy\" class=\"wp-embedded-content\" sandbox=\"allow-scripts\" security=\"restricted\" style=\"position: absolute; clip: rect(1px, 1px, 1px, 1px);\" title=\"&#8220;In Vivo Verso&#8221; &#8212; Radio Pi\u00f9\" src=\"https:\/\/www.radiopiu.net\/wordpress\/in-vivo-verso\/embed\/#?secret=lkT0jP8awC\" data-secret=\"lkT0jP8awC\" width=\"600\" height=\"338\" frameborder=\"0\" marginwidth=\"0\" marginheight=\"0\" scrolling=\"no\"><\/iframe><\/p>\n<p>&nbsp;<\/p>\n<\/div>\n<\/div>\n<hr \/>\n<p>&nbsp;<\/p>\n<h2><span style=\"color: #808000;\">DUE MINUTI UN LIBRO\u00a0 TUTTI I GIORNI ALLA RADIO ALLE 9.30 E ALLE 18. QUINTA STAGIONE\u00a0 \u00a0\u00a0<\/span><\/h2>\n<blockquote class=\"wp-embedded-content\" data-secret=\"p7bJgbI4Ni\"><p><a href=\"https:\/\/www.radiopiu.net\/wordpress\/nella-luce-di-unalba-piu-fredda\/\">NELLA LUCE DI UN&#8217;ALBA PIU&#8217; FREDDA<\/a><\/p><\/blockquote>\n<p><iframe loading=\"lazy\" class=\"wp-embedded-content\" sandbox=\"allow-scripts\" security=\"restricted\" style=\"position: absolute; clip: rect(1px, 1px, 1px, 1px);\" title=\"&#8220;NELLA LUCE DI UN&#8217;ALBA PIU&#8217; FREDDA&#8221; &#8212; Radio Pi\u00f9\" src=\"https:\/\/www.radiopiu.net\/wordpress\/nella-luce-di-unalba-piu-fredda\/embed\/#?secret=p7bJgbI4Ni\" data-secret=\"p7bJgbI4Ni\" width=\"600\" height=\"338\" frameborder=\"0\" marginwidth=\"0\" marginheight=\"0\" scrolling=\"no\"><\/iframe><\/p>\n<h3><span style=\"color: #808000;\">\u00a0<\/span>LA RACCOLTA COMPLETA<\/h3>\n<blockquote class=\"wp-embedded-content\" data-secret=\"nR31cHjFCm\"><p><a href=\"https:\/\/www.radiopiu.net\/wordpress\/due-minuti-un-libro\/\">Due minuti un libro<\/a><\/p><\/blockquote>\n<p><iframe loading=\"lazy\" class=\"wp-embedded-content\" sandbox=\"allow-scripts\" security=\"restricted\" style=\"position: absolute; clip: rect(1px, 1px, 1px, 1px);\" title=\"&#8220;Due minuti un libro&#8221; &#8212; Radio Pi\u00f9\" src=\"https:\/\/www.radiopiu.net\/wordpress\/due-minuti-un-libro\/embed\/#?secret=nR31cHjFCm\" data-secret=\"nR31cHjFCm\" width=\"600\" height=\"338\" frameborder=\"0\" marginwidth=\"0\" marginheight=\"0\" scrolling=\"no\"><\/iframe><\/p>\n<p>&nbsp;<\/p>\n<hr \/>\n<p>&nbsp;<\/p>\n<blockquote>\n<h3><\/h3>\n<h3>luxotticaAgordo: IL TESTAMENTO DI PAOLO CHISSALE&#8217; da CISL LA VOCE DEI LAVORATORI<\/h3>\n<\/blockquote>\n<p><strong><img loading=\"lazy\" decoding=\"async\" class=\"alignleft\" src=\"https:\/\/www.radiopiu.net\/wordpress\/wp-content\/uploads\/2018\/01\/PAOLO-CHISSALE.jpg\" width=\"186\" height=\"124\" \/>AGORDO<\/strong> Anni, tanti anni. Settimane, una dietro l&#8217;altra. In studio e da casa in tempi di covid, ma Cisl La Voce dei Lavoratori non ha mai conosciuto pause se non quelle estive delle ferie. Paolo Chissal\u00e8 ha condotto un programma importante, atteso durante la settimana, ascoltato e riascoltato nei podcast. A Paolo il grazie per il grande impegno, la puntualit\u00e0 e la costanza nell&#8217;aggiornare sulla vita in fabbrica, soprattutto sull&#8217;importanza del contatto sindacale. Buona meritata pensione Paolo, con l&#8217;auspicio di averti ancora ospite della radio.<\/p>\n<p>Mirko Mezzacasa<\/p>\n<audio class=\"wp-audio-shortcode\" id=\"audio-190920-7\" preload=\"none\" style=\"width: 100%;\" controls=\"controls\"><source type=\"audio\/mpeg\" src=\"https:\/\/www.radiopiu.net\/wordpress\/wp-content\/uploads\/2021\/02\/CISL.mp3?_=7\" \/><a href=\"https:\/\/www.radiopiu.net\/wordpress\/wp-content\/uploads\/2021\/02\/CISL.mp3\">https:\/\/www.radiopiu.net\/wordpress\/wp-content\/uploads\/2021\/02\/CISL.mp3<\/a><\/audio>\n<p>&nbsp;<\/p>\n<p>&nbsp;<\/p>\n<p>&nbsp;<\/p>\n<hr \/>\n<blockquote>\n<h2><\/h2>\n<h2>CASSA SOLIDARIET\u00c0 LUXOTTICA<\/h2>\n<\/blockquote>\n<h3><strong><span style=\"color: #ff0000;\">IL NUMERO DI GENNAIO CON PAOLO CHISSALE&#8217; E FABRIZIO CAMPEDEL\u00a0\u00a0<\/span><\/strong><\/h3>\n<audio class=\"wp-audio-shortcode\" id=\"audio-190920-8\" preload=\"none\" style=\"width: 100%;\" controls=\"controls\"><source type=\"audio\/mpeg\" src=\"https:\/\/www.radiopiu.net\/wordpress\/wp-content\/uploads\/2021\/01\/ca-sol-lux-gennaio.mp3?_=8\" \/><a href=\"https:\/\/www.radiopiu.net\/wordpress\/wp-content\/uploads\/2021\/01\/ca-sol-lux-gennaio.mp3\">https:\/\/www.radiopiu.net\/wordpress\/wp-content\/uploads\/2021\/01\/ca-sol-lux-gennaio.mp3<\/a><\/audio>\n<blockquote>\n<h2>RACCOLTA COMPLETA<\/h2>\n<\/blockquote>\n<blockquote class=\"wp-embedded-content\" data-secret=\"o046pGuQKm\"><p><a href=\"https:\/\/www.radiopiu.net\/wordpress\/cassa-solidarieta-luxottica-puntata-del-16-ottobre-2020\/\">CASSA SOLIDARIET\u00c0 LUXOTTICA &#8211; PUNTATA DEL 20 NOVEMBRE 2020<\/a><\/p><\/blockquote>\n<p><iframe loading=\"lazy\" class=\"wp-embedded-content\" sandbox=\"allow-scripts\" security=\"restricted\" style=\"position: absolute; clip: rect(1px, 1px, 1px, 1px);\" title=\"&#8220;CASSA SOLIDARIET\u00c0 LUXOTTICA &#8211; PUNTATA DEL 20 NOVEMBRE 2020&#8221; &#8212; Radio Pi\u00f9\" src=\"https:\/\/www.radiopiu.net\/wordpress\/cassa-solidarieta-luxottica-puntata-del-16-ottobre-2020\/embed\/#?secret=o046pGuQKm\" data-secret=\"o046pGuQKm\" width=\"600\" height=\"338\" frameborder=\"0\" marginwidth=\"0\" marginheight=\"0\" scrolling=\"no\"><\/iframe><\/p>\n<p>&nbsp;<\/p>\n<div>\n<p>&nbsp;<\/p>\n<hr \/>\n<p>&nbsp;<\/p>\n<blockquote>\n<h3><a href=\"https:\/\/www.radiopiu.net\/wordpress\/giornale-radiopiu-06-febbraio-2019-direttore-mirko-mezzacasa\/logo_spi-cgil-800x445\/\" rel=\"attachment wp-att-75538\"><img loading=\"lazy\" decoding=\"async\" class=\"wp-image-75538 alignleft\" src=\"https:\/\/www.radiopiu.net\/wordpress\/wp-content\/uploads\/2019\/02\/Logo_Spi-CGIL-800x445-300x167.jpg\" alt=\"\" width=\"210\" height=\"117\" srcset=\"https:\/\/www.radiopiu.net\/wordpress\/wp-content\/uploads\/2019\/02\/Logo_Spi-CGIL-800x445-300x167.jpg 300w, https:\/\/www.radiopiu.net\/wordpress\/wp-content\/uploads\/2019\/02\/Logo_Spi-CGIL-800x445-768x427.jpg 768w, https:\/\/www.radiopiu.net\/wordpress\/wp-content\/uploads\/2019\/02\/Logo_Spi-CGIL-800x445.jpg 800w\" sizes=\"auto, (max-width: 210px) 100vw, 210px\" \/><\/a>ALLA RADIO, APPUNTAMENTO QUINDICINALE CON SPI-CGIL BELLUNO, IN STUDIO MARIA RITA GENTILIN<\/h3>\n<\/blockquote>\n<p><strong>di Claudio Fontanive<\/strong><\/p>\n<audio class=\"wp-audio-shortcode\" id=\"audio-190920-9\" preload=\"none\" style=\"width: 100%;\" controls=\"controls\"><source type=\"audio\/mpeg\" src=\"https:\/\/www.radiopiu.net\/wordpress\/wp-content\/uploads\/2021\/02\/spi-cgil-4-febbraio.mp3?_=9\" \/><a href=\"https:\/\/www.radiopiu.net\/wordpress\/wp-content\/uploads\/2021\/02\/spi-cgil-4-febbraio.mp3\">https:\/\/www.radiopiu.net\/wordpress\/wp-content\/uploads\/2021\/02\/spi-cgil-4-febbraio.mp3<\/a><\/audio>\n<p>&nbsp;<\/p>\n<p>&nbsp;<\/p>\n<p>&nbsp;<\/p>\n<hr \/>\n<p>&nbsp;<\/p>\n<blockquote>\n<h2><a href=\"https:\/\/www.radiopiu.net\/wordpress\/speciale-solidarieta-veneto\/solidarieta-veneto-3\/\" rel=\"attachment wp-att-134366\"><img loading=\"lazy\" decoding=\"async\" class=\"wp-image-134366 alignleft\" src=\"https:\/\/www.radiopiu.net\/wordpress\/wp-content\/uploads\/2020\/05\/solidariet\u00e0-veneto-300x210.jpg\" alt=\"\" width=\"102\" height=\"71\" srcset=\"https:\/\/www.radiopiu.net\/wordpress\/wp-content\/uploads\/2020\/05\/solidariet\u00e0-veneto-300x210.jpg 300w, https:\/\/www.radiopiu.net\/wordpress\/wp-content\/uploads\/2020\/05\/solidariet\u00e0-veneto-1024x717.jpg 1024w, https:\/\/www.radiopiu.net\/wordpress\/wp-content\/uploads\/2020\/05\/solidariet\u00e0-veneto-768x538.jpg 768w, https:\/\/www.radiopiu.net\/wordpress\/wp-content\/uploads\/2020\/05\/solidariet\u00e0-veneto.jpg 1373w\" sizes=\"auto, (max-width: 102px) 100vw, 102px\" \/><\/a>SOLIDARIETA&#8217; VENETO FONDO PENSIONE, IN ONDA IL PRIMO VENERDI DEL MESE ALLE 10.30 E ALLE 19.00 QUINTA STAGIONE<\/h2>\n<\/blockquote>\n<p><strong>AUDIO FEBBRAIO 2021<\/strong><\/p>\n<audio class=\"wp-audio-shortcode\" id=\"audio-190920-10\" preload=\"none\" style=\"width: 100%;\" controls=\"controls\"><source type=\"audio\/mpeg\" src=\"https:\/\/www.radiopiu.net\/wordpress\/wp-content\/uploads\/2021\/02\/solidarieta-veneto-febbraio.mp3?_=10\" \/><a href=\"https:\/\/www.radiopiu.net\/wordpress\/wp-content\/uploads\/2021\/02\/solidarieta-veneto-febbraio.mp3\">https:\/\/www.radiopiu.net\/wordpress\/wp-content\/uploads\/2021\/02\/solidarieta-veneto-febbraio.mp3<\/a><\/audio>\n<p>&nbsp;<\/p>\n<blockquote>\n<h2>RACCOLTA COMPLETA<\/h2>\n<\/blockquote>\n<blockquote class=\"wp-embedded-content\" data-secret=\"I9YFtOi4gy\"><p><a href=\"https:\/\/www.radiopiu.net\/wordpress\/solidarieta-veneto\/\">Solidariet\u00e0 Veneto<\/a><\/p><\/blockquote>\n<p><iframe loading=\"lazy\" class=\"wp-embedded-content\" sandbox=\"allow-scripts\" security=\"restricted\" style=\"position: absolute; clip: rect(1px, 1px, 1px, 1px);\" title=\"&#8220;Solidariet\u00e0 Veneto&#8221; &#8212; Radio Pi\u00f9\" src=\"https:\/\/www.radiopiu.net\/wordpress\/solidarieta-veneto\/embed\/#?secret=I9YFtOi4gy\" data-secret=\"I9YFtOi4gy\" width=\"600\" height=\"338\" frameborder=\"0\" marginwidth=\"0\" marginheight=\"0\" scrolling=\"no\"><\/iframe><\/p>\n<p>&nbsp;<\/p>\n<p>&nbsp;<\/p>\n<\/div>\n<p>&nbsp;<\/p>\n<hr \/>\n<blockquote>\n<div>\n<h2><span style=\"color: #ff0000;\">ALLA RADIO<\/span><\/h2>\n<h2><strong><a href=\"https:\/\/www.radiopiu.net\/wordpress\/giornale-radiopiu-10-febbraio-2021-direttore-mirko-mezzacasa\/b0ded265-bf8e-40fe-b7ef-2d725de56d26\/\" rel=\"attachment wp-att-189945\"><img loading=\"lazy\" decoding=\"async\" class=\"wp-image-189945 alignleft\" src=\"https:\/\/www.radiopiu.net\/wordpress\/wp-content\/uploads\/2021\/02\/b0ded265-bf8e-40fe-b7ef-2d725de56d26-208x300.jpg\" alt=\"\" width=\"119\" height=\"172\" srcset=\"https:\/\/www.radiopiu.net\/wordpress\/wp-content\/uploads\/2021\/02\/b0ded265-bf8e-40fe-b7ef-2d725de56d26-208x300.jpg 208w, https:\/\/www.radiopiu.net\/wordpress\/wp-content\/uploads\/2021\/02\/b0ded265-bf8e-40fe-b7ef-2d725de56d26.jpg 526w\" sizes=\"auto, (max-width: 119px) 100vw, 119px\" \/><\/a>LE\u00a0 PUNTATE di Luisa Alchini di Leggermente Bellunesi, la domenica alle 11, <span style=\"color: #0000ff;\">IL MARTEDI IN PRIMA EDIZIONE\u00a0<\/span> alle 10.30 e alle 19.00<\/strong><\/h2>\n<p><strong>LA PUNTATA DELLA SETTIMANA <\/strong>Celebriamo la 46\u00aa edizione dei Campionati mondiali di sci alpino 2021, che si tiene in questi giorni a Cortina, con il libro dedicato al 60\u00b0 anniversario dello Sci club Val Biois\u00a0 di Dario Fontanive ed Emilio Cagnati<\/p>\n<audio class=\"wp-audio-shortcode\" id=\"audio-190920-11\" preload=\"none\" style=\"width: 100%;\" controls=\"controls\"><source type=\"audio\/mpeg\" src=\"https:\/\/www.radiopiu.net\/wordpress\/wp-content\/uploads\/2021\/02\/18leggermentesciclubvalbios60anni.mp3?_=11\" \/><a href=\"https:\/\/www.radiopiu.net\/wordpress\/wp-content\/uploads\/2021\/02\/18leggermentesciclubvalbios60anni.mp3\">https:\/\/www.radiopiu.net\/wordpress\/wp-content\/uploads\/2021\/02\/18leggermentesciclubvalbios60anni.mp3<\/a><\/audio>\n<h2><strong style=\"font-size: 14px;\"><span style=\"color: #000000;\">RACCOLTA COMPLETA<\/span><\/strong><\/h2>\n<\/div>\n<blockquote class=\"wp-embedded-content\" data-secret=\"lVqumHkcCF\"><p><a href=\"https:\/\/www.radiopiu.net\/wordpress\/leggermente-20\/\">LEGGERmente&#8230;Bellunesi<\/a><\/p><\/blockquote>\n<p><iframe loading=\"lazy\" class=\"wp-embedded-content\" sandbox=\"allow-scripts\" security=\"restricted\" style=\"position: absolute; clip: rect(1px, 1px, 1px, 1px);\" title=\"&#8220;LEGGERmente&#8230;Bellunesi&#8221; &#8212; Radio Pi\u00f9\" src=\"https:\/\/www.radiopiu.net\/wordpress\/leggermente-20\/embed\/#?secret=lVqumHkcCF\" data-secret=\"lVqumHkcCF\" width=\"600\" height=\"338\" frameborder=\"0\" marginwidth=\"0\" marginheight=\"0\" scrolling=\"no\"><\/iframe><\/p>\n<p>&nbsp;<\/p>\n<hr \/>\n<h2><span style=\"color: #ff0000;\">ALLA RADIO<\/span><\/h2>\n<h2><span style=\"color: #008000;\"><a href=\"https:\/\/www.radiopiu.net\/wordpress\/giornale-radiopiu-03-febbraio-2021-direttore-mirko-mezzacasa\/girl-1469748__340\/\" rel=\"attachment wp-att-188542\"><img loading=\"lazy\" decoding=\"async\" class=\"wp-image-188542 alignleft\" src=\"https:\/\/www.radiopiu.net\/wordpress\/wp-content\/uploads\/2021\/02\/girl-1469748__340-300x200.jpg\" alt=\"\" width=\"173\" height=\"115\" srcset=\"https:\/\/www.radiopiu.net\/wordpress\/wp-content\/uploads\/2021\/02\/girl-1469748__340-300x200.jpg 300w, https:\/\/www.radiopiu.net\/wordpress\/wp-content\/uploads\/2021\/02\/girl-1469748__340.jpg 510w\" sizes=\"auto, (max-width: 173px) 100vw, 173px\" \/><\/a><\/span><\/h2>\n<h2><\/h2>\n<h2><span style=\"color: #008000;\">ERBE E PIANTE CURATIVE&#8230;IL NUOVO PROGRAMMA DI PAOLA LANCIATO<\/span><\/h2>\n<p><strong>LA SECONDA PUNTATA\u00a0<\/strong><\/p>\n<audio class=\"wp-audio-shortcode\" id=\"audio-190920-12\" preload=\"none\" style=\"width: 100%;\" controls=\"controls\"><source type=\"audio\/mpeg\" src=\"https:\/\/www.radiopiu.net\/wordpress\/wp-content\/uploads\/2021\/02\/ERBE-1.mp3?_=12\" \/><a href=\"https:\/\/www.radiopiu.net\/wordpress\/wp-content\/uploads\/2021\/02\/ERBE-1.mp3\">https:\/\/www.radiopiu.net\/wordpress\/wp-content\/uploads\/2021\/02\/ERBE-1.mp3<\/a><\/audio>\n<p><strong>LA RACCOLTA COMPLETA<\/strong><\/p>\n<blockquote class=\"wp-embedded-content\" data-secret=\"nWIjpkrdom\"><p><a href=\"https:\/\/www.radiopiu.net\/wordpress\/erbe-e-piante-curative\/\">ERBE E PIANTE CURATIVE<\/a><\/p><\/blockquote>\n<p><iframe loading=\"lazy\" class=\"wp-embedded-content\" sandbox=\"allow-scripts\" security=\"restricted\" style=\"position: absolute; clip: rect(1px, 1px, 1px, 1px);\" title=\"&#8220;ERBE E PIANTE CURATIVE&#8221; &#8212; Radio Pi\u00f9\" src=\"https:\/\/www.radiopiu.net\/wordpress\/erbe-e-piante-curative\/embed\/#?secret=nWIjpkrdom\" data-secret=\"nWIjpkrdom\" width=\"600\" height=\"338\" frameborder=\"0\" marginwidth=\"0\" marginheight=\"0\" scrolling=\"no\"><\/iframe><\/p>\n<p>&nbsp;<\/p>\n<p>&nbsp;<\/p><\/blockquote>\n<hr \/>\n<blockquote><p>&nbsp;<\/p>\n<h1>Training di Biodinamica Craniosacrale<\/h1>\n<\/blockquote>\n<p><em>Un profondo lavoro sul corpo e attraverso il corpo che si trasforma in un<\/em><em>viaggio alla scoperta di se stessi e delle proprie potenzialit\u00e0.\u00a0<\/em><\/p>\n<p><strong><a href=\"https:\/\/www.radiopiu.net\/wordpress\/covid-zaia-su-dati-europei-ecdc-non-realistici-perche-quelli-italiani-non-sono-uniformi-e-persino-ovvio-che-chi-fa-piu-tamponi-trova-piu-casi-ma-non-se\/pp-47\/\" rel=\"attachment wp-att-186942\"><img loading=\"lazy\" decoding=\"async\" class=\"wp-image-186942 alignleft\" src=\"https:\/\/www.radiopiu.net\/wordpress\/wp-content\/uploads\/2021\/01\/pp-2-300x300.jpg\" alt=\"\" width=\"174\" height=\"174\" srcset=\"https:\/\/www.radiopiu.net\/wordpress\/wp-content\/uploads\/2021\/01\/pp-2-300x300.jpg 300w, https:\/\/www.radiopiu.net\/wordpress\/wp-content\/uploads\/2021\/01\/pp-2-150x150.jpg 150w, https:\/\/www.radiopiu.net\/wordpress\/wp-content\/uploads\/2021\/01\/pp-2.jpg 640w\" sizes=\"auto, (max-width: 174px) 100vw, 174px\" \/><\/a>BELLUNO<\/strong> L&#8217;associazione culturale MU APS arriva a Belluno per presentare una tecnica manuale delicata e profonda che sostiene e stimola la capacit\u00e0 di autoguarigione nel corpo. Fa parte delle Discipline del Benessere e Bionaturali, e pu\u00f2 essere intrapreso sia come percorso professionale, sia come percorso di crescita personale. <strong>Per info, sessioni di prova e prenotazioni:Brunella Moro <span style=\"color: #0000ff;\">info@esteticaglamour.it<\/span> 347\/7742512 ISCRIZIONI ENTRO IL 15 MARZO SCONTO 10%\u00a0<\/strong><\/p>\n<p><span style=\"color: #ff0000;\">AUDIO BRUNELLA MORO<\/span><\/p>\n<audio class=\"wp-audio-shortcode\" id=\"audio-190920-13\" preload=\"none\" style=\"width: 100%;\" controls=\"controls\"><source type=\"audio\/mpeg\" src=\"https:\/\/www.radiopiu.net\/wordpress\/wp-content\/uploads\/2021\/01\/brunella.mp3?_=13\" \/><a href=\"https:\/\/www.radiopiu.net\/wordpress\/wp-content\/uploads\/2021\/01\/brunella.mp3\">https:\/\/www.radiopiu.net\/wordpress\/wp-content\/uploads\/2021\/01\/brunella.mp3<\/a><\/audio>\n<p>&nbsp;<\/p>\n<p>&nbsp;<\/p>\n<hr \/>\n<p>&nbsp;<\/p>\n<blockquote>\n<h1><\/h1>\n<blockquote>\n<h2>SALUTE E SOCIETA&#8217; IL LUNEDI ALLE 13.10 E ALLE 20.10, LA DOMENICA ALLE 10.30 A CURA DEL DOTTOR MARCO CARACCIOLO. QUINTA STAGIONE<\/h2>\n<\/blockquote>\n<p><img loading=\"lazy\" decoding=\"async\" class=\"alignleft\" src=\"https:\/\/www.radiopiu.net\/wordpress\/wp-content\/uploads\/2021\/02\/doc-gior.jpg\" width=\"208\" height=\"138\" \/>L\u2019intergruppo parlamentare \u00abInsieme per un impegno contro il cancro\u00bb \u00e8 nato per superare ritardi nell\u2019assistenza e gravi disparit\u00e0 tra pazienti a livello regionale. Sono 15 punti alla base dell\u2019Accordo di legislatura tra politici e associazioni di pazienti che hanno dato vita al progetto \u00abLa salute: un bene da difendere, un diritto da promuovere\u00bb. Stefano Bellomo Avvocato Giuslavorista, Professore ordinario di Diritto del Lavoro Sapienza Universit\u00e0 di Roma Marina Puligheddu Dirigente Medico Legale I livello, Coordinamento Generale Medico Legale INPS Area Prestazioni a Sostegno del Reddito Annamaria Mancuso Coordinatrice del gruppo \u201cLa salute: un bene da difendere, un diritto da promuovere\u201d e Presidente Salute Donna Onlus<\/p>\n<h3>LA RACCOLTA COMPLETA<\/h3>\n<audio class=\"wp-audio-shortcode\" id=\"audio-190920-14\" preload=\"none\" style=\"width: 100%;\" controls=\"controls\"><source type=\"audio\/mpeg\" src=\"https:\/\/www.radiopiu.net\/wordpress\/wp-content\/uploads\/2021\/02\/SALUTE-1.mp3?_=14\" \/><a href=\"https:\/\/www.radiopiu.net\/wordpress\/wp-content\/uploads\/2021\/02\/SALUTE-1.mp3\">https:\/\/www.radiopiu.net\/wordpress\/wp-content\/uploads\/2021\/02\/SALUTE-1.mp3<\/a><\/audio>\n<blockquote class=\"wp-embedded-content\" data-secret=\"GzWGVw31en\"><p><a href=\"https:\/\/www.radiopiu.net\/wordpress\/saluteesocieta\/\">Salute e Societ\u00e0<\/a><\/p><\/blockquote>\n<p><iframe loading=\"lazy\" class=\"wp-embedded-content\" sandbox=\"allow-scripts\" security=\"restricted\" style=\"position: absolute; clip: rect(1px, 1px, 1px, 1px);\" title=\"&#8220;Salute e Societ\u00e0&#8221; &#8212; Radio Pi\u00f9\" src=\"https:\/\/www.radiopiu.net\/wordpress\/saluteesocieta\/embed\/#?secret=GzWGVw31en\" data-secret=\"GzWGVw31en\" width=\"600\" height=\"338\" frameborder=\"0\" marginwidth=\"0\" marginheight=\"0\" scrolling=\"no\"><\/iframe><\/p>\n<hr \/>\n<h2><\/h2>\n<h3 class=\"kvgmc6g5 cxmmr5t8 oygrvhab hcukyx3x c1et5uql\"><span style=\"color: #0000ff;\">INFORMAZIONE il canale su TELEGRAM informazione di prima mano e in tempo reale. iscriviti ed aiutaci a farlo conoscere\u00a0<\/span><\/h3>\n<h2>007 IN CONDOTTA CON LA PROF. MARIA ROSA SALMAZO IL LUNEDI ALLE 10,30 E ALLE 19.00 LA DOMENICA ALLE 8 DEL MATTINO. NONA STAGIONE<\/h2>\n<p><strong>LA PUNTATA DELLA SETTIMANA Iscrizioni chiuse per il prossimo anno\u00a0<\/strong><\/p>\n<audio class=\"wp-audio-shortcode\" id=\"audio-190920-15\" preload=\"none\" style=\"width: 100%;\" controls=\"controls\"><source type=\"audio\/mpeg\" src=\"https:\/\/www.radiopiu.net\/wordpress\/wp-content\/uploads\/2021\/02\/007-8-febbraio.mp3?_=15\" \/><a href=\"https:\/\/www.radiopiu.net\/wordpress\/wp-content\/uploads\/2021\/02\/007-8-febbraio.mp3\">https:\/\/www.radiopiu.net\/wordpress\/wp-content\/uploads\/2021\/02\/007-8-febbraio.mp3<\/a><\/audio>\n<h2>LA RACCOLTA COMPLETA<\/h2>\n<blockquote class=\"wp-embedded-content\" data-secret=\"eYl2GsReth\"><p><a href=\"https:\/\/www.radiopiu.net\/wordpress\/007incondotta-9\/\">007 in condotta<\/a><\/p><\/blockquote>\n<p><iframe loading=\"lazy\" class=\"wp-embedded-content\" sandbox=\"allow-scripts\" security=\"restricted\" style=\"position: absolute; clip: rect(1px, 1px, 1px, 1px);\" title=\"&#8220;007 in condotta&#8221; &#8212; Radio Pi\u00f9\" src=\"https:\/\/www.radiopiu.net\/wordpress\/007incondotta-9\/embed\/#?secret=eYl2GsReth\" data-secret=\"eYl2GsReth\" width=\"600\" height=\"338\" frameborder=\"0\" marginwidth=\"0\" marginheight=\"0\" scrolling=\"no\"><\/iframe><\/p>\n<p>&nbsp;<\/p>\n<p>&nbsp;<\/p><\/blockquote>\n<p>&nbsp;<\/p>\n<p>&nbsp;<\/p>\n<hr \/>\n<p>&nbsp;<\/p>\n<div dir=\"auto\">\n<div>\n<h2><span style=\"color: #800080;\"><strong>LA RASSEGNA STAMPA DA L&#8217;AMICO DEL POPOLO\u00a0<\/strong><\/span><\/h2>\n<h3 class=\"kvgmc6g5 cxmmr5t8 oygrvhab hcukyx3x c1et5uql\"><span style=\"color: #0000ff;\"> INFORMAZIONE il canale su TELEGRAM informazione di prima mano e in tempo reale. iscriviti ed aiutaci a farlo conoscere\u00a0<\/span><\/h3>\n<p><strong><a href=\"https:\/\/www.radiopiu.net\/wordpress\/diana-iraci-chiede-le-pubblicazioni-delle-sue-interrogazioni-allamministrazione-di-rocca-pietore\/rocca-pietore-2\/\" rel=\"attachment wp-att-127376\"><img loading=\"lazy\" decoding=\"async\" class=\"size-medium wp-image-127376 alignleft\" src=\"https:\/\/www.radiopiu.net\/wordpress\/wp-content\/uploads\/2020\/04\/ROCCA-PIETORE-300x173.png\" alt=\"\" width=\"300\" height=\"173\" srcset=\"https:\/\/www.radiopiu.net\/wordpress\/wp-content\/uploads\/2020\/04\/ROCCA-PIETORE-300x173.png 300w, https:\/\/www.radiopiu.net\/wordpress\/wp-content\/uploads\/2020\/04\/ROCCA-PIETORE.png 712w\" sizes=\"auto, (max-width: 300px) 100vw, 300px\" \/><\/a>di Gianni Santomaso<\/strong><\/p>\n<p><strong>OSPITE<\/strong>: Diana Iraci, Consigliere di minoranza del comune di Rocca Pietore<\/p>\n<audio class=\"wp-audio-shortcode\" id=\"audio-190920-16\" preload=\"none\" style=\"width: 100%;\" controls=\"controls\"><source type=\"audio\/mpeg\" src=\"https:\/\/www.radiopiu.net\/wordpress\/wp-content\/uploads\/2021\/02\/RASSEGNA-GIANNI-1.mp3?_=16\" \/><a href=\"https:\/\/www.radiopiu.net\/wordpress\/wp-content\/uploads\/2021\/02\/RASSEGNA-GIANNI-1.mp3\">https:\/\/www.radiopiu.net\/wordpress\/wp-content\/uploads\/2021\/02\/RASSEGNA-GIANNI-1.mp3<\/a><\/audio>\n<p>&nbsp;<\/p>\n<p><strong>LA RACCOLTA COMPLETA<\/strong><\/p>\n<blockquote class=\"wp-embedded-content\" data-secret=\"0DVPEPWVe8\"><p><a href=\"https:\/\/www.radiopiu.net\/wordpress\/rassegna-stampa-di-gianni-santomaso\/\">Rassegna stampa da l&#8217;amico del popolo &#8211; di Gianni Santomaso<\/a><\/p><\/blockquote>\n<p><iframe loading=\"lazy\" class=\"wp-embedded-content\" sandbox=\"allow-scripts\" security=\"restricted\" style=\"position: absolute; clip: rect(1px, 1px, 1px, 1px);\" title=\"&#8220;Rassegna stampa da l&#8217;amico del popolo &#8211; di Gianni Santomaso&#8221; &#8212; Radio Pi\u00f9\" src=\"https:\/\/www.radiopiu.net\/wordpress\/rassegna-stampa-di-gianni-santomaso\/embed\/#?secret=0DVPEPWVe8\" data-secret=\"0DVPEPWVe8\" width=\"600\" height=\"338\" frameborder=\"0\" marginwidth=\"0\" marginheight=\"0\" scrolling=\"no\"><\/iframe><\/p>\n<p>&nbsp;<\/p>\n<p>&nbsp;<\/p>\n<hr \/>\n<p>&nbsp;<\/p>\n<p>&nbsp;<\/p>\n<div>\n<h2><span style=\"color: #33cccc;\">I RACCONTI DI PAOLO SOPPELSA il lunedi alle 9.30 e 18.30<\/span><\/h2>\n<blockquote class=\"wp-embedded-content\" data-secret=\"05rfo0sWxf\"><p><a href=\"https:\/\/www.radiopiu.net\/wordpress\/i-racconti-di-paolo-soppelsa-sessantunesima-puntata\/\">I RACCONTI DI PAOLO SOPPELSA SESSANTUNESIMA PUNTATA<\/a><\/p><\/blockquote>\n<p><iframe loading=\"lazy\" class=\"wp-embedded-content\" sandbox=\"allow-scripts\" security=\"restricted\" style=\"position: absolute; clip: rect(1px, 1px, 1px, 1px);\" title=\"&#8220;I RACCONTI DI PAOLO SOPPELSA SESSANTUNESIMA PUNTATA&#8221; &#8212; Radio Pi\u00f9\" src=\"https:\/\/www.radiopiu.net\/wordpress\/i-racconti-di-paolo-soppelsa-sessantunesima-puntata\/embed\/#?secret=05rfo0sWxf\" data-secret=\"05rfo0sWxf\" width=\"600\" height=\"338\" frameborder=\"0\" marginwidth=\"0\" marginheight=\"0\" scrolling=\"no\"><\/iframe><\/p>\n<h3 class=\"kvgmc6g5 cxmmr5t8 oygrvhab hcukyx3x c1et5uql\"><span style=\"color: #0000ff;\">INFORMAZIONE il canale su TELEGRAM informazione di prima mano e in tempo reale. iscriviti ed aiutaci a farlo conoscere\u00a0<\/span><\/h3>\n<h2><span style=\"color: #33cccc;\"><strong>RACCOLTA COMPLETA<\/strong><\/span><\/h2>\n<blockquote class=\"wp-embedded-content\" data-secret=\"82S9fBxZMo\"><p><a href=\"https:\/\/www.radiopiu.net\/wordpress\/i-racconti-di-paolo-soppelsa\/\">I racconti di Paolo Soppelsa<\/a><\/p><\/blockquote>\n<p><iframe loading=\"lazy\" class=\"wp-embedded-content\" sandbox=\"allow-scripts\" security=\"restricted\" style=\"position: absolute; clip: rect(1px, 1px, 1px, 1px);\" title=\"&#8220;I racconti di Paolo Soppelsa&#8221; &#8212; Radio Pi\u00f9\" src=\"https:\/\/www.radiopiu.net\/wordpress\/i-racconti-di-paolo-soppelsa\/embed\/#?secret=82S9fBxZMo\" data-secret=\"82S9fBxZMo\" width=\"600\" height=\"338\" frameborder=\"0\" marginwidth=\"0\" marginheight=\"0\" scrolling=\"no\"><\/iframe><\/p>\n<\/div>\n<p>&nbsp;<\/p>\n<hr \/>\n<p>&nbsp;<\/p>\n<blockquote>\n<h3><a href=\"https:\/\/www.radiopiu.net\/wordpress\/almanacco-ladino-puntata-5-2020\/sn\/\" rel=\"attachment wp-att-180931\"><img loading=\"lazy\" decoding=\"async\" class=\"wp-image-180931 alignleft\" src=\"https:\/\/www.radiopiu.net\/wordpress\/wp-content\/uploads\/2020\/12\/sn-300x194.jpg\" alt=\"\" width=\"181\" height=\"117\" srcset=\"https:\/\/www.radiopiu.net\/wordpress\/wp-content\/uploads\/2020\/12\/sn-300x194.jpg 300w, https:\/\/www.radiopiu.net\/wordpress\/wp-content\/uploads\/2020\/12\/sn.jpg 626w\" sizes=\"auto, (max-width: 181px) 100vw, 181px\" \/><\/a>L&#8217;ALMANACCO LADINO CON L&#8217;ISTITUT CESA DE JAN QUINDICINALE APPUNTAMENTO. LA DOMENICA ALLE 9 IL LUNEDI ALLE 8.35 IL MARTEDI ALLE 12.35 IL MERCOLEDI ALLE 18.35. SECONDA STAGIONE.<\/h3>\n<\/blockquote>\n<p><strong>RACCOLTA COMPLETA\u00a0<\/strong><\/p>\n<blockquote class=\"wp-embedded-content\" data-secret=\"tiwyJGYN5l\"><p><a href=\"https:\/\/www.radiopiu.net\/wordpress\/almanacco-ladino\/\">Almanacco Ladino<\/a><\/p><\/blockquote>\n<p><iframe loading=\"lazy\" class=\"wp-embedded-content\" sandbox=\"allow-scripts\" security=\"restricted\" style=\"position: absolute; clip: rect(1px, 1px, 1px, 1px);\" title=\"&#8220;Almanacco Ladino&#8221; &#8212; Radio Pi\u00f9\" src=\"https:\/\/www.radiopiu.net\/wordpress\/almanacco-ladino\/embed\/#?secret=tiwyJGYN5l\" data-secret=\"tiwyJGYN5l\" width=\"600\" height=\"338\" frameborder=\"0\" marginwidth=\"0\" marginheight=\"0\" scrolling=\"no\"><\/iframe><\/p>\n<p>&nbsp;<\/p>\n<\/div>\n<hr \/>\n<div>\n<h2><span style=\"color: #000080;\"><a class=\"dt-pswp-item\" href=\"https:\/\/www.radiopiu.net\/wordpress\/wp-content\/uploads\/2020\/10\/pp.jpg\" data-dt-img-description=\"\" data-large_image_width=\"640\" data-large_image_height=\"640\"><img loading=\"lazy\" decoding=\"async\" class=\"wp-image-163678 alignleft\" src=\"https:\/\/www.radiopiu.net\/wordpress\/wp-content\/uploads\/2020\/10\/pp-300x300.jpg\" alt=\"\" width=\"106\" height=\"106\" srcset=\"https:\/\/www.radiopiu.net\/wordpress\/wp-content\/uploads\/2020\/10\/pp-300x300.jpg 300w, https:\/\/www.radiopiu.net\/wordpress\/wp-content\/uploads\/2020\/10\/pp-150x150.jpg 150w, https:\/\/www.radiopiu.net\/wordpress\/wp-content\/uploads\/2020\/10\/pp-125x125.jpg 125w, https:\/\/www.radiopiu.net\/wordpress\/wp-content\/uploads\/2020\/10\/pp-200x200.jpg 200w, https:\/\/www.radiopiu.net\/wordpress\/wp-content\/uploads\/2020\/10\/pp-80x80.jpg 80w, https:\/\/www.radiopiu.net\/wordpress\/wp-content\/uploads\/2020\/10\/pp-480x480.jpg 480w, https:\/\/www.radiopiu.net\/wordpress\/wp-content\/uploads\/2020\/10\/pp.jpg 640w\" sizes=\"auto, (max-width: 106px) 100vw, 106px\" \/><\/a> <\/span><\/h2>\n<h2><span style=\"color: #000080;\">DON CESARE, IL PENSIERO DEL GIORNO. ALLA RADIO ALLE 7 DEL MATTINO E ALLE 19.30 DELLA SERA.\u00a0\u00a0<\/span><\/h2>\n<p>&nbsp;<\/p>\n<\/div>\n<p>&nbsp;<\/p>\n<audio class=\"wp-audio-shortcode\" id=\"audio-190920-17\" preload=\"none\" style=\"width: 100%;\" controls=\"controls\"><source type=\"audio\/mpeg\" src=\"https:\/\/www.radiopiu.net\/wordpress\/wp-content\/uploads\/2021\/02\/CESARE-9.mp3?_=17\" \/><a href=\"https:\/\/www.radiopiu.net\/wordpress\/wp-content\/uploads\/2021\/02\/CESARE-9.mp3\">https:\/\/www.radiopiu.net\/wordpress\/wp-content\/uploads\/2021\/02\/CESARE-9.mp3<\/a><\/audio>\n<hr \/>\n<p>&nbsp;<\/p>\n<h2><a href=\"https:\/\/www.radiopiu.net\/wordpress\/laugurio-di-monsignor-giorgio-lise-agli-agordini\/don-giorgio-lise\/\" rel=\"attachment wp-att-177420\"><img loading=\"lazy\" decoding=\"async\" class=\"size-medium wp-image-177420 alignleft\" src=\"https:\/\/www.radiopiu.net\/wordpress\/wp-content\/uploads\/2020\/12\/DON-GIORGIO-LISE-300x169.jpg\" alt=\"\" width=\"300\" height=\"169\" srcset=\"https:\/\/www.radiopiu.net\/wordpress\/wp-content\/uploads\/2020\/12\/DON-GIORGIO-LISE-300x169.jpg 300w, https:\/\/www.radiopiu.net\/wordpress\/wp-content\/uploads\/2020\/12\/DON-GIORGIO-LISE-1024x577.jpg 1024w, https:\/\/www.radiopiu.net\/wordpress\/wp-content\/uploads\/2020\/12\/DON-GIORGIO-LISE-768x432.jpg 768w, https:\/\/www.radiopiu.net\/wordpress\/wp-content\/uploads\/2020\/12\/DON-GIORGIO-LISE-1536x865.jpg 1536w, https:\/\/www.radiopiu.net\/wordpress\/wp-content\/uploads\/2020\/12\/DON-GIORGIO-LISE.jpg 1600w\" sizes=\"auto, (max-width: 300px) 100vw, 300px\" \/><\/a><span style=\"color: #008080;\">DUE MINUTI PER TE&#8230;CON DON GIORGIO LISE<\/span><\/h2>\n<audio class=\"wp-audio-shortcode\" id=\"audio-190920-18\" preload=\"none\" style=\"width: 100%;\" controls=\"controls\"><source type=\"audio\/mpeg\" src=\"https:\/\/www.radiopiu.net\/wordpress\/wp-content\/uploads\/2021\/02\/DON-GIORGIO-1.mp3?_=18\" \/><a href=\"https:\/\/www.radiopiu.net\/wordpress\/wp-content\/uploads\/2021\/02\/DON-GIORGIO-1.mp3\">https:\/\/www.radiopiu.net\/wordpress\/wp-content\/uploads\/2021\/02\/DON-GIORGIO-1.mp3<\/a><\/audio>\n<p>&nbsp;<\/p>\n<hr \/>\n<p>&nbsp;<\/p>\n<div>\n<p class=\"photoswipe-wrapper\"><a class=\"dt-pswp-item pspw-wrap-ready\" href=\"https:\/\/i0.wp.com\/www.radiopiu.net\/wordpress\/wp-content\/uploads\/2018\/09\/viabilita.jpeg?ssl=1\" data-dt-img-description=\"\" data-large_image_width=\"800\" data-large_image_height=\"100\"><img loading=\"lazy\" decoding=\"async\" class=\"aligncenter wp-image-61954 size-full\" src=\"https:\/\/i0.wp.com\/www.radiopiu.net\/wordpress\/wp-content\/uploads\/2018\/09\/viabilita.jpeg?resize=800%2C100&amp;ssl=1\" sizes=\"auto, (max-width: 800px) 100vw, 800px\" srcset=\"https:\/\/i0.wp.com\/www.radiopiu.net\/wordpress\/wp-content\/uploads\/2018\/09\/viabilita.jpeg?w=800&amp;ssl=1 800w, https:\/\/i0.wp.com\/www.radiopiu.net\/wordpress\/wp-content\/uploads\/2018\/09\/viabilita.jpeg?resize=300%2C38&amp;ssl=1 300w, https:\/\/i0.wp.com\/www.radiopiu.net\/wordpress\/wp-content\/uploads\/2018\/09\/viabilita.jpeg?resize=768%2C96&amp;ssl=1 768w\" alt=\"\" width=\"800\" height=\"100\" \/><\/a><\/p>\n<\/div>\n<p>&nbsp;<\/p>\n<p><strong>SP 422 DELL&#8217;ALPAGO E DEL CANSIGLIO<\/strong> dal 17 al 23 febbraio interdizioni totali alla viabilit\u00e0 in localit\u00e0 Ponte Maina di Tambre dalle 9 alle 12:30, dalle 14:30 alle 15:40 e dalle 15:50 alle 17:45 per taglio e realizzazione drenaggi sul corpo frana<\/p>\n<p><strong>SP 251 DELLA VAL DI ZOLDO E CELLINA<\/strong> Istituzione di senso unico alternato regolato da semaforo nel comune di Val di Zoldo per messa in sicurezza della strada<\/p>\n<p><strong>SP 42 CAVALLERA<\/strong> fino a revoca, chiusura della strada nell&#8217;abitato di Perarolo per attivazione emergenza frana &#8220;Busa del Cristo&#8221;<\/p>\n<p><strong>S.P.2 DELLA VALLE DEL MIS\u00a0<\/strong>Interdizione totale al traffico fino a revoca dal km 14,920 (localit\u00e0 Gona Bassa) al km 20,650 (localit\u00e0 Titele) per cedimento della carreggiata<\/p>\n<p><strong>S.P. 5 DI LAMOSANO<\/strong>\u00a0Interdizione totale fino a revoca per presenza di materiale e alberi in strada.<\/p>\n<p><strong>SP 3 DELLA VAL IMPERINA<\/strong> fino a revoca, senso unico alternato regolato a vista in localit\u00e0 Gona di Conedera di Rivamonte per cedimento della carreggiata stradale<\/p>\n<p>&nbsp;<\/p>\n<p>&nbsp;<\/p>\n<hr \/>\n<p>&nbsp;<\/p>\n<div>\n<p class=\"photoswipe-wrapper\"><a class=\"dt-pswp-item pspw-wrap-ready\" href=\"https:\/\/i0.wp.com\/www.radiopiu.net\/wordpress\/wp-content\/uploads\/2018\/09\/WhatsApp-Image-2018-09-20-at-16.04.06.jpeg?ssl=1\" data-dt-img-description=\"\" data-large_image_width=\"800\" data-large_image_height=\"100\"><img loading=\"lazy\" decoding=\"async\" class=\"aligncenter wp-image-61378 size-full jetpack-lazy-image jetpack-lazy-image--handled\" src=\"https:\/\/i0.wp.com\/www.radiopiu.net\/wordpress\/wp-content\/uploads\/2018\/09\/WhatsApp-Image-2018-09-20-at-16.04.06.jpeg?resize=800%2C100&amp;ssl=1\" sizes=\"auto, (max-width: 800px) 100vw, 800px\" srcset=\"https:\/\/i0.wp.com\/www.radiopiu.net\/wordpress\/wp-content\/uploads\/2018\/09\/WhatsApp-Image-2018-09-20-at-16.04.06.jpeg?w=800&amp;ssl=1 800w, https:\/\/i0.wp.com\/www.radiopiu.net\/wordpress\/wp-content\/uploads\/2018\/09\/WhatsApp-Image-2018-09-20-at-16.04.06.jpeg?resize=300%2C38&amp;ssl=1 300w, https:\/\/i0.wp.com\/www.radiopiu.net\/wordpress\/wp-content\/uploads\/2018\/09\/WhatsApp-Image-2018-09-20-at-16.04.06.jpeg?resize=768%2C96&amp;ssl=1 768w\" alt=\"\" width=\"800\" height=\"100\" data-lazy-loaded=\"1\" \/><\/a><\/p>\n<p><b>\u00a0<\/b><\/p>\n<p><center><b>Domenica 14<\/b><\/center><b>Tempo atteso: <\/b>Splendida giornata soleggiata con cielo sereno, aria tersa ed ottima visibilit\u00e0. Alla sera probabile arrivo di sottilissime nubi alte in grado di velare parzialmente il cielo. L&#8217;atmosfera sar\u00e0 gelida tra la notte ed il mattino, mentre il soleggiamento diurno smorzer\u00e0 in parte l&#8217;atmosfera invernale.<br \/>\n<b>Precipitazioni: <\/b>Assenti (0%)<br \/>\n<b>Temperature: <\/b>Minime in ulteriore generale diminuzione, in maniera pi\u00f9 avvertita nelle valli, dove saranno toccate punte molto basse, specie nelle nicchie solitamente pi\u00f9 fredde: -6\/-10\u00b0C nei fondovalle prealpini, -12\/-18\u00b0C sui 1000\/1200 m, anche -20\/24\u00b0C sugli altopiani prealpini. Massime in lieve rialzo in quota e nelle valli pi\u00f9 assolate, mentre il freddo si accentuer\u00e0 un po&#8217; nei settori in ombra. Su Prealpi a 1500 m min -12\u00b0C max -7\u00b0C, a 2000 m min -14\u00b0C max -9\u00b0C. Su Dolomiti a 2000 m min -15\u00b0C max -11\u00b0C, a 3000 m min -21\u00b0C max -17\u00b0C.<br \/>\n<b>Venti: <\/b>Deboli di direzione variabile nelle valli, salvo rinforzi per brezze notturne in alcuni settori prealpini; tesi da nord-est tra la notte e il primo mattino, poi in attenuazione fino a moderati, di nuovo in lieve rinforzo alla sera oltre i 2500 m, a 10-20 km\/h a 2000 m e 20-40 km\/h a 3000 m.<\/p>\n<hr \/>\n<p><center><b>Lunedi 15<\/b><\/center><b>Tempo atteso: <\/b>Al mattino ben soleggiato con cielo sereno, aria limpida e ottima visibilit\u00e0. Al pomeriggio parziale riduzione del soleggiamento per sopraggiungere di nubi alte e conseguente velatura del cielo. Il contesto termico sar\u00e0 sempre invernale, nonostante una certa ripresa dei valori diurni, maggiormente avvertito in quota.<br \/>\n<b>Precipitazioni: <\/b>Assenti (0%)<br \/>\n<b>Temperature: <\/b>In generale rialzo, anche se le minime potrebbero essere stazionarie o scendere ancora un po&#8217; nei fondovalle prealpini. Il rialzo sar\u00e0 pi\u00f9 avvertito per le massime in quota, fino a 7\/8\u00b0C in pi\u00f9 rispetto a domenica sopra i 2000 m, mentre la ripresa sar\u00e0 pi\u00f9 contenuta nelle valli. Su Prealpi a 1500 m min -9\u00b0C max -4\u00b0C, a 2000 m min -10\u00b0C max -5\u00b0C. Su Dolomiti a 2000 m min -11\u00b0C max -6\u00b0C, a 3000 m min -16\u00b0C max -9\u00b0C.<br \/>\n<b>Venti: <\/b>Deboli di direzione variabile nelle valli, salvo rinforzi per brezze notturne in alcuni settori prealpini; moderati da nord nord-ovest in quota, in rinforzo alla sera, a 5-20 km\/h a 2000 m e 20-35 km\/h a 3000 m.<\/p>\n<hr \/>\n<p><center><b>Martedi 16<\/b><\/center>Solo parzialmente soleggiato per transito di nubi alte al mattino e medio-alte stratiformi al pomeriggio, quando il cielo potr\u00e0 coprirsi e il sole essere del tutto mascherato. Temperature in generale aumento a tutte le quote. Venti deboli\/moderati di direzione variabile nelle valli, con qualche locale rinforzo in alcune valli dolomitiche per lievi episodi di Foehn; in quota tesi\/forti da nord nord-ovest tra la notte e parte del mattino, poi in attenuazione fino a moderati , eccetto sulle cime pi\u00f9 alte.<\/p>\n<hr \/>\n<p><center><b>Mercoledi 17<\/b><\/center>Nella prima parte del giorno cielo da nuvoloso a molto nuvoloso. Con il passare delle ore tale copertura tender\u00e0 ad attenuarsi lasciando spazio a squarci di sereno, addirittura ad ampi rasserenamenti al pomeriggio a partire dai settori occidentali. Temperature minime in aumento e massime in diminuzione. Venti deboli di direzione variabile nelle valli, deboli moderati da ovest nord-ovest in quota Previsore: R.L.Th.<\/p>\n<p>&nbsp;<\/p>\n<p>&nbsp;<\/p>\n<hr \/>\n<p>&nbsp;<\/p>\n<\/div>\n<\/div>\n<p><a href=\"https:\/\/www.radiopiu.net\/wordpress\/giornale-radiopiu-15-settembre-2018-direttore-mirko-mezzacasa\/sport-7\/\" rel=\"attachment wp-att-60761\"><img loading=\"lazy\" decoding=\"async\" class=\"aligncenter wp-image-60761 size-full\" src=\"https:\/\/www.radiopiu.net\/wordpress\/wp-content\/uploads\/2018\/09\/sport.jpg\" alt=\"\" width=\"800\" height=\"100\" srcset=\"https:\/\/www.radiopiu.net\/wordpress\/wp-content\/uploads\/2018\/09\/sport.jpg 800w, https:\/\/www.radiopiu.net\/wordpress\/wp-content\/uploads\/2018\/09\/sport-300x38.jpg 300w, https:\/\/www.radiopiu.net\/wordpress\/wp-content\/uploads\/2018\/09\/sport-768x96.jpg 768w\" sizes=\"auto, (max-width: 800px) 100vw, 800px\" \/><\/a><\/p>\n<p>&nbsp;<\/p>\n<blockquote>\n<h2>SETTIMO SCUDETTO PER L&#8217;ASIAGO, BATTUTO IL RENON<\/h2>\n<\/blockquote>\n<p>Migross Asiago campione d\u2019Italia per la settima volta. Non c\u2019\u00e8 storia in gara 3 della finale Scudetto, con i Rittner Buam che tengono botta per 40 minuti ma poi devono inchinarsi nel terzo tempo, cedendo per 5:1 nel match decisivo per l\u2019assegnazione del titolo numero 87. Dopo una vittoria a testa con tanto di shutout (5:0\/3:0), c\u2019\u00e8 molta attesa per l\u2019ultimo atto di questa finalissima. Nessuna novit\u00e0 in pista. Per i padroni di casa, che possono contare su una linea in pi\u00f9, assente sempre Michele Stevan, nel Renon non ci sono Fink, Pechlaner, Tudin e Giacomuzzi.<\/p>\n\n\t\t\t<style type='text\/css'>\n\t\t\t\t#gallery-7 {\n\t\t\t\t\tmargin: auto;\n\t\t\t\t}\n\t\t\t\t#gallery-7 .gallery-item {\n\t\t\t\t\tfloat: left;\n\t\t\t\t\tmargin-top: 10px;\n\t\t\t\t\ttext-align: center;\n\t\t\t\t\twidth: 25%;\n\t\t\t\t}\n\t\t\t\t#gallery-7 img {\n\t\t\t\t\tborder: 2px solid #cfcfcf;\n\t\t\t\t}\n\t\t\t\t#gallery-7 .gallery-caption {\n\t\t\t\t\tmargin-left: 0;\n\t\t\t\t}\n\t\t\t\t\/* see gallery_shortcode() in wp-includes\/media.php *\/\n\t\t\t<\/style>\n\t\t<div id='gallery-7' class='dt-gallery-container gallery galleryid-190920 gallery-columns-4 gallery-size-thumbnail'><dl class='gallery-item'>\n\t\t\t\t<dt class='gallery-icon landscape'>\n\t\t\t\t\t<a class=\"rollover rollover-zoom dt-pswp-item\" title=\"IMG-20210213-WA0031-1024x683\" data-dt-img-description=\"\" data-large_image_width=\"1024\" data-large_image_height=\"683\"href='https:\/\/www.radiopiu.net\/wordpress\/wp-content\/uploads\/2021\/02\/IMG-20210213-WA0031-1024x683-1.jpg'><img loading=\"lazy\" decoding=\"async\" width=\"150\" height=\"150\" src=\"https:\/\/www.radiopiu.net\/wordpress\/wp-content\/uploads\/2021\/02\/IMG-20210213-WA0031-1024x683-1-150x150.jpg\" class=\"attachment-thumbnail size-thumbnail\" alt=\"\" \/><\/a>\n\t\t\t\t<\/dt><\/dl><dl class='gallery-item'>\n\t\t\t\t<dt class='gallery-icon landscape'>\n\t\t\t\t\t<a class=\"rollover rollover-zoom dt-pswp-item\" title=\"IMG-20210213-WA0037-1024x683\" data-dt-img-description=\"\" data-large_image_width=\"1024\" data-large_image_height=\"683\"href='https:\/\/www.radiopiu.net\/wordpress\/wp-content\/uploads\/2021\/02\/IMG-20210213-WA0037-1024x683-1.jpg'><img loading=\"lazy\" decoding=\"async\" width=\"150\" height=\"150\" src=\"https:\/\/www.radiopiu.net\/wordpress\/wp-content\/uploads\/2021\/02\/IMG-20210213-WA0037-1024x683-1-150x150.jpg\" class=\"attachment-thumbnail size-thumbnail\" alt=\"\" \/><\/a>\n\t\t\t\t<\/dt><\/dl><dl class='gallery-item'>\n\t\t\t\t<dt class='gallery-icon landscape'>\n\t\t\t\t\t<a class=\"rollover rollover-zoom dt-pswp-item\" title=\"Asiagodegf-min-2-1024x497\" data-dt-img-description=\"\" data-large_image_width=\"1024\" data-large_image_height=\"497\"href='https:\/\/www.radiopiu.net\/wordpress\/wp-content\/uploads\/2021\/02\/Asiagodegf-min-2-1024x497-1.jpg'><img loading=\"lazy\" decoding=\"async\" width=\"150\" height=\"150\" src=\"https:\/\/www.radiopiu.net\/wordpress\/wp-content\/uploads\/2021\/02\/Asiagodegf-min-2-1024x497-1-150x150.jpg\" class=\"attachment-thumbnail size-thumbnail\" alt=\"\" \/><\/a>\n\t\t\t\t<\/dt><\/dl><dl class='gallery-item'>\n\t\t\t\t<dt class='gallery-icon landscape'>\n\t\t\t\t\t<a class=\"rollover rollover-zoom dt-pswp-item\" title=\"IMG-20210213-WA0081-1-1024x682\" data-dt-img-description=\"\" data-large_image_width=\"1024\" data-large_image_height=\"682\"href='https:\/\/www.radiopiu.net\/wordpress\/wp-content\/uploads\/2021\/02\/IMG-20210213-WA0081-1-1024x682-1.jpg'><img loading=\"lazy\" decoding=\"async\" width=\"150\" height=\"150\" src=\"https:\/\/www.radiopiu.net\/wordpress\/wp-content\/uploads\/2021\/02\/IMG-20210213-WA0081-1-1024x682-1-150x150.jpg\" class=\"attachment-thumbnail size-thumbnail\" alt=\"\" \/><\/a>\n\t\t\t\t<\/dt><\/dl><br style=\"clear: both\" \/>\n\t\t\t<\/div>\n\n<p>&nbsp;<\/p>\n<p>&nbsp;<\/p>\n<p>&nbsp;<\/p>\n<blockquote>\n<h3>ELIA BARP E&#8217; BRONZO AI MONDIALI JUNIORES DI VUOKATTI<\/h3>\n<\/blockquote>\n<p><strong><a href=\"https:\/\/www.radiopiu.net\/wordpress\/elia-barp-e-bronzo-ai-mondiali-juniores-di-vuokatti\/elia-barp-bronzo-staffetta-vuokatti-13-feb-2021\/\" rel=\"attachment wp-att-191039\"><img loading=\"lazy\" decoding=\"async\" class=\"size-medium wp-image-191039 alignleft\" src=\"https:\/\/www.radiopiu.net\/wordpress\/wp-content\/uploads\/2021\/02\/elia-barp-bronzo-staffetta-vuokatti-13-feb-2021-300x200.png\" alt=\"\" width=\"300\" height=\"200\" srcset=\"https:\/\/www.radiopiu.net\/wordpress\/wp-content\/uploads\/2021\/02\/elia-barp-bronzo-staffetta-vuokatti-13-feb-2021-300x200.png 300w, https:\/\/www.radiopiu.net\/wordpress\/wp-content\/uploads\/2021\/02\/elia-barp-bronzo-staffetta-vuokatti-13-feb-2021-768x511.png 768w, https:\/\/www.radiopiu.net\/wordpress\/wp-content\/uploads\/2021\/02\/elia-barp-bronzo-staffetta-vuokatti-13-feb-2021.png 780w\" sizes=\"auto, (max-width: 300px) 100vw, 300px\" \/><\/a>VUOKATTI (FINLANDIA)\u00a0<\/strong>Non si ferma pi\u00f9 Elia Barp. Dopo il grandissimo settimo posto di ieri nella 10 km skating, oggi ai Mondiali Juniores di Vuokatti (Finlandia) il bellunese delle Fiamme Gialle ha conquistato il bronzo in staffetta: terzi gli azzurrini, alle spalle di Norvegia e Finlandia. Con Barp, Fabio Longo, Alessandro Chiocchetti e Luca Sclisizzo.<\/p>\n<p>&nbsp;<\/p>\n<p>&nbsp;<\/p>\n<p>&nbsp;<\/p>\n<blockquote>\n<h3>CORINNE SUTER CAMPIONESSA MONDIALE DI DISCESA. PARIS ANCORA DAVANTI NELL\u2019ULTIMO TRAINING<\/h3>\n<\/blockquote>\n<p><a href=\"https:\/\/www.radiopiu.net\/wordpress\/corinne-suter-campionessa-mondiale-di-discesa-paris-ancora-davanti-nellultimo-training\/210213_gut-behrami_pentaphoto-jpg\/\" rel=\"attachment wp-att-191060\"><img loading=\"lazy\" decoding=\"async\" class=\"wp-image-191060 size-medium alignleft\" src=\"https:\/\/www.radiopiu.net\/wordpress\/wp-content\/uploads\/2021\/02\/210213_Gut-Behrami_\u00a9Pentaphoto.jpg-300x200.jpg\" alt=\"\" width=\"300\" height=\"200\" srcset=\"https:\/\/www.radiopiu.net\/wordpress\/wp-content\/uploads\/2021\/02\/210213_Gut-Behrami_\u00a9Pentaphoto.jpg-300x200.jpg 300w, https:\/\/www.radiopiu.net\/wordpress\/wp-content\/uploads\/2021\/02\/210213_Gut-Behrami_\u00a9Pentaphoto.jpg-1024x682.jpg 1024w, https:\/\/www.radiopiu.net\/wordpress\/wp-content\/uploads\/2021\/02\/210213_Gut-Behrami_\u00a9Pentaphoto.jpg-768x512.jpg 768w, https:\/\/www.radiopiu.net\/wordpress\/wp-content\/uploads\/2021\/02\/210213_Gut-Behrami_\u00a9Pentaphoto.jpg.jpg 1280w\" sizes=\"auto, (max-width: 300px) 100vw, 300px\" \/><\/a><strong>CORTINA <\/strong>Secondo oro a distanza di pochi giorni per la Svizzera, che conquista il titolo mondiale anche nella discesa femminile. A Cortina d\u2019Ampezzo, in una giornata da cartolina, Corinne Suter si \u00e8 messa al collo la prima medaglia d\u2019oro della carriera. Vincitrice di tre gare in Coppa del Mondo e per tre volte sul podio iridato, l\u2019elvetica \u00e8 riuscita a rimanere davanti alle avversarie sull\u2019Olympia delle Tofane, facendo la differenza nel tratto conclusivo di un pendio che \u00e8 sempre pi\u00f9 compatto. La medaglia d\u2019argento \u00e8 andata a Kira Weidle, atleta tedesca di 24 anni che in passato \u00e8 salita sul podio due sole volte: Lake Louise (2018) e Garmisch-Partenkirchen (2019). \u00c8 stata la pi\u00f9 veloce nel primo parziale e ha tenuto i tempi della Suter in quello finale, tagliando il traguardo con 20\/100 di ritardo dalla neo campionessa del mondo. Settima medaglia iridata per Lara Gut-Behrami, rimasta in gioco per l\u2019oro fino a tre quarti di gara. La ticinese, campionessa mondiale in carica di superG, ha terminato terza a 37\/100 dalla Suter. Quarto posto per la ceca Ester Ledecka (44\/100) e quinta per l\u2019austriaca Ramona Siebenhofer (50\/100). Elena Curtoni, ottava, \u00e8 la migliore atleta italiana. Nell\u2019ultima prova cronometrata della discesa maschile, l\u2019italiano Dominik Paris ha fatto registrare il miglior tempo, con 13\/100 di vantaggio sull\u2019austriaco Max Franz e 36\/100 sullo svizzero Beat Feuz. Diversi big, come da tradizione, hanno approfittato per provare solo in alcuni settori, senza forzare il ritmo. Alcuni atleti si sono alzati in piedi nei metri conclusivi della Vertigine. Oggi una sola gara in programma. La prima settimana dei Campionati del mondo di Cortina d\u2019Ampezzo si chiuder\u00e0 con la tanto attesa discesa maschile. La gara regina partir\u00e0 alle 11. <em>(FOTO: Lara Gut-Behrami Pentaphoto Marco Trovati)<\/em><\/p>\n<p>&nbsp;<\/p>\n<p>&nbsp;<\/p>\n<p>&nbsp;<\/p>\n<p>&nbsp;<\/p>\n<hr \/>\n<p>&nbsp;<\/p>\n","protected":false},"excerpt":{"rendered":"<p>PER RICEVERE QUESTO NOTIZIARIO DIRETTAMENTE SUL TUO CELLULARE ISCRIVITI AL CANALE TELEGRAM \u201cRADIO PIU\u00a0 INFORMAZIONE&#8221;\u00a0 SUPERATI I 3000 ISCRITTI, il CANALE TELEGRAM&#8230; UNISCITI A: RADIO PIU INFORMAZIONE &nbsp; ATTENZIONE: LA NUOVA APP PER IOS-IPHONE di Nicola Vettorello https:\/\/apps.apple.com\/it\/app\/radio-pi%C3%B9-emittente-agordina\/id1515939845 ATTENZIONE: LA NUOVA APP RADIO\u00a0 PER ANDROID di Nicola Vettorello https:\/\/play.google.com\/store\/apps\/details?id=net.radiopiu.iniko\u00a0\u00a0 &nbsp; &nbsp; &nbsp; GLI SPECIALI ALLA&hellip;<\/p>\n","protected":false},"author":4,"featured_media":191126,"comment_status":"closed","ping_status":"closed","sticky":false,"template":"","format":"standard","meta":{"_monsterinsights_skip_tracking":false,"_monsterinsights_sitenote_active":false,"_monsterinsights_sitenote_note":"","_monsterinsights_sitenote_category":0,"footnotes":""},"categories":[1,86,49],"tags":[],"class_list":["post-190920","post","type-post","status-publish","format-standard","has-post-thumbnail","hentry","category-senza-categoria","category-gr","category-news-18","category-1","category-86","category-49","description-off"],"img_url":"https:\/\/www.radiopiu.net\/wordpress\/wp-content\/uploads\/2021\/02\/210213\u00a9Zenoni_Cortina2021-23.jpg","_links":{"self":[{"href":"https:\/\/www.radiopiu.net\/wordpress\/wp-json\/wp\/v2\/posts\/190920","targetHints":{"allow":["GET"]}}],"collection":[{"href":"https:\/\/www.radiopiu.net\/wordpress\/wp-json\/wp\/v2\/posts"}],"about":[{"href":"https:\/\/www.radiopiu.net\/wordpress\/wp-json\/wp\/v2\/types\/post"}],"author":[{"embeddable":true,"href":"https:\/\/www.radiopiu.net\/wordpress\/wp-json\/wp\/v2\/users\/4"}],"replies":[{"embeddable":true,"href":"https:\/\/www.radiopiu.net\/wordpress\/wp-json\/wp\/v2\/comments?post=190920"}],"version-history":[{"count":0,"href":"https:\/\/www.radiopiu.net\/wordpress\/wp-json\/wp\/v2\/posts\/190920\/revisions"}],"wp:featuredmedia":[{"embeddable":true,"href":"https:\/\/www.radiopiu.net\/wordpress\/wp-json\/wp\/v2\/media\/191126"}],"wp:attachment":[{"href":"https:\/\/www.radiopiu.net\/wordpress\/wp-json\/wp\/v2\/media?parent=190920"}],"wp:term":[{"taxonomy":"category","embeddable":true,"href":"https:\/\/www.radiopiu.net\/wordpress\/wp-json\/wp\/v2\/categories?post=190920"},{"taxonomy":"post_tag","embeddable":true,"href":"https:\/\/www.radiopiu.net\/wordpress\/wp-json\/wp\/v2\/tags?post=190920"}],"curies":[{"name":"wp","href":"https:\/\/api.w.org\/{rel}","templated":true}]}}