{"id":191022,"date":"2021-02-13T11:54:49","date_gmt":"2021-02-13T10:54:49","guid":{"rendered":"https:\/\/www.radiopiu.net\/wordpress\/?p=191022"},"modified":"2021-02-13T11:54:50","modified_gmt":"2021-02-13T10:54:50","slug":"larma-va-dagli-studenti-allo-scientifico-galilei","status":"publish","type":"post","link":"https:\/\/www.radiopiu.net\/wordpress\/larma-va-dagli-studenti-allo-scientifico-galilei\/","title":{"rendered":"L&#8217;ARMA VA DAGLI STUDENTI, ALLO SCIENTIFICO GALILEI"},"content":{"rendered":"<p><strong>BELLUNO<\/strong> Scuola in presenza significa anche incontro come successo stamane al Liceo Scientifico &#8220;Galileo Galilei&#8221;. Gli studenti delle quarte e quinte classi,\u00a0 interessati all&#8217;arruolamento come Ufficiali dei Carabinieri hanno incontrato In rappresentanza dell&#8217;Arma dei Carabinieri,\u00a0 il Comandante della stazione di Belluno Maggiore Emanuela Cervellera e il Comandante del Norm, Giorgio Bergamo. Militari con una precisa esperienza alle spalle che sono entrati nelle pieghe delle attivit\u00e0 dei Carabinieri, rispondendo alle curiosit\u00e0 di chi \u00e8 interessato ad accedere al bando per l&#8217;ammissione al 203\u00b0 Corso per l&#8217;Accademia per la formazione degli Ufficiali. Messaggi importanti per gli studenti anche attraverso la proiezione di filmati specificatamente dedicati alle attivit\u00e0 dell&#8217;Arma dei Carabinieri.<\/p>\n<p>&nbsp;<\/p>\n<div class=\"im_history_message_wrap\">\n<div class=\"im_message_outer_wrap hasselect\" data-msg-id=\"17394\">\n<div class=\"im_message_wrap clearfix\">\n<div class=\"im_content_message_wrap im_message_in\">\n<div class=\"im_message_body\">\n<div><\/div>\n<\/div>\n<\/div>\n<\/div>\n<\/div>\n<\/div>\n<div class=\"im_history_message_wrap im_grouped\">\n<div class=\"im_message_outer_wrap hasselect\" data-msg-id=\"17395\">\n<div class=\"im_message_wrap clearfix\">\n<div class=\"im_content_message_wrap im_message_in\">\n<div class=\"im_message_meta pull-right text-right noselect\"><a href=\"https:\/\/www.radiopiu.net\/wordpress\/larma-va-dagli-studenti-allo-scientifico-galilei\/d8daff3f-ac7b-4b82-b46d-b58acbb6f699\/\" rel=\"attachment wp-att-191023\"><img loading=\"lazy\" decoding=\"async\" class=\"alignnone wp-image-191023 size-large\" src=\"https:\/\/www.radiopiu.net\/wordpress\/wp-content\/uploads\/2021\/02\/d8daff3f-ac7b-4b82-b46d-b58acbb6f699-1024x576.jpg\" alt=\"\" width=\"1024\" height=\"576\" srcset=\"https:\/\/www.radiopiu.net\/wordpress\/wp-content\/uploads\/2021\/02\/d8daff3f-ac7b-4b82-b46d-b58acbb6f699-1024x576.jpg 1024w, https:\/\/www.radiopiu.net\/wordpress\/wp-content\/uploads\/2021\/02\/d8daff3f-ac7b-4b82-b46d-b58acbb6f699-300x169.jpg 300w, https:\/\/www.radiopiu.net\/wordpress\/wp-content\/uploads\/2021\/02\/d8daff3f-ac7b-4b82-b46d-b58acbb6f699-768x432.jpg 768w, https:\/\/www.radiopiu.net\/wordpress\/wp-content\/uploads\/2021\/02\/d8daff3f-ac7b-4b82-b46d-b58acbb6f699.jpg 1280w\" sizes=\"auto, (max-width: 1024px) 100vw, 1024px\" \/><\/a><\/div>\n<div class=\"im_message_body im_message_body_media\">\n<div>\n<div class=\"im_message_media\">\n<div>\n<div><\/div>\n<\/div>\n<\/div>\n<\/div>\n<\/div>\n<\/div>\n<\/div>\n<\/div>\n<\/div>\n","protected":false},"excerpt":{"rendered":"<p>BELLUNO Scuola in presenza significa anche incontro come successo stamane al Liceo Scientifico &#8220;Galileo Galilei&#8221;. Gli studenti delle quarte e quinte classi,\u00a0 interessati all&#8217;arruolamento come Ufficiali dei Carabinieri hanno incontrato In rappresentanza dell&#8217;Arma dei Carabinieri,\u00a0 il Comandante della stazione di Belluno Maggiore Emanuela Cervellera e il Comandante del Norm, Giorgio Bergamo. Militari con una precisa&hellip;<\/p>\n","protected":false},"author":4,"featured_media":191023,"comment_status":"closed","ping_status":"closed","sticky":false,"template":"","format":"standard","meta":{"_monsterinsights_skip_tracking":false,"_monsterinsights_sitenote_active":false,"_monsterinsights_sitenote_note":"","_monsterinsights_sitenote_category":0,"footnotes":""},"categories":[49],"tags":[],"class_list":["post-191022","post","type-post","status-publish","format-standard","has-post-thumbnail","hentry","category-news-18","category-49","description-off"],"img_url":"https:\/\/www.radiopiu.net\/wordpress\/wp-content\/uploads\/2021\/02\/d8daff3f-ac7b-4b82-b46d-b58acbb6f699.jpg","_links":{"self":[{"href":"https:\/\/www.radiopiu.net\/wordpress\/wp-json\/wp\/v2\/posts\/191022","targetHints":{"allow":["GET"]}}],"collection":[{"href":"https:\/\/www.radiopiu.net\/wordpress\/wp-json\/wp\/v2\/posts"}],"about":[{"href":"https:\/\/www.radiopiu.net\/wordpress\/wp-json\/wp\/v2\/types\/post"}],"author":[{"embeddable":true,"href":"https:\/\/www.radiopiu.net\/wordpress\/wp-json\/wp\/v2\/users\/4"}],"replies":[{"embeddable":true,"href":"https:\/\/www.radiopiu.net\/wordpress\/wp-json\/wp\/v2\/comments?post=191022"}],"version-history":[{"count":0,"href":"https:\/\/www.radiopiu.net\/wordpress\/wp-json\/wp\/v2\/posts\/191022\/revisions"}],"wp:featuredmedia":[{"embeddable":true,"href":"https:\/\/www.radiopiu.net\/wordpress\/wp-json\/wp\/v2\/media\/191023"}],"wp:attachment":[{"href":"https:\/\/www.radiopiu.net\/wordpress\/wp-json\/wp\/v2\/media?parent=191022"}],"wp:term":[{"taxonomy":"category","embeddable":true,"href":"https:\/\/www.radiopiu.net\/wordpress\/wp-json\/wp\/v2\/categories?post=191022"},{"taxonomy":"post_tag","embeddable":true,"href":"https:\/\/www.radiopiu.net\/wordpress\/wp-json\/wp\/v2\/tags?post=191022"}],"curies":[{"name":"wp","href":"https:\/\/api.w.org\/{rel}","templated":true}]}}