{"id":191104,"date":"2021-02-13T17:43:35","date_gmt":"2021-02-13T16:43:35","guid":{"rendered":"https:\/\/www.radiopiu.net\/wordpress\/?p=191104"},"modified":"2021-02-13T18:09:29","modified_gmt":"2021-02-13T17:09:29","slug":"presidente-zaia-firma-ordinanza-che-regolamenta-apertura-impianti-e-piste-da-sci-invito-tutti-al-rigoroso-rispetto-delle-linee-guida","status":"publish","type":"post","link":"https:\/\/www.radiopiu.net\/wordpress\/presidente-zaia-firma-ordinanza-che-regolamenta-apertura-impianti-e-piste-da-sci-invito-tutti-al-rigoroso-rispetto-delle-linee-guida\/","title":{"rendered":"PRESIDENTE ZAIA FIRMA ORDINANZA CHE REGOLAMENTA APERTURA IMPIANTI E PISTE DA SCI, \u201cINVITO TUTTI AL RIGOROSO RISPETTO DELLE LINEE GUIDA\u201d"},"content":{"rendered":"<p><strong><a href=\"https:\/\/www.radiopiu.net\/wordpress\/giornale-radiopiu-12-aprile-2018-direttore-mirko-mezzacasa\/impianti-alleghe-funivie\/\" rel=\"attachment wp-att-46376\"><img loading=\"lazy\" decoding=\"async\" class=\"size-medium wp-image-46376 alignleft\" src=\"https:\/\/www.radiopiu.net\/wordpress\/wp-content\/uploads\/2018\/04\/impianti-alleghe-funivie-300x169.jpg\" alt=\"\" width=\"300\" height=\"169\" srcset=\"https:\/\/www.radiopiu.net\/wordpress\/wp-content\/uploads\/2018\/04\/impianti-alleghe-funivie-300x169.jpg 300w, https:\/\/www.radiopiu.net\/wordpress\/wp-content\/uploads\/2018\/04\/impianti-alleghe-funivie.jpg 550w\" sizes=\"auto, (max-width: 300px) 100vw, 300px\" \/><\/a>VENEZIA <\/strong>Il Presidente della Regione del Veneto, Luca Zaia, ha firmato in data odierna l\u2019ordinanza che regolamenta l\u2019apertura degli impianti e delle piste da sci. L\u2019ordinanza d\u00e0 attuazione alle linee guida nazionali fissando nel 30 per cento il numero massimo di posti disponibili sugli impianti pi\u00f9 altre norme comportamentali. \u201c<em>Questo provvedimento \u2013 sottolinea il Presidente &#8211; arriva mentre il virus \u00e8 ancora tra noi e l\u2019emergenza richiede ancora di tenere alta la guardia. Richiamo tutti al rigoroso rispetto delle linee guida e alla sobriet\u00e0 e correttezza dei comportamenti. Ne va non soltanto della salute pubblica, ma anche dello stesso comparto che tanto ha sofferto economicamente per la prolungata chiusura e che soltanto i nostri comportamenti corretti consentiranno di tenere attivo, limitando i sensibili danni che sono gi\u00e0 evidenti<\/em>\u201d.<\/p>\n<p><a href=\"https:\/\/www.radiopiu.net\/wordpress\/giornale-radiopiu-13-giugno-2020-direttore-mirko-mezzacasa\/federico-caner-conf-stampa-2\/\" rel=\"attachment wp-att-143995\"><img loading=\"lazy\" decoding=\"async\" class=\"size-medium wp-image-143995 alignright\" src=\"https:\/\/www.radiopiu.net\/wordpress\/wp-content\/uploads\/2020\/06\/FEDERICO-CANER-conf.-stampa-2-300x225.jpg\" alt=\"\" width=\"300\" height=\"225\" srcset=\"https:\/\/www.radiopiu.net\/wordpress\/wp-content\/uploads\/2020\/06\/FEDERICO-CANER-conf.-stampa-2-300x225.jpg 300w, https:\/\/www.radiopiu.net\/wordpress\/wp-content\/uploads\/2020\/06\/FEDERICO-CANER-conf.-stampa-2-1024x768.jpg 1024w, https:\/\/www.radiopiu.net\/wordpress\/wp-content\/uploads\/2020\/06\/FEDERICO-CANER-conf.-stampa-2-768x576.jpg 768w, https:\/\/www.radiopiu.net\/wordpress\/wp-content\/uploads\/2020\/06\/FEDERICO-CANER-conf.-stampa-2-1536x1152.jpg 1536w, https:\/\/www.radiopiu.net\/wordpress\/wp-content\/uploads\/2020\/06\/FEDERICO-CANER-conf.-stampa-2.jpg 1600w\" sizes=\"auto, (max-width: 300px) 100vw, 300px\" \/><\/a>\u201c<em>Si tratta di un segnale molto importante sotto il profilo della ripartenza. Un\u2019iniezione di fiducia di cui il mondo del turismo e della ricettivit\u00e0 hanno un gran bisogno e un\u2019attenzione importante nei confronti delle maestranze che attendono di poter tornare a lavorare. Questa ordinanza \u00e8 anche un atto di fiducia che facciamo nei confronti dei cittadini. Sciare s\u00ec, ma \u00e8 necessario farlo con la testa perch\u00e9 il rischio di nuove chiusure \u00e8 dietro l\u2019angolo. Va chiarito fin da ora che se ci dovessero essere dei comportamenti non idonei o non in linea con il contrasto al virus ci sar\u00e0 un nuovo stop senza se e senza ma<\/em>\u201d. Questo il commento dell\u2019assessore al turismo della Regione Veneto, Federico Caner, all\u2019ordinanza emessa dal Presidente del Veneto Luca Zaia, che sottolinea: \u201d<em>E\u2019 chiaro che ripartire il 17 febbraio per gli operatori della montagna significa aver gi\u00e0 perso buona parte della stagione,\u00a0 l\u2019auspicio \u00e8 che al pi\u00f9 presto possa finalmente essere emanato il decreto per ristorare queste attivit\u00e0 e pi\u00f9 il generale le imprese del settore turistico<\/em>\u201d.<\/p>\n<p><strong>L&#8217;ORDINANZA REGIONALE, pagine 10<\/strong><\/p>\n<a href=\"https:\/\/www.radiopiu.net\/wordpress\/wp-content\/uploads\/2021\/02\/223-2021-A-Opgr-15_2021_modA-1-1.pdf\" class=\"pdfemb-viewer\" style=\"\" data-width=\"max\" data-height=\"max\" data-toolbar=\"top\" data-toolbar-fixed=\"on\">223-2021 (A) Opgr 15_2021_modA (1)<\/a>\n<p>&nbsp;<\/p>\n<p><strong>LE LINEE GUIDA pagine 10<\/strong><\/p>\n<a href=\"https:\/\/www.radiopiu.net\/wordpress\/wp-content\/uploads\/2021\/02\/223-2021-B-OPGR_015_2021_Allegato_A-1.pdf\" class=\"pdfemb-viewer\" style=\"\" data-width=\"max\" data-height=\"max\" data-toolbar=\"top\" data-toolbar-fixed=\"on\">223-2021 (B) OPGR_015_2021_Allegato_A (1)<\/a>\n","protected":false},"excerpt":{"rendered":"<p>VENEZIA Il Presidente della Regione del Veneto, Luca Zaia, ha firmato in data odierna l\u2019ordinanza che regolamenta l\u2019apertura degli impianti e delle piste da sci. L\u2019ordinanza d\u00e0 attuazione alle linee guida nazionali fissando nel 30 per cento il numero massimo di posti disponibili sugli impianti pi\u00f9 altre norme comportamentali. \u201cQuesto provvedimento \u2013 sottolinea il Presidente&hellip;<\/p>\n","protected":false},"author":4,"featured_media":46376,"comment_status":"closed","ping_status":"closed","sticky":false,"template":"","format":"standard","meta":{"_monsterinsights_skip_tracking":false,"_monsterinsights_sitenote_active":false,"_monsterinsights_sitenote_note":"","_monsterinsights_sitenote_category":0,"footnotes":""},"categories":[51,49],"tags":[],"class_list":["post-191104","post","type-post","status-publish","format-standard","has-post-thumbnail","hentry","category-evidenza-top","category-news-18","category-51","category-49","description-off"],"img_url":"https:\/\/www.radiopiu.net\/wordpress\/wp-content\/uploads\/2018\/04\/impianti-alleghe-funivie.jpg","_links":{"self":[{"href":"https:\/\/www.radiopiu.net\/wordpress\/wp-json\/wp\/v2\/posts\/191104","targetHints":{"allow":["GET"]}}],"collection":[{"href":"https:\/\/www.radiopiu.net\/wordpress\/wp-json\/wp\/v2\/posts"}],"about":[{"href":"https:\/\/www.radiopiu.net\/wordpress\/wp-json\/wp\/v2\/types\/post"}],"author":[{"embeddable":true,"href":"https:\/\/www.radiopiu.net\/wordpress\/wp-json\/wp\/v2\/users\/4"}],"replies":[{"embeddable":true,"href":"https:\/\/www.radiopiu.net\/wordpress\/wp-json\/wp\/v2\/comments?post=191104"}],"version-history":[{"count":0,"href":"https:\/\/www.radiopiu.net\/wordpress\/wp-json\/wp\/v2\/posts\/191104\/revisions"}],"wp:featuredmedia":[{"embeddable":true,"href":"https:\/\/www.radiopiu.net\/wordpress\/wp-json\/wp\/v2\/media\/46376"}],"wp:attachment":[{"href":"https:\/\/www.radiopiu.net\/wordpress\/wp-json\/wp\/v2\/media?parent=191104"}],"wp:term":[{"taxonomy":"category","embeddable":true,"href":"https:\/\/www.radiopiu.net\/wordpress\/wp-json\/wp\/v2\/categories?post=191104"},{"taxonomy":"post_tag","embeddable":true,"href":"https:\/\/www.radiopiu.net\/wordpress\/wp-json\/wp\/v2\/tags?post=191104"}],"curies":[{"name":"wp","href":"https:\/\/api.w.org\/{rel}","templated":true}]}}