{"id":191133,"date":"2021-02-13T19:04:34","date_gmt":"2021-02-13T18:04:34","guid":{"rendered":"https:\/\/www.radiopiu.net\/wordpress\/?p=191133"},"modified":"2021-02-14T07:39:13","modified_gmt":"2021-02-14T06:39:13","slug":"minella-anef-bene-per-la-montagna-ora-si-pensi-ai-ristori","status":"publish","type":"post","link":"https:\/\/www.radiopiu.net\/wordpress\/minella-anef-bene-per-la-montagna-ora-si-pensi-ai-ristori\/","title":{"rendered":"MINELLA ANEF: BENE PER LA MONTAGNA ORA SI PENSI AI RISTORI"},"content":{"rendered":"<p><strong><a href=\"https:\/\/www.radiopiu.net\/wordpress\/giornale-radiopiu-14-febbraio-2021-direttore-mirko-mezzacasa\/renzo-minella-10\/\" rel=\"attachment wp-att-191135\"><img loading=\"lazy\" decoding=\"async\" class=\"size-medium wp-image-191135 alignleft\" src=\"https:\/\/www.radiopiu.net\/wordpress\/wp-content\/uploads\/2021\/02\/RENZO-MINELLA-300x200.jpg\" alt=\"\" width=\"300\" height=\"200\" srcset=\"https:\/\/www.radiopiu.net\/wordpress\/wp-content\/uploads\/2021\/02\/RENZO-MINELLA-300x200.jpg 300w, https:\/\/www.radiopiu.net\/wordpress\/wp-content\/uploads\/2021\/02\/RENZO-MINELLA-768x512.jpg 768w, https:\/\/www.radiopiu.net\/wordpress\/wp-content\/uploads\/2021\/02\/RENZO-MINELLA.jpg 1024w\" sizes=\"auto, (max-width: 300px) 100vw, 300px\" \/><\/a>BELLUNO<\/strong> &#8220;L&#8217;ordinanza del presidente della Regione Veneto Luca Zaia in merito alla riapertura degli impianti sciistici, prevista per il 17 febbraio, sigla l&#8217;importante lavoro condotto in questi mesi dalla Regione, dall&#8217;assessore Caner e dall&#8217;assessore Lanzarin, insieme ad Anef e agli altri interlocutori del settore -afferma Renzo Minella, presidente Anef Veneto -. Si tratta di un passo determinante per l&#8217;economia del nostro territorio e per tutti i soggetti che lavorano nel settore turismo, a partire dai nostri collaboratori sino agli albergatori e a quanti operano per garantire ogni tipo di servizio a turisti e appassionati. Adesso \u00e8 fondamentale che si agisca anche per assicurare i Ristori che servono a garantire il prosieguo delle nostre attivit\u00e0 e in particolare la prossima stagione estiva e invernale. Per noi impiantisti \u00e8 fondamentale guardare anche al futuro, per poter continuare ad assicurare il massimo standard qualitativo ai turisti italiani e stranieri e agli appassionati della montagna che sceglieranno i nostri comprensori. Invitiamo ora tutti quanti a fare la propria parte nel rispettare le regole, le distanze previste e tutti gli accorgimenti necessari. Amare la montagna e lo sci significa anche avere rispetto degli altri e del bene pi\u00f9 prezioso, la nostra salute&#8221;.<\/p>\n","protected":false},"excerpt":{"rendered":"<p>BELLUNO &#8220;L&#8217;ordinanza del presidente della Regione Veneto Luca Zaia in merito alla riapertura degli impianti sciistici, prevista per il 17 febbraio, sigla l&#8217;importante lavoro condotto in questi mesi dalla Regione, dall&#8217;assessore Caner e dall&#8217;assessore Lanzarin, insieme ad Anef e agli altri interlocutori del settore -afferma Renzo Minella, presidente Anef Veneto -. Si tratta di un&hellip;<\/p>\n","protected":false},"author":4,"featured_media":191135,"comment_status":"closed","ping_status":"closed","sticky":false,"template":"","format":"standard","meta":{"_monsterinsights_skip_tracking":false,"_monsterinsights_sitenote_active":false,"_monsterinsights_sitenote_note":"","_monsterinsights_sitenote_category":0,"footnotes":""},"categories":[51,49],"tags":[],"class_list":["post-191133","post","type-post","status-publish","format-standard","has-post-thumbnail","hentry","category-evidenza-top","category-news-18","category-51","category-49","description-off"],"img_url":"https:\/\/www.radiopiu.net\/wordpress\/wp-content\/uploads\/2021\/02\/RENZO-MINELLA.jpg","_links":{"self":[{"href":"https:\/\/www.radiopiu.net\/wordpress\/wp-json\/wp\/v2\/posts\/191133","targetHints":{"allow":["GET"]}}],"collection":[{"href":"https:\/\/www.radiopiu.net\/wordpress\/wp-json\/wp\/v2\/posts"}],"about":[{"href":"https:\/\/www.radiopiu.net\/wordpress\/wp-json\/wp\/v2\/types\/post"}],"author":[{"embeddable":true,"href":"https:\/\/www.radiopiu.net\/wordpress\/wp-json\/wp\/v2\/users\/4"}],"replies":[{"embeddable":true,"href":"https:\/\/www.radiopiu.net\/wordpress\/wp-json\/wp\/v2\/comments?post=191133"}],"version-history":[{"count":0,"href":"https:\/\/www.radiopiu.net\/wordpress\/wp-json\/wp\/v2\/posts\/191133\/revisions"}],"wp:featuredmedia":[{"embeddable":true,"href":"https:\/\/www.radiopiu.net\/wordpress\/wp-json\/wp\/v2\/media\/191135"}],"wp:attachment":[{"href":"https:\/\/www.radiopiu.net\/wordpress\/wp-json\/wp\/v2\/media?parent=191133"}],"wp:term":[{"taxonomy":"category","embeddable":true,"href":"https:\/\/www.radiopiu.net\/wordpress\/wp-json\/wp\/v2\/categories?post=191133"},{"taxonomy":"post_tag","embeddable":true,"href":"https:\/\/www.radiopiu.net\/wordpress\/wp-json\/wp\/v2\/tags?post=191133"}],"curies":[{"name":"wp","href":"https:\/\/api.w.org\/{rel}","templated":true}]}}