{"id":191293,"date":"2021-02-15T05:35:31","date_gmt":"2021-02-15T04:35:31","guid":{"rendered":"https:\/\/www.radiopiu.net\/wordpress\/?p=191293"},"modified":"2021-02-15T05:44:57","modified_gmt":"2021-02-15T04:44:57","slug":"ultimora-le-piste-da-sci-non-riaprono","status":"publish","type":"post","link":"https:\/\/www.radiopiu.net\/wordpress\/ultimora-le-piste-da-sci-non-riaprono\/","title":{"rendered":"ENNESIMO POSTICIPO, GLI IMPIANTI NON RIAPRONO ALMENO FINO AL 5 MARZO MONTAGNA IN GINOCCHIO"},"content":{"rendered":"<p><strong><a href=\"https:\/\/www.radiopiu.net\/wordpress\/giornale-radio-piu-edizione-del-30-11-2017-direttore-mirko-mezzacasa\/pista-sci-alpe-lusia_san-pellegrino\/\" rel=\"attachment wp-att-39296\"><img loading=\"lazy\" decoding=\"async\" class=\"size-medium wp-image-39296 alignleft\" src=\"https:\/\/www.radiopiu.net\/wordpress\/wp-content\/uploads\/2017\/11\/pista-sci-Alpe-Lusia_San-Pellegrino-300x200.jpg\" alt=\"\" width=\"300\" height=\"200\" \/><\/a>ROMA <\/strong>Le piste di sci non riaprono. Il ministro Speranza ha firmato un provvedimento che vieta lo svolgimento delle attivit\u00e0 sciistiche amatoriali fino al 5 marzo.<\/p>\n<p>&nbsp;<\/p>\n<blockquote>\n<h3>COVID: GIORGIETTI E GARAVAGLIA CHIEDONO SUBITO GLI INDENNIZZI PER LA MONTAGNA<\/h3>\n<\/blockquote>\n<p><strong>ROMA<\/strong> \u201c<em>La montagna, finora dimenticata, merita rispetto e attenzione: che risposte si danno e in che tempi al documento predisposto dalle regioni? Non \u00e8 solo questione di cifre: non \u00e8 detto nemmeno che bastino i 4,5 miliardi richiesti quando la stagione non era ancora compromessa, probabilmente ne serviranno di pi\u00f9, a maggior ragione se ci sono altri stop. \u00c8 prima di tutto una questione di rispetto per un sistema delicato che tanto contribuisce al benessere del Paese. Gli indennizzi per la montagna devono avere la priorit\u00e0 assoluta, quando si reca un danno, il danno va indennizzato; gi\u00e0 subito nel prossimo decreto<\/em>\u201d. Cos\u00ec i ministri Giancarlo Giorgetti e Massimo Garavaglia sull\u2019ordinanza di Speranza.<\/p>\n<p>&nbsp;<\/p>\n<p>&nbsp;<\/p>\n<p>&nbsp;<\/p>\n<blockquote>\n<h3>LE DICHIARAZIONI DI ZAIA DOPO L&#8217;ORDINANZA DEL MINISTRO SPERANZA<\/h3>\n<\/blockquote>\n<p><strong><a href=\"https:\/\/www.radiopiu.net\/wordpress\/alle-12-30-la-conferenza-stampa-del-presidente-zaia-ultime-notizie-sullepidemia-in-veneto-ancora-in-zona-gialla\/zaia-44\/\" rel=\"attachment wp-att-172638\"><img loading=\"lazy\" decoding=\"async\" class=\"size-medium wp-image-172638 alignleft\" src=\"https:\/\/www.radiopiu.net\/wordpress\/wp-content\/uploads\/2020\/11\/zaia-300x165.png\" alt=\"\" width=\"300\" height=\"165\" srcset=\"https:\/\/www.radiopiu.net\/wordpress\/wp-content\/uploads\/2020\/11\/zaia-300x165.png 300w, https:\/\/www.radiopiu.net\/wordpress\/wp-content\/uploads\/2020\/11\/zaia-1024x564.png 1024w, https:\/\/www.radiopiu.net\/wordpress\/wp-content\/uploads\/2020\/11\/zaia-768x423.png 768w, https:\/\/www.radiopiu.net\/wordpress\/wp-content\/uploads\/2020\/11\/zaia.png 1430w\" sizes=\"auto, (max-width: 300px) 100vw, 300px\" \/><\/a>VENEZIA<\/strong> \u201c<em>Prendiamo atto della ordinanza del ministro Speranza che fa slittare la chiusura impianti sci fino al 5 marzo. Pur considerando che la salute dei cittadini viene prima di tutto, \u00e8 innegabile che questo provvedimento in zona Cesarini mette in crisi tutti gli impiantisti. In Veneto, in particolare, io avevo firmato un\u2019ordinanza che decretava il via dal 17. Per cui tutti gli operatori avevano gi\u00e0 predisposto ogni cosa: erano state preparate le piste, i rifugi erano gi\u00e0 pronti ad accogliere. E avevamo previsto di aprire al 30 per cento, rispettosi delle regole di salute pubblica. Certamente il provvedimento mette in difficolt\u00e0 tutti coloro che si erano adoperati per una stagione che non \u00e8 mai iniziata e che ora devono addirittura sobbarcarsi i costi di un riavvio che ormai non ci sar\u00e0 fino al 5 marzo. Il danno \u00e8 quindi ancora pi\u00f9 pesante. Bisogna pertanto provvedere a ristorare ampiamente una economia fondamentale per le nostre zone montane, una economia che \u00e8 fatta anche di stagionali e di persone che lavorano nel mondo ampio del settore dell\u2019ospitalit\u00e0. Parliamo di un settore praticamente massacrato: su 65 mila posti di lavoro persi, ben 35 mila sono del settore turistico. E il turismo \u00e8 la prima industria del Veneto con 18 miliardi di fatturato. Prendo dunque atto &#8211; ripeto &#8211; di un provvedimento che arriva molto, troppo tardi, superando ampiamente anche i tempi supplementari. Bisogna dunque provvedere immediatamente ai ristori, ma anche indennizzi per il danno ricevuto. Siamo infatti tutti convinti che la salute sia un bene assolutamente primario: ma non possiamo continuare ad assistere a questo balletto di dichiarazioni, col Cts che prima dice che possono essere aperte le piste da sci e poi una dichiarazione mediana che esprime preoccupazione fino al niet finale. Cos\u00ec \u00e8 impossibile programmare alcunch\u00e9<\/em>&#8220;. Queste le dichiarazioni del Presidente del veneto Luca Zaia dopo l&#8217;ordinanza da parte del Ministro Speranza.<\/p>\n<p>&nbsp;<\/p>\n<p>&nbsp;<\/p>\n<p>&nbsp;<\/p>\n<blockquote>\n<h3>BLOCCO DELLO SCI, BUSSONE (UNCEM): STAGIONE FINITA NEL PEGGIORE DEI MODI<\/h3>\n<\/blockquote>\n<p><strong><a href=\"https:\/\/www.radiopiu.net\/wordpress\/giornale-radiopiu-06-novembre-2020-direttore-mirko-mezzacasa\/logouncem_no_scritta-wdtr\/\" rel=\"attachment wp-att-170846\"><img loading=\"lazy\" decoding=\"async\" class=\"wp-image-170846 alignleft\" src=\"https:\/\/www.radiopiu.net\/wordpress\/wp-content\/uploads\/2020\/11\/logoUNCEM_no_scritta-wdtr-300x300.jpg\" alt=\"\" width=\"124\" height=\"124\" srcset=\"https:\/\/www.radiopiu.net\/wordpress\/wp-content\/uploads\/2020\/11\/logoUNCEM_no_scritta-wdtr-300x300.jpg 300w, https:\/\/www.radiopiu.net\/wordpress\/wp-content\/uploads\/2020\/11\/logoUNCEM_no_scritta-wdtr-150x150.jpg 150w, https:\/\/www.radiopiu.net\/wordpress\/wp-content\/uploads\/2020\/11\/logoUNCEM_no_scritta-wdtr.jpg 640w\" sizes=\"auto, (max-width: 124px) 100vw, 124px\" \/><\/a>ROMA<\/strong> &#8220;<em>Il blocco dello sci \u00e8 gravissimo. La stagione \u00e8 finita, per molti operatori che in questi istanti mi hanno confermato che non apriranno pi\u00f9. Il NO all&#8217;apertura degli impianti, arrivato in questi minuti dal Governo, non trova d&#8217;accordo i Comuni montani, insieme a tutti gli operatori economici. Abbiamo buttato al vento milioni di euro in quest&#8217;ultima settimana. Uno spreco. Ora contiamo i danni. Che in settimana dovranno essere rimborsati con adeguati ristori. Per il personale serve immediatamente un&#8217;indennit\u00e0, la cassa integrazione. Il Governo Draghi si attivi immediatamente<\/em>&#8220;. Lo afferma Marco Bussone, Presidente nazionale Uncem<\/p>\n<p>&nbsp;<\/p>\n<p>&nbsp;<\/p>\n<blockquote>\n<h3>BOND: &#8220;RINVIO SCI A MARZO, LA MONTAGNA MUORE MENTRE ROMA E&#8217; PIENA DI GENTE&#8221;<\/h3>\n<\/blockquote>\n<p><strong><a href=\"https:\/\/www.radiopiu.net\/wordpress\/giornale-radiopiu-26-luglio-2019-direttore-mirko-mezzacasa\/dario-bond-6\/\" rel=\"attachment wp-att-93051\"><img loading=\"lazy\" decoding=\"async\" class=\"size-medium wp-image-93051 alignleft\" src=\"https:\/\/www.radiopiu.net\/wordpress\/wp-content\/uploads\/2019\/07\/Dario-Bond-300x200.jpg\" alt=\"\" width=\"300\" height=\"200\" srcset=\"https:\/\/www.radiopiu.net\/wordpress\/wp-content\/uploads\/2019\/07\/Dario-Bond-300x200.jpg 300w, https:\/\/www.radiopiu.net\/wordpress\/wp-content\/uploads\/2019\/07\/Dario-Bond-768x512.jpg 768w, https:\/\/www.radiopiu.net\/wordpress\/wp-content\/uploads\/2019\/07\/Dario-Bond-1024x683.jpg 1024w\" sizes=\"auto, (max-width: 300px) 100vw, 300px\" \/><\/a>ROMA<\/strong> \u00ab<em>Il dietrofront del Cts sugli impianti di risalita \u00e8 incomprensibile. O i dati erano sbagliati qualche giorno fa, quando \u00e8 arrivato l\u2019ok all\u2019apertura per il 25 febbraio, oppure \u00e8 sbagliata la nuova chiusura prolungata. In questo tira e molla per\u00f2 la montagna muore<\/em>\u00bb. \u00c8 quanto afferma il deputato di Forza Italia Dario Bond, alla notizia dello slittamento dopo il 5 marzo per l\u2019apertura degli impianti di risalita. \u00ab<em>Alberghi e localit\u00e0 turistiche aspettavano il 15 febbraio come una data simbolo per salvare il salvabile di una stagione ormai defunta. Ora cosa accadr\u00e0? Quel che \u00e8 vergognoso \u00e8 ancora una volta la differenza di trattamenti a sfavore della montagna. Oggi a Roma, domenica da zona gialla, era pieno di gente, con file nei bar e nei negozi. O le varianti del virus esistono ovunque oppure c\u2019\u00e8 una disparit\u00e0 inaudita: in montagna, all\u2019aria aperta e con tutti i protocolli di sicurezza previsti dagli impiantisti non si arriver\u00e0 mai agli assembramenti visti oggi nella capitale<\/em>\u00bb.<\/p>\n<p>&nbsp;<\/p>\n<p>&nbsp;<\/p>\n<blockquote>\n<h3>DE CARLO: &#8220;NUOVO GOVERNO VECCHI VIZI. NESSUN RISPETTO PER CHI \u00c8 IN GINOCCHIO E VUOLE RIPARTIRE&#8221;<\/h3>\n<\/blockquote>\n<p><strong><a href=\"https:\/\/www.radiopiu.net\/wordpress\/giornale-radiopiu-19-maggio-2020-direttore-mirko-mezzacasa\/luca-de-carlo-8\/\" rel=\"attachment wp-att-138787\"><img loading=\"lazy\" decoding=\"async\" class=\"size-full wp-image-138787 alignleft\" src=\"https:\/\/www.radiopiu.net\/wordpress\/wp-content\/uploads\/2020\/05\/Luca-De-Carlo.jpg\" alt=\"\" width=\"165\" height=\"228\" \/><\/a>ROMA<\/strong> \u201c<em>Nuovo governo, vecchi vizi: a poche ore dall&#8217;apertura degli impianti sciistici in molte regioni, ecco che arriva la mazzata del nuovo governo con il vecchio ministro Speranza che sposta ancora la data della ripartenza. Sarebbe questa la discontinuit\u00e0 annunciata? Mi pare che sia rimasta quella pessima abitudine di cambiare idea all&#8217;ultimo minuto, mancando di rispetto a chi, nonostante sia ormai da tempo in ginocchio, ha investito in sicurezza ed \u00e8 pronto e ansioso di ripartire. Doveva essere il governo del sostegno alle imprese, ma se si inizia cos\u00ec..<\/em>.\u201d: il senatore e coordinatore veneto di Fratelli d&#8217;Italia, Luca De Carlo, attacca duramente il nuovo rinvio della partenza della stagione sciistica 2021, rinviato \u2013 per ora \u2013 al 5 marzo. \u201c<em>Come gi\u00e0 successo per tante altre categorie, anche qui gli operatori hanno investito cifre importnati, adeguato gli impianti, assunto personale, preso tutte le precauzioni richieste dalle normative e dalle linee guida approvate dal Comitato Tecnico-Scientifico appena una settimana fa<\/em>\u201d, sottolinea De Carlo. \u201c<em>Uno sforzo inutile, calpestato dal governo che ha deciso di spostare nuovamente la riapertura, decisione presa ancora una volta quando ormai era tutto pronto. E ancora una volta di ristori non si parla: chi vuole lavorare investe per poi venire beffato dai dietrofront governativi, mentre i componenti del precedente governo erano troppo impegnati a cercarsi una poltrona nel nuovo esecutivo per pensare a come sostenere una fetta cos\u00ec importante del settore turistico nazionale<\/em>\u201d. \u201c<em>Il settore dello sci \u00e8 gi\u00e0 stato messo in ginocchio dalla chiusura e dai continui tira e molla sulla riapertura; la decisione di questa sera \u00e8 la mazzata finale<\/em>\u201d, conclude De Carlo. \u201c<em>Se il buongiorno si vede dal mattino, direi che non c&#8217;\u00e8 proprio nulla per cui stare allegri<\/em>\u201d.<\/p>\n","protected":false},"excerpt":{"rendered":"<p>ROMA Le piste di sci non riaprono. Il ministro Speranza ha firmato un provvedimento che vieta lo svolgimento delle attivit\u00e0 sciistiche amatoriali fino al 5 marzo. &nbsp; COVID: GIORGIETTI E GARAVAGLIA CHIEDONO SUBITO GLI INDENNIZZI PER LA MONTAGNA ROMA \u201cLa montagna, finora dimenticata, merita rispetto e attenzione: che risposte si danno e in che tempi&hellip;<\/p>\n","protected":false},"author":4,"featured_media":0,"comment_status":"closed","ping_status":"closed","sticky":false,"template":"","format":"standard","meta":{"_monsterinsights_skip_tracking":false,"_monsterinsights_sitenote_active":false,"_monsterinsights_sitenote_note":"","_monsterinsights_sitenote_category":0,"footnotes":""},"categories":[51,49],"tags":[],"class_list":["post-191293","post","type-post","status-publish","format-standard","hentry","category-evidenza-top","category-news-18","category-51","category-49","description-off"],"img_url":false,"_links":{"self":[{"href":"https:\/\/www.radiopiu.net\/wordpress\/wp-json\/wp\/v2\/posts\/191293","targetHints":{"allow":["GET"]}}],"collection":[{"href":"https:\/\/www.radiopiu.net\/wordpress\/wp-json\/wp\/v2\/posts"}],"about":[{"href":"https:\/\/www.radiopiu.net\/wordpress\/wp-json\/wp\/v2\/types\/post"}],"author":[{"embeddable":true,"href":"https:\/\/www.radiopiu.net\/wordpress\/wp-json\/wp\/v2\/users\/4"}],"replies":[{"embeddable":true,"href":"https:\/\/www.radiopiu.net\/wordpress\/wp-json\/wp\/v2\/comments?post=191293"}],"version-history":[{"count":0,"href":"https:\/\/www.radiopiu.net\/wordpress\/wp-json\/wp\/v2\/posts\/191293\/revisions"}],"wp:attachment":[{"href":"https:\/\/www.radiopiu.net\/wordpress\/wp-json\/wp\/v2\/media?parent=191293"}],"wp:term":[{"taxonomy":"category","embeddable":true,"href":"https:\/\/www.radiopiu.net\/wordpress\/wp-json\/wp\/v2\/categories?post=191293"},{"taxonomy":"post_tag","embeddable":true,"href":"https:\/\/www.radiopiu.net\/wordpress\/wp-json\/wp\/v2\/tags?post=191293"}],"curies":[{"name":"wp","href":"https:\/\/api.w.org\/{rel}","templated":true}]}}