{"id":191488,"date":"2021-02-15T10:39:33","date_gmt":"2021-02-15T09:39:33","guid":{"rendered":"https:\/\/www.radiopiu.net\/wordpress\/?p=191488"},"modified":"2021-02-15T10:39:33","modified_gmt":"2021-02-15T09:39:33","slug":"il-pelmetto-e-leffimero-cambio-di-nome","status":"publish","type":"post","link":"https:\/\/www.radiopiu.net\/wordpress\/il-pelmetto-e-leffimero-cambio-di-nome\/","title":{"rendered":"IL PELMETTO E L\u2019EFFIMERO CAMBIO DI NOME"},"content":{"rendered":"<p><strong>di Renato Bona<\/strong><\/p>\n<p>La singolare vicenda \u00e8 richiamata nel libro di Giovanni Angelini \u201cPelmo d\u2019altri tempi\u201d edito da Nuovi Sentieri Il compianto professor Giovanni Angelini, autore, fra l\u2019altro, del libro \u201cPelmo d\u2019altri tempi\u201d, edito nell\u2019ottobre 1987 per Nuovi Sentieri Editore di Bepi Pellegrinon, da Arti grafiche Tamari di Bologna, riproduzioni fotografiche di Foto De Santi di Belluno, ha dedicato un capitolo al Pelmetto. Premesso che \u201cTardi il Pelmetto (2990-2981 m. si affacci\u00f2 all\u2019orizzonte delle aspirazioni alpinistiche: massa rocciosa possente, appena disgiunta dalla gran mole squadrata del Pelmo dal nitido spacco de \u2018La Fessura 2726 m. verso la sommit\u00e0 e dalle gole che ne discendono ripide, quella di neve e di gelo verso settentrione e quella a tratti innevata ma spesso calcinata dal sole verso mezzogiorno\u201d spiegava che \u201cIl Pelmetto continua e completa l\u00ec\u2019armonica figura del Pelmo a occidente, proteso come pilastro a segnare il termine di due valli: a settentrione quella cadorina o Val Fiorentina, a meridione quella bellunese o Val di Zoldo; dalle rosse rocce di occidente si riverbera il fuoco del tramonto sul piedistallo delle ghiaie e gi\u00f9 sulle pendici boscose intorno al Pian dei Buoi, sui molli umidi prati di Pala Fav\u00e8ra e di Staulanza, di Fontana Freda e di Bela Mont, sulle dolci alture e forcelle che spartiscono le acque degli opposti solchi e aprono l varco al venti di tramontana apportatore del sereno\u2026\u201d formulava l\u2019ipotesi che \u201cProbabilmente l\u2019individualit\u00e0 del Pelmetto come cima secondaria e come nome (\u2018piccolo Pelmo\u2019) \u00e8 moderna, dell\u2019\u2018era alpinistica\u2019 e nessun no,e gli venne attribuito nelle carte topografiche che segnarono la modernit\u00e0 della rappresentazione di questo territorio montano\u2026\u201d. Ricordava quindi che \u201cNon fu nominato il Pelmetto nelle relazioni degli alpinisti pionieri degli anni Sessanta e Settanta del secolo scorso, n\u00e9 nelle guide degli anni Ottanta, n\u00e9 comparve il suo nome sulle diligenti e complete Guida storico-alpina del Cadore (1886) e Guida storico-alpina di Belluno, Feltre, Primiero, Agordo, Zoldo (1897) di Ottone Brentari\u201d. Eppure, evidenziava Angelini, \u201cDa tempo il Pelmetto, come la montagna madre alla quale appartiene e di cui ripete la conformazione, era percorso nelle lunghe cenge che lo circondano a varia altezza da camosci e cacciatori. Questi ben sapevano salire i suoi Scaloni che digradano a mezzogiorno sopra il Cadin\u00e0t e offrono il pi\u00f9 alto terreno di sussistenza ai pi\u00f9 alti larici, al sole e al caldo delle rocce, dove i camosci un tempo amavano pascolare. Nel suo mirabile spiegare la realt\u00e0 del Pelmetto anche ai \u201cnon addetti ai lavori\u201d, Angelini proponeva quindi una relazione di Francesco Spada, medico condotto di Zoldo Alto nominato nel marzo 1896 autore della prima ascensione, l\u20198 luglio 1896, sul Pelmetto o Cima Spada (come lo aveva ribattezzato dandogli il proprio nome, \u201cusufruendo delle esplorazioni fatte dalla guida Angelo Panciera \u201cMago\u201d(nome che peraltro non si afferm\u00f2 e trov\u00f2 riscontro solo nella seconda edizione della Guida del Cadore e della Valle di Zoldo curata dal Brentari il quale riferendo i dati alpinistici del Pelmo riservava un piccolo paragrafo alla Cima Spada, definendola \u201cguglia irta e difficile che sorge a sera del Pelmo, verso la Staulanza, nota col nome di Piccolo Pelmo. Spazio quindi per il \u201cMago\u201d Panciera (1854 circa-1922-23), soprannominato anche Geremia, di Fusine di Zoldo Alto \u201cuna singolare figura di montanaro buonuomo, dalle abitudini piuttosto solitarie e irregolari: chi l\u2019ha conosciuto lo diceva un po\u2019 \u2018lingera\u2019, usando il gergo alpino dei nostri tempi,. Di statura un po\u2019 bassa e tarchiato, era baffuto. Pare che il suo motto fosse \u2018poco pane molto vino\u2019. D\u2019inverno campava la vita a Venezia, dove andava per le case a spaccare la legna; ma con la buona stagione non resisteva alla nostalgia dei suoi monti,. Spesso girovagava in alto da solo e dormiva fuori, sotto un massi, senza ripari n\u00e9 coperte; accadeva d\u2019incontrarlo lass\u00f9 all\u2019improvviso, ed egli balzava fuori allora lanciando con voce chioccia una caratteristica invettiva, Tuttavia ebbe nella valle rinomanza e fu ricercato come guida di montagna; fu tra quelle nominate nella Guida alpina di Belluno del Brentari e nell\u2019elenco delle guide iscritte nel ruolo della Sezione Cai di Belluno\u201d. E poi c\u2019\u00e8 la figura di Clemente Callegari (1838-1917) da Caprile, boscaiolo e guida di prima classe dal 17 gennaio 1871; appartenne al gruppetto delle prime tre guide iscritte nel ruolo della Sezione di Agordo; le altre due erano Pellegrino Pellegrini (1820-1891) da Rocca Pietore, e Giovan Battista Della Santa (1825-18902) da Caprile.<\/p>\n\n\t\t\t<style type='text\/css'>\n\t\t\t\t#gallery-1 {\n\t\t\t\t\tmargin: auto;\n\t\t\t\t}\n\t\t\t\t#gallery-1 .gallery-item {\n\t\t\t\t\tfloat: left;\n\t\t\t\t\tmargin-top: 10px;\n\t\t\t\t\ttext-align: center;\n\t\t\t\t\twidth: 16%;\n\t\t\t\t}\n\t\t\t\t#gallery-1 img {\n\t\t\t\t\tborder: 2px solid #cfcfcf;\n\t\t\t\t}\n\t\t\t\t#gallery-1 .gallery-caption {\n\t\t\t\t\tmargin-left: 0;\n\t\t\t\t}\n\t\t\t\t\/* see gallery_shortcode() in wp-includes\/media.php *\/\n\t\t\t<\/style>\n\t\t<div id='gallery-1' class='dt-gallery-container gallery galleryid-191488 gallery-columns-6 gallery-size-thumbnail'><dl class='gallery-item'>\n\t\t\t\t<dt class='gallery-icon landscape'>\n\t\t\t\t\t<a class=\"rollover rollover-zoom dt-pswp-item\" title=\"150410684_3038411936391643_2684861878411003284_n\" data-dt-img-description=\"\" data-large_image_width=\"2560\" data-large_image_height=\"1905\"href='https:\/\/www.radiopiu.net\/wordpress\/wp-content\/uploads\/2021\/02\/150410684_3038411936391643_2684861878411003284_n-scaled.jpg'><img loading=\"lazy\" decoding=\"async\" width=\"150\" height=\"150\" src=\"https:\/\/www.radiopiu.net\/wordpress\/wp-content\/uploads\/2021\/02\/150410684_3038411936391643_2684861878411003284_n-150x150.jpg\" class=\"attachment-thumbnail size-thumbnail\" alt=\"\" \/><\/a>\n\t\t\t\t<\/dt><\/dl><dl class='gallery-item'>\n\t\t\t\t<dt class='gallery-icon portrait'>\n\t\t\t\t\t<a class=\"rollover rollover-zoom dt-pswp-item\" title=\"150493475_503212174004353_5899594788430036216_n\" data-dt-img-description=\"\" data-large_image_width=\"1790\" data-large_image_height=\"2560\"href='https:\/\/www.radiopiu.net\/wordpress\/wp-content\/uploads\/2021\/02\/150493475_503212174004353_5899594788430036216_n-scaled.jpg'><img loading=\"lazy\" decoding=\"async\" width=\"150\" height=\"150\" src=\"https:\/\/www.radiopiu.net\/wordpress\/wp-content\/uploads\/2021\/02\/150493475_503212174004353_5899594788430036216_n-150x150.jpg\" class=\"attachment-thumbnail size-thumbnail\" alt=\"\" \/><\/a>\n\t\t\t\t<\/dt><\/dl><dl class='gallery-item'>\n\t\t\t\t<dt class='gallery-icon portrait'>\n\t\t\t\t\t<a class=\"rollover rollover-zoom dt-pswp-item\" title=\"150385702_275245930632434_724356459889573445_n\" data-dt-img-description=\"\" data-large_image_width=\"1439\" data-large_image_height=\"2560\"href='https:\/\/www.radiopiu.net\/wordpress\/wp-content\/uploads\/2021\/02\/150385702_275245930632434_724356459889573445_n-scaled.jpg'><img loading=\"lazy\" decoding=\"async\" width=\"150\" height=\"150\" src=\"https:\/\/www.radiopiu.net\/wordpress\/wp-content\/uploads\/2021\/02\/150385702_275245930632434_724356459889573445_n-150x150.jpg\" class=\"attachment-thumbnail size-thumbnail\" alt=\"\" \/><\/a>\n\t\t\t\t<\/dt><\/dl><dl class='gallery-item'>\n\t\t\t\t<dt class='gallery-icon portrait'>\n\t\t\t\t\t<a class=\"rollover rollover-zoom dt-pswp-item\" title=\"150867907_2492856957526113_4386251800302519176_n\" data-dt-img-description=\"\" data-large_image_width=\"2105\" data-large_image_height=\"2560\"href='https:\/\/www.radiopiu.net\/wordpress\/wp-content\/uploads\/2021\/02\/150867907_2492856957526113_4386251800302519176_n-scaled.jpg'><img loading=\"lazy\" decoding=\"async\" width=\"150\" height=\"150\" src=\"https:\/\/www.radiopiu.net\/wordpress\/wp-content\/uploads\/2021\/02\/150867907_2492856957526113_4386251800302519176_n-150x150.jpg\" class=\"attachment-thumbnail size-thumbnail\" alt=\"\" \/><\/a>\n\t\t\t\t<\/dt><\/dl><dl class='gallery-item'>\n\t\t\t\t<dt class='gallery-icon landscape'>\n\t\t\t\t\t<a class=\"rollover rollover-zoom dt-pswp-item\" title=\"150159830_426462295307033_9171928714005207552_n\" data-dt-img-description=\"\" data-large_image_width=\"2560\" data-large_image_height=\"1825\"href='https:\/\/www.radiopiu.net\/wordpress\/wp-content\/uploads\/2021\/02\/150159830_426462295307033_9171928714005207552_n-scaled.jpg'><img loading=\"lazy\" decoding=\"async\" width=\"150\" height=\"150\" src=\"https:\/\/www.radiopiu.net\/wordpress\/wp-content\/uploads\/2021\/02\/150159830_426462295307033_9171928714005207552_n-150x150.jpg\" class=\"attachment-thumbnail size-thumbnail\" alt=\"\" \/><\/a>\n\t\t\t\t<\/dt><\/dl><dl class='gallery-item'>\n\t\t\t\t<dt class='gallery-icon landscape'>\n\t\t\t\t\t<a class=\"rollover rollover-zoom dt-pswp-item\" title=\"150049743_278911653597741_8670568803666907269_n\" data-dt-img-description=\"\" data-large_image_width=\"2560\" data-large_image_height=\"1810\"href='https:\/\/www.radiopiu.net\/wordpress\/wp-content\/uploads\/2021\/02\/150049743_278911653597741_8670568803666907269_n-scaled.jpg'><img loading=\"lazy\" decoding=\"async\" width=\"150\" height=\"150\" src=\"https:\/\/www.radiopiu.net\/wordpress\/wp-content\/uploads\/2021\/02\/150049743_278911653597741_8670568803666907269_n-150x150.jpg\" class=\"attachment-thumbnail size-thumbnail\" alt=\"\" \/><\/a>\n\t\t\t\t<\/dt><\/dl><br style=\"clear: both\" \/><dl class='gallery-item'>\n\t\t\t\t<dt class='gallery-icon portrait'>\n\t\t\t\t\t<a class=\"rollover rollover-zoom dt-pswp-item\" title=\"150463762_716796935868344_5538869342146749974_n\" data-dt-img-description=\"\" data-large_image_width=\"1708\" data-large_image_height=\"2560\"href='https:\/\/www.radiopiu.net\/wordpress\/wp-content\/uploads\/2021\/02\/150463762_716796935868344_5538869342146749974_n-scaled.jpg'><img loading=\"lazy\" decoding=\"async\" width=\"150\" height=\"150\" src=\"https:\/\/www.radiopiu.net\/wordpress\/wp-content\/uploads\/2021\/02\/150463762_716796935868344_5538869342146749974_n-150x150.jpg\" class=\"attachment-thumbnail size-thumbnail\" alt=\"\" \/><\/a>\n\t\t\t\t<\/dt><\/dl><dl class='gallery-item'>\n\t\t\t\t<dt class='gallery-icon landscape'>\n\t\t\t\t\t<a class=\"rollover rollover-zoom dt-pswp-item\" title=\"150177862_1095832530891779_6392149136802018724_n\" data-dt-img-description=\"\" data-large_image_width=\"2560\" data-large_image_height=\"1565\"href='https:\/\/www.radiopiu.net\/wordpress\/wp-content\/uploads\/2021\/02\/150177862_1095832530891779_6392149136802018724_n-scaled.jpg'><img loading=\"lazy\" decoding=\"async\" width=\"150\" height=\"150\" src=\"https:\/\/www.radiopiu.net\/wordpress\/wp-content\/uploads\/2021\/02\/150177862_1095832530891779_6392149136802018724_n-150x150.jpg\" class=\"attachment-thumbnail size-thumbnail\" alt=\"\" \/><\/a>\n\t\t\t\t<\/dt><\/dl><dl class='gallery-item'>\n\t\t\t\t<dt class='gallery-icon portrait'>\n\t\t\t\t\t<a class=\"rollover rollover-zoom dt-pswp-item\" title=\"150150995_1131901267249782_2050608289961006234_n\" data-dt-img-description=\"\" data-large_image_width=\"1672\" data-large_image_height=\"2560\"href='https:\/\/www.radiopiu.net\/wordpress\/wp-content\/uploads\/2021\/02\/150150995_1131901267249782_2050608289961006234_n-scaled.jpg'><img loading=\"lazy\" decoding=\"async\" width=\"150\" height=\"150\" src=\"https:\/\/www.radiopiu.net\/wordpress\/wp-content\/uploads\/2021\/02\/150150995_1131901267249782_2050608289961006234_n-150x150.jpg\" class=\"attachment-thumbnail size-thumbnail\" alt=\"\" \/><\/a>\n\t\t\t\t<\/dt><\/dl><dl class='gallery-item'>\n\t\t\t\t<dt class='gallery-icon landscape'>\n\t\t\t\t\t<a class=\"rollover rollover-zoom dt-pswp-item\" title=\"150148701_731895757686747_9163294812376750042_n\" data-dt-img-description=\"\" data-large_image_width=\"2560\" data-large_image_height=\"1584\"href='https:\/\/www.radiopiu.net\/wordpress\/wp-content\/uploads\/2021\/02\/150148701_731895757686747_9163294812376750042_n-scaled.jpg'><img loading=\"lazy\" decoding=\"async\" width=\"150\" height=\"150\" src=\"https:\/\/www.radiopiu.net\/wordpress\/wp-content\/uploads\/2021\/02\/150148701_731895757686747_9163294812376750042_n-150x150.jpg\" class=\"attachment-thumbnail size-thumbnail\" alt=\"\" \/><\/a>\n\t\t\t\t<\/dt><\/dl><dl class='gallery-item'>\n\t\t\t\t<dt class='gallery-icon portrait'>\n\t\t\t\t\t<a class=\"rollover rollover-zoom dt-pswp-item\" title=\"150205519_122133909745629_4092859571114819922_n\" data-dt-img-description=\"\" data-large_image_width=\"1984\" data-large_image_height=\"2560\"href='https:\/\/www.radiopiu.net\/wordpress\/wp-content\/uploads\/2021\/02\/150205519_122133909745629_4092859571114819922_n-scaled.jpg'><img loading=\"lazy\" decoding=\"async\" width=\"150\" height=\"150\" src=\"https:\/\/www.radiopiu.net\/wordpress\/wp-content\/uploads\/2021\/02\/150205519_122133909745629_4092859571114819922_n-150x150.jpg\" class=\"attachment-thumbnail size-thumbnail\" alt=\"\" \/><\/a>\n\t\t\t\t<\/dt><\/dl>\n\t\t\t\t<br style='clear: both' \/>\n\t\t\t<\/div>\n\n<p>&nbsp;<\/p>\n<p>NELLE FOTO (riproduzioni dal libro\u201dPelmo d\u2019altri tempi\u201d di Giovanni Angelini, edito da Nuovi Sentieri): il Pelmetto e il Pelmo in un unico massiccio, al tramonto, da P\u00e9col di Zoldo (foto G. A. 1950); il Pelmetto con il suo \u201cVant\u201d alla base. Di fronte alla croce sbocca il Ru Bianch\u201d (G.A.); Pelmo e Pelmetto da sud-ovest, dorsale del Cr\u00e9p de Pecol) (G. A.); tra Pelmetto e Cr\u00f2t, la Forcella di Staulanza e in alto a destra, sopra le cenge superiori la rampa con il \u201cSalt del Mago\u201d (G. A.); la fotografia di fine secolo (A. Simon di Belluno, archivio Sezione Cai di Agordo) mostra la Casera Staulanza a quota 1766); il \u201cPian dei Buoi\u201d (B\u00fasi) ai 1800 metri delle pendici del Pelmetto (G.A.); il \u201cCas\u00f3t de le Somasse\u201d, in prossimit\u00e0 del \u201cRu Bianch\u201d (G. A. 1966); il Pelmetto e la \u201ccengia del Mago\u201d dalla cresta ovest del Pelmo sotto la cima, 3000 metri circa, sullo sfondo la Civetta e la sommit\u00e0 di Zoldo Alto (G. A. 1917); sulla porta del rifugio San Marco, da destra a sinistra: le guide alpine Angelo Panciera detto Geremia e pi\u00f9 comunemente Geremia, e Giuseppe Pordon \u201cMasari\u00e9\u201d di San Vito di Cadore ed Angelo Del Favero \u201cAucel\u201d pure di san Vito, custode del rifugio (foto G. Francescon, Mestre, raccolta G.A.); la guida Clemente Callegari di Caprile con gli attrezzi per salire la Marmolada (da Cesare ed Emilio Pollazzon di Alleghe); antica carta geografica che riporta il nome Pelmetto (raccolta G.A.).<\/p>\n","protected":false},"excerpt":{"rendered":"<p>di Renato Bona La singolare vicenda \u00e8 richiamata nel libro di Giovanni Angelini \u201cPelmo d\u2019altri tempi\u201d edito da Nuovi Sentieri Il compianto professor Giovanni Angelini, autore, fra l\u2019altro, del libro \u201cPelmo d\u2019altri tempi\u201d, edito nell\u2019ottobre 1987 per Nuovi Sentieri Editore di Bepi Pellegrinon, da Arti grafiche Tamari di Bologna, riproduzioni fotografiche di Foto De Santi&hellip;<\/p>\n","protected":false},"author":4,"featured_media":191519,"comment_status":"closed","ping_status":"closed","sticky":false,"template":"","format":"standard","meta":{"_monsterinsights_skip_tracking":false,"_monsterinsights_sitenote_active":false,"_monsterinsights_sitenote_note":"","_monsterinsights_sitenote_category":0,"footnotes":""},"categories":[49],"tags":[],"class_list":["post-191488","post","type-post","status-publish","format-standard","has-post-thumbnail","hentry","category-news-18","category-49","description-off"],"img_url":"https:\/\/www.radiopiu.net\/wordpress\/wp-content\/uploads\/2021\/02\/150159830_426462295307033_9171928714005207552_n-scaled.jpg","_links":{"self":[{"href":"https:\/\/www.radiopiu.net\/wordpress\/wp-json\/wp\/v2\/posts\/191488","targetHints":{"allow":["GET"]}}],"collection":[{"href":"https:\/\/www.radiopiu.net\/wordpress\/wp-json\/wp\/v2\/posts"}],"about":[{"href":"https:\/\/www.radiopiu.net\/wordpress\/wp-json\/wp\/v2\/types\/post"}],"author":[{"embeddable":true,"href":"https:\/\/www.radiopiu.net\/wordpress\/wp-json\/wp\/v2\/users\/4"}],"replies":[{"embeddable":true,"href":"https:\/\/www.radiopiu.net\/wordpress\/wp-json\/wp\/v2\/comments?post=191488"}],"version-history":[{"count":0,"href":"https:\/\/www.radiopiu.net\/wordpress\/wp-json\/wp\/v2\/posts\/191488\/revisions"}],"wp:featuredmedia":[{"embeddable":true,"href":"https:\/\/www.radiopiu.net\/wordpress\/wp-json\/wp\/v2\/media\/191519"}],"wp:attachment":[{"href":"https:\/\/www.radiopiu.net\/wordpress\/wp-json\/wp\/v2\/media?parent=191488"}],"wp:term":[{"taxonomy":"category","embeddable":true,"href":"https:\/\/www.radiopiu.net\/wordpress\/wp-json\/wp\/v2\/categories?post=191488"},{"taxonomy":"post_tag","embeddable":true,"href":"https:\/\/www.radiopiu.net\/wordpress\/wp-json\/wp\/v2\/tags?post=191488"}],"curies":[{"name":"wp","href":"https:\/\/api.w.org\/{rel}","templated":true}]}}