{"id":191532,"date":"2021-02-15T10:55:32","date_gmt":"2021-02-15T09:55:32","guid":{"rendered":"https:\/\/www.radiopiu.net\/wordpress\/?p=191532"},"modified":"2021-02-15T10:55:33","modified_gmt":"2021-02-15T09:55:33","slug":"elettrificazione-della-ferrovia-venezia-belluno-la-provincia-guarda-con-ottimismo-al-futuro-della-mobilita","status":"publish","type":"post","link":"https:\/\/www.radiopiu.net\/wordpress\/elettrificazione-della-ferrovia-venezia-belluno-la-provincia-guarda-con-ottimismo-al-futuro-della-mobilita\/","title":{"rendered":"ELETTRIFICAZIONE DELLA FERROVIA VENEZIA-BELLUNO, LA PROVINCIA GUARDA CON OTTIMISMO AL FUTURO DELLA MOBILIT\u00c0"},"content":{"rendered":"<p><strong><a href=\"https:\/\/www.radiopiu.net\/wordpress\/elettrificazione-della-ferrovia-venezia-belluno-la-provincia-guarda-con-ottimismo-al-futuro-della-mobilita\/ferrovia-2\/\" rel=\"attachment wp-att-191534\"><img loading=\"lazy\" decoding=\"async\" class=\"size-medium wp-image-191534 alignleft\" src=\"https:\/\/www.radiopiu.net\/wordpress\/wp-content\/uploads\/2021\/02\/FERROVIA-300x225.jpg\" alt=\"\" width=\"300\" height=\"225\" srcset=\"https:\/\/www.radiopiu.net\/wordpress\/wp-content\/uploads\/2021\/02\/FERROVIA-300x225.jpg 300w, https:\/\/www.radiopiu.net\/wordpress\/wp-content\/uploads\/2021\/02\/FERROVIA-1024x768.jpg 1024w, https:\/\/www.radiopiu.net\/wordpress\/wp-content\/uploads\/2021\/02\/FERROVIA-768x576.jpg 768w, https:\/\/www.radiopiu.net\/wordpress\/wp-content\/uploads\/2021\/02\/FERROVIA-1536x1152.jpg 1536w, https:\/\/www.radiopiu.net\/wordpress\/wp-content\/uploads\/2021\/02\/FERROVIA.jpg 1920w\" sizes=\"auto, (max-width: 300px) 100vw, 300px\" \/><\/a>BELLUNO <\/strong><span class=\"s1\">Con l\u2019entrata in vigore dell\u2019orario estivo, la linea ferroviaria per Venezia potr\u00e0 contare su treni elettrici e un viaggio senza rottura di carico. Si sono infatti conclusi i lavori di elettrificazione della Conegliano-Ponte nelle Alpi-Belluno.\u00a0 <\/span><span class=\"s1\">\u00ab<em>Una notizia importante, che ci consente di tornare al collegamento diretto con Venezia, senza dover cambiare treno &#8211; commenta il consigliere provinciale delegato alla mobilit\u00e0 Dario Scopel -. Un servizio pi\u00f9 efficiente per i pendolari, lavoratori e studenti. Ma anche una prospettiva nuova per lo sviluppo turistico del territorio, perch\u00e9 ci consente di programmare in maniera diversa l\u2019integrazione con il trasporto bici che da anni vede molti appassionati di montagna raggiungere Calalzo per poi affrontare la ciclabile verso Cortina. Proprio il collegamento con Cortina potr\u00e0 beneficiare di questa novit\u00e0, perch\u00e9 quando sar\u00e0 chiuso l\u2019anello basso del Bellunese, con l\u2019elettrificazione anche della tratta verso Feltre e Treviso, potremo ridurre le distanze con la pianura e gli altri capoluoghi veneti, e pensare all\u2019ulteriore sviluppo elettrico verso Calalzo<\/em>\u00bb. Nei prossimi anni infatti sar\u00e0 realizzato il binario elettrificato anche lungo la tratta Montebelluna-Feltre-Belluno, per il cosiddetto \u201canello basso\u201d. <\/span><span class=\"s1\">\u00ab<em>A questo punto abbiamo la necessit\u00e0 di ricevere rassicurazioni sui tempi di percorrenza, visto che qualche mese fa era stato sollevato il problema, con l\u2019ipotesi che il viaggio Belluno-Venezia potrebbe avere la stessa durata che ha oggi, con i treni diesel &#8211; continua il consigliere Scopel -. Da parte nostra, dovremo lavorare per un\u2019integrazione dei sistemi di trasporto che garantisca una mobilit\u00e0 sostenibile ma anche funzionale alle esigenze della montagna. E in prospettiva dobbiamo cercare di raggiungere quello sbocco a nord che \u00e8 fondamentale per il manifatturiero bellunese<\/em>\u00bb.<\/span><\/p>\n","protected":false},"excerpt":{"rendered":"<p>BELLUNO Con l\u2019entrata in vigore dell\u2019orario estivo, la linea ferroviaria per Venezia potr\u00e0 contare su treni elettrici e un viaggio senza rottura di carico. Si sono infatti conclusi i lavori di elettrificazione della Conegliano-Ponte nelle Alpi-Belluno.\u00a0 \u00abUna notizia importante, che ci consente di tornare al collegamento diretto con Venezia, senza dover cambiare treno &#8211; commenta&hellip;<\/p>\n","protected":false},"author":4,"featured_media":191534,"comment_status":"closed","ping_status":"closed","sticky":false,"template":"","format":"standard","meta":{"_monsterinsights_skip_tracking":false,"_monsterinsights_sitenote_active":false,"_monsterinsights_sitenote_note":"","_monsterinsights_sitenote_category":0,"footnotes":""},"categories":[49],"tags":[],"class_list":["post-191532","post","type-post","status-publish","format-standard","has-post-thumbnail","hentry","category-news-18","category-49","description-off"],"img_url":"https:\/\/www.radiopiu.net\/wordpress\/wp-content\/uploads\/2021\/02\/FERROVIA.jpg","_links":{"self":[{"href":"https:\/\/www.radiopiu.net\/wordpress\/wp-json\/wp\/v2\/posts\/191532","targetHints":{"allow":["GET"]}}],"collection":[{"href":"https:\/\/www.radiopiu.net\/wordpress\/wp-json\/wp\/v2\/posts"}],"about":[{"href":"https:\/\/www.radiopiu.net\/wordpress\/wp-json\/wp\/v2\/types\/post"}],"author":[{"embeddable":true,"href":"https:\/\/www.radiopiu.net\/wordpress\/wp-json\/wp\/v2\/users\/4"}],"replies":[{"embeddable":true,"href":"https:\/\/www.radiopiu.net\/wordpress\/wp-json\/wp\/v2\/comments?post=191532"}],"version-history":[{"count":0,"href":"https:\/\/www.radiopiu.net\/wordpress\/wp-json\/wp\/v2\/posts\/191532\/revisions"}],"wp:featuredmedia":[{"embeddable":true,"href":"https:\/\/www.radiopiu.net\/wordpress\/wp-json\/wp\/v2\/media\/191534"}],"wp:attachment":[{"href":"https:\/\/www.radiopiu.net\/wordpress\/wp-json\/wp\/v2\/media?parent=191532"}],"wp:term":[{"taxonomy":"category","embeddable":true,"href":"https:\/\/www.radiopiu.net\/wordpress\/wp-json\/wp\/v2\/categories?post=191532"},{"taxonomy":"post_tag","embeddable":true,"href":"https:\/\/www.radiopiu.net\/wordpress\/wp-json\/wp\/v2\/tags?post=191532"}],"curies":[{"name":"wp","href":"https:\/\/api.w.org\/{rel}","templated":true}]}}