{"id":191541,"date":"2021-02-15T12:25:33","date_gmt":"2021-02-15T11:25:33","guid":{"rendered":"https:\/\/www.radiopiu.net\/wordpress\/?p=191541"},"modified":"2021-02-15T14:47:16","modified_gmt":"2021-02-15T13:47:16","slug":"il-presidente-luca-zaia-in-diretta-per-le-ultime-sullemergenza-covid-19","status":"publish","type":"post","link":"https:\/\/www.radiopiu.net\/wordpress\/il-presidente-luca-zaia-in-diretta-per-le-ultime-sullemergenza-covid-19\/","title":{"rendered":"SCI: &#8220;NON RISTORI MA RIMBORSO DANNI&#8221;, ZAIA AL FIANCO DEGLI IMPRENDITORI STREMATI E IMPOVERITI"},"content":{"rendered":"<blockquote><p><strong>VENEZIA <\/strong>diretta da Marghera, sede della Protezione Civile, dove il Presidente del Veneto Luca Zaia fa il punto sull&#8217;emergenza Covid-19<\/p><\/blockquote>\n<p><strong>I NUMERI <\/strong>TAMPONI MOLECOLARI 3895438 TAMPONI RAPIDI 2898659 POSITIVI ULTIME 24 ORE +241 POSITIVI ATTUALI 24819 INCIDENZA TAMPONI-POSITIVI 2,93% POSITIVI DA INIZIO EPIDEMIA 321716 RICOVERI 1581 AREA NON CRITICA 1433 (-5)\u00a0 TERAPIA INTENSIVA 148 (-3) DECESSI 9509 (+11) DIMESSI 15298<\/p>\n<blockquote>\n<h3>LEGGI LA CONFERENZA STAMPA DI LUCA ZAIA<\/h3>\n<\/blockquote>\n<h3>Qui devono<strong>\u00a0pagare i danni\u00a0<\/strong>non \u00e8 solo una questione di ristori per i mancati incassi. E gli stagionali, come li ristori?<\/h3>\n<blockquote><p><em>Un&#8217;ordinanza quattro ore prima: imbarazzante e non giustificabile. Molte aziende non ripartiranno pi\u00f9. Sento parlare tanto di lockdown, esperti che pontificano, dibattiti di tutto: chiedo, chi ne parla ha informazioni che noi non sappiamo<\/em><\/p><\/blockquote>\n<p><strong>PISTE DA SCI<\/strong> Che sia chiaro che il senso di responsabilit\u00e0 i veneti ce l&#8217;hanno, prima viene la salute ma \u00e8 imbarazzante vedere un&#8217;ordinanza emanata 4 ore prima della possibilit\u00e0 di aprire le piste da sci, il motivo della decisione io non lo so, dopo il danno ecco la beffa. Abbiamo anche le piste illuminate e si poteva aprire anche a mezzanotte e un minuto. In via prudenziale l&#8217;ordinanza prevedeva l&#8217;apertura delle piste da sci dal 17, perch\u00e9 siamo attenti al tema della salute e in comune accordo con gli operatori tursitici avevamo deciso di saltare il periodo di carnevale. Apertura dal 17 o 15 \u00e8 un atto di impegno degli operatori e diseconomico, non si arraffa, ma si da un segnale\u00a0 in una stagione persa. Una stagione e mezza persa visto che \u00e8 stato chiuso a marzo. Imbarazzante perch\u00e9 si poteva fare prima. Non sta in piedi la storia delle 4 ore prima e non possiamo assistere a dibattiti a latere su provvedimenti con valore giuridico.\u00a0 Penso ai nostri operatori che hanno battuto le piste, assunto il personale, che si sono adeguati alle linee guida (30%) che hanno riempito i magazzini e raccolto le prenotazioni, qui non e&#8217; solo questione di ristori si paghino i danni. Si dice che ci sono 400 milioni per riconoscere le difficolt\u00e0 del comparto per la montagna che \u00e8 un servizio con i Mondiali di Sci e le Olimpiadi oltre a tanta neve, il sole, le Frecce Tricolori. Dentro la ricchezza e fuori le &#8220;favelas&#8221; di una montagna buia <strong>VARIANTI<\/strong>\u00a0 Scoperte a Natale in Veneto, sembrava un alibi e oggi tutti parlano di variante che \u00e8 la moda. E&#8217; un pericolo oggi, il 24 dicembre non era una giustificazione per quanto avvenuto in Veneto. In in conferenza stampa ne ho parlato il 27 dicembre dopo Santo Stefano, variante sequenziata la notte di Natale, otto varianti, 5 conosciute, 2 solo venete e la variante inglese su tre pazienti che oggi in Veneto pesa per il 18%. Facile parlare per gli scienziati,\u00a0 tanto non rischiano nulla e non hanno responsabilit\u00e0 giuridica quando parlano. <strong>TERZA ONDATA?\u00a0<\/strong> L&#8217;infezione in Veneto non \u00e8 stata quella classica. Oggi il Veneto \u00e8 la regione messa meglio, siamo scesi a\u00a0 1.500 pazienti in un mese e mezzo da\u00a0 401 ricoverati positivi in terapia intensiva a meno di 100 (91), ho la sensazione che con l&#8217;onda di novembre-dicembre abbiamo toccato il picco. <strong>SCUOLA<\/strong> proseguire con l&#8217;apertura al 50% fino al 5 marzo, data di scadenza del Dpcm poi si vedr\u00e0. <strong>VACCINI<\/strong> Abbiamo offerte\u00a0 da intermediari autorizzati Ema solo per vaccini autorizzati Ema: Pfizer, Moderna, Astrazeneca. Se \u00e8 una colpa anche interessarsi di vaccini su canali ufficiali, pi\u00f9 trasparenti di cos\u00ec. Non c&#8217;\u00e8 nessun mercato nero nemmeno \u00a0di aumento dei costi. Il dottor Luciano Flor, direttore generale della sanit\u00e0 veneta, ha incontrato i mediatori,\u00a0 non io. Abbiamo ricevuto offerte contrattuali\u00a0 e abbiamo scoperto la disponibilit\u00e0 di unlotto di 12 milioni di vaccini e di un altro lotto di 15 milioni. Il Veneto ha 5 milioni di abitanti. Come mai Israele ha vaccinato tutti? Come mai in Gran Bretagna non c&#8217;\u00e8 un problema di vaccini? Il mondo \u00e8 pi\u00f9 grande dell&#8217;Europa. Non credo che le aziende stiano vendendo solo gli Stati membri. Scriveremo\u00a0 al commissario Arcuri: se arriva l&#8217;ok il Veneto \u00e8 pronto a comprare diversi milioni di vaccini. In realt\u00e0 abbiamo scoperto un canale di vendita di cui possono beneficiare anche altri in Italia.<\/p>\n<blockquote>\n<h3>DOTTOR LUCIANO FLOR DIRETTORE SANITA&#8217; VENETO<\/h3>\n<p><em>A chi ci ha scritto abbiamo detto &#8220;facci vedere cos&#8217;hai&#8221;<\/em><\/p><\/blockquote>\n<p>Ci siamo lasciati venerdi con la richiesta inoltrata in alto e le proposte che stavamo aspettando. Abbiamo iniziato a vaccinare il 31 dicembre fino al 21 gennaio, poi avevamo vaccini solo per il richiamo e per 20 giorni non abbiamo piu&#8217; vaccinato nessun nuovo caso. Per questo diciamo che abbiamo pochi vaccini. A chi ci ha scritto &#8211; a parte le ipotesi poco verificabili &#8211; abbiamo risposto chiedendo quanti vaccini potranno fornire alla regione, in che tempi ed a quali costi. Piu&#8217; in l\u00e0 non siamo andati. Tra l&#8217;altro, da questi enti che si sono offerti da intermediari avevamo in precedenza acquistato mascherine. Dov&#8217;\u00e8 l&#8217;immoralit\u00e0?\u00a0 L&#8217;alternativa \u00e8 non fare nulla. La nostra &#8220;colpa&#8221; \u00e8 rendere pubblico ci\u00f2 che stiamo facendo.\u00a0 Oggi tutte le dosi disponibili ci servono per i richiami.\u00a0 \u00a0Aifa dice che l&#8217;autorizzazione a negoziare spetta al commissario Arcuri.<\/p>\n<p>&nbsp;<\/p>\n<p><a href=\"https:\/\/www.facebook.com\/zaiaufficiale\/videos\/1162970987469842\">https:\/\/www.facebook.com\/zaiaufficiale\/videos\/1162970987469842<\/a><\/p>\n<p>&nbsp;<\/p>\n","protected":false},"excerpt":{"rendered":"<p>VENEZIA diretta da Marghera, sede della Protezione Civile, dove il Presidente del Veneto Luca Zaia fa il punto sull&#8217;emergenza Covid-19 I NUMERI TAMPONI MOLECOLARI 3895438 TAMPONI RAPIDI 2898659 POSITIVI ULTIME 24 ORE +241 POSITIVI ATTUALI 24819 INCIDENZA TAMPONI-POSITIVI 2,93% POSITIVI DA INIZIO EPIDEMIA 321716 RICOVERI 1581 AREA NON CRITICA 1433 (-5)\u00a0 TERAPIA INTENSIVA 148 (-3)&hellip;<\/p>\n","protected":false},"author":4,"featured_media":185492,"comment_status":"closed","ping_status":"closed","sticky":false,"template":"","format":"standard","meta":{"_monsterinsights_skip_tracking":false,"_monsterinsights_sitenote_active":false,"_monsterinsights_sitenote_note":"","_monsterinsights_sitenote_category":0,"footnotes":""},"categories":[104,49],"tags":[],"class_list":["post-191541","post","type-post","status-publish","format-standard","has-post-thumbnail","hentry","category-evidenza_3","category-news-18","category-104","category-49","description-off"],"img_url":"https:\/\/www.radiopiu.net\/wordpress\/wp-content\/uploads\/2021\/01\/8cc48272-9106-4c03-995c-e53cd9d80687.jpg","_links":{"self":[{"href":"https:\/\/www.radiopiu.net\/wordpress\/wp-json\/wp\/v2\/posts\/191541","targetHints":{"allow":["GET"]}}],"collection":[{"href":"https:\/\/www.radiopiu.net\/wordpress\/wp-json\/wp\/v2\/posts"}],"about":[{"href":"https:\/\/www.radiopiu.net\/wordpress\/wp-json\/wp\/v2\/types\/post"}],"author":[{"embeddable":true,"href":"https:\/\/www.radiopiu.net\/wordpress\/wp-json\/wp\/v2\/users\/4"}],"replies":[{"embeddable":true,"href":"https:\/\/www.radiopiu.net\/wordpress\/wp-json\/wp\/v2\/comments?post=191541"}],"version-history":[{"count":0,"href":"https:\/\/www.radiopiu.net\/wordpress\/wp-json\/wp\/v2\/posts\/191541\/revisions"}],"wp:featuredmedia":[{"embeddable":true,"href":"https:\/\/www.radiopiu.net\/wordpress\/wp-json\/wp\/v2\/media\/185492"}],"wp:attachment":[{"href":"https:\/\/www.radiopiu.net\/wordpress\/wp-json\/wp\/v2\/media?parent=191541"}],"wp:term":[{"taxonomy":"category","embeddable":true,"href":"https:\/\/www.radiopiu.net\/wordpress\/wp-json\/wp\/v2\/categories?post=191541"},{"taxonomy":"post_tag","embeddable":true,"href":"https:\/\/www.radiopiu.net\/wordpress\/wp-json\/wp\/v2\/tags?post=191541"}],"curies":[{"name":"wp","href":"https:\/\/api.w.org\/{rel}","templated":true}]}}