{"id":191704,"date":"2021-02-15T23:58:13","date_gmt":"2021-02-15T22:58:13","guid":{"rendered":"https:\/\/www.radiopiu.net\/wordpress\/?p=191704"},"modified":"2021-02-16T06:03:12","modified_gmt":"2021-02-16T05:03:12","slug":"dai-mondiali-alle-olimpiadi-ma-facendosi-trovare-pronti","status":"publish","type":"post","link":"https:\/\/www.radiopiu.net\/wordpress\/dai-mondiali-alle-olimpiadi-ma-facendosi-trovare-pronti\/","title":{"rendered":"DAI MONDIALI ALLE OLIMPIADI, MA FACENDOSI TROVARE PRONTI"},"content":{"rendered":"<blockquote>\n<h3><\/h3>\n<h3><a href=\"https:\/\/www.radiopiu.net\/wordpress\/giornale-radiopiu-11-gennaio-2019-direttore-mirko-mezzacasa\/logo_forza_italia-svg\/\" rel=\"attachment wp-att-71880\"><img loading=\"lazy\" decoding=\"async\" class=\"wp-image-71880 alignleft\" src=\"https:\/\/www.radiopiu.net\/wordpress\/wp-content\/uploads\/2019\/01\/Logo_Forza_Italia.svg_-300x249.png\" alt=\"\" width=\"123\" height=\"102\" srcset=\"https:\/\/www.radiopiu.net\/wordpress\/wp-content\/uploads\/2019\/01\/Logo_Forza_Italia.svg_-300x249.png 300w, https:\/\/www.radiopiu.net\/wordpress\/wp-content\/uploads\/2019\/01\/Logo_Forza_Italia.svg_-768x637.png 768w, https:\/\/www.radiopiu.net\/wordpress\/wp-content\/uploads\/2019\/01\/Logo_Forza_Italia.svg_-1024x850.png 1024w, https:\/\/www.radiopiu.net\/wordpress\/wp-content\/uploads\/2019\/01\/Logo_Forza_Italia.svg_.png 1200w\" sizes=\"auto, (max-width: 123px) 100vw, 123px\" \/><\/a><\/h3>\n<p>\u201cNon possiamo perdere neanche un attimo&#8221;<\/p><\/blockquote>\n<p>ALLA RADIO , IL COORDINATORE DI FORZA ITALIA\u00a0 DARIO SCOPEL<\/p>\n<audio class=\"wp-audio-shortcode\" id=\"audio-191704-1\" preload=\"none\" style=\"width: 100%;\" controls=\"controls\"><source type=\"audio\/mpeg\" src=\"https:\/\/www.radiopiu.net\/wordpress\/wp-content\/uploads\/2021\/02\/dcoprl3.mp3?_=1\" \/><a href=\"https:\/\/www.radiopiu.net\/wordpress\/wp-content\/uploads\/2021\/02\/dcoprl3.mp3\">https:\/\/www.radiopiu.net\/wordpress\/wp-content\/uploads\/2021\/02\/dcoprl3.mp3<\/a><\/audio>\n<p>&nbsp;<\/p>\n<p><strong>BELLUNO<\/strong> il\u00a0 coordinatore provinciale di Forza Italia Dario Scopel,\u00a0 ha scritto e una lettera al nuovo Ministro delle Infrastrutture e dei Trasporti Enrico Giovannini.<\/p>\n<p>&nbsp;<\/p>\n<p><strong>LA LETTERA<\/strong><\/p>\n<blockquote><p><em><a href=\"https:\/\/www.radiopiu.net\/wordpress\/giornale-radiopiu-05-gennaio-2019-direttore-mirko-mezzacasa\/download-479\/\" rel=\"attachment wp-att-71362\"><img loading=\"lazy\" decoding=\"async\" class=\" wp-image-71362 alignleft\" src=\"https:\/\/www.radiopiu.net\/wordpress\/wp-content\/uploads\/2019\/01\/download-2.jpg\" alt=\"\" width=\"114\" height=\"172\" \/><\/a>\u00a0Al Ministro ho chiesto di attivarsi da subito per individuare un commissario che segua da vicino il percorso che porter\u00e0 il territorio all&#8217;appuntamento olimpico. Sono assolutamente convinto &#8211; e come me molti altri rappresentanti politici e istituzionali a livello nazionale, regionale e locale \u2013 che sia necessario affidare ad una regia \u201cdedicata\u201d, preparata ed attenta, la gestione delle opere e delle infrastrutture che dovranno portare la nostra montagna al livello di servizi atteso, in linea con i migliori standard internazionali. Nel ministro Giovannini ripongo grande fiducia, aggiunge il coordinatore azzurro, non solo per la sua comprovata preparazione, ma anche per l&#8217;esperienza maturata nell&#8217;ambito dell\u2019attenzione ad uno sviluppo sostenibile e in linea con la filosofia del New Green Deal europeo, che ispira anche le politiche del Recovery Plan\u201d. Nella partita c&#8217;\u00e8 per\u00f2 un altro tassello importante ed \u00e8 quello che sar\u00e0 occupato dal sottosegretario allo sport del nuovo governo Draghi, nel quale non \u00e8 stato previsto un ministero ad hoc. \u201cMi auguro che la figura individuata (le nomine dovrebbero essere formalizzate nei prossimi giorni, dopo il voto di fiducia) avr\u00e0 la necessaria sensibilit\u00e0 e preparazione per affrontare in maniera efficace proprio i temi legati allo sviluppo dell&#8217;offerta sportiva in montagna. Il comparto, fino a qualche anno fa visto da qualcuno come una sorta di settore secondario, se non addirittura di cenerentola del sistema turistico italiano, rappresenta un vettore decisivo di crescita economica non solo per le comunit\u00e0 locali, ma per l\u2019intero comparto nazionale. \u201cOra o mai pi\u00f9\u201d, come si suole dire spesso in queste occasioni. E\u2019 un treno, forse l\u2019ultimo, che non possiamo perdere; ne va del futuro della nostra montagna e delle genti che lo abitano, ma non solo\u2026\u201d.<\/em><\/p><\/blockquote>\n<p>&nbsp;<\/p>\n","protected":false},"excerpt":{"rendered":"<p>\u201cNon possiamo perdere neanche un attimo&#8221; ALLA RADIO , IL COORDINATORE DI FORZA ITALIA\u00a0 DARIO SCOPEL &nbsp; BELLUNO il\u00a0 coordinatore provinciale di Forza Italia Dario Scopel,\u00a0 ha scritto e una lettera al nuovo Ministro delle Infrastrutture e dei Trasporti Enrico Giovannini. &nbsp; LA LETTERA \u00a0Al Ministro ho chiesto di attivarsi da subito per individuare un&hellip;<\/p>\n","protected":false},"author":4,"featured_media":71362,"comment_status":"closed","ping_status":"closed","sticky":false,"template":"","format":"standard","meta":{"_monsterinsights_skip_tracking":false,"_monsterinsights_sitenote_active":false,"_monsterinsights_sitenote_note":"","_monsterinsights_sitenote_category":0,"footnotes":""},"categories":[51,49],"tags":[],"class_list":["post-191704","post","type-post","status-publish","format-standard","has-post-thumbnail","hentry","category-evidenza-top","category-news-18","category-51","category-49","description-off"],"img_url":"https:\/\/www.radiopiu.net\/wordpress\/wp-content\/uploads\/2019\/01\/download-2.jpg","_links":{"self":[{"href":"https:\/\/www.radiopiu.net\/wordpress\/wp-json\/wp\/v2\/posts\/191704","targetHints":{"allow":["GET"]}}],"collection":[{"href":"https:\/\/www.radiopiu.net\/wordpress\/wp-json\/wp\/v2\/posts"}],"about":[{"href":"https:\/\/www.radiopiu.net\/wordpress\/wp-json\/wp\/v2\/types\/post"}],"author":[{"embeddable":true,"href":"https:\/\/www.radiopiu.net\/wordpress\/wp-json\/wp\/v2\/users\/4"}],"replies":[{"embeddable":true,"href":"https:\/\/www.radiopiu.net\/wordpress\/wp-json\/wp\/v2\/comments?post=191704"}],"version-history":[{"count":0,"href":"https:\/\/www.radiopiu.net\/wordpress\/wp-json\/wp\/v2\/posts\/191704\/revisions"}],"wp:featuredmedia":[{"embeddable":true,"href":"https:\/\/www.radiopiu.net\/wordpress\/wp-json\/wp\/v2\/media\/71362"}],"wp:attachment":[{"href":"https:\/\/www.radiopiu.net\/wordpress\/wp-json\/wp\/v2\/media?parent=191704"}],"wp:term":[{"taxonomy":"category","embeddable":true,"href":"https:\/\/www.radiopiu.net\/wordpress\/wp-json\/wp\/v2\/categories?post=191704"},{"taxonomy":"post_tag","embeddable":true,"href":"https:\/\/www.radiopiu.net\/wordpress\/wp-json\/wp\/v2\/tags?post=191704"}],"curies":[{"name":"wp","href":"https:\/\/api.w.org\/{rel}","templated":true}]}}