{"id":191712,"date":"2021-02-17T06:00:47","date_gmt":"2021-02-17T05:00:47","guid":{"rendered":"https:\/\/www.radiopiu.net\/wordpress\/?p=191712"},"modified":"2021-02-17T09:59:16","modified_gmt":"2021-02-17T08:59:16","slug":"giornale-radiopiu-17-febbraio-2021-direttore-mirko-mezzacasa","status":"publish","type":"post","link":"https:\/\/www.radiopiu.net\/wordpress\/giornale-radiopiu-17-febbraio-2021-direttore-mirko-mezzacasa\/","title":{"rendered":"GIORNALE RADIOPIU 17 FEBBRAIO 2021 DIRETTORE MIRKO MEZZACASA"},"content":{"rendered":"<h3><a href=\"https:\/\/www.radiopiu.net\/wordpress\/giornale-radiopiu-24-gennaio-2021-direttore-mirko-mezzacasa\/141433770_171616291414874_2957460898102012198_n\/\" rel=\"attachment wp-att-186566\"><img loading=\"lazy\" decoding=\"async\" class=\"wp-image-186566 alignleft\" src=\"https:\/\/www.radiopiu.net\/wordpress\/wp-content\/uploads\/2021\/01\/141433770_171616291414874_2957460898102012198_n-300x300.jpg\" alt=\"\" width=\"144\" height=\"144\" srcset=\"https:\/\/www.radiopiu.net\/wordpress\/wp-content\/uploads\/2021\/01\/141433770_171616291414874_2957460898102012198_n-300x300.jpg 300w, https:\/\/www.radiopiu.net\/wordpress\/wp-content\/uploads\/2021\/01\/141433770_171616291414874_2957460898102012198_n-150x150.jpg 150w, https:\/\/www.radiopiu.net\/wordpress\/wp-content\/uploads\/2021\/01\/141433770_171616291414874_2957460898102012198_n-768x768.jpg 768w, https:\/\/www.radiopiu.net\/wordpress\/wp-content\/uploads\/2021\/01\/141433770_171616291414874_2957460898102012198_n.jpg 800w\" sizes=\"auto, (max-width: 144px) 100vw, 144px\" \/><\/a>PER<strong> RICEVERE QUESTO NOTIZIARIO DIRETTAMENTE SUL TUO CELLULARE ISCRIVITI AL CANALE TELEGRAM <\/strong><strong>\u201cRADIO PIU\u00a0 INFORMAZIONE&#8221;\u00a0<\/strong><\/h3>\n<h3>SUPERATI I 3000 ISCRITTI, il CANALE TELEGRAM&#8230; UNISCITI A: RADIO PIU INFORMAZIONE<\/h3>\n<p>&nbsp;<\/p>\n<p>&nbsp;<\/p>\n<p><em><a href=\"https:\/\/www.radiopiu.net\/wordpress\/giornale-radiopiu-24-gennaio-2021-direttore-mirko-mezzacasa\/79216601_126817312416448_708980208774483089_n\/\" rel=\"attachment wp-att-186567\"><img loading=\"lazy\" decoding=\"async\" class=\"size-medium wp-image-186567 alignright\" src=\"https:\/\/www.radiopiu.net\/wordpress\/wp-content\/uploads\/2021\/01\/79216601_126817312416448_708980208774483089_n-300x114.jpg\" alt=\"\" width=\"300\" height=\"114\" srcset=\"https:\/\/www.radiopiu.net\/wordpress\/wp-content\/uploads\/2021\/01\/79216601_126817312416448_708980208774483089_n-300x114.jpg 300w, https:\/\/www.radiopiu.net\/wordpress\/wp-content\/uploads\/2021\/01\/79216601_126817312416448_708980208774483089_n-768x292.jpg 768w, https:\/\/www.radiopiu.net\/wordpress\/wp-content\/uploads\/2021\/01\/79216601_126817312416448_708980208774483089_n.jpg 820w\" sizes=\"auto, (max-width: 300px) 100vw, 300px\" \/><\/a><span style=\"color: #ff0000;\">ATTENZIONE: LA NUOVA APP PER IOS-IPHONE di Nicola Vettorello <\/span><\/em><a href=\"https:\/\/apps.apple.com\/it\/app\/radio-pi%C3%B9-emittente-agordina\/id1515939845\">https:\/\/apps.apple.com\/it\/app\/radio-pi%C3%B9-emittente-agordina\/id1515939845<\/a><\/p>\n<p><em style=\"color: #ff0000;\">ATTENZIONE: LA NUOVA APP RADIO\u00a0 PER ANDROID di Nicola Vettorello<\/em><\/p>\n<p><a href=\"https:\/\/play.google.com\/store\/apps\/details?id=net.radiopiu.iniko\" target=\"_blank\" rel=\"noopener noreferrer\">https:\/\/play.google.com\/store\/apps\/details?id=net.radiopiu.iniko\u00a0\u00a0<\/a><\/p>\n<p>&nbsp;<\/p>\n<hr \/>\n<blockquote>\n<h3><a href=\"https:\/\/www.radiopiu.net\/wordpress\/giornale-radiopiu-17-febbraio-2021-direttore-mirko-mezzacasa\/149288210_864291084356461_5213230709275692954_o\/\" rel=\"attachment wp-att-191849\"><img loading=\"lazy\" decoding=\"async\" class=\"wp-image-191849 alignleft\" src=\"https:\/\/www.radiopiu.net\/wordpress\/wp-content\/uploads\/2021\/02\/149288210_864291084356461_5213230709275692954_o-300x256.jpg\" alt=\"\" width=\"131\" height=\"112\" srcset=\"https:\/\/www.radiopiu.net\/wordpress\/wp-content\/uploads\/2021\/02\/149288210_864291084356461_5213230709275692954_o-300x256.jpg 300w, https:\/\/www.radiopiu.net\/wordpress\/wp-content\/uploads\/2021\/02\/149288210_864291084356461_5213230709275692954_o.jpg 600w\" sizes=\"auto, (max-width: 131px) 100vw, 131px\" \/><\/a>L&#8217;INIZIATIVA SOLIDALE DELLA CORALE DI LIMANA<\/h3>\n<\/blockquote>\n<p><strong>AUDIO\u00a0\u00a0<\/strong><\/p>\n<p>info: 348 8834610<\/p>\n<audio class=\"wp-audio-shortcode\" id=\"audio-191712-1\" preload=\"none\" style=\"width: 100%;\" controls=\"controls\"><source type=\"audio\/mpeg\" src=\"https:\/\/www.radiopiu.net\/wordpress\/wp-content\/uploads\/2021\/02\/cori-silvia.mp3?_=1\" \/><a href=\"https:\/\/www.radiopiu.net\/wordpress\/wp-content\/uploads\/2021\/02\/cori-silvia.mp3\">https:\/\/www.radiopiu.net\/wordpress\/wp-content\/uploads\/2021\/02\/cori-silvia.mp3<\/a><\/audio>\n<p>PAGINA FACEBOOK <strong><span style=\"color: #0000ff;\"><a style=\"color: #0000ff;\" href=\"https:\/\/www.facebook.com\/corolimana\">CLICCA QUI\u00a0<\/a><\/span><\/strong><\/p>\n<p>&nbsp;<\/p>\n<p>&nbsp;<\/p>\n<hr \/>\n<p>&nbsp;<\/p>\n<h3><strong>SR 204 Belluno-Mas, fino al 26 febbraio, esclusi sabato e domenica, istituzione di senso unico alternato regolato da impianto semaforico o movieri in localit\u00e0 Antole per messa in sicurezza del ponte<\/strong><\/h3>\n<p>&nbsp;<\/p>\n<hr \/>\n<p>&nbsp;<\/p>\n<blockquote>\n<h3>BASTA &#8220;CIACOLE&#8221;, FUORI I SOLDI IN PROVINCIA C&#8217;E&#8217; GENTE CHE NON SA PIU&#8217; COME SBARCARE IL LUNARIO. MONDIALI E OLIMPIADI CERTO, MA INEVITABILMENTE SARANNO TANTI SOLDI PER POCHI. I NOSTRI LAVORATORI STAGIONALI NECESSITANO DI RISTORI E LAVORO, NON DELLA CARITA&#8217; DEL TURISTA DI CITTA&#8217;.<\/h3>\n<p><span style=\"color: #ff0000;\">di Mirko Mezzacasa<\/span><\/p><\/blockquote>\n<p>Tante belle parole, tante pacche sulle spalle ma gli stagionali rischiano di dover bussare alla porta del Comune, Provincia, Regione per chiedere un piatto caldo. Sono in 3000 in provincia senza stipendio dallo scorso marzo, convinti di lavorare hanno rinunciato alla disoccupazione e bene che vada avranno un <a href=\"https:\/\/www.radiopiu.net\/wordpress\/giornale-radiopiu-19-novembre-2018-direttore-mirko-mezzacasa\/scuola-sci-nevegal_maestri\/\" rel=\"attachment wp-att-66817\"><img loading=\"lazy\" decoding=\"async\" class=\"size-medium wp-image-66817 alignright\" src=\"https:\/\/www.radiopiu.net\/wordpress\/wp-content\/uploads\/2018\/11\/Scuola-sci-Nevegal_maestri-300x200.jpg\" alt=\"\" width=\"300\" height=\"200\" srcset=\"https:\/\/www.radiopiu.net\/wordpress\/wp-content\/uploads\/2018\/11\/Scuola-sci-Nevegal_maestri-300x200.jpg 300w, https:\/\/www.radiopiu.net\/wordpress\/wp-content\/uploads\/2018\/11\/Scuola-sci-Nevegal_maestri-768x511.jpg 768w, https:\/\/www.radiopiu.net\/wordpress\/wp-content\/uploads\/2018\/11\/Scuola-sci-Nevegal_maestri-1024x682.jpg 1024w\" sizes=\"auto, (max-width: 300px) 100vw, 300px\" \/><\/a>paio di mesi di pseudo stipendio. Tra i tanti dimenticati dalla politica e dai politici i maestri di sci, il loro reddito \u00e8 ormai sotto l&#8217;asticella dello zero, ma di loro nessuno parla o ben pochi e intanto a Cortina si stanziano milioni mondiali e olimpici proprio dove le scuole di sci sono nel frullatore.<\/p>\n<p><strong>BELLUNESI FIN TROPPO CIVILI E INIZIATIVE IMPROVVISATE<\/strong><\/p>\n<p>Di certo i bellunesi ancora una volta si dimostrano civili, ammesso sia la parola giusta, in altre parti d&#8217;Italia e del mondo sarebbero forse scesi in piazza pur senza forche ma davanti alle telecamere mondiali per mettere in evidenza il disagio, soprattutto le paure per se&#8217;, per le proprie famiglie. L&#8217;ultima trovata adesso sono le gare di solidariet\u00e0, ma la nostra gente non ha bisogno della carit\u00e0 o delle azioni degli altri &#8211; speriamo senza secondi fini visto che\u00a0 ci saranno rinnovi elettorali locali anche nelle zone sciistiche da Arabba a Falcade. La nostra gente ha bisogno e voglia di lavorare non delle monetine che potrebbero lasciare i turisti su qualche conto corrente acceso da privati. Queste sono solo panac\u00e9e che distolgono l&#8217;attenzione dai problemi reali.<\/p>\n<p><strong>L&#8217;IMPEGNO DI MEDICI E PERSONALE SANITARIO PAGA<\/strong><\/p>\n<p>La Ulss1 viaggia come un treno, visite anche la sera, pure di notte per recuperare i tanti appuntamenti fissati e saltati per l&#8217;epidemia covid, in 15 giorni ben 4000 visite. Intanto reparti medici e terapie intensive si stanno svuotando tra lo spauracchio delle varianti. La Regione sta invece andando al super market dei vaccini, ne servono 5 milioni. Anche per i direttori sanitari in carica \u00e8 arrivato il momento di lasciare la poltrona, basta proroghe, entro la prossima settimana <a href=\"https:\/\/www.radiopiu.net\/wordpress\/luxottica-e-fameccanica-avviano-la-produzione-nazionale-di-mascherine-al-palaluxottica-di-agordo\/4-interno-palaluxottica\/\" rel=\"attachment wp-att-159858\"><img loading=\"lazy\" decoding=\"async\" class=\"size-medium wp-image-159858 alignleft\" src=\"https:\/\/www.radiopiu.net\/wordpress\/wp-content\/uploads\/2020\/09\/4.-Interno-PalaLuxottica-300x169.jpg\" alt=\"\" width=\"300\" height=\"169\" srcset=\"https:\/\/www.radiopiu.net\/wordpress\/wp-content\/uploads\/2020\/09\/4.-Interno-PalaLuxottica-300x169.jpg 300w, https:\/\/www.radiopiu.net\/wordpress\/wp-content\/uploads\/2020\/09\/4.-Interno-PalaLuxottica-1024x576.jpg 1024w, https:\/\/www.radiopiu.net\/wordpress\/wp-content\/uploads\/2020\/09\/4.-Interno-PalaLuxottica-768x432.jpg 768w, https:\/\/www.radiopiu.net\/wordpress\/wp-content\/uploads\/2020\/09\/4.-Interno-PalaLuxottica-1536x864.jpg 1536w, https:\/\/www.radiopiu.net\/wordpress\/wp-content\/uploads\/2020\/09\/4.-Interno-PalaLuxottica-640x360.jpg 640w, https:\/\/www.radiopiu.net\/wordpress\/wp-content\/uploads\/2020\/09\/4.-Interno-PalaLuxottica.jpg 1920w\" sizes=\"auto, (max-width: 300px) 100vw, 300px\" \/><\/a>saranno nominati i nuovi, per Belluno ci saranno sicuramente delle novit\u00e0, fuori Caldogno e dentro quello nuovo. A proposito di Adriano Rasi Caldogno ci siamo accorti che da mesi non si presenta pi\u00f9 dal vivo sulla sua pagina facebook,\u00a0 scomparso dal palco mediatico.<\/p>\n<p><strong>PALAMASCHERINE<\/strong><\/p>\n<p>Luxottica continuer\u00e0 a produrre mascherina al Palaluxottica lo si evince anche dall&#8217;ultima delibera di Giunta: concessa la proroga fino al 30 settembre alla\u00a0 richiesta dell&#8217;azienda\u00a0 di riconversione e cambio destinazione d&#8217;uso del Palaluxottica dove le mascherine vengono prodotte fin dall&#8217;inizio della scorsa estate.<\/p>\n<p>&nbsp;<\/p>\n<hr \/>\n<blockquote>\n<h3>DICIOTTENNE NEI GUAI PER ADESCAMENTO E MINACCE, E&#8217; STATO RINVIATO A GIUDIZIO<\/h3>\n<\/blockquote>\n<div class=\"im_history_message_wrap\">\n<div class=\"im_message_outer_wrap hasselect\" data-msg-id=\"17441\">\n<div class=\"im_message_wrap clearfix\">\n<div class=\"im_content_message_wrap im_message_in\">\n<div class=\"im_message_body\">\n<div>\n<div dir=\"auto\"><strong><a href=\"https:\/\/www.radiopiu.net\/wordpress\/senza-infierire\/giustizia-bilancia\/\" rel=\"attachment wp-att-3794\"><img loading=\"lazy\" decoding=\"async\" class=\"wp-image-3794 alignleft\" src=\"https:\/\/www.radiopiu.net\/wordpress\/wp-content\/uploads\/2015\/04\/giustizia-bilancia-267x300.jpg\" alt=\"\" width=\"89\" height=\"100\" \/><\/a>BELLUNO<\/strong> Un giovane diciottenne dello Sri Lanka, residente in provincia di Milano dovr\u00e0 presentarsi davanti al giudice, \u00e8 infatti stato rinviato a giudizio al termine di un&#8217;importante attivit\u00e0 investigativa del Nucleo Carabinieri di Belluno. Il giovane, al momento dei\u00a0 fatti contestati era minorenne, per questo il rinvio a giudizio \u00e8 stato deciso dal Tribunale dei Minori di Venezia. Il ragazzo deve rispondere di adescamento di minorenne,\u00a0 con chiacchiere, promesse, ma anche minacce,\u00a0 ha provato ad estorcere alla ragazza delle fotografie che la ritraessero nuda (inviate attraverso whatsapp). Il ragazzo ancora nel 2018 \u00e8 arrivato a minacciarla <em>&#8220;O mi mandi le foto o te la far\u00f2 pagare&#8221;.<\/em> L&#8217;unico che pagher\u00e0 adesso sar\u00e0 per\u00f2 l&#8217;extracomunitario residente in Italia. La ragazzina bellunese era stata contattata da un profilo social falso (Istagram) e qui era nata una sorta di amicizia tutta virtuale, quando sono scattate le minacce la vittima ha raccontato tutto ai genitori ed \u00e8 partita la denuncia.<\/div>\n<\/div>\n<\/div>\n<\/div>\n<\/div>\n<\/div>\n<\/div>\n<div dir=\"auto\"><\/div>\n<blockquote>\n<div dir=\"auto\"><em><strong>CODICE PENALE, ARTICOLO 609 UNDICIES<\/strong> Chiunque, allo scopo di commettere i reati\u00a0 anche se relativi al materiale pornografico, adesca un minore di anni sedici, \u00e8 punito, se il fatto non costituisce pi\u00f9 grave reato, con la reclusione da uno a tre anni. Per adescamento si intende qualsiasi atto volto a carpire la fiducia del minore attraverso artifici, lusinghe o minacce posti in essere anche mediante l&#8217;utilizzo della rete internet o di altre reti o mezzi di comunicazione<\/em><\/div>\n<\/blockquote>\n<div dir=\"auto\"><\/div>\n<p>&nbsp;<\/p>\n<hr \/>\n<p>&nbsp;<\/p>\n<blockquote>\n<h3>RIENTRA L&#8217;ALLARME PER IL TURISTA TEDESCO DISPERSO AD AURONZO<\/h3>\n<\/blockquote>\n<p><strong><a href=\"https:\/\/www.radiopiu.net\/wordpress\/si-perdono-nella-neve\/salt_20201211_172947_111\/\" rel=\"attachment wp-att-178918\"><img loading=\"lazy\" decoding=\"async\" class=\"size-medium wp-image-178918 alignleft\" src=\"https:\/\/www.radiopiu.net\/wordpress\/wp-content\/uploads\/2020\/12\/salt_20201211_172947_111-300x225.jpg\" alt=\"\" width=\"300\" height=\"225\" srcset=\"https:\/\/www.radiopiu.net\/wordpress\/wp-content\/uploads\/2020\/12\/salt_20201211_172947_111-300x225.jpg 300w, https:\/\/www.radiopiu.net\/wordpress\/wp-content\/uploads\/2020\/12\/salt_20201211_172947_111-1024x768.jpg 1024w, https:\/\/www.radiopiu.net\/wordpress\/wp-content\/uploads\/2020\/12\/salt_20201211_172947_111-768x576.jpg 768w, https:\/\/www.radiopiu.net\/wordpress\/wp-content\/uploads\/2020\/12\/salt_20201211_172947_111-1536x1152.jpg 1536w, https:\/\/www.radiopiu.net\/wordpress\/wp-content\/uploads\/2020\/12\/salt_20201211_172947_111-2048x1536.jpg 2048w\" sizes=\"auto, (max-width: 300px) 100vw, 300px\" \/><\/a>AURONZO DI CADORE<\/strong> Ieri mattina attorno alle 10.20 \u00e8 scattato l&#8217;allarme per il mancato rientro di un escursionista tedesco, su segnalazione del gestore del Rifugio d&#8217;Antorno, da dove l&#8217;uomo era partito l&#8217;11 febbraio in direzione del Rifugio Locatelli e dove aveva lasciato la sua bicicletta e doveva tornare. Dalle intenzioni manifestate al gestore, l&#8217;escursionista avrebbe dovuto fare un giro con le ciaspe di 2\/3 giorni e rientrare. Non vedendolo tornare, vista la prolungata assenza, la chiamata ai Carabinieri. Mentre il Soccorso alpino di Auronzo si mobilitava, con un soccorritore pronto a essere imbarcato, l&#8217;elicottero del Suem di Pieve \u00e8 volato in direzione delle Tre Cime di Lavaredo per un primo sopralluogo. Fortunatamente sorvolando la parte nord nel territorio di Dobbiaco, il cui Soccorso alpino era stato messo in preallerta, l&#8217;equipaggio ha individuato una persona in movimento. Sbarcato nelle vicinanze, il tecnico di elisoccorso ha raggiunto l&#8217;uomo e ha verificato che si trattava proprio del turista tedesco. Stava bene, era in contatto con la famiglia e sarebbe rientrato autonomamente. All&#8217;origine dell&#8217;allarme un probabile fraintendimento.<\/p>\n<p>&nbsp;<\/p>\n<p>&nbsp;<\/p>\n<hr \/>\n<blockquote><p><em>\u00a0<\/em><\/p>\n<h3>CARO MINISTRO TI SCRIVO, PERCHE&#8217; QUI VA PROPRIO MALE ANCHE CON LE BANCHE<\/h3>\n<p><em>Cari Ministri, il tempo \u00e8 finito, siamo nel dramma noi lavoratori e le nostre famiglie. Ci aspettiamo che insieme, ognuno per la propria parte, si possa garantire un futuro alla nostra gente, alla nostra comunit\u00e0<\/em><\/p><\/blockquote>\n<p><strong><img loading=\"lazy\" decoding=\"async\" class=\"alignleft\" src=\"https:\/\/www.radiopiu.net\/wordpress\/wp-content\/uploads\/2021\/02\/16692f45-1849-4478-8f62-ca843a9dae59-300x300.jpg\" width=\"175\" height=\"175\" \/>BORGO VALBELLUNA<\/strong> Posta in partenza per i Ministri bellunesi Daniele Franco e Federico D&#8217;Inc\u00e0, una sorta di consegna porta a porta, da Mel a Trichiana. I sindacati (Fim-Fiom-Uilm) con i lavoratori e le lavoratrici della Acc Wanbaoo si rivolgono ai due Ministri freschi di nomina anche in nome di un legame sociale e culturale che li accomuna alla provincia. In particolare viene chiesto l&#8217;interessamento, l&#8217;aiuto, per rilanciare la fabbrica. La vecchia e gloriosa Zanussi Elettromeccanica degli anni Sessanta, nata dopo la tragedia del Vajont, simbolo per anni dell&#8217;identit\u00e0 industriale <a href=\"https:\/\/www.radiopiu.net\/wordpress\/giornale-radiopiu-19-01-direttore-mirko-mezzacasa\/donazzan-foto-wanbao-acc-di-mel\/\" rel=\"attachment wp-att-15631\"><img loading=\"lazy\" decoding=\"async\" class=\"size-medium wp-image-15631 alignright\" src=\"https:\/\/www.radiopiu.net\/wordpress\/wp-content\/uploads\/2016\/01\/DONAZZAN-FOTO-WANBAO-ACC-DI-MEL-e1589904926185-300x224.jpg\" alt=\"\" width=\"300\" height=\"224\" \/><\/a>bellunese formando generazioni di operaie, operai, tecnici e dirigenti che poi hanno contribuito allo sviluppo delle imprese locali. Negli anni sono arrivate le sventure, un decennio di gestione di fondi privati che hanno commesso &#8211; secondo i sindacati e lavoratori \u2013 enormi errori strategici conducendo l&#8217;azienda al dissesto, poi sono arrivati i 5 anni di gestione di un gruppo pubblico \u201cincapace di rilanciarla \u2013 continua la lettera ai Ministri \u2013 in questa tempesta abbiamo sempre dimostrato la nostra capacit\u00e0 di resistenza, siamo ancora vivi, apprezzati dai grandi clienti europei per l&#8217;affidabilit\u00e0 e flessibilit\u00e0. Siamo capaci di esprimere prodotti all&#8217;avanguardia con il nuovo compressore a velocit\u00e0 variabile gi\u00e0 <a href=\"https:\/\/www.radiopiu.net\/wordpress\/191865-222\/318ae431-f18f-4660-acfb-6fca35f87fef\/\" rel=\"attachment wp-att-191869\"><img loading=\"lazy\" decoding=\"async\" class=\"size-medium wp-image-191869 alignleft\" src=\"https:\/\/www.radiopiu.net\/wordpress\/wp-content\/uploads\/2021\/02\/318ae431-f18f-4660-acfb-6fca35f87fef-214x300.jpg\" alt=\"\" width=\"214\" height=\"300\" srcset=\"https:\/\/www.radiopiu.net\/wordpress\/wp-content\/uploads\/2021\/02\/318ae431-f18f-4660-acfb-6fca35f87fef-214x300.jpg 214w, https:\/\/www.radiopiu.net\/wordpress\/wp-content\/uploads\/2021\/02\/318ae431-f18f-4660-acfb-6fca35f87fef.jpg 731w\" sizes=\"auto, (max-width: 214px) 100vw, 214px\" \/><\/a>prenotato dai maggiori produttori internazionali e siamo persino arrivati a rinunciare per 6 mesi al 50% dei nostri stipendi per consentire l&#8217;acquisto della materia prima\u201d.<br \/>\nNella missiva viene messo in evidenza la straordinaria opportunit\u00e0 di guidare un progetto di forte rilancio industriale per la fabbrica forza motrice del progetto Italcomp con la Embraco di Chieri, con la previsione di assemblare 6 milioni di compressori, diventando un punto di riferimento per la provincia e il Veneto.<br \/>\nQuindi il nocciolo della questione: \u201cPerch\u00e9 tutto questo si realizzi, manca solo che le banche e gli istituti di credito concedano i prestiti necessari alla operativit\u00e0 di Acc in attesa della nascita di Italcomp, avendo peraltro gi\u00e0 le necessarie garanzie statali\u201d.<\/p>\n<p>&nbsp;<\/p>\n<p>&nbsp;<\/p>\n<p>&nbsp;<\/p>\n<hr \/>\n<p>&nbsp;<\/p>\n<blockquote>\n<h3><\/h3>\n<h3><a href=\"https:\/\/www.radiopiu.net\/wordpress\/giornale-radiopiu-17-febbraio-2021-direttore-mirko-mezzacasa\/122608156_3615940251759456_4378446603378818563_n\/\" rel=\"attachment wp-att-191877\"><img loading=\"lazy\" decoding=\"async\" class=\"wp-image-191877 alignleft\" src=\"https:\/\/www.radiopiu.net\/wordpress\/wp-content\/uploads\/2021\/02\/122608156_3615940251759456_4378446603378818563_n-300x297.jpg\" alt=\"\" width=\"154\" height=\"153\" srcset=\"https:\/\/www.radiopiu.net\/wordpress\/wp-content\/uploads\/2021\/02\/122608156_3615940251759456_4378446603378818563_n-300x297.jpg 300w, https:\/\/www.radiopiu.net\/wordpress\/wp-content\/uploads\/2021\/02\/122608156_3615940251759456_4378446603378818563_n-150x150.jpg 150w, https:\/\/www.radiopiu.net\/wordpress\/wp-content\/uploads\/2021\/02\/122608156_3615940251759456_4378446603378818563_n.jpg 406w\" sizes=\"auto, (max-width: 154px) 100vw, 154px\" \/><\/a>MA DOVE ERAVAMO QUANDO LA MONTAGNA E&#8217; STATA BASTONATA, DERUBATA, IMPOVERITA, SVILITA?<\/h3>\n<\/blockquote>\n<p><strong>DI GIANNI SANTOMASO\u00a0<\/strong><\/p>\n<audio class=\"wp-audio-shortcode\" id=\"audio-191712-2\" preload=\"none\" style=\"width: 100%;\" controls=\"controls\"><source type=\"audio\/mpeg\" src=\"https:\/\/www.radiopiu.net\/wordpress\/wp-content\/uploads\/2021\/02\/gianni-herman.mp3?_=2\" \/><a href=\"https:\/\/www.radiopiu.net\/wordpress\/wp-content\/uploads\/2021\/02\/gianni-herman.mp3\">https:\/\/www.radiopiu.net\/wordpress\/wp-content\/uploads\/2021\/02\/gianni-herman.mp3<\/a><\/audio>\n<p>&nbsp;<\/p>\n<p>&nbsp;<\/p>\n<hr \/>\n<p>&nbsp;<\/p>\n<blockquote>\n<h3>LA BELLA NOTIZIA&#8230; ANCHE CANALE D&#8217;AGORDO COMUNE COVID FREE, +2 POSITIVI AD AGORDO E FALCADE<\/h3>\n<\/blockquote>\n<blockquote>\n<h3>AGGIORNAMENTO DELLE 13.00 DEL 16 FEBBRAIO<\/h3>\n<\/blockquote>\n<blockquote>\n<blockquote>\n<h3><a href=\"https:\/\/www.radiopiu.net\/wordpress\/andamento-epidemiologico-nellagordino\/th-22\/\" rel=\"attachment wp-att-185831\"><img loading=\"lazy\" decoding=\"async\" class=\" wp-image-185831 alignleft\" src=\"https:\/\/www.radiopiu.net\/wordpress\/wp-content\/uploads\/2021\/01\/th-3.jpg\" alt=\"\" width=\"134\" height=\"141\" \/><\/a><span style=\"color: #ff0000;\">I SINDACI INFORMANO\u00a0<\/span><\/h3>\n<p>Da ieri\u00a0 mattina anche Canale d&#8217;Agordo libero dal virus, zero positivi e altrettante persone in isolamento annuncia il sindaco Flavio Colcergnan, come Colle Santa Lucia\u00a0 dal 1 febbraio, San Tomaso dalla scorsa settimana e Cencenighe dall&#8217;altro ieri come annunciato con cauto ottimismo dal sindaco Mauro Soppelsa. Ancora qualche caso a Rivamonte (la scorsa settimana covid free). Giu&#8217; <img loading=\"lazy\" decoding=\"async\" class=\"alignleft\" src=\"https:\/\/www.radiopiu.net\/wordpress\/wp-content\/uploads\/2021\/02\/Canale-dAgordo-3.jpeg\" width=\"180\" height=\"135\" \/>i contagi anche a Taibon e Agordo. (foto Nico Tancon)<\/p>\n<p><span style=\"color: #ff0000;\"><strong>CANALE D&#8217;AGORDO<\/strong> &#8211; <strong>COLLE SANTA LUCIA<\/strong>&#8211; <strong>CENCENIGHE <\/strong>&#8211; <strong>SAN TOMASO 0 positivi 0 isolamento<\/strong><\/span><\/p><\/blockquote>\n<p><strong>LA VALLE<\/strong>\u00a0 1\u00a0 positivo 1\u00a0 isolamento <strong>ROCCA PIETORE<\/strong> 3 positivi 1 isolamento <strong>ALLEGHE<\/strong>\u00a0 3\u00a0 positivi\u00a0 4\u00a0 isolamento\u00a0 <strong>TAIBON <\/strong>5 positivi 11 isolamento\u00a0 <strong>AGORDO<\/strong> 9\u00a0 positivi 6\u00a0 isolamento <strong>GOSALDO<\/strong> 3\u00a0 positivi 4\u00a0 isolamento <strong>FALCADE<\/strong> 4\u00a0 positivi\u00a0 6 isolamento,<strong>\u00a0LIVINALLONGO <\/strong>3\u00a0 positivi 6\u00a0 \u00a0isolamento <strong>VALLADA <\/strong>3\u00a0 positivi 0 isolamento<\/p>\n<p>&nbsp;<\/p>\n<p>&nbsp;<\/p><\/blockquote>\n<hr \/>\n<blockquote><p>&nbsp;<\/p>\n<h3>COVID. GRAFICO SU ANDAMENTO TERAPIE INTENSIVE IN VENETO<\/h3>\n<\/blockquote>\n<p>il grafico riportante l\u2019andamento dell\u2019occupazione di letti di terapia intensiva relativamente al Covid-19<\/p>\n<p><a href=\"https:\/\/www.radiopiu.net\/wordpress\/giornale-radiopiu-17-febbraio-2021-direttore-mirko-mezzacasa\/70950b1c-33d6-47a8-908a-7ba4e7ab86ea\/\" rel=\"attachment wp-att-191860\"><img loading=\"lazy\" decoding=\"async\" class=\"alignnone wp-image-191860 size-full\" src=\"https:\/\/www.radiopiu.net\/wordpress\/wp-content\/uploads\/2021\/02\/70950b1c-33d6-47a8-908a-7ba4e7ab86ea.jpg\" alt=\"\" width=\"1024\" height=\"706\" srcset=\"https:\/\/www.radiopiu.net\/wordpress\/wp-content\/uploads\/2021\/02\/70950b1c-33d6-47a8-908a-7ba4e7ab86ea.jpg 1024w, https:\/\/www.radiopiu.net\/wordpress\/wp-content\/uploads\/2021\/02\/70950b1c-33d6-47a8-908a-7ba4e7ab86ea-300x207.jpg 300w, https:\/\/www.radiopiu.net\/wordpress\/wp-content\/uploads\/2021\/02\/70950b1c-33d6-47a8-908a-7ba4e7ab86ea-768x530.jpg 768w\" sizes=\"auto, (max-width: 1024px) 100vw, 1024px\" \/><\/a><\/p>\n<p>&nbsp;<\/p>\n<blockquote><p>&nbsp;<\/p><\/blockquote>\n<p>&nbsp;<\/p>\n<hr \/>\n<p>&nbsp;<\/p>\n<div class=\"page-title-head hgroup\">\n<blockquote>\n<h3 class=\"entry-title\">IN REGIONE 72 DECESSI, A BELLUNO VITTIMA DEL COVID UNA DONNA DI 73 ANNI<\/h3>\n<\/blockquote>\n<p>Era ricoverata nel reparto di Rianimazione. Ieri sono state rilevate 23 nuove positivit\u00e0 (totale positivi attuali 519). Ci sono 2 pazienti in Terapia intensiva a Belluno e 3 in quella di Feltre, 34 e 19 i ricoverati in area non critica nelle due strutture Ulss. Intanto sono state fissate le date per la vaccinazione, del personale scolastico, dei nati nel 1941 e dei nati nel 1940.<\/p>\n<\/div>\n<div class=\"page-title-breadcrumbs\"><\/div>\n<blockquote>\n<h3>IN VENETO AUMENTANO I DECESSI, IN 24 ORE BEN 72 MORTI<\/h3>\n<\/blockquote>\n<div><strong>VENEZIA<\/strong>\u00a0 Ieri altre 72 morti nell&#8217;arco di 24 ore. Il numero degli attualmente positivi scende a 23.487.\u00a0 Ieri si sono registrati 702 nuovi positivi ma cala la pressione sugli ospedali: 1.356 (-57) ricoveri in area medica e 134 (-7) nei reparti di Terapia intensiva, infine negli ospedali di comunit\u00e0 189 (-3) posti letto occupati. Sale a 289.416 il numero dei guariti.<\/div>\n<div><\/div>\n<blockquote class=\"wp-embedded-content\" data-secret=\"lzEY6WRhtb\"><p><a href=\"https:\/\/www.radiopiu.net\/wordpress\/aggiornamento1502aaa\/\">IN REGIONE 72 DECESSI, A BELLUNO VITTIMA DEL COVID UNA DONNA DI 73 ANNI<\/a><\/p><\/blockquote>\n<p><iframe loading=\"lazy\" class=\"wp-embedded-content\" sandbox=\"allow-scripts\" security=\"restricted\" style=\"position: absolute; clip: rect(1px, 1px, 1px, 1px);\" title=\"&#8220;IN REGIONE 72 DECESSI, A BELLUNO VITTIMA DEL COVID UNA DONNA DI 73 ANNI&#8221; &#8212; Radio Pi\u00f9\" src=\"https:\/\/www.radiopiu.net\/wordpress\/aggiornamento1502aaa\/embed\/#?secret=lzEY6WRhtb\" data-secret=\"lzEY6WRhtb\" width=\"600\" height=\"338\" frameborder=\"0\" marginwidth=\"0\" marginheight=\"0\" scrolling=\"no\"><\/iframe><\/p>\n<p>&nbsp;<\/p>\n<blockquote>\n<h2>I GRAFICI DI TIZIANO DE COL<\/h2>\n<\/blockquote>\n\n\t\t\t<style type='text\/css'>\n\t\t\t\t#gallery-1 {\n\t\t\t\t\tmargin: auto;\n\t\t\t\t}\n\t\t\t\t#gallery-1 .gallery-item {\n\t\t\t\t\tfloat: left;\n\t\t\t\t\tmargin-top: 10px;\n\t\t\t\t\ttext-align: center;\n\t\t\t\t\twidth: 25%;\n\t\t\t\t}\n\t\t\t\t#gallery-1 img {\n\t\t\t\t\tborder: 2px solid #cfcfcf;\n\t\t\t\t}\n\t\t\t\t#gallery-1 .gallery-caption {\n\t\t\t\t\tmargin-left: 0;\n\t\t\t\t}\n\t\t\t\t\/* see gallery_shortcode() in wp-includes\/media.php *\/\n\t\t\t<\/style>\n\t\t<div id='gallery-1' class='dt-gallery-container gallery galleryid-191712 gallery-columns-4 gallery-size-thumbnail'><dl class='gallery-item'>\n\t\t\t\t<dt class='gallery-icon landscape'>\n\t\t\t\t\t<a class=\"rollover rollover-zoom dt-pswp-item\" title=\"5de417a2-3e88-4779-a5fa-13f6720074c5\" data-dt-img-description=\"\" data-large_image_width=\"604\" data-large_image_height=\"375\"href='https:\/\/www.radiopiu.net\/wordpress\/wp-content\/uploads\/2021\/02\/5de417a2-3e88-4779-a5fa-13f6720074c5-1.jpg'><img loading=\"lazy\" decoding=\"async\" width=\"150\" height=\"150\" src=\"https:\/\/www.radiopiu.net\/wordpress\/wp-content\/uploads\/2021\/02\/5de417a2-3e88-4779-a5fa-13f6720074c5-1-150x150.jpg\" class=\"attachment-thumbnail size-thumbnail\" alt=\"\" \/><\/a>\n\t\t\t\t<\/dt><\/dl><dl class='gallery-item'>\n\t\t\t\t<dt class='gallery-icon landscape'>\n\t\t\t\t\t<a class=\"rollover rollover-zoom dt-pswp-item\" title=\"ba528b2b-4b1d-401e-bb92-7e1f8b8df7d3\" data-dt-img-description=\"\" data-large_image_width=\"602\" data-large_image_height=\"354\"href='https:\/\/www.radiopiu.net\/wordpress\/wp-content\/uploads\/2021\/02\/ba528b2b-4b1d-401e-bb92-7e1f8b8df7d3-1.jpg'><img loading=\"lazy\" decoding=\"async\" width=\"150\" height=\"150\" src=\"https:\/\/www.radiopiu.net\/wordpress\/wp-content\/uploads\/2021\/02\/ba528b2b-4b1d-401e-bb92-7e1f8b8df7d3-1-150x150.jpg\" class=\"attachment-thumbnail size-thumbnail\" alt=\"\" \/><\/a>\n\t\t\t\t<\/dt><\/dl><dl class='gallery-item'>\n\t\t\t\t<dt class='gallery-icon landscape'>\n\t\t\t\t\t<a class=\"rollover rollover-zoom dt-pswp-item\" title=\"1d611a30-eb97-4b0f-acf7-13088603dd4e\" data-dt-img-description=\"\" data-large_image_width=\"616\" data-large_image_height=\"354\"href='https:\/\/www.radiopiu.net\/wordpress\/wp-content\/uploads\/2021\/02\/1d611a30-eb97-4b0f-acf7-13088603dd4e-1.jpg'><img loading=\"lazy\" decoding=\"async\" width=\"150\" height=\"150\" src=\"https:\/\/www.radiopiu.net\/wordpress\/wp-content\/uploads\/2021\/02\/1d611a30-eb97-4b0f-acf7-13088603dd4e-1-150x150.jpg\" class=\"attachment-thumbnail size-thumbnail\" alt=\"\" \/><\/a>\n\t\t\t\t<\/dt><\/dl><dl class='gallery-item'>\n\t\t\t\t<dt class='gallery-icon landscape'>\n\t\t\t\t\t<a class=\"rollover rollover-zoom dt-pswp-item\" title=\"12fbd37b-8506-457b-a50d-e40ae4eccc94\" data-dt-img-description=\"\" data-large_image_width=\"608\" data-large_image_height=\"354\"href='https:\/\/www.radiopiu.net\/wordpress\/wp-content\/uploads\/2021\/02\/12fbd37b-8506-457b-a50d-e40ae4eccc94-1.jpg'><img loading=\"lazy\" decoding=\"async\" width=\"150\" height=\"150\" src=\"https:\/\/www.radiopiu.net\/wordpress\/wp-content\/uploads\/2021\/02\/12fbd37b-8506-457b-a50d-e40ae4eccc94-1-150x150.jpg\" class=\"attachment-thumbnail size-thumbnail\" alt=\"\" \/><\/a>\n\t\t\t\t<\/dt><\/dl><br style=\"clear: both\" \/>\n\t\t\t<\/div>\n\n<hr \/>\n<blockquote>\n<h3><\/h3>\n<div class=\"page-title-head hgroup\">\n<h3 class=\"entry-title\">DA DOMENICA 21 FEBBRAIO IL VACCINO PER IL PERSONALE DELLA SCUOLA<\/h3>\n<\/div>\n<\/blockquote>\n<p><strong><img loading=\"lazy\" decoding=\"async\" class=\"alignleft\" src=\"https:\/\/www.radiopiu.net\/wordpress\/wp-content\/uploads\/2015\/11\/vaccino-influenza.jpg\" width=\"217\" height=\"149\" \/>BELLUNO<\/strong> I prossimi appuntamenti per le vaccinazioni anti covid nei Centri di Vaccinazione Pubblici in modalit\u00e0 drive-iN- <strong>Personale della scuola<\/strong>: Convocazione tramite registrazione a un link dedicato inviato alle scuole domenica 21 Febbraio BELLUNO (ospedale San Martino) e FELTRE (ex Marangoni Peschiera) lunedi 22 Febbraio TAI di Cadore (piazzale Dolomiti) marted\u00ec 23 Febbraio AGORDO (piazzale Tamonich) <strong>Classe 1941<\/strong> convocazione tramite lettera sabato 27 e domenica 28 Febbraio BELLUNO (ospedale San Martino) Giornate di recupero territoriale da richiedere alla mail vaccinazioni.covid@aulss1.veneto.it: luned\u00ec 15 marzo TAI di Cadore (piazzale Dolomiti) marted\u00ec 16 marzo AGORDO (piazzale Tamonich) mercoled\u00ec 17 marzo FELTRE (ex Marangoni Peschiera)<strong> Classe 1940<\/strong> convocazione tramite lettera domenica 14 marzo BELLUNO(ospedale San Martino) e FELTRE (ex Marangoni Peschiera) lunedi 15 marzo TAI di Cadore (piazzale Dolomiti) marted\u00ec 16 marzo AGORDO (piazzale Tamonich) La vaccinazione avverr\u00e0 in modalit\u00e0 drive-in nei Centri di Vaccinazione Pubblici. \u00c8 quindi necessario presentarsi in auto, con abbigliamento comodo per scoprire la parte alta del braccio. \u00c8 necessario portare: la lettera\/mail di invito un documento di riconoscimento, la tessera sanitaria, la scheda di anamnesi compilata (inviata insieme alla lettera e disponibile sul sito www.aulss1.veneto.it). In occasione della prima vaccinazione verr\u00e0 programmato il successivo appuntamento per la seconda dose. Per informazioni scrivere a vaccinazioni.covid@aulss1.veneto.it<\/p>\n<a href=\"https:\/\/www.radiopiu.net\/wordpress\/wp-content\/uploads\/2021\/02\/REPORT-VACCINI-1.pdf\" class=\"pdfemb-viewer\" style=\"\" data-width=\"max\" data-height=\"max\" data-toolbar=\"top\" data-toolbar-fixed=\"on\">REPORT VACCINI-1<\/a>\n<hr \/>\n<h3><\/h3>\n<blockquote>\n<h3>IN 15 GIORNI LA ULSS1 RECUPERA 4000 VISITE<\/h3>\n<p><strong><img loading=\"lazy\" decoding=\"async\" class=\"alignleft\" src=\"https:\/\/www.radiopiu.net\/wordpress\/wp-content\/uploads\/2020\/03\/covid-ulss.jpg\" width=\"257\" height=\"193\" \/>BELLUNO<\/strong> Dal 1 al 15 febbraio, con la graduale ripresa delle attivit\u00e0 ambulatoriali,\u00a0 sono state recuperate 4 mila delle oltre 15.500 prestazioni in attesa di appuntamento o sospese dal 7 novembre 2020. Il recupero procede a diverse velocit\u00e0 in base alle discipline. La pressione negli ospedali, seppur stabile, \u00e8 ancora significativa con circa 60 pazienti covid in area sub intensiva, 20 negli ospedali di comunit\u00e0 e 5 in terapia intensiva. Per favorire il recupero delle prestazioni, per alcune branche come la radiologia, sono state attivate anche agende in orario serale o festivo. Alcune specialit\u00e0 hanno gi\u00e0 terminato il recupero delle visite sospese, per altre, il recupero \u00e8 pi\u00f9 lento per l\u2019impegno in area covid dei professionisti.<\/p>\n<p><strong>DOMANDE E RISPOSTE<\/strong><\/p>\n<p><strong>Avevo una visita prenotata che mi \u00e8 stata sospesa. Cosa deve fare? <\/strong>Sar\u00e0 il Centro Unico Prenotazioni a contattare gli utenti, con gradualit\u00e0, per fissare un nuovo appuntamento per le prestazioni ambulatoriali (visite ed esami) sospese nelle prossime settimane.\u00a0<strong>Ho chiamato il CUP per un appuntamento, mi hanno messo in lista d\u2019attesa (galleggiamento). Cosa devo fare? <\/strong>Sar\u00e0 sempre il CUP a contattare gli utenti con la data dell\u2019appuntamento.<strong>Devo prenotare una visita per la prima volta. Cosa devo fare? <\/strong>Da oggi sono prenotabili le prestazioni con qualsiasi priorit\u00e0.<\/p>\n<blockquote><p><em>Al momento gli sportelli fisici CUP restano chiusi. Il call center CUP 800 890 500 \u00e8 attivo dal luned\u00ec al venerd\u00ec dalle ore 8:00 alle ore 18:00 ed il sabato dalle ore 8:00 alle ore 12:00 \u00a0\u00e8 possibile fissare un appuntamento telefonico col CUP via mail dal sito www.aulss1.veneto.it e scegliere l\u2019orario in cui essere richiamati per una nuova prenotazione. Per prenotazioni in libera professione il numero \u00e8 0437 1849988.<\/em><\/p><\/blockquote>\n<p>&nbsp;<\/p><\/blockquote>\n<p>&nbsp;<\/p>\n<hr \/>\n<blockquote><p>&nbsp;<\/p>\n<blockquote class=\"wp-embedded-content\" data-secret=\"RJYNNJL06P\"><p><a href=\"https:\/\/www.radiopiu.net\/wordpress\/aggfeb1422\/\">CORONAVIRUS: AGGIORNAMENTO NAZIONALE 16 FEBBRAIO 2021<\/a><\/p><\/blockquote>\n<p><iframe loading=\"lazy\" class=\"wp-embedded-content\" sandbox=\"allow-scripts\" security=\"restricted\" style=\"position: absolute; clip: rect(1px, 1px, 1px, 1px);\" title=\"&#8220;CORONAVIRUS: AGGIORNAMENTO NAZIONALE 16 FEBBRAIO 2021&#8221; &#8212; Radio Pi\u00f9\" src=\"https:\/\/www.radiopiu.net\/wordpress\/aggfeb1422\/embed\/#?secret=RJYNNJL06P\" data-secret=\"RJYNNJL06P\" width=\"600\" height=\"338\" frameborder=\"0\" marginwidth=\"0\" marginheight=\"0\" scrolling=\"no\"><\/iframe><\/p>\n<p>&nbsp;<\/p>\n<p>&nbsp;<\/p>\n<p>&nbsp;<\/p><\/blockquote>\n<hr \/>\n<blockquote>\n<h3>LE ATTIVITA&#8217; ECONOMICHE VANNO SOSTENUTE ANCHE CON L&#8217;AVANZO DI AMMINISTRAZIONE<\/h3>\n<\/blockquote>\n<p><strong><a href=\"https:\/\/www.radiopiu.net\/wordpress\/?attachment_id=190211\" rel=\"attachment wp-att-190211\"><img loading=\"lazy\" decoding=\"async\" class=\" wp-image-190211 alignleft\" src=\"https:\/\/www.radiopiu.net\/wordpress\/wp-content\/uploads\/2021\/02\/Belluno_Feltre_b_Panoramica-sulla-citta-300x190.jpg\" alt=\"\" width=\"204\" height=\"129\" srcset=\"https:\/\/www.radiopiu.net\/wordpress\/wp-content\/uploads\/2021\/02\/Belluno_Feltre_b_Panoramica-sulla-citta-300x190.jpg 300w, https:\/\/www.radiopiu.net\/wordpress\/wp-content\/uploads\/2021\/02\/Belluno_Feltre_b_Panoramica-sulla-citta-768x487.jpg 768w, https:\/\/www.radiopiu.net\/wordpress\/wp-content\/uploads\/2021\/02\/Belluno_Feltre_b_Panoramica-sulla-citta.jpg 1024w\" sizes=\"auto, (max-width: 204px) 100vw, 204px\" \/><\/a>BELLUNO<\/strong> Il capogruppo in consiglio comunale Raffaele Addamiano con il consigliere Andrea Stella, entrambi di Lista Obiettivo Belluno-Fratelli d&#8217;Italia, hanno presentato al Presidente del Consiglio Comunale di Belluno una mozione fin troppo chiara a seguito della grave crisi sanitaria-economico-sociale che sta interessando il territorio. In particolare i consiglieri impegnano Sindaco e Giunta a utilizzare parte dell\u2019avanzo di amministrazione risultante dall\u2019ultima variazione al bilancio di previsione a sostegno delle attivit\u00e0 economiche dei seguenti settori: bar, ristoranti, attivit\u00e0 ricettive alberghiere, palestre, cinema, commercio al dettaglio non alimentare, lavoratori ambulanti dei mercati. Che preoccupa i consiglieri anche i dati forniti il 16 gennaio\u00a0 dalla CGIA di Mestre, secondo cui la perdita di fatturato globale del 2020 si aggira intorno ai 423 miliardi di Euro, mentre i circa 29 miliardi di Euro erogati finora all\u2019uopo dal Governo portano il tasso di copertura del ristoro soltanto al 7%. Altrettanto preoccupanti i dati della Federazione Italiana dei Pubblici Esercizi dai quali risulta che il settore specifico ha subito un danno per minore fatturato di circa 40 miliardi di Euro e che lo Stato centrale ha erogato come correlato ristoro appena 2,5 miliardi di Euro, pari al 6,25% del bisogno effettivo. Per questo i consiglieri chiedono che il Comune si faccia parte attiva per sostenere le attivit\u00e0 economiche in difficolt\u00e0 alla stregua di un autentico paracadute sociale ed economico, anche perch\u00e9 la graduale ripresa sar\u00e0 tutt&#8217;altro che facile.<\/p>\n<blockquote><p><em>&#8220;Per ogni imprenditore in difficolt\u00e0 &#8211; dicono i consiglieri &#8211;\u00a0 ci sono intere famiglie, le quali, loro malgrado, si sono trovate d\u2019improvviso senza una fonte di reddito e sono a rischio di povert\u00e0, secondo il rapporto 2020 della Caritas, le donne che hanno chiesto aiuto ai servizi della stessa Caritas, subito dopo il lockdown, sono state il 54,4 % contro il 50,5 % del 2019; il numero dei giovani tra 18 e 34 anni sotto la soglia di povert\u00e0 \u00e8 passato dal 20 % del 2019 all\u2019attuale 22,7 %; complessivamente, sempre secondo la fonte test\u00e8 citata, gli italiani sono a oggi il 52% dei poveri del Paese contro il 47,9% dell\u2019anno passato e hanno, dunque, superato gli stranieri&#8221;<\/em><\/p><\/blockquote>\n<blockquote><p>&nbsp;<\/p>\n<hr \/>\n<p>&nbsp;<\/p>\n<h3>L&#8217;UNCEM VUOLE IL SOTTOSEGRETARIO ALLA MONTAGNA<\/h3>\n<\/blockquote>\n<p><strong><a href=\"https:\/\/www.radiopiu.net\/wordpress\/giornale-radiopiu-06-novembre-2020-direttore-mirko-mezzacasa\/logouncem_no_scritta-wdtr\/\" rel=\"attachment wp-att-170846\"><img loading=\"lazy\" decoding=\"async\" class=\"wp-image-170846 alignleft\" src=\"https:\/\/www.radiopiu.net\/wordpress\/wp-content\/uploads\/2020\/11\/logoUNCEM_no_scritta-wdtr-300x300.jpg\" alt=\"\" width=\"168\" height=\"168\" srcset=\"https:\/\/www.radiopiu.net\/wordpress\/wp-content\/uploads\/2020\/11\/logoUNCEM_no_scritta-wdtr-300x300.jpg 300w, https:\/\/www.radiopiu.net\/wordpress\/wp-content\/uploads\/2020\/11\/logoUNCEM_no_scritta-wdtr-150x150.jpg 150w, https:\/\/www.radiopiu.net\/wordpress\/wp-content\/uploads\/2020\/11\/logoUNCEM_no_scritta-wdtr.jpg 640w\" sizes=\"auto, (max-width: 168px) 100vw, 168px\" \/><\/a>ROMA<\/strong> Nelle ultime 48 ore si \u00e8 parlato solo di montagna e degli effetti della pandemia sullo sci, sull&#8217;economia delle zone che vivono di sport e turismo, oggi azzoppate. Sono al centro del dibattito pubblico le localit\u00e0 sciistiche messe in crisi dalla scelta di non aprire, il futuro economico dei territori, quali opportunit\u00e0 per svago, sport, turismo, nelle zone montane italiane senza sci. Ma si inizia a parlare anche di quale sostenibilit\u00e0-ambientale in montagna e di quale transizione digitale ed economica nei territori. Quale ruolo per i piccoli Comuni. Temi decisivi per tutti, per l&#8217;Italia. Uncem ha evidenziato che questo \u00e8 il momento giusto per ribadire alla Politica che senza rappresentanza non si va lontano. <em>&#8220;Lo diciamo al Presidente Draghi, ai Partiti, ai Ministri\u00a0 &#8211; afferma il presidente Marco Bussone -Abbiamo la necessit\u00e0 di avere nel Governo un &#8216;Sottosegretario alla Montagna&#8217;, che segua Sindaci, imprese, comunit\u00e0 dei territori. Un Sottosegretario per il 54% dell&#8217;Italia. Ci sia questo spazio nel Governo. Le &#8216;questioni territoriali&#8217; sono decisive e lo ha capito ancor di pi\u00f9 il Paese intero in queste ore&#8221;.<\/em><\/p>\n<blockquote><p>&nbsp;<\/p><\/blockquote>\n<hr \/>\n<blockquote><p>&nbsp;<\/p>\n<h3>SCUOLA: GLI\u00a0 STUDENTI AGORDINI PREFERISCONO LE TRASFERTE IN PULLMAN VERSO ALTRE SCUOLE, NON QUELLE AGORDINE .<\/h3>\n<\/blockquote>\n<p><strong><a href=\"https:\/\/www.radiopiu.net\/wordpress\/sabato-17-ottobre-la-presentazione-del-progetto-dolomia-in-sala-don-tamis\/follador-de-rossi\/\" rel=\"attachment wp-att-164367\"><img loading=\"lazy\" decoding=\"async\" class=\" wp-image-164367 alignleft\" src=\"https:\/\/www.radiopiu.net\/wordpress\/wp-content\/uploads\/2020\/10\/FOLLADOR-DE-ROSSI-300x140.jpg\" alt=\"\" width=\"208\" height=\"97\" srcset=\"https:\/\/www.radiopiu.net\/wordpress\/wp-content\/uploads\/2020\/10\/FOLLADOR-DE-ROSSI-300x140.jpg 300w, https:\/\/www.radiopiu.net\/wordpress\/wp-content\/uploads\/2020\/10\/FOLLADOR-DE-ROSSI-1024x477.jpg 1024w, https:\/\/www.radiopiu.net\/wordpress\/wp-content\/uploads\/2020\/10\/FOLLADOR-DE-ROSSI-768x358.jpg 768w, https:\/\/www.radiopiu.net\/wordpress\/wp-content\/uploads\/2020\/10\/FOLLADOR-DE-ROSSI-1536x716.jpg 1536w, https:\/\/www.radiopiu.net\/wordpress\/wp-content\/uploads\/2020\/10\/FOLLADOR-DE-ROSSI-2048x954.jpg 2048w, https:\/\/www.radiopiu.net\/wordpress\/wp-content\/uploads\/2020\/10\/FOLLADOR-DE-ROSSI-640x298.jpg 640w\" sizes=\"auto, (max-width: 208px) 100vw, 208px\" \/><\/a>AGORDO <\/strong>Confermato il trend, solo 54 alunni di terza media (su 122) continueranno a studiare nell&#8217;Agordino. Sessanta alunni iscritti fuori Agordino ma in Provincia. Otto alunni emigrano fuori Provincia, in Alto Adige, Trentino e in altre scuole del Veneto. La professoressa Maria Rosa Salmazo, che da anni conduce il programma 007 in condotta a RADIO PIU&#8217; ha presentato e confrontato i dati, di oggi e di ieri.<\/p>\n<p><strong>di GIANNI SANTOMASO<\/strong><\/p>\n<audio class=\"wp-audio-shortcode\" id=\"audio-191712-3\" preload=\"none\" style=\"width: 100%;\" controls=\"controls\"><source type=\"audio\/mpeg\" src=\"https:\/\/www.radiopiu.net\/wordpress\/wp-content\/uploads\/2021\/02\/gianni-scuola.mp3?_=3\" \/><a href=\"https:\/\/www.radiopiu.net\/wordpress\/wp-content\/uploads\/2021\/02\/gianni-scuola.mp3\">https:\/\/www.radiopiu.net\/wordpress\/wp-content\/uploads\/2021\/02\/gianni-scuola.mp3<\/a><\/audio>\n<p>&nbsp;<\/p>\n<p>&nbsp;<\/p>\n<hr \/>\n<blockquote>\n<h3><\/h3>\n<h3>IMPIANTI DI RISALITA E RISTORI. LA POSIZIONE DELLA FILT-CGIL<\/h3>\n<\/blockquote>\n<p><strong><a href=\"https:\/\/www.radiopiu.net\/wordpress\/giornale-radio-piu-2-marzo-2018-direttore-mirko-mezzacasa\/alleghe_archivio-alleghe-funivie_photo-alberto-gnech\/\" rel=\"attachment wp-att-44031\"><img loading=\"lazy\" decoding=\"async\" class=\"size-medium wp-image-44031 alignleft\" src=\"https:\/\/www.radiopiu.net\/wordpress\/wp-content\/uploads\/2018\/03\/Alleghe_archivio-Alleghe-Funivie_photo-Alberto-Gnech-300x200.jpg\" alt=\"\" width=\"300\" height=\"200\" srcset=\"https:\/\/www.radiopiu.net\/wordpress\/wp-content\/uploads\/2018\/03\/Alleghe_archivio-Alleghe-Funivie_photo-Alberto-Gnech-300x200.jpg 300w, https:\/\/www.radiopiu.net\/wordpress\/wp-content\/uploads\/2018\/03\/Alleghe_archivio-Alleghe-Funivie_photo-Alberto-Gnech-768x513.jpg 768w, https:\/\/www.radiopiu.net\/wordpress\/wp-content\/uploads\/2018\/03\/Alleghe_archivio-Alleghe-Funivie_photo-Alberto-Gnech-1024x684.jpg 1024w\" sizes=\"auto, (max-width: 300px) 100vw, 300px\" \/><\/a>BELLUNO<\/strong> La FILT-CGIL entra in merito alla mancata apertura degli impianti di risalita e dei ristori. Lo fa con una lettera firmata da Alessandra Fontana, segretario generale provinciale FILT-CGIL.<\/p>\n<blockquote><p>&nbsp;<\/p>\n<p>Servono i ristori. E servono con estrema urgenza per garantire ancora un futuro alle aziende del settore e ai lavoratori, stagionali e non. Da inizio stagione, infatti, i lavoratori fissi sono in cassa integrazione mentre gli stagionali che erano stati richiamati in vista dell&#8217;avvio della stagione, e che rappresentano un terzo del totale, risentono maggiormente della crisi, senza certezze dal punto di vista degli ammortizzatori sociali. Vanno preservati i posti di lavoro, va garantito un reddito ai lavoratori e, contestalmente, vanno preservate quelle professionalit\u00e0 che nel medio e lungo periodo rischiamo di perdere. In assenza di certezze sul futuro infatti le maestranze pi\u00f9 qualificate potrebbero cercare altre occupazioni e questo comporterebbe un impoverimento evidente per il settore e e per l\u2019intero territorio. Contestualmente serve, compatibilmente con l\u2019emergenza sanitaria, recuperare quel poco che rimane della stagione invernale e iniziare a programmare in sicurezza e con certezze quella estiva. Il settore degli impianti di risalita riveste un ruolo strategico per il futuro provinciale e il perdurare di questa incertezza rischia di avere delle coseguenze gravissime per l\u2019intero territorio, per l\u2019indotto e per un rilancio turistico del bellunese.<\/p><\/blockquote>\n<p>&nbsp;<\/p>\n<hr \/>\n<p>&nbsp;<\/p>\n<blockquote>\n<h3><a href=\"https:\/\/www.radiopiu.net\/wordpress\/quattro-auto-coinvolte-nellincidente-lungo-la-203-agordina\/32036d2a-6acc-45b7-a3ca-98b8e316f5b7\/\" rel=\"attachment wp-att-172919\"><img loading=\"lazy\" decoding=\"async\" class=\" wp-image-172919 alignleft\" src=\"https:\/\/www.radiopiu.net\/wordpress\/wp-content\/uploads\/2020\/11\/32036d2a-6acc-45b7-a3ca-98b8e316f5b7-300x225.jpg\" alt=\"\" width=\"169\" height=\"127\" srcset=\"https:\/\/www.radiopiu.net\/wordpress\/wp-content\/uploads\/2020\/11\/32036d2a-6acc-45b7-a3ca-98b8e316f5b7-300x225.jpg 300w, https:\/\/www.radiopiu.net\/wordpress\/wp-content\/uploads\/2020\/11\/32036d2a-6acc-45b7-a3ca-98b8e316f5b7-1024x768.jpg 1024w, https:\/\/www.radiopiu.net\/wordpress\/wp-content\/uploads\/2020\/11\/32036d2a-6acc-45b7-a3ca-98b8e316f5b7-768x576.jpg 768w, https:\/\/www.radiopiu.net\/wordpress\/wp-content\/uploads\/2020\/11\/32036d2a-6acc-45b7-a3ca-98b8e316f5b7-1536x1152.jpg 1536w, https:\/\/www.radiopiu.net\/wordpress\/wp-content\/uploads\/2020\/11\/32036d2a-6acc-45b7-a3ca-98b8e316f5b7.jpg 1600w\" sizes=\"auto, (max-width: 169px) 100vw, 169px\" \/><\/a>IL MONDO CORRE E SERVONO DECISIONI RAPIDE. FRANCO GIDONI CONTRATTACCA E STRIGLIA GLI AMMINISTRATORI AGORDINI.<\/h3>\n<\/blockquote>\n<p><strong>DI GIANNI SANTOMASO<\/strong><\/p>\n<audio class=\"wp-audio-shortcode\" id=\"audio-191712-4\" preload=\"none\" style=\"width: 100%;\" controls=\"controls\"><source type=\"audio\/mpeg\" src=\"https:\/\/www.radiopiu.net\/wordpress\/wp-content\/uploads\/2021\/02\/gianni-gidoni.mp3?_=4\" \/><a href=\"https:\/\/www.radiopiu.net\/wordpress\/wp-content\/uploads\/2021\/02\/gianni-gidoni.mp3\">https:\/\/www.radiopiu.net\/wordpress\/wp-content\/uploads\/2021\/02\/gianni-gidoni.mp3<\/a><\/audio>\n<p><strong><a href=\"https:\/\/www.radiopiu.net\/wordpress\/giornale-radiopiu-07-10-direttore-mirko-mezzacasa\/1435664134094_gidoni_franco\/\" rel=\"attachment wp-att-11656\"><img loading=\"lazy\" decoding=\"async\" class=\"wp-image-11656 alignleft\" src=\"https:\/\/www.radiopiu.net\/wordpress\/wp-content\/uploads\/2015\/10\/1435664134094_Gidoni_Franco-218x300.jpg\" alt=\"\" width=\"130\" height=\"179\" \/><\/a><\/strong><\/p>\n<p>&nbsp;<\/p>\n<p>&nbsp;<\/p>\n<p>&nbsp;<\/p>\n<p>&nbsp;<\/p>\n<p><strong>NEI GIORNI SCORSI A RADIO PIU&#8217;, FRANCO GIDONI<\/strong><\/p>\n<audio class=\"wp-audio-shortcode\" id=\"audio-191712-5\" preload=\"none\" style=\"width: 100%;\" controls=\"controls\"><source type=\"audio\/mpeg\" src=\"https:\/\/www.radiopiu.net\/wordpress\/wp-content\/uploads\/2021\/02\/GIDONI.mp3?_=5\" \/><a href=\"https:\/\/www.radiopiu.net\/wordpress\/wp-content\/uploads\/2021\/02\/GIDONI.mp3\">https:\/\/www.radiopiu.net\/wordpress\/wp-content\/uploads\/2021\/02\/GIDONI.mp3<\/a><\/audio>\n<p>&nbsp;<\/p>\n<p><strong>E IL PRECEDENTE SERVIZIO DI GIANNI SANTOMASO\u00a0<\/strong><\/p>\n<audio class=\"wp-audio-shortcode\" id=\"audio-191712-6\" preload=\"none\" style=\"width: 100%;\" controls=\"controls\"><source type=\"audio\/mpeg\" src=\"https:\/\/www.radiopiu.net\/wordpress\/wp-content\/uploads\/2021\/02\/GIANNI-GIDONI-VIABILITA-PROVINCIALE.mp3?_=6\" \/><a href=\"https:\/\/www.radiopiu.net\/wordpress\/wp-content\/uploads\/2021\/02\/GIANNI-GIDONI-VIABILITA-PROVINCIALE.mp3\">https:\/\/www.radiopiu.net\/wordpress\/wp-content\/uploads\/2021\/02\/GIANNI-GIDONI-VIABILITA-PROVINCIALE.mp3<\/a><\/audio>\n<p>&nbsp;<\/p>\n<hr \/>\n<blockquote>\n<h3>COPPA ATTILIO BETTEGA, CON MIKI BIASION DAL CEREDA AL VALLES E NEL CUORE DELL&#8217;AGORDINO<\/h3>\n<\/blockquote>\n<p><strong><a href=\"https:\/\/www.radiopiu.net\/wordpress\/coppa-attilio-bettega\/ac94447a-aa20-400e-8033-7a239912ee37\/\" rel=\"attachment wp-att-191796\"><img loading=\"lazy\" decoding=\"async\" class=\"size-medium wp-image-191796 alignleft\" src=\"https:\/\/www.radiopiu.net\/wordpress\/wp-content\/uploads\/2021\/02\/ac94447a-aa20-400e-8033-7a239912ee37-300x216.jpg\" alt=\"\" width=\"300\" height=\"216\" srcset=\"https:\/\/www.radiopiu.net\/wordpress\/wp-content\/uploads\/2021\/02\/ac94447a-aa20-400e-8033-7a239912ee37-300x216.jpg 300w, https:\/\/www.radiopiu.net\/wordpress\/wp-content\/uploads\/2021\/02\/ac94447a-aa20-400e-8033-7a239912ee37-1024x737.jpg 1024w, https:\/\/www.radiopiu.net\/wordpress\/wp-content\/uploads\/2021\/02\/ac94447a-aa20-400e-8033-7a239912ee37-768x553.jpg 768w, https:\/\/www.radiopiu.net\/wordpress\/wp-content\/uploads\/2021\/02\/ac94447a-aa20-400e-8033-7a239912ee37-1536x1106.jpg 1536w, https:\/\/www.radiopiu.net\/wordpress\/wp-content\/uploads\/2021\/02\/ac94447a-aa20-400e-8033-7a239912ee37.jpg 1600w\" sizes=\"auto, (max-width: 300px) 100vw, 300px\" \/><\/a>LA VALLE <\/strong>Che serata sabato sera ai piedi del monte Celo con\u00a0 la prova di regolarit\u00e0 nazionale di auto storiche &#8220;Coppa Attilio Bettega&#8221;. L&#8217;organizzazione (Ads Rally Club 70 di Romano d&#8217;Ezzelino-Vicenza)\u00a0 ha inserito questa la prova di regolarit\u00e0 lavallese con controllo orario dalle 18&#8217;23&#8221;\u00a0 fra il Panificio El Forner\u00a0 e il Bar Larin per poi effettuare la partenza all&#8217; uscita del paese dalle\u00a0 18&#8242;.26&#8221; lungo la provinciale 347 del Passo Cereda e Passo Duran (km 35.600).La prova si snoder\u00e0 sulla salita del Passo per poi proseguire verso Dont e Passo Cibiana. <em>&#8220;Si rende noto &#8211; <a href=\"https:\/\/www.radiopiu.net\/wordpress\/coppa-attilio-bettega\/1200px-estoril_classic_week_2018_miki_biasion_30294007657_cropped\/\" rel=\"attachment wp-att-191838\"><img loading=\"lazy\" decoding=\"async\" class=\" wp-image-191838 alignright\" src=\"https:\/\/www.radiopiu.net\/wordpress\/wp-content\/uploads\/2021\/02\/1200px-Estoril_Classic_Week_2018_Miki_Biasion_30294007657_cropped-211x300.jpg\" alt=\"\" width=\"161\" height=\"229\" srcset=\"https:\/\/www.radiopiu.net\/wordpress\/wp-content\/uploads\/2021\/02\/1200px-Estoril_Classic_Week_2018_Miki_Biasion_30294007657_cropped-211x300.jpg 211w, https:\/\/www.radiopiu.net\/wordpress\/wp-content\/uploads\/2021\/02\/1200px-Estoril_Classic_Week_2018_Miki_Biasion_30294007657_cropped-720x1024.jpg 720w, https:\/\/www.radiopiu.net\/wordpress\/wp-content\/uploads\/2021\/02\/1200px-Estoril_Classic_Week_2018_Miki_Biasion_30294007657_cropped-768x1092.jpg 768w, https:\/\/www.radiopiu.net\/wordpress\/wp-content\/uploads\/2021\/02\/1200px-Estoril_Classic_Week_2018_Miki_Biasion_30294007657_cropped-1080x1536.jpg 1080w, https:\/\/www.radiopiu.net\/wordpress\/wp-content\/uploads\/2021\/02\/1200px-Estoril_Classic_Week_2018_Miki_Biasion_30294007657_cropped.jpg 1200w\" sizes=\"auto, (max-width: 161px) 100vw, 161px\" \/><\/a>spiega il consigliere comunale Massimo Sommariva &#8211;\u00a0 che la\u00a0 manifestazione \u00e8 di regolarit\u00e0\u00a0 con auto storiche iscritte al calendario Nazionale con basso contenuto agonistico, riservata a concorrenti regolarmente iscritti ACI-CONI. I partecipanti saranno tenuti a rispettare tutte le norme vigenti del codice della strada&#8221;. <\/em>Le auto provenienti da Bassano\u00a0 saliranno fino a Passo Cereda per poi scendere verso Voltago. Non vi sar\u00e0\u00a0 nessuna ordinanza di chiusura strade per il Passo Duran. E&#8217; prevista la partecipazione di circa 130 equipaggi provenienti da tutta Italia e 8 da Paesi Esteri con autovetture che hanno fatto la storia dei rally a partire da alcune Lancia Stratos, Lancia Fulvia HF 1600, Porche 911 e 356, Fiat 124 Abarth e tante altre. Apripista d&#8217;eccezione su Lancia Delta integrale, il due volte Campione del Mondo di rally Miki Biasion. <em>&#8220;Ringraziamo &#8211; dice il sindaco Ezio Zuanel &#8211;\u00a0 il Presidente dell&#8217; Asd Rally 70 Ivo Strapazzon e Mauro Riva Presidente Dolomiti Racing Motorsport (organizzatore del Dolomiti Rally ndr.) per aver inserito una prova in calendario della competizione sul nostro territorio dando cos\u00ec un segnale di parvenza di ritrovata normalit\u00e0 in questo particolare momento&#8221;.\u00a0<\/em><\/p>\n<p><strong>DI GIANNI SANTOMASO Corriere Alpi<br \/>\n<\/strong><\/p>\n<audio class=\"wp-audio-shortcode\" id=\"audio-191712-7\" preload=\"none\" style=\"width: 100%;\" controls=\"controls\"><source type=\"audio\/mpeg\" src=\"https:\/\/www.radiopiu.net\/wordpress\/wp-content\/uploads\/2021\/02\/gianni-bettaga.mp3?_=7\" \/><a href=\"https:\/\/www.radiopiu.net\/wordpress\/wp-content\/uploads\/2021\/02\/gianni-bettaga.mp3\">https:\/\/www.radiopiu.net\/wordpress\/wp-content\/uploads\/2021\/02\/gianni-bettaga.mp3<\/a><\/audio>\n<p><strong>NELL&#8217;AGORDINO:<\/strong>\u00a0 PASSO CEREDA 17.31 (Gosaldo, Frassen\u00e9, Voltago, Agordo) LA VALLE 18.23,\u00a0 FORNESIGHE 19.08, POCOL 20.26, PASSO GIAU, SELVA DI CADORE, CAPRILE,\u00a0 CENCENIGHE, FORCELLA LAGAZZON, FALCADE 21.50, PASSO VALLES,\u00a0 \u00a0FIERA DI PRIMIERO 23.15<\/p>\n<p><strong>COPPA ATTILIO BETTEGA 2021<\/strong> <strong><span style=\"color: #0000ff;\"><a style=\"color: #0000ff;\" href=\"https:\/\/www.coppaattiliobettega.it\/\">CLICCA QUI<\/a><\/span><\/strong><\/p>\n<p>&nbsp;<\/p>\n<hr \/>\n<p>&nbsp;<\/p>\n<div class=\"page-title-head hgroup\">\n<blockquote>\n<h3 class=\"entry-title\">COME EL SOL DA SANTA DULIANA<\/h3>\n<\/blockquote>\n<p><strong><a href=\"https:\/\/www.radiopiu.net\/wordpress\/come-el-sol-da-santa-duliana\/0e1e0292-aa35-4725-bdd2-8ae45d254b8d\/\" rel=\"attachment wp-att-191756\"><img loading=\"lazy\" decoding=\"async\" class=\"size-full wp-image-191756 alignleft\" src=\"https:\/\/www.radiopiu.net\/wordpress\/wp-content\/uploads\/2021\/02\/0e1e0292-aa35-4725-bdd2-8ae45d254b8d.jpg\" alt=\"\" width=\"301\" height=\"168\" \/><\/a>di Tiziano De Col<\/strong><\/p>\n<p><strong>LA VALLE<\/strong> Ieri era Santa Giuliana e un antico proverbio Lavallese recita &#8221; Da Santa Duliana (Giuliana) el sol el b\u00e0t in te la campana &#8221; . Il sole, dopo 3 mesi e mezzo di latitanza mattutina, nascosto dietro al Monte Celo (da &#8216;celare&#8217; ossia nascondere appunto il sole) ricompare e alle 9 circa del mattino\u00a0 &#8216;batte&#8217; sulla campana della Chiesa, che non \u00e8 la Chiesa attuale, ma l&#8217;antica Chiesa risalente, pare, al 12\u00b0- 13\u00b0 secolo, che sorgeva al posto dell&#8217;attuale cimitero, distrutta dalla grande &#8216;boa&#8217; del 1701 .<\/p>\n<p><strong>LA VECCHIA CHIESA DI LA VALLE CON ONDA DI BOA<\/strong><\/p>\n<p>Fotoriproduzione di miniatura in acquerello su carta databile ad inizio 1800 con l&#8217;antica chiesa e l&#8217;onda di Boa che l&#8217;ha distrutta nel 1701 insieme alle due canoniche. Archivio fotografico Tiziano De Col<\/p>\n<p><a href=\"https:\/\/www.radiopiu.net\/wordpress\/come-el-sol-da-santa-duliana\/acquarelli1\/\" rel=\"attachment wp-att-191772\"><img loading=\"lazy\" decoding=\"async\" class=\"alignnone wp-image-191772 size-full\" src=\"https:\/\/www.radiopiu.net\/wordpress\/wp-content\/uploads\/2021\/02\/acquarelli1.jpg\" alt=\"\" width=\"869\" height=\"704\" srcset=\"https:\/\/www.radiopiu.net\/wordpress\/wp-content\/uploads\/2021\/02\/acquarelli1.jpg 869w, https:\/\/www.radiopiu.net\/wordpress\/wp-content\/uploads\/2021\/02\/acquarelli1-300x243.jpg 300w, https:\/\/www.radiopiu.net\/wordpress\/wp-content\/uploads\/2021\/02\/acquarelli1-768x622.jpg 768w\" sizes=\"auto, (max-width: 869px) 100vw, 869px\" \/><\/a><\/p>\n<p>&nbsp;<\/p>\n<p>&nbsp;<\/p>\n<hr \/>\n<p>&nbsp;<\/p>\n<blockquote>\n<h3>FRANCO MURER A ROMA PER RITRATTO DI LUCIANI CHE COLMA UN VUOTO.<\/h3>\n<\/blockquote>\n<p><strong><a href=\"https:\/\/www.radiopiu.net\/wordpress\/franco-murer-a-roma-per-ritratto-di-luciani-che-colma-un-vuoto\/whatsapp-image-2021-02-01-at-17-04-32-1\/\" rel=\"attachment wp-att-191909\"><img loading=\"lazy\" decoding=\"async\" class=\" wp-image-191909 alignleft\" src=\"https:\/\/www.radiopiu.net\/wordpress\/wp-content\/uploads\/2021\/02\/WhatsApp-Image-2021-02-01-at-17.04.32-1-225x300.jpeg\" alt=\"\" width=\"106\" height=\"142\" srcset=\"https:\/\/www.radiopiu.net\/wordpress\/wp-content\/uploads\/2021\/02\/WhatsApp-Image-2021-02-01-at-17.04.32-1-225x300.jpeg 225w, https:\/\/www.radiopiu.net\/wordpress\/wp-content\/uploads\/2021\/02\/WhatsApp-Image-2021-02-01-at-17.04.32-1.jpeg 768w\" sizes=\"auto, (max-width: 106px) 100vw, 106px\" \/><\/a>CANALE D&#8217;AGORDO<\/strong> &#8220;L\u2019artista falcadino\u00a0 Franco Murer\u00a0 ha eseguito il ritratto di Papa Luciani,\u00a0 posto alla Pontificia Accademia Ecclesiastica, sita in Piazza della Minerva, 74 a Roma, cio\u00e8 presso l&#8217;istituto che prepara alcuni sacerdoti al servizio diplomatico della Santa Sede. Questo grazie all\u2019interessamento del Postulatore della Causa di canonizzazione di Albino Luciani, il cardinale Beniamino Stella (foto), gi\u00e0 Presidente dell\u2019Accademia dal 2007 al 2013, poi Prefetto della Congregazione per il Clero, impegno che lo occupa tuttora. \u2019opera ha colmato un vuoto, dal momento che finora, presso l\u2019Accademia non era ancora presente, tra quelli degli ultimi pontefici, il ritratto di Giovanni Paolo I.&#8221;<\/p>\n<\/div>\n<p>&nbsp;<\/p>\n<hr \/>\n<p>&nbsp;<\/p>\n<blockquote>\n<h3>UN CONTRIBUTO PER FAVORIRE LA DIDATTICA A DISTANZA<\/h3>\n<\/blockquote>\n<p><strong><a href=\"https:\/\/www.radiopiu.net\/wordpress\/giornale-radiopiu-17-febbraio-2021-direttore-mirko-mezzacasa\/image-198\/\" rel=\"attachment wp-att-191934\"><img loading=\"lazy\" decoding=\"async\" class=\" wp-image-191934 alignleft\" src=\"https:\/\/www.radiopiu.net\/wordpress\/wp-content\/uploads\/2021\/02\/image-1-300x169.jpg\" alt=\"\" width=\"215\" height=\"121\" srcset=\"https:\/\/www.radiopiu.net\/wordpress\/wp-content\/uploads\/2021\/02\/image-1-300x169.jpg 300w, https:\/\/www.radiopiu.net\/wordpress\/wp-content\/uploads\/2021\/02\/image-1.jpg 518w\" sizes=\"auto, (max-width: 215px) 100vw, 215px\" \/><\/a>ALPAGO<\/strong><\/p>\n<p><strong>di DAMIANO TORMEN<\/strong><\/p>\n<audio class=\"wp-audio-shortcode\" id=\"audio-191712-8\" preload=\"none\" style=\"width: 100%;\" controls=\"controls\"><source type=\"audio\/mpeg\" src=\"https:\/\/www.radiopiu.net\/wordpress\/wp-content\/uploads\/2021\/02\/damiano-didattica.mp3?_=8\" \/><a href=\"https:\/\/www.radiopiu.net\/wordpress\/wp-content\/uploads\/2021\/02\/damiano-didattica.mp3\">https:\/\/www.radiopiu.net\/wordpress\/wp-content\/uploads\/2021\/02\/damiano-didattica.mp3<\/a><\/audio>\n<p>&nbsp;<\/p>\n<p>&nbsp;<\/p>\n<hr \/>\n<p>&nbsp;<\/p>\n<blockquote>\n<h3>MASCHERE DELLA TRADIZIONE E PALLONCINI COLORATI PER IL CARNEVALE AL CENTRO DIURNO DI PIEVE<\/h3>\n<\/blockquote>\n<p><strong><a href=\"https:\/\/www.radiopiu.net\/wordpress\/giornale-radiopiu-17-febbraio-2021-direttore-mirko-mezzacasa\/img-20210215-wa0016\/\" rel=\"attachment wp-att-191825\"><img loading=\"lazy\" decoding=\"async\" class=\" wp-image-191825 alignleft\" src=\"https:\/\/www.radiopiu.net\/wordpress\/wp-content\/uploads\/2021\/02\/IMG-20210215-WA0016-300x225.jpg\" alt=\"\" width=\"241\" height=\"181\" srcset=\"https:\/\/www.radiopiu.net\/wordpress\/wp-content\/uploads\/2021\/02\/IMG-20210215-WA0016-300x225.jpg 300w, https:\/\/www.radiopiu.net\/wordpress\/wp-content\/uploads\/2021\/02\/IMG-20210215-WA0016-1024x768.jpg 1024w, https:\/\/www.radiopiu.net\/wordpress\/wp-content\/uploads\/2021\/02\/IMG-20210215-WA0016-768x576.jpg 768w, https:\/\/www.radiopiu.net\/wordpress\/wp-content\/uploads\/2021\/02\/IMG-20210215-WA0016-1536x1152.jpg 1536w, https:\/\/www.radiopiu.net\/wordpress\/wp-content\/uploads\/2021\/02\/IMG-20210215-WA0016.jpg 1984w\" sizes=\"auto, (max-width: 241px) 100vw, 241px\" \/><\/a>PIEVE DI CADORE <\/strong>Maschere della tradizione, palloncini con messaggi di speranza lanciati in aria e tanti sorrisi per festeggiare il carnevale distanziati e in allegria. Sono questi gli ingredienti del flashmob organizzato dal Centro Diurno di Pieve di Cadore. Durante le settimane precedenti i vari gruppi del Centro Diurni, in rispetto delle norme covid, hanno lavorato separatamente per preparare le maschere ispirandosi alla tradizione delle Dolomiti: : i matazin, le matazere e lo smotazin. Con l\u2019occasione gli ospiti hanno approfondito la storia e la caratteristiche delle varie maschere e del carnevale tipico del\u00a0 Cadore e del Comelico. Luned\u00ec, tutti i gruppi si sono ritrovati nel piazzale antistante il Centro Diurno per ballare e festeggiare insieme, in un coreografia \u201cdistanziata\u201d ma colorata con maschere e allegria, resa ancora pi\u00f9 bella dalla splendida giornata. Al termine del flashmob gli ospiti del centro diurno hanno lanciato in cielo dei palloncini colorati con messaggi di speranza<em>\u00a0<\/em><\/p>\n<p>&nbsp;<\/p>\n<p>&nbsp;<\/p>\n<hr \/>\n<p>&nbsp;<\/p>\n<blockquote>\n<h3>CORTINA D\u2019AMPEZZO CAMPER CONTRO LA VIOLENZA DI GENERE \u2026QUESTO NON E\u2019 AMORE<\/h3>\n<\/blockquote>\n<p><strong><a href=\"https:\/\/www.radiopiu.net\/wordpress\/questo-non-e-amore-la-campagna-della-polizia-di-stato-per-la-giornata-internazionale-della-violenza-sulle-donne\/camper-polizia\/\" rel=\"attachment wp-att-169296\"><img loading=\"lazy\" decoding=\"async\" class=\" wp-image-169296 alignleft\" src=\"https:\/\/www.radiopiu.net\/wordpress\/wp-content\/uploads\/2020\/10\/CAMPER-POLIZIA-300x225.jpg\" alt=\"\" width=\"161\" height=\"121\" srcset=\"https:\/\/www.radiopiu.net\/wordpress\/wp-content\/uploads\/2020\/10\/CAMPER-POLIZIA-300x225.jpg 300w, https:\/\/www.radiopiu.net\/wordpress\/wp-content\/uploads\/2020\/10\/CAMPER-POLIZIA-1024x768.jpg 1024w, https:\/\/www.radiopiu.net\/wordpress\/wp-content\/uploads\/2020\/10\/CAMPER-POLIZIA-768x576.jpg 768w, https:\/\/www.radiopiu.net\/wordpress\/wp-content\/uploads\/2020\/10\/CAMPER-POLIZIA-1536x1151.jpg 1536w, https:\/\/www.radiopiu.net\/wordpress\/wp-content\/uploads\/2020\/10\/CAMPER-POLIZIA.jpg 1593w\" sizes=\"auto, (max-width: 161px) 100vw, 161px\" \/><\/a>CORTINA <\/strong>Dalle 10 di domani il camper contro la violenza di genere della Polizia di Stato arriver\u00e0 a Cortina d\u2019Ampezzo, in occasione dei campionati mondiali di sci Cortina 2021, ove stazioner\u00e0 in\u00a0 Corso Italia per portare un messaggio di aiuto e di prevenzione a tutte le donne. La Questura di Belluno, in linea con la campagna permanente di sensibilizzazione sul fenomeno della violenza contro le donne, denominata \u201c\u2026Questo non \u00e8 amore\u201d, sar\u00e0 presente con personale specializzato per informare, sensibilizzare, ascoltare e prevenire il fenomeno della violenza di genere.<\/p>\n<p>&nbsp;<\/p>\n<p><strong>ARCHIVIO RADIO PIU&#8217;&#8230; IL CAMPER AD AGORDO 19 NOVEMBRE 2020<\/strong><\/p>\n<p><strong>AGORDO<\/strong> Oggi\u00a0 in piazza ad Agordo in occasione del mercato settimanale, la Polizia\u00e8\u00a0 presente con il camper per la campagna di sensibilizzazione sul tema della violenza sulle donne. Non solo la presenza sul posto ma in programma anche una videoconferenza con l&#8217;Istituto Follador De Rossi per spiegare ai giovani le finalit\u00e0 della campagna dal titolo &#8220;Questo Non \u00c8 Amore&#8221;. Un incontro a distanza per fornire ai giovani degli spunti di riflessione sull&#8217;argomento.<\/p>\n<p>&nbsp;<\/p>\n<p>https:\/\/www.facebook.com\/mirko.mezzacasa\/videos\/10224961259565558<\/p>\n<p>&nbsp;<\/p>\n<p>&nbsp;<\/p>\n<hr \/>\n<p>&nbsp;<\/p>\n<blockquote>\n<h3>\u00a0BANDO IMPRESE, PROROGATI I TERMINI. ASSESSORE CANER, \u201cTROPPA INCERTEZZA, DIFFUSIONE PIANO VACCINALE FONDAMENTALE PER LA RIPARTENZA\u201d<\/h3>\n<\/blockquote>\n<p><strong><a href=\"https:\/\/www.radiopiu.net\/wordpress\/enrico-de-bona-dal-centro-fondo-di-pian-longhi-sul-nevegal\/sci-fondo\/\" rel=\"attachment wp-att-183885\"><img loading=\"lazy\" decoding=\"async\" class=\" wp-image-183885 alignleft\" src=\"https:\/\/www.radiopiu.net\/wordpress\/wp-content\/uploads\/2021\/01\/SCI-FONDO-300x169.jpg\" alt=\"\" width=\"179\" height=\"101\" srcset=\"https:\/\/www.radiopiu.net\/wordpress\/wp-content\/uploads\/2021\/01\/SCI-FONDO-300x169.jpg 300w, https:\/\/www.radiopiu.net\/wordpress\/wp-content\/uploads\/2021\/01\/SCI-FONDO-1024x576.jpg 1024w, https:\/\/www.radiopiu.net\/wordpress\/wp-content\/uploads\/2021\/01\/SCI-FONDO-768x432.jpg 768w, https:\/\/www.radiopiu.net\/wordpress\/wp-content\/uploads\/2021\/01\/SCI-FONDO-1536x864.jpg 1536w, https:\/\/www.radiopiu.net\/wordpress\/wp-content\/uploads\/2021\/01\/SCI-FONDO.jpg 1920w\" sizes=\"auto, (max-width: 179px) 100vw, 179px\" \/><\/a>VENEZIA<\/strong>\u00a0 Lo stato di incertezza causato alla pandemia sta creando alle imprese turistiche anche forti difficolt\u00e0 di programmazione. Per questo la Giunta ha deciso di estendere i termini per partecipare al bando\u00a0 da\u00a0 6 milioni 500mila euro per progetti di promozione turistica. Tra l&#8217;altro lo stop fino al 5 marzo equivale purtroppo a una pietra tombale sulla stagione.\u00a0 Le imprese che intendono realizzare interventi sui mercati nazionali e internazionali con l&#8217;obiettivo di favorire la ripresa della domanda turistica verso destinazioni e prodotti della regione, in coerenza con l&#8217;immagine coordinata \u2018Veneto, The Land of Venice\u2019 avranno tempo fino alle ore 17 del 27 maggio per presentare la domanda<\/p>\n<p>&nbsp;<\/p>\n<p>&nbsp;<\/p>\n<hr \/>\n<p>&nbsp;<\/p>\n<blockquote>\n<h3>MILANO CORTINA 2026. ZAIA, \u201cVENETO IN ACTION, AZIONI DI VALORIZZAZIONE DELLE ECCELLENZE REGIONALI IN VISTA DELLE OLIMPIADI\u201d<\/h3>\n<\/blockquote>\n<p><strong><a href=\"https:\/\/www.radiopiu.net\/wordpress\/la-protesta-delle-maestre-uno-schengen-sanitario-per-il-turismo-e-altro-dalla-conferenza-stampa-di-zaia\/zaia-40\/\" rel=\"attachment wp-att-139388\"><img loading=\"lazy\" decoding=\"async\" class=\"size-medium wp-image-139388 alignleft\" src=\"https:\/\/www.radiopiu.net\/wordpress\/wp-content\/uploads\/2020\/05\/ZAIA-1-300x225.jpg\" alt=\"\" width=\"300\" height=\"225\" srcset=\"https:\/\/www.radiopiu.net\/wordpress\/wp-content\/uploads\/2020\/05\/ZAIA-1-300x225.jpg 300w, https:\/\/www.radiopiu.net\/wordpress\/wp-content\/uploads\/2020\/05\/ZAIA-1.jpg 656w\" sizes=\"auto, (max-width: 300px) 100vw, 300px\" \/><\/a>VENEZIA <\/strong>\u201c<em>In queste ore stiamo assistendo all\u2019ennesima battuta d\u2019arresto per l\u2019economia della nostra montagna; la salute va sicuramente tutelata ma l\u2019emergenza non esclude la condivisione di scelte e tempi di intervento. E\u2019 disarmante ospitare una kermesse internazionale dello sci e al tempo stesso invitare cittadini e appassionati di sport invernali a rinunciare a questo spettacolo. Viviamo questi campionati mondiali come fossero le prove generali di Milano-Cortina 2026. Con le Olimpiadi puntiamo, infatti, a realizzare un effetto leva intorno all\u2019evento ottimizzando, al massimo, le opportunit\u00e0 per il territorio<\/em>\u201d. Lo dice il Presidente della Regione del Veneto, Luca Zaia, presentando il progetto \u201cVeneto in Action\u201d: programma pluriennale di valorizzazione del Veneto, che coinvolger\u00e0 tutta la filiera turistico-ricettivo-infrastrutturale, e consentir\u00e0 all\u2019intero sistema veneto, pubblico e privato, di confrontarsi e organizzare una strategia di crescita che inizi oggi e abbia delle ricadute positive che vadano bene oltre all\u2019evento olimpico.<\/p>\n<p>&nbsp;<\/p>\n<p>&nbsp;<\/p>\n<hr \/>\n<p>&nbsp;<\/p>\n<blockquote>\n<h3>ASCA ALLA RICERCA DI UN ISTRUTTORE AMMINISTRATIVO ADDETTO AL PERSONALE E INFERMIERI<\/h3>\n<\/blockquote>\n<p><strong><a href=\"https:\/\/www.radiopiu.net\/wordpress\/asca-ricerca-personale-infermieristico\/asca-4\/\" rel=\"attachment wp-att-128881\"><img loading=\"lazy\" decoding=\"async\" class=\" wp-image-128881 alignleft\" src=\"https:\/\/www.radiopiu.net\/wordpress\/wp-content\/uploads\/2020\/04\/ASCA-300x165.png\" alt=\"\" width=\"224\" height=\"123\" srcset=\"https:\/\/www.radiopiu.net\/wordpress\/wp-content\/uploads\/2020\/04\/ASCA-300x165.png 300w, https:\/\/www.radiopiu.net\/wordpress\/wp-content\/uploads\/2020\/04\/ASCA-1024x565.png 1024w, https:\/\/www.radiopiu.net\/wordpress\/wp-content\/uploads\/2020\/04\/ASCA-768x424.png 768w, https:\/\/www.radiopiu.net\/wordpress\/wp-content\/uploads\/2020\/04\/ASCA.png 1211w\" sizes=\"auto, (max-width: 224px) 100vw, 224px\" \/><\/a>AGORDO<\/strong> L&#8217;Azienda Speciale Consortile Agordina \u00e8 alla ricerca di un istruttore amministrativo addetto al personale da inserire nell\u2019organico amministrativo della Residenza Sanitaria Anziani di Agordo. Possono partecipare laureati in materie giuridiche od economiche o materie equipollenti, o diplomati con comprovata esperienza. La selezione \u00e8 finalizzata all\u2019inserimento a tempo indeterminato e pieno in Azienda. Il bando con il modello della domanda \u00e8 rinvenibile sul sito dell\u2019Azienda www.servizisocialiasca.it\u00a0.<br \/>\nL&#8217;amministratore unico di Asca Mariachiara Santin ha inoltre emanato un avviso di selezione utile alla formulazione di una graduatoria di idoneit\u00e0 finalizzata all&#8217;inserimento a tempo indeterminato pieno e part time della figura di infermiere con un premio di benvenuto di 250,00 \u20ac in beni e servizi di Welfare Aziendali (una tantum) e un premio produttivit\u00e0 \/welfare annuo di 2.500,00 euro pro capite che viene erogato sulla base della valutazione e dopo almeno 7 mesi di lavoro continuativo in Azienda. Per informazioni \u00e8 possibile rivolgersi alla Segreteria dell\u2019Azienda A.S.C.A.: e-mail: amministrazione@servizisocialiasca.it<\/p>\n<p>&nbsp;<\/p>\n<p>&nbsp;<\/p>\n<p>&nbsp;<\/p>\n<hr \/>\n<blockquote>\n<h3><\/h3>\n<h3>CERCASI FARMACISTI-COLLABORATORI AD AGORDO<\/h3>\n<\/blockquote>\n<p><strong><img loading=\"lazy\" decoding=\"async\" class=\"alignleft\" src=\"https:\/\/www.radiopiu.net\/wordpress\/wp-content\/uploads\/2020\/06\/e557474c-a46e-408a-ad77-242a0f3ef7c9.jpg\" width=\"81\" height=\"108\" \/>AGORDO<\/strong> L&#8217;Azienda Speciale Agordo Servizi ha indetto una selezione per la copertura di due posti e tempo pieno (40 ore) come Farmacista-collaboratore di primo livello. Il candidato dovr\u00e0 essere in grado di svolgere attivit\u00e0 ad elevato contenuto professionale di natura sanitaria o tecnica amministrativa in condizione di ampia autonomia. Le domande devono essere presentate entro le 12 del 3 marzo. Di seguito tutti i particolari compreso il calendario della prova che sar\u00e0 pubblicato sul sito agordofarmaciacomunale.it<\/p>\n<p>&nbsp;<\/p>\n<p>&nbsp;<\/p>\n<hr \/>\n<blockquote>\n<h3><\/h3>\n<h3>AL VIA IL CORSO GRATUITO \u201cADDETTO ALLE LAVORAZIONI PER IL SETTORE OCCHIALERIA\u201d DESTINATO AI DISOCCUPATI<\/h3>\n<\/blockquote>\n<p><strong><a href=\"https:\/\/www.radiopiu.net\/wordpress\/giornale-radiopiu-10-02-2017-direttore-mirko-mezzacasa\/sede-certottica\/\" rel=\"attachment wp-att-28330\"><img loading=\"lazy\" decoding=\"async\" class=\" wp-image-28330 alignleft\" src=\"https:\/\/www.radiopiu.net\/wordpress\/wp-content\/uploads\/2017\/02\/sede-certottica-300x209.jpg\" alt=\"\" width=\"135\" height=\"94\" \/><\/a>LONGARONE\u00a0 <\/strong>Sono aperte le iscrizioni per la nuova work experience promossa dall\u2019Area Formazione di Certottica con l\u2019obiettivo di formare l\u2019\u201cAddetto alle lavorazioni per il settore occhialeria\u201d. Il corso, che ancora una volta va incontro alle esigenze concrete\u00a0 manifestate dalle aziende, \u00e8 indirizzato a 9 disoccupati in possesso del diploma o di una qualifica professionale e si articoler\u00e0 in 200 ore di formazione specialistica in aula, 8 ore di orientamento al ruolo (individuale e di gruppo), 16 ore di visita di studio e 320 ore di tirocinio in aziende del settore occhialeria. \u00a0Le selezioni sono fissate per il 25 marzo e l\u2019inizio del corso per il 31.<\/p>\n<p><strong>IL FASCICOLO INFORMATIVO DEL CORSO<\/strong><\/p>\n<a href=\"https:\/\/www.radiopiu.net\/wordpress\/wp-content\/uploads\/2021\/02\/LAVORAZIONIOCCHIALERIA.pdf\" class=\"pdfemb-viewer\" style=\"\" data-width=\"max\" data-height=\"max\" data-toolbar=\"top\" data-toolbar-fixed=\"on\">LAVORAZIONIOCCHIALERIA<\/a>\n<p>&nbsp;<\/p>\n<p>&nbsp;<\/p>\n<hr \/>\n<p>&nbsp;<\/p>\n<blockquote>\n<h3>LA PROVINCIA INCONTRA LE ASSOCIAZIONI DELL&#8217;ALPAGO E RASSICURA I VOLONTARI<\/h3>\n<\/blockquote>\n<p><a href=\"https:\/\/www.radiopiu.net\/wordpress\/giornale-radiopiu-17-febbraio-2021-direttore-mirko-mezzacasa\/photo-2021-02-15-14-45-18\/\" rel=\"attachment wp-att-191857\"><img loading=\"lazy\" decoding=\"async\" class=\" wp-image-191857 alignleft\" src=\"https:\/\/www.radiopiu.net\/wordpress\/wp-content\/uploads\/2021\/02\/PHOTO-2021-02-15-14-45-18-300x225.jpg\" alt=\"\" width=\"221\" height=\"166\" srcset=\"https:\/\/www.radiopiu.net\/wordpress\/wp-content\/uploads\/2021\/02\/PHOTO-2021-02-15-14-45-18-300x225.jpg 300w, https:\/\/www.radiopiu.net\/wordpress\/wp-content\/uploads\/2021\/02\/PHOTO-2021-02-15-14-45-18-1024x768.jpg 1024w, https:\/\/www.radiopiu.net\/wordpress\/wp-content\/uploads\/2021\/02\/PHOTO-2021-02-15-14-45-18-768x576.jpg 768w, https:\/\/www.radiopiu.net\/wordpress\/wp-content\/uploads\/2021\/02\/PHOTO-2021-02-15-14-45-18-1536x1152.jpg 1536w, https:\/\/www.radiopiu.net\/wordpress\/wp-content\/uploads\/2021\/02\/PHOTO-2021-02-15-14-45-18.jpg 1600w\" sizes=\"auto, (max-width: 221px) 100vw, 221px\" \/><\/a><strong>BELLUNO\u00a0<\/strong> <span style=\"font-size: 13pt;\">La Provincia di Belluno ha incontrato l\u2019Eva, capofila delle associazioni con sede in Alpago, e gli altri sodalizi attivi sul territorio. Una visita con cui i consiglieri provinciali Massimo Bortoluzzi (Protezione Civile) e Walter Cibien (Patrimonio) hanno voluto rassicurare i volontari. Nelle ultime settimane, infatti, era circolata l\u2019ipotesi che la Provincia intendesse mettere sul mercato lo stabile di Puos in cui hanno sede diverse associazioni di volontariato. <\/span><em><span style=\"font-size: 13pt;\">\u00abLa vecchia caserma dei carabinieri di Puos d\u2019Alpago, che oggi ospita l\u2019Eva Alpago e altre sei associazioni, \u00e8 di propriet\u00e0 della Provincia ed \u00e8 stata inserita nel piano delle valorizzazioni &#8211; spiega il consigliere Cibien -. Era stata avanzata l\u2019ipotesi di trovare un accordo con Ater per trasformare l\u2019edificio in appartamenti di residenza popolare. Una semplice ipotesi che non intende assolutamente \u201csfrattare\u201d l\u2019Eva, i suoi volontari e tutte le altre associazioni, a cui anzi deve andare tutta la nostra riconoscenza. Da parte nostra c\u2019\u00e8 massima collaborazione, nell\u2019ottica di rendere sempre pi\u00f9 efficace la sinergia tra enti pubblici e terzo settore, per il bene del territorio, non mancher\u00e0 mai una casa, una struttura adeguata, per le esigenze di chi si impegna per la collettivit\u00e0\u00bb.\u00a0 <\/span><\/em><span style=\"font-size: 13pt;\">L<\/span><span style=\"font-size: 13pt;\">a Provincia intende valorizzare il suo patrimonio immobiliare, per dare spazi adeguati al volontariato <em>&#8220;Siamo attivi\u00a0 &#8211; assicura il consigliere Massimo Bortoluzzi &#8211; per garantire la non soluzione di continuit\u00e0 nel servizio offerto dal volontariato a tutto il territorio\u00bb.<\/em><\/span><\/p>\n<blockquote><p><span style=\"font-size: 13pt;\">Eva Alpago \u00e8 attiva nel campo sanitario, sia nell\u2019emergenza sia nel trasporto dei pazienti non autosufficienti. Le altre associazioni operano in altri campi, da quello sociale a quello sportivo e culturale, spesso e volentieri dando pieno supporto agli enti locali.<\/span><\/p><\/blockquote>\n<p>&nbsp;<\/p>\n<hr \/>\n<p>&nbsp;<\/p>\n<blockquote>\n<h3><strong>MORTO IL PROF GIUSEPPE BASSO. IL CORDOGLIO DI ZAIA<\/strong><\/h3>\n<\/blockquote>\n<p><a href=\"https:\/\/www.radiopiu.net\/wordpress\/giornale-radiopiu-17-febbraio-2021-direttore-mirko-mezzacasa\/151139512_1710950572440184_2335294493679791268_n\/\" rel=\"attachment wp-att-191862\"><img loading=\"lazy\" decoding=\"async\" class=\"size-medium wp-image-191862 aligncenter\" src=\"https:\/\/www.radiopiu.net\/wordpress\/wp-content\/uploads\/2021\/02\/151139512_1710950572440184_2335294493679791268_n-300x169.jpg\" alt=\"\" width=\"300\" height=\"169\" srcset=\"https:\/\/www.radiopiu.net\/wordpress\/wp-content\/uploads\/2021\/02\/151139512_1710950572440184_2335294493679791268_n-300x169.jpg 300w, https:\/\/www.radiopiu.net\/wordpress\/wp-content\/uploads\/2021\/02\/151139512_1710950572440184_2335294493679791268_n-768x432.jpg 768w, https:\/\/www.radiopiu.net\/wordpress\/wp-content\/uploads\/2021\/02\/151139512_1710950572440184_2335294493679791268_n.jpg 804w\" sizes=\"auto, (max-width: 300px) 100vw, 300px\" \/><\/a><\/p>\n<p><strong>VENEZIA\u00a0<\/strong> \u201cIl Covid ci ha portato via la stella cometa delle cure per i bambini malati di tumore. Con Giuseppe Basso, la sanit\u00e0 veneta perde non solo un grande clinico, ma anche una persona incomparabile per le qualit\u00e0 sul piano umano, che ho avuto la fortuna di conoscere molto bene\u201d. Con queste parole, il Presidente della Regione del Veneto, Luca Zaia, piange la scomparsa del Professor Giuseppe Basso, gi\u00e0 direttore dell\u2019oncoematologia pediatrica di Padova, uno dei medici pi\u00f9 conosciuti e amati d\u2019Italia. Giuseppe Basso, con il suo appassionato lavoro, ha salvato migliaia di giovani vite.<\/p>\n<p>&nbsp;<\/p>\n<hr \/>\n<blockquote>\n<h3><\/h3>\n<h3>IL SOGNO DI LUCA&#8230; UN VENETO COVID FREE. LUCA ZAIA DA VENEZIA &#8211; DAL 5 MARZO SUGLI SCI IN BASSA STAGIONE? SCATTA IL PUTIFERIO POLITICO<\/h3>\n<\/blockquote>\n<blockquote>\n<h2>LEGGI LA CONFERENZA STAMPA DI LUCA ZAIA<\/h2>\n<p><em>Se tornano le varianti potremmo avere\u00a0 turbolenze in volo. La misura del 50% in didattica a distanza \u00e8 prudenziale, temiamo l&#8217;effetto delle varianti sui giovani, quindi questa sar\u00e0 la situazione fino al 5 marzo, quando scadr\u00e0 il Dpcm. Se la variante inglese \u00e8 gi\u00e0 passata temiamo la brasiliana e la sudafricana. Lockdown totale? Bisogna avere grandi giustificazioni, se c&#8217;\u00e8 un dibattito fra scienziati, qualche dubbio mi viene.<\/em><\/p><\/blockquote>\n<p><strong>SITUAZIONE<\/strong> Non bisogna abbassare la guardia. I dati sono positivi da 45 giorni e sono un dato importante. Bisogna mantenere distanziamento, mascherina e rispettare le regole per evitare un lockdown. \u00a0Con mille persone in una piazza abbiamo 3 positivi potenziali. Ci siamo dati come limite fine febbraio per un bilancio sul contagio, zona gialla e riapertura, lo faremo guardando i ricoveri innanzitutto, poi le terapie intensive e infine la mortalit\u00e0. <strong>SCUOLA<\/strong> Siamo preoccupati sul fronte delle scuole perch\u00e9 il tema delle varianti. Vogliamo entrare nelle scuole per misurare la circolazione del virus, alle medie vorremmo attuare l&#8217;auto somministrazione guidata del test anti Covid, nelle terze medie, abbiamo presentato la validazione del test fai da te a Roma.\u00a0<strong> STAGIONE DELLO SCI <\/strong>Sulle piste da sci raccolgo le lamentele e la desolazione degli operatori, oltre a non guadagnare hanno spese per non aprire, faccio appello al Governo affinch\u00e9 provveda con gli indennizzi. Volevo ricordare che dal 5 marzo in montagna \u00e8 periodo di bassa stagione.\u00a0 <strong>VACCINI\u00a0 <\/strong>Il commissario \u00a0Arcuri ha sentito il dottor Flor che ha richiesto il numero dei lotti dei vaccini, qualora ci fosse confermata la fornitura per 27 milioni di dosi. Flor sta facendo una verifica formale riguardo ai lotti e alle matricole, noi questa operazione non la facciamo per fare politica, ma abbiamo 5 milioni di veneto che potrebbero chiedere di essere vaccinati, questo conta, e ho anche l&#8217;impressione che di qui a un mese avremo molti pi\u00f9 vaccini sul mercato.<strong> VENETO LIBERO DAL VIRUS<\/strong> \u00a0Il mio sogno \u00e8 realizzare il Veneto Covid free. Le cifre proposte sono in linea se non pi\u00f9 basse di quelle di mercato, noi non strapagheremmo mai un vaccino e a proposito degli intermediari, mi meraviglia che qualcuno abbia da ridire perch\u00e9 trattiamo con\u00a0 loro,\u00a0 e con chi dovremmo trattare? Dovremo capire\u00a0 quali siano le norme giuridiche,\u00a0 l&#8217;Italia non pu\u00f2 comprare al di fuori del contratto europeo, mentre le Regioni si. Le Regioni potrebbero acquistare autonomamente. Dobbiamo trovare un punto di equilibrio fra la capacit\u00e0 vaccinale e quella di fare magazzino perch\u00e9 non rimangano per mesi sugli scaffali. <strong>DIRETTORI GENERALI IN SCADENZA <\/strong>Ho intenzione di nominarli tutti entro la prossima settimana, nessuna proroga. Sto valutando la situazione con l&#8217;assessore Lanzarin e il dottor Flo, grazie a chi mi manda consigli ma alla fine la decisione spetta a me e rispondero&#8217; io. E&#8217; stato fatto un band, abbiamo abbozzato la lista ma adesso voglio vedere tutti i curriculum. <strong>CONTRARIO AL LOCKDOWN DURO?<\/strong>\u00a0 \u00a0Se qualcuno lo vuole ci dia le motivazioni concrete. Come si giustifica che serviva il lockdown a dicembre per essere puliti a gennaio? Significa mettere in ginocchio una comunit\u00e0 quindi servono grandi giustificazioni, che ci sia un dibattito tra gli scienziati mi fa venire un dubbio. <strong>La Germania sta trattando con Moderna<\/strong>\u00a0<em> Da un pezzo dico che la Germania sta negoziando e sono convinto che altri Paesi europei si arrangeranno.<\/em><\/p>\n<p>https:\/\/www.facebook.com\/zaiaufficiale\/videos\/515865433147488<\/p>\n<p>&nbsp;<\/p>\n<p>&nbsp;<\/p>\n<hr \/>\n<p>&nbsp;<\/p>\n<blockquote>\n<h3>FRANCA BUSA DEL CRISTO, CINQUE MILIONI DI EURO PER UN PIANO ADEGUATO.<\/h3>\n<\/blockquote>\n<p><strong><a href=\"https:\/\/www.radiopiu.net\/wordpress\/giornale-radiopiu-16-02-2018-direttore-mirko-mezzacasa\/perarolo-2\/\" rel=\"attachment wp-att-43304\"><img loading=\"lazy\" decoding=\"async\" class=\"size-full wp-image-43304 alignleft\" src=\"https:\/\/www.radiopiu.net\/wordpress\/wp-content\/uploads\/2018\/02\/PERAROLO.jpg\" alt=\"\" width=\"275\" height=\"183\" \/><\/a>PERAROLO<\/strong> Nuovo incontro ieri al tavolo\u00a0 della Regione con le Universit\u00e0 di Padova e Firenze. <em>&#8220;In questo momento viviamo una situazione in evoluzione, con un movimento molto rapido ancora in corso che allo stato attuale non ci permette di attivare immediatamente i lavori necessari, &#8211; spiega l&#8217;assessore al Dissesto Idrogeologico Gianpaolo Bottacin -, ma siamo comunque pronti, non appena possibile, a partire con una serie di iniziative che possano portare l&#8217;area pi\u00f9 interessata dalla frana in condizioni di maggior normalit\u00e0&#8221;\u00a0 <\/em>Primo step\u00a0 dedicato agli interventi per aumentare la sicurezza delle abitazioni anche in condizioni in cui ora \u00e8 prevista l&#8217;evacuazione.\u00a0 <em>&#8220;Nelle settimane scorse abbiamo perci\u00f2 predisposto una serie di schede di lavoro dove \u00e8 si \u00e8 individuata l\u2019utilit\u00e0 e la funzione di ogni singola attivit\u00e0, oltre che la sua fattibilit\u00e0 e le eventuali interferenze, in quanto per la realizzazione delle opere dobbiamo tenere conto non solo del contesto ambientale di intrinseca pericolosit\u00e0, ma anche e soprattutto della contemporanea presenza dell\u2019abitato insieme ad altri fattori&#8221;<\/em>.<br \/>\nNel piano messi gi\u00e0 a disposizione 1,2 milioni di euro ma che saranno integrati fino a 5 milioni\u00a0 oltre a rinnovati sistemi di sicurezza (il primo SAR radar \u00e8 gi\u00e0 stato installato) previste nuove opere di difesa passiva dell&#8217;abitato, drenaggi del corpo frana e potenziamento dell&#8217;argine. <em>\u201cMolte azioni senza lasciare nulla al caso \u2013 conclude Bottacin \u2013 con l\u2019obiettivo di garantire la maggior sicurezza possibile al paese. Una risposta concreta non solo per le abitazioni e le famiglie che vivono ai piedi della frana, ma adeguata per l&#8217;intera comunit\u00e0 di Perarolo\u201d.<\/em><\/p>\n<p>&nbsp;<\/p>\n<p>&nbsp;<\/p>\n<hr \/>\n<p>&nbsp;<\/p>\n<blockquote>\n<h3>RIPARTITO IL MONITORAGGIO AEROBIOLOGICO DEI POLLINI<\/h3>\n<\/blockquote>\n<p><strong><a href=\"https:\/\/www.radiopiu.net\/wordpress\/luglio-2015-caldo-e-dissesti\/logo_arpav\/\" rel=\"attachment wp-att-8797\"><img loading=\"lazy\" decoding=\"async\" class=\"size-medium wp-image-8797 alignleft\" src=\"https:\/\/www.radiopiu.net\/wordpress\/wp-content\/uploads\/2015\/08\/logo_arpav-300x32.gif\" alt=\"\" width=\"300\" height=\"32\" \/><\/a>PADOVA <\/strong>Da un primo confronto fra i dati dell\u2019inizio del monitoraggio del 2020 e quelli del 2021, si nota, in tutte le stazioni, la presenza prioritaria del polline di nocciolo (Corylus avellana L.) della famiglia delle Corylaceae in entrambi gli anni, ma la sorpresa si manifesta leggendo le concentrazioni. Nel 2020, nello stesso periodo, le quantit\u00e0 erano gi\u00e0 elevate, mentre nel 2021 questo tipo di polline si \u00e8 timidamente presentato in atmosfera, complici le condizioni meteorologiche, in particolare le basse temperature e le precipitazioni abbondanti (pioggia e neve). Lo stesso comportamento si \u00e8 verificato per altri due tipi di polline caratteristici di questo periodo: l\u2019ontano (Alnus sp. Mill.) della famiglia delle Betulaceae e il cipresso (Cupressus sp. L.) della famiglia delle Cupressacee. Per le spore fungine, si rilevano concentrazioni molto basse di Alternaria. Con l\u2019avvicinarsi della primavera, e quindi di temperature pi\u00f9 miti, ci si attender\u00e0 una concentrazione maggiore dei pollini sopra descritti e una presenza di altri tipi, caratteristici di questa stagione.<\/p>\n<p>&nbsp;<\/p>\n<hr \/>\n<p>&nbsp;<\/p>\n<blockquote>\n<h3>SCUOLE (E ASILI) NEL COMUNE DI SEDICO di RENATO BONA<\/h3>\n<\/blockquote>\n<p>Il \u201cbellissimo esempio\u201d di un muratore ventenne, domestico a Belluno per poter andare alla scuola serale Nel bel libro \u201cRicordando. Storia e immagini del comune di Sedico\u201d in copertina il disegno di Sandra Rossa Argenti \u201cVilla Rudio a Landris) edito dall\u2019Istituto bellunese di ricerche sociali e culturali con la collaborazione di Comune e Biblioteca civica (Tipografia Piave di Belluno, marzo 1986) il capitolo dal titolo \u201cAspetti economici e culturali del tessuto sociale di Sedico\u201d, curato con maestria da Gianni De Vecchi, dedica largo spazio, fra l\u2019altro, a: Le scuole nel comune di Sedico dal 1800 al 1943, L\u2019asilo di Sedico, L\u2019asilo di Bribano, La \u201cschola cantorum\u201d della Parrocchia. Scuole. Il problema dell\u2019istruzione &#8211; scriveva De Vecchi &#8211; fu, in genere, sempre particolarmente sentito tra la nostra gente anche se, fin verso il 1920, il numero degli analfabeti si mantenne elevato in quanto alcuni lasciavano giovanissimi la scuola per aiutare la famiglia nei lavori agricoli o per andare a \u2018past co le vache\u2019 (al pascolo con le mucche), altri, pi\u00f9 grandicelli, interrompevano gli studi per andare a Trento \u2018a servir\u2019 ( i ragazzi), a \u2018far le serve\u2019 in famiglie borghesi o benestanti il pi\u00f9 delle volte lontano da casa (le ragazze). Come che sia, le prime notizie certe sull\u2019intervento dello Stato e degli enti locali nel campo dell\u2019istruzione popolare si hanno all\u2019epoca della dominazione napoleonica in Italia, come conferma una lettera del 16 maggio 1813 (conservata negli archivi comunali di Sedico) in cui il Prefetto della Piave, vale a dire di Belluno, scrive al sindaco di Sedico informandolo di approvare la decisione di sistemare definitivamente le scuole normali del Comune e si dice d\u2019accordo \u201cche venga aperta una trattativa con qualche proprietario per l\u2019affitto di una stanza in cui attivare la scuola in Sedico\u201d. Quindi autorizza a \u201cconvocare il Consiglio comunale per fissare l\u2019annuo stipendio ai maestri\u201d. A proposito dei quali si riserva di dare l\u2019approvazione sulle nomine. Da un altro documento consultato da De Vecchi, pure datato 1813, di apprende che \u201cle scuole saranno tre: una a Sedico (anche per Bribano), una a Libano, una a Gron\u201d. Si deve arrivare al 1866, con la ritrovata libert\u00e0 dopo che ai francesi erano subentrati gli austriaci, perch\u00e9 la gente \u201creclami per s\u00e9 e per i propri figli maggiore istruzione\u201d e lo Stato, anche se alle prese con difficolt\u00e0 di ordine finanziario, and\u00f2 incontro alle richieste fra l\u2019altro istituendo per gli adulti analfabeti o semianalfabeti scuole serali e festive. Ma\u2026 \u201cIn un giornale del 1867 si legge che il Comune di Sedico ha scuole elementari pubbliche maschili\u2026 e a Bribano una privata femminile\u201d il che comporta &#8211; come giustamente annotava l\u2019autore della ricerca &#8211; che le femmine, non avendo l\u2019opportunit\u00e0 di farsi istruire, son per la pi\u00f9 parte analfabete: in complesso tra maschi e femmine 66 per cento di analfabeti\u201d! Tuttavia si registravano anche note liete come quella riportata dal giornale \u201cLa Voce delle Alpi\u201d del 2 gennaio 1868 in cui sotto il titolo \u201cUn bellissimo esempio\u201d si diceva del \u201cgiovane ventenne Giuseppe Sabbedotti, di Sedico, di condizione muratore, premuroso di approfittare della gratuita istruzione che si offre a Belluno, si partiva appositamente ogni festa da Sedico per due anni continui, facendo circa 13 miglia fra l\u2019andata e il ritorno, ed ora che la cattiva stagione e le brevi giornate gli sarebbero d\u2019ostacolo d\u2019intervenire alle nuove scuole serali, ebbe l\u2019idea di allogarsi come domestico in questa citt\u00e0, a condizione che gli fossero lasciate libere le ore in cui viene tenuta la scuola. Egli interviene quindi ad ogni lezione col consenso del padrone. E\u2019 da sperarsi che in questo stato di cose e con un esempio cos\u00ec luminoso di abnegazione, il di lui Comune vorr\u00e0 ben comprendere il compito che gli incombe di assistere per la sua parte e favorire quei buoni e volonterosi giovani che mostrano tanto amore allo studio\u201d. Ed il Comune rispose quando nella seduta del 2 marzo 1868 fiss\u00f2 un sussidio per qualche allievo che frequenta la scuola festiva di Belluno senza essere distolto dalla distanza che ha pure da percorrere di 20 chilometri fra andata e ritorno\u201d. Ma non mancheranno momenti difficili come quando la Giunta municipale il 18 aprile 1875 respinse la richiesta del Maestro di Sedico per la provvista di cinque dizionari della lingua italiana ad uso della propria scuola, e quella del maestro della scuola maschile di Bribano per la provvista della legna, \u201cper non dover adottare una misura uguale per le altre scuole del Comune, per modo che il bilancio comunale sarebbe aggravato da un\u2019ingente spesa\u201d. Gli asili. Quello di Sedico, inteso soltanto come custodia dei bambini, fu probabilmente il primo e funzion\u00f2 durante la Grande Guerra. Voluto dal parroco, era ospitato in una stanza della vecchia canonica, frequentato da bambini di tutte le et\u00e0 custoditi dalla signorina Clorinda che \u201csi prestava gratuitamente per tale incombenza\u201d. In seguito, ad iniziativa di monsignor Luigi Fiori, il 19 agosto 1921 un gruppo di persone costitu\u00ec un Comitato per l\u2019istituzione dell\u2019Asilo infantile \u201cdi cui era sentita la necessit\u00e0 dato che la maggioranza della popolazione, occupata nei lavori agricoli, aveva ben poco tempo per badare durante la giornata ai figli piccoli\u201d. Quello di Bribano. La prima a custodire dei bambini a Bribano fu Maria Gentile Giuntini, nativa della Corsica, sposata Trevissoi: ospit\u00f2 dal 1913-14 in due stanze del piano terra a casa sua, vicino alla chiesa, in cambio di una modica retta che le serviva per arrotondare il bilancio familiare, i piccoli delle famiglie pi\u00f9 agiate di Bribano (Buzzatti, Testolini eccetera). L\u2019Asilo infantile, che avrebbe ospitato bambini di Bribano e Longano, fu costruito grazie ad una donazione nel 1923 e venne affidato alle suore che si occupavano anche di una scuola di cucito, taglio e ricamo per le ragazze. E concludiamo con la \u201cSchola cantorum\u201d parrocchiale, chiamata familiarmente dai coristi \u201cLa Cantoria\u201d. De Vecchi scriveva che: \u201c\u2026 da innumerevoli anni, probabilmente oltre cento, accompagna le pi\u00f9 solenni celebrazioni liturgiche e vanta una gloriosa tradizione. Composta da una ventina di persone (in genere contadini) appassionate del canto sacro, fu diretta negli anni fra le due guerre da Modesto Comin che in giovent\u00f9 aveva studiato musica. Tappezziere, era anche il \u2018nonzol\u2019 cio\u00e8 il sacrestano della parrocchiale. I coristi erano tutti maschi. Dopo la seconda guerra direttore divenne Mario Sossai con Toni Carlin quale organista. Pi\u00f9 avanti vennero fatti entrare nel coro i bambini (le voci bianche) e, in seguito, dopo il 1970, anche le ragazze.<\/p>\n\n\t\t\t<style type='text\/css'>\n\t\t\t\t#gallery-2 {\n\t\t\t\t\tmargin: auto;\n\t\t\t\t}\n\t\t\t\t#gallery-2 .gallery-item {\n\t\t\t\t\tfloat: left;\n\t\t\t\t\tmargin-top: 10px;\n\t\t\t\t\ttext-align: center;\n\t\t\t\t\twidth: 33%;\n\t\t\t\t}\n\t\t\t\t#gallery-2 img {\n\t\t\t\t\tborder: 2px solid #cfcfcf;\n\t\t\t\t}\n\t\t\t\t#gallery-2 .gallery-caption {\n\t\t\t\t\tmargin-left: 0;\n\t\t\t\t}\n\t\t\t\t\/* see gallery_shortcode() in wp-includes\/media.php *\/\n\t\t\t<\/style>\n\t\t<div id='gallery-2' class='dt-gallery-container gallery galleryid-191712 gallery-columns-3 gallery-size-thumbnail'><dl class='gallery-item'>\n\t\t\t\t<dt class='gallery-icon landscape'>\n\t\t\t\t\t<a class=\"rollover rollover-zoom dt-pswp-item\" title=\"151419504_333773101323942_8655883034412122033_n\" data-dt-img-description=\"\" data-large_image_width=\"2048\" data-large_image_height=\"1311\"href='https:\/\/www.radiopiu.net\/wordpress\/wp-content\/uploads\/2021\/02\/151419504_333773101323942_8655883034412122033_n.jpg'><img loading=\"lazy\" decoding=\"async\" width=\"150\" height=\"150\" src=\"https:\/\/www.radiopiu.net\/wordpress\/wp-content\/uploads\/2021\/02\/151419504_333773101323942_8655883034412122033_n-150x150.jpg\" class=\"attachment-thumbnail size-thumbnail\" alt=\"\" \/><\/a>\n\t\t\t\t<\/dt><\/dl><dl class='gallery-item'>\n\t\t\t\t<dt class='gallery-icon landscape'>\n\t\t\t\t\t<a class=\"rollover rollover-zoom dt-pswp-item\" title=\"151327920_454578959010278_7752201041304459393_n\" data-dt-img-description=\"\" data-large_image_width=\"261\" data-large_image_height=\"192\"href='https:\/\/www.radiopiu.net\/wordpress\/wp-content\/uploads\/2021\/02\/151327920_454578959010278_7752201041304459393_n.jpg'><img loading=\"lazy\" decoding=\"async\" width=\"150\" height=\"150\" src=\"https:\/\/www.radiopiu.net\/wordpress\/wp-content\/uploads\/2021\/02\/151327920_454578959010278_7752201041304459393_n-150x150.jpg\" class=\"attachment-thumbnail size-thumbnail\" alt=\"\" \/><\/a>\n\t\t\t\t<\/dt><\/dl><dl class='gallery-item'>\n\t\t\t\t<dt class='gallery-icon landscape'>\n\t\t\t\t\t<a class=\"rollover rollover-zoom dt-pswp-item\" title=\"151301791_465763598123875_5801628520505253853_n\" data-dt-img-description=\"\" data-large_image_width=\"254\" data-large_image_height=\"165\"href='https:\/\/www.radiopiu.net\/wordpress\/wp-content\/uploads\/2021\/02\/151301791_465763598123875_5801628520505253853_n.jpg'><img loading=\"lazy\" decoding=\"async\" width=\"150\" height=\"150\" src=\"https:\/\/www.radiopiu.net\/wordpress\/wp-content\/uploads\/2021\/02\/151301791_465763598123875_5801628520505253853_n-150x150.jpg\" class=\"attachment-thumbnail size-thumbnail\" alt=\"\" \/><\/a>\n\t\t\t\t<\/dt><\/dl><br style=\"clear: both\" \/><dl class='gallery-item'>\n\t\t\t\t<dt class='gallery-icon landscape'>\n\t\t\t\t\t<a class=\"rollover rollover-zoom dt-pswp-item\" title=\"150958963_722621451951961_5523005380120934536_n\" data-dt-img-description=\"\" data-large_image_width=\"261\" data-large_image_height=\"183\"href='https:\/\/www.radiopiu.net\/wordpress\/wp-content\/uploads\/2021\/02\/150958963_722621451951961_5523005380120934536_n.jpg'><img loading=\"lazy\" decoding=\"async\" width=\"150\" height=\"150\" src=\"https:\/\/www.radiopiu.net\/wordpress\/wp-content\/uploads\/2021\/02\/150958963_722621451951961_5523005380120934536_n-150x150.jpg\" class=\"attachment-thumbnail size-thumbnail\" alt=\"\" \/><\/a>\n\t\t\t\t<\/dt><\/dl><dl class='gallery-item'>\n\t\t\t\t<dt class='gallery-icon landscape'>\n\t\t\t\t\t<a class=\"rollover rollover-zoom dt-pswp-item\" title=\"150898132_772371693372475_2324301069558195455_n\" data-dt-img-description=\"\" data-large_image_width=\"263\" data-large_image_height=\"160\"href='https:\/\/www.radiopiu.net\/wordpress\/wp-content\/uploads\/2021\/02\/150898132_772371693372475_2324301069558195455_n.jpg'><img loading=\"lazy\" decoding=\"async\" width=\"150\" height=\"150\" src=\"https:\/\/www.radiopiu.net\/wordpress\/wp-content\/uploads\/2021\/02\/150898132_772371693372475_2324301069558195455_n-150x150.jpg\" class=\"attachment-thumbnail size-thumbnail\" alt=\"\" \/><\/a>\n\t\t\t\t<\/dt><\/dl><dl class='gallery-item'>\n\t\t\t\t<dt class='gallery-icon landscape'>\n\t\t\t\t\t<a class=\"rollover rollover-zoom dt-pswp-item\" title=\"151259338_823694364846563_6448730049929892663_n\" data-dt-img-description=\"\" data-large_image_width=\"251\" data-large_image_height=\"160\"href='https:\/\/www.radiopiu.net\/wordpress\/wp-content\/uploads\/2021\/02\/151259338_823694364846563_6448730049929892663_n.jpg'><img loading=\"lazy\" decoding=\"async\" width=\"150\" height=\"150\" src=\"https:\/\/www.radiopiu.net\/wordpress\/wp-content\/uploads\/2021\/02\/151259338_823694364846563_6448730049929892663_n-150x150.jpg\" class=\"attachment-thumbnail size-thumbnail\" alt=\"\" \/><\/a>\n\t\t\t\t<\/dt><\/dl><br style=\"clear: both\" \/>\n\t\t\t<\/div>\n\n<p>NELLE FOTO (riproduzioni dal libro \u201cRicordando. Storia e immagini del comune di Sedico): allievi del maestro Pietro De Mozzi visitano una piantagione del vivaio Frescura, \u00e8 l\u2019anno 1922; scolaresca di Carmegn con la maestra Zoe Mancuso: \u00e8 il 1929 ed anche i bambini indossano le divise del fascismo; scolari del Peron agli inizi del 1900; alunni della quinta classe di Sedico, anno 1924, posano con attrezzi agricoli; 1920: scolari del Peron; 1915-18 circa: i bambini del primo \u201casilo\u201d allestito in una stanza della vecchia canonica di Sedico.<\/p>\n<p>&nbsp;<\/p>\n<p>&nbsp;<\/p>\n<hr \/>\n<p>&nbsp;<\/p>\n<blockquote>\n<h3>AIDO E BEPPIANI PRENDONO I BELLUNESI PER LA GOLA:<\/h3>\n<\/blockquote>\n<p><strong><a href=\"https:\/\/www.radiopiu.net\/wordpress\/giornale-radiopiu-13-febbraio-2021-direttore-mirko-mezzacasa\/1-choco-aido-belluno\/\" rel=\"attachment wp-att-190712\"><img loading=\"lazy\" decoding=\"async\" class=\" wp-image-190712 alignleft\" src=\"https:\/\/www.radiopiu.net\/wordpress\/wp-content\/uploads\/2021\/02\/1-Choco-Aido-Belluno-300x225.jpg\" alt=\"\" width=\"173\" height=\"130\" srcset=\"https:\/\/www.radiopiu.net\/wordpress\/wp-content\/uploads\/2021\/02\/1-Choco-Aido-Belluno-300x225.jpg 300w, https:\/\/www.radiopiu.net\/wordpress\/wp-content\/uploads\/2021\/02\/1-Choco-Aido-Belluno-1024x769.jpg 1024w, https:\/\/www.radiopiu.net\/wordpress\/wp-content\/uploads\/2021\/02\/1-Choco-Aido-Belluno-768x577.jpg 768w, https:\/\/www.radiopiu.net\/wordpress\/wp-content\/uploads\/2021\/02\/1-Choco-Aido-Belluno.jpg 1200w\" sizes=\"auto, (max-width: 173px) 100vw, 173px\" \/><\/a>BELLUNO<\/strong> l\u2019Associazione italiana donazione di organi (Aido) di Belluno in occasione della pasqua\u00a0 lancia una nuova collaborazione con un laboratorio artigianale locale. Grazie alle sapienti mani della cioccolateria Beppiani, gli \u201caidini\u201d lanciano un nuovi gadget limited edition tutto da mangiare: una pecorella e un uovo di cioccolato dolomitico fatti a mano, sia per raccogliere fondi sia per divulgare il messaggio del dono e della donazione in maniera sempre nuova, anche attraverso il sostegno a un artigiano locale che da anni offre un prodotto di indiscussa qualit\u00e0. All\u2019interno del box si potranno trovare informazioni sulla donazione di organi\u00a0 Per avere il box \u00e8 consigliabile prenotare chiamando il 348 7304706 (Sandra): l\u2019offerta minima consigliata \u00e8 di 9 euro a confezione. Il devoluto sar\u00e0 impiegato per l\u2019attivit\u00e0 di promozione della cultura del dono nella provincia di Belluno.<\/p>\n<p>&nbsp;<\/p>\n<hr \/>\n<p>&nbsp;<\/p>\n<blockquote>\n<h3>SCUOLE IN RETE PER UN MONDO DI SOLIDARIETA&#8217; E PACE<\/h3>\n<\/blockquote>\n<p><strong>BELLUNO<\/strong>\u00a0 Evento dedicato ai genitori e ai cittadini,\u00a0 domani\u00a0 alle\u00a0 20.30 dalla piattaforma zoom o in diretta Youtube. All&#8217;incontro con gli studenti hanno gi\u00e0 partecipato 900 giovani, mentre al corso di formazione di oggi sono iscritti 170 docenti. Gli incontri sono organizzati dalle Scuole in Rete per un Mondo di Solidariet\u00e0 e Pace, dalla Consulta Provinciale degli Studenti, dall&#8217;Associazione Amici delle Scuole in Rete, in partnership con l&#8221;Ufficio Scolastico di Belluno Belluno Comunit\u00e0 che Educa e con il patrocinio della Provincia di Belluno. Approfondimenti sul sito <span style=\"color: #0000ff;\">www.studentibelluno.it.<\/span>\u00a0 Si tratta del primo di altri appuntamenti organizzati dalle Scuole in Rete sul tema di internet, opportunit\u00e0 e rischi dedicati, come da costume del network, agli studenti e alla comunit\u00e0 provinciale.<\/p>\n<blockquote><p>&nbsp;<\/p><\/blockquote>\n<p>&nbsp;<\/p>\n<hr \/>\n<p>&nbsp;<\/p>\n<blockquote>\n<h3>NUOVI ORARI CALL CENTER COVID DAL 1\u00b0 FEBBRAIO 2021<\/h3>\n<\/blockquote>\n<p><strong><a href=\"https:\/\/www.radiopiu.net\/wordpress\/giornale-radiopiu-26-gennaio-2021-direttore-mirko-mezzacasa\/numero-covid_febbraio-2021\/\" rel=\"attachment wp-att-186852\"><img loading=\"lazy\" decoding=\"async\" class=\"wp-image-186852 alignleft\" src=\"https:\/\/www.radiopiu.net\/wordpress\/wp-content\/uploads\/2021\/01\/numero-covid_febbraio-2021-300x212.jpg\" alt=\"\" width=\"129\" height=\"91\" srcset=\"https:\/\/www.radiopiu.net\/wordpress\/wp-content\/uploads\/2021\/01\/numero-covid_febbraio-2021-300x212.jpg 300w, https:\/\/www.radiopiu.net\/wordpress\/wp-content\/uploads\/2021\/01\/numero-covid_febbraio-2021-1024x724.jpg 1024w, https:\/\/www.radiopiu.net\/wordpress\/wp-content\/uploads\/2021\/01\/numero-covid_febbraio-2021-768x543.jpg 768w, https:\/\/www.radiopiu.net\/wordpress\/wp-content\/uploads\/2021\/01\/numero-covid_febbraio-2021-1536x1086.jpg 1536w, https:\/\/www.radiopiu.net\/wordpress\/wp-content\/uploads\/2021\/01\/numero-covid_febbraio-2021.jpg 2000w\" sizes=\"auto, (max-width: 129px) 100vw, 129px\" \/><\/a> <\/strong><\/p>\n<p><strong>\u00a0<\/strong><\/p>\n<p><strong>BELLUNO <\/strong>L&#8217;importante rallentamento epidemico registrato nelle ultime settimane e la conseguente forte riduzione delle telefonate con richiesta di informazioni da parte dei cittadini, consentono di rimodulare giorni ed orari di attivit\u00e0 del CALL CENTER COVID Dal 1\u00b0 febbraio 2021 lo 0437\/514343 sar\u00e0 attivo dalle 8 alle 18 da luned\u00ec a sabato.<\/p>\n<p>&nbsp;<\/p>\n<p>&nbsp;<\/p>\n<hr \/>\n<p>&nbsp;<\/p>\n<blockquote>\n<h3>PR RANCH, RIPRENDE LA GINNASTICA ARTISTICA<\/h3>\n<\/blockquote>\n<p><strong>AGORDO<\/strong> Riprenderanno marted\u00ec 9 febbraio al PalaRova di Agordo i corsi di ginnastica artistica. L&#8217;appuntamento \u00e8 dalle 16:30 alle 18:30. Per informazioni contattare Donatella al 348 4352362.<\/p>\n<p>&nbsp;<\/p>\n<p>&nbsp;<\/p>\n<hr \/>\n<p>&nbsp;<\/p>\n<blockquote>\n<h3>MUSLA LANCIA UNA CHALLENGE IN OCCASIONE DELLA GIORNATA INTERNAZIONALE DELLA MADRE LINGUA<\/h3>\n<\/blockquote>\n<p><strong>AGORDO\u00a0<\/strong>Il 21 Febbraio sar\u00e0 la giornata internazionale della madre lingua. Il MUSLA ha pensato di festeggiare la giornata raccogliendo dei video fatti dagli abitanti dell&#8217;Agordino che nel proprio dialetto, da quello Fodom a quello del Poi, dovranno dire una parola agordina, da chi \u00e8 stata tramandata e come si adopera. Il video deve essere della durata massima di 10 secondi e si pu\u00f2 inviare al numero 388 4955756 via Whatsapp, via mail a musla.agordino@gmail.com o sulle messaggistiche dei social Facebook o Instagram collegandosi alla pagina del MUSLA.<\/p>\n<p><strong>IL VIDEO CHE DESCRIVE L&#8217;INIZIATIVA<\/strong><\/p>\n<div style=\"width: 1200px;\" class=\"wp-video\"><video class=\"wp-video-shortcode\" id=\"video-191712-1\" width=\"1200\" height=\"675\" preload=\"metadata\" controls=\"controls\"><source type=\"video\/mp4\" src=\"https:\/\/www.radiopiu.net\/wordpress\/wp-content\/uploads\/2021\/02\/MUSLA-CHALLENGE.mp4?_=1\" \/><a href=\"https:\/\/www.radiopiu.net\/wordpress\/wp-content\/uploads\/2021\/02\/MUSLA-CHALLENGE.mp4\">https:\/\/www.radiopiu.net\/wordpress\/wp-content\/uploads\/2021\/02\/MUSLA-CHALLENGE.mp4<\/a><\/video><\/div>\n<p>&nbsp;<\/p>\n<p>&nbsp;<\/p>\n<hr \/>\n<h2><\/h2>\n<blockquote>\n<h2><span style=\"color: #ff0000;\">ALLA RADIO<\/span><\/h2>\n<h2><span style=\"color: #008000;\"><a href=\"https:\/\/www.radiopiu.net\/wordpress\/giornale-radiopiu-03-febbraio-2021-direttore-mirko-mezzacasa\/girl-1469748__340\/\" rel=\"attachment wp-att-188542\"><img loading=\"lazy\" decoding=\"async\" class=\"wp-image-188542 alignleft\" src=\"https:\/\/www.radiopiu.net\/wordpress\/wp-content\/uploads\/2021\/02\/girl-1469748__340-300x200.jpg\" alt=\"\" width=\"173\" height=\"115\" srcset=\"https:\/\/www.radiopiu.net\/wordpress\/wp-content\/uploads\/2021\/02\/girl-1469748__340-300x200.jpg 300w, https:\/\/www.radiopiu.net\/wordpress\/wp-content\/uploads\/2021\/02\/girl-1469748__340.jpg 510w\" sizes=\"auto, (max-width: 173px) 100vw, 173px\" \/><\/a><\/span><\/h2>\n<h2><\/h2>\n<h2><span style=\"color: #008000;\">ERBE E PIANTE CURATIVE&#8230;IL NUOVO PROGRAMMA DI PAOLA LANCIATO<\/span><\/h2>\n<p><strong>LA TERZA PUNTATA\u00a0\u00a0<\/strong><\/p>\n<audio class=\"wp-audio-shortcode\" id=\"audio-191712-9\" preload=\"none\" style=\"width: 100%;\" controls=\"controls\"><source type=\"audio\/mpeg\" src=\"https:\/\/www.radiopiu.net\/wordpress\/wp-content\/uploads\/2021\/02\/3-Il-pino-M.mp3?_=9\" \/><a href=\"https:\/\/www.radiopiu.net\/wordpress\/wp-content\/uploads\/2021\/02\/3-Il-pino-M.mp3\">https:\/\/www.radiopiu.net\/wordpress\/wp-content\/uploads\/2021\/02\/3-Il-pino-M.mp3<\/a><\/audio>\n<p><strong>LA RACCOLTA COMPLETA<\/strong><\/p>\n<blockquote class=\"wp-embedded-content\" data-secret=\"y6kLjgziCG\"><p><a href=\"https:\/\/www.radiopiu.net\/wordpress\/erbe-e-piante-curative\/\">ERBE E PIANTE CURATIVE<\/a><\/p><\/blockquote>\n<p><iframe loading=\"lazy\" class=\"wp-embedded-content\" sandbox=\"allow-scripts\" security=\"restricted\" style=\"position: absolute; clip: rect(1px, 1px, 1px, 1px);\" title=\"&#8220;ERBE E PIANTE CURATIVE&#8221; &#8212; Radio Pi\u00f9\" src=\"https:\/\/www.radiopiu.net\/wordpress\/erbe-e-piante-curative\/embed\/#?secret=y6kLjgziCG\" data-secret=\"y6kLjgziCG\" width=\"600\" height=\"338\" frameborder=\"0\" marginwidth=\"0\" marginheight=\"0\" scrolling=\"no\"><\/iframe><\/p>\n<p>&nbsp;<\/p>\n<p>&nbsp;<\/p><\/blockquote>\n<hr \/>\n<p>&nbsp;<\/p>\n<div>\n<h2><span style=\"color: #33cccc;\">I RACCONTI DI PAOLO SOPPELSA il lunedi alle 9.30 e 18.30<\/span><\/h2>\n<blockquote class=\"wp-embedded-content\" data-secret=\"ddpOTVusRA\"><p><a href=\"https:\/\/www.radiopiu.net\/wordpress\/i-racconti-di-paolo-soppelsa-sessantaduesima-puntata\/\">I RACCONTI DI PAOLO SOPPELSA SESSANTADUESIMA PUNTATA<\/a><\/p><\/blockquote>\n<p><iframe loading=\"lazy\" class=\"wp-embedded-content\" sandbox=\"allow-scripts\" security=\"restricted\" style=\"position: absolute; clip: rect(1px, 1px, 1px, 1px);\" title=\"&#8220;I RACCONTI DI PAOLO SOPPELSA SESSANTADUESIMA PUNTATA&#8221; &#8212; Radio Pi\u00f9\" src=\"https:\/\/www.radiopiu.net\/wordpress\/i-racconti-di-paolo-soppelsa-sessantaduesima-puntata\/embed\/#?secret=ddpOTVusRA\" data-secret=\"ddpOTVusRA\" width=\"600\" height=\"338\" frameborder=\"0\" marginwidth=\"0\" marginheight=\"0\" scrolling=\"no\"><\/iframe><\/p>\n<h3 class=\"kvgmc6g5 cxmmr5t8 oygrvhab hcukyx3x c1et5uql\"><span style=\"color: #0000ff;\">INFORMAZIONE il canale su TELEGRAM informazione di prima mano e in tempo reale. iscriviti ed aiutaci a farlo conoscere\u00a0<\/span><\/h3>\n<h2><span style=\"color: #33cccc;\"><strong>RACCOLTA COMPLETA<\/strong><\/span><\/h2>\n<blockquote class=\"wp-embedded-content\" data-secret=\"xjQRGcvxZY\"><p><a href=\"https:\/\/www.radiopiu.net\/wordpress\/i-racconti-di-paolo-soppelsa\/\">I racconti di Paolo Soppelsa<\/a><\/p><\/blockquote>\n<p><iframe loading=\"lazy\" class=\"wp-embedded-content\" sandbox=\"allow-scripts\" security=\"restricted\" style=\"position: absolute; clip: rect(1px, 1px, 1px, 1px);\" title=\"&#8220;I racconti di Paolo Soppelsa&#8221; &#8212; Radio Pi\u00f9\" src=\"https:\/\/www.radiopiu.net\/wordpress\/i-racconti-di-paolo-soppelsa\/embed\/#?secret=xjQRGcvxZY\" data-secret=\"xjQRGcvxZY\" width=\"600\" height=\"338\" frameborder=\"0\" marginwidth=\"0\" marginheight=\"0\" scrolling=\"no\"><\/iframe><\/p>\n<\/div>\n<p>&nbsp;<\/p>\n<hr \/>\n<p>&nbsp;<\/p>\n<h2><\/h2>\n<h2><span style=\"color: #ff0000;\"><a href=\"https:\/\/www.radiopiu.net\/wordpress\/giornale-radiopiu-05-gennaio-2021-direttore-mirko-mezzacasa\/133200401_100838761953611_1258544160541445132_o-2\/\" rel=\"attachment wp-att-183078\"><img loading=\"lazy\" decoding=\"async\" class=\" wp-image-183078 alignleft\" src=\"https:\/\/www.radiopiu.net\/wordpress\/wp-content\/uploads\/2021\/01\/133200401_100838761953611_1258544160541445132_o-1-300x157.jpg\" alt=\"\" width=\"192\" height=\"101\" srcset=\"https:\/\/www.radiopiu.net\/wordpress\/wp-content\/uploads\/2021\/01\/133200401_100838761953611_1258544160541445132_o-1-300x157.jpg 300w, https:\/\/www.radiopiu.net\/wordpress\/wp-content\/uploads\/2021\/01\/133200401_100838761953611_1258544160541445132_o-1.jpg 526w\" sizes=\"auto, (max-width: 192px) 100vw, 192px\" \/><\/a>GOCCE DI FILOSOFIA, CON CHIARA CAU, CON LISA DE LUCA. <\/span><\/h2>\n<h2><span style=\"color: #ff0000;\">TUTTI I GIORNI DAL LUNEDI AL VENERDI ALLE 6.55 E ALLE 18.55<\/span><\/h2>\n<h3><span style=\"color: #ff00ff;\">PUNTATA 32<\/span><\/h3>\n<audio class=\"wp-audio-shortcode\" id=\"audio-191712-10\" preload=\"none\" style=\"width: 100%;\" controls=\"controls\"><source type=\"audio\/mpeg\" src=\"https:\/\/www.radiopiu.net\/wordpress\/wp-content\/uploads\/2021\/02\/FI2-2.mp3?_=10\" \/><a href=\"https:\/\/www.radiopiu.net\/wordpress\/wp-content\/uploads\/2021\/02\/FI2-2.mp3\">https:\/\/www.radiopiu.net\/wordpress\/wp-content\/uploads\/2021\/02\/FI2-2.mp3<\/a><\/audio>\n<h3>LA RACCOLTA COMPLETA<\/h3>\n<blockquote class=\"wp-embedded-content\" data-secret=\"1WWzNOm59D\"><p><a href=\"https:\/\/www.radiopiu.net\/wordpress\/gocce-filosofia\/\">Gocce di filosofia<\/a><\/p><\/blockquote>\n<p><iframe loading=\"lazy\" class=\"wp-embedded-content\" sandbox=\"allow-scripts\" security=\"restricted\" style=\"position: absolute; clip: rect(1px, 1px, 1px, 1px);\" title=\"&#8220;Gocce di filosofia&#8221; &#8212; Radio Pi\u00f9\" src=\"https:\/\/www.radiopiu.net\/wordpress\/gocce-filosofia\/embed\/#?secret=1WWzNOm59D\" data-secret=\"1WWzNOm59D\" width=\"600\" height=\"338\" frameborder=\"0\" marginwidth=\"0\" marginheight=\"0\" scrolling=\"no\"><\/iframe><\/p>\n<p>&nbsp;<\/p>\n<hr \/>\n<p>&nbsp;<\/p>\n<div class=\"im_message_wrap clearfix\">\n<div class=\"im_content_message_wrap im_message_out\">\n<h2><span style=\"color: #ff0000;\">IERI ALLA RADIO\u00a0 IN VIVO VERSO 2020-21<\/span><\/h2>\n<p><strong><span style=\"color: #0000ff;\">IN ONDA DAL LUNEDI AL VENERDI ALLE 7.10, 10.10, 18.50\u00a0<\/span><\/strong><\/p>\n<blockquote class=\"wp-embedded-content\" data-secret=\"fbWtar0YRy\"><p><a href=\"https:\/\/www.radiopiu.net\/wordpress\/non-chiedermi-il-perche-di-lucia-mezzacasa\/\">NON CHIEDERMI IL PERCHE&#8217; di LUCIA MEZZACASA<\/a><\/p><\/blockquote>\n<p><iframe loading=\"lazy\" class=\"wp-embedded-content\" sandbox=\"allow-scripts\" security=\"restricted\" style=\"position: absolute; clip: rect(1px, 1px, 1px, 1px);\" title=\"&#8220;NON CHIEDERMI IL PERCHE&#8217; di LUCIA MEZZACASA&#8221; &#8212; Radio Pi\u00f9\" src=\"https:\/\/www.radiopiu.net\/wordpress\/non-chiedermi-il-perche-di-lucia-mezzacasa\/embed\/#?secret=fbWtar0YRy\" data-secret=\"fbWtar0YRy\" width=\"600\" height=\"338\" frameborder=\"0\" marginwidth=\"0\" marginheight=\"0\" scrolling=\"no\"><\/iframe><\/p>\n<p><strong>LA RACCOLTA<\/strong><\/p>\n<blockquote class=\"wp-embedded-content\" data-secret=\"Ppqf1A2zAO\"><p><a href=\"https:\/\/www.radiopiu.net\/wordpress\/in-vivo-verso\/\">In Vivo Verso<\/a><\/p><\/blockquote>\n<p><iframe loading=\"lazy\" class=\"wp-embedded-content\" sandbox=\"allow-scripts\" security=\"restricted\" style=\"position: absolute; clip: rect(1px, 1px, 1px, 1px);\" title=\"&#8220;In Vivo Verso&#8221; &#8212; Radio Pi\u00f9\" src=\"https:\/\/www.radiopiu.net\/wordpress\/in-vivo-verso\/embed\/#?secret=Ppqf1A2zAO\" data-secret=\"Ppqf1A2zAO\" width=\"600\" height=\"338\" frameborder=\"0\" marginwidth=\"0\" marginheight=\"0\" scrolling=\"no\"><\/iframe><\/p>\n<p>&nbsp;<\/p>\n<\/div>\n<\/div>\n<hr \/>\n<p>&nbsp;<\/p>\n<h2><span style=\"color: #808000;\">DUE MINUTI UN LIBRO\u00a0 TUTTI I GIORNI ALLA RADIO ALLE 9.30 E ALLE 18. QUINTA STAGIONE\u00a0\u00a0<\/span><\/h2>\n<blockquote class=\"wp-embedded-content\" data-secret=\"U9mZyNDhpX\"><p><a href=\"https:\/\/www.radiopiu.net\/wordpress\/la-casa-sullargine\/\">LA CASA SULL&#8217;ARGINE<\/a><\/p><\/blockquote>\n<p><iframe loading=\"lazy\" class=\"wp-embedded-content\" sandbox=\"allow-scripts\" security=\"restricted\" style=\"position: absolute; clip: rect(1px, 1px, 1px, 1px);\" title=\"&#8220;LA CASA SULL&#8217;ARGINE&#8221; &#8212; Radio Pi\u00f9\" src=\"https:\/\/www.radiopiu.net\/wordpress\/la-casa-sullargine\/embed\/#?secret=U9mZyNDhpX\" data-secret=\"U9mZyNDhpX\" width=\"600\" height=\"338\" frameborder=\"0\" marginwidth=\"0\" marginheight=\"0\" scrolling=\"no\"><\/iframe><\/p>\n<h3><span style=\"color: #808000;\">\u00a0<\/span>LA RACCOLTA COMPLETA<\/h3>\n<blockquote class=\"wp-embedded-content\" data-secret=\"NTXoPhPO79\"><p><a href=\"https:\/\/www.radiopiu.net\/wordpress\/due-minuti-un-libro\/\">Due minuti un libro<\/a><\/p><\/blockquote>\n<p><iframe loading=\"lazy\" class=\"wp-embedded-content\" sandbox=\"allow-scripts\" security=\"restricted\" style=\"position: absolute; clip: rect(1px, 1px, 1px, 1px);\" title=\"&#8220;Due minuti un libro&#8221; &#8212; Radio Pi\u00f9\" src=\"https:\/\/www.radiopiu.net\/wordpress\/due-minuti-un-libro\/embed\/#?secret=NTXoPhPO79\" data-secret=\"NTXoPhPO79\" width=\"600\" height=\"338\" frameborder=\"0\" marginwidth=\"0\" marginheight=\"0\" scrolling=\"no\"><\/iframe><\/p>\n<p>&nbsp;<\/p>\n<p>&nbsp;<\/p>\n<p>&nbsp;<\/p>\n<p>&nbsp;<\/p>\n<hr \/>\n<blockquote>\n<h2>SALUTE E SOCIETA&#8217; IL LUNEDI ALLE 13.10 E ALLE 20.10, LA DOMENICA ALLE 10.30 A CURA DEL DOTTOR MARCO CARACCIOLO. QUINTA STAGIONE<\/h2>\n<\/blockquote>\n<p><strong>LA PUNTATA DELLA SETTIMANA:<\/strong> L\u2019intergruppo parlamentare \u00abInsieme per un impegno contro il cancro\u00bb \u00e8 nato per superare ritardi nell\u2019assistenza e gravi disparit\u00e0 tra pazienti a livello regionale. Sono 15 punti alla base dell\u2019Accordo di legislatura tra politici e associazioni di pazienti che hanno dato vita al progetto \u00abLa salute: un bene da difendere, un diritto da promuovere\u00bb.<br \/>\nStefano Bellomo Avvocato Giuslavorista, Professore ordinario di Diritto del Lavoro Sapienza Universit\u00e0 di Roma Marina Puligheddu Dirigente Medico Legale I livello, Coordinamento Generale Medico Legale INPS Area Prestazioni a Sostegno del Reddito Annamaria Mancuso Coordinatrice del gruppo \u201cLa salute: un bene da difendere, un diritto da promuovere\u201d e Presidente Salute Donna Onlus<\/p>\n<audio class=\"wp-audio-shortcode\" id=\"audio-191712-11\" preload=\"none\" style=\"width: 100%;\" controls=\"controls\"><source type=\"audio\/mpeg\" src=\"https:\/\/www.radiopiu.net\/wordpress\/wp-content\/uploads\/2021\/02\/SALUTE-2.mp3?_=11\" \/><a href=\"https:\/\/www.radiopiu.net\/wordpress\/wp-content\/uploads\/2021\/02\/SALUTE-2.mp3\">https:\/\/www.radiopiu.net\/wordpress\/wp-content\/uploads\/2021\/02\/SALUTE-2.mp3<\/a><\/audio>\n<p>&nbsp;<\/p>\n<hr \/>\n<h2><\/h2>\n<h3 class=\"kvgmc6g5 cxmmr5t8 oygrvhab hcukyx3x c1et5uql\"><span style=\"color: #0000ff;\">INFORMAZIONE il canale su TELEGRAM informazione di prima mano e in tempo reale. iscriviti ed aiutaci a farlo conoscere\u00a0<\/span><\/h3>\n<h2>007 IN CONDOTTA CON LA PROF. MARIA ROSA SALMAZO IL LUNEDI ALLE 10,30 E ALLE 19.00 LA DOMENICA ALLE 8 DEL MATTINO. NONA STAGIONE<\/h2>\n<p><strong>LA PUNTATA DELLA SETTIMANA<\/strong><\/p>\n<p><span style=\"color: #800080;\"><strong>CARNEVALE<\/strong><\/span><\/p>\n<audio class=\"wp-audio-shortcode\" id=\"audio-191712-12\" preload=\"none\" style=\"width: 100%;\" controls=\"controls\"><source type=\"audio\/mpeg\" src=\"https:\/\/www.radiopiu.net\/wordpress\/wp-content\/uploads\/2021\/02\/007-15-febbraio.mp3?_=12\" \/><a href=\"https:\/\/www.radiopiu.net\/wordpress\/wp-content\/uploads\/2021\/02\/007-15-febbraio.mp3\">https:\/\/www.radiopiu.net\/wordpress\/wp-content\/uploads\/2021\/02\/007-15-febbraio.mp3<\/a><\/audio>\n<p>&nbsp;<\/p>\n<h2>LA RACCOLTA COMPLETA<\/h2>\n<blockquote class=\"wp-embedded-content\" data-secret=\"RtmtGCEXLZ\"><p><a href=\"https:\/\/www.radiopiu.net\/wordpress\/007incondotta-9\/\">007 in condotta<\/a><\/p><\/blockquote>\n<p><iframe loading=\"lazy\" class=\"wp-embedded-content\" sandbox=\"allow-scripts\" security=\"restricted\" style=\"position: absolute; clip: rect(1px, 1px, 1px, 1px);\" title=\"&#8220;007 in condotta&#8221; &#8212; Radio Pi\u00f9\" src=\"https:\/\/www.radiopiu.net\/wordpress\/007incondotta-9\/embed\/#?secret=RtmtGCEXLZ\" data-secret=\"RtmtGCEXLZ\" width=\"600\" height=\"338\" frameborder=\"0\" marginwidth=\"0\" marginheight=\"0\" scrolling=\"no\"><\/iframe><\/p>\n<p>&nbsp;<\/p>\n<p>&nbsp;<\/p>\n<hr \/>\n<p>&nbsp;<\/p>\n<div dir=\"auto\">\n<div>\n<h2><span style=\"color: #800080;\"><strong>LA RASSEGNA STAMPA DA L&#8217;AMICO DEL POPOLO\u00a0<\/strong><\/span><\/h2>\n<h3 class=\"kvgmc6g5 cxmmr5t8 oygrvhab hcukyx3x c1et5uql\"><span style=\"color: #0000ff;\"> INFORMAZIONE il canale su TELEGRAM informazione di prima mano e in tempo reale. iscriviti ed aiutaci a farlo conoscere\u00a0<\/span><\/h3>\n<p><strong><a href=\"https:\/\/www.radiopiu.net\/wordpress\/diana-iraci-chiede-le-pubblicazioni-delle-sue-interrogazioni-allamministrazione-di-rocca-pietore\/rocca-pietore-2\/\" rel=\"attachment wp-att-127376\"><img loading=\"lazy\" decoding=\"async\" class=\"size-medium wp-image-127376 alignleft\" src=\"https:\/\/www.radiopiu.net\/wordpress\/wp-content\/uploads\/2020\/04\/ROCCA-PIETORE-300x173.png\" alt=\"\" width=\"300\" height=\"173\" srcset=\"https:\/\/www.radiopiu.net\/wordpress\/wp-content\/uploads\/2020\/04\/ROCCA-PIETORE-300x173.png 300w, https:\/\/www.radiopiu.net\/wordpress\/wp-content\/uploads\/2020\/04\/ROCCA-PIETORE.png 712w\" sizes=\"auto, (max-width: 300px) 100vw, 300px\" \/><\/a>di Gianni Santomaso<\/strong><\/p>\n<p><strong>OSPITE<\/strong>: Diana Iraci, Consigliere di minoranza del comune di Rocca Pietore<\/p>\n<audio class=\"wp-audio-shortcode\" id=\"audio-191712-13\" preload=\"none\" style=\"width: 100%;\" controls=\"controls\"><source type=\"audio\/mpeg\" src=\"https:\/\/www.radiopiu.net\/wordpress\/wp-content\/uploads\/2021\/02\/RASSEGNA-GIANNI-1.mp3?_=13\" \/><a href=\"https:\/\/www.radiopiu.net\/wordpress\/wp-content\/uploads\/2021\/02\/RASSEGNA-GIANNI-1.mp3\">https:\/\/www.radiopiu.net\/wordpress\/wp-content\/uploads\/2021\/02\/RASSEGNA-GIANNI-1.mp3<\/a><\/audio>\n<p><strong>LA RACCOLTA COMPLETA<\/strong><\/p>\n<blockquote class=\"wp-embedded-content\" data-secret=\"9lyN7qpssc\"><p><a href=\"https:\/\/www.radiopiu.net\/wordpress\/rassegna-stampa-di-gianni-santomaso\/\">Rassegna stampa da l&#8217;amico del popolo &#8211; di Gianni Santomaso<\/a><\/p><\/blockquote>\n<p><iframe loading=\"lazy\" class=\"wp-embedded-content\" sandbox=\"allow-scripts\" security=\"restricted\" style=\"position: absolute; clip: rect(1px, 1px, 1px, 1px);\" title=\"&#8220;Rassegna stampa da l&#8217;amico del popolo &#8211; di Gianni Santomaso&#8221; &#8212; Radio Pi\u00f9\" src=\"https:\/\/www.radiopiu.net\/wordpress\/rassegna-stampa-di-gianni-santomaso\/embed\/#?secret=9lyN7qpssc\" data-secret=\"9lyN7qpssc\" width=\"600\" height=\"338\" frameborder=\"0\" marginwidth=\"0\" marginheight=\"0\" scrolling=\"no\"><\/iframe><\/p>\n<p>&nbsp;<\/p>\n<p>&nbsp;<\/p>\n<\/div>\n<\/div>\n<p>&nbsp;<\/p>\n<hr \/>\n<p>&nbsp;<\/p>\n<blockquote>\n<h3><a href=\"https:\/\/www.radiopiu.net\/wordpress\/almanacco-ladino-puntata-5-2020\/sn\/\" rel=\"attachment wp-att-180931\"><img loading=\"lazy\" decoding=\"async\" class=\"wp-image-180931 alignleft\" src=\"https:\/\/www.radiopiu.net\/wordpress\/wp-content\/uploads\/2020\/12\/sn-300x194.jpg\" alt=\"\" width=\"181\" height=\"117\" srcset=\"https:\/\/www.radiopiu.net\/wordpress\/wp-content\/uploads\/2020\/12\/sn-300x194.jpg 300w, https:\/\/www.radiopiu.net\/wordpress\/wp-content\/uploads\/2020\/12\/sn.jpg 626w\" sizes=\"auto, (max-width: 181px) 100vw, 181px\" \/><\/a>L&#8217;ALMANACCO LADINO CON L&#8217;ISTITUT CESA DE JAN QUINDICINALE APPUNTAMENTO. LA DOMENICA ALLE 9 IL LUNEDI ALLE 8.35 IL MARTEDI ALLE 12.35 IL MERCOLEDI ALLE 18.35. SECONDA STAGIONE.<\/h3>\n<p><strong>LA PUNTATA DELLA SETTIMANA<\/strong><\/p><\/blockquote>\n<audio class=\"wp-audio-shortcode\" id=\"audio-191712-14\" preload=\"none\" style=\"width: 100%;\" controls=\"controls\"><source type=\"audio\/mpeg\" src=\"https:\/\/www.radiopiu.net\/wordpress\/wp-content\/uploads\/2021\/02\/52\u00b0Almanach-Ladin_col.mp3?_=14\" \/><a href=\"https:\/\/www.radiopiu.net\/wordpress\/wp-content\/uploads\/2021\/02\/52\u00b0Almanach-Ladin_col.mp3\">https:\/\/www.radiopiu.net\/wordpress\/wp-content\/uploads\/2021\/02\/52\u00b0Almanach-Ladin_col.mp3<\/a><\/audio>\n<p>&nbsp;<\/p>\n<p><strong>RACCOLTA COMPLETA\u00a0<\/strong><\/p>\n<blockquote class=\"wp-embedded-content\" data-secret=\"udoRAjrSLf\"><p><a href=\"https:\/\/www.radiopiu.net\/wordpress\/almanacco-ladino\/\">Almanacco Ladino<\/a><\/p><\/blockquote>\n<p><iframe loading=\"lazy\" class=\"wp-embedded-content\" sandbox=\"allow-scripts\" security=\"restricted\" style=\"position: absolute; clip: rect(1px, 1px, 1px, 1px);\" title=\"&#8220;Almanacco Ladino&#8221; &#8212; Radio Pi\u00f9\" src=\"https:\/\/www.radiopiu.net\/wordpress\/almanacco-ladino\/embed\/#?secret=udoRAjrSLf\" data-secret=\"udoRAjrSLf\" width=\"600\" height=\"338\" frameborder=\"0\" marginwidth=\"0\" marginheight=\"0\" scrolling=\"no\"><\/iframe><\/p>\n<p>&nbsp;<\/p>\n<hr \/>\n<blockquote>\n<h2><\/h2>\n<h2>RITORNA AI MICROFONI DI RADIO PIU&#8217; FRANCESCO ZILLIO<br \/>\nterza puntata, stagione 2021 &#8211; auto elettriche.<\/h2>\n<\/blockquote>\n<p>&nbsp;<\/p>\n<p><iframe loading=\"lazy\" title=\"EPCENTER -EFFICIENZA ENERGETICA A SERVIZIO DELLE AUTO ELETTRICHE COMBINAZIONE POSITIVA DI TECNOLOGIA\" width=\"1200\" height=\"675\" src=\"https:\/\/www.youtube.com\/embed\/927qLatGDPc?start=246&#038;feature=oembed\" frameborder=\"0\" allow=\"accelerometer; autoplay; clipboard-write; encrypted-media; gyroscope; picture-in-picture\" allowfullscreen><\/iframe><\/p>\n<p>&nbsp;<\/p>\n<p><strong>LA VIDEO GALLERY\u00a0<\/strong><\/p>\n<blockquote class=\"wp-embedded-content\" data-secret=\"gFgTBYfq8f\"><p><a href=\"https:\/\/www.radiopiu.net\/wordpress\/ep-center-video-gallery\/\">EP CENTER video gallery<\/a><\/p><\/blockquote>\n<p><iframe loading=\"lazy\" class=\"wp-embedded-content\" sandbox=\"allow-scripts\" security=\"restricted\" style=\"position: absolute; clip: rect(1px, 1px, 1px, 1px);\" title=\"&#8220;EP CENTER video gallery&#8221; &#8212; Radio Pi\u00f9\" src=\"https:\/\/www.radiopiu.net\/wordpress\/ep-center-video-gallery\/embed\/#?secret=gFgTBYfq8f\" data-secret=\"gFgTBYfq8f\" width=\"600\" height=\"338\" frameborder=\"0\" marginwidth=\"0\" marginheight=\"0\" scrolling=\"no\"><\/iframe><\/p>\n<p>&nbsp;<\/p>\n<p>&nbsp;<\/p>\n<hr \/>\n<h3><\/h3>\n<blockquote>\n<h3>SEI A CASA, CON LUCIA SOCCOL. SPECIALE A PUNTATE<\/h3>\n<\/blockquote>\n<h2><span style=\"color: #ff0000;\">STAGIONE 2021 la nuova edizione TERZA STAGIONE<\/span><\/h2>\n<h3>TERZA PUNTATA con Lucia Soccol, case e mercato immobiliare, notizie e curiosit\u00e0. 11 FEBBRAIO 2021<\/h3>\n<h3>RACCOLTA COMPLETA<\/h3>\n<audio class=\"wp-audio-shortcode\" id=\"audio-191712-15\" preload=\"none\" style=\"width: 100%;\" controls=\"controls\"><source type=\"audio\/mpeg\" src=\"https:\/\/www.radiopiu.net\/wordpress\/wp-content\/uploads\/2021\/02\/sei-a-casa-11-febbraio.mp3?_=15\" \/><a href=\"https:\/\/www.radiopiu.net\/wordpress\/wp-content\/uploads\/2021\/02\/sei-a-casa-11-febbraio.mp3\">https:\/\/www.radiopiu.net\/wordpress\/wp-content\/uploads\/2021\/02\/sei-a-casa-11-febbraio.mp3<\/a><\/audio>\n<blockquote class=\"wp-embedded-content\" data-secret=\"ImmLXywa2o\"><p><a href=\"https:\/\/www.radiopiu.net\/wordpress\/ieri-alla-radio-sei-a-casa1\/\">SEI A CASA, CON LUCIA SOCCOL. SPECIALE A PUNTATE.<\/a><\/p><\/blockquote>\n<p><iframe loading=\"lazy\" class=\"wp-embedded-content\" sandbox=\"allow-scripts\" security=\"restricted\" style=\"position: absolute; clip: rect(1px, 1px, 1px, 1px);\" title=\"&#8220;SEI A CASA, CON LUCIA SOCCOL. SPECIALE A PUNTATE.&#8221; &#8212; Radio Pi\u00f9\" src=\"https:\/\/www.radiopiu.net\/wordpress\/ieri-alla-radio-sei-a-casa1\/embed\/#?secret=ImmLXywa2o\" data-secret=\"ImmLXywa2o\" width=\"600\" height=\"338\" frameborder=\"0\" marginwidth=\"0\" marginheight=\"0\" scrolling=\"no\"><\/iframe><\/p>\n<p>&nbsp;<\/p>\n<hr \/>\n<p>&nbsp;<\/p>\n<blockquote>\n<h2><\/h2>\n<h2>FANTASTICHE DOLOMITI, NUOVA STAGIONE. APPUNTAMENTO QUINDICINALE IL GIOVEDI ALLE 10.30 E 19.00<\/h2>\n<\/blockquote>\n<p><span style=\"color: #000000;\"><strong>LA NUOVA PUNTATA i corsi di formazione della Fondazione 11 FEBBRAIO 2021<\/strong><\/span><\/p>\n<h2><span style=\"color: #ff0000;\"><a href=\"https:\/\/www.radiopiu.net\/wordpress\/https-wp-me-p63lo7-gyg\/th-39\/\" rel=\"attachment wp-att-190450\"><img loading=\"lazy\" decoding=\"async\" class=\" wp-image-190450 alignleft\" src=\"https:\/\/www.radiopiu.net\/wordpress\/wp-content\/uploads\/2021\/01\/th-6.jpg\" alt=\"\" width=\"153\" height=\"102\" \/><\/a>LA OTTAVA PUNTATA, formazione personalizzata<\/span><\/h2>\n<p><strong>OSPITE IL PRESIDENTE CLAUDIO CANOVA<\/strong><\/p>\n<audio class=\"wp-audio-shortcode\" id=\"audio-191712-16\" preload=\"none\" style=\"width: 100%;\" controls=\"controls\"><source type=\"audio\/mpeg\" src=\"https:\/\/www.radiopiu.net\/wordpress\/wp-content\/uploads\/2021\/02\/fantastiche-dolomiti-11-febbraio.mp3?_=16\" \/><a href=\"https:\/\/www.radiopiu.net\/wordpress\/wp-content\/uploads\/2021\/02\/fantastiche-dolomiti-11-febbraio.mp3\">https:\/\/www.radiopiu.net\/wordpress\/wp-content\/uploads\/2021\/02\/fantastiche-dolomiti-11-febbraio.mp3<\/a><\/audio>\n<h3>LA RACCOLTA COMPLETA<\/h3>\n<p>https:\/\/www.radiopiu.net\/wordpress\/https-wp-me-p63lo7-gyg\/<\/p>\n<p>&nbsp;<\/p>\n<hr \/>\n<p>&nbsp;<\/p>\n<blockquote>\n<h3>CON IL CAI DI AGORDO A CASERA DE CAMP CON LE RACCHETTE DA NEVE<\/h3>\n<\/blockquote>\n<div><strong>AGORDO<\/strong> Dopo il successo della prima escursione, la Commissione Escursionismo rilancia e ne propone subito un&#8217;altra anche se non programmata.<br \/>\n<strong>domenica 21 febbraio a\u00a0 <\/strong><strong>CASERA DE CAMP in Comune di\u00a0 GOSALDO<\/strong><\/div>\n<div>sotto le pendici della Croda Granda. Escursione facile con \u00a0panorami verso la sottostante valle e le montagne che la circondano. L&#8217;escursione \u00e8\u00a0classificata <strong>EAI Facile<\/strong>.<\/div>\n<div><\/div>\n<a href=\"https:\/\/www.radiopiu.net\/wordpress\/wp-content\/uploads\/2021\/02\/Manifesto_Casera_de_Camp.pdf\" class=\"pdfemb-viewer\" style=\"\" data-width=\"max\" data-height=\"max\" data-toolbar=\"top\" data-toolbar-fixed=\"on\">Manifesto_Casera_de_Camp<\/a>\n<p>&nbsp;<\/p>\n<hr \/>\n<blockquote>\n<h2><\/h2>\n<h2>CASSA SOLIDARIET\u00c0 LUXOTTICA<\/h2>\n<\/blockquote>\n<h3><strong><span style=\"color: #ff0000;\">IL NUMERO DI GENNAIO CON PAOLO CHISSALE&#8217; E FABRIZIO CAMPEDEL\u00a0\u00a0<\/span><\/strong><\/h3>\n<audio class=\"wp-audio-shortcode\" id=\"audio-191712-17\" preload=\"none\" style=\"width: 100%;\" controls=\"controls\"><source type=\"audio\/mpeg\" src=\"https:\/\/www.radiopiu.net\/wordpress\/wp-content\/uploads\/2021\/01\/ca-sol-lux-gennaio.mp3?_=17\" \/><a href=\"https:\/\/www.radiopiu.net\/wordpress\/wp-content\/uploads\/2021\/01\/ca-sol-lux-gennaio.mp3\">https:\/\/www.radiopiu.net\/wordpress\/wp-content\/uploads\/2021\/01\/ca-sol-lux-gennaio.mp3<\/a><\/audio>\n<blockquote>\n<h2>RACCOLTA COMPLETA<\/h2>\n<\/blockquote>\n<blockquote class=\"wp-embedded-content\" data-secret=\"puw7C1rBvS\"><p><a href=\"https:\/\/www.radiopiu.net\/wordpress\/cassa-solidarieta-luxottica-puntata-del-16-ottobre-2020\/\">CASSA SOLIDARIET\u00c0 LUXOTTICA &#8211; PUNTATA DEL 20 NOVEMBRE 2020<\/a><\/p><\/blockquote>\n<p><iframe loading=\"lazy\" class=\"wp-embedded-content\" sandbox=\"allow-scripts\" security=\"restricted\" style=\"position: absolute; clip: rect(1px, 1px, 1px, 1px);\" title=\"&#8220;CASSA SOLIDARIET\u00c0 LUXOTTICA &#8211; PUNTATA DEL 20 NOVEMBRE 2020&#8221; &#8212; Radio Pi\u00f9\" src=\"https:\/\/www.radiopiu.net\/wordpress\/cassa-solidarieta-luxottica-puntata-del-16-ottobre-2020\/embed\/#?secret=puw7C1rBvS\" data-secret=\"puw7C1rBvS\" width=\"600\" height=\"338\" frameborder=\"0\" marginwidth=\"0\" marginheight=\"0\" scrolling=\"no\"><\/iframe><\/p>\n<p>&nbsp;<\/p>\n<div>\n<p>&nbsp;<\/p>\n<hr \/>\n<p>&nbsp;<\/p>\n<blockquote>\n<h3><a href=\"https:\/\/www.radiopiu.net\/wordpress\/giornale-radiopiu-06-febbraio-2019-direttore-mirko-mezzacasa\/logo_spi-cgil-800x445\/\" rel=\"attachment wp-att-75538\"><img loading=\"lazy\" decoding=\"async\" class=\"wp-image-75538 alignleft\" src=\"https:\/\/www.radiopiu.net\/wordpress\/wp-content\/uploads\/2019\/02\/Logo_Spi-CGIL-800x445-300x167.jpg\" alt=\"\" width=\"210\" height=\"117\" srcset=\"https:\/\/www.radiopiu.net\/wordpress\/wp-content\/uploads\/2019\/02\/Logo_Spi-CGIL-800x445-300x167.jpg 300w, https:\/\/www.radiopiu.net\/wordpress\/wp-content\/uploads\/2019\/02\/Logo_Spi-CGIL-800x445-768x427.jpg 768w, https:\/\/www.radiopiu.net\/wordpress\/wp-content\/uploads\/2019\/02\/Logo_Spi-CGIL-800x445.jpg 800w\" sizes=\"auto, (max-width: 210px) 100vw, 210px\" \/><\/a>ALLA RADIO, APPUNTAMENTO QUINDICINALE CON SPI-CGIL BELLUNO, IN STUDIO MARIA RITA GENTILIN<\/h3>\n<\/blockquote>\n<p><strong>di Claudio Fontanive<\/strong><\/p>\n<audio class=\"wp-audio-shortcode\" id=\"audio-191712-18\" preload=\"none\" style=\"width: 100%;\" controls=\"controls\"><source type=\"audio\/mpeg\" src=\"https:\/\/www.radiopiu.net\/wordpress\/wp-content\/uploads\/2021\/02\/spi-cgil-4-febbraio.mp3?_=18\" \/><a href=\"https:\/\/www.radiopiu.net\/wordpress\/wp-content\/uploads\/2021\/02\/spi-cgil-4-febbraio.mp3\">https:\/\/www.radiopiu.net\/wordpress\/wp-content\/uploads\/2021\/02\/spi-cgil-4-febbraio.mp3<\/a><\/audio>\n<p>&nbsp;<\/p>\n<p>&nbsp;<\/p>\n<p>&nbsp;<\/p>\n<hr \/>\n<p>&nbsp;<\/p>\n<blockquote>\n<h2><a href=\"https:\/\/www.radiopiu.net\/wordpress\/speciale-solidarieta-veneto\/solidarieta-veneto-3\/\" rel=\"attachment wp-att-134366\"><img loading=\"lazy\" decoding=\"async\" class=\"wp-image-134366 alignleft\" src=\"https:\/\/www.radiopiu.net\/wordpress\/wp-content\/uploads\/2020\/05\/solidariet\u00e0-veneto-300x210.jpg\" alt=\"\" width=\"102\" height=\"71\" srcset=\"https:\/\/www.radiopiu.net\/wordpress\/wp-content\/uploads\/2020\/05\/solidariet\u00e0-veneto-300x210.jpg 300w, https:\/\/www.radiopiu.net\/wordpress\/wp-content\/uploads\/2020\/05\/solidariet\u00e0-veneto-1024x717.jpg 1024w, https:\/\/www.radiopiu.net\/wordpress\/wp-content\/uploads\/2020\/05\/solidariet\u00e0-veneto-768x538.jpg 768w, https:\/\/www.radiopiu.net\/wordpress\/wp-content\/uploads\/2020\/05\/solidariet\u00e0-veneto.jpg 1373w\" sizes=\"auto, (max-width: 102px) 100vw, 102px\" \/><\/a>SOLIDARIETA&#8217; VENETO FONDO PENSIONE, IN ONDA IL PRIMO VENERDI DEL MESE ALLE 10.30 E ALLE 19.00 QUINTA STAGIONE<\/h2>\n<\/blockquote>\n<p><strong>AUDIO FEBBRAIO 2021<\/strong><\/p>\n<audio class=\"wp-audio-shortcode\" id=\"audio-191712-19\" preload=\"none\" style=\"width: 100%;\" controls=\"controls\"><source type=\"audio\/mpeg\" src=\"https:\/\/www.radiopiu.net\/wordpress\/wp-content\/uploads\/2021\/02\/solidarieta-veneto-febbraio.mp3?_=19\" \/><a href=\"https:\/\/www.radiopiu.net\/wordpress\/wp-content\/uploads\/2021\/02\/solidarieta-veneto-febbraio.mp3\">https:\/\/www.radiopiu.net\/wordpress\/wp-content\/uploads\/2021\/02\/solidarieta-veneto-febbraio.mp3<\/a><\/audio>\n<p>&nbsp;<\/p>\n<blockquote>\n<h2>RACCOLTA COMPLETA<\/h2>\n<\/blockquote>\n<blockquote class=\"wp-embedded-content\" data-secret=\"5PJh2DWftq\"><p><a href=\"https:\/\/www.radiopiu.net\/wordpress\/solidarieta-veneto\/\">Solidariet\u00e0 Veneto<\/a><\/p><\/blockquote>\n<p><iframe loading=\"lazy\" class=\"wp-embedded-content\" sandbox=\"allow-scripts\" security=\"restricted\" style=\"position: absolute; clip: rect(1px, 1px, 1px, 1px);\" title=\"&#8220;Solidariet\u00e0 Veneto&#8221; &#8212; Radio Pi\u00f9\" src=\"https:\/\/www.radiopiu.net\/wordpress\/solidarieta-veneto\/embed\/#?secret=5PJh2DWftq\" data-secret=\"5PJh2DWftq\" width=\"600\" height=\"338\" frameborder=\"0\" marginwidth=\"0\" marginheight=\"0\" scrolling=\"no\"><\/iframe><\/p>\n<p>&nbsp;<\/p>\n<p>&nbsp;<\/p>\n<\/div>\n<p>&nbsp;<\/p>\n<hr \/>\n<blockquote>\n<div>\n<h2><span style=\"color: #ff0000;\">ALLA RADIO<\/span><\/h2>\n<h2><strong>LE\u00a0 PUNTATE di Luisa Alchini di Leggermente Bellunesi, la domenica alle 11, <span style=\"color: #0000ff;\">IL MARTEDI IN PRIMA EDIZIONE\u00a0<\/span> alle 10.30 e alle 19.00<\/strong><\/h2>\n<audio class=\"wp-audio-shortcode\" id=\"audio-191712-20\" preload=\"none\" style=\"width: 100%;\" controls=\"controls\"><source type=\"audio\/mpeg\" src=\"https:\/\/www.radiopiu.net\/wordpress\/wp-content\/uploads\/2021\/02\/18leggermentesciclubvalbios60anni.mp3?_=20\" \/><a href=\"https:\/\/www.radiopiu.net\/wordpress\/wp-content\/uploads\/2021\/02\/18leggermentesciclubvalbios60anni.mp3\">https:\/\/www.radiopiu.net\/wordpress\/wp-content\/uploads\/2021\/02\/18leggermentesciclubvalbios60anni.mp3<\/a><\/audio>\n<h2><strong style=\"font-size: 14px;\"><span style=\"color: #000000;\">RACCOLTA COMPLETA<\/span><\/strong><\/h2>\n<\/div>\n<blockquote class=\"wp-embedded-content\" data-secret=\"am6p73iCAK\"><p><a href=\"https:\/\/www.radiopiu.net\/wordpress\/leggermente-20\/\">LEGGERmente&#8230;Bellunesi<\/a><\/p><\/blockquote>\n<p><iframe loading=\"lazy\" class=\"wp-embedded-content\" sandbox=\"allow-scripts\" security=\"restricted\" style=\"position: absolute; clip: rect(1px, 1px, 1px, 1px);\" title=\"&#8220;LEGGERmente&#8230;Bellunesi&#8221; &#8212; Radio Pi\u00f9\" src=\"https:\/\/www.radiopiu.net\/wordpress\/leggermente-20\/embed\/#?secret=am6p73iCAK\" data-secret=\"am6p73iCAK\" width=\"600\" height=\"338\" frameborder=\"0\" marginwidth=\"0\" marginheight=\"0\" scrolling=\"no\"><\/iframe><\/p>\n<p>&nbsp;<\/p><\/blockquote>\n<p>&nbsp;<\/p>\n<div dir=\"auto\">\n<hr \/>\n<div>\n<h2><span style=\"color: #000080;\"><a class=\"dt-pswp-item\" href=\"https:\/\/www.radiopiu.net\/wordpress\/wp-content\/uploads\/2020\/10\/pp.jpg\" data-dt-img-description=\"\" data-large_image_width=\"640\" data-large_image_height=\"640\"><img loading=\"lazy\" decoding=\"async\" class=\"wp-image-163678 alignleft\" src=\"https:\/\/www.radiopiu.net\/wordpress\/wp-content\/uploads\/2020\/10\/pp-300x300.jpg\" alt=\"\" width=\"106\" height=\"106\" srcset=\"https:\/\/www.radiopiu.net\/wordpress\/wp-content\/uploads\/2020\/10\/pp-300x300.jpg 300w, https:\/\/www.radiopiu.net\/wordpress\/wp-content\/uploads\/2020\/10\/pp-150x150.jpg 150w, https:\/\/www.radiopiu.net\/wordpress\/wp-content\/uploads\/2020\/10\/pp-125x125.jpg 125w, https:\/\/www.radiopiu.net\/wordpress\/wp-content\/uploads\/2020\/10\/pp-200x200.jpg 200w, https:\/\/www.radiopiu.net\/wordpress\/wp-content\/uploads\/2020\/10\/pp-80x80.jpg 80w, https:\/\/www.radiopiu.net\/wordpress\/wp-content\/uploads\/2020\/10\/pp-480x480.jpg 480w, https:\/\/www.radiopiu.net\/wordpress\/wp-content\/uploads\/2020\/10\/pp.jpg 640w\" sizes=\"auto, (max-width: 106px) 100vw, 106px\" \/><\/a> <\/span><\/h2>\n<h2><span style=\"color: #000080;\">DON CESARE, IL PENSIERO DEL GIORNO. ALLA RADIO ALLE 7 DEL MATTINO E ALLE 19.30 DELLA SERA.\u00a0\u00a0<\/span><\/h2>\n<p>&nbsp;<\/p>\n<\/div>\n<audio class=\"wp-audio-shortcode\" id=\"audio-191712-21\" preload=\"none\" style=\"width: 100%;\" controls=\"controls\"><source type=\"audio\/mpeg\" src=\"https:\/\/www.radiopiu.net\/wordpress\/wp-content\/uploads\/2021\/02\/cesare-5.mp3?_=21\" \/><a href=\"https:\/\/www.radiopiu.net\/wordpress\/wp-content\/uploads\/2021\/02\/cesare-5.mp3\">https:\/\/www.radiopiu.net\/wordpress\/wp-content\/uploads\/2021\/02\/cesare-5.mp3<\/a><\/audio>\n<p>&nbsp;<\/p>\n<hr \/>\n<p>&nbsp;<\/p>\n<div>\n<p class=\"photoswipe-wrapper\"><a class=\"dt-pswp-item pspw-wrap-ready\" href=\"https:\/\/i0.wp.com\/www.radiopiu.net\/wordpress\/wp-content\/uploads\/2018\/09\/viabilita.jpeg?ssl=1\" data-dt-img-description=\"\" data-large_image_width=\"800\" data-large_image_height=\"100\"><img loading=\"lazy\" decoding=\"async\" class=\"aligncenter wp-image-61954 size-full\" src=\"https:\/\/i0.wp.com\/www.radiopiu.net\/wordpress\/wp-content\/uploads\/2018\/09\/viabilita.jpeg?resize=800%2C100&amp;ssl=1\" sizes=\"auto, (max-width: 800px) 100vw, 800px\" srcset=\"https:\/\/i0.wp.com\/www.radiopiu.net\/wordpress\/wp-content\/uploads\/2018\/09\/viabilita.jpeg?w=800&amp;ssl=1 800w, https:\/\/i0.wp.com\/www.radiopiu.net\/wordpress\/wp-content\/uploads\/2018\/09\/viabilita.jpeg?resize=300%2C38&amp;ssl=1 300w, https:\/\/i0.wp.com\/www.radiopiu.net\/wordpress\/wp-content\/uploads\/2018\/09\/viabilita.jpeg?resize=768%2C96&amp;ssl=1 768w\" alt=\"\" width=\"800\" height=\"100\" \/><\/a><\/p>\n<\/div>\n<p>&nbsp;<\/p>\n<p><strong>SP 422 DELL&#8217;ALPAGO E DEL CANSIGLIO<\/strong> fino al 23 febbraio interdizioni totali alla viabilit\u00e0 in localit\u00e0 Ponte Maina di Tambre dalle 9 alle 12:30, dalle 14:30 alle 15:40 e dalle 15:50 alle 17:45 per taglio e realizzazione drenaggi sul corpo frana<\/p>\n<p><strong>SP 251 DELLA VAL DI ZOLDO E CELLINA<\/strong> Istituzione di senso unico alternato regolato da semaforo nel comune di Val di Zoldo per messa in sicurezza della strada<\/p>\n<p><strong>SP 42 CAVALLERA<\/strong> fino a revoca, chiusura della strada nell&#8217;abitato di Perarolo per attivazione emergenza frana &#8220;Busa del Cristo&#8221;<\/p>\n<p><strong>S.P.2 DELLA VALLE DEL MIS\u00a0<\/strong>Interdizione totale al traffico fino a revoca dal km 14,920 (localit\u00e0 Gona Bassa) al km 20,650 (localit\u00e0 Titele) per cedimento della carreggiata<\/p>\n<p><strong>S.P. 5 DI LAMOSANO<\/strong>\u00a0Interdizione totale fino a revoca per presenza di materiale e alberi in strada.<\/p>\n<p><strong>SP 3 DELLA VAL IMPERINA<\/strong> fino a revoca, senso unico alternato regolato a vista in localit\u00e0 Gona di Conedera di Rivamonte per cedimento della carreggiata stradale<\/p>\n<p>&nbsp;<\/p>\n<p>&nbsp;<\/p>\n<hr \/>\n<p>&nbsp;<\/p>\n<div>\n<p class=\"photoswipe-wrapper\"><a class=\"dt-pswp-item pspw-wrap-ready\" href=\"https:\/\/i0.wp.com\/www.radiopiu.net\/wordpress\/wp-content\/uploads\/2018\/09\/WhatsApp-Image-2018-09-20-at-16.04.06.jpeg?ssl=1\" data-dt-img-description=\"\" data-large_image_width=\"800\" data-large_image_height=\"100\"><img loading=\"lazy\" decoding=\"async\" class=\"aligncenter wp-image-61378 size-full jetpack-lazy-image jetpack-lazy-image--handled\" src=\"https:\/\/i0.wp.com\/www.radiopiu.net\/wordpress\/wp-content\/uploads\/2018\/09\/WhatsApp-Image-2018-09-20-at-16.04.06.jpeg?resize=800%2C100&amp;ssl=1\" sizes=\"auto, (max-width: 800px) 100vw, 800px\" srcset=\"https:\/\/i0.wp.com\/www.radiopiu.net\/wordpress\/wp-content\/uploads\/2018\/09\/WhatsApp-Image-2018-09-20-at-16.04.06.jpeg?w=800&amp;ssl=1 800w, https:\/\/i0.wp.com\/www.radiopiu.net\/wordpress\/wp-content\/uploads\/2018\/09\/WhatsApp-Image-2018-09-20-at-16.04.06.jpeg?resize=300%2C38&amp;ssl=1 300w, https:\/\/i0.wp.com\/www.radiopiu.net\/wordpress\/wp-content\/uploads\/2018\/09\/WhatsApp-Image-2018-09-20-at-16.04.06.jpeg?resize=768%2C96&amp;ssl=1 768w\" alt=\"\" width=\"800\" height=\"100\" data-lazy-loaded=\"1\" \/><\/a><\/p>\n<p><b>\u00a0<\/b><\/p>\n<p><center><b>Mercoledi 17<\/b><\/center><b>Tempo atteso: <\/b>Nottetempo qualche annuvolamento medio-alto, in diradamento prima del sorgere del sole. In seguito tempo ben soleggiato con cielo generalmente sereno. Probabili lievi foschie nei fondovalle prealpini durante le ore pi\u00f9 fredde. Contesto termico decisamente pi\u00f9 mite anche nelle valli.<br \/>\n<b>Precipitazioni: <\/b>Assenti (0%)<br \/>\n<b>Temperature: <\/b>Nelle valli minime in aumento, anche se le gelate notturne saranno ancora generalizzate e massime senza notevoli variazioni; in quota (sopra i 2000 m) in generale lieve flessione con minime osservate alla sera. Su Prealpi a 1500 m min 0\u00b0C max 5\u00b0C, a 2000 m min -1\u00b0C max 3\u00b0C. Su Dolomiti a 2000 m min -2\u00b0C max 2\u00b0C, a 3000 m min -7\u00b0C max -5\u00b0C.<br \/>\n<b>Venti: <\/b>Deboli\/moderati di direzione variabile nelle valli; in quota perlopi\u00f9 moderati da nord-ovest, a 5-20 km\/h a 2000 m e 15-40 km\/h a 3000 m.<\/p>\n<hr \/>\n<p><center><b>Giovedi 18<\/b><\/center><b>Tempo atteso: <\/b>Tratti di sereno ampi e prime nubi alte al mattino, poi nuvolosit\u00e0 in aumento per nubi medio-alte stratiformi, ma senza che la copertura risulti molto compatta, con un cielo che diverr\u00e0 irregolarmente nuvoloso.<br \/>\n<b>Precipitazioni: <\/b>Assenti (0%).<br \/>\n<b>Temperature: <\/b>Minime stazionarie e massime in leggera flessione a tutte le quote. Su Prealpi a 1500 m min 0\u00b0C max 4\u00b0C, a 2000 m min -2\u00b0C max 0\u00b0C. Su Dolomiti a 2000 m min -2\u00b0C max 0\u00b0C, a 3000 m min -7\u00b0C max -3\u00b0C.<br \/>\n<b>Venti: <\/b>Deboli\/moderati di direzione variabile nelle valli; in quota perlopi\u00f9 deboli da ovest, a 5-10 km\/h a 2000 m e 15-25 km\/h a 3000 m.<\/p>\n<hr \/>\n<p><center><b>Venerdi 19<\/b><\/center>Sulle Prealpi probabile formazione di nubi basse nelle ore notturne, che potranno risultare anche insistenti durante il giorno, assieme ad una copertura per nubi alte, che interesser\u00e0 anche le Dolomiti con un&#8217;estesa velatura per buona parte della giornata. Lieve calo termico in quota, ma con minime in aumento nelle valli, specie in caso di nubi basse. Venti deboli a tutte le quote.<\/p>\n<hr \/>\n<p><center><b>Sabato 20<\/b><\/center>Sulle Dolomiti tempo ben soleggiato con cielo perlopi\u00f9 sereno dopo l&#8217;allontanamento delle nubi alte notturne. Sulle Prealpi probabile presenza di nubi basse, che potranno tuttavia essere meno insistenti del giorno precedente lasciando spazio a maggiori schiarite in giornata. Rialzo termico in quota per nuova avvezione di aria mite. Previsore: G.M.<\/p>\n<p>&nbsp;<\/p>\n<hr \/>\n<p>&nbsp;<\/p>\n<\/div>\n<\/div>\n<p><a href=\"https:\/\/www.radiopiu.net\/wordpress\/giornale-radiopiu-15-settembre-2018-direttore-mirko-mezzacasa\/sport-7\/\" rel=\"attachment wp-att-60761\"><img loading=\"lazy\" decoding=\"async\" class=\"aligncenter wp-image-60761 size-full\" src=\"https:\/\/www.radiopiu.net\/wordpress\/wp-content\/uploads\/2018\/09\/sport.jpg\" alt=\"\" width=\"800\" height=\"100\" srcset=\"https:\/\/www.radiopiu.net\/wordpress\/wp-content\/uploads\/2018\/09\/sport.jpg 800w, https:\/\/www.radiopiu.net\/wordpress\/wp-content\/uploads\/2018\/09\/sport-300x38.jpg 300w, https:\/\/www.radiopiu.net\/wordpress\/wp-content\/uploads\/2018\/09\/sport-768x96.jpg 768w\" sizes=\"auto, (max-width: 800px) 100vw, 800px\" \/><\/a><\/p>\n<p>&nbsp;<\/p>\n<blockquote>\n<h2>BASSINO E LIENSBERGER ORO NEL GIGANTE PARALLELO\u00a0 A MATHIEU FAIVRE IL TITOLO MASCHILE<\/h2>\n<\/blockquote>\n<p><strong>CORTINA<\/strong>\u00a0 Il primo gigante parallelo della storia dei Campionati Mondiali ha regalato colpi di scena e manche decise non solo dal cronometro, ma anche dai regolamenti. L\u2019oro della gara femminile \u00e8 stato vinto ex aequo dall\u2019italiana Marta Bassino e dall\u2019austriaca Katharina Liensberger. Nella prima run della finalissima l\u2019azzurra era attardata di 50\/100, mentre nella seconda ha recuperato tutto lo svantaggio e chiuso con lo stesso crono. Il regolamento Fis di questa disciplina \u00e8 chiaro: nelle small final e nelle big final, in caso di parit\u00e0, viene assegnato lo stesso piazzamento e la stessa medaglia. Oro per due quindi sulla pista Rumerlo di Cortina d\u2019Ampezzo; la medaglia di bronzo \u00e8 invece andata alla francese Tessa Worley, eliminata in semifinale da Marta Bassino dopo un\u2019altra parit\u00e0, che ha per\u00f2 premiato l\u2019azzurra perch\u00e9 pi\u00f9 veloce nella seconda e decisiva manche. Liensberger invece, nell\u2019altra semifinale, aveva vinto senza problemi nei confronti dell\u2019americana Paula Moltzan. Il titolo di gigante parallelo maschile \u00e8 invece stato vinto dal francese Mathieu Faivre, che in entrambe le run \u00e8 stato pi\u00f9 veloce del croato Filip Zubcic, argento per 48\/100. La small final \u00e8 stata vinta dallo svizzero Loic Meillard che ha battuto il tedesco Alexander Schmid, uscito durante la seconda manche dopo aver accusato mezzo secondo al termine della prima. Domani a Cortina d\u2019Ampezzo andr\u00e0 in scena il team event; inizio alle 12.15.<\/p>\n<p><img decoding=\"async\" src=\"https:\/\/www.radiopiu.net\/wordpress\/wp-content\/uploads\/2021\/02\/e8679653-79fd-4786-8988-b06c867d03fc-scaled.jpg\" \/><\/p>\n","protected":false},"excerpt":{"rendered":"<p>PER RICEVERE QUESTO NOTIZIARIO DIRETTAMENTE SUL TUO CELLULARE ISCRIVITI AL CANALE TELEGRAM \u201cRADIO PIU\u00a0 INFORMAZIONE&#8221;\u00a0 SUPERATI I 3000 ISCRITTI, il CANALE TELEGRAM&#8230; UNISCITI A: RADIO PIU INFORMAZIONE &nbsp; &nbsp; ATTENZIONE: LA NUOVA APP PER IOS-IPHONE di Nicola Vettorello https:\/\/apps.apple.com\/it\/app\/radio-pi%C3%B9-emittente-agordina\/id1515939845 ATTENZIONE: LA NUOVA APP RADIO\u00a0 PER ANDROID di Nicola Vettorello https:\/\/play.google.com\/store\/apps\/details?id=net.radiopiu.iniko\u00a0\u00a0 &nbsp; L&#8217;INIZIATIVA SOLIDALE DELLA CORALE&hellip;<\/p>\n","protected":false},"author":4,"featured_media":191832,"comment_status":"closed","ping_status":"closed","sticky":false,"template":"","format":"standard","meta":{"_monsterinsights_skip_tracking":false,"_monsterinsights_sitenote_active":false,"_monsterinsights_sitenote_note":"","_monsterinsights_sitenote_category":0,"footnotes":""},"categories":[1,86,49],"tags":[],"class_list":["post-191712","post","type-post","status-publish","format-standard","has-post-thumbnail","hentry","category-senza-categoria","category-gr","category-news-18","category-1","category-86","category-49","description-off"],"img_url":"https:\/\/www.radiopiu.net\/wordpress\/wp-content\/uploads\/2021\/02\/salt_20210216_124343_642.jpg","_links":{"self":[{"href":"https:\/\/www.radiopiu.net\/wordpress\/wp-json\/wp\/v2\/posts\/191712","targetHints":{"allow":["GET"]}}],"collection":[{"href":"https:\/\/www.radiopiu.net\/wordpress\/wp-json\/wp\/v2\/posts"}],"about":[{"href":"https:\/\/www.radiopiu.net\/wordpress\/wp-json\/wp\/v2\/types\/post"}],"author":[{"embeddable":true,"href":"https:\/\/www.radiopiu.net\/wordpress\/wp-json\/wp\/v2\/users\/4"}],"replies":[{"embeddable":true,"href":"https:\/\/www.radiopiu.net\/wordpress\/wp-json\/wp\/v2\/comments?post=191712"}],"version-history":[{"count":0,"href":"https:\/\/www.radiopiu.net\/wordpress\/wp-json\/wp\/v2\/posts\/191712\/revisions"}],"wp:featuredmedia":[{"embeddable":true,"href":"https:\/\/www.radiopiu.net\/wordpress\/wp-json\/wp\/v2\/media\/191832"}],"wp:attachment":[{"href":"https:\/\/www.radiopiu.net\/wordpress\/wp-json\/wp\/v2\/media?parent=191712"}],"wp:term":[{"taxonomy":"category","embeddable":true,"href":"https:\/\/www.radiopiu.net\/wordpress\/wp-json\/wp\/v2\/categories?post=191712"},{"taxonomy":"post_tag","embeddable":true,"href":"https:\/\/www.radiopiu.net\/wordpress\/wp-json\/wp\/v2\/tags?post=191712"}],"curies":[{"name":"wp","href":"https:\/\/api.w.org\/{rel}","templated":true}]}}