{"id":191782,"date":"2021-02-16T11:29:44","date_gmt":"2021-02-16T10:29:44","guid":{"rendered":"https:\/\/www.radiopiu.net\/wordpress\/?p=191782"},"modified":"2021-02-16T11:29:45","modified_gmt":"2021-02-16T10:29:45","slug":"non-chiedermi-il-perche-di-lucia-mezzacasa","status":"publish","type":"post","link":"https:\/\/www.radiopiu.net\/wordpress\/non-chiedermi-il-perche-di-lucia-mezzacasa\/","title":{"rendered":"NON CHIEDERMI IL PERCHE&#8217; di LUCIA MEZZACASA"},"content":{"rendered":"<p align=\"LEFT\">AUDIO<\/p>\n<audio class=\"wp-audio-shortcode\" id=\"audio-191782-1\" preload=\"none\" style=\"width: 100%;\" controls=\"controls\"><source type=\"audio\/mpeg\" src=\"https:\/\/www.radiopiu.net\/wordpress\/wp-content\/uploads\/2021\/02\/02-NON-CHIEDERMI-IL-PERCHE-LUCIA-MEZZACASA.mp3?_=1\" \/><a href=\"https:\/\/www.radiopiu.net\/wordpress\/wp-content\/uploads\/2021\/02\/02-NON-CHIEDERMI-IL-PERCHE-LUCIA-MEZZACASA.mp3\">https:\/\/www.radiopiu.net\/wordpress\/wp-content\/uploads\/2021\/02\/02-NON-CHIEDERMI-IL-PERCHE-LUCIA-MEZZACASA.mp3<\/a><\/audio>\n<p align=\"LEFT\">\n<p align=\"LEFT\">\n<p align=\"LEFT\"><span style=\"color: #050505;\"><span style=\"font-family: Verdana, sans-serif;\"><span style=\"font-size: x-large;\"><a href=\"https:\/\/www.radiopiu.net\/wordpress\/non-chiedermi-il-perche-di-lucia-mezzacasa\/lucia-mezzacasa-foto\/\" rel=\"attachment wp-att-191783\"><img loading=\"lazy\" decoding=\"async\" class=\" wp-image-191783 alignleft\" src=\"https:\/\/www.radiopiu.net\/wordpress\/wp-content\/uploads\/2021\/02\/LUCIA-MEZZACASA-FOTO-e1613471337942.jpg\" alt=\"\" width=\"195\" height=\"184\" \/><\/a>NON CHIEDERMI PERCH\u00c9<\/span><\/span><\/span><\/p>\n<p align=\"LEFT\"><span style=\"color: #050505;\"><span style=\"font-family: Verdana, sans-serif;\"><span style=\"font-size: x-large;\">Questo tempo sospeso <\/span><\/span><\/span><\/p>\n<p align=\"LEFT\"><span style=\"color: #050505;\"><span style=\"font-family: Verdana, sans-serif;\"><span style=\"font-size: x-large;\">non mi piace<\/span><\/span><\/span><\/p>\n<p align=\"LEFT\"><span style=\"color: #050505;\"><span style=\"font-family: Verdana, sans-serif;\"><span style=\"font-size: x-large;\">Questo mondo in attesa della normalit\u00e0<\/span><\/span><\/span><\/p>\n<p align=\"LEFT\"><span style=\"color: #050505;\"> <span style=\"font-family: Verdana, sans-serif;\"><span style=\"font-size: x-large;\">mi mette malinconia. <\/span><\/span><\/span><\/p>\n<p align=\"LEFT\"><span style=\"color: #050505;\"><span style=\"font-family: Verdana, sans-serif;\"><span style=\"font-size: x-large;\">Non riesco a risponderti con serenit\u00e0. <\/span><\/span><\/span><\/p>\n<p align=\"LEFT\"><span style=\"color: #050505;\"><span style=\"font-family: Verdana, sans-serif;\"><span style=\"font-size: x-large;\">La speranza in fondo al cuore per\u00f2 resiste. <\/span><\/span><\/span><\/p>\n<p align=\"LEFT\"><span style=\"color: #050505;\"><span style=\"font-family: Verdana, sans-serif;\"><span style=\"font-size: x-large;\">Insieme <\/span><\/span><\/span><\/p>\n<p align=\"LEFT\"><span style=\"color: #050505;\"><span style=\"font-family: Verdana, sans-serif;\"><span style=\"font-size: x-large;\">torneremo ancora a sognare.<\/span><\/span><\/span><\/p>\n","protected":false},"excerpt":{"rendered":"<p>AUDIO NON CHIEDERMI PERCH\u00c9 Questo tempo sospeso non mi piace Questo mondo in attesa della normalit\u00e0 mi mette malinconia. Non riesco a risponderti con serenit\u00e0. La speranza in fondo al cuore per\u00f2 resiste. Insieme torneremo ancora a sognare.<\/p>\n","protected":false},"author":4,"featured_media":191783,"comment_status":"closed","ping_status":"closed","sticky":false,"template":"","format":"standard","meta":{"_monsterinsights_skip_tracking":false,"_monsterinsights_sitenote_active":false,"_monsterinsights_sitenote_note":"","_monsterinsights_sitenote_category":0,"footnotes":""},"categories":[22,49],"tags":[],"class_list":["post-191782","post","type-post","status-publish","format-standard","has-post-thumbnail","hentry","category-invivoverso","category-news-18","category-22","category-49","description-off"],"img_url":"https:\/\/www.radiopiu.net\/wordpress\/wp-content\/uploads\/2021\/02\/LUCIA-MEZZACASA-FOTO-e1613471337942.jpg","_links":{"self":[{"href":"https:\/\/www.radiopiu.net\/wordpress\/wp-json\/wp\/v2\/posts\/191782","targetHints":{"allow":["GET"]}}],"collection":[{"href":"https:\/\/www.radiopiu.net\/wordpress\/wp-json\/wp\/v2\/posts"}],"about":[{"href":"https:\/\/www.radiopiu.net\/wordpress\/wp-json\/wp\/v2\/types\/post"}],"author":[{"embeddable":true,"href":"https:\/\/www.radiopiu.net\/wordpress\/wp-json\/wp\/v2\/users\/4"}],"replies":[{"embeddable":true,"href":"https:\/\/www.radiopiu.net\/wordpress\/wp-json\/wp\/v2\/comments?post=191782"}],"version-history":[{"count":0,"href":"https:\/\/www.radiopiu.net\/wordpress\/wp-json\/wp\/v2\/posts\/191782\/revisions"}],"wp:featuredmedia":[{"embeddable":true,"href":"https:\/\/www.radiopiu.net\/wordpress\/wp-json\/wp\/v2\/media\/191783"}],"wp:attachment":[{"href":"https:\/\/www.radiopiu.net\/wordpress\/wp-json\/wp\/v2\/media?parent=191782"}],"wp:term":[{"taxonomy":"category","embeddable":true,"href":"https:\/\/www.radiopiu.net\/wordpress\/wp-json\/wp\/v2\/categories?post=191782"},{"taxonomy":"post_tag","embeddable":true,"href":"https:\/\/www.radiopiu.net\/wordpress\/wp-json\/wp\/v2\/tags?post=191782"}],"curies":[{"name":"wp","href":"https:\/\/api.w.org\/{rel}","templated":true}]}}