{"id":191800,"date":"2021-02-16T12:36:36","date_gmt":"2021-02-16T11:36:36","guid":{"rendered":"https:\/\/www.radiopiu.net\/wordpress\/?p=191800"},"modified":"2021-02-16T15:06:35","modified_gmt":"2021-02-16T14:06:35","slug":"in-diretta-da-marghera-il-punto-stampa-di-luca-zaia-3","status":"publish","type":"post","link":"https:\/\/www.radiopiu.net\/wordpress\/in-diretta-da-marghera-il-punto-stampa-di-luca-zaia-3\/","title":{"rendered":"IL SOGNO DI LUCA&#8230; UN VENETO COVID FREE.  LUCA ZAIA DA VENEZIA &#8211; DAL 5 MARZO SUGLI SCI IN BASSA STAGIONE? SCATTA IL PUTIFERIO POLITICO"},"content":{"rendered":"<p><strong>VENEZIA<\/strong> La conferenza stampa di Luca Zaia da Venezia.<\/p>\n<p><strong>I NUMERI <\/strong>TAMPONI MOLECOARI 3milioni9000mila, RAPIDI oltre 2milioni POSITIVI NELLE 24 ORE 638\u00a0 INCIDENZA l&#8217;1,82%. POSITIVI DA INIZIO EMERGENZA 322354\u00a0 POSITIVI ATTUALI\u00a0 24253 RICOVERI 1518 AREA NON CRITICA 1382 (-51) TERAPIA INTENSIVA\u00a0 136 (-12)\u00a0 DECESSI 9551 (+ 42).<\/p>\n<p><strong>MORTO IL PROF GIUSEPPE BASSO. IL CORDOGLIO DI ZAIA<\/strong> \u201cIl Covid ci ha<\/p>\n<p><a href=\"https:\/\/www.radiopiu.net\/wordpress\/?attachment_id=191862\" rel=\"attachment wp-att-191862\"><img loading=\"lazy\" decoding=\"async\" class=\"size-medium wp-image-191862 aligncenter\" src=\"https:\/\/www.radiopiu.net\/wordpress\/wp-content\/uploads\/2021\/02\/151139512_1710950572440184_2335294493679791268_n-300x169.jpg\" alt=\"\" width=\"300\" height=\"169\" srcset=\"https:\/\/www.radiopiu.net\/wordpress\/wp-content\/uploads\/2021\/02\/151139512_1710950572440184_2335294493679791268_n-300x169.jpg 300w, https:\/\/www.radiopiu.net\/wordpress\/wp-content\/uploads\/2021\/02\/151139512_1710950572440184_2335294493679791268_n-768x432.jpg 768w, https:\/\/www.radiopiu.net\/wordpress\/wp-content\/uploads\/2021\/02\/151139512_1710950572440184_2335294493679791268_n.jpg 804w\" sizes=\"auto, (max-width: 300px) 100vw, 300px\" \/><\/a><\/p>\n<p><strong>VENEZIA\u00a0<\/strong> \u201cIl Covid ci ha portato via la stella cometa delle cure per i bambini malati di tumore. Con Giuseppe Basso, la sanit\u00e0 veneta perde non solo un grande clinico, ma anche una persona incomparabile per le qualit\u00e0 sul piano umano, che ho avuto la fortuna di conoscere molto bene\u201d. Con queste parole, il Presidente della Regione del Veneto, Luca Zaia, piange la scomparsa del Professor Giuseppe Basso, gi\u00e0 direttore dell\u2019oncoematologia pediatrica di Padova, uno dei medici pi\u00f9 conosciuti e amati d\u2019Italia. Giuseppe Basso, con il suo appassionato lavoro, ha salvato migliaia di giovani vite.<\/p>\n<p>&nbsp;<\/p>\n<p>&nbsp;<\/p>\n<blockquote>\n<h2>LEGGI LA CONFERENZA STAMPA DI LUCA ZAIA<\/h2>\n<p><em>Se tornano le varianti potremmo avere\u00a0 turbolenze in volo. La misura del 50% in didattica a distanza \u00e8 prudenziale, temiamo l&#8217;effetto delle varianti sui giovani, quindi questa sar\u00e0 la situazione fino al 5 marzo, quando scadr\u00e0 il Dpcm. Se la variante inglese \u00e8 gi\u00e0 passata temiamo la brasiliana e la sudafricana. Lockdown totale? Bisogna avere grandi giustificazioni, se c&#8217;\u00e8 un dibattito fra scienziati, qualche dubbio mi viene.<\/em><\/p><\/blockquote>\n<p><strong>SITUAZIONE<\/strong> Non bisogna abbassare la guardia. I dati sono positivi da 45 giorni e sono un dato importante. Bisogna mantenere distanziamento, mascherina e rispettare le regole per evitare un lockdown. \u00a0Con mille persone in una piazza abbiamo 3 positivi potenziali. Ci siamo dati come limite fine febbraio per un bilancio sul contagio, zona gialla e riapertura, lo faremo guardando i ricoveri innanzitutto, poi le terapie intensive e infine la mortalit\u00e0. <strong>SCUOLA<\/strong> Siamo preoccupati sul fronte delle scuole perch\u00e9 il tema delle varianti. Vogliamo entrare nelle scuole per misurare la circolazione del virus, alle medie vorremmo attuare l&#8217;auto somministrazione guidata del test anti Covid, nelle terze medie, abbiamo presentato la validazione del test fai da te a Roma.\u00a0<strong> STAGIONE DELLO SCI <\/strong>Sulle piste da sci raccolgo le lamentele e la desolazione degli operatori, oltre a non guadagnare hanno spese per non aprire, faccio appello al Governo affinch\u00e9 provveda con gli indennizzi. Volevo ricordare che dal 5 marzo in montagna \u00e8 periodo di bassa stagione.\u00a0 <strong>VACCINI\u00a0 <\/strong>Il commissario \u00a0Arcuri ha sentito il dottor Flor che ha richiesto il numero dei lotti dei vaccini, qualora ci fosse confermata la fornitura per 27 milioni di dosi. Flor sta facendo una verifica formale riguardo ai lotti e alle matricole, noi questa operazione non la facciamo per fare politica, ma abbiamo 5 milioni di veneto che potrebbero chiedere di essere vaccinati, questo conta, e ho anche l&#8217;impressione che di qui a un mese avremo molti pi\u00f9 vaccini sul mercato.<strong> VENETO LIBERO DAL VIRUS<\/strong> \u00a0Il mio sogno \u00e8 realizzare il Veneto Covid free. Le cifre proposte sono in linea se non pi\u00f9 basse di quelle di mercato, noi non strapagheremmo mai un vaccino e a proposito degli intermediari, mi meraviglia che qualcuno abbia da ridire perch\u00e9 trattiamo con\u00a0 loro,\u00a0 e con chi dovremmo trattare? Dovremo capire\u00a0 quali siano le norme giuridiche,\u00a0 l&#8217;Italia non pu\u00f2 comprare al di fuori del contratto europeo, mentre le Regioni si. Le Regioni potrebbero acquistare autonomamente. Dobbiamo trovare un punto di equilibrio fra la capacit\u00e0 vaccinale e quella di fare magazzino perch\u00e9 non rimangano per mesi sugli scaffali. <strong>DIRETTORI GENERALI IN SCADENZA <\/strong>Ho intenzione di nominarli tutti entro la prossima settimana, nessuna proroga. Sto valutando la situazione con l&#8217;assessore Lanzarin e il dottor Flo, grazie a chi mi manda consigli ma alla fine la decisione spetta a me e rispondero&#8217; io. E&#8217; stato fatto un band, abbiamo abbozzato la lista ma adesso voglio vedere tutti i curriculum. <strong>CONTRARIO AL LOCKDOWN DURO?<\/strong>\u00a0 \u00a0Se qualcuno lo vuole ci dia le motivazioni concrete. Come si giustifica che serviva il lockdown a dicembre per essere puliti a gennaio? Significa mettere in ginocchio una comunit\u00e0 quindi servono grandi giustificazioni, che ci sia un dibattito tra gli scienziati mi fa venire un dubbio. <strong>La Germania sta trattando con Moderna<\/strong>\u00a0<em> Da un pezzo dico che la Germania sta negoziando e sono convinto che altri Paesi europei si arrangeranno.<\/em><\/p>\n<p>https:\/\/www.facebook.com\/zaiaufficiale\/videos\/515865433147488<\/p>\n<p>&nbsp;<\/p>\n","protected":false},"excerpt":{"rendered":"<p>VENEZIA La conferenza stampa di Luca Zaia da Venezia. I NUMERI TAMPONI MOLECOARI 3milioni9000mila, RAPIDI oltre 2milioni POSITIVI NELLE 24 ORE 638\u00a0 INCIDENZA l&#8217;1,82%. POSITIVI DA INIZIO EMERGENZA 322354\u00a0 POSITIVI ATTUALI\u00a0 24253 RICOVERI 1518 AREA NON CRITICA 1382 (-51) TERAPIA INTENSIVA\u00a0 136 (-12)\u00a0 DECESSI 9551 (+ 42). MORTO IL PROF GIUSEPPE BASSO. IL CORDOGLIO DI&hellip;<\/p>\n","protected":false},"author":4,"featured_media":178309,"comment_status":"closed","ping_status":"closed","sticky":false,"template":"","format":"standard","meta":{"_monsterinsights_skip_tracking":false,"_monsterinsights_sitenote_active":false,"_monsterinsights_sitenote_note":"","_monsterinsights_sitenote_category":0,"footnotes":""},"categories":[104,49],"tags":[],"class_list":["post-191800","post","type-post","status-publish","format-standard","has-post-thumbnail","hentry","category-evidenza_3","category-news-18","category-104","category-49","description-off"],"img_url":"https:\/\/www.radiopiu.net\/wordpress\/wp-content\/uploads\/2020\/12\/ZAIA-CONF-STAMPA.png","_links":{"self":[{"href":"https:\/\/www.radiopiu.net\/wordpress\/wp-json\/wp\/v2\/posts\/191800","targetHints":{"allow":["GET"]}}],"collection":[{"href":"https:\/\/www.radiopiu.net\/wordpress\/wp-json\/wp\/v2\/posts"}],"about":[{"href":"https:\/\/www.radiopiu.net\/wordpress\/wp-json\/wp\/v2\/types\/post"}],"author":[{"embeddable":true,"href":"https:\/\/www.radiopiu.net\/wordpress\/wp-json\/wp\/v2\/users\/4"}],"replies":[{"embeddable":true,"href":"https:\/\/www.radiopiu.net\/wordpress\/wp-json\/wp\/v2\/comments?post=191800"}],"version-history":[{"count":0,"href":"https:\/\/www.radiopiu.net\/wordpress\/wp-json\/wp\/v2\/posts\/191800\/revisions"}],"wp:featuredmedia":[{"embeddable":true,"href":"https:\/\/www.radiopiu.net\/wordpress\/wp-json\/wp\/v2\/media\/178309"}],"wp:attachment":[{"href":"https:\/\/www.radiopiu.net\/wordpress\/wp-json\/wp\/v2\/media?parent=191800"}],"wp:term":[{"taxonomy":"category","embeddable":true,"href":"https:\/\/www.radiopiu.net\/wordpress\/wp-json\/wp\/v2\/categories?post=191800"},{"taxonomy":"post_tag","embeddable":true,"href":"https:\/\/www.radiopiu.net\/wordpress\/wp-json\/wp\/v2\/tags?post=191800"}],"curies":[{"name":"wp","href":"https:\/\/api.w.org\/{rel}","templated":true}]}}