{"id":191865,"date":"2021-02-16T15:31:38","date_gmt":"2021-02-16T14:31:38","guid":{"rendered":"https:\/\/www.radiopiu.net\/wordpress\/?p=191865"},"modified":"2021-02-16T15:37:09","modified_gmt":"2021-02-16T14:37:09","slug":"191865-222","status":"publish","type":"post","link":"https:\/\/www.radiopiu.net\/wordpress\/191865-222\/","title":{"rendered":"CARO MINISTRO TI SCRIVO, PERCHE&#8217; QUI VA PROPRIO MALE ANCHE CON LE BANCHE"},"content":{"rendered":"<blockquote><p><em>Cari Ministri, il tempo \u00e8 finito, siamo nel dramma noi lavoratori e le nostre famiglie. Ci aspettiamo che insieme, ognuno per la propria parte si possa garantire un futuro alla nostra gente, alla nostra comunit\u00e0<\/em><\/p><\/blockquote>\n<p><strong><img loading=\"lazy\" decoding=\"async\" class=\"alignleft\" src=\"https:\/\/www.radiopiu.net\/wordpress\/wp-content\/uploads\/2021\/02\/16692f45-1849-4478-8f62-ca843a9dae59-300x300.jpg\" width=\"175\" height=\"175\" \/>BORGO VALBELLUNA<\/strong> Posta in partenza per i Ministri bellunesi Daniele Franco e Federico D&#8217;Inc\u00e0, una sorta di consegna porta a porta, da Mel a Trichiana. I sindacati (Fim-Fiom-Uilm) con i lavoratori e le lavoratrici della Acc Wanbaoo si rivolgono ai due Ministri freschi di nomina anche in nome di un legame sociale e culturale che li accomuna alla provincia. In particolare viene chiesto l&#8217;interessamento, l&#8217;aiuto, per rilanciare la fabbrica. La vecchia e gloriosa Zanussi Elettromeccanica degli anni Sessanta, nata dopo la tragedia del Vajont, simbolo per anni dell&#8217;identit\u00e0 industriale <a href=\"https:\/\/www.radiopiu.net\/wordpress\/giornale-radiopiu-19-01-direttore-mirko-mezzacasa\/donazzan-foto-wanbao-acc-di-mel\/\" rel=\"attachment wp-att-15631\"><img loading=\"lazy\" decoding=\"async\" class=\"size-medium wp-image-15631 alignright\" src=\"https:\/\/www.radiopiu.net\/wordpress\/wp-content\/uploads\/2016\/01\/DONAZZAN-FOTO-WANBAO-ACC-DI-MEL-e1589904926185-300x224.jpg\" alt=\"\" width=\"300\" height=\"224\" \/><\/a>bellunese formando generazioni di operaie, operai, tecnici e dirigenti che poi hanno contribuito allo sviluppo delle imprese locali. Negli anni sono arrivate le sventure, un decennio di gestione di fondi privati che hanno commesso &#8211; secondo i sindacati e lavoratori \u2013 enormi errori strategici conducendo l&#8217;azienda al dissesto, poi sono arrivati i 5 anni di gestione di un gruppo pubblico \u201cincapace di rilanciarla \u2013 continua la lettera ai Ministri \u2013 in questa tempesta abbiamo sempre dimostrato la nostra capacit\u00e0 di resistenza, siamo ancora vivi, apprezzati dai grandi clienti europei per l&#8217;affidabilit\u00e0 e flessibilit\u00e0. Siamo capaci di esprimere prodotti all&#8217;avanguardia con il nuovo compressore a velocit\u00e0 variabile gi\u00e0 <a href=\"https:\/\/www.radiopiu.net\/wordpress\/191865-222\/318ae431-f18f-4660-acfb-6fca35f87fef\/\" rel=\"attachment wp-att-191869\"><img loading=\"lazy\" decoding=\"async\" class=\"size-medium wp-image-191869 alignleft\" src=\"https:\/\/www.radiopiu.net\/wordpress\/wp-content\/uploads\/2021\/02\/318ae431-f18f-4660-acfb-6fca35f87fef-214x300.jpg\" alt=\"\" width=\"214\" height=\"300\" srcset=\"https:\/\/www.radiopiu.net\/wordpress\/wp-content\/uploads\/2021\/02\/318ae431-f18f-4660-acfb-6fca35f87fef-214x300.jpg 214w, https:\/\/www.radiopiu.net\/wordpress\/wp-content\/uploads\/2021\/02\/318ae431-f18f-4660-acfb-6fca35f87fef.jpg 731w\" sizes=\"auto, (max-width: 214px) 100vw, 214px\" \/><\/a>prenotato dai maggiori produttori internazionali e siamo persino arrivati a rinunciare per 6 mesi al 50% dei nostri stipendi per consentire l&#8217;acquisto della materia prima\u201d.<br \/>\nNella missiva viene messo in evidenza la straordinaria opportunit\u00e0 di guidare un progetto di forte rilancio industriale per la fabbrica forza motrice del progetto Italcomp con la Embraco di Chieri, con la previsione di assemblare 6 milioni di compressori, diventando un punto di riferimento per la provincia e il Veneto.<br \/>\nQuindi il nocciolo della questione: \u201cPerch\u00e9 tutto questo si realizzi, manca solo che le banche e gli istituti di credito concedano i prestiti necessari alla operativit\u00e0 di Acc in attesa della nascita di Italcomp, avendo peraltro gi\u00e0 le necessarie garanzie statali\u201d.<\/p>\n","protected":false},"excerpt":{"rendered":"<p>Cari Ministri, il tempo \u00e8 finito, siamo nel dramma noi lavoratori e le nostre famiglie. Ci aspettiamo che insieme, ognuno per la propria parte si possa garantire un futuro alla nostra gente, alla nostra comunit\u00e0 BORGO VALBELLUNA Posta in partenza per i Ministri bellunesi Daniele Franco e Federico D&#8217;Inc\u00e0, una sorta di consegna porta a&hellip;<\/p>\n","protected":false},"author":4,"featured_media":190894,"comment_status":"closed","ping_status":"closed","sticky":false,"template":"","format":"standard","meta":{"_monsterinsights_skip_tracking":false,"_monsterinsights_sitenote_active":false,"_monsterinsights_sitenote_note":"","_monsterinsights_sitenote_category":0,"footnotes":""},"categories":[51,49],"tags":[],"class_list":["post-191865","post","type-post","status-publish","format-standard","has-post-thumbnail","hentry","category-evidenza-top","category-news-18","category-51","category-49","description-off"],"img_url":"https:\/\/www.radiopiu.net\/wordpress\/wp-content\/uploads\/2021\/02\/16692f45-1849-4478-8f62-ca843a9dae59.jpg","_links":{"self":[{"href":"https:\/\/www.radiopiu.net\/wordpress\/wp-json\/wp\/v2\/posts\/191865","targetHints":{"allow":["GET"]}}],"collection":[{"href":"https:\/\/www.radiopiu.net\/wordpress\/wp-json\/wp\/v2\/posts"}],"about":[{"href":"https:\/\/www.radiopiu.net\/wordpress\/wp-json\/wp\/v2\/types\/post"}],"author":[{"embeddable":true,"href":"https:\/\/www.radiopiu.net\/wordpress\/wp-json\/wp\/v2\/users\/4"}],"replies":[{"embeddable":true,"href":"https:\/\/www.radiopiu.net\/wordpress\/wp-json\/wp\/v2\/comments?post=191865"}],"version-history":[{"count":0,"href":"https:\/\/www.radiopiu.net\/wordpress\/wp-json\/wp\/v2\/posts\/191865\/revisions"}],"wp:featuredmedia":[{"embeddable":true,"href":"https:\/\/www.radiopiu.net\/wordpress\/wp-json\/wp\/v2\/media\/190894"}],"wp:attachment":[{"href":"https:\/\/www.radiopiu.net\/wordpress\/wp-json\/wp\/v2\/media?parent=191865"}],"wp:term":[{"taxonomy":"category","embeddable":true,"href":"https:\/\/www.radiopiu.net\/wordpress\/wp-json\/wp\/v2\/categories?post=191865"},{"taxonomy":"post_tag","embeddable":true,"href":"https:\/\/www.radiopiu.net\/wordpress\/wp-json\/wp\/v2\/tags?post=191865"}],"curies":[{"name":"wp","href":"https:\/\/api.w.org\/{rel}","templated":true}]}}