{"id":191904,"date":"2021-02-17T05:55:27","date_gmt":"2021-02-17T04:55:27","guid":{"rendered":"https:\/\/www.radiopiu.net\/wordpress\/?p=191904"},"modified":"2021-02-17T06:12:52","modified_gmt":"2021-02-17T05:12:52","slug":"da-domenica-21-febbraio-il-vaccino-per-il-personale-della-scuola","status":"publish","type":"post","link":"https:\/\/www.radiopiu.net\/wordpress\/da-domenica-21-febbraio-il-vaccino-per-il-personale-della-scuola\/","title":{"rendered":"DA DOMENICA 21 FEBBRAIO IL VACCINO PER IL PERSONALE DELLA SCUOLA"},"content":{"rendered":"<p><strong><img loading=\"lazy\" decoding=\"async\" class=\"alignleft\" src=\"https:\/\/www.radiopiu.net\/wordpress\/wp-content\/uploads\/2015\/11\/vaccino-influenza.jpg\" width=\"217\" height=\"149\" \/>BELLUNO<\/strong> I prossimi appuntamenti per le vaccinazioni anti covid nei Centri di Vaccinazione Pubblici <b>in modalit\u00e0 drive-iN- <\/b><span style=\"color: #4f81bd;\"><span style=\"font-size: large;\"><b>Personale della scuola: <\/b><\/span><\/span><span style=\"font-size: medium;\">Convocazione tramite registrazione a un link dedicato inviato alle scuole <\/span><span style=\"font-size: medium;\">domenica 21 Febbraio BELLUNO (ospedale San Martino) e FELTRE (ex Marangoni Peschiera) <\/span><span style=\"font-size: medium;\">lunedi 22 Febbraio TAI di Cadore (piazzale Dolomiti) <\/span><span style=\"font-size: medium;\">marted\u00ec 23 Febbraio AGORDO (piazzale Tamonich) <\/span><span style=\"color: #4f81bd;\"><span style=\"font-size: large;\"><b>Classe 1941 <\/b><\/span><\/span><span style=\"font-size: medium;\">convocazione tramite lettera <\/span><span style=\"font-size: medium;\">sabato 27 e domenica 28 Febbraio BELLUNO (ospedale San Martino) <\/span><span style=\"font-size: medium;\">Giornate di recupero territoriale da richiedere alla mail <a href=\"mailto:vaccinazioni.covid@aulss1.veneto.it\">vaccinazioni.covid@aulss1.veneto.it<\/a>: <\/span><span style=\"font-size: medium;\">luned\u00ec 15 marzo TAI di Cadore (piazzale Dolomiti) <\/span><span style=\"font-size: medium;\">marted\u00ec 16 marzo AGORDO (piazzale Tamonich) <\/span><span style=\"font-size: medium;\">mercoled\u00ec 17 marzo FELTRE (ex Marangoni Peschiera) <\/span><span style=\"color: #4f81bd;\"><span style=\"font-size: large;\"><b>Classe 1940 <\/b><\/span><\/span><span style=\"font-size: medium;\">convocazione tramite lettera <\/span><span style=\"font-size: medium; font-family: 'Times New Roman', serif;\">domenica 14 marzo BELLUNO(ospedale San Martino) e FELTRE (ex Marangoni Peschiera) <\/span><span style=\"font-size: medium; font-family: 'Times New Roman', serif;\">lunedi 15 marzo TAI di Cadore (piazzale Dolomiti) <\/span><span style=\"font-size: medium; font-family: 'Times New Roman', serif;\">marted\u00ec 16 marzo AGORDO (piazzale Tamonich) <\/span><span style=\"font-family: Times New Roman, serif;\"><span style=\"font-size: medium;\"><span style=\"font-family: Calibri, serif;\">La vaccinazione avverr\u00e0 in modalit\u00e0 drive-in nei Centri di Vaccinazione Pubblici. \u00c8 quindi necessario presentarsi in auto, con abbigliamento comodo per scoprire la parte alta del braccio<\/span><span style=\"font-family: Calibri, serif;\">. <\/span><\/span><\/span><span style=\"font-family: Calibri, serif;\">\u00c8 necessario portare: <\/span><span style=\"font-family: Calibri, serif;\">la lettera\/mail di invito <\/span><span style=\"font-family: Calibri, serif;\">un documento di riconoscimento, <\/span><span style=\"font-family: Calibri, serif;\">la tessera sanitaria, <\/span><span style=\"font-family: Calibri, serif;\">la scheda di anamnesi compilata (inviata insieme alla lettera e disponibile sul sito <\/span><a style=\"font-family: Calibri, serif;\" href=\"http:\/\/www.aulss1.veneto.it\">www.aulss1.veneto.it<\/a><span style=\"font-family: Calibri, serif;\">). <\/span><span style=\"font-family: Calibri, serif;\">In occasione della prima vaccinazione verr\u00e0 programmato il successivo appuntamento per la seconda<\/span> <span style=\"font-family: Calibri, serif;\">dose. <\/span><span style=\"font-family: Calibri, serif;\">Per informazioni scrivere a<a href=\"mailto:vaccinazioni.covid@aulss1.veneto.it\"> vaccinazioni.covid@aulss1.veneto.it\u00a0<\/a><\/span><\/p>\n","protected":false},"excerpt":{"rendered":"<p>BELLUNO I prossimi appuntamenti per le vaccinazioni anti covid nei Centri di Vaccinazione Pubblici in modalit\u00e0 drive-iN- Personale della scuola: Convocazione tramite registrazione a un link dedicato inviato alle scuole domenica 21 Febbraio BELLUNO (ospedale San Martino) e FELTRE (ex Marangoni Peschiera) lunedi 22 Febbraio TAI di Cadore (piazzale Dolomiti) marted\u00ec 23 Febbraio AGORDO (piazzale&hellip;<\/p>\n","protected":false},"author":4,"featured_media":0,"comment_status":"closed","ping_status":"closed","sticky":false,"template":"","format":"standard","meta":{"_monsterinsights_skip_tracking":false,"_monsterinsights_sitenote_active":false,"_monsterinsights_sitenote_note":"","_monsterinsights_sitenote_category":0,"footnotes":""},"categories":[1,51,49],"tags":[],"class_list":["post-191904","post","type-post","status-publish","format-standard","hentry","category-senza-categoria","category-evidenza-top","category-news-18","category-1","category-51","category-49","description-off"],"img_url":false,"_links":{"self":[{"href":"https:\/\/www.radiopiu.net\/wordpress\/wp-json\/wp\/v2\/posts\/191904","targetHints":{"allow":["GET"]}}],"collection":[{"href":"https:\/\/www.radiopiu.net\/wordpress\/wp-json\/wp\/v2\/posts"}],"about":[{"href":"https:\/\/www.radiopiu.net\/wordpress\/wp-json\/wp\/v2\/types\/post"}],"author":[{"embeddable":true,"href":"https:\/\/www.radiopiu.net\/wordpress\/wp-json\/wp\/v2\/users\/4"}],"replies":[{"embeddable":true,"href":"https:\/\/www.radiopiu.net\/wordpress\/wp-json\/wp\/v2\/comments?post=191904"}],"version-history":[{"count":0,"href":"https:\/\/www.radiopiu.net\/wordpress\/wp-json\/wp\/v2\/posts\/191904\/revisions"}],"wp:attachment":[{"href":"https:\/\/www.radiopiu.net\/wordpress\/wp-json\/wp\/v2\/media?parent=191904"}],"wp:term":[{"taxonomy":"category","embeddable":true,"href":"https:\/\/www.radiopiu.net\/wordpress\/wp-json\/wp\/v2\/categories?post=191904"},{"taxonomy":"post_tag","embeddable":true,"href":"https:\/\/www.radiopiu.net\/wordpress\/wp-json\/wp\/v2\/tags?post=191904"}],"curies":[{"name":"wp","href":"https:\/\/api.w.org\/{rel}","templated":true}]}}