{"id":191977,"date":"2021-02-17T12:25:45","date_gmt":"2021-02-17T11:25:45","guid":{"rendered":"https:\/\/www.radiopiu.net\/wordpress\/?p=191977"},"modified":"2021-02-17T14:34:31","modified_gmt":"2021-02-17T13:34:31","slug":"da-marghera-il-presidente-del-veneto-luca-zaia-fa-il-punto-sullemergenza-covid","status":"publish","type":"post","link":"https:\/\/www.radiopiu.net\/wordpress\/da-marghera-il-presidente-del-veneto-luca-zaia-fa-il-punto-sullemergenza-covid\/","title":{"rendered":"LA MONTAGNA MUORE E CON LA PANDEMIA E LE VACCINAZIONI? DA MARGHERA IL PRESIDENTE DEL VENETO LUCA ZAIA"},"content":{"rendered":"<p style=\"padding-left: 40px;\"><strong>VENEZIA<\/strong> Il Presidente del Veneto Luca Zaia sar\u00e0 in diretta da Marghera, sede della Protezione Civile, per fare il punto sull&#8217;emergenza Covid-19.<\/p>\n<p><strong>I NUMERI\u00a0<\/strong><\/p>\n<p>TAMPONI MOLECOLARI 3918407 TAMPONI RAPIDI 2947750 TOTALE TAMPONI 39mila POSITIVI ULTIME 24 ORE +492 INCIDENZA POSITIVI-TAMPONI 1,26% (italia oltre il 4%) POSITIVI DA INIZIO EPIDEMIA 322846 POSITIVI ATTUALI\u00a0 23378 RICOVERI 1470 (2000 letti in meno rispetto al 31 dicembre 2020) IN AREA NON CRITICA 1336 (-46, 875 positivi) IN TERAPIA INTENSIVA 134 (-2, 97 i positivi)\u00a0 DECESSI 9621 (+70) DIMESSI 15461<\/p>\n<blockquote>\n<h3>LEGGI LA CONFERENZA STAMPA DI LUCA ZAIA<\/h3>\n<p><em>Noi non ce ne stiamo immobili in attesa del piano vaccinale, anche se sarebbe pi\u00f9 comodo, noi cerchiamo il bene dei veneti senza alcun tornaconto personale.<\/em><\/p><\/blockquote>\n<p><strong>SITUAZIONE<\/strong> Siamo preoccupati, oggettivamente il Veneto in questa fase ha un comportamento anticilico rispetto agli altri in quanto a contagio. Abbiamo avuto l&#8217;onda d&#8217;urto pesante a novembre e dicembre poi a gennaio sono iniziati a calare i contagi, siamo a una cinquantina di giorni di calo consecutivi, non solo per la colorazione della zona.<strong> VARIANTI<\/strong> Qui ha pesato il tema della varianti fin dal 24 dicembre con i primi casi dei 3 pazienti tamponati positivi alla variante inglese. Il Veneto ha contato 8 mutazioni, alcune tipicamente venete. Il calo \u00e8 stato forte e repentino, 2000 letti in meno in 50 giorni. Ma il tema delle varianti non smette di preoccuparci.<strong> VACCINI<\/strong> Ad oggi abbiamo inoculato 250 mila vaccini, 108 mila completi di seconda dose, ieri abbiamo vaccinato 6000 persone ma potremo vaccinarne molte di piu&#8217; avessimo il magazzino pieno, da qui all&#8217;estate sarebbe una regione covid free. Israele ha vaccinato tutti ed ha un calo drastico dei ricoveri con l&#8217;immunit\u00e0 di gregge.\u00a0 Abbiamo fatto una scelta di distinguere la fase di indirizzo da quella gestionale, non abbiamo mai incontrato alcun intermediario. Siamo collaborativi. Oggi la domanda di vaccini \u00e8 superiore all&#8217;offerta, ce ne sono di meno rispetto al fabbisogno normale. <strong>LA CORTE DEI CONTI POTREBBE CONTESTARVI DI COMPRARE I VACCINI DUE VOLTE <\/strong>\u00a0Valutazioni da azzeccarbugli, noi poniamo la questione di salvare una persona, in ogni caso mi pare che di vaccini sia necessit\u00e0 ovunque. In Italia il buon fare e saper fare si trasforma in procedimenti. IN <strong>VENETO C&#8217;E&#8217; LA VARIANTE NIGERIANA?<\/strong> Non \u00e8 stata riscontrata, non questa, altre si. Ma le mutazioni sono in continuo movimento.<\/p>\n<blockquote>\n<h3>DOTTOR FLO DIRETTORE SANITA&#8217; VENETA.<\/h3>\n<\/blockquote>\n<p><strong>SITUAZIONE <\/strong>Abbiamo la media regionale di adesione al vaccino degli ultra ottantenni da 80% e 90% che \u00e8 una media soddisfacente, di ordine sociale e sanitario. <strong>MERCATO VACCINI<\/strong>\u00a0 Chi ci chiede prima i soldi vengono scartati. Abbiamo ricevuto almeno 20 segnalazioni, a 6 abbiamo chiesto chiarimenti per capire se il vaccino c&#8217;\u00e8 davvero, in che tempi sia disponibile, in quale quantit\u00e0 ed a quale costo. Due dei 6 ci hanno risposto con un&#8217;offerta dettagliata e quindi abbiamo chiesto il numero di lotto e la scadenza della fornitura, chiarimenti necessari per la preventiva autorizzazione Ministeriale. Non abbiamo ancora trattato ne&#8217; tempi n\u00e8 prezzi con nessuno.Sono trattative \u00a0complesse in cui di recente \u00e8 entrata anche AstraZeneca, ovviamente il Veneto se sar\u00e0 autorizzato si rivolger\u00e0 a chi d\u00e0 le maggiori garanzie. <strong>MORTALITA&#8217;<\/strong> non decresce come gli altri dati clinici,\u00a0 la mortalit\u00e0 \u00e8 prevalentemente in ospedale e si tratta di pazienti che erano in cura da mesi e si sono aggravati. Il Veneto\u00a0 \u00e8 l&#8217;ottava regione in Italia come livelli di mortalit\u00e0 per abitante.<\/p>\n<p><a href=\"https:\/\/www.facebook.com\/zaiaufficiale\/videos\/2897020110567246\">https:\/\/www.facebook.com\/zaiaufficiale\/videos\/2897020110567246<\/a><\/p>\n<p>&nbsp;<\/p>\n","protected":false},"excerpt":{"rendered":"<p>VENEZIA Il Presidente del Veneto Luca Zaia sar\u00e0 in diretta da Marghera, sede della Protezione Civile, per fare il punto sull&#8217;emergenza Covid-19. I NUMERI\u00a0 TAMPONI MOLECOLARI 3918407 TAMPONI RAPIDI 2947750 TOTALE TAMPONI 39mila POSITIVI ULTIME 24 ORE +492 INCIDENZA POSITIVI-TAMPONI 1,26% (italia oltre il 4%) POSITIVI DA INIZIO EPIDEMIA 322846 POSITIVI ATTUALI\u00a0 23378 RICOVERI 1470&hellip;<\/p>\n","protected":false},"author":4,"featured_media":133954,"comment_status":"closed","ping_status":"closed","sticky":false,"template":"","format":"standard","meta":{"_monsterinsights_skip_tracking":false,"_monsterinsights_sitenote_active":false,"_monsterinsights_sitenote_note":"","_monsterinsights_sitenote_category":0,"footnotes":""},"categories":[51,49],"tags":[],"class_list":["post-191977","post","type-post","status-publish","format-standard","has-post-thumbnail","hentry","category-evidenza-top","category-news-18","category-51","category-49","description-off"],"img_url":"https:\/\/www.radiopiu.net\/wordpress\/wp-content\/uploads\/2020\/04\/ZAIA.jpg","_links":{"self":[{"href":"https:\/\/www.radiopiu.net\/wordpress\/wp-json\/wp\/v2\/posts\/191977","targetHints":{"allow":["GET"]}}],"collection":[{"href":"https:\/\/www.radiopiu.net\/wordpress\/wp-json\/wp\/v2\/posts"}],"about":[{"href":"https:\/\/www.radiopiu.net\/wordpress\/wp-json\/wp\/v2\/types\/post"}],"author":[{"embeddable":true,"href":"https:\/\/www.radiopiu.net\/wordpress\/wp-json\/wp\/v2\/users\/4"}],"replies":[{"embeddable":true,"href":"https:\/\/www.radiopiu.net\/wordpress\/wp-json\/wp\/v2\/comments?post=191977"}],"version-history":[{"count":0,"href":"https:\/\/www.radiopiu.net\/wordpress\/wp-json\/wp\/v2\/posts\/191977\/revisions"}],"wp:featuredmedia":[{"embeddable":true,"href":"https:\/\/www.radiopiu.net\/wordpress\/wp-json\/wp\/v2\/media\/133954"}],"wp:attachment":[{"href":"https:\/\/www.radiopiu.net\/wordpress\/wp-json\/wp\/v2\/media?parent=191977"}],"wp:term":[{"taxonomy":"category","embeddable":true,"href":"https:\/\/www.radiopiu.net\/wordpress\/wp-json\/wp\/v2\/categories?post=191977"},{"taxonomy":"post_tag","embeddable":true,"href":"https:\/\/www.radiopiu.net\/wordpress\/wp-json\/wp\/v2\/tags?post=191977"}],"curies":[{"name":"wp","href":"https:\/\/api.w.org\/{rel}","templated":true}]}}