{"id":192125,"date":"2021-02-19T05:48:12","date_gmt":"2021-02-19T04:48:12","guid":{"rendered":"https:\/\/www.radiopiu.net\/wordpress\/?p=192125"},"modified":"2021-02-19T10:20:46","modified_gmt":"2021-02-19T09:20:46","slug":"giornale-radiopiu-19-febbraio-2021-direttore-mirko-mezzacasa","status":"publish","type":"post","link":"https:\/\/www.radiopiu.net\/wordpress\/giornale-radiopiu-19-febbraio-2021-direttore-mirko-mezzacasa\/","title":{"rendered":"GIORNALE RADIOPIU 19 FEBBRAIO 2021 DIRETTORE MIRKO MEZZACASA"},"content":{"rendered":"<h3><a href=\"https:\/\/www.radiopiu.net\/wordpress\/giornale-radiopiu-24-gennaio-2021-direttore-mirko-mezzacasa\/141433770_171616291414874_2957460898102012198_n\/\" rel=\"attachment wp-att-186566\"><img loading=\"lazy\" decoding=\"async\" class=\"wp-image-186566 alignleft\" src=\"https:\/\/www.radiopiu.net\/wordpress\/wp-content\/uploads\/2021\/01\/141433770_171616291414874_2957460898102012198_n-300x300.jpg\" alt=\"\" width=\"144\" height=\"144\" srcset=\"https:\/\/www.radiopiu.net\/wordpress\/wp-content\/uploads\/2021\/01\/141433770_171616291414874_2957460898102012198_n-300x300.jpg 300w, https:\/\/www.radiopiu.net\/wordpress\/wp-content\/uploads\/2021\/01\/141433770_171616291414874_2957460898102012198_n-150x150.jpg 150w, https:\/\/www.radiopiu.net\/wordpress\/wp-content\/uploads\/2021\/01\/141433770_171616291414874_2957460898102012198_n-768x768.jpg 768w, https:\/\/www.radiopiu.net\/wordpress\/wp-content\/uploads\/2021\/01\/141433770_171616291414874_2957460898102012198_n.jpg 800w\" sizes=\"auto, (max-width: 144px) 100vw, 144px\" \/><\/a>PER<strong> RICEVERE QUESTO NOTIZIARIO DIRETTAMENTE SUL TUO CELLULARE ISCRIVITI AL CANALE TELEGRAM <\/strong><strong>\u201cRADIO PIU\u00a0 INFORMAZIONE&#8221;\u00a0<\/strong><\/h3>\n<h3>SUPERATI I 3000 ISCRITTI, il CANALE TELEGRAM&#8230; UNISCITI A: RADIO PIU INFORMAZIONE<\/h3>\n<p>&nbsp;<\/p>\n<p>&nbsp;<\/p>\n<p><em><a href=\"https:\/\/www.radiopiu.net\/wordpress\/giornale-radiopiu-24-gennaio-2021-direttore-mirko-mezzacasa\/79216601_126817312416448_708980208774483089_n\/\" rel=\"attachment wp-att-186567\"><img loading=\"lazy\" decoding=\"async\" class=\"size-medium wp-image-186567 alignright\" src=\"https:\/\/www.radiopiu.net\/wordpress\/wp-content\/uploads\/2021\/01\/79216601_126817312416448_708980208774483089_n-300x114.jpg\" alt=\"\" width=\"300\" height=\"114\" srcset=\"https:\/\/www.radiopiu.net\/wordpress\/wp-content\/uploads\/2021\/01\/79216601_126817312416448_708980208774483089_n-300x114.jpg 300w, https:\/\/www.radiopiu.net\/wordpress\/wp-content\/uploads\/2021\/01\/79216601_126817312416448_708980208774483089_n-768x292.jpg 768w, https:\/\/www.radiopiu.net\/wordpress\/wp-content\/uploads\/2021\/01\/79216601_126817312416448_708980208774483089_n.jpg 820w\" sizes=\"auto, (max-width: 300px) 100vw, 300px\" \/><\/a><span style=\"color: #ff0000;\">ATTENZIONE: LA NUOVA APP PER IOS-IPHONE di Nicola Vettorello <\/span><\/em><a href=\"https:\/\/apps.apple.com\/it\/app\/radio-pi%C3%B9-emittente-agordina\/id1515939845\">https:\/\/apps.apple.com\/it\/app\/radio-pi%C3%B9-emittente-agordina\/id1515939845<\/a><\/p>\n<p><em style=\"color: #ff0000;\">ATTENZIONE: LA NUOVA APP RADIO\u00a0 PER ANDROID di Nicola Vettorello<\/em><\/p>\n<p><a href=\"https:\/\/play.google.com\/store\/apps\/details?id=net.radiopiu.iniko\" target=\"_blank\" rel=\"noopener noreferrer\">https:\/\/play.google.com\/store\/apps\/details?id=net.radiopiu.iniko\u00a0\u00a0<\/a><\/p>\n<p>&nbsp;<\/p>\n<hr \/>\n<blockquote>\n<h3><a href=\"https:\/\/www.radiopiu.net\/wordpress\/giornale-radiopiu-17-febbraio-2021-direttore-mirko-mezzacasa\/149288210_864291084356461_5213230709275692954_o\/\" rel=\"attachment wp-att-191849\"><img loading=\"lazy\" decoding=\"async\" class=\"wp-image-191849 alignleft\" src=\"https:\/\/www.radiopiu.net\/wordpress\/wp-content\/uploads\/2021\/02\/149288210_864291084356461_5213230709275692954_o-300x256.jpg\" alt=\"\" width=\"131\" height=\"112\" srcset=\"https:\/\/www.radiopiu.net\/wordpress\/wp-content\/uploads\/2021\/02\/149288210_864291084356461_5213230709275692954_o-300x256.jpg 300w, https:\/\/www.radiopiu.net\/wordpress\/wp-content\/uploads\/2021\/02\/149288210_864291084356461_5213230709275692954_o.jpg 600w\" sizes=\"auto, (max-width: 131px) 100vw, 131px\" \/><\/a>L&#8217;INIZIATIVA SOLIDALE DELLA CORALE DI LIMANA<\/h3>\n<\/blockquote>\n<p><strong>AUDIO<\/strong><\/p>\n<audio class=\"wp-audio-shortcode\" id=\"audio-192125-1\" preload=\"none\" style=\"width: 100%;\" controls=\"controls\"><source type=\"audio\/mpeg\" src=\"https:\/\/www.radiopiu.net\/wordpress\/wp-content\/uploads\/2021\/02\/cori-silvia2.mp3?_=1\" \/><a href=\"https:\/\/www.radiopiu.net\/wordpress\/wp-content\/uploads\/2021\/02\/cori-silvia2.mp3\">https:\/\/www.radiopiu.net\/wordpress\/wp-content\/uploads\/2021\/02\/cori-silvia2.mp3<\/a><\/audio>\n<p>PAGINA FACEBOOK <strong><span style=\"color: #0000ff;\"><a style=\"color: #0000ff;\" href=\"https:\/\/www.facebook.com\/corolimana\">CLICCA QUI\u00a0\u00a0<\/a><\/span><\/strong><\/p>\n<p>&nbsp;<\/p>\n<hr \/>\n<p>&nbsp;<\/p>\n<blockquote>\n<h3>FIORI E TORTA PER ANNA<\/h3>\n<\/blockquote>\n<p><strong>AGORDO<\/strong> La maestra Anna Zavalloni ha festeggiato ieri i suoi cento anni al Polifunzionale 1 di Agordo. Lo ha fatto con la torta e le rose regalatele dai figli e dai nipoti che da ottobre non hanno pi\u00f9 potuto vederla a tu per tu, attorniata dall&#8217;affetto del personale di Asca e degli altri ospiti della struttura.<\/p>\n\n\t\t\t<style type='text\/css'>\n\t\t\t\t#gallery-1 {\n\t\t\t\t\tmargin: auto;\n\t\t\t\t}\n\t\t\t\t#gallery-1 .gallery-item {\n\t\t\t\t\tfloat: left;\n\t\t\t\t\tmargin-top: 10px;\n\t\t\t\t\ttext-align: center;\n\t\t\t\t\twidth: 33%;\n\t\t\t\t}\n\t\t\t\t#gallery-1 img {\n\t\t\t\t\tborder: 2px solid #cfcfcf;\n\t\t\t\t}\n\t\t\t\t#gallery-1 .gallery-caption {\n\t\t\t\t\tmargin-left: 0;\n\t\t\t\t}\n\t\t\t\t\/* see gallery_shortcode() in wp-includes\/media.php *\/\n\t\t\t<\/style>\n\t\t<div id='gallery-1' class='dt-gallery-container gallery galleryid-192125 gallery-columns-3 gallery-size-thumbnail'><dl class='gallery-item'>\n\t\t\t\t<dt class='gallery-icon landscape'>\n\t\t\t\t\t<a class=\"rollover rollover-zoom dt-pswp-item\" title=\"e498668d-a1ef-4218-8bae-2ef269ec43f7\" data-dt-img-description=\"\" data-large_image_width=\"1600\" data-large_image_height=\"1200\"href='https:\/\/www.radiopiu.net\/wordpress\/wp-content\/uploads\/2021\/02\/e498668d-a1ef-4218-8bae-2ef269ec43f7.jpg'><img loading=\"lazy\" decoding=\"async\" width=\"150\" height=\"150\" src=\"https:\/\/www.radiopiu.net\/wordpress\/wp-content\/uploads\/2021\/02\/e498668d-a1ef-4218-8bae-2ef269ec43f7-150x150.jpg\" class=\"attachment-thumbnail size-thumbnail\" alt=\"\" \/><\/a>\n\t\t\t\t<\/dt><\/dl><dl class='gallery-item'>\n\t\t\t\t<dt class='gallery-icon landscape'>\n\t\t\t\t\t<a class=\"rollover rollover-zoom dt-pswp-item\" title=\"98ad9c73-bd4b-45f8-b862-ad6d4fe806aa\" data-dt-img-description=\"\" data-large_image_width=\"1599\" data-large_image_height=\"1599\"href='https:\/\/www.radiopiu.net\/wordpress\/wp-content\/uploads\/2021\/02\/98ad9c73-bd4b-45f8-b862-ad6d4fe806aa.jpg'><img loading=\"lazy\" decoding=\"async\" width=\"150\" height=\"150\" src=\"https:\/\/www.radiopiu.net\/wordpress\/wp-content\/uploads\/2021\/02\/98ad9c73-bd4b-45f8-b862-ad6d4fe806aa-150x150.jpg\" class=\"attachment-thumbnail size-thumbnail\" alt=\"\" srcset=\"https:\/\/www.radiopiu.net\/wordpress\/wp-content\/uploads\/2021\/02\/98ad9c73-bd4b-45f8-b862-ad6d4fe806aa-150x150.jpg 150w, https:\/\/www.radiopiu.net\/wordpress\/wp-content\/uploads\/2021\/02\/98ad9c73-bd4b-45f8-b862-ad6d4fe806aa-300x300.jpg 300w, https:\/\/www.radiopiu.net\/wordpress\/wp-content\/uploads\/2021\/02\/98ad9c73-bd4b-45f8-b862-ad6d4fe806aa-1024x1024.jpg 1024w, https:\/\/www.radiopiu.net\/wordpress\/wp-content\/uploads\/2021\/02\/98ad9c73-bd4b-45f8-b862-ad6d4fe806aa-768x768.jpg 768w, https:\/\/www.radiopiu.net\/wordpress\/wp-content\/uploads\/2021\/02\/98ad9c73-bd4b-45f8-b862-ad6d4fe806aa-1536x1536.jpg 1536w, https:\/\/www.radiopiu.net\/wordpress\/wp-content\/uploads\/2021\/02\/98ad9c73-bd4b-45f8-b862-ad6d4fe806aa.jpg 1599w\" sizes=\"auto, (max-width: 150px) 100vw, 150px\" \/><\/a>\n\t\t\t\t<\/dt><\/dl><dl class='gallery-item'>\n\t\t\t\t<dt class='gallery-icon landscape'>\n\t\t\t\t\t<a class=\"rollover rollover-zoom dt-pswp-item\" title=\"c1adf3ce-4284-4b35-b912-a0de89a92be1\" data-dt-img-description=\"\" data-large_image_width=\"1600\" data-large_image_height=\"1200\"href='https:\/\/www.radiopiu.net\/wordpress\/wp-content\/uploads\/2021\/02\/c1adf3ce-4284-4b35-b912-a0de89a92be1.jpg'><img loading=\"lazy\" decoding=\"async\" width=\"150\" height=\"150\" src=\"https:\/\/www.radiopiu.net\/wordpress\/wp-content\/uploads\/2021\/02\/c1adf3ce-4284-4b35-b912-a0de89a92be1-150x150.jpg\" class=\"attachment-thumbnail size-thumbnail\" alt=\"\" \/><\/a>\n\t\t\t\t<\/dt><\/dl><br style=\"clear: both\" \/>\n\t\t\t<\/div>\n\n<p>&nbsp;<\/p>\n<p>&nbsp;<\/p>\n<hr \/>\n<p>&nbsp;<\/p>\n<h3><strong>SR 204 Belluno-Mas, fino al 26 febbraio, esclusi sabato e domenica, istituzione di senso unico alternato regolato da impianto semaforico o movieri in localit\u00e0 Antole per messa in sicurezza del ponte<\/strong><\/h3>\n<h3>SR 347 DEL PASSO CEREDA E DURAN, dal 22 al 26 febbraio senso unico alternato regolato da semaforo a Voltago per indagini geognostiche<\/h3>\n<p>&nbsp;<\/p>\n<blockquote>\n<h3>GALLERIA COMELICO: DA LUNEDI CHIUSA NELLA NOTTE<\/h3>\n<\/blockquote>\n<p><strong><a href=\"https:\/\/www.radiopiu.net\/wordpress\/galleria-comelico-da-lunedi-chiusa-dalle-21-15-a-domani-mattina\/galleria-comelico\/\" rel=\"attachment wp-att-192243\"><img loading=\"lazy\" decoding=\"async\" class=\" wp-image-192243 alignleft\" src=\"https:\/\/www.radiopiu.net\/wordpress\/wp-content\/uploads\/2021\/02\/galleria-comelico-253x300.jpg\" alt=\"\" width=\"124\" height=\"147\" srcset=\"https:\/\/www.radiopiu.net\/wordpress\/wp-content\/uploads\/2021\/02\/galleria-comelico-253x300.jpg 253w, https:\/\/www.radiopiu.net\/wordpress\/wp-content\/uploads\/2021\/02\/galleria-comelico.jpg 500w\" sizes=\"auto, (max-width: 124px) 100vw, 124px\" \/><\/a>COMELICO<\/strong>\u00a0 Per consentire l\u2019esecuzione di indagini geognostiche e geofisiche in galleria Comelico, sono previste limitazioni temporanee lungo la strada statale 52 \u201cCarnica\u201d.<strong> Da luned\u00ec 22 e fino a sabato 27 febbraio,<\/strong> nella fascia oraria dalle 21:15 alle\u00a0 05:45, giorni festivi esclusi, sar\u00e0 chiusa al traffico la galleria Comelico, dal km 81 al km 85. Il traffico veicolare sar\u00e0 deviato sulla SP 532 Passo S. Antonio; i mezzi pesanti trainanti un rimorchio saranno invece deviati sulla SR 48 delle Dolomiti e sulla SP 49 Misurina.<\/p>\n<p>&nbsp;<\/p>\n<p>&nbsp;<\/p>\n<p>&nbsp;<\/p>\n<hr \/>\n<p>&nbsp;<\/p>\n<p><strong><a href=\"https:\/\/www.radiopiu.net\/wordpress\/giornale-radiopiu-09-agosto-2018-direttore-mirko-mezzacasa\/acqua\/\" rel=\"attachment wp-att-57052\"><img loading=\"lazy\" decoding=\"async\" class=\" wp-image-57052 alignleft\" src=\"https:\/\/www.radiopiu.net\/wordpress\/wp-content\/uploads\/2018\/08\/ACQUA-300x180.jpeg\" alt=\"\" width=\"131\" height=\"79\" srcset=\"https:\/\/www.radiopiu.net\/wordpress\/wp-content\/uploads\/2018\/08\/ACQUA-300x180.jpeg 300w, https:\/\/www.radiopiu.net\/wordpress\/wp-content\/uploads\/2018\/08\/ACQUA-768x461.jpeg 768w, https:\/\/www.radiopiu.net\/wordpress\/wp-content\/uploads\/2018\/08\/ACQUA-1024x614.jpeg 1024w, https:\/\/www.radiopiu.net\/wordpress\/wp-content\/uploads\/2018\/08\/ACQUA.jpeg 1280w\" sizes=\"auto, (max-width: 131px) 100vw, 131px\" \/><\/a>Gestione Servizi Pubblici informa che a CANALE D&#8217;AGORDO IN LOC. CARFON l&#8217;acqua erogata dall&#8217;acquedotto non \u00e8 potabile e pu\u00f2 essere usata per scopi alimentari SOLO PREVIA bollitura. GSP ha, comunque, gi\u00e0 adottato le necessarie misure per la disinfezione dell&#8217;acqua presente nei serbatoi e nella rete idrica con l&#8217;aggiunta di cloro.<\/strong><\/p>\n<p>&nbsp;<\/p>\n<hr \/>\n<p>&nbsp;<\/p>\n<blockquote>\n<h3>DUE DECESSI NELLE ULTIME 24 ORE IN ULSS 1 DOLOMITI, 80 LE PERSONE RICOVERATE NEGLI OSPEDALI BELLUNESI<\/h3>\n<\/blockquote>\n<p><strong>BELLUNO<\/strong> Nelle ultime 24 ore sono decedute due persone covid positive: una donna di 83 anni e un uomo di 95 anni\u00a0 ricoverati in geriatria covid a Belluno. I nuovi positivi in Ulss 1 Dolomiti sono 52 mentre le persone attualmente positive sono 537.<\/p>\n<p><strong>Ricoveri \u00a0\u00a0\u00a0\u00a0\u00a0\u00a0\u00a0\u00a0\u00a0\u00a0\u00a0\u00a0\u00a0\u00a0\u00a0\u00a0\u00a0\u00a0\u00a0\u00a0\u00a0\u00a0\u00a0\u00a0\u00a0\u00a0\u00a0\u00a0\u00a0\u00a0\u00a0\u00a0\u00a0 <\/strong><\/p>\n<p><em>(dato alle ore 17.00 fonte: Azienda Zero)<\/em><\/p>\n<p>Le persone attualmente POSITIVE ricoverate negli ospedali dell\u2019Ulss Dolomiti sono:<\/p>\n<table>\n<tbody>\n<tr>\n<td width=\"217\"><strong>\u00a0<\/strong><\/td>\n<td width=\"217\"><strong>Area NON CRITICA<\/strong><\/td>\n<td width=\"217\"><strong>Terapia Intensiva<\/strong><\/td>\n<\/tr>\n<tr>\n<td width=\"217\"><strong>Ospedale di Belluno <\/strong><\/td>\n<td width=\"217\">31<\/td>\n<td width=\"217\">5<\/td>\n<\/tr>\n<tr>\n<td width=\"217\"><strong>Ospedale di Feltre<\/strong><\/td>\n<td width=\"217\">21<\/td>\n<td width=\"217\">4<\/td>\n<\/tr>\n<\/tbody>\n<\/table>\n<p>&nbsp;<\/p>\n<p>Le persone attualmente POSITIVE ricoverate in Ospedale di Comunit\u00e0 sono:<\/p>\n<table>\n<tbody>\n<tr>\n<td width=\"326\"><strong>\u00a0<\/strong><\/td>\n<td width=\"326\"><strong>pazienti attualmente positivi<\/strong><\/td>\n<\/tr>\n<tr>\n<td width=\"326\"><strong>Ospedale di Comunit\u00e0 di BELLUNO<\/strong><\/td>\n<td width=\"326\">9<\/td>\n<\/tr>\n<tr>\n<td width=\"326\"><strong>Ospedale di Comunit\u00e0 di FELTRE<\/strong><\/td>\n<td width=\"326\">10<\/td>\n<\/tr>\n<\/tbody>\n<\/table>\n<p>&nbsp;<\/p>\n<hr \/>\n<p>&nbsp;<\/p>\n<blockquote>\n<h2>SOCCORSI MADRE E FIGLIO IN DIFFICOLT\u00c0<\/h2>\n<\/blockquote>\n<p><strong><img loading=\"lazy\" decoding=\"async\" class=\"alignleft\" src=\"https:\/\/www.radiopiu.net\/wordpress\/wp-content\/uploads\/2021\/02\/salt_20210218_213924_325-scaled.jpg\" width=\"286\" height=\"160\" \/>DOMEGGE<\/strong> Ieri sera alle 19 la Centrale del Suem ha allertato il Soccorso alpino del Centro Cadore, per due escursionisti bloccati dal buio in un canale di neve ghiacciata. Madre e figlio, di 53 e 20 anni, di Treviso, erano partiti per un giro ad anello da Domegge di Cadore. Saliti al Monte Brente, erano poi scesi lungo sentieri innevati a Salon e Pian de la Sala, dove per\u00f2, ingannati da tracce, avevano sbagliato itinerario finendo ormai tardi in un ripido versante boscato. Inviate le coordinate, i due escursionisti sono stati geolocalizzati e dieci soccorritori sono partiti dell&#8217;abitato di Domegge di Cadore, risalendo a piedi per circa 400 metri di dislivello, gli ultimi cento completati con i ramponi fissati agli scarponi, fino a raggiungerli. Dopo aver dotato madre e figlio di casco e imbrago, la squadra li ha assicurati e ha attrezzato le calate per riportarli alla base del canale. Una volta arrivati sul piano, i soccorritori li hanno riaccompagnati al sentiero e da l\u00ec a Domegge.<\/p>\n<p>&nbsp;<\/p>\n<hr \/>\n<p>&nbsp;<\/p>\n<blockquote>\n<h3>I MALEDUCATI IN GITA AL RIFUGIO CARESTIATO<\/h3>\n<\/blockquote>\n<div dir=\"auto\"><strong>AGORDO<\/strong> Lo sfogo di Diego Favero sulla pagina Facebook del Rifugio Carestiato mette in evidenza la maleducazione di alcuni. Nonostante aver trovato la strada ben battuta al Rifugio quindi una notevole comodit\u00e0 i maleducati di turno hanno banchettato sulla veranda, a nulla \u00e8 servito il cartello &#8220;gentile ospite preghiamo di riportare i propri rifiuti a valle perch\u00e9 siamo chiusi\u201d, infatti i rifiuti sono rimasti sulla soglia della struttura. &#8220;Questo \u00e8 il contributo alla montagna che noi speriamo? Nonostante il periodo dobbiamo smaltire anche le \u201cvostre\u201d cose?&#8221;, questo si chiede Diego Favero nei giorni il cui il Rifugio era chiuso anche in seguito alla scomparsa di Giorgio Favero. Da Alleghe l&#8217;amico Luca De Zordo\u00a0 oltre alla solidariet\u00e0 verso Diego ricorda &#8220;Non mi meraviglio\u00a0 allo chalet col dei Baldi tutto inverno hanno spostato tavoli e panche per la terrazza , e tanta immondizia lasciata dagli &#8220;sono gli amanti della montagna&#8221;.<\/div>\n<div dir=\"auto\">\n\n\t\t\t<style type='text\/css'>\n\t\t\t\t#gallery-2 {\n\t\t\t\t\tmargin: auto;\n\t\t\t\t}\n\t\t\t\t#gallery-2 .gallery-item {\n\t\t\t\t\tfloat: left;\n\t\t\t\t\tmargin-top: 10px;\n\t\t\t\t\ttext-align: center;\n\t\t\t\t\twidth: 25%;\n\t\t\t\t}\n\t\t\t\t#gallery-2 img {\n\t\t\t\t\tborder: 2px solid #cfcfcf;\n\t\t\t\t}\n\t\t\t\t#gallery-2 .gallery-caption {\n\t\t\t\t\tmargin-left: 0;\n\t\t\t\t}\n\t\t\t\t\/* see gallery_shortcode() in wp-includes\/media.php *\/\n\t\t\t<\/style>\n\t\t<div id='gallery-2' class='dt-gallery-container gallery galleryid-192125 gallery-columns-4 gallery-size-thumbnail'><dl class='gallery-item'>\n\t\t\t\t<dt class='gallery-icon portrait'>\n\t\t\t\t\t<a class=\"rollover rollover-zoom dt-pswp-item\" title=\"151775034_1957171821098176_5286720883716152964_n\" data-dt-img-description=\"\" data-large_image_width=\"720\" data-large_image_height=\"960\"href='https:\/\/www.radiopiu.net\/wordpress\/wp-content\/uploads\/2021\/02\/151775034_1957171821098176_5286720883716152964_n.jpg'><img loading=\"lazy\" decoding=\"async\" width=\"150\" height=\"150\" src=\"https:\/\/www.radiopiu.net\/wordpress\/wp-content\/uploads\/2021\/02\/151775034_1957171821098176_5286720883716152964_n-150x150.jpg\" class=\"attachment-thumbnail size-thumbnail\" alt=\"\" \/><\/a>\n\t\t\t\t<\/dt><\/dl><dl class='gallery-item'>\n\t\t\t\t<dt class='gallery-icon portrait'>\n\t\t\t\t\t<a class=\"rollover rollover-zoom dt-pswp-item\" title=\"152068346_1957147367767288_8245990058385336068_n\" data-dt-img-description=\"\" data-large_image_width=\"540\" data-large_image_height=\"960\"href='https:\/\/www.radiopiu.net\/wordpress\/wp-content\/uploads\/2021\/02\/152068346_1957147367767288_8245990058385336068_n.jpg'><img loading=\"lazy\" decoding=\"async\" width=\"150\" height=\"150\" src=\"https:\/\/www.radiopiu.net\/wordpress\/wp-content\/uploads\/2021\/02\/152068346_1957147367767288_8245990058385336068_n-150x150.jpg\" class=\"attachment-thumbnail size-thumbnail\" alt=\"\" \/><\/a>\n\t\t\t\t<\/dt><\/dl><dl class='gallery-item'>\n\t\t\t\t<dt class='gallery-icon portrait'>\n\t\t\t\t\t<a class=\"rollover rollover-zoom dt-pswp-item\" title=\"151797352_1957171861098172_8598456789338052258_n\" data-dt-img-description=\"\" data-large_image_width=\"720\" data-large_image_height=\"960\"href='https:\/\/www.radiopiu.net\/wordpress\/wp-content\/uploads\/2021\/02\/151797352_1957171861098172_8598456789338052258_n.jpg'><img loading=\"lazy\" decoding=\"async\" width=\"150\" height=\"150\" src=\"https:\/\/www.radiopiu.net\/wordpress\/wp-content\/uploads\/2021\/02\/151797352_1957171861098172_8598456789338052258_n-150x150.jpg\" class=\"attachment-thumbnail size-thumbnail\" alt=\"\" \/><\/a>\n\t\t\t\t<\/dt><\/dl><dl class='gallery-item'>\n\t\t\t\t<dt class='gallery-icon portrait'>\n\t\t\t\t\t<a class=\"rollover rollover-zoom dt-pswp-item\" title=\"151964029_1957171834431508_6821903874259558313_n\" data-dt-img-description=\"\" data-large_image_width=\"720\" data-large_image_height=\"960\"href='https:\/\/www.radiopiu.net\/wordpress\/wp-content\/uploads\/2021\/02\/151964029_1957171834431508_6821903874259558313_n.jpg'><img loading=\"lazy\" decoding=\"async\" width=\"150\" height=\"150\" src=\"https:\/\/www.radiopiu.net\/wordpress\/wp-content\/uploads\/2021\/02\/151964029_1957171834431508_6821903874259558313_n-150x150.jpg\" class=\"attachment-thumbnail size-thumbnail\" alt=\"\" \/><\/a>\n\t\t\t\t<\/dt><\/dl><br style=\"clear: both\" \/>\n\t\t\t<\/div>\n\n<p>&nbsp;<\/p>\n<\/div>\n<hr \/>\n<blockquote>\n<h3><\/h3>\n<h3>AI MONDIALI DI CORTINA: 6 POSITIVI, 4 VARIANTI INGLESI. LA CONFERENZA STAMPA DI ZAIA DA VENEZIA<\/h3>\n<\/blockquote>\n<p><strong>VACCINI<\/strong> Non ci sono novit\u00e0 al momento. Dobbiamo essere prudenti e seguire la prassi.\u00a0<strong>SITUAZIONE<\/strong> Abbiamo preceduto tutti sulle mutazione, era ottobre quando ci eravamo preoccupati delle varianti del virus. La variante inglese l&#8217;abbiamo scoperta il 24 dicembre e ora parlano tutti di questa variante. Sono stati sequenziati 519 mila tamponi e la dottoressa Ricci illustrer\u00e0 la situazione.<\/p>\n<p><strong>LE DOMANDE<\/strong><\/p>\n<p><strong>LE INDICAZIONI DI DRAGHI SUL PIANO VACCINALE<\/strong> C&#8217;\u00e8 ragionevolezza del premier Draghi, penso abbia affrontato i temi principali nel discorso. Pensiamo ad Israele che ha vaccinato tutti e gli ospedali sono vuoti. In Veneto sono stati vaccinati 108 mila cittadini con le due dosi. 250 mila con la prima dose. Ci servono i vaccini per continuare a vaccinare. Potremo arrivare a un milione di vaccinati al mese se ci fossero a disposizione. Ricordiamo che \u00e8 la pi\u00f9 grande campagna vaccinale della storia.\u00a0<strong>LE ALTRE DOSI<\/strong> 100 mila alla settimana sono poche dosi. Pfizer dovrebbe incrementare la produzione ma non sappiamo quando arriveranno. Stiamo valutando se ci siano le condizioni per acquistare il vaccino ma dobbiamo accertare che tutto sia in regola e che ci vendano una partita di vaccino realmente buona. Tramite il lotto di produzione verr\u00e0 confermato se il vaccino sia reale o no. Continuano ad Sto arrivando!ivare offerte di vaccini anche alle altre regioni. Il dottor Flo stamane ha avuto una offerta anche per AstraZeneca. <strong>DOMANI LE NUOVE COLORAZIONI<\/strong> Al momento non sappiamo nulla di creare zone cuscinetto all&#8217;interno della regione. Abbiamo l&#8217;RT a 0,78 e non \u00e8 preoccupante ma da attenzionare. Abbiamo un&#8217;incidenza negli ospedale bassa.<\/p>\n<blockquote>\n<h3>DOTTORESSA ANTONIA RICCI, DIRETTORE GENERALE ISTITUTO ZOOPROFILATTICO.<\/h3>\n<p><em>Ci sono 4 varianti preoccupanti\u00a0 in Veneto da monitorare perch\u00e9 hanno caratteristiche che potrebbero renderle pi\u00f9 contagiose o pericolose o in grado di sfuggire agli anticorpi. Le tre varianti inglese, brasiliana e sudafricana sono state valutate come pericolose e verificate.<\/em><\/p><\/blockquote>\n<p>Sono state settimane difficili, abbiamo incrementato l&#8217;attivit\u00e0 per l&#8217;aumento di casi legati alle nuove varianti. Ad oggi in totale (progetto deliberato a ottobre 2020) sono stati sequenziati 519 campioni, identificando 17 diversi gruppi genetici. In Veneto contiamo quattro varianti con\u00a0 caratteristiche che potrebbero renderle pi\u00f9 contagiose o pericolose o in grado di sfuggire agli anticorpi. Questo \u00e8 da verificare incrociando i dati virologici a quelli epidemiologici. \u00a0296 campioni sequenziati per avere una fotografia generale nazionale sulla presenza della variante inglese, la presenza della variante inglese in Veneto \u00e8 del 17,7%, in linea con la media nazionale, \u00a022 campioni da 2 istituti scolastici,\u00a0 in una scuola del Veneziano 8 campioni erano positivi alla variante inglese. Negli altri cluster\u00a0 non sono state identificate varianti.<\/p>\n<p><span style=\"color: #ff0000;\"><strong>MONDIALI DI SCI A CORTINA 2021:<\/strong> su 20 mila test 6 positivit\u00e0 ritrovate, in 4 riscontrata la variante inglese. Persone residenti in Italia, non arrivavano dall&#8217;estero.<\/span><\/p>\n<p>Inoltre:\u00a0 su 14 campioni di viaggiatori in rientro dall&#8217;estero,\u00a0 solo 2 appartengono alla variante inglese. Alla luce di questi dati la circolazione della variante inglese \u00e8 chiara sul nostro territorio.\u00a0 Questa variante \u00e8 capace di far aumentare l&#8217;Rt da 0,4 allo 0,7 in pi\u00f9. Smentito che la\u00a0 variante sia maggiormente capace di contagiare i bambini. La variante brasiliana invece \u00e8 tenuta d&#8217;occhio perch\u00e9 \u00e8 capace di sfuggire all&#8217;azione degli anticorpi, anche chi ha avuto il virus o \u00e8 stato vaccinato. Non sembra contagiosa come la variante inglese,\u00a0 non significa che il vaccino non funzioni, ma potrebbe essere necessario un ulteriore intervento.<\/p>\n<blockquote>\n<h3>DOTTORESSA FRANCESCA RUSSO CAPO DIPARTIMENTO PREVENZIONE<\/h3>\n<\/blockquote>\n<p>Dobbiamo ampliare l&#8217;indagine non solo ai contatti stretti familiari o lavorativi, ma anche a quelli a basso rischi. Isoliamo i soggetti per fare in modo che la variante non si diffonda. I contatti devono essere circostanziati negli ultimi 14 giorni e non pi\u00f9 nelle ultime 24 ore e per tutti tampone molecolare.\u00a0 In Veneto:\u00a0 17,7% di variante inglese\u00a0 per questo l&#8217;attenzione rimane alta.<\/p>\n<p>&nbsp;<\/p>\n<blockquote>\n<h2>LE PRECISAZIONE DELLA ULSS1 SUI CASI RISCONTRATI A CORTINA<\/h2>\n<\/blockquote>\n<p><strong><a href=\"https:\/\/www.radiopiu.net\/wordpress\/aggiornamenti-organizzativi-ulss-1-dolomiti-del-9-marzo-2020-la-situazione-dei-servizi-rimane-invariata\/ulss-1-dolomiti-logo\/\" rel=\"attachment wp-att-121256\"><img loading=\"lazy\" decoding=\"async\" class=\"size-full wp-image-121256 alignleft\" src=\"https:\/\/www.radiopiu.net\/wordpress\/wp-content\/uploads\/2020\/03\/ULSS-1-DOLOMITI-LOGO.jpg\" alt=\"\" width=\"298\" height=\"219\" \/><\/a>BELLUNO <\/strong>L\u2019evento Mondiali di Sci di Cortina ha visto la presenza, fin dal 1\u00b0 febbraio scorso, di 6.365 persone ad oggi provenienti da oltre 70 nazioni e afferenti sia ai gruppi sportivi, agli staff di supporto e alle forze dell\u2019ordine sia al sistema di ospitalit\u00e0, ristorazione e servizi vari. Questo imponente numero di soggetti viene sottoposto a controlli regolari con tampone antigenico presso i 4 covid point dedicati. Ad oggi sono stati effettuati circa 20 mila tamponi, con punte di 1.400 tamponi al giorno. Qualsiasi positivit\u00e0 al tampone antigenico viene immediatamente sottoposta a verifica con tampone molecolare. Ad oggi sono risultati positivi con conferma al tampone molecolare 17 persone (tutte asintomatiche) immediatamente isolate ed allontanate dal circuito Mondiali, a configurare una percentuale di soggetti positivi su soggetti testati pari allo 0,27% e di tamponi positivi su tamponi eseguiti pari allo 0,085% Tutti i contatti di queste 17 persone sono stati quarantenati e controllati secondo un rigoroso protocollo sanitario. Sei dei 17 campioni positivi\u00a0 sono stati inviati all\u2019Istituto zooprofilattico di Padova per il sequenziamento, a finalit\u00e0 epidemiologica. Quattro di questi 6\u00a0 hanno messo in evidenza la variante inglese. Si tratta di campioni prelevati a persone con cittadinanza italiana due provenienti da fuori Veneto, due dal Veneto. L\u2019evidenza, pur su piccoli numeri di una percentuale significativa di positivit\u00e0 alla variante inglese, attesta che tale tipologia virale \u00e8 presente sul territorio nazionale ed emerge, se cercata con indagini a tappeto, , confermando la necessit\u00e0 di mantenere attiva la diagnostica precoce, la sorveglianza attiva sui casi emergenti e i comportamenti protettivi da parte dei cittadini.<\/p>\n<p>&nbsp;<\/p>\n<p>https:\/\/www.facebook.com\/zaiaufficiale\/videos\/712155879661658<\/p>\n<p>&nbsp;<\/p>\n<hr \/>\n<p>&nbsp;<\/p>\n<blockquote>\n<h3>SORVEGLIANZA GENETICA SARS COV2 IN VENETO, RIEPILOGO<\/h3>\n<\/blockquote>\n<p><strong><img loading=\"lazy\" decoding=\"async\" class=\"alignleft\" src=\"https:\/\/www.radiopiu.net\/wordpress\/wp-content\/uploads\/2020\/11\/covid-19.jpg\" width=\"293\" height=\"195\" \/>VENEZIA<\/strong> Nel periodo 1-17 febbraio 2021 sono stati analizzati\u00a0 296 campioni, portando il numero totale\u00a0 a 519. Ad oggi sono stati identificati 17 gruppi genetici diversi in Veneto. Quattro delle varianti identificate nel territorio regionale sono definite dal Centro Europeo per la prevenzione e controllo delle malattie\u00a0 come varianti \u201cche destano preoccupazione da monitorare con attenzione\u201d. Tra le diverse varianti, si segnala in particolare l\u2019identificazione dalla seconda met\u00e0 di dicembre 2020 della\u00a0 inglese che si caratterizza per una maggiore trasmissibilit\u00e0 ed una possibile maggiore virulenza. Si evidenzia inoltre la recente (12 febbraio) identificazione della variante brasiliana in Veneto. Tale variante presenta mutazioni che ne aumentano la trasmissibilit\u00e0 e riducono l\u2019efficacia di neutralizzazione da parte di alcuni anticorpi. <strong>Sorveglianza genetica in istituti scolastici e religiosi<\/strong> sono stati inviati 22 campioni da due istituti scolastici distinti al fine di caratterizzare le varianti responsabili dei focolai. Otto campioni di una scuola di Mira (VE) inviati dalla ULSS 3 sono risultati positivi alla variante inglese. I quattordici campioni prelevati in una scuola elementare di Portogruaro (ULSS 4) cos\u00ec come i 12 campioni rappresentativi di un cluster di infezione verificatosi in un istituto religioso nella provincia di Vicenza (ULSS 7) non sono invece risultati appartenere ad alcuna delle varianti di maggiore interesse. Ulteriori indagini sono in corso per la caratterizzazione dei virus coinvolti in questo evento. <strong>Sorveglianza genetica random<\/strong> in due pazienti che non hanno segnalato viaggi all\u2019estero recenti o contatto con persone di rientro da viaggi \u00e8 stata identificata per la prima volta in Veneto la presenza della variante brasiliana,\u00a0 5 il numero totale di individui positivi alla nuova variante. Si tratta di persone residenti tra le province di Padova (ULSS 6) e Venezia (ULSS 4).<br \/>\n<strong>Sorveglianza genetica mondiali di sci a Cortina d\u2019Ampezzo<\/strong> quattro dei sei campioni inviati da soggetti campionati nel corso dei mondiali di sci appartengono alla variante inglese. Tutti e quattro i campioni sono stati ottenuti da pazienti residenti in Italia. <strong>Sorveglianza viaggiatori<\/strong> 14 campioni associati a casi di rientro dall\u2019estero sono stati sottoposti a caratterizzazione genetica. 2 di questi appartengono alla variante inglese. <strong>Conclusioni <\/strong>il consolidarsi della circolazione della variante inglese sul territorio regionale.\u00a0 Identificazione mediante sorveglianza random della variante\u00a0 brasiliana in cittadini residenti nel territorio regionale senza viaggi pregressi \u00e8 da considerarsi preoccupante<\/p>\n<blockquote><p><em>data l\u2019identificazione di numerosi clusters di infezione non ascrivibili alle varianti inglese, brasiliana o sudafricana, si ritiene prioritario continuare ad effettuare la caratterizzazione del genoma completo dei virus identificati al fine di poter riconoscere l\u2019emergere di nuove mutazioni che possano avere un impatto sulla trasmissibilit\u00e0, la virulenza e l\u2019immunogenicit\u00e0 dei virus circolanti nel territorio.\u00a0<\/em><\/p>\n<p>&nbsp;<\/p><\/blockquote>\n<blockquote class=\"wp-embedded-content\" data-secret=\"kqQRaa8j7b\"><p><a href=\"https:\/\/www.radiopiu.net\/wordpress\/aggfeb142233ddd\/\">CORONAVIRUS: AGGIORNAMENTO NAZIONALE 18 FEBBRAIO 2021<\/a><\/p><\/blockquote>\n<p><iframe loading=\"lazy\" class=\"wp-embedded-content\" sandbox=\"allow-scripts\" security=\"restricted\" style=\"position: absolute; clip: rect(1px, 1px, 1px, 1px);\" title=\"&#8220;CORONAVIRUS: AGGIORNAMENTO NAZIONALE 18 FEBBRAIO 2021&#8221; &#8212; Radio Pi\u00f9\" src=\"https:\/\/www.radiopiu.net\/wordpress\/aggfeb142233ddd\/embed\/#?secret=kqQRaa8j7b\" data-secret=\"kqQRaa8j7b\" width=\"600\" height=\"338\" frameborder=\"0\" marginwidth=\"0\" marginheight=\"0\" scrolling=\"no\"><\/iframe><\/p>\n<blockquote class=\"wp-embedded-content\" data-secret=\"bf5HNnlbO9\"><p><a href=\"https:\/\/www.radiopiu.net\/wordpress\/aggiornamento1502ff\/\">CALA LA PRESSIONE OSPEDALIERA MA NON I POSITIVI E I DECESSI, ALTRI 36 MORTI IN 24 ORE<\/a><\/p><\/blockquote>\n<p><iframe loading=\"lazy\" class=\"wp-embedded-content\" sandbox=\"allow-scripts\" security=\"restricted\" style=\"position: absolute; clip: rect(1px, 1px, 1px, 1px);\" title=\"&#8220;CALA LA PRESSIONE OSPEDALIERA MA NON I POSITIVI E I DECESSI, ALTRI 36 MORTI IN 24 ORE&#8221; &#8212; Radio Pi\u00f9\" src=\"https:\/\/www.radiopiu.net\/wordpress\/aggiornamento1502ff\/embed\/#?secret=bf5HNnlbO9\" data-secret=\"bf5HNnlbO9\" width=\"600\" height=\"338\" frameborder=\"0\" marginwidth=\"0\" marginheight=\"0\" scrolling=\"no\"><\/iframe><\/p>\n<p>I GRAFICI DI TIZIANO DE COL<\/p>\n\n\t\t\t<style type='text\/css'>\n\t\t\t\t#gallery-3 {\n\t\t\t\t\tmargin: auto;\n\t\t\t\t}\n\t\t\t\t#gallery-3 .gallery-item {\n\t\t\t\t\tfloat: left;\n\t\t\t\t\tmargin-top: 10px;\n\t\t\t\t\ttext-align: center;\n\t\t\t\t\twidth: 25%;\n\t\t\t\t}\n\t\t\t\t#gallery-3 img {\n\t\t\t\t\tborder: 2px solid #cfcfcf;\n\t\t\t\t}\n\t\t\t\t#gallery-3 .gallery-caption {\n\t\t\t\t\tmargin-left: 0;\n\t\t\t\t}\n\t\t\t\t\/* see gallery_shortcode() in wp-includes\/media.php *\/\n\t\t\t<\/style>\n\t\t<div id='gallery-3' class='dt-gallery-container gallery galleryid-192125 gallery-columns-4 gallery-size-thumbnail'><dl class='gallery-item'>\n\t\t\t\t<dt class='gallery-icon landscape'>\n\t\t\t\t\t<a class=\"rollover rollover-zoom dt-pswp-item\" title=\"1e8bbee7-ddef-44d9-b66c-27590a182b62\" data-dt-img-description=\"\" data-large_image_width=\"599\" data-large_image_height=\"354\"href='https:\/\/www.radiopiu.net\/wordpress\/wp-content\/uploads\/2021\/02\/1e8bbee7-ddef-44d9-b66c-27590a182b62.jpg'><img loading=\"lazy\" decoding=\"async\" width=\"150\" height=\"150\" src=\"https:\/\/www.radiopiu.net\/wordpress\/wp-content\/uploads\/2021\/02\/1e8bbee7-ddef-44d9-b66c-27590a182b62-150x150.jpg\" class=\"attachment-thumbnail size-thumbnail\" alt=\"\" \/><\/a>\n\t\t\t\t<\/dt><\/dl><dl class='gallery-item'>\n\t\t\t\t<dt class='gallery-icon landscape'>\n\t\t\t\t\t<a class=\"rollover rollover-zoom dt-pswp-item\" title=\"af788727-1a7c-410a-901e-f8e40d12ec61\" data-dt-img-description=\"\" data-large_image_width=\"612\" data-large_image_height=\"376\"href='https:\/\/www.radiopiu.net\/wordpress\/wp-content\/uploads\/2021\/02\/af788727-1a7c-410a-901e-f8e40d12ec61.jpg'><img loading=\"lazy\" decoding=\"async\" width=\"150\" height=\"150\" src=\"https:\/\/www.radiopiu.net\/wordpress\/wp-content\/uploads\/2021\/02\/af788727-1a7c-410a-901e-f8e40d12ec61-150x150.jpg\" class=\"attachment-thumbnail size-thumbnail\" alt=\"\" \/><\/a>\n\t\t\t\t<\/dt><\/dl><dl class='gallery-item'>\n\t\t\t\t<dt class='gallery-icon landscape'>\n\t\t\t\t\t<a class=\"rollover rollover-zoom dt-pswp-item\" title=\"6203123b-6f5f-47b6-baa4-320dcd249ed7\" data-dt-img-description=\"\" data-large_image_width=\"622\" data-large_image_height=\"368\"href='https:\/\/www.radiopiu.net\/wordpress\/wp-content\/uploads\/2021\/02\/6203123b-6f5f-47b6-baa4-320dcd249ed7.jpg'><img loading=\"lazy\" decoding=\"async\" width=\"150\" height=\"150\" src=\"https:\/\/www.radiopiu.net\/wordpress\/wp-content\/uploads\/2021\/02\/6203123b-6f5f-47b6-baa4-320dcd249ed7-150x150.jpg\" class=\"attachment-thumbnail size-thumbnail\" alt=\"\" \/><\/a>\n\t\t\t\t<\/dt><\/dl><dl class='gallery-item'>\n\t\t\t\t<dt class='gallery-icon landscape'>\n\t\t\t\t\t<a class=\"rollover rollover-zoom dt-pswp-item\" title=\"2b587e76-bf4d-47e2-9708-41946a58326b\" data-dt-img-description=\"\" data-large_image_width=\"614\" data-large_image_height=\"365\"href='https:\/\/www.radiopiu.net\/wordpress\/wp-content\/uploads\/2021\/02\/2b587e76-bf4d-47e2-9708-41946a58326b.jpg'><img loading=\"lazy\" decoding=\"async\" width=\"150\" height=\"150\" src=\"https:\/\/www.radiopiu.net\/wordpress\/wp-content\/uploads\/2021\/02\/2b587e76-bf4d-47e2-9708-41946a58326b-150x150.jpg\" class=\"attachment-thumbnail size-thumbnail\" alt=\"\" \/><\/a>\n\t\t\t\t<\/dt><\/dl><br style=\"clear: both\" \/>\n\t\t\t<\/div>\n\n<hr \/>\n<p>&nbsp;<\/p>\n<blockquote>\n<h3>ANCORA UNA VOLTA LA ULSS1 RISERVA UN DIVERSO TRATTAMENTO A CHI VIVE NELLE ZONE PIU&#8217; DISAGIATE<\/h3>\n<\/blockquote>\n<blockquote><p><span style=\"color: #ff0000;\"><em>LA CRITICA DEL COORDINAMENTO ASSOCIAZIONI TUTELA SALUTE DEL CITTADINO<\/em><\/span><\/p><\/blockquote>\n<p><strong><img loading=\"lazy\" decoding=\"async\" class=\"alignleft\" src=\"https:\/\/www.radiopiu.net\/wordpress\/wp-content\/uploads\/2020\/06\/dc8d9e01-0412-48a8-91b1-c64ba92a8187.jpg\" width=\"292\" height=\"146\" \/>BELLUNO<\/strong>\u00a0 Le vaccinazioni a Belluno sono confermate per i giorni 27 e 28 febbraio, sulla lettera di convocazione c&#8217;\u00e8 un numero di riferimento per chi non volesse sottoporsi a vaccinazione, ma nessun accenno al fatto che sia possibile vaccinarsi al drive-in sul territorio. <em>&#8220;Lo abbiamo appreso leggendo le convocazioni di alcuni cittadini che hanno ricevuto la convocazione &#8211; ricorda il coordinamento &#8211; si parla di aprire il drive-in di Pieve ed Agordo dal 15 marzo. Ci chiediamo perch\u00e9 tanta attesa? Due settimane sono importanti e se ci sono i vaccini perch\u00e9 penalizzare i cittadini che vivono pi\u00f9 distante ad esempio nell&#8217;Alto Agordino, Comelico, Cortina? Perch\u00e9 non aprirli sul territorio montano?<\/em>&#8221; Il Coordinamento ritiene che la dirigenza Ulss1 continui a non tenere conto del fattore umano perch\u00e9 un ottantenne di Danta deve sobbarcarsi un lungo viaggio e se non ha la patente deve ricorrere all&#8217;aiuto d&#8217;altri. <em>&#8220;Speriamo &#8211; conclude il Coordinamento &#8211;\u00a0 in un futuro migliore con persone di scienza e coscienza che sappiano valutare e trattare tutti gli utenti della ulss1 unica Dolomiti che avrebbe dovuto fare miracoli&#8230; allo stesso modo&#8221;.<\/em><\/p>\n<p>&nbsp;<\/p>\n<hr \/>\n<p>&nbsp;<\/p>\n<blockquote>\n<h3 style=\"text-align: left;\">SANITA&#8217;, RUFUS INTERROGA: E IL SINDACO MASSARO CHE FA?<\/h3>\n<\/blockquote>\n<p><strong><a href=\"https:\/\/www.radiopiu.net\/wordpress\/incendio-allalba-allospedale-san-martino-danni-in-corso-di-valutazione\/ospedale_san_martino_belluno_2014-2\/\" rel=\"attachment wp-att-15416\"><img loading=\"lazy\" decoding=\"async\" class=\"size-medium wp-image-15416 alignleft\" src=\"https:\/\/www.radiopiu.net\/wordpress\/wp-content\/uploads\/2016\/01\/Ospedale_San_Martino_Belluno_2014-300x161.jpg\" alt=\"\" width=\"300\" height=\"161\" \/><\/a>BELLUNO<\/strong> Che l&#8217;ospedale della citt\u00e0 nel tempo sia stato depauperato dei servizi lo fa notare il consigliere Fabio Rufus Bristot, non solo sui mezzi di stampa ma anche denunciandolo dai banchi del consiglio comunale attraverso una mozione che, quattro mesi fa, aveva impegnato il sindaco ad attivarsi.\u00a0 Il <a href=\"https:\/\/www.radiopiu.net\/wordpress\/giornale-radiopiu-20-agosto-2018-direttore-mirko-mezzacasa\/fabio-rufus\/\" rel=\"attachment wp-att-58379\"><img loading=\"lazy\" decoding=\"async\" class=\"wp-image-58379 alignright\" src=\"https:\/\/www.radiopiu.net\/wordpress\/wp-content\/uploads\/2018\/08\/FABIO-RUFUS-300x300.jpg\" alt=\"\" width=\"122\" height=\"122\" srcset=\"https:\/\/www.radiopiu.net\/wordpress\/wp-content\/uploads\/2018\/08\/FABIO-RUFUS-300x300.jpg 300w, https:\/\/www.radiopiu.net\/wordpress\/wp-content\/uploads\/2018\/08\/FABIO-RUFUS-150x150.jpg 150w, https:\/\/www.radiopiu.net\/wordpress\/wp-content\/uploads\/2018\/08\/FABIO-RUFUS-768x768.jpg 768w, https:\/\/www.radiopiu.net\/wordpress\/wp-content\/uploads\/2018\/08\/FABIO-RUFUS.jpg 928w\" sizes=\"auto, (max-width: 122px) 100vw, 122px\" \/><\/a>consigliere chiede i risultati di quegli impegni nei giorni in cui si parla della nuova nomina del direttore generale in considerazione che il gi\u00e0 prorogago mandato di Adriano Rasi Caldogno \u00e8 al capolinea. &#8220;Il netto e chiaro auspicio di tutta la comunit\u00e0 bellunese\u00a0 &#8211; dice Bristot &#8211; \u00e8 che il presidente della Regione Veneto nomini alla fine persone davvero capaci di ascoltare le espressioni e le istanze del territorio e delle sue comunit\u00e0 e persone in grado di realizzare\/potenziare compiutamente quei servizi sanitari che non sono presenti nella nostra provincia o che, nel tempo, a causa delle vigenti schede sanitarie, sono stati innegabilmente ridotti o sottratti al territori&#8221; .Con la mozione\u00a0 precedente\u00a0 era chiaro il mandato al sindaco di Belluno di coinvolgere tutti i Comuni della provincia ma anche a promuovere un tavolo permanente sulla sanit\u00e0. &#8220;La mozione \u00e8 stata inviata?&#8221; &#8211; chiede Bristot- quali atti e azioni ha\u00a0 prodotto il sindaco\u00a0 in quattro mesi?&#8221;. Infine, il consigliere chiede quali azioni il sindaco voglia promuovere e attuare <em>&#8220;Al fine di garantire un orientamento preciso della Regione Veneto affinch\u00e9 questa provincia possa dotarsi di una Direzione dell&#8217;Usl che difenda gli ospedali del territorio, con particolare riferimento a quelli di Agordo e Pieve di Cadore, ma soprattutto a difesa dell&#8217;ospedale San Martino di Belluno&#8221;<\/em>.<\/p>\n<p>&nbsp;<\/p>\n<hr \/>\n<blockquote>\n<h2><\/h2>\n<h2>LA MONTAGNA: LETTERA APERTA ALLE ISTITUZIONI<\/h2>\n<\/blockquote>\n<p><strong>FALCADE<\/strong> Fulvio Valt, maestro di sci in Valle del Biois, firma una lettera a politici e istituzioni in rappresentanza delle genti di montagna. Un grido di allarme, una richiesta immediata di aiuti.<\/p>\n<blockquote><p><a href=\"https:\/\/www.radiopiu.net\/wordpress\/giornale-radiopiu-22-03-direttore-mirko-mezzacasa\/consiglierefulviovalt\/\" rel=\"attachment wp-att-17841\"><img loading=\"lazy\" decoding=\"async\" class=\"size-full wp-image-17841 alignleft\" src=\"https:\/\/www.radiopiu.net\/wordpress\/wp-content\/uploads\/2016\/03\/ConsigliereFulvioValt.jpg\" alt=\"\" width=\"134\" height=\"200\" \/><\/a>Vogliamo nuovamente porre alla vostra attenzione la situazione di assoluto disagio e sofferenza che stiamo vivendo. Non avete avuto finora nessun rispetto della montagna e men che meno dei suoi abitanti che finora silenziosamente hanno correttamente rispettato le leggi che avete emanato dai palazzi, lontani, ma molto lontani dalle nostre terre di montagna.\u00a0 Ci avete umiliato per non averci fatto lavorare da molti mesi, ci avete umiliato per averci chiesto di provare a richiedere la carit\u00e0 tramite i vostri \u201cristori\u201d, parola che non significa nulla; RISARCIMENTI \u00e8 la parola corretta, ma noi non vogliamo assistenzialismo, vogliamo solo LAVORARE !!! Abbiamo ormai passato un anno di questi tira molla e tutte le nostre famiglie oltre ad essere sconsolate sono incredule sul susseguirsi di continue date per eventuali aperture e chiusure.\u00a0\u00a0\u00a0\u00a0 \u00a0\u00a0\u00a0Se \u00e8 vero che si debba convivere con questo virus, poste in atto tutte le misure di sicurezza necessarie, vogliamo \u00a0tornare presto a lavorare, il prima possibile. Ora siamo stanchi e stufi ed alziamo la voce. Sappiate che i montanari sono un popolo forte e fiero che sa rialzarsi dopo le tragedie e sa sopravvivere meglio di altri alle molte disavventure della vita. Sappiate anche che le energie che servono per alimentare le industrie e il fabbisogno delle grandi citt\u00e0 provengono proprio dalla montagna; e ci riferiamo all\u2019acqua che sgorga dalle sorgenti di montagna e all\u2019energia elettrica portata in pianura tramite le linee di alta tensione che provengono dalla montagna. Con queste poche righe vogliamo sottolinearvi che la montagna \u00e8 vita, in tutti i sensi, oppure morte, come voi classe politica state volendo che sia per noi. E se morte deve essere per noi montanari e per la montagna, di riflesso sar\u00e0 morte anche per voi che vivete distante dalla realt\u00e0. Sar\u00e0 solo questione di tempo. La situazione che oggi nuovamente poniamo all\u2019attenzione \u00e8 molto delicata e rischiosa per la tenuta sociale ed economica delle nostre attivit\u00e0 fondamentali nella filiera turistica della montagna, dei nostri territori e delle genti che li popolano; \u00a0non possiamo attendere ulteriormente.<\/p>\n<p><strong>Abbiamo bisogno di misure urgenti e certe.<\/strong><\/p><\/blockquote>\n<p>&nbsp;<\/p>\n<p>&nbsp;<\/p>\n<hr \/>\n<p>&nbsp;<\/p>\n<blockquote>\n<h3>SANITA&#8217;: INVESTIMENTI PER 52 MILIONI, NULLA AL BELLUNESE<\/h3>\n<\/blockquote>\n<blockquote><p><em>La montagna si regge su un equilibrio di servizi e di attivit\u00e0 complementari tra loro. Se vogliamo tenere le persone nelle terre alte dobbiamo batterci affinch\u00e9 siano garantiti parimenti agli abitanti il diritto al lavoro e alla salute.\u00a0<\/em><\/p><\/blockquote>\n<p><strong>DI GIANNI SANTOMASO\u00a0<\/strong><\/p>\n<audio class=\"wp-audio-shortcode\" id=\"audio-192125-2\" preload=\"none\" style=\"width: 100%;\" controls=\"controls\"><source type=\"audio\/mpeg\" src=\"https:\/\/www.radiopiu.net\/wordpress\/wp-content\/uploads\/2021\/02\/GIANNI-SANITA.mp3?_=2\" \/><a href=\"https:\/\/www.radiopiu.net\/wordpress\/wp-content\/uploads\/2021\/02\/GIANNI-SANITA.mp3\">https:\/\/www.radiopiu.net\/wordpress\/wp-content\/uploads\/2021\/02\/GIANNI-SANITA.mp3<\/a><\/audio>\n<p>&nbsp;<\/p>\n<p><strong><img loading=\"lazy\" decoding=\"async\" class=\"alignleft\" src=\"https:\/\/www.radiopiu.net\/wordpress\/wp-content\/uploads\/2016\/04\/sanit%C3%A0-1.jpg\" width=\"301\" height=\"139\" \/>AGORDO<\/strong> La Regione Veneto stanzia 52 milioni di euro per investimenti a favore delle aziende sanitarie e per ospedali pi\u00f9 moderni. \u00a0Nulla arriver\u00e0 nel Bellunese e men che meno nell\u2019Agordino.\u00a0 Il Comitato Sanit\u00e0 Agordino chiede dove vivano i vertici dell\u2019Azienda \u201cDolomiti\u201d, cosa ci stanno a fare se non conoscono le esigenze del loro territorio, se non avanzano proposte, pur avendo gi\u00e0 dei progetti nei cassetti come nel caso dell\u2019ospedale di Agordo. E ancora: cosa ne pensano i rappresentanti politici agordini, dal consigliere regionale agli amministratori locali?\u00a0 <em>&#8220;Ci si domanda se nella mente dei vertici della nostra Azienda &#8211; seppur tutti alla soglia di fine mandato, ma ci\u00f2 non pu\u00f2 essere un alibi perch\u00e9 fino al termine del loro incarico hanno il dovere di cercare le soluzioni alle necessit\u00e0 del loro territorio e dei suoi abitanti -, e dei rappresentanti politici bellunesi e in particolare locali, ci sia una progettualit\u00e0 relativamente ai servizi sanitari e alla loro organizzazione compresa la gestione della rete ospedaliera. E cosa dire delle notizie che durante i mondiali di sci, che si stanno svolgendo a Cortina e che stanno dando visibilit\u00e0, prestigio e pubblicit\u00e0 a tutto il Bellunese, l\u2019ospedale di Cortina, gestito da privati, ma convenzionati con il Servizio Sanitario Nazionale, rafforza lo staff medico prevedendo ortopedico, medico di pronto soccorso, tecnico radiologo, anestesista e analogamente si fa all\u2019ospedale di Pieve di Cadore dove sono stati previsti sicuramente l\u2019implementazione delle figure mediche di radiologia, provenienti da Belluno?&#8221;\u00a0<\/em>Il Comitato Sanit\u00e0 a botta calda afferma che, se circa un migliaio di persone richiedono questa organizzazione per garantire un servizio efficiente ed efficace, non si comprende perch\u00e9 i 20.000 e pi\u00f9 abitanti del Cadore, Val Boite e Comelico, oppure i 19.000 agordini, non meritino altrettanta attenzione. Perch\u00e9 i numerosi turisti, almeno in tempi \u201cnormali\u201d, che frequentano le montagne bellunesi non meritino la stessa considerazione. <em>&#8220;Nell\u2019Agordino, invece, il servizio di radiologia vede all\u2019opera un solo medico e il servizio di refertazione \u00e8 limitato fino alle ore 14.00, senza dimenticare che nulla \u00e8 cambiato per quanto riguarda il servizio prelievi e analisi di cui si era gi\u00e0 data evidenza nel recente passato. Ricordiamo pertanto ai vari politici locali, regionali e a Zaia che va bene l&#8217;ottima organizzazione sanitaria per le Olimpiadi, ma che prima di tutto va tutelata la salute di chi vive in montagna 365 giorni l&#8217;anno&#8221;. <\/em>Infine, oltre che ai politici e agli amministratori locali il Comitato si rivolge anche al tessuto economico-turistico che in questi giorni sta giustamente facendo sentire la propria voce e sta chiedendo attenzioni per il proprio settore duramente colpito dagli effetti della pandemia. <em>&#8220;Siamo solidali con loro e anche noi crediamo che lo Stato debba avere maggiore considerazione per queste realt\u00e0 oggi fondamentali per le comunit\u00e0 delle nostre vallate. Tuttavia ci permettiamo di ricordare, come ha fatto nei giorni scorsi l&#8217;imprenditore agricolo Hermann Follador, che la montagna non \u00e8 solo le piste e gli impianti. La montagna e la sua salvaguardia devono essere viste a 360\u00b0. Troppo spesso in questi anni le battaglie per i servizi socio-sanitari, che un po&#8217; alla volta la Regione ha tolto, sono state condotte in solitaria da qualche amministratore o da qualche cittadino, nel silenzio degli operatori turistici e del settore produttivo&#8221;.\u00a0<\/em><\/p>\n<p>&nbsp;<\/p>\n<p><strong>LA RISPOSTA DEL CONSIGLIERE REGIONALE SILVIA CESTARO\u00a0<\/strong><\/p>\n<blockquote><p><a href=\"https:\/\/www.radiopiu.net\/wordpress\/lintervista-di-fine-anno-al-presidente-dellunione-montana-agordina-michele-costa\/silvia-cestaro-radio-piu\/\" rel=\"attachment wp-att-182453\"><img loading=\"lazy\" decoding=\"async\" class=\"wp-image-182453 alignleft\" src=\"https:\/\/www.radiopiu.net\/wordpress\/wp-content\/uploads\/2020\/12\/SILVIA-CESTARO-RADIO-PIU-300x300.jpg\" alt=\"\" width=\"133\" height=\"133\" srcset=\"https:\/\/www.radiopiu.net\/wordpress\/wp-content\/uploads\/2020\/12\/SILVIA-CESTARO-RADIO-PIU-300x300.jpg 300w, https:\/\/www.radiopiu.net\/wordpress\/wp-content\/uploads\/2020\/12\/SILVIA-CESTARO-RADIO-PIU-1024x1024.jpg 1024w, https:\/\/www.radiopiu.net\/wordpress\/wp-content\/uploads\/2020\/12\/SILVIA-CESTARO-RADIO-PIU-150x150.jpg 150w, https:\/\/www.radiopiu.net\/wordpress\/wp-content\/uploads\/2020\/12\/SILVIA-CESTARO-RADIO-PIU-768x768.jpg 768w, https:\/\/www.radiopiu.net\/wordpress\/wp-content\/uploads\/2020\/12\/SILVIA-CESTARO-RADIO-PIU-1536x1536.jpg 1536w, https:\/\/www.radiopiu.net\/wordpress\/wp-content\/uploads\/2020\/12\/SILVIA-CESTARO-RADIO-PIU.jpg 2048w\" sizes=\"auto, (max-width: 133px) 100vw, 133px\" \/><\/a>La Commissione per gli investimenti tecnologici si riunisce diverse volte all&#8217;anno per decidere circa le richieste delle Ussl. Per ussl 1 sono stati finanziati in questi anni : Belluno: adeguamento sismico e antincendio gi\u00e0 finanziato sta andando in appalto per 30 milioni di euro; presentati i preliminari per il PS di Belluno 10\/ 13 milioni di euro a seconda della scelta; presentato al crite ristrutturazione del padiglione e psichiatrico; Feltre: nuova piastra chirurgica gi\u00e0 operativa 40 mil euro; in elaborazione esecutivo per antisismico ; Pieve: gi\u00e0 funzionante il nuovo PS e in fase di conclusione la piazzola per il volo notturno; Agordo: in fase di realizzazione il nuovo PS e molto altro come acquisto mezzi e dispositivi tecnologici. A questo si aggiungeranno ulteriori richieste per il 2021. Le notizie vanno date nel contesto e non solo per fare polemica. Poi che ci sia da migliorare e risolvere diversi problemi lo sappiamo tutti ma almeno che si rispetti il lavoro fatto.<\/p><\/blockquote>\n<p>&nbsp;<\/p>\n<hr \/>\n<p>&nbsp;<\/p>\n<blockquote>\n<h3>IN DIRETTA DA CORTINA CON LA POLIZIA DI STATO PER LA CAMPAGNA &#8220;QUESTO NON E&#8217; AMORE&#8221;<\/h3>\n<\/blockquote>\n<p><strong>CORTINA <\/strong>In diretta da Cortina con la Polizia di Stato<\/p>\n<p>https:\/\/www.facebook.com\/mirko.mezzacasa\/videos\/10225710554457462<\/p>\n\n\t\t\t<style type='text\/css'>\n\t\t\t\t#gallery-4 {\n\t\t\t\t\tmargin: auto;\n\t\t\t\t}\n\t\t\t\t#gallery-4 .gallery-item {\n\t\t\t\t\tfloat: left;\n\t\t\t\t\tmargin-top: 10px;\n\t\t\t\t\ttext-align: center;\n\t\t\t\t\twidth: 25%;\n\t\t\t\t}\n\t\t\t\t#gallery-4 img {\n\t\t\t\t\tborder: 2px solid #cfcfcf;\n\t\t\t\t}\n\t\t\t\t#gallery-4 .gallery-caption {\n\t\t\t\t\tmargin-left: 0;\n\t\t\t\t}\n\t\t\t\t\/* see gallery_shortcode() in wp-includes\/media.php *\/\n\t\t\t<\/style>\n\t\t<div id='gallery-4' class='dt-gallery-container gallery galleryid-192125 gallery-columns-4 gallery-size-thumbnail'><dl class='gallery-item'>\n\t\t\t\t<dt class='gallery-icon landscape'>\n\t\t\t\t\t<a class=\"rollover rollover-zoom dt-pswp-item\" title=\"3d8b8a53-c552-4f58-bb3a-706fc945863f\" data-dt-img-description=\"\" data-large_image_width=\"2000\" data-large_image_height=\"1125\"href='https:\/\/www.radiopiu.net\/wordpress\/wp-content\/uploads\/2021\/02\/3d8b8a53-c552-4f58-bb3a-706fc945863f.jpg'><img loading=\"lazy\" decoding=\"async\" width=\"150\" height=\"150\" src=\"https:\/\/www.radiopiu.net\/wordpress\/wp-content\/uploads\/2021\/02\/3d8b8a53-c552-4f58-bb3a-706fc945863f-150x150.jpg\" class=\"attachment-thumbnail size-thumbnail\" alt=\"\" \/><\/a>\n\t\t\t\t<\/dt><\/dl><dl class='gallery-item'>\n\t\t\t\t<dt class='gallery-icon landscape'>\n\t\t\t\t\t<a class=\"rollover rollover-zoom dt-pswp-item\" title=\"fe9e1b3a-cd1f-4f81-a228-55f51be12e7d\" data-dt-img-description=\"\" data-large_image_width=\"2000\" data-large_image_height=\"1125\"href='https:\/\/www.radiopiu.net\/wordpress\/wp-content\/uploads\/2021\/02\/fe9e1b3a-cd1f-4f81-a228-55f51be12e7d.jpg'><img loading=\"lazy\" decoding=\"async\" width=\"150\" height=\"150\" src=\"https:\/\/www.radiopiu.net\/wordpress\/wp-content\/uploads\/2021\/02\/fe9e1b3a-cd1f-4f81-a228-55f51be12e7d-150x150.jpg\" class=\"attachment-thumbnail size-thumbnail\" alt=\"\" \/><\/a>\n\t\t\t\t<\/dt><\/dl><dl class='gallery-item'>\n\t\t\t\t<dt class='gallery-icon landscape'>\n\t\t\t\t\t<a class=\"rollover rollover-zoom dt-pswp-item\" title=\"b9a4e9dd-2922-49ee-9ac5-fd97f09cbb9a\" data-dt-img-description=\"\" data-large_image_width=\"2000\" data-large_image_height=\"1125\"href='https:\/\/www.radiopiu.net\/wordpress\/wp-content\/uploads\/2021\/02\/b9a4e9dd-2922-49ee-9ac5-fd97f09cbb9a.jpg'><img loading=\"lazy\" decoding=\"async\" width=\"150\" height=\"150\" src=\"https:\/\/www.radiopiu.net\/wordpress\/wp-content\/uploads\/2021\/02\/b9a4e9dd-2922-49ee-9ac5-fd97f09cbb9a-150x150.jpg\" class=\"attachment-thumbnail size-thumbnail\" alt=\"\" \/><\/a>\n\t\t\t\t<\/dt><\/dl><dl class='gallery-item'>\n\t\t\t\t<dt class='gallery-icon landscape'>\n\t\t\t\t\t<a class=\"rollover rollover-zoom dt-pswp-item\" title=\"11825f47-08a8-4cdc-ba88-deec4d738568\" data-dt-img-description=\"\" data-large_image_width=\"2000\" data-large_image_height=\"1125\"href='https:\/\/www.radiopiu.net\/wordpress\/wp-content\/uploads\/2021\/02\/11825f47-08a8-4cdc-ba88-deec4d738568.jpg'><img loading=\"lazy\" decoding=\"async\" width=\"150\" height=\"150\" src=\"https:\/\/www.radiopiu.net\/wordpress\/wp-content\/uploads\/2021\/02\/11825f47-08a8-4cdc-ba88-deec4d738568-150x150.jpg\" class=\"attachment-thumbnail size-thumbnail\" alt=\"\" \/><\/a>\n\t\t\t\t<\/dt><\/dl><br style=\"clear: both\" \/>\n\t\t\t<\/div>\n\n<p>&nbsp;<\/p>\n<h3><strong>LA RACCOLTA COMPLETA<\/strong><\/h3>\n<blockquote class=\"wp-embedded-content\" data-secret=\"uARCdWC78P\"><p><a href=\"https:\/\/www.radiopiu.net\/wordpress\/la-polizia-di-stato-a-cortina-2021\/\">La Polizia di Stato a Cortina 2021<\/a><\/p><\/blockquote>\n<p><iframe loading=\"lazy\" class=\"wp-embedded-content\" sandbox=\"allow-scripts\" security=\"restricted\" style=\"position: absolute; clip: rect(1px, 1px, 1px, 1px);\" title=\"&#8220;La Polizia di Stato a Cortina 2021&#8221; &#8212; Radio Pi\u00f9\" src=\"https:\/\/www.radiopiu.net\/wordpress\/la-polizia-di-stato-a-cortina-2021\/embed\/#?secret=uARCdWC78P\" data-secret=\"uARCdWC78P\" width=\"600\" height=\"338\" frameborder=\"0\" marginwidth=\"0\" marginheight=\"0\" scrolling=\"no\"><\/iframe><\/p>\n<p>&nbsp;<\/p>\n<hr \/>\n<p>&nbsp;<\/p>\n<blockquote>\n<h3>CAMBIO TURNO IN LUXOTTICA: L&#8217;INVITO DELLA COMMISSIONE TRASPORTI A NON ARRIVARE TROPPO PRESTO IN AZIENDA<\/h3>\n<\/blockquote>\n<p><strong><a href=\"https:\/\/www.radiopiu.net\/wordpress\/giornale-radiopiu-01-agosto-2020-direttore-mirko-mezzacasa\/814ace46-a8a2-4c2d-a100-4d87aa509ef3\/\" rel=\"attachment wp-att-152483\"><img loading=\"lazy\" decoding=\"async\" class=\"size-medium wp-image-152483 alignleft\" src=\"https:\/\/www.radiopiu.net\/wordpress\/wp-content\/uploads\/2020\/07\/814ace46-a8a2-4c2d-a100-4d87aa509ef3-300x225.jpg\" alt=\"\" width=\"300\" height=\"225\" srcset=\"https:\/\/www.radiopiu.net\/wordpress\/wp-content\/uploads\/2020\/07\/814ace46-a8a2-4c2d-a100-4d87aa509ef3-300x225.jpg 300w, https:\/\/www.radiopiu.net\/wordpress\/wp-content\/uploads\/2020\/07\/814ace46-a8a2-4c2d-a100-4d87aa509ef3-1024x768.jpg 1024w, https:\/\/www.radiopiu.net\/wordpress\/wp-content\/uploads\/2020\/07\/814ace46-a8a2-4c2d-a100-4d87aa509ef3-768x576.jpg 768w, https:\/\/www.radiopiu.net\/wordpress\/wp-content\/uploads\/2020\/07\/814ace46-a8a2-4c2d-a100-4d87aa509ef3-1536x1152.jpg 1536w, https:\/\/www.radiopiu.net\/wordpress\/wp-content\/uploads\/2020\/07\/814ace46-a8a2-4c2d-a100-4d87aa509ef3.jpg 1560w\" sizes=\"auto, (max-width: 300px) 100vw, 300px\" \/><\/a>AGORDO<\/strong> La commissione trasporti RSU di Agordo e Luxottica si sono incontrate nei giorni scorsi per parlare delle code che si formano in frazione Valcozzena durante il cambio turno. &#8220;<em>Le code si formano ben prima dell&#8217;uscita del turno del mattino &#8211; dicono dalla RSU &#8211; con gli automobilisti che sostano lungo strada in attesa dell&#8217;apertura del piazzale aziendale. Questo provoca il blocco della viabilit\u00e0 tanto da creare una colonna fino alla rotonda della tangenziale. Questo provoca disagi agli abitanti della frazione e alle attivit\u00e0 dell&#8217;area, senza dimenticare il possibile intralcio ai mezzi di soccorso e alla vicina caserma dei Vigili del Fuoco<\/em>&#8220;. Da qui l&#8217;invito a tutti di non arrivare in azienda prima delle 13:50, orario di apertura delle sbarre per il parcheggio interno.<\/p>\n<p>&nbsp;<\/p>\n<p>&nbsp;<\/p>\n<p>&nbsp;<\/p>\n<hr \/>\n<p>&nbsp;<\/p>\n<blockquote>\n<h3>IMPRESE BELLUNO. TODDE: BUONE PROSPETTIVE PER LA ACC DI MEL<\/h3>\n<\/blockquote>\n<p><strong><img loading=\"lazy\" decoding=\"async\" class=\"alignleft\" src=\"https:\/\/www.radiopiu.net\/wordpress\/wp-content\/uploads\/2019\/09\/STABILIMENTO-WANBAO-DI-MEL.-DONAZZAN-%E2%80%9CDOPO-IL-PRIMO-TRAGUARDO-DI-OGGI-CHIEDEREMO-RASSICURAZIONI-SUL-MANTENIMENTO-DELLA-PRODUZIONE.jpg\" width=\"288\" height=\"216\" \/>AGENZIA DIRE <\/strong>Ci sono buone prospettive per lo stabilimento Acc di Mel, Borgo Valbelluna, in provincia di Belluno. Lo spiega la sottosegretaria per lo Sviluppo economico, Alessandra Todde, rispondendo ad una interrogazione dei deputati Luca De Carlo e Marco Osnato (Fratelli d&#8217;Italia). &#8220;Il ministero dello Sviluppo economico sta ponendo la massima attenzione alla vicenda, nella consapevolezza della sua rilevanza sia con riferimento al tessuto produttivo della provincia di Belluno sia a livello nazionale&#8221;, assicura Todde (nella risposta scritta agli atti della seduta della Camera di ieri e visionata dalla &#8216;Dire&#8217;), spiegando che in base ad una recente informativa del commissario straordinario Maurizio Castro, &#8220;il programma di risanamento, fondato tra l&#8217;altro su nuovi prodotti a velocita&#8217; variabile e su volumi crescenti, e&#8217; stato accolto molto favorevolmente dai grandi clienti europei&#8221;. Inoltre, cita ancora, &#8220;il piano industriale e&#8217; in corso di esecuzione con successo, tanto che in questo avvio 2021 e&#8217; stato riportato un record di ordinativi rispetto agli ultimi anni&#8221;. Ecco quindi che &#8220;i dati forniti fanno ben sperare anche con riferimento al futuro e alle concrete e ambiziose possibilita&#8217; di rilancio. A tal riguardo, sara&#8217; assicurata la piu&#8217; attenta attivita&#8217; di vigilanza affinche&#8217; la procedura commissariale possa avere gli esiti piu&#8217; proficui nell&#8217;interesse della prosecuzione dell&#8217;attivita&#8217; di impresa e della tutela dei livelli occupazionali&#8221;. Insomma, conclude Todde, &#8220;si ritiene che la situazione complessiva offra buone prospettive di stabilita&#8217; produttiva di lungo periodo al sito di Val Belluna, restituendogli centralita&#8217; e competitivita&#8217; nel mercato internazionale tra i produttori di eccellenza del settore, valorizzandone le professionalita&#8217; qualificate e le vocazioni produttive&#8221;.<\/p>\n<p>&nbsp;<\/p>\n<hr \/>\n<p>&nbsp;<\/p>\n<blockquote>\n<h3>ITALIA WANBAO ACC. DE CARLO &#8220;IL GOVERNO E IL MINISTRO GIORGETTI DIANO RISPOSTE RAPIDE SUL RILANCIO INDUSTRIALE E SULLA TUTELA DEI POSTI DI LAVORO&#8221;<\/h3>\n<\/blockquote>\n<p><em><a href=\"https:\/\/www.radiopiu.net\/wordpress\/giornale-radiopiu-19-maggio-2020-direttore-mirko-mezzacasa\/luca-de-carlo-8\/\" rel=\"attachment wp-att-138787\"><img loading=\"lazy\" decoding=\"async\" class=\" wp-image-138787 alignleft\" src=\"https:\/\/www.radiopiu.net\/wordpress\/wp-content\/uploads\/2020\/05\/Luca-De-Carlo.jpg\" alt=\"\" width=\"98\" height=\"135\" \/><\/a>Basta annunci e discorsi ecumenici: il Governo, affronti subito i problemi del Paese reale, a partire dal caso industriale di Italia Wanbao ACC e dei suoi 316 lavoratori.\u00a0<\/em><\/p>\n<blockquote><p><strong>LA DICHIARAZIONE DI LUCA DE CARLO\u00a0<\/strong><br \/>\nACC e i propri lavoratori sono riusciti in questo anno di amministrazione straordinaria a garantirsi la fiducia di clienti quali\u00a0Electrolux, Bosch, Siemens, Whirlpool, Liebherr, Vestel, Ugur, Atlant, che sono tra i principali leader mondiali nel settore dell&#8217;elettrodomestico, con una produzione stimata di volumi di circa 2,4 milioni di pezzi per il 2021 (+31,8% rispetto al 2020) e un budget di 54,4 milioni di euro (+30,5% rispetto al 2020). Un&#8217;azienda manifatturiera strategica per il settore del freddo, con un indotto di circa 60 fornitori che per l&#8217;80% parla veneto<\/p><\/blockquote>\n<p>&nbsp;<\/p>\n<p>&nbsp;<\/p>\n<p>&nbsp;<\/p>\n<hr \/>\n<blockquote>\n<h3><\/h3>\n<h3>I DETRITI NEL LAGO DI SANTA CROCE, LA PROVINCIA AVVIA LE PROCEDURE PER LA PULIZIA<\/h3>\n<\/blockquote>\n<p><strong>ALPAGO<\/strong>\u00a0 A Palazzo Piloni\u00a0 primo tavolo tecnico convocato dalla Provincia per risolvere le problematiche del lago di Santa Croce. Il bacino infatti, a seguito degli eventi meteo di inizio dicembre, presenta vaste aree di accumulo di detriti legnosi, e zone di concentrazione melmosa lungo le sponde. Un problema prima di tutto di sicurezza, dato che il lago \u00e8 utilizzato anche per operazioni di Protezione Civile e di antincendio boschivo, in particolare per il rifornimento dei Canadair, di competenza regionale. <em>\u00abLe priorit\u00e0 sono due &#8211; sottolinea il consigliere provinciale delegato alla Difesa del Suolo, Massimo Bortoluzzi -. La prima riguarda la sicurezza e poi c\u2019\u00e8 l\u2019altra priorit\u00e0, che riguarda il valore paesaggistico e turistico&#8221;<\/em> La prima riunione del tavolo ha fissato il cronoprogramma: entro la primavera. A giorni verr\u00e0 organizzato un nuovo sopralluogo, a cui seguir\u00e0 il progetto di rimozione detriti e di pulizia. Verosimilmente l\u2019operazione verr\u00e0 portata avanti attraverso l\u2019utilizzo di due chiatte con gru, spinte da un rimorchiatore a motore in grado di raggiungere tutte le aree del lago.\u00a0 <em>&#8220;Il sindaco del Comune di Alpago e anche altri soggetti interessati rilevano che c\u2019\u00e8 un trasporto solido importante, che ovviamente si accumula nel lago &#8211; continua il consigliere Bortoluzzi -. Sar\u00e0 quindi necessario un accordo con i Servizi Forestali Regionali e il Genio Civile per una collaborazione tesa a mitigare il problema a monte&#8221;<\/em>.<\/p>\n\n\t\t\t<style type='text\/css'>\n\t\t\t\t#gallery-5 {\n\t\t\t\t\tmargin: auto;\n\t\t\t\t}\n\t\t\t\t#gallery-5 .gallery-item {\n\t\t\t\t\tfloat: left;\n\t\t\t\t\tmargin-top: 10px;\n\t\t\t\t\ttext-align: center;\n\t\t\t\t\twidth: 25%;\n\t\t\t\t}\n\t\t\t\t#gallery-5 img {\n\t\t\t\t\tborder: 2px solid #cfcfcf;\n\t\t\t\t}\n\t\t\t\t#gallery-5 .gallery-caption {\n\t\t\t\t\tmargin-left: 0;\n\t\t\t\t}\n\t\t\t\t\/* see gallery_shortcode() in wp-includes\/media.php *\/\n\t\t\t<\/style>\n\t\t<div id='gallery-5' class='dt-gallery-container gallery galleryid-192125 gallery-columns-4 gallery-size-thumbnail'><dl class='gallery-item'>\n\t\t\t\t<dt class='gallery-icon landscape'>\n\t\t\t\t\t<a class=\"rollover rollover-zoom dt-pswp-item\" title=\"9d45d743-fce1-485b-ae9a-458ad005d72a\" data-dt-img-description=\"\" data-large_image_width=\"1600\" data-large_image_height=\"1200\"href='https:\/\/www.radiopiu.net\/wordpress\/wp-content\/uploads\/2021\/02\/9d45d743-fce1-485b-ae9a-458ad005d72a.jpg'><img loading=\"lazy\" decoding=\"async\" width=\"150\" height=\"150\" src=\"https:\/\/www.radiopiu.net\/wordpress\/wp-content\/uploads\/2021\/02\/9d45d743-fce1-485b-ae9a-458ad005d72a-150x150.jpg\" class=\"attachment-thumbnail size-thumbnail\" alt=\"\" \/><\/a>\n\t\t\t\t<\/dt><\/dl><dl class='gallery-item'>\n\t\t\t\t<dt class='gallery-icon landscape'>\n\t\t\t\t\t<a class=\"rollover rollover-zoom dt-pswp-item\" title=\"cc900720-d8d7-4e58-8d0b-af811a35e3fc\" data-dt-img-description=\"\" data-large_image_width=\"1600\" data-large_image_height=\"1200\"href='https:\/\/www.radiopiu.net\/wordpress\/wp-content\/uploads\/2021\/02\/cc900720-d8d7-4e58-8d0b-af811a35e3fc.jpg'><img loading=\"lazy\" decoding=\"async\" width=\"150\" height=\"150\" src=\"https:\/\/www.radiopiu.net\/wordpress\/wp-content\/uploads\/2021\/02\/cc900720-d8d7-4e58-8d0b-af811a35e3fc-150x150.jpg\" class=\"attachment-thumbnail size-thumbnail\" alt=\"\" \/><\/a>\n\t\t\t\t<\/dt><\/dl><dl class='gallery-item'>\n\t\t\t\t<dt class='gallery-icon portrait'>\n\t\t\t\t\t<a class=\"rollover rollover-zoom dt-pswp-item\" title=\"9d9dcb75-2207-4f26-9dee-c0ffd89de456\" data-dt-img-description=\"\" data-large_image_width=\"768\" data-large_image_height=\"1024\"href='https:\/\/www.radiopiu.net\/wordpress\/wp-content\/uploads\/2021\/02\/9d9dcb75-2207-4f26-9dee-c0ffd89de456.jpg'><img loading=\"lazy\" decoding=\"async\" width=\"150\" height=\"150\" src=\"https:\/\/www.radiopiu.net\/wordpress\/wp-content\/uploads\/2021\/02\/9d9dcb75-2207-4f26-9dee-c0ffd89de456-150x150.jpg\" class=\"attachment-thumbnail size-thumbnail\" alt=\"\" \/><\/a>\n\t\t\t\t<\/dt><\/dl><dl class='gallery-item'>\n\t\t\t\t<dt class='gallery-icon landscape'>\n\t\t\t\t\t<a class=\"rollover rollover-zoom dt-pswp-item\" title=\"d783efe5-b9bb-43c2-a7a3-099903576045\" data-dt-img-description=\"\" data-large_image_width=\"1024\" data-large_image_height=\"768\"href='https:\/\/www.radiopiu.net\/wordpress\/wp-content\/uploads\/2021\/02\/d783efe5-b9bb-43c2-a7a3-099903576045.jpg'><img loading=\"lazy\" decoding=\"async\" width=\"150\" height=\"150\" src=\"https:\/\/www.radiopiu.net\/wordpress\/wp-content\/uploads\/2021\/02\/d783efe5-b9bb-43c2-a7a3-099903576045-150x150.jpg\" class=\"attachment-thumbnail size-thumbnail\" alt=\"\" \/><\/a>\n\t\t\t\t<\/dt><\/dl><br style=\"clear: both\" \/><dl class='gallery-item'>\n\t\t\t\t<dt class='gallery-icon portrait'>\n\t\t\t\t\t<a class=\"rollover rollover-zoom dt-pswp-item\" title=\"cb639297-3112-41d1-8fd3-5ac5008a2949\" data-dt-img-description=\"\" data-large_image_width=\"768\" data-large_image_height=\"1024\"href='https:\/\/www.radiopiu.net\/wordpress\/wp-content\/uploads\/2021\/02\/cb639297-3112-41d1-8fd3-5ac5008a2949.jpg'><img loading=\"lazy\" decoding=\"async\" width=\"150\" height=\"150\" src=\"https:\/\/www.radiopiu.net\/wordpress\/wp-content\/uploads\/2021\/02\/cb639297-3112-41d1-8fd3-5ac5008a2949-150x150.jpg\" class=\"attachment-thumbnail size-thumbnail\" alt=\"\" \/><\/a>\n\t\t\t\t<\/dt><\/dl><dl class='gallery-item'>\n\t\t\t\t<dt class='gallery-icon landscape'>\n\t\t\t\t\t<a class=\"rollover rollover-zoom dt-pswp-item\" title=\"60ba6107-19bf-4f55-9127-78b83ec16b83\" data-dt-img-description=\"\" data-large_image_width=\"1024\" data-large_image_height=\"768\"href='https:\/\/www.radiopiu.net\/wordpress\/wp-content\/uploads\/2021\/02\/60ba6107-19bf-4f55-9127-78b83ec16b83.jpg'><img loading=\"lazy\" decoding=\"async\" width=\"150\" height=\"150\" src=\"https:\/\/www.radiopiu.net\/wordpress\/wp-content\/uploads\/2021\/02\/60ba6107-19bf-4f55-9127-78b83ec16b83-150x150.jpg\" class=\"attachment-thumbnail size-thumbnail\" alt=\"\" \/><\/a>\n\t\t\t\t<\/dt><\/dl><dl class='gallery-item'>\n\t\t\t\t<dt class='gallery-icon portrait'>\n\t\t\t\t\t<a class=\"rollover rollover-zoom dt-pswp-item\" title=\"4e44f89b-c51d-4360-bb90-926e80b8780a\" data-dt-img-description=\"\" data-large_image_width=\"768\" data-large_image_height=\"1024\"href='https:\/\/www.radiopiu.net\/wordpress\/wp-content\/uploads\/2021\/02\/4e44f89b-c51d-4360-bb90-926e80b8780a.jpg'><img loading=\"lazy\" decoding=\"async\" width=\"150\" height=\"150\" src=\"https:\/\/www.radiopiu.net\/wordpress\/wp-content\/uploads\/2021\/02\/4e44f89b-c51d-4360-bb90-926e80b8780a-150x150.jpg\" class=\"attachment-thumbnail size-thumbnail\" alt=\"\" \/><\/a>\n\t\t\t\t<\/dt><\/dl><dl class='gallery-item'>\n\t\t\t\t<dt class='gallery-icon portrait'>\n\t\t\t\t\t<a class=\"rollover rollover-zoom dt-pswp-item\" title=\"061e1778-9671-4e7f-82c4-b9b33677e906\" data-dt-img-description=\"\" data-large_image_width=\"768\" data-large_image_height=\"1024\"href='https:\/\/www.radiopiu.net\/wordpress\/wp-content\/uploads\/2021\/02\/061e1778-9671-4e7f-82c4-b9b33677e906.jpg'><img loading=\"lazy\" decoding=\"async\" width=\"150\" height=\"150\" src=\"https:\/\/www.radiopiu.net\/wordpress\/wp-content\/uploads\/2021\/02\/061e1778-9671-4e7f-82c4-b9b33677e906-150x150.jpg\" class=\"attachment-thumbnail size-thumbnail\" alt=\"\" \/><\/a>\n\t\t\t\t<\/dt><\/dl><br style=\"clear: both\" \/>\n\t\t\t<\/div>\n\n<p>&nbsp;<\/p>\n<hr \/>\n<p>&nbsp;<\/p>\n<blockquote>\n<h3>RIPRISTINATO IN URGENZA IL TRATTO DI FOGNATURA IN ALPAGO<\/h3>\n<\/blockquote>\n<p><strong>BELLUNO\u00a0 <\/strong>Intervento in urgenza alla rete fognaria a servizio degli abitati di Pianture, Villaggio Riviera e Farra in comune di Alpago, in prossimit\u00e0 del lago di Santa Croce. Bim Gsp, infatti, con mezzi e personale propri e l\u2019ausilio di tre ditte esterne, ha ripristinato un tratto di fognatura in attraversamento del torrente Runal, pesantemente danneggiata dall\u2019ultima ondata di maltempo del dicembre scorso. Per agevolare le operazioni di posa della nuova tratta, sono state posizionate delle pompe idrauliche che hanno consentito di deviare il flusso del torrente, lasciando in asciutto l\u2019area di lavoro.\u00a0 Durante l\u2019esecuzione dei lavori il servizio di fognatura \u00e8 stato garantito con regolarit\u00e0 alle utenze collegate: grazie ad un bypass esterno.<\/p>\n\n\t\t\t<style type='text\/css'>\n\t\t\t\t#gallery-6 {\n\t\t\t\t\tmargin: auto;\n\t\t\t\t}\n\t\t\t\t#gallery-6 .gallery-item {\n\t\t\t\t\tfloat: left;\n\t\t\t\t\tmargin-top: 10px;\n\t\t\t\t\ttext-align: center;\n\t\t\t\t\twidth: 33%;\n\t\t\t\t}\n\t\t\t\t#gallery-6 img {\n\t\t\t\t\tborder: 2px solid #cfcfcf;\n\t\t\t\t}\n\t\t\t\t#gallery-6 .gallery-caption {\n\t\t\t\t\tmargin-left: 0;\n\t\t\t\t}\n\t\t\t\t\/* see gallery_shortcode() in wp-includes\/media.php *\/\n\t\t\t<\/style>\n\t\t<div id='gallery-6' class='dt-gallery-container gallery galleryid-192125 gallery-columns-3 gallery-size-thumbnail'><dl class='gallery-item'>\n\t\t\t\t<dt class='gallery-icon portrait'>\n\t\t\t\t\t<a class=\"rollover rollover-zoom dt-pswp-item\" title=\"un momento del lavoro\" data-dt-img-description=\"\" data-large_image_width=\"756\" data-large_image_height=\"1008\"href='https:\/\/www.radiopiu.net\/wordpress\/wp-content\/uploads\/2021\/02\/un-momento-del-lavoro.jpg'><img loading=\"lazy\" decoding=\"async\" width=\"150\" height=\"150\" src=\"https:\/\/www.radiopiu.net\/wordpress\/wp-content\/uploads\/2021\/02\/un-momento-del-lavoro-150x150.jpg\" class=\"attachment-thumbnail size-thumbnail\" alt=\"\" \/><\/a>\n\t\t\t\t<\/dt><\/dl><dl class='gallery-item'>\n\t\t\t\t<dt class='gallery-icon landscape'>\n\t\t\t\t\t<a class=\"rollover rollover-zoom dt-pswp-item\" title=\"la posa della nuova condotta\" data-dt-img-description=\"\" data-large_image_width=\"756\" data-large_image_height=\"567\"href='https:\/\/www.radiopiu.net\/wordpress\/wp-content\/uploads\/2021\/02\/la-posa-della-nuova-condotta.jpg'><img loading=\"lazy\" decoding=\"async\" width=\"150\" height=\"150\" src=\"https:\/\/www.radiopiu.net\/wordpress\/wp-content\/uploads\/2021\/02\/la-posa-della-nuova-condotta-150x150.jpg\" class=\"attachment-thumbnail size-thumbnail\" alt=\"\" \/><\/a>\n\t\t\t\t<\/dt><\/dl><dl class='gallery-item'>\n\t\t\t\t<dt class='gallery-icon landscape'>\n\t\t\t\t\t<a class=\"rollover rollover-zoom dt-pswp-item\" title=\"lavoro ultimato\" data-dt-img-description=\"\" data-large_image_width=\"756\" data-large_image_height=\"567\"href='https:\/\/www.radiopiu.net\/wordpress\/wp-content\/uploads\/2021\/02\/lavoro-ultimato.jpg'><img loading=\"lazy\" decoding=\"async\" width=\"150\" height=\"150\" src=\"https:\/\/www.radiopiu.net\/wordpress\/wp-content\/uploads\/2021\/02\/lavoro-ultimato-150x150.jpg\" class=\"attachment-thumbnail size-thumbnail\" alt=\"\" \/><\/a>\n\t\t\t\t<\/dt><\/dl><br style=\"clear: both\" \/>\n\t\t\t<\/div>\n\n<p>&nbsp;<\/p>\n<hr \/>\n<p>&nbsp;<\/p>\n<blockquote>\n<h3>GIUNTA PROPONE DI INTEGRARE CULTURA E SPETTACOLI IN CATEGORIE AMMESSE A FINANZIAMENTI POST-COVID19.<\/h3>\n<\/blockquote>\n<p><strong><a href=\"https:\/\/www.radiopiu.net\/wordpress\/musica-nellagordino-unestate-di-appuntamenti-domenica-le-note-di-fisarmonica-dalla-croce-del-framont-in-radio-il-2-agosto\/download-892\/\" rel=\"attachment wp-att-150285\"><img loading=\"lazy\" decoding=\"async\" class=\" wp-image-150285 alignleft\" src=\"https:\/\/www.radiopiu.net\/wordpress\/wp-content\/uploads\/2020\/07\/download-18.jpg\" alt=\"\" width=\"185\" height=\"139\" \/><\/a>VENEZIA\u00a0<\/strong> La giunta regionale ha approvato una delibera che prevede l\u2019ampliamento dell\u2019accesso ai fondi di rotazione, nello specifico all\u2019intervento del cosiddetto microcredito a costo zero, anche ad aziende e operatori dei settori della cultura, dello spettacolo e di altre attivit\u00e0 fino ad oggi escluse dai contributi per far fronte all\u2019emergenza Covid-19. La delibera prevede di permettere l\u2019accesso alla concessione di finanziamenti agevolati per esigenze di liquidit\u00e0 delle imprese colpite dall&#8217;emergenza epidemiologica da Covid-19, in particolare ai fondi di rotazione per la concessione di finanziamenti agevolati alle PMI dei settori commercio, secondario, terziario e artigianato per una serie di attivit\u00e0 specifiche.\u00a0 La delibera passa ora alla Terza Commissione consiliare .<\/p>\n<p>&nbsp;<\/p>\n<p>&nbsp;<\/p>\n<hr \/>\n<blockquote>\n<h3>DE MENECH: &#8220;STAGIONE FINITA, SERVONO 600 MILIONI DI EURO DI RISARCIMENTI&#8221;<\/h3>\n<\/blockquote>\n<p><strong><a href=\"https:\/\/www.radiopiu.net\/wordpress\/giornale-radiopiu-del-29-novembre-2018-direttore-mirko-mezzacasa\/pd\/\" rel=\"attachment wp-att-67744\"><img loading=\"lazy\" decoding=\"async\" class=\" wp-image-67744 alignleft\" src=\"https:\/\/www.radiopiu.net\/wordpress\/wp-content\/uploads\/2018\/11\/PD.png\" alt=\"\" width=\"184\" height=\"148\" \/><\/a>BELLUNO\u00a0 <\/strong>La stagione turistica invernale \u00e8 definitivamente compromessa. Ora servono risarcimenti nell\u2019ordine dei 500-600 milioni di euro. \u00c8 quanto emerge dall\u2019incontro pubblico organizzato ieri sera dalla federazione del Partito democratico di Belluno. Il settore, ha ricordato la segretaria provinciale del PD, Monica Lotto, ha subito un tracollo:<em> \u00abSecondo uno studio pubblicato da Demoskopika, tra dicembre 2020 e febbraio 2021 la montagna italiana ha perso 12 milioni di turisti con un impatto economico pari a 9,7 miliardi di euro in meno\u00bb. <\/em>Tra le categorie a subire le maggiori conseguenze della pandemia sono stati i Maestri e le Scuole di Sci. Dei 15.400 Maestri di Sci iscritti all\u2019albo in Italia, la gran parte vive di turismo invernale e sono rimasti senza una rete di protezione adeguata. I ristori previsti devono in molti casi ancora arrivare e dopo la mancata apertura delle piste la settimana scorsa l\u2019orientamento dovr\u00e0 necessariamente essere quello dei risarcimenti pi\u00f9 che dei ristori. Oltre ai 400 milioni di ristori per gli impianti di risalita e al fondo per gli alberghi stanziati dal governo la priorit\u00e0 delle priorit\u00e0 \u00e8 dare ossigeno alle categorie pi\u00f9 in sofferenza. In questi giorni sono in discussione alcuni provvedimenti &#8211; ad esempio nel \u2018milleproroghe\u2019 &#8211; per la gestione tecnico burocratica degli impianti per attuare alcune semplificazioni, spiega De Menech.<\/p>\n<div style=\"width: 848px;\" class=\"wp-video\"><video class=\"wp-video-shortcode\" id=\"video-192125-1\" width=\"848\" height=\"480\" preload=\"metadata\" controls=\"controls\"><source type=\"video\/mp4\" src=\"https:\/\/www.radiopiu.net\/wordpress\/wp-content\/uploads\/2021\/02\/WhatsApp-Video-2021-02-18-at-15.58.33.mp4?_=1\" \/><a href=\"https:\/\/www.radiopiu.net\/wordpress\/wp-content\/uploads\/2021\/02\/WhatsApp-Video-2021-02-18-at-15.58.33.mp4\">https:\/\/www.radiopiu.net\/wordpress\/wp-content\/uploads\/2021\/02\/WhatsApp-Video-2021-02-18-at-15.58.33.mp4<\/a><\/video><\/div>\n<p>&nbsp;<\/p>\n<p>&nbsp;<\/p>\n<hr \/>\n<blockquote>\n<h3><\/h3>\n<h3>VACCINI E MEDICINA TERRITORIALE, PRIORITA\u2019 DI DRAGHI SONO NOSTRO OBIETTIVO CONDIVISO<\/h3>\n<\/blockquote>\n<p><strong><a href=\"https:\/\/www.radiopiu.net\/wordpress\/giornale-radiopiu-11-gennaio-2019-direttore-mirko-mezzacasa\/logo_forza_italia-svg\/\" rel=\"attachment wp-att-71880\"><img loading=\"lazy\" decoding=\"async\" class=\" wp-image-71880 alignleft\" src=\"https:\/\/www.radiopiu.net\/wordpress\/wp-content\/uploads\/2019\/01\/Logo_Forza_Italia.svg_-300x249.png\" alt=\"\" width=\"146\" height=\"121\" srcset=\"https:\/\/www.radiopiu.net\/wordpress\/wp-content\/uploads\/2019\/01\/Logo_Forza_Italia.svg_-300x249.png 300w, https:\/\/www.radiopiu.net\/wordpress\/wp-content\/uploads\/2019\/01\/Logo_Forza_Italia.svg_-768x637.png 768w, https:\/\/www.radiopiu.net\/wordpress\/wp-content\/uploads\/2019\/01\/Logo_Forza_Italia.svg_-1024x850.png 1024w, https:\/\/www.radiopiu.net\/wordpress\/wp-content\/uploads\/2019\/01\/Logo_Forza_Italia.svg_.png 1200w\" sizes=\"auto, (max-width: 146px) 100vw, 146px\" \/><\/a>VENEZIA<\/strong><em> \u201cCombattere con ogni mezzo la pandemia e salvaguardare le vite dei nostri concittadini velocizzando campagna vaccini. Un barlume di speranza nelle parole che abbiamo ascoltato del premier Draghi di ieri\u201d<\/em>. E\u2019 quanto si legge nella nota congiunta dei deputati di Forza Italia dall\u2019aula di Montecitorio. <em>\u201cMobilitare tutte le energie possibili per velocizzare la campagna vaccinale ricorrendo alla collaborazione di protezione civile, forze armate, volontari, e non limitarci a luoghi specifici ma procedendo spediti ovunque sia possibile, nelle strutture pubbliche quanto nelle private. Tra le priorit\u00e0 espresse dal premier, guardando in senso pi\u00f9 ampio alla sanit\u00e0, c\u2019\u00e8 quella di rafforzare la medicina di prossimit\u00e0, la sanit\u00e0 territoriale. Un percorso che stiamo sensibilizzando da tempo. La stessa pandemia ci ha mostrato essere vincente, per questo va tracciato e perseguito per tutte le patologie\u201d<\/em><\/p>\n<p>&nbsp;<\/p>\n<hr \/>\n<p>&nbsp;<\/p>\n<blockquote>\n<h3>PFIZER SMENTISCE ZAIA SUI VACCINI &#8220;ZAIA HA IL DOVERE DI DENUNCIARE&#8221;<\/h3>\n<\/blockquote>\n<p><strong><a href=\"https:\/\/www.radiopiu.net\/wordpress\/giornale-radiopiu-19-gennaio-2021-direttore-mirko-mezzacasa\/vaccini-ulss\/\" rel=\"attachment wp-att-185410\"><img loading=\"lazy\" decoding=\"async\" class=\"wp-image-185410 alignleft\" src=\"https:\/\/www.radiopiu.net\/wordpress\/wp-content\/uploads\/2021\/01\/VACCINI-ULSS-300x300.jpg\" alt=\"\" width=\"143\" height=\"143\" srcset=\"https:\/\/www.radiopiu.net\/wordpress\/wp-content\/uploads\/2021\/01\/VACCINI-ULSS-300x300.jpg 300w, https:\/\/www.radiopiu.net\/wordpress\/wp-content\/uploads\/2021\/01\/VACCINI-ULSS.jpg 1024w, https:\/\/www.radiopiu.net\/wordpress\/wp-content\/uploads\/2021\/01\/VACCINI-ULSS-150x150.jpg 150w, https:\/\/www.radiopiu.net\/wordpress\/wp-content\/uploads\/2021\/01\/VACCINI-ULSS-768x768.jpg 768w\" sizes=\"auto, (max-width: 143px) 100vw, 143px\" \/><\/a>VENEZIA<\/strong>\u00a0 L\u2019Unione Europea mette in guardia dagli acquisti \u2018fai da te\u2019 al di fuori dei canali ufficiali, l\u2019Ufficio anti frode di Bruxelles\u00a0 ha lanciato l\u2019allarme sull\u2019aumento delle tentate truffe legate a vaccini falsi o inesistenti, la Procura di Milano apre un\u2019indagine sui faccendieri e c\u2019\u00e8 chi auspica un intervento dell\u2019Autorit\u00e0. nazionale anticorruzione. Come se non bastasse, Pfizer ha smentito Zaia: gli intermediari non possono proporre i loro vaccini, perch\u00e9 non li forniscono a privati, ma solo ai Governi. <em>&#8220;Di fronte a queste parole il presidente ha il dovere di denunciare in Procura portando tutte le carte, non pu\u00f2 tirare dritto come se niente fosse, dicendo che non ha seguito la trattativa o scaricando sul commissario Arcuri, girandogli le offerte\u201d<\/em>. Con una nota dei consiglieri regionali, il Partito Democratico Veneto torna a sollecitare la massima trasparenza sul caso dell\u2019acquisto di vaccini.<\/p>\n<p>&nbsp;<\/p>\n<p>&nbsp;<\/p>\n<hr \/>\n<p>&nbsp;<\/p>\n<blockquote>\n<h2>CUCCIOLO-MARISIGA, LA PROPOSTA DI GAMBA E ROCCON<\/h2>\n<\/blockquote>\n<p><strong><a href=\"https:\/\/www.radiopiu.net\/wordpress\/cucciolo-marisiga-la-proposta-di-gamba-e-roccon\/2ee08f01-4d78-4de6-a4de-07a7a663f896\/\" rel=\"attachment wp-att-192297\"><img loading=\"lazy\" decoding=\"async\" class=\" wp-image-192297 alignleft\" src=\"https:\/\/www.radiopiu.net\/wordpress\/wp-content\/uploads\/2021\/02\/2ee08f01-4d78-4de6-a4de-07a7a663f896-300x138.jpg\" alt=\"\" width=\"250\" height=\"115\" srcset=\"https:\/\/www.radiopiu.net\/wordpress\/wp-content\/uploads\/2021\/02\/2ee08f01-4d78-4de6-a4de-07a7a663f896-300x138.jpg 300w, https:\/\/www.radiopiu.net\/wordpress\/wp-content\/uploads\/2021\/02\/2ee08f01-4d78-4de6-a4de-07a7a663f896-1024x472.jpg 1024w, https:\/\/www.radiopiu.net\/wordpress\/wp-content\/uploads\/2021\/02\/2ee08f01-4d78-4de6-a4de-07a7a663f896-768x354.jpg 768w, https:\/\/www.radiopiu.net\/wordpress\/wp-content\/uploads\/2021\/02\/2ee08f01-4d78-4de6-a4de-07a7a663f896-1536x708.jpg 1536w, https:\/\/www.radiopiu.net\/wordpress\/wp-content\/uploads\/2021\/02\/2ee08f01-4d78-4de6-a4de-07a7a663f896.jpg 1600w\" sizes=\"auto, (max-width: 250px) 100vw, 250px\" \/><\/a>BELLUNO<\/strong><\/p>\n<p><strong>di Moreno Gioli<\/strong><\/p>\n<audio class=\"wp-audio-shortcode\" id=\"audio-192125-3\" preload=\"none\" style=\"width: 100%;\" controls=\"controls\"><source type=\"audio\/mpeg\" src=\"https:\/\/www.radiopiu.net\/wordpress\/wp-content\/uploads\/2021\/02\/MORENO-3.mp3?_=3\" \/><a href=\"https:\/\/www.radiopiu.net\/wordpress\/wp-content\/uploads\/2021\/02\/MORENO-3.mp3\">https:\/\/www.radiopiu.net\/wordpress\/wp-content\/uploads\/2021\/02\/MORENO-3.mp3<\/a><\/audio>\n<p><strong>FRANCO ROCCON<\/strong><\/p>\n<audio class=\"wp-audio-shortcode\" id=\"audio-192125-4\" preload=\"none\" style=\"width: 100%;\" controls=\"controls\"><source type=\"audio\/mpeg\" src=\"https:\/\/www.radiopiu.net\/wordpress\/wp-content\/uploads\/2021\/02\/ROCCON.mp3?_=4\" \/><a href=\"https:\/\/www.radiopiu.net\/wordpress\/wp-content\/uploads\/2021\/02\/ROCCON.mp3\">https:\/\/www.radiopiu.net\/wordpress\/wp-content\/uploads\/2021\/02\/ROCCON.mp3<\/a><\/audio>\n<p><strong>PAOLO GAMBA<\/strong><\/p>\n<audio class=\"wp-audio-shortcode\" id=\"audio-192125-5\" preload=\"none\" style=\"width: 100%;\" controls=\"controls\"><source type=\"audio\/mpeg\" src=\"https:\/\/www.radiopiu.net\/wordpress\/wp-content\/uploads\/2021\/02\/GAMBA.mp3?_=5\" \/><a href=\"https:\/\/www.radiopiu.net\/wordpress\/wp-content\/uploads\/2021\/02\/GAMBA.mp3\">https:\/\/www.radiopiu.net\/wordpress\/wp-content\/uploads\/2021\/02\/GAMBA.mp3<\/a><\/audio>\n<p>&nbsp;<\/p>\n\n\t\t\t<style type='text\/css'>\n\t\t\t\t#gallery-7 {\n\t\t\t\t\tmargin: auto;\n\t\t\t\t}\n\t\t\t\t#gallery-7 .gallery-item {\n\t\t\t\t\tfloat: left;\n\t\t\t\t\tmargin-top: 10px;\n\t\t\t\t\ttext-align: center;\n\t\t\t\t\twidth: 50%;\n\t\t\t\t}\n\t\t\t\t#gallery-7 img {\n\t\t\t\t\tborder: 2px solid #cfcfcf;\n\t\t\t\t}\n\t\t\t\t#gallery-7 .gallery-caption {\n\t\t\t\t\tmargin-left: 0;\n\t\t\t\t}\n\t\t\t\t\/* see gallery_shortcode() in wp-includes\/media.php *\/\n\t\t\t<\/style>\n\t\t<div id='gallery-7' class='dt-gallery-container gallery galleryid-192125 gallery-columns-2 gallery-size-medium'><dl class='gallery-item'>\n\t\t\t\t<dt class='gallery-icon portrait'>\n\t\t\t\t\t<a class=\"rollover rollover-zoom dt-pswp-item\" title=\"61ad6095-ec94-42f6-bead-874189b27e6c\" data-dt-img-description=\"\" data-large_image_width=\"704\" data-large_image_height=\"1024\"href='https:\/\/www.radiopiu.net\/wordpress\/wp-content\/uploads\/2021\/02\/61ad6095-ec94-42f6-bead-874189b27e6c.jpg'><img loading=\"lazy\" decoding=\"async\" width=\"206\" height=\"300\" src=\"https:\/\/www.radiopiu.net\/wordpress\/wp-content\/uploads\/2021\/02\/61ad6095-ec94-42f6-bead-874189b27e6c-206x300.jpg\" class=\"attachment-medium size-medium\" alt=\"\" srcset=\"https:\/\/www.radiopiu.net\/wordpress\/wp-content\/uploads\/2021\/02\/61ad6095-ec94-42f6-bead-874189b27e6c-206x300.jpg 206w, https:\/\/www.radiopiu.net\/wordpress\/wp-content\/uploads\/2021\/02\/61ad6095-ec94-42f6-bead-874189b27e6c.jpg 704w\" sizes=\"auto, (max-width: 206px) 100vw, 206px\" \/><\/a>\n\t\t\t\t<\/dt><\/dl><dl class='gallery-item'>\n\t\t\t\t<dt class='gallery-icon landscape'>\n\t\t\t\t\t<a class=\"rollover rollover-zoom dt-pswp-item\" title=\"30c49899-8d3c-4b33-a027-4fb9fb64e515\" data-dt-img-description=\"\" data-large_image_width=\"1600\" data-large_image_height=\"900\"href='https:\/\/www.radiopiu.net\/wordpress\/wp-content\/uploads\/2021\/02\/30c49899-8d3c-4b33-a027-4fb9fb64e515.jpg'><img loading=\"lazy\" decoding=\"async\" width=\"300\" height=\"169\" src=\"https:\/\/www.radiopiu.net\/wordpress\/wp-content\/uploads\/2021\/02\/30c49899-8d3c-4b33-a027-4fb9fb64e515-300x169.jpg\" class=\"attachment-medium size-medium\" alt=\"\" srcset=\"https:\/\/www.radiopiu.net\/wordpress\/wp-content\/uploads\/2021\/02\/30c49899-8d3c-4b33-a027-4fb9fb64e515-300x169.jpg 300w, https:\/\/www.radiopiu.net\/wordpress\/wp-content\/uploads\/2021\/02\/30c49899-8d3c-4b33-a027-4fb9fb64e515-1024x576.jpg 1024w, https:\/\/www.radiopiu.net\/wordpress\/wp-content\/uploads\/2021\/02\/30c49899-8d3c-4b33-a027-4fb9fb64e515-768x432.jpg 768w, https:\/\/www.radiopiu.net\/wordpress\/wp-content\/uploads\/2021\/02\/30c49899-8d3c-4b33-a027-4fb9fb64e515-1536x864.jpg 1536w, https:\/\/www.radiopiu.net\/wordpress\/wp-content\/uploads\/2021\/02\/30c49899-8d3c-4b33-a027-4fb9fb64e515.jpg 1600w\" sizes=\"auto, (max-width: 300px) 100vw, 300px\" \/><\/a>\n\t\t\t\t<\/dt><\/dl><br style=\"clear: both\" \/>\n\t\t\t<\/div>\n\n<p>&nbsp;<\/p>\n<p>&nbsp;<\/p>\n<hr \/>\n<blockquote>\n<h3><\/h3>\n<h3>UN POSTO NEL COMITATO DIRETTIVO PER BELLUNO CITTA&#8217; ALPINA DELL&#8217;ANNO<\/h3>\n<\/blockquote>\n<p><strong><a href=\"https:\/\/www.radiopiu.net\/wordpress\/giornale-radiopiu-08-luglio-2020-direttore-mirko-mezzacasa\/assessore-yuki-demilia\/\" rel=\"attachment wp-att-148231\"><img loading=\"lazy\" decoding=\"async\" class=\" wp-image-148231 alignleft\" src=\"https:\/\/www.radiopiu.net\/wordpress\/wp-content\/uploads\/2020\/07\/Assessore-Yuki-dEmilia-300x200.jpg\" alt=\"\" width=\"191\" height=\"127\" srcset=\"https:\/\/www.radiopiu.net\/wordpress\/wp-content\/uploads\/2020\/07\/Assessore-Yuki-dEmilia-300x200.jpg 300w, https:\/\/www.radiopiu.net\/wordpress\/wp-content\/uploads\/2020\/07\/Assessore-Yuki-dEmilia-1024x683.jpg 1024w, https:\/\/www.radiopiu.net\/wordpress\/wp-content\/uploads\/2020\/07\/Assessore-Yuki-dEmilia-768x512.jpg 768w, https:\/\/www.radiopiu.net\/wordpress\/wp-content\/uploads\/2020\/07\/Assessore-Yuki-dEmilia-1536x1024.jpg 1536w, https:\/\/www.radiopiu.net\/wordpress\/wp-content\/uploads\/2020\/07\/Assessore-Yuki-dEmilia-2048x1365.jpg 2048w\" sizes=\"auto, (max-width: 191px) 100vw, 191px\" \/><\/a>BELLUNO<\/strong> La citt\u00e0 nel comitato direttivo dell&#8217;Associazione Citt\u00e0 Alpina dell&#8217;anno, la realt\u00e0 che raggruppa le citt\u00e0 dell&#8217;arco alpino che si distinguono per il loro particolare impegno nell&#8217;attuazione della Convenzione delle Alpi e per lo sviluppo sostenibile. Il comitato \u00e8 composto da sindaci o da loro rappresentanti; il rinnovo si \u00e8 reso necessario perch\u00e9 due dei precedenti componenti del comitato non sono stati rieletti alle elezioni amministrative del 2020. Il rapporto tra Belluno e l&#8217;Associazione Citt\u00e0 Alpina dell&#8217;Anno \u00e8 \u201crinato\u201d nel 2012 grazie all&#8217;impegno e all&#8217;interesse dell&#8217;amministrazione Massaro, una scelta politica presa per uscire dai confini nazionali e dalla marginalit\u00e0 geografica, in un&#8217;ottica pi\u00f9 vasta legata alla montagna europea.<\/p>\n<audio class=\"wp-audio-shortcode\" id=\"audio-192125-6\" preload=\"none\" style=\"width: 100%;\" controls=\"controls\"><source type=\"audio\/mpeg\" src=\"https:\/\/www.radiopiu.net\/wordpress\/wp-content\/uploads\/2021\/02\/dEmilia-Comitato-direttivo-Citta-Alpina-dellAnno.mp3?_=6\" \/><a href=\"https:\/\/www.radiopiu.net\/wordpress\/wp-content\/uploads\/2021\/02\/dEmilia-Comitato-direttivo-Citta-Alpina-dellAnno.mp3\">https:\/\/www.radiopiu.net\/wordpress\/wp-content\/uploads\/2021\/02\/dEmilia-Comitato-direttivo-Citta-Alpina-dellAnno.mp3<\/a><\/audio>\n<p>&nbsp;<\/p>\n<p>&nbsp;<\/p>\n<hr \/>\n<p>&nbsp;<\/p>\n<blockquote>\n<h3>NELLA STAGIONE DELLE BEFFE\u00a0 ANCHE\u00a0 IL TERMOMETRO PARLA UN&#8217;ALTRA LINGUA, &#8220;tempo culo e siori fa quel che vol lori&#8221;<\/h3>\n<\/blockquote>\n<p><a href=\"https:\/\/www.radiopiu.net\/wordpress\/giornale-radiopiu-19-febbraio-2021-direttore-mirko-mezzacasa\/th-49\/\" rel=\"attachment wp-att-192346\"><img loading=\"lazy\" decoding=\"async\" class=\"wp-image-192346 alignleft\" src=\"https:\/\/www.radiopiu.net\/wordpress\/wp-content\/uploads\/2021\/02\/th-23-300x300.jpg\" alt=\"\" width=\"163\" height=\"163\" srcset=\"https:\/\/www.radiopiu.net\/wordpress\/wp-content\/uploads\/2021\/02\/th-23.jpg 300w, https:\/\/www.radiopiu.net\/wordpress\/wp-content\/uploads\/2021\/02\/th-23-150x150.jpg 150w\" sizes=\"auto, (max-width: 163px) 100vw, 163px\" \/><\/a>BELLUNO<\/p>\n<p><strong>di DAMIANO TORMEN<\/strong><\/p>\n<audio class=\"wp-audio-shortcode\" id=\"audio-192125-7\" preload=\"none\" style=\"width: 100%;\" controls=\"controls\"><source type=\"audio\/mpeg\" src=\"https:\/\/www.radiopiu.net\/wordpress\/wp-content\/uploads\/2021\/02\/damiano-1.mp3?_=7\" \/><a href=\"https:\/\/www.radiopiu.net\/wordpress\/wp-content\/uploads\/2021\/02\/damiano-1.mp3\">https:\/\/www.radiopiu.net\/wordpress\/wp-content\/uploads\/2021\/02\/damiano-1.mp3<\/a><\/audio>\n<p>&nbsp;<\/p>\n<p>&nbsp;<\/p>\n<hr \/>\n<blockquote>\n<h3>MILANO CORTINA 2026. ZAIA, \u201cNUOVA PISTA DA BOB E INFRASTRUTTURE SPORTIVO-TURISTICHE LE PRIORITA\u2019 DEL VENETO NEL RIPARTO DEI FONDI OLIMPICI\u201d<\/h3>\n<\/blockquote>\n<p><strong><a href=\"https:\/\/www.radiopiu.net\/wordpress\/giornale-radiopiu-13-marzo-2018-direttore-mirko-mezzacasa\/main_olimpiadi\/\" rel=\"attachment wp-att-44725\"><img loading=\"lazy\" decoding=\"async\" class=\"size-medium wp-image-44725 alignleft\" src=\"https:\/\/www.radiopiu.net\/wordpress\/wp-content\/uploads\/2018\/03\/main_olimpiadi-300x154.jpg\" alt=\"\" width=\"300\" height=\"154\" \/><\/a>VENEZIA <\/strong>La scorsa settimana si \u00e8 tenuta la prima riunione tra i dirigenti del Ministero dello sport e quelli delle regioni del Veneto, della Lombardia e delle province autonome Trento e Bolzano: i quattro soggetti interessati dall\u2019evento Giochi Olimpici Milano-Cortina 2026, ai quali spetter\u00e0 la ripartizione di un nuovo finanziamento statale, pari a 145 milioni di euro, previsti nella finanziaria 2020 approvata a fine dicembre scorso. \u201c<em>Grazie a questo nuovo ed ulteriore stanziamento possiamo incominciare a pensare anche alle infrastrutture sportive e agli interventi strettamente connessi. La formula \u00e8 completa e Cortina d\u2019Ampezzo sta confermando, in queste due settimane di gare iridate, di poter competere alla pari con qualsiasi altra capitale mondiale di sport invernali. Da parte nostra, come Regione del Veneto, intendiamo attivare tutte le sinergie possibili sul territorio per rafforzare, tra cinque anni, la credibilit\u00e0 e lo standing internazionale che stiamo dimostrando, anche e soprattutto con i fatti, oggi con i Mondiali di Sci<\/em>\u201d. Lo dice il Presidente della Regione del Veneto, Luca Zaia, riferendosi alle ulteriori risorse inserire nella Legge di Bilancio statale 2021, a favore dei soggetti attuatori delle opere sportive olimpiche. I 145 milioni vanno ad aggiungersi al miliardo di euro stanziato con la finanziaria del 2019, riservato esclusivamente alle infrastrutture olimpiche. Per i Giochi olimpici sono gi\u00e0 state individuate 14 sedi di gara, incluse in 4 clusters (Milano; Valtellina; Cortina; Val di Fiemme). In particolare il cluster di Cortina comprende 4 sedi di competizione: Cortina-Stadio Olimpico &#8211; Curling; Cortina-Tofane &#8211; Sci alpino femminile; Cortina-Sliding Centre \u2018E. Monti\u2019 &#8211; Bob, Slittino, Skeleton; Anterselva\/Antholz-S\u00fcdtirol Arena \u2013 Biathlon.<\/p>\n<p>&nbsp;<\/p>\n<p>&nbsp;<\/p>\n<hr \/>\n<p>&nbsp;<\/p>\n<blockquote>\n<h3>ARTIGIANATO ARTISTICO E MUSEI CITTADINI UNITI PER LA PROMOZIONE DELLE ECCELLENZE LOCALI: AL CIVICO E ALLA GALLERIA RIZZARDA VERSO UN NUOVO BOOKSHOP CON I PRODOTTI DEI MAESTRI FELTRINI<\/h3>\n<\/blockquote>\n<p><strong><a href=\"https:\/\/www.radiopiu.net\/wordpress\/artigianato-artistico-e-musei-cittadini-uniti-per-la-promozione-delle-eccellenze-locali-al-civico-e-alla-galleria-rizzarda-verso-un-nuovo-bookshop-con-i-prodotti-dei-maestri-feltrini\/bookshop-galleria-rizzarda\/\" rel=\"attachment wp-att-192181\"><img loading=\"lazy\" decoding=\"async\" class=\"size-medium wp-image-192181 alignleft\" src=\"https:\/\/www.radiopiu.net\/wordpress\/wp-content\/uploads\/2021\/02\/Bookshop-Galleria-Rizzarda-300x169.jpg\" alt=\"\" width=\"300\" height=\"169\" srcset=\"https:\/\/www.radiopiu.net\/wordpress\/wp-content\/uploads\/2021\/02\/Bookshop-Galleria-Rizzarda-300x169.jpg 300w, https:\/\/www.radiopiu.net\/wordpress\/wp-content\/uploads\/2021\/02\/Bookshop-Galleria-Rizzarda-1024x576.jpg 1024w, https:\/\/www.radiopiu.net\/wordpress\/wp-content\/uploads\/2021\/02\/Bookshop-Galleria-Rizzarda-768x432.jpg 768w, https:\/\/www.radiopiu.net\/wordpress\/wp-content\/uploads\/2021\/02\/Bookshop-Galleria-Rizzarda-1536x864.jpg 1536w, https:\/\/www.radiopiu.net\/wordpress\/wp-content\/uploads\/2021\/02\/Bookshop-Galleria-Rizzarda-2048x1152.jpg 2048w\" sizes=\"auto, (max-width: 300px) 100vw, 300px\" \/><\/a>FELTRE <\/strong>Valorizzare i musei cittadini, arricchendo l&#8217;esperienza di visita con delle proposte integrative, come \u2013 in primis &#8211; la creazione di spazi bookshop dedicati alla vendita di prodotti editoriali, riproduzioni di beni culturali e oggetti di artigianato artistico correlati al patrimonio e alle proposte degli stessi musei. Va in questa direzione la scelta dell&#8217;Amministrazione comunale di Feltre che ha dato il via libera, con una delibera di giunta, ad un restyling, che verr\u00e0 condotto nei prossimi mesi, degli spazi di vendita del Museo Civico e della Galleria d&#8217;Arte Moderna Carlo Rizzarda. La decisione va di pari passo con il fatto che in questi mesi entrambe le strutture sono oggetto di importanti interventi di rinnovamento, finalizzati all&#8217;apertura presso la Galleria Rizzarda della sezione espositiva permanente della collezione di vetri d&#8217;arte Nasci-Franzoia e alla creazione della nuova sezione archeologica e del percorso ad essa collegato presso il Museo Civico. Gli oggetti selezionati dovranno soddisfare alcuni criteri, tra i quali essere espressione delle produzioni tipiche locali, essere caratterizzati dall&#8217;elevata innovativit\u00e0 della proposta, o ancora essere realizzati con materiali di pregio per essere rappresentativi della bellezza e ricchezza della cultura locale nelle sue diverse componenti naturalistica, storica e artistica. Tra le produzioni artigianali di interesse potranno rientrare, a titolo indicativo, ceramiche e terracotta, produzioni tessili, oggetti in carta o cartapesta, oggetti in pietra, oggetti in cuoio, produzioni di bigiotteria\/gioielleria. Nelle prossime settimane verranno avviati i lavori di restyling dei bookshop. Gli artigiani interessati a proporre i propri oggetti, che rispondano alle caratteristiche citate, potranno contattare direttamente l\u2019Ufficio Cultura del Comune di Feltre<\/p>\n<p><strong>L&#8217;ASSESSORE DEL COMUNE DI FELTRE ALESSANDRO DEL BIANCO<\/strong><\/p>\n<audio class=\"wp-audio-shortcode\" id=\"audio-192125-8\" preload=\"none\" style=\"width: 100%;\" controls=\"controls\"><source type=\"audio\/mpeg\" src=\"https:\/\/www.radiopiu.net\/wordpress\/wp-content\/uploads\/2021\/02\/del-bianco-rizzarda-feltre.mp3?_=8\" \/><a href=\"https:\/\/www.radiopiu.net\/wordpress\/wp-content\/uploads\/2021\/02\/del-bianco-rizzarda-feltre.mp3\">https:\/\/www.radiopiu.net\/wordpress\/wp-content\/uploads\/2021\/02\/del-bianco-rizzarda-feltre.mp3<\/a><\/audio>\n<p>&nbsp;<\/p>\n<hr \/>\n<p>&nbsp;<\/p>\n<blockquote>\n<h3>PONTE NELLE ALPI S&#8217;INCASTRA IN MANIERA PERFETTA NEL CRUCIVERBA<\/h3>\n<\/blockquote>\n<p><strong><img loading=\"lazy\" decoding=\"async\" class=\"alignleft\" src=\"https:\/\/www.radiopiu.net\/wordpress\/wp-content\/uploads\/2021\/02\/Settimana_enigmistica_Ponte_Alpi.jpg\" width=\"176\" height=\"163\" \/>PONTE NELLE ALPI<\/strong> Passano gli anni, cambiano gli usi, i costumi, le tradizioni e soprattutto i passatempi.\u00a0 Ma la Settimana Enigmistica rimane un punto fermo nella quotidianit\u00e0 degli italiani. Ebbene, proprio all\u2019interno dell\u2019ultimo numero c\u2019\u00e8 un riferimento che non poteva passare inosservato.\u00a0 Si trova nel cruciverba dedicato ad alcuni luoghi e paesaggi italiani. 34 orizzontale: la meta della gita (Belluno).\u00a0 Le lettere sono 14. E la soluzione \u00e8 l\u00ec, a portata di mano. Anche perch\u00e9 \u00e8 accompagnata da una foto inequivocabile: l\u2019immagine del municipio di Cadola.\u00a0 S\u00ec, la soluzione \u00e8 \u201cPonte nelle Alpi\u201d.\u00a0 Una curiosa ribalta di respiro nazionale, quindi, sulle pagine di una compagna di vita come \u201cLa Settimana Enigmistica\u201d.<\/p>\n<blockquote><p><em>\u00a0Con l&#8217;auspicio che presto la montagna possa tornare a vivere di uno dei suoi beni pi\u00f9\u00a0preziosi: il turismo.\u00a0<\/em><\/p><\/blockquote>\n<p>&nbsp;<\/p>\n<p>&nbsp;<\/p>\n<hr \/>\n<p>&nbsp;<\/p>\n<blockquote>\n<h3>A CASA KOLBE DI PEDAVENA ARRIVANO I NIPOTI DI BABBO NATALE<\/h3>\n<\/blockquote>\n<p><strong><a href=\"https:\/\/www.radiopiu.net\/wordpress\/giornale-radiopiu-19-febbraio-2021-direttore-mirko-mezzacasa\/luigina\/\" rel=\"attachment wp-att-192303\"><img loading=\"lazy\" decoding=\"async\" class=\"size-medium wp-image-192303 alignleft\" src=\"https:\/\/www.radiopiu.net\/wordpress\/wp-content\/uploads\/2021\/02\/luigina-300x300.jpeg\" alt=\"\" width=\"300\" height=\"300\" srcset=\"https:\/\/www.radiopiu.net\/wordpress\/wp-content\/uploads\/2021\/02\/luigina-300x300.jpeg 300w, https:\/\/www.radiopiu.net\/wordpress\/wp-content\/uploads\/2021\/02\/luigina-1024x1024.jpeg 1024w, https:\/\/www.radiopiu.net\/wordpress\/wp-content\/uploads\/2021\/02\/luigina-150x150.jpeg 150w, https:\/\/www.radiopiu.net\/wordpress\/wp-content\/uploads\/2021\/02\/luigina-768x768.jpeg 768w, https:\/\/www.radiopiu.net\/wordpress\/wp-content\/uploads\/2021\/02\/luigina.jpeg 1080w\" sizes=\"auto, (max-width: 300px) 100vw, 300px\" \/><\/a>PEDAVENA <\/strong>A Casa Kolbe, centro servizi per anziani di Pedavena, Luigina, una delle ospiti, ha compiuto 72 anni marted\u00ec 16 febbraio.\u00a0 In regalo ha ricevuto un sacchetto di squisiti cioccolatini da sua nipote Ania.\u00a0 Ma \u00e8 una nipote che non ha mai conosciuto personalmente, ma solo in videochiamata e con cui, a dire il vero, non c\u2019\u00e8 neanche alcun legame di sangue. Perch\u00e9 Ania \u00e8 una Nipote di Babbo Natale. Si chiamano cos\u00ec i volontari che decidono di inviare un regalo -per Natale, ma non solo- ad un anziana o un anziano ospite di una casa di riposo. Quale regalo? Quello che l\u2019anziana o l\u2019anziano ha chiesto nella sua \u201clettera a Babbo Natale\u201d. Casa Kolbe \u00e8 una delle 228 case di riposo in Italia ad avere aderito nel 2020 all\u2019iniziativa \u201cNipoti di Babbo Natale\u201d promossa dall\u2019associazione comasca \u201cUn sorriso in pi\u00f9\u201d. L\u2019equipe educativa della struttura di Pedavena ha raccolto i desideri degli anziani e li ha aiutati ad inviarli, come lettera, a <a href=\"http:\/\/www.nipotidibabbonatale.it\/\">www.nipotidibabbonatale.it<\/a> \u00a0Luigina non \u00e8 l\u2019unica in Casa Kolbe ad avere ricevuto un regalo da un Nipote speciale. C\u2019\u00e8 chi tra gli ospiti aveva chiesto un romanzo di avventure, chi un calendario a caratteri grandi, chi una copertina di lana leggera, un maglioncino rosso (dal quale adesso \u00e8 difficile separarsi) o penne colorate. I \u201cNipoti\u201d hanno letto sul sito del progetto questi desideri, hanno acquistato l\u2019oggetto e lo hanno spedito a Casa Kolbe per Natale. Questa iniziativa ha fatto bene al cuore degli anziani ed ha consentito di vivere un Natale pi\u00f9 sereno, di apprezzare la genuina sensibilit\u00e0 delle persone e godere di questa vicinanza &#8211; seppur solo affettiva e non fisica- che il virus sta togliendo da troppo tempo. La relazione tra nonni e Nipoti non si \u00e8 fermata al Natale.\u00a0C\u2019\u00e8 chi tra i Nipoti ci tiene ad inviare gli auguri per il compleanno del \u201cproprio\u201d anziano, o vuole rimanere aggiornato sulla vita quotidiana della persona a cui ha inviato il regalo.La Nipote Martina, ad esempio\u00a0 segue su Facebook il \u201cnonno\u201d Bepi, e qualche giorno fa l\u2019ha salutato in un commento ad una foto che lo ritraeva allegro durante i festeggiamenti per il carnevale.<\/p>\n<p>&nbsp;<\/p>\n<p>&nbsp;<\/p>\n<hr \/>\n<p>&nbsp;<\/p>\n<blockquote>\n<h3>LE PROPOSTE PER LA MODIFICA DEL PIANO DEGLI INTERVENTI<\/h3>\n<\/blockquote>\n<p><strong>FALCADE<\/strong>\u00a0 <em>&#8220;Il Comune di Falcade comunica che \u00e8 stato pubblicato un importante <u>AVVISO\u00a0per la\u00a0presentazione delle proposte per la modifica del Piano degli Interventi<\/u>, a firma del Sindaco Michele Costa,\u00a0 l<\/em><em>&#8216;avviso \u00e8 pubblicato e scaricabile dal sito internet del Comune di Falcade. <\/em><em>Le proposte dovranno pervenire entro e non oltre il 18 marzo 2021&#8243;<\/em><\/p>\n<div><\/div>\n<p>&nbsp;<\/p>\n<hr \/>\n<p>&nbsp;<\/p>\n<blockquote>\n<h3>ASCA ALLA RICERCA DI UN ISTRUTTORE AMMINISTRATIVO ADDETTO AL PERSONALE E INFERMIERI<\/h3>\n<\/blockquote>\n<p><strong><a href=\"https:\/\/www.radiopiu.net\/wordpress\/asca-ricerca-personale-infermieristico\/asca-4\/\" rel=\"attachment wp-att-128881\"><img loading=\"lazy\" decoding=\"async\" class=\" wp-image-128881 alignleft\" src=\"https:\/\/www.radiopiu.net\/wordpress\/wp-content\/uploads\/2020\/04\/ASCA-300x165.png\" alt=\"\" width=\"224\" height=\"123\" srcset=\"https:\/\/www.radiopiu.net\/wordpress\/wp-content\/uploads\/2020\/04\/ASCA-300x165.png 300w, https:\/\/www.radiopiu.net\/wordpress\/wp-content\/uploads\/2020\/04\/ASCA-1024x565.png 1024w, https:\/\/www.radiopiu.net\/wordpress\/wp-content\/uploads\/2020\/04\/ASCA-768x424.png 768w, https:\/\/www.radiopiu.net\/wordpress\/wp-content\/uploads\/2020\/04\/ASCA.png 1211w\" sizes=\"auto, (max-width: 224px) 100vw, 224px\" \/><\/a>AGORDO<\/strong> L&#8217;Azienda Speciale Consortile Agordina \u00e8 alla ricerca di un istruttore amministrativo addetto al personale da inserire nell\u2019organico amministrativo della Residenza Sanitaria Anziani di Agordo. Possono partecipare laureati in materie giuridiche od economiche o materie equipollenti, o diplomati con comprovata esperienza. La selezione \u00e8 finalizzata all\u2019inserimento a tempo indeterminato e pieno in Azienda. Il bando con il modello della domanda \u00e8 rinvenibile sul sito dell\u2019Azienda www.servizisocialiasca.it\u00a0.<br \/>\nL&#8217;amministratore unico di Asca Mariachiara Santin ha inoltre emanato un avviso di selezione utile alla formulazione di una graduatoria di idoneit\u00e0 finalizzata all&#8217;inserimento a tempo indeterminato pieno e part time della figura di infermiere con un premio di benvenuto di 250,00 \u20ac in beni e servizi di Welfare Aziendali (una tantum) e un premio produttivit\u00e0 \/welfare annuo di 2.500,00 euro pro capite che viene erogato sulla base della valutazione e dopo almeno 7 mesi di lavoro continuativo in Azienda. Per informazioni \u00e8 possibile rivolgersi alla Segreteria dell\u2019Azienda A.S.C.A.: e-mail: amministrazione@servizisocialiasca.it<\/p>\n<p>&nbsp;<\/p>\n<p>&nbsp;<\/p>\n<hr \/>\n<blockquote>\n<h3><\/h3>\n<h3>CERCASI FARMACISTI-COLLABORATORI AD AGORDO<\/h3>\n<\/blockquote>\n<p><strong><img loading=\"lazy\" decoding=\"async\" class=\"alignleft\" src=\"https:\/\/www.radiopiu.net\/wordpress\/wp-content\/uploads\/2020\/06\/e557474c-a46e-408a-ad77-242a0f3ef7c9.jpg\" width=\"62\" height=\"83\" \/>AGORDO<\/strong> L&#8217;Azienda Speciale Agordo Servizi ha indetto una selezione per la copertura di due posti e tempo pieno (40 ore) come Farmacista-collaboratore di primo livello. Il candidato dovr\u00e0 essere in grado di svolgere attivit\u00e0 ad elevato contenuto professionale di natura sanitaria o tecnica amministrativa in condizione di ampia autonomia. Le domande devono essere presentate entro le 12 del 3 marzo. Di seguito tutti i particolari compreso il calendario della prova che sar\u00e0 pubblicato sul sito agordofarmaciacomunale.it<\/p>\n<p>&nbsp;<\/p>\n<hr \/>\n<p>&nbsp;<\/p>\n<blockquote>\n<h3>FESTIVAL SOTTOCOPERTA: DOMENICA LA SECONDA LETTURA IN STREAMING<\/h3>\n<\/blockquote>\n<p><span style=\"color: #000000;\"><strong>LIMANA <\/strong><\/span><span style=\"color: #000000;\">Continua il progetto SottoCoperta ed il prossimo appuntamento in streaming sar\u00e0 domenica 21 febbraio, alle ore 18.00, lettura e narrazione per bambini dai 6 anni in su con Pino Costalunga. <\/span><span style=\"color: #000000;\">Un incontro all&#8217;insegna del divertimento e del gioco con Pino Costalunga, che proporra\u0300 giochi linguistici, trovate fantastiche, fiabe e rime di autori per ragazzi &#8211; e anche sue! &#8211; in un incontro all&#8217;insegna della leggerezza e del godimento non solo della pancia, ma anche del cuore e del cervello. <\/span><span style=\"color: #000000;\">Uno spettacolo di cui possono godere adulti e bambini. Per prenotare il link per la visione basta scrivere all&#8217;indirizzi mail sbogo.limana@valbelluna.bl.it<\/span><\/p>\n<p>&nbsp;<\/p>\n<p>&nbsp;<\/p>\n<hr \/>\n<p>&nbsp;<\/p>\n<blockquote>\n<h3>AIDO E BEPPIANI PRENDONO I BELLUNESI PER LA GOLA:<\/h3>\n<\/blockquote>\n<p><strong><a href=\"https:\/\/www.radiopiu.net\/wordpress\/giornale-radiopiu-13-febbraio-2021-direttore-mirko-mezzacasa\/1-choco-aido-belluno\/\" rel=\"attachment wp-att-190712\"><img loading=\"lazy\" decoding=\"async\" class=\" wp-image-190712 alignleft\" src=\"https:\/\/www.radiopiu.net\/wordpress\/wp-content\/uploads\/2021\/02\/1-Choco-Aido-Belluno-300x225.jpg\" alt=\"\" width=\"173\" height=\"130\" srcset=\"https:\/\/www.radiopiu.net\/wordpress\/wp-content\/uploads\/2021\/02\/1-Choco-Aido-Belluno-300x225.jpg 300w, https:\/\/www.radiopiu.net\/wordpress\/wp-content\/uploads\/2021\/02\/1-Choco-Aido-Belluno-1024x769.jpg 1024w, https:\/\/www.radiopiu.net\/wordpress\/wp-content\/uploads\/2021\/02\/1-Choco-Aido-Belluno-768x577.jpg 768w, https:\/\/www.radiopiu.net\/wordpress\/wp-content\/uploads\/2021\/02\/1-Choco-Aido-Belluno.jpg 1200w\" sizes=\"auto, (max-width: 173px) 100vw, 173px\" \/><\/a>BELLUNO<\/strong> l\u2019Associazione italiana donazione di organi (Aido) di Belluno in occasione della pasqua\u00a0 lancia una nuova collaborazione con un laboratorio artigianale locale. Grazie alle sapienti mani della cioccolateria Beppiani, gli \u201caidini\u201d lanciano un nuovi gadget limited edition tutto da mangiare: una pecorella e un uovo di cioccolato dolomitico fatti a mano, sia per raccogliere fondi sia per divulgare il messaggio del dono e della donazione in maniera sempre nuova, anche attraverso il sostegno a un artigiano locale che da anni offre un prodotto di indiscussa qualit\u00e0. All\u2019interno del box si potranno trovare informazioni sulla donazione di organi\u00a0 Per avere il box \u00e8 consigliabile prenotare chiamando il 348 7304706 (Sandra): l\u2019offerta minima consigliata \u00e8 di 9 euro a confezione. Il devoluto sar\u00e0 impiegato per l\u2019attivit\u00e0 di promozione della cultura del dono nella provincia di Belluno.<\/p>\n<p>&nbsp;<\/p>\n<hr \/>\n<p>&nbsp;<\/p>\n<blockquote>\n<h3>SCUOLE IN RETE PER UN MONDO DI SOLIDARIETA&#8217; E PACE<\/h3>\n<\/blockquote>\n<p><strong>BELLUNO<\/strong>\u00a0 Evento dedicato ai genitori e ai cittadini,\u00a0 domani\u00a0 alle\u00a0 20.30 dalla piattaforma zoom o in diretta Youtube. All&#8217;incontro con gli studenti hanno gi\u00e0 partecipato 900 giovani, mentre al corso di formazione di oggi sono iscritti 170 docenti. Gli incontri sono organizzati dalle Scuole in Rete per un Mondo di Solidariet\u00e0 e Pace, dalla Consulta Provinciale degli Studenti, dall&#8217;Associazione Amici delle Scuole in Rete, in partnership con l&#8221;Ufficio Scolastico di Belluno Belluno Comunit\u00e0 che Educa e con il patrocinio della Provincia di Belluno. Approfondimenti sul sito <span style=\"color: #0000ff;\">www.studentibelluno.it.<\/span>\u00a0 Si tratta del primo di altri appuntamenti organizzati dalle Scuole in Rete sul tema di internet, opportunit\u00e0 e rischi dedicati, come da costume del network, agli studenti e alla comunit\u00e0 provinciale.<\/p>\n<blockquote><p>&nbsp;<\/p><\/blockquote>\n<p>&nbsp;<\/p>\n<hr \/>\n<p>&nbsp;<\/p>\n<blockquote>\n<h3>NUOVI ORARI CALL CENTER COVID DAL 1\u00b0 FEBBRAIO 2021<\/h3>\n<\/blockquote>\n<p><strong><a href=\"https:\/\/www.radiopiu.net\/wordpress\/giornale-radiopiu-26-gennaio-2021-direttore-mirko-mezzacasa\/numero-covid_febbraio-2021\/\" rel=\"attachment wp-att-186852\"><img loading=\"lazy\" decoding=\"async\" class=\"wp-image-186852 alignleft\" src=\"https:\/\/www.radiopiu.net\/wordpress\/wp-content\/uploads\/2021\/01\/numero-covid_febbraio-2021-300x212.jpg\" alt=\"\" width=\"202\" height=\"143\" srcset=\"https:\/\/www.radiopiu.net\/wordpress\/wp-content\/uploads\/2021\/01\/numero-covid_febbraio-2021-300x212.jpg 300w, https:\/\/www.radiopiu.net\/wordpress\/wp-content\/uploads\/2021\/01\/numero-covid_febbraio-2021-1024x724.jpg 1024w, https:\/\/www.radiopiu.net\/wordpress\/wp-content\/uploads\/2021\/01\/numero-covid_febbraio-2021-768x543.jpg 768w, https:\/\/www.radiopiu.net\/wordpress\/wp-content\/uploads\/2021\/01\/numero-covid_febbraio-2021-1536x1086.jpg 1536w, https:\/\/www.radiopiu.net\/wordpress\/wp-content\/uploads\/2021\/01\/numero-covid_febbraio-2021.jpg 2000w\" sizes=\"auto, (max-width: 202px) 100vw, 202px\" \/><\/a> <\/strong><\/p>\n<p><strong>\u00a0<\/strong><\/p>\n<p><strong>BELLUNO <\/strong>L&#8217;importante rallentamento epidemico registrato nelle ultime settimane e la conseguente forte riduzione delle telefonate con richiesta di informazioni da parte dei cittadini, consentono di rimodulare giorni ed orari di attivit\u00e0 del CALL CENTER COVID Dal 1\u00b0 febbraio 2021 lo 0437\/514343 sar\u00e0 attivo dalle 8 alle 18 da luned\u00ec a sabato.<\/p>\n<p>&nbsp;<\/p>\n<p>&nbsp;<\/p>\n<hr \/>\n<p>&nbsp;<\/p>\n<blockquote>\n<h3>PR RANCH, RIPRENDE LA GINNASTICA ARTISTICA<\/h3>\n<\/blockquote>\n<p><strong>AGORDO<\/strong> Riprenderanno marted\u00ec 9 febbraio al PalaRova di Agordo i corsi di ginnastica artistica. L&#8217;appuntamento \u00e8 dalle 16:30 alle 18:30. Per informazioni contattare Donatella al 348 4352362.<\/p>\n<p>&nbsp;<\/p>\n<p>&nbsp;<\/p>\n<hr \/>\n<p>&nbsp;<\/p>\n<blockquote>\n<h3>MUSLA LANCIA UNA CHALLENGE IN OCCASIONE DELLA GIORNATA INTERNAZIONALE DELLA MADRE LINGUA<\/h3>\n<\/blockquote>\n<p><strong>AGORDO\u00a0<\/strong>Il 21 Febbraio sar\u00e0 la giornata internazionale della madre lingua. Il MUSLA ha pensato di festeggiare la giornata raccogliendo dei video fatti dagli abitanti dell&#8217;Agordino che nel proprio dialetto, da quello Fodom a quello del Poi, dovranno dire una parola agordina, da chi \u00e8 stata tramandata e come si adopera. Il video deve essere della durata massima di 10 secondi e si pu\u00f2 inviare al numero 388 4955756 via Whatsapp, via mail a musla.agordino@gmail.com o sulle messaggistiche dei social Facebook o Instagram collegandosi alla pagina del MUSLA.<\/p>\n<p><strong>IL VIDEO CHE DESCRIVE L&#8217;INIZIATIVA<\/strong><\/p>\n<div style=\"width: 1200px;\" class=\"wp-video\"><video class=\"wp-video-shortcode\" id=\"video-192125-2\" width=\"1200\" height=\"675\" preload=\"metadata\" controls=\"controls\"><source type=\"video\/mp4\" src=\"https:\/\/www.radiopiu.net\/wordpress\/wp-content\/uploads\/2021\/02\/MUSLA-CHALLENGE.mp4?_=2\" \/><a href=\"https:\/\/www.radiopiu.net\/wordpress\/wp-content\/uploads\/2021\/02\/MUSLA-CHALLENGE.mp4\">https:\/\/www.radiopiu.net\/wordpress\/wp-content\/uploads\/2021\/02\/MUSLA-CHALLENGE.mp4<\/a><\/video><\/div>\n<p>&nbsp;<\/p>\n<p>&nbsp;<\/p>\n<hr \/>\n<p>&nbsp;<\/p>\n<blockquote>\n<h2>LA PRIMA INVERNALE ALLA CIMA MOIAZZA SUD<\/h2>\n<\/blockquote>\n<p><em>Cinquant&#8217;anni fa dopo due tentativi andati a vuoto. Eugenio Bien protagonista\u00a0 assieme a Riccardo Costantini il 14 febbraio 1971<\/em><br \/>\n<strong>\u00a0<\/strong><\/p>\n<p><strong>di Giorgio Fontanive\u00a0<\/strong><\/p>\n<p><strong>AGORDO<\/strong> L\u2019avventura invernale degli Agordini sulla montagna di casa, palestra dei \u201cGir\u201d, era iniziata alcune settimane prima di questa data, con una salita interrotta ben in alto, addirittura sulle creste della Cima delle Masen\u00e0de, per una violenta tormenta di neve che aveva causato anche un principio di congelamento al \u201ccapopattuglia\u201d Eugenio Bien. Era stata poi la volta di un nuovo tentativo prevedendo la salita al Van de le Nev\u00e8re per i Cant\u00f4i de Fram\u00f3nt con un bivacco sotto le Torri del Camp, ma anche in questo caso la meteorologia aveva impedito ogni velleit\u00e0 interrompendo quanto stava a cuore agli Agordini ancor prima d\u2019iniziare l\u2019impresa. Poi\u2026\u2026..Eugenio Bien ancora una volta consulta il gruppo dei \u201cGir\u201d gli amici di croda: invero solo Riccardo Costantini si dichiara disponibile per il fine settimana sulla domenica 14 febbraio. Nonostante questa partecipazione ridotta, sabato 13 febbraio i due amici organizzarono la spedizione, prevedendo il pernottamento nel locale invernale del Rifugio Vazzoler che \u00e8 raggiunto nel tardo pomeriggio. Finalmente il tempo si mantiene splendido, in regime d\u2019alta pressione; basse temperature ma con un sole accecante. Domenica 14 febbraio sveglia alle ore 4.00 e partenza immediata. Raggiunto in discesa con gli sci ai piedi il Pian de le Taje e attraversata con un poco di attenzione la cengia sotto la Torre Trieste, la salita si svolge per un buon tratto agevolmente poi, alla base delle Nev\u00e8re, Eugenio perde inopinatamente uno sci che si schianta sugli strapiombi sottostanti. Un attimo d\u2019incertezza ma poi le provvidenziali racchette da neve sostituiscono egregiamente \u201ci legni\u201d e i due alpinisti possono avanzare &#8211; seppur con maggior fatica &#8211; nella neve farinosa del versante in ombra della montagna fin oltre la soglia del Van de le Nev\u00e8re dove oggi \u00e8 ubicato il bivacco Ghedini. Il ripido canalone ghiacciato che conduce all\u2019intaglio di Forcella Castiglioni &#8211; Eugenio gi\u00e0 lo conosce &#8211; non pone eccessive difficolt\u00e0: pi\u00f9 ardua \u00e8 l\u2019uscita a lato della cascata di ghiaccio terminale, superata pi\u00f9 di forza che di tecnica d\u2019arrampicata invernale. Infine ecco il vasto piano inclinato della Cima Moiazza Sud, accogliente come il piazzale di un rifugio; uno scatto all\u2019intorno distrattamente poi, subito gi\u00f9 per la corda ben assicurata alle rocce del ciglio che porta di nuovo alla forcella. Ma non \u00e8 finita mentre il sole scompare dietro l\u2019Agn\u00e8r: la via del ritorno \u00e8 sofferta ma sicura, tanto da raggiungere il Vazzoler alle 23 dov\u2019era intenzione di pernottare (altrimenti sarebbe stato pi\u00f9 prudente evitare la risalita salita dal Pian de le Taje percorsa al mattino). \u00c8 la preoccupazione per i familiari a far decidere differentemente: il tempo di un breve riposo poi le tensioni accumulate fanno loro riprendere la lunga discesa per il fondovalle senza sci. E sono le 2.00 del giorno successivo quando raggiungono la statale agordina appena in tempo per poter approfittare di uno strappo sull\u2019automobile di Corrado \u201cLucky\u201d Ben di ritorno da Falcade dopo una serata da protagonista con il gruppo dei Cardinal\u2019s: l\u2019ultimo atto di una lunga, estenuante ma indimenticabile giornata. Il riposo e la tranquillit\u00e0 dei familiari \u00e8 la paga della giornata. In questi giorni di 50 anni dopo, in Eugenio Bien c\u2019era qualche velleit\u00e0 di un essere nuovamente in montagna il 14 febbraio 2021 ma, motivi di forza maggiore, hanno fatto decidere altrimenti. In effetti, anche mezzo secolo fa le casualit\u00e0 e gli appuntamenti della vita avevano fatto sentire il loro peso sulle vicende degli uomini non solo nel ripetuto rinvio della salita invernale alla Cima Moiazza Sud. In quel 1971 cos\u00ec promettente e ricco di soddisfazioni, il 17 ottobre precipitava dalla Torre di Babele (Civetta), Renzo Conedera, in quel momento tra i soci pi\u00f9 attivi della Sezione Agordina del Cai, al quale, a cinquant\u2019anni dalla scomparsa, va il ricordo di quanti hanno apprezzato le sue qualit\u00e0 umane e alpinistiche.<\/p>\n\n\t\t\t<style type='text\/css'>\n\t\t\t\t#gallery-8 {\n\t\t\t\t\tmargin: auto;\n\t\t\t\t}\n\t\t\t\t#gallery-8 .gallery-item {\n\t\t\t\t\tfloat: left;\n\t\t\t\t\tmargin-top: 10px;\n\t\t\t\t\ttext-align: center;\n\t\t\t\t\twidth: 50%;\n\t\t\t\t}\n\t\t\t\t#gallery-8 img {\n\t\t\t\t\tborder: 2px solid #cfcfcf;\n\t\t\t\t}\n\t\t\t\t#gallery-8 .gallery-caption {\n\t\t\t\t\tmargin-left: 0;\n\t\t\t\t}\n\t\t\t\t\/* see gallery_shortcode() in wp-includes\/media.php *\/\n\t\t\t<\/style>\n\t\t<div id='gallery-8' class='dt-gallery-container gallery galleryid-192125 gallery-columns-2 gallery-size-medium'><dl class='gallery-item'>\n\t\t\t\t<dt class='gallery-icon landscape'>\n\t\t\t\t\t<a class=\"rollover rollover-zoom dt-pswp-item\" title=\"MOIAZZA INVERNALE (1)\" data-dt-img-description=\"\" data-large_image_width=\"1020\" data-large_image_height=\"737\"href='https:\/\/www.radiopiu.net\/wordpress\/wp-content\/uploads\/2021\/02\/MOIAZZA-INVERNALE-1.jpg'><img loading=\"lazy\" decoding=\"async\" width=\"300\" height=\"217\" src=\"https:\/\/www.radiopiu.net\/wordpress\/wp-content\/uploads\/2021\/02\/MOIAZZA-INVERNALE-1-300x217.jpg\" class=\"attachment-medium size-medium\" alt=\"\" aria-describedby=\"gallery-8-192325\" srcset=\"https:\/\/www.radiopiu.net\/wordpress\/wp-content\/uploads\/2021\/02\/MOIAZZA-INVERNALE-1-300x217.jpg 300w, https:\/\/www.radiopiu.net\/wordpress\/wp-content\/uploads\/2021\/02\/MOIAZZA-INVERNALE-1-768x555.jpg 768w, https:\/\/www.radiopiu.net\/wordpress\/wp-content\/uploads\/2021\/02\/MOIAZZA-INVERNALE-1.jpg 1020w\" sizes=\"auto, (max-width: 300px) 100vw, 300px\" \/><\/a>\n\t\t\t\t<\/dt>\n\t\t\t\t\t<dd class='wp-caption-text gallery-caption' id='gallery-8-192325'>\n\t\t\t\t\tRenzo Conedera (primo a sinistra) con Eugenio Bien e Riccardo Costantini nell\u2019inverno 1970 al Rifugio Carestiato, pensando a nuove avventura sulla neve.\n\n\t\t\t\t\t<\/dd><\/dl><dl class='gallery-item'>\n\t\t\t\t<dt class='gallery-icon portrait'>\n\t\t\t\t\t<a class=\"rollover rollover-zoom dt-pswp-item\" title=\"MOIAZZA INVERNALE (2)\" data-dt-img-description=\"\" data-large_image_width=\"844\" data-large_image_height=\"1557\"href='https:\/\/www.radiopiu.net\/wordpress\/wp-content\/uploads\/2021\/02\/MOIAZZA-INVERNALE-2.jpg'><img loading=\"lazy\" decoding=\"async\" width=\"163\" height=\"300\" src=\"https:\/\/www.radiopiu.net\/wordpress\/wp-content\/uploads\/2021\/02\/MOIAZZA-INVERNALE-2-163x300.jpg\" class=\"attachment-medium size-medium\" alt=\"\" aria-describedby=\"gallery-8-192327\" srcset=\"https:\/\/www.radiopiu.net\/wordpress\/wp-content\/uploads\/2021\/02\/MOIAZZA-INVERNALE-2-163x300.jpg 163w, https:\/\/www.radiopiu.net\/wordpress\/wp-content\/uploads\/2021\/02\/MOIAZZA-INVERNALE-2-555x1024.jpg 555w, https:\/\/www.radiopiu.net\/wordpress\/wp-content\/uploads\/2021\/02\/MOIAZZA-INVERNALE-2-768x1417.jpg 768w, https:\/\/www.radiopiu.net\/wordpress\/wp-content\/uploads\/2021\/02\/MOIAZZA-INVERNALE-2-833x1536.jpg 833w, https:\/\/www.radiopiu.net\/wordpress\/wp-content\/uploads\/2021\/02\/MOIAZZA-INVERNALE-2.jpg 844w\" sizes=\"auto, (max-width: 163px) 100vw, 163px\" \/><\/a>\n\t\t\t\t<\/dt>\n\t\t\t\t\t<dd class='wp-caption-text gallery-caption' id='gallery-8-192327'>\n\t\t\t\t\tEugenio Bien sul ciglio del Van de le Nev\u00e8re il 14 febbraio prima dell\u2019attacco al canalone che porta alla Forcella Castiglioni; sullo sfondo il versante meridionale della Civetta con il Van de le Sasse. Notare l\u2019abbigliamento di quei primi anni \u201970.\n\n\t\t\t\t\t<\/dd><\/dl><br style=\"clear: both\" \/><dl class='gallery-item'>\n\t\t\t\t<dt class='gallery-icon portrait'>\n\t\t\t\t\t<a class=\"rollover rollover-zoom dt-pswp-item\" title=\"MOIAZZA INVERNALE (3)\" data-dt-img-description=\"\" data-large_image_width=\"1032\" data-large_image_height=\"1326\"href='https:\/\/www.radiopiu.net\/wordpress\/wp-content\/uploads\/2021\/02\/MOIAZZA-INVERNALE-3.jpg'><img loading=\"lazy\" decoding=\"async\" width=\"233\" height=\"300\" src=\"https:\/\/www.radiopiu.net\/wordpress\/wp-content\/uploads\/2021\/02\/MOIAZZA-INVERNALE-3-233x300.jpg\" class=\"attachment-medium size-medium\" alt=\"\" aria-describedby=\"gallery-8-192328\" srcset=\"https:\/\/www.radiopiu.net\/wordpress\/wp-content\/uploads\/2021\/02\/MOIAZZA-INVERNALE-3-233x300.jpg 233w, https:\/\/www.radiopiu.net\/wordpress\/wp-content\/uploads\/2021\/02\/MOIAZZA-INVERNALE-3-797x1024.jpg 797w, https:\/\/www.radiopiu.net\/wordpress\/wp-content\/uploads\/2021\/02\/MOIAZZA-INVERNALE-3-768x987.jpg 768w, https:\/\/www.radiopiu.net\/wordpress\/wp-content\/uploads\/2021\/02\/MOIAZZA-INVERNALE-3.jpg 1032w\" sizes=\"auto, (max-width: 233px) 100vw, 233px\" \/><\/a>\n\t\t\t\t<\/dt>\n\t\t\t\t\t<dd class='wp-caption-text gallery-caption' id='gallery-8-192328'>\n\t\t\t\t\tFrettoloso scatto del 14 febbraio 1971 sul ciglio settentrionale della Cima Moiazza Sud, l\u2019unica immagine che ha potuto fermare Eugenio Bien prima della veloce calata alla Forcella Castiglioni con la corda doppia gi\u00e0 attrezzata. In passato, erroneamente, la salita talvolta era stata datata il 7 febbraio.\n\n\t\t\t\t\t<\/dd><\/dl><dl class='gallery-item'>\n\t\t\t\t<dt class='gallery-icon portrait'>\n\t\t\t\t\t<a class=\"rollover rollover-zoom dt-pswp-item\" title=\"Renzo Conedera e il Topo (4)\" data-dt-img-description=\"\" data-large_image_width=\"554\" data-large_image_height=\"767\"href='https:\/\/www.radiopiu.net\/wordpress\/wp-content\/uploads\/2021\/02\/Renzo-Conedera-e-il-Topo-4.jpg'><img loading=\"lazy\" decoding=\"async\" width=\"217\" height=\"300\" src=\"https:\/\/www.radiopiu.net\/wordpress\/wp-content\/uploads\/2021\/02\/Renzo-Conedera-e-il-Topo-4-217x300.jpg\" class=\"attachment-medium size-medium\" alt=\"\" aria-describedby=\"gallery-8-192324\" srcset=\"https:\/\/www.radiopiu.net\/wordpress\/wp-content\/uploads\/2021\/02\/Renzo-Conedera-e-il-Topo-4-217x300.jpg 217w, https:\/\/www.radiopiu.net\/wordpress\/wp-content\/uploads\/2021\/02\/Renzo-Conedera-e-il-Topo-4.jpg 554w\" sizes=\"auto, (max-width: 217px) 100vw, 217px\" \/><\/a>\n\t\t\t\t<\/dt>\n\t\t\t\t\t<dd class='wp-caption-text gallery-caption' id='gallery-8-192324'>\n\t\t\t\t\tRenzo Conedera, qui, nella foto &#8211; colta da Eugenio Bien &#8211;  con il T\u00f3po Zasso recentemente scomparso, in vista del Campanile di Val Montanaia, dove i tre amici salirono legati dalla stessa corda). \n\t\t\t\t\t<\/dd><\/dl><br style=\"clear: both\" \/><dl class='gallery-item'>\n\t\t\t\t<dt class='gallery-icon portrait'>\n\t\t\t\t\t<a class=\"rollover rollover-zoom dt-pswp-item\" title=\"Z-EUGENIO BIEN (5)\" data-dt-img-description=\"\" data-large_image_width=\"476\" data-large_image_height=\"658\"href='https:\/\/www.radiopiu.net\/wordpress\/wp-content\/uploads\/2021\/02\/Z-EUGENIO-BIEN-5.jpg'><img loading=\"lazy\" decoding=\"async\" width=\"217\" height=\"300\" src=\"https:\/\/www.radiopiu.net\/wordpress\/wp-content\/uploads\/2021\/02\/Z-EUGENIO-BIEN-5-217x300.jpg\" class=\"attachment-medium size-medium\" alt=\"\" aria-describedby=\"gallery-8-192326\" srcset=\"https:\/\/www.radiopiu.net\/wordpress\/wp-content\/uploads\/2021\/02\/Z-EUGENIO-BIEN-5-217x300.jpg 217w, https:\/\/www.radiopiu.net\/wordpress\/wp-content\/uploads\/2021\/02\/Z-EUGENIO-BIEN-5.jpg 476w\" sizes=\"auto, (max-width: 217px) 100vw, 217px\" \/><\/a>\n\t\t\t\t<\/dt>\n\t\t\t\t\t<dd class='wp-caption-text gallery-caption' id='gallery-8-192326'>\n\t\t\t\t\tEugenio Bien, una cinquantina d\u2019anni dopo, sempre in forma. \n\t\t\t\t\t<\/dd><\/dl>\n\t\t\t\t<br style='clear: both' \/>\n\t\t\t<\/div>\n\n<p>&nbsp;<\/p>\n<p>&nbsp;<\/p>\n<p>&nbsp;<\/p>\n<hr \/>\n<blockquote>\n<h3><\/h3>\n<h3>CONOSCIAMO I CORI DEL BELLUNESE, con la Corale Zumellese<\/h3>\n<\/blockquote>\n<p><strong>LIMANA<\/strong> Nuova iniziativa di Silvia Baldo e Mirco Della Vecchia con la Corale Zumellese, alla scoperta dei Cori della provincia.<\/p>\n<p>&nbsp;<\/p>\n<p><strong><img loading=\"lazy\" decoding=\"async\" class=\"alignleft\" src=\"https:\/\/www.radiopiu.net\/wordpress\/wp-content\/uploads\/2021\/02\/46972db7-e1e9-4f8e-b0dd-bc700009e684.jpg\" width=\"181\" height=\"102\" \/><\/strong><\/p>\n<p>&nbsp;<\/p>\n<p>&nbsp;<\/p>\n<p><strong>1 CORALE ZUMELLESE direttore Manolo Da Rold<\/strong><\/p>\n<div style=\"width: 640px;\" class=\"wp-video\"><video class=\"wp-video-shortcode\" id=\"video-192125-3\" width=\"640\" height=\"360\" preload=\"metadata\" controls=\"controls\"><source type=\"video\/mp4\" src=\"https:\/\/www.radiopiu.net\/wordpress\/wp-content\/uploads\/2021\/02\/corale-zumellese.mp4?_=3\" \/><a href=\"https:\/\/www.radiopiu.net\/wordpress\/wp-content\/uploads\/2021\/02\/corale-zumellese.mp4\">https:\/\/www.radiopiu.net\/wordpress\/wp-content\/uploads\/2021\/02\/corale-zumellese.mp4<\/a><\/video><\/div>\n<p>&nbsp;<\/p>\n<hr \/>\n<blockquote>\n<h3><\/h3>\n<h3>CAPITELLI E IMMAGINI SACRE DI BELLUNO: L\u2019ULTIMO CAPITOLO \u00c8 DEDICATO A VISOME<\/h3>\n<\/blockquote>\n<p><strong>di RENATO BONA<\/strong><\/p>\n<p>Concludiamo il nostro \u201cviaggio\u201d fra particolari realt\u00e0 della Chiesa bellunese, propiziato dal libro \u201cCapitelli e immagini sacre a Belluno\u201d opera del ricercatore Vincenzo Caputo, edito dal benemerito Istituto bellunese di ricerche sociali e culturali presieduto dal prof. don Sergio Sacco, e stampato nel settembre 1989 dalla tipografia Piave. La tappa finale \u00e8 riservata alla Parrocchia di Visome (fu fondata nel 1950 ed \u00e8 intestata alla Madonna di Caravaggio. L&#8217;attuale chiesa parrocchiale fu costruita a partire dal 1828. Nel territorio parrocchiale sono parecchie le chiesette di interesse religioso ed artistico: San Benedetto a Cor, San Carlo a Rivamaor, San Martino a Castoi, San Giuseppe a Piai, quella molto suggestiva di San Pellegrino presso villa Buzzati, Santa Lucia a Cet. A Tassei sono almeno tre e cio\u00e8, rispettivamente, quelle di San Gottardo e San Michele, di Santa Libera, di San Giuseppe Lavoratore, eretta alla fine degli anni &#8217;50 e gi\u00e0 sede parrocchiale. Alle Ronce infine c&#8217;\u00e8 quella dell&#8217;Immacolata Concezione). Nella via Visome troviamo la \u201cMadonna delle Lagrime\u201d in una nicchia di pietra bianca del Cansiglio; la statua, del 1959, \u00e8 in buono stato di conservazione, opera dello scultore Gino Casanova. Caputo precisa che \u201cposta sul terrazzo della casa di Giovanni Pavei, \u00e8 stata voluta a protezione delle persone che attraversavano la strada, dopo che alcune avevano perso la vita investite da automobili. Fu benedetta dal vescovo Gioacchino Muccin. Nella localit\u00e0 Rivamaor vi \u00e8 un tabernacolo in legno all\u2019interno di una nicchia in cemento, del 1900, con soggetto oleografico intitolato Madonna del Rosario, posto dalla famiglia Bortot per devozione e a protezione dell\u2019abitazione e dei paesani. \u201cMadonna con Ges\u00f9 Bambino\u201d \u00e8 invece il titolo di un capitello in pietra del XIX secolo, in discreto stato, eretto lungo la via Monte Grappa, ai margini della propriet\u00e0 della famiglia Buzzatti e comunque gi\u00e0 esistente agli inizi del secolo. Il quadro in maiolica, copia di Luca Della Robbia, fu collocato nel 1923 ad iniziativa di Alba Mantovani moglie di Giulio Cesare Buzzatti, dopo la Grande guerra, periodo nel quale sia il capitello che il muro che perimetra la propriet\u00e0 venivano restaurati. E siamo nella via Pian del Monte a Tassei; qui vi \u00e8 la chiesa di \u201cSan Giuseppe Artigiano\u201d ed esternamente all\u2019edificio sacro si pu\u00f2 vedere una statua alta due metri, discretamente conservata in una struttura di cemento del 1958, collocata al posto delle campane; \u00e8 opera di Gino Casanova che ha realizzato San Michele che, impugnando con la destra una lancia, schiaccia il demone e con la mano sinistra regge la bilancia della giustizia divina. Una lapide sotto la statua porta la scritta in latino: \u201cSan Michele difendici\u201d. Sempre a Tassei in una nicchia in mattoni e cemento, del 1976, si dovrebbe vedere un quadro, della Beata Vergine ma l\u2019immagine risulta completamente deteriorata. La nicchia fu ricavata dopo il crollo del precedente capitello dove le persone del luogo si riunivano a pregare, da Ferdinando Dal Farra, nel muraglione di sostegno della strada soprastante, che prosegue per le Ronce. Arriviamo nella localit\u00e0 Sambuga dove sorge il capitello in muratura, del XVIII-XIX secolo, non in buono stato. Una statua in legno all\u2019interno del tabernacolo, pure ligneo e non ben conservato, propone l\u2019immagine di Santa Libera ed altri tre soggetti: un Crocifisso in metallo su croce in legno, un quadro con immagine della Santa, una statua in gesso della Madonna con Bambino e il dipinto \u201cCuore addolorato di Maria\u201d, il tutto discretamente conservato. Si pensa che inizialmente fosse un semplice altarino, poi coperto e dedicato, in seguito ricostruito ed ampliato, era la fine del 1800, a cura di Luigi De Barba, poi restaurato nel 1960. L\u2019autore del libro ricorda che: \u201cUn tempo era usanza che la donna incinta o che fosse prossima al parto, si recasse a pregare in questo luogo per far s\u00ec che al momento del parto tutto andasse per il meglio, sia per il nascituro che per la partoriente. Inoltre, la puerpera non poteva uscire di casa per circa un mese dopo di che nel recarsi in chiesa, alla prima persona che avesse incontrato lungo il tragitto avrebbe dovuto donare un panino. Sulla soglia della chiesa, con una candela in mano, era attesa da un sacerdote che gliela accendeva per incamminarsi quindi insieme verso l\u2019altare mentre la donna sosteneva la stola del prete. Arrivati nella localit\u00e0 Medil ci si imbatte in un capitello in pietra intitolato \u201cAnime purganti\u201d, del 1740, in stato di abbandono. Al suo interno un quadro con la Madonna di Lourdes, collocato nel 1970, in discrete condizioni. Il capitello fu costruito da Domenico Reolon in onore delle \u201cAnime purganti\u201d; il quadretto sostituisce un antichissimo Crocifisso in legno. Il luogo era meta dei fedeli che processionalmente partendo dalla chiesa di Tassei il venerd\u00ec santo, andavano a pregare; tradizione caduta a partire dal 1960. Avviandoci alla conclusione ricordiamo nella localit\u00e0 Ciroc l\u2019altarino in legno di fine XIX secolo, in discreto stato, dedicato a Sant\u2019Antonio da Padova con Ges\u00f9 Bambino, con statuetta in resina, del 1968 sostituendo quella in legno di ginepro, dello stesso Santo, che era stata posta fin dal secolo scorso da Lalo Reolon e venne quindi rubata da ignoti nel 1965. Via Pian del Monte: qui vi \u00e8 un altarino in legno dedicato a Sant\u2019Antonio da Padova con Ges\u00f9 Bambino posto da Lindo Reolon per testimoniare la fede degli abitanti del luogo. Ci sono anche, sotto il titolo Beata Vergine, un bassorilievo e una Croce in cemento, del 1960, ben conservati, esternamente alla cappellina ora non pi\u00f9 in funzione. L\u2019immagine della Madonna con Ges\u00f9 Bambino \u00e8 sicuramente opera di Gino Casanova e risale al 1960 come evidenzia una incisione a lato dell\u2019immagine.<\/p>\n\n\t\t\t<style type='text\/css'>\n\t\t\t\t#gallery-9 {\n\t\t\t\t\tmargin: auto;\n\t\t\t\t}\n\t\t\t\t#gallery-9 .gallery-item {\n\t\t\t\t\tfloat: left;\n\t\t\t\t\tmargin-top: 10px;\n\t\t\t\t\ttext-align: center;\n\t\t\t\t\twidth: 20%;\n\t\t\t\t}\n\t\t\t\t#gallery-9 img {\n\t\t\t\t\tborder: 2px solid #cfcfcf;\n\t\t\t\t}\n\t\t\t\t#gallery-9 .gallery-caption {\n\t\t\t\t\tmargin-left: 0;\n\t\t\t\t}\n\t\t\t\t\/* see gallery_shortcode() in wp-includes\/media.php *\/\n\t\t\t<\/style>\n\t\t<div id='gallery-9' class='dt-gallery-container gallery galleryid-192125 gallery-columns-5 gallery-size-thumbnail'><dl class='gallery-item'>\n\t\t\t\t<dt class='gallery-icon portrait'>\n\t\t\t\t\t<a class=\"rollover rollover-zoom dt-pswp-item\" title=\"152033550_428848708368758_3954125264354222200_n\" data-dt-img-description=\"\" data-large_image_width=\"168\" data-large_image_height=\"254\"href='https:\/\/www.radiopiu.net\/wordpress\/wp-content\/uploads\/2021\/02\/152033550_428848708368758_3954125264354222200_n.jpg'><img loading=\"lazy\" decoding=\"async\" width=\"150\" height=\"150\" src=\"https:\/\/www.radiopiu.net\/wordpress\/wp-content\/uploads\/2021\/02\/152033550_428848708368758_3954125264354222200_n-150x150.jpg\" class=\"attachment-thumbnail size-thumbnail\" alt=\"\" \/><\/a>\n\t\t\t\t<\/dt><\/dl><dl class='gallery-item'>\n\t\t\t\t<dt class='gallery-icon portrait'>\n\t\t\t\t\t<a class=\"rollover rollover-zoom dt-pswp-item\" title=\"152166685_482934032720418_7711041445918722895_n\" data-dt-img-description=\"\" data-large_image_width=\"160\" data-large_image_height=\"256\"href='https:\/\/www.radiopiu.net\/wordpress\/wp-content\/uploads\/2021\/02\/152166685_482934032720418_7711041445918722895_n.jpg'><img loading=\"lazy\" decoding=\"async\" width=\"150\" height=\"150\" src=\"https:\/\/www.radiopiu.net\/wordpress\/wp-content\/uploads\/2021\/02\/152166685_482934032720418_7711041445918722895_n-150x150.jpg\" class=\"attachment-thumbnail size-thumbnail\" alt=\"\" \/><\/a>\n\t\t\t\t<\/dt><\/dl><dl class='gallery-item'>\n\t\t\t\t<dt class='gallery-icon portrait'>\n\t\t\t\t\t<a class=\"rollover rollover-zoom dt-pswp-item\" title=\"152177842_490321861960576_7046570803768112734_n\" data-dt-img-description=\"\" data-large_image_width=\"189\" data-large_image_height=\"260\"href='https:\/\/www.radiopiu.net\/wordpress\/wp-content\/uploads\/2021\/02\/152177842_490321861960576_7046570803768112734_n.jpg'><img loading=\"lazy\" decoding=\"async\" width=\"150\" height=\"150\" src=\"https:\/\/www.radiopiu.net\/wordpress\/wp-content\/uploads\/2021\/02\/152177842_490321861960576_7046570803768112734_n-150x150.jpg\" class=\"attachment-thumbnail size-thumbnail\" alt=\"\" \/><\/a>\n\t\t\t\t<\/dt><\/dl><dl class='gallery-item'>\n\t\t\t\t<dt class='gallery-icon portrait'>\n\t\t\t\t\t<a class=\"rollover rollover-zoom dt-pswp-item\" title=\"151998777_521216672193743_6398885987007774799_n\" data-dt-img-description=\"\" data-large_image_width=\"173\" data-large_image_height=\"254\"href='https:\/\/www.radiopiu.net\/wordpress\/wp-content\/uploads\/2021\/02\/151998777_521216672193743_6398885987007774799_n.jpg'><img loading=\"lazy\" decoding=\"async\" width=\"150\" height=\"150\" src=\"https:\/\/www.radiopiu.net\/wordpress\/wp-content\/uploads\/2021\/02\/151998777_521216672193743_6398885987007774799_n-150x150.jpg\" class=\"attachment-thumbnail size-thumbnail\" alt=\"\" \/><\/a>\n\t\t\t\t<\/dt><\/dl><dl class='gallery-item'>\n\t\t\t\t<dt class='gallery-icon portrait'>\n\t\t\t\t\t<a class=\"rollover rollover-zoom dt-pswp-item\" title=\"152200162_872697936913836_4521906092763859977_n\" data-dt-img-description=\"\" data-large_image_width=\"173\" data-large_image_height=\"255\"href='https:\/\/www.radiopiu.net\/wordpress\/wp-content\/uploads\/2021\/02\/152200162_872697936913836_4521906092763859977_n.jpg'><img loading=\"lazy\" decoding=\"async\" width=\"150\" height=\"150\" src=\"https:\/\/www.radiopiu.net\/wordpress\/wp-content\/uploads\/2021\/02\/152200162_872697936913836_4521906092763859977_n-150x150.jpg\" class=\"attachment-thumbnail size-thumbnail\" alt=\"\" \/><\/a>\n\t\t\t\t<\/dt><\/dl><br style=\"clear: both\" \/><dl class='gallery-item'>\n\t\t\t\t<dt class='gallery-icon portrait'>\n\t\t\t\t\t<a class=\"rollover rollover-zoom dt-pswp-item\" title=\"152127118_881029015992932_4957730477063733397_n\" data-dt-img-description=\"\" data-large_image_width=\"173\" data-large_image_height=\"255\"href='https:\/\/www.radiopiu.net\/wordpress\/wp-content\/uploads\/2021\/02\/152127118_881029015992932_4957730477063733397_n.jpg'><img loading=\"lazy\" decoding=\"async\" width=\"150\" height=\"150\" src=\"https:\/\/www.radiopiu.net\/wordpress\/wp-content\/uploads\/2021\/02\/152127118_881029015992932_4957730477063733397_n-150x150.jpg\" class=\"attachment-thumbnail size-thumbnail\" alt=\"\" \/><\/a>\n\t\t\t\t<\/dt><\/dl><dl class='gallery-item'>\n\t\t\t\t<dt class='gallery-icon landscape'>\n\t\t\t\t\t<a class=\"rollover rollover-zoom dt-pswp-item\" title=\"152004647_1036524383535303_5086169602625700647_n\" data-dt-img-description=\"\" data-large_image_width=\"260\" data-large_image_height=\"206\"href='https:\/\/www.radiopiu.net\/wordpress\/wp-content\/uploads\/2021\/02\/152004647_1036524383535303_5086169602625700647_n.jpg'><img loading=\"lazy\" decoding=\"async\" width=\"150\" height=\"150\" src=\"https:\/\/www.radiopiu.net\/wordpress\/wp-content\/uploads\/2021\/02\/152004647_1036524383535303_5086169602625700647_n-150x150.jpg\" class=\"attachment-thumbnail size-thumbnail\" alt=\"\" \/><\/a>\n\t\t\t\t<\/dt><\/dl><dl class='gallery-item'>\n\t\t\t\t<dt class='gallery-icon portrait'>\n\t\t\t\t\t<a class=\"rollover rollover-zoom dt-pswp-item\" title=\"151887183_1819085424922486_6025898585408716308_n\" data-dt-img-description=\"\" data-large_image_width=\"173\" data-large_image_height=\"254\"href='https:\/\/www.radiopiu.net\/wordpress\/wp-content\/uploads\/2021\/02\/151887183_1819085424922486_6025898585408716308_n.jpg'><img loading=\"lazy\" decoding=\"async\" width=\"150\" height=\"150\" src=\"https:\/\/www.radiopiu.net\/wordpress\/wp-content\/uploads\/2021\/02\/151887183_1819085424922486_6025898585408716308_n-150x150.jpg\" class=\"attachment-thumbnail size-thumbnail\" alt=\"\" \/><\/a>\n\t\t\t\t<\/dt><\/dl><dl class='gallery-item'>\n\t\t\t\t<dt class='gallery-icon portrait'>\n\t\t\t\t\t<a class=\"rollover rollover-zoom dt-pswp-item\" title=\"151889248_238177907982820_492861508120570831_n\" data-dt-img-description=\"\" data-large_image_width=\"196\" data-large_image_height=\"260\"href='https:\/\/www.radiopiu.net\/wordpress\/wp-content\/uploads\/2021\/02\/151889248_238177907982820_492861508120570831_n.jpg'><img loading=\"lazy\" decoding=\"async\" width=\"150\" height=\"150\" src=\"https:\/\/www.radiopiu.net\/wordpress\/wp-content\/uploads\/2021\/02\/151889248_238177907982820_492861508120570831_n-150x150.jpg\" class=\"attachment-thumbnail size-thumbnail\" alt=\"\" \/><\/a>\n\t\t\t\t<\/dt><\/dl><dl class='gallery-item'>\n\t\t\t\t<dt class='gallery-icon portrait'>\n\t\t\t\t\t<a class=\"rollover rollover-zoom dt-pswp-item\" title=\"151924796_276292880579400_478376149521378534_n\" data-dt-img-description=\"\" data-large_image_width=\"159\" data-large_image_height=\"260\"href='https:\/\/www.radiopiu.net\/wordpress\/wp-content\/uploads\/2021\/02\/151924796_276292880579400_478376149521378534_n.jpg'><img loading=\"lazy\" decoding=\"async\" width=\"150\" height=\"150\" src=\"https:\/\/www.radiopiu.net\/wordpress\/wp-content\/uploads\/2021\/02\/151924796_276292880579400_478376149521378534_n-150x150.jpg\" class=\"attachment-thumbnail size-thumbnail\" alt=\"\" \/><\/a>\n\t\t\t\t<\/dt><\/dl><br style=\"clear: both\" \/><dl class='gallery-item'>\n\t\t\t\t<dt class='gallery-icon portrait'>\n\t\t\t\t\t<a class=\"rollover rollover-zoom dt-pswp-item\" title=\"152125730_3743321492418135_2147581741324095672_n\" data-dt-img-description=\"\" data-large_image_width=\"202\" data-large_image_height=\"260\"href='https:\/\/www.radiopiu.net\/wordpress\/wp-content\/uploads\/2021\/02\/152125730_3743321492418135_2147581741324095672_n.jpg'><img loading=\"lazy\" decoding=\"async\" width=\"150\" height=\"150\" src=\"https:\/\/www.radiopiu.net\/wordpress\/wp-content\/uploads\/2021\/02\/152125730_3743321492418135_2147581741324095672_n-150x150.jpg\" class=\"attachment-thumbnail size-thumbnail\" alt=\"\" \/><\/a>\n\t\t\t\t<\/dt><\/dl><dl class='gallery-item'>\n\t\t\t\t<dt class='gallery-icon portrait'>\n\t\t\t\t\t<a class=\"rollover rollover-zoom dt-pswp-item\" title=\"152018521_943955856141188_4630333151374837205_n\" data-dt-img-description=\"\" data-large_image_width=\"173\" data-large_image_height=\"252\"href='https:\/\/www.radiopiu.net\/wordpress\/wp-content\/uploads\/2021\/02\/152018521_943955856141188_4630333151374837205_n.jpg'><img loading=\"lazy\" decoding=\"async\" width=\"150\" height=\"150\" src=\"https:\/\/www.radiopiu.net\/wordpress\/wp-content\/uploads\/2021\/02\/152018521_943955856141188_4630333151374837205_n-150x150.jpg\" class=\"attachment-thumbnail size-thumbnail\" alt=\"\" \/><\/a>\n\t\t\t\t<\/dt><\/dl><dl class='gallery-item'>\n\t\t\t\t<dt class='gallery-icon portrait'>\n\t\t\t\t\t<a class=\"rollover rollover-zoom dt-pswp-item\" title=\"152177855_3869010903148914_3868575428235096363_n\" data-dt-img-description=\"\" data-large_image_width=\"168\" data-large_image_height=\"253\"href='https:\/\/www.radiopiu.net\/wordpress\/wp-content\/uploads\/2021\/02\/152177855_3869010903148914_3868575428235096363_n.jpg'><img loading=\"lazy\" decoding=\"async\" width=\"150\" height=\"150\" src=\"https:\/\/www.radiopiu.net\/wordpress\/wp-content\/uploads\/2021\/02\/152177855_3869010903148914_3868575428235096363_n-150x150.jpg\" class=\"attachment-thumbnail size-thumbnail\" alt=\"\" \/><\/a>\n\t\t\t\t<\/dt><\/dl><dl class='gallery-item'>\n\t\t\t\t<dt class='gallery-icon portrait'>\n\t\t\t\t\t<a class=\"rollover rollover-zoom dt-pswp-item\" title=\"152037437_416657539394233_5635950591925398453_n\" data-dt-img-description=\"\" data-large_image_width=\"168\" data-large_image_height=\"255\"href='https:\/\/www.radiopiu.net\/wordpress\/wp-content\/uploads\/2021\/02\/152037437_416657539394233_5635950591925398453_n.jpg'><img loading=\"lazy\" decoding=\"async\" width=\"150\" height=\"150\" src=\"https:\/\/www.radiopiu.net\/wordpress\/wp-content\/uploads\/2021\/02\/152037437_416657539394233_5635950591925398453_n-150x150.jpg\" class=\"attachment-thumbnail size-thumbnail\" alt=\"\" \/><\/a>\n\t\t\t\t<\/dt><\/dl><dl class='gallery-item'>\n\t\t\t\t<dt class='gallery-icon portrait'>\n\t\t\t\t\t<a class=\"rollover rollover-zoom dt-pswp-item\" title=\"151972652_421041275650412_6581974751795823076_n\" data-dt-img-description=\"\" data-large_image_width=\"160\" data-large_image_height=\"259\"href='https:\/\/www.radiopiu.net\/wordpress\/wp-content\/uploads\/2021\/02\/151972652_421041275650412_6581974751795823076_n.jpg'><img loading=\"lazy\" decoding=\"async\" width=\"150\" height=\"150\" src=\"https:\/\/www.radiopiu.net\/wordpress\/wp-content\/uploads\/2021\/02\/151972652_421041275650412_6581974751795823076_n-150x150.jpg\" class=\"attachment-thumbnail size-thumbnail\" alt=\"\" \/><\/a>\n\t\t\t\t<\/dt><\/dl><br style=\"clear: both\" \/>\n\t\t\t<\/div>\n\n<p>NELLE FOTO: riproduzioni dal libro in particolare dal capitolo che Vincenzo Caputo ha dedicato a capitelli e immagini sacre di Visome di Belluno.<\/p>\n<p>&nbsp;<\/p>\n<p>&nbsp;<\/p>\n<hr \/>\n<p>&nbsp;<\/p>\n<p>&nbsp;<\/p>\n<blockquote>\n<h3><a href=\"https:\/\/www.radiopiu.net\/wordpress\/giornale-radiopiu-06-febbraio-2019-direttore-mirko-mezzacasa\/logo_spi-cgil-800x445\/\" rel=\"attachment wp-att-75538\"><img loading=\"lazy\" decoding=\"async\" class=\"wp-image-75538 alignleft\" src=\"https:\/\/www.radiopiu.net\/wordpress\/wp-content\/uploads\/2019\/02\/Logo_Spi-CGIL-800x445-300x167.jpg\" alt=\"\" width=\"210\" height=\"117\" srcset=\"https:\/\/www.radiopiu.net\/wordpress\/wp-content\/uploads\/2019\/02\/Logo_Spi-CGIL-800x445-300x167.jpg 300w, https:\/\/www.radiopiu.net\/wordpress\/wp-content\/uploads\/2019\/02\/Logo_Spi-CGIL-800x445-768x427.jpg 768w, https:\/\/www.radiopiu.net\/wordpress\/wp-content\/uploads\/2019\/02\/Logo_Spi-CGIL-800x445.jpg 800w\" sizes=\"auto, (max-width: 210px) 100vw, 210px\" \/><\/a>ALLA RADIO, APPUNTAMENTO QUINDICINALE CON SPI-CGIL BELLUNO, IN STUDIO MARIA RITA GENTILIN<\/h3>\n<\/blockquote>\n<p><strong>di Claudio Fontanive<\/strong><\/p>\n<audio class=\"wp-audio-shortcode\" id=\"audio-192125-9\" preload=\"none\" style=\"width: 100%;\" controls=\"controls\"><source type=\"audio\/mpeg\" src=\"https:\/\/www.radiopiu.net\/wordpress\/wp-content\/uploads\/2021\/02\/spi-cgil-18-febbraio.mp3?_=9\" \/><a href=\"https:\/\/www.radiopiu.net\/wordpress\/wp-content\/uploads\/2021\/02\/spi-cgil-18-febbraio.mp3\">https:\/\/www.radiopiu.net\/wordpress\/wp-content\/uploads\/2021\/02\/spi-cgil-18-febbraio.mp3<\/a><\/audio>\n<p>&nbsp;<\/p>\n<p>&nbsp;<\/p>\n<hr \/>\n<p>&nbsp;<\/p>\n<p>&nbsp;<\/p>\n<p>&nbsp;<\/p>\n<hr \/>\n<blockquote>\n<h3><\/h3>\n<h3>SEI A CASA, CON LUCIA SOCCOL. SPECIALE A PUNTATE<\/h3>\n<\/blockquote>\n<h2><span style=\"color: #ff0000;\">STAGIONE 2021 la nuova edizione TERZA STAGIONE<\/span><\/h2>\n<h3>QUARTA PUNTATA con Lucia Soccol, case e mercato immobiliare, notizie e curiosit\u00e0. 11 FEBBRAIO 2021<\/h3>\n<h3>RACCOLTA COMPLETA<\/h3>\n<audio class=\"wp-audio-shortcode\" id=\"audio-192125-10\" preload=\"none\" style=\"width: 100%;\" controls=\"controls\"><source type=\"audio\/mpeg\" src=\"https:\/\/www.radiopiu.net\/wordpress\/wp-content\/uploads\/2021\/02\/sei-a-casa-218-febbraio.mp3?_=10\" \/><a href=\"https:\/\/www.radiopiu.net\/wordpress\/wp-content\/uploads\/2021\/02\/sei-a-casa-218-febbraio.mp3\">https:\/\/www.radiopiu.net\/wordpress\/wp-content\/uploads\/2021\/02\/sei-a-casa-218-febbraio.mp3<\/a><\/audio>\n<p>&nbsp;<\/p>\n<blockquote class=\"wp-embedded-content\" data-secret=\"ZhZ6OVQ2DI\"><p><a href=\"https:\/\/www.radiopiu.net\/wordpress\/ieri-alla-radio-sei-a-casa1\/\">SEI A CASA, CON LUCIA SOCCOL. SPECIALE A PUNTATE.<\/a><\/p><\/blockquote>\n<p><iframe loading=\"lazy\" class=\"wp-embedded-content\" sandbox=\"allow-scripts\" security=\"restricted\" style=\"position: absolute; clip: rect(1px, 1px, 1px, 1px);\" title=\"&#8220;SEI A CASA, CON LUCIA SOCCOL. SPECIALE A PUNTATE.&#8221; &#8212; Radio Pi\u00f9\" src=\"https:\/\/www.radiopiu.net\/wordpress\/ieri-alla-radio-sei-a-casa1\/embed\/#?secret=ZhZ6OVQ2DI\" data-secret=\"ZhZ6OVQ2DI\" width=\"600\" height=\"338\" frameborder=\"0\" marginwidth=\"0\" marginheight=\"0\" scrolling=\"no\"><\/iframe><\/p>\n<p>&nbsp;<\/p>\n<hr \/>\n<p>&nbsp;<\/p>\n<p>&nbsp;<\/p>\n<hr \/>\n<blockquote>\n<h2><span style=\"color: #ff0000;\">\u00a0<\/span><\/h2>\n<h2><span style=\"color: #ff0000;\">ALLA RADIO<\/span><\/h2>\n<h2><span style=\"color: #008000;\"><a href=\"https:\/\/www.radiopiu.net\/wordpress\/giornale-radiopiu-03-febbraio-2021-direttore-mirko-mezzacasa\/girl-1469748__340\/\" rel=\"attachment wp-att-188542\"><img loading=\"lazy\" decoding=\"async\" class=\"wp-image-188542 alignleft\" src=\"https:\/\/www.radiopiu.net\/wordpress\/wp-content\/uploads\/2021\/02\/girl-1469748__340-300x200.jpg\" alt=\"\" width=\"173\" height=\"115\" srcset=\"https:\/\/www.radiopiu.net\/wordpress\/wp-content\/uploads\/2021\/02\/girl-1469748__340-300x200.jpg 300w, https:\/\/www.radiopiu.net\/wordpress\/wp-content\/uploads\/2021\/02\/girl-1469748__340.jpg 510w\" sizes=\"auto, (max-width: 173px) 100vw, 173px\" \/><\/a><\/span><\/h2>\n<h2><\/h2>\n<h2><span style=\"color: #008000;\">ERBE E PIANTE CURATIVE&#8230;IL NUOVO PROGRAMMA DI PAOLA LANCIATO<\/span><\/h2>\n<p><strong>LA TERZA PUNTATA\u00a0\u00a0<\/strong><\/p>\n<audio class=\"wp-audio-shortcode\" id=\"audio-192125-11\" preload=\"none\" style=\"width: 100%;\" controls=\"controls\"><source type=\"audio\/mpeg\" src=\"https:\/\/www.radiopiu.net\/wordpress\/wp-content\/uploads\/2021\/02\/3-Il-pino-M.mp3?_=11\" \/><a href=\"https:\/\/www.radiopiu.net\/wordpress\/wp-content\/uploads\/2021\/02\/3-Il-pino-M.mp3\">https:\/\/www.radiopiu.net\/wordpress\/wp-content\/uploads\/2021\/02\/3-Il-pino-M.mp3<\/a><\/audio>\n<p><strong>LA RACCOLTA COMPLETA<\/strong><\/p>\n<blockquote class=\"wp-embedded-content\" data-secret=\"JQJiBOTcCp\"><p><a href=\"https:\/\/www.radiopiu.net\/wordpress\/erbe-e-piante-curative\/\">ERBE E PIANTE CURATIVE<\/a><\/p><\/blockquote>\n<p><iframe loading=\"lazy\" class=\"wp-embedded-content\" sandbox=\"allow-scripts\" security=\"restricted\" style=\"position: absolute; clip: rect(1px, 1px, 1px, 1px);\" title=\"&#8220;ERBE E PIANTE CURATIVE&#8221; &#8212; Radio Pi\u00f9\" src=\"https:\/\/www.radiopiu.net\/wordpress\/erbe-e-piante-curative\/embed\/#?secret=JQJiBOTcCp\" data-secret=\"JQJiBOTcCp\" width=\"600\" height=\"338\" frameborder=\"0\" marginwidth=\"0\" marginheight=\"0\" scrolling=\"no\"><\/iframe><\/p>\n<p>&nbsp;<\/p>\n<p>&nbsp;<\/p><\/blockquote>\n<hr \/>\n<p>&nbsp;<\/p>\n<div>\n<h2><span style=\"color: #33cccc;\">I RACCONTI DI PAOLO SOPPELSA il lunedi alle 9.30 e 18.30<\/span><\/h2>\n<blockquote class=\"wp-embedded-content\" data-secret=\"GyiVb1nkIk\"><p><a href=\"https:\/\/www.radiopiu.net\/wordpress\/i-racconti-di-paolo-soppelsa-sessantaduesima-puntata\/\">I RACCONTI DI PAOLO SOPPELSA SESSANTADUESIMA PUNTATA<\/a><\/p><\/blockquote>\n<p><iframe loading=\"lazy\" class=\"wp-embedded-content\" sandbox=\"allow-scripts\" security=\"restricted\" style=\"position: absolute; clip: rect(1px, 1px, 1px, 1px);\" title=\"&#8220;I RACCONTI DI PAOLO SOPPELSA SESSANTADUESIMA PUNTATA&#8221; &#8212; Radio Pi\u00f9\" src=\"https:\/\/www.radiopiu.net\/wordpress\/i-racconti-di-paolo-soppelsa-sessantaduesima-puntata\/embed\/#?secret=GyiVb1nkIk\" data-secret=\"GyiVb1nkIk\" width=\"600\" height=\"338\" frameborder=\"0\" marginwidth=\"0\" marginheight=\"0\" scrolling=\"no\"><\/iframe><\/p>\n<h3 class=\"kvgmc6g5 cxmmr5t8 oygrvhab hcukyx3x c1et5uql\"><span style=\"color: #0000ff;\">INFORMAZIONE il canale su TELEGRAM informazione di prima mano e in tempo reale. iscriviti ed aiutaci a farlo conoscere\u00a0<\/span><\/h3>\n<h2><span style=\"color: #33cccc;\"><strong>RACCOLTA COMPLETA<\/strong><\/span><\/h2>\n<blockquote class=\"wp-embedded-content\" data-secret=\"zheXjj4urX\"><p><a href=\"https:\/\/www.radiopiu.net\/wordpress\/i-racconti-di-paolo-soppelsa\/\">I racconti di Paolo Soppelsa<\/a><\/p><\/blockquote>\n<p><iframe loading=\"lazy\" class=\"wp-embedded-content\" sandbox=\"allow-scripts\" security=\"restricted\" style=\"position: absolute; clip: rect(1px, 1px, 1px, 1px);\" title=\"&#8220;I racconti di Paolo Soppelsa&#8221; &#8212; Radio Pi\u00f9\" src=\"https:\/\/www.radiopiu.net\/wordpress\/i-racconti-di-paolo-soppelsa\/embed\/#?secret=zheXjj4urX\" data-secret=\"zheXjj4urX\" width=\"600\" height=\"338\" frameborder=\"0\" marginwidth=\"0\" marginheight=\"0\" scrolling=\"no\"><\/iframe><\/p>\n<\/div>\n<p>&nbsp;<\/p>\n<hr \/>\n<p>&nbsp;<\/p>\n<h2><\/h2>\n<h2><span style=\"color: #ff0000;\"><a href=\"https:\/\/www.radiopiu.net\/wordpress\/giornale-radiopiu-05-gennaio-2021-direttore-mirko-mezzacasa\/133200401_100838761953611_1258544160541445132_o-2\/\" rel=\"attachment wp-att-183078\"><img loading=\"lazy\" decoding=\"async\" class=\" wp-image-183078 alignleft\" src=\"https:\/\/www.radiopiu.net\/wordpress\/wp-content\/uploads\/2021\/01\/133200401_100838761953611_1258544160541445132_o-1-300x157.jpg\" alt=\"\" width=\"192\" height=\"101\" srcset=\"https:\/\/www.radiopiu.net\/wordpress\/wp-content\/uploads\/2021\/01\/133200401_100838761953611_1258544160541445132_o-1-300x157.jpg 300w, https:\/\/www.radiopiu.net\/wordpress\/wp-content\/uploads\/2021\/01\/133200401_100838761953611_1258544160541445132_o-1.jpg 526w\" sizes=\"auto, (max-width: 192px) 100vw, 192px\" \/><\/a>GOCCE DI FILOSOFIA, CON CHIARA CAU, CON LISA DE LUCA. <\/span><\/h2>\n<h2><span style=\"color: #ff0000;\">TUTTI I GIORNI DAL LUNEDI AL VENERDI ALLE 6.55 E ALLE 18.55<\/span><\/h2>\n<h3><span style=\"color: #ff00ff;\">PUNTATA 34<\/span><\/h3>\n<audio class=\"wp-audio-shortcode\" id=\"audio-192125-12\" preload=\"none\" style=\"width: 100%;\" controls=\"controls\"><source type=\"audio\/mpeg\" src=\"https:\/\/www.radiopiu.net\/wordpress\/wp-content\/uploads\/2021\/02\/FI4-2.mp3?_=12\" \/><a href=\"https:\/\/www.radiopiu.net\/wordpress\/wp-content\/uploads\/2021\/02\/FI4-2.mp3\">https:\/\/www.radiopiu.net\/wordpress\/wp-content\/uploads\/2021\/02\/FI4-2.mp3<\/a><\/audio>\n<p>&nbsp;<\/p>\n<h3>LA RACCOLTA COMPLETA<\/h3>\n<blockquote class=\"wp-embedded-content\" data-secret=\"3N7gmUJYMq\"><p><a href=\"https:\/\/www.radiopiu.net\/wordpress\/gocce-filosofia\/\">Gocce di filosofia<\/a><\/p><\/blockquote>\n<p><iframe loading=\"lazy\" class=\"wp-embedded-content\" sandbox=\"allow-scripts\" security=\"restricted\" style=\"position: absolute; clip: rect(1px, 1px, 1px, 1px);\" title=\"&#8220;Gocce di filosofia&#8221; &#8212; Radio Pi\u00f9\" src=\"https:\/\/www.radiopiu.net\/wordpress\/gocce-filosofia\/embed\/#?secret=3N7gmUJYMq\" data-secret=\"3N7gmUJYMq\" width=\"600\" height=\"338\" frameborder=\"0\" marginwidth=\"0\" marginheight=\"0\" scrolling=\"no\"><\/iframe><\/p>\n<p>&nbsp;<\/p>\n<hr \/>\n<p>&nbsp;<\/p>\n<div class=\"im_message_wrap clearfix\">\n<div class=\"im_content_message_wrap im_message_out\">\n<h2><span style=\"color: #ff0000;\">IERI ALLA RADIO\u00a0 IN VIVO VERSO 2020-21<\/span><\/h2>\n<p><strong><span style=\"color: #0000ff;\">IN ONDA DAL LUNEDI AL VENERDI ALLE 7.10, 10.10, 18.50\u00a0<\/span><\/strong><\/p>\n<blockquote class=\"wp-embedded-content\" data-secret=\"7yvjxk9JNf\"><p><a href=\"https:\/\/www.radiopiu.net\/wordpress\/non-ce-piu-poesia-di-paolo-de-toffol\/\">NON C&#8217;E&#8217; PIU&#8217; POESIA di PAOLO DE TOFFOL<\/a><\/p><\/blockquote>\n<p><iframe loading=\"lazy\" class=\"wp-embedded-content\" sandbox=\"allow-scripts\" security=\"restricted\" style=\"position: absolute; clip: rect(1px, 1px, 1px, 1px);\" title=\"&#8220;NON C&#8217;E&#8217; PIU&#8217; POESIA di PAOLO DE TOFFOL&#8221; &#8212; Radio Pi\u00f9\" src=\"https:\/\/www.radiopiu.net\/wordpress\/non-ce-piu-poesia-di-paolo-de-toffol\/embed\/#?secret=7yvjxk9JNf\" data-secret=\"7yvjxk9JNf\" width=\"600\" height=\"338\" frameborder=\"0\" marginwidth=\"0\" marginheight=\"0\" scrolling=\"no\"><\/iframe><\/p>\n<p><strong>LA RACCOLTA<\/strong><\/p>\n<blockquote class=\"wp-embedded-content\" data-secret=\"6GKd1VQqYT\"><p><a href=\"https:\/\/www.radiopiu.net\/wordpress\/in-vivo-verso\/\">In Vivo Verso<\/a><\/p><\/blockquote>\n<p><iframe loading=\"lazy\" class=\"wp-embedded-content\" sandbox=\"allow-scripts\" security=\"restricted\" style=\"position: absolute; clip: rect(1px, 1px, 1px, 1px);\" title=\"&#8220;In Vivo Verso&#8221; &#8212; Radio Pi\u00f9\" src=\"https:\/\/www.radiopiu.net\/wordpress\/in-vivo-verso\/embed\/#?secret=6GKd1VQqYT\" data-secret=\"6GKd1VQqYT\" width=\"600\" height=\"338\" frameborder=\"0\" marginwidth=\"0\" marginheight=\"0\" scrolling=\"no\"><\/iframe><\/p>\n<p>&nbsp;<\/p>\n<\/div>\n<\/div>\n<hr \/>\n<p>&nbsp;<\/p>\n<h2><span style=\"color: #808000;\">DUE MINUTI UN LIBRO\u00a0 TUTTI I GIORNI ALLA RADIO ALLE 9.30 E ALLE 18. QUINTA STAGIONE\u00a0 \u00a0<\/span><\/h2>\n<blockquote class=\"wp-embedded-content\" data-secret=\"RKQMo23QIw\"><p><a href=\"https:\/\/www.radiopiu.net\/wordpress\/non-voglio-piu-piacere-a-tutti\/\">NON VOGLIO PIU&#8217; PIACERE A TUTTI<\/a><\/p><\/blockquote>\n<p><iframe loading=\"lazy\" class=\"wp-embedded-content\" sandbox=\"allow-scripts\" security=\"restricted\" style=\"position: absolute; clip: rect(1px, 1px, 1px, 1px);\" title=\"&#8220;NON VOGLIO PIU&#8217; PIACERE A TUTTI&#8221; &#8212; Radio Pi\u00f9\" src=\"https:\/\/www.radiopiu.net\/wordpress\/non-voglio-piu-piacere-a-tutti\/embed\/#?secret=RKQMo23QIw\" data-secret=\"RKQMo23QIw\" width=\"600\" height=\"338\" frameborder=\"0\" marginwidth=\"0\" marginheight=\"0\" scrolling=\"no\"><\/iframe><\/p>\n<h3><span style=\"color: #808000;\">\u00a0<\/span>LA RACCOLTA COMPLETA<\/h3>\n<blockquote class=\"wp-embedded-content\" data-secret=\"zzPcf8rM6z\"><p><a href=\"https:\/\/www.radiopiu.net\/wordpress\/due-minuti-un-libro\/\">Due minuti un libro<\/a><\/p><\/blockquote>\n<p><iframe loading=\"lazy\" class=\"wp-embedded-content\" sandbox=\"allow-scripts\" security=\"restricted\" style=\"position: absolute; clip: rect(1px, 1px, 1px, 1px);\" title=\"&#8220;Due minuti un libro&#8221; &#8212; Radio Pi\u00f9\" src=\"https:\/\/www.radiopiu.net\/wordpress\/due-minuti-un-libro\/embed\/#?secret=zzPcf8rM6z\" data-secret=\"zzPcf8rM6z\" width=\"600\" height=\"338\" frameborder=\"0\" marginwidth=\"0\" marginheight=\"0\" scrolling=\"no\"><\/iframe><\/p>\n<p>&nbsp;<\/p>\n<p>&nbsp;<\/p>\n<p>&nbsp;<\/p>\n<p>&nbsp;<\/p>\n<hr \/>\n<blockquote>\n<h2>SALUTE E SOCIETA&#8217; IL LUNEDI ALLE 13.10 E ALLE 20.10, LA DOMENICA ALLE 10.30 A CURA DEL DOTTOR MARCO CARACCIOLO. QUINTA STAGIONE<\/h2>\n<\/blockquote>\n<p><strong>LA PUNTATA DELLA SETTIMANA:<\/strong> L\u2019intergruppo parlamentare \u00abInsieme per un impegno contro il cancro\u00bb \u00e8 nato per superare ritardi nell\u2019assistenza e gravi disparit\u00e0 tra pazienti a livello regionale. Sono 15 punti alla base dell\u2019Accordo di legislatura tra politici e associazioni di pazienti che hanno dato vita al progetto \u00abLa salute: un bene da difendere, un diritto da promuovere\u00bb.<br \/>\nStefano Bellomo Avvocato Giuslavorista, Professore ordinario di Diritto del Lavoro Sapienza Universit\u00e0 di Roma Marina Puligheddu Dirigente Medico Legale I livello, Coordinamento Generale Medico Legale INPS Area Prestazioni a Sostegno del Reddito Annamaria Mancuso Coordinatrice del gruppo \u201cLa salute: un bene da difendere, un diritto da promuovere\u201d e Presidente Salute Donna Onlus<\/p>\n<audio class=\"wp-audio-shortcode\" id=\"audio-192125-13\" preload=\"none\" style=\"width: 100%;\" controls=\"controls\"><source type=\"audio\/mpeg\" src=\"https:\/\/www.radiopiu.net\/wordpress\/wp-content\/uploads\/2021\/02\/SALUTE-2.mp3?_=13\" \/><a href=\"https:\/\/www.radiopiu.net\/wordpress\/wp-content\/uploads\/2021\/02\/SALUTE-2.mp3\">https:\/\/www.radiopiu.net\/wordpress\/wp-content\/uploads\/2021\/02\/SALUTE-2.mp3<\/a><\/audio>\n<p>&nbsp;<\/p>\n<hr \/>\n<h2><\/h2>\n<h3 class=\"kvgmc6g5 cxmmr5t8 oygrvhab hcukyx3x c1et5uql\"><span style=\"color: #0000ff;\">INFORMAZIONE il canale su TELEGRAM informazione di prima mano e in tempo reale. iscriviti ed aiutaci a farlo conoscere\u00a0<\/span><\/h3>\n<h2>007 IN CONDOTTA CON LA PROF. MARIA ROSA SALMAZO IL LUNEDI ALLE 10,30 E ALLE 19.00 LA DOMENICA ALLE 8 DEL MATTINO. NONA STAGIONE<\/h2>\n<p><strong>LA PUNTATA DELLA SETTIMANA<\/strong><\/p>\n<p><span style=\"color: #800080;\"><strong>CARNEVALE<\/strong><\/span><\/p>\n<audio class=\"wp-audio-shortcode\" id=\"audio-192125-14\" preload=\"none\" style=\"width: 100%;\" controls=\"controls\"><source type=\"audio\/mpeg\" src=\"https:\/\/www.radiopiu.net\/wordpress\/wp-content\/uploads\/2021\/02\/007-15-febbraio.mp3?_=14\" \/><a href=\"https:\/\/www.radiopiu.net\/wordpress\/wp-content\/uploads\/2021\/02\/007-15-febbraio.mp3\">https:\/\/www.radiopiu.net\/wordpress\/wp-content\/uploads\/2021\/02\/007-15-febbraio.mp3<\/a><\/audio>\n<p>&nbsp;<\/p>\n<h2>LA RACCOLTA COMPLETA<\/h2>\n<blockquote class=\"wp-embedded-content\" data-secret=\"S2hynK546I\"><p><a href=\"https:\/\/www.radiopiu.net\/wordpress\/007incondotta-9\/\">007 in condotta<\/a><\/p><\/blockquote>\n<p><iframe loading=\"lazy\" class=\"wp-embedded-content\" sandbox=\"allow-scripts\" security=\"restricted\" style=\"position: absolute; clip: rect(1px, 1px, 1px, 1px);\" title=\"&#8220;007 in condotta&#8221; &#8212; Radio Pi\u00f9\" src=\"https:\/\/www.radiopiu.net\/wordpress\/007incondotta-9\/embed\/#?secret=S2hynK546I\" data-secret=\"S2hynK546I\" width=\"600\" height=\"338\" frameborder=\"0\" marginwidth=\"0\" marginheight=\"0\" scrolling=\"no\"><\/iframe><\/p>\n<p>&nbsp;<\/p>\n<p>&nbsp;<\/p>\n<hr \/>\n<p>&nbsp;<\/p>\n<div dir=\"auto\">\n<div>\n<h2><span style=\"color: #800080;\"><strong>LA RASSEGNA STAMPA DA L&#8217;AMICO DEL POPOLO\u00a0<\/strong><\/span><\/h2>\n<h3 class=\"kvgmc6g5 cxmmr5t8 oygrvhab hcukyx3x c1et5uql\"><span style=\"color: #0000ff;\"> INFORMAZIONE il canale su TELEGRAM informazione di prima mano e in tempo reale. iscriviti ed aiutaci a farlo conoscere\u00a0<\/span><\/h3>\n<p><strong><a href=\"https:\/\/www.radiopiu.net\/wordpress\/diana-iraci-chiede-le-pubblicazioni-delle-sue-interrogazioni-allamministrazione-di-rocca-pietore\/rocca-pietore-2\/\" rel=\"attachment wp-att-127376\"><img loading=\"lazy\" decoding=\"async\" class=\"size-medium wp-image-127376 alignleft\" src=\"https:\/\/www.radiopiu.net\/wordpress\/wp-content\/uploads\/2020\/04\/ROCCA-PIETORE-300x173.png\" alt=\"\" width=\"300\" height=\"173\" srcset=\"https:\/\/www.radiopiu.net\/wordpress\/wp-content\/uploads\/2020\/04\/ROCCA-PIETORE-300x173.png 300w, https:\/\/www.radiopiu.net\/wordpress\/wp-content\/uploads\/2020\/04\/ROCCA-PIETORE.png 712w\" sizes=\"auto, (max-width: 300px) 100vw, 300px\" \/><\/a>di Gianni Santomaso<\/strong><\/p>\n<p><strong>OSPITE<\/strong>: Diana Iraci, Consigliere di minoranza del comune di Rocca Pietore<\/p>\n<audio class=\"wp-audio-shortcode\" id=\"audio-192125-15\" preload=\"none\" style=\"width: 100%;\" controls=\"controls\"><source type=\"audio\/mpeg\" src=\"https:\/\/www.radiopiu.net\/wordpress\/wp-content\/uploads\/2021\/02\/RASSEGNA-GIANNI-1.mp3?_=15\" \/><a href=\"https:\/\/www.radiopiu.net\/wordpress\/wp-content\/uploads\/2021\/02\/RASSEGNA-GIANNI-1.mp3\">https:\/\/www.radiopiu.net\/wordpress\/wp-content\/uploads\/2021\/02\/RASSEGNA-GIANNI-1.mp3<\/a><\/audio>\n<p><strong>LA RACCOLTA COMPLETA<\/strong><\/p>\n<blockquote class=\"wp-embedded-content\" data-secret=\"BS9J5H2f21\"><p><a href=\"https:\/\/www.radiopiu.net\/wordpress\/rassegna-stampa-di-gianni-santomaso\/\">Rassegna stampa da l&#8217;amico del popolo &#8211; di Gianni Santomaso<\/a><\/p><\/blockquote>\n<p><iframe loading=\"lazy\" class=\"wp-embedded-content\" sandbox=\"allow-scripts\" security=\"restricted\" style=\"position: absolute; clip: rect(1px, 1px, 1px, 1px);\" title=\"&#8220;Rassegna stampa da l&#8217;amico del popolo &#8211; di Gianni Santomaso&#8221; &#8212; Radio Pi\u00f9\" src=\"https:\/\/www.radiopiu.net\/wordpress\/rassegna-stampa-di-gianni-santomaso\/embed\/#?secret=BS9J5H2f21\" data-secret=\"BS9J5H2f21\" width=\"600\" height=\"338\" frameborder=\"0\" marginwidth=\"0\" marginheight=\"0\" scrolling=\"no\"><\/iframe><\/p>\n<p>&nbsp;<\/p>\n<p>&nbsp;<\/p>\n<\/div>\n<\/div>\n<p>&nbsp;<\/p>\n<hr \/>\n<p>&nbsp;<\/p>\n<blockquote>\n<h3><a href=\"https:\/\/www.radiopiu.net\/wordpress\/almanacco-ladino-puntata-5-2020\/sn\/\" rel=\"attachment wp-att-180931\"><img loading=\"lazy\" decoding=\"async\" class=\"wp-image-180931 alignleft\" src=\"https:\/\/www.radiopiu.net\/wordpress\/wp-content\/uploads\/2020\/12\/sn-300x194.jpg\" alt=\"\" width=\"181\" height=\"117\" srcset=\"https:\/\/www.radiopiu.net\/wordpress\/wp-content\/uploads\/2020\/12\/sn-300x194.jpg 300w, https:\/\/www.radiopiu.net\/wordpress\/wp-content\/uploads\/2020\/12\/sn.jpg 626w\" sizes=\"auto, (max-width: 181px) 100vw, 181px\" \/><\/a>L&#8217;ALMANACCO LADINO CON L&#8217;ISTITUT CESA DE JAN QUINDICINALE APPUNTAMENTO. LA DOMENICA ALLE 9 IL LUNEDI ALLE 8.35 IL MARTEDI ALLE 12.35 IL MERCOLEDI ALLE 18.35. SECONDA STAGIONE.<\/h3>\n<p><strong>LA PUNTATA DELLA SETTIMANA<\/strong><\/p><\/blockquote>\n<audio class=\"wp-audio-shortcode\" id=\"audio-192125-16\" preload=\"none\" style=\"width: 100%;\" controls=\"controls\"><source type=\"audio\/mpeg\" src=\"https:\/\/www.radiopiu.net\/wordpress\/wp-content\/uploads\/2021\/02\/52\u00b0Almanach-Ladin_col.mp3?_=16\" \/><a href=\"https:\/\/www.radiopiu.net\/wordpress\/wp-content\/uploads\/2021\/02\/52\u00b0Almanach-Ladin_col.mp3\">https:\/\/www.radiopiu.net\/wordpress\/wp-content\/uploads\/2021\/02\/52\u00b0Almanach-Ladin_col.mp3<\/a><\/audio>\n<p>&nbsp;<\/p>\n<p><strong>RACCOLTA COMPLETA\u00a0<\/strong><\/p>\n<blockquote class=\"wp-embedded-content\" data-secret=\"tRcPgXMycU\"><p><a href=\"https:\/\/www.radiopiu.net\/wordpress\/almanacco-ladino\/\">Almanacco Ladino<\/a><\/p><\/blockquote>\n<p><iframe loading=\"lazy\" class=\"wp-embedded-content\" sandbox=\"allow-scripts\" security=\"restricted\" style=\"position: absolute; clip: rect(1px, 1px, 1px, 1px);\" title=\"&#8220;Almanacco Ladino&#8221; &#8212; Radio Pi\u00f9\" src=\"https:\/\/www.radiopiu.net\/wordpress\/almanacco-ladino\/embed\/#?secret=tRcPgXMycU\" data-secret=\"tRcPgXMycU\" width=\"600\" height=\"338\" frameborder=\"0\" marginwidth=\"0\" marginheight=\"0\" scrolling=\"no\"><\/iframe><\/p>\n<p>&nbsp;<\/p>\n<hr \/>\n<blockquote>\n<h2><\/h2>\n<h2>RITORNA AI MICROFONI DI RADIO PIU&#8217; FRANCESCO ZILLIO<br \/>\nterza puntata, stagione 2021 &#8211; auto elettriche.<\/h2>\n<\/blockquote>\n<p>&nbsp;<\/p>\n<p><iframe loading=\"lazy\" title=\"EPCENTER -EFFICIENZA ENERGETICA A SERVIZIO DELLE AUTO ELETTRICHE COMBINAZIONE POSITIVA DI TECNOLOGIA\" width=\"1200\" height=\"675\" src=\"https:\/\/www.youtube.com\/embed\/927qLatGDPc?start=246&#038;feature=oembed\" frameborder=\"0\" allow=\"accelerometer; autoplay; clipboard-write; encrypted-media; gyroscope; picture-in-picture\" allowfullscreen><\/iframe><\/p>\n<p>&nbsp;<\/p>\n<p><strong>LA VIDEO GALLERY\u00a0<\/strong><\/p>\n<blockquote class=\"wp-embedded-content\" data-secret=\"vBY8XOO4Oj\"><p><a href=\"https:\/\/www.radiopiu.net\/wordpress\/ep-center-video-gallery\/\">EP CENTER video gallery<\/a><\/p><\/blockquote>\n<p><iframe loading=\"lazy\" class=\"wp-embedded-content\" sandbox=\"allow-scripts\" security=\"restricted\" style=\"position: absolute; clip: rect(1px, 1px, 1px, 1px);\" title=\"&#8220;EP CENTER video gallery&#8221; &#8212; Radio Pi\u00f9\" src=\"https:\/\/www.radiopiu.net\/wordpress\/ep-center-video-gallery\/embed\/#?secret=vBY8XOO4Oj\" data-secret=\"vBY8XOO4Oj\" width=\"600\" height=\"338\" frameborder=\"0\" marginwidth=\"0\" marginheight=\"0\" scrolling=\"no\"><\/iframe><\/p>\n<p>&nbsp;<\/p>\n<p>&nbsp;<\/p>\n<hr \/>\n<blockquote>\n<h2><\/h2>\n<h2>FANTASTICHE DOLOMITI, NUOVA STAGIONE. APPUNTAMENTO QUINDICINALE IL GIOVEDI ALLE 10.30 E 19.00<\/h2>\n<\/blockquote>\n<p><span style=\"color: #000000;\"><strong>LA NUOVA PUNTATA i corsi di formazione della Fondazione 11 FEBBRAIO 2021<\/strong><\/span><\/p>\n<h2><span style=\"color: #ff0000;\"><a href=\"https:\/\/www.radiopiu.net\/wordpress\/https-wp-me-p63lo7-gyg\/th-39\/\" rel=\"attachment wp-att-190450\"><img loading=\"lazy\" decoding=\"async\" class=\" wp-image-190450 alignleft\" src=\"https:\/\/www.radiopiu.net\/wordpress\/wp-content\/uploads\/2021\/01\/th-6.jpg\" alt=\"\" width=\"153\" height=\"102\" \/><\/a>LA OTTAVA PUNTATA, formazione personalizzata<\/span><\/h2>\n<p><strong>OSPITE IL PRESIDENTE CLAUDIO CANOVA<\/strong><\/p>\n<audio class=\"wp-audio-shortcode\" id=\"audio-192125-17\" preload=\"none\" style=\"width: 100%;\" controls=\"controls\"><source type=\"audio\/mpeg\" src=\"https:\/\/www.radiopiu.net\/wordpress\/wp-content\/uploads\/2021\/02\/fantastiche-dolomiti-11-febbraio.mp3?_=17\" \/><a href=\"https:\/\/www.radiopiu.net\/wordpress\/wp-content\/uploads\/2021\/02\/fantastiche-dolomiti-11-febbraio.mp3\">https:\/\/www.radiopiu.net\/wordpress\/wp-content\/uploads\/2021\/02\/fantastiche-dolomiti-11-febbraio.mp3<\/a><\/audio>\n<h3>LA RACCOLTA COMPLETA<\/h3>\n<p>https:\/\/www.radiopiu.net\/wordpress\/https-wp-me-p63lo7-gyg\/<\/p>\n<p>&nbsp;<\/p>\n<hr \/>\n<blockquote>\n<h2><\/h2>\n<h2>CASSA SOLIDARIET\u00c0 LUXOTTICA<\/h2>\n<\/blockquote>\n<h3><strong><span style=\"color: #ff0000;\">IL NUMERO DI GENNAIO CON PAOLO CHISSALE&#8217; E FABRIZIO CAMPEDEL\u00a0\u00a0<\/span><\/strong><\/h3>\n<audio class=\"wp-audio-shortcode\" id=\"audio-192125-18\" preload=\"none\" style=\"width: 100%;\" controls=\"controls\"><source type=\"audio\/mpeg\" src=\"https:\/\/www.radiopiu.net\/wordpress\/wp-content\/uploads\/2021\/01\/ca-sol-lux-gennaio.mp3?_=18\" \/><a href=\"https:\/\/www.radiopiu.net\/wordpress\/wp-content\/uploads\/2021\/01\/ca-sol-lux-gennaio.mp3\">https:\/\/www.radiopiu.net\/wordpress\/wp-content\/uploads\/2021\/01\/ca-sol-lux-gennaio.mp3<\/a><\/audio>\n<blockquote>\n<h2>RACCOLTA COMPLETA<\/h2>\n<\/blockquote>\n<blockquote class=\"wp-embedded-content\" data-secret=\"IA3U5R7h0r\"><p><a href=\"https:\/\/www.radiopiu.net\/wordpress\/cassa-solidarieta-luxottica-puntata-del-16-ottobre-2020\/\">CASSA SOLIDARIET\u00c0 LUXOTTICA &#8211; PUNTATA DEL 20 NOVEMBRE 2020<\/a><\/p><\/blockquote>\n<p><iframe loading=\"lazy\" class=\"wp-embedded-content\" sandbox=\"allow-scripts\" security=\"restricted\" style=\"position: absolute; clip: rect(1px, 1px, 1px, 1px);\" title=\"&#8220;CASSA SOLIDARIET\u00c0 LUXOTTICA &#8211; PUNTATA DEL 20 NOVEMBRE 2020&#8221; &#8212; Radio Pi\u00f9\" src=\"https:\/\/www.radiopiu.net\/wordpress\/cassa-solidarieta-luxottica-puntata-del-16-ottobre-2020\/embed\/#?secret=IA3U5R7h0r\" data-secret=\"IA3U5R7h0r\" width=\"600\" height=\"338\" frameborder=\"0\" marginwidth=\"0\" marginheight=\"0\" scrolling=\"no\"><\/iframe><\/p>\n<p>&nbsp;<\/p>\n<div>\n<hr \/>\n<p>&nbsp;<\/p>\n<blockquote>\n<h2><a href=\"https:\/\/www.radiopiu.net\/wordpress\/speciale-solidarieta-veneto\/solidarieta-veneto-3\/\" rel=\"attachment wp-att-134366\"><img loading=\"lazy\" decoding=\"async\" class=\"wp-image-134366 alignleft\" src=\"https:\/\/www.radiopiu.net\/wordpress\/wp-content\/uploads\/2020\/05\/solidariet\u00e0-veneto-300x210.jpg\" alt=\"\" width=\"102\" height=\"71\" srcset=\"https:\/\/www.radiopiu.net\/wordpress\/wp-content\/uploads\/2020\/05\/solidariet\u00e0-veneto-300x210.jpg 300w, https:\/\/www.radiopiu.net\/wordpress\/wp-content\/uploads\/2020\/05\/solidariet\u00e0-veneto-1024x717.jpg 1024w, https:\/\/www.radiopiu.net\/wordpress\/wp-content\/uploads\/2020\/05\/solidariet\u00e0-veneto-768x538.jpg 768w, https:\/\/www.radiopiu.net\/wordpress\/wp-content\/uploads\/2020\/05\/solidariet\u00e0-veneto.jpg 1373w\" sizes=\"auto, (max-width: 102px) 100vw, 102px\" \/><\/a>SOLIDARIETA&#8217; VENETO FONDO PENSIONE, IN ONDA IL PRIMO VENERDI DEL MESE ALLE 10.30 E ALLE 19.00 QUINTA STAGIONE<\/h2>\n<\/blockquote>\n<p><strong>AUDIO FEBBRAIO 2021<\/strong><\/p>\n<audio class=\"wp-audio-shortcode\" id=\"audio-192125-19\" preload=\"none\" style=\"width: 100%;\" controls=\"controls\"><source type=\"audio\/mpeg\" src=\"https:\/\/www.radiopiu.net\/wordpress\/wp-content\/uploads\/2021\/02\/solidarieta-veneto-febbraio.mp3?_=19\" \/><a href=\"https:\/\/www.radiopiu.net\/wordpress\/wp-content\/uploads\/2021\/02\/solidarieta-veneto-febbraio.mp3\">https:\/\/www.radiopiu.net\/wordpress\/wp-content\/uploads\/2021\/02\/solidarieta-veneto-febbraio.mp3<\/a><\/audio>\n<p>&nbsp;<\/p>\n<blockquote>\n<h2>RACCOLTA COMPLETA<\/h2>\n<\/blockquote>\n<blockquote class=\"wp-embedded-content\" data-secret=\"HNWjlR20PP\"><p><a href=\"https:\/\/www.radiopiu.net\/wordpress\/solidarieta-veneto\/\">Solidariet\u00e0 Veneto<\/a><\/p><\/blockquote>\n<p><iframe loading=\"lazy\" class=\"wp-embedded-content\" sandbox=\"allow-scripts\" security=\"restricted\" style=\"position: absolute; clip: rect(1px, 1px, 1px, 1px);\" title=\"&#8220;Solidariet\u00e0 Veneto&#8221; &#8212; Radio Pi\u00f9\" src=\"https:\/\/www.radiopiu.net\/wordpress\/solidarieta-veneto\/embed\/#?secret=HNWjlR20PP\" data-secret=\"HNWjlR20PP\" width=\"600\" height=\"338\" frameborder=\"0\" marginwidth=\"0\" marginheight=\"0\" scrolling=\"no\"><\/iframe><\/p>\n<p>&nbsp;<\/p>\n<p>&nbsp;<\/p>\n<\/div>\n<p>&nbsp;<\/p>\n<hr \/>\n<blockquote>\n<div>\n<h2><span style=\"color: #ff0000;\">ALLA RADIO<\/span><\/h2>\n<h2><strong>LE\u00a0 PUNTATE di Luisa Alchini di Leggermente Bellunesi, la domenica alle 11, <span style=\"color: #0000ff;\">IL MARTEDI IN PRIMA EDIZIONE\u00a0<\/span> alle 10.30 e alle 19.00<\/strong><\/h2>\n<h2><strong style=\"font-size: 14px;\"><span style=\"color: #000000;\">RACCOLTA COMPLETA<\/span><\/strong><\/h2>\n<\/div>\n<blockquote class=\"wp-embedded-content\" data-secret=\"QgG9uemjjD\"><p><a href=\"https:\/\/www.radiopiu.net\/wordpress\/leggermente-20\/\">LEGGERmente&#8230;Bellunesi<\/a><\/p><\/blockquote>\n<p><iframe loading=\"lazy\" class=\"wp-embedded-content\" sandbox=\"allow-scripts\" security=\"restricted\" style=\"position: absolute; clip: rect(1px, 1px, 1px, 1px);\" title=\"&#8220;LEGGERmente&#8230;Bellunesi&#8221; &#8212; Radio Pi\u00f9\" src=\"https:\/\/www.radiopiu.net\/wordpress\/leggermente-20\/embed\/#?secret=QgG9uemjjD\" data-secret=\"QgG9uemjjD\" width=\"600\" height=\"338\" frameborder=\"0\" marginwidth=\"0\" marginheight=\"0\" scrolling=\"no\"><\/iframe><\/p>\n<p>&nbsp;<\/p>\n<hr \/>\n<\/blockquote>\n<p>&nbsp;<\/p>\n<p>&nbsp;<\/p>\n<div dir=\"auto\">\n<hr \/>\n<div>\n<h2><span style=\"color: #000080;\"><a class=\"dt-pswp-item\" href=\"https:\/\/www.radiopiu.net\/wordpress\/wp-content\/uploads\/2020\/10\/pp.jpg\" data-dt-img-description=\"\" data-large_image_width=\"640\" data-large_image_height=\"640\"><img loading=\"lazy\" decoding=\"async\" class=\"wp-image-163678 alignleft\" src=\"https:\/\/www.radiopiu.net\/wordpress\/wp-content\/uploads\/2020\/10\/pp-300x300.jpg\" alt=\"\" width=\"106\" height=\"106\" srcset=\"https:\/\/www.radiopiu.net\/wordpress\/wp-content\/uploads\/2020\/10\/pp-300x300.jpg 300w, https:\/\/www.radiopiu.net\/wordpress\/wp-content\/uploads\/2020\/10\/pp-150x150.jpg 150w, https:\/\/www.radiopiu.net\/wordpress\/wp-content\/uploads\/2020\/10\/pp-125x125.jpg 125w, https:\/\/www.radiopiu.net\/wordpress\/wp-content\/uploads\/2020\/10\/pp-200x200.jpg 200w, https:\/\/www.radiopiu.net\/wordpress\/wp-content\/uploads\/2020\/10\/pp-80x80.jpg 80w, https:\/\/www.radiopiu.net\/wordpress\/wp-content\/uploads\/2020\/10\/pp-480x480.jpg 480w, https:\/\/www.radiopiu.net\/wordpress\/wp-content\/uploads\/2020\/10\/pp.jpg 640w\" sizes=\"auto, (max-width: 106px) 100vw, 106px\" \/><\/a> <\/span><\/h2>\n<h2><span style=\"color: #000080;\">DON CESARE, IL PENSIERO DEL GIORNO. ALLA RADIO ALLE 7 DEL MATTINO E ALLE 19.30 DELLA SERA.\u00a0\u00a0<\/span><\/h2>\n<p>&nbsp;<\/p>\n<\/div>\n<p>&nbsp;<\/p>\n<p>&nbsp;<\/p>\n<audio class=\"wp-audio-shortcode\" id=\"audio-192125-20\" preload=\"none\" style=\"width: 100%;\" controls=\"controls\"><source type=\"audio\/mpeg\" src=\"https:\/\/www.radiopiu.net\/wordpress\/wp-content\/uploads\/2021\/02\/cesare-6.mp3?_=20\" \/><a href=\"https:\/\/www.radiopiu.net\/wordpress\/wp-content\/uploads\/2021\/02\/cesare-6.mp3\">https:\/\/www.radiopiu.net\/wordpress\/wp-content\/uploads\/2021\/02\/cesare-6.mp3<\/a><\/audio>\n<p>&nbsp;<\/p>\n<hr \/>\n<p>&nbsp;<\/p>\n<div>\n<p class=\"photoswipe-wrapper\"><a class=\"dt-pswp-item pspw-wrap-ready\" href=\"https:\/\/i0.wp.com\/www.radiopiu.net\/wordpress\/wp-content\/uploads\/2018\/09\/viabilita.jpeg?ssl=1\" data-dt-img-description=\"\" data-large_image_width=\"800\" data-large_image_height=\"100\"><img loading=\"lazy\" decoding=\"async\" class=\"aligncenter wp-image-61954 size-full\" src=\"https:\/\/i0.wp.com\/www.radiopiu.net\/wordpress\/wp-content\/uploads\/2018\/09\/viabilita.jpeg?resize=800%2C100&amp;ssl=1\" sizes=\"auto, (max-width: 800px) 100vw, 800px\" srcset=\"https:\/\/i0.wp.com\/www.radiopiu.net\/wordpress\/wp-content\/uploads\/2018\/09\/viabilita.jpeg?w=800&amp;ssl=1 800w, https:\/\/i0.wp.com\/www.radiopiu.net\/wordpress\/wp-content\/uploads\/2018\/09\/viabilita.jpeg?resize=300%2C38&amp;ssl=1 300w, https:\/\/i0.wp.com\/www.radiopiu.net\/wordpress\/wp-content\/uploads\/2018\/09\/viabilita.jpeg?resize=768%2C96&amp;ssl=1 768w\" alt=\"\" width=\"800\" height=\"100\" \/><\/a><\/p>\n<\/div>\n<p>&nbsp;<\/p>\n<p><strong>SR 347 DEL PASSO CEREDA E DURAN<\/strong> dal 22 al 26 febbraio senso unico alternato regolato da semaforo a Voltago per indagini geognostiche<\/p>\n<p><strong>SP 21 DI QUERO<\/strong> dal 22 febbraio al 5 marzo, esclusi sabato e domenica, interdizione totale al traffico tra Quero e Ponte Tegorzo per posa cavidotto per conto di E-Distribuzione<\/p>\n<p><strong>SP 10 DI ALANO\u00a0<\/strong>nei giorni 22 e 23 febbraio interdizione totale al traffico dalle 8 alle 18 in comune di Alano per taglio piante. Traffico deviato su viabilit\u00e0 alternativa<\/p>\n<p><strong>SP 422 DELL&#8217;ALPAGO E DEL CANSIGLIO<\/strong> fino al 23 febbraio interdizioni totali alla viabilit\u00e0 in localit\u00e0 Ponte Maina di Tambre dalle 9 alle 12:30, dalle 14:30 alle 15:40 e dalle 15:50 alle 17:45 per taglio e realizzazione drenaggi sul corpo frana<\/p>\n<p><strong>SP 251 DELLA VAL DI ZOLDO E CELLINA<\/strong> Istituzione di senso unico alternato regolato da semaforo nel comune di Val di Zoldo per messa in sicurezza della strada<\/p>\n<p><strong>SP 42 CAVALLERA<\/strong> fino a revoca, chiusura della strada nell&#8217;abitato di Perarolo per attivazione emergenza frana &#8220;Busa del Cristo&#8221;<\/p>\n<p><strong>S.P.2 DELLA VALLE DEL MIS\u00a0<\/strong>Interdizione totale al traffico fino a revoca dal km 14,920 (localit\u00e0 Gona Bassa) al km 20,650 (localit\u00e0 Titele) per cedimento della carreggiata<\/p>\n<p><strong>S.P. 5 DI LAMOSANO<\/strong>\u00a0Interdizione totale fino a revoca per presenza di materiale e alberi in strada.<\/p>\n<p><strong>SP 3 DELLA VAL IMPERINA<\/strong> fino a revoca, senso unico alternato regolato a vista in localit\u00e0 Gona di Conedera di Rivamonte per cedimento della carreggiata stradale<\/p>\n<p>&nbsp;<\/p>\n<p>&nbsp;<\/p>\n<hr \/>\n<p>&nbsp;<\/p>\n<div>\n<p class=\"photoswipe-wrapper\"><a class=\"dt-pswp-item pspw-wrap-ready\" href=\"https:\/\/i0.wp.com\/www.radiopiu.net\/wordpress\/wp-content\/uploads\/2018\/09\/WhatsApp-Image-2018-09-20-at-16.04.06.jpeg?ssl=1\" data-dt-img-description=\"\" data-large_image_width=\"800\" data-large_image_height=\"100\"><img loading=\"lazy\" decoding=\"async\" class=\"aligncenter wp-image-61378 size-full jetpack-lazy-image jetpack-lazy-image--handled\" src=\"https:\/\/i0.wp.com\/www.radiopiu.net\/wordpress\/wp-content\/uploads\/2018\/09\/WhatsApp-Image-2018-09-20-at-16.04.06.jpeg?resize=800%2C100&amp;ssl=1\" sizes=\"auto, (max-width: 800px) 100vw, 800px\" srcset=\"https:\/\/i0.wp.com\/www.radiopiu.net\/wordpress\/wp-content\/uploads\/2018\/09\/WhatsApp-Image-2018-09-20-at-16.04.06.jpeg?w=800&amp;ssl=1 800w, https:\/\/i0.wp.com\/www.radiopiu.net\/wordpress\/wp-content\/uploads\/2018\/09\/WhatsApp-Image-2018-09-20-at-16.04.06.jpeg?resize=300%2C38&amp;ssl=1 300w, https:\/\/i0.wp.com\/www.radiopiu.net\/wordpress\/wp-content\/uploads\/2018\/09\/WhatsApp-Image-2018-09-20-at-16.04.06.jpeg?resize=768%2C96&amp;ssl=1 768w\" alt=\"\" width=\"800\" height=\"100\" data-lazy-loaded=\"1\" \/><\/a><\/p>\n<p><b>\u00a0<\/b><\/p>\n<p><center><b>Venerdi 19<\/b><\/center><b>Tempo atteso: <\/b>Nottetempo sulle Dolomiti cielo coperto da nubi medio-alte, gi\u00e0 al mattino la suddetta copertura tender\u00e0 assottigliarsi, pertanto il cielo rimarr\u00e0 velato per nubi alte fino nel pomeriggio, prima che il cielo si rassereni del tutto verso sera. Sulle Prealpi situazione simile in quota, mentre l&#8217;insidia nuvolosit\u00e0 bassa aumenter\u00e0 alle quote pi\u00f9 basse, specie nelle depressioni, dove il soleggiamento potrebbe ridursi notevolmente. Contesto diurno termico piuttosto mite nei settori pi\u00f9 assolati.<br \/>\n<b>Precipitazioni: <\/b>Assenti (0%).<br \/>\n<b>Temperature: <\/b>In generale aumento a tutte le quote, con lieve inversione termica notturna nelle valli e sugli altopiani prealpini nell&#8217;ipotesi di assenza di nubi basse notturne. Sono previste punte di 8\/12\u00b0C nei fondovalle prealpini e di 8\/10\u00b0C a 1000\/1200 m. Su Prealpi a 1500 m min 0\u00b0C max 3\u00b0C, a 2000 m min -1\u00b0C max 2\u00b0C. Su Dolomiti a 2000 m min -2\u00b0C max 3\u00b0C, a 3000 m min -5\u00b0C max -2\u00b0C.<br \/>\n<b>Venti: <\/b>Deboli\/moderati di direzione variabile nelle valli, eccetto rinforzi per brezze notturne in alcuni settori prealpini; in quota deboli dai quadranti occidentali, a tratti moderati sulle cime pi\u00f9 alte, a 5-10 km\/h a 2000 m e 10-15 km\/h a 3000 m.<\/p>\n<hr \/>\n<p><center><b>Sabato 20<\/b><\/center><b>Tempo atteso: <\/b>Sulle Dolomiti tempo ben soleggiato con cielo perlopi\u00f9 sereno, salvo qualche passeggero banco di nubi alte. Sulle Prealpi probabili nubi basse, che potranno tuttavia essere meno insistenti rispetto al giorno precedente, lasciando spazio a maggiore chance di schiarite in giornata. Contesto termico anormalmente mite, specie in quota.<br \/>\n<b>Precipitazioni: <\/b>Assenti (0%).<br \/>\n<b>Temperature: <\/b>In ulteriore lieve aumento a tutte le quote, eccetto qualche flessione per minime in alcune valli dolomitiche in caso d&#8217;irraggiamento notturno. Su Prealpi a 1500 m min 1\u00b0C max 6\u00b0C, a 2000 m min 1\u00b0C max 4\u00b0C. Su Dolomiti a 2000 m min 0\u00b0C max 5\u00b0C, a 3000 m min -3\u00b0C max 1\u00b0C.<br \/>\n<b>Venti: <\/b>Deboli\/moderati di direzione variabile nelle valli, salvo locali rinforzi per brezze notturne su alcuni settori prealpini; in quota deboli da ovest, a 5-10 km\/h a 2000 m e 10-15 km\/h a 3000 m.<\/p>\n<hr \/>\n<p><center><b>Domenica 21<\/b><\/center>Sulle Dolomiti tempo molto soleggiato e particolarmente mite. Sulle Prealpi minore insidia nubi basse e nel caso ci fossero, sarebbero notturne e limitate ad alcune depressioni e ai settori a ridosso della pedemontana. Temperature in ulteriore aumento e ben superiori alla media del periodo, specie in quota. Eventuale calo delle minime nei fondovalle prealpini in caso di rasserenamenti notturni. Venti deboli di direzione variabile nelle valli, deboi\/moderati da sud-ovest in quota.<\/p>\n<hr \/>\n<p><center><b>Lunedi 22<\/b><\/center>Tempo ben soleggiato con cielo sereno, Contesto termico anormalmente mite in quota (assenza di gelate notturne oltre i 1200\/1500 m), mentre l&#8217;irraggiamento notturno favorir\u00e0 un modesto raffreddamento con marcata inversione termica alle quote pi\u00f9 basse. Venti moderati da sud-ovest in quota, a tratti tesi a 3000 m; deboli di direzione variabile nelle valli, salvo locali rinforzi per brezze notturne su alcuni settori prealpini. Previsore: R.L.Th.<\/p>\n<p>&nbsp;<\/p>\n<hr \/>\n<p>&nbsp;<\/p>\n<\/div>\n<\/div>\n<p><a href=\"https:\/\/www.radiopiu.net\/wordpress\/giornale-radiopiu-15-settembre-2018-direttore-mirko-mezzacasa\/sport-7\/\" rel=\"attachment wp-att-60761\"><img loading=\"lazy\" decoding=\"async\" class=\"aligncenter wp-image-60761 size-full\" src=\"https:\/\/www.radiopiu.net\/wordpress\/wp-content\/uploads\/2018\/09\/sport.jpg\" alt=\"\" width=\"800\" height=\"100\" srcset=\"https:\/\/www.radiopiu.net\/wordpress\/wp-content\/uploads\/2018\/09\/sport.jpg 800w, https:\/\/www.radiopiu.net\/wordpress\/wp-content\/uploads\/2018\/09\/sport-300x38.jpg 300w, https:\/\/www.radiopiu.net\/wordpress\/wp-content\/uploads\/2018\/09\/sport-768x96.jpg 768w\" sizes=\"auto, (max-width: 800px) 100vw, 800px\" \/><\/a><\/p>\n<p>&nbsp;<\/p>\n<blockquote>\n<h3>VITTORIA PER LE CIVETTE CHE VOLANO AI PLAYOFF<\/h3>\n<\/blockquote>\n<p><strong><a class=\"dt-pswp-item\" href=\"https:\/\/www.radiopiu.net\/wordpress\/wp-content\/uploads\/2019\/08\/logo-alleghe-hockey.png\" data-dt-img-description=\"\" data-large_image_width=\"547\" data-large_image_height=\"512\"><img loading=\"lazy\" decoding=\"async\" class=\"size-medium wp-image-95699 alignleft\" src=\"https:\/\/www.radiopiu.net\/wordpress\/wp-content\/uploads\/2019\/08\/logo-alleghe-hockey-300x281.png\" alt=\"\" width=\"300\" height=\"281\" srcset=\"https:\/\/www.radiopiu.net\/wordpress\/wp-content\/uploads\/2019\/08\/logo-alleghe-hockey-300x281.png 300w, https:\/\/www.radiopiu.net\/wordpress\/wp-content\/uploads\/2019\/08\/logo-alleghe-hockey.png 547w\" sizes=\"auto, (max-width: 300px) 100vw, 300px\" \/><\/a>PERGINE &#8211; ALLEGHE 3-6<\/strong><\/p>\n<p>PARZIALI: 2-2, 0-2, 1-2<\/p>\n<p>GOL: pt. 1\u201958\u201d Foltin, 12\u201940\u201d Piva, 14\u201938\u201d Ganz, 19\u201911\u201d De Toni. st. 4\u201917\u201d De Toni, 6\u201932\u201d Soppelsa. tt. 13\u201924\u201d De Ceuster, 18\u201901\u201d Mocellin, 18\u201921\u201d M. Dall\u2019Agnol<\/p>\n<p><strong>PERGINE<\/strong> L\u2019Alleghe torna da Pergine con 3 punti ma soprattutto con un biglietto che vale l\u2019accesso ai playoff. Splendida rimonta delle civette che, dopo essere sotto di due marcature, riesce a calare un poker che regala alla squadra di Matikainen l\u2019accesso alla post season. Una partita equilibrata con i biancorossi bravi a sfruttare le occasioni arrivate sulle stecche. Sabato ultima partita di regoular season e poi gli abbinamenti per i quarti di finale della IHL. Match che parte in salita per gli agordini che dopo appena 118\u201d subisce la rete alla prima occasione del Pergine. Tutto parte da un ingaggio alla destra di Scola e Foltin che prova un polsino che si rivela vincente. Civette che provano a reagire ma le conclusioni alleghesi sono sempre preda del portiere trentino. Padroni di casa che trovano il doppio vantaggio, un gol fotocopia al precedente ma con Piva che mette la firma. Biancorossi che accorciano le distanze al primo powerplay a favore con Ganz che dalla linea blu sfodera un siluro che si insacca sotto alla traversa. Alleghe che preme alla ricerca del pareggio che arriva a pochi secondi dal termine del primo tempo. Bel fraseggio tra Ganz, Kiviranta e De Toni con quest\u2019ultimo che spedisce il disco in fondo al sacco. Nel secondo drittel continuano a premere gli agordini che passano in vantaggio, a siglare la doppietta Edgar De Toni. Non si fermano i ragazzi di Matikainen che calano il poker subito dopo quando Malaj prova la conclusione dalla linea blu e sotto porta deviazione vincente di Soppelsa. Il Pergine non ci sta e comincia a macinare gioco. Scola si difende egregiamente, anche in occasione di un powerplay dove viene preso di mira. Partita piacevole con tanti cambi di fronte ma i portieri sono i protagonisti. Terza frazione con i trentini alla ricerca del gol e le civette che provano a colpire in contropiede. \u00c8 un assedio quello del Pergine che non vuole chiudere anzitempo la stagione. Scola viene preso di mira ma il golie alleghese fa il suo dovere. A chiudere definitivamente il match ci pensa De Ceuster che devia in rete una conclusione di Da Tos. Finale di gara con le civette chiuse in difesa. Il Pergine accorcia con Moccellin ma subito dopo Dall\u2019Agnol trova il sesto gol alleghese con la porta sguarnita. Incamerati i 3 punti e centrata la qualificazione ai playoff, sabato a Como l\u2019ultima partita della stagione regolare contro il Varese<\/p>\n<p>&nbsp;<\/p>\n<p>&nbsp;<\/p>\n<hr \/>\n<p>&nbsp;<\/p>\n<blockquote>\n<h3>ELIA SIAMO PRONTI, SIAMO TUTTI CON TE!<\/h3>\n<p>AUDIO<\/p><\/blockquote>\n<audio class=\"wp-audio-shortcode\" id=\"audio-192125-21\" preload=\"none\" style=\"width: 100%;\" controls=\"controls\"><source type=\"audio\/mpeg\" src=\"https:\/\/www.radiopiu.net\/wordpress\/wp-content\/uploads\/2021\/02\/WILLIAM.mp3?_=21\" \/><a href=\"https:\/\/www.radiopiu.net\/wordpress\/wp-content\/uploads\/2021\/02\/WILLIAM.mp3\">https:\/\/www.radiopiu.net\/wordpress\/wp-content\/uploads\/2021\/02\/WILLIAM.mp3<\/a><\/audio>\n<p>&nbsp;<\/p>\n<p><strong><a href=\"https:\/\/www.radiopiu.net\/wordpress\/elia-siamo-pronti-siamo-tutti-con-te\/a5c7640d-e813-4504-87a7-1d2980156b2b\/\" rel=\"attachment wp-att-192157\"><img loading=\"lazy\" decoding=\"async\" class=\"size-medium wp-image-192157 alignleft\" src=\"https:\/\/www.radiopiu.net\/wordpress\/wp-content\/uploads\/2021\/02\/a5c7640d-e813-4504-87a7-1d2980156b2b-300x200.jpg\" alt=\"\" width=\"300\" height=\"200\" srcset=\"https:\/\/www.radiopiu.net\/wordpress\/wp-content\/uploads\/2021\/02\/a5c7640d-e813-4504-87a7-1d2980156b2b-300x200.jpg 300w, https:\/\/www.radiopiu.net\/wordpress\/wp-content\/uploads\/2021\/02\/a5c7640d-e813-4504-87a7-1d2980156b2b-1024x681.jpg 1024w, https:\/\/www.radiopiu.net\/wordpress\/wp-content\/uploads\/2021\/02\/a5c7640d-e813-4504-87a7-1d2980156b2b-768x511.jpg 768w, https:\/\/www.radiopiu.net\/wordpress\/wp-content\/uploads\/2021\/02\/a5c7640d-e813-4504-87a7-1d2980156b2b.jpg 1536w\" sizes=\"auto, (max-width: 300px) 100vw, 300px\" \/><\/a>di William Da Roit<\/strong><\/p>\n<p>Elia siamo pronti!!<br \/>\nQuesto il messaggio che sportivi agordini e bellunesi mandano al forte fondista dopo i Mondiali juniores chiusi alla grande domenica scorsa in Finlandia. Elia Barp ci ha illuminato, abbiamo rivisto la luce del talento puro, cosa che non succedeva da qualche anno in provincia, questo il vociare che subito si \u00e8 diffuso fra tutto gli appassionati di sci di fondo. Siamo pronti a sostenerti e a gioire con te! Sicuramente gi\u00e0 si sapeva della forza di Elia, che in pochi anni ha gi\u00e0 collezionato esperienza, titoli e medaglie (superando abbondantemente il pap\u00e0 campione triveneto d\u00ec mountain bike negli anni \u201890) vittorie che lo mettono di diritto fra i migliori sciatori italiani che siano mai sbocciati cos\u00ec giovani anche in campo internazionale! C\u2019era un po\u2019 di nostalgia degli anni d\u2019oro dello sci di fondo quando le frecce tricolori in Val del Biois erano Magda Genuin, Fulvio Scola e prima ancora Pier Luigi Costantin, Campioni capaci di far muovere interi paesi di appassionati per vederli gareggiare. Elia Barp \u00e8 giovane, ha tutta la vita davanti, qualsiasi sia il suo percorso noi tifosi ci saremo!<br \/>\nGrazie Campione!!<\/p>\n<p>&nbsp;<\/p>\n<hr \/>\n<p>&nbsp;<\/p>\n<blockquote>\n<h3>SFIDA SERRATA NEL GIGANTE IRIDATO: SECONDO ORO PER GUT-BEHRAMI, ARGENTO SHIFFRIN, BRONZO LIENSBERGER<\/h3>\n<\/blockquote>\n<table width=\"100%\">\n<tbody>\n<tr>\n<td><\/td>\n<\/tr>\n<\/tbody>\n<\/table>\n<table width=\"100%\">\n<tbody>\n<tr>\n<td>\n<table width=\"100%\">\n<tbody>\n<tr>\n<td>\u00a0Il gigante femminile dei Campionati del mondo di Cortina d\u2019Ampezzo si \u00e8 deciso sul filo dei centesimi. Il podio iridato \u00e8 racchiuso in dieci centesimi, dopo una gara davvero lunga e impegnativa della durata complessiva di due minuti e mezzo.<\/p>\n<p>A spuntare il successo, per due centesimi, \u00e8 stata la svizzera <strong>Lara Gut-Behrami<\/strong> che a Cortina conquista la seconda medaglia d\u2019oro dopo quella del superG di apertura. Terza dopo la prima manche, con otto centesimi di svantaggio, la svizzera nella seconda run \u00e8 riuscita a sopravanzare <strong>Shiffrin<\/strong>, che si prende un argento; \u00e8 la terza medaglia in questa edizione dei Mondiali, la decima della carriera.<\/p>\n<p>Galvanizzata dal titolo mondiale nel gigante parallelo, pari merito con l\u2019italiana <strong>Marta Bassino<\/strong>, <strong>Katharina Liensberger<\/strong> \u00e8 tornata sul podio iridato. L\u2019austriaca ormai non \u00e8 solo slalomista, con il miglior tempo nella seconda manche \u00e8 riuscita ad acciuffare il bronzo con un distacco di soli 9\/100.<\/p>\n<p>Quarta e quinta posizione per la neozelandese <strong>Alice Robinson<\/strong> (73\/100 il ritardo) e l\u2019austriaca <strong>Ramona Siebenhofer<\/strong> (1\u201d26), quest\u2019ultima protagonista di un bel recupero dopo il quattordicesimo posto iniziale.<\/p>\n<p>L\u2019americana <strong>Nina O\u2019Brien<\/strong>, sorpresa di giornata con il secondo crono nella prima manche, ha sbagliato sull\u2019ultimo dosso compromettendo la possibilit\u00e0 di salire sul podio dei Campionati Mondiali. La ventitreenne americana ha chiuso decima, una posizione pi\u00f9 indietro rispetto al nono posto ottenuto a Semmering lo scorso dicembre, suo miglior risultato in carriera. L\u2019italiana <strong>Marta Bassino<\/strong>, vincitrice di quattro giganti in questa stagione, \u00e8 stata la miglior italiana e ha chiuso quindicesima.<\/p>\n<p>Sulla pista Lino Lacedelli di 5 Torri si \u00e8 invece svolto il <strong>gigante maschile di qualificazione<\/strong> per la gara iridata di domani. La Fis \u00e8 stata vinta dal canadese <strong>James Crawford<\/strong>, davanti al croato <strong>Samuel Kolega<\/strong> e all\u2019argentino <strong>Tiziano Gravier<\/strong>.<\/td>\n<\/tr>\n<\/tbody>\n<\/table>\n<\/td>\n<\/tr>\n<\/tbody>\n<\/table>\n<p>&nbsp;<\/p>\n\n\t\t\t<style type='text\/css'>\n\t\t\t\t#gallery-10 {\n\t\t\t\t\tmargin: auto;\n\t\t\t\t}\n\t\t\t\t#gallery-10 .gallery-item {\n\t\t\t\t\tfloat: left;\n\t\t\t\t\tmargin-top: 10px;\n\t\t\t\t\ttext-align: center;\n\t\t\t\t\twidth: 25%;\n\t\t\t\t}\n\t\t\t\t#gallery-10 img {\n\t\t\t\t\tborder: 2px solid #cfcfcf;\n\t\t\t\t}\n\t\t\t\t#gallery-10 .gallery-caption {\n\t\t\t\t\tmargin-left: 0;\n\t\t\t\t}\n\t\t\t\t\/* see gallery_shortcode() in wp-includes\/media.php *\/\n\t\t\t<\/style>\n\t\t<div id='gallery-10' class='dt-gallery-container gallery galleryid-192125 gallery-columns-4 gallery-size-thumbnail'><dl class='gallery-item'>\n\t\t\t\t<dt class='gallery-icon landscape'>\n\t\t\t\t\t<a class=\"rollover rollover-zoom dt-pswp-item\" title=\"210218_Robinson_\u00a9Zenoni-124\" data-dt-img-description=\"\" data-large_image_width=\"2560\" data-large_image_height=\"1707\"href='https:\/\/www.radiopiu.net\/wordpress\/wp-content\/uploads\/2021\/02\/210218_Robinson_\u00a9Zenoni-124-scaled.jpg'><img loading=\"lazy\" decoding=\"async\" width=\"150\" height=\"150\" src=\"https:\/\/www.radiopiu.net\/wordpress\/wp-content\/uploads\/2021\/02\/210218_Robinson_\u00a9Zenoni-124-150x150.jpg\" class=\"attachment-thumbnail size-thumbnail\" alt=\"\" \/><\/a>\n\t\t\t\t<\/dt><\/dl><dl class='gallery-item'>\n\t\t\t\t<dt class='gallery-icon landscape'>\n\t\t\t\t\t<a class=\"rollover rollover-zoom dt-pswp-item\" title=\"210218_OBrien_\u00a9Pentaphoto_151658\" data-dt-img-description=\"\" data-large_image_width=\"2528\" data-large_image_height=\"1686\"href='https:\/\/www.radiopiu.net\/wordpress\/wp-content\/uploads\/2021\/02\/210218_OBrien_\u00a9Pentaphoto_151658.jpg'><img loading=\"lazy\" decoding=\"async\" width=\"150\" height=\"150\" src=\"https:\/\/www.radiopiu.net\/wordpress\/wp-content\/uploads\/2021\/02\/210218_OBrien_\u00a9Pentaphoto_151658-150x150.jpg\" class=\"attachment-thumbnail size-thumbnail\" alt=\"\" aria-describedby=\"gallery-10-192275\" \/><\/a>\n\t\t\t\t<\/dt>\n\t\t\t\t\t<dd class='wp-caption-text gallery-caption' id='gallery-10-192275'>\n\t\t\t\t\tCortina 2021 Alpine Ski World Championships. \n\nCortina d&#8217;Ampezzo 18\/02\/2021 Nina O Brien (USA), Women&#8217; Giant Slalom.\nPhoto: Pier Marco Tacca\/Pentaphoto\n\t\t\t\t\t<\/dd><\/dl><dl class='gallery-item'>\n\t\t\t\t<dt class='gallery-icon landscape'>\n\t\t\t\t\t<a class=\"rollover rollover-zoom dt-pswp-item\" title=\"ae3188ad-b841-43e4-85f1-10f7c55ba2ff\" data-dt-img-description=\"\" data-large_image_width=\"2560\" data-large_image_height=\"1706\"href='https:\/\/www.radiopiu.net\/wordpress\/wp-content\/uploads\/2021\/02\/ae3188ad-b841-43e4-85f1-10f7c55ba2ff-scaled.jpg'><img loading=\"lazy\" decoding=\"async\" width=\"150\" height=\"150\" src=\"https:\/\/www.radiopiu.net\/wordpress\/wp-content\/uploads\/2021\/02\/ae3188ad-b841-43e4-85f1-10f7c55ba2ff-150x150.jpg\" class=\"attachment-thumbnail size-thumbnail\" alt=\"\" aria-describedby=\"gallery-10-192276\" \/><\/a>\n\t\t\t\t<\/dt>\n\t\t\t\t\t<dd class='wp-caption-text gallery-caption' id='gallery-10-192276'>\n\t\t\t\t\tCortina 2021 Alpine Ski World Championships. \n\nCortina d&#8217;Ampezzo 18\/02\/2021 Lara Gut Bherami, (SUI) Women&#8217; Giant Slalom.\nPhoto: Pier Marco Tacca\/Pentaphoto\n\t\t\t\t\t<\/dd><\/dl><dl class='gallery-item'>\n\t\t\t\t<dt class='gallery-icon landscape'>\n\t\t\t\t\t<a class=\"rollover rollover-zoom dt-pswp-item\" title=\"210218_Gut_Shiffrin_\u00a9Zenoni-138\" data-dt-img-description=\"\" data-large_image_width=\"2560\" data-large_image_height=\"1707\"href='https:\/\/www.radiopiu.net\/wordpress\/wp-content\/uploads\/2021\/02\/210218_Gut_Shiffrin_\u00a9Zenoni-138-scaled.jpg'><img loading=\"lazy\" decoding=\"async\" width=\"150\" height=\"150\" src=\"https:\/\/www.radiopiu.net\/wordpress\/wp-content\/uploads\/2021\/02\/210218_Gut_Shiffrin_\u00a9Zenoni-138-150x150.jpg\" class=\"attachment-thumbnail size-thumbnail\" alt=\"\" \/><\/a>\n\t\t\t\t<\/dt><\/dl><br style=\"clear: both\" \/><dl class='gallery-item'>\n\t\t\t\t<dt class='gallery-icon portrait'>\n\t\t\t\t\t<a class=\"rollover rollover-zoom dt-pswp-item\" title=\"210218_Gut_\u00a9Pentaphoto_51743\" data-dt-img-description=\"\" data-large_image_width=\"1631\" data-large_image_height=\"2560\"href='https:\/\/www.radiopiu.net\/wordpress\/wp-content\/uploads\/2021\/02\/210218_Gut_\u00a9Pentaphoto_51743-scaled.jpg'><img loading=\"lazy\" decoding=\"async\" width=\"150\" height=\"150\" src=\"https:\/\/www.radiopiu.net\/wordpress\/wp-content\/uploads\/2021\/02\/210218_Gut_\u00a9Pentaphoto_51743-150x150.jpg\" class=\"attachment-thumbnail size-thumbnail\" alt=\"\" aria-describedby=\"gallery-10-192271\" \/><\/a>\n\t\t\t\t<\/dt>\n\t\t\t\t\t<dd class='wp-caption-text gallery-caption' id='gallery-10-192271'>\n\t\t\t\t\tCortina 2021 Alpine Ski World Championships. Cortina d&#8217;Ampezzo 18\/02\/2021Women&#8217;s Giant Slalom &#8211; &#8211; Lara Gut (SUI) Photo: Pentaphoto Gio Auletta\n\t\t\t\t\t<\/dd><\/dl><dl class='gallery-item'>\n\t\t\t\t<dt class='gallery-icon portrait'>\n\t\t\t\t\t<a class=\"rollover rollover-zoom dt-pswp-item\" title=\"210218_Gut_\u00a9Pentaphoto_151731\" data-dt-img-description=\"\" data-large_image_width=\"1706\" data-large_image_height=\"2560\"href='https:\/\/www.radiopiu.net\/wordpress\/wp-content\/uploads\/2021\/02\/210218_Gut_\u00a9Pentaphoto_151731-scaled.jpg'><img loading=\"lazy\" decoding=\"async\" width=\"150\" height=\"150\" src=\"https:\/\/www.radiopiu.net\/wordpress\/wp-content\/uploads\/2021\/02\/210218_Gut_\u00a9Pentaphoto_151731-150x150.jpg\" class=\"attachment-thumbnail size-thumbnail\" alt=\"\" aria-describedby=\"gallery-10-192270\" \/><\/a>\n\t\t\t\t<\/dt>\n\t\t\t\t\t<dd class='wp-caption-text gallery-caption' id='gallery-10-192270'>\n\t\t\t\t\tCortina 2021 Alpine Ski World Championships. \n\nCortina d&#8217;Ampezzo 18\/02\/2021 Lara Gut Bherami, (SUI) Women&#8217; Giant Slalom.\nPhoto: Pier Marco Tacca\/Pentaphoto\n\t\t\t\t\t<\/dd><\/dl><dl class='gallery-item'>\n\t\t\t\t<dt class='gallery-icon landscape'>\n\t\t\t\t\t<a class=\"rollover rollover-zoom dt-pswp-item\" title=\"210218_Shiffrin_\u00a9Pentaphoto_151736\" data-dt-img-description=\"\" data-large_image_width=\"2560\" data-large_image_height=\"1706\"href='https:\/\/www.radiopiu.net\/wordpress\/wp-content\/uploads\/2021\/02\/210218_Shiffrin_\u00a9Pentaphoto_151736-scaled.jpg'><img loading=\"lazy\" decoding=\"async\" width=\"150\" height=\"150\" src=\"https:\/\/www.radiopiu.net\/wordpress\/wp-content\/uploads\/2021\/02\/210218_Shiffrin_\u00a9Pentaphoto_151736-150x150.jpg\" class=\"attachment-thumbnail size-thumbnail\" alt=\"\" aria-describedby=\"gallery-10-192272\" \/><\/a>\n\t\t\t\t<\/dt>\n\t\t\t\t\t<dd class='wp-caption-text gallery-caption' id='gallery-10-192272'>\n\t\t\t\t\tCortina 2021 Alpine Ski World Championships. \n\nCortina d&#8217;Ampezzo 18\/02\/2021 Mikaela Shiffrin, (USA) Women&#8217; Giant Slalom.\nPhoto: Pier Marco Tacca\/Pentaphoto\n\t\t\t\t\t<\/dd><\/dl>\n\t\t\t\t<br style='clear: both' \/>\n\t\t\t<\/div>\n\n<p>&nbsp;<\/p>\n<p>&nbsp;<\/p>\n<hr \/>\n<p>&nbsp;<\/p>\n<blockquote>\n<h3>COPPA ATTILIO BETTEGA, CON MIKI BIASION DAL CEREDA AL VALLES E NEL CUORE DELL&#8217;AGORDINO<\/h3>\n<\/blockquote>\n<p><strong><a href=\"https:\/\/www.radiopiu.net\/wordpress\/coppa-attilio-bettega\/ac94447a-aa20-400e-8033-7a239912ee37\/\" rel=\"attachment wp-att-191796\"><img loading=\"lazy\" decoding=\"async\" class=\"size-medium wp-image-191796 alignleft\" src=\"https:\/\/www.radiopiu.net\/wordpress\/wp-content\/uploads\/2021\/02\/ac94447a-aa20-400e-8033-7a239912ee37-300x216.jpg\" alt=\"\" width=\"300\" height=\"216\" srcset=\"https:\/\/www.radiopiu.net\/wordpress\/wp-content\/uploads\/2021\/02\/ac94447a-aa20-400e-8033-7a239912ee37-300x216.jpg 300w, https:\/\/www.radiopiu.net\/wordpress\/wp-content\/uploads\/2021\/02\/ac94447a-aa20-400e-8033-7a239912ee37-1024x737.jpg 1024w, https:\/\/www.radiopiu.net\/wordpress\/wp-content\/uploads\/2021\/02\/ac94447a-aa20-400e-8033-7a239912ee37-768x553.jpg 768w, https:\/\/www.radiopiu.net\/wordpress\/wp-content\/uploads\/2021\/02\/ac94447a-aa20-400e-8033-7a239912ee37-1536x1106.jpg 1536w, https:\/\/www.radiopiu.net\/wordpress\/wp-content\/uploads\/2021\/02\/ac94447a-aa20-400e-8033-7a239912ee37.jpg 1600w\" sizes=\"auto, (max-width: 300px) 100vw, 300px\" \/><\/a>LA VALLE <\/strong>Che serata sabato sera ai piedi del monte Celo con\u00a0 la prova di regolarit\u00e0 nazionale di auto storiche &#8220;Coppa Attilio Bettega&#8221;. L&#8217;organizzazione (Ads Rally Club 70 di Romano d&#8217;Ezzelino-Vicenza)\u00a0 ha inserito questa la prova di regolarit\u00e0 lavallese con controllo orario dalle 18&#8217;23&#8221;\u00a0 fra il Panificio El Forner\u00a0 e il Bar Larin per poi effettuare la partenza all&#8217; uscita del paese dalle\u00a0 18&#8242;.26&#8221; lungo la provinciale 347 del Passo Cereda e Passo Duran (km 35.600).La prova si snoder\u00e0 sulla salita del Passo per poi proseguire verso Dont e Passo Cibiana. <em>&#8220;Si rende noto &#8211; <a href=\"https:\/\/www.radiopiu.net\/wordpress\/coppa-attilio-bettega\/1200px-estoril_classic_week_2018_miki_biasion_30294007657_cropped\/\" rel=\"attachment wp-att-191838\"><img loading=\"lazy\" decoding=\"async\" class=\" wp-image-191838 alignright\" src=\"https:\/\/www.radiopiu.net\/wordpress\/wp-content\/uploads\/2021\/02\/1200px-Estoril_Classic_Week_2018_Miki_Biasion_30294007657_cropped-211x300.jpg\" alt=\"\" width=\"161\" height=\"229\" srcset=\"https:\/\/www.radiopiu.net\/wordpress\/wp-content\/uploads\/2021\/02\/1200px-Estoril_Classic_Week_2018_Miki_Biasion_30294007657_cropped-211x300.jpg 211w, https:\/\/www.radiopiu.net\/wordpress\/wp-content\/uploads\/2021\/02\/1200px-Estoril_Classic_Week_2018_Miki_Biasion_30294007657_cropped-720x1024.jpg 720w, https:\/\/www.radiopiu.net\/wordpress\/wp-content\/uploads\/2021\/02\/1200px-Estoril_Classic_Week_2018_Miki_Biasion_30294007657_cropped-768x1092.jpg 768w, https:\/\/www.radiopiu.net\/wordpress\/wp-content\/uploads\/2021\/02\/1200px-Estoril_Classic_Week_2018_Miki_Biasion_30294007657_cropped-1080x1536.jpg 1080w, https:\/\/www.radiopiu.net\/wordpress\/wp-content\/uploads\/2021\/02\/1200px-Estoril_Classic_Week_2018_Miki_Biasion_30294007657_cropped.jpg 1200w\" sizes=\"auto, (max-width: 161px) 100vw, 161px\" \/><\/a>spiega il consigliere comunale Massimo Sommariva &#8211;\u00a0 che la\u00a0 manifestazione \u00e8 di regolarit\u00e0\u00a0 con auto storiche iscritte al calendario Nazionale con basso contenuto agonistico, riservata a concorrenti regolarmente iscritti ACI-CONI. I partecipanti saranno tenuti a rispettare tutte le norme vigenti del codice della strada&#8221;. <\/em>Le auto provenienti da Bassano\u00a0 saliranno fino a Passo Cereda per poi scendere verso Voltago. Non vi sar\u00e0\u00a0 nessuna ordinanza di chiusura strade per il Passo Duran. E&#8217; prevista la partecipazione di circa 130 equipaggi provenienti da tutta Italia e 8 da Paesi Esteri con autovetture che hanno fatto la storia dei rally a partire da alcune Lancia Stratos, Lancia Fulvia HF 1600, Porche 911 e 356, Fiat 124 Abarth e tante altre. Apripista d&#8217;eccezione su Lancia Delta integrale, il due volte Campione del Mondo di rally Miki Biasion. <em>&#8220;Ringraziamo &#8211; dice il sindaco Ezio Zuanel &#8211;\u00a0 il Presidente dell&#8217; Asd Rally 70 Ivo Strapazzon e Mauro Riva Presidente Dolomiti Racing Motorsport (organizzatore del Dolomiti Rally ndr.) per aver inserito una prova in calendario della competizione sul nostro territorio dando cos\u00ec un segnale di parvenza di ritrovata normalit\u00e0 in questo particolare momento&#8221;.<\/em><\/p>\n<p><strong>DI GIANNI SANTOMASO Corriere Alpi<br \/>\n<\/strong><\/p>\n<audio class=\"wp-audio-shortcode\" id=\"audio-192125-22\" preload=\"none\" style=\"width: 100%;\" controls=\"controls\"><source type=\"audio\/mpeg\" src=\"https:\/\/www.radiopiu.net\/wordpress\/wp-content\/uploads\/2021\/02\/gianni-bettaga.mp3?_=22\" \/><a href=\"https:\/\/www.radiopiu.net\/wordpress\/wp-content\/uploads\/2021\/02\/gianni-bettaga.mp3\">https:\/\/www.radiopiu.net\/wordpress\/wp-content\/uploads\/2021\/02\/gianni-bettaga.mp3<\/a><\/audio>\n<p><strong>NELL&#8217;AGORDINO:<\/strong> PASSO CEREDA 18.09 (Gosaldo, Frassen\u00e9, Voltago, Agordo) LA VALLE 19.03,\u00a0 FORNESIGHE 19.45, POCOL 21.06, PASSO GIAU, SELVA DI CADORE, CAPRILE,\u00a0 CENCENIGHE, FORCELLA LAGAZZON, FALCADE 22.30, PASSO VALLES,\u00a0 \u00a0FIERA DI PRIMIERO 23.40<\/p>\n<p><strong>COPPA ATTILIO BETTEGA 2021<\/strong> <strong><span style=\"color: #0000ff;\"><a style=\"color: #0000ff;\" href=\"https:\/\/www.coppaattiliobettega.it\/\">CLICCA QUI<\/a><\/span><\/strong><\/p>\n","protected":false},"excerpt":{"rendered":"<p>PER RICEVERE QUESTO NOTIZIARIO DIRETTAMENTE SUL TUO CELLULARE ISCRIVITI AL CANALE TELEGRAM \u201cRADIO PIU\u00a0 INFORMAZIONE&#8221;\u00a0 SUPERATI I 3000 ISCRITTI, il CANALE TELEGRAM&#8230; UNISCITI A: RADIO PIU INFORMAZIONE &nbsp; &nbsp; ATTENZIONE: LA NUOVA APP PER IOS-IPHONE di Nicola Vettorello https:\/\/apps.apple.com\/it\/app\/radio-pi%C3%B9-emittente-agordina\/id1515939845 ATTENZIONE: LA NUOVA APP RADIO\u00a0 PER ANDROID di Nicola Vettorello https:\/\/play.google.com\/store\/apps\/details?id=net.radiopiu.iniko\u00a0\u00a0 &nbsp; L&#8217;INIZIATIVA SOLIDALE DELLA CORALE&hellip;<\/p>\n","protected":false},"author":4,"featured_media":192225,"comment_status":"closed","ping_status":"closed","sticky":false,"template":"","format":"standard","meta":{"_monsterinsights_skip_tracking":false,"_monsterinsights_sitenote_active":false,"_monsterinsights_sitenote_note":"","_monsterinsights_sitenote_category":0,"footnotes":""},"categories":[1,86,49],"tags":[],"class_list":["post-192125","post","type-post","status-publish","format-standard","has-post-thumbnail","hentry","category-senza-categoria","category-gr","category-news-18","category-1","category-86","category-49","description-off"],"img_url":"https:\/\/www.radiopiu.net\/wordpress\/wp-content\/uploads\/2021\/02\/60ba6107-19bf-4f55-9127-78b83ec16b83.jpg","_links":{"self":[{"href":"https:\/\/www.radiopiu.net\/wordpress\/wp-json\/wp\/v2\/posts\/192125","targetHints":{"allow":["GET"]}}],"collection":[{"href":"https:\/\/www.radiopiu.net\/wordpress\/wp-json\/wp\/v2\/posts"}],"about":[{"href":"https:\/\/www.radiopiu.net\/wordpress\/wp-json\/wp\/v2\/types\/post"}],"author":[{"embeddable":true,"href":"https:\/\/www.radiopiu.net\/wordpress\/wp-json\/wp\/v2\/users\/4"}],"replies":[{"embeddable":true,"href":"https:\/\/www.radiopiu.net\/wordpress\/wp-json\/wp\/v2\/comments?post=192125"}],"version-history":[{"count":0,"href":"https:\/\/www.radiopiu.net\/wordpress\/wp-json\/wp\/v2\/posts\/192125\/revisions"}],"wp:featuredmedia":[{"embeddable":true,"href":"https:\/\/www.radiopiu.net\/wordpress\/wp-json\/wp\/v2\/media\/192225"}],"wp:attachment":[{"href":"https:\/\/www.radiopiu.net\/wordpress\/wp-json\/wp\/v2\/media?parent=192125"}],"wp:term":[{"taxonomy":"category","embeddable":true,"href":"https:\/\/www.radiopiu.net\/wordpress\/wp-json\/wp\/v2\/categories?post=192125"},{"taxonomy":"post_tag","embeddable":true,"href":"https:\/\/www.radiopiu.net\/wordpress\/wp-json\/wp\/v2\/tags?post=192125"}],"curies":[{"name":"wp","href":"https:\/\/api.w.org\/{rel}","templated":true}]}}