{"id":192140,"date":"2021-02-18T06:01:13","date_gmt":"2021-02-18T05:01:13","guid":{"rendered":"https:\/\/www.radiopiu.net\/wordpress\/?p=192140"},"modified":"2021-02-18T06:01:13","modified_gmt":"2021-02-18T05:01:13","slug":"non-ce-piu-poesia-di-paolo-de-toffol","status":"publish","type":"post","link":"https:\/\/www.radiopiu.net\/wordpress\/non-ce-piu-poesia-di-paolo-de-toffol\/","title":{"rendered":"NON C&#8217;E&#8217; PIU&#8217; POESIA di PAOLO DE TOFFOL"},"content":{"rendered":"<p><span style=\"font-family: Verdana, sans-serif; font-size: large;\">AUDIO<\/span><\/p>\n<audio class=\"wp-audio-shortcode\" id=\"audio-192140-1\" preload=\"none\" style=\"width: 100%;\" controls=\"controls\"><source type=\"audio\/mpeg\" src=\"https:\/\/www.radiopiu.net\/wordpress\/wp-content\/uploads\/2021\/02\/04-NON-CE-PIU-POESIA-PAOLO-DE-TOFFOL-1.mp3?_=1\" \/><a href=\"https:\/\/www.radiopiu.net\/wordpress\/wp-content\/uploads\/2021\/02\/04-NON-CE-PIU-POESIA-PAOLO-DE-TOFFOL-1.mp3\">https:\/\/www.radiopiu.net\/wordpress\/wp-content\/uploads\/2021\/02\/04-NON-CE-PIU-POESIA-PAOLO-DE-TOFFOL-1.mp3<\/a><\/audio>\n<p>&nbsp;<\/p>\n<p><span style=\"font-family: Verdana, sans-serif;\"><span style=\"font-size: large;\">NON C\u2019\u00c8 PI\u00d9 POESIA<\/span><\/span><span style=\"font-family: Verdana, sans-serif;\"><span style=\"font-size: large;\"><img loading=\"lazy\" decoding=\"async\" class=\"alignleft\" src=\"https:\/\/www.radiopiu.net\/wordpress\/wp-content\/uploads\/2021\/02\/PAOLO-DE-TOFFOL-FOTO.jpg\" width=\"185\" height=\"219\" \/><br \/>\nDai rosai profumati non pi\u00f9 fragranza si libera nell\u2019aria,<br \/>\nma solo le spine stan l\u00ec a difendere<br \/>\nci\u00f2 che era il simbolo della bella vita.<br \/>\nDalle onde del mare la spuma leggiadra e frizzante<br \/>\nora appare infida ed ambigua<br \/>\nmentre l\u2019orizzonte s\u2019incupisce<br \/>\ne spinge venti a sollevar marosi.<br \/>\nAttonite stanno, impaurite, le genti semplici<br \/>\ngovernate da chi brancola nel buio.<br \/>\nChi prega e chi piange,<br \/>\nchi trema e chi impreca\u2026<br \/>\nNon c\u2019\u00e8 pi\u00f9 poesia nell\u2019aria e nei cuori<br \/>\ne solo chi ha trovato il centro in se stesso<br \/>\nnon teme i fantasmi del futuro<br \/>\nma attonito sta a guardare\u2026<br \/>\nche \u00e8 gi\u00e0 un privilegio.<\/span><\/span><\/p>\n","protected":false},"excerpt":{"rendered":"<p>AUDIO &nbsp; NON C\u2019\u00c8 PI\u00d9 POESIA Dai rosai profumati non pi\u00f9 fragranza si libera nell\u2019aria, ma solo le spine stan l\u00ec a difendere ci\u00f2 che era il simbolo della bella vita. Dalle onde del mare la spuma leggiadra e frizzante ora appare infida ed ambigua mentre l\u2019orizzonte s\u2019incupisce e spinge venti a sollevar marosi. Attonite&hellip;<\/p>\n","protected":false},"author":4,"featured_media":192142,"comment_status":"closed","ping_status":"closed","sticky":false,"template":"","format":"standard","meta":{"_monsterinsights_skip_tracking":false,"_monsterinsights_sitenote_active":false,"_monsterinsights_sitenote_note":"","_monsterinsights_sitenote_category":0,"footnotes":""},"categories":[22,49],"tags":[],"class_list":["post-192140","post","type-post","status-publish","format-standard","has-post-thumbnail","hentry","category-invivoverso","category-news-18","category-22","category-49","description-off"],"img_url":"https:\/\/www.radiopiu.net\/wordpress\/wp-content\/uploads\/2021\/02\/PAOLO-DE-TOFFOL-FOTO.jpg","_links":{"self":[{"href":"https:\/\/www.radiopiu.net\/wordpress\/wp-json\/wp\/v2\/posts\/192140","targetHints":{"allow":["GET"]}}],"collection":[{"href":"https:\/\/www.radiopiu.net\/wordpress\/wp-json\/wp\/v2\/posts"}],"about":[{"href":"https:\/\/www.radiopiu.net\/wordpress\/wp-json\/wp\/v2\/types\/post"}],"author":[{"embeddable":true,"href":"https:\/\/www.radiopiu.net\/wordpress\/wp-json\/wp\/v2\/users\/4"}],"replies":[{"embeddable":true,"href":"https:\/\/www.radiopiu.net\/wordpress\/wp-json\/wp\/v2\/comments?post=192140"}],"version-history":[{"count":0,"href":"https:\/\/www.radiopiu.net\/wordpress\/wp-json\/wp\/v2\/posts\/192140\/revisions"}],"wp:featuredmedia":[{"embeddable":true,"href":"https:\/\/www.radiopiu.net\/wordpress\/wp-json\/wp\/v2\/media\/192142"}],"wp:attachment":[{"href":"https:\/\/www.radiopiu.net\/wordpress\/wp-json\/wp\/v2\/media?parent=192140"}],"wp:term":[{"taxonomy":"category","embeddable":true,"href":"https:\/\/www.radiopiu.net\/wordpress\/wp-json\/wp\/v2\/categories?post=192140"},{"taxonomy":"post_tag","embeddable":true,"href":"https:\/\/www.radiopiu.net\/wordpress\/wp-json\/wp\/v2\/tags?post=192140"}],"curies":[{"name":"wp","href":"https:\/\/api.w.org\/{rel}","templated":true}]}}