{"id":192234,"date":"2021-02-18T15:50:06","date_gmt":"2021-02-18T14:50:06","guid":{"rendered":"https:\/\/www.radiopiu.net\/wordpress\/?p=192234"},"modified":"2021-02-18T15:50:06","modified_gmt":"2021-02-18T14:50:06","slug":"la-montagna-lettera-aperta-alle-istituzioni","status":"publish","type":"post","link":"https:\/\/www.radiopiu.net\/wordpress\/la-montagna-lettera-aperta-alle-istituzioni\/","title":{"rendered":"LA MONTAGNA: LETTERA APERTA ALLE ISTITUZIONI"},"content":{"rendered":"<p><strong>FALCADE<\/strong> Fulvio Val, maestro di sci in Valle del Biois, firma una lettera a politici e istituzioni in rappresentanza delle genti di montagna. Un grido di allarme, una richiesta immediata di aiuti.<\/p>\n<blockquote><p>Vogliamo nuovamente porre alla vostra attenzione la situazione di assoluto disagio e sofferenza che stiamo vivendo. Non avete avuto finora nessun rispetto della montagna e men che meno dei suoi abitanti che finora silenziosamente hanno correttamente rispettato le leggi che avete emanato dai palazzi, lontani, ma molto lontani dalle nostre terre di montagna.\u00a0 Ci avete umiliato per non averci fatto lavorare da molti mesi, ci avete umiliato per averci chiesto di provare a richiedere la carit\u00e0 tramite i vostri \u201cristori\u201d, parola che non significa nulla; RISARCIMENTI \u00e8 la parola corretta, ma noi non vogliamo assistenzialismo, vogliamo solo LAVORARE !!! Abbiamo ormai passato un anno di questi tira molla e tutte le nostre famiglie oltre ad essere sconsolate sono incredule sul susseguirsi di continue date per eventuali aperture e chiusure.\u00a0\u00a0\u00a0\u00a0 \u00a0\u00a0\u00a0Se \u00e8 vero che si debba convivere con questo virus, poste in atto tutte le misure di sicurezza necessarie, vogliamo \u00a0tornare presto a lavorare, il prima possibile. Ora siamo stanchi e stufi ed alziamo la voce. Sappiate che i montanari sono un popolo forte e fiero che sa rialzarsi dopo le tragedie e sa sopravvivere meglio di altri alle molte disavventure della vita. Sappiate anche che le energie che servono per alimentare le industrie e il fabbisogno delle grandi citt\u00e0 provengono proprio dalla montagna; e ci riferiamo all\u2019acqua che sgorga dalle sorgenti di montagna e all\u2019energia elettrica portata in pianura tramite le linee di alta tensione che provengono dalla montagna. Con queste poche righe vogliamo sottolinearvi che la montagna \u00e8 vita, in tutti i sensi, oppure morte, come voi classe politica state volendo che sia per noi. E se morte deve essere per noi montanari e per la montagna, di riflesso sar\u00e0 morte anche per voi che vivete distante dalla realt\u00e0. Sar\u00e0 solo questione di tempo. La situazione che oggi nuovamente poniamo all\u2019attenzione \u00e8 molto delicata e rischiosa per la tenuta sociale ed economica delle nostre attivit\u00e0 fondamentali nella filiera turistica della montagna, dei nostri territori e delle genti che li popolano; \u00a0non possiamo attendere ulteriormente.<\/p>\n<p><strong>Abbiamo bisogno di misure urgenti e certe.<\/strong><\/p><\/blockquote>\n","protected":false},"excerpt":{"rendered":"<p>FALCADE Fulvio Val, maestro di sci in Valle del Biois, firma una lettera a politici e istituzioni in rappresentanza delle genti di montagna. Un grido di allarme, una richiesta immediata di aiuti. Vogliamo nuovamente porre alla vostra attenzione la situazione di assoluto disagio e sofferenza che stiamo vivendo. Non avete avuto finora nessun rispetto della&hellip;<\/p>\n","protected":false},"author":4,"featured_media":74503,"comment_status":"closed","ping_status":"closed","sticky":false,"template":"","format":"standard","meta":{"_monsterinsights_skip_tracking":false,"_monsterinsights_sitenote_active":false,"_monsterinsights_sitenote_note":"","_monsterinsights_sitenote_category":0,"footnotes":""},"categories":[104,49],"tags":[],"class_list":["post-192234","post","type-post","status-publish","format-standard","has-post-thumbnail","hentry","category-evidenza_3","category-news-18","category-104","category-49","description-off"],"img_url":"https:\/\/www.radiopiu.net\/wordpress\/wp-content\/uploads\/2019\/01\/la-vittoria-di-Luca-Brancaleone-sc-Val-Biois-nella-gara-Giovani-Seniores.jpg","_links":{"self":[{"href":"https:\/\/www.radiopiu.net\/wordpress\/wp-json\/wp\/v2\/posts\/192234","targetHints":{"allow":["GET"]}}],"collection":[{"href":"https:\/\/www.radiopiu.net\/wordpress\/wp-json\/wp\/v2\/posts"}],"about":[{"href":"https:\/\/www.radiopiu.net\/wordpress\/wp-json\/wp\/v2\/types\/post"}],"author":[{"embeddable":true,"href":"https:\/\/www.radiopiu.net\/wordpress\/wp-json\/wp\/v2\/users\/4"}],"replies":[{"embeddable":true,"href":"https:\/\/www.radiopiu.net\/wordpress\/wp-json\/wp\/v2\/comments?post=192234"}],"version-history":[{"count":0,"href":"https:\/\/www.radiopiu.net\/wordpress\/wp-json\/wp\/v2\/posts\/192234\/revisions"}],"wp:featuredmedia":[{"embeddable":true,"href":"https:\/\/www.radiopiu.net\/wordpress\/wp-json\/wp\/v2\/media\/74503"}],"wp:attachment":[{"href":"https:\/\/www.radiopiu.net\/wordpress\/wp-json\/wp\/v2\/media?parent=192234"}],"wp:term":[{"taxonomy":"category","embeddable":true,"href":"https:\/\/www.radiopiu.net\/wordpress\/wp-json\/wp\/v2\/categories?post=192234"},{"taxonomy":"post_tag","embeddable":true,"href":"https:\/\/www.radiopiu.net\/wordpress\/wp-json\/wp\/v2\/tags?post=192234"}],"curies":[{"name":"wp","href":"https:\/\/api.w.org\/{rel}","templated":true}]}}