{"id":192236,"date":"2021-02-18T16:00:37","date_gmt":"2021-02-18T15:00:37","guid":{"rendered":"https:\/\/www.radiopiu.net\/wordpress\/?p=192236"},"modified":"2021-02-18T16:00:37","modified_gmt":"2021-02-18T15:00:37","slug":"192236-2","status":"publish","type":"post","link":"https:\/\/www.radiopiu.net\/wordpress\/192236-2\/","title":{"rendered":""},"content":{"rendered":"<p>&nbsp;<\/p>\n<blockquote>\n<h3>DE MENECH: &#8220;STAGIONE FINITA, SERVONO 600 MILIONI DI EURO DI RISARCIMENTI&#8221;<\/h3>\n<\/blockquote>\n<p><strong><a href=\"https:\/\/www.radiopiu.net\/wordpress\/giornale-radiopiu-del-29-novembre-2018-direttore-mirko-mezzacasa\/pd\/\" rel=\"attachment wp-att-67744\"><img loading=\"lazy\" decoding=\"async\" class=\" wp-image-67744 alignleft\" src=\"https:\/\/www.radiopiu.net\/wordpress\/wp-content\/uploads\/2018\/11\/PD.png\" alt=\"\" width=\"184\" height=\"148\" \/><\/a>BELLUNO\u00a0 <\/strong>La stagione turistica invernale \u00e8 definitivamente compromessa. Ora servono risarcimenti nell\u2019ordine dei 500-600 milioni di euro. \u00c8 quanto emerge dall\u2019incontro pubblico organizzato ieri sera dalla federazione del Partito democratico di Belluno. Il settore, ha ricordato la segretaria provinciale del PD, Monica Lotto, ha subito un tracollo:<em> \u00abSecondo uno studio pubblicato da Demoskopika, tra dicembre 2020 e febbraio 2021 la montagna italiana ha perso 12 milioni di turisti con un impatto economico pari a 9,7 miliardi di euro in meno\u00bb. <\/em>Tra le categorie a subire le maggiori conseguenze della pandemia sono stati i Maestri e le Scuole di Sci. Dei 15.400 Maestri di Sci iscritti all\u2019albo in Italia, la gran parte vive di turismo invernale e sono rimasti senza una rete di protezione adeguata. I ristori previsti devono in molti casi ancora arrivare e dopo la mancata apertura delle piste la settimana scorsa l\u2019orientamento dovr\u00e0 necessariamente essere quello dei risarcimenti pi\u00f9 che dei ristori. Oltre ai 400 milioni di ristori per gli impianti di risalita e al fondo per gli alberghi stanziati dal governo la priorit\u00e0 delle priorit\u00e0 \u00e8 dare ossigeno alle categorie pi\u00f9 in sofferenza. In questi giorni sono in discussione alcuni provvedimenti &#8211; ad esempio nel \u2018milleproroghe\u2019 &#8211; per la gestione tecnico burocratica degli impianti per attuare alcune semplificazioni, spiega De Menech.<\/p>\n<p>&nbsp;<\/p>\n<hr \/>\n<blockquote>\n<h3>VACCINI E MEDICINA TERRITORIALE, PRIORITA\u2019 DI DRAGHI SONO NOSTRO OBIETTIVO CONDIVISO<\/h3>\n<\/blockquote>\n<p><strong><a href=\"https:\/\/www.radiopiu.net\/wordpress\/giornale-radiopiu-11-gennaio-2019-direttore-mirko-mezzacasa\/logo_forza_italia-svg\/\" rel=\"attachment wp-att-71880\"><img loading=\"lazy\" decoding=\"async\" class=\" wp-image-71880 alignleft\" src=\"https:\/\/www.radiopiu.net\/wordpress\/wp-content\/uploads\/2019\/01\/Logo_Forza_Italia.svg_-300x249.png\" alt=\"\" width=\"146\" height=\"121\" srcset=\"https:\/\/www.radiopiu.net\/wordpress\/wp-content\/uploads\/2019\/01\/Logo_Forza_Italia.svg_-300x249.png 300w, https:\/\/www.radiopiu.net\/wordpress\/wp-content\/uploads\/2019\/01\/Logo_Forza_Italia.svg_-768x637.png 768w, https:\/\/www.radiopiu.net\/wordpress\/wp-content\/uploads\/2019\/01\/Logo_Forza_Italia.svg_-1024x850.png 1024w, https:\/\/www.radiopiu.net\/wordpress\/wp-content\/uploads\/2019\/01\/Logo_Forza_Italia.svg_.png 1200w\" sizes=\"auto, (max-width: 146px) 100vw, 146px\" \/><\/a>VENEZIA<\/strong><em> \u201cCombattere con ogni mezzo la pandemia e salvaguardare le vite dei nostri concittadini velocizzando campagna vaccini. Un barlume di speranza nelle parole che abbiamo ascoltato del premier Draghi di ieri\u201d<\/em>. E\u2019 quanto si legge nella nota congiunta dei deputati di Forza Italia dall\u2019aula di Montecitorio. <em>\u201cMobilitare tutte le energie possibili per velocizzare la campagna vaccinale ricorrendo alla collaborazione di protezione civile, forze armate, volontari, e non limitarci a luoghi specifici ma procedendo spediti ovunque sia possibile, nelle strutture pubbliche quanto nelle private. Tra le priorit\u00e0 espresse dal premier, guardando in senso pi\u00f9 ampio alla sanit\u00e0, c\u2019\u00e8 quella di rafforzare la medicina di prossimit\u00e0, la sanit\u00e0 territoriale. Un percorso che stiamo sensibilizzando da tempo. La stessa pandemia ci ha mostrato essere vincente, per questo va tracciato e perseguito per tutte le patologie\u201d<\/em><\/p>\n","protected":false},"excerpt":{"rendered":"<p>&nbsp; DE MENECH: &#8220;STAGIONE FINITA, SERVONO 600 MILIONI DI EURO DI RISARCIMENTI&#8221; BELLUNO\u00a0 La stagione turistica invernale \u00e8 definitivamente compromessa. Ora servono risarcimenti nell\u2019ordine dei 500-600 milioni di euro. \u00c8 quanto emerge dall\u2019incontro pubblico organizzato ieri sera dalla federazione del Partito democratico di Belluno. Il settore, ha ricordato la segretaria provinciale del PD, Monica Lotto,&hellip;<\/p>\n","protected":false},"author":4,"featured_media":0,"comment_status":"closed","ping_status":"closed","sticky":false,"template":"","format":"standard","meta":{"_monsterinsights_skip_tracking":false,"_monsterinsights_sitenote_active":false,"_monsterinsights_sitenote_note":"","_monsterinsights_sitenote_category":0,"footnotes":""},"categories":[1],"tags":[],"class_list":["post-192236","post","type-post","status-publish","format-standard","hentry","category-senza-categoria","category-1","description-off"],"img_url":false,"_links":{"self":[{"href":"https:\/\/www.radiopiu.net\/wordpress\/wp-json\/wp\/v2\/posts\/192236","targetHints":{"allow":["GET"]}}],"collection":[{"href":"https:\/\/www.radiopiu.net\/wordpress\/wp-json\/wp\/v2\/posts"}],"about":[{"href":"https:\/\/www.radiopiu.net\/wordpress\/wp-json\/wp\/v2\/types\/post"}],"author":[{"embeddable":true,"href":"https:\/\/www.radiopiu.net\/wordpress\/wp-json\/wp\/v2\/users\/4"}],"replies":[{"embeddable":true,"href":"https:\/\/www.radiopiu.net\/wordpress\/wp-json\/wp\/v2\/comments?post=192236"}],"version-history":[{"count":0,"href":"https:\/\/www.radiopiu.net\/wordpress\/wp-json\/wp\/v2\/posts\/192236\/revisions"}],"wp:attachment":[{"href":"https:\/\/www.radiopiu.net\/wordpress\/wp-json\/wp\/v2\/media?parent=192236"}],"wp:term":[{"taxonomy":"category","embeddable":true,"href":"https:\/\/www.radiopiu.net\/wordpress\/wp-json\/wp\/v2\/categories?post=192236"},{"taxonomy":"post_tag","embeddable":true,"href":"https:\/\/www.radiopiu.net\/wordpress\/wp-json\/wp\/v2\/tags?post=192236"}],"curies":[{"name":"wp","href":"https:\/\/api.w.org\/{rel}","templated":true}]}}