{"id":192338,"date":"2021-02-20T05:50:51","date_gmt":"2021-02-20T04:50:51","guid":{"rendered":"https:\/\/www.radiopiu.net\/wordpress\/?p=192338"},"modified":"2021-02-20T08:28:52","modified_gmt":"2021-02-20T07:28:52","slug":"giornale-radiopiu-20-febbraio-2021-direttore-mirko-mezzacasa","status":"publish","type":"post","link":"https:\/\/www.radiopiu.net\/wordpress\/giornale-radiopiu-20-febbraio-2021-direttore-mirko-mezzacasa\/","title":{"rendered":"GIORNALE RADIOPIU 20 FEBBRAIO 2021 DIRETTORE MIRKO MEZZACASA"},"content":{"rendered":"<h3><a href=\"https:\/\/www.radiopiu.net\/wordpress\/giornale-radiopiu-24-gennaio-2021-direttore-mirko-mezzacasa\/141433770_171616291414874_2957460898102012198_n\/\" rel=\"attachment wp-att-186566\"><img loading=\"lazy\" decoding=\"async\" class=\"wp-image-186566 alignleft\" src=\"https:\/\/www.radiopiu.net\/wordpress\/wp-content\/uploads\/2021\/01\/141433770_171616291414874_2957460898102012198_n-300x300.jpg\" alt=\"\" width=\"144\" height=\"144\" srcset=\"https:\/\/www.radiopiu.net\/wordpress\/wp-content\/uploads\/2021\/01\/141433770_171616291414874_2957460898102012198_n-300x300.jpg 300w, https:\/\/www.radiopiu.net\/wordpress\/wp-content\/uploads\/2021\/01\/141433770_171616291414874_2957460898102012198_n-150x150.jpg 150w, https:\/\/www.radiopiu.net\/wordpress\/wp-content\/uploads\/2021\/01\/141433770_171616291414874_2957460898102012198_n-768x768.jpg 768w, https:\/\/www.radiopiu.net\/wordpress\/wp-content\/uploads\/2021\/01\/141433770_171616291414874_2957460898102012198_n.jpg 800w\" sizes=\"auto, (max-width: 144px) 100vw, 144px\" \/><\/a>PER<strong> RICEVERE QUESTO NOTIZIARIO DIRETTAMENTE SUL TUO CELLULARE ISCRIVITI AL CANALE TELEGRAM <\/strong><strong>\u201cRADIO PIU\u00a0 INFORMAZIONE&#8221;\u00a0<\/strong><\/h3>\n<h3>SUPERATI I 3000 ISCRITTI, il CANALE TELEGRAM&#8230; UNISCITI A: RADIO PIU INFORMAZIONE<\/h3>\n<p>&nbsp;<\/p>\n<p>&nbsp;<\/p>\n<p><em><a href=\"https:\/\/www.radiopiu.net\/wordpress\/giornale-radiopiu-24-gennaio-2021-direttore-mirko-mezzacasa\/79216601_126817312416448_708980208774483089_n\/\" rel=\"attachment wp-att-186567\"><img loading=\"lazy\" decoding=\"async\" class=\"size-medium wp-image-186567 alignright\" src=\"https:\/\/www.radiopiu.net\/wordpress\/wp-content\/uploads\/2021\/01\/79216601_126817312416448_708980208774483089_n-300x114.jpg\" alt=\"\" width=\"300\" height=\"114\" srcset=\"https:\/\/www.radiopiu.net\/wordpress\/wp-content\/uploads\/2021\/01\/79216601_126817312416448_708980208774483089_n-300x114.jpg 300w, https:\/\/www.radiopiu.net\/wordpress\/wp-content\/uploads\/2021\/01\/79216601_126817312416448_708980208774483089_n-768x292.jpg 768w, https:\/\/www.radiopiu.net\/wordpress\/wp-content\/uploads\/2021\/01\/79216601_126817312416448_708980208774483089_n.jpg 820w\" sizes=\"auto, (max-width: 300px) 100vw, 300px\" \/><\/a><span style=\"color: #ff0000;\">ATTENZIONE: LA NUOVA APP PER IOS-IPHONE di Nicola Vettorello <\/span><\/em><a href=\"https:\/\/apps.apple.com\/it\/app\/radio-pi%C3%B9-emittente-agordina\/id1515939845\">https:\/\/apps.apple.com\/it\/app\/radio-pi%C3%B9-emittente-agordina\/id1515939845<\/a><\/p>\n<p><em style=\"color: #ff0000;\">ATTENZIONE: LA NUOVA APP RADIO\u00a0 PER ANDROID di Nicola Vettorello<\/em><\/p>\n<p><a href=\"https:\/\/play.google.com\/store\/apps\/details?id=net.radiopiu.iniko\" target=\"_blank\" rel=\"noopener noreferrer\">https:\/\/play.google.com\/store\/apps\/details?id=net.radiopiu.iniko\u00a0\u00a0<\/a><\/p>\n<p>&nbsp;<\/p>\n<h3>UN LABRADOR&#8230;. FORTUNATO<\/h3>\n<p><strong>CORTINA<\/strong> Un labrador\u00a0 \u00e8 stato notato e salvato da una pattuglia della Polizia Stradale in servizio di vigilanza. Il cane vagava solo e infreddolito lungo la regionale 48 verso il centro urbano di Cortina, mettendo in pericolo la propria incolumit\u00e0 e quella degli utenti della strada. La pattuglia, impegnata per vigilare sulla viabilit\u00e0 in occasione dei Mondiali di sci di Cortina, data l&#8217;impossibilit\u00e0 del veterinario di arrivare sul posto, riusciva a far salire sull&#8217;auto l&#8217;esemplare comunque in buono stato di salute, che veniva quindi condotto presso il pi\u00f9 vicino ambulatorio veterinario. Grazie al microchip si riusciva a rintracciare il proprietario in poco tempo.<\/p>\n<p><img decoding=\"async\" src=\"https:\/\/www.radiopiu.net\/wordpress\/wp-content\/uploads\/2021\/02\/Allegato-Comunicato-Stampa-del-19.02.2021.jpg\" \/><\/p>\n<p>&nbsp;<\/p>\n<hr \/>\n<p>&nbsp;<\/p>\n<h3><strong>SR 204 Belluno-Mas, fino al 26 febbraio, esclusi sabato e domenica, istituzione di senso unico alternato regolato da impianto semaforico o movieri in localit\u00e0 Antole per messa in sicurezza del ponte<\/strong><\/h3>\n<h3>SP 347 DEL PASSO CEREDA E DURAN, dal 22 al 26 febbraio senso unico alternato regolato da semaforo a Voltago per indagini geognostiche<\/h3>\n<p>&nbsp;<\/p>\n<blockquote>\n<h3>GALLERIA COMELICO: DA LUNEDI CHIUSA NELLA NOTTE<\/h3>\n<\/blockquote>\n<p><strong><a href=\"https:\/\/www.radiopiu.net\/wordpress\/galleria-comelico-da-lunedi-chiusa-dalle-21-15-a-domani-mattina\/galleria-comelico\/\" rel=\"attachment wp-att-192243\"><img loading=\"lazy\" decoding=\"async\" class=\" wp-image-192243 alignleft\" src=\"https:\/\/www.radiopiu.net\/wordpress\/wp-content\/uploads\/2021\/02\/galleria-comelico-253x300.jpg\" alt=\"\" width=\"124\" height=\"147\" srcset=\"https:\/\/www.radiopiu.net\/wordpress\/wp-content\/uploads\/2021\/02\/galleria-comelico-253x300.jpg 253w, https:\/\/www.radiopiu.net\/wordpress\/wp-content\/uploads\/2021\/02\/galleria-comelico.jpg 500w\" sizes=\"auto, (max-width: 124px) 100vw, 124px\" \/><\/a>COMELICO<\/strong>\u00a0 Per consentire l\u2019esecuzione di indagini geognostiche e geofisiche in galleria Comelico, sono previste limitazioni temporanee lungo la strada statale 52 \u201cCarnica\u201d.<strong> Da luned\u00ec 22 e fino a sabato 27 febbraio,<\/strong> nella fascia oraria dalle 21:15 alle\u00a0 05:45, giorni festivi esclusi, sar\u00e0 chiusa al traffico la galleria Comelico, dal km 81 al km 85. Il traffico veicolare sar\u00e0 deviato sulla SP 532 Passo S. Antonio; i mezzi pesanti trainanti un rimorchio saranno invece deviati sulla SR 48 delle Dolomiti e sulla SP 49 Misurina.<\/p>\n<p>&nbsp;<\/p>\n<p>&nbsp;<\/p>\n<p>&nbsp;<\/p>\n<hr \/>\n<p>&nbsp;<\/p>\n<p><strong><a href=\"https:\/\/www.radiopiu.net\/wordpress\/giornale-radiopiu-09-agosto-2018-direttore-mirko-mezzacasa\/acqua\/\" rel=\"attachment wp-att-57052\"><img loading=\"lazy\" decoding=\"async\" class=\" wp-image-57052 alignleft\" src=\"https:\/\/www.radiopiu.net\/wordpress\/wp-content\/uploads\/2018\/08\/ACQUA-300x180.jpeg\" alt=\"\" width=\"131\" height=\"79\" srcset=\"https:\/\/www.radiopiu.net\/wordpress\/wp-content\/uploads\/2018\/08\/ACQUA-300x180.jpeg 300w, https:\/\/www.radiopiu.net\/wordpress\/wp-content\/uploads\/2018\/08\/ACQUA-768x461.jpeg 768w, https:\/\/www.radiopiu.net\/wordpress\/wp-content\/uploads\/2018\/08\/ACQUA-1024x614.jpeg 1024w, https:\/\/www.radiopiu.net\/wordpress\/wp-content\/uploads\/2018\/08\/ACQUA.jpeg 1280w\" sizes=\"auto, (max-width: 131px) 100vw, 131px\" \/><\/a>Gestione Servizi Pubblici informa che a CANALE D&#8217;AGORDO IN LOC. CARFON l&#8217;acqua erogata dall&#8217;acquedotto non \u00e8 potabile e pu\u00f2 essere usata per scopi alimentari SOLO PREVIA bollitura. GSP ha, comunque, gi\u00e0 adottato le necessarie misure per la disinfezione dell&#8217;acqua presente nei serbatoi e nella rete idrica con l&#8217;aggiunta di cloro.<\/strong><\/p>\n<p>&nbsp;<\/p>\n<hr \/>\n<p>&nbsp;<\/p>\n<h2><span style=\"color: #0073aa;\"><i>IL NORDEST RIMANE IN GIALLO, NEL RESTO D&#8217;ITALIA LA TERZA ONDATA<\/i><\/span><\/h2>\n<div>\n<div class=\"im_message_text\" dir=\"auto\"><strong>VENEZIA<\/strong> Ieri15,479 nuovi casi e 353 morti<strong>.<\/strong> Sono stati eseguiti 297.128 tamponi. Indice di positivit\u00e0 al 5.2%. Terapie intensive in aumento di 14 unit\u00e0, ricoveri ordinari in calo di 118 unit\u00e0. Risalgono i contagi in Italia ma anche in Veneto anche ieri quasi 1000. Emilia Romagna di nuovo in arancione, Bolzano in rosso e Veneto che per ora rimane ancora in giallo. Sul tema vaccini e i Nas a Venezia Zaia avverte: &#8220;<em>siamo stati noi a chiedere chiarimenti ai Nas, ancora lo scorso 12 febbraio&#8221;. <\/em>Di certo al dottor Luciano Flor non \u00e8 mancato il tempo per spiegare le ragioni venete, i Nas infatti lo hanno sentito per quattro ore. Il mediatore finito nei guai a Perugia con i veneti non ha avuto alcun contatto, si sarebbe trattato di un equivoco. Questi i numeri del Veneto promosso: tassi di occupazione delle aree mediche (15%, sotto la soglia del 40%, ndr) e dei reparti di Terapia intensiva (10%, sotto la soglia del 30%), ieri si sono contati 941 nuovi casi e 21 decessi, 1.218 (-50) ricoveri in area medica e 132 (-5) nei reparti di Terapia intensiva, 21.470 gli attualmente positivi<\/div>\n<div dir=\"auto\"><\/div>\n<\/div>\n<p><strong>BELLUNO<\/strong> Nelle ultime 24 ore \u00e8 deceduto un uomo covid positivo di anni 89 ricoverato in Geriatria Covid a Belluno<\/p>\n<p>&nbsp;<\/p>\n<hr \/>\n<blockquote>\n<h3><\/h3>\n<h3>PERDE IL CONTROLLO DELLA BICI ELETTRICA E MUORE CADENDO DAL PONTE<\/h3>\n<p><a href=\"https:\/\/www.radiopiu.net\/wordpress\/perde-il-controllo-della-bici-elettrica-e-muore-cadendo-dal-ponte\/b5450b84-5280-4570-9342-b557b844f9bd\/\" rel=\"attachment wp-att-192542\"><img loading=\"lazy\" decoding=\"async\" class=\" wp-image-192542 alignleft\" src=\"https:\/\/www.radiopiu.net\/wordpress\/wp-content\/uploads\/2021\/02\/b5450b84-5280-4570-9342-b557b844f9bd-300x225.jpg\" alt=\"\" width=\"200\" height=\"150\" srcset=\"https:\/\/www.radiopiu.net\/wordpress\/wp-content\/uploads\/2021\/02\/b5450b84-5280-4570-9342-b557b844f9bd-300x225.jpg 300w, https:\/\/www.radiopiu.net\/wordpress\/wp-content\/uploads\/2021\/02\/b5450b84-5280-4570-9342-b557b844f9bd.jpg 320w\" sizes=\"auto, (max-width: 200px) 100vw, 200px\" \/><\/a><strong>FELTRE<\/strong> Quando\u00a0 ieri\u00a0 sera alle 18 i Carabinieri sono giunti sul posto lungo la strada che da Arson porta a Salgarda, purtroppo per\u00a0 Denis\u00a0 Bona, 39 anni di Feltre non c&#8217;era pi\u00f9 nulla da fare. L&#8217;uomo \u00e8 morto in seguito alle ferite riportate nell&#8217;incidente con la bici elettrica. Una brutta caduta nella zona di Villabruna dal ponte sul torrente Caorame, dopo un salto nel vuoto di circa sette metri. Ad accertare la morte dell&#8217;uomo il personale sanitario. I Carabinieri sono stati chiamati da un privato cittadino che ha notato il corpo dell&#8217;uomo <a href=\"https:\/\/www.radiopiu.net\/wordpress\/giornale-radiopiu-20-febbraio-2021-direttore-mirko-mezzacasa\/0de48809-370d-4e24-91b6-a14dc3a0610d\/\" rel=\"attachment wp-att-192593\"><img loading=\"lazy\" decoding=\"async\" class=\" wp-image-192593 alignright\" src=\"https:\/\/www.radiopiu.net\/wordpress\/wp-content\/uploads\/2021\/02\/0de48809-370d-4e24-91b6-a14dc3a0610d-300x169.jpg\" alt=\"\" width=\"229\" height=\"129\" srcset=\"https:\/\/www.radiopiu.net\/wordpress\/wp-content\/uploads\/2021\/02\/0de48809-370d-4e24-91b6-a14dc3a0610d-300x169.jpg 300w, https:\/\/www.radiopiu.net\/wordpress\/wp-content\/uploads\/2021\/02\/0de48809-370d-4e24-91b6-a14dc3a0610d-1024x576.jpg 1024w, https:\/\/www.radiopiu.net\/wordpress\/wp-content\/uploads\/2021\/02\/0de48809-370d-4e24-91b6-a14dc3a0610d-768x432.jpg 768w, https:\/\/www.radiopiu.net\/wordpress\/wp-content\/uploads\/2021\/02\/0de48809-370d-4e24-91b6-a14dc3a0610d-1536x864.jpg 1536w, https:\/\/www.radiopiu.net\/wordpress\/wp-content\/uploads\/2021\/02\/0de48809-370d-4e24-91b6-a14dc3a0610d.jpg 2000w\" sizes=\"auto, (max-width: 229px) 100vw, 229px\" \/><\/a>mentre si dirigeva verso via Dardagnin. I familiari avevano gi\u00e0 notato l&#8217;assenza di Bona ed era in corso un giro di telefonate per capire se qualcuno lo avesse visto in paese.\u00a0 Denis Bona,\u00a0 viveva a Villabruna in via Salgarda Vecchia. Dopo aver conseguito la laurea in ingegneria gestionale, ha lavorato all&#8217;estero e in diverse aziende del territorio concentrandosi sulle transazioni finanziarie,\u00a0 lascia la mamma, la sorella Valentina ed il pap\u00e0 Stefano, segretario della Fiom provinciale. La mountain bike \u00e8 stata sequestrata dai Carabinieri, sar\u00e0 sottoposta a verifica per individuare un eventuale mal funzionamento, sotto osservazione anche il parapetto del ponte in condizioni pessime. (foto Corriere delle Alpi)<\/p>\n<div class=\"im_history_message_wrap im_grouped_short\">\n<div class=\"im_message_outer_wrap hasselect\" data-msg-id=\"17539\">\n<div class=\"im_message_wrap clearfix\">\n<div class=\"im_content_message_wrap im_message_in\">\n<div class=\"im_message_meta pull-right text-right noselect\"><\/div>\n<div><\/div>\n<\/div>\n<\/div>\n<\/div>\n<\/div>\n<p>&nbsp;<\/p><\/blockquote>\n<hr \/>\n<h3><\/h3>\n<p>&nbsp;<\/p>\n<h3>ULTERIORE DEPRECABILE FURTO A SCUOLA<\/h3>\n<p><strong>BELLUNO<\/strong>\u00a0 Non \u00e8 la prima volta, perch\u00e9 gi\u00e0 in passato le scuole della provincia sono state prese di mira. L&#8217;ultimo episodio risale alla scorsa notte. Dopo aver scardinato la porta principale i ladri si sono introdotti nei locali della scuola Primaria &#8220;E.Rudio&#8221; a Fiammoi. Stamane la conta dei danni: un tablet, 3 pc Noteook per un valore di 1700 euro, rubato inoltre l&#8217;incasso del distributore delle bevande che non \u00e8 ancora stato quantificato. Per le indagini sono intervenuti i Carabinieri.<\/p>\n<blockquote><p>&nbsp;<\/p><\/blockquote>\n<hr \/>\n<p>&nbsp;<\/p>\n<blockquote>\n<h3>S&#8217;ALZA LA TEMPERATURA, CADONO SASSI E CANDELOTTI DI GHIACCIO<\/h3>\n<\/blockquote>\n<p>\u200b<strong>LONGARONE<\/strong> Sempre alta l&#8217;attenzione lungo la regionale 203 agordina al Peron di Sedico dove da giorni ghiaccio e sassi finiscono in strada sfiorando le auto in transito, fino ad oggi \u00e8 andata bene. Sul posto in questi giorni vigili del fuoco, Carabinieri, Polizia, Veneto Strade anche per obbligare al senso unico alternato durante la pulizia della sede stradale. Il peggio ieri in Val di Zoldo dove da una parete di roccia si \u00e8 staccato il sasso che ha centrato l&#8217;auto\u00a0 tra Dont e Forno di Zoldo. Colpita la parte anteriore della vettura, fortunatamente Fabrizio Ruffini, giornalista del Corriere delle Alpi ne \u00e8 uscito indenne.<\/p>\n<blockquote><p>&nbsp;<\/p><\/blockquote>\n<hr \/>\n<blockquote>\n<h3><\/h3>\n<h3>COVID E SCUOLA: SOTTO SORVEGLIANZA SEI CLASSI IN MENO IN SETTE GIORNI<\/h3>\n<\/blockquote>\n<p><strong><img loading=\"lazy\" decoding=\"async\" class=\"alignleft\" src=\"https:\/\/www.radiopiu.net\/wordpress\/wp-content\/uploads\/2021\/02\/writing-1149962_960_720.jpg\" width=\"111\" height=\"74\" \/>BELLUNO\u00a0<\/strong> Il Team scuole del Dipartimento di Prevenzione\u00a0 ha presentato i numeri della situazione\u00a0 contagi nelle scuole della provincia. Attualmente le classi in carico al Dipartimento sono 7 (-6 rispetto alla scorsa settimana) cos\u00ec distribuite: &#8211; 2 primaria &#8211; 2 scuole medie &#8211; 2 scuole superiori &#8211; 1 corso di formazione pomeridiano con alunni di diverse classi.\u00a0 Tutte le classi sono in \u201csorveglianza scolastica\u201d come previsto dal nuovo protocollo scuola.\u00a0\u00a0Dal 14 settembre 2020 ad oggi sono state prese in carico 604 classi.<\/p>\n<p><strong>LINEE DI INDIRIZZO GESTIONE CONTATTI-CASI COVID19<\/strong><\/p>\n<a href=\"https:\/\/www.radiopiu.net\/wordpress\/wp-content\/uploads\/2021\/02\/Linee-di-indirizzo-gestione-contatti-di-casi-COVID-19-a-scuola-Rev.-03-del-7-2-2021.pdf\" class=\"pdfemb-viewer\" style=\"\" data-width=\"max\" data-height=\"max\" data-toolbar=\"top\" data-toolbar-fixed=\"on\">Linee-di-indirizzo-gestione-contatti-di-casi-COVID-19-a-scuola-Rev.-03-del-7-2-2021<\/a>\n<p>&nbsp;<\/p>\n<p>&nbsp;<\/p>\n<hr \/>\n<blockquote>\n<h3><\/h3>\n<h3>DATI UFFICIALI DEL TURISMO VENETO NEL 2020: ARRIVI &#8211; 61,1%, PRESENZE &#8211; 54,4%<\/h3>\n<\/blockquote>\n<p><strong><a href=\"https:\/\/www.radiopiu.net\/wordpress\/giornale-radiopiu-05-giugno-2020-direttore-mirko-mezzacasa\/caner-9\/\" rel=\"attachment wp-att-142390\"><img loading=\"lazy\" decoding=\"async\" class=\" wp-image-142390 alignleft\" src=\"https:\/\/www.radiopiu.net\/wordpress\/wp-content\/uploads\/2020\/06\/CANER-225x300.jpg\" alt=\"\" width=\"130\" height=\"174\" srcset=\"https:\/\/www.radiopiu.net\/wordpress\/wp-content\/uploads\/2020\/06\/CANER-225x300.jpg 225w, https:\/\/www.radiopiu.net\/wordpress\/wp-content\/uploads\/2020\/06\/CANER-768x1024.jpg 768w, https:\/\/www.radiopiu.net\/wordpress\/wp-content\/uploads\/2020\/06\/CANER-1152x1536.jpg 1152w, https:\/\/www.radiopiu.net\/wordpress\/wp-content\/uploads\/2020\/06\/CANER-1536x2048.jpg 1536w, https:\/\/www.radiopiu.net\/wordpress\/wp-content\/uploads\/2020\/06\/CANER-scaled.jpg 1920w\" sizes=\"auto, (max-width: 130px) 100vw, 130px\" \/><\/a>VENEZIA <\/strong>\u201c<em>Il Covid ci sta stremando ma sta anche rafforzando. Se il 2020 rimarr\u00e0 nella nostra storia come l\u2019annus horribilis, il 2021 e gli anni a venire non potranno che essere quelli della rinascita&#8221;<\/em>. L\u2019assessore regionale Federico Caner valuta\u00a0 i dati del movimento turistico dello scorso anno:\u00a0 il 2020 si \u00e8 chiuso con un &#8211; 61,1% degli arrivi e un &#8211; 54,4% delle presenze,\u00a0 i turisti stranieri nel 2019 rappresentavano il 65,3% dei visitatori, e le presenze nel 2020 si contraggono del 68,3%, mentre quelle nazionali calano del 25,3%, nonostante i segni positivi di agosto (+8,6%) e di settembre (+0,5%). A luglio inizia la ripresa, con numeri che comunque rappresentano la met\u00e0 di quelli registrati nello stesso mese del 2019, ad agosto le presenze segnano un -28%, a settembre -31,9%, ad ottobre -58,7%, a novembre -73,3%, a dicembre -74,5%.<\/p>\n<p><strong>LA SLIDE CON TUTTI I DATI SUL TURISMO (7 pagine)<\/strong><\/p>\n<a href=\"https:\/\/www.radiopiu.net\/wordpress\/wp-content\/uploads\/2021\/02\/0273-2021-Turismo-Veneto-2020_slide-da-1-a-7.pdf\" class=\"pdfemb-viewer\" style=\"\" data-width=\"max\" data-height=\"max\" data-toolbar=\"top\" data-toolbar-fixed=\"on\">0273-2021 \u2013 Turismo Veneto 2020_slide da 1 a 7<\/a>\n<p>&nbsp;<\/p>\n<p>&nbsp;<\/p>\n<hr \/>\n<p>&nbsp;<\/p>\n<blockquote>\n<h3>MASSARO: INTERVENTI REGIONALI SULLA SANIT\u00c0, ZERO EURO PER L&#8217;ULSS 1<\/h3>\n<\/blockquote>\n<p><strong><a href=\"https:\/\/www.radiopiu.net\/wordpress\/lintervento-del-sindaco-di-belluno-jacopo-massaro-dopo-il-nuovo-dpcm\/jacopo-massaro-5\/\" rel=\"attachment wp-att-121070\"><img loading=\"lazy\" decoding=\"async\" class=\"size-medium wp-image-121070 alignleft\" src=\"https:\/\/www.radiopiu.net\/wordpress\/wp-content\/uploads\/2020\/03\/JACOPO-MASSARO-300x208.jpg\" alt=\"\" width=\"300\" height=\"208\" srcset=\"https:\/\/www.radiopiu.net\/wordpress\/wp-content\/uploads\/2020\/03\/JACOPO-MASSARO-300x208.jpg 300w, https:\/\/www.radiopiu.net\/wordpress\/wp-content\/uploads\/2020\/03\/JACOPO-MASSARO-1024x709.jpg 1024w, https:\/\/www.radiopiu.net\/wordpress\/wp-content\/uploads\/2020\/03\/JACOPO-MASSARO-768x531.jpg 768w, https:\/\/www.radiopiu.net\/wordpress\/wp-content\/uploads\/2020\/03\/JACOPO-MASSARO.jpg 1289w\" sizes=\"auto, (max-width: 300px) 100vw, 300px\" \/><\/a>BELLUNO <\/strong>52 milioni di euro per l\u2019acquisto di dotazioni tecnologiche, servizi e ristrutturazioni delle aziende sanitarie e ospedaliere della Regione Veneto: questa la cifra messa sul piatto dall&#8217;amministrazione regionale per un piano di interventi su quasi tutto il territorio regionale, ad esclusione dell&#8217;Ulss 6 Euganea (anche se sono previsti oltre 3,5 milioni di euro per l&#8217;Azienda Ospedaliera Universitaria di Padova) e della Ulss 1 Dolomiti. La Giunta Regionale del Veneto ha infatti approvato nei giorni scorsi la delibera che d\u00e0 il via all&#8217;operazione, delibera che prende atto dei pareri favorevoli alla congruit\u00e0 delle spese espressi dalla CRITE &#8211; Commissione regionale per gli investimenti tecnologici e in edilizia sociosanitaria, valutando ed approvando una serie di progetti presentati dalle aziende Ulss e ospedaliere.<\/p>\n<p><strong>IL SINDACO DI BELLUNO JACOPO MASSARO<\/strong><\/p>\n<audio class=\"wp-audio-shortcode\" id=\"audio-192338-1\" preload=\"none\" style=\"width: 100%;\" controls=\"controls\"><source type=\"audio\/mpeg\" src=\"https:\/\/www.radiopiu.net\/wordpress\/wp-content\/uploads\/2021\/02\/Massaro-Zero-euro-interventi-sanita.mp3?_=1\" \/><a href=\"https:\/\/www.radiopiu.net\/wordpress\/wp-content\/uploads\/2021\/02\/Massaro-Zero-euro-interventi-sanita.mp3\">https:\/\/www.radiopiu.net\/wordpress\/wp-content\/uploads\/2021\/02\/Massaro-Zero-euro-interventi-sanita.mp3<\/a><\/audio>\n<p>&nbsp;<\/p>\n<hr \/>\n<p>&nbsp;<\/p>\n<blockquote>\n<h3>IL RIPARTO DEL FONDO SANITARIO NAZIONALE<\/h3>\n<\/blockquote>\n<p><strong><img loading=\"lazy\" decoding=\"async\" class=\"alignleft\" src=\"https:\/\/www.radiopiu.net\/wordpress\/wp-content\/uploads\/2020\/12\/SILVIA-CESTARO-RADIO-PIU-300x300.jpg\" width=\"138\" height=\"138\" \/>TAIBON<\/strong> Silvia Cestaro, consigliere regionale interviene quest&#8217;oggi sul tema della sanit\u00e0 anche alla luce delle osservazione degli ultimi giorni del Comitato Sanit\u00e0 Agordino, ma anche di altri rappresentanti delle amministrazioni locali. Investimenti, interventi e soprattutto equilibri di bilancio.<\/p>\n<p>&nbsp;<\/p>\n<audio class=\"wp-audio-shortcode\" id=\"audio-192338-2\" preload=\"none\" style=\"width: 100%;\" controls=\"controls\"><source type=\"audio\/mpeg\" src=\"https:\/\/www.radiopiu.net\/wordpress\/wp-content\/uploads\/2021\/02\/silvia-cestaro.mp3?_=2\" \/><a href=\"https:\/\/www.radiopiu.net\/wordpress\/wp-content\/uploads\/2021\/02\/silvia-cestaro.mp3\">https:\/\/www.radiopiu.net\/wordpress\/wp-content\/uploads\/2021\/02\/silvia-cestaro.mp3<\/a><\/audio>\n<p>&nbsp;<\/p>\n<p>&nbsp;<\/p>\n<hr \/>\n<p>&nbsp;<\/p>\n<blockquote>\n<h3>LAVORI ALL&#8217;ISTITUTO CATULLO E AL LICEO GALILEI PER OLTRE 1,2 MILIONI DI EURO<\/h3>\n<\/blockquote>\n<p><strong>BELLUNO <\/strong>La Provincia di Belluno ha inaugurato i nuovi moduli installati al liceo Galilei, struttura prefabbricata con sei aule da 56 metri quadrati per 23 studenti ciascuna, a cui si aggiungono tre blocchi bagni (maschi, femminile, persone disabili) e uno spazio portineria. Le nuove aule hanno tutte un sistema di riscaldamento con pompe di calore e il cablaggio internet. \u00a0 L\u2019inaugurazione dei nuovi moduli \u00e8 stata l\u2019occasione anche per una visita all&#8217;istituto Catullo dove \u00e8 stato rifatto il \u00a0tetto della palestra\u00a0 e l\u2019adeguamento sismico<\/p>\n<p><strong>di Moreno Gioli<\/strong><\/p>\n<audio class=\"wp-audio-shortcode\" id=\"audio-192338-3\" preload=\"none\" style=\"width: 100%;\" controls=\"controls\"><source type=\"audio\/mpeg\" src=\"https:\/\/www.radiopiu.net\/wordpress\/wp-content\/uploads\/2021\/02\/MORENO-4.mp3?_=3\" \/><a href=\"https:\/\/www.radiopiu.net\/wordpress\/wp-content\/uploads\/2021\/02\/MORENO-4.mp3\">https:\/\/www.radiopiu.net\/wordpress\/wp-content\/uploads\/2021\/02\/MORENO-4.mp3<\/a><\/audio>\n<p><strong>L&#8217;INTERVISTA AL PRESIDE DEL GALILEI-TIZIANO Andrea Pozzobon<\/strong><\/p>\n<audio class=\"wp-audio-shortcode\" id=\"audio-192338-4\" preload=\"none\" style=\"width: 100%;\" controls=\"controls\"><source type=\"audio\/mpeg\" src=\"https:\/\/www.radiopiu.net\/wordpress\/wp-content\/uploads\/2021\/02\/preside-galilei.mp3?_=4\" \/><a href=\"https:\/\/www.radiopiu.net\/wordpress\/wp-content\/uploads\/2021\/02\/preside-galilei.mp3\">https:\/\/www.radiopiu.net\/wordpress\/wp-content\/uploads\/2021\/02\/preside-galilei.mp3<\/a><\/audio>\n\n\t\t\t<style type='text\/css'>\n\t\t\t\t#gallery-1 {\n\t\t\t\t\tmargin: auto;\n\t\t\t\t}\n\t\t\t\t#gallery-1 .gallery-item {\n\t\t\t\t\tfloat: left;\n\t\t\t\t\tmargin-top: 10px;\n\t\t\t\t\ttext-align: center;\n\t\t\t\t\twidth: 25%;\n\t\t\t\t}\n\t\t\t\t#gallery-1 img {\n\t\t\t\t\tborder: 2px solid #cfcfcf;\n\t\t\t\t}\n\t\t\t\t#gallery-1 .gallery-caption {\n\t\t\t\t\tmargin-left: 0;\n\t\t\t\t}\n\t\t\t\t\/* see gallery_shortcode() in wp-includes\/media.php *\/\n\t\t\t<\/style>\n\t\t<div id='gallery-1' class='dt-gallery-container gallery galleryid-192338 gallery-columns-4 gallery-size-thumbnail'><dl class='gallery-item'>\n\t\t\t\t<dt class='gallery-icon landscape'>\n\t\t\t\t\t<a class=\"rollover rollover-zoom dt-pswp-item\" title=\"68d60444-ee35-4f8f-8291-05a2fd8c139f\" data-dt-img-description=\"\" data-large_image_width=\"1600\" data-large_image_height=\"737\"href='https:\/\/www.radiopiu.net\/wordpress\/wp-content\/uploads\/2021\/02\/68d60444-ee35-4f8f-8291-05a2fd8c139f.jpg'><img loading=\"lazy\" decoding=\"async\" width=\"150\" height=\"150\" src=\"https:\/\/www.radiopiu.net\/wordpress\/wp-content\/uploads\/2021\/02\/68d60444-ee35-4f8f-8291-05a2fd8c139f-150x150.jpg\" class=\"attachment-thumbnail size-thumbnail\" alt=\"\" \/><\/a>\n\t\t\t\t<\/dt><\/dl><dl class='gallery-item'>\n\t\t\t\t<dt class='gallery-icon landscape'>\n\t\t\t\t\t<a class=\"rollover rollover-zoom dt-pswp-item\" title=\"3a7612de-ed3f-4194-9176-59622a1699f6\" data-dt-img-description=\"\" data-large_image_width=\"1600\" data-large_image_height=\"737\"href='https:\/\/www.radiopiu.net\/wordpress\/wp-content\/uploads\/2021\/02\/3a7612de-ed3f-4194-9176-59622a1699f6.jpg'><img loading=\"lazy\" decoding=\"async\" width=\"150\" height=\"150\" src=\"https:\/\/www.radiopiu.net\/wordpress\/wp-content\/uploads\/2021\/02\/3a7612de-ed3f-4194-9176-59622a1699f6-150x150.jpg\" class=\"attachment-thumbnail size-thumbnail\" alt=\"\" \/><\/a>\n\t\t\t\t<\/dt><\/dl><dl class='gallery-item'>\n\t\t\t\t<dt class='gallery-icon landscape'>\n\t\t\t\t\t<a class=\"rollover rollover-zoom dt-pswp-item\" title=\"5f3361bf-b519-43ce-93d1-7d1febe2b50f\" data-dt-img-description=\"\" data-large_image_width=\"2048\" data-large_image_height=\"943\"href='https:\/\/www.radiopiu.net\/wordpress\/wp-content\/uploads\/2021\/02\/5f3361bf-b519-43ce-93d1-7d1febe2b50f.jpg'><img loading=\"lazy\" decoding=\"async\" width=\"150\" height=\"150\" src=\"https:\/\/www.radiopiu.net\/wordpress\/wp-content\/uploads\/2021\/02\/5f3361bf-b519-43ce-93d1-7d1febe2b50f-150x150.jpg\" class=\"attachment-thumbnail size-thumbnail\" alt=\"\" \/><\/a>\n\t\t\t\t<\/dt><\/dl><dl class='gallery-item'>\n\t\t\t\t<dt class='gallery-icon landscape'>\n\t\t\t\t\t<a class=\"rollover rollover-zoom dt-pswp-item\" title=\"031ea15e-465f-4e6c-8f61-825edae9e803\" data-dt-img-description=\"\" data-large_image_width=\"1600\" data-large_image_height=\"737\"href='https:\/\/www.radiopiu.net\/wordpress\/wp-content\/uploads\/2021\/02\/031ea15e-465f-4e6c-8f61-825edae9e803.jpg'><img loading=\"lazy\" decoding=\"async\" width=\"150\" height=\"150\" src=\"https:\/\/www.radiopiu.net\/wordpress\/wp-content\/uploads\/2021\/02\/031ea15e-465f-4e6c-8f61-825edae9e803-150x150.jpg\" class=\"attachment-thumbnail size-thumbnail\" alt=\"\" \/><\/a>\n\t\t\t\t<\/dt><\/dl><br style=\"clear: both\" \/><dl class='gallery-item'>\n\t\t\t\t<dt class='gallery-icon landscape'>\n\t\t\t\t\t<a class=\"rollover rollover-zoom dt-pswp-item\" title=\"e1f126df-dd04-456b-8eb6-ddcd86ca4f70\" data-dt-img-description=\"\" data-large_image_width=\"1600\" data-large_image_height=\"737\"href='https:\/\/www.radiopiu.net\/wordpress\/wp-content\/uploads\/2021\/02\/e1f126df-dd04-456b-8eb6-ddcd86ca4f70.jpg'><img loading=\"lazy\" decoding=\"async\" width=\"150\" height=\"150\" src=\"https:\/\/www.radiopiu.net\/wordpress\/wp-content\/uploads\/2021\/02\/e1f126df-dd04-456b-8eb6-ddcd86ca4f70-150x150.jpg\" class=\"attachment-thumbnail size-thumbnail\" alt=\"\" \/><\/a>\n\t\t\t\t<\/dt><\/dl><dl class='gallery-item'>\n\t\t\t\t<dt class='gallery-icon portrait'>\n\t\t\t\t\t<a class=\"rollover rollover-zoom dt-pswp-item\" title=\"6a46fb73-88a8-4d66-9832-6e9e844528a9\" data-dt-img-description=\"\" data-large_image_width=\"737\" data-large_image_height=\"1600\"href='https:\/\/www.radiopiu.net\/wordpress\/wp-content\/uploads\/2021\/02\/6a46fb73-88a8-4d66-9832-6e9e844528a9.jpg'><img loading=\"lazy\" decoding=\"async\" width=\"150\" height=\"150\" src=\"https:\/\/www.radiopiu.net\/wordpress\/wp-content\/uploads\/2021\/02\/6a46fb73-88a8-4d66-9832-6e9e844528a9-150x150.jpg\" class=\"attachment-thumbnail size-thumbnail\" alt=\"\" \/><\/a>\n\t\t\t\t<\/dt><\/dl><dl class='gallery-item'>\n\t\t\t\t<dt class='gallery-icon landscape'>\n\t\t\t\t\t<a class=\"rollover rollover-zoom dt-pswp-item\" title=\"29cd8cfb-2e08-4a4b-8a59-d408b61a5ca9\" data-dt-img-description=\"\" data-large_image_width=\"1600\" data-large_image_height=\"737\"href='https:\/\/www.radiopiu.net\/wordpress\/wp-content\/uploads\/2021\/02\/29cd8cfb-2e08-4a4b-8a59-d408b61a5ca9.jpg'><img loading=\"lazy\" decoding=\"async\" width=\"150\" height=\"150\" src=\"https:\/\/www.radiopiu.net\/wordpress\/wp-content\/uploads\/2021\/02\/29cd8cfb-2e08-4a4b-8a59-d408b61a5ca9-150x150.jpg\" class=\"attachment-thumbnail size-thumbnail\" alt=\"\" \/><\/a>\n\t\t\t\t<\/dt><\/dl><dl class='gallery-item'>\n\t\t\t\t<dt class='gallery-icon landscape'>\n\t\t\t\t\t<a class=\"rollover rollover-zoom dt-pswp-item\" title=\"93b3cee9-cfcc-4f5d-a1a2-bc4bcff2d1a4\" data-dt-img-description=\"\" data-large_image_width=\"1600\" data-large_image_height=\"737\"href='https:\/\/www.radiopiu.net\/wordpress\/wp-content\/uploads\/2021\/02\/93b3cee9-cfcc-4f5d-a1a2-bc4bcff2d1a4.jpg'><img loading=\"lazy\" decoding=\"async\" width=\"150\" height=\"150\" src=\"https:\/\/www.radiopiu.net\/wordpress\/wp-content\/uploads\/2021\/02\/93b3cee9-cfcc-4f5d-a1a2-bc4bcff2d1a4-150x150.jpg\" class=\"attachment-thumbnail size-thumbnail\" alt=\"\" \/><\/a>\n\t\t\t\t<\/dt><\/dl><br style=\"clear: both\" \/>\n\t\t\t<\/div>\n\n<p>&nbsp;<\/p>\n<hr \/>\n<p>&nbsp;<\/p>\n<blockquote>\n<h3>CUCCIOLO-MARISIGA, LA LEGA CHIEDE LA CONVOCAZIONE DELLA 2^ COMMISSIONE CONSIGLIARE<\/h3>\n<\/blockquote>\n<p><strong>BELLUNO<\/strong>\u00a0 La Lega provinciale insieme al gruppo consigliare di Belluno ha ritenuto urgente richiedere una convocazione della II commissione consiliare dedita all&#8217;urbanistica, ai trasporti ed alla viabilit\u00e0. <em>&#8220;\u00c8 nostra opinione &#8211; dicono Luciano Da Pian e Marzio Sovilla &#8211;\u00a0 che alla luce dei fatti il Comune di Belluno debba tornare a spendere, nei luoghi indicati, i giusti tempi affinch\u00e9 l&#8217;opera in essere venga progettata e decisa nell&#8217;interesse della cittadinanza. Vanno infatti analizzate tutte le proposte fino ad oggi emerse per giungere ad un piano comune, definitivo e non provvisorio cos\u00ec da garantire una soluzione al problema del traffico e migliorare la viabilit\u00e0 cittadina senza intaccare la vivibilit\u00e0 dei quartieri in cui oggi si vuole far passare l&#8217;opera in questione&#8221;.\u00a0<\/em><\/p>\n<p>&nbsp;<\/p>\n<p>&nbsp;<\/p>\n<hr \/>\n<p><em>\u00a0<\/em><\/p>\n<div>\n<div class=\"im_message_text\" dir=\"auto\"><\/div>\n<\/div>\n<p><em>\u00a0\u00a0<\/em><\/p>\n<blockquote class=\"wp-embedded-content\" data-secret=\"fFJlREVlGh\"><p><a href=\"https:\/\/www.radiopiu.net\/wordpress\/aggiornamento1502mm\/\">ANCHE OGGI QUASI 1000 POSITIVI,  21 DECESSI E 55 PERSONE IN MENO NEGLI OSPEDALI<\/a><\/p><\/blockquote>\n<p><iframe loading=\"lazy\" class=\"wp-embedded-content\" sandbox=\"allow-scripts\" security=\"restricted\" style=\"position: absolute; clip: rect(1px, 1px, 1px, 1px);\" title=\"&#8220;ANCHE OGGI QUASI 1000 POSITIVI,  21 DECESSI E 55 PERSONE IN MENO NEGLI OSPEDALI&#8221; &#8212; Radio Pi\u00f9\" src=\"https:\/\/www.radiopiu.net\/wordpress\/aggiornamento1502mm\/embed\/#?secret=fFJlREVlGh\" data-secret=\"fFJlREVlGh\" width=\"600\" height=\"338\" frameborder=\"0\" marginwidth=\"0\" marginheight=\"0\" scrolling=\"no\"><\/iframe><\/p>\n<p><em>\u00a0\u00a0<\/em><\/p>\n<p><strong>I GRAFICI DI TIZIANO DE COL\u00a0\u00a0<\/strong><\/p>\n\n\t\t\t<style type='text\/css'>\n\t\t\t\t#gallery-2 {\n\t\t\t\t\tmargin: auto;\n\t\t\t\t}\n\t\t\t\t#gallery-2 .gallery-item {\n\t\t\t\t\tfloat: left;\n\t\t\t\t\tmargin-top: 10px;\n\t\t\t\t\ttext-align: center;\n\t\t\t\t\twidth: 25%;\n\t\t\t\t}\n\t\t\t\t#gallery-2 img {\n\t\t\t\t\tborder: 2px solid #cfcfcf;\n\t\t\t\t}\n\t\t\t\t#gallery-2 .gallery-caption {\n\t\t\t\t\tmargin-left: 0;\n\t\t\t\t}\n\t\t\t\t\/* see gallery_shortcode() in wp-includes\/media.php *\/\n\t\t\t<\/style>\n\t\t<div id='gallery-2' class='dt-gallery-container gallery galleryid-192338 gallery-columns-4 gallery-size-thumbnail'><dl class='gallery-item'>\n\t\t\t\t<dt class='gallery-icon landscape'>\n\t\t\t\t\t<a class=\"rollover rollover-zoom dt-pswp-item\" title=\"35b35fb0-7452-43d9-ae48-30ffc7e856fa\" data-dt-img-description=\"\" data-large_image_width=\"617\" data-large_image_height=\"364\"href='https:\/\/www.radiopiu.net\/wordpress\/wp-content\/uploads\/2021\/02\/35b35fb0-7452-43d9-ae48-30ffc7e856fa.jpg'><img loading=\"lazy\" decoding=\"async\" width=\"150\" height=\"150\" src=\"https:\/\/www.radiopiu.net\/wordpress\/wp-content\/uploads\/2021\/02\/35b35fb0-7452-43d9-ae48-30ffc7e856fa-150x150.jpg\" class=\"attachment-thumbnail size-thumbnail\" alt=\"\" \/><\/a>\n\t\t\t\t<\/dt><\/dl><dl class='gallery-item'>\n\t\t\t\t<dt class='gallery-icon landscape'>\n\t\t\t\t\t<a class=\"rollover rollover-zoom dt-pswp-item\" title=\"1490a1b6-49cc-4c9c-b6f3-ca42fb0211cd\" data-dt-img-description=\"\" data-large_image_width=\"614\" data-large_image_height=\"357\"href='https:\/\/www.radiopiu.net\/wordpress\/wp-content\/uploads\/2021\/02\/1490a1b6-49cc-4c9c-b6f3-ca42fb0211cd.jpg'><img loading=\"lazy\" decoding=\"async\" width=\"150\" height=\"150\" src=\"https:\/\/www.radiopiu.net\/wordpress\/wp-content\/uploads\/2021\/02\/1490a1b6-49cc-4c9c-b6f3-ca42fb0211cd-150x150.jpg\" class=\"attachment-thumbnail size-thumbnail\" alt=\"\" \/><\/a>\n\t\t\t\t<\/dt><\/dl><dl class='gallery-item'>\n\t\t\t\t<dt class='gallery-icon landscape'>\n\t\t\t\t\t<a class=\"rollover rollover-zoom dt-pswp-item\" title=\"15344eb4-8c3c-433e-a825-1ec9061fad46\" data-dt-img-description=\"\" data-large_image_width=\"620\" data-large_image_height=\"357\"href='https:\/\/www.radiopiu.net\/wordpress\/wp-content\/uploads\/2021\/02\/15344eb4-8c3c-433e-a825-1ec9061fad46.jpg'><img loading=\"lazy\" decoding=\"async\" width=\"150\" height=\"150\" src=\"https:\/\/www.radiopiu.net\/wordpress\/wp-content\/uploads\/2021\/02\/15344eb4-8c3c-433e-a825-1ec9061fad46-150x150.jpg\" class=\"attachment-thumbnail size-thumbnail\" alt=\"\" \/><\/a>\n\t\t\t\t<\/dt><\/dl><dl class='gallery-item'>\n\t\t\t\t<dt class='gallery-icon landscape'>\n\t\t\t\t\t<a class=\"rollover rollover-zoom dt-pswp-item\" title=\"3a8c219d-18eb-432e-8581-d93bd6cddb0a\" data-dt-img-description=\"\" data-large_image_width=\"612\" data-large_image_height=\"355\"href='https:\/\/www.radiopiu.net\/wordpress\/wp-content\/uploads\/2021\/02\/3a8c219d-18eb-432e-8581-d93bd6cddb0a.jpg'><img loading=\"lazy\" decoding=\"async\" width=\"150\" height=\"150\" src=\"https:\/\/www.radiopiu.net\/wordpress\/wp-content\/uploads\/2021\/02\/3a8c219d-18eb-432e-8581-d93bd6cddb0a-150x150.jpg\" class=\"attachment-thumbnail size-thumbnail\" alt=\"\" \/><\/a>\n\t\t\t\t<\/dt><\/dl><br style=\"clear: both\" \/>\n\t\t\t<\/div>\n\n<p><em>\u00a0<\/em><\/p>\n<hr \/>\n<p><em>\u00a0\u00a0<\/em><\/p>\n<blockquote>\n<h3>ZAIA: I NAS SONO STATI INFORMATI DA NOI, QUI SI FA TUTTO ALLA LUCE DEL SOLE<\/h3>\n<p><em>Il dottor Flor oggi \u00e8\u00a0 con i Nas per l&#8217;acquisizione documenti. Io non ho avuto alcuna intermediazione con gli intermediari, mai visto nemmeno le carte. Noi stiamo verificando chi siano gli interlocutori e abbiamo anche scritto ad Aifa. Non vaccinarsi significa perdere competitivit\u00e0 e libert\u00e0. \u00abAdesso dipende da ognuno di noi il contenimento del contagio &#8211; ha ricordato Zaia &#8211; usare le mascherine, rispettare il distanziamento, evitare gli assembramenti. Penso anche al turismo e alla montagna, abbiamo i mondiali di sci ed \u00e8 come se non ce li avessimo, un evento mondiale che non stiamo vivendo, e per fortuna che avremo le Olimpiadi, che spero saranno la chiusura definitva di questa partita\u00bb.<\/em><\/p><\/blockquote>\n<p>La situazione nazionale preoccupa, oltre il 70% dei positivi presentano la variante brasiliana. In attesa delle decisione senza creare allarmismi ma \u00e8 meglio essere molto prudenti, che i 657 positivi di oggi non siano l&#8217;inizio di una nuova curva. Spero si possa venirne fuori, bisogner\u00e0 capire quale sar\u00e0 lo sforzo vaccinale condizione prioritaria, vaccinarsi per tornare ad una libert\u00e0. Ci sono gi\u00e0 delle comunit\u00e0 come Israele covid free. Queste sono le grandi sfide, chi per primo raggiunge il traguardo avr\u00e0 pi\u00f9 mercato. Soprattutto in un Veneto che ha il turismo come prima industria e il 66% sono stranieri. Per non parlare delle imprese che dipendono tutte dal mercato internazionale. Il pil \u00e8 di 160miliardi di Pil all&#8217;anno.\u00a0 Da noi ha contato molto il contact tracing e il fatto che non abbiamo riaperto le scuola, il 5 marzo scade il Dpcm, a breve, e dovremmo cercare di capire cosa fare. Ricordiamo che la Germania \u00e8 in lockdown dai primi di dicembre e forse riaprir\u00e0 i primi di marzo. Non pensiamo che il Veneto possa restare per sempre un&#8217;isola felice, dobbiamo essere prudenti.<strong> VACCINI<\/strong> Non abbiamo negoziato prezzi perch\u00e9 siamo in attesa di autorizzazioni. Abbiamo sempre detto che non siamo nelle condizioni di sapere se il vaccino \u00e8 buono o meno, ci vuole un ente terzo e per questo abbiamo interpellato Aifa che ci ha dirottato dal Commissario che ha chiedo i numeri dei lotti. Ho chiesto il al dottor Flor di scrivere ai NAS lo scorso 12 febbraio. Questo nell&#8217;ottica della massima collaborazione. Benvenga l&#8217;operazione che far\u00e0 Perugia, che metter\u00e0 chiarezza per capire se siamo davanti a un popolo di truffatori o se tra i tanti c&#8217;\u00e8 qualcuno che ha un buon vaccino, ma questo non lo sapremo dire noi. Che la verifica dei NAS sia profonda e incisiva e si finisca di sentire discorsi da stadio. <strong>LETTERA AI NAS<\/strong> Avvisava che era stata inoltrata una lettera ad Aifa.<strong> IERI SERA IN TELEVISIONE SI SONO VISTI DOCUMENTI CHE DIMOSTRANO TRATTATIVE DEL VENETO E POI C&#8217;E&#8217; L&#8217;AVVOCATA CAVALLARO CHE SI E&#8217; DICHIARATO INTERMEDIARIO DI UN BROKER CHE HA PARLATO DI TRATTATIVE CON LA REGIONE\u00a0 LOMBARDIA<\/strong> Di questi fatti non ne so nulla, se il dottor Flor ad un&#8217;offerta ha risposto &#8220;ditemi cosa avete in mano&#8221; non lo so. E&#8217; comunque un vicenda che riguarda tutte le regioni d&#8217;Italia. I nomi non mi dicono nulla. Abbiamo fatto il nostro dovere, non siamo andati al mercato nero. Noi abbiamo fatto tutto alla luce del sole. <strong>LE 27 MILIONI DI DOSI DA DOVE SALTANO FUORI DE PFIZER HA TAGLIATO LE FORNITURE<\/strong> A me risulta che Pfizer ha scritto all&#8217;Itali che ci sono dosi in pi\u00f9. Noi non conosciamo il contratto europeo. TURISMO Penso anche al turismo e alla montagna, abbiamo i mondiali di sci ed \u00e8 come se non ce li avessimo, un evento mondiale che non stiamo vivendo, e per fortuna che avremo le Olimpiadi sperando la partita sia chiusa per allora. <strong>VISITE ALLE CASE DI SOGGIORNO<\/strong> Stiamo rivedendo i protocolli per riaprire le visite forse gi\u00e0 dalla prossima settimana almeno dove possibile. La volont\u00e0 \u00e8 quella di andare in questa direzione con le dovute cautele. <strong>RISARCIMENTI CI SONO NOVITA?<\/strong> No ma ne parleremo ci sono tante Regioni coinvolte.<strong> LISTE DI ATTESA<\/strong> Sta andando bene, lunedi vedremo dai 90mila in attesa a quanto siamo scesi.\u00a0 NUOVO DPCM La scadenza \u00e8 il 5 marzo, bisogna vedere cosa accadr\u00e0 la settimana prossima dal punto di vista epidemiologico per capire di cosa discutere. Il foglio \u00e8 ancora bianco. Inoltre la situazione \u00e8 diversa da territorio a territorio ne parleremo a breve forse gi\u00e0 stasera o domani, con i presidenti delle Regioni.<\/p>\n<p><a href=\"https:\/\/www.facebook.com\/zaiaufficiale\/videos\/1388581574808893\">https:\/\/www.facebook.com\/zaiaufficiale\/videos\/1388581574808893<\/a><\/p>\n<p>&nbsp;<\/p>\n<p>&nbsp;<\/p>\n<hr \/>\n<p>&nbsp;<\/p>\n<p><span style=\"color: #ff0000;\"><strong>IERI ALLA RADIO<\/strong><\/span><\/p>\n<blockquote>\n<h3>TOFANA E MARMOLADA MONDIALE, OGGI E DOMANI LE GARE<\/h3>\n<\/blockquote>\n<p><strong><img loading=\"lazy\" decoding=\"async\" class=\"alignleft\" src=\"https:\/\/www.radiopiu.net\/wordpress\/wp-content\/uploads\/2021\/02\/058b954e-4a8c-4649-9bee-d768ee273e7e-1.jpg\" width=\"256\" height=\"170\" \/>CORTINA<\/strong> \u00c8 per domani e domenica l\u2019appuntamento dei Campionati Mondiali di Sci Alpino Cortina 2021 sulle piste Drusci\u00e9 A e B di Tofana-Freccia del Cielo. Un palcoscenico in cui si disputeranno le gare tecniche di slalom femminile e maschile, nonch\u00e9 gli allenamenti e warm-up dei pi\u00f9 grandi atleti di sci al mondo, ricordando il fascino storico che custodiscono dalle Olimpiadi del \u201956: l\u2019identikit di due delle piste \u201cmondiali\u201d testate e scelte dalle squadre nazionali FISI.<\/p>\n<blockquote><p>Mario Vascellari \u00e8 il Presidente di Tofana srl, societ\u00e0 che gestisce gli impianti di Tofana-Freccia nel Cielo.<\/p><\/blockquote>\n<p><strong>di Claudio Fontanive<\/strong><\/p>\n<audio class=\"wp-audio-shortcode\" id=\"audio-192338-5\" preload=\"none\" style=\"width: 100%;\" controls=\"controls\"><source type=\"audio\/mpeg\" src=\"https:\/\/www.radiopiu.net\/wordpress\/wp-content\/uploads\/2020\/10\/vascellari.mp3?_=5\" \/><a href=\"https:\/\/www.radiopiu.net\/wordpress\/wp-content\/uploads\/2020\/10\/vascellari.mp3\">https:\/\/www.radiopiu.net\/wordpress\/wp-content\/uploads\/2020\/10\/vascellari.mp3<\/a><\/audio>\n<p>&nbsp;<\/p>\n<p>&nbsp;<\/p>\n<hr \/>\n<p>&nbsp;<\/p>\n<blockquote>\n<h3>IL REPARTO MOBILE DI PADOVA<\/h3>\n<\/blockquote>\n<p>CON LA POLIZIA DI STATO A CORTINA 2021<\/p>\n<p><span style=\"color: #0000ff;\"><strong>COLLABORAZIONE WIRNA TRICHES_BARBARA BORTOLUZZI<\/strong><\/span><\/p>\n<p><strong>Il Dottor Angelo Gigante, Comandante contingente secondo reparto mobile.<\/strong><\/p>\n<audio class=\"wp-audio-shortcode\" id=\"audio-192338-6\" preload=\"none\" style=\"width: 100%;\" controls=\"controls\"><source type=\"audio\/mpeg\" src=\"https:\/\/www.radiopiu.net\/wordpress\/wp-content\/uploads\/2021\/02\/wirna-base.mp3?_=6\" \/><a href=\"https:\/\/www.radiopiu.net\/wordpress\/wp-content\/uploads\/2021\/02\/wirna-base.mp3\">https:\/\/www.radiopiu.net\/wordpress\/wp-content\/uploads\/2021\/02\/wirna-base.mp3<\/a><\/audio>\n<p>&nbsp;<\/p>\n\n\t\t\t<style type='text\/css'>\n\t\t\t\t#gallery-3 {\n\t\t\t\t\tmargin: auto;\n\t\t\t\t}\n\t\t\t\t#gallery-3 .gallery-item {\n\t\t\t\t\tfloat: left;\n\t\t\t\t\tmargin-top: 10px;\n\t\t\t\t\ttext-align: center;\n\t\t\t\t\twidth: 25%;\n\t\t\t\t}\n\t\t\t\t#gallery-3 img {\n\t\t\t\t\tborder: 2px solid #cfcfcf;\n\t\t\t\t}\n\t\t\t\t#gallery-3 .gallery-caption {\n\t\t\t\t\tmargin-left: 0;\n\t\t\t\t}\n\t\t\t\t\/* see gallery_shortcode() in wp-includes\/media.php *\/\n\t\t\t<\/style>\n\t\t<div id='gallery-3' class='dt-gallery-container gallery galleryid-192338 gallery-columns-4 gallery-size-thumbnail'><dl class='gallery-item'>\n\t\t\t\t<dt class='gallery-icon portrait'>\n\t\t\t\t\t<a class=\"rollover rollover-zoom dt-pswp-item\" title=\"4807a602-a092-47cb-830a-afb26e166876\" data-dt-img-description=\"\" data-large_image_width=\"1488\" data-large_image_height=\"1984\"href='https:\/\/www.radiopiu.net\/wordpress\/wp-content\/uploads\/2021\/02\/4807a602-a092-47cb-830a-afb26e166876.jpg'><img loading=\"lazy\" decoding=\"async\" width=\"150\" height=\"150\" src=\"https:\/\/www.radiopiu.net\/wordpress\/wp-content\/uploads\/2021\/02\/4807a602-a092-47cb-830a-afb26e166876-150x150.jpg\" class=\"attachment-thumbnail size-thumbnail\" alt=\"\" \/><\/a>\n\t\t\t\t<\/dt><\/dl><dl class='gallery-item'>\n\t\t\t\t<dt class='gallery-icon portrait'>\n\t\t\t\t\t<a class=\"rollover rollover-zoom dt-pswp-item\" title=\"36bcc5b5-c9db-48ca-89a7-ea84d0f84bd1\" data-dt-img-description=\"\" data-large_image_width=\"1488\" data-large_image_height=\"1984\"href='https:\/\/www.radiopiu.net\/wordpress\/wp-content\/uploads\/2021\/02\/36bcc5b5-c9db-48ca-89a7-ea84d0f84bd1.jpg'><img loading=\"lazy\" decoding=\"async\" width=\"150\" height=\"150\" src=\"https:\/\/www.radiopiu.net\/wordpress\/wp-content\/uploads\/2021\/02\/36bcc5b5-c9db-48ca-89a7-ea84d0f84bd1-150x150.jpg\" class=\"attachment-thumbnail size-thumbnail\" alt=\"\" \/><\/a>\n\t\t\t\t<\/dt><\/dl><dl class='gallery-item'>\n\t\t\t\t<dt class='gallery-icon portrait'>\n\t\t\t\t\t<a class=\"rollover rollover-zoom dt-pswp-item\" title=\"3c1561c0-1b9b-459b-baa4-7d3c79ded382\" data-dt-img-description=\"\" data-large_image_width=\"1488\" data-large_image_height=\"1984\"href='https:\/\/www.radiopiu.net\/wordpress\/wp-content\/uploads\/2021\/02\/3c1561c0-1b9b-459b-baa4-7d3c79ded382.jpg'><img loading=\"lazy\" decoding=\"async\" width=\"150\" height=\"150\" src=\"https:\/\/www.radiopiu.net\/wordpress\/wp-content\/uploads\/2021\/02\/3c1561c0-1b9b-459b-baa4-7d3c79ded382-150x150.jpg\" class=\"attachment-thumbnail size-thumbnail\" alt=\"\" \/><\/a>\n\t\t\t\t<\/dt><\/dl><dl class='gallery-item'>\n\t\t\t\t<dt class='gallery-icon portrait'>\n\t\t\t\t\t<a class=\"rollover rollover-zoom dt-pswp-item\" title=\"4e6a1532-7718-4f9c-a0c2-cab4c5e7f93f\" data-dt-img-description=\"\" data-large_image_width=\"1488\" data-large_image_height=\"1984\"href='https:\/\/www.radiopiu.net\/wordpress\/wp-content\/uploads\/2021\/02\/4e6a1532-7718-4f9c-a0c2-cab4c5e7f93f.jpg'><img loading=\"lazy\" decoding=\"async\" width=\"150\" height=\"150\" src=\"https:\/\/www.radiopiu.net\/wordpress\/wp-content\/uploads\/2021\/02\/4e6a1532-7718-4f9c-a0c2-cab4c5e7f93f-150x150.jpg\" class=\"attachment-thumbnail size-thumbnail\" alt=\"\" \/><\/a>\n\t\t\t\t<\/dt><\/dl><br style=\"clear: both\" \/>\n\t\t\t<\/div>\n\n<h3>LA RACCOLTA COMPLETA<\/h3>\n<blockquote class=\"wp-embedded-content\" data-secret=\"qNfjg2UoLW\"><p><a href=\"https:\/\/www.radiopiu.net\/wordpress\/la-polizia-di-stato-a-cortina-2021\/\">La Polizia di Stato a Cortina 2021<\/a><\/p><\/blockquote>\n<p><iframe loading=\"lazy\" class=\"wp-embedded-content\" sandbox=\"allow-scripts\" security=\"restricted\" style=\"position: absolute; clip: rect(1px, 1px, 1px, 1px);\" title=\"&#8220;La Polizia di Stato a Cortina 2021&#8221; &#8212; Radio Pi\u00f9\" src=\"https:\/\/www.radiopiu.net\/wordpress\/la-polizia-di-stato-a-cortina-2021\/embed\/#?secret=qNfjg2UoLW\" data-secret=\"qNfjg2UoLW\" width=\"600\" height=\"338\" frameborder=\"0\" marginwidth=\"0\" marginheight=\"0\" scrolling=\"no\"><\/iframe><\/p>\n<p>&nbsp;<\/p>\n<p>&nbsp;<\/p>\n<hr \/>\n<p>&nbsp;<\/p>\n<blockquote>\n<h3>A VOCE ALTA DALLA CIMA SETSASS CONTRO LA COSTRUZIONE DI NUOVI IMPIANTI<\/h3>\n<\/blockquote>\n<blockquote><p><em>E&#8217; stata scelta l\u2019area del Settsass, Sief e Col di Lana perch\u00e9 si tratta di un\u2019area interessata da un progetto che prevede la costruzione di un collegamento sciistico tra il comprensorio di Arabba e quello delle Cinque Torri.<\/em><\/p><\/blockquote>\n<p><strong>LIVINALLONGO-BADIA<\/strong> Un gruppo di imprenditori e professionisti ha manifestato sulla cima Settsass contro la costruzione di nuovi impianti. sono saliti, sci ai piedi, sulla Cima Settsass, tra Arabba e la Val Badia, esponendo degli striscioni per richiamare l\u2019attenzione sul difficile momento che sta vivendo la montagna, intesa come ambiente, comunit\u00e0 e come sistema economico. Secondo gli organizzatori di questa manifestazione, la riflessione deve partire dalla constatazione di una contrapposizione: da un lato la difficolt\u00e0 di gestire un\u2019emergenza sanitaria stagionale a fronte delle caratteristiche del turismo dello sci, che concentra grandi flussi turistici in poco tempo e in pochi spazi; dall\u2019altro una progettualit\u00e0 economica, turistica, ma anche sociale, che si \u00e8 appiattata sulle grandi opere funzionali allo sci, dimenticando la messa in sicurezza del territorio, la sanit\u00e0 locale, le scuole, i trasporti e la tutela dell\u2019ambiente, necessaria per creare proposte turistiche diversificate, con una stagionalit\u00e0 che risenta meno della neve.<\/p>\n<blockquote><p><em>&#8220;Non siamo contro lo sci\u201d, dichiara Federico Sordini, imprenditore di Rocca Pietore, \u201cSiamo persone che vivono e lavorano in montagna e che la amano. Siamo persone che si sono stancate di assistere impotenti alla distruzione della terra in cui vivono e allo smantellamento dei suoi servizi di base nel tentativo di trasformarla in un parco divertimenti aperto due mesi in estate e tre in inverno. L\u2019azione che abbiamo intrapreso ha l\u2019obiettivo di convogliare la delusione e il dissenso, di far riflettere sul nostro futuro e sulla necessit\u00e0 sempre pi\u00f9 impellente di ridare il giusto ordine alle priorit\u00e0 della Montagna e dei suoi abitanti. #lamontagnameritarispetto\u201d\u00a0<\/em><\/p><\/blockquote>\n<p><span style=\"color: #ff0000;\"><strong>DAL CORRIERE DELLE ALPI, GIANNI SANTOMASO\u00a0<\/strong><\/span><\/p>\n<audio class=\"wp-audio-shortcode\" id=\"audio-192338-7\" preload=\"none\" style=\"width: 100%;\" controls=\"controls\"><source type=\"audio\/mpeg\" src=\"https:\/\/www.radiopiu.net\/wordpress\/wp-content\/uploads\/2021\/02\/gianni-setsas.mp3?_=7\" \/><a href=\"https:\/\/www.radiopiu.net\/wordpress\/wp-content\/uploads\/2021\/02\/gianni-setsas.mp3\">https:\/\/www.radiopiu.net\/wordpress\/wp-content\/uploads\/2021\/02\/gianni-setsas.mp3<\/a><\/audio>\n<p>&nbsp;<\/p>\n<p>&nbsp;<\/p>\n\n\t\t\t<style type='text\/css'>\n\t\t\t\t#gallery-4 {\n\t\t\t\t\tmargin: auto;\n\t\t\t\t}\n\t\t\t\t#gallery-4 .gallery-item {\n\t\t\t\t\tfloat: left;\n\t\t\t\t\tmargin-top: 10px;\n\t\t\t\t\ttext-align: center;\n\t\t\t\t\twidth: 33%;\n\t\t\t\t}\n\t\t\t\t#gallery-4 img {\n\t\t\t\t\tborder: 2px solid #cfcfcf;\n\t\t\t\t}\n\t\t\t\t#gallery-4 .gallery-caption {\n\t\t\t\t\tmargin-left: 0;\n\t\t\t\t}\n\t\t\t\t\/* see gallery_shortcode() in wp-includes\/media.php *\/\n\t\t\t<\/style>\n\t\t<div id='gallery-4' class='dt-gallery-container gallery galleryid-192338 gallery-columns-3 gallery-size-thumbnail'><dl class='gallery-item'>\n\t\t\t\t<dt class='gallery-icon landscape'>\n\t\t\t\t\t<a class=\"rollover rollover-zoom dt-pswp-item\" title=\"DCIM101MEDIADJI_0167.JPG\" data-dt-img-description=\"\" data-large_image_width=\"2560\" data-large_image_height=\"1440\"href='https:\/\/www.radiopiu.net\/wordpress\/wp-content\/uploads\/2021\/02\/Piccolo-Settsass-2-ph-Cristias-Cesaro-scaled.jpg'><img loading=\"lazy\" decoding=\"async\" width=\"150\" height=\"150\" src=\"https:\/\/www.radiopiu.net\/wordpress\/wp-content\/uploads\/2021\/02\/Piccolo-Settsass-2-ph-Cristias-Cesaro-150x150.jpg\" class=\"attachment-thumbnail size-thumbnail\" alt=\"\" aria-describedby=\"gallery-4-192503\" \/><\/a>\n\t\t\t\t<\/dt>\n\t\t\t\t\t<dd class='wp-caption-text gallery-caption' id='gallery-4-192503'>\n\t\t\t\t\tPiccolo-Settsass-2-ph-Cristias-Cesar\n\t\t\t\t\t<\/dd><\/dl><dl class='gallery-item'>\n\t\t\t\t<dt class='gallery-icon landscape'>\n\t\t\t\t\t<a class=\"rollover rollover-zoom dt-pswp-item\" title=\"default\" data-dt-img-description=\"Settsass-Dolomiti ph-Lorenzo-Barutta-\n\" data-large_image_width=\"2560\" data-large_image_height=\"1892\"href='https:\/\/www.radiopiu.net\/wordpress\/wp-content\/uploads\/2021\/02\/Settsass-Dolomiti-02-ph-Lorenzo-Barutta-scaled.jpg'><img loading=\"lazy\" decoding=\"async\" width=\"150\" height=\"150\" src=\"https:\/\/www.radiopiu.net\/wordpress\/wp-content\/uploads\/2021\/02\/Settsass-Dolomiti-02-ph-Lorenzo-Barutta-150x150.jpg\" class=\"attachment-thumbnail size-thumbnail\" alt=\"\" aria-describedby=\"gallery-4-192500\" \/><\/a>\n\t\t\t\t<\/dt>\n\t\t\t\t\t<dd class='wp-caption-text gallery-caption' id='gallery-4-192500'>\n\t\t\t\t\tSettsass-Dolomiti ph-Lorenzo-Barutta\n\t\t\t\t\t<\/dd><\/dl><dl class='gallery-item'>\n\t\t\t\t<dt class='gallery-icon landscape'>\n\t\t\t\t\t<a class=\"rollover rollover-zoom dt-pswp-item\" title=\"default\" data-dt-img-description=\"\" data-large_image_width=\"2560\" data-large_image_height=\"1920\"href='https:\/\/www.radiopiu.net\/wordpress\/wp-content\/uploads\/2021\/02\/Settsass-Dolomiti-01-ph-Lorenzo-Barutta-scaled.jpg'><img loading=\"lazy\" decoding=\"async\" width=\"150\" height=\"150\" src=\"https:\/\/www.radiopiu.net\/wordpress\/wp-content\/uploads\/2021\/02\/Settsass-Dolomiti-01-ph-Lorenzo-Barutta-150x150.jpg\" class=\"attachment-thumbnail size-thumbnail\" alt=\"\" aria-describedby=\"gallery-4-192499\" \/><\/a>\n\t\t\t\t<\/dt>\n\t\t\t\t\t<dd class='wp-caption-text gallery-caption' id='gallery-4-192499'>\n\t\t\t\t\tSettsass-Dolomiti ph-Lorenzo-Barutta\n\t\t\t\t\t<\/dd><\/dl><br style=\"clear: both\" \/>\n\t\t\t<\/div>\n\n<p>&nbsp;<\/p>\n<hr \/>\n<blockquote>\n<h3><\/h3>\n<h3>ANCHE A BELLUNO LA RACCOLTA FIRME PER LA LEGGE ANTIFASCISTA STAZZEMA<\/h3>\n<\/blockquote>\n<p><strong>BELLUNO<\/strong> La maggioranza di Palazzo Rosso sostiene con convinzione la raccolta firme per la presentazione di una proposta di legge di iniziativa popolare contro la propaganda fascista e nazista: l&#8217;iniziativa \u00e8 partita qualche settimana fa da Stazzema, comune toscano. La proposta prevede che \u201cchiunque propagandi i contenuti del partito fascista o del partito nazionalsocialista tedesco \u00e8 punito con la reclusione da sei mesi a due anni. <em>&#8220;Stiamo lavorando all&#8217;organizzazione di un gazebo in piazza dove effettuare la raccolta delle sottoscrizioni&#8221;<\/em>\u00a0 anticipa il sindaco Jacopo Massaro . E&#8217; possibile sottoscrivere la raccolta firme all&#8217;Ufficio Anagrafe del Comune di Belluno.<\/p>\n<p>&nbsp;<\/p>\n<p>&nbsp;<\/p>\n<hr \/>\n<p>&nbsp;<\/p>\n<blockquote>\n<h3>NOVITA&#8217; DALLA ULSS 1 DOLOMITI: NUOVE ASSUNZIONI, GLI ORARI DEL CENTRO PRELIEVI A SANTO STEFANO E IL CAMBIO MEDICO A CESIOMAGGIORE<\/h3>\n<\/blockquote>\n<p><strong><a href=\"https:\/\/www.radiopiu.net\/wordpress\/aggiornamenti-organizzativi-ulss-1-dolomiti-del-9-marzo-2020-la-situazione-dei-servizi-rimane-invariata\/ulss-1-dolomiti-logo\/\" rel=\"attachment wp-att-121256\"><img loading=\"lazy\" decoding=\"async\" class=\"size-full wp-image-121256 alignleft\" src=\"https:\/\/www.radiopiu.net\/wordpress\/wp-content\/uploads\/2020\/03\/ULSS-1-DOLOMITI-LOGO.jpg\" alt=\"\" width=\"298\" height=\"219\" \/><\/a>BELLUNO <\/strong>Sono stati assunti: 4 psicologi, 5 tecnici di radiologia, 2 ostetriche, 6 assistenti sociali, 4 logopedisti, 6 fisioterapisti Inoltre, sono stati assegnati altri tre incarichi a medici USCA: 2 a Belluno e 1 a Feltre fino al 31 dicembre 2021.<\/p>\n<p><strong>PUNTO PRELIEVI SANTO STEFANO DI CADORE <\/strong>Dal 1\u00b0 marzo 2021 \u00e8 necessario prenotare l\u2019accesso al punto prelievi di Santo Stefano di Cadore. Per prenotare: chiamare lo 0435 62438 il LUNED\u00cc&#8217; dalle 10.30 alle 12.30, MARTED\u00cc&#8217; dalle 08.30 alle 12.30, GIOVED\u00cc&#8217; dalle 10.30 alle 12.30 e dalle 14.00 alle 16.00, VENERD\u00cc&#8217; dalle 8.30 alle 12.30. Si ricorda che i prelievi vengono eseguiti tutti i LUNED\u00cc e GIOVED\u00cc&#8217; dalle\u00a0 8.00 alle 9.00<\/p>\n<p><strong>CAMBIO MEDICO A CESIOMAGGIORE <\/strong>Dal 1\u00b0 marzo 2021 &#8211; a seguito della cessazione del dottor Umberto Rossa \u2013 l\u2019attivit\u00e0 di medico di assistenza primaria nell\u2019ambito territoriale dei Comuni di Cesiomaggiore, San Gregorio nelle Alpi, Santa Giustina, Sedico e Sospirolo verr\u00e0 svolta, con incarico provvisorio, dalla dottoressa Leandra Serio. La dottoressa Serio svolger\u00e0 l\u2019attivit\u00e0 ambulatoriale a Cesiomaggiore nello studio situato in Municipio e a Santa Giustina\u00a0 nella Medicina di Gruppo.<\/p>\n<p>&nbsp;<\/p>\n<hr \/>\n<p>&nbsp;<\/p>\n<blockquote>\n<h3>GIOVANNI SAVA E&#8217; IL NUOVO DIRETTORE DEL SIAN<\/h3>\n<\/blockquote>\n<p><strong><a href=\"https:\/\/www.radiopiu.net\/wordpress\/giovanni-sava-e-il-nuovo-direttore-del-sian\/sava\/\" rel=\"attachment wp-att-192515\"><img loading=\"lazy\" decoding=\"async\" class=\" wp-image-192515 alignleft\" src=\"https:\/\/www.radiopiu.net\/wordpress\/wp-content\/uploads\/2021\/02\/sava-225x300.jpg\" alt=\"\" width=\"164\" height=\"219\" srcset=\"https:\/\/www.radiopiu.net\/wordpress\/wp-content\/uploads\/2021\/02\/sava-225x300.jpg 225w, https:\/\/www.radiopiu.net\/wordpress\/wp-content\/uploads\/2021\/02\/sava-768x1024.jpg 768w, https:\/\/www.radiopiu.net\/wordpress\/wp-content\/uploads\/2021\/02\/sava-1152x1536.jpg 1152w, https:\/\/www.radiopiu.net\/wordpress\/wp-content\/uploads\/2021\/02\/sava.jpg 1200w\" sizes=\"auto, (max-width: 164px) 100vw, 164px\" \/><\/a>BELLUNO<\/strong>\u00a0Belluno. Giovanni Andrea Sava \u00e8 il nuovo direttore del Servizio Igiene degli Alimenti e della Nutrizione del Dipartimento di Prevenzione dell\u2019Ulss Dolomiti che\u00a0svolge funzioni finalizzate a prevenire i danni alla salute legati all\u2019 alimentazione. In particolare si occupa della sorveglianza circa la qualit\u00e0, sicurezza igienica e nutrizionale degli alimenti, sia tramite il controllo ispettivo previsto dalle normative vigenti, sia favorendo la formazione del personale preposto alla produzione e distribuzione di alimenti e bevande; di contrastare i fattori di rischio nutrizionale attraverso l\u2019informazione e l\u2019educazione sanitaria dei singoli e della popolazione e del controllo delle acque potabili.<\/p>\n<blockquote><p><em>Il dottor Sava si \u00e8 laureato nel 1984 in Medicina e Chirurgia all\u2019universit\u00e0 di Padova e si \u00e8 specializzato nel 1989 all\u2019Universit\u00e0 di Ferrara in Igiene, Epidemiologia e Sanit\u00e0 Pubblica.Ha iniziato la sua carriera al Servizio di Igiene e Sanit\u00e0 Pubblica nel 1988 a Belluno, con diversi incarichi di coordinamento e responsabilit\u00e0 del distretto sanitario del Cadore e del dipartimento di Prevenzione. Dal 2019 era responsabile della Epidemiologia all\u2019interno del Dipartimento di Prevenzione.<\/em><\/p><\/blockquote>\n<p>&nbsp;<\/p>\n<p>&nbsp;<\/p>\n<hr \/>\n<p>&nbsp;<\/p>\n<blockquote>\n<h3>LAVORO. STANZIATI ULTERIORI 2.450.000 EURO PER INDENNITA\u2019 INTEGRATIVA A LAVORATORI DELLO SPETTACOLO<\/h3>\n<\/blockquote>\n<p><strong><a href=\"https:\/\/www.radiopiu.net\/wordpress\/giornale-radiopiu-20-febbraio-2021-direttore-mirko-mezzacasa\/live-concert-455762_960_720\/\" rel=\"attachment wp-att-192458\"><img loading=\"lazy\" decoding=\"async\" class=\"size-medium wp-image-192458 alignleft\" src=\"https:\/\/www.radiopiu.net\/wordpress\/wp-content\/uploads\/2021\/02\/live-concert-455762_960_720-300x199.jpg\" alt=\"\" width=\"300\" height=\"199\" srcset=\"https:\/\/www.radiopiu.net\/wordpress\/wp-content\/uploads\/2021\/02\/live-concert-455762_960_720-300x199.jpg 300w, https:\/\/www.radiopiu.net\/wordpress\/wp-content\/uploads\/2021\/02\/live-concert-455762_960_720-768x510.jpg 768w, https:\/\/www.radiopiu.net\/wordpress\/wp-content\/uploads\/2021\/02\/live-concert-455762_960_720.jpg 960w\" sizes=\"auto, (max-width: 300px) 100vw, 300px\" \/><\/a>VENEZIA<\/strong> La giunta regionale su proposta dell\u2019assessore al lavoro Elena Donazzan ha deliberato la destinazione di ulteriori fondi per la reiterazione della misura di sostegno regionale integrativa delle indennit\u00e0 previste a livello nazionale a sostegno di lavoratori dello spettacolo, nonch\u00e9 per l\u2019estensione dell\u2019intervento ad una nuova platea di lavoratori. Il provvedimento prevede di stanziare ulteriori euro 2.450.000,00 ad integrazione delle risorse gi\u00e0 stanziate con deliberazioni di luglio e settembre 2020, al fine di finanziare il rinnovo della misura di sostegno regionale integrativa delle indennit\u00e0 previste a livello nazionale per i lavoratori dello spettacolo per i lavoratori gi\u00e0 rientranti nei precedenti interventi nazionali e regionali nonch\u00e9 per estendere la medesima misura anche i lavoratori iscritti al \u201cFondo pensioni lavoratori dello spettacolo\u201d che hanno presentato per la prima volta domanda all\u2019INPS entro il 30 novembre 2020. La cifra complessiva destinata a favore di queste categorie, compresa l\u2019estensione alla nuova platea, ammonta a 3.650.000 euro.<\/p>\n<p>&nbsp;<\/p>\n<p>&nbsp;<\/p>\n<hr \/>\n<p>&nbsp;<\/p>\n<blockquote>\n<h3>CONTRIBUTI ALLE ASSOCIAZIONI SPORTIVE: OLTRE 60 MILA EURO A SOSTEGNO DELL\u2019ATTIVIT\u00c0 DI BASE MESSA A DURA PROVA DALLE CONSEGUENZE DELLA PANDEMIA<\/h3>\n<\/blockquote>\n<p><strong><a href=\"https:\/\/www.radiopiu.net\/wordpress\/omaggi-a-feltre-dallalto\/94e3b68b-d386-4f94-8aa8-30105c25932b\/\" rel=\"attachment wp-att-145789\"><img loading=\"lazy\" decoding=\"async\" class=\"size-medium wp-image-145789 alignleft\" src=\"https:\/\/www.radiopiu.net\/wordpress\/wp-content\/uploads\/2020\/06\/94e3b68b-d386-4f94-8aa8-30105c25932b-300x225.jpg\" alt=\"\" width=\"300\" height=\"225\" srcset=\"https:\/\/www.radiopiu.net\/wordpress\/wp-content\/uploads\/2020\/06\/94e3b68b-d386-4f94-8aa8-30105c25932b-300x225.jpg 300w, https:\/\/www.radiopiu.net\/wordpress\/wp-content\/uploads\/2020\/06\/94e3b68b-d386-4f94-8aa8-30105c25932b-768x576.jpg 768w, https:\/\/www.radiopiu.net\/wordpress\/wp-content\/uploads\/2020\/06\/94e3b68b-d386-4f94-8aa8-30105c25932b.jpg 960w\" sizes=\"auto, (max-width: 300px) 100vw, 300px\" \/><\/a>FELTRE <\/strong>La giunta comunale ha approvato la graduatoria definitiva relativa ai contributi alle associazioni sportive del comune di Feltre per l\u2019anno 2020. Sono 15 le associazioni che, avendo soddisfatto i requisiti previsti nell\u2019avviso pubblico, beneficeranno complessivamente di oltre 60 mila euro. Numerose le discipline praticate dalle associazioni aggiudicatarie del contributo; dal calcio al rugby, dallo sci alla ginnastica, dal ciclismo agli sport del ghiaccio e al basket &#8211; solo per citarne alcune -, il mondo dello sport feltrino \u00e8 largamente rappresentato.<\/p>\n<p>&nbsp;<\/p>\n<blockquote><p><em><strong>AI MICROFONI DI RADIO PIU&#8217; IL PRESIDENTE DEL CONSIGLIO COMUNALE CON DELEGA ALLE ASSOCIAZIONI, MANUEL SACCHET<\/strong><\/em><\/p><\/blockquote>\n<audio class=\"wp-audio-shortcode\" id=\"audio-192338-8\" preload=\"none\" style=\"width: 100%;\" controls=\"controls\"><source type=\"audio\/mpeg\" src=\"https:\/\/www.radiopiu.net\/wordpress\/wp-content\/uploads\/2021\/02\/Audio-Sacchet-su-contributi-associazioni-sportive.mp3?_=8\" \/><a href=\"https:\/\/www.radiopiu.net\/wordpress\/wp-content\/uploads\/2021\/02\/Audio-Sacchet-su-contributi-associazioni-sportive.mp3\">https:\/\/www.radiopiu.net\/wordpress\/wp-content\/uploads\/2021\/02\/Audio-Sacchet-su-contributi-associazioni-sportive.mp3<\/a><\/audio>\n<p>&nbsp;<\/p>\n<hr \/>\n<p>&nbsp;<\/p>\n<h2><\/h2>\n<blockquote>\n<h3><strong>LA PIANA DI FALCADE TRA SCULTURE DI GHIACCIO E LE ILLUMINAZIONI<\/strong><\/h3>\n<\/blockquote>\n<p><strong>di Claudio Fontanive<\/strong><\/p>\n<p>OSPITE: Michele Costa Sindaco di Falcade<\/p>\n<audio class=\"wp-audio-shortcode\" id=\"audio-192338-9\" preload=\"none\" style=\"width: 100%;\" controls=\"controls\"><source type=\"audio\/mpeg\" src=\"https:\/\/www.radiopiu.net\/wordpress\/wp-content\/uploads\/2021\/02\/michele-costa.mp3?_=9\" \/><a href=\"https:\/\/www.radiopiu.net\/wordpress\/wp-content\/uploads\/2021\/02\/michele-costa.mp3\">https:\/\/www.radiopiu.net\/wordpress\/wp-content\/uploads\/2021\/02\/michele-costa.mp3<\/a><\/audio>\n<p>&nbsp;<\/p>\n\n\t\t\t<style type='text\/css'>\n\t\t\t\t#gallery-5 {\n\t\t\t\t\tmargin: auto;\n\t\t\t\t}\n\t\t\t\t#gallery-5 .gallery-item {\n\t\t\t\t\tfloat: left;\n\t\t\t\t\tmargin-top: 10px;\n\t\t\t\t\ttext-align: center;\n\t\t\t\t\twidth: 25%;\n\t\t\t\t}\n\t\t\t\t#gallery-5 img {\n\t\t\t\t\tborder: 2px solid #cfcfcf;\n\t\t\t\t}\n\t\t\t\t#gallery-5 .gallery-caption {\n\t\t\t\t\tmargin-left: 0;\n\t\t\t\t}\n\t\t\t\t\/* see gallery_shortcode() in wp-includes\/media.php *\/\n\t\t\t<\/style>\n\t\t<div id='gallery-5' class='dt-gallery-container gallery galleryid-192338 gallery-columns-4 gallery-size-medium'><dl class='gallery-item'>\n\t\t\t\t<dt class='gallery-icon portrait'>\n\t\t\t\t\t<a class=\"rollover rollover-zoom dt-pswp-item\" title=\"0bf92b01-6392-430b-bcd3-f59c25b28c38\" data-dt-img-description=\"\" data-large_image_width=\"1536\" data-large_image_height=\"2048\"href='https:\/\/www.radiopiu.net\/wordpress\/wp-content\/uploads\/2021\/02\/0bf92b01-6392-430b-bcd3-f59c25b28c38.jpg'><img loading=\"lazy\" decoding=\"async\" width=\"225\" height=\"300\" src=\"https:\/\/www.radiopiu.net\/wordpress\/wp-content\/uploads\/2021\/02\/0bf92b01-6392-430b-bcd3-f59c25b28c38-225x300.jpg\" class=\"attachment-medium size-medium\" alt=\"\" srcset=\"https:\/\/www.radiopiu.net\/wordpress\/wp-content\/uploads\/2021\/02\/0bf92b01-6392-430b-bcd3-f59c25b28c38-225x300.jpg 225w, https:\/\/www.radiopiu.net\/wordpress\/wp-content\/uploads\/2021\/02\/0bf92b01-6392-430b-bcd3-f59c25b28c38-768x1024.jpg 768w, https:\/\/www.radiopiu.net\/wordpress\/wp-content\/uploads\/2021\/02\/0bf92b01-6392-430b-bcd3-f59c25b28c38-1152x1536.jpg 1152w, https:\/\/www.radiopiu.net\/wordpress\/wp-content\/uploads\/2021\/02\/0bf92b01-6392-430b-bcd3-f59c25b28c38.jpg 1536w\" sizes=\"auto, (max-width: 225px) 100vw, 225px\" \/><\/a>\n\t\t\t\t<\/dt><\/dl><dl class='gallery-item'>\n\t\t\t\t<dt class='gallery-icon portrait'>\n\t\t\t\t\t<a class=\"rollover rollover-zoom dt-pswp-item\" title=\"2ff76b0e-bce2-413b-a76f-b81c09baa7fa\" data-dt-img-description=\"\" data-large_image_width=\"1536\" data-large_image_height=\"2048\"href='https:\/\/www.radiopiu.net\/wordpress\/wp-content\/uploads\/2021\/02\/2ff76b0e-bce2-413b-a76f-b81c09baa7fa.jpg'><img loading=\"lazy\" decoding=\"async\" width=\"225\" height=\"300\" src=\"https:\/\/www.radiopiu.net\/wordpress\/wp-content\/uploads\/2021\/02\/2ff76b0e-bce2-413b-a76f-b81c09baa7fa-225x300.jpg\" class=\"attachment-medium size-medium\" alt=\"\" srcset=\"https:\/\/www.radiopiu.net\/wordpress\/wp-content\/uploads\/2021\/02\/2ff76b0e-bce2-413b-a76f-b81c09baa7fa-225x300.jpg 225w, https:\/\/www.radiopiu.net\/wordpress\/wp-content\/uploads\/2021\/02\/2ff76b0e-bce2-413b-a76f-b81c09baa7fa-768x1024.jpg 768w, https:\/\/www.radiopiu.net\/wordpress\/wp-content\/uploads\/2021\/02\/2ff76b0e-bce2-413b-a76f-b81c09baa7fa-1152x1536.jpg 1152w, https:\/\/www.radiopiu.net\/wordpress\/wp-content\/uploads\/2021\/02\/2ff76b0e-bce2-413b-a76f-b81c09baa7fa.jpg 1536w\" sizes=\"auto, (max-width: 225px) 100vw, 225px\" \/><\/a>\n\t\t\t\t<\/dt><\/dl><dl class='gallery-item'>\n\t\t\t\t<dt class='gallery-icon portrait'>\n\t\t\t\t\t<a class=\"rollover rollover-zoom dt-pswp-item\" title=\"b77d4e27-da8e-46a4-9f52-e0734dbd4b1d\" data-dt-img-description=\"\" data-large_image_width=\"1536\" data-large_image_height=\"2048\"href='https:\/\/www.radiopiu.net\/wordpress\/wp-content\/uploads\/2021\/02\/b77d4e27-da8e-46a4-9f52-e0734dbd4b1d.jpg'><img loading=\"lazy\" decoding=\"async\" width=\"225\" height=\"300\" src=\"https:\/\/www.radiopiu.net\/wordpress\/wp-content\/uploads\/2021\/02\/b77d4e27-da8e-46a4-9f52-e0734dbd4b1d-225x300.jpg\" class=\"attachment-medium size-medium\" alt=\"\" srcset=\"https:\/\/www.radiopiu.net\/wordpress\/wp-content\/uploads\/2021\/02\/b77d4e27-da8e-46a4-9f52-e0734dbd4b1d-225x300.jpg 225w, https:\/\/www.radiopiu.net\/wordpress\/wp-content\/uploads\/2021\/02\/b77d4e27-da8e-46a4-9f52-e0734dbd4b1d-768x1024.jpg 768w, https:\/\/www.radiopiu.net\/wordpress\/wp-content\/uploads\/2021\/02\/b77d4e27-da8e-46a4-9f52-e0734dbd4b1d-1152x1536.jpg 1152w, https:\/\/www.radiopiu.net\/wordpress\/wp-content\/uploads\/2021\/02\/b77d4e27-da8e-46a4-9f52-e0734dbd4b1d.jpg 1536w\" sizes=\"auto, (max-width: 225px) 100vw, 225px\" \/><\/a>\n\t\t\t\t<\/dt><\/dl><dl class='gallery-item'>\n\t\t\t\t<dt class='gallery-icon portrait'>\n\t\t\t\t\t<a class=\"rollover rollover-zoom dt-pswp-item\" title=\"caa12c5b-4d32-4f0a-b592-fca6cc8fdd44\" data-dt-img-description=\"\" data-large_image_width=\"1536\" data-large_image_height=\"2048\"href='https:\/\/www.radiopiu.net\/wordpress\/wp-content\/uploads\/2021\/02\/caa12c5b-4d32-4f0a-b592-fca6cc8fdd44.jpg'><img loading=\"lazy\" decoding=\"async\" width=\"225\" height=\"300\" src=\"https:\/\/www.radiopiu.net\/wordpress\/wp-content\/uploads\/2021\/02\/caa12c5b-4d32-4f0a-b592-fca6cc8fdd44-225x300.jpg\" class=\"attachment-medium size-medium\" alt=\"\" srcset=\"https:\/\/www.radiopiu.net\/wordpress\/wp-content\/uploads\/2021\/02\/caa12c5b-4d32-4f0a-b592-fca6cc8fdd44-225x300.jpg 225w, https:\/\/www.radiopiu.net\/wordpress\/wp-content\/uploads\/2021\/02\/caa12c5b-4d32-4f0a-b592-fca6cc8fdd44-768x1024.jpg 768w, https:\/\/www.radiopiu.net\/wordpress\/wp-content\/uploads\/2021\/02\/caa12c5b-4d32-4f0a-b592-fca6cc8fdd44-1152x1536.jpg 1152w, https:\/\/www.radiopiu.net\/wordpress\/wp-content\/uploads\/2021\/02\/caa12c5b-4d32-4f0a-b592-fca6cc8fdd44.jpg 1536w\" sizes=\"auto, (max-width: 225px) 100vw, 225px\" \/><\/a>\n\t\t\t\t<\/dt><\/dl><br style=\"clear: both\" \/>\n\t\t\t<\/div>\n\n<p>&nbsp;<\/p>\n<p>&nbsp;<\/p>\n<hr \/>\n<p>&nbsp;<\/p>\n<blockquote>\n<h3>CHI DICE DONO&#8230; DICE DONNA. LUNEDI CON VALERIA LUSZIT<\/h3>\n<\/blockquote>\n<div class=\"\" dir=\"auto\">\n<div id=\"jsc_c_1sf\" class=\"ecm0bbzt hv4rvrfc ihqw7lf3 dati1w0a\" data-ad-comet-preview=\"message\" data-ad-preview=\"message\">\n<div class=\"j83agx80 cbu4d94t ew0dbk1b irj2b8pg\">\n<div class=\"qzhwtbm6 knvmm38d\">\n<div class=\"kvgmc6g5 cxmmr5t8 oygrvhab hcukyx3x c1et5uql ii04i59q\">\n<div dir=\"auto\">\n<div class=\"\" dir=\"auto\">\n<div id=\"jsc_c_1sf\" class=\"ecm0bbzt hv4rvrfc ihqw7lf3 dati1w0a\" data-ad-comet-preview=\"message\" data-ad-preview=\"message\">\n<div class=\"j83agx80 cbu4d94t ew0dbk1b irj2b8pg\">\n<div class=\"qzhwtbm6 knvmm38d\">\n<div class=\"kvgmc6g5 cxmmr5t8 oygrvhab hcukyx3x c1et5uql ii04i59q\">\n<div dir=\"auto\"><strong><img loading=\"lazy\" decoding=\"async\" class=\"i09qtzwb n7fi1qx3 datstx6m pmk7jnqg j9ispegn kr520xx4 k4urcfbm bixrwtb6 alignleft\" src=\"https:\/\/scontent.fmxp3-1.fna.fbcdn.net\/v\/t1.0-9\/151296953_3635123103230037_4603856322622907453_n.jpg?_nc_cat=109&amp;ccb=3&amp;_nc_sid=730e14&amp;_nc_ohc=yXpjPzCDRrQAX85T1X5&amp;_nc_ht=scontent.fmxp3-1.fna&amp;oh=5fa3b69a574a19e71b3ec514c068061d&amp;oe=6054592F\" alt=\"Potrebbe essere un'immagine raffigurante 1 persona, in piedi, montagna e natura\" width=\"315\" height=\"236\" \/>BELLUNO<\/strong> L&#8217;associazione donatori di organi (Aido) ha organizato il settimo appuntamento: Valeria Lusztig in diretta streaming lunedi spiegher\u00e0 come \u00e8 vivere la vita con la fibrosi cistica. Lunedi alle 20.45.\u00a0 Dalla sete d&#8217;aria, al trapianto di polmoni, alla sorpresa dei panorami in vetta.\u00a0 In diretta streaming sulla\u00a0 pagina Facebook e Youtube.\u00a0 Link per seguire la diretta-<a class=\"oajrlxb2 g5ia77u1 qu0x051f esr5mh6w e9989ue4 r7d6kgcz rq0escxv nhd2j8a9 nc684nl6 p7hjln8o kvgmc6g5 cxmmr5t8 oygrvhab hcukyx3x jb3vyjys rz4wbd8a qt6c0cv9 a8nywdso i1ao9s8h esuyzwwr f1sip0of lzcic4wl py34i1dx gpro0wi8\" tabindex=\"0\" role=\"link\" href=\"https:\/\/bit.ly\/3saL5V4?fbclid=IwAR27Rz-dk8JXHy_oppRdj2R3mJHZsuTn1vAqyIYObDVdJHZAsDF4uuFvBzw\" target=\"_blank\" rel=\"nofollow noopener\">https:\/\/bit.ly\/3saL5V4<\/a><\/div>\n<\/div>\n<div class=\"o9v6fnle cxmmr5t8 oygrvhab hcukyx3x c1et5uql ii04i59q\">\n<div dir=\"auto\">&#8212;-<\/div>\n<div dir=\"auto\"><strong>Vale Valerocchia Lusztig <\/strong>Lei \u00e8 Valeria, ha 45 anni, \u00e8 giornalista freelance e si occupa di comunicazione.<\/div>\n<\/div>\n<div class=\"o9v6fnle cxmmr5t8 oygrvhab hcukyx3x c1et5uql ii04i59q\">\n<div dir=\"auto\">E&#8217; mamma di una ragazzina di 13 anni, \u00e8 sposata e vive a Reggio Emilia. Il 23 agosto scorso, con una cordata di sei <a href=\"https:\/\/www.radiopiu.net\/wordpress\/chi-dice-dono-dice-donna-lunedi-con-valeria-luszit\/72179519_2488392681236424_906358178151661568_o\/\" rel=\"attachment wp-att-192600\"><img loading=\"lazy\" decoding=\"async\" class=\" wp-image-192600 alignright\" src=\"https:\/\/www.radiopiu.net\/wordpress\/wp-content\/uploads\/2021\/02\/72179519_2488392681236424_906358178151661568_o-300x240.jpg\" alt=\"\" width=\"220\" height=\"176\" srcset=\"https:\/\/www.radiopiu.net\/wordpress\/wp-content\/uploads\/2021\/02\/72179519_2488392681236424_906358178151661568_o-300x240.jpg 300w, https:\/\/www.radiopiu.net\/wordpress\/wp-content\/uploads\/2021\/02\/72179519_2488392681236424_906358178151661568_o-768x614.jpg 768w, https:\/\/www.radiopiu.net\/wordpress\/wp-content\/uploads\/2021\/02\/72179519_2488392681236424_906358178151661568_o.jpg 1000w\" sizes=\"auto, (max-width: 220px) 100vw, 220px\" \/><\/a>donne e un uomo, una guida Cai, scala il Balmenhorn, sul massiccio del Monte Rosa e arriva, non senza difficolt\u00e0, a 4167 metri. Lo fa con le donne che si sono unite al suo progetto \u201cGuardami adesso\u201d, che intende riunire e portare in \u201cspedizioni di riscatto\u201d, che sia in cammino, o su vette mai raggiunte prima, donne dal passato sanitario difficile. E mentre lo fa, raccogliere fondi per enti benefici che si occupano di sanit\u00e0, o di contrastare la violenza di genere. Per la salita dello scorso agosto ha raccolto fondi per la Fondazione Ricerca Fibrosi Cistica.<\/div>\n<div dir=\"auto\">S\u00ec perch\u00e9 Valeria condivide la vita con questa malattia, tutt&#8217;ora incurabile, dalla nascita, che l&#8217;ha portata a subire un trapianto bipolmonare, circa tre anni fa. Si ha notizia, ad oggi, di soli tre trapiantati polmonari al mondo ad essere saliti oltre i 4000 metri. Guardami adesso \u00e8 una pagina Facebook e appena sar\u00e0 possibile, organizzer\u00e0 cordate per tutti, a scopo benefico e certamente terapeutico per chi vorr\u00e0 aggregarsi. &lt;Perch\u00e9 condivisione, amicizia, risate e cammini sono terapie insostituibili&gt;.<\/div>\n<\/div>\n<\/div>\n<\/div>\n<\/div>\n<\/div>\n<div id=\"jsc_c_1sg\" class=\"l9j0dhe7\">\n<div class=\"l9j0dhe7\">\n<div class=\"bp9cbjyn tqsryivl j83agx80 cbu4d94t ni8dbmo4 stjgntxs l9j0dhe7 k4urcfbm\">\n<div class=\"do00u71z ni8dbmo4 stjgntxs l9j0dhe7\">\n<div class=\"pmk7jnqg kr520xx4\"><\/div>\n<\/div>\n<\/div>\n<\/div>\n<\/div>\n<\/div>\n<\/div>\n<\/div>\n<\/div>\n<\/div>\n<\/div>\n<div id=\"jsc_c_1sg\" class=\"l9j0dhe7\">\n<div class=\"l9j0dhe7\">\n<div class=\"bp9cbjyn tqsryivl j83agx80 cbu4d94t ni8dbmo4 stjgntxs l9j0dhe7 k4urcfbm\">\n<div class=\"do00u71z ni8dbmo4 stjgntxs l9j0dhe7\">\n<div class=\"pmk7jnqg kr520xx4\"><\/div>\n<\/div>\n<\/div>\n<\/div>\n<\/div>\n<p>&nbsp;<\/p>\n<p>&nbsp;<\/p>\n<p>&nbsp;<\/p>\n<p>&nbsp;<\/p>\n<hr \/>\n<p>&nbsp;<\/p>\n<blockquote>\n<h3>SALVIAMO GLI IMPOLLINATORI: IL PROGETTO DI STUDIO E MONITORAGGIO<\/h3>\n<\/blockquote>\n<p><strong><a href=\"https:\/\/www.radiopiu.net\/wordpress\/salviamo-gli-impollinatori-il-progetto-di-studio-e-monitoraggio-avviato-dal-parco-nel-2020-prosegue-anche-questanno\/ape-polline\/\" rel=\"attachment wp-att-192404\"><img loading=\"lazy\" decoding=\"async\" class=\" wp-image-192404 alignleft\" src=\"https:\/\/www.radiopiu.net\/wordpress\/wp-content\/uploads\/2021\/02\/APE-POLLINE-300x199.jpg\" alt=\"\" width=\"119\" height=\"79\" srcset=\"https:\/\/www.radiopiu.net\/wordpress\/wp-content\/uploads\/2021\/02\/APE-POLLINE-300x199.jpg 300w, https:\/\/www.radiopiu.net\/wordpress\/wp-content\/uploads\/2021\/02\/APE-POLLINE-1024x680.jpg 1024w, https:\/\/www.radiopiu.net\/wordpress\/wp-content\/uploads\/2021\/02\/APE-POLLINE-768x510.jpg 768w, https:\/\/www.radiopiu.net\/wordpress\/wp-content\/uploads\/2021\/02\/APE-POLLINE-1536x1020.jpg 1536w, https:\/\/www.radiopiu.net\/wordpress\/wp-content\/uploads\/2021\/02\/APE-POLLINE.jpg 1920w\" sizes=\"auto, (max-width: 119px) 100vw, 119px\" \/><\/a>FELTRE <\/strong>\u00a0Per approfondire le conoscenze sugli impollinatori e raccogliere informazioni che possano essere utili per contrastarne il declino il Parco Nazionale Dolomiti Bellunesi ha avviato\u00a0 un progetto di ricerca coinvolgendo l\u2019Universit\u00e0 di Bologna e la Fondazione Mach di San Michele all\u2019Adige. Nelle prossime settimane saranno disponibili i risultati del primo anno di indagini. Data la rilevanza dei risultati raccolti lo scorso anno il Ministero dell\u2019Ambiente ha rifinanziato il progetto, che potr\u00e0 quindi proseguire anche nel 2021, con il coinvolgimento dell\u2019Universit\u00e0 di Bologna e del Dipartimento di Biologia dell\u2019Universit\u00e0 di Padova.<\/p>\n<p>&nbsp;<\/p>\n<hr \/>\n<p>&nbsp;<\/p>\n<blockquote>\n<h3>ANTONIO GUADAGNINI, LA CARICA PIU&#8217; IMPORTANTE<\/h3>\n<\/blockquote>\n<p><strong>AGORDO<\/strong> Dal periodico &#8220;Quattro Pagine Agordine&#8221; un momento importante per Agordo, la nomina di Toni Guadagnini alla presidenza dell&#8217;allora Azienza Autonoma Soggiorno e Turismo della Conca Agordina (gi\u00e0 allora, ed era il 1979, il redattore aveva evitato Basso Agordino). La mia generazione \u00e8 cresciuta con la corsa nei sacchi a San Lucano, mentre gli adulti si sfidavano nel palo della cuccagna o la gara delle pignatte. Il presidente arrivava a San Lucano con il megafono e uno scatolone di medaglie.\u00a0 Nel 1983 a giugno Radio Pi\u00f9 iniziava le trasmissioni seguendo gli eventi agordini, tra i primi nel mese di agosto il primo Palio dei Cento (10 frazioni, altrettanti atleti e di qui il primo nome di Palio dei Cento), cio\u00e8 Toni Guadagnini scriveva la prima pagina della storia dell&#8217;amato evento sul Broi di Agordo. Sono solo due esempi certo che chi lo ha incontrato restando contagiato dal suo entusiasmo ne abbia da raccontare. Qui proponiamo l&#8217;articolo di allora con un caro ricordo anche di chi non c&#8217;\u00e8 pi\u00f9.<\/p>\n<p><a href=\"https:\/\/www.radiopiu.net\/wordpress\/antonio-guadagnini-la-carica-piu-importante\/antonio-guadagnini\/\" rel=\"attachment wp-att-192465\"><img loading=\"lazy\" decoding=\"async\" class=\"alignnone wp-image-192465 size-full\" src=\"https:\/\/www.radiopiu.net\/wordpress\/wp-content\/uploads\/2021\/02\/antonio-guadagnini.png\" alt=\"\" width=\"254\" height=\"433\" srcset=\"https:\/\/www.radiopiu.net\/wordpress\/wp-content\/uploads\/2021\/02\/antonio-guadagnini.png 254w, https:\/\/www.radiopiu.net\/wordpress\/wp-content\/uploads\/2021\/02\/antonio-guadagnini-176x300.png 176w\" sizes=\"auto, (max-width: 254px) 100vw, 254px\" \/><\/a><\/p>\n<p>&nbsp;<\/p>\n<p>&nbsp;<\/p>\n<hr \/>\n<p>&nbsp;<\/p>\n<blockquote>\n<h3>MERCOLEDI&#8217; CONSIGLIO COMUNALE AD ALLEGHE<\/h3>\n<\/blockquote>\n<p><strong>ALLEGHE<\/strong> Il sindaco di Alleghe Danilo De Toni ha convocato il consiglio comunale per mercoled\u00ec alle 18:30. Dieci i punti da discutere tra cui le spese di urbanizzazione, il canone patrimoniale di concessione per pubblicit\u00e0 e per l&#8217;occupazione del suolo destinata ai mercati, il piano di valorizzazione immoboliare, due variazioni al bilancio e l&#8217;approvazione dello schema di convenzione con BIM Belluno Infrastrutture per l&#8217;affidamento della gestione dell&#8217;impianto idroelettrico comunale &#8220;I Mulini&#8221;.<\/p>\n<p>&nbsp;<\/p>\n<p>&nbsp;<\/p>\n<hr \/>\n<p>&nbsp;<\/p>\n<blockquote>\n<h3>LE PROPOSTE PER LA MODIFICA DEL PIANO DEGLI INTERVENTI<\/h3>\n<\/blockquote>\n<p><strong>FALCADE<\/strong>\u00a0 <em>&#8220;Il Comune di Falcade comunica che \u00e8 stato pubblicato un importante <u>AVVISO\u00a0per la\u00a0presentazione delle proposte per la modifica del Piano degli Interventi<\/u>, a firma del Sindaco Michele Costa,\u00a0 l<\/em><em>&#8216;avviso \u00e8 pubblicato e scaricabile dal sito internet del Comune di Falcade. <\/em><em>Le proposte dovranno pervenire entro e non oltre il 18 marzo 2021&#8243;<\/em><\/p>\n<div><\/div>\n<p>&nbsp;<\/p>\n<hr \/>\n<p>&nbsp;<\/p>\n<blockquote>\n<h3>ASCA ALLA RICERCA DI UN ISTRUTTORE AMMINISTRATIVO ADDETTO AL PERSONALE E INFERMIERI<\/h3>\n<\/blockquote>\n<p><strong><a href=\"https:\/\/www.radiopiu.net\/wordpress\/asca-ricerca-personale-infermieristico\/asca-4\/\" rel=\"attachment wp-att-128881\"><img loading=\"lazy\" decoding=\"async\" class=\" wp-image-128881 alignleft\" src=\"https:\/\/www.radiopiu.net\/wordpress\/wp-content\/uploads\/2020\/04\/ASCA-300x165.png\" alt=\"\" width=\"224\" height=\"123\" srcset=\"https:\/\/www.radiopiu.net\/wordpress\/wp-content\/uploads\/2020\/04\/ASCA-300x165.png 300w, https:\/\/www.radiopiu.net\/wordpress\/wp-content\/uploads\/2020\/04\/ASCA-1024x565.png 1024w, https:\/\/www.radiopiu.net\/wordpress\/wp-content\/uploads\/2020\/04\/ASCA-768x424.png 768w, https:\/\/www.radiopiu.net\/wordpress\/wp-content\/uploads\/2020\/04\/ASCA.png 1211w\" sizes=\"auto, (max-width: 224px) 100vw, 224px\" \/><\/a>AGORDO<\/strong> L&#8217;Azienda Speciale Consortile Agordina \u00e8 alla ricerca di un istruttore amministrativo addetto al personale da inserire nell\u2019organico amministrativo della Residenza Sanitaria Anziani di Agordo. Possono partecipare laureati in materie giuridiche od economiche o materie equipollenti, o diplomati con comprovata esperienza. La selezione \u00e8 finalizzata all\u2019inserimento a tempo indeterminato e pieno in Azienda. Il bando con il modello della domanda \u00e8 rinvenibile sul sito dell\u2019Azienda www.servizisocialiasca.it\u00a0.<br \/>\nL&#8217;amministratore unico di Asca Mariachiara Santin ha inoltre emanato un avviso di selezione utile alla formulazione di una graduatoria di idoneit\u00e0 finalizzata all&#8217;inserimento a tempo indeterminato pieno e part time della figura di infermiere con un premio di benvenuto di 250,00 \u20ac in beni e servizi di Welfare Aziendali (una tantum) e un premio produttivit\u00e0 \/welfare annuo di 2.500,00 euro pro capite che viene erogato sulla base della valutazione e dopo almeno 7 mesi di lavoro continuativo in Azienda. Per informazioni \u00e8 possibile rivolgersi alla Segreteria dell\u2019Azienda A.S.C.A.: e-mail: amministrazione@servizisocialiasca.it<\/p>\n<p>&nbsp;<\/p>\n<p>&nbsp;<\/p>\n<hr \/>\n<blockquote>\n<h3><\/h3>\n<h3>CERCASI FARMACISTI-COLLABORATORI AD AGORDO<\/h3>\n<\/blockquote>\n<p><strong><img loading=\"lazy\" decoding=\"async\" class=\"alignleft\" src=\"https:\/\/www.radiopiu.net\/wordpress\/wp-content\/uploads\/2020\/06\/e557474c-a46e-408a-ad77-242a0f3ef7c9.jpg\" width=\"62\" height=\"83\" \/>AGORDO<\/strong> L&#8217;Azienda Speciale Agordo Servizi ha indetto una selezione per la copertura di due posti e tempo pieno (40 ore) come Farmacista-collaboratore di primo livello. Il candidato dovr\u00e0 essere in grado di svolgere attivit\u00e0 ad elevato contenuto professionale di natura sanitaria o tecnica amministrativa in condizione di ampia autonomia. Le domande devono essere presentate entro le 12 del 3 marzo. Di seguito tutti i particolari compreso il calendario della prova che sar\u00e0 pubblicato sul sito agordofarmaciacomunale.it<\/p>\n<p>&nbsp;<\/p>\n<hr \/>\n<p>&nbsp;<\/p>\n<blockquote>\n<h3>FESTIVAL SOTTOCOPERTA: DOMENICA LA SECONDA LETTURA IN STREAMING<\/h3>\n<\/blockquote>\n<p><span style=\"color: #000000;\"><strong>LIMANA <\/strong><\/span><span style=\"color: #000000;\">Continua il progetto SottoCoperta ed il prossimo appuntamento in streaming sar\u00e0 domenica 21 febbraio, alle ore 18.00, lettura e narrazione per bambini dai 6 anni in su con Pino Costalunga. <\/span><span style=\"color: #000000;\">Un incontro all&#8217;insegna del divertimento e del gioco con Pino Costalunga, che proporra\u0300 giochi linguistici, trovate fantastiche, fiabe e rime di autori per ragazzi &#8211; e anche sue! &#8211; in un incontro all&#8217;insegna della leggerezza e del godimento non solo della pancia, ma anche del cuore e del cervello. <\/span><span style=\"color: #000000;\">Uno spettacolo di cui possono godere adulti e bambini. Per prenotare il link per la visione basta scrivere all&#8217;indirizzi mail sbogo.limana@valbelluna.bl.it<\/span><\/p>\n<blockquote><p>&nbsp;<\/p><\/blockquote>\n<p>&nbsp;<\/p>\n<hr \/>\n<p>&nbsp;<\/p>\n<blockquote>\n<h3>NUOVI ORARI CALL CENTER COVID DAL 1\u00b0 FEBBRAIO 2021<\/h3>\n<\/blockquote>\n<p><strong><a href=\"https:\/\/www.radiopiu.net\/wordpress\/giornale-radiopiu-26-gennaio-2021-direttore-mirko-mezzacasa\/numero-covid_febbraio-2021\/\" rel=\"attachment wp-att-186852\"><img loading=\"lazy\" decoding=\"async\" class=\"wp-image-186852 alignleft\" src=\"https:\/\/www.radiopiu.net\/wordpress\/wp-content\/uploads\/2021\/01\/numero-covid_febbraio-2021-300x212.jpg\" alt=\"\" width=\"202\" height=\"143\" srcset=\"https:\/\/www.radiopiu.net\/wordpress\/wp-content\/uploads\/2021\/01\/numero-covid_febbraio-2021-300x212.jpg 300w, https:\/\/www.radiopiu.net\/wordpress\/wp-content\/uploads\/2021\/01\/numero-covid_febbraio-2021-1024x724.jpg 1024w, https:\/\/www.radiopiu.net\/wordpress\/wp-content\/uploads\/2021\/01\/numero-covid_febbraio-2021-768x543.jpg 768w, https:\/\/www.radiopiu.net\/wordpress\/wp-content\/uploads\/2021\/01\/numero-covid_febbraio-2021-1536x1086.jpg 1536w, https:\/\/www.radiopiu.net\/wordpress\/wp-content\/uploads\/2021\/01\/numero-covid_febbraio-2021.jpg 2000w\" sizes=\"auto, (max-width: 202px) 100vw, 202px\" \/><\/a> <\/strong><\/p>\n<p><strong>\u00a0<\/strong><\/p>\n<p><strong>BELLUNO <\/strong>L&#8217;importante rallentamento epidemico registrato nelle ultime settimane e la conseguente forte riduzione delle telefonate con richiesta di informazioni da parte dei cittadini, consentono di rimodulare giorni ed orari di attivit\u00e0 del CALL CENTER COVID Dal 1\u00b0 febbraio 2021 lo 0437\/514343 sar\u00e0 attivo dalle 8 alle 18 da luned\u00ec a sabato.<\/p>\n<p>&nbsp;<\/p>\n<p>&nbsp;<\/p>\n<hr \/>\n<p>&nbsp;<\/p>\n<blockquote>\n<h3>PR RANCH, RIPRENDE LA GINNASTICA ARTISTICA<\/h3>\n<\/blockquote>\n<p><strong>AGORDO<\/strong> Riprenderanno marted\u00ec 9 febbraio al PalaRova di Agordo i corsi di ginnastica artistica. L&#8217;appuntamento \u00e8 dalle 16:30 alle 18:30. Per informazioni contattare Donatella al 348 4352362.<\/p>\n<p>&nbsp;<\/p>\n<p>&nbsp;<\/p>\n<hr \/>\n<p>&nbsp;<\/p>\n<blockquote>\n<h3>MUSLA LANCIA UNA CHALLENGE IN OCCASIONE DELLA GIORNATA INTERNAZIONALE DELLA MADRE LINGUA<\/h3>\n<\/blockquote>\n<p><strong>AGORDO\u00a0<\/strong>Il 21 Febbraio sar\u00e0 la giornata internazionale della madre lingua. Il MUSLA ha pensato di festeggiare la giornata raccogliendo dei video fatti dagli abitanti dell&#8217;Agordino che nel proprio dialetto, da quello Fodom a quello del Poi, dovranno dire una parola agordina, da chi \u00e8 stata tramandata e come si adopera. Il video deve essere della durata massima di 10 secondi e si pu\u00f2 inviare al numero 388 4955756 via Whatsapp, via mail a musla.agordino@gmail.com o sulle messaggistiche dei social Facebook o Instagram collegandosi alla pagina del MUSLA.<\/p>\n<p><strong>IL VIDEO CHE DESCRIVE L&#8217;INIZIATIVA<\/strong><\/p>\n<div style=\"width: 1200px;\" class=\"wp-video\"><video class=\"wp-video-shortcode\" id=\"video-192338-1\" width=\"1200\" height=\"675\" preload=\"metadata\" controls=\"controls\"><source type=\"video\/mp4\" src=\"https:\/\/www.radiopiu.net\/wordpress\/wp-content\/uploads\/2021\/02\/MUSLA-CHALLENGE.mp4?_=1\" \/><a href=\"https:\/\/www.radiopiu.net\/wordpress\/wp-content\/uploads\/2021\/02\/MUSLA-CHALLENGE.mp4\">https:\/\/www.radiopiu.net\/wordpress\/wp-content\/uploads\/2021\/02\/MUSLA-CHALLENGE.mp4<\/a><\/video><\/div>\n<p>&nbsp;<\/p>\n<hr \/>\n<p>&nbsp;<\/p>\n<p>&nbsp;<\/p>\n<blockquote>\n<h3><a href=\"https:\/\/www.radiopiu.net\/wordpress\/giornale-radiopiu-17-febbraio-2021-direttore-mirko-mezzacasa\/149288210_864291084356461_5213230709275692954_o\/\" rel=\"attachment wp-att-191849\"><img loading=\"lazy\" decoding=\"async\" class=\"wp-image-191849 alignleft\" src=\"https:\/\/www.radiopiu.net\/wordpress\/wp-content\/uploads\/2021\/02\/149288210_864291084356461_5213230709275692954_o-300x256.jpg\" alt=\"\" width=\"131\" height=\"112\" srcset=\"https:\/\/www.radiopiu.net\/wordpress\/wp-content\/uploads\/2021\/02\/149288210_864291084356461_5213230709275692954_o-300x256.jpg 300w, https:\/\/www.radiopiu.net\/wordpress\/wp-content\/uploads\/2021\/02\/149288210_864291084356461_5213230709275692954_o.jpg 600w\" sizes=\"auto, (max-width: 131px) 100vw, 131px\" \/><\/a>L&#8217;INIZIATIVA SOLIDALE DELLA CORALE DI LIMANA<\/h3>\n<\/blockquote>\n<p><strong>AUDIO<\/strong><\/p>\n<audio class=\"wp-audio-shortcode\" id=\"audio-192338-10\" preload=\"none\" style=\"width: 100%;\" controls=\"controls\"><source type=\"audio\/mpeg\" src=\"https:\/\/www.radiopiu.net\/wordpress\/wp-content\/uploads\/2021\/02\/cori-silvia2.mp3?_=10\" \/><a href=\"https:\/\/www.radiopiu.net\/wordpress\/wp-content\/uploads\/2021\/02\/cori-silvia2.mp3\">https:\/\/www.radiopiu.net\/wordpress\/wp-content\/uploads\/2021\/02\/cori-silvia2.mp3<\/a><\/audio>\n<p>PAGINA FACEBOOK <strong><span style=\"color: #0000ff;\"><a style=\"color: #0000ff;\" href=\"https:\/\/www.facebook.com\/corolimana\">CLICCA QUI\u00a0\u00a0<\/a><\/span><\/strong><\/p>\n<p>&nbsp;<\/p>\n<blockquote class=\"wp-embedded-content\" data-secret=\"svKILRBNwZ\"><p><a href=\"https:\/\/www.radiopiu.net\/wordpress\/conosciamo-i-cori-del-bellunese-con-la-corale-zumellese\/\">CONOSCIAMO I CORI DEL BELLUNESE, con la Corale Zumellese<\/a><\/p><\/blockquote>\n<p><iframe loading=\"lazy\" class=\"wp-embedded-content\" sandbox=\"allow-scripts\" security=\"restricted\" style=\"position: absolute; clip: rect(1px, 1px, 1px, 1px);\" title=\"&#8220;CONOSCIAMO I CORI DEL BELLUNESE, con la Corale Zumellese&#8221; &#8212; Radio Pi\u00f9\" src=\"https:\/\/www.radiopiu.net\/wordpress\/conosciamo-i-cori-del-bellunese-con-la-corale-zumellese\/embed\/#?secret=svKILRBNwZ\" data-secret=\"svKILRBNwZ\" width=\"600\" height=\"338\" frameborder=\"0\" marginwidth=\"0\" marginheight=\"0\" scrolling=\"no\"><\/iframe><\/p>\n<p>&nbsp;<\/p>\n<p>&nbsp;<\/p>\n<p>&nbsp;<\/p>\n<hr \/>\n<p>&nbsp;<\/p>\n<blockquote>\n<h2><span style=\"color: #ff0000;\">ALLA RADIO<\/span><\/h2>\n<h2><span style=\"color: #008000;\"><a href=\"https:\/\/www.radiopiu.net\/wordpress\/giornale-radiopiu-03-febbraio-2021-direttore-mirko-mezzacasa\/girl-1469748__340\/\" rel=\"attachment wp-att-188542\"><img loading=\"lazy\" decoding=\"async\" class=\"wp-image-188542 alignleft\" src=\"https:\/\/www.radiopiu.net\/wordpress\/wp-content\/uploads\/2021\/02\/girl-1469748__340-300x200.jpg\" alt=\"\" width=\"173\" height=\"115\" srcset=\"https:\/\/www.radiopiu.net\/wordpress\/wp-content\/uploads\/2021\/02\/girl-1469748__340-300x200.jpg 300w, https:\/\/www.radiopiu.net\/wordpress\/wp-content\/uploads\/2021\/02\/girl-1469748__340.jpg 510w\" sizes=\"auto, (max-width: 173px) 100vw, 173px\" \/><\/a><\/span><\/h2>\n<h2><\/h2>\n<h2><span style=\"color: #008000;\">ERBE E PIANTE CURATIVE&#8230;IL NUOVO PROGRAMMA DI PAOLA LANCIATO<\/span><\/h2>\n<p><strong>LA TERZA PUNTATA\u00a0\u00a0<\/strong><\/p>\n<audio class=\"wp-audio-shortcode\" id=\"audio-192338-11\" preload=\"none\" style=\"width: 100%;\" controls=\"controls\"><source type=\"audio\/mpeg\" src=\"https:\/\/www.radiopiu.net\/wordpress\/wp-content\/uploads\/2021\/02\/3-Il-pino-M.mp3?_=11\" \/><a href=\"https:\/\/www.radiopiu.net\/wordpress\/wp-content\/uploads\/2021\/02\/3-Il-pino-M.mp3\">https:\/\/www.radiopiu.net\/wordpress\/wp-content\/uploads\/2021\/02\/3-Il-pino-M.mp3<\/a><\/audio>\n<p><strong>LA RACCOLTA COMPLETA<\/strong><\/p>\n<blockquote class=\"wp-embedded-content\" data-secret=\"9c68PtQpRZ\"><p><a href=\"https:\/\/www.radiopiu.net\/wordpress\/erbe-e-piante-curative\/\">ERBE E PIANTE CURATIVE<\/a><\/p><\/blockquote>\n<p><iframe loading=\"lazy\" class=\"wp-embedded-content\" sandbox=\"allow-scripts\" security=\"restricted\" style=\"position: absolute; clip: rect(1px, 1px, 1px, 1px);\" title=\"&#8220;ERBE E PIANTE CURATIVE&#8221; &#8212; Radio Pi\u00f9\" src=\"https:\/\/www.radiopiu.net\/wordpress\/erbe-e-piante-curative\/embed\/#?secret=9c68PtQpRZ\" data-secret=\"9c68PtQpRZ\" width=\"600\" height=\"338\" frameborder=\"0\" marginwidth=\"0\" marginheight=\"0\" scrolling=\"no\"><\/iframe><\/p>\n<p>&nbsp;<\/p>\n<p>&nbsp;<\/p><\/blockquote>\n<hr \/>\n<p>&nbsp;<\/p>\n<div>\n<h2><span style=\"color: #33cccc;\">I RACCONTI DI PAOLO SOPPELSA il lunedi alle 9.30 e 18.30<\/span><\/h2>\n<blockquote class=\"wp-embedded-content\" data-secret=\"ItYuLDlDQI\"><p><a href=\"https:\/\/www.radiopiu.net\/wordpress\/i-racconti-di-paolo-soppelsa-sessantaduesima-puntata\/\">I RACCONTI DI PAOLO SOPPELSA SESSANTADUESIMA PUNTATA<\/a><\/p><\/blockquote>\n<p><iframe loading=\"lazy\" class=\"wp-embedded-content\" sandbox=\"allow-scripts\" security=\"restricted\" style=\"position: absolute; clip: rect(1px, 1px, 1px, 1px);\" title=\"&#8220;I RACCONTI DI PAOLO SOPPELSA SESSANTADUESIMA PUNTATA&#8221; &#8212; Radio Pi\u00f9\" src=\"https:\/\/www.radiopiu.net\/wordpress\/i-racconti-di-paolo-soppelsa-sessantaduesima-puntata\/embed\/#?secret=ItYuLDlDQI\" data-secret=\"ItYuLDlDQI\" width=\"600\" height=\"338\" frameborder=\"0\" marginwidth=\"0\" marginheight=\"0\" scrolling=\"no\"><\/iframe><\/p>\n<h3 class=\"kvgmc6g5 cxmmr5t8 oygrvhab hcukyx3x c1et5uql\"><span style=\"color: #0000ff;\">INFORMAZIONE il canale su TELEGRAM informazione di prima mano e in tempo reale. iscriviti ed aiutaci a farlo conoscere\u00a0<\/span><\/h3>\n<h2><span style=\"color: #33cccc;\"><strong>RACCOLTA COMPLETA<\/strong><\/span><\/h2>\n<blockquote class=\"wp-embedded-content\" data-secret=\"axoAvnRpiH\"><p><a href=\"https:\/\/www.radiopiu.net\/wordpress\/i-racconti-di-paolo-soppelsa\/\">I racconti di Paolo Soppelsa<\/a><\/p><\/blockquote>\n<p><iframe loading=\"lazy\" class=\"wp-embedded-content\" sandbox=\"allow-scripts\" security=\"restricted\" style=\"position: absolute; clip: rect(1px, 1px, 1px, 1px);\" title=\"&#8220;I racconti di Paolo Soppelsa&#8221; &#8212; Radio Pi\u00f9\" src=\"https:\/\/www.radiopiu.net\/wordpress\/i-racconti-di-paolo-soppelsa\/embed\/#?secret=axoAvnRpiH\" data-secret=\"axoAvnRpiH\" width=\"600\" height=\"338\" frameborder=\"0\" marginwidth=\"0\" marginheight=\"0\" scrolling=\"no\"><\/iframe><\/p>\n<\/div>\n<p>&nbsp;<\/p>\n<hr \/>\n<p>&nbsp;<\/p>\n<h2><\/h2>\n<h2><span style=\"color: #ff0000;\"><a href=\"https:\/\/www.radiopiu.net\/wordpress\/giornale-radiopiu-05-gennaio-2021-direttore-mirko-mezzacasa\/133200401_100838761953611_1258544160541445132_o-2\/\" rel=\"attachment wp-att-183078\"><img loading=\"lazy\" decoding=\"async\" class=\" wp-image-183078 alignleft\" src=\"https:\/\/www.radiopiu.net\/wordpress\/wp-content\/uploads\/2021\/01\/133200401_100838761953611_1258544160541445132_o-1-300x157.jpg\" alt=\"\" width=\"192\" height=\"101\" srcset=\"https:\/\/www.radiopiu.net\/wordpress\/wp-content\/uploads\/2021\/01\/133200401_100838761953611_1258544160541445132_o-1-300x157.jpg 300w, https:\/\/www.radiopiu.net\/wordpress\/wp-content\/uploads\/2021\/01\/133200401_100838761953611_1258544160541445132_o-1.jpg 526w\" sizes=\"auto, (max-width: 192px) 100vw, 192px\" \/><\/a>GOCCE DI FILOSOFIA, CON CHIARA CAU, CON LISA DE LUCA. <\/span><\/h2>\n<h2><span style=\"color: #ff0000;\">TUTTI I GIORNI DAL LUNEDI AL VENERDI ALLE 6.55 E ALLE 18.55<\/span><\/h2>\n<h3><span style=\"color: #ff00ff;\">PUNTATA 35<\/span><\/h3>\n<audio class=\"wp-audio-shortcode\" id=\"audio-192338-12\" preload=\"none\" style=\"width: 100%;\" controls=\"controls\"><source type=\"audio\/mpeg\" src=\"https:\/\/www.radiopiu.net\/wordpress\/wp-content\/uploads\/2021\/02\/FI5-2.mp3?_=12\" \/><a href=\"https:\/\/www.radiopiu.net\/wordpress\/wp-content\/uploads\/2021\/02\/FI5-2.mp3\">https:\/\/www.radiopiu.net\/wordpress\/wp-content\/uploads\/2021\/02\/FI5-2.mp3<\/a><\/audio>\n<p>&nbsp;<\/p>\n<h3>LA RACCOLTA COMPLETA<\/h3>\n<blockquote class=\"wp-embedded-content\" data-secret=\"cZfvqYtrQa\"><p><a href=\"https:\/\/www.radiopiu.net\/wordpress\/gocce-filosofia\/\">Gocce di filosofia<\/a><\/p><\/blockquote>\n<p><iframe loading=\"lazy\" class=\"wp-embedded-content\" sandbox=\"allow-scripts\" security=\"restricted\" style=\"position: absolute; clip: rect(1px, 1px, 1px, 1px);\" title=\"&#8220;Gocce di filosofia&#8221; &#8212; Radio Pi\u00f9\" src=\"https:\/\/www.radiopiu.net\/wordpress\/gocce-filosofia\/embed\/#?secret=cZfvqYtrQa\" data-secret=\"cZfvqYtrQa\" width=\"600\" height=\"338\" frameborder=\"0\" marginwidth=\"0\" marginheight=\"0\" scrolling=\"no\"><\/iframe><\/p>\n<p>&nbsp;<\/p>\n<hr \/>\n<p>&nbsp;<\/p>\n<div class=\"im_message_wrap clearfix\">\n<div class=\"im_content_message_wrap im_message_out\">\n<h2><span style=\"color: #ff0000;\">IERI ALLA RADIO\u00a0 IN VIVO VERSO 2020-21<\/span><\/h2>\n<p><strong><span style=\"color: #0000ff;\">IN ONDA DAL LUNEDI AL VENERDI ALLE 7.10, 10.10, 18.50\u00a0<\/span><\/strong><\/p>\n<blockquote class=\"wp-embedded-content\" data-secret=\"9t2O40ly0c\"><p><a href=\"https:\/\/www.radiopiu.net\/wordpress\/requiem-di-patrizia-valduga-legge-paola-vedana\/\">REQUIEM di PATRIZIA VALDUGA, legge PAOLA VEDANA<\/a><\/p><\/blockquote>\n<p><iframe loading=\"lazy\" class=\"wp-embedded-content\" sandbox=\"allow-scripts\" security=\"restricted\" style=\"position: absolute; clip: rect(1px, 1px, 1px, 1px);\" title=\"&#8220;REQUIEM di PATRIZIA VALDUGA, legge PAOLA VEDANA&#8221; &#8212; Radio Pi\u00f9\" src=\"https:\/\/www.radiopiu.net\/wordpress\/requiem-di-patrizia-valduga-legge-paola-vedana\/embed\/#?secret=9t2O40ly0c\" data-secret=\"9t2O40ly0c\" width=\"600\" height=\"338\" frameborder=\"0\" marginwidth=\"0\" marginheight=\"0\" scrolling=\"no\"><\/iframe><\/p>\n<p><strong>LA RACCOLTA<\/strong><\/p>\n<blockquote class=\"wp-embedded-content\" data-secret=\"aeXLfTksJT\"><p><a href=\"https:\/\/www.radiopiu.net\/wordpress\/in-vivo-verso\/\">In Vivo Verso<\/a><\/p><\/blockquote>\n<p><iframe loading=\"lazy\" class=\"wp-embedded-content\" sandbox=\"allow-scripts\" security=\"restricted\" style=\"position: absolute; clip: rect(1px, 1px, 1px, 1px);\" title=\"&#8220;In Vivo Verso&#8221; &#8212; Radio Pi\u00f9\" src=\"https:\/\/www.radiopiu.net\/wordpress\/in-vivo-verso\/embed\/#?secret=aeXLfTksJT\" data-secret=\"aeXLfTksJT\" width=\"600\" height=\"338\" frameborder=\"0\" marginwidth=\"0\" marginheight=\"0\" scrolling=\"no\"><\/iframe><\/p>\n<p>&nbsp;<\/p>\n<\/div>\n<\/div>\n<hr \/>\n<p>&nbsp;<\/p>\n<h2><span style=\"color: #808000;\">DUE MINUTI UN LIBRO\u00a0 TUTTI I GIORNI ALLA RADIO ALLE 9.30 E ALLE 18. QUINTA STAGIONE\u00a0 \u00a0<\/span><\/h2>\n<blockquote class=\"wp-embedded-content\" data-secret=\"BvNrlfR0HF\"><p><a href=\"https:\/\/www.radiopiu.net\/wordpress\/la-morte-e-il-mio-mestiere\/\">LA MORTE E&#8217; IL MIO MESTIERE<\/a><\/p><\/blockquote>\n<p><iframe loading=\"lazy\" class=\"wp-embedded-content\" sandbox=\"allow-scripts\" security=\"restricted\" style=\"position: absolute; clip: rect(1px, 1px, 1px, 1px);\" title=\"&#8220;LA MORTE E&#8217; IL MIO MESTIERE&#8221; &#8212; Radio Pi\u00f9\" src=\"https:\/\/www.radiopiu.net\/wordpress\/la-morte-e-il-mio-mestiere\/embed\/#?secret=BvNrlfR0HF\" data-secret=\"BvNrlfR0HF\" width=\"600\" height=\"338\" frameborder=\"0\" marginwidth=\"0\" marginheight=\"0\" scrolling=\"no\"><\/iframe><\/p>\n<p>&nbsp;<\/p>\n<h3><span style=\"color: #808000;\">\u00a0<\/span>LA RACCOLTA COMPLETA<\/h3>\n<blockquote class=\"wp-embedded-content\" data-secret=\"xzEKYIRHNO\"><p><a href=\"https:\/\/www.radiopiu.net\/wordpress\/due-minuti-un-libro\/\">Due minuti un libro<\/a><\/p><\/blockquote>\n<p><iframe loading=\"lazy\" class=\"wp-embedded-content\" sandbox=\"allow-scripts\" security=\"restricted\" style=\"position: absolute; clip: rect(1px, 1px, 1px, 1px);\" title=\"&#8220;Due minuti un libro&#8221; &#8212; Radio Pi\u00f9\" src=\"https:\/\/www.radiopiu.net\/wordpress\/due-minuti-un-libro\/embed\/#?secret=xzEKYIRHNO\" data-secret=\"xzEKYIRHNO\" width=\"600\" height=\"338\" frameborder=\"0\" marginwidth=\"0\" marginheight=\"0\" scrolling=\"no\"><\/iframe><\/p>\n<p>&nbsp;<\/p>\n<p>&nbsp;<\/p>\n<p>&nbsp;<\/p>\n<p>&nbsp;<\/p>\n<hr \/>\n<blockquote>\n<h2>SALUTE E SOCIETA&#8217; IL LUNEDI ALLE 13.10 E ALLE 20.10, LA DOMENICA ALLE 10.30 A CURA DEL DOTTOR MARCO CARACCIOLO. QUINTA STAGIONE<\/h2>\n<\/blockquote>\n<p><strong>LA PUNTATA DELLA SETTIMANA:<\/strong> L\u2019intergruppo parlamentare \u00abInsieme per un impegno contro il cancro\u00bb \u00e8 nato per superare ritardi nell\u2019assistenza e gravi disparit\u00e0 tra pazienti a livello regionale. Sono 15 punti alla base dell\u2019Accordo di legislatura tra politici e associazioni di pazienti che hanno dato vita al progetto \u00abLa salute: un bene da difendere, un diritto da promuovere\u00bb.<br \/>\nStefano Bellomo Avvocato Giuslavorista, Professore ordinario di Diritto del Lavoro Sapienza Universit\u00e0 di Roma Marina Puligheddu Dirigente Medico Legale I livello, Coordinamento Generale Medico Legale INPS Area Prestazioni a Sostegno del Reddito Annamaria Mancuso Coordinatrice del gruppo \u201cLa salute: un bene da difendere, un diritto da promuovere\u201d e Presidente Salute Donna Onlus<\/p>\n<audio class=\"wp-audio-shortcode\" id=\"audio-192338-13\" preload=\"none\" style=\"width: 100%;\" controls=\"controls\"><source type=\"audio\/mpeg\" src=\"https:\/\/www.radiopiu.net\/wordpress\/wp-content\/uploads\/2021\/02\/SALUTE-2.mp3?_=13\" \/><a href=\"https:\/\/www.radiopiu.net\/wordpress\/wp-content\/uploads\/2021\/02\/SALUTE-2.mp3\">https:\/\/www.radiopiu.net\/wordpress\/wp-content\/uploads\/2021\/02\/SALUTE-2.mp3<\/a><\/audio>\n<p>&nbsp;<\/p>\n<hr \/>\n<h2><\/h2>\n<h3 class=\"kvgmc6g5 cxmmr5t8 oygrvhab hcukyx3x c1et5uql\"><span style=\"color: #0000ff;\">INFORMAZIONE il canale su TELEGRAM informazione di prima mano e in tempo reale. iscriviti ed aiutaci a farlo conoscere\u00a0<\/span><\/h3>\n<h2>007 IN CONDOTTA CON LA PROF. MARIA ROSA SALMAZO IL LUNEDI ALLE 10,30 E ALLE 19.00 LA DOMENICA ALLE 8 DEL MATTINO. NONA STAGIONE<\/h2>\n<p><strong>LA PUNTATA DELLA SETTIMANA<\/strong><\/p>\n<p><span style=\"color: #800080;\"><strong>CARNEVALE<\/strong><\/span><\/p>\n<audio class=\"wp-audio-shortcode\" id=\"audio-192338-14\" preload=\"none\" style=\"width: 100%;\" controls=\"controls\"><source type=\"audio\/mpeg\" src=\"https:\/\/www.radiopiu.net\/wordpress\/wp-content\/uploads\/2021\/02\/007-15-febbraio.mp3?_=14\" \/><a href=\"https:\/\/www.radiopiu.net\/wordpress\/wp-content\/uploads\/2021\/02\/007-15-febbraio.mp3\">https:\/\/www.radiopiu.net\/wordpress\/wp-content\/uploads\/2021\/02\/007-15-febbraio.mp3<\/a><\/audio>\n<p>&nbsp;<\/p>\n<h2>LA RACCOLTA COMPLETA<\/h2>\n<blockquote class=\"wp-embedded-content\" data-secret=\"Z5QUej9Jgy\"><p><a href=\"https:\/\/www.radiopiu.net\/wordpress\/007incondotta-9\/\">007 in condotta<\/a><\/p><\/blockquote>\n<p><iframe loading=\"lazy\" class=\"wp-embedded-content\" sandbox=\"allow-scripts\" security=\"restricted\" style=\"position: absolute; clip: rect(1px, 1px, 1px, 1px);\" title=\"&#8220;007 in condotta&#8221; &#8212; Radio Pi\u00f9\" src=\"https:\/\/www.radiopiu.net\/wordpress\/007incondotta-9\/embed\/#?secret=Z5QUej9Jgy\" data-secret=\"Z5QUej9Jgy\" width=\"600\" height=\"338\" frameborder=\"0\" marginwidth=\"0\" marginheight=\"0\" scrolling=\"no\"><\/iframe><\/p>\n<p>&nbsp;<\/p>\n<p>&nbsp;<\/p>\n<hr \/>\n<p>&nbsp;<\/p>\n<div dir=\"auto\">\n<div>\n<h2><span style=\"color: #800080;\"><strong>LA RASSEGNA STAMPA DA L&#8217;AMICO DEL POPOLO\u00a0<\/strong><\/span><\/h2>\n<h3 class=\"kvgmc6g5 cxmmr5t8 oygrvhab hcukyx3x c1et5uql\"><span style=\"color: #0000ff;\"> INFORMAZIONE il canale su TELEGRAM informazione di prima mano e in tempo reale. iscriviti ed aiutaci a farlo conoscere\u00a0<\/span><\/h3>\n<p><strong><a href=\"https:\/\/www.radiopiu.net\/wordpress\/diana-iraci-chiede-le-pubblicazioni-delle-sue-interrogazioni-allamministrazione-di-rocca-pietore\/rocca-pietore-2\/\" rel=\"attachment wp-att-127376\"><img loading=\"lazy\" decoding=\"async\" class=\"size-medium wp-image-127376 alignleft\" src=\"https:\/\/www.radiopiu.net\/wordpress\/wp-content\/uploads\/2020\/04\/ROCCA-PIETORE-300x173.png\" alt=\"\" width=\"300\" height=\"173\" srcset=\"https:\/\/www.radiopiu.net\/wordpress\/wp-content\/uploads\/2020\/04\/ROCCA-PIETORE-300x173.png 300w, https:\/\/www.radiopiu.net\/wordpress\/wp-content\/uploads\/2020\/04\/ROCCA-PIETORE.png 712w\" sizes=\"auto, (max-width: 300px) 100vw, 300px\" \/><\/a>di Gianni Santomaso<\/strong><\/p>\n<p><strong>OSPITE<\/strong>: Diana Iraci, Consigliere di minoranza del comune di Rocca Pietore<\/p>\n<audio class=\"wp-audio-shortcode\" id=\"audio-192338-15\" preload=\"none\" style=\"width: 100%;\" controls=\"controls\"><source type=\"audio\/mpeg\" src=\"https:\/\/www.radiopiu.net\/wordpress\/wp-content\/uploads\/2021\/02\/RASSEGNA-GIANNI-1.mp3?_=15\" \/><a href=\"https:\/\/www.radiopiu.net\/wordpress\/wp-content\/uploads\/2021\/02\/RASSEGNA-GIANNI-1.mp3\">https:\/\/www.radiopiu.net\/wordpress\/wp-content\/uploads\/2021\/02\/RASSEGNA-GIANNI-1.mp3<\/a><\/audio>\n<p><strong>LA RACCOLTA COMPLETA<\/strong><\/p>\n<blockquote class=\"wp-embedded-content\" data-secret=\"2i2brzwfNx\"><p><a href=\"https:\/\/www.radiopiu.net\/wordpress\/rassegna-stampa-di-gianni-santomaso\/\">Rassegna stampa da l&#8217;amico del popolo &#8211; di Gianni Santomaso<\/a><\/p><\/blockquote>\n<p><iframe loading=\"lazy\" class=\"wp-embedded-content\" sandbox=\"allow-scripts\" security=\"restricted\" style=\"position: absolute; clip: rect(1px, 1px, 1px, 1px);\" title=\"&#8220;Rassegna stampa da l&#8217;amico del popolo &#8211; di Gianni Santomaso&#8221; &#8212; Radio Pi\u00f9\" src=\"https:\/\/www.radiopiu.net\/wordpress\/rassegna-stampa-di-gianni-santomaso\/embed\/#?secret=2i2brzwfNx\" data-secret=\"2i2brzwfNx\" width=\"600\" height=\"338\" frameborder=\"0\" marginwidth=\"0\" marginheight=\"0\" scrolling=\"no\"><\/iframe><\/p>\n<p>&nbsp;<\/p>\n<p>&nbsp;<\/p>\n<\/div>\n<\/div>\n<p>&nbsp;<\/p>\n<hr \/>\n<p>&nbsp;<\/p>\n<blockquote>\n<h3><a href=\"https:\/\/www.radiopiu.net\/wordpress\/almanacco-ladino-puntata-5-2020\/sn\/\" rel=\"attachment wp-att-180931\"><img loading=\"lazy\" decoding=\"async\" class=\"wp-image-180931 alignleft\" src=\"https:\/\/www.radiopiu.net\/wordpress\/wp-content\/uploads\/2020\/12\/sn-300x194.jpg\" alt=\"\" width=\"181\" height=\"117\" srcset=\"https:\/\/www.radiopiu.net\/wordpress\/wp-content\/uploads\/2020\/12\/sn-300x194.jpg 300w, https:\/\/www.radiopiu.net\/wordpress\/wp-content\/uploads\/2020\/12\/sn.jpg 626w\" sizes=\"auto, (max-width: 181px) 100vw, 181px\" \/><\/a>L&#8217;ALMANACCO LADINO CON L&#8217;ISTITUT CESA DE JAN QUINDICINALE APPUNTAMENTO. LA DOMENICA ALLE 9 IL LUNEDI ALLE 8.35 IL MARTEDI ALLE 12.35 IL MERCOLEDI ALLE 18.35. SECONDA STAGIONE.<\/h3>\n<p><strong>LA PUNTATA DELLA SETTIMANA<\/strong><\/p><\/blockquote>\n<audio class=\"wp-audio-shortcode\" id=\"audio-192338-16\" preload=\"none\" style=\"width: 100%;\" controls=\"controls\"><source type=\"audio\/mpeg\" src=\"https:\/\/www.radiopiu.net\/wordpress\/wp-content\/uploads\/2021\/02\/52\u00b0Almanach-Ladin_col.mp3?_=16\" \/><a href=\"https:\/\/www.radiopiu.net\/wordpress\/wp-content\/uploads\/2021\/02\/52\u00b0Almanach-Ladin_col.mp3\">https:\/\/www.radiopiu.net\/wordpress\/wp-content\/uploads\/2021\/02\/52\u00b0Almanach-Ladin_col.mp3<\/a><\/audio>\n<p>&nbsp;<\/p>\n<p><strong>RACCOLTA COMPLETA\u00a0<\/strong><\/p>\n<blockquote class=\"wp-embedded-content\" data-secret=\"upKUKB6VRj\"><p><a href=\"https:\/\/www.radiopiu.net\/wordpress\/almanacco-ladino\/\">Almanacco Ladino<\/a><\/p><\/blockquote>\n<p><iframe loading=\"lazy\" class=\"wp-embedded-content\" sandbox=\"allow-scripts\" security=\"restricted\" style=\"position: absolute; clip: rect(1px, 1px, 1px, 1px);\" title=\"&#8220;Almanacco Ladino&#8221; &#8212; Radio Pi\u00f9\" src=\"https:\/\/www.radiopiu.net\/wordpress\/almanacco-ladino\/embed\/#?secret=upKUKB6VRj\" data-secret=\"upKUKB6VRj\" width=\"600\" height=\"338\" frameborder=\"0\" marginwidth=\"0\" marginheight=\"0\" scrolling=\"no\"><\/iframe><\/p>\n<p>&nbsp;<\/p>\n<hr \/>\n<blockquote>\n<h2><\/h2>\n<h2>RITORNA AI MICROFONI DI RADIO PIU&#8217; FRANCESCO ZILLIO<br \/>\nterza puntata, stagione 2021 &#8211; auto elettriche.<\/h2>\n<\/blockquote>\n<p>&nbsp;<\/p>\n<p><iframe loading=\"lazy\" title=\"EPCENTER -EFFICIENZA ENERGETICA A SERVIZIO DELLE AUTO ELETTRICHE COMBINAZIONE POSITIVA DI TECNOLOGIA\" width=\"1200\" height=\"675\" src=\"https:\/\/www.youtube.com\/embed\/927qLatGDPc?start=246&#038;feature=oembed\" frameborder=\"0\" allow=\"accelerometer; autoplay; clipboard-write; encrypted-media; gyroscope; picture-in-picture\" allowfullscreen><\/iframe><\/p>\n<p>&nbsp;<\/p>\n<p><strong>LA VIDEO GALLERY\u00a0<\/strong><\/p>\n<blockquote class=\"wp-embedded-content\" data-secret=\"u6ugadxD0f\"><p><a href=\"https:\/\/www.radiopiu.net\/wordpress\/ep-center-video-gallery\/\">EP CENTER video gallery<\/a><\/p><\/blockquote>\n<p><iframe loading=\"lazy\" class=\"wp-embedded-content\" sandbox=\"allow-scripts\" security=\"restricted\" style=\"position: absolute; clip: rect(1px, 1px, 1px, 1px);\" title=\"&#8220;EP CENTER video gallery&#8221; &#8212; Radio Pi\u00f9\" src=\"https:\/\/www.radiopiu.net\/wordpress\/ep-center-video-gallery\/embed\/#?secret=u6ugadxD0f\" data-secret=\"u6ugadxD0f\" width=\"600\" height=\"338\" frameborder=\"0\" marginwidth=\"0\" marginheight=\"0\" scrolling=\"no\"><\/iframe><\/p>\n<p>&nbsp;<\/p>\n<p>&nbsp;<\/p>\n<hr \/>\n<h3><\/h3>\n<blockquote>\n<h3>SEI A CASA, CON LUCIA SOCCOL. SPECIALE A PUNTATE<\/h3>\n<\/blockquote>\n<h2><span style=\"color: #ff0000;\">STAGIONE 2021 la nuova edizione TERZA STAGIONE<\/span><\/h2>\n<h3>QUARTA PUNTATA con Lucia Soccol, case e mercato immobiliare, notizie e curiosit\u00e0. 11 FEBBRAIO 2021<\/h3>\n<h3>RACCOLTA COMPLETA<\/h3>\n<audio class=\"wp-audio-shortcode\" id=\"audio-192338-17\" preload=\"none\" style=\"width: 100%;\" controls=\"controls\"><source type=\"audio\/mpeg\" src=\"https:\/\/www.radiopiu.net\/wordpress\/wp-content\/uploads\/2021\/02\/sei-a-casa-218-febbraio.mp3?_=17\" \/><a href=\"https:\/\/www.radiopiu.net\/wordpress\/wp-content\/uploads\/2021\/02\/sei-a-casa-218-febbraio.mp3\">https:\/\/www.radiopiu.net\/wordpress\/wp-content\/uploads\/2021\/02\/sei-a-casa-218-febbraio.mp3<\/a><\/audio>\n<p>&nbsp;<\/p>\n<blockquote class=\"wp-embedded-content\" data-secret=\"g2d2fU4q67\"><p><a href=\"https:\/\/www.radiopiu.net\/wordpress\/ieri-alla-radio-sei-a-casa1\/\">SEI A CASA, CON LUCIA SOCCOL. SPECIALE A PUNTATE.<\/a><\/p><\/blockquote>\n<p><iframe loading=\"lazy\" class=\"wp-embedded-content\" sandbox=\"allow-scripts\" security=\"restricted\" style=\"position: absolute; clip: rect(1px, 1px, 1px, 1px);\" title=\"&#8220;SEI A CASA, CON LUCIA SOCCOL. SPECIALE A PUNTATE.&#8221; &#8212; Radio Pi\u00f9\" src=\"https:\/\/www.radiopiu.net\/wordpress\/ieri-alla-radio-sei-a-casa1\/embed\/#?secret=g2d2fU4q67\" data-secret=\"g2d2fU4q67\" width=\"600\" height=\"338\" frameborder=\"0\" marginwidth=\"0\" marginheight=\"0\" scrolling=\"no\"><\/iframe><\/p>\n<p>&nbsp;<\/p>\n<hr \/>\n<p>&nbsp;<\/p>\n<blockquote>\n<h2><\/h2>\n<h2>FANTASTICHE DOLOMITI, NUOVA STAGIONE. APPUNTAMENTO QUINDICINALE IL GIOVEDI ALLE 10.30 E 19.00<\/h2>\n<\/blockquote>\n<p><span style=\"color: #000000;\"><strong>LA NUOVA PUNTATA i corsi di formazione della Fondazione 11 FEBBRAIO 2021<\/strong><\/span><\/p>\n<h2><span style=\"color: #ff0000;\"><a href=\"https:\/\/www.radiopiu.net\/wordpress\/https-wp-me-p63lo7-gyg\/th-39\/\" rel=\"attachment wp-att-190450\"><img loading=\"lazy\" decoding=\"async\" class=\" wp-image-190450 alignleft\" src=\"https:\/\/www.radiopiu.net\/wordpress\/wp-content\/uploads\/2021\/01\/th-6.jpg\" alt=\"\" width=\"153\" height=\"102\" \/><\/a>LA OTTAVA PUNTATA, formazione personalizzata<\/span><\/h2>\n<p><strong>OSPITE IL PRESIDENTE CLAUDIO CANOVA<\/strong><\/p>\n<audio class=\"wp-audio-shortcode\" id=\"audio-192338-18\" preload=\"none\" style=\"width: 100%;\" controls=\"controls\"><source type=\"audio\/mpeg\" src=\"https:\/\/www.radiopiu.net\/wordpress\/wp-content\/uploads\/2021\/02\/fantastiche-dolomiti-11-febbraio.mp3?_=18\" \/><a href=\"https:\/\/www.radiopiu.net\/wordpress\/wp-content\/uploads\/2021\/02\/fantastiche-dolomiti-11-febbraio.mp3\">https:\/\/www.radiopiu.net\/wordpress\/wp-content\/uploads\/2021\/02\/fantastiche-dolomiti-11-febbraio.mp3<\/a><\/audio>\n<h3>LA RACCOLTA COMPLETA<\/h3>\n<p>https:\/\/www.radiopiu.net\/wordpress\/https-wp-me-p63lo7-gyg\/<\/p>\n<p>&nbsp;<\/p>\n<hr \/>\n<blockquote>\n<h2><\/h2>\n<h2>CASSA SOLIDARIET\u00c0 LUXOTTICA<\/h2>\n<\/blockquote>\n<h3><strong><span style=\"color: #ff0000;\">IL NUMERO DI FEBBRAIO CON PAOLO CHISSALE&#8217; E FABRIZIO CAMPEDEL\u00a0\u00a0<\/span><\/strong><\/h3>\n<audio class=\"wp-audio-shortcode\" id=\"audio-192338-19\" preload=\"none\" style=\"width: 100%;\" controls=\"controls\"><source type=\"audio\/mpeg\" src=\"https:\/\/www.radiopiu.net\/wordpress\/wp-content\/uploads\/2021\/02\/ca-sol-lux-febbraio.mp3?_=19\" \/><a href=\"https:\/\/www.radiopiu.net\/wordpress\/wp-content\/uploads\/2021\/02\/ca-sol-lux-febbraio.mp3\">https:\/\/www.radiopiu.net\/wordpress\/wp-content\/uploads\/2021\/02\/ca-sol-lux-febbraio.mp3<\/a><\/audio>\n<blockquote>\n<h2>RACCOLTA COMPLETA<\/h2>\n<\/blockquote>\n<blockquote class=\"wp-embedded-content\" data-secret=\"kt0sTGNBdZ\"><p><a href=\"https:\/\/www.radiopiu.net\/wordpress\/cassa-solidarieta-luxottica-puntata-del-16-ottobre-2020\/\">CASSA SOLIDARIET\u00c0 LUXOTTICA &#8211; PUNTATA DEL 20 NOVEMBRE 2020<\/a><\/p><\/blockquote>\n<p><iframe loading=\"lazy\" class=\"wp-embedded-content\" sandbox=\"allow-scripts\" security=\"restricted\" style=\"position: absolute; clip: rect(1px, 1px, 1px, 1px);\" title=\"&#8220;CASSA SOLIDARIET\u00c0 LUXOTTICA &#8211; PUNTATA DEL 20 NOVEMBRE 2020&#8221; &#8212; Radio Pi\u00f9\" src=\"https:\/\/www.radiopiu.net\/wordpress\/cassa-solidarieta-luxottica-puntata-del-16-ottobre-2020\/embed\/#?secret=kt0sTGNBdZ\" data-secret=\"kt0sTGNBdZ\" width=\"600\" height=\"338\" frameborder=\"0\" marginwidth=\"0\" marginheight=\"0\" scrolling=\"no\"><\/iframe><\/p>\n<div>\n<p>&nbsp;<\/p>\n<hr \/>\n<p>&nbsp;<\/p>\n<blockquote>\n<h3><a href=\"https:\/\/www.radiopiu.net\/wordpress\/giornale-radiopiu-06-febbraio-2019-direttore-mirko-mezzacasa\/logo_spi-cgil-800x445\/\" rel=\"attachment wp-att-75538\"><img loading=\"lazy\" decoding=\"async\" class=\"wp-image-75538 alignleft\" src=\"https:\/\/www.radiopiu.net\/wordpress\/wp-content\/uploads\/2019\/02\/Logo_Spi-CGIL-800x445-300x167.jpg\" alt=\"\" width=\"210\" height=\"117\" srcset=\"https:\/\/www.radiopiu.net\/wordpress\/wp-content\/uploads\/2019\/02\/Logo_Spi-CGIL-800x445-300x167.jpg 300w, https:\/\/www.radiopiu.net\/wordpress\/wp-content\/uploads\/2019\/02\/Logo_Spi-CGIL-800x445-768x427.jpg 768w, https:\/\/www.radiopiu.net\/wordpress\/wp-content\/uploads\/2019\/02\/Logo_Spi-CGIL-800x445.jpg 800w\" sizes=\"auto, (max-width: 210px) 100vw, 210px\" \/><\/a>ALLA RADIO, APPUNTAMENTO QUINDICINALE CON SPI-CGIL BELLUNO, IN STUDIO MARIA RITA GENTILIN<\/h3>\n<\/blockquote>\n<p><strong>di Claudio Fontanive<\/strong><\/p>\n<audio class=\"wp-audio-shortcode\" id=\"audio-192338-20\" preload=\"none\" style=\"width: 100%;\" controls=\"controls\"><source type=\"audio\/mpeg\" src=\"https:\/\/www.radiopiu.net\/wordpress\/wp-content\/uploads\/2021\/02\/spi-cgil-18-febbraio.mp3?_=20\" \/><a href=\"https:\/\/www.radiopiu.net\/wordpress\/wp-content\/uploads\/2021\/02\/spi-cgil-18-febbraio.mp3\">https:\/\/www.radiopiu.net\/wordpress\/wp-content\/uploads\/2021\/02\/spi-cgil-18-febbraio.mp3<\/a><\/audio>\n<p>&nbsp;<\/p>\n<p>&nbsp;<\/p>\n<hr \/>\n<p>&nbsp;<\/p>\n<blockquote>\n<h2><a href=\"https:\/\/www.radiopiu.net\/wordpress\/speciale-solidarieta-veneto\/solidarieta-veneto-3\/\" rel=\"attachment wp-att-134366\"><img loading=\"lazy\" decoding=\"async\" class=\"wp-image-134366 alignleft\" src=\"https:\/\/www.radiopiu.net\/wordpress\/wp-content\/uploads\/2020\/05\/solidariet\u00e0-veneto-300x210.jpg\" alt=\"\" width=\"102\" height=\"71\" srcset=\"https:\/\/www.radiopiu.net\/wordpress\/wp-content\/uploads\/2020\/05\/solidariet\u00e0-veneto-300x210.jpg 300w, https:\/\/www.radiopiu.net\/wordpress\/wp-content\/uploads\/2020\/05\/solidariet\u00e0-veneto-1024x717.jpg 1024w, https:\/\/www.radiopiu.net\/wordpress\/wp-content\/uploads\/2020\/05\/solidariet\u00e0-veneto-768x538.jpg 768w, https:\/\/www.radiopiu.net\/wordpress\/wp-content\/uploads\/2020\/05\/solidariet\u00e0-veneto.jpg 1373w\" sizes=\"auto, (max-width: 102px) 100vw, 102px\" \/><\/a>SOLIDARIETA&#8217; VENETO FONDO PENSIONE, IN ONDA IL PRIMO VENERDI DEL MESE ALLE 10.30 E ALLE 19.00 QUINTA STAGIONE<\/h2>\n<\/blockquote>\n<p><strong>AUDIO FEBBRAIO 2021<\/strong><\/p>\n<audio class=\"wp-audio-shortcode\" id=\"audio-192338-21\" preload=\"none\" style=\"width: 100%;\" controls=\"controls\"><source type=\"audio\/mpeg\" src=\"https:\/\/www.radiopiu.net\/wordpress\/wp-content\/uploads\/2021\/02\/solidarieta-veneto-febbraio.mp3?_=21\" \/><a href=\"https:\/\/www.radiopiu.net\/wordpress\/wp-content\/uploads\/2021\/02\/solidarieta-veneto-febbraio.mp3\">https:\/\/www.radiopiu.net\/wordpress\/wp-content\/uploads\/2021\/02\/solidarieta-veneto-febbraio.mp3<\/a><\/audio>\n<p>&nbsp;<\/p>\n<blockquote>\n<h2>RACCOLTA COMPLETA<\/h2>\n<\/blockquote>\n<blockquote class=\"wp-embedded-content\" data-secret=\"hJPLnLZrix\"><p><a href=\"https:\/\/www.radiopiu.net\/wordpress\/solidarieta-veneto\/\">Solidariet\u00e0 Veneto<\/a><\/p><\/blockquote>\n<p><iframe loading=\"lazy\" class=\"wp-embedded-content\" sandbox=\"allow-scripts\" security=\"restricted\" style=\"position: absolute; clip: rect(1px, 1px, 1px, 1px);\" title=\"&#8220;Solidariet\u00e0 Veneto&#8221; &#8212; Radio Pi\u00f9\" src=\"https:\/\/www.radiopiu.net\/wordpress\/solidarieta-veneto\/embed\/#?secret=hJPLnLZrix\" data-secret=\"hJPLnLZrix\" width=\"600\" height=\"338\" frameborder=\"0\" marginwidth=\"0\" marginheight=\"0\" scrolling=\"no\"><\/iframe><\/p>\n<p>&nbsp;<\/p>\n<p>&nbsp;<\/p>\n<\/div>\n<p>&nbsp;<\/p>\n<hr \/>\n<blockquote>\n<div>\n<h2><span style=\"color: #ff0000;\">ALLA RADIO<\/span><\/h2>\n<h2><strong>LE\u00a0 PUNTATE di Luisa Alchini di Leggermente Bellunesi, la domenica alle 11, <span style=\"color: #0000ff;\">IL MARTEDI IN PRIMA EDIZIONE\u00a0<\/span> alle 10.30 e alle 19.00<\/strong><\/h2>\n<h2><strong style=\"font-size: 14px;\"><span style=\"color: #000000;\">RACCOLTA COMPLETA<\/span><\/strong><\/h2>\n<\/div>\n<blockquote class=\"wp-embedded-content\" data-secret=\"A3xvhbQ5ky\"><p><a href=\"https:\/\/www.radiopiu.net\/wordpress\/leggermente-20\/\">LEGGERmente&#8230;Bellunesi<\/a><\/p><\/blockquote>\n<p><iframe loading=\"lazy\" class=\"wp-embedded-content\" sandbox=\"allow-scripts\" security=\"restricted\" style=\"position: absolute; clip: rect(1px, 1px, 1px, 1px);\" title=\"&#8220;LEGGERmente&#8230;Bellunesi&#8221; &#8212; Radio Pi\u00f9\" src=\"https:\/\/www.radiopiu.net\/wordpress\/leggermente-20\/embed\/#?secret=A3xvhbQ5ky\" data-secret=\"A3xvhbQ5ky\" width=\"600\" height=\"338\" frameborder=\"0\" marginwidth=\"0\" marginheight=\"0\" scrolling=\"no\"><\/iframe><\/p>\n<p>&nbsp;<\/p><\/blockquote>\n<p>&nbsp;<\/p>\n<div dir=\"auto\">\n<hr \/>\n<div>\n<h2><span style=\"color: #000080;\"><a class=\"dt-pswp-item\" href=\"https:\/\/www.radiopiu.net\/wordpress\/wp-content\/uploads\/2020\/10\/pp.jpg\" data-dt-img-description=\"\" data-large_image_width=\"640\" data-large_image_height=\"640\"><img loading=\"lazy\" decoding=\"async\" class=\"wp-image-163678 alignleft\" src=\"https:\/\/www.radiopiu.net\/wordpress\/wp-content\/uploads\/2020\/10\/pp-300x300.jpg\" alt=\"\" width=\"106\" height=\"106\" srcset=\"https:\/\/www.radiopiu.net\/wordpress\/wp-content\/uploads\/2020\/10\/pp-300x300.jpg 300w, https:\/\/www.radiopiu.net\/wordpress\/wp-content\/uploads\/2020\/10\/pp-150x150.jpg 150w, https:\/\/www.radiopiu.net\/wordpress\/wp-content\/uploads\/2020\/10\/pp-125x125.jpg 125w, https:\/\/www.radiopiu.net\/wordpress\/wp-content\/uploads\/2020\/10\/pp-200x200.jpg 200w, https:\/\/www.radiopiu.net\/wordpress\/wp-content\/uploads\/2020\/10\/pp-80x80.jpg 80w, https:\/\/www.radiopiu.net\/wordpress\/wp-content\/uploads\/2020\/10\/pp-480x480.jpg 480w, https:\/\/www.radiopiu.net\/wordpress\/wp-content\/uploads\/2020\/10\/pp.jpg 640w\" sizes=\"auto, (max-width: 106px) 100vw, 106px\" \/><\/a> <\/span><\/h2>\n<h2><span style=\"color: #000080;\">DON CESARE, IL PENSIERO DEL GIORNO. ALLA RADIO ALLE 7 DEL MATTINO E ALLE 19.30 DELLA SERA.\u00a0\u00a0<\/span><\/h2>\n<p>&nbsp;<\/p>\n<\/div>\n<p>&nbsp;<\/p>\n<p>&nbsp;<\/p>\n<audio class=\"wp-audio-shortcode\" id=\"audio-192338-22\" preload=\"none\" style=\"width: 100%;\" controls=\"controls\"><source type=\"audio\/mpeg\" src=\"https:\/\/www.radiopiu.net\/wordpress\/wp-content\/uploads\/2021\/02\/cesare-7.mp3?_=22\" \/><a href=\"https:\/\/www.radiopiu.net\/wordpress\/wp-content\/uploads\/2021\/02\/cesare-7.mp3\">https:\/\/www.radiopiu.net\/wordpress\/wp-content\/uploads\/2021\/02\/cesare-7.mp3<\/a><\/audio>\n<p>&nbsp;<\/p>\n<hr \/>\n<p>&nbsp;<\/p>\n<div>\n<p class=\"photoswipe-wrapper\"><a class=\"dt-pswp-item pspw-wrap-ready\" href=\"https:\/\/i0.wp.com\/www.radiopiu.net\/wordpress\/wp-content\/uploads\/2018\/09\/viabilita.jpeg?ssl=1\" data-dt-img-description=\"\" data-large_image_width=\"800\" data-large_image_height=\"100\"><img loading=\"lazy\" decoding=\"async\" class=\"aligncenter wp-image-61954 size-full\" src=\"https:\/\/i0.wp.com\/www.radiopiu.net\/wordpress\/wp-content\/uploads\/2018\/09\/viabilita.jpeg?resize=800%2C100&amp;ssl=1\" sizes=\"auto, (max-width: 800px) 100vw, 800px\" srcset=\"https:\/\/i0.wp.com\/www.radiopiu.net\/wordpress\/wp-content\/uploads\/2018\/09\/viabilita.jpeg?w=800&amp;ssl=1 800w, https:\/\/i0.wp.com\/www.radiopiu.net\/wordpress\/wp-content\/uploads\/2018\/09\/viabilita.jpeg?resize=300%2C38&amp;ssl=1 300w, https:\/\/i0.wp.com\/www.radiopiu.net\/wordpress\/wp-content\/uploads\/2018\/09\/viabilita.jpeg?resize=768%2C96&amp;ssl=1 768w\" alt=\"\" width=\"800\" height=\"100\" \/><\/a><\/p>\n<\/div>\n<p>&nbsp;<\/p>\n<p><strong>SR 347 DEL PASSO CEREDA E DURAN<\/strong> dal 22 al 26 febbraio senso unico alternato regolato da semaforo a Voltago per indagini geognostiche<\/p>\n<p><strong>SP 21 DI QUERO<\/strong> dal 22 febbraio al 5 marzo, esclusi sabato e domenica, interdizione totale al traffico tra Quero e Ponte Tegorzo per posa cavidotto per conto di E-Distribuzione<\/p>\n<p><strong>SP 10 DI ALANO\u00a0<\/strong>nei giorni 22 e 23 febbraio interdizione totale al traffico dalle 8 alle 18 in comune di Alano per taglio piante. Traffico deviato su viabilit\u00e0 alternativa<\/p>\n<p><strong>SP 422 DELL&#8217;ALPAGO E DEL CANSIGLIO<\/strong> fino al 23 febbraio interdizioni totali alla viabilit\u00e0 in localit\u00e0 Ponte Maina di Tambre dalle 9 alle 12:30, dalle 14:30 alle 15:40 e dalle 15:50 alle 17:45 per taglio e realizzazione drenaggi sul corpo frana<\/p>\n<p><strong>SP 251 DELLA VAL DI ZOLDO E CELLINA<\/strong> Istituzione di senso unico alternato regolato da semaforo nel comune di Val di Zoldo per messa in sicurezza della strada<\/p>\n<p><strong>SP 42 CAVALLERA<\/strong> fino a revoca, chiusura della strada nell&#8217;abitato di Perarolo per attivazione emergenza frana &#8220;Busa del Cristo&#8221;<\/p>\n<p><strong>S.P.2 DELLA VALLE DEL MIS\u00a0<\/strong>Interdizione totale al traffico fino a revoca dal km 14,920 (localit\u00e0 Gona Bassa) al km 20,650 (localit\u00e0 Titele) per cedimento della carreggiata<\/p>\n<p><strong>S.P. 5 DI LAMOSANO<\/strong>\u00a0Interdizione totale fino a revoca per presenza di materiale e alberi in strada.<\/p>\n<p><strong>SP 3 DELLA VAL IMPERINA<\/strong> fino a revoca, senso unico alternato regolato a vista in localit\u00e0 Gona di Conedera di Rivamonte per cedimento della carreggiata stradale<\/p>\n<p>&nbsp;<\/p>\n<p>&nbsp;<\/p>\n<hr \/>\n<p>&nbsp;<\/p>\n<div>\n<p class=\"photoswipe-wrapper\"><a class=\"dt-pswp-item pspw-wrap-ready\" href=\"https:\/\/i0.wp.com\/www.radiopiu.net\/wordpress\/wp-content\/uploads\/2018\/09\/WhatsApp-Image-2018-09-20-at-16.04.06.jpeg?ssl=1\" data-dt-img-description=\"\" data-large_image_width=\"800\" data-large_image_height=\"100\"><img loading=\"lazy\" decoding=\"async\" class=\"aligncenter wp-image-61378 size-full jetpack-lazy-image jetpack-lazy-image--handled\" src=\"https:\/\/i0.wp.com\/www.radiopiu.net\/wordpress\/wp-content\/uploads\/2018\/09\/WhatsApp-Image-2018-09-20-at-16.04.06.jpeg?resize=800%2C100&amp;ssl=1\" sizes=\"auto, (max-width: 800px) 100vw, 800px\" srcset=\"https:\/\/i0.wp.com\/www.radiopiu.net\/wordpress\/wp-content\/uploads\/2018\/09\/WhatsApp-Image-2018-09-20-at-16.04.06.jpeg?w=800&amp;ssl=1 800w, https:\/\/i0.wp.com\/www.radiopiu.net\/wordpress\/wp-content\/uploads\/2018\/09\/WhatsApp-Image-2018-09-20-at-16.04.06.jpeg?resize=300%2C38&amp;ssl=1 300w, https:\/\/i0.wp.com\/www.radiopiu.net\/wordpress\/wp-content\/uploads\/2018\/09\/WhatsApp-Image-2018-09-20-at-16.04.06.jpeg?resize=768%2C96&amp;ssl=1 768w\" alt=\"\" width=\"800\" height=\"100\" data-lazy-loaded=\"1\" \/><\/a><\/p>\n<p><b>\u00a0<\/b><\/p>\n<p><center><b>Sabato 20<\/b><\/center><b>Tempo atteso: <\/b>Sulle Dolomiti tempo ben soleggiato con cielo perlopi\u00f9 sereno, salvo qualche passeggero banco di nubi alte al primo mattino. Sulle Prealpi probabili nubi basse, le quali lasceranno spazio a tratti soleggiati, specie in quota. Contesto termico anormalmente mite in quota, mentre la situazione in valle dipender\u00e0 dalla presenza o meno delle nubi basse.<br \/>\n<b>Precipitazioni: <\/b>Assenti (0%).<br \/>\n<b>Temperature: <\/b>In lieve aumento a tutte le quote, eccetto qualche flessione per minime in alcune valli dolomitiche in caso d&#8217;irraggiamento notturno. Su Prealpi a 1500 m min 1\u00b0C max 5\u00b0C, a 2000 m min 1\u00b0C max 3\u00b0C. Su Dolomiti a 2000 m min 0\u00b0C max 4\u00b0C, a 3000 m min -3\u00b0C max 1\u00b0C.<br \/>\n<b>Venti: <\/b>Deboli\/moderati di direzione variabile nelle valli, salvo locali rinforzi per brezze notturne su alcuni settori prealpini; in quota deboli da ovest, a 5-10 km\/h a 2000 m e 10-15 km\/h a 3000 m.<\/p>\n<hr \/>\n<p><center><b>Domenica 21<\/b><\/center><b>Tempo atteso: <\/b>Sulle Dolomiti tempo molto soleggiato e particolarmente mite. Sulle Prealpi minore insidia nubi basse e nel caso ci fossero, sarebbero un po&#8217; pi\u00f9 limitate al livello spazio-temporale, anche se ancora assai presenti in alcune depressioni e nei settori a ridosso della pedemontana. Anomala mitezza sia di giorno che di notte in alta quota.<br \/>\n<b>Precipitazioni: <\/b>Assenti (0%).<br \/>\n<b>Temperature: <\/b>In ulteriore lieve aumento a tutte le quote, salvo stazionariet\u00e0 delle minime nelle valli. Valori ben superiori alla media del periodo, specie in quota. Non escluso un&#8217;eventuale calo delle minime nei fondovalle prealpini in caso di rasserenamenti notturni per minore insediamento delle nubi basse. Su Prealpi a 1500 m min 2\u00b0C max 6\u00b0C, a 2000 m min 2\u00b0C max 5\u00b0C. Su Dolomiti a 2000 m min 1\u00b0C max 5\u00b0C, a 3000 m min -1\u00b0C max 2\u00b0C.<br \/>\n<b>Venti: <\/b>Deboli\/moderati di direzione variabile nelle valli, salvo locali rinforzi per brezze notturne su alcuni settori prealpini; in quota deboli da sud sud-est al mattino, in rinforzo fino a moderati nelle ore centrali, anche tesi da sud-ovest alla sera sulle cime pi\u00f9 alte, a 5-15 km\/h a 2000 m e 10-35 km\/h a 3000 m.<\/p>\n<hr \/>\n<p><center><b>Lunedi 22<\/b><\/center>Tempo ben soleggiato con cielo sereno al mattino e leggermente velato da nubi alte al pomeriggio\/sera. Minore rischio nubi basse sulle Prealpi, ma maggiore insidia nebbia durante le ore pi\u00f9 fredde nei fondovalle. Contesto termico anormalmente mite in quota (assenza di gelate notturne oltre i 1200\/1500 m), mentre l&#8217;irraggiamento notturno favorir\u00e0 un modesto raffreddamento con marcata inversione termica nelle valli. Venti moderati da sud-ovest in quota, a tratti tesi a 3000 m; deboli di direzione variabile nelle valli, salvo locali rinforzi per brezze notturne su alcuni settori prealpini.<\/p>\n<hr \/>\n<p><center><b>Martedi 23<\/b><\/center>Tempo solo parzialmente soleggiato per presenza di nubi alte, anche medio-alte in alcuni momenti del giorno. Probabili banchi di nebbia nei fondovalle prealpini durante le ore pi\u00f9 fredde. Perdura la grande mitezza in alta quota, mentre l&#8217;inversione termica notturna si riduce leggermente nei fondovalle. Venti deboli\/moderati dai quadranti occidentali in quota; deboli di direzione variabile nelle valli, salvo locali rinforzi per brezze notturne su alcuni settori prealpini. Previsore: R.L.Th.<\/p>\n<p>&nbsp;<\/p>\n<hr \/>\n<p>&nbsp;<\/p>\n<\/div>\n<\/div>\n<p><a href=\"https:\/\/www.radiopiu.net\/wordpress\/giornale-radiopiu-15-settembre-2018-direttore-mirko-mezzacasa\/sport-7\/\" rel=\"attachment wp-att-60761\"><img loading=\"lazy\" decoding=\"async\" class=\"aligncenter wp-image-60761 size-full\" src=\"https:\/\/www.radiopiu.net\/wordpress\/wp-content\/uploads\/2018\/09\/sport.jpg\" alt=\"\" width=\"800\" height=\"100\" srcset=\"https:\/\/www.radiopiu.net\/wordpress\/wp-content\/uploads\/2018\/09\/sport.jpg 800w, https:\/\/www.radiopiu.net\/wordpress\/wp-content\/uploads\/2018\/09\/sport-300x38.jpg 300w, https:\/\/www.radiopiu.net\/wordpress\/wp-content\/uploads\/2018\/09\/sport-768x96.jpg 768w\" sizes=\"auto, (max-width: 800px) 100vw, 800px\" \/><\/a><\/p>\n<p>&nbsp;<\/p>\n<blockquote>\n<h3>ALLEGHE IN TRASFERTA CONTRO IL VARESE IN ATTESA DI CONOSCERE L&#8217;AVVERSARIA DEI PLAYOFF<\/h3>\n<\/blockquote>\n<p><strong><a href=\"https:\/\/www.radiopiu.net\/wordpress\/il-calendario-ufficiale-dellitalian-hockey-league\/logo-alleghe-hockey\/\" rel=\"attachment wp-att-95699\"><img loading=\"lazy\" decoding=\"async\" class=\"wp-image-95699 alignleft\" src=\"https:\/\/www.radiopiu.net\/wordpress\/wp-content\/uploads\/2019\/08\/logo-alleghe-hockey-300x281.png\" alt=\"\" width=\"138\" height=\"129\" srcset=\"https:\/\/www.radiopiu.net\/wordpress\/wp-content\/uploads\/2019\/08\/logo-alleghe-hockey-300x281.png 300w, https:\/\/www.radiopiu.net\/wordpress\/wp-content\/uploads\/2019\/08\/logo-alleghe-hockey.png 547w\" sizes=\"auto, (max-width: 138px) 100vw, 138px\" \/><\/a>ALLEGHE<\/strong> Si gioca questa sera l&#8217;ultima partita della stagione regolare di IHL e le civette giocheranno in terra lombarda contro il Varese. Partita importante anche per la classifica finale perch\u00e8 con una vittoria l&#8217;Alleghe potrebbe piazzarsi al settimo o sesto posto evitando cos\u00ec il Merano nei quarti di finale, bestia nera del campionato. Ingaggio alle 18:30, si gioca a Como. Diretta su Radio Pi\u00f9 con &#8220;Hockey Al Punto Giusto&#8221;.<\/p>\n<p><strong>LA PRESENTAZIONE A CURA DI ROBERTO MIANA<\/strong><\/p>\n<audio class=\"wp-audio-shortcode\" id=\"audio-192338-23\" preload=\"none\" style=\"width: 100%;\" controls=\"controls\"><source type=\"audio\/mpeg\" src=\"https:\/\/www.radiopiu.net\/wordpress\/wp-content\/uploads\/2021\/02\/ROBERTO-MIANA-VARESE-ALLEGHE.mp3?_=23\" \/><a href=\"https:\/\/www.radiopiu.net\/wordpress\/wp-content\/uploads\/2021\/02\/ROBERTO-MIANA-VARESE-ALLEGHE.mp3\">https:\/\/www.radiopiu.net\/wordpress\/wp-content\/uploads\/2021\/02\/ROBERTO-MIANA-VARESE-ALLEGHE.mp3<\/a><\/audio>\n<p>&nbsp;<\/p>\n<hr \/>\n<p>&nbsp;<\/p>\n<blockquote>\n<h3>CORTINA D&#8217;ARGENTO PER L&#8217;AZZURRO LUCA DE ALIPRANDINI<\/h3>\n<\/blockquote>\n<p><strong>CORTINA<\/strong>\u00a0 Il gigante maschile dei Campionati Mondiali di Cortina d\u2019Ampezzo ha regalato spettacolo, emozioni e colpi di scena. Il titolo mondiale va alla Francia, ma non al grande favorito di giornata. Alexis Pinturault, autore di una prima manche di altissimo livello, ha sbagliato ed \u00e8 uscito nella discesa decisiva, lasciando la medaglia d\u2019oro al connazionale Mathieu Faivre. Giornata da incorniciare per la nazionale italiana e per Luca De Aliprandini che centra il primo grande risultato della carriera. L\u2019azzurro ha trovato costanza e sciato due manche all\u2019attacco: \u00e8 argento a 63\/100 da Mathieu Faivre. \u00c8 dal 2013 che gli uomini italiani non saliva sul podio iridato in gigante. L\u2019ultimo fu Manfred Moelgg, bronzo nella rassegna di Schladming. Medaglia di bronzo per l\u2019austriaco Marco Schwarz, uno dei grandi favoriti per lo slalom di domenica che sta attraversando un momento magico. Il venticinquenne, oltre al terzo posto di oggi a 87\/100 dall\u2019oro, ha vinto la combinata alpina di luned\u00ec. Quarta posizione per il croato Filip Zubcic, staccato di 1\u201d59 e undicesimo dopo la prima manche; quinto lo svizzero Loic Meillard, a 1\u201d77.\u00a0 Oggi si cambia pista. Nella vicina Drusci\u00e8 si svolger\u00e0 lo slalom femminile, penultima gara del programma iridato. Sulla Lino Lacedelli di 5 Torri la Fis di qualificazione dello slalom maschile.<\/p>\n\n\t\t\t<style type='text\/css'>\n\t\t\t\t#gallery-6 {\n\t\t\t\t\tmargin: auto;\n\t\t\t\t}\n\t\t\t\t#gallery-6 .gallery-item {\n\t\t\t\t\tfloat: left;\n\t\t\t\t\tmargin-top: 10px;\n\t\t\t\t\ttext-align: center;\n\t\t\t\t\twidth: 25%;\n\t\t\t\t}\n\t\t\t\t#gallery-6 img {\n\t\t\t\t\tborder: 2px solid #cfcfcf;\n\t\t\t\t}\n\t\t\t\t#gallery-6 .gallery-caption {\n\t\t\t\t\tmargin-left: 0;\n\t\t\t\t}\n\t\t\t\t\/* see gallery_shortcode() in wp-includes\/media.php *\/\n\t\t\t<\/style>\n\t\t<div id='gallery-6' class='dt-gallery-container gallery galleryid-192338 gallery-columns-4 gallery-size-thumbnail'><dl class='gallery-item'>\n\t\t\t\t<dt class='gallery-icon landscape'>\n\t\t\t\t\t<a class=\"rollover rollover-zoom dt-pswp-item\" title=\"210219_DeAliprandini_\u00a9Pentaphoto_151925\" data-dt-img-description=\"\" data-large_image_width=\"2560\" data-large_image_height=\"1568\"href='https:\/\/www.radiopiu.net\/wordpress\/wp-content\/uploads\/2021\/02\/210219_DeAliprandini_\u00a9Pentaphoto_151925-scaled.jpg'><img loading=\"lazy\" decoding=\"async\" width=\"150\" height=\"150\" src=\"https:\/\/www.radiopiu.net\/wordpress\/wp-content\/uploads\/2021\/02\/210219_DeAliprandini_\u00a9Pentaphoto_151925-150x150.jpg\" class=\"attachment-thumbnail size-thumbnail\" alt=\"\" aria-describedby=\"gallery-6-192520\" \/><\/a>\n\t\t\t\t<\/dt>\n\t\t\t\t\t<dd class='wp-caption-text gallery-caption' id='gallery-6-192520'>\n\t\t\t\t\tCortina 2021 Alpine Ski World Championships. Cortina d&#8217;Ampezzo 19\/02\/2021Men&#8217;s Giant Slalom   &#8211;  Luca de Aliprandini (ITA) Photo: Pentaphoto Gabriele Facciotti\n\t\t\t\t\t<\/dd><\/dl><dl class='gallery-item'>\n\t\t\t\t<dt class='gallery-icon landscape'>\n\t\t\t\t\t<a class=\"rollover rollover-zoom dt-pswp-item\" title=\"210219_DeAliprandini_\u00a9Zenoni-24\" data-dt-img-description=\"\" data-large_image_width=\"2560\" data-large_image_height=\"1707\"href='https:\/\/www.radiopiu.net\/wordpress\/wp-content\/uploads\/2021\/02\/210219_DeAliprandini_\u00a9Zenoni-24-scaled.jpg'><img loading=\"lazy\" decoding=\"async\" width=\"150\" height=\"150\" src=\"https:\/\/www.radiopiu.net\/wordpress\/wp-content\/uploads\/2021\/02\/210219_DeAliprandini_\u00a9Zenoni-24-150x150.jpg\" class=\"attachment-thumbnail size-thumbnail\" alt=\"\" aria-describedby=\"gallery-6-192522\" \/><\/a>\n\t\t\t\t<\/dt>\n\t\t\t\t\t<dd class='wp-caption-text gallery-caption' id='gallery-6-192522'>\n\t\t\t\t\tDeAliprandini_\u00a9Zenoni-24\n\t\t\t\t\t<\/dd><\/dl><dl class='gallery-item'>\n\t\t\t\t<dt class='gallery-icon landscape'>\n\t\t\t\t\t<a class=\"rollover rollover-zoom dt-pswp-item\" title=\"210219_\u00a9Pentaphoto_152064\" data-dt-img-description=\"\" data-large_image_width=\"2560\" data-large_image_height=\"1707\"href='https:\/\/www.radiopiu.net\/wordpress\/wp-content\/uploads\/2021\/02\/210219_\u00a9Pentaphoto_152064-scaled.jpg'><img loading=\"lazy\" decoding=\"async\" width=\"150\" height=\"150\" src=\"https:\/\/www.radiopiu.net\/wordpress\/wp-content\/uploads\/2021\/02\/210219_\u00a9Pentaphoto_152064-150x150.jpg\" class=\"attachment-thumbnail size-thumbnail\" alt=\"\" aria-describedby=\"gallery-6-192523\" \/><\/a>\n\t\t\t\t<\/dt>\n\t\t\t\t\t<dd class='wp-caption-text gallery-caption' id='gallery-6-192523'>\n\t\t\t\t\tCortina 2021 Alpine Ski World Championships. \nCortina d&#8217;Ampezzo 19\/02\/2021\nMen&#8217;s Giant Slalom &#8211; Marco Schwarz (AUT) , Mathieu Faivre (FRA) , Luca de Aliprandini (ITA) \nPhoto: Pentaphoto Gio Auletta\n\t\t\t\t\t<\/dd><\/dl><dl class='gallery-item'>\n\t\t\t\t<dt class='gallery-icon landscape'>\n\t\t\t\t\t<a class=\"rollover rollover-zoom dt-pswp-item\" title=\"210219_DeAliprandini_\u00a9Pentaphoto_152051\" data-dt-img-description=\"\" data-large_image_width=\"2560\" data-large_image_height=\"1707\"href='https:\/\/www.radiopiu.net\/wordpress\/wp-content\/uploads\/2021\/02\/210219_DeAliprandini_\u00a9Pentaphoto_152051-scaled.jpg'><img loading=\"lazy\" decoding=\"async\" width=\"150\" height=\"150\" src=\"https:\/\/www.radiopiu.net\/wordpress\/wp-content\/uploads\/2021\/02\/210219_DeAliprandini_\u00a9Pentaphoto_152051-150x150.jpg\" class=\"attachment-thumbnail size-thumbnail\" alt=\"\" aria-describedby=\"gallery-6-192521\" \/><\/a>\n\t\t\t\t<\/dt>\n\t\t\t\t\t<dd class='wp-caption-text gallery-caption' id='gallery-6-192521'>\n\t\t\t\t\tCortina 2021 Alpine Ski World Championships. \nCortina d&#8217;Ampezzo 1\/02\/2021 Luca De Aliprandini  (ITA), silver medal  men&#8217; Giant Slalom.\nPhoto: Pier Marco Tacca\/Pentaphoto\n\t\t\t\t\t<\/dd><\/dl><br style=\"clear: both\" \/>\n\t\t\t<\/div>\n\n<p>&nbsp;<\/p>\n","protected":false},"excerpt":{"rendered":"<p>PER RICEVERE QUESTO NOTIZIARIO DIRETTAMENTE SUL TUO CELLULARE ISCRIVITI AL CANALE TELEGRAM \u201cRADIO PIU\u00a0 INFORMAZIONE&#8221;\u00a0 SUPERATI I 3000 ISCRITTI, il CANALE TELEGRAM&#8230; UNISCITI A: RADIO PIU INFORMAZIONE &nbsp; &nbsp; ATTENZIONE: LA NUOVA APP PER IOS-IPHONE di Nicola Vettorello https:\/\/apps.apple.com\/it\/app\/radio-pi%C3%B9-emittente-agordina\/id1515939845 ATTENZIONE: LA NUOVA APP RADIO\u00a0 PER ANDROID di Nicola Vettorello https:\/\/play.google.com\/store\/apps\/details?id=net.radiopiu.iniko\u00a0\u00a0 &nbsp; UN LABRADOR&#8230;. FORTUNATO CORTINA&hellip;<\/p>\n","protected":false},"author":4,"featured_media":192522,"comment_status":"closed","ping_status":"closed","sticky":false,"template":"","format":"standard","meta":{"_monsterinsights_skip_tracking":false,"_monsterinsights_sitenote_active":false,"_monsterinsights_sitenote_note":"","_monsterinsights_sitenote_category":0,"footnotes":""},"categories":[1,86,49],"tags":[],"class_list":["post-192338","post","type-post","status-publish","format-standard","has-post-thumbnail","hentry","category-senza-categoria","category-gr","category-news-18","category-1","category-86","category-49","description-off"],"img_url":"https:\/\/www.radiopiu.net\/wordpress\/wp-content\/uploads\/2021\/02\/210219_DeAliprandini_\u00a9Zenoni-24-scaled.jpg","_links":{"self":[{"href":"https:\/\/www.radiopiu.net\/wordpress\/wp-json\/wp\/v2\/posts\/192338","targetHints":{"allow":["GET"]}}],"collection":[{"href":"https:\/\/www.radiopiu.net\/wordpress\/wp-json\/wp\/v2\/posts"}],"about":[{"href":"https:\/\/www.radiopiu.net\/wordpress\/wp-json\/wp\/v2\/types\/post"}],"author":[{"embeddable":true,"href":"https:\/\/www.radiopiu.net\/wordpress\/wp-json\/wp\/v2\/users\/4"}],"replies":[{"embeddable":true,"href":"https:\/\/www.radiopiu.net\/wordpress\/wp-json\/wp\/v2\/comments?post=192338"}],"version-history":[{"count":0,"href":"https:\/\/www.radiopiu.net\/wordpress\/wp-json\/wp\/v2\/posts\/192338\/revisions"}],"wp:featuredmedia":[{"embeddable":true,"href":"https:\/\/www.radiopiu.net\/wordpress\/wp-json\/wp\/v2\/media\/192522"}],"wp:attachment":[{"href":"https:\/\/www.radiopiu.net\/wordpress\/wp-json\/wp\/v2\/media?parent=192338"}],"wp:term":[{"taxonomy":"category","embeddable":true,"href":"https:\/\/www.radiopiu.net\/wordpress\/wp-json\/wp\/v2\/categories?post=192338"},{"taxonomy":"post_tag","embeddable":true,"href":"https:\/\/www.radiopiu.net\/wordpress\/wp-json\/wp\/v2\/tags?post=192338"}],"curies":[{"name":"wp","href":"https:\/\/api.w.org\/{rel}","templated":true}]}}