{"id":192415,"date":"2021-02-19T12:00:27","date_gmt":"2021-02-19T11:00:27","guid":{"rendered":"https:\/\/www.radiopiu.net\/wordpress\/?p=192415"},"modified":"2021-02-19T12:00:27","modified_gmt":"2021-02-19T11:00:27","slug":"novita-dalla-ulss-1-dolomiti-nuove-assunzioni-gli-orari-del-centro-prelievi-a-santo-stefano-e-il-cambio-medico-a-cesiomaggiore","status":"publish","type":"post","link":"https:\/\/www.radiopiu.net\/wordpress\/novita-dalla-ulss-1-dolomiti-nuove-assunzioni-gli-orari-del-centro-prelievi-a-santo-stefano-e-il-cambio-medico-a-cesiomaggiore\/","title":{"rendered":"NOVITA&#8217; DALLA ULSS 1 DOLOMITI: NUOVE ASSUNZIONI, GLI ORARI DEL CENTRO PRELIEVI A SANTO STEFANO E IL CAMBIO MEDICO A CESIOMAGGIORE"},"content":{"rendered":"<p><strong><a href=\"https:\/\/www.radiopiu.net\/wordpress\/aggiornamenti-organizzativi-ulss-1-dolomiti-del-9-marzo-2020-la-situazione-dei-servizi-rimane-invariata\/ulss-1-dolomiti-logo\/\" rel=\"attachment wp-att-121256\"><img loading=\"lazy\" decoding=\"async\" class=\"size-full wp-image-121256 alignleft\" src=\"https:\/\/www.radiopiu.net\/wordpress\/wp-content\/uploads\/2020\/03\/ULSS-1-DOLOMITI-LOGO.jpg\" alt=\"\" width=\"298\" height=\"219\" \/><\/a>BELLUNO <\/strong>Continua il rafforzamento dell\u2019Ulss Dolomiti con l\u2019assunzione a tempo indeterminato di diverse figure sanitarie che andranno a potenziare i servizi territoriali e ospedalieri. Sono stati assunti: 4 psicologi, 5 tecnici di radiologia, 2 ostetriche, 6 assistenti sociali, 4 logopedisti, 6 fisioterapisti Inoltre, sono stati assegnati altri tre incarichi a medici USCA: 2 a Belluno e 1 a Feltre fino al 31 dicembre 2021.<\/p>\n<p><strong>PUNTO PRELIEVI SANTO STEFANO DI CADORE <\/strong>Dal 1\u00b0 marzo 2021, al fine di evitare assembramenti, \u00e8 necessario prenotare l\u2019accesso al punto prelievi di Santo Stefano di Cadore. Per prenotare: chiamare lo 0435 62438 il LUNED\u00cc&#8217; dalle 10.30 alle 12.30, MARTED\u00cc&#8217; dalle 08.30 alle 12.30, GIOVED\u00cc&#8217; dalle 10.30 alle 12.30 e dalle 14.00 alle 16.00, VENERD\u00cc&#8217; dalle 8.30 alle 12.30. Si ricorda che i prelievi vengono eseguiti tutti i LUNED\u00cc e GIOVED\u00cc&#8217; dalle\u00a0 8.00 alle 9.00<\/p>\n<p><strong>CAMBIO MEDICO A CESIOMAGGIORE <\/strong>Dal 1\u00b0 marzo 2021 &#8211; a seguito della cessazione del dottor Umberto Rossa \u2013 l\u2019attivit\u00e0 di medico di assistenza primaria nell\u2019ambito territoriale dei Comuni di Cesiomaggiore, San Gregorio nelle Alpi, Santa Giustina, Sedico e Sospirolo verr\u00e0 svolta, con incarico provvisorio, dalla dottoressa Leandra Serio. La dottoressa Serio svolger\u00e0 l\u2019attivit\u00e0 ambulatoriale a Cesiomaggiore nello studio situato in Municipio e a Santa Giustina\u00a0 nella Medicina di Gruppo. Gli assistiti del dr. Rossa verranno assegnati d\u2019ufficio alla dr.ssa Serio e potranno continuare ad utilizzare la tessera sanitaria cartacea attualmente in possesso. Non sar\u00e0 pertanto necessario che gli assistiti medesimi si rechino presso gli sportelli anagrafe di questa ULSS per effettuare la scelta di un medico.<\/p>\n","protected":false},"excerpt":{"rendered":"<p>BELLUNO Continua il rafforzamento dell\u2019Ulss Dolomiti con l\u2019assunzione a tempo indeterminato di diverse figure sanitarie che andranno a potenziare i servizi territoriali e ospedalieri. Sono stati assunti: 4 psicologi, 5 tecnici di radiologia, 2 ostetriche, 6 assistenti sociali, 4 logopedisti, 6 fisioterapisti Inoltre, sono stati assegnati altri tre incarichi a medici USCA: 2 a Belluno&hellip;<\/p>\n","protected":false},"author":4,"featured_media":121256,"comment_status":"closed","ping_status":"closed","sticky":false,"template":"","format":"standard","meta":{"_monsterinsights_skip_tracking":false,"_monsterinsights_sitenote_active":false,"_monsterinsights_sitenote_note":"","_monsterinsights_sitenote_category":0,"footnotes":""},"categories":[49],"tags":[],"class_list":["post-192415","post","type-post","status-publish","format-standard","has-post-thumbnail","hentry","category-news-18","category-49","description-off"],"img_url":"https:\/\/www.radiopiu.net\/wordpress\/wp-content\/uploads\/2020\/03\/ULSS-1-DOLOMITI-LOGO.jpg","_links":{"self":[{"href":"https:\/\/www.radiopiu.net\/wordpress\/wp-json\/wp\/v2\/posts\/192415","targetHints":{"allow":["GET"]}}],"collection":[{"href":"https:\/\/www.radiopiu.net\/wordpress\/wp-json\/wp\/v2\/posts"}],"about":[{"href":"https:\/\/www.radiopiu.net\/wordpress\/wp-json\/wp\/v2\/types\/post"}],"author":[{"embeddable":true,"href":"https:\/\/www.radiopiu.net\/wordpress\/wp-json\/wp\/v2\/users\/4"}],"replies":[{"embeddable":true,"href":"https:\/\/www.radiopiu.net\/wordpress\/wp-json\/wp\/v2\/comments?post=192415"}],"version-history":[{"count":0,"href":"https:\/\/www.radiopiu.net\/wordpress\/wp-json\/wp\/v2\/posts\/192415\/revisions"}],"wp:featuredmedia":[{"embeddable":true,"href":"https:\/\/www.radiopiu.net\/wordpress\/wp-json\/wp\/v2\/media\/121256"}],"wp:attachment":[{"href":"https:\/\/www.radiopiu.net\/wordpress\/wp-json\/wp\/v2\/media?parent=192415"}],"wp:term":[{"taxonomy":"category","embeddable":true,"href":"https:\/\/www.radiopiu.net\/wordpress\/wp-json\/wp\/v2\/categories?post=192415"},{"taxonomy":"post_tag","embeddable":true,"href":"https:\/\/www.radiopiu.net\/wordpress\/wp-json\/wp\/v2\/tags?post=192415"}],"curies":[{"name":"wp","href":"https:\/\/api.w.org\/{rel}","templated":true}]}}