{"id":192417,"date":"2021-02-19T12:25:56","date_gmt":"2021-02-19T11:25:56","guid":{"rendered":"https:\/\/www.radiopiu.net\/wordpress\/?p=192417"},"modified":"2021-02-19T13:45:02","modified_gmt":"2021-02-19T12:45:02","slug":"la-conferenza-stampa-di-luca-zaia","status":"publish","type":"post","link":"https:\/\/www.radiopiu.net\/wordpress\/la-conferenza-stampa-di-luca-zaia\/","title":{"rendered":"IL GIORNO DEI COLORI, GIALLO SOLARE, NULLA FA PRESAGIRE AL PEGGIO ANCHE SE 657 POSITIVI DA PENSARE AD UNA NUOVA CURVA &#8211; DA VENEZIA LUCA ZAIA"},"content":{"rendered":"<blockquote><p><strong>VENEZIA<\/strong> in diretta da Marghera il Presidente del Veneto Luca Zaia far\u00e0 il punto sull&#8217;emergenza Covid<\/p><\/blockquote>\n<p><strong>I NUMERI <\/strong>TAMPONI MOLECOLARI 3987356 TAMPONI RAPIDI 2987336\u00a0 POSITIVI NELLE ULTIME 24 ORE +657 INCIDENZA POSITIVI-TAMPONI 2,40% POSITIVI DA INIZIO PANDEMIA 324545 ATTUALMENTE POSITIVI 21487 DECESSI +32 NELLE 24 ORE, RICOVERI 1375, IN AREA CRITICA 1241 IN TERAPIA INTENSIVA 133.<\/p>\n<p><span style=\"color: #ff0000;\"><strong>IN ATTESA DEL VERDETTO con Rt nazionale in crescita (0,99):<\/strong> Veneto verso la riconferma del giallo, queste le 10 regioni a rischio (Rt maggiore di 1):\u00a0Abruzzo, Basilicata, Campania, Emilia Romagna, Liguria, Molise, province autonome di Bolzano e Trento, Toscana e Umbria.<\/span><\/p>\n<p>\u00abAdesso dipende da ognuno di noi il contenimento del contagio &#8211; ha ricordato Zaia &#8211; usare le mascherine, rispettare il distanziamento, evitare gli assembramenti. Penso anche al turismo e alla montagna, abbiamo i mondiali di sci ed \u00e8 come se non ce li avessimo, un evento mondiale che non stiamo vivendo, e per fortuna che avremo le Olimpiadi, che spero saranno la chiusura definitva di questa partita\u00bb.<\/p>\n<blockquote>\n<h2>LEGGI LA CONFERENZA STAMPA DI LUCA ZAIA<\/h2>\n<p><em>Il dottor Flor oggi \u00e8\u00a0 con i Nas per l&#8217;acquisizione documenti. Io non ho avuto alcuna intermediazione con gli intermediari, mai visto nemmeno le carte. Noi stiamo verificando chi siano gli interlocutori e abbiamo anche scritto ad Aifa. Non vaccinarsi significa perdere competitivit\u00e0 e libert\u00e0.<\/em><\/p><\/blockquote>\n<p>La situazione nazionale preoccupa, oltre il 70% dei positivi presentano la variante brasiliana. In attesa delle decisione senza creare allarmismi ma \u00e8 meglio essere molto prudenti, che i 657 positivi di oggi non siano l&#8217;inizio di una nuova curva. Spero si possa venirne fuori, bisogner\u00e0 capire quale sar\u00e0 lo sforzo vaccinale condizione prioritaria, vaccinarsi per tornare ad una libert\u00e0. Ci sono gi\u00e0 delle comunit\u00e0 come Israele covid free. Queste sono le grandi sfide, chi per primo raggiunge il traguardo avr\u00e0 pi\u00f9 mercato. Soprattutto in un Veneto che ha il turismo come prima industria e il 66% sono stranieri. Per non parlare delle imprese che dipendono tutte dal mercato internazionale. Il pil \u00e8 di 160miliardi di Pil all&#8217;anno.\u00a0 Da noi ha contato molto il contact tracing e il fatto che non abbiamo riaperto le scuola, il 5 marzo scade il Dpcm, a breve, e dovremmo cercare di capire cosa fare. Ricordiamo che la Germania \u00e8 in lockdown dai primi di dicembre e forse riaprir\u00e0 i primi di marzo. Non pensiamo che il Veneto possa restare per sempre un&#8217;isola felice, dobbiamo essere prudenti.<strong> VACCINI<\/strong> Non abbiamo negoziato prezzi perch\u00e9 siamo in attesa di autorizzazioni. Abbiamo sempre detto che non siamo nelle condizioni di sapere se il vaccino \u00e8 buono o meno, ci vuole un ente terzo e per questo abbiamo interpellato Aifa che ci ha dirottato dal Commissario che ha chiedo i numeri dei lotti. Ho chiesto il al dottor Flor di scrivere ai NAS lo scorso 12 febbraio. Questo nell&#8217;ottica della massima collaborazione. Benvenga l&#8217;operazione che far\u00e0 Perugia, che metter\u00e0 chiarezza per capire se siamo davanti a un popolo di truffatori o se tra i tanti c&#8217;\u00e8 qualcuno che ha un buon vaccino, ma questo non lo sapremo dire noi. Che la verifica dei NAS sia profonda e incisiva e si finisca di sentire discorsi da stadio. <strong>LETTERA AI NAS<\/strong> Avvisava che era stata inoltrata una lettera ad Aifa.<strong> IERI SERA IN TELEVISIONE SI SONO VISTI DOCUMENTI CHE DIMOSTRANO TRATTATIVE DEL VENETO E POI C&#8217;E&#8217; L&#8217;AVVOCATA CAVALLARO CHE SI E&#8217; DICHIARATO INTERMEDIARIO DI UN BROKER CHE HA PARLATO DI TRATTATIVE CON LA REGIONE\u00a0 LOMBARDIA<\/strong> Di questi fatti non ne so nulla, se il dottor Flor ad un&#8217;offerta ha risposto &#8220;ditemi cosa avete in mano&#8221; non lo so. E&#8217; comunque un vicenda che riguarda tutte le regioni d&#8217;Italia. I nomi non mi dicono nulla. Abbiamo fatto il nostro dovere, non siamo andati al mercato nero. Noi abbiamo fatto tutto alla luce del sole. <strong>LE 27 MILIONI DI DOSI DA DOVE SALTANO FUORI DE PFIZER HA TAGLIATO LE FORNITURE<\/strong> A me risulta che Pfizer ha scritto all&#8217;Itali che ci sono dosi in pi\u00f9. Noi non conosciamo il contratto europeo. TURISMO Penso anche al turismo e alla montagna, abbiamo i mondiali di sci ed \u00e8 come se non ce li avessimo, un evento mondiale che non stiamo vivendo, e per fortuna che avremo le Olimpiadi sperando la partita sia chiusa per allora. <strong>VISITE ALLE CASE DI SOGGIORNO<\/strong> Stiamo rivedendo i protocolli per riaprire le visite forse gi\u00e0 dalla prossima settimana almeno dove possibile. La volont\u00e0 \u00e8 quella di andare in questa direzione con le dovute cautele. <strong>RISARCIMENTI CI SONO NOVITA?<\/strong> No ma ne parleremo ci sono tante Regioni coinvolte.<strong> LISTE DI ATTESA<\/strong> Sta andando bene, lunedi vedremo dai 90mila in attesa a quanto siamo scesi.\u00a0 NUOVO DPCM La scadenza \u00e8 il 5 marzo, bisogna vedere cosa accadr\u00e0 la settimana prossima dal punto di vista epidemiologico per capire di cosa discutere. Il foglio \u00e8 ancora bianco. Inoltre la situazione \u00e8 diversa da territorio a territorio ne parleremo a breve forse gi\u00e0 stasera o domani, con i presidenti delle Regioni.<\/p>\n<p>&nbsp;<\/p>\n<p><span style=\"color: #ff9900;\"><strong>OGGI IL GIORNO DEI COLORI<\/strong> Abbiamo degli indicatori che ci portano a pensare alla zona gialla anche con riferimento alla situazione ospedaliera tanto in area non critica (sotto il 40%) che in terapia intensiva (sotto il 30%). Siamo da zona gialla. Per\u00f2 siamo circondati. Abbiamo l&#8217;Alto Adige in situazione pesante, il Ministro che ho sentito questa mattina ha annunciato che qualche zona arancione ci sar\u00e0. I dati a livello nazionale non sono in calo. Prudentemente dico che il Veneto sar\u00e0 zona gialla, poi lo scopriremo nel tardo pomeriggio.\u00a0<\/span><\/p>\n<p><a href=\"https:\/\/www.facebook.com\/zaiaufficiale\/videos\/1388581574808893\">https:\/\/www.facebook.com\/zaiaufficiale\/videos\/1388581574808893<\/a><\/p>\n<blockquote class=\"wp-embedded-content\" data-secret=\"qYILZggFnB\"><p><a href=\"https:\/\/www.radiopiu.net\/wordpress\/nella-notte-385-positivi-in-piu-nel-veneto-ricoveri-in-calo-7-decessi-a-belluno-situazione-stabile-5-nuove-positivita\/\">NELLA NOTTE 385 POSITIVI IN PIU&#8217; NEL VENETO. RICOVERI IN CALO, 7 DECESSI. A BELLUNO SITUAZIONE STABILE, 5 NUOVE POSITIVITA&#8217;<\/a><\/p><\/blockquote>\n<p><iframe loading=\"lazy\" class=\"wp-embedded-content\" sandbox=\"allow-scripts\" security=\"restricted\" style=\"position: absolute; clip: rect(1px, 1px, 1px, 1px);\" title=\"&#8220;NELLA NOTTE 385 POSITIVI IN PIU&#8217; NEL VENETO. RICOVERI IN CALO, 7 DECESSI. A BELLUNO SITUAZIONE STABILE, 5 NUOVE POSITIVITA&#8217;&#8221; &#8212; Radio Pi\u00f9\" src=\"https:\/\/www.radiopiu.net\/wordpress\/nella-notte-385-positivi-in-piu-nel-veneto-ricoveri-in-calo-7-decessi-a-belluno-situazione-stabile-5-nuove-positivita\/embed\/#?secret=qYILZggFnB\" data-secret=\"qYILZggFnB\" width=\"600\" height=\"338\" frameborder=\"0\" marginwidth=\"0\" marginheight=\"0\" scrolling=\"no\"><\/iframe><\/p>\n","protected":false},"excerpt":{"rendered":"<p>VENEZIA in diretta da Marghera il Presidente del Veneto Luca Zaia far\u00e0 il punto sull&#8217;emergenza Covid I NUMERI TAMPONI MOLECOLARI 3987356 TAMPONI RAPIDI 2987336\u00a0 POSITIVI NELLE ULTIME 24 ORE +657 INCIDENZA POSITIVI-TAMPONI 2,40% POSITIVI DA INIZIO PANDEMIA 324545 ATTUALMENTE POSITIVI 21487 DECESSI +32 NELLE 24 ORE, RICOVERI 1375, IN AREA CRITICA 1241 IN TERAPIA INTENSIVA&hellip;<\/p>\n","protected":false},"author":4,"featured_media":178367,"comment_status":"closed","ping_status":"closed","sticky":false,"template":"","format":"standard","meta":{"_monsterinsights_skip_tracking":false,"_monsterinsights_sitenote_active":false,"_monsterinsights_sitenote_note":"","_monsterinsights_sitenote_category":0,"footnotes":""},"categories":[51,49],"tags":[],"class_list":["post-192417","post","type-post","status-publish","format-standard","has-post-thumbnail","hentry","category-evidenza-top","category-news-18","category-51","category-49","description-off"],"img_url":"https:\/\/www.radiopiu.net\/wordpress\/wp-content\/uploads\/2020\/12\/397c5a76-b411-4deb-a305-5c94beb03d84.jpg","_links":{"self":[{"href":"https:\/\/www.radiopiu.net\/wordpress\/wp-json\/wp\/v2\/posts\/192417","targetHints":{"allow":["GET"]}}],"collection":[{"href":"https:\/\/www.radiopiu.net\/wordpress\/wp-json\/wp\/v2\/posts"}],"about":[{"href":"https:\/\/www.radiopiu.net\/wordpress\/wp-json\/wp\/v2\/types\/post"}],"author":[{"embeddable":true,"href":"https:\/\/www.radiopiu.net\/wordpress\/wp-json\/wp\/v2\/users\/4"}],"replies":[{"embeddable":true,"href":"https:\/\/www.radiopiu.net\/wordpress\/wp-json\/wp\/v2\/comments?post=192417"}],"version-history":[{"count":0,"href":"https:\/\/www.radiopiu.net\/wordpress\/wp-json\/wp\/v2\/posts\/192417\/revisions"}],"wp:featuredmedia":[{"embeddable":true,"href":"https:\/\/www.radiopiu.net\/wordpress\/wp-json\/wp\/v2\/media\/178367"}],"wp:attachment":[{"href":"https:\/\/www.radiopiu.net\/wordpress\/wp-json\/wp\/v2\/media?parent=192417"}],"wp:term":[{"taxonomy":"category","embeddable":true,"href":"https:\/\/www.radiopiu.net\/wordpress\/wp-json\/wp\/v2\/categories?post=192417"},{"taxonomy":"post_tag","embeddable":true,"href":"https:\/\/www.radiopiu.net\/wordpress\/wp-json\/wp\/v2\/tags?post=192417"}],"curies":[{"name":"wp","href":"https:\/\/api.w.org\/{rel}","templated":true}]}}