{"id":192513,"date":"2021-02-20T05:44:46","date_gmt":"2021-02-20T04:44:46","guid":{"rendered":"https:\/\/www.radiopiu.net\/wordpress\/?p=192513"},"modified":"2021-02-20T05:56:08","modified_gmt":"2021-02-20T04:56:08","slug":"un-decesso-per-covid-in-provincia-in-un-anno-567-vittime","status":"publish","type":"post","link":"https:\/\/www.radiopiu.net\/wordpress\/un-decesso-per-covid-in-provincia-in-un-anno-567-vittime\/","title":{"rendered":"UN DECESSO PER COVID IN PROVINCIA, IN UN ANNO 567 VITTIME"},"content":{"rendered":"<p><strong>BELLUNO<\/strong> Nelle ultime 24 ore \u00e8 deceduto un uomo covid positivo di anni 89 ricoverato in Geriatria Covid a Belluno<\/p>\n<h2><\/h2>\n<h2><span style=\"color: #0073aa;\"><i>IL NORDEST RIMANE IN GIALLO, NEL RESTO D&#8217;ITALIA LA TERZA ONDATA<\/i><\/span><\/h2>\n<div>\n<div class=\"im_message_text\" dir=\"auto\"><strong>VENEZIA<\/strong> Ieri15,479 nuovi casi e 353 morti<strong>.<\/strong> Sono stati eseguiti 297.128 tamponi. Indice di positivit\u00e0 al 5.2%. Terapie intensive in aumento di 14 unit\u00e0, ricoveri ordinari in calo di 118 unit\u00e0. Risalgono i contagi in Italia ma anche in Veneto anche ieri quasi 1000. Emilia Romagna di nuovo in arancione, Bolzano in rosso e Veneto che per ora rimane ancora in giallo. Sul tema vaccini e i Nas a Venezia Zaia avverte: &#8220;<em>siamo stati noi a chiedere chiarimenti ai Nas, ancora lo scorso 12 febbraio&#8221;. <\/em>Di certo al dottor Luciano Flor non \u00e8 mancato il tempo per spiegare le ragioni venete, i Nas infatti lo hanno sentito per quattro ore. Il mediatore finito nei guai a Perugia con i veneti non ha avuto alcun contatto, si sarebbe trattato di un equivoco. Questi i numeri del Veneto promosso: tassi di occupazione delle aree mediche (15%, sotto la soglia del 40%, ndr) e dei reparti di Terapia intensiva (10%, sotto la soglia del 30%), ieri si sono contati 941 nuovi casi e 21 decessi, 1.218 (-50) ricoveri in area medica e 132 (-5) nei reparti di Terapia intensiva, 21.470 gli attualmente positivi<\/div>\n<div dir=\"auto\"><\/div>\n<\/div>\n<p>&nbsp;<\/p>\n<p>&nbsp;<\/p>\n","protected":false},"excerpt":{"rendered":"<p>BELLUNO Nelle ultime 24 ore \u00e8 deceduto un uomo covid positivo di anni 89 ricoverato in Geriatria Covid a Belluno IL NORDEST RIMANE IN GIALLO, NEL RESTO D&#8217;ITALIA LA TERZA ONDATA VENEZIA Ieri15,479 nuovi casi e 353 morti. Sono stati eseguiti 297.128 tamponi. Indice di positivit\u00e0 al 5.2%. Terapie intensive in aumento di 14 unit\u00e0,&hellip;<\/p>\n","protected":false},"author":4,"featured_media":121260,"comment_status":"closed","ping_status":"closed","sticky":false,"template":"","format":"standard","meta":{"_monsterinsights_skip_tracking":false,"_monsterinsights_sitenote_active":false,"_monsterinsights_sitenote_note":"","_monsterinsights_sitenote_category":0,"footnotes":""},"categories":[51,49],"tags":[],"class_list":["post-192513","post","type-post","status-publish","format-standard","has-post-thumbnail","hentry","category-evidenza-top","category-news-18","category-51","category-49","description-off"],"img_url":"https:\/\/www.radiopiu.net\/wordpress\/wp-content\/uploads\/2020\/03\/covid-ulss.jpg","_links":{"self":[{"href":"https:\/\/www.radiopiu.net\/wordpress\/wp-json\/wp\/v2\/posts\/192513","targetHints":{"allow":["GET"]}}],"collection":[{"href":"https:\/\/www.radiopiu.net\/wordpress\/wp-json\/wp\/v2\/posts"}],"about":[{"href":"https:\/\/www.radiopiu.net\/wordpress\/wp-json\/wp\/v2\/types\/post"}],"author":[{"embeddable":true,"href":"https:\/\/www.radiopiu.net\/wordpress\/wp-json\/wp\/v2\/users\/4"}],"replies":[{"embeddable":true,"href":"https:\/\/www.radiopiu.net\/wordpress\/wp-json\/wp\/v2\/comments?post=192513"}],"version-history":[{"count":0,"href":"https:\/\/www.radiopiu.net\/wordpress\/wp-json\/wp\/v2\/posts\/192513\/revisions"}],"wp:featuredmedia":[{"embeddable":true,"href":"https:\/\/www.radiopiu.net\/wordpress\/wp-json\/wp\/v2\/media\/121260"}],"wp:attachment":[{"href":"https:\/\/www.radiopiu.net\/wordpress\/wp-json\/wp\/v2\/media?parent=192513"}],"wp:term":[{"taxonomy":"category","embeddable":true,"href":"https:\/\/www.radiopiu.net\/wordpress\/wp-json\/wp\/v2\/categories?post=192513"},{"taxonomy":"post_tag","embeddable":true,"href":"https:\/\/www.radiopiu.net\/wordpress\/wp-json\/wp\/v2\/tags?post=192513"}],"curies":[{"name":"wp","href":"https:\/\/api.w.org\/{rel}","templated":true}]}}