{"id":192541,"date":"2024-08-28T05:46:42","date_gmt":"2024-08-28T03:46:42","guid":{"rendered":"https:\/\/www.radiopiu.net\/wordpress\/?p=192541"},"modified":"2024-08-28T05:48:25","modified_gmt":"2024-08-28T03:48:25","slug":"vertenza-legale-in-corso","status":"publish","type":"post","link":"https:\/\/www.radiopiu.net\/wordpress\/vertenza-legale-in-corso\/","title":{"rendered":"Tragedia sul ponte di Salgarda: vertenza legale in corso"},"content":{"rendered":"<p>***<\/p>\n<blockquote><p><strong>FELTRE <\/strong>Il 14 novembre inizier\u00e0 il processo legale tra i familiari di Denis Bona, 39enne morto cadendo dal ponte di Salgarda, e il Comune di Feltre. La famiglia sostiene che il ponte mancava di protezioni adeguate, essenziali per prevenire incidenti, e chiede un risarcimento per il tragico evento del 2021. Il Comune, assistito dall&#8217;avvocato Cecilia Buresti, respinge le accuse. Per il padre di Denis, Stefano Bona, la questione \u00e8 di principio: garantire la sicurezza per evitare future tragedie. Intanto, il Comune ha recentemente risarcito altri cittadini per danni causati da buche stradali e lavori pubblici.<\/p><\/blockquote>\n<div class=\"mt-1 flex gap-3 empty:hidden -ml-2\">\n<div class=\"items-center justify-start rounded-xl p-1 flex\">\n<div class=\"flex items-center\">\n<div class=\"flex\"><\/div>\n<\/div>\n<\/div>\n<\/div>\n<p>&nbsp;<\/p>\n<p>&nbsp;<\/p>\n<hr \/>\n<p><strong>ARCHIVIO RADIOPIU 20 FEBBRAIO 2021<\/strong><\/p>\n<p><strong>PERDE IL CONTROLLO DELLA BICI ELETTRICA E MUORE CADENDO DAL PONTE<\/strong><\/p>\n<p><a href=\"https:\/\/www.radiopiu.net\/wordpress\/perde-il-controllo-della-bici-elettrica-e-muore-cadendo-dal-ponte\/b5450b84-5280-4570-9342-b557b844f9bd\/\" rel=\"attachment wp-att-192542\"><img loading=\"lazy\" decoding=\"async\" class=\" wp-image-192542 alignleft\" src=\"https:\/\/www.radiopiu.net\/wordpress\/wp-content\/uploads\/2021\/02\/b5450b84-5280-4570-9342-b557b844f9bd-300x225.jpg\" alt=\"\" width=\"200\" height=\"150\" srcset=\"https:\/\/www.radiopiu.net\/wordpress\/wp-content\/uploads\/2021\/02\/b5450b84-5280-4570-9342-b557b844f9bd-300x225.jpg 300w, https:\/\/www.radiopiu.net\/wordpress\/wp-content\/uploads\/2021\/02\/b5450b84-5280-4570-9342-b557b844f9bd.jpg 320w\" sizes=\"auto, (max-width: 200px) 100vw, 200px\" \/><\/a><strong>FELTRE<\/strong> Quando\u00a0 ieri\u00a0 sera alle 18 i Carabinieri sono giunti sul posto lungo la strada che da Arson porta a Salgarda, purtroppo per\u00a0 Denis\u00a0 Bona, 39 anni di Feltre non c&#8217;era pi\u00f9 nulla da fare. L&#8217;uomo \u00e8 morto in seguito alla ferite riportate nell&#8217;incidente con la bici elettrica. Una brutta caduta nella zona di Villabruna dal ponte sul torrente Caorame, dopo un salto nel vuoto di circa sette metri. Ad accertare la morte dell&#8217;uomo il personale sanitario. I Carabinieri sono stati chiamati da un privato cittadino che ha notato il corpo dell&#8217;uomo <a href=\"https:\/\/www.radiopiu.net\/wordpress\/giornale-radiopiu-20-febbraio-2021-direttore-mirko-mezzacasa\/0de48809-370d-4e24-91b6-a14dc3a0610d\/\" rel=\"attachment wp-att-192593\"><img loading=\"lazy\" decoding=\"async\" class=\" wp-image-192593 alignright\" src=\"https:\/\/www.radiopiu.net\/wordpress\/wp-content\/uploads\/2021\/02\/0de48809-370d-4e24-91b6-a14dc3a0610d-300x169.jpg\" alt=\"\" width=\"229\" height=\"129\" srcset=\"https:\/\/www.radiopiu.net\/wordpress\/wp-content\/uploads\/2021\/02\/0de48809-370d-4e24-91b6-a14dc3a0610d-300x169.jpg 300w, https:\/\/www.radiopiu.net\/wordpress\/wp-content\/uploads\/2021\/02\/0de48809-370d-4e24-91b6-a14dc3a0610d-1024x576.jpg 1024w, https:\/\/www.radiopiu.net\/wordpress\/wp-content\/uploads\/2021\/02\/0de48809-370d-4e24-91b6-a14dc3a0610d-768x432.jpg 768w, https:\/\/www.radiopiu.net\/wordpress\/wp-content\/uploads\/2021\/02\/0de48809-370d-4e24-91b6-a14dc3a0610d-1536x864.jpg 1536w, https:\/\/www.radiopiu.net\/wordpress\/wp-content\/uploads\/2021\/02\/0de48809-370d-4e24-91b6-a14dc3a0610d.jpg 2000w\" sizes=\"auto, (max-width: 229px) 100vw, 229px\" \/><\/a>mentre si dirigeva verso via Dardagnin. I familiari avevano gi\u00e0 notato l&#8217;assenza di Bona ed era in corso un giro di telefonate per capire se qualcuno lo avesse visto in paese.\u00a0 Denis Bona,\u00a0 viveva a Villabruna in via Salgarda Vecchia. Dopo aver conseguito la laurea in ingegneria gestionale, ha lavorato all&#8217;estero e in diverse aziende del territorio concentrandosi sulle transazioni finanziarie,\u00a0 lascia la mamma, la sorella Valentina ed il pap\u00e0 Stefano, segretario della Fiom provinciale. La mountain bike \u00e8 stata sequestrata dai Carabinieri, sar\u00e0 sottoposta a verifica per individuare un eventuale mal funzionamento, sotto osservazione anche il parapetto del ponte in condizioni pessime. (foto Corriere delle Alpi)<\/p>\n<div class=\"im_history_message_wrap im_grouped_short\">\n<div class=\"im_message_outer_wrap hasselect\" data-msg-id=\"17539\">\n<div class=\"im_message_wrap clearfix\">\n<div class=\"im_content_message_wrap im_message_in\">\n<div class=\"im_message_meta pull-right text-right noselect\"><\/div>\n<div class=\"im_message_body\">\n<div><\/div>\n<\/div>\n<\/div>\n<\/div>\n<\/div>\n<\/div>\n","protected":false},"excerpt":{"rendered":"<p>*** FELTRE Il 14 novembre inizier\u00e0 il processo legale tra i familiari di Denis Bona, 39enne morto cadendo dal ponte di Salgarda, e il Comune di Feltre. La famiglia sostiene che il ponte mancava di protezioni adeguate, essenziali per prevenire incidenti, e chiede un risarcimento per il tragico evento del 2021. Il Comune, assistito dall&#8217;avvocato&hellip;<\/p>\n","protected":false},"author":4,"featured_media":192542,"comment_status":"closed","ping_status":"closed","sticky":false,"template":"","format":"standard","meta":{"_monsterinsights_skip_tracking":false,"_monsterinsights_sitenote_active":false,"_monsterinsights_sitenote_note":"","_monsterinsights_sitenote_category":0,"footnotes":""},"categories":[51,49],"tags":[],"class_list":["post-192541","post","type-post","status-publish","format-standard","has-post-thumbnail","hentry","category-evidenza-top","category-news-18","category-51","category-49","description-off"],"img_url":"https:\/\/www.radiopiu.net\/wordpress\/wp-content\/uploads\/2021\/02\/b5450b84-5280-4570-9342-b557b844f9bd.jpg","_links":{"self":[{"href":"https:\/\/www.radiopiu.net\/wordpress\/wp-json\/wp\/v2\/posts\/192541","targetHints":{"allow":["GET"]}}],"collection":[{"href":"https:\/\/www.radiopiu.net\/wordpress\/wp-json\/wp\/v2\/posts"}],"about":[{"href":"https:\/\/www.radiopiu.net\/wordpress\/wp-json\/wp\/v2\/types\/post"}],"author":[{"embeddable":true,"href":"https:\/\/www.radiopiu.net\/wordpress\/wp-json\/wp\/v2\/users\/4"}],"replies":[{"embeddable":true,"href":"https:\/\/www.radiopiu.net\/wordpress\/wp-json\/wp\/v2\/comments?post=192541"}],"version-history":[{"count":2,"href":"https:\/\/www.radiopiu.net\/wordpress\/wp-json\/wp\/v2\/posts\/192541\/revisions"}],"predecessor-version":[{"id":407133,"href":"https:\/\/www.radiopiu.net\/wordpress\/wp-json\/wp\/v2\/posts\/192541\/revisions\/407133"}],"wp:featuredmedia":[{"embeddable":true,"href":"https:\/\/www.radiopiu.net\/wordpress\/wp-json\/wp\/v2\/media\/192542"}],"wp:attachment":[{"href":"https:\/\/www.radiopiu.net\/wordpress\/wp-json\/wp\/v2\/media?parent=192541"}],"wp:term":[{"taxonomy":"category","embeddable":true,"href":"https:\/\/www.radiopiu.net\/wordpress\/wp-json\/wp\/v2\/categories?post=192541"},{"taxonomy":"post_tag","embeddable":true,"href":"https:\/\/www.radiopiu.net\/wordpress\/wp-json\/wp\/v2\/tags?post=192541"}],"curies":[{"name":"wp","href":"https:\/\/api.w.org\/{rel}","templated":true}]}}