{"id":192756,"date":"2021-02-22T06:00:21","date_gmt":"2021-02-22T05:00:21","guid":{"rendered":"https:\/\/www.radiopiu.net\/wordpress\/?p=192756"},"modified":"2021-02-22T09:50:16","modified_gmt":"2021-02-22T08:50:16","slug":"giornale-radiopiu-22-febbraio-2021-direttore-mirko-mezzacasa","status":"publish","type":"post","link":"https:\/\/www.radiopiu.net\/wordpress\/giornale-radiopiu-22-febbraio-2021-direttore-mirko-mezzacasa\/","title":{"rendered":"GIORNALE RADIOPIU 22 FEBBRAIO 2021 DIRETTORE MIRKO MEZZACASA"},"content":{"rendered":"<h3><a href=\"https:\/\/www.radiopiu.net\/wordpress\/giornale-radiopiu-24-gennaio-2021-direttore-mirko-mezzacasa\/141433770_171616291414874_2957460898102012198_n\/\" rel=\"attachment wp-att-186566\"><img loading=\"lazy\" decoding=\"async\" class=\"wp-image-186566 alignleft\" src=\"https:\/\/www.radiopiu.net\/wordpress\/wp-content\/uploads\/2021\/01\/141433770_171616291414874_2957460898102012198_n-300x300.jpg\" alt=\"\" width=\"144\" height=\"144\" srcset=\"https:\/\/www.radiopiu.net\/wordpress\/wp-content\/uploads\/2021\/01\/141433770_171616291414874_2957460898102012198_n-300x300.jpg 300w, https:\/\/www.radiopiu.net\/wordpress\/wp-content\/uploads\/2021\/01\/141433770_171616291414874_2957460898102012198_n-150x150.jpg 150w, https:\/\/www.radiopiu.net\/wordpress\/wp-content\/uploads\/2021\/01\/141433770_171616291414874_2957460898102012198_n-768x768.jpg 768w, https:\/\/www.radiopiu.net\/wordpress\/wp-content\/uploads\/2021\/01\/141433770_171616291414874_2957460898102012198_n.jpg 800w\" sizes=\"auto, (max-width: 144px) 100vw, 144px\" \/><\/a>PER<strong> RICEVERE QUESTO NOTIZIARIO DIRETTAMENTE SUL TUO CELLULARE ISCRIVITI AL CANALE TELEGRAM <\/strong><strong>\u201cRADIO PIU\u00a0 INFORMAZIONE&#8221;\u00a0<\/strong><\/h3>\n<h3>SUPERATI I 3000 ISCRITTI, il CANALE TELEGRAM&#8230; UNISCITI A: RADIO PIU INFORMAZIONE<\/h3>\n<p>&nbsp;<\/p>\n<p>&nbsp;<\/p>\n<p><em><a href=\"https:\/\/www.radiopiu.net\/wordpress\/giornale-radiopiu-24-gennaio-2021-direttore-mirko-mezzacasa\/79216601_126817312416448_708980208774483089_n\/\" rel=\"attachment wp-att-186567\"><img loading=\"lazy\" decoding=\"async\" class=\"size-medium wp-image-186567 alignright\" src=\"https:\/\/www.radiopiu.net\/wordpress\/wp-content\/uploads\/2021\/01\/79216601_126817312416448_708980208774483089_n-300x114.jpg\" alt=\"\" width=\"300\" height=\"114\" srcset=\"https:\/\/www.radiopiu.net\/wordpress\/wp-content\/uploads\/2021\/01\/79216601_126817312416448_708980208774483089_n-300x114.jpg 300w, https:\/\/www.radiopiu.net\/wordpress\/wp-content\/uploads\/2021\/01\/79216601_126817312416448_708980208774483089_n-768x292.jpg 768w, https:\/\/www.radiopiu.net\/wordpress\/wp-content\/uploads\/2021\/01\/79216601_126817312416448_708980208774483089_n.jpg 820w\" sizes=\"auto, (max-width: 300px) 100vw, 300px\" \/><\/a><span style=\"color: #ff0000;\">ATTENZIONE: LA NUOVA APP PER IOS-IPHONE di Nicola Vettorello <\/span><\/em><a href=\"https:\/\/apps.apple.com\/it\/app\/radio-pi%C3%B9-emittente-agordina\/id1515939845\">https:\/\/apps.apple.com\/it\/app\/radio-pi%C3%B9-emittente-agordina\/id1515939845<\/a><\/p>\n<p><em style=\"color: #ff0000;\">ATTENZIONE: LA NUOVA APP RADIO\u00a0 PER ANDROID di Nicola Vettorello<\/em><\/p>\n<p><a href=\"https:\/\/play.google.com\/store\/apps\/details?id=net.radiopiu.iniko\" target=\"_blank\" rel=\"noopener noreferrer\">https:\/\/play.google.com\/store\/apps\/details?id=net.radiopiu.iniko\u00a0\u00a0<\/a><\/p>\n<p>&nbsp;<\/p>\n<p>&nbsp;<\/p>\n<p><strong>TREVISO<\/strong> Ieri alle 16.30\u00a0 sul monte Grappa al\u00a0 rifugio Bassano in comune di Cison di Valmarino si \u00e8 staccata una\u00a0 valanga\u00a0 con un fronte di oltre 50 metri sulla strada Cadorna,\u00a0 e ha impedito il rientro di un centinaio di escursionisti veneti, rimasti bloccati nella struttura.\u00a0 Un varco \u00e8 stato aperto verso le 20.30 ed \u00e8 potuto iniziare il lento rientro degli escursionisti in auto verso la pianura.<\/p>\n<p><img decoding=\"async\" src=\"https:\/\/www.radiopiu.net\/wordpress\/wp-content\/uploads\/2021\/02\/WhatsApp-Image-2021-02-21-at-21.37.01_21213852.jpg\" \/><\/p>\n<p>&nbsp;<\/p>\n<p>&nbsp;<\/p>\n<blockquote>\n<h3>VALANGA A PASSO ROLLE, lato San Martino, localit\u00e0 Malga Fosse, strada chiusa. Sul posto anche i vigili del fuoco di San Martino<\/h3>\n<\/blockquote>\n<p><strong>FOTO Stiven<\/strong><\/p>\n\n\t\t\t<style type='text\/css'>\n\t\t\t\t#gallery-1 {\n\t\t\t\t\tmargin: auto;\n\t\t\t\t}\n\t\t\t\t#gallery-1 .gallery-item {\n\t\t\t\t\tfloat: left;\n\t\t\t\t\tmargin-top: 10px;\n\t\t\t\t\ttext-align: center;\n\t\t\t\t\twidth: 33%;\n\t\t\t\t}\n\t\t\t\t#gallery-1 img {\n\t\t\t\t\tborder: 2px solid #cfcfcf;\n\t\t\t\t}\n\t\t\t\t#gallery-1 .gallery-caption {\n\t\t\t\t\tmargin-left: 0;\n\t\t\t\t}\n\t\t\t\t\/* see gallery_shortcode() in wp-includes\/media.php *\/\n\t\t\t<\/style>\n\t\t<div id='gallery-1' class='dt-gallery-container gallery galleryid-192756 gallery-columns-3 gallery-size-thumbnail'><dl class='gallery-item'>\n\t\t\t\t<dt class='gallery-icon portrait'>\n\t\t\t\t\t<a class=\"rollover rollover-zoom dt-pswp-item\" title=\"b5065b9e-2616-49bf-b34c-f582f2ca9ebe\" data-dt-img-description=\"\" data-large_image_width=\"240\" data-large_image_height=\"320\"href='https:\/\/www.radiopiu.net\/wordpress\/wp-content\/uploads\/2021\/02\/b5065b9e-2616-49bf-b34c-f582f2ca9ebe.jpg'><img loading=\"lazy\" decoding=\"async\" width=\"150\" height=\"150\" src=\"https:\/\/www.radiopiu.net\/wordpress\/wp-content\/uploads\/2021\/02\/b5065b9e-2616-49bf-b34c-f582f2ca9ebe-150x150.jpg\" class=\"attachment-thumbnail size-thumbnail\" alt=\"\" \/><\/a>\n\t\t\t\t<\/dt><\/dl><dl class='gallery-item'>\n\t\t\t\t<dt class='gallery-icon portrait'>\n\t\t\t\t\t<a class=\"rollover rollover-zoom dt-pswp-item\" title=\"10ee2fd7-d5bc-450c-893a-24efb5d67881\" data-dt-img-description=\"\" data-large_image_width=\"240\" data-large_image_height=\"320\"href='https:\/\/www.radiopiu.net\/wordpress\/wp-content\/uploads\/2021\/02\/10ee2fd7-d5bc-450c-893a-24efb5d67881.jpg'><img loading=\"lazy\" decoding=\"async\" width=\"150\" height=\"150\" src=\"https:\/\/www.radiopiu.net\/wordpress\/wp-content\/uploads\/2021\/02\/10ee2fd7-d5bc-450c-893a-24efb5d67881-150x150.jpg\" class=\"attachment-thumbnail size-thumbnail\" alt=\"\" \/><\/a>\n\t\t\t\t<\/dt><\/dl><dl class='gallery-item'>\n\t\t\t\t<dt class='gallery-icon portrait'>\n\t\t\t\t\t<a class=\"rollover rollover-zoom dt-pswp-item\" title=\"271dd558-f73e-4eff-8b7f-9a622a1da96e\" data-dt-img-description=\"\" data-large_image_width=\"240\" data-large_image_height=\"320\"href='https:\/\/www.radiopiu.net\/wordpress\/wp-content\/uploads\/2021\/02\/271dd558-f73e-4eff-8b7f-9a622a1da96e.jpg'><img loading=\"lazy\" decoding=\"async\" width=\"150\" height=\"150\" src=\"https:\/\/www.radiopiu.net\/wordpress\/wp-content\/uploads\/2021\/02\/271dd558-f73e-4eff-8b7f-9a622a1da96e-150x150.jpg\" class=\"attachment-thumbnail size-thumbnail\" alt=\"\" \/><\/a>\n\t\t\t\t<\/dt><\/dl><br style=\"clear: both\" \/>\n\t\t\t<\/div>\n\n<p>&nbsp;<\/p>\n<p>&nbsp;<\/p>\n<hr \/>\n<p>&nbsp;<\/p>\n<p><strong>di Massimo Bortoluzzi, consigliere provinciale\u00a0<\/strong><\/p>\n<blockquote><p><em><a class=\"dt-pswp-item\" href=\"https:\/\/www.radiopiu.net\/wordpress\/wp-content\/uploads\/2021\/02\/152187576_703007493708868_2595124931287135381_o.jpg\" data-dt-img-description=\"\" data-large_image_width=\"801\" data-large_image_height=\"540\"><img loading=\"lazy\" decoding=\"async\" class=\" wp-image-192975 alignleft\" src=\"https:\/\/www.radiopiu.net\/wordpress\/wp-content\/uploads\/2021\/02\/152187576_703007493708868_2595124931287135381_o-300x202.jpg\" alt=\"\" width=\"238\" height=\"160\" srcset=\"https:\/\/www.radiopiu.net\/wordpress\/wp-content\/uploads\/2021\/02\/152187576_703007493708868_2595124931287135381_o-300x202.jpg 300w, https:\/\/www.radiopiu.net\/wordpress\/wp-content\/uploads\/2021\/02\/152187576_703007493708868_2595124931287135381_o-768x518.jpg 768w, https:\/\/www.radiopiu.net\/wordpress\/wp-content\/uploads\/2021\/02\/152187576_703007493708868_2595124931287135381_o.jpg 801w\" sizes=\"auto, (max-width: 238px) 100vw, 238px\" \/><\/a>Bellissima giornata a Cortina, montagne spettacolari, cerimonia di chiusura dei Mondiali da favola. Ritorno da incubo. Primi rallentamenti a San Vito di Cadore. Coda a Tai. Traffico completamente paralizzato da prima del Ponte Cadore. Non \u00e8 possibile impiegare ore per percorrere pochi chilometri. Siamo una terra patrimonio dell\u2019umanit\u00e0 che merita di meglio. Per i turisti e per i residenti. Una sola domanda: se dovesse esserci necessit\u00e0 di far passare un\u2019ambulanza per un\u2019emergenza, come si farebbe? Pretendiamo una viabilit\u00e0 diversa, funzionale ed efficace. Non chiediamo nient\u2019altro che un sacrosanto diritto alla mobilit\u00e0, che per la montagna \u00e8 vitale. Ci auguriamo che cambino i ritmi, altrimenti per le Olimpiadi saremo ancora qui. Tutti in coda appassionatamente<\/em><\/p><\/blockquote>\n<p>&nbsp;<\/p>\n<p>&nbsp;<\/p>\n<p>&nbsp;<\/p>\n<hr \/>\n<p>&nbsp;<\/p>\n<blockquote>\n<h2 style=\"text-align: center;\">AUGURI ELSA ! 100 ANNI NELLA SUA ROCCA PIETORE, AUGURI PIU&#8217;<\/h2>\n<\/blockquote>\n<p><strong><img loading=\"lazy\" decoding=\"async\" class=\"alignleft\" src=\"https:\/\/www.radiopiu.net\/wordpress\/wp-content\/uploads\/2021\/02\/039b33b8-c328-4a83-a2d3-a21b0f6cbf73.jpg\" width=\"176\" height=\"235\" \/>ROCCA PIETORE\u00a0<\/strong> E&#8217; festa oggi a Rocca Pietore per il compleanno di Elsa De Vallier. Tanti auguri\u00a0 dai figli Franca, Alberto con la moglie Pia,\u00a0 i nipoti Stefania, Ivan con Barbara e Fabio, don Virgilio,\u00a0 Tiziano con la moglie Hannah e i pronipoti Arianna,\u00a0 Benjamin ed Eric.<br \/>\nAUGURI migliori di buona continuazione di vita in salute e serenit\u00e0.<\/p>\n<p><strong>ALLA RADIO &#8230;\u00a0<\/strong><\/p>\n<audio class=\"wp-audio-shortcode\" id=\"audio-192756-1\" preload=\"none\" style=\"width: 100%;\" controls=\"controls\"><source type=\"audio\/mpeg\" src=\"https:\/\/www.radiopiu.net\/wordpress\/wp-content\/uploads\/2021\/02\/ELSA.mp3?_=1\" \/><a href=\"https:\/\/www.radiopiu.net\/wordpress\/wp-content\/uploads\/2021\/02\/ELSA.mp3\">https:\/\/www.radiopiu.net\/wordpress\/wp-content\/uploads\/2021\/02\/ELSA.mp3<\/a><\/audio>\n<p>&nbsp;<\/p>\n<p><strong><a href=\"https:\/\/www.radiopiu.net\/wordpress\/auguri-elsa-100-anni-nella-sua-rocca-pietore-auguri-piu\/schermata-2021-02-21-alle-11-14-35\/\" rel=\"attachment wp-att-192797\"><img loading=\"lazy\" decoding=\"async\" class=\"size-medium wp-image-192797 alignleft\" src=\"https:\/\/www.radiopiu.net\/wordpress\/wp-content\/uploads\/2021\/02\/Schermata-2021-02-21-alle-11.14.35-210x300.png\" alt=\"\" width=\"210\" height=\"300\" srcset=\"https:\/\/www.radiopiu.net\/wordpress\/wp-content\/uploads\/2021\/02\/Schermata-2021-02-21-alle-11.14.35-210x300.png 210w, https:\/\/www.radiopiu.net\/wordpress\/wp-content\/uploads\/2021\/02\/Schermata-2021-02-21-alle-11.14.35-718x1024.png 718w, https:\/\/www.radiopiu.net\/wordpress\/wp-content\/uploads\/2021\/02\/Schermata-2021-02-21-alle-11.14.35-768x1095.png 768w, https:\/\/www.radiopiu.net\/wordpress\/wp-content\/uploads\/2021\/02\/Schermata-2021-02-21-alle-11.14.35.png 926w\" sizes=\"auto, (max-width: 210px) 100vw, 210px\" \/><\/a>GLI AUGURI DEL SINDACO DI ROCCA PIETORE ANDREA DE BERNARDIN<\/strong><\/p>\n<audio class=\"wp-audio-shortcode\" id=\"audio-192756-2\" preload=\"none\" style=\"width: 100%;\" controls=\"controls\"><source type=\"audio\/mpeg\" src=\"https:\/\/www.radiopiu.net\/wordpress\/wp-content\/uploads\/2021\/02\/DE-BERNARDIN-AUGURI-ELSA.mp3?_=2\" \/><a href=\"https:\/\/www.radiopiu.net\/wordpress\/wp-content\/uploads\/2021\/02\/DE-BERNARDIN-AUGURI-ELSA.mp3\">https:\/\/www.radiopiu.net\/wordpress\/wp-content\/uploads\/2021\/02\/DE-BERNARDIN-AUGURI-ELSA.mp3<\/a><\/audio>\n<p>&nbsp;<\/p>\n<hr \/>\n<p>&nbsp;<\/p>\n<h3><strong>SR 204 Belluno-Mas, fino al 26 febbraio, esclusi sabato e domenica, istituzione di senso unico alternato regolato da impianto semaforico o movieri in localit\u00e0 Antole per messa in sicurezza del ponte<\/strong><\/h3>\n<h3>SP 347 DEL PASSO CEREDA E DURAN, da oggi\u00a0 al 26 febbraio &#8211; Voltago &#8211; senso unico alternato regolato da semaforo a Voltago per indagini geognostiche<\/h3>\n<p>&nbsp;<\/p>\n<blockquote>\n<h3>GALLERIA COMELICO: I CHIUSA NELLA NOTTE<\/h3>\n<\/blockquote>\n<p><strong><a href=\"https:\/\/www.radiopiu.net\/wordpress\/galleria-comelico-da-lunedi-chiusa-dalle-21-15-a-domani-mattina\/galleria-comelico\/\" rel=\"attachment wp-att-192243\"><img loading=\"lazy\" decoding=\"async\" class=\" wp-image-192243 alignleft\" src=\"https:\/\/www.radiopiu.net\/wordpress\/wp-content\/uploads\/2021\/02\/galleria-comelico-253x300.jpg\" alt=\"\" width=\"124\" height=\"147\" srcset=\"https:\/\/www.radiopiu.net\/wordpress\/wp-content\/uploads\/2021\/02\/galleria-comelico-253x300.jpg 253w, https:\/\/www.radiopiu.net\/wordpress\/wp-content\/uploads\/2021\/02\/galleria-comelico.jpg 500w\" sizes=\"auto, (max-width: 124px) 100vw, 124px\" \/><\/a>COMELICO<\/strong>\u00a0 Per consentire l\u2019esecuzione di indagini geognostiche e geofisiche in galleria Comelico, sono previste limitazioni temporanee lungo la strada statale 52 \u201cCarnica\u201d.<strong> Da\u00a0 oggi e fino a sabato 27 febbraio,<\/strong> nella fascia oraria dalle 21:15 alle\u00a0 05:45, giorni festivi esclusi, sar\u00e0 chiusa al traffico la galleria Comelico, dal km 81 al km 85. Il traffico veicolare sar\u00e0 deviato sulla SP 532 Passo S. Antonio; i mezzi pesanti trainanti un rimorchio saranno invece deviati sulla SR 48 delle Dolomiti e sulla SP 49 Misurina.<\/p>\n<p>&nbsp;<\/p>\n<p>&nbsp;<\/p>\n<p>&nbsp;<\/p>\n<hr \/>\n<p>&nbsp;<\/p>\n<p><strong><a href=\"https:\/\/www.radiopiu.net\/wordpress\/giornale-radiopiu-09-agosto-2018-direttore-mirko-mezzacasa\/acqua\/\" rel=\"attachment wp-att-57052\"><img loading=\"lazy\" decoding=\"async\" class=\" wp-image-57052 alignleft\" src=\"https:\/\/www.radiopiu.net\/wordpress\/wp-content\/uploads\/2018\/08\/ACQUA-300x180.jpeg\" alt=\"\" width=\"131\" height=\"79\" srcset=\"https:\/\/www.radiopiu.net\/wordpress\/wp-content\/uploads\/2018\/08\/ACQUA-300x180.jpeg 300w, https:\/\/www.radiopiu.net\/wordpress\/wp-content\/uploads\/2018\/08\/ACQUA-768x461.jpeg 768w, https:\/\/www.radiopiu.net\/wordpress\/wp-content\/uploads\/2018\/08\/ACQUA-1024x614.jpeg 1024w, https:\/\/www.radiopiu.net\/wordpress\/wp-content\/uploads\/2018\/08\/ACQUA.jpeg 1280w\" sizes=\"auto, (max-width: 131px) 100vw, 131px\" \/><\/a>Gestione Servizi Pubblici informa che a CANALE D&#8217;AGORDO IN LOC. CARFON l&#8217;acqua erogata dall&#8217;acquedotto non \u00e8 potabile e pu\u00f2 essere usata per scopi alimentari SOLO PREVIA bollitura. GSP ha, comunque, gi\u00e0 adottato le necessarie misure per la disinfezione dell&#8217;acqua presente nei serbatoi e nella rete idrica con l&#8217;aggiunta di cloro.<\/strong><\/p>\n<p>&nbsp;<\/p>\n<p>&nbsp;<\/p>\n<p>&nbsp;<\/p>\n<p>&nbsp;<\/p>\n<hr \/>\n<blockquote>\n<h3>800 VACCINAZIONI AL PERSONALE DELLA SCUOLA A BELLUNO E FELTRE OGGI TOCCA A TAI, DOMANI AD AGORDO<\/h3>\n<\/blockquote>\n<p><strong>BELLUNO <\/strong>Tutto regolare ai drive in di Belluno e Feltre per la vaccinazione del personale della scuola. Sono state somministrate circa 400 dosi a Belluno e 400 a Feltre di vaccino Astrazeneca. Non \u00e8 stato registrato alcun evento negativo, la sorveglianza post vaccinale \u00e8 stata regolare. Oggi toccher\u00e0 al personale della scuola prenotato a Tai di Cadore, domani ad Agordo.<\/p>\n\n\t\t\t<style type='text\/css'>\n\t\t\t\t#gallery-2 {\n\t\t\t\t\tmargin: auto;\n\t\t\t\t}\n\t\t\t\t#gallery-2 .gallery-item {\n\t\t\t\t\tfloat: left;\n\t\t\t\t\tmargin-top: 10px;\n\t\t\t\t\ttext-align: center;\n\t\t\t\t\twidth: 50%;\n\t\t\t\t}\n\t\t\t\t#gallery-2 img {\n\t\t\t\t\tborder: 2px solid #cfcfcf;\n\t\t\t\t}\n\t\t\t\t#gallery-2 .gallery-caption {\n\t\t\t\t\tmargin-left: 0;\n\t\t\t\t}\n\t\t\t\t\/* see gallery_shortcode() in wp-includes\/media.php *\/\n\t\t\t<\/style>\n\t\t<div id='gallery-2' class='dt-gallery-container gallery galleryid-192756 gallery-columns-2 gallery-size-medium'><dl class='gallery-item'>\n\t\t\t\t<dt class='gallery-icon portrait'>\n\t\t\t\t\t<a class=\"rollover rollover-zoom dt-pswp-item\" title=\"drive in insegnanti belluno\" data-dt-img-description=\"\" data-large_image_width=\"899\" data-large_image_height=\"1599\"href='https:\/\/www.radiopiu.net\/wordpress\/wp-content\/uploads\/2021\/02\/drive-in-insegnanti-belluno.jpg'><img loading=\"lazy\" decoding=\"async\" width=\"169\" height=\"300\" src=\"https:\/\/www.radiopiu.net\/wordpress\/wp-content\/uploads\/2021\/02\/drive-in-insegnanti-belluno-169x300.jpg\" class=\"attachment-medium size-medium\" alt=\"\" srcset=\"https:\/\/www.radiopiu.net\/wordpress\/wp-content\/uploads\/2021\/02\/drive-in-insegnanti-belluno-169x300.jpg 169w, https:\/\/www.radiopiu.net\/wordpress\/wp-content\/uploads\/2021\/02\/drive-in-insegnanti-belluno-576x1024.jpg 576w, https:\/\/www.radiopiu.net\/wordpress\/wp-content\/uploads\/2021\/02\/drive-in-insegnanti-belluno-768x1366.jpg 768w, https:\/\/www.radiopiu.net\/wordpress\/wp-content\/uploads\/2021\/02\/drive-in-insegnanti-belluno-864x1536.jpg 864w, https:\/\/www.radiopiu.net\/wordpress\/wp-content\/uploads\/2021\/02\/drive-in-insegnanti-belluno.jpg 899w\" sizes=\"auto, (max-width: 169px) 100vw, 169px\" \/><\/a>\n\t\t\t\t<\/dt><\/dl><dl class='gallery-item'>\n\t\t\t\t<dt class='gallery-icon portrait'>\n\t\t\t\t\t<a class=\"rollover rollover-zoom dt-pswp-item\" title=\"drive in insegnanti feltre\" data-dt-img-description=\"\" data-large_image_width=\"768\" data-large_image_height=\"1024\"href='https:\/\/www.radiopiu.net\/wordpress\/wp-content\/uploads\/2021\/02\/drive-in-insegnanti-feltre.jpg'><img loading=\"lazy\" decoding=\"async\" width=\"225\" height=\"300\" src=\"https:\/\/www.radiopiu.net\/wordpress\/wp-content\/uploads\/2021\/02\/drive-in-insegnanti-feltre-225x300.jpg\" class=\"attachment-medium size-medium\" alt=\"\" srcset=\"https:\/\/www.radiopiu.net\/wordpress\/wp-content\/uploads\/2021\/02\/drive-in-insegnanti-feltre-225x300.jpg 225w, https:\/\/www.radiopiu.net\/wordpress\/wp-content\/uploads\/2021\/02\/drive-in-insegnanti-feltre.jpg 768w\" sizes=\"auto, (max-width: 225px) 100vw, 225px\" \/><\/a>\n\t\t\t\t<\/dt><\/dl><br style=\"clear: both\" \/>\n\t\t\t<\/div>\n\n<p>&nbsp;<\/p>\n<hr \/>\n<p>&nbsp;<\/p>\n<blockquote>\n<h3>PANICO IN PRONTO SOCCORSO, COLPO IN ARIA CON LA PISTOLA A SALVE<\/h3>\n<\/blockquote>\n<p><strong>BELLUNO<\/strong> Alcool, pistola, spari e paura nel sabato sera iniziato a Visome e terminato al Pronto Soccorso del San Martino con una denuncia in stato di libert\u00e0. L&#8217;autore un limanese M.D. di 54 anni che dovr\u00e0 rispondere di una serie di reati: interruzione di pubblico servizio, esplosioni pericolose e ubriachezza molesta. Esplosioni pericolose perch\u00e9 l&#8217;uomo\u00a0 in pronto soccorso (dove era stato trasportato) in evidente stato di ubriachezza ha sparato con una pistola a salve, un colpo in aria che ha scatenato il panico nel reparto. Sul posto il personale del Norm dei Carabinieri, All&#8217;uomo \u00e8 stata sequestrata la pistola &#8220;New Police&#8221;, 8 millimetri di calibro (senza il\u00a0 tappo rosso) e due cartucce gi\u00e0 esplose.<\/p>\n\n\t\t\t<style type='text\/css'>\n\t\t\t\t#gallery-3 {\n\t\t\t\t\tmargin: auto;\n\t\t\t\t}\n\t\t\t\t#gallery-3 .gallery-item {\n\t\t\t\t\tfloat: left;\n\t\t\t\t\tmargin-top: 10px;\n\t\t\t\t\ttext-align: center;\n\t\t\t\t\twidth: 50%;\n\t\t\t\t}\n\t\t\t\t#gallery-3 img {\n\t\t\t\t\tborder: 2px solid #cfcfcf;\n\t\t\t\t}\n\t\t\t\t#gallery-3 .gallery-caption {\n\t\t\t\t\tmargin-left: 0;\n\t\t\t\t}\n\t\t\t\t\/* see gallery_shortcode() in wp-includes\/media.php *\/\n\t\t\t<\/style>\n\t\t<div id='gallery-3' class='dt-gallery-container gallery galleryid-192756 gallery-columns-2 gallery-size-full'><dl class='gallery-item'>\n\t\t\t\t<dt class='gallery-icon landscape'>\n\t\t\t\t\t<a class=\"rollover rollover-zoom dt-pswp-item\" title=\"35b51f54-a8da-4db9-a864-c2dfd3d98441\" data-dt-img-description=\"\" data-large_image_width=\"320\" data-large_image_height=\"240\"href='https:\/\/www.radiopiu.net\/wordpress\/wp-content\/uploads\/2021\/02\/35b51f54-a8da-4db9-a864-c2dfd3d98441.jpg'><img loading=\"lazy\" decoding=\"async\" width=\"320\" height=\"240\" src=\"https:\/\/www.radiopiu.net\/wordpress\/wp-content\/uploads\/2021\/02\/35b51f54-a8da-4db9-a864-c2dfd3d98441.jpg\" class=\"attachment-full size-full\" alt=\"\" srcset=\"https:\/\/www.radiopiu.net\/wordpress\/wp-content\/uploads\/2021\/02\/35b51f54-a8da-4db9-a864-c2dfd3d98441.jpg 320w, https:\/\/www.radiopiu.net\/wordpress\/wp-content\/uploads\/2021\/02\/35b51f54-a8da-4db9-a864-c2dfd3d98441-300x225.jpg 300w\" sizes=\"auto, (max-width: 320px) 100vw, 320px\" \/><\/a>\n\t\t\t\t<\/dt><\/dl><dl class='gallery-item'>\n\t\t\t\t<dt class='gallery-icon portrait'>\n\t\t\t\t\t<a class=\"rollover rollover-zoom dt-pswp-item\" title=\"ca65acf4-6246-4678-bf05-5077b79be4b7\" data-dt-img-description=\"\" data-large_image_width=\"240\" data-large_image_height=\"320\"href='https:\/\/www.radiopiu.net\/wordpress\/wp-content\/uploads\/2021\/02\/ca65acf4-6246-4678-bf05-5077b79be4b7.jpg'><img loading=\"lazy\" decoding=\"async\" width=\"240\" height=\"320\" src=\"https:\/\/www.radiopiu.net\/wordpress\/wp-content\/uploads\/2021\/02\/ca65acf4-6246-4678-bf05-5077b79be4b7.jpg\" class=\"attachment-full size-full\" alt=\"\" srcset=\"https:\/\/www.radiopiu.net\/wordpress\/wp-content\/uploads\/2021\/02\/ca65acf4-6246-4678-bf05-5077b79be4b7.jpg 240w, https:\/\/www.radiopiu.net\/wordpress\/wp-content\/uploads\/2021\/02\/ca65acf4-6246-4678-bf05-5077b79be4b7-225x300.jpg 225w\" sizes=\"auto, (max-width: 240px) 100vw, 240px\" \/><\/a>\n\t\t\t\t<\/dt><\/dl><br style=\"clear: both\" \/>\n\t\t\t<\/div>\n\n<p>&nbsp;<\/p>\n<hr \/>\n<p>&nbsp;<\/p>\n<blockquote>\n<h3>IN 20 AL BAR, CHIUSO PER CINQUE GIORNI<\/h3>\n<\/blockquote>\n<p><strong>FONZASO<\/strong>\u00a0 Giu&#8217; le serrande per cinque giorni \u00a0per aver violato le regole anti-contagio al bar Sport, in via San Rocco, ad Arten di Fonzaso dove i carabinieri\u00a0 sabato pomeriggio sono intervenuti per un controllo e c&#8217;erano pi\u00f9 di venti clienti al bar ed \u00e8 scattata la sanzione e la chiusura. L&#8217;ultimo monitoraggio della Prefettura: nell&#8217;ultima settimana 1133 persone controllate, 24 sanzioni;\u00a0 343 attivit\u00e0 controllate, una sanzione e un provvedimento di chiusura. Nell&#8217;ultimo anno 102229 persone controllate, 1543 sanzioni, 27 denunce; 99935 attivit\u00e0 controllate, 62 sanzioni, 36 provvedimenti di chiusura.<\/p>\n<p>&nbsp;<\/p>\n<p>&nbsp;<\/p>\n<hr \/>\n<p>&nbsp;<\/p>\n<blockquote>\n<h3>&#8220;DENIS ERA IL RIFERIMENTO DEI GIOVANI&#8221;, IL MESSAGGIO DELL&#8217;UNION FELTRE<\/h3>\n<\/blockquote>\n<p><strong>FELTRE<\/strong> La cerimonia di addio a Denis Bona, vittima del mortale incidente lungo la vecchia strada di Arson sar\u00e0 privata. Gli inquirenti hanno aperto un fascicolo e stanno ricostruendo l\u2019accaduto dopo aver sequestrato la bicicletta elettrica su cui viaggiava Denis, acquistata qualche giorno prima, e dopo aver documentato e verbalizzato (se ne occupano i Carabinieri) le condizioni in cui versa il tratto di strada, i parapetti del ponte soprattutto. La citt\u00e0 \u00e8 tramortita per la drammatica scomparsa del trentanovenne, tanti i messaggi di cordoglio alla famiglia. Denis \u00e8 ricordato anche per i suoi trascorsi sportivi e la grande <strong><img loading=\"lazy\" decoding=\"async\" class=\"alignleft\" src=\"https:\/\/www.radiopiu.net\/wordpress\/wp-content\/uploads\/2021\/02\/151825984_3779971238717662_1058475699157035758_o-300x300.jpg\" width=\"131\" height=\"131\" \/><\/strong>passione per il settore giovanile.<\/p>\n<p><strong>IL MESSAGGIO DELL&#8217;UNION FELTRE<\/strong><\/p>\n<p>I soci, i dirigenti e tutti i tesserati dell\u2019Union Feltre esprimono profondo cordoglio per la tragica scomparsa di Denis Bona che attualmente era un allenatore\/istruttore nell\u2019attivit\u00e0 di base del settore giovanile. La sua bont\u00e0 e solarit\u00e0 era apprezzatissima da tutti ma in particolare dai bambini dei primi calci che avevano in Denis un vero e proprio riferimento per l\u2019apprendimento delle attivit\u00e0 di base del gioco. La Societ\u00e0 manifesta un sentimento di vicinanza alla famiglia.<\/p>\n<p><strong>ORAZIO ZANIN, FIGC\u00a0<\/strong> Le sentite condoglianze della delegazione FIGC di Belluno. alla societ\u00e0 Union Feltre , alla famiglia ed in particolare al Pap\u00e0 Stefano gia dirigente dell Alpes Cesio e per tanti anni Presidente della Giovanile Pizzocco.<\/p>\n<p>&nbsp;<\/p>\n<p>&nbsp;<\/p>\n<hr \/>\n<p>&nbsp;<\/p>\n<blockquote>\n<h3>SCENDE DALLA PISTA DEL FALORIA CON LO SLITTINO E PERDE IL CONTROLLO. ELITRASPORTATO A TREVISO<\/h3>\n<\/blockquote>\n<p><strong><a href=\"https:\/\/www.radiopiu.net\/wordpress\/scende-dalla-pista-del-faloria-con-lo-slittino-e-perde-il-controllo-elitrasportato-a-treviso\/point-blur_feb212021_165243\/\" rel=\"attachment wp-att-192861\"><img loading=\"lazy\" decoding=\"async\" class=\" wp-image-192861 alignleft\" src=\"https:\/\/www.radiopiu.net\/wordpress\/wp-content\/uploads\/2021\/02\/Point-Blur_Feb212021_165243-300x225.jpg\" alt=\"\" width=\"191\" height=\"143\" srcset=\"https:\/\/www.radiopiu.net\/wordpress\/wp-content\/uploads\/2021\/02\/Point-Blur_Feb212021_165243-300x225.jpg 300w, https:\/\/www.radiopiu.net\/wordpress\/wp-content\/uploads\/2021\/02\/Point-Blur_Feb212021_165243-1024x768.jpg 1024w, https:\/\/www.radiopiu.net\/wordpress\/wp-content\/uploads\/2021\/02\/Point-Blur_Feb212021_165243-768x576.jpg 768w, https:\/\/www.radiopiu.net\/wordpress\/wp-content\/uploads\/2021\/02\/Point-Blur_Feb212021_165243-1536x1152.jpg 1536w, https:\/\/www.radiopiu.net\/wordpress\/wp-content\/uploads\/2021\/02\/Point-Blur_Feb212021_165243.jpg 1728w\" sizes=\"auto, (max-width: 191px) 100vw, 191px\" \/><\/a>CORTINA\u00a0<\/strong> Ieri alle 13.20 circa la Centrale del Suem \u00e8 stata allertata dalla figlia di un uomo che, scendendo con lo slittino dalla pista normale del Faloria al momento chiusa, perso il controllo aveva sbattuto violentemente sulle reti di protezione. L&#8217;elicottero del Suem di Pieve di Cadore si \u00e8 avvicinato al luogo dell&#8217;incidente e ha sbarcato in hovering medico, infermiere e tecnico di elisoccorso, che hanno prestato le prime cure ad A.A., 66 anni, di Trieste, a seguito delle probabili fratture riportate su entrambe le gambe. Dopo averlo imbarellato, i soccorritori hanno issato l&#8217;infortunato a bordo con un verricello di 20 metri, per trasportarlo all&#8217;ospedale di Treviso.<\/p>\n<p>&nbsp;<\/p>\n<p>&nbsp;<\/p>\n<hr \/>\n<p>&nbsp;<\/p>\n<blockquote>\n<h3>ANCORA UN&#8217;ALTRO INCIDENTE CON LO SLITTINO, QUESTA VOLTA UN RAGAZZO FINISCE IN OSPEDALE<\/h3>\n<\/blockquote>\n<p><strong><a href=\"https:\/\/www.radiopiu.net\/wordpress\/nel-2019-sono-stati-908-gli-interventi-del-soccorso-alpino-e-speleologico-in-calo-del-4-32\/salt_20200101_181805_840\/\" rel=\"attachment wp-att-129123\"><img loading=\"lazy\" decoding=\"async\" class=\" wp-image-129123 alignleft\" src=\"https:\/\/www.radiopiu.net\/wordpress\/wp-content\/uploads\/2020\/04\/salt_20200101_181805_840-300x225.jpg\" alt=\"\" width=\"155\" height=\"116\" srcset=\"https:\/\/www.radiopiu.net\/wordpress\/wp-content\/uploads\/2020\/04\/salt_20200101_181805_840-300x225.jpg 300w, https:\/\/www.radiopiu.net\/wordpress\/wp-content\/uploads\/2020\/04\/salt_20200101_181805_840-1024x768.jpg 1024w, https:\/\/www.radiopiu.net\/wordpress\/wp-content\/uploads\/2020\/04\/salt_20200101_181805_840-768x576.jpg 768w, https:\/\/www.radiopiu.net\/wordpress\/wp-content\/uploads\/2020\/04\/salt_20200101_181805_840.jpg 1240w\" sizes=\"auto, (max-width: 155px) 100vw, 155px\" \/><\/a>CORTINA<\/strong> Ieri alle 16.15 circa il Soccorso alpino di Cortina \u00e8 stato allertato per un tredicenne caduto con lo slittino mentre scendeva dalla pista Mietres. Una squadra ha raggiunto in motoslitta il ragazzo, che aveva riportato un probabile trauma alla gamba, e lo ha trasportato fino all&#8217;ambulanza diretta all&#8217;ospedale.<\/p>\n<p>&nbsp;<\/p>\n<p>&nbsp;<\/p>\n<p>&nbsp;<\/p>\n<hr \/>\n<p>&nbsp;<\/p>\n<blockquote>\n<h3>ELIPORTO OCCUPATO ALL&#8217;OSPEDALE, MA C&#8217;E&#8217; QUELLO DELL&#8217;ELINUCLEO<\/h3>\n<\/blockquote>\n<p><strong>BELLUNO<\/strong> Grazie alla sinergia tra Usl e il 14\u00b0 Nucleo Elicotteri Carabinieri di Belluno un giovane atleta bellunese T.D., 19 anni che aveva riportato un trauma da caduta sugli sci, in pista a Sella Nevea (Udine) \u00e8 stato soccorso al San Martino di Belluno, ma poich\u00e9 l&#8217;eliporto non era disponibile l&#8217;elicottero \u00e8 atterrato a La Rossa.<\/p>\n\n\t\t\t<style type='text\/css'>\n\t\t\t\t#gallery-4 {\n\t\t\t\t\tmargin: auto;\n\t\t\t\t}\n\t\t\t\t#gallery-4 .gallery-item {\n\t\t\t\t\tfloat: left;\n\t\t\t\t\tmargin-top: 10px;\n\t\t\t\t\ttext-align: center;\n\t\t\t\t\twidth: 50%;\n\t\t\t\t}\n\t\t\t\t#gallery-4 img {\n\t\t\t\t\tborder: 2px solid #cfcfcf;\n\t\t\t\t}\n\t\t\t\t#gallery-4 .gallery-caption {\n\t\t\t\t\tmargin-left: 0;\n\t\t\t\t}\n\t\t\t\t\/* see gallery_shortcode() in wp-includes\/media.php *\/\n\t\t\t<\/style>\n\t\t<div id='gallery-4' class='dt-gallery-container gallery galleryid-192756 gallery-columns-2 gallery-size-medium'><dl class='gallery-item'>\n\t\t\t\t<dt class='gallery-icon landscape'>\n\t\t\t\t\t<a class=\"rollover\" href='https:\/\/www.radiopiu.net\/wordpress\/un-altro-dramma-in-strada-ok\/50c87653-96c3-42b0-9dbb-cf167b69bec8\/'><img loading=\"lazy\" decoding=\"async\" width=\"300\" height=\"225\" src=\"https:\/\/www.radiopiu.net\/wordpress\/wp-content\/uploads\/2021\/02\/50c87653-96c3-42b0-9dbb-cf167b69bec8-300x225.jpg\" class=\"attachment-medium size-medium\" alt=\"\" srcset=\"https:\/\/www.radiopiu.net\/wordpress\/wp-content\/uploads\/2021\/02\/50c87653-96c3-42b0-9dbb-cf167b69bec8-300x225.jpg 300w, https:\/\/www.radiopiu.net\/wordpress\/wp-content\/uploads\/2021\/02\/50c87653-96c3-42b0-9dbb-cf167b69bec8.jpg 320w\" sizes=\"auto, (max-width: 300px) 100vw, 300px\" \/><\/a>\n\t\t\t\t<\/dt><\/dl><dl class='gallery-item'>\n\t\t\t\t<dt class='gallery-icon landscape'>\n\t\t\t\t\t<a class=\"rollover\" href='https:\/\/www.radiopiu.net\/wordpress\/un-altro-dramma-in-strada-ok\/77bf6155-8cc3-4aba-86f0-9a9a44c57eda\/'><img loading=\"lazy\" decoding=\"async\" width=\"300\" height=\"225\" src=\"https:\/\/www.radiopiu.net\/wordpress\/wp-content\/uploads\/2021\/02\/77bf6155-8cc3-4aba-86f0-9a9a44c57eda-300x225.jpg\" class=\"attachment-medium size-medium\" alt=\"\" srcset=\"https:\/\/www.radiopiu.net\/wordpress\/wp-content\/uploads\/2021\/02\/77bf6155-8cc3-4aba-86f0-9a9a44c57eda-300x225.jpg 300w, https:\/\/www.radiopiu.net\/wordpress\/wp-content\/uploads\/2021\/02\/77bf6155-8cc3-4aba-86f0-9a9a44c57eda.jpg 320w\" sizes=\"auto, (max-width: 300px) 100vw, 300px\" \/><\/a>\n\t\t\t\t<\/dt><\/dl><br style=\"clear: both\" \/>\n\t\t\t<\/div>\n\n<p>&nbsp;<\/p>\n<p>&nbsp;<\/p>\n<hr \/>\n<p>&nbsp;<\/p>\n<h3><span style=\"color: #ff0000;\">ASSALTO ALLA MONTAGNA &#8220;GIALLA&#8221;<\/span><\/h3>\n<blockquote>\n<h3>ANCHE IERI CODE INFINITE, DAL CADORE A LONGARONE, DALL&#8217;AGORDINO VERSO BELLUNO<br \/>\nSlavina a Passo Giau (Viabilita&#8217; Provincia Belluno_Telegram)&#8230;inversioni di marcia in tangenziale nel tentativo di tornare in centro&#8230;a Falcade quasi quasi parcheggio direttamente in Municipio.<\/h3>\n<\/blockquote>\n<p><a href=\"https:\/\/www.radiopiu.net\/wordpress\/giornale-radiopiu-22-febbraio-2021-direttore-mirko-mezzacasa\/90b740e9-6c7c-4996-a0d2-0280232605a8\/\" rel=\"attachment wp-att-192929\"><img loading=\"lazy\" decoding=\"async\" class=\"alignnone size-medium wp-image-192929\" src=\"https:\/\/www.radiopiu.net\/wordpress\/wp-content\/uploads\/2021\/02\/90b740e9-6c7c-4996-a0d2-0280232605a8-300x225.jpg\" alt=\"\" width=\"300\" height=\"225\" srcset=\"https:\/\/www.radiopiu.net\/wordpress\/wp-content\/uploads\/2021\/02\/90b740e9-6c7c-4996-a0d2-0280232605a8-300x225.jpg 300w, https:\/\/www.radiopiu.net\/wordpress\/wp-content\/uploads\/2021\/02\/90b740e9-6c7c-4996-a0d2-0280232605a8.jpg 320w\" sizes=\"auto, (max-width: 300px) 100vw, 300px\" \/><\/a><a href=\"https:\/\/www.radiopiu.net\/wordpress\/giornale-radiopiu-22-febbraio-2021-direttore-mirko-mezzacasa\/5ba51deb-2f98-49bc-9b34-1c13669e6162\/\" rel=\"attachment wp-att-192930\"><img loading=\"lazy\" decoding=\"async\" class=\"alignnone wp-image-192930\" src=\"https:\/\/www.radiopiu.net\/wordpress\/wp-content\/uploads\/2021\/02\/5ba51deb-2f98-49bc-9b34-1c13669e6162-225x300.jpg\" alt=\"\" width=\"169\" height=\"225\" srcset=\"https:\/\/www.radiopiu.net\/wordpress\/wp-content\/uploads\/2021\/02\/5ba51deb-2f98-49bc-9b34-1c13669e6162-225x300.jpg 225w, https:\/\/www.radiopiu.net\/wordpress\/wp-content\/uploads\/2021\/02\/5ba51deb-2f98-49bc-9b34-1c13669e6162.jpg 240w\" sizes=\"auto, (max-width: 169px) 100vw, 169px\" \/><\/a><a href=\"https:\/\/www.radiopiu.net\/wordpress\/giornale-radiopiu-22-febbraio-2021-direttore-mirko-mezzacasa\/401be83c-81ad-4199-9556-95a65fa363d6\/\" rel=\"attachment wp-att-192938\"><img loading=\"lazy\" decoding=\"async\" class=\"alignnone size-medium wp-image-192938\" src=\"https:\/\/www.radiopiu.net\/wordpress\/wp-content\/uploads\/2021\/02\/401be83c-81ad-4199-9556-95a65fa363d6-300x169.jpg\" alt=\"\" width=\"300\" height=\"169\" srcset=\"https:\/\/www.radiopiu.net\/wordpress\/wp-content\/uploads\/2021\/02\/401be83c-81ad-4199-9556-95a65fa363d6-300x169.jpg 300w, https:\/\/www.radiopiu.net\/wordpress\/wp-content\/uploads\/2021\/02\/401be83c-81ad-4199-9556-95a65fa363d6-1024x576.jpg 1024w, https:\/\/www.radiopiu.net\/wordpress\/wp-content\/uploads\/2021\/02\/401be83c-81ad-4199-9556-95a65fa363d6-768x432.jpg 768w, https:\/\/www.radiopiu.net\/wordpress\/wp-content\/uploads\/2021\/02\/401be83c-81ad-4199-9556-95a65fa363d6-1536x864.jpg 1536w, https:\/\/www.radiopiu.net\/wordpress\/wp-content\/uploads\/2021\/02\/401be83c-81ad-4199-9556-95a65fa363d6.jpg 1600w\" sizes=\"auto, (max-width: 300px) 100vw, 300px\" \/><\/a><a href=\"https:\/\/www.radiopiu.net\/wordpress\/giornale-radiopiu-22-febbraio-2021-direttore-mirko-mezzacasa\/6f9b620b-b939-4ada-a2a8-0cd4b3abf825\/\" rel=\"attachment wp-att-192940\"><img loading=\"lazy\" decoding=\"async\" class=\"alignnone size-medium wp-image-192940\" src=\"https:\/\/www.radiopiu.net\/wordpress\/wp-content\/uploads\/2021\/02\/6f9b620b-b939-4ada-a2a8-0cd4b3abf825-300x225.jpg\" alt=\"\" width=\"300\" height=\"225\" srcset=\"https:\/\/www.radiopiu.net\/wordpress\/wp-content\/uploads\/2021\/02\/6f9b620b-b939-4ada-a2a8-0cd4b3abf825-300x225.jpg 300w, https:\/\/www.radiopiu.net\/wordpress\/wp-content\/uploads\/2021\/02\/6f9b620b-b939-4ada-a2a8-0cd4b3abf825-1024x769.jpg 1024w, https:\/\/www.radiopiu.net\/wordpress\/wp-content\/uploads\/2021\/02\/6f9b620b-b939-4ada-a2a8-0cd4b3abf825-768x576.jpg 768w, https:\/\/www.radiopiu.net\/wordpress\/wp-content\/uploads\/2021\/02\/6f9b620b-b939-4ada-a2a8-0cd4b3abf825-1536x1153.jpg 1536w, https:\/\/www.radiopiu.net\/wordpress\/wp-content\/uploads\/2021\/02\/6f9b620b-b939-4ada-a2a8-0cd4b3abf825.jpg 1600w\" sizes=\"auto, (max-width: 300px) 100vw, 300px\" \/><\/a><\/p>\n<blockquote>\n<h3>PASSO VALLES, IERI ALLE DODICI<\/h3>\n<\/blockquote>\n<div style=\"width: 368px;\" class=\"wp-video\"><video class=\"wp-video-shortcode\" id=\"video-192756-1\" width=\"368\" height=\"640\" preload=\"metadata\" controls=\"controls\"><source type=\"video\/mp4\" src=\"https:\/\/www.radiopiu.net\/wordpress\/wp-content\/uploads\/2021\/02\/video-1613916471.mp4?_=1\" \/><a href=\"https:\/\/www.radiopiu.net\/wordpress\/wp-content\/uploads\/2021\/02\/video-1613916471.mp4\">https:\/\/www.radiopiu.net\/wordpress\/wp-content\/uploads\/2021\/02\/video-1613916471.mp4<\/a><\/video><\/div>\n<p>&nbsp;<\/p>\n<hr \/>\n<blockquote>\n<h3><\/h3>\n<h3>MALGA BOSCH BRUSA E VALLES BASSO, APPROVATI I PROGETTI<\/h3>\n<\/blockquote>\n<p><strong><a href=\"https:\/\/www.radiopiu.net\/wordpress\/consiglio-comunale-di-falcade-registrazione-integrale-durata-1h33m\/falcade-5-2\/\" rel=\"attachment wp-att-163181\"><img loading=\"lazy\" decoding=\"async\" class=\"size-medium wp-image-163181 alignleft\" src=\"https:\/\/www.radiopiu.net\/wordpress\/wp-content\/uploads\/2020\/09\/FALCADE-5-300x225.jpg\" alt=\"\" width=\"300\" height=\"225\" srcset=\"https:\/\/www.radiopiu.net\/wordpress\/wp-content\/uploads\/2020\/09\/FALCADE-5-300x225.jpg 300w, https:\/\/www.radiopiu.net\/wordpress\/wp-content\/uploads\/2020\/09\/FALCADE-5-768x576.jpg 768w, https:\/\/www.radiopiu.net\/wordpress\/wp-content\/uploads\/2020\/09\/FALCADE-5-640x480.jpg 640w, https:\/\/www.radiopiu.net\/wordpress\/wp-content\/uploads\/2020\/09\/FALCADE-5.jpg 960w\" sizes=\"auto, (max-width: 300px) 100vw, 300px\" \/><\/a>FALCADE<\/strong><\/p>\n<p>di Gianni Santomaso<\/p>\n<audio class=\"wp-audio-shortcode\" id=\"audio-192756-3\" preload=\"none\" style=\"width: 100%;\" controls=\"controls\"><source type=\"audio\/mpeg\" src=\"https:\/\/www.radiopiu.net\/wordpress\/wp-content\/uploads\/2021\/02\/GIANNI-APPROVATI-I-PROGETTI-A-FALCADE.mp3?_=3\" \/><a href=\"https:\/\/www.radiopiu.net\/wordpress\/wp-content\/uploads\/2021\/02\/GIANNI-APPROVATI-I-PROGETTI-A-FALCADE.mp3\">https:\/\/www.radiopiu.net\/wordpress\/wp-content\/uploads\/2021\/02\/GIANNI-APPROVATI-I-PROGETTI-A-FALCADE.mp3<\/a><\/audio>\n<p>&nbsp;<\/p>\n<hr \/>\n<p>&nbsp;<\/p>\n<div class=\"page-title-head hgroup\">\n<blockquote>\n<h3 class=\"entry-title\">CUCCIOLO MARISIGA?\u00a0 SI FARA\u2019 E\u2019 CERTO MA CON IL PROGETTO DELLA GIUNTA COMUNALE.<\/h3>\n<\/blockquote>\n<\/div>\n<div class=\"page-title-breadcrumbs\"><\/div>\n<blockquote>\n<h3><em>\u00a0MASSARO &#8220;QUESTO E&#8217; IL BUDGET&#8221;.<\/em><\/h3>\n<\/blockquote>\n<p><strong> <a href=\"https:\/\/www.radiopiu.net\/wordpress\/maltempo-il-punto-serale-del-sindaco-di-belluno-jacopo-massaro\/massaro-maltempo\/\" rel=\"attachment wp-att-177576\"><img loading=\"lazy\" decoding=\"async\" class=\"size-medium wp-image-177576 alignleft\" src=\"https:\/\/www.radiopiu.net\/wordpress\/wp-content\/uploads\/2020\/12\/MASSARO-MALTEMPO-300x198.png\" alt=\"\" width=\"300\" height=\"198\" srcset=\"https:\/\/www.radiopiu.net\/wordpress\/wp-content\/uploads\/2020\/12\/MASSARO-MALTEMPO-300x198.png 300w, https:\/\/www.radiopiu.net\/wordpress\/wp-content\/uploads\/2020\/12\/MASSARO-MALTEMPO-1024x674.png 1024w, https:\/\/www.radiopiu.net\/wordpress\/wp-content\/uploads\/2020\/12\/MASSARO-MALTEMPO-768x506.png 768w, https:\/\/www.radiopiu.net\/wordpress\/wp-content\/uploads\/2020\/12\/MASSARO-MALTEMPO.png 1494w\" sizes=\"auto, (max-width: 300px) 100vw, 300px\" \/><\/a>BELLUNO\u00a0<\/strong><\/p>\n<p><strong>di MORENO GIOLI<\/strong><\/p>\n<audio class=\"wp-audio-shortcode\" id=\"audio-192756-4\" preload=\"none\" style=\"width: 100%;\" controls=\"controls\"><source type=\"audio\/mpeg\" src=\"https:\/\/www.radiopiu.net\/wordpress\/wp-content\/uploads\/2021\/02\/moreno-cucilo.mp3?_=4\" \/><a href=\"https:\/\/www.radiopiu.net\/wordpress\/wp-content\/uploads\/2021\/02\/moreno-cucilo.mp3\">https:\/\/www.radiopiu.net\/wordpress\/wp-content\/uploads\/2021\/02\/moreno-cucilo.mp3<\/a><\/audio>\n<p>&nbsp;<\/p>\n<p>&nbsp;<\/p>\n<p>&nbsp;<\/p>\n<p>&nbsp;<\/p>\n<hr \/>\n<p>&nbsp;<\/p>\n<blockquote class=\"wp-embedded-content\" data-secret=\"7NFm39e5lR\"><p><a href=\"https:\/\/www.radiopiu.net\/wordpress\/aggfeb21\/\">CORONAVIRUS: AGGIORNAMENTO NAZIONALE  21 FEBBRAIO 2021<\/a><\/p><\/blockquote>\n<p><iframe loading=\"lazy\" class=\"wp-embedded-content\" sandbox=\"allow-scripts\" security=\"restricted\" style=\"position: absolute; clip: rect(1px, 1px, 1px, 1px);\" title=\"&#8220;CORONAVIRUS: AGGIORNAMENTO NAZIONALE  21 FEBBRAIO 2021&#8221; &#8212; Radio Pi\u00f9\" src=\"https:\/\/www.radiopiu.net\/wordpress\/aggfeb21\/embed\/#?secret=7NFm39e5lR\" data-secret=\"7NFm39e5lR\" width=\"600\" height=\"338\" frameborder=\"0\" marginwidth=\"0\" marginheight=\"0\" scrolling=\"no\"><\/iframe><\/p>\n<p>&nbsp;<\/p>\n<hr \/>\n<p>&nbsp;<\/p>\n<blockquote class=\"wp-embedded-content\" data-secret=\"VGcpWc34oJ\"><p><a href=\"https:\/\/www.radiopiu.net\/wordpress\/calano-i-decessi-9-ma-aumentano-leggermente-le-terapie-intensive-3-nelle-ultime-24-ore-in-veneto-si-contano-578-nuovi-positivi-in-provincia-di-belluno-17\/\">CALANO I DECESSI (9) MA AUMENTANO LEGGERMENTE LE TERAPIE INTENSIVE (3). NELLE ULTIME 24 ORE IN VENETO SI CONTANO 578 NUOVI POSITIVI, IN PROVINCIA DI BELLUNO 17<\/a><\/p><\/blockquote>\n<p><iframe loading=\"lazy\" class=\"wp-embedded-content\" sandbox=\"allow-scripts\" security=\"restricted\" style=\"position: absolute; clip: rect(1px, 1px, 1px, 1px);\" title=\"&#8220;CALANO I DECESSI (9) MA AUMENTANO LEGGERMENTE LE TERAPIE INTENSIVE (3). NELLE ULTIME 24 ORE IN VENETO SI CONTANO 578 NUOVI POSITIVI, IN PROVINCIA DI BELLUNO 17&#8221; &#8212; Radio Pi\u00f9\" src=\"https:\/\/www.radiopiu.net\/wordpress\/calano-i-decessi-9-ma-aumentano-leggermente-le-terapie-intensive-3-nelle-ultime-24-ore-in-veneto-si-contano-578-nuovi-positivi-in-provincia-di-belluno-17\/embed\/#?secret=VGcpWc34oJ\" data-secret=\"VGcpWc34oJ\" width=\"600\" height=\"338\" frameborder=\"0\" marginwidth=\"0\" marginheight=\"0\" scrolling=\"no\"><\/iframe><\/p>\n<p>&nbsp;<\/p>\n<hr \/>\n<p>&nbsp;<\/p>\n<blockquote>\n<h3>I GRAFICI DI TIZIANO DE COL<\/h3>\n<\/blockquote>\n\n\t\t\t<style type='text\/css'>\n\t\t\t\t#gallery-5 {\n\t\t\t\t\tmargin: auto;\n\t\t\t\t}\n\t\t\t\t#gallery-5 .gallery-item {\n\t\t\t\t\tfloat: left;\n\t\t\t\t\tmargin-top: 10px;\n\t\t\t\t\ttext-align: center;\n\t\t\t\t\twidth: 25%;\n\t\t\t\t}\n\t\t\t\t#gallery-5 img {\n\t\t\t\t\tborder: 2px solid #cfcfcf;\n\t\t\t\t}\n\t\t\t\t#gallery-5 .gallery-caption {\n\t\t\t\t\tmargin-left: 0;\n\t\t\t\t}\n\t\t\t\t\/* see gallery_shortcode() in wp-includes\/media.php *\/\n\t\t\t<\/style>\n\t\t<div id='gallery-5' class='dt-gallery-container gallery galleryid-192756 gallery-columns-4 gallery-size-medium'><dl class='gallery-item'>\n\t\t\t\t<dt class='gallery-icon landscape'>\n\t\t\t\t\t<a class=\"rollover rollover-zoom dt-pswp-item\" title=\"4fef99e6-8c30-4fa2-a774-1890852a5eed\" data-dt-img-description=\"\" data-large_image_width=\"603\" data-large_image_height=\"352\"href='https:\/\/www.radiopiu.net\/wordpress\/wp-content\/uploads\/2021\/02\/4fef99e6-8c30-4fa2-a774-1890852a5eed.jpg'><img loading=\"lazy\" decoding=\"async\" width=\"300\" height=\"175\" src=\"https:\/\/www.radiopiu.net\/wordpress\/wp-content\/uploads\/2021\/02\/4fef99e6-8c30-4fa2-a774-1890852a5eed-300x175.jpg\" class=\"attachment-medium size-medium\" alt=\"\" srcset=\"https:\/\/www.radiopiu.net\/wordpress\/wp-content\/uploads\/2021\/02\/4fef99e6-8c30-4fa2-a774-1890852a5eed-300x175.jpg 300w, https:\/\/www.radiopiu.net\/wordpress\/wp-content\/uploads\/2021\/02\/4fef99e6-8c30-4fa2-a774-1890852a5eed.jpg 603w\" sizes=\"auto, (max-width: 300px) 100vw, 300px\" \/><\/a>\n\t\t\t\t<\/dt><\/dl><dl class='gallery-item'>\n\t\t\t\t<dt class='gallery-icon landscape'>\n\t\t\t\t\t<a class=\"rollover rollover-zoom dt-pswp-item\" title=\"a6052bb4-5dbc-4202-82bc-b192dcfaf016\" data-dt-img-description=\"\" data-large_image_width=\"610\" data-large_image_height=\"354\"href='https:\/\/www.radiopiu.net\/wordpress\/wp-content\/uploads\/2021\/02\/a6052bb4-5dbc-4202-82bc-b192dcfaf016.jpg'><img loading=\"lazy\" decoding=\"async\" width=\"300\" height=\"174\" src=\"https:\/\/www.radiopiu.net\/wordpress\/wp-content\/uploads\/2021\/02\/a6052bb4-5dbc-4202-82bc-b192dcfaf016-300x174.jpg\" class=\"attachment-medium size-medium\" alt=\"\" srcset=\"https:\/\/www.radiopiu.net\/wordpress\/wp-content\/uploads\/2021\/02\/a6052bb4-5dbc-4202-82bc-b192dcfaf016-300x174.jpg 300w, https:\/\/www.radiopiu.net\/wordpress\/wp-content\/uploads\/2021\/02\/a6052bb4-5dbc-4202-82bc-b192dcfaf016.jpg 610w\" sizes=\"auto, (max-width: 300px) 100vw, 300px\" \/><\/a>\n\t\t\t\t<\/dt><\/dl><dl class='gallery-item'>\n\t\t\t\t<dt class='gallery-icon landscape'>\n\t\t\t\t\t<a class=\"rollover rollover-zoom dt-pswp-item\" title=\"8cda53e5-6e1f-4458-9c8f-20bcd9833910\" data-dt-img-description=\"\" data-large_image_width=\"614\" data-large_image_height=\"352\"href='https:\/\/www.radiopiu.net\/wordpress\/wp-content\/uploads\/2021\/02\/8cda53e5-6e1f-4458-9c8f-20bcd9833910.jpg'><img loading=\"lazy\" decoding=\"async\" width=\"300\" height=\"172\" src=\"https:\/\/www.radiopiu.net\/wordpress\/wp-content\/uploads\/2021\/02\/8cda53e5-6e1f-4458-9c8f-20bcd9833910-300x172.jpg\" class=\"attachment-medium size-medium\" alt=\"\" srcset=\"https:\/\/www.radiopiu.net\/wordpress\/wp-content\/uploads\/2021\/02\/8cda53e5-6e1f-4458-9c8f-20bcd9833910-300x172.jpg 300w, https:\/\/www.radiopiu.net\/wordpress\/wp-content\/uploads\/2021\/02\/8cda53e5-6e1f-4458-9c8f-20bcd9833910.jpg 614w\" sizes=\"auto, (max-width: 300px) 100vw, 300px\" \/><\/a>\n\t\t\t\t<\/dt><\/dl><dl class='gallery-item'>\n\t\t\t\t<dt class='gallery-icon landscape'>\n\t\t\t\t\t<a class=\"rollover rollover-zoom dt-pswp-item\" title=\"f9e20234-efdd-4aa1-a301-4f8580b0e8db\" data-dt-img-description=\"\" data-large_image_width=\"600\" data-large_image_height=\"356\"href='https:\/\/www.radiopiu.net\/wordpress\/wp-content\/uploads\/2021\/02\/f9e20234-efdd-4aa1-a301-4f8580b0e8db.jpg'><img loading=\"lazy\" decoding=\"async\" width=\"300\" height=\"178\" src=\"https:\/\/www.radiopiu.net\/wordpress\/wp-content\/uploads\/2021\/02\/f9e20234-efdd-4aa1-a301-4f8580b0e8db-300x178.jpg\" class=\"attachment-medium size-medium\" alt=\"\" srcset=\"https:\/\/www.radiopiu.net\/wordpress\/wp-content\/uploads\/2021\/02\/f9e20234-efdd-4aa1-a301-4f8580b0e8db-300x178.jpg 300w, https:\/\/www.radiopiu.net\/wordpress\/wp-content\/uploads\/2021\/02\/f9e20234-efdd-4aa1-a301-4f8580b0e8db.jpg 600w\" sizes=\"auto, (max-width: 300px) 100vw, 300px\" \/><\/a>\n\t\t\t\t<\/dt><\/dl><br style=\"clear: both\" \/>\n\t\t\t<\/div>\n\n<p>&nbsp;<\/p>\n<hr \/>\n<p>&nbsp;<\/p>\n<blockquote>\n<h3>ED ORA&#8230; LE OLIMPIADI. Con il Dirigente del Commissariato di Cortina d&#8217;Ampezzo<\/h3>\n<h3><span style=\"color: #0000ff;\"><a href=\"https:\/\/www.radiopiu.net\/wordpress\/192812-2\/dad2f59e-cfbe-485b-afcd-f9456dfa7468\/\" rel=\"attachment wp-att-192813\"><img loading=\"lazy\" decoding=\"async\" class=\"size-medium wp-image-192813 alignleft\" src=\"https:\/\/www.radiopiu.net\/wordpress\/wp-content\/uploads\/2021\/02\/dad2f59e-cfbe-485b-afcd-f9456dfa7468-139x300.jpg\" alt=\"\" width=\"139\" height=\"300\" srcset=\"https:\/\/www.radiopiu.net\/wordpress\/wp-content\/uploads\/2021\/02\/dad2f59e-cfbe-485b-afcd-f9456dfa7468-139x300.jpg 139w, https:\/\/www.radiopiu.net\/wordpress\/wp-content\/uploads\/2021\/02\/dad2f59e-cfbe-485b-afcd-f9456dfa7468-473x1024.jpg 473w, https:\/\/www.radiopiu.net\/wordpress\/wp-content\/uploads\/2021\/02\/dad2f59e-cfbe-485b-afcd-f9456dfa7468-709x1536.jpg 709w, https:\/\/www.radiopiu.net\/wordpress\/wp-content\/uploads\/2021\/02\/dad2f59e-cfbe-485b-afcd-f9456dfa7468.jpg 739w\" sizes=\"auto, (max-width: 139px) 100vw, 139px\" \/><\/a><\/span><\/h3>\n<h3><span style=\"color: #0000ff;\"><a href=\"https:\/\/www.radiopiu.net\/wordpress\/192812-2\/27ebc2b5-d697-43bd-8bfa-daad02c1d8d5\/\" rel=\"attachment wp-att-192814\"><img loading=\"lazy\" decoding=\"async\" class=\"size-medium wp-image-192814 alignright\" src=\"https:\/\/www.radiopiu.net\/wordpress\/wp-content\/uploads\/2021\/02\/27ebc2b5-d697-43bd-8bfa-daad02c1d8d5-139x300.jpg\" alt=\"\" width=\"139\" height=\"300\" srcset=\"https:\/\/www.radiopiu.net\/wordpress\/wp-content\/uploads\/2021\/02\/27ebc2b5-d697-43bd-8bfa-daad02c1d8d5-139x300.jpg 139w, https:\/\/www.radiopiu.net\/wordpress\/wp-content\/uploads\/2021\/02\/27ebc2b5-d697-43bd-8bfa-daad02c1d8d5-473x1024.jpg 473w, https:\/\/www.radiopiu.net\/wordpress\/wp-content\/uploads\/2021\/02\/27ebc2b5-d697-43bd-8bfa-daad02c1d8d5-709x1536.jpg 709w, https:\/\/www.radiopiu.net\/wordpress\/wp-content\/uploads\/2021\/02\/27ebc2b5-d697-43bd-8bfa-daad02c1d8d5.jpg 739w\" sizes=\"auto, (max-width: 139px) 100vw, 139px\" \/><\/a>Con questo ultimo servizio, il 22 esimo, si chiude lo speciale\u00a0 CON LA POLIZIA DI STATO A CORTINA 2021, grazie per la collaborazione a\u00a0 WIRNA TRICHES e BARBARA BORTOLUZZI<\/span><\/h3>\n<\/blockquote>\n<p>&nbsp;<\/p>\n<p><strong>Il dottor Luigi Petrillo, vice Questore e\u00a0 Dirigente Commissariato Cortina d&#8217;Ampezzo<\/strong><\/p>\n<p>&nbsp;<\/p>\n<audio class=\"wp-audio-shortcode\" id=\"audio-192756-5\" preload=\"none\" style=\"width: 100%;\" controls=\"controls\"><source type=\"audio\/mpeg\" src=\"https:\/\/www.radiopiu.net\/wordpress\/wp-content\/uploads\/2021\/02\/WIRNA-PETRILLO.mp3?_=5\" \/><a href=\"https:\/\/www.radiopiu.net\/wordpress\/wp-content\/uploads\/2021\/02\/WIRNA-PETRILLO.mp3\">https:\/\/www.radiopiu.net\/wordpress\/wp-content\/uploads\/2021\/02\/WIRNA-PETRILLO.mp3<\/a><\/audio>\n<p>&nbsp;<\/p>\n<h2>LA RACCOLTA COMPLETA<\/h2>\n<blockquote class=\"wp-embedded-content\" data-secret=\"SHk4f7Cg5U\"><p><a href=\"https:\/\/www.radiopiu.net\/wordpress\/la-polizia-di-stato-a-cortina-2021\/\">La Polizia di Stato a Cortina 2021<\/a><\/p><\/blockquote>\n<p><iframe loading=\"lazy\" class=\"wp-embedded-content\" sandbox=\"allow-scripts\" security=\"restricted\" style=\"position: absolute; clip: rect(1px, 1px, 1px, 1px);\" title=\"&#8220;La Polizia di Stato a Cortina 2021&#8221; &#8212; Radio Pi\u00f9\" src=\"https:\/\/www.radiopiu.net\/wordpress\/la-polizia-di-stato-a-cortina-2021\/embed\/#?secret=SHk4f7Cg5U\" data-secret=\"SHk4f7Cg5U\" width=\"600\" height=\"338\" frameborder=\"0\" marginwidth=\"0\" marginheight=\"0\" scrolling=\"no\"><\/iframe><\/p>\n<hr \/>\n<p>&nbsp;<\/p>\n<blockquote>\n<h3>IL VIDEO DEI CARABINIERI DA CORTINA 2021<\/h3>\n<\/blockquote>\n<div style=\"width: 640px;\" class=\"wp-video\"><video class=\"wp-video-shortcode\" id=\"video-192756-2\" width=\"640\" height=\"352\" preload=\"metadata\" controls=\"controls\"><source type=\"video\/mp4\" src=\"https:\/\/www.radiopiu.net\/wordpress\/wp-content\/uploads\/2021\/02\/CARABINIERI-CORTINA-2021.mp4?_=2\" \/><a href=\"https:\/\/www.radiopiu.net\/wordpress\/wp-content\/uploads\/2021\/02\/CARABINIERI-CORTINA-2021.mp4\">https:\/\/www.radiopiu.net\/wordpress\/wp-content\/uploads\/2021\/02\/CARABINIERI-CORTINA-2021.mp4<\/a><\/video><\/div>\n<p>&nbsp;<\/p>\n<hr \/>\n<p>&nbsp;<\/p>\n<blockquote>\n<h3>MONDIALI CORTINA 2021: CONCLUSO L\u2019IMPEGNO DELL\u2019ULSS DOLOMITI<\/h3>\n<\/blockquote>\n<p><strong><a href=\"https:\/\/www.radiopiu.net\/wordpress\/giornale-radiopiu-22-febbraio-2021-direttore-mirko-mezzacasa\/cortina-5\/\" rel=\"attachment wp-att-192855\"><img loading=\"lazy\" decoding=\"async\" class=\"size-medium wp-image-192855 alignleft\" src=\"https:\/\/www.radiopiu.net\/wordpress\/wp-content\/uploads\/2021\/02\/cortina-300x225.jpg\" alt=\"\" width=\"300\" height=\"225\" srcset=\"https:\/\/www.radiopiu.net\/wordpress\/wp-content\/uploads\/2021\/02\/cortina-300x225.jpg 300w, https:\/\/www.radiopiu.net\/wordpress\/wp-content\/uploads\/2021\/02\/cortina-1024x768.jpg 1024w, https:\/\/www.radiopiu.net\/wordpress\/wp-content\/uploads\/2021\/02\/cortina-768x576.jpg 768w, https:\/\/www.radiopiu.net\/wordpress\/wp-content\/uploads\/2021\/02\/cortina-1536x1152.jpg 1536w, https:\/\/www.radiopiu.net\/wordpress\/wp-content\/uploads\/2021\/02\/cortina.jpg 2048w\" sizes=\"auto, (max-width: 300px) 100vw, 300px\" \/><\/a>CORTINA <\/strong>Concluso l\u2019impegno dell\u2019Ulss Dolomiti ai Mondiali di sci di Cortina d\u2019Ampezzo. Per due settimane il personale del SUEM \u00e8 stato presente alla manifestazione, coordinando gli interventi di soccorso. In alcune giornate un medico SUEM era a bordo dell\u2019Elicottero \u201cVolpe\u201d (in foto), della Guardia di Finanza, dedicato ai trasferimenti HEMS dei pazienti soccorsi. Per fortuna, nessun intervento grave \u00e8 avvenuto, e l\u2019intervento degli elicotteri \u00e8 stato necessario solo in un caso.\u00a0 Ogni giorno un rappresentante SUEM era presente presso il Gruppo Operativo Sicurezza, in prossimit\u00e0 dell\u2019arrivo delle gare, mentre un medico SUEM era sempre presente al Centro Operativo Misto, istituito in centro a Cortina, presso il quale lavoravano, sotto la direzione della Prefettura, rappresentanti del SUEM, dei Vigili del Fuoco, del CNSAS, della Protezione Civile, del Comune di Cortina d\u2019Ampezzo, di ANAS, e di Veneto Strade. La sala accanto, invece, era dedicata alle Forze dell\u2019Ordine: la sinergia consentita da tale configurazione ha consentito la migliore gestione di ogni situazione, oltre a garantire un adeguato coordinamento tra gli elicotteri di soccorso, quelli delle Forze dell\u2019Ordine e quelli che effettuavano attivit\u00e0 privata. La Direzione Medica aveva allertato per ogni evidenza gli ospedali di Pieve e Belluno e ogni mattina ha verificato e comunicato la situazione dei posti letto. Infine, significativo l\u2019impegno del Dipartimento di Prevenzione in queste due settimane i cui medici hanno refertato gli oltre 22 mila tamponi eseguiti dalla Croce Bianca di Cortina nei 4 covid point dedicati alle persone della \u201cbolla Mondiali\u201d che, secondo il rigoroso protocollo sanitario, sono state sottoposte a controlli regolari. Ottima la collaborazione con la Fondazione Cortina 2021: arrivederci alle Olimpiadi!<\/p>\n<p>&nbsp;<\/p>\n<p>&nbsp;<\/p>\n<hr \/>\n<p>&nbsp;<\/p>\n<blockquote>\n<h3>COVID, BOND (FI): VACCINI E RESTRIZIONI, OCCORRE CAMBIARE LE REGOLE<\/h3>\n<\/blockquote>\n<p><strong><a href=\"https:\/\/www.radiopiu.net\/wordpress\/giornale-radiopiu-20-maggio-2020-direttore-mirko-mezzacasa\/dario-bond-11\/\" rel=\"attachment wp-att-138833\"><img loading=\"lazy\" decoding=\"async\" class=\"size-full wp-image-138833 alignleft\" src=\"https:\/\/www.radiopiu.net\/wordpress\/wp-content\/uploads\/2020\/05\/Dario-Bond.jpg\" alt=\"\" width=\"165\" height=\"228\" \/><\/a>ROMA<\/strong> \u201c<em>Tempismo, organizzazione, velocit\u00e0 nei vaccini e provvedimenti necessari sulle restrizioni, \u00e8 questo ci\u00f2 che serve per affrontare la pandemia. E\u2019 trascorso un anno da quando abbiamo scoperto che anche in Italia circolava il coronavirus. Oggi che abbiamo strumenti e possibilit\u00e0 di intervenire in tempo, pianificando le misure da prendere, inutile correre dietro al virus con decisioni last minute. Queste modalit\u00e0 non sono pi\u00f9 ammesse e accettabili.\u00a0 E&#8217; necessaria una revisione ed una semplificazione dei criteri e dei parametri di classificazione dei territori e dell\u2019indice di contagio, basata su un\u2019analisi approfondita dei luoghi e delle attivit\u00e0, anche in base ai dati di rischio gi\u00e0 accertati, affinch\u00e9 gli spostamenti e le chiusure degli esercizi commerciali e di tutte le altre attivit\u00e0 vengano fatte con raziocinio. Contestualmente, la circolazione del virus va aggredita con una massiccia campagna di vaccinazione, anche h24, che consideri tutto il personale medico sanitario, inclusi i medici in pensione e i veterinari, gi\u00e0 a partire da marzo, visto che avremo la disponibilit\u00e0 dei vaccini Pfizer, Moderna, Astrazeneca. Ora basta indugi, \u00e8 arrivato il momento di cambiare le regol<\/em>e\u201d.Cos\u00ec in una nota il deputato di Forza Italia, Dario Bond.<\/p>\n<p>&nbsp;<\/p>\n<p>&nbsp;<\/p>\n<hr \/>\n<p>&nbsp;<\/p>\n<blockquote>\n<h3>ACC: &#8220;IL TEMPO E\u2019 FINITO, PRONTI ALLA MOBILITAZIONE&#8221;<\/h3>\n<\/blockquote>\n<p><strong><img loading=\"lazy\" decoding=\"async\" class=\"alignleft\" src=\"https:\/\/www.radiopiu.net\/wordpress\/wp-content\/uploads\/2020\/03\/SINDACATI-300x300.jpg\" width=\"187\" height=\"187\" \/>BORGO VALBELLUNA<\/strong> Il messaggio della Fim-Fiom-Uilm di Belluno \u00e8 chiaro, nessun fraintendimento possibile. <em>&#8220;Da mesi\u00a0 attendiamo soluzioni per il rilancio di Acc Wanbao e per la nascita del polo Italiano del compressore Italcomp insieme ai lavoratori della ex Embraco di Riva di Chieri. Non \u00e8 pi\u00f9 il tempo degli annunci, degli impegni formali e degli affidamenti ora vogliamo i fatti, gli atti concreti, le soluzioni&#8221;. <\/em>Questa la premessa dei sindacati in attesa di risposte concrete entro i primi giorni della prossima settimana, in caso contrario scatter\u00e0 la mobilitazione. <em>&#8220;Siamo pronti alla mobilitazione delle lavoratrici e dei lavoratori e lo faremo portando le loro richieste e le loro voci sotto la sede del Ministero dello Sviluppo Economico chiedendo di incontrare il nuovo ministro per avere da lui le risposte e le soluzioni che da troppo tempo attendiamo&#8221;.\u00a0<\/em>Unica la richiesta: risolvere le crisi aziendali e rilanciare le aziende italiane, un impegno e una priorit\u00e0 del nuovo governo.<\/p>\n<p>&nbsp;<\/p>\n<p>&nbsp;<\/p>\n<hr \/>\n<p>&nbsp;<\/p>\n<blockquote>\n<h3>POLIZIA LOCALE, CRESCONO MULTE PER ECCESSO DI VELOCIT\u00c0 E PER GUIDA SENZA ASSICURAZIONE. OLTRE 2500 \u201cCONTROLLI COVID\u201d<\/h3>\n<\/blockquote>\n<p><strong>di Moreno Gioli<\/strong><\/p>\n<audio class=\"wp-audio-shortcode\" id=\"audio-192756-6\" preload=\"none\" style=\"width: 100%;\" controls=\"controls\"><source type=\"audio\/mpeg\" src=\"https:\/\/www.radiopiu.net\/wordpress\/wp-content\/uploads\/2021\/02\/GIOLI-POLIZIA-LOCALE-BELLUNO.mp3?_=6\" \/><a href=\"https:\/\/www.radiopiu.net\/wordpress\/wp-content\/uploads\/2021\/02\/GIOLI-POLIZIA-LOCALE-BELLUNO.mp3\">https:\/\/www.radiopiu.net\/wordpress\/wp-content\/uploads\/2021\/02\/GIOLI-POLIZIA-LOCALE-BELLUNO.mp3<\/a><\/audio>\n<p>&nbsp;<\/p>\n<p><strong><a href=\"https:\/\/www.radiopiu.net\/wordpress\/lambioi\/whatsapp-image-2020-06-14-at-12-45-11\/\" rel=\"attachment wp-att-144744\"><img loading=\"lazy\" decoding=\"async\" class=\"size-medium wp-image-144744 alignleft\" src=\"https:\/\/www.radiopiu.net\/wordpress\/wp-content\/uploads\/2020\/06\/WhatsApp-Image-2020-06-14-at-12.45.11-300x225.jpeg\" alt=\"\" width=\"300\" height=\"225\" srcset=\"https:\/\/www.radiopiu.net\/wordpress\/wp-content\/uploads\/2020\/06\/WhatsApp-Image-2020-06-14-at-12.45.11-300x225.jpeg 300w, https:\/\/www.radiopiu.net\/wordpress\/wp-content\/uploads\/2020\/06\/WhatsApp-Image-2020-06-14-at-12.45.11-768x576.jpeg 768w, https:\/\/www.radiopiu.net\/wordpress\/wp-content\/uploads\/2020\/06\/WhatsApp-Image-2020-06-14-at-12.45.11.jpeg 960w\" sizes=\"auto, (max-width: 300px) 100vw, 300px\" \/><\/a>BELLUNO <\/strong>Un 2020 di grande lavoro per la Polizia Locale di Belluno che, nonostante la pandemia, \u00e8 stata impegnata in numerose attivit\u00e0 di controllo sul territorio. L&#8217;analisi dei numeri del lavoro fatto porta i segni del lockdown e delle varie chiusure, ma non risparmia sorprese. I dati che saltano subito all&#8217;occhio sono quelli relativi ai controlli su strada e alle sanzioni: 8609 quelle elevate nel 2020, oltre 500 in meno rispetto all&#8217;anno precedente. Di queste, sono ben pi\u00f9 di 2600 (contro le 1500 del 2019) quelle legate all&#8217;eccesso di velocit\u00e0, complice anche l&#8217;installazione del rilevatore di velocit\u00e0 a Levego che tra novembre e dicembre ha fatto registrare circa 1500 infrazioni. Preoccupa anche il numero di automobilisti sorpresi alla guida senza assicurazione (74, contro i 17 dell&#8217;anno precedente) al quale corrisponde un pari numero di mezzi sequestrati; in aumento anche le sanzioni per uso del cellulare alla guida: ben 164, 18 in pi\u00f9 rispetto al 2019. Crollano invece le multe per sosta vietata, che passano da oltre 6700 a poco pi\u00f9 di 5100, cos\u00ec come gli incidenti rilevati (34 contro 44) e i feriti (21 rispetto ai 25 del 2019), ma si registra uno schianto mortale. L&#8217;emergenza sanitaria ha di fatto azzerato le manifestazioni organizzate nel corso del 2020: non sorprende quindi il confronto tra i numeri relativi alle attivit\u00e0 di servizio in manifestazioni sportive (24) e pubbliche (13) e quelli del 2019 (rispettivamente 107 e 80). La triste novit\u00e0 sono i controlli per il rispetto delle normative anti-Covid: ben 2540, che hanno portato a 85 sanzioni amministrative (la maggior parte a cittadini per uscita senza valido motivo; una decina a esercizi commerciali per attivit\u00e0 non consentite o oltre gli orari permessi). Una buona notizia arriva dai controlli in tema di rifiuti: a fronte di un aumento dei controlli (70 contro 53) si registra un deciso calo delle multe (16 rispetto alle 23 dell&#8217;anno precedente). Migliora anche il comportamento dei cittadini bellunesi verso gli animali: se ne 2019 i 15 interventi della Polizia Locale avevano portato a due multe, nessuna sanzione \u00e8 stata elevata al termine dei 12 controlli effettuati nel 2020.<\/p>\n<p><strong>IL COMANDANTE DELLA POLIZIA LOCALE ROBERTO ROSSETTI<\/strong><\/p>\n<audio class=\"wp-audio-shortcode\" id=\"audio-192756-7\" preload=\"none\" style=\"width: 100%;\" controls=\"controls\"><source type=\"audio\/mpeg\" src=\"https:\/\/www.radiopiu.net\/wordpress\/wp-content\/uploads\/2021\/02\/Roberto-Rossetti-Attivita-operativa-Polizia-Locale-Belluno-2020.mp3?_=7\" \/><a href=\"https:\/\/www.radiopiu.net\/wordpress\/wp-content\/uploads\/2021\/02\/Roberto-Rossetti-Attivita-operativa-Polizia-Locale-Belluno-2020.mp3\">https:\/\/www.radiopiu.net\/wordpress\/wp-content\/uploads\/2021\/02\/Roberto-Rossetti-Attivita-operativa-Polizia-Locale-Belluno-2020.mp3<\/a><\/audio>\n<p>&nbsp;<\/p>\n<p><strong>IL REPORT DELLA POLIZIA LOCALE DI BELLUNO<\/strong><\/p>\n<a href=\"https:\/\/www.radiopiu.net\/wordpress\/wp-content\/uploads\/2021\/02\/Attivita\u0300-operativa-Polizia-Locale-Belluno-2020.pdf\" class=\"pdfemb-viewer\" style=\"\" data-width=\"max\" data-height=\"max\" data-toolbar=\"top\" data-toolbar-fixed=\"on\">Attivita\u0300 operativa Polizia Locale Belluno 2020<\/a>\n<p>&nbsp;<\/p>\n<hr \/>\n<p>&nbsp;<\/p>\n<blockquote>\n<h3>IL VOLO DEI COLIBR\u00cc DI \u201cINSIEME SI PU\u00d2\u2026\u201d PER CHI SOFFRE<\/h3>\n<\/blockquote>\n<p><strong><a href=\"https:\/\/www.radiopiu.net\/wordpress\/il-volo-dei-colibri-di-insieme-si-puo-per-chi-soffre\/isp_il-volo-dei-colibri_locandina\/\" rel=\"attachment wp-att-192700\"><img loading=\"lazy\" decoding=\"async\" class=\"size-medium wp-image-192700 alignleft\" src=\"https:\/\/www.radiopiu.net\/wordpress\/wp-content\/uploads\/2021\/02\/isp_il-volo-dei-colibri\u0300_locandina-252x300.jpeg\" alt=\"\" width=\"252\" height=\"300\" srcset=\"https:\/\/www.radiopiu.net\/wordpress\/wp-content\/uploads\/2021\/02\/isp_il-volo-dei-colibri\u0300_locandina-252x300.jpeg 252w, https:\/\/www.radiopiu.net\/wordpress\/wp-content\/uploads\/2021\/02\/isp_il-volo-dei-colibri\u0300_locandina.jpeg 600w\" sizes=\"auto, (max-width: 252px) 100vw, 252px\" \/><\/a>BELLUNO <\/strong>Ciascuno pu\u00f2 fare la propria parte in ogni momento, come il piccolo colibr\u00ec che nella favola affronta l\u2019incendio della foresta iniziando a gettare, con il suo becco, tante gocce d\u2019acqua sulle fiamme: non si arrende, d\u00e0 il buon esempio a tutti gli altri animali, che poi si uniscono e tutti insieme riescono a spegnere il fuoco. Da questa favola prendono il nome i gruppi dei bambini dell\u2019Associazione \u201cInsieme si pu\u00f2&#8230;\u201d, che, sparsi per la Provincia di Belluno (e non solo), si impegnano per fare la propria parte nella societ\u00e0 in favore di chi \u00e8 meno fortunato o chi soffre. I giovani volontari dei Colibr\u00ec, insieme ad alcuni volontari adulti dei gruppi dell\u2019associazione, si sono quindi rimboccati le maniche e, in questo periodo di grandi difficolt\u00e0 e incertezza legate alla pandemia di Covid-19 ed alle sue conseguenze, hanno deciso di portare la loro \u201cgoccia d\u2019acqua\u201d a chi sta soffrendo maggiormente: gli anziani nelle case di soggiorno, i malati negli ospedali e tutto il personale medico e sanitario che si sta prendendo cura di loro. \u00c8 nata cos\u00ec una bellissima iniziativa, \u201cIl volo dei Colibr\u00ec\u201d, con lo scopo di generare bene dal bene e di compiere un gesto di vicinanza nei confronti di chi \u00e8 in difficolt\u00e0: dal 21 al 28 febbraio verranno donati degli alberelli colmi di coloratissimi colibr\u00ec fatti di carta con la tecnica dell\u2019origami alle 25 strutture che hanno aderito all\u2019iniziativa, 22 case di soggiorno sparse per la Provincia e i 3 ospedali di Belluno, Feltre e Agordo. Per quasi un mese i bambini si sono dedicati alla realizzazione degli origami, ognuno nelle proprie case e rigorosamente dotati di mascherine protettive. Ma non solo i Colibr\u00ec si sono dati da fare: ad affiancarli nel confezionare gli uccellini si sono aggiunte anche alcune classi delle scuole primarie, gruppi del catechismo, cori di bambini ed altri volontari, in una sorta di catena a distanza. I colibr\u00ec sono stati poi posizionati su un alberello, simbolo di speranza e rinascita, che verr\u00e0 donato come gesto simbolico di vicinanza a tutti coloro che in questo momento stanno particolarmente soffrendo perch\u00e9 ammalati, lontani dalle proprie famiglie, o perch\u00e9 operatori che si stanno prendendo cura di chi soffre, mettendoci il loro grande cuore. Gli alberelli, che verranno posizionati nei reparti, negli ingressi o nelle \u201cstanze degli abbracci\u201d delle strutture, saranno accompagnati anche da un cartellone con la favola del colibr\u00ec illustrata dai bambini stessi, e da un video dove la storia viene narrata dalle voci dei piccoli Colibr\u00ec e animata dai loro disegni, da guardare sul cellulare, sul tablet o in televisione (\u00e8 caricata anche sul canale YouTube dell\u2019associazione). Per tutta la settimana sul sito e sui canali social di Insieme si potranno vedere tutti gli aggiornamenti sulle consegne nelle varie strutture coinvolte. Con la loro iniziativa i Colibr\u00ec hanno dimostrato che, in molti modi, essere vicini alle altre persone anche se lontani&#8230; si pu\u00f2!<\/p>\n<p>&nbsp;<\/p>\n<p>&nbsp;<\/p>\n<hr \/>\n<p>&nbsp;<\/p>\n<blockquote>\n<h3>CGIA MESTRE: PRESTITI DELLO STATO A \u201cVANTAGGIO\u201d\u2026.. DELLE BANCHE<\/h3>\n<\/blockquote>\n<p><strong> <img loading=\"lazy\" decoding=\"async\" class=\"alignleft\" src=\"https:\/\/www.radiopiu.net\/wordpress\/wp-content\/uploads\/2017\/12\/CGIA-OK.png\" width=\"361\" height=\"194\" \/>Pagamento imposte &#8211; Totale imposte e contributi (anno 2018) <\/strong>Tra febbraio e dicembre 2020, segnala l\u2019Ufficio studi della CGIA, lo stock complessivo dei prestiti erogati alle imprese italiane per fronteggiare la crisi economica \u00e8 aumentato di 39 miliardi di euro1, anche se il volume dei prestiti garantiti messo in campo dal Governo Conte bis \u00e8 stato di oltre 150 miliardi2. Se queste operazioni hanno comunque consentito di invertire il trend che ininterrottamente \u00e8 durato dalla fine del 2011 sino alla fine del 2019 &#8211; periodo in cui il volume dei prestiti bancari alle imprese \u00e8 crollato di 300 miliardi di euro \u2013 il bazooka messo in campo dall\u2019ex premier Conte non \u00e8 riuscito ad aggredire con successo la cronica mancanza di liquidit\u00e0 che storicamente assilla in particolar modo le Pmi. Come mai, infatti, solo un quarto delle garanzie messe a disposizione dallo Stato attraverso SACE e il Fondo di garanzia, che per legge dovevano coprire la quasi totalit\u00e0 degli impieghi erogati con questi strumenti, \u00e8 finito nelle casse degli imprenditori ? Perch\u00e9 una parte delle nuove garanzie \u00e8 andata a colmare i cali fisiologici del credito in essere e nella sostituzione dei prestiti a breve con aumenti di quelli a medio-lungo termine. Oltre a ci\u00f2 \u00e8 possibile che il sistema bancario abbia usato una parte di questi miliardi anche per abbattere i propri rischi, sostituendo le garanzie legate ai prestiti che aveva erogato prima dell\u2019avvento di queste novit\u00e0 legislative. Un modo di agire che sicuramente ha favorito gli istituti di credito, che cos\u00ec facendo hanno azzerato i rischi di incorrere in crediti deteriorati, e in parte anche le imprese, almeno quelle che prima del mese di marzo dell\u2019anno scorso avevano delle linee di credito aperte con gli istituti. Questa tesi, sostenuta dall\u2019Ufficio studi della CGIA, prende forma dopo aver letto i risultati relativi alla consistenza dei prestiti erogati dalle banche alle imprese tra la fine di febbraio dell\u2019anno scorso \u2013 periodo che precede l\u2019introduzione del \u201cCura Italia\u201d, del \u201cDecreto Liquidit\u00e0\u201d e del \u201cGaranzia Italia\u201d &#8211; e lo scorso 31 dicembre3. Sia chiaro: \u00e8 bene sottolineare che, in linea generale, tutto il sistema economico ha tratto beneficio dall\u2019applicazione di questi 3 provvedimenti, a cui si deve aggiungere anche la moratoria sui crediti a famiglie e imprese introdotta sempre dal Governo Conte per un valore complessivo di altri 300 miliardi di euro. Tuttavia, la cronica mancanza di liquidit\u00e0 in capo alle Pmi non \u00e8 stata ancora risolta. Anzi. Nel rapporto tra correntista e banca, ricordano dall\u2019Ufficio studi della CGIA, dall\u2019inizio di quest\u2019anno c\u2019\u00e8 un\u2019altra grossa novit\u00e0 che rischia di penalizzare in particolar modo il primo. Gli istituti di credito, infatti, hanno l\u2019obbligo di applicare le nuove regole europee sulla definizione di default. Vale a dire che le banche, ad esempio, definiscono inadempiente un piccolo imprenditore che presenta un mancato rientro da oltre 90 giorni, il cui importo risulta superiore sia ai 100 euro che all\u20191 per cento del totale delle esposizioni verso il gruppo bancario. Nel caso superi entrambe le soglie, pu\u00f2 scattare la segnalazione presso la Centrale Rischi della Banca d\u2019Italia che, automaticamente, classifica l\u2019imprenditore come cattivo pagatore, impedendogli cos\u00ec di poter disporre per un determinato periodo di tempo dell\u2019aiuto di qualsiasi istituto di credito. Una situazione che rischia di interessare tantissime partite Iva che tradizionalmente sono a corto di liquidit\u00e0 e con grosse difficolt\u00e0, soprattutto in questo momento, a rispettare i piani di rientro dei propri debiti bancari. Questa nuova definizione di default, quasi sicuramente indurr\u00e0 le banche a tenere dei comportamenti molto prudenziali. Con l\u2019abbassamento della soglia di sconfinamento, infatti, avremo senz&#8217;altro un\u2019impennata dei crediti deteriorati. Per evitare che succeda ci\u00f2, Bruxelles ha imposto alle banche la svalutazione in 3 anni dei crediti a rischio non garantiti e in 7-9 anni per quelli con garanzia reali. Pertanto, l\u2019applicazione di queste misure indurr\u00e0 moltissimi istituti di credito ad adottare un comportamento di estrema cautela nell\u2019erogare i prestiti, per evitare di dover sostenere delle perdite in pochi anni. Insomma, per tantissime Pmi si prevede una nuova stretta creditizia. Sul fronte dei prestiti garantiti, il Fondo di Garanzia del MISE-Medio Credito Centrale e la SACE aggiornano con maggiore frequenza i propri dati in materia di credito. Attraverso \u201cGaranzia Italia\u201d, ad esempio, fino al 9 febbraio scorso le domande presentate dalle grandi imprese sono state 1.498 e i volumi dei prestiti garantiti messi in campo da SACE hanno raggiunto i 21,2 miliardi di euro. Sempre alla stessa data, grazie al \u201cCura Italia\u201d e al \u201cDecreto Liquidit\u00e0\u201d, al Fondo di Garanzia per le Pmi sono invece giunte 1.703.969 domande che hanno \u201cgenerato\u201d 136 miliardi di finanziamenti. Questi ultimi dati includono anche i mini prestiti fino a 30 mila euro che, invece, hanno registrato 1.081.476 domande, consentendo l\u2019erogazione di 21,1 miliardi di finanziamenti.<\/p>\n<p>&nbsp;<\/p>\n<hr \/>\n<p>&nbsp;<\/p>\n<blockquote>\n<h3>MERCOLEDI&#8217; CONSIGLIO COMUNALE AD ALLEGHE<\/h3>\n<\/blockquote>\n<p><strong>ALLEGHE<\/strong> Il sindaco di Alleghe Danilo De Toni ha convocato il consiglio comunale per mercoled\u00ec alle 18:30. Dieci i punti da discutere tra cui le spese di urbanizzazione, il canone patrimoniale di concessione per pubblicit\u00e0 e per l&#8217;occupazione del suolo destinata ai mercati, il piano di valorizzazione immoboliare, due variazioni al bilancio e l&#8217;approvazione dello schema di convenzione con BIM Belluno Infrastrutture per l&#8217;affidamento della gestione dell&#8217;impianto idroelettrico comunale &#8220;I Mulini&#8221;.<\/p>\n<p><strong>DI GIANNI SANTOMASO<\/strong><\/p>\n<audio class=\"wp-audio-shortcode\" id=\"audio-192756-8\" preload=\"none\" style=\"width: 100%;\" controls=\"controls\"><source type=\"audio\/mpeg\" src=\"https:\/\/www.radiopiu.net\/wordpress\/wp-content\/uploads\/2021\/02\/GIANNI-CONSIGLIO-ALLEGHE.mp3?_=8\" \/><a href=\"https:\/\/www.radiopiu.net\/wordpress\/wp-content\/uploads\/2021\/02\/GIANNI-CONSIGLIO-ALLEGHE.mp3\">https:\/\/www.radiopiu.net\/wordpress\/wp-content\/uploads\/2021\/02\/GIANNI-CONSIGLIO-ALLEGHE.mp3<\/a><\/audio>\n<p>&nbsp;<\/p>\n<hr \/>\n<p>&nbsp;<\/p>\n<blockquote>\n<h3>LE PROPOSTE PER LA MODIFICA DEL PIANO DEGLI INTERVENTI<\/h3>\n<\/blockquote>\n<p><strong>FALCADE<\/strong>\u00a0 <em>&#8220;Il Comune di Falcade comunica che \u00e8 stato pubblicato un importante <u>AVVISO\u00a0per la\u00a0presentazione delle proposte per la modifica del Piano degli Interventi<\/u>, a firma del Sindaco Michele Costa,\u00a0 l<\/em><em>&#8216;avviso \u00e8 pubblicato e scaricabile dal sito internet del Comune di Falcade. <\/em><em>Le proposte dovranno pervenire entro e non oltre il 18 marzo 2021&#8243;<\/em><\/p>\n<div><\/div>\n<p>&nbsp;<\/p>\n<hr \/>\n<p>&nbsp;<\/p>\n<blockquote>\n<h3>ASCA ALLA RICERCA DI UN ISTRUTTORE AMMINISTRATIVO ADDETTO AL PERSONALE E INFERMIERI<\/h3>\n<\/blockquote>\n<p><strong><a href=\"https:\/\/www.radiopiu.net\/wordpress\/asca-ricerca-personale-infermieristico\/asca-4\/\" rel=\"attachment wp-att-128881\"><img loading=\"lazy\" decoding=\"async\" class=\" wp-image-128881 alignleft\" src=\"https:\/\/www.radiopiu.net\/wordpress\/wp-content\/uploads\/2020\/04\/ASCA-300x165.png\" alt=\"\" width=\"224\" height=\"123\" srcset=\"https:\/\/www.radiopiu.net\/wordpress\/wp-content\/uploads\/2020\/04\/ASCA-300x165.png 300w, https:\/\/www.radiopiu.net\/wordpress\/wp-content\/uploads\/2020\/04\/ASCA-1024x565.png 1024w, https:\/\/www.radiopiu.net\/wordpress\/wp-content\/uploads\/2020\/04\/ASCA-768x424.png 768w, https:\/\/www.radiopiu.net\/wordpress\/wp-content\/uploads\/2020\/04\/ASCA.png 1211w\" sizes=\"auto, (max-width: 224px) 100vw, 224px\" \/><\/a>AGORDO<\/strong> L&#8217;Azienda Speciale Consortile Agordina \u00e8 alla ricerca di un istruttore amministrativo addetto al personale da inserire nell\u2019organico amministrativo della Residenza Sanitaria Anziani di Agordo. Possono partecipare laureati in materie giuridiche od economiche o materie equipollenti, o diplomati con comprovata esperienza. La selezione \u00e8 finalizzata all\u2019inserimento a tempo indeterminato e pieno in Azienda. Il bando con il modello della domanda \u00e8 rinvenibile sul sito dell\u2019Azienda www.servizisocialiasca.it\u00a0.<br \/>\nL&#8217;amministratore unico di Asca Mariachiara Santin ha inoltre emanato un avviso di selezione utile alla formulazione di una graduatoria di idoneit\u00e0 finalizzata all&#8217;inserimento a tempo indeterminato pieno e part time della figura di infermiere con un premio di benvenuto di 250,00 \u20ac in beni e servizi di Welfare Aziendali (una tantum) e un premio produttivit\u00e0 \/welfare annuo di 2.500,00 euro pro capite che viene erogato sulla base della valutazione e dopo almeno 7 mesi di lavoro continuativo in Azienda. Per informazioni \u00e8 possibile rivolgersi alla Segreteria dell\u2019Azienda A.S.C.A.: e-mail: amministrazione@servizisocialiasca.it<\/p>\n<p>&nbsp;<\/p>\n<p>&nbsp;<\/p>\n<hr \/>\n<blockquote>\n<h3><\/h3>\n<h3>CERCASI FARMACISTI-COLLABORATORI AD AGORDO<\/h3>\n<\/blockquote>\n<p><strong><img loading=\"lazy\" decoding=\"async\" class=\"alignleft\" src=\"https:\/\/www.radiopiu.net\/wordpress\/wp-content\/uploads\/2020\/06\/e557474c-a46e-408a-ad77-242a0f3ef7c9.jpg\" width=\"62\" height=\"83\" \/>AGORDO<\/strong> L&#8217;Azienda Speciale Agordo Servizi ha indetto una selezione per la copertura di due posti e tempo pieno (40 ore) come Farmacista-collaboratore di primo livello. Il candidato dovr\u00e0 essere in grado di svolgere attivit\u00e0 ad elevato contenuto professionale di natura sanitaria o tecnica amministrativa in condizione di ampia autonomia. Le domande devono essere presentate entro le 12 del 3 marzo. Di seguito tutti i particolari compreso il calendario della prova che sar\u00e0 pubblicato sul sito agordofarmaciacomunale.it<\/p>\n<blockquote><p>&nbsp;<\/p>\n<p>&nbsp;<\/p>\n<p>&nbsp;<\/p>\n<hr \/>\n<\/blockquote>\n<p>&nbsp;<\/p>\n<blockquote>\n<h3>MI SONO SALVATO DAL VIRUS, MA HO VISTO MORIRE IL MIO COMPAGNO DI STANZA<\/h3>\n<\/blockquote>\n<p class=\"p1\"><span class=\"s1\"><strong><a href=\"https:\/\/www.radiopiu.net\/wordpress\/le-ultime-da-azienda-zero-i-dati-in-attesa-del-bollettino-ufficiale\/covid-19\/\" rel=\"attachment wp-att-173248\"><img loading=\"lazy\" decoding=\"async\" class=\"size-medium wp-image-173248 alignleft\" src=\"https:\/\/www.radiopiu.net\/wordpress\/wp-content\/uploads\/2020\/11\/covid-19-300x200.jpg\" alt=\"\" width=\"300\" height=\"200\" srcset=\"https:\/\/www.radiopiu.net\/wordpress\/wp-content\/uploads\/2020\/11\/covid-19-300x200.jpg 300w, https:\/\/www.radiopiu.net\/wordpress\/wp-content\/uploads\/2020\/11\/covid-19-1024x683.jpg 1024w, https:\/\/www.radiopiu.net\/wordpress\/wp-content\/uploads\/2020\/11\/covid-19-768x512.jpg 768w, https:\/\/www.radiopiu.net\/wordpress\/wp-content\/uploads\/2020\/11\/covid-19-1536x1024.jpg 1536w, https:\/\/www.radiopiu.net\/wordpress\/wp-content\/uploads\/2020\/11\/covid-19.jpg 1920w\" sizes=\"auto, (max-width: 300px) 100vw, 300px\" \/><\/a>FALCADE\u00a0<\/strong>Riceviamo e pubblichiamo la testimonianza di Rodolfo Pellegrinon che racconta la sua esperienza con il Covid-19.<\/span><\/p>\n<blockquote>\n<p class=\"p1\"><em><span class=\"s1\">La mia \u00e8 la testimonianza di quanto terribile possa essere scoprirsi con il coronavirus e di come il Covid 19 possa colpire chiunque Servir\u00e0 per sensibilizzare coloro che ancora si ostinano a portare la mascherina sotto il naso e fare le cene con gli amici. <\/span><span class=\"s1\">Il 17 dicembre 2020 i primi sintomi ( sembrava una semplice infezione intestinale curabile con un semplice antibiotico). Subito dopo Natale la situazione si aggravava tanto che il medico consigli\u00f2 immediato ricovero all\u2019Ospedale di Belluno \u2013 Reparto Pneumologia e subito portato in isolamento&#8230; ed \u00e8 cominciato l\u2019incubo. Ero isolato in un letto con medici e infermieri che si aggiravano per la stanza, somministrandomi terapie. Mi rincuoravano, ma psicologicamente era veramente dura. Poi il mio compagno di stanza( in realt\u00e0 una piccola cameretta tutta bl\u00f9 e senza finestre) \u00e8 improvvisamente deceduto. Ed anche se non lo conoscevo, era l\u00ec accanto a me con le mie stesse patologie. A quel punto sono crollato. Durante le notti infinite, ho avuto delle incontrollabili crisi ( una notte inconsapevole dell\u2019orario ho telefonato persino a casa dai miei) Una testimonianza dura e cruda la mia ma, purtroppo vera. <\/span><span class=\"s1\">La mia testimonianza mette in evidenza la drammaticit\u00e0 della situazione per chi si trova a combattere e ad affrontare i problemi legati al Covid 19 e svolge un\u2019opera di sensibilizzazione verso coloro che ancora non si rendono conto della gravit\u00e0 di questa emergenza sanitaria <\/span><span class=\"s1\">Penso sempre al mio compagno di stanza e a tutti quelli che pur lottando non ce l\u2019hanno fatta. <\/span><span class=\"s1\">La mia esperienza \u00e8 stata veramente terribile, ho tralasciato tante cose che non voglio raccontare. Il 17 gennaio 2021 sono stato dimesso con tutti i parametri nella norma ( ho vinto io contro quella \u201cbestiaccia\u201d) ed ora tornato finalmente a casa ho iniziato una difficile fase di recupero ( ma questo non mi preoccupa se penso a quello che ho passato prima). <\/span><span class=\"s1\">In conclusione invito tutti a porre in atto una massiccia opera di prevenzione per isolare il virus a tutti i costi. Fare sensibilizzazione e convincere gli scettici. Perch\u00e8 anche loro se ne renderanno conto quando una persona vicina \u00e8 in fin di vita, ma sar\u00e0 gi\u00e0 tardi.<\/span><\/em><\/p>\n<p class=\"p1\"><em><span class=\"s1\">\u00a0Rodolfo Pellegrinon_Falcade<\/span><\/em><\/p>\n<\/blockquote>\n<p>&nbsp;<\/p>\n<hr \/>\n<p>&nbsp;<\/p>\n<blockquote>\n<h3>CHI DICE DONO&#8230; DICE DONNA. DOMANI CON VALERIA LUSZIT<\/h3>\n<\/blockquote>\n<div class=\"kvgmc6g5 cxmmr5t8 oygrvhab hcukyx3x c1et5uql ii04i59q\">\n<p dir=\"auto\"><strong><img loading=\"lazy\" decoding=\"async\" class=\"i09qtzwb n7fi1qx3 datstx6m pmk7jnqg j9ispegn kr520xx4 k4urcfbm bixrwtb6 alignleft\" src=\"https:\/\/scontent.fmxp3-1.fna.fbcdn.net\/v\/t1.0-9\/151296953_3635123103230037_4603856322622907453_n.jpg?_nc_cat=109&amp;ccb=3&amp;_nc_sid=730e14&amp;_nc_ohc=yXpjPzCDRrQAX85T1X5&amp;_nc_ht=scontent.fmxp3-1.fna&amp;oh=5fa3b69a574a19e71b3ec514c068061d&amp;oe=6054592F\" alt=\"Potrebbe essere un'immagine raffigurante 1 persona, in piedi, montagna e natura\" width=\"315\" height=\"236\" \/>BELLUNO<\/strong> L&#8217;associazione donatori di organi (Aido) ha organizato il settimo appuntamento: Valeria Lusztig in diretta streaming lunedi spiegher\u00e0 come \u00e8 vivere la vita con la fibrosi cistica. Oggi alle 20.45.\u00a0 Dalla sete d&#8217;aria, al trapianto di polmoni, alla sorpresa dei panorami in vetta.\u00a0 In diretta streaming sulla\u00a0 pagina Facebook e Youtube.\u00a0 Link per seguire la diretta-<a class=\"oajrlxb2 g5ia77u1 qu0x051f esr5mh6w e9989ue4 r7d6kgcz rq0escxv nhd2j8a9 nc684nl6 p7hjln8o kvgmc6g5 cxmmr5t8 oygrvhab hcukyx3x jb3vyjys rz4wbd8a qt6c0cv9 a8nywdso i1ao9s8h esuyzwwr f1sip0of lzcic4wl py34i1dx gpro0wi8\" tabindex=\"0\" role=\"link\" href=\"https:\/\/bit.ly\/3saL5V4?fbclid=IwAR27Rz-dk8JXHy_oppRdj2R3mJHZsuTn1vAqyIYObDVdJHZAsDF4uuFvBzw\" target=\"_blank\" rel=\"nofollow noopener\">https:\/\/bit.ly\/3saL5V4<\/a><\/p>\n<\/div>\n<div dir=\"auto\">&#8212;-<\/div>\n<div dir=\"auto\"><strong>Vale Valerocchia Lusztig <\/strong>Lei \u00e8 Valeria, ha 45 anni, \u00e8 giornalista freelance e si occupa di comunicazione. E&#8217; mamma di una ragazzina di 13 anni, \u00e8 sposata e vive a Reggio Emilia. Il 23 agosto scorso, con una cordata di sei<\/div>\n<p class=\"o9v6fnle cxmmr5t8 oygrvhab hcukyx3x c1et5uql ii04i59q\"><a href=\"https:\/\/www.radiopiu.net\/wordpress\/chi-dice-dono-dice-donna-lunedi-con-valeria-luszit\/72179519_2488392681236424_906358178151661568_o\/\" rel=\"attachment wp-att-192600\"><img loading=\"lazy\" decoding=\"async\" class=\" wp-image-192600 alignright\" src=\"https:\/\/www.radiopiu.net\/wordpress\/wp-content\/uploads\/2021\/02\/72179519_2488392681236424_906358178151661568_o-300x240.jpg\" alt=\"\" width=\"220\" height=\"176\" srcset=\"https:\/\/www.radiopiu.net\/wordpress\/wp-content\/uploads\/2021\/02\/72179519_2488392681236424_906358178151661568_o-300x240.jpg 300w, https:\/\/www.radiopiu.net\/wordpress\/wp-content\/uploads\/2021\/02\/72179519_2488392681236424_906358178151661568_o-768x614.jpg 768w, https:\/\/www.radiopiu.net\/wordpress\/wp-content\/uploads\/2021\/02\/72179519_2488392681236424_906358178151661568_o.jpg 1000w\" sizes=\"auto, (max-width: 220px) 100vw, 220px\" \/><\/a>donne e un uomo, una guida Cai, scala il Balmenhorn, sul massiccio del Monte Rosa e arriva, non senza difficolt\u00e0, a 4167 metri. Lo fa con le donne che si sono unite al suo progetto \u201cGuardami adesso\u201d, che intende riunire e portare in \u201cspedizioni di riscatto\u201d, che sia in cammino, o su vette mai raggiunte prima, donne dal passato sanitario difficile. E mentre lo fa, raccogliere fondi per enti benefici che si occupano di sanit\u00e0, o di contrastare la violenza di genere. Per la salita dello scorso agosto ha raccolto fondi per la Fondazione Ricerca Fibrosi Cistica. S\u00ec perch\u00e9 Valeria condivide la vita con questa malattia, tutt&#8217;ora incurabile, dalla nascita, che l&#8217;ha portata a subire un trapianto bipolmonare, circa tre anni fa. Si ha notizia, ad oggi, di soli tre trapiantati polmonari al mondo ad essere saliti oltre i 4000 metri. Guardami adesso \u00e8 una pagina Facebook e appena sar\u00e0 possibile, organizzer\u00e0 cordate per tutti, a scopo benefico e certamente terapeutico per chi vorr\u00e0 aggregarsi. &lt;Perch\u00e9 condivisione, amicizia, risate e cammini sono terapie insostituibili&gt;.<\/p>\n<p>&nbsp;<\/p>\n<p>&nbsp;<\/p>\n<hr \/>\n<blockquote>\n<h3>&#8220;SOSPIROLO TRA LEGGENDE E MISTERI&#8221; GIOVEDI&#8217; SERA IN DIRETTA YOUTUBE<\/h3>\n<\/blockquote>\n<p><strong><a href=\"https:\/\/www.radiopiu.net\/wordpress\/giornale-radiopiu-21-febbraio-2021-direttore-mirko-mezzacasa\/post-serata-lancio-concorso-2021\/\" rel=\"attachment wp-att-192611\"><img loading=\"lazy\" decoding=\"async\" class=\"size-medium wp-image-192611 alignleft\" src=\"https:\/\/www.radiopiu.net\/wordpress\/wp-content\/uploads\/2021\/02\/POST-SERATA-LANCIO-CONCORSO-2021-300x300.jpg\" alt=\"\" width=\"300\" height=\"300\" srcset=\"https:\/\/www.radiopiu.net\/wordpress\/wp-content\/uploads\/2021\/02\/POST-SERATA-LANCIO-CONCORSO-2021-300x300.jpg 300w, https:\/\/www.radiopiu.net\/wordpress\/wp-content\/uploads\/2021\/02\/POST-SERATA-LANCIO-CONCORSO-2021-1024x1024.jpg 1024w, https:\/\/www.radiopiu.net\/wordpress\/wp-content\/uploads\/2021\/02\/POST-SERATA-LANCIO-CONCORSO-2021-150x150.jpg 150w, https:\/\/www.radiopiu.net\/wordpress\/wp-content\/uploads\/2021\/02\/POST-SERATA-LANCIO-CONCORSO-2021-768x768.jpg 768w, https:\/\/www.radiopiu.net\/wordpress\/wp-content\/uploads\/2021\/02\/POST-SERATA-LANCIO-CONCORSO-2021.jpg 1080w\" sizes=\"auto, (max-width: 300px) 100vw, 300px\" \/><\/a>SOSPIROLO<\/strong> Comune di Sospirolo, Biblioteca civica e la Pro Loco Monti del Sole organizzano per gioved\u00ec alle 21 una diretta YouTube in occasione della serata inaugurale della 12\u00aa edizione del concorso letterario &#8220;Sospirolo tra leggende e misteri&#8221;. La serata inaugurale, con il lancio del tema di concorso, sar\u00e0 condotta dall\u2019appassionato di tradizioni locali venete Roberto <i>Popi<\/i> Frison che avr\u00e0 tra i suoi ospiti la studiosa Emilia Sommariva e il promotore culturale Andrea Da Roit (Pro Loco La Valle Agordina) ad approfondire il tema dell<i>&#8216;<\/i><i>Om Selvarech <\/i>o <i>Om Salvarech, <\/i><span class=\"d2edcug0 hpfvmrgz qv66sw1b c1et5uql rrkovp55 a8c37x1j keod5gw0 nxhoafnm aigsh9s9 d3f4x2em fe6kdd0r mau55g9w c8b282yb iv3no6db jq4qci2q a3bd9o3v knj5qynh oo9gr5id hzawbc8m\" dir=\"auto\">affascinante figura\/maschera ancestrale dei carnevali arcaici della montagna agordina. <\/span>Alla vita e alle opere dell'&#8221;Uomo della Selva&#8221; \u00e8 dedicato il concorso letterario per opere inedite indetto dalla Pro Loco <em>Monti del Sole<\/em> e dal Comune di Sospirolo, destinato alle due categorie di concorrenti: <strong>sez. A<\/strong>, singoli partecipanti da 6 a 14 anni o lavori scolastici individuali o di gruppo; <strong>sez. B<\/strong>, partecipanti dai 15 anni in su (con scadenza: 16 ottobre 2021). <span class=\"d2edcug0 hpfvmrgz qv66sw1b c1et5uql rrkovp55 a8c37x1j keod5gw0 nxhoafnm aigsh9s9 d3f4x2em fe6kdd0r mau55g9w c8b282yb iv3no6db jq4qci2q a3bd9o3v knj5qynh oo9gr5id hzawbc8m\" dir=\"auto\">Il &#8220;Selvatico&#8221; \u00e8 stato scelto anche come metafora di straordinaria attualit\u00e0, capace di incarnare le nostre migliori aspirazioni verso quel &#8220;Green new deal&#8221; che si auspica da molte parti nel contesto della ripartenza post pandemica.\u00a0<\/span><\/p>\n<p>&nbsp;<\/p>\n<p>&nbsp;<\/p>\n<hr \/>\n<p>&nbsp;<\/p>\n<blockquote>\n<h3>NUOVI ORARI CALL CENTER COVID DAL 1\u00b0 FEBBRAIO 2021<\/h3>\n<\/blockquote>\n<p><strong><a href=\"https:\/\/www.radiopiu.net\/wordpress\/giornale-radiopiu-26-gennaio-2021-direttore-mirko-mezzacasa\/numero-covid_febbraio-2021\/\" rel=\"attachment wp-att-186852\"><img loading=\"lazy\" decoding=\"async\" class=\"wp-image-186852 alignleft\" src=\"https:\/\/www.radiopiu.net\/wordpress\/wp-content\/uploads\/2021\/01\/numero-covid_febbraio-2021-300x212.jpg\" alt=\"\" width=\"202\" height=\"143\" srcset=\"https:\/\/www.radiopiu.net\/wordpress\/wp-content\/uploads\/2021\/01\/numero-covid_febbraio-2021-300x212.jpg 300w, https:\/\/www.radiopiu.net\/wordpress\/wp-content\/uploads\/2021\/01\/numero-covid_febbraio-2021-1024x724.jpg 1024w, https:\/\/www.radiopiu.net\/wordpress\/wp-content\/uploads\/2021\/01\/numero-covid_febbraio-2021-768x543.jpg 768w, https:\/\/www.radiopiu.net\/wordpress\/wp-content\/uploads\/2021\/01\/numero-covid_febbraio-2021-1536x1086.jpg 1536w, https:\/\/www.radiopiu.net\/wordpress\/wp-content\/uploads\/2021\/01\/numero-covid_febbraio-2021.jpg 2000w\" sizes=\"auto, (max-width: 202px) 100vw, 202px\" \/><\/a> <\/strong><\/p>\n<p><strong>\u00a0<\/strong><\/p>\n<p><strong>BELLUNO <\/strong>L&#8217;importante rallentamento epidemico registrato nelle ultime settimane e la conseguente forte riduzione delle telefonate con richiesta di informazioni da parte dei cittadini, consentono di rimodulare giorni ed orari di attivit\u00e0 del CALL CENTER COVID Dal 1\u00b0 febbraio 2021 lo 0437\/514343 sar\u00e0 attivo dalle 8 alle 18 da luned\u00ec a sabato.<\/p>\n<p>&nbsp;<\/p>\n<p>&nbsp;<\/p>\n<hr \/>\n<p>&nbsp;<\/p>\n<blockquote>\n<h3>PR RANCH, RIPRENDE LA GINNASTICA ARTISTICA<\/h3>\n<\/blockquote>\n<p><strong>AGORDO<\/strong> Riprenderanno marted\u00ec 9 febbraio al PalaRova di Agordo i corsi di ginnastica artistica. L&#8217;appuntamento \u00e8 dalle 16:30 alle 18:30. Per informazioni contattare Donatella al 348 4352362.<\/p>\n<p>&nbsp;<\/p>\n<p>&nbsp;<\/p>\n<hr \/>\n<p>&nbsp;<\/p>\n<blockquote>\n<h3>MUSLA E LE PAROLE AGORDINE, IL VIDEO CON LA CHALLENGE<\/h3>\n<\/blockquote>\n<p><strong>AGORDO<\/strong> Il MUSLA ha lanciato la sfida e gli agordini hanno risposto. Appena una settimana fa era stata lanciata la challenge per inviare dei video con delle parole in dialetto da tenere in considerazione. Tutti i video sono stati raccolti in un unico clip che pubblichiamo.<\/p>\n<div style=\"width: 640px;\" class=\"wp-video\"><video class=\"wp-video-shortcode\" id=\"video-192756-3\" width=\"640\" height=\"352\" preload=\"metadata\" controls=\"controls\"><source type=\"video\/mp4\" src=\"https:\/\/www.radiopiu.net\/wordpress\/wp-content\/uploads\/2021\/02\/MUSLA-PAROLE-AGORDINE.mp4?_=3\" \/><a href=\"https:\/\/www.radiopiu.net\/wordpress\/wp-content\/uploads\/2021\/02\/MUSLA-PAROLE-AGORDINE.mp4\">https:\/\/www.radiopiu.net\/wordpress\/wp-content\/uploads\/2021\/02\/MUSLA-PAROLE-AGORDINE.mp4<\/a><\/video><\/div>\n<p>&nbsp;<\/p>\n<hr \/>\n<p>&nbsp;<\/p>\n<blockquote>\n<h3>CENTO ANNI FA NASCEVA GIOVAN BATTISTA PELLEGRINI<\/h3>\n<\/blockquote>\n<p><strong><a href=\"https:\/\/www.radiopiu.net\/wordpress\/cento-anni-fa-nasceva-giovan-battista-pellegrini\/pellegrini-primo-piano\/\" rel=\"attachment wp-att-192804\"><img loading=\"lazy\" decoding=\"async\" class=\"size-medium wp-image-192804 alignleft\" src=\"https:\/\/www.radiopiu.net\/wordpress\/wp-content\/uploads\/2021\/02\/Pellegrini-primo-piano-300x265.png\" alt=\"\" width=\"300\" height=\"265\" srcset=\"https:\/\/www.radiopiu.net\/wordpress\/wp-content\/uploads\/2021\/02\/Pellegrini-primo-piano-300x265.png 300w, https:\/\/www.radiopiu.net\/wordpress\/wp-content\/uploads\/2021\/02\/Pellegrini-primo-piano-768x678.png 768w, https:\/\/www.radiopiu.net\/wordpress\/wp-content\/uploads\/2021\/02\/Pellegrini-primo-piano.png 818w\" sizes=\"auto, (max-width: 300px) 100vw, 300px\" \/><\/a>di Luisa Manfroi<\/strong><\/p>\n<p>Cento anni fa, il 23 febbraio 1921, nasceva il glottologo di origine agordina Giovan Battista Pellegrini. Un anniversario che\u00a0 non deve passare inosservato alla luce del\u00a0 notevole contributo che ha dato in\u00a0 ambito linguistico allo studio\u00a0 del venetico, a quello delle parlate dell\u2019Italia prelatina, le lingue romanze, il ladino, i dialetti veneti e friulani, l\u2019arabo, le lingue balcaniche e danubiane, la toponomastica. Una bibliografia di\u00a0 novecento titoli circa tra libri, ricerche, articoli\u00a0 frutto di una lunga e ininterrotta attivit\u00e0 che va dagli anni Quaranta fino a pochi anni prima della sua morte, avvenuta nel febbraio 2007. Una vita dedicata alla ricerca. \u00abNella mia carriera sono orgoglioso principalmente di due cose: di avere insegnato in California, all\u2019Universit\u00e0 di\u00a0 Los Angeles, uno dei pi\u00f9 grandi atenei americani e a Stanford tra le pi\u00f9 importanti universit\u00e0 libere degli Stati Uniti\u00bb. Cos\u00ec ebbe modo di affermare in un suo intervento a Gares durante l\u2019adunanza della sezione agordina del Cai nell&#8217;agosto 1984 in un prezioso filmato di Italo Schena e inserito in un documentario che ricostruisce la biografia e il profilo di studioso attraverso le testimonianze dei suoi allievi, alcuni dei quali docenti universitari. Pellegrini\u00a0 ha lasciato un fondamentale tesoro di conoscenze e un&#8217;eredit\u00e0 non soltanto per gli studiosi italiani ma per quelli in generale di tutto il mondo. Un impegno che gli \u00e8 valso l\u2019attribuzione di riconoscimenti e convegni. Membro di varie accademie, tra le quali l\u2019Accademia delle Scienze d\u2019Ungheria, dottore honoris causa all\u2019Universit\u00e0 E\u00f6tv\u00f6s Lor\u00e1nd\u00a0 di Budapest, rappresentante dell&#8217;Italia al Centre international des sciences onomastiques di Lovanio, fu insignito di diversi premi tra cui il Premio Nazionale del Presidente della Repubblica per le Scienze morali, storiche e filologiche, nel 1990. Non a caso il comune di Belluno, nella primavera del 2017 e a dieci anni dalla sua scomparsa, gli ha dedicato\u00a0 la piazzetta su cui si affaccia Palazzo Bembo con una cerimonia seguita da un convegno a Palazzo Fulcis. Il legame di Pellegrini con la citt\u00e0 era forte dal momento che trascorreva le vacanze invernali e l\u2019estate\u00a0 e gli era valso l\u2019attribuzione del Premio San Martino nel 1990.\u00a0 Costante la collaborazione di Pellegrini con la Fondazione Giovanni Angelini &#8211; Centro Studi sulla Montagna con la quale aveva \u00a0sviluppato il progetto sugli \u201cOronimi Bellunesi\u201d, l\u2019origine dei nomi delle montagne.\u00a0 Del resto l\u2019amicizia con Giovanni Angelini \u00e8 stata sempre solida e non poteva mancare la presenza di Pellegrini nella commissione scientifica della fondazione, come ha sottolineato la direttrice Ester Cason Angelini.\u00a0\u00a0 Di Pellegrini \u00e8 stato pure il contributo sulla questione dei confini della Marmolada. Ma c\u2019\u00e8 un altro legame ed \u00e8 quello che lo unisce all\u2019Agordino. Lui, infatti, era nato a Cencenighe in via Villagrande\u00a0 da Teresa De Biasio e Valerio Pellegrini, di professione farmacista, originario di Rocca Pietore. \u00c8 a Cencenighe, lungo l\u2019attuale via Roma e in prossimit\u00e0 della piazza che il padre Valerio Pellegrini costru\u00ec l\u2019edificio adibito ad abitazione e\u00a0 farmacia ed \u00e8 in paese che Giovan Battista trascorse\u00a0 l\u2019infanzia, come documentano alcune foto che lo vedono con in mano una \u201cbatola\u201d, una raganella o in sella ad una bicicletta. Conseguita la maturit\u00e0 nel 1940 al liceo classico \u201cTiziano\u201d di \u00a0Belluno, si iscrisse all&#8217;Universit\u00e0 di Padova alla Facolt\u00e0 di Lettere dove intraprese il suo percorso\u00a0 con il glottologo e linguista Carlo Tagliavini, un iter reso pi\u00f9 complicato\u00a0 dalla guerra. Nel 1946-47, per dieci anni, fu chiamato all\u2019Universit\u00e0 di Pisa dal suo omonimo professor Silvio Pellegrini, come assistente di filologia romanza. Libero docente di glottologia nel 1951, insegn\u00f2 anche lingua serbo-croata e storia comparata delle lingue classiche vincendo nel 1956 il concorso di storia della lingua italiana che lo port\u00f2 all&#8217;Universit\u00e0 di Palermo dove fu incaricato di glottologia e filologia germanica. Successivamente fu all\u2019Universit\u00e0 di Trieste per insegnare storia della lingua italiana e filologia romanza. Nel 1964, infine, pass\u00f2 definitivamente a Padova a fianco del maestro Carlo Tagliavini, per la docenza di glottologia e dove tenne corsi di linguistica ladina e di lingua e letteratura albanese. Tra le iniziative a ricordo di Pellegrini \u00e8 l\u2019intitolazione della piazza antistante il Nof Fil\u00f2,\u00a0 una proposta formulata ancora diversi anni fa e che forse, finalmente, potr\u00e0 trovare concreta attuazione quest\u2019anno.<\/p>\n<p>&nbsp;<\/p>\n<p>&nbsp;<\/p>\n<hr \/>\n<p>&nbsp;<\/p>\n<blockquote>\n<h3>SANT\u2019OSVALDO (DI SELVA DI CADORE) \u201cLA DENT E LA SO GIESIA\u201d IN UN LIBRO di RENATO BONA<\/h3>\n<\/blockquote>\n<p>Il collega giornalista prof. don Lorenzo Dell\u2019Andrea, del quale mi onoro di essere amico dopo essere stato suo allievo al \u201cCalvi\u201d e, prima ancora, averlo avuto quale consulente ecclesiastico del Centro sportivo italiano, \u00e8 l\u2019autore, fra gli altri, dell\u2019interessante libro \u201cSant\u2019Osvaldo. Sa Svaldo de Somaselva. La dent e la so giesia\u201d con la vita di Sant\u2019Osvaldo, il suo culto e una breve panoramica della devozione al Santo in provincia di Belluno. Il volume (in copertina la chiesa di Sant\u2019Osvaldo di L\u2019Andria di Selva di Cadore durante una delle tante sagre annuali, con la gente che, dopo la messa solenne, si intrattiene per scambiarsi idee e impressioni, per estrarre i biglietti della pesca, per un momento di ristoro, per una preghiera; in ultima di copertina: la statua del Santo sul timpano dell\u2019altare della chiesa di L\u2019Andria) propiziato dall\u2019Union Ladign da Selva, risale al 2002, con progetto grafico, impaginazione e stampa della bellunese tipografia Piave. La presentazione era stata di Aristide Bonifacio, presidente dei ladini di Selva di Cadore (\u201c\u2026 Leggere come \u00e8 nata la chiesa, come si son impegnati per poterla avere, per costruirla, per mantenerla decorosa e sempre aperta e \u2013 di quando in quando e anche poco tempo addietro \u2013 per restaurarla, non \u00e8 solo bello ma \u00e8 anche utile e valido\u2026 Il libro potr\u00e0 sicuramente aiutare tutti a capire la nostra gente, per sapere chi eravamo, chi siamo, chi saremo\u201d; don Riccardo Parissenti, parroco di San Lorenzo e di Santa Fosca in Selva di Cadore (\u201c\u2026 Certamente gli abitanti di Somaselva, che tanto si sono impegnati per costruire la chiesa di Sant\u2019Osvaldo, erano animati da grande fede. Una fede che si vede da tanti particolari che vengono ricordati in questo libro. Mi auguro che questa fede, nella sua sostanza, anche se le manifestazioni esteriori in questi secoli hanno avuto dei cambiamenti, rimanga sempre viva e identica\u2026 Mi auguro che la chiesa di Sant\u2019Osvaldo continui sempre a essere \u2018un centro di spiritualit\u00e0\u2019 ed un centro di preghiera\u2026\u201d; da Alessandro Lorenzini, capo della Fabbriceria di Sant\u2019Osvaldo: \u201c\u2026 Un grazie particolare a chi ha fatto questo libro e all\u2019Unione dei Ladini di Selva, che con questa pubblicazione mette in luce la nostra chiesa di Sant\u2019Osvaldo e la nostra \u2018vila\u2019. In modo particolare voglio ringraziare per l\u2019evidenza che \u00e8 stata data all\u2019attivit\u00e0 dei vecchi fabbricieri, sempre precisi nei conti, sempre pronti a lavorare con tanto amore e anche con molto sacrificio per Sant\u2019Osvaldo e ringrazio anche per quanto \u00e8 scritto di questi ultimi anni, sia per il lavoro del \u2018Comitato restauri\u2019 che per la Fabbriceria, anche se noi crediamo di non meritare tutti gli elogi dei nostri predecessori\u2026\u201d. Ed ecco alcune considerazioni di \u201cPr\u00e8 Laurenz Dell\u2019Andrea de i Zevegn\u201d cio\u00e8 l\u2019autore dell\u2019opera: \u201c\u2026 La chiesa di Sant\u2019Osvaldo era considerata da tutti un patrimonio familiare. Per questo motivo, quando il parroco, per obbedire ad un ordine del vescovo, ha estromesso i fabbricieri dalla tenuta dell\u2019amministrazione della chiesa, tutti la presero molto male: ci hanno tolto &#8211; dicevano alcuni &#8211; il lavoro degli avi e il luogo pi\u00f9 bello del villaggio, il luogo che tutti amano tanto\u201d. Sottolineava quindi che: \u201cDa quando ho potuto leggere alcune vecchie carte di Sant\u2019Osvaldo ed ho saputo come e perch\u00e9 tre secoli fa \u00e8 sorta la chiesa ed ho visto tutto quello che da allora in poi i nostri avi hanno fatto per tenerla con decoro all\u2019esterno e perch\u00e9 tutto fosse splendente e nuovo all\u2019interno, ho avuto la possibilit\u00e0 di accorgermi che i sentimenti attuali della popolazione per Sant\u2019Osvaldo provengono da molto lontano: altro non sono che i sentimenti tramandati dai nostri avi, che hanno tanto amato questa chiesa\u201d. Avviandosi a conclusione Dell\u2019Andrea scriveva: \u201c\u2026 Soltanto una cosa \u00e8 cambiata in questi tre secoli; il nome del paese, mutato da Somaselva in tanti altri nomi di villaggi pi\u00f9 piccoli: Franceschin, L\u2019Agnol, Al Sech, L\u2019Andria, Col\u00f2, Toffol, che assieme formano la \u2018Regola Granda\u2019\u2026 Per tutto il resto, nulla di nuovo; sempre la stessa gente. A ben guardare la gente d\u2019oggi \u00e8 meno numerosa e pi\u00f9 vecchia d\u2019un tempo. Ma \u00e8 egualmente sempre riunita con tanto amore attorno alla sua chiesa\u201d. E &#8211; aggiungeva &#8211; se vogliamo conoscere la gente d\u2019una volta e quella d\u2019oggi bisogna guardare alla storia di Sant\u2019Osvaldo e ai cuori delle persone: quello della gente di Somaselva e della \u201cRegola Granda\u201d \u00e8 sempre stato, ieri e oggi, un cuore caldo e grande\u201d. Mentre ci riserviamo di tornare su questo pregevole libro di Dell\u2019Andrea, ci resta da ricordare che dopo il diniego del curato don Francesco Da Rin cui era stata chiesta la benedizione della prima pietra, in base alla delega che il Patriarca Dolfin aveva concesso il 23 agosto 1736 nell\u2019atto di approvazione di erezione della nuova chiesa, fu lo stesso Dolfin, il 5 luglio 1737, da Udine, ad autorizzare l\u2019Arcidiacono del Cadore \u201cconsiderata la tua impossibilit\u00e0 e il rifiuto del Rev. Curato di Selva\u201d a delegare un altro sacerdote per la benedizione della prima pietra dell\u2019oratorio pubblico di Sant\u2019Osvaldo\u201d. Sicch\u00e9 dopo la benedizione , luned\u00ec 22 luglio 1737 fu probabilmente il giorno in cui i muratori della Val Badia, sotto la guida di Mattio Prompere terminarono in 15 giorni la costruzione della chiesa di Sant\u2019Osvaldo aiutati dai \u201cmistri\u201d locali e dalla popolazione tutta. Mario Monico de i Loc e Pietro Toffoli, che hanno lavorato nei restauri del 1985-87, sono concordi nel definire ottimo il lavoro in muratura delle maestranze badiote, \u201canche se va notato che le fondamenta non sono state poste molto profonde e sono appoggiate sul terreno senza piattaforma unica di sostegno\u201d. Resta da dire che la pianta della chiesa presenta i due elementi fondamentali: presbiterio e aula \u201cchiaramente strutturati e bene armonizzati tra loro\u201d. La larghezza interna della navata \u00e8 di 4,30 metri mentre l\u2019altezza delle volte raggiunge i 5,94 metri nella navata e 4,88 nel presbiterio. Sul tetto con spioventi molto ripidi, un piccolo campanile in legno a cavaliere, alto un paio di metri. Per quanto concerne lo stile, la chiesa fu costruita secondo i canoni estetici ed architettonici tipici del 1700 quando dominava lo stile barocco. Gioved\u00ec 12 ottobre 1741 l\u2019arcidiacono De Meio benedisse solennemente l\u2019oratorio.<\/p>\n\n\t\t\t<style type='text\/css'>\n\t\t\t\t#gallery-6 {\n\t\t\t\t\tmargin: auto;\n\t\t\t\t}\n\t\t\t\t#gallery-6 .gallery-item {\n\t\t\t\t\tfloat: left;\n\t\t\t\t\tmargin-top: 10px;\n\t\t\t\t\ttext-align: center;\n\t\t\t\t\twidth: 12%;\n\t\t\t\t}\n\t\t\t\t#gallery-6 img {\n\t\t\t\t\tborder: 2px solid #cfcfcf;\n\t\t\t\t}\n\t\t\t\t#gallery-6 .gallery-caption {\n\t\t\t\t\tmargin-left: 0;\n\t\t\t\t}\n\t\t\t\t\/* see gallery_shortcode() in wp-includes\/media.php *\/\n\t\t\t<\/style>\n\t\t<div id='gallery-6' class='dt-gallery-container gallery galleryid-192756 gallery-columns-8 gallery-size-thumbnail'><dl class='gallery-item'>\n\t\t\t\t<dt class='gallery-icon portrait'>\n\t\t\t\t\t<a class=\"rollover rollover-zoom dt-pswp-item\" title=\"153238341_279745870335574_3598058954385888715_n\" data-dt-img-description=\"\" data-large_image_width=\"113\" data-large_image_height=\"153\"href='https:\/\/www.radiopiu.net\/wordpress\/wp-content\/uploads\/2021\/02\/153238341_279745870335574_3598058954385888715_n.jpg'><img loading=\"lazy\" decoding=\"async\" width=\"113\" height=\"150\" src=\"https:\/\/www.radiopiu.net\/wordpress\/wp-content\/uploads\/2021\/02\/153238341_279745870335574_3598058954385888715_n-113x150.jpg\" class=\"attachment-thumbnail size-thumbnail\" alt=\"\" \/><\/a>\n\t\t\t\t<\/dt><\/dl><dl class='gallery-item'>\n\t\t\t\t<dt class='gallery-icon portrait'>\n\t\t\t\t\t<a class=\"rollover rollover-zoom dt-pswp-item\" title=\"152662496_2436019906542100_7771482755668840153_n\" data-dt-img-description=\"\" data-large_image_width=\"1464\" data-large_image_height=\"2048\"href='https:\/\/www.radiopiu.net\/wordpress\/wp-content\/uploads\/2021\/02\/152662496_2436019906542100_7771482755668840153_n.jpg'><img loading=\"lazy\" decoding=\"async\" width=\"150\" height=\"150\" src=\"https:\/\/www.radiopiu.net\/wordpress\/wp-content\/uploads\/2021\/02\/152662496_2436019906542100_7771482755668840153_n-150x150.jpg\" class=\"attachment-thumbnail size-thumbnail\" alt=\"\" \/><\/a>\n\t\t\t\t<\/dt><\/dl><dl class='gallery-item'>\n\t\t\t\t<dt class='gallery-icon landscape'>\n\t\t\t\t\t<a class=\"rollover rollover-zoom dt-pswp-item\" title=\"151423391_1159219571214116_138934635800184922_n\" data-dt-img-description=\"\" data-large_image_width=\"2048\" data-large_image_height=\"1497\"href='https:\/\/www.radiopiu.net\/wordpress\/wp-content\/uploads\/2021\/02\/151423391_1159219571214116_138934635800184922_n.jpg'><img loading=\"lazy\" decoding=\"async\" width=\"150\" height=\"150\" src=\"https:\/\/www.radiopiu.net\/wordpress\/wp-content\/uploads\/2021\/02\/151423391_1159219571214116_138934635800184922_n-150x150.jpg\" class=\"attachment-thumbnail size-thumbnail\" alt=\"\" \/><\/a>\n\t\t\t\t<\/dt><\/dl><dl class='gallery-item'>\n\t\t\t\t<dt class='gallery-icon portrait'>\n\t\t\t\t\t<a class=\"rollover rollover-zoom dt-pswp-item\" title=\"153063169_1921096641355333_4933937575821900767_n\" data-dt-img-description=\"\" data-large_image_width=\"1326\" data-large_image_height=\"2048\"href='https:\/\/www.radiopiu.net\/wordpress\/wp-content\/uploads\/2021\/02\/153063169_1921096641355333_4933937575821900767_n.jpg'><img loading=\"lazy\" decoding=\"async\" width=\"150\" height=\"150\" src=\"https:\/\/www.radiopiu.net\/wordpress\/wp-content\/uploads\/2021\/02\/153063169_1921096641355333_4933937575821900767_n-150x150.jpg\" class=\"attachment-thumbnail size-thumbnail\" alt=\"\" \/><\/a>\n\t\t\t\t<\/dt><\/dl><dl class='gallery-item'>\n\t\t\t\t<dt class='gallery-icon landscape'>\n\t\t\t\t\t<a class=\"rollover rollover-zoom dt-pswp-item\" title=\"152662364_717417472472029_5414267328721803842_n\" data-dt-img-description=\"\" data-large_image_width=\"1966\" data-large_image_height=\"1907\"href='https:\/\/www.radiopiu.net\/wordpress\/wp-content\/uploads\/2021\/02\/152662364_717417472472029_5414267328721803842_n.jpg'><img loading=\"lazy\" decoding=\"async\" width=\"150\" height=\"150\" src=\"https:\/\/www.radiopiu.net\/wordpress\/wp-content\/uploads\/2021\/02\/152662364_717417472472029_5414267328721803842_n-150x150.jpg\" class=\"attachment-thumbnail size-thumbnail\" alt=\"\" \/><\/a>\n\t\t\t\t<\/dt><\/dl><dl class='gallery-item'>\n\t\t\t\t<dt class='gallery-icon portrait'>\n\t\t\t\t\t<a class=\"rollover rollover-zoom dt-pswp-item\" title=\"151430107_550429285918429_5696224091257469358_n\" data-dt-img-description=\"\" data-large_image_width=\"937\" data-large_image_height=\"2048\"href='https:\/\/www.radiopiu.net\/wordpress\/wp-content\/uploads\/2021\/02\/151430107_550429285918429_5696224091257469358_n.jpg'><img loading=\"lazy\" decoding=\"async\" width=\"150\" height=\"150\" src=\"https:\/\/www.radiopiu.net\/wordpress\/wp-content\/uploads\/2021\/02\/151430107_550429285918429_5696224091257469358_n-150x150.jpg\" class=\"attachment-thumbnail size-thumbnail\" alt=\"\" \/><\/a>\n\t\t\t\t<\/dt><\/dl><dl class='gallery-item'>\n\t\t\t\t<dt class='gallery-icon portrait'>\n\t\t\t\t\t<a class=\"rollover rollover-zoom dt-pswp-item\" title=\"152664580_429934034785122_4140657683366329178_n\" data-dt-img-description=\"\" data-large_image_width=\"1581\" data-large_image_height=\"2048\"href='https:\/\/www.radiopiu.net\/wordpress\/wp-content\/uploads\/2021\/02\/152664580_429934034785122_4140657683366329178_n.jpg'><img loading=\"lazy\" decoding=\"async\" width=\"150\" height=\"150\" src=\"https:\/\/www.radiopiu.net\/wordpress\/wp-content\/uploads\/2021\/02\/152664580_429934034785122_4140657683366329178_n-150x150.jpg\" class=\"attachment-thumbnail size-thumbnail\" alt=\"\" \/><\/a>\n\t\t\t\t<\/dt><\/dl><dl class='gallery-item'>\n\t\t\t\t<dt class='gallery-icon landscape'>\n\t\t\t\t\t<a class=\"rollover rollover-zoom dt-pswp-item\" title=\"153092502_286839856125464_3714275761751541799_n\" data-dt-img-description=\"\" data-large_image_width=\"2048\" data-large_image_height=\"1368\"href='https:\/\/www.radiopiu.net\/wordpress\/wp-content\/uploads\/2021\/02\/153092502_286839856125464_3714275761751541799_n.jpg'><img loading=\"lazy\" decoding=\"async\" width=\"150\" height=\"150\" src=\"https:\/\/www.radiopiu.net\/wordpress\/wp-content\/uploads\/2021\/02\/153092502_286839856125464_3714275761751541799_n-150x150.jpg\" class=\"attachment-thumbnail size-thumbnail\" alt=\"\" \/><\/a>\n\t\t\t\t<\/dt><\/dl><br style=\"clear: both\" \/><dl class='gallery-item'>\n\t\t\t\t<dt class='gallery-icon landscape'>\n\t\t\t\t\t<a class=\"rollover rollover-zoom dt-pswp-item\" title=\"153023150_3021892754580386_2713196141729121862_n\" data-dt-img-description=\"\" data-large_image_width=\"2048\" data-large_image_height=\"1276\"href='https:\/\/www.radiopiu.net\/wordpress\/wp-content\/uploads\/2021\/02\/153023150_3021892754580386_2713196141729121862_n.jpg'><img loading=\"lazy\" decoding=\"async\" width=\"150\" height=\"150\" src=\"https:\/\/www.radiopiu.net\/wordpress\/wp-content\/uploads\/2021\/02\/153023150_3021892754580386_2713196141729121862_n-150x150.jpg\" class=\"attachment-thumbnail size-thumbnail\" alt=\"\" \/><\/a>\n\t\t\t\t<\/dt><\/dl><dl class='gallery-item'>\n\t\t\t\t<dt class='gallery-icon landscape'>\n\t\t\t\t\t<a class=\"rollover rollover-zoom dt-pswp-item\" title=\"152673541_154843486455128_7644748341524808174_n\" data-dt-img-description=\"\" data-large_image_width=\"2048\" data-large_image_height=\"1152\"href='https:\/\/www.radiopiu.net\/wordpress\/wp-content\/uploads\/2021\/02\/152673541_154843486455128_7644748341524808174_n.jpg'><img loading=\"lazy\" decoding=\"async\" width=\"150\" height=\"150\" src=\"https:\/\/www.radiopiu.net\/wordpress\/wp-content\/uploads\/2021\/02\/152673541_154843486455128_7644748341524808174_n-150x150.jpg\" class=\"attachment-thumbnail size-thumbnail\" alt=\"\" \/><\/a>\n\t\t\t\t<\/dt><\/dl><dl class='gallery-item'>\n\t\t\t\t<dt class='gallery-icon landscape'>\n\t\t\t\t\t<a class=\"rollover rollover-zoom dt-pswp-item\" title=\"152651097_1312715875766625_2574202818057923039_n\" data-dt-img-description=\"\" data-large_image_width=\"2048\" data-large_image_height=\"885\"href='https:\/\/www.radiopiu.net\/wordpress\/wp-content\/uploads\/2021\/02\/152651097_1312715875766625_2574202818057923039_n.jpg'><img loading=\"lazy\" decoding=\"async\" width=\"150\" height=\"150\" src=\"https:\/\/www.radiopiu.net\/wordpress\/wp-content\/uploads\/2021\/02\/152651097_1312715875766625_2574202818057923039_n-150x150.jpg\" class=\"attachment-thumbnail size-thumbnail\" alt=\"\" \/><\/a>\n\t\t\t\t<\/dt><\/dl><dl class='gallery-item'>\n\t\t\t\t<dt class='gallery-icon landscape'>\n\t\t\t\t\t<a class=\"rollover rollover-zoom dt-pswp-item\" title=\"151775570_428940925030830_1009406448068157999_n\" data-dt-img-description=\"\" data-large_image_width=\"2048\" data-large_image_height=\"1244\"href='https:\/\/www.radiopiu.net\/wordpress\/wp-content\/uploads\/2021\/02\/151775570_428940925030830_1009406448068157999_n.jpg'><img loading=\"lazy\" decoding=\"async\" width=\"150\" height=\"150\" src=\"https:\/\/www.radiopiu.net\/wordpress\/wp-content\/uploads\/2021\/02\/151775570_428940925030830_1009406448068157999_n-150x150.jpg\" class=\"attachment-thumbnail size-thumbnail\" alt=\"\" \/><\/a>\n\t\t\t\t<\/dt><\/dl><dl class='gallery-item'>\n\t\t\t\t<dt class='gallery-icon portrait'>\n\t\t\t\t\t<a class=\"rollover rollover-zoom dt-pswp-item\" title=\"152957351_174416171117642_104072555185136388_n\" data-dt-img-description=\"\" data-large_image_width=\"1314\" data-large_image_height=\"2048\"href='https:\/\/www.radiopiu.net\/wordpress\/wp-content\/uploads\/2021\/02\/152957351_174416171117642_104072555185136388_n.jpg'><img loading=\"lazy\" decoding=\"async\" width=\"150\" height=\"150\" src=\"https:\/\/www.radiopiu.net\/wordpress\/wp-content\/uploads\/2021\/02\/152957351_174416171117642_104072555185136388_n-150x150.jpg\" class=\"attachment-thumbnail size-thumbnail\" alt=\"\" \/><\/a>\n\t\t\t\t<\/dt><\/dl><dl class='gallery-item'>\n\t\t\t\t<dt class='gallery-icon portrait'>\n\t\t\t\t\t<a class=\"rollover rollover-zoom dt-pswp-item\" title=\"153276421_466960614676136_4303323358726433198_n\" data-dt-img-description=\"\" data-large_image_width=\"1209\" data-large_image_height=\"2048\"href='https:\/\/www.radiopiu.net\/wordpress\/wp-content\/uploads\/2021\/02\/153276421_466960614676136_4303323358726433198_n.jpg'><img loading=\"lazy\" decoding=\"async\" width=\"150\" height=\"150\" src=\"https:\/\/www.radiopiu.net\/wordpress\/wp-content\/uploads\/2021\/02\/153276421_466960614676136_4303323358726433198_n-150x150.jpg\" class=\"attachment-thumbnail size-thumbnail\" alt=\"\" \/><\/a>\n\t\t\t\t<\/dt><\/dl><dl class='gallery-item'>\n\t\t\t\t<dt class='gallery-icon portrait'>\n\t\t\t\t\t<a class=\"rollover rollover-zoom dt-pswp-item\" title=\"152614659_4027147013982838_1854969150759481062_n\" data-dt-img-description=\"\" data-large_image_width=\"1441\" data-large_image_height=\"2048\"href='https:\/\/www.radiopiu.net\/wordpress\/wp-content\/uploads\/2021\/02\/152614659_4027147013982838_1854969150759481062_n.jpg'><img loading=\"lazy\" decoding=\"async\" width=\"150\" height=\"150\" src=\"https:\/\/www.radiopiu.net\/wordpress\/wp-content\/uploads\/2021\/02\/152614659_4027147013982838_1854969150759481062_n-150x150.jpg\" class=\"attachment-thumbnail size-thumbnail\" alt=\"\" \/><\/a>\n\t\t\t\t<\/dt><\/dl><dl class='gallery-item'>\n\t\t\t\t<dt class='gallery-icon landscape'>\n\t\t\t\t\t<a class=\"rollover rollover-zoom dt-pswp-item\" title=\"152441360_441462883856872_2342122696073403477_n\" data-dt-img-description=\"\" data-large_image_width=\"2048\" data-large_image_height=\"1404\"href='https:\/\/www.radiopiu.net\/wordpress\/wp-content\/uploads\/2021\/02\/152441360_441462883856872_2342122696073403477_n.jpg'><img loading=\"lazy\" decoding=\"async\" width=\"150\" height=\"150\" src=\"https:\/\/www.radiopiu.net\/wordpress\/wp-content\/uploads\/2021\/02\/152441360_441462883856872_2342122696073403477_n-150x150.jpg\" class=\"attachment-thumbnail size-thumbnail\" alt=\"\" \/><\/a>\n\t\t\t\t<\/dt><\/dl><br style=\"clear: both\" \/>\n\t\t\t<\/div>\n\n<p>&nbsp;<\/p>\n<p>NELLE FOTO (archivio Renato Bona e riproduzioni dal libro \u201cSant\u2019Osvaldo\u201d): il prof. don Lorenzo Dell\u2019Andrea, autore della pubblicazione; la copertina del volume; Sant\u2019Osvaldo nel retrocopertina; interno dell\u2019edificio sacro con la pala dell\u2019altare della Madonna del Carmine col Padreterno e sei angeli, ai lati s. Osvaldo (a sinistra) e s. Lorenzo, sotto s. Antonio; L\u2019Andria: funerale con i \u201cferai di s. Osvaldo\u201d; un \u201cferal\u201d del 1783, sormontato da calice con ostia; quadretto dedicato al Santissimo Sacramento; il territorio abitato della \u201cRegola Granda\u201d; panoramica sulle attuali frazioni L\u2019Agnol, Al Sech, L\u2019Andria; ancora L\u2019Andria con alle spalle la catena del Cernera e sulla destra la chiesa di s. Osvaldo; la fontana di L\u2019Andria nella zona dove un tempo sorgeva il vecchio capitello che gli abitanti di Somaselva ottennero di spostare; il secolare capitello della \u201cRegola Piciola\u201d nella frazione Bernart: quello di Somaselva doveva essere molto simile; s. Osvaldo dopo i restauri del 1985-87; la chiesa di s. Osvaldo e a fianco la casa Nicolai rimasta praticamente, dentro e fuori, come era nel 1700; interno della chiesa dopo i lavori di restauro; la statuetta (30 centimetri) di s. Giovanni Battista passata nella nuova chiesa dal vecchio capitello dedicato anche a s. Osvaldo.<\/p>\n<p>&nbsp;<\/p>\n<p>&nbsp;<\/p>\n<hr \/>\n<p>&nbsp;<\/p>\n<blockquote>\n<h3><a href=\"https:\/\/www.radiopiu.net\/wordpress\/giornale-radiopiu-17-febbraio-2021-direttore-mirko-mezzacasa\/149288210_864291084356461_5213230709275692954_o\/\" rel=\"attachment wp-att-191849\"><img loading=\"lazy\" decoding=\"async\" class=\"wp-image-191849 alignleft\" src=\"https:\/\/www.radiopiu.net\/wordpress\/wp-content\/uploads\/2021\/02\/149288210_864291084356461_5213230709275692954_o-300x256.jpg\" alt=\"\" width=\"131\" height=\"112\" srcset=\"https:\/\/www.radiopiu.net\/wordpress\/wp-content\/uploads\/2021\/02\/149288210_864291084356461_5213230709275692954_o-300x256.jpg 300w, https:\/\/www.radiopiu.net\/wordpress\/wp-content\/uploads\/2021\/02\/149288210_864291084356461_5213230709275692954_o.jpg 600w\" sizes=\"auto, (max-width: 131px) 100vw, 131px\" \/><\/a>L&#8217;INIZIATIVA SOLIDALE DELLA CORALE DI LIMANA<\/h3>\n<\/blockquote>\n<p><strong>AUDIO<\/strong><\/p>\n<audio class=\"wp-audio-shortcode\" id=\"audio-192756-9\" preload=\"none\" style=\"width: 100%;\" controls=\"controls\"><source type=\"audio\/mpeg\" src=\"https:\/\/www.radiopiu.net\/wordpress\/wp-content\/uploads\/2021\/02\/cori-silvia2.mp3?_=9\" \/><a href=\"https:\/\/www.radiopiu.net\/wordpress\/wp-content\/uploads\/2021\/02\/cori-silvia2.mp3\">https:\/\/www.radiopiu.net\/wordpress\/wp-content\/uploads\/2021\/02\/cori-silvia2.mp3<\/a><\/audio>\n<p>&nbsp;<\/p>\n<hr \/>\n<p>&nbsp;<\/p>\n<blockquote>\n<h3>TRAINING DI BIODINAMICA CRANIOSACRALE<\/h3>\n<\/blockquote>\n<p><em>Un profondo lavoro sul corpo e attraverso il corpo che si trasforma in un<\/em><em>viaggio alla scoperta di se stessi e delle proprie potenzialit\u00e0.\u00a0<\/em><\/p>\n<p><strong><a href=\"https:\/\/www.radiopiu.net\/wordpress\/covid-zaia-su-dati-europei-ecdc-non-realistici-perche-quelli-italiani-non-sono-uniformi-e-persino-ovvio-che-chi-fa-piu-tamponi-trova-piu-casi-ma-non-se\/pp-47\/\" rel=\"attachment wp-att-186942\"><img loading=\"lazy\" decoding=\"async\" class=\"wp-image-186942 alignleft\" src=\"https:\/\/www.radiopiu.net\/wordpress\/wp-content\/uploads\/2021\/01\/pp-2-300x300.jpg\" alt=\"\" width=\"174\" height=\"174\" srcset=\"https:\/\/www.radiopiu.net\/wordpress\/wp-content\/uploads\/2021\/01\/pp-2-300x300.jpg 300w, https:\/\/www.radiopiu.net\/wordpress\/wp-content\/uploads\/2021\/01\/pp-2-150x150.jpg 150w, https:\/\/www.radiopiu.net\/wordpress\/wp-content\/uploads\/2021\/01\/pp-2.jpg 640w\" sizes=\"auto, (max-width: 174px) 100vw, 174px\" \/><\/a>BELLUNO<\/strong> L&#8217;associazione culturale MU APS arriva a Belluno per presentare una tecnica manuale delicata e profonda che sostiene e stimola la capacit\u00e0 di autoguarigione nel corpo. Fa parte delle Discipline del Benessere e Bionaturali, e pu\u00f2 essere intrapreso sia come percorso professionale, sia come percorso di crescita personale. <strong>Per info, sessioni di prova e prenotazioni:Brunella Moro <span style=\"color: #0000ff;\">info@esteticaglamour.it<\/span> 347\/7742512 ISCRIZIONI ENTRO IL 15 MARZO SCONTO 10%\u00a0<\/strong><\/p>\n<p><span style=\"color: #ff0000;\">AUDIO BRUNELLA MORO<\/span><\/p>\n<audio class=\"wp-audio-shortcode\" id=\"audio-192756-10\" preload=\"none\" style=\"width: 100%;\" controls=\"controls\"><source type=\"audio\/mpeg\" src=\"https:\/\/www.radiopiu.net\/wordpress\/wp-content\/uploads\/2021\/01\/brunella.mp3?_=10\" \/><a href=\"https:\/\/www.radiopiu.net\/wordpress\/wp-content\/uploads\/2021\/01\/brunella.mp3\">https:\/\/www.radiopiu.net\/wordpress\/wp-content\/uploads\/2021\/01\/brunella.mp3<\/a><\/audio>\n<p>&nbsp;<\/p>\n<hr \/>\n<p>&nbsp;<\/p>\n<blockquote class=\"wp-embedded-content\" data-secret=\"zWglt53nsU\"><p><a href=\"https:\/\/www.radiopiu.net\/wordpress\/coppa-attilio-bettega111123a\/\">MIKI BIASION APRE LA CAROVANA, DA LA VALLE PER MEZZO AGORDINO FINO AL PRIMIERO<\/a><\/p><\/blockquote>\n<p><iframe loading=\"lazy\" class=\"wp-embedded-content\" sandbox=\"allow-scripts\" security=\"restricted\" style=\"position: absolute; clip: rect(1px, 1px, 1px, 1px);\" title=\"&#8220;MIKI BIASION APRE LA CAROVANA, DA LA VALLE PER MEZZO AGORDINO FINO AL PRIMIERO&#8221; &#8212; Radio Pi\u00f9\" src=\"https:\/\/www.radiopiu.net\/wordpress\/coppa-attilio-bettega111123a\/embed\/#?secret=zWglt53nsU\" data-secret=\"zWglt53nsU\" width=\"600\" height=\"338\" frameborder=\"0\" marginwidth=\"0\" marginheight=\"0\" scrolling=\"no\"><\/iframe><\/p>\n<p>&nbsp;<\/p>\n<hr \/>\n<p>&nbsp;<\/p>\n<blockquote>\n<h2><span style=\"color: #ff0000;\">ALLA RADIO<\/span><\/h2>\n<h2><span style=\"color: #008000;\"><a href=\"https:\/\/www.radiopiu.net\/wordpress\/giornale-radiopiu-03-febbraio-2021-direttore-mirko-mezzacasa\/girl-1469748__340\/\" rel=\"attachment wp-att-188542\"><img loading=\"lazy\" decoding=\"async\" class=\"wp-image-188542 alignleft\" src=\"https:\/\/www.radiopiu.net\/wordpress\/wp-content\/uploads\/2021\/02\/girl-1469748__340-300x200.jpg\" alt=\"\" width=\"173\" height=\"115\" srcset=\"https:\/\/www.radiopiu.net\/wordpress\/wp-content\/uploads\/2021\/02\/girl-1469748__340-300x200.jpg 300w, https:\/\/www.radiopiu.net\/wordpress\/wp-content\/uploads\/2021\/02\/girl-1469748__340.jpg 510w\" sizes=\"auto, (max-width: 173px) 100vw, 173px\" \/><\/a><\/span><\/h2>\n<h2><\/h2>\n<h2><span style=\"color: #008000;\">ERBE E PIANTE CURATIVE&#8230;IL NUOVO PROGRAMMA DI PAOLA LANCIATO<\/span><\/h2>\n<p><strong>LA TERZA PUNTATA\u00a0\u00a0<\/strong><\/p>\n<audio class=\"wp-audio-shortcode\" id=\"audio-192756-11\" preload=\"none\" style=\"width: 100%;\" controls=\"controls\"><source type=\"audio\/mpeg\" src=\"https:\/\/www.radiopiu.net\/wordpress\/wp-content\/uploads\/2021\/02\/3-Il-pino-M.mp3?_=11\" \/><a href=\"https:\/\/www.radiopiu.net\/wordpress\/wp-content\/uploads\/2021\/02\/3-Il-pino-M.mp3\">https:\/\/www.radiopiu.net\/wordpress\/wp-content\/uploads\/2021\/02\/3-Il-pino-M.mp3<\/a><\/audio>\n<p><strong>LA RACCOLTA COMPLETA<\/strong><\/p>\n<blockquote class=\"wp-embedded-content\" data-secret=\"3Yh3n9ms1l\"><p><a href=\"https:\/\/www.radiopiu.net\/wordpress\/erbe-e-piante-curative\/\">ERBE E PIANTE CURATIVE<\/a><\/p><\/blockquote>\n<p><iframe loading=\"lazy\" class=\"wp-embedded-content\" sandbox=\"allow-scripts\" security=\"restricted\" style=\"position: absolute; clip: rect(1px, 1px, 1px, 1px);\" title=\"&#8220;ERBE E PIANTE CURATIVE&#8221; &#8212; Radio Pi\u00f9\" src=\"https:\/\/www.radiopiu.net\/wordpress\/erbe-e-piante-curative\/embed\/#?secret=3Yh3n9ms1l\" data-secret=\"3Yh3n9ms1l\" width=\"600\" height=\"338\" frameborder=\"0\" marginwidth=\"0\" marginheight=\"0\" scrolling=\"no\"><\/iframe><\/p>\n<p>&nbsp;<\/p>\n<p>&nbsp;<\/p><\/blockquote>\n<hr \/>\n<p>&nbsp;<\/p>\n<div>\n<h2><span style=\"color: #33cccc;\">I RACCONTI DI PAOLO SOPPELSA il lunedi alle 9.30 e 18.30<\/span><\/h2>\n<blockquote class=\"wp-embedded-content\" data-secret=\"SdDamfrH4P\"><p><a href=\"https:\/\/www.radiopiu.net\/wordpress\/i-racconti-di-paolo-soppelsa-sessantaduesima-puntata\/\">I RACCONTI DI PAOLO SOPPELSA SESSANTADUESIMA PUNTATA<\/a><\/p><\/blockquote>\n<p><iframe loading=\"lazy\" class=\"wp-embedded-content\" sandbox=\"allow-scripts\" security=\"restricted\" style=\"position: absolute; clip: rect(1px, 1px, 1px, 1px);\" title=\"&#8220;I RACCONTI DI PAOLO SOPPELSA SESSANTADUESIMA PUNTATA&#8221; &#8212; Radio Pi\u00f9\" src=\"https:\/\/www.radiopiu.net\/wordpress\/i-racconti-di-paolo-soppelsa-sessantaduesima-puntata\/embed\/#?secret=SdDamfrH4P\" data-secret=\"SdDamfrH4P\" width=\"600\" height=\"338\" frameborder=\"0\" marginwidth=\"0\" marginheight=\"0\" scrolling=\"no\"><\/iframe><\/p>\n<h3 class=\"kvgmc6g5 cxmmr5t8 oygrvhab hcukyx3x c1et5uql\"><span style=\"color: #0000ff;\">INFORMAZIONE il canale su TELEGRAM informazione di prima mano e in tempo reale. iscriviti ed aiutaci a farlo conoscere\u00a0<\/span><\/h3>\n<h2><span style=\"color: #33cccc;\"><strong>RACCOLTA COMPLETA<\/strong><\/span><\/h2>\n<blockquote class=\"wp-embedded-content\" data-secret=\"ekgYnwzOyp\"><p><a href=\"https:\/\/www.radiopiu.net\/wordpress\/i-racconti-di-paolo-soppelsa\/\">I racconti di Paolo Soppelsa<\/a><\/p><\/blockquote>\n<p><iframe loading=\"lazy\" class=\"wp-embedded-content\" sandbox=\"allow-scripts\" security=\"restricted\" style=\"position: absolute; clip: rect(1px, 1px, 1px, 1px);\" title=\"&#8220;I racconti di Paolo Soppelsa&#8221; &#8212; Radio Pi\u00f9\" src=\"https:\/\/www.radiopiu.net\/wordpress\/i-racconti-di-paolo-soppelsa\/embed\/#?secret=ekgYnwzOyp\" data-secret=\"ekgYnwzOyp\" width=\"600\" height=\"338\" frameborder=\"0\" marginwidth=\"0\" marginheight=\"0\" scrolling=\"no\"><\/iframe><\/p>\n<\/div>\n<p>&nbsp;<\/p>\n<hr \/>\n<p>&nbsp;<\/p>\n<h2><\/h2>\n<h2><span style=\"color: #ff0000;\"><a href=\"https:\/\/www.radiopiu.net\/wordpress\/giornale-radiopiu-05-gennaio-2021-direttore-mirko-mezzacasa\/133200401_100838761953611_1258544160541445132_o-2\/\" rel=\"attachment wp-att-183078\"><img loading=\"lazy\" decoding=\"async\" class=\" wp-image-183078 alignleft\" src=\"https:\/\/www.radiopiu.net\/wordpress\/wp-content\/uploads\/2021\/01\/133200401_100838761953611_1258544160541445132_o-1-300x157.jpg\" alt=\"\" width=\"192\" height=\"101\" srcset=\"https:\/\/www.radiopiu.net\/wordpress\/wp-content\/uploads\/2021\/01\/133200401_100838761953611_1258544160541445132_o-1-300x157.jpg 300w, https:\/\/www.radiopiu.net\/wordpress\/wp-content\/uploads\/2021\/01\/133200401_100838761953611_1258544160541445132_o-1.jpg 526w\" sizes=\"auto, (max-width: 192px) 100vw, 192px\" \/><\/a>GOCCE DI FILOSOFIA, CON CHIARA CAU, CON LISA DE LUCA. <\/span><\/h2>\n<h2><span style=\"color: #ff0000;\">TUTTI I GIORNI DAL LUNEDI AL VENERDI ALLE 6.55 E ALLE 18.55<\/span><\/h2>\n<h3>LA RACCOLTA COMPLETA<\/h3>\n<blockquote class=\"wp-embedded-content\" data-secret=\"6TIUiHdGKU\"><p><a href=\"https:\/\/www.radiopiu.net\/wordpress\/gocce-filosofia\/\">Gocce di filosofia<\/a><\/p><\/blockquote>\n<p><iframe loading=\"lazy\" class=\"wp-embedded-content\" sandbox=\"allow-scripts\" security=\"restricted\" style=\"position: absolute; clip: rect(1px, 1px, 1px, 1px);\" title=\"&#8220;Gocce di filosofia&#8221; &#8212; Radio Pi\u00f9\" src=\"https:\/\/www.radiopiu.net\/wordpress\/gocce-filosofia\/embed\/#?secret=6TIUiHdGKU\" data-secret=\"6TIUiHdGKU\" width=\"600\" height=\"338\" frameborder=\"0\" marginwidth=\"0\" marginheight=\"0\" scrolling=\"no\"><\/iframe><\/p>\n<p>&nbsp;<\/p>\n<hr \/>\n<p>&nbsp;<\/p>\n<div class=\"im_message_wrap clearfix\">\n<div class=\"im_content_message_wrap im_message_out\">\n<h2><span style=\"color: #ff0000;\">IERI ALLA RADIO\u00a0 IN VIVO VERSO 2020-21<\/span><\/h2>\n<p><strong><span style=\"color: #0000ff;\">IN ONDA DAL LUNEDI AL VENERDI ALLE 7.10, 10.10, 18.50\u00a0<\/span><\/strong><\/p>\n<p><strong>LA RACCOLTA<\/strong><\/p>\n<blockquote class=\"wp-embedded-content\" data-secret=\"d98E4tzuDU\"><p><a href=\"https:\/\/www.radiopiu.net\/wordpress\/in-vivo-verso\/\">In Vivo Verso<\/a><\/p><\/blockquote>\n<p><iframe loading=\"lazy\" class=\"wp-embedded-content\" sandbox=\"allow-scripts\" security=\"restricted\" style=\"position: absolute; clip: rect(1px, 1px, 1px, 1px);\" title=\"&#8220;In Vivo Verso&#8221; &#8212; Radio Pi\u00f9\" src=\"https:\/\/www.radiopiu.net\/wordpress\/in-vivo-verso\/embed\/#?secret=d98E4tzuDU\" data-secret=\"d98E4tzuDU\" width=\"600\" height=\"338\" frameborder=\"0\" marginwidth=\"0\" marginheight=\"0\" scrolling=\"no\"><\/iframe><\/p>\n<p>&nbsp;<\/p>\n<\/div>\n<\/div>\n<hr \/>\n<p>&nbsp;<\/p>\n<h2><span style=\"color: #808000;\">DUE MINUTI UN LIBRO\u00a0 TUTTI I GIORNI ALLA RADIO ALLE 9.30 E ALLE 18. QUINTA STAGIONE\u00a0 \u00a0<\/span><\/h2>\n<p>&nbsp;<\/p>\n<h3><span style=\"color: #808000;\">\u00a0<\/span>LA RACCOLTA COMPLETA<\/h3>\n<blockquote class=\"wp-embedded-content\" data-secret=\"XRBwaunhNs\"><p><a href=\"https:\/\/www.radiopiu.net\/wordpress\/due-minuti-un-libro\/\">Due minuti un libro<\/a><\/p><\/blockquote>\n<p><iframe loading=\"lazy\" class=\"wp-embedded-content\" sandbox=\"allow-scripts\" security=\"restricted\" style=\"position: absolute; clip: rect(1px, 1px, 1px, 1px);\" title=\"&#8220;Due minuti un libro&#8221; &#8212; Radio Pi\u00f9\" src=\"https:\/\/www.radiopiu.net\/wordpress\/due-minuti-un-libro\/embed\/#?secret=XRBwaunhNs\" data-secret=\"XRBwaunhNs\" width=\"600\" height=\"338\" frameborder=\"0\" marginwidth=\"0\" marginheight=\"0\" scrolling=\"no\"><\/iframe><\/p>\n<p>&nbsp;<\/p>\n<p>&nbsp;<\/p>\n<p>&nbsp;<\/p>\n<p>&nbsp;<\/p>\n<hr \/>\n<blockquote>\n<h2>SALUTE E SOCIETA&#8217; IL LUNEDI ALLE 13.10 E ALLE 20.10, LA DOMENICA ALLE 10.30 A CURA DEL DOTTOR MARCO CARACCIOLO. QUINTA STAGIONE<\/h2>\n<\/blockquote>\n<p><strong>LA PUNTATA DELLA SETTIMANA:<\/strong> L\u2019intergruppo parlamentare \u00abInsieme per un impegno contro il cancro\u00bb \u00e8 nato per superare ritardi nell\u2019assistenza e gravi disparit\u00e0 tra pazienti a livello regionale. Sono 15 punti alla base dell\u2019Accordo di legislatura tra politici e associazioni di pazienti che hanno dato vita al progetto \u00abLa salute: un bene da difendere, un diritto da promuovere\u00bb.<br \/>\nStefano Bellomo Avvocato Giuslavorista, Professore ordinario di Diritto del Lavoro Sapienza Universit\u00e0 di Roma Marina Puligheddu Dirigente Medico Legale I livello, Coordinamento Generale Medico Legale INPS Area Prestazioni a Sostegno del Reddito Annamaria Mancuso Coordinatrice del gruppo \u201cLa salute: un bene da difendere, un diritto da promuovere\u201d e Presidente Salute Donna Onlus<\/p>\n<audio class=\"wp-audio-shortcode\" id=\"audio-192756-12\" preload=\"none\" style=\"width: 100%;\" controls=\"controls\"><source type=\"audio\/mpeg\" src=\"https:\/\/www.radiopiu.net\/wordpress\/wp-content\/uploads\/2021\/02\/SALUTE-2.mp3?_=12\" \/><a href=\"https:\/\/www.radiopiu.net\/wordpress\/wp-content\/uploads\/2021\/02\/SALUTE-2.mp3\">https:\/\/www.radiopiu.net\/wordpress\/wp-content\/uploads\/2021\/02\/SALUTE-2.mp3<\/a><\/audio>\n<p>&nbsp;<\/p>\n<hr \/>\n<h2><\/h2>\n<h3 class=\"kvgmc6g5 cxmmr5t8 oygrvhab hcukyx3x c1et5uql\"><span style=\"color: #0000ff;\">INFORMAZIONE il canale su TELEGRAM informazione di prima mano e in tempo reale. iscriviti ed aiutaci a farlo conoscere\u00a0<\/span><\/h3>\n<h2>007 IN CONDOTTA CON LA PROF. MARIA ROSA SALMAZO IL LUNEDI ALLE 10,30 E ALLE 19.00 LA DOMENICA ALLE 8 DEL MATTINO. NONA STAGIONE<\/h2>\n<p><strong>LA PUNTATA DELLA SETTIMANA<\/strong><\/p>\n<p><span style=\"color: #800080;\"><strong>CARNEVALE<\/strong><\/span><\/p>\n<audio class=\"wp-audio-shortcode\" id=\"audio-192756-13\" preload=\"none\" style=\"width: 100%;\" controls=\"controls\"><source type=\"audio\/mpeg\" src=\"https:\/\/www.radiopiu.net\/wordpress\/wp-content\/uploads\/2021\/02\/007-15-febbraio.mp3?_=13\" \/><a href=\"https:\/\/www.radiopiu.net\/wordpress\/wp-content\/uploads\/2021\/02\/007-15-febbraio.mp3\">https:\/\/www.radiopiu.net\/wordpress\/wp-content\/uploads\/2021\/02\/007-15-febbraio.mp3<\/a><\/audio>\n<p>&nbsp;<\/p>\n<h2>LA RACCOLTA COMPLETA<\/h2>\n<blockquote class=\"wp-embedded-content\" data-secret=\"wqFLxtMv9x\"><p><a href=\"https:\/\/www.radiopiu.net\/wordpress\/007incondotta-9\/\">007 in condotta<\/a><\/p><\/blockquote>\n<p><iframe loading=\"lazy\" class=\"wp-embedded-content\" sandbox=\"allow-scripts\" security=\"restricted\" style=\"position: absolute; clip: rect(1px, 1px, 1px, 1px);\" title=\"&#8220;007 in condotta&#8221; &#8212; Radio Pi\u00f9\" src=\"https:\/\/www.radiopiu.net\/wordpress\/007incondotta-9\/embed\/#?secret=wqFLxtMv9x\" data-secret=\"wqFLxtMv9x\" width=\"600\" height=\"338\" frameborder=\"0\" marginwidth=\"0\" marginheight=\"0\" scrolling=\"no\"><\/iframe><\/p>\n<p>&nbsp;<\/p>\n<p>&nbsp;<\/p>\n<hr \/>\n<p>&nbsp;<\/p>\n<div dir=\"auto\">\n<div>\n<h2><span style=\"color: #800080;\"><strong>LA RASSEGNA STAMPA DA L&#8217;AMICO DEL POPOLO\u00a0<\/strong><\/span><\/h2>\n<h3 class=\"kvgmc6g5 cxmmr5t8 oygrvhab hcukyx3x c1et5uql\"><span style=\"color: #0000ff;\"> INFORMAZIONE il canale su TELEGRAM informazione di prima mano e in tempo reale. iscriviti ed aiutaci a farlo conoscere\u00a0<\/span><\/h3>\n<p><strong><a href=\"https:\/\/www.radiopiu.net\/wordpress\/la-rassegna-stampa-da-lamico-del-popolo-20-febbraio-2021\/68763f4c-5f1d-42ef-b925-0bb4ed3974c9\/\" rel=\"attachment wp-att-192616\"><img loading=\"lazy\" decoding=\"async\" class=\"size-medium wp-image-192616 alignleft\" src=\"https:\/\/www.radiopiu.net\/wordpress\/wp-content\/uploads\/2021\/02\/68763f4c-5f1d-42ef-b925-0bb4ed3974c9-300x300.jpg\" alt=\"\" width=\"300\" height=\"300\" srcset=\"https:\/\/www.radiopiu.net\/wordpress\/wp-content\/uploads\/2021\/02\/68763f4c-5f1d-42ef-b925-0bb4ed3974c9-300x300.jpg 300w, https:\/\/www.radiopiu.net\/wordpress\/wp-content\/uploads\/2021\/02\/68763f4c-5f1d-42ef-b925-0bb4ed3974c9-1024x1024.jpg 1024w, https:\/\/www.radiopiu.net\/wordpress\/wp-content\/uploads\/2021\/02\/68763f4c-5f1d-42ef-b925-0bb4ed3974c9-150x150.jpg 150w, https:\/\/www.radiopiu.net\/wordpress\/wp-content\/uploads\/2021\/02\/68763f4c-5f1d-42ef-b925-0bb4ed3974c9-768x768.jpg 768w, https:\/\/www.radiopiu.net\/wordpress\/wp-content\/uploads\/2021\/02\/68763f4c-5f1d-42ef-b925-0bb4ed3974c9-1536x1536.jpg 1536w, https:\/\/www.radiopiu.net\/wordpress\/wp-content\/uploads\/2021\/02\/68763f4c-5f1d-42ef-b925-0bb4ed3974c9.jpg 1600w\" sizes=\"auto, (max-width: 300px) 100vw, 300px\" \/><\/a>di Gianni Santomaso<\/strong><\/p>\n<p>OSPITI: Chiara Fontanive, Fiorangela Beltrame e Antonella Schena<\/p>\n<audio class=\"wp-audio-shortcode\" id=\"audio-192756-14\" preload=\"none\" style=\"width: 100%;\" controls=\"controls\"><source type=\"audio\/mpeg\" src=\"https:\/\/www.radiopiu.net\/wordpress\/wp-content\/uploads\/2021\/02\/RASSEGNA-GIANNI-2.mp3?_=14\" \/><a href=\"https:\/\/www.radiopiu.net\/wordpress\/wp-content\/uploads\/2021\/02\/RASSEGNA-GIANNI-2.mp3\">https:\/\/www.radiopiu.net\/wordpress\/wp-content\/uploads\/2021\/02\/RASSEGNA-GIANNI-2.mp3<\/a><\/audio>\n<p>&nbsp;<\/p>\n<p><strong>LA RACCOLTA COMPLETA<\/strong><\/p>\n<blockquote class=\"wp-embedded-content\" data-secret=\"HY5jmwg8s3\"><p><a href=\"https:\/\/www.radiopiu.net\/wordpress\/rassegna-stampa-di-gianni-santomaso\/\">Rassegna stampa da l&#8217;amico del popolo &#8211; di Gianni Santomaso<\/a><\/p><\/blockquote>\n<p><iframe loading=\"lazy\" class=\"wp-embedded-content\" sandbox=\"allow-scripts\" security=\"restricted\" style=\"position: absolute; clip: rect(1px, 1px, 1px, 1px);\" title=\"&#8220;Rassegna stampa da l&#8217;amico del popolo &#8211; di Gianni Santomaso&#8221; &#8212; Radio Pi\u00f9\" src=\"https:\/\/www.radiopiu.net\/wordpress\/rassegna-stampa-di-gianni-santomaso\/embed\/#?secret=HY5jmwg8s3\" data-secret=\"HY5jmwg8s3\" width=\"600\" height=\"338\" frameborder=\"0\" marginwidth=\"0\" marginheight=\"0\" scrolling=\"no\"><\/iframe><\/p>\n<p>&nbsp;<\/p>\n<p>&nbsp;<\/p>\n<\/div>\n<\/div>\n<p>&nbsp;<\/p>\n<hr \/>\n<p>&nbsp;<\/p>\n<blockquote>\n<h3><a href=\"https:\/\/www.radiopiu.net\/wordpress\/almanacco-ladino-puntata-5-2020\/sn\/\" rel=\"attachment wp-att-180931\"><img loading=\"lazy\" decoding=\"async\" class=\"wp-image-180931 alignleft\" src=\"https:\/\/www.radiopiu.net\/wordpress\/wp-content\/uploads\/2020\/12\/sn-300x194.jpg\" alt=\"\" width=\"181\" height=\"117\" srcset=\"https:\/\/www.radiopiu.net\/wordpress\/wp-content\/uploads\/2020\/12\/sn-300x194.jpg 300w, https:\/\/www.radiopiu.net\/wordpress\/wp-content\/uploads\/2020\/12\/sn.jpg 626w\" sizes=\"auto, (max-width: 181px) 100vw, 181px\" \/><\/a>L&#8217;ALMANACCO LADINO CON L&#8217;ISTITUT CESA DE JAN QUINDICINALE APPUNTAMENTO. LA DOMENICA ALLE 9 IL LUNEDI ALLE 8.35 IL MARTEDI ALLE 12.35 IL MERCOLEDI ALLE 18.35. SECONDA STAGIONE.<\/h3>\n<p><strong>LA PUNTATA DELLA SETTIMANA<\/strong><\/p><\/blockquote>\n<audio class=\"wp-audio-shortcode\" id=\"audio-192756-15\" preload=\"none\" style=\"width: 100%;\" controls=\"controls\"><source type=\"audio\/mpeg\" src=\"https:\/\/www.radiopiu.net\/wordpress\/wp-content\/uploads\/2021\/02\/52\u00b0Almanach-Ladin_col.mp3?_=15\" \/><a href=\"https:\/\/www.radiopiu.net\/wordpress\/wp-content\/uploads\/2021\/02\/52\u00b0Almanach-Ladin_col.mp3\">https:\/\/www.radiopiu.net\/wordpress\/wp-content\/uploads\/2021\/02\/52\u00b0Almanach-Ladin_col.mp3<\/a><\/audio>\n<p>&nbsp;<\/p>\n<p><strong>RACCOLTA COMPLETA\u00a0<\/strong><\/p>\n<blockquote class=\"wp-embedded-content\" data-secret=\"5c9rsuvDOK\"><p><a href=\"https:\/\/www.radiopiu.net\/wordpress\/almanacco-ladino\/\">Almanacco Ladino<\/a><\/p><\/blockquote>\n<p><iframe loading=\"lazy\" class=\"wp-embedded-content\" sandbox=\"allow-scripts\" security=\"restricted\" style=\"position: absolute; clip: rect(1px, 1px, 1px, 1px);\" title=\"&#8220;Almanacco Ladino&#8221; &#8212; Radio Pi\u00f9\" src=\"https:\/\/www.radiopiu.net\/wordpress\/almanacco-ladino\/embed\/#?secret=5c9rsuvDOK\" data-secret=\"5c9rsuvDOK\" width=\"600\" height=\"338\" frameborder=\"0\" marginwidth=\"0\" marginheight=\"0\" scrolling=\"no\"><\/iframe><\/p>\n<p>&nbsp;<\/p>\n<hr \/>\n<blockquote>\n<h2><\/h2>\n<h2>RITORNA AI MICROFONI DI RADIO PIU&#8217; FRANCESCO ZILLIO<br \/>\nterza puntata, stagione 2021 &#8211; auto elettriche.<\/h2>\n<\/blockquote>\n<p>&nbsp;<\/p>\n<p><iframe loading=\"lazy\" title=\"EPCENTER -EFFICIENZA ENERGETICA A SERVIZIO DELLE AUTO ELETTRICHE COMBINAZIONE POSITIVA DI TECNOLOGIA\" width=\"1200\" height=\"675\" src=\"https:\/\/www.youtube.com\/embed\/927qLatGDPc?start=246&#038;feature=oembed\" frameborder=\"0\" allow=\"accelerometer; autoplay; clipboard-write; encrypted-media; gyroscope; picture-in-picture\" allowfullscreen><\/iframe><\/p>\n<p>&nbsp;<\/p>\n<p><strong>LA VIDEO GALLERY\u00a0<\/strong><\/p>\n<blockquote class=\"wp-embedded-content\" data-secret=\"borgfTLg0z\"><p><a href=\"https:\/\/www.radiopiu.net\/wordpress\/ep-center-video-gallery\/\">EP CENTER video gallery<\/a><\/p><\/blockquote>\n<p><iframe loading=\"lazy\" class=\"wp-embedded-content\" sandbox=\"allow-scripts\" security=\"restricted\" style=\"position: absolute; clip: rect(1px, 1px, 1px, 1px);\" title=\"&#8220;EP CENTER video gallery&#8221; &#8212; Radio Pi\u00f9\" src=\"https:\/\/www.radiopiu.net\/wordpress\/ep-center-video-gallery\/embed\/#?secret=borgfTLg0z\" data-secret=\"borgfTLg0z\" width=\"600\" height=\"338\" frameborder=\"0\" marginwidth=\"0\" marginheight=\"0\" scrolling=\"no\"><\/iframe><\/p>\n<p>&nbsp;<\/p>\n<p>&nbsp;<\/p>\n<hr \/>\n<h3><\/h3>\n<blockquote>\n<h3>SEI A CASA, CON LUCIA SOCCOL. SPECIALE A PUNTATE<\/h3>\n<\/blockquote>\n<h2><span style=\"color: #ff0000;\">STAGIONE 2021 la nuova edizione TERZA STAGIONE<\/span><\/h2>\n<h3>QUARTA PUNTATA con Lucia Soccol, case e mercato immobiliare, notizie e curiosit\u00e0. 11 FEBBRAIO 2021<\/h3>\n<h3>RACCOLTA COMPLETA<\/h3>\n<audio class=\"wp-audio-shortcode\" id=\"audio-192756-16\" preload=\"none\" style=\"width: 100%;\" controls=\"controls\"><source type=\"audio\/mpeg\" src=\"https:\/\/www.radiopiu.net\/wordpress\/wp-content\/uploads\/2021\/02\/sei-a-casa-218-febbraio.mp3?_=16\" \/><a href=\"https:\/\/www.radiopiu.net\/wordpress\/wp-content\/uploads\/2021\/02\/sei-a-casa-218-febbraio.mp3\">https:\/\/www.radiopiu.net\/wordpress\/wp-content\/uploads\/2021\/02\/sei-a-casa-218-febbraio.mp3<\/a><\/audio>\n<p>&nbsp;<\/p>\n<blockquote class=\"wp-embedded-content\" data-secret=\"TwCdhqDkIA\"><p><a href=\"https:\/\/www.radiopiu.net\/wordpress\/ieri-alla-radio-sei-a-casa1\/\">SEI A CASA, CON LUCIA SOCCOL. SPECIALE A PUNTATE.<\/a><\/p><\/blockquote>\n<p><iframe loading=\"lazy\" class=\"wp-embedded-content\" sandbox=\"allow-scripts\" security=\"restricted\" style=\"position: absolute; clip: rect(1px, 1px, 1px, 1px);\" title=\"&#8220;SEI A CASA, CON LUCIA SOCCOL. SPECIALE A PUNTATE.&#8221; &#8212; Radio Pi\u00f9\" src=\"https:\/\/www.radiopiu.net\/wordpress\/ieri-alla-radio-sei-a-casa1\/embed\/#?secret=TwCdhqDkIA\" data-secret=\"TwCdhqDkIA\" width=\"600\" height=\"338\" frameborder=\"0\" marginwidth=\"0\" marginheight=\"0\" scrolling=\"no\"><\/iframe><\/p>\n<p>&nbsp;<\/p>\n<hr \/>\n<p>&nbsp;<\/p>\n<blockquote>\n<h2><\/h2>\n<h2>FANTASTICHE DOLOMITI, NUOVA STAGIONE. APPUNTAMENTO QUINDICINALE IL GIOVEDI ALLE 10.30 E 19.00<\/h2>\n<\/blockquote>\n<p><span style=\"color: #000000;\"><strong>LA NUOVA PUNTATA i corsi di formazione della Fondazione 11 FEBBRAIO 2021<\/strong><\/span><\/p>\n<h2><span style=\"color: #ff0000;\"><a href=\"https:\/\/www.radiopiu.net\/wordpress\/https-wp-me-p63lo7-gyg\/th-39\/\" rel=\"attachment wp-att-190450\"><img loading=\"lazy\" decoding=\"async\" class=\" wp-image-190450 alignleft\" src=\"https:\/\/www.radiopiu.net\/wordpress\/wp-content\/uploads\/2021\/01\/th-6.jpg\" alt=\"\" width=\"153\" height=\"102\" \/><\/a>LA OTTAVA PUNTATA, formazione personalizzata<\/span><\/h2>\n<p><strong>OSPITE IL PRESIDENTE CLAUDIO CANOVA<\/strong><\/p>\n<audio class=\"wp-audio-shortcode\" id=\"audio-192756-17\" preload=\"none\" style=\"width: 100%;\" controls=\"controls\"><source type=\"audio\/mpeg\" src=\"https:\/\/www.radiopiu.net\/wordpress\/wp-content\/uploads\/2021\/02\/fantastiche-dolomiti-11-febbraio.mp3?_=17\" \/><a href=\"https:\/\/www.radiopiu.net\/wordpress\/wp-content\/uploads\/2021\/02\/fantastiche-dolomiti-11-febbraio.mp3\">https:\/\/www.radiopiu.net\/wordpress\/wp-content\/uploads\/2021\/02\/fantastiche-dolomiti-11-febbraio.mp3<\/a><\/audio>\n<h3>LA RACCOLTA COMPLETA<\/h3>\n<p>https:\/\/www.radiopiu.net\/wordpress\/https-wp-me-p63lo7-gyg\/<\/p>\n<p>&nbsp;<\/p>\n<hr \/>\n<blockquote>\n<h2><\/h2>\n<h2>CASSA SOLIDARIET\u00c0 LUXOTTICA<\/h2>\n<\/blockquote>\n<h3><strong><span style=\"color: #ff0000;\">IL NUMERO DI FEBBRAIO CON PAOLO CHISSALE&#8217; E FABRIZIO CAMPEDEL\u00a0\u00a0<\/span><\/strong><\/h3>\n<audio class=\"wp-audio-shortcode\" id=\"audio-192756-18\" preload=\"none\" style=\"width: 100%;\" controls=\"controls\"><source type=\"audio\/mpeg\" src=\"https:\/\/www.radiopiu.net\/wordpress\/wp-content\/uploads\/2021\/02\/ca-sol-lux-febbraio.mp3?_=18\" \/><a href=\"https:\/\/www.radiopiu.net\/wordpress\/wp-content\/uploads\/2021\/02\/ca-sol-lux-febbraio.mp3\">https:\/\/www.radiopiu.net\/wordpress\/wp-content\/uploads\/2021\/02\/ca-sol-lux-febbraio.mp3<\/a><\/audio>\n<blockquote>\n<h2>RACCOLTA COMPLETA<\/h2>\n<\/blockquote>\n<blockquote class=\"wp-embedded-content\" data-secret=\"lF415Pbf5x\"><p><a href=\"https:\/\/www.radiopiu.net\/wordpress\/cassa-solidarieta-luxottica-puntata-del-16-ottobre-2020\/\">CASSA SOLIDARIET\u00c0 LUXOTTICA &#8211; PUNTATA DEL 20 NOVEMBRE 2020<\/a><\/p><\/blockquote>\n<p><iframe loading=\"lazy\" class=\"wp-embedded-content\" sandbox=\"allow-scripts\" security=\"restricted\" style=\"position: absolute; clip: rect(1px, 1px, 1px, 1px);\" title=\"&#8220;CASSA SOLIDARIET\u00c0 LUXOTTICA &#8211; PUNTATA DEL 20 NOVEMBRE 2020&#8221; &#8212; Radio Pi\u00f9\" src=\"https:\/\/www.radiopiu.net\/wordpress\/cassa-solidarieta-luxottica-puntata-del-16-ottobre-2020\/embed\/#?secret=lF415Pbf5x\" data-secret=\"lF415Pbf5x\" width=\"600\" height=\"338\" frameborder=\"0\" marginwidth=\"0\" marginheight=\"0\" scrolling=\"no\"><\/iframe><\/p>\n<div>\n<p>&nbsp;<\/p>\n<hr \/>\n<p>&nbsp;<\/p>\n<blockquote>\n<h3><a href=\"https:\/\/www.radiopiu.net\/wordpress\/giornale-radiopiu-06-febbraio-2019-direttore-mirko-mezzacasa\/logo_spi-cgil-800x445\/\" rel=\"attachment wp-att-75538\"><img loading=\"lazy\" decoding=\"async\" class=\"wp-image-75538 alignleft\" src=\"https:\/\/www.radiopiu.net\/wordpress\/wp-content\/uploads\/2019\/02\/Logo_Spi-CGIL-800x445-300x167.jpg\" alt=\"\" width=\"210\" height=\"117\" srcset=\"https:\/\/www.radiopiu.net\/wordpress\/wp-content\/uploads\/2019\/02\/Logo_Spi-CGIL-800x445-300x167.jpg 300w, https:\/\/www.radiopiu.net\/wordpress\/wp-content\/uploads\/2019\/02\/Logo_Spi-CGIL-800x445-768x427.jpg 768w, https:\/\/www.radiopiu.net\/wordpress\/wp-content\/uploads\/2019\/02\/Logo_Spi-CGIL-800x445.jpg 800w\" sizes=\"auto, (max-width: 210px) 100vw, 210px\" \/><\/a>ALLA RADIO, APPUNTAMENTO QUINDICINALE CON SPI-CGIL BELLUNO, IN STUDIO MARIA RITA GENTILIN<\/h3>\n<\/blockquote>\n<p><strong>di Claudio Fontanive<\/strong><\/p>\n<audio class=\"wp-audio-shortcode\" id=\"audio-192756-19\" preload=\"none\" style=\"width: 100%;\" controls=\"controls\"><source type=\"audio\/mpeg\" src=\"https:\/\/www.radiopiu.net\/wordpress\/wp-content\/uploads\/2021\/02\/spi-cgil-18-febbraio.mp3?_=19\" \/><a href=\"https:\/\/www.radiopiu.net\/wordpress\/wp-content\/uploads\/2021\/02\/spi-cgil-18-febbraio.mp3\">https:\/\/www.radiopiu.net\/wordpress\/wp-content\/uploads\/2021\/02\/spi-cgil-18-febbraio.mp3<\/a><\/audio>\n<p>&nbsp;<\/p>\n<p>&nbsp;<\/p>\n<hr \/>\n<p>&nbsp;<\/p>\n<blockquote>\n<h2><a href=\"https:\/\/www.radiopiu.net\/wordpress\/speciale-solidarieta-veneto\/solidarieta-veneto-3\/\" rel=\"attachment wp-att-134366\"><img loading=\"lazy\" decoding=\"async\" class=\"wp-image-134366 alignleft\" src=\"https:\/\/www.radiopiu.net\/wordpress\/wp-content\/uploads\/2020\/05\/solidariet\u00e0-veneto-300x210.jpg\" alt=\"\" width=\"102\" height=\"71\" srcset=\"https:\/\/www.radiopiu.net\/wordpress\/wp-content\/uploads\/2020\/05\/solidariet\u00e0-veneto-300x210.jpg 300w, https:\/\/www.radiopiu.net\/wordpress\/wp-content\/uploads\/2020\/05\/solidariet\u00e0-veneto-1024x717.jpg 1024w, https:\/\/www.radiopiu.net\/wordpress\/wp-content\/uploads\/2020\/05\/solidariet\u00e0-veneto-768x538.jpg 768w, https:\/\/www.radiopiu.net\/wordpress\/wp-content\/uploads\/2020\/05\/solidariet\u00e0-veneto.jpg 1373w\" sizes=\"auto, (max-width: 102px) 100vw, 102px\" \/><\/a>SOLIDARIETA&#8217; VENETO FONDO PENSIONE, IN ONDA IL PRIMO VENERDI DEL MESE ALLE 10.30 E ALLE 19.00 QUINTA STAGIONE<\/h2>\n<\/blockquote>\n<p><strong>AUDIO FEBBRAIO 2021<\/strong><\/p>\n<audio class=\"wp-audio-shortcode\" id=\"audio-192756-20\" preload=\"none\" style=\"width: 100%;\" controls=\"controls\"><source type=\"audio\/mpeg\" src=\"https:\/\/www.radiopiu.net\/wordpress\/wp-content\/uploads\/2021\/02\/solidarieta-veneto-febbraio.mp3?_=20\" \/><a href=\"https:\/\/www.radiopiu.net\/wordpress\/wp-content\/uploads\/2021\/02\/solidarieta-veneto-febbraio.mp3\">https:\/\/www.radiopiu.net\/wordpress\/wp-content\/uploads\/2021\/02\/solidarieta-veneto-febbraio.mp3<\/a><\/audio>\n<p>&nbsp;<\/p>\n<blockquote>\n<h2>RACCOLTA COMPLETA<\/h2>\n<\/blockquote>\n<blockquote class=\"wp-embedded-content\" data-secret=\"6CQ6zMruRZ\"><p><a href=\"https:\/\/www.radiopiu.net\/wordpress\/solidarieta-veneto\/\">Solidariet\u00e0 Veneto<\/a><\/p><\/blockquote>\n<p><iframe loading=\"lazy\" class=\"wp-embedded-content\" sandbox=\"allow-scripts\" security=\"restricted\" style=\"position: absolute; clip: rect(1px, 1px, 1px, 1px);\" title=\"&#8220;Solidariet\u00e0 Veneto&#8221; &#8212; Radio Pi\u00f9\" src=\"https:\/\/www.radiopiu.net\/wordpress\/solidarieta-veneto\/embed\/#?secret=6CQ6zMruRZ\" data-secret=\"6CQ6zMruRZ\" width=\"600\" height=\"338\" frameborder=\"0\" marginwidth=\"0\" marginheight=\"0\" scrolling=\"no\"><\/iframe><\/p>\n<p>&nbsp;<\/p>\n<p>&nbsp;<\/p>\n<\/div>\n<p>&nbsp;<\/p>\n<hr \/>\n<blockquote>\n<div>\n<h2><span style=\"color: #ff0000;\">ALLA RADIO<\/span><\/h2>\n<h2><strong>LE\u00a0 PUNTATE di Luisa Alchini di Leggermente Bellunesi, la domenica alle 11, <span style=\"color: #0000ff;\">IL MARTEDI IN PRIMA EDIZIONE\u00a0<\/span> alle 10.30 e alle 19.00<\/strong><\/h2>\n<h2><strong style=\"font-size: 14px;\"><span style=\"color: #000000;\">RACCOLTA COMPLETA<\/span><\/strong><\/h2>\n<\/div>\n<blockquote class=\"wp-embedded-content\" data-secret=\"7IktNHPwX3\"><p><a href=\"https:\/\/www.radiopiu.net\/wordpress\/leggermente-20\/\">LEGGERmente&#8230;Bellunesi<\/a><\/p><\/blockquote>\n<p><iframe loading=\"lazy\" class=\"wp-embedded-content\" sandbox=\"allow-scripts\" security=\"restricted\" style=\"position: absolute; clip: rect(1px, 1px, 1px, 1px);\" title=\"&#8220;LEGGERmente&#8230;Bellunesi&#8221; &#8212; Radio Pi\u00f9\" src=\"https:\/\/www.radiopiu.net\/wordpress\/leggermente-20\/embed\/#?secret=7IktNHPwX3\" data-secret=\"7IktNHPwX3\" width=\"600\" height=\"338\" frameborder=\"0\" marginwidth=\"0\" marginheight=\"0\" scrolling=\"no\"><\/iframe><\/p>\n<p>&nbsp;<\/p><\/blockquote>\n<p>&nbsp;<\/p>\n<div dir=\"auto\">\n<hr \/>\n<div>\n<h2><span style=\"color: #000080;\"><a class=\"dt-pswp-item\" href=\"https:\/\/www.radiopiu.net\/wordpress\/wp-content\/uploads\/2020\/10\/pp.jpg\" data-dt-img-description=\"\" data-large_image_width=\"640\" data-large_image_height=\"640\"><img loading=\"lazy\" decoding=\"async\" class=\"wp-image-163678 alignleft\" src=\"https:\/\/www.radiopiu.net\/wordpress\/wp-content\/uploads\/2020\/10\/pp-300x300.jpg\" alt=\"\" width=\"106\" height=\"106\" srcset=\"https:\/\/www.radiopiu.net\/wordpress\/wp-content\/uploads\/2020\/10\/pp-300x300.jpg 300w, https:\/\/www.radiopiu.net\/wordpress\/wp-content\/uploads\/2020\/10\/pp-150x150.jpg 150w, https:\/\/www.radiopiu.net\/wordpress\/wp-content\/uploads\/2020\/10\/pp-125x125.jpg 125w, https:\/\/www.radiopiu.net\/wordpress\/wp-content\/uploads\/2020\/10\/pp-200x200.jpg 200w, https:\/\/www.radiopiu.net\/wordpress\/wp-content\/uploads\/2020\/10\/pp-80x80.jpg 80w, https:\/\/www.radiopiu.net\/wordpress\/wp-content\/uploads\/2020\/10\/pp-480x480.jpg 480w, https:\/\/www.radiopiu.net\/wordpress\/wp-content\/uploads\/2020\/10\/pp.jpg 640w\" sizes=\"auto, (max-width: 106px) 100vw, 106px\" \/><\/a> <\/span><\/h2>\n<h2><span style=\"color: #000080;\">DON CESARE, IL PENSIERO DEL GIORNO. ALLA RADIO ALLE 7 DEL MATTINO E ALLE 19.30 DELLA SERA.\u00a0\u00a0<\/span><\/h2>\n<p>&nbsp;<\/p>\n<\/div>\n<p>&nbsp;<\/p>\n<p>&nbsp;<\/p>\n<audio class=\"wp-audio-shortcode\" id=\"audio-192756-21\" preload=\"none\" style=\"width: 100%;\" controls=\"controls\"><source type=\"audio\/mpeg\" src=\"https:\/\/www.radiopiu.net\/wordpress\/wp-content\/uploads\/2021\/02\/cesare-9.mp3?_=21\" \/><a href=\"https:\/\/www.radiopiu.net\/wordpress\/wp-content\/uploads\/2021\/02\/cesare-9.mp3\">https:\/\/www.radiopiu.net\/wordpress\/wp-content\/uploads\/2021\/02\/cesare-9.mp3<\/a><\/audio>\n<p>&nbsp;<\/p>\n<hr \/>\n<p>&nbsp;<\/p>\n<div>\n<p class=\"photoswipe-wrapper\"><a class=\"dt-pswp-item pspw-wrap-ready\" href=\"https:\/\/i0.wp.com\/www.radiopiu.net\/wordpress\/wp-content\/uploads\/2018\/09\/viabilita.jpeg?ssl=1\" data-dt-img-description=\"\" data-large_image_width=\"800\" data-large_image_height=\"100\"><img loading=\"lazy\" decoding=\"async\" class=\"aligncenter wp-image-61954 size-full\" src=\"https:\/\/i0.wp.com\/www.radiopiu.net\/wordpress\/wp-content\/uploads\/2018\/09\/viabilita.jpeg?resize=800%2C100&amp;ssl=1\" sizes=\"auto, (max-width: 800px) 100vw, 800px\" srcset=\"https:\/\/i0.wp.com\/www.radiopiu.net\/wordpress\/wp-content\/uploads\/2018\/09\/viabilita.jpeg?w=800&amp;ssl=1 800w, https:\/\/i0.wp.com\/www.radiopiu.net\/wordpress\/wp-content\/uploads\/2018\/09\/viabilita.jpeg?resize=300%2C38&amp;ssl=1 300w, https:\/\/i0.wp.com\/www.radiopiu.net\/wordpress\/wp-content\/uploads\/2018\/09\/viabilita.jpeg?resize=768%2C96&amp;ssl=1 768w\" alt=\"\" width=\"800\" height=\"100\" \/><\/a><\/p>\n<\/div>\n<p>&nbsp;<\/p>\n<p><strong>SR 347 DEL PASSO CEREDA E DURAN<\/strong> dal 22 al 26 febbraio senso unico alternato regolato da semaforo a Voltago per indagini geognostiche<\/p>\n<p><strong>SP 21 DI QUERO<\/strong> dal 22 febbraio al 5 marzo, esclusi sabato e domenica, interdizione totale al traffico tra Quero e Ponte Tegorzo per posa cavidotto per conto di E-Distribuzione<\/p>\n<p><strong>SP 10 DI ALANO\u00a0<\/strong>nei giorni 22 e 23 febbraio interdizione totale al traffico dalle 8 alle 18 in comune di Alano per taglio piante. Traffico deviato su viabilit\u00e0 alternativa<\/p>\n<p><strong>SP 422 DELL&#8217;ALPAGO E DEL CANSIGLIO<\/strong> fino al 23 febbraio interdizioni totali alla viabilit\u00e0 in localit\u00e0 Ponte Maina di Tambre dalle 9 alle 12:30, dalle 14:30 alle 15:40 e dalle 15:50 alle 17:45 per taglio e realizzazione drenaggi sul corpo frana<\/p>\n<p><strong>SP 251 DELLA VAL DI ZOLDO E CELLINA<\/strong> Istituzione di senso unico alternato regolato da semaforo nel comune di Val di Zoldo per messa in sicurezza della strada<\/p>\n<p><strong>SP 42 CAVALLERA<\/strong> fino a revoca, chiusura della strada nell&#8217;abitato di Perarolo per attivazione emergenza frana &#8220;Busa del Cristo&#8221;<\/p>\n<p><strong>S.P.2 DELLA VALLE DEL MIS\u00a0<\/strong>Interdizione totale al traffico fino a revoca dal km 14,920 (localit\u00e0 Gona Bassa) al km 20,650 (localit\u00e0 Titele) per cedimento della carreggiata<\/p>\n<p><strong>S.P. 5 DI LAMOSANO<\/strong>\u00a0Interdizione totale fino a revoca per presenza di materiale e alberi in strada.<\/p>\n<p><strong>SP 3 DELLA VAL IMPERINA<\/strong> fino a revoca, senso unico alternato regolato a vista in localit\u00e0 Gona di Conedera di Rivamonte per cedimento della carreggiata stradale<\/p>\n<p>&nbsp;<\/p>\n<p>&nbsp;<\/p>\n<hr \/>\n<p>&nbsp;<\/p>\n<div>\n<p class=\"photoswipe-wrapper\"><a class=\"dt-pswp-item pspw-wrap-ready\" href=\"https:\/\/i0.wp.com\/www.radiopiu.net\/wordpress\/wp-content\/uploads\/2018\/09\/WhatsApp-Image-2018-09-20-at-16.04.06.jpeg?ssl=1\" data-dt-img-description=\"\" data-large_image_width=\"800\" data-large_image_height=\"100\"><img loading=\"lazy\" decoding=\"async\" class=\"aligncenter wp-image-61378 size-full jetpack-lazy-image jetpack-lazy-image--handled\" src=\"https:\/\/i0.wp.com\/www.radiopiu.net\/wordpress\/wp-content\/uploads\/2018\/09\/WhatsApp-Image-2018-09-20-at-16.04.06.jpeg?resize=800%2C100&amp;ssl=1\" sizes=\"auto, (max-width: 800px) 100vw, 800px\" srcset=\"https:\/\/i0.wp.com\/www.radiopiu.net\/wordpress\/wp-content\/uploads\/2018\/09\/WhatsApp-Image-2018-09-20-at-16.04.06.jpeg?w=800&amp;ssl=1 800w, https:\/\/i0.wp.com\/www.radiopiu.net\/wordpress\/wp-content\/uploads\/2018\/09\/WhatsApp-Image-2018-09-20-at-16.04.06.jpeg?resize=300%2C38&amp;ssl=1 300w, https:\/\/i0.wp.com\/www.radiopiu.net\/wordpress\/wp-content\/uploads\/2018\/09\/WhatsApp-Image-2018-09-20-at-16.04.06.jpeg?resize=768%2C96&amp;ssl=1 768w\" alt=\"\" width=\"800\" height=\"100\" data-lazy-loaded=\"1\" \/><\/a><\/p>\n<p><b>\u00a0\u00a0<\/b><\/p>\n<p><center><b>Lunedi 22<\/b><\/center><b>Tempo atteso: <\/b>Tempo generalmente bello e molto mite di giorno, se si escludono possibili nubi basse al primo mattino nelle valli e localmente in serata, ma meno probabili e meno diffuse rispetto a domenica, soprattutto sulle Dolomiti.<br \/>\n<b>Precipitazioni: <\/b>Assenti (0%)<br \/>\n<b>Temperature: <\/b>In lieve aumento, pi\u00f9 apprezzabile sulle Prealpi, salvo rimanere stazionarie le minime a fondovalle e sugli altopiani prealpini. Su Prealpi a 1500 m min 2\u00b0C max 6\u00b0C, a 2000 m min 1\u00b0C max 4\u00b0C. Su Dolomiti a 2000 m min 0\u00b0C max 6\u00b0C, a 3000 m min -2\u00b0C max 0\u00b0C.<br \/>\n<b>Venti: <\/b>nelle valli deboli o moderati per brezze; in quota da sud-ovest, moderati o tesi al mattino, anche forti sulle cime pi\u00f9 alte, in graduale attenuazione nel pomeriggio\/sera, 25-35 km\/h a 2000 m, 30-50 km\/h a 3000 m.<\/p>\n<hr \/>\n<p><center><b>Martedi 23<\/b><\/center><b>Tempo atteso: <\/b>Giornata splendida ed insolitamente calda per il periodo, con cielo sereno e aria molto secca in quota. Non escluse del tutto nubi basse al primo mattino sulle zone pedemontane vicine alla pianura.<br \/>\n<b>Precipitazioni: <\/b>Assenti (0%)<br \/>\n<b>Temperature: <\/b>In ulteriore, sensibile aumento ovunque, con valori diurni 9-10\u00b0C superiori alla norma. Accentuazione dell&#8217;inversione termica notturna. Su Prealpi a 1500 m min 6\u00b0C max 10\u00b0C, a 2000 m min 5\u00b0C max 7\u00b0C. Su Dolomiti a 2000 m min 2\u00b0C max 6\u00b0C, a 3000 m min -1\u00b0C max 0\u00b0C.<br \/>\n<b>Venti: <\/b>Nelle valli deboli o moderati a regime di brezza; in quota da ovest sud-ovest, deboli o al pi\u00f9 moderati, 5-15 km\/h sia a 2000 che a 3000 m.<\/p>\n<hr \/>\n<p><center><b>Mercoledi 24<\/b><\/center>Condizioni uguali a quelle di marted\u00ec, caldo anomalo di giorno e in quota anche di notte, cielo sereno e aria molto secca sui monti. Temperature stazionarie, con inversione termica notturna. Venti in quota deboli occidentali, a tratti moderati.<\/p>\n<hr \/>\n<p><center><b>Giovedi 25<\/b><\/center>Persiste tempo stupendo e sempre molto caldo per il periodo. Temperature stazionarie, venti in quota da ovest sud ovest, generalmente deboli. Previsore: B.R.<\/p>\n<p><center><\/center><center>\u00a0<\/center><\/p>\n<hr \/>\n<p>&nbsp;<\/p>\n<\/div>\n<\/div>\n<p><a href=\"https:\/\/www.radiopiu.net\/wordpress\/giornale-radiopiu-15-settembre-2018-direttore-mirko-mezzacasa\/sport-7\/\" rel=\"attachment wp-att-60761\"><img loading=\"lazy\" decoding=\"async\" class=\"aligncenter wp-image-60761 size-full\" src=\"https:\/\/www.radiopiu.net\/wordpress\/wp-content\/uploads\/2018\/09\/sport.jpg\" alt=\"\" width=\"800\" height=\"100\" srcset=\"https:\/\/www.radiopiu.net\/wordpress\/wp-content\/uploads\/2018\/09\/sport.jpg 800w, https:\/\/www.radiopiu.net\/wordpress\/wp-content\/uploads\/2018\/09\/sport-300x38.jpg 300w, https:\/\/www.radiopiu.net\/wordpress\/wp-content\/uploads\/2018\/09\/sport-768x96.jpg 768w\" sizes=\"auto, (max-width: 800px) 100vw, 800px\" \/><\/a><\/p>\n<p>&nbsp;<\/p>\n<blockquote>\n<h3>L&#8217;ALLEGHE PERDE COL VARESE. ORA LA TESTA AI PLAYOFF<\/h3>\n<\/blockquote>\n<p class=\"p1\"><strong><a href=\"https:\/\/www.radiopiu.net\/wordpress\/alleghe-hockey-dalla-ihl-allunder-13-passando-per-il-femminile\/hockey-bbb\/\" rel=\"attachment wp-att-70532\"><img loading=\"lazy\" decoding=\"async\" class=\"size-medium wp-image-70532 alignleft\" src=\"https:\/\/www.radiopiu.net\/wordpress\/wp-content\/uploads\/2018\/12\/HOCKEY-BBB-300x188.jpg\" alt=\"\" width=\"300\" height=\"188\" srcset=\"https:\/\/www.radiopiu.net\/wordpress\/wp-content\/uploads\/2018\/12\/HOCKEY-BBB-300x188.jpg 300w, https:\/\/www.radiopiu.net\/wordpress\/wp-content\/uploads\/2018\/12\/HOCKEY-BBB-768x480.jpg 768w, https:\/\/www.radiopiu.net\/wordpress\/wp-content\/uploads\/2018\/12\/HOCKEY-BBB-1024x640.jpg 1024w, https:\/\/www.radiopiu.net\/wordpress\/wp-content\/uploads\/2018\/12\/HOCKEY-BBB.jpg 1920w\" sizes=\"auto, (max-width: 300px) 100vw, 300px\" \/><\/a>VARESE &#8211; ALLEGHE 5-3<\/strong><\/p>\n<p class=\"p1\">PARZIALI: 2-0, 1-2, 2-1<\/p>\n<p class=\"p1\">GOL: pt. 13\u201919\u201d Raimondi, 17\u201912\u201d Vola. st. 3\u201919\u201d Soppelsa, 4\u201947\u201d Kiviranta, 11\u201928\u201d Raimondi. tt. 6\u201905\u201d Cordin, 14\u201921\u201d Da Tos, 19\u201927\u201d Schina<\/p>\n<p class=\"p1\"><strong>COMO<\/strong> L\u2019Alleghe termina la stagione regolare con una sconfitta. Il Varese vince ma di misura. Buona prestazione delle civette che rischiano di pareggiare i conti nel finale dopo una partita combattuta. I ragazzi di Kiviranta tornano dalla trasferta a testa alta e con il oensiero che va ai playoff. Al momento il Merano sar\u00e0 la squadra che gli agordini dovranno affrontare nei quarti di finale. Il Varese parte bene impegnando in pi\u00f9 occasioni il portiere alleghese, questo anche grazie ad una superiorit\u00e0 numerica. Civette che provano a rispondere ma la difesa lombarda \u00e8 attenta. Padroni di casa che ingranano la marcia giusta ma Scola sventa ogni conclusione. Al primo powerplay il Varese passa in vantaggio con un tiro dalla distanza di Raimondi. La prima vera occasione degli agordini arriva da Matteo Dall\u2019Agnol che al momento del tiro viene atterrato da un giocatore avversario. Superiorit\u00e0 numerica che i biancorossi non sfruttano a dovere, rischiando addirittura di subire il secondo gol. Raddoppio del Varese che arriva poco dopo con un siluro dalla linea blu di Vola. Nel secondo tempo l\u2019Alleghe entra in campo pi\u00f9 deciso alla ricerca del gol che potrebbe riaprire la gara. Gol che arriva alla prima superiorit\u00e0 numerica con Soppelsa che si inventa una staffilata dalla blu imprendibile per il golie lombardo. Kiviranta pareggia i conti subito dopo con una bella azione corale. Dura poco il pareggio alleghese, il Varese si riporta in vantaggio con Raimondi che sigla la doppietta personale. Terzo drittel con le civette ancora agguerrite, De Toni sfiora in due occasioni il gol del pareggio. Alleghesi in difficolt\u00e0 poco dopo che subiscono le incursioni varesotte rischiando di subire il quarto gol. Poker del Varese che arriva in powerplay con un tiro di Cordin che termina sotto all\u2019incrocio, imprendibile per Scola. Calano i ritmi e il gioco ne risente. Match che viene spezzettato pi\u00f9 volte, il Varese attacca ma alla prima occasione gli agordini accorciano con Da Tos. Finale al cardiopalma con Matikainen che toglie il portiere alla ricerca di un pareggio che non arriva. Schina chiude il match a 33\u201d dal termine.<\/p>\n<p>&nbsp;<\/p>\n<p>&nbsp;<\/p>\n<hr \/>\n<p>&nbsp;<\/p>\n<blockquote>\n<h3>I MONDIALI DI CORTINA SI CHIUDONO CON L\u2019ORO DI SEBASTIAN FOSS-SOLEVAAG. AUSTRIA AL PRIMO POSTO NEL MEDAGLIERE<\/h3>\n<\/blockquote>\n<p><strong>CORTINA<\/strong> I Campionati Mondiali di Cortina d\u2019Ampezzo si sono chiusi con lo slalom maschile che ha regalato grandi emozioni e un podio davvero particolare: i primi tre atleti non erano mai andati a medaglia in una gara iridata di slalom. C\u2019\u00e8 tanta Norvegia sul podio dell\u2019ultima competizione di Cortina. Il titolo \u00e8 andato a Sebastian Foss-Solevaag, che dopo la prima manche era terzo. Con il miglior tempo nella frazione decisiva si \u00e8 messo davanti a tutti, in attesa della discesa dell\u2019italiano Alex Vinatzer e dell\u2019austriaco Adrian Pertl, che non sono riusciti a confermare le posizioni. Medaglia di bronzo per un altro norvegese: Henrik Kristoffersen, grande interprete dello slalom e del gigante, che centra la seconda medaglia della carriera. Sesto al termine della frazione iniziale, ha chiuso terzo con 46\/100 di ritardo dal connazionale Foss-Solevaag. La medaglia d\u2019argento \u00e8 andata ad Adrian Pertl che finora non era mai salito sul podio, neanche in Coppa del Mondo. L\u2019austriaco, leader a met\u00e0 frazione, ha tenuto i nervi saldi anche nella seconda, cedendo una posizione ma conquistando comunque l\u2019argento a 21\/100 dalla vetta. Fuori dai giochi Marco Schwarz e Manuel Feller, uno dei favoriti di giornata; grave errore invece per il francese Clement Noel. Quarto posto per l\u2019italiano Alex Vinatzer, secondo al termine della prima manche, che chiude a 1\u201d20 dal titolo mondiale; quinto lo svizzero Daniel Yule a 1\u201d20. A Cortina i titoli delle gare maschile sono stati vinti da Vincent Kriechmayr (discesa e superG), Mathieu Faivre (gigante e parallelo), Marco Schwarz (combinata alpina) e in ultimo da Sebastien Foss-Solevaag (slalom). L\u2019Austria \u00e8 la prima Nazione nel medagliere con otto medaglie complessive, 5 d\u2019oro, 1 d\u2019argento e 2 di bronzo. Secondo posto per la Svizzera con 9 medaglie (3 &#8211; 1 &#8211; 5) e terza la Francia con 5 medaglie (2 &#8211; 1 &#8211; 2). Cortina d\u2019Ampezzo ora passa il testimone a Courchevel-M\u00e9ribel, che organizzer\u00e0 i 47\u00b0 Campionati Mondiali di sci alpino nel febbraio del 2023.<\/p>\n\n\t\t\t<style type='text\/css'>\n\t\t\t\t#gallery-7 {\n\t\t\t\t\tmargin: auto;\n\t\t\t\t}\n\t\t\t\t#gallery-7 .gallery-item {\n\t\t\t\t\tfloat: left;\n\t\t\t\t\tmargin-top: 10px;\n\t\t\t\t\ttext-align: center;\n\t\t\t\t\twidth: 33%;\n\t\t\t\t}\n\t\t\t\t#gallery-7 img {\n\t\t\t\t\tborder: 2px solid #cfcfcf;\n\t\t\t\t}\n\t\t\t\t#gallery-7 .gallery-caption {\n\t\t\t\t\tmargin-left: 0;\n\t\t\t\t}\n\t\t\t\t\/* see gallery_shortcode() in wp-includes\/media.php *\/\n\t\t\t<\/style>\n\t\t<div id='gallery-7' class='dt-gallery-container gallery galleryid-192756 gallery-columns-3 gallery-size-medium'><dl class='gallery-item'>\n\t\t\t\t<dt class='gallery-icon landscape'>\n\t\t\t\t\t<a class=\"rollover rollover-zoom dt-pswp-item\" title=\"210221_Kristoffersen_\u00a9Pentaphoto_152643\" data-dt-img-description=\"\" data-large_image_width=\"2256\" data-large_image_height=\"1504\"href='https:\/\/www.radiopiu.net\/wordpress\/wp-content\/uploads\/2021\/02\/210221_Kristoffersen_\u00a9Pentaphoto_152643.jpg'><img loading=\"lazy\" decoding=\"async\" width=\"300\" height=\"200\" src=\"https:\/\/www.radiopiu.net\/wordpress\/wp-content\/uploads\/2021\/02\/210221_Kristoffersen_\u00a9Pentaphoto_152643-300x200.jpg\" class=\"attachment-medium size-medium\" alt=\"\" aria-describedby=\"gallery-7-192877\" srcset=\"https:\/\/www.radiopiu.net\/wordpress\/wp-content\/uploads\/2021\/02\/210221_Kristoffersen_\u00a9Pentaphoto_152643-300x200.jpg 300w, https:\/\/www.radiopiu.net\/wordpress\/wp-content\/uploads\/2021\/02\/210221_Kristoffersen_\u00a9Pentaphoto_152643-1024x683.jpg 1024w, https:\/\/www.radiopiu.net\/wordpress\/wp-content\/uploads\/2021\/02\/210221_Kristoffersen_\u00a9Pentaphoto_152643-768x512.jpg 768w, https:\/\/www.radiopiu.net\/wordpress\/wp-content\/uploads\/2021\/02\/210221_Kristoffersen_\u00a9Pentaphoto_152643-1536x1024.jpg 1536w, https:\/\/www.radiopiu.net\/wordpress\/wp-content\/uploads\/2021\/02\/210221_Kristoffersen_\u00a9Pentaphoto_152643-2048x1365.jpg 2048w\" sizes=\"auto, (max-width: 300px) 100vw, 300px\" \/><\/a>\n\t\t\t\t<\/dt>\n\t\t\t\t\t<dd class='wp-caption-text gallery-caption' id='gallery-7-192877'>\n\t\t\t\t\tCortina 2021 Alpine Ski World Championships. \n\nCortina d&#8217;Ampezzo 21\/02\/2021 Henrik Kristoffersen  (NOR),   Men&#8217;s Slalom\nPhoto: Pier Marco Tacca\/Pentaphoto\n\t\t\t\t\t<\/dd><\/dl><dl class='gallery-item'>\n\t\t\t\t<dt class='gallery-icon landscape'>\n\t\t\t\t\t<a class=\"rollover rollover-zoom dt-pswp-item\" title=\"210221_Pertl_\u00a9Pentaphoto_152589\" data-dt-img-description=\"\" data-large_image_width=\"2560\" data-large_image_height=\"1706\"href='https:\/\/www.radiopiu.net\/wordpress\/wp-content\/uploads\/2021\/02\/210221_Pertl_\u00a9Pentaphoto_152589-scaled.jpg'><img loading=\"lazy\" decoding=\"async\" width=\"300\" height=\"200\" src=\"https:\/\/www.radiopiu.net\/wordpress\/wp-content\/uploads\/2021\/02\/210221_Pertl_\u00a9Pentaphoto_152589-300x200.jpg\" class=\"attachment-medium size-medium\" alt=\"\" aria-describedby=\"gallery-7-192876\" srcset=\"https:\/\/www.radiopiu.net\/wordpress\/wp-content\/uploads\/2021\/02\/210221_Pertl_\u00a9Pentaphoto_152589-300x200.jpg 300w, https:\/\/www.radiopiu.net\/wordpress\/wp-content\/uploads\/2021\/02\/210221_Pertl_\u00a9Pentaphoto_152589-1024x683.jpg 1024w, https:\/\/www.radiopiu.net\/wordpress\/wp-content\/uploads\/2021\/02\/210221_Pertl_\u00a9Pentaphoto_152589-768x512.jpg 768w, https:\/\/www.radiopiu.net\/wordpress\/wp-content\/uploads\/2021\/02\/210221_Pertl_\u00a9Pentaphoto_152589-1536x1024.jpg 1536w, https:\/\/www.radiopiu.net\/wordpress\/wp-content\/uploads\/2021\/02\/210221_Pertl_\u00a9Pentaphoto_152589-2048x1365.jpg 2048w\" sizes=\"auto, (max-width: 300px) 100vw, 300px\" \/><\/a>\n\t\t\t\t<\/dt>\n\t\t\t\t\t<dd class='wp-caption-text gallery-caption' id='gallery-7-192876'>\n\t\t\t\t\tCortina 2021 Alpine Ski World Championships. Cortina d&#8217;Ampezzo 21\/02\/2021, Adrian Pertl (AUT),\nPhoto: Gabriele Facciotti, Pentaphoto\n\t\t\t\t\t<\/dd><\/dl><dl class='gallery-item'>\n\t\t\t\t<dt class='gallery-icon landscape'>\n\t\t\t\t\t<a class=\"rollover rollover-zoom dt-pswp-item\" title=\"210221_ FossSoleva\u030ag_\u00a9Pentaphoto_152596\" data-dt-img-description=\"\" data-large_image_width=\"2560\" data-large_image_height=\"1706\"href='https:\/\/www.radiopiu.net\/wordpress\/wp-content\/uploads\/2021\/02\/210221_-FossSoleva\u030ag_\u00a9Pentaphoto_152596-scaled.jpg'><img loading=\"lazy\" decoding=\"async\" width=\"300\" height=\"200\" src=\"https:\/\/www.radiopiu.net\/wordpress\/wp-content\/uploads\/2021\/02\/210221_-FossSoleva\u030ag_\u00a9Pentaphoto_152596-300x200.jpg\" class=\"attachment-medium size-medium\" alt=\"\" aria-describedby=\"gallery-7-192872\" srcset=\"https:\/\/www.radiopiu.net\/wordpress\/wp-content\/uploads\/2021\/02\/210221_-FossSoleva\u030ag_\u00a9Pentaphoto_152596-300x200.jpg 300w, https:\/\/www.radiopiu.net\/wordpress\/wp-content\/uploads\/2021\/02\/210221_-FossSoleva\u030ag_\u00a9Pentaphoto_152596-1024x683.jpg 1024w, https:\/\/www.radiopiu.net\/wordpress\/wp-content\/uploads\/2021\/02\/210221_-FossSoleva\u030ag_\u00a9Pentaphoto_152596-768x512.jpg 768w, https:\/\/www.radiopiu.net\/wordpress\/wp-content\/uploads\/2021\/02\/210221_-FossSoleva\u030ag_\u00a9Pentaphoto_152596-1536x1024.jpg 1536w, https:\/\/www.radiopiu.net\/wordpress\/wp-content\/uploads\/2021\/02\/210221_-FossSoleva\u030ag_\u00a9Pentaphoto_152596-2048x1365.jpg 2048w\" sizes=\"auto, (max-width: 300px) 100vw, 300px\" \/><\/a>\n\t\t\t\t<\/dt>\n\t\t\t\t\t<dd class='wp-caption-text gallery-caption' id='gallery-7-192872'>\n\t\t\t\t\tCortina 2021 Alpine Ski World Championships. \nSebastian Johan Foss Solev\u00e5g (NOR)\nCortina d&#8217;Ampezzo 21\/02\/2021\nPhoto: Pentaphoto Gio Auletta\n\t\t\t\t\t<\/dd><\/dl><br style=\"clear: both\" \/><dl class='gallery-item'>\n\t\t\t\t<dt class='gallery-icon landscape'>\n\t\t\t\t\t<a class=\"rollover rollover-zoom dt-pswp-item\" title=\"210221_ FossSoleva\u030ag_Pertl_Kristoffersen_\u00a9Pentaphoto_152685\" data-dt-img-description=\"\" data-large_image_width=\"2560\" data-large_image_height=\"1707\"href='https:\/\/www.radiopiu.net\/wordpress\/wp-content\/uploads\/2021\/02\/210221_-FossSoleva\u030ag_Pertl_Kristoffersen_\u00a9Pentaphoto_152685-scaled.jpg'><img loading=\"lazy\" decoding=\"async\" width=\"300\" height=\"200\" src=\"https:\/\/www.radiopiu.net\/wordpress\/wp-content\/uploads\/2021\/02\/210221_-FossSoleva\u030ag_Pertl_Kristoffersen_\u00a9Pentaphoto_152685-300x200.jpg\" class=\"attachment-medium size-medium\" alt=\"\" aria-describedby=\"gallery-7-192874\" srcset=\"https:\/\/www.radiopiu.net\/wordpress\/wp-content\/uploads\/2021\/02\/210221_-FossSoleva\u030ag_Pertl_Kristoffersen_\u00a9Pentaphoto_152685-300x200.jpg 300w, https:\/\/www.radiopiu.net\/wordpress\/wp-content\/uploads\/2021\/02\/210221_-FossSoleva\u030ag_Pertl_Kristoffersen_\u00a9Pentaphoto_152685-1024x683.jpg 1024w, https:\/\/www.radiopiu.net\/wordpress\/wp-content\/uploads\/2021\/02\/210221_-FossSoleva\u030ag_Pertl_Kristoffersen_\u00a9Pentaphoto_152685-768x512.jpg 768w, https:\/\/www.radiopiu.net\/wordpress\/wp-content\/uploads\/2021\/02\/210221_-FossSoleva\u030ag_Pertl_Kristoffersen_\u00a9Pentaphoto_152685-1536x1024.jpg 1536w, https:\/\/www.radiopiu.net\/wordpress\/wp-content\/uploads\/2021\/02\/210221_-FossSoleva\u030ag_Pertl_Kristoffersen_\u00a9Pentaphoto_152685-2048x1366.jpg 2048w\" sizes=\"auto, (max-width: 300px) 100vw, 300px\" \/><\/a>\n\t\t\t\t<\/dt>\n\t\t\t\t\t<dd class='wp-caption-text gallery-caption' id='gallery-7-192874'>\n\t\t\t\t\tCortina 2021 Alpine Ski World Championships. \nAdrian Pertl (AUT) Sebastian Johan Foss Solev\u00e5g (NOR) Henrik Kristoffersen (NOR)\nCortina d&#8217;Ampezzo 21\/02\/2021\nPhoto: Pentaphoto Gio Auletta\n\t\t\t\t\t<\/dd><\/dl>\n\t\t\t\t<br style='clear: both' \/>\n\t\t\t<\/div>\n\n<p>&nbsp;<\/p>\n<hr \/>\n<p>&nbsp;<\/p>\n<blockquote>\n<h3>DUE VITTORIE E UNA SCONFITTA NEL FINE SETTIMANA PER LE GIOVANILI DELL&#8217;ALLEGHE<\/h3>\n<\/blockquote>\n<p class=\"p1\"><b><a href=\"https:\/\/www.radiopiu.net\/wordpress\/lalleghe-rifila-7-gol-a-lora\/704b3b5e-c6e2-4913-81fa-d6d96dabdd98\/\" rel=\"attachment wp-att-75954\"><img loading=\"lazy\" decoding=\"async\" class=\"size-medium wp-image-75954 alignleft\" src=\"https:\/\/www.radiopiu.net\/wordpress\/wp-content\/uploads\/2019\/02\/704B3B5E-C6E2-4913-81FA-D6D96DABDD98-300x200.jpeg\" alt=\"\" width=\"300\" height=\"200\" srcset=\"https:\/\/www.radiopiu.net\/wordpress\/wp-content\/uploads\/2019\/02\/704B3B5E-C6E2-4913-81FA-D6D96DABDD98-300x200.jpeg 300w, https:\/\/www.radiopiu.net\/wordpress\/wp-content\/uploads\/2019\/02\/704B3B5E-C6E2-4913-81FA-D6D96DABDD98-768x512.jpeg 768w, https:\/\/www.radiopiu.net\/wordpress\/wp-content\/uploads\/2019\/02\/704B3B5E-C6E2-4913-81FA-D6D96DABDD98-1024x683.jpeg 1024w, https:\/\/www.radiopiu.net\/wordpress\/wp-content\/uploads\/2019\/02\/704B3B5E-C6E2-4913-81FA-D6D96DABDD98.jpeg 1200w\" sizes=\"auto, (max-width: 300px) 100vw, 300px\" \/><\/a>UNDER 13 <\/b><\/p>\n<p class=\"p1\"><b>ALTA BADIA\/ALLEGHE &#8211; VIPITENO 9-2<\/b><\/p>\n<p class=\"p1\">Match a senso unico allo stadio di Corvara dove l\u2019Alta Badia\/Alleghe rifila 9 gol al Vipiteno. Una sfida con una sola squadra in campo e ospiti che riescono a siglare 2 marcature. Dominio della squadra mista che si piazza la primo posto della classifica Alto Adige Est alla fine della stagione regolare.<\/p>\n<p class=\"p1\"><b>UNDER 15 <\/b><\/p>\n<p class=\"p1\"><b>CORTINA &#8211; ALLEGHE 7-1<\/b><\/p>\n<p class=\"p1\">Le civette under 15 crollano nel derby contro il Cortina. Partita che era iniziata con le squadre che sembravano giocarsi alla pari la sfida. Tutto cambia quando il Cortina sblocca la partita e inizia a prendere di mira la gabbia agordina. Alleghe ancora sconfitto e classifica che vede la formazione biancorossa piazzarsi all\u2019ultimo posto<\/p>\n<p class=\"p1\"><b>UNDER 17 <\/b><\/p>\n<p class=\"p1\"><b>TRENTO &#8211; ALLEGHE 1-2<\/b><\/p>\n<p class=\"p1\">Vittoria di misura per le civette under 17 che in terra trentina supera con un gol di scarto il Trento. Una partita combattuta decisa tutta nella prima frazione di gara. Alleghe che si porta in vantaggio con Costantini e Martini raddoppia subito dopo. I padroni di casa accorciano subito dopo ma non riescono a pareggiare i conti nei 40 minuti successivi consegnando i tre punti agli agordini. Alleghe che chiude la stagione regolare all\u2019ultimo posto della classifica Trentino\/Veneto<\/p>\n<p>&nbsp;<\/p>\n<p>&nbsp;<\/p>\n<hr \/>\n<p>&nbsp;<\/p>\n<blockquote>\n<h3>LIMANA, VAL BIOIS ED ARABBA PROTAGONISTI NEL LATTEBUSCHE<\/h3>\n<\/blockquote>\n<div class=\"entry-meta\"><a href=\"https:\/\/www.radiopiu.net\/wordpress\/limana-val-biois-ed-arabba-protagonisti-nel-lattebusche\/321cc057-6cfd-41ea-9491-3b43d047ea88\/\" rel=\"attachment wp-att-192832\"><img loading=\"lazy\" decoding=\"async\" class=\"size-medium wp-image-192832 alignleft\" src=\"https:\/\/www.radiopiu.net\/wordpress\/wp-content\/uploads\/2021\/02\/321cc057-6cfd-41ea-9491-3b43d047ea88-225x300.jpg\" alt=\"\" width=\"225\" height=\"300\" srcset=\"https:\/\/www.radiopiu.net\/wordpress\/wp-content\/uploads\/2021\/02\/321cc057-6cfd-41ea-9491-3b43d047ea88-225x300.jpg 225w, https:\/\/www.radiopiu.net\/wordpress\/wp-content\/uploads\/2021\/02\/321cc057-6cfd-41ea-9491-3b43d047ea88-768x1024.jpg 768w, https:\/\/www.radiopiu.net\/wordpress\/wp-content\/uploads\/2021\/02\/321cc057-6cfd-41ea-9491-3b43d047ea88-1152x1536.jpg 1152w, https:\/\/www.radiopiu.net\/wordpress\/wp-content\/uploads\/2021\/02\/321cc057-6cfd-41ea-9491-3b43d047ea88.jpg 1500w\" sizes=\"auto, (max-width: 225px) 100vw, 225px\" \/><\/a><\/div>\n<div class=\"entry-meta\"><\/div>\n<div class=\"entry-meta\"><\/div>\n<div class=\"entry-meta\">Sulla pista Campolongo dell\u2019omonimo passo lo Sci club Arabba ha proposto un gigante del Grand Prix Lattebusche per la circoscrizione Belluno Bassa. Nella classifica per societ\u00e0, i padroni di casa si sono classificati secondi, dietro lo Sci club Limana e davanti allo Sci club Val Biois. A livello individuale, Livia Fabbri (Trichiana) e Luca Davare (Arabba) hanno vinto tra i Baby, Martina Fedeli (Arabba) e Luca Lagan\u00e0 (Alleghe) tra i Cuccioli. Nella foto il podio Cucciole.\u00a0 (foto e sito fisiveneto.it)<\/div>\n<div><\/div>\n<div><\/div>\n<div class=\"entry-meta\">\n<div class=\"wp-block-file\"><a href=\"https:\/\/www.fisiveneto.com\/wp-content\/uploads\/2021\/02\/Classifiche-Ufficiali-_Lattebusche-Arabba-21.02.2021.pdf\">Classifiche-Ufficiali-_Lattebusche-Arabba-21.02.2021<\/a><a class=\"wp-block-file__button\" href=\"https:\/\/www.fisiveneto.com\/wp-content\/uploads\/2021\/02\/Classifiche-Ufficiali-_Lattebusche-Arabba-21.02.2021.pdf\" download=\"\">Download<\/a><\/div>\n<div class=\"wp-block-file\"><a href=\"https:\/\/www.fisiveneto.com\/wp-content\/uploads\/2021\/02\/Societa-lattebusche-arabba-21.02.2021.pdf\">Societa-lattebusche-arabba-21.02.2021<\/a><a class=\"wp-block-file__button\" href=\"https:\/\/www.fisiveneto.com\/wp-content\/uploads\/2021\/02\/Societa-lattebusche-arabba-21.02.2021.pdf\" download=\"\">Download<\/a><\/div>\n<div class=\"addtoany_share_save_container addtoany_content addtoany_content_bottom\">\n<div class=\"a2a_kit a2a_kit_size_16 addtoany_list\" data-a2a-url=\"https:\/\/www.fisiveneto.com\/2021\/02\/21\/lattebusche-belluno-bassa-limana-davanti-ai-padroni-di-casa-dellarabba\/\" data-a2a-title=\"Lattebusche Belluno Bassa, Limana davanti ai padroni di casa dell\u2019Arabba\"><a class=\"a2a_button_facebook\" title=\"Facebook\" href=\"https:\/\/www.fisiveneto.com\/#facebook\" target=\"_blank\" rel=\"nofollow noopener\"><span class=\"a2a_label\">Facebook<\/span><\/a><a class=\"a2a_button_twitter\" title=\"Twitter\" href=\"https:\/\/www.fisiveneto.com\/#twitter\" target=\"_blank\" rel=\"nofollow noopener\"><span class=\"a2a_label\">Twitter<\/span><\/a><a class=\"a2a_button_email\" title=\"Email\" href=\"https:\/\/www.fisiveneto.com\/#email\" target=\"_blank\" rel=\"nofollow noopener\"><span class=\"a2a_label\">Email<\/span><\/a><a class=\"a2a_button_whatsapp\" title=\"WhatsApp\" href=\"https:\/\/www.fisiveneto.com\/#whatsapp\" target=\"_blank\" rel=\"nofollow noopener\"><span class=\"a2a_label\">WhatsApp<\/span><\/a><a class=\"a2a_button_copy_link\" title=\"Copy Link\" href=\"https:\/\/www.fisiveneto.com\/#copy_link\" target=\"_blank\" rel=\"nofollow noopener\"><span class=\"a2a_label\">Copy Link<\/span><\/a><a class=\"a2a_dd addtoany_no_icon addtoany_share_save addtoany_share\" href=\"https:\/\/www.addtoany.com\/share#url=https%3A%2F%2Fwww.fisiveneto.com%2F2021%2F02%2F21%2Flattebusche-belluno-bassa-limana-davanti-ai-padroni-di-casa-dellarabba%2F&amp;title=Lattebusche%20Belluno%20Bassa%2C%20Limana%20davanti%20ai%20padroni%20di%20casa%20dell%E2%80%99Arabba\">Condividi<\/a><\/div>\n<div data-a2a-url=\"https:\/\/www.fisiveneto.com\/2021\/02\/21\/lattebusche-belluno-bassa-limana-davanti-ai-padroni-di-casa-dellarabba\/\" data-a2a-title=\"Lattebusche Belluno Bassa, Limana davanti ai padroni di casa dell\u2019Arabba\"><\/div>\n<\/div>\n<p><img decoding=\"async\" src=\"https:\/\/www.radiopiu.net\/wordpress\/wp-content\/uploads\/2021\/02\/arabba-podio-cucciole-21.02.2021-1536x1024-1.jpg\" \/><\/p>\n<p>&nbsp;<\/p>\n<\/div>\n","protected":false},"excerpt":{"rendered":"<p>PER RICEVERE QUESTO NOTIZIARIO DIRETTAMENTE SUL TUO CELLULARE ISCRIVITI AL CANALE TELEGRAM \u201cRADIO PIU\u00a0 INFORMAZIONE&#8221;\u00a0 SUPERATI I 3000 ISCRITTI, il CANALE TELEGRAM&#8230; UNISCITI A: RADIO PIU INFORMAZIONE &nbsp; &nbsp; ATTENZIONE: LA NUOVA APP PER IOS-IPHONE di Nicola Vettorello https:\/\/apps.apple.com\/it\/app\/radio-pi%C3%B9-emittente-agordina\/id1515939845 ATTENZIONE: LA NUOVA APP RADIO\u00a0 PER ANDROID di Nicola Vettorello https:\/\/play.google.com\/store\/apps\/details?id=net.radiopiu.iniko\u00a0\u00a0 &nbsp; &nbsp; TREVISO Ieri alle&hellip;<\/p>\n","protected":false},"author":4,"featured_media":192936,"comment_status":"closed","ping_status":"closed","sticky":false,"template":"","format":"standard","meta":{"_monsterinsights_skip_tracking":false,"_monsterinsights_sitenote_active":false,"_monsterinsights_sitenote_note":"","_monsterinsights_sitenote_category":0,"footnotes":""},"categories":[1,86,49],"tags":[],"class_list":["post-192756","post","type-post","status-publish","format-standard","has-post-thumbnail","hentry","category-senza-categoria","category-gr","category-news-18","category-1","category-86","category-49","description-off"],"img_url":"https:\/\/www.radiopiu.net\/wordpress\/wp-content\/uploads\/2021\/02\/WhatsApp-Image-2021-02-21-at-21.37.01_21213852.jpg","_links":{"self":[{"href":"https:\/\/www.radiopiu.net\/wordpress\/wp-json\/wp\/v2\/posts\/192756","targetHints":{"allow":["GET"]}}],"collection":[{"href":"https:\/\/www.radiopiu.net\/wordpress\/wp-json\/wp\/v2\/posts"}],"about":[{"href":"https:\/\/www.radiopiu.net\/wordpress\/wp-json\/wp\/v2\/types\/post"}],"author":[{"embeddable":true,"href":"https:\/\/www.radiopiu.net\/wordpress\/wp-json\/wp\/v2\/users\/4"}],"replies":[{"embeddable":true,"href":"https:\/\/www.radiopiu.net\/wordpress\/wp-json\/wp\/v2\/comments?post=192756"}],"version-history":[{"count":0,"href":"https:\/\/www.radiopiu.net\/wordpress\/wp-json\/wp\/v2\/posts\/192756\/revisions"}],"wp:featuredmedia":[{"embeddable":true,"href":"https:\/\/www.radiopiu.net\/wordpress\/wp-json\/wp\/v2\/media\/192936"}],"wp:attachment":[{"href":"https:\/\/www.radiopiu.net\/wordpress\/wp-json\/wp\/v2\/media?parent=192756"}],"wp:term":[{"taxonomy":"category","embeddable":true,"href":"https:\/\/www.radiopiu.net\/wordpress\/wp-json\/wp\/v2\/categories?post=192756"},{"taxonomy":"post_tag","embeddable":true,"href":"https:\/\/www.radiopiu.net\/wordpress\/wp-json\/wp\/v2\/tags?post=192756"}],"curies":[{"name":"wp","href":"https:\/\/api.w.org\/{rel}","templated":true}]}}