{"id":192786,"date":"2021-02-21T09:24:07","date_gmt":"2021-02-21T08:24:07","guid":{"rendered":"https:\/\/www.radiopiu.net\/wordpress\/?p=192786"},"modified":"2021-02-21T09:25:43","modified_gmt":"2021-02-21T08:25:43","slug":"denis-era-il-riferimento-dei-giovani-il-messaggio-dellunion-feltre","status":"publish","type":"post","link":"https:\/\/www.radiopiu.net\/wordpress\/denis-era-il-riferimento-dei-giovani-il-messaggio-dellunion-feltre\/","title":{"rendered":"&#8220;DENIS ERA IL RIFERIMENTO DEI GIOVANI&#8221;, IL MESSAGGIO DELL&#8217;UNION FELTRE"},"content":{"rendered":"<div dir=\"auto\"><strong>FELTRE<\/strong> La cerimonia di addio a Denis Bona, vittima del mortale incidente lungo la vecchia strada di Arson sar\u00e0 privata. Gli inquirenti hanno aperto un fascicolo e stanno ricostruendo l\u2019accaduto dopo aver sequestrato la bicicletta elettrica su cui viaggiava Denis, acquistata qualche giorno prima, e dopo aver documentato e verbalizzato (se ne occupano i Carabinieri) le condizioni in cui versa il tratto di strada, i parapetti del ponte soprattutto. La citt\u00e0 \u00e8 tramortita per la drammatica scomparsa del trentanovenne, tanti i messaggi di cordoglio alla famiglia. Denis \u00e8 ricordato anche per i suoi trascorsi sportivi e la grande <strong><img loading=\"lazy\" decoding=\"async\" class=\"alignleft\" src=\"https:\/\/www.radiopiu.net\/wordpress\/wp-content\/uploads\/2021\/02\/151825984_3779971238717662_1058475699157035758_o-300x300.jpg\" width=\"131\" height=\"131\" \/><\/strong>passione per il settore giovanile.<\/div>\n<div dir=\"auto\"><\/div>\n<div dir=\"auto\"><strong>IL MESSAGGIO DELL&#8217;UNION FELTRE<\/strong><\/div>\n<div dir=\"auto\">I soci, i dirigenti e tutti i tesserati dell\u2019Union Feltre esprimono profondo cordoglio per la tragica scomparsa di Denis Bona che attualmente era un allenatore\/istruttore nell\u2019attivit\u00e0 di base del settore giovanile. La sua bont\u00e0 e solarit\u00e0 era apprezzatissima da tutti ma in particolare dai bambini dei primi calci che avevano in Denis un vero e proprio riferimento per l\u2019apprendimento delle attivit\u00e0 di base del gioco. La Societ\u00e0 manifesta un sentimento di vicinanza alla famiglia.<\/div>\n<div dir=\"auto\"><\/div>\n<div dir=\"auto\"><strong>ORAZIO ZANIN, FIGC\u00a0<\/strong> Le sentite condoglianze della delegazione FIGC di Belluno. alla societ\u00e0 Union Feltre , alla famiglia ed in particolare al Pap\u00e0 Stefano gia dirigente dell Alpes Cesio e per tanti anni Presidente della Giovanile Pizzocco.<\/div>\n","protected":false},"excerpt":{"rendered":"<p>FELTRE La cerimonia di addio a Denis Bona, vittima del mortale incidente lungo la vecchia strada di Arson sar\u00e0 privata. Gli inquirenti hanno aperto un fascicolo e stanno ricostruendo l\u2019accaduto dopo aver sequestrato la bicicletta elettrica su cui viaggiava Denis, acquistata qualche giorno prima, e dopo aver documentato e verbalizzato (se ne occupano i Carabinieri)&hellip;<\/p>\n","protected":false},"author":4,"featured_media":192787,"comment_status":"closed","ping_status":"closed","sticky":false,"template":"","format":"standard","meta":{"_monsterinsights_skip_tracking":false,"_monsterinsights_sitenote_active":false,"_monsterinsights_sitenote_note":"","_monsterinsights_sitenote_category":0,"footnotes":""},"categories":[51,49],"tags":[],"class_list":["post-192786","post","type-post","status-publish","format-standard","has-post-thumbnail","hentry","category-evidenza-top","category-news-18","category-51","category-49","description-off"],"img_url":"https:\/\/www.radiopiu.net\/wordpress\/wp-content\/uploads\/2021\/02\/151825984_3779971238717662_1058475699157035758_o.jpg","_links":{"self":[{"href":"https:\/\/www.radiopiu.net\/wordpress\/wp-json\/wp\/v2\/posts\/192786","targetHints":{"allow":["GET"]}}],"collection":[{"href":"https:\/\/www.radiopiu.net\/wordpress\/wp-json\/wp\/v2\/posts"}],"about":[{"href":"https:\/\/www.radiopiu.net\/wordpress\/wp-json\/wp\/v2\/types\/post"}],"author":[{"embeddable":true,"href":"https:\/\/www.radiopiu.net\/wordpress\/wp-json\/wp\/v2\/users\/4"}],"replies":[{"embeddable":true,"href":"https:\/\/www.radiopiu.net\/wordpress\/wp-json\/wp\/v2\/comments?post=192786"}],"version-history":[{"count":0,"href":"https:\/\/www.radiopiu.net\/wordpress\/wp-json\/wp\/v2\/posts\/192786\/revisions"}],"wp:featuredmedia":[{"embeddable":true,"href":"https:\/\/www.radiopiu.net\/wordpress\/wp-json\/wp\/v2\/media\/192787"}],"wp:attachment":[{"href":"https:\/\/www.radiopiu.net\/wordpress\/wp-json\/wp\/v2\/media?parent=192786"}],"wp:term":[{"taxonomy":"category","embeddable":true,"href":"https:\/\/www.radiopiu.net\/wordpress\/wp-json\/wp\/v2\/categories?post=192786"},{"taxonomy":"post_tag","embeddable":true,"href":"https:\/\/www.radiopiu.net\/wordpress\/wp-json\/wp\/v2\/tags?post=192786"}],"curies":[{"name":"wp","href":"https:\/\/api.w.org\/{rel}","templated":true}]}}