{"id":192803,"date":"2021-02-21T23:59:27","date_gmt":"2021-02-21T22:59:27","guid":{"rendered":"https:\/\/www.radiopiu.net\/wordpress\/?p=192803"},"modified":"2021-02-22T06:03:34","modified_gmt":"2021-02-22T05:03:34","slug":"cento-anni-fa-nasceva-giovan-battista-pellegrini","status":"publish","type":"post","link":"https:\/\/www.radiopiu.net\/wordpress\/cento-anni-fa-nasceva-giovan-battista-pellegrini\/","title":{"rendered":"CENTO ANNI FA NASCEVA GIOVAN BATTISTA PELLEGRINI"},"content":{"rendered":"<p><strong><a href=\"https:\/\/www.radiopiu.net\/wordpress\/cento-anni-fa-nasceva-giovan-battista-pellegrini\/pellegrini-primo-piano\/\" rel=\"attachment wp-att-192804\"><img loading=\"lazy\" decoding=\"async\" class=\"size-medium wp-image-192804 alignleft\" src=\"https:\/\/www.radiopiu.net\/wordpress\/wp-content\/uploads\/2021\/02\/Pellegrini-primo-piano-300x265.png\" alt=\"\" width=\"300\" height=\"265\" srcset=\"https:\/\/www.radiopiu.net\/wordpress\/wp-content\/uploads\/2021\/02\/Pellegrini-primo-piano-300x265.png 300w, https:\/\/www.radiopiu.net\/wordpress\/wp-content\/uploads\/2021\/02\/Pellegrini-primo-piano-768x678.png 768w, https:\/\/www.radiopiu.net\/wordpress\/wp-content\/uploads\/2021\/02\/Pellegrini-primo-piano.png 818w\" sizes=\"auto, (max-width: 300px) 100vw, 300px\" \/><\/a>di Luisa Manfroi<\/strong><\/p>\n<p>Cento anni fa, il 23 febbraio 1921, nasceva il glottologo di origine agordina Giovan Battista Pellegrini. Un anniversario che\u00a0 non deve passare inosservato alla luce del\u00a0 notevole contributo che ha dato in\u00a0 ambito linguistico allo studio\u00a0 del venetico, a quello delle parlate dell\u2019Italia prelatina, le lingue romanze, il ladino, i dialetti veneti e friulani, l\u2019arabo, le lingue balcaniche e danubiane, la toponomastica. Una bibliografia di\u00a0 novecento titoli circa tra libri, ricerche, articoli\u00a0 frutto di una lunga e ininterrotta attivit\u00e0 che va dagli anni Quaranta fino a pochi anni prima della sua morte, avvenuta nel febbraio 2007. Una vita dedicata alla ricerca. \u00abNella mia carriera sono orgoglioso principalmente di due cose: di avere insegnato in California, all\u2019Universit\u00e0 di\u00a0 Los Angeles, uno dei pi\u00f9 grandi atenei americani e a Stanford tra le pi\u00f9 importanti universit\u00e0 libere degli Stati Uniti\u00bb. Cos\u00ec ebbe modo di affermare in un suo intervento a Gares durante l\u2019adunanza della sezione agordina del Cai nell&#8217;agosto 1984 in un prezioso filmato di Italo Schena e inserito in un documentario che ricostruisce la biografia e il profilo di studioso attraverso le testimonianze dei suoi allievi, alcuni dei quali docenti universitari. Pellegrini\u00a0 ha lasciato un fondamentale tesoro di conoscenze e un&#8217;eredit\u00e0 non soltanto per gli studiosi italiani ma per quelli in generale di tutto il mondo. Un impegno che gli \u00e8 valso l\u2019attribuzione di riconoscimenti e convegni. Membro di varie accademie, tra le quali l\u2019Accademia delle Scienze d\u2019Ungheria, dottore honoris causa all\u2019Universit\u00e0 E\u00f6tv\u00f6s Lor\u00e1nd\u00a0 di Budapest, rappresentante dell&#8217;Italia al Centre international des sciences onomastiques di Lovanio, fu insignito di diversi premi tra cui il Premio Nazionale del Presidente della Repubblica per le Scienze morali, storiche e filologiche, nel 1990. Non a caso il comune di Belluno, nella primavera del 2017 e a dieci anni dalla sua scomparsa, gli ha dedicato\u00a0 la piazzetta su cui si affaccia Palazzo Bembo con una cerimonia seguita da un convegno a Palazzo Fulcis. Il legame di Pellegrini con la citt\u00e0 era forte dal momento che trascorreva le vacanze invernali e l\u2019estate\u00a0 e gli era valso l\u2019attribuzione del Premio San Martino nel 1990.\u00a0 Costante la collaborazione di Pellegrini con la Fondazione Giovanni Angelini &#8211; Centro Studi sulla Montagna con la quale aveva \u00a0sviluppato il progetto sugli \u201cOronimi Bellunesi\u201d, l\u2019origine dei nomi delle montagne.\u00a0 Del resto l\u2019amicizia con Giovanni Angelini \u00e8 stata sempre solida e non poteva mancare la presenza di Pellegrini nella commissione scientifica della fondazione, come ha sottolineato la direttrice Ester Cason Angelini.\u00a0\u00a0 Di Pellegrini \u00e8 stato pure il contributo sulla questione dei confini della Marmolada. Ma c\u2019\u00e8 un altro legame ed \u00e8 quello che lo unisce all\u2019Agordino. Lui, infatti, era nato a Cencenighe in via Villagrande\u00a0 da Teresa De Biasio e Valerio Pellegrini, di professione farmacista, originario di Rocca Pietore. \u00c8 a Cencenighe, lungo l\u2019attuale via Roma e in prossimit\u00e0 della piazza che il padre Valerio Pellegrini costru\u00ec l\u2019edificio adibito ad abitazione e\u00a0 farmacia ed \u00e8 in paese che Giovan Battista trascorse\u00a0 l\u2019infanzia, come documentano alcune foto che lo vedono con in mano una \u201cbatola\u201d, una raganella o in sella ad una bicicletta. Conseguita la maturit\u00e0 nel 1940 al liceo classico \u201cTiziano\u201d di \u00a0Belluno, si iscrisse all&#8217;Universit\u00e0 di Padova alla Facolt\u00e0 di Lettere dove intraprese il suo percorso\u00a0 con il glottologo e linguista Carlo Tagliavini, un iter reso pi\u00f9 complicato\u00a0 dalla guerra. Nel 1946-47, per dieci anni, fu chiamato all\u2019Universit\u00e0 di Pisa dal suo omonimo professor Silvio Pellegrini, come assistente di filologia romanza. Libero docente di glottologia nel 1951, insegn\u00f2 anche lingua serbo-croata e storia comparata delle lingue classiche vincendo nel 1956 il concorso di storia della lingua italiana che lo port\u00f2 all&#8217;Universit\u00e0 di Palermo dove fu incaricato di glottologia e filologia germanica. Successivamente fu all\u2019Universit\u00e0 di Trieste per insegnare storia della lingua italiana e filologia romanza. Nel 1964, infine, pass\u00f2 definitivamente a Padova a fianco del maestro Carlo Tagliavini, per la docenza di glottologia e dove tenne corsi di linguistica ladina e di lingua e letteratura albanese. Tra le iniziative a ricordo di Pellegrini \u00e8 l\u2019intitolazione della piazza antistante il Nof Fil\u00f2,\u00a0 una proposta formulata ancora diversi anni fa e che forse, finalmente, potr\u00e0 trovare concreta attuazione quest\u2019anno.<\/p>\n","protected":false},"excerpt":{"rendered":"<p>di Luisa Manfroi Cento anni fa, il 23 febbraio 1921, nasceva il glottologo di origine agordina Giovan Battista Pellegrini. Un anniversario che\u00a0 non deve passare inosservato alla luce del\u00a0 notevole contributo che ha dato in\u00a0 ambito linguistico allo studio\u00a0 del venetico, a quello delle parlate dell\u2019Italia prelatina, le lingue romanze, il ladino, i dialetti veneti&hellip;<\/p>\n","protected":false},"author":4,"featured_media":192804,"comment_status":"closed","ping_status":"closed","sticky":false,"template":"","format":"standard","meta":{"_monsterinsights_skip_tracking":false,"_monsterinsights_sitenote_active":false,"_monsterinsights_sitenote_note":"","_monsterinsights_sitenote_category":0,"footnotes":""},"categories":[104,49],"tags":[],"class_list":["post-192803","post","type-post","status-publish","format-standard","has-post-thumbnail","hentry","category-evidenza_3","category-news-18","category-104","category-49","description-off"],"img_url":"https:\/\/www.radiopiu.net\/wordpress\/wp-content\/uploads\/2021\/02\/Pellegrini-primo-piano.png","_links":{"self":[{"href":"https:\/\/www.radiopiu.net\/wordpress\/wp-json\/wp\/v2\/posts\/192803","targetHints":{"allow":["GET"]}}],"collection":[{"href":"https:\/\/www.radiopiu.net\/wordpress\/wp-json\/wp\/v2\/posts"}],"about":[{"href":"https:\/\/www.radiopiu.net\/wordpress\/wp-json\/wp\/v2\/types\/post"}],"author":[{"embeddable":true,"href":"https:\/\/www.radiopiu.net\/wordpress\/wp-json\/wp\/v2\/users\/4"}],"replies":[{"embeddable":true,"href":"https:\/\/www.radiopiu.net\/wordpress\/wp-json\/wp\/v2\/comments?post=192803"}],"version-history":[{"count":0,"href":"https:\/\/www.radiopiu.net\/wordpress\/wp-json\/wp\/v2\/posts\/192803\/revisions"}],"wp:featuredmedia":[{"embeddable":true,"href":"https:\/\/www.radiopiu.net\/wordpress\/wp-json\/wp\/v2\/media\/192804"}],"wp:attachment":[{"href":"https:\/\/www.radiopiu.net\/wordpress\/wp-json\/wp\/v2\/media?parent=192803"}],"wp:term":[{"taxonomy":"category","embeddable":true,"href":"https:\/\/www.radiopiu.net\/wordpress\/wp-json\/wp\/v2\/categories?post=192803"},{"taxonomy":"post_tag","embeddable":true,"href":"https:\/\/www.radiopiu.net\/wordpress\/wp-json\/wp\/v2\/tags?post=192803"}],"curies":[{"name":"wp","href":"https:\/\/api.w.org\/{rel}","templated":true}]}}