{"id":192914,"date":"2021-02-23T05:30:32","date_gmt":"2021-02-23T04:30:32","guid":{"rendered":"https:\/\/www.radiopiu.net\/wordpress\/?p=192914"},"modified":"2021-02-23T05:54:12","modified_gmt":"2021-02-23T04:54:12","slug":"i-racconti-di-paolo-soppelsa-sessantatreesima-puntata","status":"publish","type":"post","link":"https:\/\/www.radiopiu.net\/wordpress\/i-racconti-di-paolo-soppelsa-sessantatreesima-puntata\/","title":{"rendered":"I RACCONTI DI PAOLO SOPPELSA SESSANTATREESIMA PUNTATA"},"content":{"rendered":"<p><strong>RICORDI DI FEBBRAIO <\/strong><\/p>\n<p><em><strong>AUDIO<\/strong><\/em><\/p>\n<audio class=\"wp-audio-shortcode\" id=\"audio-192914-1\" preload=\"none\" style=\"width: 100%;\" controls=\"controls\"><source type=\"audio\/mpeg\" src=\"https:\/\/www.radiopiu.net\/wordpress\/wp-content\/uploads\/2021\/02\/PAOLO-SOPPELSA-RICORDI-DI-FEBBRAIO.mp3?_=1\" \/><a href=\"https:\/\/www.radiopiu.net\/wordpress\/wp-content\/uploads\/2021\/02\/PAOLO-SOPPELSA-RICORDI-DI-FEBBRAIO.mp3\">https:\/\/www.radiopiu.net\/wordpress\/wp-content\/uploads\/2021\/02\/PAOLO-SOPPELSA-RICORDI-DI-FEBBRAIO.mp3<\/a><\/audio>\n<p>&nbsp;<\/p>\n<p><a href=\"https:\/\/www.radiopiu.net\/wordpress\/i-racconti-di-paolo-soppelsa-sessantatreesima-puntata\/155137b7-2de6-4d1c-92f0-5ef168ae043c\/\" rel=\"attachment wp-att-192916\"><img loading=\"lazy\" decoding=\"async\" class=\"size-medium wp-image-192916 alignleft\" src=\"https:\/\/www.radiopiu.net\/wordpress\/wp-content\/uploads\/2021\/02\/155137b7-2de6-4d1c-92f0-5ef168ae043c-300x225.jpg\" alt=\"\" width=\"300\" height=\"225\" srcset=\"https:\/\/www.radiopiu.net\/wordpress\/wp-content\/uploads\/2021\/02\/155137b7-2de6-4d1c-92f0-5ef168ae043c-300x225.jpg 300w, https:\/\/www.radiopiu.net\/wordpress\/wp-content\/uploads\/2021\/02\/155137b7-2de6-4d1c-92f0-5ef168ae043c-1024x768.jpg 1024w, https:\/\/www.radiopiu.net\/wordpress\/wp-content\/uploads\/2021\/02\/155137b7-2de6-4d1c-92f0-5ef168ae043c-768x576.jpg 768w, https:\/\/www.radiopiu.net\/wordpress\/wp-content\/uploads\/2021\/02\/155137b7-2de6-4d1c-92f0-5ef168ae043c-1536x1152.jpg 1536w, https:\/\/www.radiopiu.net\/wordpress\/wp-content\/uploads\/2021\/02\/155137b7-2de6-4d1c-92f0-5ef168ae043c.jpg 1600w\" sizes=\"auto, (max-width: 300px) 100vw, 300px\" \/><\/a>Sono seduto sul fornel ed ho in mano un cavallo azzurro di plastica. La legna di larice scoppietta nella cucina economica e fuori \u00e8 sceso il buio di una sera di fine febbraio. Abbiamo cenato presto, come sempre. Un piatto fumante &#8220;de menestra da orz&#8221; terminato quando la pendola ha battuto le sei e mezza. La nonna mette i piatti nella bacinella di plastica del lavandino e poi pesca acqua bollente dalla vasca &#8220;dela cosina&#8221; con la lattina verde dell&#8217;olio Sasso. Una spruzzata di detersivo e ritorna &#8220;inte stua&#8221;, poi con un cenno del capo mi fa segno di seguirla. Scendo dal fornel con in mano il mio cavallo di plastica e la vedo mettersi sulle spalle lo scialle di lana rosa. Usciamo, l&#8217;inverno ora \u00e8 un p\u00f2 pi\u00f9 gentile e regala pomeriggi tiepidi e sempre pi\u00f9 lunghi. I prati al sole ormai sono sgombri dalla neve e soltanto la notte il ghiaccio ritorna a scintillare alla luce della Luna. Una ventina di metri e poi scendiamo gli scalini che portano &#8220;inte ort&#8221;. Il sentiero \u00e8 ripido e ghiacciato ma la nonna scende sicura &#8220;in scarpete&#8221; e con la pila rossa in mano. Non mi dice nulla, non mi raccomanda di fare attenzione. Lei cammina leggera ed io seguo la debole luce &#8220;che me fa ciaro&#8221;. Ancora pochi passi e siamo sulla porta della casa di sotto. Un&#8217;ombra ci apre. \u00c8 vestita quasi come la nonna. Lo scialle grigio come le calze, il maglione nero e la &#8220;cotola&#8221; marrone. Il corridoio \u00e8 buio e stretto e c&#8217;\u00e8 profumo di minestra. La &#8220;stua&#8221; \u00e8 calda, il &#8220;fornel&#8221; \u00e8 uguale a quello dei nonni e il divano dove mi siedo \u00e8 coperto da un plaid a fiori. Sul pavimento accanto al sof\u00e0 c&#8217;\u00e8 una cesta con due gomitoli grigi ed un mezzo maglione con i ferri che trapassano l&#8217;elaborata trama. Il cavallo di plastica azzurra galoppa sul plaid correndo nella penombra della &#8220;stua&#8221; mentre le due donne sono sedute sulla &#8220;banca del fornel&#8221;. Voci di ombre magre raccontano storie &#8220;de prima de la guerra&#8221; che si intrecciano con nomi che rimandano a tempi lontani. Tento di ascoltare, di capire. Ma non riesco a dare un volto a questi nomi desueti. Mi sono famigliari invece, i nomi dei luoghi che sento pronunciare dai nonni e spesso anche da mamma e pap\u00e0. &#8220;Costoia, la Piaia, Fontanele&#8221;. In alcuni di questi posti ci sono stato, cos\u00ec cerco di immaginare i protagonisti di queste storie misteriose che ascolto nella calda semi-oscurit\u00e0 della stua. La pendola batte le sette e mezza ed il cavallo di plastica nel frattempo ha galoppato fino all&#8217;estremit\u00e0 del divano. Dove ha trovato la scatola di legno &#8220;dele gusele&#8221; uguale a quella della nonna. Ed ancora nomi e soprannomi e storie sottovoce mentre il sonno inizia a farsi vivo. Le due ombre si alzano e si salutano, la porta di corridoio e poi d&#8217;entrata si aprono. Ora fuori fa freddo ed il ghiaccio scintilla illuminato dalla Luna. Saliamo il breve e ripido sentiero senza accendere la pila. Sopra di noi la sagoma scura del tabi\u00e0, aldil\u00e0 della valle il Pelsa addormentato sotto una spessa coperta di neve. C&#8217;\u00e8 un gran silenzio e si sente soltanto lo scorrere sommesso dell&#8217;acqua della &#8220;brenta&#8221;. Entriamo in casa e subito la nonna apre &#8220;el banc da le legne&#8221; e prende un grosso &#8220;mocol de fagher&#8221;. Mentre mi infilo il pigiama ascolto il cigolare della p\u00f2rtella della Focus ed il russare del nonno che dorme aldil\u00e0 della parete. Mi arrampico sul &#8220;fornel&#8221; e mi infilo sotto il piumone beige. I passi leggeri della nonna e gli occhi che iniziano a chiudersi. In mano ho ancora il cavallo di plastica. Aldil\u00e0 dei vetri, una notte di stelle che brillano sopra il Pelsa\u2026Magiche Dolomiti!!<\/p>\n","protected":false},"excerpt":{"rendered":"<p>RICORDI DI FEBBRAIO AUDIO &nbsp; Sono seduto sul fornel ed ho in mano un cavallo azzurro di plastica. La legna di larice scoppietta nella cucina economica e fuori \u00e8 sceso il buio di una sera di fine febbraio. Abbiamo cenato presto, come sempre. Un piatto fumante &#8220;de menestra da orz&#8221; terminato quando la pendola ha&hellip;<\/p>\n","protected":false},"author":4,"featured_media":192916,"comment_status":"closed","ping_status":"closed","sticky":false,"template":"","format":"standard","meta":{"_monsterinsights_skip_tracking":false,"_monsterinsights_sitenote_active":false,"_monsterinsights_sitenote_note":"","_monsterinsights_sitenote_category":0,"footnotes":""},"categories":[104,49,112],"tags":[],"class_list":["post-192914","post","type-post","status-publish","format-standard","has-post-thumbnail","hentry","category-evidenza_3","category-news-18","category-racconti-soppelsa","category-104","category-49","category-112","description-off"],"img_url":"https:\/\/www.radiopiu.net\/wordpress\/wp-content\/uploads\/2021\/02\/155137b7-2de6-4d1c-92f0-5ef168ae043c.jpg","_links":{"self":[{"href":"https:\/\/www.radiopiu.net\/wordpress\/wp-json\/wp\/v2\/posts\/192914","targetHints":{"allow":["GET"]}}],"collection":[{"href":"https:\/\/www.radiopiu.net\/wordpress\/wp-json\/wp\/v2\/posts"}],"about":[{"href":"https:\/\/www.radiopiu.net\/wordpress\/wp-json\/wp\/v2\/types\/post"}],"author":[{"embeddable":true,"href":"https:\/\/www.radiopiu.net\/wordpress\/wp-json\/wp\/v2\/users\/4"}],"replies":[{"embeddable":true,"href":"https:\/\/www.radiopiu.net\/wordpress\/wp-json\/wp\/v2\/comments?post=192914"}],"version-history":[{"count":0,"href":"https:\/\/www.radiopiu.net\/wordpress\/wp-json\/wp\/v2\/posts\/192914\/revisions"}],"wp:featuredmedia":[{"embeddable":true,"href":"https:\/\/www.radiopiu.net\/wordpress\/wp-json\/wp\/v2\/media\/192916"}],"wp:attachment":[{"href":"https:\/\/www.radiopiu.net\/wordpress\/wp-json\/wp\/v2\/media?parent=192914"}],"wp:term":[{"taxonomy":"category","embeddable":true,"href":"https:\/\/www.radiopiu.net\/wordpress\/wp-json\/wp\/v2\/categories?post=192914"},{"taxonomy":"post_tag","embeddable":true,"href":"https:\/\/www.radiopiu.net\/wordpress\/wp-json\/wp\/v2\/tags?post=192914"}],"curies":[{"name":"wp","href":"https:\/\/api.w.org\/{rel}","templated":true}]}}