{"id":193034,"date":"2021-02-22T10:53:23","date_gmt":"2021-02-22T09:53:23","guid":{"rendered":"https:\/\/www.radiopiu.net\/wordpress\/?p=193034"},"modified":"2021-02-22T10:53:23","modified_gmt":"2021-02-22T09:53:23","slug":"prorogata-la-chiusura-a-tempo-della-provinciale-3-di-valle-imperina","status":"publish","type":"post","link":"https:\/\/www.radiopiu.net\/wordpress\/prorogata-la-chiusura-a-tempo-della-provinciale-3-di-valle-imperina\/","title":{"rendered":"PROROGATA LA CHIUSURA A TEMPO DELLA PROVINCIALE 3 DI VALLE IMPERINA"},"content":{"rendered":"<p><strong>GOSALDO<\/strong> La provinciale 3 di Valle Imperina in localit\u00e0 Forcella Franche e Vallasin sar\u00e0 oggetto di lavori almeno fino al 19 marzo. La precedente ordinanza \u00e8 stata infatti prorogata con la chiusura a fasce orarie: dalle 8\u00a0 alle 12.45; dalle 13.45 alle 15.50 e dalle 16.10 alle 17.45 escluso il sabato e la domenica. Negli orari non interessati dalla chiusura senso unico alternato con semaforo.<\/p>\n<p>&nbsp;<\/p>\n","protected":false},"excerpt":{"rendered":"<p>GOSALDO La provinciale 3 di Valle Imperina in localit\u00e0 Forcella Franche e Vallasin sar\u00e0 oggetto di lavori almeno fino al 19 marzo. La precedente ordinanza \u00e8 stata infatti prorogata con la chiusura a fasce orarie: dalle 8\u00a0 alle 12.45; dalle 13.45 alle 15.50 e dalle 16.10 alle 17.45 escluso il sabato e la domenica. Negli&hellip;<\/p>\n","protected":false},"author":4,"featured_media":193035,"comment_status":"closed","ping_status":"closed","sticky":false,"template":"","format":"standard","meta":{"_monsterinsights_skip_tracking":false,"_monsterinsights_sitenote_active":false,"_monsterinsights_sitenote_note":"","_monsterinsights_sitenote_category":0,"footnotes":""},"categories":[51,49],"tags":[],"class_list":["post-193034","post","type-post","status-publish","format-standard","has-post-thumbnail","hentry","category-evidenza-top","category-news-18","category-51","category-49","description-off"],"img_url":"https:\/\/www.radiopiu.net\/wordpress\/wp-content\/uploads\/2021\/02\/24a7fd9f-2564-4bec-8b45-c0ce8bd21f79.jpg","_links":{"self":[{"href":"https:\/\/www.radiopiu.net\/wordpress\/wp-json\/wp\/v2\/posts\/193034","targetHints":{"allow":["GET"]}}],"collection":[{"href":"https:\/\/www.radiopiu.net\/wordpress\/wp-json\/wp\/v2\/posts"}],"about":[{"href":"https:\/\/www.radiopiu.net\/wordpress\/wp-json\/wp\/v2\/types\/post"}],"author":[{"embeddable":true,"href":"https:\/\/www.radiopiu.net\/wordpress\/wp-json\/wp\/v2\/users\/4"}],"replies":[{"embeddable":true,"href":"https:\/\/www.radiopiu.net\/wordpress\/wp-json\/wp\/v2\/comments?post=193034"}],"version-history":[{"count":0,"href":"https:\/\/www.radiopiu.net\/wordpress\/wp-json\/wp\/v2\/posts\/193034\/revisions"}],"wp:featuredmedia":[{"embeddable":true,"href":"https:\/\/www.radiopiu.net\/wordpress\/wp-json\/wp\/v2\/media\/193035"}],"wp:attachment":[{"href":"https:\/\/www.radiopiu.net\/wordpress\/wp-json\/wp\/v2\/media?parent=193034"}],"wp:term":[{"taxonomy":"category","embeddable":true,"href":"https:\/\/www.radiopiu.net\/wordpress\/wp-json\/wp\/v2\/categories?post=193034"},{"taxonomy":"post_tag","embeddable":true,"href":"https:\/\/www.radiopiu.net\/wordpress\/wp-json\/wp\/v2\/tags?post=193034"}],"curies":[{"name":"wp","href":"https:\/\/api.w.org\/{rel}","templated":true}]}}