{"id":193091,"date":"2021-02-22T14:31:39","date_gmt":"2021-02-22T13:31:39","guid":{"rendered":"https:\/\/www.radiopiu.net\/wordpress\/?p=193091"},"modified":"2021-02-22T14:37:57","modified_gmt":"2021-02-22T13:37:57","slug":"pericolo-valanghe-nelle-aree-montane-del-veneto","status":"publish","type":"post","link":"https:\/\/www.radiopiu.net\/wordpress\/pericolo-valanghe-nelle-aree-montane-del-veneto\/","title":{"rendered":"PERICOLO VALANGHE NELLE AREE MONTANE DEL VENETO"},"content":{"rendered":"<p><strong><img loading=\"lazy\" decoding=\"async\" class=\"alignleft\" src=\"https:\/\/www.radiopiu.net\/wordpress\/wp-content\/uploads\/2021\/02\/b5065b9e-2616-49bf-b34c-f582f2ca9ebe.jpg\" width=\"155\" height=\"207\" \/>VENEZIA<\/strong> Il Centro Funzionale Decentrato della Regione del Veneto ha decretato la fase operativa di attenzione nelle aree montane del Veneto per rischio valanghe a partire dalle ore 12 di oggi 22 febbraio a causa dell\u2019innalzamento delle temperature. Le previsioni meteo indicano che, con il sensibile rialzo termico diurno, il manto nevoso subisce un indebolimento in particolar modo lungo i pendii ripidi meridionali sotto i 2400\/2600 m. Questa situazione di instabilit\u00e0 di stampo primaverile \u00e8 accentuata a partire dalle pi\u00f9 calde della giornata dove vengono favoriti i distacchi di valanghe di neve bagnata e da slittamento di fondo. Il grado di pericolo valanghe su MONT-1 e MONT-2 \u00e8 in generale Moderato (grado 2) al mattino ma \u00e8 in rapido aumento a Marcato (grado 3) con il riscaldamento del sole. Con questa situazione, l\u2019attivit\u00e0 valanghiva spontanea potr\u00e0 interessare temporaneamente singole aree antropizzate pi\u00f9 esposte e, in singoli casi, non si esclude che le valanghe possano raggiungere il fondovalle. Per i prossimi giorni ancora bel tempo e contesto termico mite anche in quota soprattutto durante le ore diurne. Il pericolo di valanghe non subir\u00e0 variazioni pertanto continuer\u00e0 a rimanere in generale Moderato (grado 2) al mattino e in rapido aumento a Marcato (grado 3) con il riscaldamento diurno. L\u2019attivit\u00e0 valanghiva spontanea potr\u00e0 sempre interessare temporaneamente singole aree antropizzate pi\u00f9 esposte e, in singoli casi, non si esclude che le valanghe possano raggiungere il fondovalle.<\/p>\n<p>&nbsp;<\/p>\n<a href=\"https:\/\/www.radiopiu.net\/wordpress\/wp-content\/uploads\/2021\/02\/289-2021-AV_20210222CFD-20-2.pdf\" class=\"pdfemb-viewer\" style=\"\" data-width=\"max\" data-height=\"max\" data-toolbar=\"top\" data-toolbar-fixed=\"on\">289-2021 AV_20210222CFD-20-2<\/a><a href=\"https:\/\/www.radiopiu.net\/wordpress\/wp-content\/uploads\/2021\/02\/289-2021-PC_210222_CFD_valanghe-3-1.pdf\" class=\"pdfemb-viewer\" style=\"\" data-width=\"max\" data-height=\"max\" data-toolbar=\"top\" data-toolbar-fixed=\"on\">289-2021 PC_210222_CFD_valanghe (3)-1<\/a>\n","protected":false},"excerpt":{"rendered":"<p>VENEZIA Il Centro Funzionale Decentrato della Regione del Veneto ha decretato la fase operativa di attenzione nelle aree montane del Veneto per rischio valanghe a partire dalle ore 12 di oggi 22 febbraio a causa dell\u2019innalzamento delle temperature. Le previsioni meteo indicano che, con il sensibile rialzo termico diurno, il manto nevoso subisce un indebolimento&hellip;<\/p>\n","protected":false},"author":4,"featured_media":192988,"comment_status":"closed","ping_status":"closed","sticky":false,"template":"","format":"standard","meta":{"_monsterinsights_skip_tracking":false,"_monsterinsights_sitenote_active":false,"_monsterinsights_sitenote_note":"","_monsterinsights_sitenote_category":0,"footnotes":""},"categories":[1,49],"tags":[],"class_list":["post-193091","post","type-post","status-publish","format-standard","has-post-thumbnail","hentry","category-senza-categoria","category-news-18","category-1","category-49","description-off"],"img_url":"https:\/\/www.radiopiu.net\/wordpress\/wp-content\/uploads\/2021\/02\/b5065b9e-2616-49bf-b34c-f582f2ca9ebe.jpg","_links":{"self":[{"href":"https:\/\/www.radiopiu.net\/wordpress\/wp-json\/wp\/v2\/posts\/193091","targetHints":{"allow":["GET"]}}],"collection":[{"href":"https:\/\/www.radiopiu.net\/wordpress\/wp-json\/wp\/v2\/posts"}],"about":[{"href":"https:\/\/www.radiopiu.net\/wordpress\/wp-json\/wp\/v2\/types\/post"}],"author":[{"embeddable":true,"href":"https:\/\/www.radiopiu.net\/wordpress\/wp-json\/wp\/v2\/users\/4"}],"replies":[{"embeddable":true,"href":"https:\/\/www.radiopiu.net\/wordpress\/wp-json\/wp\/v2\/comments?post=193091"}],"version-history":[{"count":0,"href":"https:\/\/www.radiopiu.net\/wordpress\/wp-json\/wp\/v2\/posts\/193091\/revisions"}],"wp:featuredmedia":[{"embeddable":true,"href":"https:\/\/www.radiopiu.net\/wordpress\/wp-json\/wp\/v2\/media\/192988"}],"wp:attachment":[{"href":"https:\/\/www.radiopiu.net\/wordpress\/wp-json\/wp\/v2\/media?parent=193091"}],"wp:term":[{"taxonomy":"category","embeddable":true,"href":"https:\/\/www.radiopiu.net\/wordpress\/wp-json\/wp\/v2\/categories?post=193091"},{"taxonomy":"post_tag","embeddable":true,"href":"https:\/\/www.radiopiu.net\/wordpress\/wp-json\/wp\/v2\/tags?post=193091"}],"curies":[{"name":"wp","href":"https:\/\/api.w.org\/{rel}","templated":true}]}}