{"id":193099,"date":"2021-02-22T23:59:38","date_gmt":"2021-02-22T22:59:38","guid":{"rendered":"https:\/\/www.radiopiu.net\/wordpress\/?p=193099"},"modified":"2021-02-23T05:55:06","modified_gmt":"2021-02-23T04:55:06","slug":"don-umberto-trame-ideatore-del-traforo-dei-monti-lapisini","status":"publish","type":"post","link":"https:\/\/www.radiopiu.net\/wordpress\/don-umberto-trame-ideatore-del-traforo-dei-monti-lapisini\/","title":{"rendered":"DON UMBERTO TRAME, IDEATORE DEL TRAFORO DEI MONTI LAPISINI di  RENATO BONA"},"content":{"rendered":"<p>Quelli che definiva \u201ci suoi padri\u201d erano di Chies ed ecco spiegato perch\u00e9 il maestro Mario De Nale, nel suo \u201cPersonaggi illustri dell\u2019Alpago e Ponte nelle Alpi\u201d, edito nell\u2019agosto del 1978 dal Centro sociale di educazione permanente di Tambre e dall\u2019Associazione emigranti bellunesi, gli ha dedicato un capitolo, anche se Umberto Trame in realt\u00e0 era nato a Venezia l\u201911 novembre 1881, e nella citt\u00e0 lagunare mor\u00ec nelle prime ore di marted\u00ec 24 settembre 1974. Come che sia, \u00e8 certo che Trame, pur vivendo a Venezia, si interess\u00f2, fra l\u2019altro, per la costruzione di una nuova strada che togliesse dall\u2019isolamento Chies, il capoluogo del Comune, appunto \u201cterra dei suoi padri\u201d, e si impegn\u00f2 molto per l\u2019esecuzione di lavori di restauro della chiesetta vitalizia di Mont (seconda chiesa filiale di Chies, quella di Mont \u00e8 intitolata alla Beata Vergine della Pace ed \u00e8 documentata dal 1767 \u2013 ndr.). In proposito, De Nale ricordava che: \u201cChiese offerte in denaro ai veneziani oriundi dell\u2019Alpago, e in generi alimentari: patate, fagioli, formaggi ed altro. Per un sacco di patate era stata anche concordata per l\u2019edificio sacro una porta di rame col celebre battiferro alpagoto Antonio Fagherazzi, ma poi l\u2019artista, forse indispettito perch\u00e9 le patate non giungevano mai, non concluse la sua opera\u201d. Torniamo indietro nel tempo per dire che Trame ricevette il battesimo nella chiesa veneziana di Santa Maria del Giglio il 27 novembre dello stesso 1881. Dopo gli studi in seminario, il 24 luglio 1910 fu ordinato dal cardinale patriarca Aristide Cavallari ed inizi\u00f2 l\u2019attivit\u00e0 sacerdotale prima a San Giacomo dell\u2019Orio e poi ai Santissimi Apostoli. Nel 1916 venne scelto come cappellano dei profughi della Grande guerra e nel 1919 and\u00f2 a Caorle come cooperatore, ritornando poco dopo a Venezia con mansioni di cappellano corale di San Marco. Detto del suo impegno per Chies d\u2019Alpago, non si pu\u00f2 scordare, anzi, che fu l\u2019ideatore del traforo dei Monti Lapissini (La Val Lapisina \u00e8 una tipica valle glaciale, scavata dal ramo di un antico ghiacciaio che seguiva l&#8217;attuale corso del Piave. Il ramo, a sua volta, si divideva formando da una parte quella che oggi \u00e8 la Vallata e dall&#8217;altra l&#8217;anfiteatro morenico collocato tra Vittorio Veneto e Conegliano. Al termine dell&#8217;era glaciale si \u00e8 assistito al franamento dei monti del circondario, sicch\u00e9 tutt&#8217;oggi i corsi d&#8217;acqua sono perlopi\u00f9 sotterranei; alcuni di questi, affiorando, alimentano il Lago Morto (gli altri bacini sono di origine artificiale). La valle ad ovest \u00e8 delimitata dalla dorsale del Col Visentin e ad est dal gruppo del Pizzoc-Millifret. Il paesaggio si caratterizza principalmente per la presenza di tre laghi (da sud, il lago di Negrisiola, il lago del Restello e il lago Morto), motivo per cui \u00e8 soprannominata Valle dei Laghi Verdi. Notevole \u00e8 anche la presenza dell&#8217;Autostrada A27 con i viadotti del Restello (dall&#8217;omonimo lago) e di Fadalto (dall&#8217;omonima localit\u00e0) che attraversa la Val Lapisina poggiando spettacolarmente su altissimi piloni, in forte impatto con il paesaggio circostante (dalla libera enciclopedia Wikipedia &#8211; ndr.) per congiungere il \u201csuo\u201d Alpago col Friuli. Perch\u00e9 della conca alpagota era un entusiasta ammiratore come si evince da un passo del libro del quale fu autore, dedicato proprio alla terra e alla gente alpagota: \u201cSplende la conca d\u2019Alpago nella variet\u00e0 di tinte che ammantano i suoi colli nell\u2019autunno, rifulge in primavera e nell\u2019estate con la rigogliosa vegetazione dei prati, dei campi e degli alberi aventi tutte le gradazioni del verde: il colore predominante con cui sogliono distinguerla quei pochi che ad essa accennano, chiamandola la verde conca dell\u2019Alpago; scintillano al sole le sue montagne quando mettono il cappuccio di neve o riflettono i raggi rossi del lontano tramonto\u201d. E a proposito di libro non va dimenticato che Trame fu autore apprezzato di numerose pubblicazioni tra le quali il volume \u201cL\u2019Alpago raccontato da Umberto Trame. Un popolo una civilt\u00e0 un territorio\u201d (a noi una copia fu donata \u201ccon simpatia\u201d dall\u2019allora sindaco e presidente della Comunit\u00e0 montana Terzo Lorenzo Barattin). In questo libro sono ospitati testi di: Fiorello Zangrando, Giovanbattista Pellegrini, Mauro Lucco, Lino Sief, Giancarlo Bressan, Piero Fain, e contributi della Biblioteca popolare di Chies e Codenzano; a quest\u2019ultima si deve anche gran parte del materiale fotografico mentre altre immagini sono di De Santi, Belluno e quelle in particolare relative alla montagna, di Pietro Fain e Flavio Bona. Detto che l\u2019editore fu per l\u2019ente comunitario Bepi Pellegrinon con la Nuovi Sentieri di Belluno, il coordinamento grafico di Eronda graphic design studio, la fotoriproduzione e stampa dello stabilimento tipolitografico Panfilo Castaldi di Feltre, concludiamo ricordando che il Comune di Chies d\u2019Alpago ha intitolato la scuola di Lamosano \u201cDon Umberto Trame\u201d; essa \u00e8 parte della struttura dell\u2019Istituto comprensivo di Puos.<\/p>\n\n\t\t\t<style type='text\/css'>\n\t\t\t\t#gallery-1 {\n\t\t\t\t\tmargin: auto;\n\t\t\t\t}\n\t\t\t\t#gallery-1 .gallery-item {\n\t\t\t\t\tfloat: left;\n\t\t\t\t\tmargin-top: 10px;\n\t\t\t\t\ttext-align: center;\n\t\t\t\t\twidth: 25%;\n\t\t\t\t}\n\t\t\t\t#gallery-1 img {\n\t\t\t\t\tborder: 2px solid #cfcfcf;\n\t\t\t\t}\n\t\t\t\t#gallery-1 .gallery-caption {\n\t\t\t\t\tmargin-left: 0;\n\t\t\t\t}\n\t\t\t\t\/* see gallery_shortcode() in wp-includes\/media.php *\/\n\t\t\t<\/style>\n\t\t<div id='gallery-1' class='dt-gallery-container gallery galleryid-193099 gallery-columns-4 gallery-size-thumbnail'><dl class='gallery-item'>\n\t\t\t\t<dt class='gallery-icon portrait'>\n\t\t\t\t\t<a class=\"rollover rollover-zoom dt-pswp-item\" title=\"152776543_1525463730993451_9097577872738133312_n\" data-dt-img-description=\"\" data-large_image_width=\"524\" data-large_image_height=\"691\"href='https:\/\/www.radiopiu.net\/wordpress\/wp-content\/uploads\/2021\/02\/152776543_1525463730993451_9097577872738133312_n.jpg'><img loading=\"lazy\" decoding=\"async\" width=\"150\" height=\"150\" src=\"https:\/\/www.radiopiu.net\/wordpress\/wp-content\/uploads\/2021\/02\/152776543_1525463730993451_9097577872738133312_n-150x150.jpg\" class=\"attachment-thumbnail size-thumbnail\" alt=\"\" \/><\/a>\n\t\t\t\t<\/dt><\/dl><dl class='gallery-item'>\n\t\t\t\t<dt class='gallery-icon landscape'>\n\t\t\t\t\t<a class=\"rollover rollover-zoom dt-pswp-item\" title=\"153506237_164638821988146_4603147580556015904_n\" data-dt-img-description=\"\" data-large_image_width=\"258\" data-large_image_height=\"172\"href='https:\/\/www.radiopiu.net\/wordpress\/wp-content\/uploads\/2021\/02\/153506237_164638821988146_4603147580556015904_n.jpg'><img loading=\"lazy\" decoding=\"async\" width=\"150\" height=\"150\" src=\"https:\/\/www.radiopiu.net\/wordpress\/wp-content\/uploads\/2021\/02\/153506237_164638821988146_4603147580556015904_n-150x150.jpg\" class=\"attachment-thumbnail size-thumbnail\" alt=\"\" \/><\/a>\n\t\t\t\t<\/dt><\/dl><dl class='gallery-item'>\n\t\t\t\t<dt class='gallery-icon landscape'>\n\t\t\t\t\t<a class=\"rollover rollover-zoom dt-pswp-item\" title=\"152552236_359154355083234_1932759761455942054_n\" data-dt-img-description=\"\" data-large_image_width=\"200\" data-large_image_height=\"196\"href='https:\/\/www.radiopiu.net\/wordpress\/wp-content\/uploads\/2021\/02\/152552236_359154355083234_1932759761455942054_n.jpg'><img loading=\"lazy\" decoding=\"async\" width=\"150\" height=\"150\" src=\"https:\/\/www.radiopiu.net\/wordpress\/wp-content\/uploads\/2021\/02\/152552236_359154355083234_1932759761455942054_n-150x150.jpg\" class=\"attachment-thumbnail size-thumbnail\" alt=\"\" \/><\/a>\n\t\t\t\t<\/dt><\/dl><dl class='gallery-item'>\n\t\t\t\t<dt class='gallery-icon landscape'>\n\t\t\t\t\t<a class=\"rollover rollover-zoom dt-pswp-item\" title=\"153255692_437515497489447_5324815250561868627_n\" data-dt-img-description=\"\" data-large_image_width=\"251\" data-large_image_height=\"118\"href='https:\/\/www.radiopiu.net\/wordpress\/wp-content\/uploads\/2021\/02\/153255692_437515497489447_5324815250561868627_n.jpg'><img loading=\"lazy\" decoding=\"async\" width=\"150\" height=\"118\" src=\"https:\/\/www.radiopiu.net\/wordpress\/wp-content\/uploads\/2021\/02\/153255692_437515497489447_5324815250561868627_n-150x118.jpg\" class=\"attachment-thumbnail size-thumbnail\" alt=\"\" \/><\/a>\n\t\t\t\t<\/dt><\/dl><br style=\"clear: both\" \/><dl class='gallery-item'>\n\t\t\t\t<dt class='gallery-icon portrait'>\n\t\t\t\t\t<a class=\"rollover rollover-zoom dt-pswp-item\" title=\"152627365_512464919733582_7481212916447442593_n\" data-dt-img-description=\"\" data-large_image_width=\"180\" data-large_image_height=\"256\"href='https:\/\/www.radiopiu.net\/wordpress\/wp-content\/uploads\/2021\/02\/152627365_512464919733582_7481212916447442593_n.jpg'><img loading=\"lazy\" decoding=\"async\" width=\"150\" height=\"150\" src=\"https:\/\/www.radiopiu.net\/wordpress\/wp-content\/uploads\/2021\/02\/152627365_512464919733582_7481212916447442593_n-150x150.jpg\" class=\"attachment-thumbnail size-thumbnail\" alt=\"\" \/><\/a>\n\t\t\t\t<\/dt><\/dl><dl class='gallery-item'>\n\t\t\t\t<dt class='gallery-icon portrait'>\n\t\t\t\t\t<a class=\"rollover rollover-zoom dt-pswp-item\" title=\"152513221_516194399362288_3161476187365902209_n\" data-dt-img-description=\"\" data-large_image_width=\"180\" data-large_image_height=\"258\"href='https:\/\/www.radiopiu.net\/wordpress\/wp-content\/uploads\/2021\/02\/152513221_516194399362288_3161476187365902209_n.jpg'><img loading=\"lazy\" decoding=\"async\" width=\"150\" height=\"150\" src=\"https:\/\/www.radiopiu.net\/wordpress\/wp-content\/uploads\/2021\/02\/152513221_516194399362288_3161476187365902209_n-150x150.jpg\" class=\"attachment-thumbnail size-thumbnail\" alt=\"\" \/><\/a>\n\t\t\t\t<\/dt><\/dl><dl class='gallery-item'>\n\t\t\t\t<dt class='gallery-icon portrait'>\n\t\t\t\t\t<a class=\"rollover rollover-zoom dt-pswp-item\" title=\"152691934_789466858311902_8258095944835691109_n\" data-dt-img-description=\"\" data-large_image_width=\"180\" data-large_image_height=\"252\"href='https:\/\/www.radiopiu.net\/wordpress\/wp-content\/uploads\/2021\/02\/152691934_789466858311902_8258095944835691109_n.jpg'><img loading=\"lazy\" decoding=\"async\" width=\"150\" height=\"150\" src=\"https:\/\/www.radiopiu.net\/wordpress\/wp-content\/uploads\/2021\/02\/152691934_789466858311902_8258095944835691109_n-150x150.jpg\" class=\"attachment-thumbnail size-thumbnail\" alt=\"\" \/><\/a>\n\t\t\t\t<\/dt><\/dl><dl class='gallery-item'>\n\t\t\t\t<dt class='gallery-icon landscape'>\n\t\t\t\t\t<a class=\"rollover rollover-zoom dt-pswp-item\" title=\"152524779_902916076915582_6415286512459416200_n\" data-dt-img-description=\"\" data-large_image_width=\"96\" data-large_image_height=\"68\"href='https:\/\/www.radiopiu.net\/wordpress\/wp-content\/uploads\/2021\/02\/152524779_902916076915582_6415286512459416200_n.jpg'><img loading=\"lazy\" decoding=\"async\" width=\"96\" height=\"68\" src=\"https:\/\/www.radiopiu.net\/wordpress\/wp-content\/uploads\/2021\/02\/152524779_902916076915582_6415286512459416200_n.jpg\" class=\"attachment-thumbnail size-thumbnail\" alt=\"\" \/><\/a>\n\t\t\t\t<\/dt><\/dl><br style=\"clear: both\" \/>\n\t\t\t<\/div>\n\n<p>&nbsp;<\/p>\n<p>NELLE FOTO (riproduzioni dal libro \u201cL\u2019Alpago\u201d di don Umberto Trame, sito Ebay, Wikipedia, Corriere delle Alpi): La copertina del libro col racconto dell\u2019Alpago di don Umberto Trame; la scuola che gli \u00e8 stata dedicata a Lamosano; uno scorcio di Montanes; la strada che da San Martino porta a Funes; copertine di libri di Trame: \u201cL\u2019ambone dell\u2019abbazia benedettina di Santa Maria a Sesto al Reghena\u201d, \u201cMarghera &#8211; L\u2019Arsenale di terra\u201d, \u201cLa Conca dell\u2019Alpago\u201d; \u201cProgetti per il centro storico\u201d.<\/p>\n","protected":false},"excerpt":{"rendered":"<p>Quelli che definiva \u201ci suoi padri\u201d erano di Chies ed ecco spiegato perch\u00e9 il maestro Mario De Nale, nel suo \u201cPersonaggi illustri dell\u2019Alpago e Ponte nelle Alpi\u201d, edito nell\u2019agosto del 1978 dal Centro sociale di educazione permanente di Tambre e dall\u2019Associazione emigranti bellunesi, gli ha dedicato un capitolo, anche se Umberto Trame in realt\u00e0 era&hellip;<\/p>\n","protected":false},"author":4,"featured_media":193107,"comment_status":"closed","ping_status":"closed","sticky":false,"template":"","format":"standard","meta":{"_monsterinsights_skip_tracking":false,"_monsterinsights_sitenote_active":false,"_monsterinsights_sitenote_note":"","_monsterinsights_sitenote_category":0,"footnotes":""},"categories":[104,49],"tags":[],"class_list":["post-193099","post","type-post","status-publish","format-standard","has-post-thumbnail","hentry","category-evidenza_3","category-news-18","category-104","category-49","description-off"],"img_url":"https:\/\/www.radiopiu.net\/wordpress\/wp-content\/uploads\/2021\/02\/152691934_789466858311902_8258095944835691109_n.jpg","_links":{"self":[{"href":"https:\/\/www.radiopiu.net\/wordpress\/wp-json\/wp\/v2\/posts\/193099","targetHints":{"allow":["GET"]}}],"collection":[{"href":"https:\/\/www.radiopiu.net\/wordpress\/wp-json\/wp\/v2\/posts"}],"about":[{"href":"https:\/\/www.radiopiu.net\/wordpress\/wp-json\/wp\/v2\/types\/post"}],"author":[{"embeddable":true,"href":"https:\/\/www.radiopiu.net\/wordpress\/wp-json\/wp\/v2\/users\/4"}],"replies":[{"embeddable":true,"href":"https:\/\/www.radiopiu.net\/wordpress\/wp-json\/wp\/v2\/comments?post=193099"}],"version-history":[{"count":0,"href":"https:\/\/www.radiopiu.net\/wordpress\/wp-json\/wp\/v2\/posts\/193099\/revisions"}],"wp:featuredmedia":[{"embeddable":true,"href":"https:\/\/www.radiopiu.net\/wordpress\/wp-json\/wp\/v2\/media\/193107"}],"wp:attachment":[{"href":"https:\/\/www.radiopiu.net\/wordpress\/wp-json\/wp\/v2\/media?parent=193099"}],"wp:term":[{"taxonomy":"category","embeddable":true,"href":"https:\/\/www.radiopiu.net\/wordpress\/wp-json\/wp\/v2\/categories?post=193099"},{"taxonomy":"post_tag","embeddable":true,"href":"https:\/\/www.radiopiu.net\/wordpress\/wp-json\/wp\/v2\/tags?post=193099"}],"curies":[{"name":"wp","href":"https:\/\/api.w.org\/{rel}","templated":true}]}}