{"id":193124,"date":"2021-02-22T16:09:26","date_gmt":"2021-02-22T15:09:26","guid":{"rendered":"https:\/\/www.radiopiu.net\/wordpress\/?p=193124"},"modified":"2021-02-22T16:09:26","modified_gmt":"2021-02-22T15:09:26","slug":"reattogenicita-della-vaccinazione-anticovid","status":"publish","type":"post","link":"https:\/\/www.radiopiu.net\/wordpress\/reattogenicita-della-vaccinazione-anticovid\/","title":{"rendered":"REATTOGENICITA&#8217; DELLA VACCINAZIONE ANTICOVID"},"content":{"rendered":"<p><strong><a href=\"https:\/\/www.radiopiu.net\/wordpress\/giornale-radio-piu-22-02-2018-direttore-mirko-mezzacasa\/vaccino-influenza\/\" rel=\"attachment wp-att-13129\"><img loading=\"lazy\" decoding=\"async\" class=\"size-medium wp-image-13129 alignleft\" src=\"https:\/\/www.radiopiu.net\/wordpress\/wp-content\/uploads\/2015\/11\/vaccino-influenza-300x206.jpg\" alt=\"\" width=\"300\" height=\"206\" \/><\/a>BELLUNO <\/strong>A seguito della tornata vaccinale di ieri per il personale della scuola (circa 800 persone vaccinate nelle due sedi di Belluno e Feltre, con vaccino Astrazeneca) sono giunte oggi all\u2019attenzione del Servizio Igiene e Sanit\u00e0 Pubblica una ventina segnalazioni telefoniche o mail inerenti all\u2019insorgenza di reazioni post vaccinali. Tali reazioni saranno registrate secondo le linee guida dell\u2019Agenzia Italiana del Farmaco (AIFA). Questa evidenza era del tutto attesa in quanto al capitolo \u201ceffetti indesiderati\u201d della scheda tecnica del vaccino vengono riportate le seguenti percentuali di eventi correlati all\u2019immunizzazione: dolore in sede di iniezione 54,2%, cefalea 52,6%, stanchezza 53,1%, dolori muscolari 44,0%, malessere 44,2%, rialzo febbrile 33,6% (febbre &gt;38 gradi centigradi 7,9%), brividi 31,9%, dolori articolari 26,4%, nausea 21,9%. La maggior parte delle reazioni avverse si risolve entro 2-3 giorni dalla vaccinazione. Le reazioni avverse riferite alla seconda dose sono riportate come pi\u00f9 lievi e meno frequenti rispetto a quelle correlate alla prima dose. Il Servizio Igiene e Sanit\u00e0 Pubblica raccoglie regolarmente, come gi\u00e0 detto,\u00a0 le segnalazioni di effetti collaterali delle vaccinazioni o direttamente dagli assistiti o dai Medici curanti. Nel database del servizio Igiene e Sanit\u00e0 pubblica sono ad oggi registrate 110 segnalazioni formali (0,7% in rapporto a 15.129 dosi complessive somministrate) di reazione avversa a vaccino anti covid, tutte riferite ai vaccini Pfizer (la quasi totalit\u00e0) e Moderna (rari casi), ci\u00f2 anche in relazione alla somministrazione fino a ieri esclusiva, di questi due vaccini.<\/p>\n","protected":false},"excerpt":{"rendered":"<p>BELLUNO A seguito della tornata vaccinale di ieri per il personale della scuola (circa 800 persone vaccinate nelle due sedi di Belluno e Feltre, con vaccino Astrazeneca) sono giunte oggi all\u2019attenzione del Servizio Igiene e Sanit\u00e0 Pubblica una ventina segnalazioni telefoniche o mail inerenti all\u2019insorgenza di reazioni post vaccinali. Tali reazioni saranno registrate secondo le&hellip;<\/p>\n","protected":false},"author":4,"featured_media":0,"comment_status":"closed","ping_status":"closed","sticky":false,"template":"","format":"standard","meta":{"_monsterinsights_skip_tracking":false,"_monsterinsights_sitenote_active":false,"_monsterinsights_sitenote_note":"","_monsterinsights_sitenote_category":0,"footnotes":""},"categories":[49],"tags":[],"class_list":["post-193124","post","type-post","status-publish","format-standard","hentry","category-news-18","category-49","description-off"],"img_url":false,"_links":{"self":[{"href":"https:\/\/www.radiopiu.net\/wordpress\/wp-json\/wp\/v2\/posts\/193124","targetHints":{"allow":["GET"]}}],"collection":[{"href":"https:\/\/www.radiopiu.net\/wordpress\/wp-json\/wp\/v2\/posts"}],"about":[{"href":"https:\/\/www.radiopiu.net\/wordpress\/wp-json\/wp\/v2\/types\/post"}],"author":[{"embeddable":true,"href":"https:\/\/www.radiopiu.net\/wordpress\/wp-json\/wp\/v2\/users\/4"}],"replies":[{"embeddable":true,"href":"https:\/\/www.radiopiu.net\/wordpress\/wp-json\/wp\/v2\/comments?post=193124"}],"version-history":[{"count":0,"href":"https:\/\/www.radiopiu.net\/wordpress\/wp-json\/wp\/v2\/posts\/193124\/revisions"}],"wp:attachment":[{"href":"https:\/\/www.radiopiu.net\/wordpress\/wp-json\/wp\/v2\/media?parent=193124"}],"wp:term":[{"taxonomy":"category","embeddable":true,"href":"https:\/\/www.radiopiu.net\/wordpress\/wp-json\/wp\/v2\/categories?post=193124"},{"taxonomy":"post_tag","embeddable":true,"href":"https:\/\/www.radiopiu.net\/wordpress\/wp-json\/wp\/v2\/tags?post=193124"}],"curies":[{"name":"wp","href":"https:\/\/api.w.org\/{rel}","templated":true}]}}