{"id":193140,"date":"2021-02-23T05:35:14","date_gmt":"2021-02-23T04:35:14","guid":{"rendered":"https:\/\/www.radiopiu.net\/wordpress\/?p=193140"},"modified":"2021-02-23T05:53:07","modified_gmt":"2021-02-23T04:53:07","slug":"turismo-assessore-veneto-caner-proroga-divieto-spostamento-tra-regioni-mette-parola-fine-alla-stagione-avanti-con-vaccini-e-ristori-tempestivi","status":"publish","type":"post","link":"https:\/\/www.radiopiu.net\/wordpress\/turismo-assessore-veneto-caner-proroga-divieto-spostamento-tra-regioni-mette-parola-fine-alla-stagione-avanti-con-vaccini-e-ristori-tempestivi\/","title":{"rendered":"TURISMO. ASSESSORE VENETO CANER, \u201cPROROGA DIVIETO SPOSTAMENTO TRA REGIONI METTE PAROLA FINE ALLA STAGIONE. AVANTI CON VACCINI E RISTORI TEMPESTIVI\u201d"},"content":{"rendered":"<p><strong><a href=\"https:\/\/www.radiopiu.net\/wordpress\/giornale-radiopiu-13-giugno-2020-direttore-mirko-mezzacasa\/federico-caner-conf-stampa-2\/\" rel=\"attachment wp-att-143995\"><img loading=\"lazy\" decoding=\"async\" class=\"size-medium wp-image-143995 alignleft\" src=\"https:\/\/www.radiopiu.net\/wordpress\/wp-content\/uploads\/2020\/06\/FEDERICO-CANER-conf.-stampa-2-300x225.jpg\" alt=\"\" width=\"300\" height=\"225\" srcset=\"https:\/\/www.radiopiu.net\/wordpress\/wp-content\/uploads\/2020\/06\/FEDERICO-CANER-conf.-stampa-2-300x225.jpg 300w, https:\/\/www.radiopiu.net\/wordpress\/wp-content\/uploads\/2020\/06\/FEDERICO-CANER-conf.-stampa-2-1024x768.jpg 1024w, https:\/\/www.radiopiu.net\/wordpress\/wp-content\/uploads\/2020\/06\/FEDERICO-CANER-conf.-stampa-2-768x576.jpg 768w, https:\/\/www.radiopiu.net\/wordpress\/wp-content\/uploads\/2020\/06\/FEDERICO-CANER-conf.-stampa-2-1536x1152.jpg 1536w, https:\/\/www.radiopiu.net\/wordpress\/wp-content\/uploads\/2020\/06\/FEDERICO-CANER-conf.-stampa-2.jpg 1600w\" sizes=\"auto, (max-width: 300px) 100vw, 300px\" \/><\/a>VENEZIA <\/strong>\u201c<em>La proroga al divieto di spostamento tra le regioni al 27 marzo prossimo sancisce la fine alla stagione turistica invernale. Ora si pone l&#8217;esigenza di intervenire velocemente, mettendo ristori e indennizzi immediati a disposizione delle attivit\u00e0 del settore. Per far conoscere da vicino le difficolt\u00e0 che sta attraversando anche la nostra regione, fino al 2019 la pi\u00f9 turistica d&#8217;Italia, porter\u00f2 i dati e le stime relative al calo del fatturato all&#8217;attenzione del Ministro Garavaglia gi\u00e0 nell&#8217;incontro convocato per il 24 febbraio con gli assessori regionali<\/em>\u201d. \u00c8 questo il commento dell\u2019assessore regionale al Turismo Federico Caner in relazione al provvedimento contenuto nel Decreto Legge varato oggi dal Consiglio dei Ministri.\u00a0 \u201c<em>Come ho gi\u00e0 avuto modo di dire in passato \u2013 prosegue l\u2019assessore Caner &#8211; non spetta a noi entrare nel merito delle decisioni che possiamo solo rispettare. Abbiamo per\u00f2 tutti avuto modo di leggere i dati relativi all&#8217;andamento turistico della nostra regione che, prima dello scoppio della pandemia, aveva fatto registrare un vero e proprio record con 71 milioni di presenze annue. Presenze che alla fine dell\u2019anno sono scese a 32,5 milioni. Un tonfo che si traduce nella chiusura di attivit\u00e0 e nuove perdite di posti di lavoro. Va forse ricordato che\u00a0in Veneto, la regione che fino all&#8217;anno scorso aveva il tasso pi\u00f9 basso di disoccupazione pari al 6,6 per cento, la\u00a0filiera del turismo comprendeva oltre 30mila imprese e occupava oltre 163mila persone.\u00a0Davanti per\u00f2 a questa situazione la strada maestra appare una sola: quella di un piano vaccinale molto pi\u00f9 rapido rispetto a quello che stiamo vivendo. Inoltre alla tempestivit\u00e0 delle decisioni dovr\u00e0 corrispondere una chiara e tempestiva comunicazione al settore, evitando cos\u00ec di ripetere errori come quello commesso con gli operatori del mondo della montagna<\/em>\u201d.<\/p>\n","protected":false},"excerpt":{"rendered":"<p>VENEZIA \u201cLa proroga al divieto di spostamento tra le regioni al 27 marzo prossimo sancisce la fine alla stagione turistica invernale. Ora si pone l&#8217;esigenza di intervenire velocemente, mettendo ristori e indennizzi immediati a disposizione delle attivit\u00e0 del settore. Per far conoscere da vicino le difficolt\u00e0 che sta attraversando anche la nostra regione, fino al&hellip;<\/p>\n","protected":false},"author":4,"featured_media":143995,"comment_status":"closed","ping_status":"closed","sticky":false,"template":"","format":"standard","meta":{"_monsterinsights_skip_tracking":false,"_monsterinsights_sitenote_active":false,"_monsterinsights_sitenote_note":"","_monsterinsights_sitenote_category":0,"footnotes":""},"categories":[51,49],"tags":[],"class_list":["post-193140","post","type-post","status-publish","format-standard","has-post-thumbnail","hentry","category-evidenza-top","category-news-18","category-51","category-49","description-off"],"img_url":"https:\/\/www.radiopiu.net\/wordpress\/wp-content\/uploads\/2020\/06\/FEDERICO-CANER-conf.-stampa-2.jpg","_links":{"self":[{"href":"https:\/\/www.radiopiu.net\/wordpress\/wp-json\/wp\/v2\/posts\/193140","targetHints":{"allow":["GET"]}}],"collection":[{"href":"https:\/\/www.radiopiu.net\/wordpress\/wp-json\/wp\/v2\/posts"}],"about":[{"href":"https:\/\/www.radiopiu.net\/wordpress\/wp-json\/wp\/v2\/types\/post"}],"author":[{"embeddable":true,"href":"https:\/\/www.radiopiu.net\/wordpress\/wp-json\/wp\/v2\/users\/4"}],"replies":[{"embeddable":true,"href":"https:\/\/www.radiopiu.net\/wordpress\/wp-json\/wp\/v2\/comments?post=193140"}],"version-history":[{"count":0,"href":"https:\/\/www.radiopiu.net\/wordpress\/wp-json\/wp\/v2\/posts\/193140\/revisions"}],"wp:featuredmedia":[{"embeddable":true,"href":"https:\/\/www.radiopiu.net\/wordpress\/wp-json\/wp\/v2\/media\/143995"}],"wp:attachment":[{"href":"https:\/\/www.radiopiu.net\/wordpress\/wp-json\/wp\/v2\/media?parent=193140"}],"wp:term":[{"taxonomy":"category","embeddable":true,"href":"https:\/\/www.radiopiu.net\/wordpress\/wp-json\/wp\/v2\/categories?post=193140"},{"taxonomy":"post_tag","embeddable":true,"href":"https:\/\/www.radiopiu.net\/wordpress\/wp-json\/wp\/v2\/tags?post=193140"}],"curies":[{"name":"wp","href":"https:\/\/api.w.org\/{rel}","templated":true}]}}