{"id":193184,"date":"2021-02-24T06:00:58","date_gmt":"2021-02-24T05:00:58","guid":{"rendered":"https:\/\/www.radiopiu.net\/wordpress\/?p=193184"},"modified":"2021-02-24T08:13:00","modified_gmt":"2021-02-24T07:13:00","slug":"giornale-radiopiu-24-febbraio-2021-direttore-mirko-mezzacasa","status":"publish","type":"post","link":"https:\/\/www.radiopiu.net\/wordpress\/giornale-radiopiu-24-febbraio-2021-direttore-mirko-mezzacasa\/","title":{"rendered":"GIORNALE RADIOPIU 24 FEBBRAIO 2021 DIRETTORE MIRKO MEZZACASA"},"content":{"rendered":"<h3><a href=\"https:\/\/www.radiopiu.net\/wordpress\/giornale-radiopiu-24-gennaio-2021-direttore-mirko-mezzacasa\/141433770_171616291414874_2957460898102012198_n\/\" rel=\"attachment wp-att-186566\"><img loading=\"lazy\" decoding=\"async\" class=\"wp-image-186566 alignleft\" src=\"https:\/\/www.radiopiu.net\/wordpress\/wp-content\/uploads\/2021\/01\/141433770_171616291414874_2957460898102012198_n-300x300.jpg\" alt=\"\" width=\"144\" height=\"144\" srcset=\"https:\/\/www.radiopiu.net\/wordpress\/wp-content\/uploads\/2021\/01\/141433770_171616291414874_2957460898102012198_n-300x300.jpg 300w, https:\/\/www.radiopiu.net\/wordpress\/wp-content\/uploads\/2021\/01\/141433770_171616291414874_2957460898102012198_n-150x150.jpg 150w, https:\/\/www.radiopiu.net\/wordpress\/wp-content\/uploads\/2021\/01\/141433770_171616291414874_2957460898102012198_n-768x768.jpg 768w, https:\/\/www.radiopiu.net\/wordpress\/wp-content\/uploads\/2021\/01\/141433770_171616291414874_2957460898102012198_n.jpg 800w\" sizes=\"auto, (max-width: 144px) 100vw, 144px\" \/><\/a>PER<strong> RICEVERE QUESTO NOTIZIARIO DIRETTAMENTE SUL TUO CELLULARE ISCRIVITI AL CANALE TELEGRAM <\/strong><strong>\u201cRADIO PIU\u00a0 INFORMAZIONE&#8221;\u00a0<\/strong><\/h3>\n<h3>SUPERATI I 3000 ISCRITTI, il CANALE TELEGRAM&#8230; UNISCITI A: RADIO PIU INFORMAZIONE<\/h3>\n<p>&nbsp;<\/p>\n<p>&nbsp;<\/p>\n<p><em><a href=\"https:\/\/www.radiopiu.net\/wordpress\/giornale-radiopiu-24-gennaio-2021-direttore-mirko-mezzacasa\/79216601_126817312416448_708980208774483089_n\/\" rel=\"attachment wp-att-186567\"><img loading=\"lazy\" decoding=\"async\" class=\"size-medium wp-image-186567 alignright\" src=\"https:\/\/www.radiopiu.net\/wordpress\/wp-content\/uploads\/2021\/01\/79216601_126817312416448_708980208774483089_n-300x114.jpg\" alt=\"\" width=\"300\" height=\"114\" srcset=\"https:\/\/www.radiopiu.net\/wordpress\/wp-content\/uploads\/2021\/01\/79216601_126817312416448_708980208774483089_n-300x114.jpg 300w, https:\/\/www.radiopiu.net\/wordpress\/wp-content\/uploads\/2021\/01\/79216601_126817312416448_708980208774483089_n-768x292.jpg 768w, https:\/\/www.radiopiu.net\/wordpress\/wp-content\/uploads\/2021\/01\/79216601_126817312416448_708980208774483089_n.jpg 820w\" sizes=\"auto, (max-width: 300px) 100vw, 300px\" \/><\/a><span style=\"color: #ff0000;\">ATTENZIONE: LA NUOVA APP PER IOS-IPHONE di Nicola Vettorello <\/span><\/em><a href=\"https:\/\/apps.apple.com\/it\/app\/radio-pi%C3%B9-emittente-agordina\/id1515939845\">https:\/\/apps.apple.com\/it\/app\/radio-pi%C3%B9-emittente-agordina\/id1515939845<\/a><\/p>\n<p><em style=\"color: #ff0000;\">ATTENZIONE: LA NUOVA APP RADIO\u00a0 PER ANDROID di Nicola Vettorello<\/em><\/p>\n<p><a href=\"https:\/\/play.google.com\/store\/apps\/details?id=net.radiopiu.iniko\" target=\"_blank\" rel=\"noopener noreferrer\">https:\/\/play.google.com\/store\/apps\/details?id=net.radiopiu.iniko\u00a0\u00a0<\/a><\/p>\n<p>&nbsp;<\/p>\n<hr \/>\n<p>&nbsp;<\/p>\n<h3><strong>SR 204 Belluno-Mas, fino al 26 febbraio, esclusi sabato e domenica, istituzione di senso unico alternato regolato da impianto semaforico o movieri in localit\u00e0 Antole per messa in sicurezza del ponte<\/strong><\/h3>\n<h3>SP 347 DEL PASSO CEREDA E DURAN fino al 26 febbraio senso unico alternato regolato da semaforo a Voltago per indagini geognostiche<\/h3>\n<p>&nbsp;<\/p>\n<p>&nbsp;<\/p>\n<hr \/>\n<blockquote>\n<h3><img loading=\"lazy\" decoding=\"async\" class=\"alignleft\" src=\"https:\/\/www.radiopiu.net\/wordpress\/wp-content\/uploads\/2021\/02\/24a7fd9f-2564-4bec-8b45-c0ce8bd21f79-251x300.jpg\" width=\"108\" height=\"129\" \/>PROROGATA LA CHIUSURA A TEMPO DELLA PROVINCIALE 3 DI VALLE IMPERINA<\/h3>\n<\/blockquote>\n<p><strong>GOSALDO<\/strong> La provinciale 3 di Valle Imperina in localit\u00e0 Forcella Franche e Vallasin sar\u00e0 oggetto di lavori almeno fino al 19 marzo. La precedente ordinanza \u00e8 stata infatti prorogata con la chiusura a fasce orarie: dalle 8\u00a0 alle 12.45; dalle 13.45 alle 15.50 e dalle 16.10 alle 17.45 escluso il sabato e la domenica. Negli orari non interessati dalla chiusura senso unico alternato con semaforo.<\/p>\n<p>&nbsp;<\/p>\n<p>&nbsp;<\/p>\n<hr \/>\n<blockquote>\n<h3><\/h3>\n<h3>GALLERIA COMELICO: DA LUNEDI CHIUSA NELLA NOTTE<\/h3>\n<\/blockquote>\n<p><strong><a href=\"https:\/\/www.radiopiu.net\/wordpress\/galleria-comelico-da-lunedi-chiusa-dalle-21-15-a-domani-mattina\/galleria-comelico\/\" rel=\"attachment wp-att-192243\"><img loading=\"lazy\" decoding=\"async\" class=\" wp-image-192243 alignleft\" src=\"https:\/\/www.radiopiu.net\/wordpress\/wp-content\/uploads\/2021\/02\/galleria-comelico-253x300.jpg\" alt=\"\" width=\"124\" height=\"147\" srcset=\"https:\/\/www.radiopiu.net\/wordpress\/wp-content\/uploads\/2021\/02\/galleria-comelico-253x300.jpg 253w, https:\/\/www.radiopiu.net\/wordpress\/wp-content\/uploads\/2021\/02\/galleria-comelico.jpg 500w\" sizes=\"auto, (max-width: 124px) 100vw, 124px\" \/><\/a>COMELICO<\/strong>\u00a0 Galleria del Comelico, fino a sabato chiusa dalle 21.15 alle\u00a0 5.45, giorni festivi esclusi. Il traffico veicolare \u00e8 deviato sulla SP 532 Passo S. Antonio; i mezzi pesanti trainanti un rimorchio saranno invece deviati sulla SR 48 delle Dolomiti e sulla SP 49 Misurina.<\/p>\n<p>&nbsp;<\/p>\n<p>&nbsp;<\/p>\n<p>&nbsp;<\/p>\n<hr \/>\n<p>&nbsp;<\/p>\n<p><strong><a href=\"https:\/\/www.radiopiu.net\/wordpress\/giornale-radiopiu-09-agosto-2018-direttore-mirko-mezzacasa\/acqua\/\" rel=\"attachment wp-att-57052\"><img loading=\"lazy\" decoding=\"async\" class=\" wp-image-57052 alignleft\" src=\"https:\/\/www.radiopiu.net\/wordpress\/wp-content\/uploads\/2018\/08\/ACQUA-300x180.jpeg\" alt=\"\" width=\"131\" height=\"79\" srcset=\"https:\/\/www.radiopiu.net\/wordpress\/wp-content\/uploads\/2018\/08\/ACQUA-300x180.jpeg 300w, https:\/\/www.radiopiu.net\/wordpress\/wp-content\/uploads\/2018\/08\/ACQUA-768x461.jpeg 768w, https:\/\/www.radiopiu.net\/wordpress\/wp-content\/uploads\/2018\/08\/ACQUA-1024x614.jpeg 1024w, https:\/\/www.radiopiu.net\/wordpress\/wp-content\/uploads\/2018\/08\/ACQUA.jpeg 1280w\" sizes=\"auto, (max-width: 131px) 100vw, 131px\" \/><\/a>Gestione Servizi Pubblici informa che a CANALE D&#8217;AGORDO IN LOC. CARFON l&#8217;acqua erogata dall&#8217;acquedotto non \u00e8 potabile e pu\u00f2 essere usata per scopi alimentari SOLO PREVIA bollitura.\u00a0<\/strong><\/p>\n<p>&nbsp;<\/p>\n<p><span style=\"color: #ff0000;\"><strong>CANALE D&#8217;AGORDO<\/strong> Domani dalle 9 a fine lavori verr\u00e0 sospesa l\u2019erogazione dell\u2019acqua nelle localit\u00e0 Capoluogo, Casate, Col Cergnan e Val.<\/span><\/p>\n<p>&nbsp;<\/p>\n<p>&nbsp;<\/p>\n<hr \/>\n<p>&nbsp;<\/p>\n<p>&nbsp;<\/p>\n<blockquote>\n<h3>FRENA PER EVITARE L&#8217;URTO, LIEVI CONTUSIONI PER DUE BAMBINI<\/h3>\n<\/blockquote>\n<p><strong><img loading=\"lazy\" decoding=\"async\" class=\"alignleft\" src=\"https:\/\/www.radiopiu.net\/wordpress\/wp-content\/uploads\/2018\/02\/LIMANA.jpg\" width=\"168\" height=\"131\" \/>LIMANA<\/strong> L&#8217;autista dello scuolabus \u00e8 costretto a frenare d&#8217;istinto, quindi bruscamente per evitare la collisione con una Fiat Punto. Due bimbi hanno riportato contusioni molto lievi. A bordo dell&#8217;auto, lo constateranno i Carabinieri di Trichiana su indicazioni dell&#8217;autista dello Scuolabus, un ottantenne del luogo.<\/p>\n<p>&nbsp;<\/p>\n<p>&nbsp;<\/p>\n<hr \/>\n<p>&nbsp;<\/p>\n<p>&nbsp;<\/p>\n<blockquote>\n<h3>TORNANO I LADRI, S&#8217;ALZA IL GRADO DI ATTENZIONE<\/h3>\n<\/blockquote>\n<div dir=\"auto\"><strong><img loading=\"lazy\" decoding=\"async\" class=\"alignleft\" src=\"https:\/\/www.radiopiu.net\/wordpress\/wp-content\/uploads\/2020\/06\/3e7be193-53c9-4876-94ca-d11c734b2d00.jpg\" width=\"186\" height=\"140\" \/>FELTRE<\/strong> Le notizie del nuovo furto in appartamento invitano ad alzare la guardia, segnalare persone o mezzi sospetti, insomma difendersi con le armi dell&#8217;attenzione. Nel tardo pomeriggio in via Stizzon ignoti hanno approfittato dell&#8217;assenza dei proprietari dell&#8217;abitazione. La finestra tra l&#8217;altro era aperta, non \u00e8 servito nemmeno forzarla. Una volta dentro i malviventi hanno rubato un orologio e una bicicletta da uomo per un valore complessivo di 2000 euro. Sul posto per i rilievi i Carabinieri di Feltre.<\/div>\n<div dir=\"auto\"><\/div>\n<p>&nbsp;<\/p>\n<hr \/>\n<p><strong>\u00a0 \u00a0<\/strong><\/p>\n<p>&nbsp;<\/p>\n<blockquote>\n<h3>I VIGILI DEL FUOCO RITROVANO LA DONNA SCOMPARSA<\/h3>\n<\/blockquote>\n<p><strong>AGORDO<\/strong> Una notte di lavoro per i vigili del fuoco impegnati nella ricerca di una donna di 55 anni che non aveva fatto ritorno a casa. Era uscita per andare in ospedale, nessuna notizia alla famiglia e telefono che ha sempre suonato a vuoto segnalando la presenza in centro. La donna alla fine \u00e8 stata ritrovata incolume.<\/p>\n<p>&nbsp;<\/p>\n<p>&nbsp;<\/p>\n<hr \/>\n<p><strong>\u00a0<\/strong><\/p>\n<blockquote>\n<h3><strong><a href=\"https:\/\/www.radiopiu.net\/wordpress\/giornale-radiopiu-24-febbraio-2021-direttore-mirko-mezzacasa\/th-52\/\" rel=\"attachment wp-att-193365\"><img loading=\"lazy\" decoding=\"async\" class=\"wp-image-193365 alignleft\" src=\"https:\/\/www.radiopiu.net\/wordpress\/wp-content\/uploads\/2021\/02\/th-26-300x199.jpg\" alt=\"\" width=\"142\" height=\"94\" srcset=\"https:\/\/www.radiopiu.net\/wordpress\/wp-content\/uploads\/2021\/02\/th-26-300x199.jpg 300w, https:\/\/www.radiopiu.net\/wordpress\/wp-content\/uploads\/2021\/02\/th-26.jpg 312w\" sizes=\"auto, (max-width: 142px) 100vw, 142px\" \/><\/a>OLIO IN STRADA\u00a0\u00a0<\/strong><\/h3>\n<\/blockquote>\n<p><strong>FELTRE<\/strong> La causa: un guasto alla cippatrice spostata dal macello alla Peschiera. Lungo il tragitto una scia di olio fino ad Anz\u00f9. Sul posto alle 19 i vigili del fuoco, polizia locale e Carabinieri. Via Montegrappa \u00e8 rimasta chiusa fino alle ristabilite condizioni di sicurezza.<\/p>\n<p>&nbsp;<\/p>\n<hr \/>\n<p>&nbsp;<\/p>\n<p>&nbsp;<\/p>\n<blockquote>\n<h3>SOTTO SEQUESTRO LA VILLA DEL CONSULENTE FINANZIARIO<\/h3>\n<\/blockquote>\n<p><strong><a href=\"https:\/\/www.radiopiu.net\/wordpress\/giornale-radiopiu-24-febbraio-2021-direttore-mirko-mezzacasa\/th-53\/\" rel=\"attachment wp-att-193368\"><img loading=\"lazy\" decoding=\"async\" class=\" wp-image-193368 alignleft\" src=\"https:\/\/www.radiopiu.net\/wordpress\/wp-content\/uploads\/2021\/02\/th-27.jpg\" alt=\"\" width=\"144\" height=\"180\" \/><\/a>CORTINA<\/strong>\u00a0 Ancora guai per Massimo Bochicchio indagato dalla Procura della Repubblica di Milano per riciclaggio, il 55enne presunto consulente finanziario, gi\u00e0 accusato di aver truffato anche l&#8217;allenatore\u00a0 Antonio Conte (FOTO) si \u00e8 visto sequestrare un immobile di pregio a Cortina che \u00e8 soltanto una parte di un patrimonio stimato in circa undici milioni di euro. Sotto sequestro anche un prezioso vaso di Picasso e alcune opere di Giacomo Balla. L&#8217;accusa: riciclaggio internazionale per aver reinvestito in fondi i soldi derivanti da una presunta bancarotta fraudolenta o da un&#8217;evasione fiscale di altri suoi clienti. CASO CONTE:\u00a0 lo scorso agosto\u00a0 l&#8217;investimento che avrebbe dovuto garantire un guadagno economico, era previsto il versamento di una somma di circa 33 milioni di euro complessivi, entro il 30 giugno 2020. Una cifra attesa senza risultato sia da Conte che da parte degli altri investitori. Ecco perch\u00e9 tutti presentarono un ricorso alla Corte Commerciale di Londra, denunciando la truffa subita.<\/p>\n<p>&nbsp;<\/p>\n<hr \/>\n<p><span style=\"color: #ff0000;\"><strong>LA TERZA ONDATA<\/strong><\/span><\/p>\n<blockquote>\n<h3><strong>\u00a0ALLARME RICOVERI E AUMENTO DI CONTAGI NELLE ULTIME 24 ORE.<\/strong><\/h3>\n<\/blockquote>\n<p><strong>VENEZIA<\/strong> E&#8217; allarme ricoveri in Veneto, dopo 52 giorni di calo da ieri i numeri tornano a salire, casi impegnativi e che si aggravano in pochi giorni. I dati\u00a0 nel bollettino mattutino delle ore 8 erano pessimi con oltre 40 persone in pi\u00f9 in ospedale, nel corso della giornata, complici ulteriori dimissioni, il delta si \u00e8 riequilibrato e il saldo dei ricoverati \u00e8 diventato negativo: 1.242 pazienti in area non critica (-6),\u00a0 139 in terapia intensiva (-4). I morti 9.758 (+22),\u00a0 i contagi nel raffronto serale hanno avuto un&#8217;impennata\u00a0 +1.071 cioe in totale 328.408 casi positivi da inizio pandemia.\u00a0 Su 37.811 tamponi eseguiti nelle ultime ventiquattr&#8217;ore sono stati trovati 1.062 positivi, pari ad un&#8217;incidenza del\u00a0 2,81%. Sui vaccini l&#8217;affare per la Regione Veneto \u00e8 sempre aperto, due intermediari sono per\u00f2 scomparsi, uno manco ha risposto il secondo alla richiesta del numero dei lotti ha alzato le mani dicendo che non c&#8217;\u00e8 disponibilit\u00e0 di vaccino in magazzino. In Provincia un asilo in quarantena a San Nicolo&#8217; Comelico dopo la scoperta della positivit\u00e0 di una persona addetta al servizio di ristorazione e di assistenza.I bambini dell&#8217;asilo rimarranno a casa in quarantena per una decina di giorni dall&#8217;ultimo contatto con la persona risultata positiva al Covid.<\/p>\n<p>&nbsp;<\/p>\n<p><strong>BELLUNO<\/strong> Nelle ultime 24 ore sono decedute 2 persone covid positive: una donna di 88 anni ricoverata in rianimazione a Belluno e una donna di 84 anni ricoverata in pneumologia a Feltre. Sono 56 le nuove positivit\u00e0 registrate sul territorio dell&#8217;Usl nelle ultime 24 ore. Il dato dei casi attualmente positivi sale quindi a quota 574.<\/p>\n<p>&nbsp;<\/p>\n<hr \/>\n<p>&nbsp;<\/p>\n<blockquote>\n<h3>IL VACCINO A SCUOLA &#8220;UN DOVERE PER LA SOCIETA&#8217; E GLI ALUNNI&#8221;<\/h3>\n<\/blockquote>\n<p><strong>AGORDO<\/strong><\/p>\n<p><strong>DI GIANNI SANTOMASO<\/strong><\/p>\n<audio class=\"wp-audio-shortcode\" id=\"audio-193184-1\" preload=\"none\" style=\"width: 100%;\" controls=\"controls\"><source type=\"audio\/mpeg\" src=\"https:\/\/www.radiopiu.net\/wordpress\/wp-content\/uploads\/2021\/02\/GIANNI-VACCINI.mp3?_=1\" \/><a href=\"https:\/\/www.radiopiu.net\/wordpress\/wp-content\/uploads\/2021\/02\/GIANNI-VACCINI.mp3\">https:\/\/www.radiopiu.net\/wordpress\/wp-content\/uploads\/2021\/02\/GIANNI-VACCINI.mp3<\/a><\/audio>\n<p>&nbsp;<\/p>\n\n\t\t\t<style type='text\/css'>\n\t\t\t\t#gallery-1 {\n\t\t\t\t\tmargin: auto;\n\t\t\t\t}\n\t\t\t\t#gallery-1 .gallery-item {\n\t\t\t\t\tfloat: left;\n\t\t\t\t\tmargin-top: 10px;\n\t\t\t\t\ttext-align: center;\n\t\t\t\t\twidth: 25%;\n\t\t\t\t}\n\t\t\t\t#gallery-1 img {\n\t\t\t\t\tborder: 2px solid #cfcfcf;\n\t\t\t\t}\n\t\t\t\t#gallery-1 .gallery-caption {\n\t\t\t\t\tmargin-left: 0;\n\t\t\t\t}\n\t\t\t\t\/* see gallery_shortcode() in wp-includes\/media.php *\/\n\t\t\t<\/style>\n\t\t<div id='gallery-1' class='dt-gallery-container gallery galleryid-193184 gallery-columns-4 gallery-size-thumbnail'><dl class='gallery-item'>\n\t\t\t\t<dt class='gallery-icon portrait'>\n\t\t\t\t\t<a class=\"rollover rollover-zoom dt-pswp-item\" title=\"dav\" data-dt-img-description=\"\" data-large_image_width=\"1445\" data-large_image_height=\"2560\"href='https:\/\/www.radiopiu.net\/wordpress\/wp-content\/uploads\/2021\/02\/Don-Roberto-De-Nardin-scaled.jpg'><img loading=\"lazy\" decoding=\"async\" width=\"150\" height=\"150\" src=\"https:\/\/www.radiopiu.net\/wordpress\/wp-content\/uploads\/2021\/02\/Don-Roberto-De-Nardin-150x150.jpg\" class=\"attachment-thumbnail size-thumbnail\" alt=\"\" aria-describedby=\"gallery-1-193355\" \/><\/a>\n\t\t\t\t<\/dt>\n\t\t\t\t\t<dd class='wp-caption-text gallery-caption' id='gallery-1-193355'>\n\t\t\t\t\tDon-Roberto-De-Nardin\n\t\t\t\t\t<\/dd><\/dl><dl class='gallery-item'>\n\t\t\t\t<dt class='gallery-icon landscape'>\n\t\t\t\t\t<a class=\"rollover rollover-zoom dt-pswp-item\" title=\"sdr\" data-dt-img-description=\"\" data-large_image_width=\"2560\" data-large_image_height=\"1445\"href='https:\/\/www.radiopiu.net\/wordpress\/wp-content\/uploads\/2021\/02\/Barbara-Moro-e-Michela-Mazzei-scaled.jpg'><img loading=\"lazy\" decoding=\"async\" width=\"150\" height=\"150\" src=\"https:\/\/www.radiopiu.net\/wordpress\/wp-content\/uploads\/2021\/02\/Barbara-Moro-e-Michela-Mazzei-150x150.jpg\" class=\"attachment-thumbnail size-thumbnail\" alt=\"\" aria-describedby=\"gallery-1-193354\" \/><\/a>\n\t\t\t\t<\/dt>\n\t\t\t\t\t<dd class='wp-caption-text gallery-caption' id='gallery-1-193354'>\n\t\t\t\t\tBarbara-Moro-e-Michela-Mazzei\n\t\t\t\t\t<\/dd><\/dl><dl class='gallery-item'>\n\t\t\t\t<dt class='gallery-icon landscape'>\n\t\t\t\t\t<a class=\"rollover rollover-zoom dt-pswp-item\" title=\"dav\" data-dt-img-description=\"\" data-large_image_width=\"2560\" data-large_image_height=\"1445\"href='https:\/\/www.radiopiu.net\/wordpress\/wp-content\/uploads\/2021\/02\/Arianna-Bulf-e-Armando-Barni-scaled.jpg'><img loading=\"lazy\" decoding=\"async\" width=\"150\" height=\"150\" src=\"https:\/\/www.radiopiu.net\/wordpress\/wp-content\/uploads\/2021\/02\/Arianna-Bulf-e-Armando-Barni-150x150.jpg\" class=\"attachment-thumbnail size-thumbnail\" alt=\"\" aria-describedby=\"gallery-1-193353\" \/><\/a>\n\t\t\t\t<\/dt>\n\t\t\t\t\t<dd class='wp-caption-text gallery-caption' id='gallery-1-193353'>\n\t\t\t\t\tArianna-Bulf-e-Armando-BarnI\n\t\t\t\t\t<\/dd><\/dl><dl class='gallery-item'>\n\t\t\t\t<dt class='gallery-icon portrait'>\n\t\t\t\t\t<a class=\"rollover rollover-zoom dt-pswp-item\" title=\"sdr\" data-dt-img-description=\"\" data-large_image_width=\"1445\" data-large_image_height=\"2560\"href='https:\/\/www.radiopiu.net\/wordpress\/wp-content\/uploads\/2021\/02\/Veronica-De-Nardin-scaled.jpg'><img loading=\"lazy\" decoding=\"async\" width=\"150\" height=\"150\" src=\"https:\/\/www.radiopiu.net\/wordpress\/wp-content\/uploads\/2021\/02\/Veronica-De-Nardin-150x150.jpg\" class=\"attachment-thumbnail size-thumbnail\" alt=\"\" aria-describedby=\"gallery-1-193352\" \/><\/a>\n\t\t\t\t<\/dt>\n\t\t\t\t\t<dd class='wp-caption-text gallery-caption' id='gallery-1-193352'>\n\t\t\t\t\tVeronica-De-Nardin\n\t\t\t\t\t<\/dd><\/dl><br style=\"clear: both\" \/><dl class='gallery-item'>\n\t\t\t\t<dt class='gallery-icon portrait'>\n\t\t\t\t\t<a class=\"rollover rollover-zoom dt-pswp-item\" title=\"dav\" data-dt-img-description=\"\" data-large_image_width=\"1445\" data-large_image_height=\"2560\"href='https:\/\/www.radiopiu.net\/wordpress\/wp-content\/uploads\/2021\/02\/Patrick-Ganz-scaled.jpg'><img loading=\"lazy\" decoding=\"async\" width=\"150\" height=\"150\" src=\"https:\/\/www.radiopiu.net\/wordpress\/wp-content\/uploads\/2021\/02\/Patrick-Ganz-150x150.jpg\" class=\"attachment-thumbnail size-thumbnail\" alt=\"\" aria-describedby=\"gallery-1-193351\" \/><\/a>\n\t\t\t\t<\/dt>\n\t\t\t\t\t<dd class='wp-caption-text gallery-caption' id='gallery-1-193351'>\n\t\t\t\t\tPatrick-Ganz\n\t\t\t\t\t<\/dd><\/dl><dl class='gallery-item'>\n\t\t\t\t<dt class='gallery-icon portrait'>\n\t\t\t\t\t<a class=\"rollover rollover-zoom dt-pswp-item\" title=\"sdr\" data-dt-img-description=\"\" data-large_image_width=\"1445\" data-large_image_height=\"2560\"href='https:\/\/www.radiopiu.net\/wordpress\/wp-content\/uploads\/2021\/02\/Monica-Izzarelli-scaled.jpg'><img loading=\"lazy\" decoding=\"async\" width=\"150\" height=\"150\" src=\"https:\/\/www.radiopiu.net\/wordpress\/wp-content\/uploads\/2021\/02\/Monica-Izzarelli-150x150.jpg\" class=\"attachment-thumbnail size-thumbnail\" alt=\"\" aria-describedby=\"gallery-1-193350\" \/><\/a>\n\t\t\t\t<\/dt>\n\t\t\t\t\t<dd class='wp-caption-text gallery-caption' id='gallery-1-193350'>\n\t\t\t\t\tMonica-Izzarell\n\t\t\t\t\t<\/dd><\/dl><dl class='gallery-item'>\n\t\t\t\t<dt class='gallery-icon portrait'>\n\t\t\t\t\t<a class=\"rollover rollover-zoom dt-pswp-item\" title=\"sdr\" data-dt-img-description=\"\" data-large_image_width=\"1445\" data-large_image_height=\"2560\"href='https:\/\/www.radiopiu.net\/wordpress\/wp-content\/uploads\/2021\/02\/Michela-Gobbis-scaled.jpg'><img loading=\"lazy\" decoding=\"async\" width=\"150\" height=\"150\" src=\"https:\/\/www.radiopiu.net\/wordpress\/wp-content\/uploads\/2021\/02\/Michela-Gobbis-150x150.jpg\" class=\"attachment-thumbnail size-thumbnail\" alt=\"\" aria-describedby=\"gallery-1-193349\" \/><\/a>\n\t\t\t\t<\/dt>\n\t\t\t\t\t<dd class='wp-caption-text gallery-caption' id='gallery-1-193349'>\n\t\t\t\t\tMichela-Gobbis\n\t\t\t\t\t<\/dd><\/dl><dl class='gallery-item'>\n\t\t\t\t<dt class='gallery-icon portrait'>\n\t\t\t\t\t<a class=\"rollover rollover-zoom dt-pswp-item\" title=\"sdr\" data-dt-img-description=\"\" data-large_image_width=\"1445\" data-large_image_height=\"2560\"href='https:\/\/www.radiopiu.net\/wordpress\/wp-content\/uploads\/2021\/02\/Maria-Grazia-Cannalire-scaled.jpg'><img loading=\"lazy\" decoding=\"async\" width=\"150\" height=\"150\" src=\"https:\/\/www.radiopiu.net\/wordpress\/wp-content\/uploads\/2021\/02\/Maria-Grazia-Cannalire-150x150.jpg\" class=\"attachment-thumbnail size-thumbnail\" alt=\"\" aria-describedby=\"gallery-1-193348\" \/><\/a>\n\t\t\t\t<\/dt>\n\t\t\t\t\t<dd class='wp-caption-text gallery-caption' id='gallery-1-193348'>\n\t\t\t\t\tMaria-Grazia-Cannalire\n\t\t\t\t\t<\/dd><\/dl><br style=\"clear: both\" \/><dl class='gallery-item'>\n\t\t\t\t<dt class='gallery-icon portrait'>\n\t\t\t\t\t<a class=\"rollover rollover-zoom dt-pswp-item\" title=\"dav\" data-dt-img-description=\"\" data-large_image_width=\"1445\" data-large_image_height=\"2560\"href='https:\/\/www.radiopiu.net\/wordpress\/wp-content\/uploads\/2021\/02\/Maria-Giovanna-Da-Roit-scaled.jpg'><img loading=\"lazy\" decoding=\"async\" width=\"150\" height=\"150\" src=\"https:\/\/www.radiopiu.net\/wordpress\/wp-content\/uploads\/2021\/02\/Maria-Giovanna-Da-Roit-150x150.jpg\" class=\"attachment-thumbnail size-thumbnail\" alt=\"\" aria-describedby=\"gallery-1-193347\" \/><\/a>\n\t\t\t\t<\/dt>\n\t\t\t\t\t<dd class='wp-caption-text gallery-caption' id='gallery-1-193347'>\n\t\t\t\t\tMaria-Giovanna-Da-Roit\n\t\t\t\t\t<\/dd><\/dl><dl class='gallery-item'>\n\t\t\t\t<dt class='gallery-icon portrait'>\n\t\t\t\t\t<a class=\"rollover rollover-zoom dt-pswp-item\" title=\"sdr\" data-dt-img-description=\"\" data-large_image_width=\"1445\" data-large_image_height=\"2560\"href='https:\/\/www.radiopiu.net\/wordpress\/wp-content\/uploads\/2021\/02\/Manuel-Conedera-scaled.jpg'><img loading=\"lazy\" decoding=\"async\" width=\"150\" height=\"150\" src=\"https:\/\/www.radiopiu.net\/wordpress\/wp-content\/uploads\/2021\/02\/Manuel-Conedera-150x150.jpg\" class=\"attachment-thumbnail size-thumbnail\" alt=\"\" aria-describedby=\"gallery-1-193346\" \/><\/a>\n\t\t\t\t<\/dt>\n\t\t\t\t\t<dd class='wp-caption-text gallery-caption' id='gallery-1-193346'>\n\t\t\t\t\tManuel-Conedera\n\t\t\t\t\t<\/dd><\/dl><dl class='gallery-item'>\n\t\t\t\t<dt class='gallery-icon portrait'>\n\t\t\t\t\t<a class=\"rollover rollover-zoom dt-pswp-item\" title=\"sdr\" data-dt-img-description=\"\" data-large_image_width=\"1445\" data-large_image_height=\"2560\"href='https:\/\/www.radiopiu.net\/wordpress\/wp-content\/uploads\/2021\/02\/Gennaro-Fiore-scaled.jpg'><img loading=\"lazy\" decoding=\"async\" width=\"150\" height=\"150\" src=\"https:\/\/www.radiopiu.net\/wordpress\/wp-content\/uploads\/2021\/02\/Gennaro-Fiore-150x150.jpg\" class=\"attachment-thumbnail size-thumbnail\" alt=\"\" aria-describedby=\"gallery-1-193345\" \/><\/a>\n\t\t\t\t<\/dt>\n\t\t\t\t\t<dd class='wp-caption-text gallery-caption' id='gallery-1-193345'>\n\t\t\t\t\tGennaro-Fiore\n\t\t\t\t\t<\/dd><\/dl>\n\t\t\t\t<br style='clear: both' \/>\n\t\t\t<\/div>\n\n<p>&nbsp;<\/p>\n<hr \/>\n<p>&nbsp;<\/p>\n<p>&nbsp;<\/p>\n<blockquote class=\"wp-embedded-content\" data-secret=\"BEiSQXLz47\"><p><a href=\"https:\/\/www.radiopiu.net\/wordpress\/agglunazze123\/\">MILLE POSITIVI NELLE ULTIME 24 ORE, 42 DECESSI<\/a><\/p><\/blockquote>\n<p><iframe loading=\"lazy\" class=\"wp-embedded-content\" sandbox=\"allow-scripts\" security=\"restricted\" style=\"position: absolute; clip: rect(1px, 1px, 1px, 1px);\" title=\"&#8220;MILLE POSITIVI NELLE ULTIME 24 ORE, 42 DECESSI&#8221; &#8212; Radio Pi\u00f9\" src=\"https:\/\/www.radiopiu.net\/wordpress\/agglunazze123\/embed\/#?secret=BEiSQXLz47\" data-secret=\"BEiSQXLz47\" width=\"600\" height=\"338\" frameborder=\"0\" marginwidth=\"0\" marginheight=\"0\" scrolling=\"no\"><\/iframe><\/p>\n<p><strong>\u00a0I GRAFICI DI TIZIANO DE COL\u00a0<\/strong><\/p>\n\n\t\t\t<style type='text\/css'>\n\t\t\t\t#gallery-2 {\n\t\t\t\t\tmargin: auto;\n\t\t\t\t}\n\t\t\t\t#gallery-2 .gallery-item {\n\t\t\t\t\tfloat: left;\n\t\t\t\t\tmargin-top: 10px;\n\t\t\t\t\ttext-align: center;\n\t\t\t\t\twidth: 25%;\n\t\t\t\t}\n\t\t\t\t#gallery-2 img {\n\t\t\t\t\tborder: 2px solid #cfcfcf;\n\t\t\t\t}\n\t\t\t\t#gallery-2 .gallery-caption {\n\t\t\t\t\tmargin-left: 0;\n\t\t\t\t}\n\t\t\t\t\/* see gallery_shortcode() in wp-includes\/media.php *\/\n\t\t\t<\/style>\n\t\t<div id='gallery-2' class='dt-gallery-container gallery galleryid-193184 gallery-columns-4 gallery-size-thumbnail'><dl class='gallery-item'>\n\t\t\t\t<dt class='gallery-icon landscape'>\n\t\t\t\t\t<a class=\"rollover rollover-zoom dt-pswp-item\" title=\"a221e491-93b4-40ab-abd4-07639bd5249c\" data-dt-img-description=\"\" data-large_image_width=\"612\" data-large_image_height=\"360\"href='https:\/\/www.radiopiu.net\/wordpress\/wp-content\/uploads\/2021\/02\/a221e491-93b4-40ab-abd4-07639bd5249c.jpg'><img loading=\"lazy\" decoding=\"async\" width=\"150\" height=\"150\" src=\"https:\/\/www.radiopiu.net\/wordpress\/wp-content\/uploads\/2021\/02\/a221e491-93b4-40ab-abd4-07639bd5249c-150x150.jpg\" class=\"attachment-thumbnail size-thumbnail\" alt=\"\" \/><\/a>\n\t\t\t\t<\/dt><\/dl><dl class='gallery-item'>\n\t\t\t\t<dt class='gallery-icon landscape'>\n\t\t\t\t\t<a class=\"rollover rollover-zoom dt-pswp-item\" title=\"38414be2-15bd-47f0-9111-2c596386d0f9\" data-dt-img-description=\"\" data-large_image_width=\"614\" data-large_image_height=\"362\"href='https:\/\/www.radiopiu.net\/wordpress\/wp-content\/uploads\/2021\/02\/38414be2-15bd-47f0-9111-2c596386d0f9.jpg'><img loading=\"lazy\" decoding=\"async\" width=\"150\" height=\"150\" src=\"https:\/\/www.radiopiu.net\/wordpress\/wp-content\/uploads\/2021\/02\/38414be2-15bd-47f0-9111-2c596386d0f9-150x150.jpg\" class=\"attachment-thumbnail size-thumbnail\" alt=\"\" \/><\/a>\n\t\t\t\t<\/dt><\/dl><dl class='gallery-item'>\n\t\t\t\t<dt class='gallery-icon landscape'>\n\t\t\t\t\t<a class=\"rollover rollover-zoom dt-pswp-item\" title=\"a6786758-c6bf-4185-95ef-b3766be0adf2\" data-dt-img-description=\"\" data-large_image_width=\"610\" data-large_image_height=\"358\"href='https:\/\/www.radiopiu.net\/wordpress\/wp-content\/uploads\/2021\/02\/a6786758-c6bf-4185-95ef-b3766be0adf2.jpg'><img loading=\"lazy\" decoding=\"async\" width=\"150\" height=\"150\" src=\"https:\/\/www.radiopiu.net\/wordpress\/wp-content\/uploads\/2021\/02\/a6786758-c6bf-4185-95ef-b3766be0adf2-150x150.jpg\" class=\"attachment-thumbnail size-thumbnail\" alt=\"\" \/><\/a>\n\t\t\t\t<\/dt><\/dl><dl class='gallery-item'>\n\t\t\t\t<dt class='gallery-icon landscape'>\n\t\t\t\t\t<a class=\"rollover rollover-zoom dt-pswp-item\" title=\"69b42566-26bc-4219-9b16-0c19bb70ea79\" data-dt-img-description=\"\" data-large_image_width=\"622\" data-large_image_height=\"359\"href='https:\/\/www.radiopiu.net\/wordpress\/wp-content\/uploads\/2021\/02\/69b42566-26bc-4219-9b16-0c19bb70ea79.jpg'><img loading=\"lazy\" decoding=\"async\" width=\"150\" height=\"150\" src=\"https:\/\/www.radiopiu.net\/wordpress\/wp-content\/uploads\/2021\/02\/69b42566-26bc-4219-9b16-0c19bb70ea79-150x150.jpg\" class=\"attachment-thumbnail size-thumbnail\" alt=\"\" \/><\/a>\n\t\t\t\t<\/dt><\/dl><br style=\"clear: both\" \/>\n\t\t\t<\/div>\n\n<hr \/>\n<p class=\"p1\"><span class=\"s1\">\u00a0\u00a0<\/span><\/p>\n<blockquote>\n<h3>PADRIN E CESA IMPLORANO L&#8217;INTERVENTO DEL MINISTRO GIORGETTI PER IL RILANCIO DELL&#8217;ACC<\/h3>\n<p><em>Dalle banche soldi solo allo sport, al calcio in particolare<\/em><\/p><\/blockquote>\n<p><strong><a href=\"https:\/\/www.radiopiu.net\/wordpress\/padrin-la-fase-2-ci-veda-uniti-nel-programmare-la-ripartenza-torneremo-alla-normalita\/padrin-63\/\" rel=\"attachment wp-att-134835\"><img loading=\"lazy\" decoding=\"async\" class=\"wp-image-134835 alignleft\" src=\"https:\/\/www.radiopiu.net\/wordpress\/wp-content\/uploads\/2020\/05\/PADRIN-200x300.jpg\" alt=\"\" width=\"122\" height=\"183\" srcset=\"https:\/\/www.radiopiu.net\/wordpress\/wp-content\/uploads\/2020\/05\/PADRIN-200x300.jpg 200w, https:\/\/www.radiopiu.net\/wordpress\/wp-content\/uploads\/2020\/05\/PADRIN-683x1024.jpg 683w, https:\/\/www.radiopiu.net\/wordpress\/wp-content\/uploads\/2020\/05\/PADRIN-768x1152.jpg 768w, https:\/\/www.radiopiu.net\/wordpress\/wp-content\/uploads\/2020\/05\/PADRIN.jpg 945w\" sizes=\"auto, (max-width: 122px) 100vw, 122px\" \/><\/a>BELLUNO<\/strong> Il Presidente della Provincia Roberto Padrin, a quattro mani con il sindaco di Borgo Valbelluna Stefano Cesa, ha scritto al Ministro Giancarlo Giorgetti, per conoscenza al Ministro Federico D&#8217;Inc\u00e0 e all&#8217;assessore regionale Elena Donazzan. La richiesta \u00e8 chiara, che il Ministro si faccia parte attiva per dare finalmente avvio al progetto di rilancio dell&#8217;Acc in un momento in cui le nubi si addensano sul futuro. Nella lettera viene messo in evidenza quello che si sa, il settore dell&#8217;elettrodomestico che &#8220;tira&#8221;, le passate gestioni rovinose o addirittura fraudolente. Ma viene rimarcato come alla fine si tratti di aziende <a href=\"https:\/\/www.radiopiu.net\/wordpress\/giornale-radio-piu-30-settembre-2019-direttore-mirko-mezzacasa\/stefano-cesa-1977\/\" rel=\"attachment wp-att-100552\"><img loading=\"lazy\" decoding=\"async\" class=\" wp-image-100552 alignright\" src=\"https:\/\/www.radiopiu.net\/wordpress\/wp-content\/uploads\/2019\/09\/stefano-cesa-1977.jpg\" alt=\"\" width=\"133\" height=\"133\" \/><\/a>(Acc e Embraco) con grande cultura industriale, prestazioni di primo livello e credibilit\u00e0 tecnica nel mercato. Un progetto che rimane tale, tutto \u00e8 in fase di stallo. <em>&#8220;Com\u2019\u00e8 possibile &#8211; chiedono Padrin e Cesa &#8211;\u00a0 che non si trovi da parte del sistema del credito qualche milione per finanziare in via transitoria una societ\u00e0 come ACC con un portafoglio ordini imponente e cui tutti i maggiori produttori europei stanno dando piena fiducia e per accompagnarne la confluenza in una solida societ\u00e0 a controllo pubblico come ItalComp?&#8221;\u00a0<\/em>Al Governo la richiesta di uscire dallo smarrimento del passaggio di consegne con preghiera di confermare con risolutezza la decisione governativa di dar vita a ItalComp, rendendo operativa la relativa NewCo nel giro di poche settimane <em>&#8220;Cos\u00ec come La preghiamo di ottenere con altrettanta risolutezza dalle banche un intervento di sistema a favore di ItalComp&#8221;.<\/em><\/p>\n<p>&nbsp;<\/p>\n<hr \/>\n<p>&nbsp;<\/p>\n<blockquote>\n<h3>ANNULLATO LO STRAORDINARIO INCENTIVATO METALLO, MA A MARZO SONO PREVISTI DUE SABATI LAVORATIVI IN AREA PLASTICA<\/h3>\n<\/blockquote>\n<p><strong><img loading=\"lazy\" decoding=\"async\" class=\"alignleft\" src=\"https:\/\/www.radiopiu.net\/wordpress\/wp-content\/uploads\/2020\/06\/ddb318a9-1386-49f7-98fe-2934f2ece8eb.jpg\" width=\"211\" height=\"158\" \/>AGORDO<\/strong> Azienda e Rsu hanno firmato l&#8217;accordo per i sabati lavorativi di marzo. Nell&#8217;area plastica sono previsti 2 sabati (1 flessibilit\u00e0 + 1 incentivato), suddivisi in modo da lavorare solo le mattine pi\u00f9 ovviamente il posticipo per i notturni.&#8221;<em>In base a quanto previsto nel contratto integrativo &#8211; dicono i Delegati Uiltec-Uil Luxottica Agordo-\u00a0 si \u00e8 cercato di avere un ragionevole bilanciamento di istituti tra flessibilit\u00e0 e straordinario incentivato. La prestazione in straordinario incentivato \u00e8 invece volontaria ma resta comunque &#8220;consigliata&#8221; in quanto se vi fosse una adesione inferiore alle attese diventerebbe per la RSU pi\u00f9 difficile richiedere incentivato per i mesi successivi. Da tenere presente che lo straordinario incentivato pu\u00f2 essere integralmente trasformato in banca ore tramite la scelta da effettuarsi anticipatamente su mypersonaldesk nella sezione i miei moduli&#8221;. <\/em>Gli accordi prevedono come di consueto la possibilit\u00e0 di disporre del servizio di trasporto per i sabati in oggetto ma solamente in base al numero di adesioni su ogni tratta, quindi \u00e8 importante che tutte le persone interessate effettuino la preadesione, entro il marted\u00ec precedente a ogni sabato. Il trasporto organizzato per i sabati collettivi \u00e8 utilizzabile anche da coloro che non sono abbonati ai mezzi pubblici, richiedendo un tagliandino apposito all&#8217;ufficio personale. Per il resto dello stabilimento produttivo non sono previsti a marzo sabati collettivi di flessibilit\u00e0 ma potranno comunque essere chiesti all&#8217;occorrenza normali straordinari volontari per alcune lavorazioni.<\/p>\n<p>&nbsp;<\/p>\n<p>&nbsp;<\/p>\n<hr \/>\n<p>&nbsp;<\/p>\n<p>&nbsp;<\/p>\n<blockquote>\n<h3>CONSIGLIO PROVINCIALE: RISTORI SUBITO, DOPO IL &#8220;COLPO BASSO&#8221; DELLA CHIUSURA SENZA PREAVVISO<\/h3>\n<\/blockquote>\n<p>&nbsp;<\/p>\n<p><img loading=\"lazy\" decoding=\"async\" class=\"alignleft\" src=\"https:\/\/www.radiopiu.net\/wordpress\/wp-content\/uploads\/2021\/02\/ca108fa1-f06e-4ca0-a550-4e4829b29073.jpg\" width=\"261\" height=\"147\" \/><strong>BELLUNO<\/strong><\/p>\n<p><strong>DI MORENO GIOLI<\/strong><\/p>\n<audio class=\"wp-audio-shortcode\" id=\"audio-193184-2\" preload=\"none\" style=\"width: 100%;\" controls=\"controls\"><source type=\"audio\/mpeg\" src=\"https:\/\/www.radiopiu.net\/wordpress\/wp-content\/uploads\/2021\/02\/moreno-provincia.mp3?_=2\" \/><a href=\"https:\/\/www.radiopiu.net\/wordpress\/wp-content\/uploads\/2021\/02\/moreno-provincia.mp3\">https:\/\/www.radiopiu.net\/wordpress\/wp-content\/uploads\/2021\/02\/moreno-provincia.mp3<\/a><\/audio>\n<p>&nbsp;<\/p>\n<p>&nbsp;<\/p>\n<hr \/>\n<h3 class=\"p1\"><span class=\"s1\">\u00a0<\/span><\/h3>\n<h3 class=\"p1\"><span class=\"s1\">\u00a0AI TRUFFATI DALLA BANCHE RIMBORSI AL CENTO PER CENTO\u00a0<\/span><\/h3>\n<p><em>L&#8217;effetto dell&#8217;emendamento del Movimento 5 Stelle<\/em><\/p>\n<p><strong>ROMA<\/strong> Il Ministro Federico D&#8217;inc\u00e0 in seguito alla decisione da parte della Commissione tecnica del Fir di deliberare, a ciascun avente diritto, il 100 per cento dell\u2019importo dell\u2019indennizzo ha detto:\u00a0 <em>\u201cIniziano i rimborsi al 100 per cento nei confronti dei cittadini truffati dalle banche. Il Fir ha deliberato di corrispondere l\u2019intera percentuale dell\u2019importo dell\u2019indennizzo riconosciuto a seguito del completamento dell\u2019esame istruttorio e nei limiti degli importi massimi previsti per legge. \u00c8 un\u2019ottima notizia per tutti quei risparmiatori che da tempo chiedono giustizia e che hanno ottenuto una risposta importantissima a partire dai mesi passati con i primi bonifici arrivati ai cittadini dallo scorso 1 ottobre, grazie a un lavoro del Governo e a un impegno costante da parte del Movimento 5 Stelle che ha combattuto questa battaglia fin dal primo momento\u201d.<\/em><\/p>\n<p>&nbsp;<\/p>\n<h3 class=\"p1\"><span class=\"s1\">\u00a0<\/span><\/h3>\n<hr \/>\n<h3 class=\"p1\"><span class=\"s1\">\u00a0\u00a0<\/span><\/h3>\n<blockquote>\n<h3 class=\"p1\"><span class=\"s1\">SANIT\u00c0, NIENTE FONDI PER LA PROVINCIA DI BELLUNO. INTERROGAZIONE DI BIGON E ZANONI (PD): \u201cDOVEROSO INVESTIRE NEI TERRITORI PI\u00d9 FRAGILI\u201d<\/span><\/h3>\n<\/blockquote>\n<p class=\"p1\"><span class=\"s1\"><strong><a href=\"https:\/\/www.radiopiu.net\/wordpress\/giornale-radiopiu-del-29-novembre-2018-direttore-mirko-mezzacasa\/pd\/\" rel=\"attachment wp-att-67744\"><img loading=\"lazy\" decoding=\"async\" class=\"size-full wp-image-67744 alignleft\" src=\"https:\/\/www.radiopiu.net\/wordpress\/wp-content\/uploads\/2018\/11\/PD.png\" alt=\"\" width=\"226\" height=\"182\" \/><\/a>VENEZIA<\/strong> \u201c<em>\u00c8 inaccettabile che i territori pi\u00f9 fragili vengano ancora una volta dimenticati, quando dovrebbero essere i primi su cui investire. Adesso ci saranno smentite e rimpalli di responsabilit\u00e0, l\u2019unico dato certo \u00e8 che dei 52 milioni stanziati dalla Regione per innovare le strutture sanitarie venete neanche un euro arriver\u00e0 alla provincia di Belluno, la sola esclusa dal riparto. Davvero non c\u2019erano progetti su cui chiedere finanziamenti?<\/em>\u201d. A dirlo commentando il Piano per l\u2019acquisto di dotazioni tecnologiche, servizi e ristrutturazioni nelle Aziende sanitarie e ospedaliere venete e annunciando un\u2019interrogazione, Anna Maria Bigon, consigliera regionale del Partito Democratico e vicepresidente della commissione Sanit\u00e0 insieme al collega Andrea Zanoni.\u00a0<\/span><\/p>\n<p>&nbsp;<\/p>\n<p>&nbsp;<\/p>\n<hr \/>\n<p>&nbsp;<\/p>\n<blockquote>\n<h3 class=\"p1\"><span class=\"s1\">AGRICOLTURA: DE CARLO FDI \u201cIL SOSTEGNO ALL\u2019AGRICOLTURA PASSA ANCHE DALLA RIAPERTURA DEI RISTORANTI. FDI PRESENTA EMENDAMENTO\u201d<\/span><\/h3>\n<\/blockquote>\n<p class=\"p1\"><span class=\"s1\"><strong><a href=\"https:\/\/www.radiopiu.net\/wordpress\/giornale-radiopiu-19-maggio-2020-direttore-mirko-mezzacasa\/luca-de-carlo-8\/\" rel=\"attachment wp-att-138787\"><img loading=\"lazy\" decoding=\"async\" class=\" wp-image-138787 alignleft\" src=\"https:\/\/www.radiopiu.net\/wordpress\/wp-content\/uploads\/2020\/05\/Luca-De-Carlo.jpg\" alt=\"\" width=\"136\" height=\"188\" \/><\/a>ROMA<\/strong> \u201c<em>Riaprire i ristoranti per un periodo di tempo prolungato significa dare respiro non solo al settore direttamente interessato ma spalancare una porta sul futuro all\u2019intera filiera che da un anno soffre terribilmente. La stima dell\u2019invenduto dei prodotti si aggira intorno ai 300 milioni di chili di carne bovina, 250 milioni di chili di pesce e frutti di mare e circa 200 milioni di bottiglie di vino. Solo nell\u2019ultimo anno il Made in Italy dell\u2019agroalimentare nel mercato interno ha perduto 11,5 miliardi di fatturato. Fratelli d\u2019Italia per questo ha presentato un emendamento al Senato per consentire l\u2019apertura fino alle ore 22 a tutte quelle attivit\u00e0 di ristorazione che in zona gialla garantiscono i presidi di sicurezza necessari. <\/em>\u00a0E\u2019 quanto dichiara il Sen. Luca De Carlo, responsabile nazionale del agricoltura di Fratelli d\u2019Italia.\u00a0<\/span><\/p>\n<p>&nbsp;<\/p>\n<p>&nbsp;<\/p>\n<hr \/>\n<p>&nbsp;<\/p>\n<blockquote>\n<h3>L&#8217;ORDINE DEL GIORNO DI BOND, MISURE SPECIALI PER CORTINA, BELLUNO E VENEZIA<\/h3>\n<\/blockquote>\n<p><a href=\"https:\/\/www.radiopiu.net\/wordpress\/dario-bond-e-il-bando-sul-direttore-della-fondazione-unesco\/dario-bond-12\/\" rel=\"attachment wp-att-191054\"><img loading=\"lazy\" decoding=\"async\" class=\" wp-image-191054 alignleft\" src=\"https:\/\/www.radiopiu.net\/wordpress\/wp-content\/uploads\/2021\/02\/DARIO-BOND-300x138.jpg\" alt=\"\" width=\"220\" height=\"101\" srcset=\"https:\/\/www.radiopiu.net\/wordpress\/wp-content\/uploads\/2021\/02\/DARIO-BOND-300x138.jpg 300w, https:\/\/www.radiopiu.net\/wordpress\/wp-content\/uploads\/2021\/02\/DARIO-BOND-1024x472.jpg 1024w, https:\/\/www.radiopiu.net\/wordpress\/wp-content\/uploads\/2021\/02\/DARIO-BOND-768x354.jpg 768w, https:\/\/www.radiopiu.net\/wordpress\/wp-content\/uploads\/2021\/02\/DARIO-BOND-1536x708.jpg 1536w, https:\/\/www.radiopiu.net\/wordpress\/wp-content\/uploads\/2021\/02\/DARIO-BOND.jpg 1600w\" sizes=\"auto, (max-width: 220px) 100vw, 220px\" \/><\/a><em>\u00abLa provincia di Belluno e Cortina devono avere le stesse condizioni fiscali di cui oggi gode Campione d\u2019Italia\u00bb.<\/em> Cos\u00ec in una nota il deputato di Forza Italia Dario Bond, a margine della seduta della Camera in cui \u00e8 stato approvato un ordine del giorno che impegna il governo a valutare l\u2019estensione di misure fiscali di vantaggio per il casin\u00f2 di Venezia, per il territorio bellunese e per Cortina.<\/p>\n<audio class=\"wp-audio-shortcode\" id=\"audio-193184-3\" preload=\"none\" style=\"width: 100%;\" controls=\"controls\"><source type=\"audio\/mpeg\" src=\"https:\/\/www.radiopiu.net\/wordpress\/wp-content\/uploads\/2021\/02\/BOND.mp3?_=3\" \/><a href=\"https:\/\/www.radiopiu.net\/wordpress\/wp-content\/uploads\/2021\/02\/BOND.mp3\">https:\/\/www.radiopiu.net\/wordpress\/wp-content\/uploads\/2021\/02\/BOND.mp3<\/a><\/audio>\n<p>&nbsp;<\/p>\n<p>&nbsp;<\/p>\n<hr \/>\n<p>&nbsp;<\/p>\n<blockquote>\n<h3>COSA RESTER\u00c0 DI QUESTI MONDIALI 2021?<\/h3>\n<p><strong>di Lorrain Berton, Presidente Confindustria Dolomiti<\/strong><\/p><\/blockquote>\n<p><strong><a href=\"https:\/\/www.radiopiu.net\/wordpress\/giornale-radiopiu-14-gennaio-2020-direttore-mirko-mezzacasa\/lorraine_berton-2\/\" rel=\"attachment wp-att-112912\"><img loading=\"lazy\" decoding=\"async\" class=\" wp-image-112912 alignleft\" src=\"https:\/\/www.radiopiu.net\/wordpress\/wp-content\/uploads\/2020\/01\/Lorraine_Berton-300x300.jpg\" alt=\"\" width=\"135\" height=\"135\" srcset=\"https:\/\/www.radiopiu.net\/wordpress\/wp-content\/uploads\/2020\/01\/Lorraine_Berton-300x300.jpg 300w, https:\/\/www.radiopiu.net\/wordpress\/wp-content\/uploads\/2020\/01\/Lorraine_Berton-150x150.jpg 150w, https:\/\/www.radiopiu.net\/wordpress\/wp-content\/uploads\/2020\/01\/Lorraine_Berton.jpg 767w\" sizes=\"auto, (max-width: 135px) 100vw, 135px\" \/><\/a>BELLUNO <\/strong>&#8220;<em>Restano sicuramente la bellezza delle nostre montagne e la capacit\u00e0 organizzativa dimostrata dai vari soggetti coinvolti, a partire dalla Fondazione. Resta una vetrina internazionale e un&#8217;opportunit\u00e0,\u00a0 dobbiamo sfruttarla con lungimiranza. Resta tanto orgoglio per aver offerto al mondo una bella pagina di sport nel mezzo di una feroce pandemia. Restano per\u00f2 anche le criticit\u00e0 di una provincia che, dal punto di vista viario e infrastrutturale, \u00e8 letteralmente in ginocchio&#8221;. Se i Mondiali non fossero stati a porte chiuse a causa delle restrizioni derivanti dal Covid sarebbe stato un dramma, una figuraccia davvero mondiale con il solito scaricabarile tra enti e politici. Questa consapevolezza deve spingerci a concentrare proprio sul tema delle infrastrutture le nostre forze e quelle del Governo appena nato, forte di due ministri bellunesi, un fatto pi\u00f9 unico che raro<\/em>&#8220;.<\/p>\n<p>&nbsp;<\/p>\n<p>&nbsp;<\/p>\n<hr \/>\n<p>&nbsp;<\/p>\n<blockquote>\n<h3>SOPRALLUOGO SUL LAGO DI SANTA CROCE PER LA RIMOZIONE DEI DETRITI, LA PROVINCIA AVVIA LA PROGRAMMAZIONE DELL\u2019INTERVENTO<\/h3>\n<\/blockquote>\n<p><strong>BELLUNO <\/strong><span class=\"s1\">A pochi giorni di distanza dal tavolo tecnico convocato a Palazzo Piloni per la rimozione dei detriti dal lago di Santa Croce, la Provincia ha effettuato un sopralluogo per verificare le zone maggiormente interessate dal problema. Presenti oltre ai tecnici provinciali con il consigliere delegato Massimo Bortoluzzi. <\/span><span class=\"s1\">\u00ab<em>Sar\u00e0 nostra cura &#8211; spiega Bortoluzzi &#8211;\u00a0 predisporre un progettino di intervento gi\u00e0 nei prossimi giorni, in modo da individuare i punti di recupero e la gestione ottimale del livello del lago nei giorni in cui potremo cominciare le operazioni: ci sono aree in cui il bacino \u00e8 molto profondo e altre in cui \u00e8 molto basso e paludoso, per cui non sar\u00e0 possibile intervenire dovunque nello stesso modo&#8221;<\/em>. <\/span><span class=\"s1\">Molte zone non sono raggiungibili con macchine operatrici e il lago presto torner\u00e0 ad alzarsi spostando il materiale. Per questo l&#8217;intervento sar\u00e0 in urgenza anche per rendere il lago sicuro per le operazioni di Protezione Civile giacch\u00e9 in caso di incendio li si riforniscono i Canadair. Non ultima la\u00a0 sicurezza delle attivit\u00e0 sportive e turistiche.<\/span><\/p>\n\n\t\t\t<style type='text\/css'>\n\t\t\t\t#gallery-3 {\n\t\t\t\t\tmargin: auto;\n\t\t\t\t}\n\t\t\t\t#gallery-3 .gallery-item {\n\t\t\t\t\tfloat: left;\n\t\t\t\t\tmargin-top: 10px;\n\t\t\t\t\ttext-align: center;\n\t\t\t\t\twidth: 20%;\n\t\t\t\t}\n\t\t\t\t#gallery-3 img {\n\t\t\t\t\tborder: 2px solid #cfcfcf;\n\t\t\t\t}\n\t\t\t\t#gallery-3 .gallery-caption {\n\t\t\t\t\tmargin-left: 0;\n\t\t\t\t}\n\t\t\t\t\/* see gallery_shortcode() in wp-includes\/media.php *\/\n\t\t\t<\/style>\n\t\t<div id='gallery-3' class='dt-gallery-container gallery galleryid-193184 gallery-columns-5 gallery-size-thumbnail'><dl class='gallery-item'>\n\t\t\t\t<dt class='gallery-icon landscape'>\n\t\t\t\t\t<a class=\"rollover rollover-zoom dt-pswp-item\" title=\"PHOTO-2021-02-22-17-35-13[1]\" data-dt-img-description=\"\" data-large_image_width=\"1600\" data-large_image_height=\"1200\"href='https:\/\/www.radiopiu.net\/wordpress\/wp-content\/uploads\/2021\/02\/PHOTO-2021-02-22-17-35-131.jpg'><img loading=\"lazy\" decoding=\"async\" width=\"150\" height=\"150\" src=\"https:\/\/www.radiopiu.net\/wordpress\/wp-content\/uploads\/2021\/02\/PHOTO-2021-02-22-17-35-131-150x150.jpg\" class=\"attachment-thumbnail size-thumbnail\" alt=\"\" \/><\/a>\n\t\t\t\t<\/dt><\/dl><dl class='gallery-item'>\n\t\t\t\t<dt class='gallery-icon landscape'>\n\t\t\t\t\t<a class=\"rollover rollover-zoom dt-pswp-item\" title=\"PHOTO-2021-02-22-17-34-57\" data-dt-img-description=\"\" data-large_image_width=\"1600\" data-large_image_height=\"1200\"href='https:\/\/www.radiopiu.net\/wordpress\/wp-content\/uploads\/2021\/02\/PHOTO-2021-02-22-17-34-57.jpg'><img loading=\"lazy\" decoding=\"async\" width=\"150\" height=\"150\" src=\"https:\/\/www.radiopiu.net\/wordpress\/wp-content\/uploads\/2021\/02\/PHOTO-2021-02-22-17-34-57-150x150.jpg\" class=\"attachment-thumbnail size-thumbnail\" alt=\"\" \/><\/a>\n\t\t\t\t<\/dt><\/dl><dl class='gallery-item'>\n\t\t\t\t<dt class='gallery-icon landscape'>\n\t\t\t\t\t<a class=\"rollover rollover-zoom dt-pswp-item\" title=\"PHOTO-2021-02-22-17-34-59\" data-dt-img-description=\"\" data-large_image_width=\"1600\" data-large_image_height=\"1200\"href='https:\/\/www.radiopiu.net\/wordpress\/wp-content\/uploads\/2021\/02\/PHOTO-2021-02-22-17-34-59.jpg'><img loading=\"lazy\" decoding=\"async\" width=\"150\" height=\"150\" src=\"https:\/\/www.radiopiu.net\/wordpress\/wp-content\/uploads\/2021\/02\/PHOTO-2021-02-22-17-34-59-150x150.jpg\" class=\"attachment-thumbnail size-thumbnail\" alt=\"\" \/><\/a>\n\t\t\t\t<\/dt><\/dl><dl class='gallery-item'>\n\t\t\t\t<dt class='gallery-icon landscape'>\n\t\t\t\t\t<a class=\"rollover rollover-zoom dt-pswp-item\" title=\"PHOTO-2021-02-22-17-35-10\" data-dt-img-description=\"\" data-large_image_width=\"1600\" data-large_image_height=\"1200\"href='https:\/\/www.radiopiu.net\/wordpress\/wp-content\/uploads\/2021\/02\/PHOTO-2021-02-22-17-35-10.jpg'><img loading=\"lazy\" decoding=\"async\" width=\"150\" height=\"150\" src=\"https:\/\/www.radiopiu.net\/wordpress\/wp-content\/uploads\/2021\/02\/PHOTO-2021-02-22-17-35-10-150x150.jpg\" class=\"attachment-thumbnail size-thumbnail\" alt=\"\" \/><\/a>\n\t\t\t\t<\/dt><\/dl><dl class='gallery-item'>\n\t\t\t\t<dt class='gallery-icon landscape'>\n\t\t\t\t\t<a class=\"rollover rollover-zoom dt-pswp-item\" title=\"PHOTO-2021-02-22-17-35-11\" data-dt-img-description=\"\" data-large_image_width=\"1600\" data-large_image_height=\"1200\"href='https:\/\/www.radiopiu.net\/wordpress\/wp-content\/uploads\/2021\/02\/PHOTO-2021-02-22-17-35-11.jpg'><img loading=\"lazy\" decoding=\"async\" width=\"150\" height=\"150\" src=\"https:\/\/www.radiopiu.net\/wordpress\/wp-content\/uploads\/2021\/02\/PHOTO-2021-02-22-17-35-11-150x150.jpg\" class=\"attachment-thumbnail size-thumbnail\" alt=\"\" \/><\/a>\n\t\t\t\t<\/dt><\/dl><br style=\"clear: both\" \/><dl class='gallery-item'>\n\t\t\t\t<dt class='gallery-icon landscape'>\n\t\t\t\t\t<a class=\"rollover rollover-zoom dt-pswp-item\" title=\"PHOTO-2021-02-22-17-35-12\" data-dt-img-description=\"\" data-large_image_width=\"1600\" data-large_image_height=\"1200\"href='https:\/\/www.radiopiu.net\/wordpress\/wp-content\/uploads\/2021\/02\/PHOTO-2021-02-22-17-35-12.jpg'><img loading=\"lazy\" decoding=\"async\" width=\"150\" height=\"150\" src=\"https:\/\/www.radiopiu.net\/wordpress\/wp-content\/uploads\/2021\/02\/PHOTO-2021-02-22-17-35-12-150x150.jpg\" class=\"attachment-thumbnail size-thumbnail\" alt=\"\" \/><\/a>\n\t\t\t\t<\/dt><\/dl><dl class='gallery-item'>\n\t\t\t\t<dt class='gallery-icon landscape'>\n\t\t\t\t\t<a class=\"rollover rollover-zoom dt-pswp-item\" title=\"PHOTO-2021-02-22-17-35-12[1]\" data-dt-img-description=\"\" data-large_image_width=\"1600\" data-large_image_height=\"1200\"href='https:\/\/www.radiopiu.net\/wordpress\/wp-content\/uploads\/2021\/02\/PHOTO-2021-02-22-17-35-121.jpg'><img loading=\"lazy\" decoding=\"async\" width=\"150\" height=\"150\" src=\"https:\/\/www.radiopiu.net\/wordpress\/wp-content\/uploads\/2021\/02\/PHOTO-2021-02-22-17-35-121-150x150.jpg\" class=\"attachment-thumbnail size-thumbnail\" alt=\"\" \/><\/a>\n\t\t\t\t<\/dt><\/dl><dl class='gallery-item'>\n\t\t\t\t<dt class='gallery-icon landscape'>\n\t\t\t\t\t<a class=\"rollover rollover-zoom dt-pswp-item\" title=\"PHOTO-2021-02-22-17-35-12[2]\" data-dt-img-description=\"\" data-large_image_width=\"1600\" data-large_image_height=\"1200\"href='https:\/\/www.radiopiu.net\/wordpress\/wp-content\/uploads\/2021\/02\/PHOTO-2021-02-22-17-35-122.jpg'><img loading=\"lazy\" decoding=\"async\" width=\"150\" height=\"150\" src=\"https:\/\/www.radiopiu.net\/wordpress\/wp-content\/uploads\/2021\/02\/PHOTO-2021-02-22-17-35-122-150x150.jpg\" class=\"attachment-thumbnail size-thumbnail\" alt=\"\" \/><\/a>\n\t\t\t\t<\/dt><\/dl><dl class='gallery-item'>\n\t\t\t\t<dt class='gallery-icon landscape'>\n\t\t\t\t\t<a class=\"rollover rollover-zoom dt-pswp-item\" title=\"PHOTO-2021-02-22-17-35-12[3]\" data-dt-img-description=\"\" data-large_image_width=\"1600\" data-large_image_height=\"1200\"href='https:\/\/www.radiopiu.net\/wordpress\/wp-content\/uploads\/2021\/02\/PHOTO-2021-02-22-17-35-123.jpg'><img loading=\"lazy\" decoding=\"async\" width=\"150\" height=\"150\" src=\"https:\/\/www.radiopiu.net\/wordpress\/wp-content\/uploads\/2021\/02\/PHOTO-2021-02-22-17-35-123-150x150.jpg\" class=\"attachment-thumbnail size-thumbnail\" alt=\"\" \/><\/a>\n\t\t\t\t<\/dt><\/dl><dl class='gallery-item'>\n\t\t\t\t<dt class='gallery-icon landscape'>\n\t\t\t\t\t<a class=\"rollover rollover-zoom dt-pswp-item\" title=\"PHOTO-2021-02-22-17-35-13\" data-dt-img-description=\"\" data-large_image_width=\"1600\" data-large_image_height=\"1200\"href='https:\/\/www.radiopiu.net\/wordpress\/wp-content\/uploads\/2021\/02\/PHOTO-2021-02-22-17-35-13.jpg'><img loading=\"lazy\" decoding=\"async\" width=\"150\" height=\"150\" src=\"https:\/\/www.radiopiu.net\/wordpress\/wp-content\/uploads\/2021\/02\/PHOTO-2021-02-22-17-35-13-150x150.jpg\" class=\"attachment-thumbnail size-thumbnail\" alt=\"\" \/><\/a>\n\t\t\t\t<\/dt><\/dl><br style=\"clear: both\" \/>\n\t\t\t<\/div>\n\n<p>&nbsp;<\/p>\n<hr \/>\n<p>&nbsp;<\/p>\n<blockquote>\n<h3>RIGENERAZIONE DELLA SCUOLA GABELLI, PRESENTATI I PROGETTI DEGLI ARREDI<\/h3>\n<\/blockquote>\n<p><strong><a href=\"https:\/\/www.radiopiu.net\/wordpress\/rigenerazione-della-scuola-gabelli-presentati-i-progetti-degli-arredi\/presentazione-bozza-progetti-arredi-gabelli-5\/\" rel=\"attachment wp-att-193238\"><img loading=\"lazy\" decoding=\"async\" class=\" wp-image-193238 alignleft\" src=\"https:\/\/www.radiopiu.net\/wordpress\/wp-content\/uploads\/2021\/02\/Presentazione-bozza-progetti-arredi-Gabelli-5-300x300.jpeg\" alt=\"\" width=\"118\" height=\"118\" srcset=\"https:\/\/www.radiopiu.net\/wordpress\/wp-content\/uploads\/2021\/02\/Presentazione-bozza-progetti-arredi-Gabelli-5-300x300.jpeg 300w, https:\/\/www.radiopiu.net\/wordpress\/wp-content\/uploads\/2021\/02\/Presentazione-bozza-progetti-arredi-Gabelli-5-1024x1024.jpeg 1024w, https:\/\/www.radiopiu.net\/wordpress\/wp-content\/uploads\/2021\/02\/Presentazione-bozza-progetti-arredi-Gabelli-5-150x150.jpeg 150w, https:\/\/www.radiopiu.net\/wordpress\/wp-content\/uploads\/2021\/02\/Presentazione-bozza-progetti-arredi-Gabelli-5-768x768.jpeg 768w, https:\/\/www.radiopiu.net\/wordpress\/wp-content\/uploads\/2021\/02\/Presentazione-bozza-progetti-arredi-Gabelli-5.jpeg 1500w\" sizes=\"auto, (max-width: 118px) 100vw, 118px\" \/><\/a><a href=\"https:\/\/www.radiopiu.net\/wordpress\/giornale-radiopiu-24-febbraio-2021-direttore-mirko-mezzacasa\/10e8f2f8-f293-4f27-8630-24921ce44a89\/\" rel=\"attachment wp-att-193298\"><img loading=\"lazy\" decoding=\"async\" class=\" wp-image-193298 alignright\" src=\"https:\/\/www.radiopiu.net\/wordpress\/wp-content\/uploads\/2021\/02\/10e8f2f8-f293-4f27-8630-24921ce44a89-300x245.jpg\" alt=\"\" width=\"182\" height=\"149\" srcset=\"https:\/\/www.radiopiu.net\/wordpress\/wp-content\/uploads\/2021\/02\/10e8f2f8-f293-4f27-8630-24921ce44a89-300x245.jpg 300w, https:\/\/www.radiopiu.net\/wordpress\/wp-content\/uploads\/2021\/02\/10e8f2f8-f293-4f27-8630-24921ce44a89-1024x835.jpg 1024w, https:\/\/www.radiopiu.net\/wordpress\/wp-content\/uploads\/2021\/02\/10e8f2f8-f293-4f27-8630-24921ce44a89-768x626.jpg 768w, https:\/\/www.radiopiu.net\/wordpress\/wp-content\/uploads\/2021\/02\/10e8f2f8-f293-4f27-8630-24921ce44a89-1536x1253.jpg 1536w, https:\/\/www.radiopiu.net\/wordpress\/wp-content\/uploads\/2021\/02\/10e8f2f8-f293-4f27-8630-24921ce44a89.jpg 1600w\" sizes=\"auto, (max-width: 182px) 100vw, 182px\" \/><\/a>BELLUNO <\/strong>Prosegue il lavoro di rigenerazione urbana alla Scuola Gabelli: nei giorni scorsi \u00e8 stata infatti presentata la prima bozza dei progetti per gli arredi dei diversi spazi che dall&#8217;autunno 2021 torneranno ad accogliere i piccoli studenti bellunesi. Ad illustrare le prime idee sono stati i giovani architetti dello studio di architettura bolognese Cucinella.\u00a0 E&#8217; stata presentata la bozza progettuale; ogni gruppo ha avuto l\u2019opportunit\u00e0 di confrontarsi con i colleghi e con i professionisti, valutare le proposte e richiedere eventuali modifiche. Nel mese di marzo lo studio presenter\u00e0 il progetto definitivo.<\/p>\n<p>&nbsp;<\/p>\n<p>&nbsp;<\/p>\n<hr \/>\n<p>&nbsp;<\/p>\n<blockquote>\n<h3>I CAPIGRUPPO DI CENTRO DESTRA CON IL PREFETTO SERGIO BRACCO<\/h3>\n<\/blockquote>\n<blockquote><p><em>L&#8217;incontro: la giusta relazione tra Istituzioni diverse, fatta di rispetto, dialogo equilibrato, confronto franco,\u00a0 scambio di idee, ascolto paziente e\u00a0 soluzioni concrete per i cittadini <a href=\"https:\/\/www.radiopiu.net\/wordpress\/de-coccio-1000-sanzioni-da-inizio-emergenza\/prefettura-belluno\/\" rel=\"attachment wp-att-133575\"><img loading=\"lazy\" decoding=\"async\" class=\" wp-image-133575 alignleft\" src=\"https:\/\/www.radiopiu.net\/wordpress\/wp-content\/uploads\/2020\/04\/PREFETTURA-BELLUNO-300x300.jpeg\" alt=\"\" width=\"134\" height=\"134\" srcset=\"https:\/\/www.radiopiu.net\/wordpress\/wp-content\/uploads\/2020\/04\/PREFETTURA-BELLUNO-300x300.jpeg 300w, https:\/\/www.radiopiu.net\/wordpress\/wp-content\/uploads\/2020\/04\/PREFETTURA-BELLUNO-150x150.jpeg 150w, https:\/\/www.radiopiu.net\/wordpress\/wp-content\/uploads\/2020\/04\/PREFETTURA-BELLUNO.jpeg 384w\" sizes=\"auto, (max-width: 134px) 100vw, 134px\" \/><\/a>della piccola-grande Belluno.<\/em><\/p><\/blockquote>\n<p><strong>BELLUNO<\/strong> I cinque rappresentanti delle forze politiche di centro-destra in seno al Consiglio Comunale di Belluno:\u00a0 Raffaele Addamiano, Luciano Da Pian, Paolo Gamba, Francesco Pingitore e Franco Roccon, hanno incontrato il Prefetto di Belluno, Sergio Bracco. Gli stessi amministratori hanno chiesto l&#8217;incontro con lo scopo di presentarsi e\u00a0 presentare la Citt\u00e0 Capoluogo, ma anche manifestare la disponibilit\u00e0, secondo le rispettive competenze e i distinti ruoli, a lavorare assieme per il bene della collettivit\u00e0.\u00a0 Al Prefetto i consiglieri comunali hanno espresso le loro idee ed esigenze in tema di sicurezza pubblica, lotta alla droga e al degrado urbano, appalti, autonomia, tutela dell\u2019ambiente montano, infrastrutture viarie, volontariato, eventi culturali e sportivi come i recenti Mondiali. <em>Il vero e qualificante punto in comune tra i partecipanti &#8211; dicono i consiglieri &#8211; \u00e8 stata, comunque, la considerazione che Belluno \u00e8 e resta una \u201dcitt\u00e0 sana\u201d a misura d\u2019uomo, abitata da \u201cpersone vere\u201d che sono dotate in larghissima parte di senso civico e di indefesso spirito di abnegazione, specie nei momenti difficili come l\u2019attuale o come quello dell\u2019ottobre del 2018 a causa della tempesta Vaia&#8221;.<\/em><\/p>\n<p>&nbsp;<\/p>\n<p>&nbsp;<\/p>\n<hr \/>\n<p>&nbsp;<\/p>\n<blockquote>\n<h3>ROCCON CONTRO MASSARO E I RIMPALLI DA UFFICIO<\/h3>\n<\/blockquote>\n<p><strong><a href=\"https:\/\/www.radiopiu.net\/wordpress\/caro-carburante-e-chi-ci-pensa-a-chi-lavora-intervento-di-franco-roccon\/roccon-franco\/\" rel=\"attachment wp-att-52102\"><img loading=\"lazy\" decoding=\"async\" class=\"wp-image-52102 alignleft\" src=\"https:\/\/www.radiopiu.net\/wordpress\/wp-content\/uploads\/2018\/06\/Roccon-Franco-250x300.jpg\" alt=\"\" width=\"111\" height=\"133\" srcset=\"https:\/\/www.radiopiu.net\/wordpress\/wp-content\/uploads\/2018\/06\/Roccon-Franco-250x300.jpg 250w, https:\/\/www.radiopiu.net\/wordpress\/wp-content\/uploads\/2018\/06\/Roccon-Franco.jpg 402w\" sizes=\"auto, (max-width: 111px) 100vw, 111px\" \/><\/a>BELLUNO<\/strong> Il consigliere Franco Roccon chiede al sindaco e uffici interessati quanto bonifici sono stati fatti in questi ultimi sei anni per i disabili che hanno installato i dispositivi per abbattere le barriere architettoniche e che da tempo attendono il conforto economico del contributo promesso.\u00a0 Secondo Roccon sono state depositate in Comune 40 richieste di contributo. <em>&#8220;Da oltre un anno e mezzo sto seguendo personalmente l&#8217;iter di alcune pratiche &#8211; dice Franco Roccon &#8211; sono state presentate da anziani e sto constatando lo scaricabarile, non nascondo la mia delusione come amministratore e cittadino&#8221;.\u00a0 <\/em>A fine febbraio 2021, quasi sette anni dall\u2019inizio del deposito delle prime pratiche, pare, che\u00a0 alcune decine di soggetti interessati potranno avere a brevissimo i soldi che attendono in conto corrente.<\/p>\n<p>&nbsp;<\/p>\n<p>&nbsp;<\/p>\n<hr \/>\n<p>&nbsp;<\/p>\n<blockquote>\n<h3>VIETATI I FUOCHI ALL&#8217;APERTO E LO SPARGIMENTO DI LIQUAMI<\/h3>\n<\/blockquote>\n<p><strong><a href=\"https:\/\/www.radiopiu.net\/wordpress\/giornale-radiopiu-24-febbraio-2021-direttore-mirko-mezzacasa\/th-51\/\" rel=\"attachment wp-att-193364\"><img loading=\"lazy\" decoding=\"async\" class=\" wp-image-193364 alignleft\" src=\"https:\/\/www.radiopiu.net\/wordpress\/wp-content\/uploads\/2021\/02\/th-25.jpg\" alt=\"\" width=\"170\" height=\"128\" \/><\/a>FELTRE<\/strong> Via alle misure per il contenimento dell&#8217;inquinamento atmosferico,\u00a0 il sindaco Perenzin ha firmato l&#8217;ordinanza che vieta l&#8217;accensione di fuochi all&#8217;aperto e lo spandimento di liquami zootecnici, fino al rientro dallo stato di allerta 1 al livello &#8220;nessuna allerta&#8221;. L&#8217;ordinanza in vigore da ieri\u00a0 dopo i cinque sforamenti consecutivi di concentrazioni di Pm10 nell&#8217;aria registrati da mercoled\u00ec a domenica, l&#8217;Arpav ha annunciato che il livello arancio proseguir\u00e0 almeno fino alla giornata di gioved\u00ec. L&#8217;obiettivo del Comune\u00a0 \u00e8 evitare effetti cumulativi, vietando anche la combustione di residui vegetali all&#8217;aperto.<\/p>\n<p>&nbsp;<\/p>\n<p>&nbsp;<\/p>\n<hr \/>\n<p>&nbsp;<\/p>\n<blockquote>\n<h3>VALORIZZAZIONE DELLA VAL CANZOI, PUNTO TURISTICO IN AFFITTO &#8211; ALL&#8217;ASTA.<\/h3>\n<\/blockquote>\n<h3><a href=\"https:\/\/www.radiopiu.net\/wordpress\/giornale-radiopiu-24-febbraio-2021-direttore-mirko-mezzacasa\/orsera-val-fraina-flla-san-mauro-al-pos-montagne-val-canzoi-foto-08\/\" rel=\"attachment wp-att-193371\"><img loading=\"lazy\" decoding=\"async\" class=\"wp-image-193371 alignleft\" src=\"https:\/\/www.radiopiu.net\/wordpress\/wp-content\/uploads\/2021\/02\/Orsera-Val-Fraina-Flla-San-Mauro-Al-Pos-Montagne-Val-Canzoi-Foto-08-300x200.jpg\" alt=\"\" width=\"212\" height=\"141\" srcset=\"https:\/\/www.radiopiu.net\/wordpress\/wp-content\/uploads\/2021\/02\/Orsera-Val-Fraina-Flla-San-Mauro-Al-Pos-Montagne-Val-Canzoi-Foto-08-300x200.jpg 300w, https:\/\/www.radiopiu.net\/wordpress\/wp-content\/uploads\/2021\/02\/Orsera-Val-Fraina-Flla-San-Mauro-Al-Pos-Montagne-Val-Canzoi-Foto-08.jpg 600w\" sizes=\"auto, (max-width: 212px) 100vw, 212px\" \/><\/a><\/h3>\n<p><strong>CESIOMAGGIORE<\/strong><\/p>\n<p><strong>di DAMIANO TORMEN<\/strong><\/p>\n<audio class=\"wp-audio-shortcode\" id=\"audio-193184-4\" preload=\"none\" style=\"width: 100%;\" controls=\"controls\"><source type=\"audio\/mpeg\" src=\"https:\/\/www.radiopiu.net\/wordpress\/wp-content\/uploads\/2021\/02\/damiano-orsera.mp3?_=4\" \/><a href=\"https:\/\/www.radiopiu.net\/wordpress\/wp-content\/uploads\/2021\/02\/damiano-orsera.mp3\">https:\/\/www.radiopiu.net\/wordpress\/wp-content\/uploads\/2021\/02\/damiano-orsera.mp3<\/a><\/audio>\n<p>&nbsp;<\/p>\n<p>&nbsp;<\/p>\n<hr \/>\n<p>&nbsp;<\/p>\n<p>&nbsp;<\/p>\n<blockquote class=\"wp-embedded-content\" data-secret=\"vOo1p3xVhN\"><p><a href=\"https:\/\/www.radiopiu.net\/wordpress\/un-anno-di-covid-parlano-scaggiante-e-calabro\/\">UN ANNO DI COVID, PARLANO SCAGGIANTE E CALABRO<\/a><\/p><\/blockquote>\n<p><iframe loading=\"lazy\" class=\"wp-embedded-content\" sandbox=\"allow-scripts\" security=\"restricted\" style=\"position: absolute; clip: rect(1px, 1px, 1px, 1px);\" title=\"&#8220;UN ANNO DI COVID, PARLANO SCAGGIANTE E CALABRO&#8221; &#8212; Radio Pi\u00f9\" src=\"https:\/\/www.radiopiu.net\/wordpress\/un-anno-di-covid-parlano-scaggiante-e-calabro\/embed\/#?secret=vOo1p3xVhN\" data-secret=\"vOo1p3xVhN\" width=\"600\" height=\"338\" frameborder=\"0\" marginwidth=\"0\" marginheight=\"0\" scrolling=\"no\"><\/iframe><\/p>\n<p>&nbsp;<\/p>\n<hr \/>\n<blockquote>\n<h3><\/h3>\n<h3><\/h3>\n<\/blockquote>\n<blockquote class=\"wp-embedded-content\" data-secret=\"d0Yu50IQzk\"><p><a href=\"https:\/\/www.radiopiu.net\/wordpress\/aggfeb22322\/\">CORONAVIRUS: AGGIORNAMENTO NAZIONALE 23 FEBBRAIO 2021<\/a><\/p><\/blockquote>\n<p><iframe loading=\"lazy\" class=\"wp-embedded-content\" sandbox=\"allow-scripts\" security=\"restricted\" style=\"position: absolute; clip: rect(1px, 1px, 1px, 1px);\" title=\"&#8220;CORONAVIRUS: AGGIORNAMENTO NAZIONALE 23 FEBBRAIO 2021&#8221; &#8212; Radio Pi\u00f9\" src=\"https:\/\/www.radiopiu.net\/wordpress\/aggfeb22322\/embed\/#?secret=d0Yu50IQzk\" data-secret=\"d0Yu50IQzk\" width=\"600\" height=\"338\" frameborder=\"0\" marginwidth=\"0\" marginheight=\"0\" scrolling=\"no\"><\/iframe><\/p>\n<blockquote>\n<h3><\/h3>\n<hr \/>\n<h3><\/h3>\n<h3>LEGGI LA CONFERENZA STAMPA DI LUCA ZAIA<\/h3>\n<h3>RISALGONO I RICOVERI IN OSPEDALE, FLOR RIFERISCE DOPO ESSERE STATO ASCOLTATO DAI NAS DEI CARABINIERI &#8220;SONO STATO TORCHIATO&#8221;, FA CHIAREZZA SU COME E&#8217; ANDATO IL MANCATO ACQUISTO DEI VACCINI<\/h3>\n<\/blockquote>\n<p><strong>IN AUMENTO I RICOVERI<\/strong> Oggi per la prima volta risalgono i ricoveri, +46 ed \u00e8 un dato da guardare con attenzione, i dati erano in calo dal 31 dicembre. Io dico che invece di guardare l&#8217;Rt\u00a0 bisogna attenzionare i ricoveri, quando\u00a0 superano le dimissioni il trend\u00a0 cambia, non possiamo abbassare la guardia. <strong>INCONTRI PER IL NUOVO DPCM\u00a0<\/strong> Il Dpcm che spero andremo a scrivere con il Governo sar\u00e0 una pietra migliare, sar\u00e0 quello che rappresenta il grande sparti acqua tra l&#8217;inverno che si chiude e la primavera che inizia. Spero vengano prese in considerazione i ristori la nostra economia ne ha bisogno. La vaccinazione del primo target (185mila) ci dice che i focolai ospedalieri si sono dileguati. Non ho capito se arriveranno vaccini in pi\u00f9 o in meno ma a marzo c&#8217;\u00e8 una previsione di 8 milioni di dosi per l&#8217;Italia. Per noi sarebbero 600mila dosi e non sarebbe male<strong>. IL SINDACO DI TREVISO CONTE CHIEDE DI APRIRE I RISTORANTI, POSIZIONE LEGA<\/strong> Le misure vanno spiegate per non avere letture irresponsabili. Se si possono aprire i ristoranti a mezzogiorno per la propriet\u00e0 transitiva lo si puo&#8217; fare anche la sera con prenotazione e norme covid. Gli imprenditori hanno investito nelle linee guida. Questa fase di convivenza con il virus invoca aperture ma servono ancora maggiori misure di contenimento, nessun allentamento.<\/p>\n<blockquote>\n<h3>LUCIANO FLOR DIRETTORE SANITA&#8217; VENETO<\/h3>\n<p><em>Con i Nas dei Carabinieri.\u00a0 Se sono stato torchiato? Si, ma non ho niente da nascondere quanto sapevo l&#8217;ho detto, non ho nulla da temere se c&#8217;\u00e8 da fare chiarezza si faccia chiarezza.<\/em><\/p><\/blockquote>\n<p>Al netto degli 8milioni di cui si annuncia la fornitura da ieri al 31 marzo avremo una fornitura di 610mila dosi e quindi a marzo possiamo vaccinare molto di pi\u00f9. Sono dosi Pfizer, Astrezeneca e Moderna. Ieri \u00e8 uscita la nuova scheda tecnica di Astrezeneca che porta l&#8217;et\u00e0 a 65 anni. Adesso rivedremo il calendario ma partiamo vaccinando pi\u00f9 del preventivato <strong>PRIMA GIORNATA CONTROTENDENZA<\/strong> Abbiamo avuto dal 31 dicembre a ieri un lento calo quotidiano. Cercheremo di capire se c&#8217;\u00e8 un focolaio di contagio ma ci dicono dagli ospedali che arrivano pazienti da casa con malattie importanti che si aggravano in pochissimo tempo.<strong> RIPRESA ATTIVITA&#8217;<\/strong> Bisogna stare in allerta sull&#8217;attivit\u00e0 di questi nuovi contagi. Oggi partita tutta l&#8217;attivit\u00e0 ordinaria ma non ci aspettavamo un aumento di ricoveri anche in rianimazione con il numero di nuovi ingressi superiori alle dimissioni e sono nuovi ingressi di malattie recenti. <strong>DI NUOVO IN ALLERTA<\/strong> Ci sono ancora pi\u00f9 di 20mila persone in isolamento la malattia \u00e8 ancora presente quindi le misure vanno rispettate. Domenica ho visto assembramenti e quello di oggi deve essere un campanello d&#8217;allarme. Quella di oggi non \u00e8 un&#8217;ipotesi, ma numeri: dopo un calo continuo oggi la malattia si presenta con un numero maggiore di ricoverati, nuovi casi e sono tanti. Sono singole unit\u00e0 sul territorio, dovremo capire qual&#8217;\u00e8 la catena preferenziale, la preoccupazione \u00e8 si sugli assembramenti ma anche sulla confidenza presa con la attivit\u00e0 quotidiane.<\/p>\n<p><span style=\"color: #ff0000;\">DOMANDE<\/span><\/p>\n<p><em> Si portano a casa le malattie ai famigliari \u00e8 un fenomeno notato e censito.\u00a0<\/em><\/p>\n<p><strong>IL TREND E&#8217; DA VARIANTE INGLESE?<\/strong> Quello di oggi \u00e8 un dato delle ultime 24 ore, \u00e8 un andamento presente nelle Regioni circostanti che lo hanno registrato gi\u00e0 da due settimane. Dobbiamo verificare l&#8217;origine del contagio. Non abbiamo grandi numeri di ceppi inglesi, sudafricani o brasiliani. <strong>NOVITA&#8217; SUL MERCATO PARALLELO<\/strong> Sul fronte dell&#8217;indagine che non chiamerei mercato (che esista \u00e8 un discorso) a fronte di numero situazioni in cui ci \u00e8 stata segnalata la possibilit\u00e0 di fornire vaccino \u00e8 stata segnalata, come Regione Veneto &#8211; Azienda Zero. Sulla base di questo stiamo facendo verifiche per avere tutti i dati necessari per poter chiedere autorizzazione all&#8217;acquisto ed importazione ad Aifa e struttura commisariale del Governo. Se domani troviamo il vaccino lo possiamo comperare senza autorizzazione ma non lo possiamo importare. Abbiamo chiesto se possiamo avviare una verifica, se possiamo pensare di negoziare l&#8217;acquisto e l&#8217;importazione. Con le strutture con cui ci siamo interfacciati (otto) abbiamo chiesto informazioni sul vaccino, se autorizzato, con quali tempi di fornitura e costo. Questa la lettera inviata a otto interlocutori. A due di questi otto (inglese e italiana) abbiamo chiesto il numero di lotto che serve per la pratica di autorizzazione Aifa. Abbiamo chiesto il numero di lotto, una ditta non ci ha risposto l&#8217;altra ci ha detto che non \u00e8 in grado di darci il numero. Con questa situazione la ditta non \u00e8 in grado di garantire la fornitura. Noi abbiamo chiesto il numero di lotto per l&#8217;autorizzazione Ministeriale necessaria. Non ci sono cose strade o mercati. Io non lo posso comperare. <strong>CON I NAS<\/strong> Io sono stato sentito dai Nas dei Carabinieri, abbiamo fornito tutte le indicazioni chieste, garantisco che a profondit\u00e0 di indagine non manca nulla. Se sono stato torchiato? Si, ma non ho niente da nascondere quanto sapevo l&#8217;ho detto, non ho nulla da temere se c&#8217;\u00e8 da fare chiarezza si faccia chiarezza. Mi sono sempre mosso pubblicamente e sempre con lettere e risposte scritte, il resto sono chiacchiere non c&#8217;\u00e8 alcun accordo sotterraneo. Il numero di lotto a proposito lo fornisce non l&#8217;intermediario ma il produttore. <strong>PERCHE&#8217; L&#8217;AZIENDA NON VI HA DATO\u00a0 IL NUMERO DEL LOTTO<\/strong> Perch\u00e9 non sono in grado di garantire la fornitura, ne prendiamo atto. <strong>SI POSSONO NEGOZIARE QUESTI VACCINI?\u00a0\u00a0<\/strong>Noi siamo autorizzati a comperare i vaccini in base alle autorizzazioni di Aifa e Governo. E&#8217; quello che abbiamo fatto. Chi ci ha offerto il vaccino ci ha detto che si tratta di Pfizer, che il vaccino si trova presso lo stabilimento dell&#8217;industria produttrice in Germania. Ma una societ\u00e0 ci ha detto venerdi o sabato che non \u00e8 in grado di garantire la fornitura.<strong> OPERAZIONE CONCLUSA?<\/strong> Se qualcuno viene con il numero del lotto della fornitura mi rivolger\u00f2 ad Aifa e struttura commissariale e rinnover\u00f2 la richiesta per l&#8217;acquisto. Nelle note scritte abbiamo sempre precisato che tutta l&#8217;operazione \u00e8 subordinata all&#8217;autorizzazione Aifa. E quanto scriviamo non impegna a portare avanti il rapporto senza autorizzazioni necessarie. <strong>CIRCA I FORNITORI?<\/strong> Per noi \u00e8 routine con Azienda Zero fare verifiche e anche visure camerali sulle aziende a garanzia della loro solidit\u00e0. <strong>LAMENTA ASSEMBRAMENTI DEL FINE SETTIMANA<\/strong> E&#8217; stato allentato il rigore delle distanze e mascherine, ho visto i giovani in centro citt\u00e0 a Padova con i miei occhi. Un disastro. Ho visto anche controlli, parecchie persone che controllano, ma perch\u00e9 bisogna invocare controlli? Serve responsabilit\u00e0, civilt\u00e0 e rispetto per le persone. Si portano a casa le malattie ai famigliari \u00e8 un fenomeno notato e censito. <strong>INSEGNANTI AMMALATI DOPO IL VACCINO<\/strong> Mi risulta che abbiamo effetti collaterali come descritti sulla scheda informativa, capita anche con la vaccinazione influenzale. Episodi di reazioni gravi non ne abbiamo. Le reazione le da anche l&#8217;antidolorifico, la vaccinazione indistinta con i tre farmaci copre con una percentuale vicina al 100% dalle complicanze gravi della malattia covid. <strong>COME SIETE ENTRATI IN CONTATTO CON L&#8217;INTERMEDIARIO AL QUALE AVETE CHIESTO 15 MILIONI DI DOSI<\/strong> Un nostro fornitore che gi\u00e0 ci aveva portato le mascherine ci ha fatto sapere di essere in grado di fornire vaccini. Gli abbiamo chiesto di scrivere e il fornitore si \u00e8 rivolto ad una persona che ha una societ\u00e0 e ci ha fatto una proposta. Il nostro contatto \u00e8 stato il fornitore, altri non li ho visti ne cercati. Il fornitore al contrario ha avuto relazioni con l&#8217;intermediario.La proposta erano 2,5 milioni di fiale a prezzo di mercato europeo 12,50 euro. Io ho chiesto il numero di lotto solo allora sapro&#8217; da dove arriva. Non posso fare istanza di autorizzazione se non ho il numero di lotto. Noi paghiamo la\u00a0 fattura entro 60 giorni. Qualcuno ci ha chiesto che vi sia una somma vincolata in una banca, ed \u00e8 la banca che ci fa da tesoriere Significa la certezza di avere 20 milioni vincolati per acquistare il vaccino. Non \u00e8 vietato n\u00e9 fuorilegge anche se poco utilizzato in Italia <span style=\"color: #ff0000;\">Domanda della giornalista di Piazza Pulita<\/span>\u00a0 <strong>L&#8217;INTERMEDIARIO RATTA&#8217; SEMBRAVA UN INTERLOCUTORE AFFIDABILE? L&#8217;AZIENDA CHE FINO A POCO FA ERA NEL SETTORE ABBIGLIAMENTO E DA POCO HA CAMBIATO LA RAGIONE SOCIALE CON UN CAPITALE SOCIALE DI 1000 EURO? AVEVATE FATTO LE VERIFICHE? <\/strong>\u00a0Io mi affido al numero di lotto e lo compero alla casa produttrice che mi da il lotto di fornitura. <span style=\"color: #0000ff;\">ZAIA:<\/span> Non ci sono mai arrivati scatoloni vuoti negli ordini per covid. Le nostre verifiche sono sempre molto attente. Non siamo quelli del mercato nero, delle cose losche. <span style=\"color: #0000ff;\">FLOR <\/span>Noi non anticipiamo soldi. A chi ci ha chiesto un anticipo non abbiamo nemmeno chiesto se avevano il vaccino, non li abbiamo proprio presi in considerazione.<\/p>\n<p>&nbsp;<\/p>\n<p><a href=\"https:\/\/www.facebook.com\/zaiaufficiale\/videos\/802687300599632\">https:\/\/www.facebook.com\/zaiaufficiale\/videos\/802687300599632<\/a><\/p>\n<p>&nbsp;<\/p>\n<p>&nbsp;<\/p>\n<hr \/>\n<p>&nbsp;<\/p>\n<p>&nbsp;<\/p>\n<blockquote>\n<h3>&#8220;VACCINI E ACQUISTI\u00a0 FAI DA TE&#8221; IL PD CHIEDE CHIARIMENTI NELLA SEDE ISTITUZIONALE<\/h3>\n<\/blockquote>\n<p><strong>VENEZIA<\/strong> I consiglieri regionali del Partito Democratico hanno chiesto al Presidente Luca Zaia, ma soprattutto al dottor Luciano Flor, dirigente dalla sanit\u00e0 in Veneto di aggiornare sulla stiuazione &#8211; anche dopo l&#8217;inchiesta della Procura di Perugia e la convocazione dai Nas &#8211; nella sede istituzionale della Quinta Commissione. <em>\u201cAbbiamo appreso dal presidente Zaia che in questa partita lui \u00e8 poco pi\u00f9 che spettatore, non conosce termini della trattativa n\u00e9 i nomi di chi ha contattato la Regione proponendo milioni di dosi.\u00a0 Nel consueto punto stampa si \u00e8 fatta finalmente un po\u2019 di chiarezza: alla richiesta del numero di lotto per la pratica di autorizzazione Aifa, un intermediario non ha risposto e un altro si \u00e8 sfilato dicendo di non essere in grado di garantire la fornitura, rafforzando le perplessit\u00e0 sull\u2019intera operazione. Ci auguriamo che tutti i nostri dubbi possano adesso avere risposta anche nelle sedi istituzionali\u201d.\u00a0<\/em> Un invito a relazionare \u00e8 stato rivolto anche all&#8217;assessore alla sanit\u00e0 Manuela Lanzarin in merito ai vaccini <em>&#8220;Crediamo sia urgente avere dall\u2019assessore Lanzarin una ricognizione dettagliata del calendario diviso per singole Ulss. Abbiamo infatti ricevuto segnalazioni che non tutte le Aziende sanitarie si siano attivate per somministrare le dosi agli insegnanti oppure al personale delle pulizie degli ospedali. Inoltre vogliamo sapere come si proceder\u00e0 con le varie fasce d\u2019et\u00e0, vista la scelta di partire con le vaccinazioni della classe 1941\u201d<\/em><\/p>\n<p>&nbsp;<\/p>\n<p>&nbsp;<\/p>\n<p>&nbsp;<\/p>\n<hr \/>\n<p>&nbsp;<\/p>\n<blockquote>\n<h3>UN ORDINE DEL GIORNO PER TUTTI I COMUNI MONTANI E UNA LETTERA DAI SINDACI A DRAGHI. RISTORI E INDENNIZI PER LA FILIERA TURISTICA.<\/h3>\n<\/blockquote>\n<p><strong><a href=\"https:\/\/www.radiopiu.net\/wordpress\/giornale-radiopiu-06-novembre-2020-direttore-mirko-mezzacasa\/logouncem_no_scritta-wdtr\/\" rel=\"attachment wp-att-170846\"><img loading=\"lazy\" decoding=\"async\" class=\"wp-image-170846 alignleft\" src=\"https:\/\/www.radiopiu.net\/wordpress\/wp-content\/uploads\/2020\/11\/logoUNCEM_no_scritta-wdtr-300x300.jpg\" alt=\"\" width=\"185\" height=\"185\" srcset=\"https:\/\/www.radiopiu.net\/wordpress\/wp-content\/uploads\/2020\/11\/logoUNCEM_no_scritta-wdtr-300x300.jpg 300w, https:\/\/www.radiopiu.net\/wordpress\/wp-content\/uploads\/2020\/11\/logoUNCEM_no_scritta-wdtr-150x150.jpg 150w, https:\/\/www.radiopiu.net\/wordpress\/wp-content\/uploads\/2020\/11\/logoUNCEM_no_scritta-wdtr.jpg 640w\" sizes=\"auto, (max-width: 185px) 100vw, 185px\" \/><\/a>ROMA<\/strong>\u00a0 I Comuni montani con Uncem scrivono al Presidente Draghi e varano un ordine del giorno, in Giunta o in Consiglio, per chiedere ristori e indennizzi per il turismo invernale in sofferenza. Ma non solo. <em>&#8220;Sindaci e Amministrazioni locali, con l&#8217;Uncem, chiedono al Governo un &#8220;Piano montagna&#8221; di visione e investimenti, per garantire impegni politici nazionali (e regionali) per tutte le filiere produttive delle Alpi e degli Appennini&#8221;,<\/em> spiega il Presidente Uncem, Marco Bussone. L&#8217;ordine del giorno \u00e8 stato inviato a 3800 Comuni montani. Gli stessi Sindaci stanno firmando in queste ore una lettera per il Presidente Draghi e per gli Assessori Garavaglia e Gelmini. <em>&#8220;Condividiamo &#8211; scrivono gli Amministratori di Comuni, Comunit\u00e0 montane, Unioni montane &#8211; la sofferenza degli Operatori turistici, degli impiantisti, di tutti i &#8220;mestieri della montagna&#8221;, di tutti i lavoratori, in particolare &#8216;stagionali&#8217; che non lavoreranno e necessitano di ammortizzatori. Una sofferenza non nascosta, che i Comuni montani condividono&#8221;.\u00a0<\/em>Gli amministratori confidano che il Governo possa definire ristori certi e immediati per le attivit\u00e0 economiche in sofferenza e in crisi e metta a terra anche indennizzi. Soluzioni immediate servono anche per tutti i lavoratori, rimasti senza reddito.<\/p>\n<p>&nbsp;<\/p>\n<blockquote>\n<h3>FONDI PER OPERE PUBBLICHE IN ARRIVO AI COMUNI: 2.846 INTERVENTI FINANZIATI IN 1.912 COMUNI, PER 1 MILIARDO 850 MILIONI DI EURO.<\/h3>\n<\/blockquote>\n<p><a href=\"https:\/\/www.radiopiu.net\/wordpress\/giornale-radiopiu-24-febbraio-2021-direttore-mirko-mezzacasa\/argentera_ferrere-9\/\" rel=\"attachment wp-att-193363\"><img loading=\"lazy\" decoding=\"async\" class=\" wp-image-193363 alignleft\" src=\"https:\/\/www.radiopiu.net\/wordpress\/wp-content\/uploads\/2021\/02\/argentera_ferrere-300x114.jpg\" alt=\"\" width=\"245\" height=\"93\" srcset=\"https:\/\/www.radiopiu.net\/wordpress\/wp-content\/uploads\/2021\/02\/argentera_ferrere-300x114.jpg 300w, https:\/\/www.radiopiu.net\/wordpress\/wp-content\/uploads\/2021\/02\/argentera_ferrere-768x293.jpg 768w, https:\/\/www.radiopiu.net\/wordpress\/wp-content\/uploads\/2021\/02\/argentera_ferrere.jpg 865w\" sizes=\"auto, (max-width: 245px) 100vw, 245px\" \/><\/a>Pioggia di risorse sui Comuni. Dopo 1 miliardo distribuito la scorsa settimana tutti i municipi del Paese e altri 81mila euro per ciascuno dei Comuni con meno di mille abitanti, arriva 1 miliardo 850 milioni dal Ministero dell&#8217;Interno per investimenti relativi a opere pubbliche di messa in sicurezza degli edifici e del territorio. Gli Enti avevano presentato domanda entro il 15 settembre 2020: 9.151 progetti per una richiesta di risorse pari a oltre 5 miliardi.\u00a0 Oggi la graduatoria on line sul sito del Viminale.\u00a02.846 opere sono ammesse e finanziate, tutte comprese nella categoria &#8220;investimenti di messa in sicurezza del territorio a rischio idrogeologico&#8221;. Gli Enti locali beneficiari sono complessivamente 1.912, dunque molti Enti hanno pi\u00f9 di un progetto ammesso e finanziato. Gi\u00e0 previsti, nel 2022, altri 1.750 milioni di euro per &#8220;scorrere&#8221; la graduatoria e finanziare altri interventi ai Comuni.<\/p>\n<p>&nbsp;<\/p>\n<p>&nbsp;<\/p>\n<hr \/>\n<p>&nbsp;<\/p>\n<blockquote>\n<h3>DISTURBI ALIMENTARI, IL CONVEGNO ONLINE DEL 13 MARZO<\/h3>\n<\/blockquote>\n<p><strong><a href=\"https:\/\/www.radiopiu.net\/wordpress\/giornale-radiopiu-24-febbraio-2021-direttore-mirko-mezzacasa\/hamburger-2683042_1280\/\" rel=\"attachment wp-att-193259\"><img loading=\"lazy\" decoding=\"async\" class=\" wp-image-193259 alignleft\" src=\"https:\/\/www.radiopiu.net\/wordpress\/wp-content\/uploads\/2021\/02\/hamburger-2683042_1280-300x193.jpg\" alt=\"\" width=\"235\" height=\"151\" srcset=\"https:\/\/www.radiopiu.net\/wordpress\/wp-content\/uploads\/2021\/02\/hamburger-2683042_1280-300x193.jpg 300w, https:\/\/www.radiopiu.net\/wordpress\/wp-content\/uploads\/2021\/02\/hamburger-2683042_1280-1024x658.jpg 1024w, https:\/\/www.radiopiu.net\/wordpress\/wp-content\/uploads\/2021\/02\/hamburger-2683042_1280-768x493.jpg 768w, https:\/\/www.radiopiu.net\/wordpress\/wp-content\/uploads\/2021\/02\/hamburger-2683042_1280.jpg 1280w\" sizes=\"auto, (max-width: 235px) 100vw, 235px\" \/><\/a>BELLUNO <\/strong>I disturbi alimentari al centro del convegno \u201cNessuno si salva da solo\u201d, promosso dal Coordinamento nazionale Disturbi alimentari (DCA). Del Coordinamento fa parte l&#8217;associazione Margherita Fenice, in rappresentanza del territorio bellunese. Il convegno si terr\u00e0 in modalit\u00e0 online sabato 13 marzo e sar\u00e0 occasione per presentare la nuova guida \u201cAbbi cura di te \u2013 l&#8217;ABC dei disturbi alimentari\u201d, rivolta soprattutto ai medici di medicina generale e ai pediatri di libera scelta al fine di favorire la loro inclusione nella rete di prevenzione e cura di questi disturbi tanto complessi.\u00a0L&#8217;iscrizione \u00e8 gratuita online (entro il 9 marzo per gli operatori richiedenti crediti) su www.performat.it\/convegni-ecm\/convegnonazionaleda\/<\/p>\n<p>&nbsp;<\/p>\n<p>&nbsp;<\/p>\n<hr \/>\n<p>&nbsp;<\/p>\n<blockquote>\n<h3>STORIE DI ESODO DA COLLE SANTA LUCIA, LIVINALLONGO E ROCCA di Luciana Palla<\/h3>\n<\/blockquote>\n<p><strong><a href=\"https:\/\/www.radiopiu.net\/wordpress\/giornale-radiopiu-24-febbraio-2021-direttore-mirko-mezzacasa\/copertina_emi_dolomiti-600x317\/\" rel=\"attachment wp-att-193295\"><img loading=\"lazy\" decoding=\"async\" class=\" wp-image-193295 alignleft\" src=\"https:\/\/www.radiopiu.net\/wordpress\/wp-content\/uploads\/2021\/02\/copertina_emi_dolomiti-600x317-1-300x159.jpg\" alt=\"\" width=\"275\" height=\"146\" srcset=\"https:\/\/www.radiopiu.net\/wordpress\/wp-content\/uploads\/2021\/02\/copertina_emi_dolomiti-600x317-1-300x159.jpg 300w, https:\/\/www.radiopiu.net\/wordpress\/wp-content\/uploads\/2021\/02\/copertina_emi_dolomiti-600x317-1.jpg 600w\" sizes=\"auto, (max-width: 275px) 100vw, 275px\" \/><\/a>COLLE SANTA LUCIA<\/strong> \u00c8\u00a0 la nuova pubblicazione di &#8220;Bellunesi nel mondo &#8211; edizioni&#8221; e Istitut Cultural Ladin &#8220;Cesa de Jan&#8221;. La montagna espelle od attrae a seconda delle opportunit\u00e0 economiche che vengono offerte ai suoi abitanti. Nel corso del Novecento c\u2019\u00e8 pi\u00f9 che altro fuga, abbandono, e l\u2019esodo continua tuttora, nonostante la valorizzazione turistica e mediatica delle Dolomiti, patrimonio dell\u2019Umanit\u00e0. In questo volume sono illustrati importanti aspetti dell\u2019emigrazione dalle comunit\u00e0 di Colle S. Lucia, Livinallongo, Rocca Pietore nel corso del Novecento. Lettere, documenti e testimonianze aiutano a ricostruire una storia fatta in gran parte di duro lavoro, sofferenze, sacrifici, nella speranza di un futuro migliore. * * *\u00a0<em>Luciana Pall<\/em>a<em> ha pubblicato sulla storia delle comunit\u00e0 ladine e sulla prima guerra in area alpina numerosi saggi, primo dei quali I ladini fra tedeschi e italiani, Marsilio 1986 (\u201cPremio della cultura 1986\u201d della Presidenza del Consiglio dei Ministri).\u00a0 <\/em><em>Recentemente, oltre a vari studi sulla scrittura popolare, si \u00e8 occupata dell\u2019immaginario della montagna nell\u2019area dolomitica e dei primi pionieri dell\u2019alpinismo e del turismo; in quest\u2019ambito di ricerca ha curato, tra l\u2019altro, il volume di Maria Piaz de Pavarin, Dal Pordoi a Katzenau. Il racconto di una vita in Val di Fassa nel primo Novecento, Vigo di Fassa 2007, terzo classificato al Premio internazionale \u201cLeggi Montagna\u201d e segnalato al \u201cPremio ITAS del Filmfestival di Trento\u201d.\u00a0<\/em><em>Ha curato documentari e mostre sulla Grande Guerra e sull\u2019emigrazione; collabora tuttora con riviste di storia e varie istituzioni culturali.<\/em><\/p>\n<p>&nbsp;<\/p>\n<p>&nbsp;<\/p>\n<hr \/>\n<blockquote>\n<h3>&#8230;pagina di Storia. 1979 FESTA DEL DONATORE A VALLADA<\/h3>\n<\/blockquote>\n<p><a href=\"https:\/\/www.radiopiu.net\/wordpress\/la-provincia-di-belluno-chiedeva-lautonomia-gia-nel-1979\/quattro-pagine-agordine\/\" rel=\"attachment wp-att-189556\"><img loading=\"lazy\" decoding=\"async\" class=\"size-medium wp-image-189556 aligncenter\" src=\"https:\/\/www.radiopiu.net\/wordpress\/wp-content\/uploads\/2021\/02\/quattro-pagine-agordine-300x59.png\" alt=\"\" width=\"300\" height=\"59\" srcset=\"https:\/\/www.radiopiu.net\/wordpress\/wp-content\/uploads\/2021\/02\/quattro-pagine-agordine-300x59.png 300w, https:\/\/www.radiopiu.net\/wordpress\/wp-content\/uploads\/2021\/02\/quattro-pagine-agordine-1024x202.png 1024w, https:\/\/www.radiopiu.net\/wordpress\/wp-content\/uploads\/2021\/02\/quattro-pagine-agordine-768x151.png 768w, https:\/\/www.radiopiu.net\/wordpress\/wp-content\/uploads\/2021\/02\/quattro-pagine-agordine-1536x303.png 1536w, https:\/\/www.radiopiu.net\/wordpress\/wp-content\/uploads\/2021\/02\/quattro-pagine-agordine.png 1603w\" sizes=\"auto, (max-width: 300px) 100vw, 300px\" \/><\/a><\/p>\n<p>&nbsp;<\/p>\n<p>Oggi da QuattroPagineAgordine del 1979, il periodico dell&#8217;allora Democrazia Cristiana, un ricordo da Vallada&#8230;.<\/p>\n<p><a href=\"https:\/\/www.radiopiu.net\/wordpress\/pagina-di-storia-1979-festa-del-donatore-a-vallada\/donatori-sangue\/\" rel=\"attachment wp-att-193252\"><img loading=\"lazy\" decoding=\"async\" class=\"alignnone wp-image-193252 size-full\" src=\"https:\/\/www.radiopiu.net\/wordpress\/wp-content\/uploads\/2021\/02\/donatori-sangue.png\" alt=\"\" width=\"816\" height=\"729\" srcset=\"https:\/\/www.radiopiu.net\/wordpress\/wp-content\/uploads\/2021\/02\/donatori-sangue.png 816w, https:\/\/www.radiopiu.net\/wordpress\/wp-content\/uploads\/2021\/02\/donatori-sangue-300x268.png 300w, https:\/\/www.radiopiu.net\/wordpress\/wp-content\/uploads\/2021\/02\/donatori-sangue-768x686.png 768w\" sizes=\"auto, (max-width: 816px) 100vw, 816px\" \/><\/a><\/p>\n<p>&nbsp;<\/p>\n<hr \/>\n<p>&nbsp;<\/p>\n<blockquote>\n<h3>OGGI CONSIGLIO COMUNALE AD ALLEGHE<\/h3>\n<\/blockquote>\n<p><strong><a href=\"https:\/\/www.radiopiu.net\/wordpress\/alleghe-250-anni-dopo-la-frana-dal-monte-piz\/alleghe-2-3\/\" rel=\"attachment wp-att-184224\"><img loading=\"lazy\" decoding=\"async\" class=\"wp-image-184224 alignleft\" src=\"https:\/\/www.radiopiu.net\/wordpress\/wp-content\/uploads\/2021\/01\/Alleghe-2-300x225.jpg\" alt=\"\" width=\"120\" height=\"90\" srcset=\"https:\/\/www.radiopiu.net\/wordpress\/wp-content\/uploads\/2021\/01\/Alleghe-2-300x225.jpg 300w, https:\/\/www.radiopiu.net\/wordpress\/wp-content\/uploads\/2021\/01\/Alleghe-2-1024x768.jpg 1024w, https:\/\/www.radiopiu.net\/wordpress\/wp-content\/uploads\/2021\/01\/Alleghe-2-768x576.jpg 768w, https:\/\/www.radiopiu.net\/wordpress\/wp-content\/uploads\/2021\/01\/Alleghe-2-1536x1152.jpg 1536w, https:\/\/www.radiopiu.net\/wordpress\/wp-content\/uploads\/2021\/01\/Alleghe-2.jpg 1600w\" sizes=\"auto, (max-width: 120px) 100vw, 120px\" \/><\/a>ALLEGHE<\/strong> Il sindaco di Alleghe Danilo De Toni ha convocato il consiglio comunale per oggi alle 18:30. Dieci i punti da discutere tra cui le spese di urbanizzazione, il canone patrimoniale di concessione per pubblicit\u00e0 e per l&#8217;occupazione del suolo destinata ai mercati, il piano di valorizzazione immoboliare, due variazioni al bilancio e l&#8217;approvazione dello schema di convenzione con BIM Belluno Infrastrutture per l&#8217;affidamento della gestione dell&#8217;impianto idroelettrico comunale &#8220;I Mulini&#8221;.<\/p>\n<p><strong>DI GIANNI SANTOMASO<\/strong><\/p>\n<audio class=\"wp-audio-shortcode\" id=\"audio-193184-5\" preload=\"none\" style=\"width: 100%;\" controls=\"controls\"><source type=\"audio\/mpeg\" src=\"https:\/\/www.radiopiu.net\/wordpress\/wp-content\/uploads\/2021\/02\/GIANNI-CONSIGLIO-ALLEGHE.mp3?_=5\" \/><a href=\"https:\/\/www.radiopiu.net\/wordpress\/wp-content\/uploads\/2021\/02\/GIANNI-CONSIGLIO-ALLEGHE.mp3\">https:\/\/www.radiopiu.net\/wordpress\/wp-content\/uploads\/2021\/02\/GIANNI-CONSIGLIO-ALLEGHE.mp3<\/a><\/audio>\n<p>&nbsp;<\/p>\n<hr \/>\n<p>&nbsp;<\/p>\n<blockquote>\n<h3>LE PROPOSTE PER LA MODIFICA DEL PIANO DEGLI INTERVENTI<\/h3>\n<\/blockquote>\n<p><strong><a href=\"https:\/\/www.radiopiu.net\/wordpress\/consiglio-comunale-di-falcade-registrazione-integrale-durata-1h33m\/falcade-3-2\/\" rel=\"attachment wp-att-163179\"><img loading=\"lazy\" decoding=\"async\" class=\"wp-image-163179 alignleft\" src=\"https:\/\/www.radiopiu.net\/wordpress\/wp-content\/uploads\/2020\/09\/FALCADE-3-300x225.jpg\" alt=\"\" width=\"133\" height=\"100\" srcset=\"https:\/\/www.radiopiu.net\/wordpress\/wp-content\/uploads\/2020\/09\/FALCADE-3-300x225.jpg 300w, https:\/\/www.radiopiu.net\/wordpress\/wp-content\/uploads\/2020\/09\/FALCADE-3-768x576.jpg 768w, https:\/\/www.radiopiu.net\/wordpress\/wp-content\/uploads\/2020\/09\/FALCADE-3-640x480.jpg 640w, https:\/\/www.radiopiu.net\/wordpress\/wp-content\/uploads\/2020\/09\/FALCADE-3.jpg 960w\" sizes=\"auto, (max-width: 133px) 100vw, 133px\" \/><\/a>FALCADE<\/strong>\u00a0 <em>&#8220;Il Comune di Falcade comunica che \u00e8 stato pubblicato un importante <u>AVVISO\u00a0per la\u00a0presentazione delle proposte per la modifica del Piano degli Interventi<\/u>, a firma del Sindaco Michele Costa,\u00a0 l<\/em><em>&#8216;avviso \u00e8 pubblicato e scaricabile dal sito internet del Comune di Falcade. <\/em><em>Le proposte dovranno pervenire entro e non oltre il 18 marzo 2021&#8243;<\/em><\/p>\n<p>&nbsp;<\/p>\n<p>&nbsp;<\/p>\n<hr \/>\n<p>&nbsp;<\/p>\n<blockquote>\n<h3>ASCA ALLA RICERCA DI UN ISTRUTTORE AMMINISTRATIVO ADDETTO AL PERSONALE E INFERMIERI<\/h3>\n<\/blockquote>\n<p><strong><a href=\"https:\/\/www.radiopiu.net\/wordpress\/asca-ricerca-personale-infermieristico\/asca-4\/\" rel=\"attachment wp-att-128881\"><img loading=\"lazy\" decoding=\"async\" class=\" wp-image-128881 alignleft\" src=\"https:\/\/www.radiopiu.net\/wordpress\/wp-content\/uploads\/2020\/04\/ASCA-300x165.png\" alt=\"\" width=\"224\" height=\"123\" srcset=\"https:\/\/www.radiopiu.net\/wordpress\/wp-content\/uploads\/2020\/04\/ASCA-300x165.png 300w, https:\/\/www.radiopiu.net\/wordpress\/wp-content\/uploads\/2020\/04\/ASCA-1024x565.png 1024w, https:\/\/www.radiopiu.net\/wordpress\/wp-content\/uploads\/2020\/04\/ASCA-768x424.png 768w, https:\/\/www.radiopiu.net\/wordpress\/wp-content\/uploads\/2020\/04\/ASCA.png 1211w\" sizes=\"auto, (max-width: 224px) 100vw, 224px\" \/><\/a>AGORDO<\/strong> L&#8217;Azienda Speciale Consortile Agordina \u00e8 alla ricerca di un istruttore amministrativo addetto al personale da inserire nell\u2019organico amministrativo della Residenza Sanitaria Anziani di Agordo. Possono partecipare laureati in materie giuridiche od economiche o materie equipollenti, o diplomati con comprovata esperienza. La selezione \u00e8 finalizzata all\u2019inserimento a tempo indeterminato e pieno in Azienda. Il bando con il modello della domanda \u00e8 rinvenibile sul sito dell\u2019Azienda www.servizisocialiasca.it\u00a0.<br \/>\nL&#8217;amministratore unico di Asca Mariachiara Santin ha inoltre emanato un avviso di selezione utile alla formulazione di una graduatoria di idoneit\u00e0 finalizzata all&#8217;inserimento a tempo indeterminato pieno e part time della figura di infermiere con un premio di benvenuto di 250,00 \u20ac in beni e servizi di Welfare Aziendali (una tantum) e un premio produttivit\u00e0 \/welfare annuo di 2.500,00 euro pro capite che viene erogato sulla base della valutazione e dopo almeno 7 mesi di lavoro continuativo in Azienda. Per informazioni \u00e8 possibile rivolgersi alla Segreteria dell\u2019Azienda A.S.C.A.: e-mail: amministrazione@servizisocialiasca.it<\/p>\n<p>&nbsp;<\/p>\n<p>&nbsp;<\/p>\n<hr \/>\n<blockquote>\n<h3><\/h3>\n<h3>CERCASI FARMACISTI-COLLABORATORI AD AGORDO<\/h3>\n<\/blockquote>\n<p><strong><img loading=\"lazy\" decoding=\"async\" class=\"alignleft\" src=\"https:\/\/www.radiopiu.net\/wordpress\/wp-content\/uploads\/2020\/06\/e557474c-a46e-408a-ad77-242a0f3ef7c9.jpg\" width=\"62\" height=\"83\" \/>AGORDO<\/strong> L&#8217;Azienda Speciale Agordo Servizi ha indetto una selezione per la copertura di due posti e tempo pieno (40 ore) come Farmacista-collaboratore di primo livello. Il candidato dovr\u00e0 essere in grado di svolgere attivit\u00e0 ad elevato contenuto professionale di natura sanitaria o tecnica amministrativa in condizione di ampia autonomia. Le domande devono essere presentate entro le 12 del 3 marzo. Di seguito tutti i particolari compreso il calendario della prova che sar\u00e0 pubblicato sul sito agordofarmaciacomunale.it<\/p>\n<blockquote><p>&nbsp;<\/p><\/blockquote>\n<p>&nbsp;<\/p>\n<hr \/>\n<p>&nbsp;<\/p>\n<blockquote>\n<h3>&#8220;SOSPIROLO TRA LEGGENDE E MISTERI&#8221; GIOVEDI&#8217; SERA IN DIRETTA YOUTUBE<\/h3>\n<\/blockquote>\n<p><strong><a href=\"https:\/\/www.radiopiu.net\/wordpress\/giornale-radiopiu-21-febbraio-2021-direttore-mirko-mezzacasa\/post-serata-lancio-concorso-2021\/\" rel=\"attachment wp-att-192611\"><img loading=\"lazy\" decoding=\"async\" class=\" wp-image-192611 alignleft\" src=\"https:\/\/www.radiopiu.net\/wordpress\/wp-content\/uploads\/2021\/02\/POST-SERATA-LANCIO-CONCORSO-2021-300x300.jpg\" alt=\"\" width=\"167\" height=\"167\" srcset=\"https:\/\/www.radiopiu.net\/wordpress\/wp-content\/uploads\/2021\/02\/POST-SERATA-LANCIO-CONCORSO-2021-300x300.jpg 300w, https:\/\/www.radiopiu.net\/wordpress\/wp-content\/uploads\/2021\/02\/POST-SERATA-LANCIO-CONCORSO-2021-1024x1024.jpg 1024w, https:\/\/www.radiopiu.net\/wordpress\/wp-content\/uploads\/2021\/02\/POST-SERATA-LANCIO-CONCORSO-2021-150x150.jpg 150w, https:\/\/www.radiopiu.net\/wordpress\/wp-content\/uploads\/2021\/02\/POST-SERATA-LANCIO-CONCORSO-2021-768x768.jpg 768w, https:\/\/www.radiopiu.net\/wordpress\/wp-content\/uploads\/2021\/02\/POST-SERATA-LANCIO-CONCORSO-2021.jpg 1080w\" sizes=\"auto, (max-width: 167px) 100vw, 167px\" \/><\/a>SOSPIROLO<\/strong> Comune di Sospirolo, Biblioteca civica e la Pro Loco Monti del Sole organizzano per domani alle 21 una diretta YouTube in occasione della serata inaugurale della 12\u00aa edizione del concorso letterario &#8220;Sospirolo tra leggende e misteri&#8221;. La serata inaugurale, con il lancio del tema di concorso, sar\u00e0 condotta dall\u2019appassionato di tradizioni locali venete Roberto <i>Popi<\/i> Frison.<\/p>\n<p>&nbsp;<\/p>\n<p>&nbsp;<\/p>\n<p>&nbsp;<\/p>\n<hr \/>\n<p>&nbsp;<\/p>\n<blockquote>\n<h3>NUOVI ORARI CALL CENTER COVID DAL 1\u00b0 FEBBRAIO 2021<\/h3>\n<\/blockquote>\n<p><strong><a href=\"https:\/\/www.radiopiu.net\/wordpress\/giornale-radiopiu-26-gennaio-2021-direttore-mirko-mezzacasa\/numero-covid_febbraio-2021\/\" rel=\"attachment wp-att-186852\"><img loading=\"lazy\" decoding=\"async\" class=\"wp-image-186852 alignleft\" src=\"https:\/\/www.radiopiu.net\/wordpress\/wp-content\/uploads\/2021\/01\/numero-covid_febbraio-2021-300x212.jpg\" alt=\"\" width=\"202\" height=\"143\" srcset=\"https:\/\/www.radiopiu.net\/wordpress\/wp-content\/uploads\/2021\/01\/numero-covid_febbraio-2021-300x212.jpg 300w, https:\/\/www.radiopiu.net\/wordpress\/wp-content\/uploads\/2021\/01\/numero-covid_febbraio-2021-1024x724.jpg 1024w, https:\/\/www.radiopiu.net\/wordpress\/wp-content\/uploads\/2021\/01\/numero-covid_febbraio-2021-768x543.jpg 768w, https:\/\/www.radiopiu.net\/wordpress\/wp-content\/uploads\/2021\/01\/numero-covid_febbraio-2021-1536x1086.jpg 1536w, https:\/\/www.radiopiu.net\/wordpress\/wp-content\/uploads\/2021\/01\/numero-covid_febbraio-2021.jpg 2000w\" sizes=\"auto, (max-width: 202px) 100vw, 202px\" \/><\/a> <\/strong><\/p>\n<p><strong>\u00a0<\/strong><\/p>\n<p><strong>BELLUNO <\/strong>L&#8217;importante rallentamento epidemico registrato nelle ultime settimane e la conseguente forte riduzione delle telefonate con richiesta di informazioni da parte dei cittadini, consentono di rimodulare giorni ed orari di attivit\u00e0 del CALL CENTER COVID Dal 1\u00b0 febbraio 2021 lo 0437\/514343 sar\u00e0 attivo dalle 8 alle 18 da luned\u00ec a sabato.<\/p>\n<p>&nbsp;<\/p>\n<p>&nbsp;<\/p>\n<hr \/>\n<p>&nbsp;<\/p>\n<blockquote>\n<h3>DOMENICA CON IL CAI A CIMA FERTAZZA<\/h3>\n<\/blockquote>\n<p><strong>AGORDO<\/strong> Dopo due escursioni ben riuscite, anche per domenica 28 il Cai di Agordo propone una terza\u00a0 facile escursione alla scoperta di luoghi vicini a noi ma non per questo meno interessanti e remunerativi soprattutto dal punto di vista paesaggistico. Domenica a cima Fertazza e Ristoro Belvedere con le racchette da neve: la Valle del Cordevole con la Cima Fertazza sar\u00e0 la meta di una facile camminata che all&#8217;arrivo in vetta delizier\u00e0 di una panorama a 360\u00b0 sulle Dolomiti Agordine e non solo, ai piedi della maestosa parete nord-ovest del Civetta. L&#8217;omonimo Comprensorio sciistico, per una volta senza sciatori sar\u00e0 stranamente silenzioso e non usuale ma piacevolmente rilassante e suggestivo.<br \/>\nL&#8217;escursione \u00e8 classificata EAI Media. ISCRIZIONI: Telefonando al 380.6983040 dalle\u00a0 16 alle\u00a0 21 da oggi a venerdi.<\/p>\n<p>&nbsp;<\/p>\n<p>&nbsp;<\/p>\n<hr \/>\n<p>&nbsp;<\/p>\n<blockquote>\n<h3>MUSLA E LE PAROLE AGORDINE, IL VIDEO CON LA CHALLENGE<\/h3>\n<\/blockquote>\n<p><strong>AGORDO<\/strong> Il MUSLA ha lanciato la sfida e gli agordini hanno risposto. Appena una settimana fa era stata lanciata la challenge per inviare dei video con delle parole in dialetto da tenere in considerazione. Tutti i video sono stati raccolti in un unico clip che pubblichiamo.<\/p>\n<div style=\"width: 640px;\" class=\"wp-video\"><video class=\"wp-video-shortcode\" id=\"video-193184-1\" width=\"640\" height=\"352\" preload=\"metadata\" controls=\"controls\"><source type=\"video\/mp4\" src=\"https:\/\/www.radiopiu.net\/wordpress\/wp-content\/uploads\/2021\/02\/MUSLA-PAROLE-AGORDINE.mp4?_=1\" \/><a href=\"https:\/\/www.radiopiu.net\/wordpress\/wp-content\/uploads\/2021\/02\/MUSLA-PAROLE-AGORDINE.mp4\">https:\/\/www.radiopiu.net\/wordpress\/wp-content\/uploads\/2021\/02\/MUSLA-PAROLE-AGORDINE.mp4<\/a><\/video><\/div>\n<p>&nbsp;<\/p>\n<hr \/>\n<p>&nbsp;<\/p>\n<blockquote>\n<h3><a href=\"https:\/\/www.radiopiu.net\/wordpress\/giornale-radiopiu-17-febbraio-2021-direttore-mirko-mezzacasa\/149288210_864291084356461_5213230709275692954_o\/\" rel=\"attachment wp-att-191849\"><img loading=\"lazy\" decoding=\"async\" class=\"wp-image-191849 alignleft\" src=\"https:\/\/www.radiopiu.net\/wordpress\/wp-content\/uploads\/2021\/02\/149288210_864291084356461_5213230709275692954_o-300x256.jpg\" alt=\"\" width=\"131\" height=\"112\" srcset=\"https:\/\/www.radiopiu.net\/wordpress\/wp-content\/uploads\/2021\/02\/149288210_864291084356461_5213230709275692954_o-300x256.jpg 300w, https:\/\/www.radiopiu.net\/wordpress\/wp-content\/uploads\/2021\/02\/149288210_864291084356461_5213230709275692954_o.jpg 600w\" sizes=\"auto, (max-width: 131px) 100vw, 131px\" \/><\/a>L&#8217;INIZIATIVA SOLIDALE DELLA CORALE DI LIMANA<\/h3>\n<\/blockquote>\n<p><strong>AUDIO<\/strong><\/p>\n<audio class=\"wp-audio-shortcode\" id=\"audio-193184-6\" preload=\"none\" style=\"width: 100%;\" controls=\"controls\"><source type=\"audio\/mpeg\" src=\"https:\/\/www.radiopiu.net\/wordpress\/wp-content\/uploads\/2021\/02\/cori-silvia2.mp3?_=6\" \/><a href=\"https:\/\/www.radiopiu.net\/wordpress\/wp-content\/uploads\/2021\/02\/cori-silvia2.mp3\">https:\/\/www.radiopiu.net\/wordpress\/wp-content\/uploads\/2021\/02\/cori-silvia2.mp3<\/a><\/audio>\n<p>&nbsp;<\/p>\n<hr \/>\n<p>&nbsp;<\/p>\n<blockquote>\n<h3>ASCENSIONE PER LA PARETE NORD VERSO LA \u201cFORCELLA FORADA\u201d di RENATO BONA<\/h3>\n<\/blockquote>\n<p>La \u201cprima\u201d firmata dagli inglesi Raynor e Phillimore il 14 agosto 1897 con le guide ampezzane Diami e Colli ed il portatore Dibona Il dodicesimo ed ultimo capitolo dell\u2019ottimo libro del compianto professor Giovanni Angelini, zoldano, medico stimatissimo, grande appassionato della montagna: \u201cPelmo d\u2019altri tempi\u201d (edito nell\u2019ottobre 1987 da Nuovi Sentieri di Bepi Pellegrinon e stampato da Arti grafiche Tamari di Bologna, riproduzioni fotografiche a cura di Foto De Santi di Belluno) \u00e8 intitolato \u201cPer la parete Nord verso Forcella Forada. Si apre ricordando: \u201cAllorch\u00e9 il secolo stava per finire, un\u2019epoca nuova s\u2019apr\u00ec anche per il Pelmo\u201d. Infatti: \u201cI tempi trascorrono rapidi in alpinismo e si fanno presto maturi per nuove concezioni e pi\u00f9 arditi propositi\u201d. Dunque non pi\u00f9 l\u2019esplorazione della montagna e il raggiungimento della cima per le vie naturali pi\u00f9 agevoli e di minore resistenza; vie gi\u00e0 segnate chiaramente dalla natura, vie che l\u2019inconsapevole selvaggina e l\u2019astuto tenace montanaro alla caccia avevano scoperto e calcato prima d\u2019ogni piede straniero, vie lunghe e tortuose, pazienti, di aggiramento, di adattamento alla conformazione degli strati e delle pieghe, delle fenditure e sporgenze delle rocce. Un problema spirituale nuovo urge, un nuovo aspetto del multiforme fascino del monte si afferma: \u00e8 un lato non tocco, un determinato fianco, una parete, una cresta ancora da esplorare o da superare, non sempre per raggiungere pi\u00f9 direttamente la cima, una vetta minore da conquistare; anzi, ben presto, una pi\u00f9 o meno definita struttura del monte da affrontare direttamente, per \u2018via direttissima\u2019, poi da vincere \u2018per se stessa\u2019; con intendimenti ancora squisitamente alpinistico, a grado a grado, sempre pi\u00f9 sportivi. Questa premessa di Angelini per rimarcare: \u201cNon si pensi che il fenomeno \u00e8 recente\u201d. E prosegue: \u201cAi nostri giorni &#8211; scrissero nel 1897 il rev. Arthur Guy Sanders Raynor e John Swinnerton Phillimore (formarono alla fine del secolo scorso una coppia di alpinisti, gli inglesi\u2019 per antonomasia che acquistarono fama sulle Dolomiti di Ampezzo e Cadore, di Primiero e S. Martino, affidandosi alle migliori guide di montagna di quel tempo) per descrivere la prima ascensione settentrionale del Pelmo \u2018sopra la Forcella Forada &#8211; rimangono cos\u00ec poche punte vergini, che l\u2019alpinista assetato di novit\u00e0 deve contentarsi di vie nuove. E veramente che sia vergine o no una data cima, essa pu\u00f2 avere certe pareti le quali, solo a vederle, gettano la sfida al mondo alpinistico finch\u00e9 non siano state violate. Tale \u00e8 quella stupenda muraglia da castello inespugnabile con cui il Pelmo domina sopra la Forcella Forada\u201d. Richiamava quindi, per esaltare il famoso binomio di arrampicatori, la memorabile impresa di due anni prima di quella del Pelmo: la prima ascensione della parete nord-ovest della Civetta (\u201cVia degli Inglesi\u201d del 24 agosto 1895) con la guida Antonio Dimai (1866-1948) figlio della seconda moglie di Angelo Dimai, Marianna Dallago: salito alla ribalta nel 1889 e per un ventennio insuperato protagonista di grandi salite dolomitiche \u201craggiungendo rinomanza pi\u00f9 ancora di quanto quella di Santo Siorpaes aveva dominato il ventennio precedente\u201d. Lo stesso Dimai, nel 1898 guider\u00e0 i due inglesi nella prima ascensione della parete meridionale dell\u2019Antelao dove \u201cCome sulla Civetta, come sul Pelmo, anche qui l\u2019ardimento di Antonio Dimai precorre i tempi aprendo nuove vie su pareti magnifiche, valorizzate appena ai tempi nostri\u201d come scriveva F. Terschak nel 1953. L\u2019altra guida ampezzana nell\u2019ascensione del Pelmo fu Giuseppe Colli \u201cBepe Paor\u201d (1854-1928) spesso associato a Dimai, mentre Arcangelo Dibona \u201cBonel (1856-1924) ebbe mansioni di sostegno morale dallo spigolo Nord-est, e di portare i sacchi con le scarpe in cima. La scalata per la parete nord del Pelmo verso Forcella Forada risale al 14 agosto 1897 come scrivono per la rivista del Cai, dato che erano soci della Sezione di Agordo, i due inglesi: \u201cPartenza dalla \u201cStella d\u2019Oro\u201d a Cortina il venerd\u00ec 13 agosto \u201cper tentare l\u2019impresa che da molto tempo avevamo in pectore, incoraggiati dai buoni auguri dei nostri amici ampezzani e di altri ed accompagnati dalle guide Antonio Dimai, Giuseppe Colli ed Arcangelo Dibona\u2026 Arrivati dopo due ore di cammino non senza aver preso un po\u2019 di pioggia, alla Casera Cortotto, ci rassegnammo a pernottarvi\u2026 Alle 8,20 il Dimai fece il primo passo avanti ed ecco incominciata l\u2019impresa\u2026 La salita continu\u00f2 verso destra sopra il capitello nevoso di quel gran pilastro rosso, alternando la scalata di qualche raro camino con traversate su cengie strettissime e fianchi di parete sempre perfida. Finalmente eccoci sulla sospirata neve, a mezzogiorno, ove si cammin\u00f2 pi\u00f9 gagliardamente. Ancora con un ometto segnammo la via a questo punto; e fra il primo e il secondo di quei tre cocuzzoli che spuntano dal ciglio orizzontale della montagna riuscimmo sulla cresta alle 12,50. Ecco vinta la partita\u2026 Si giunse alla vetta alle 14,33 e alle 14,45 cominci\u00f2 la discesa che riusc\u00ec molto scomoda, scivolando sulla neve e saltellando pei ghiaioni\u00b8 poi per il \u2018Lange Band\u2019 (la lunga cengia e altra neve) si arriv\u00f2 al Rifugio Venezia alle 16,25 e dopo una mezz\u2019ora divallammo gi\u00f9 a San Vito dove si arriv\u00f2 alle 18,28 perseguitati da un acquazzone\u2026\u201d.<\/p>\n\n\t\t\t<style type='text\/css'>\n\t\t\t\t#gallery-4 {\n\t\t\t\t\tmargin: auto;\n\t\t\t\t}\n\t\t\t\t#gallery-4 .gallery-item {\n\t\t\t\t\tfloat: left;\n\t\t\t\t\tmargin-top: 10px;\n\t\t\t\t\ttext-align: center;\n\t\t\t\t\twidth: 25%;\n\t\t\t\t}\n\t\t\t\t#gallery-4 img {\n\t\t\t\t\tborder: 2px solid #cfcfcf;\n\t\t\t\t}\n\t\t\t\t#gallery-4 .gallery-caption {\n\t\t\t\t\tmargin-left: 0;\n\t\t\t\t}\n\t\t\t\t\/* see gallery_shortcode() in wp-includes\/media.php *\/\n\t\t\t<\/style>\n\t\t<div id='gallery-4' class='dt-gallery-container gallery galleryid-193184 gallery-columns-4 gallery-size-thumbnail'><dl class='gallery-item'>\n\t\t\t\t<dt class='gallery-icon landscape'>\n\t\t\t\t\t<a class=\"rollover rollover-zoom dt-pswp-item\" title=\"153025120_433393771107670_4239675638385127594_n\" data-dt-img-description=\"\" data-large_image_width=\"250\" data-large_image_height=\"160\"href='https:\/\/www.radiopiu.net\/wordpress\/wp-content\/uploads\/2021\/02\/153025120_433393771107670_4239675638385127594_n.jpg'><img loading=\"lazy\" decoding=\"async\" width=\"150\" height=\"150\" src=\"https:\/\/www.radiopiu.net\/wordpress\/wp-content\/uploads\/2021\/02\/153025120_433393771107670_4239675638385127594_n-150x150.jpg\" class=\"attachment-thumbnail size-thumbnail\" alt=\"\" \/><\/a>\n\t\t\t\t<\/dt><\/dl><dl class='gallery-item'>\n\t\t\t\t<dt class='gallery-icon landscape'>\n\t\t\t\t\t<a class=\"rollover rollover-zoom dt-pswp-item\" title=\"153069946_258371609089810_7654875297363602617_n\" data-dt-img-description=\"\" data-large_image_width=\"257\" data-large_image_height=\"160\"href='https:\/\/www.radiopiu.net\/wordpress\/wp-content\/uploads\/2021\/02\/153069946_258371609089810_7654875297363602617_n.jpg'><img loading=\"lazy\" decoding=\"async\" width=\"150\" height=\"150\" src=\"https:\/\/www.radiopiu.net\/wordpress\/wp-content\/uploads\/2021\/02\/153069946_258371609089810_7654875297363602617_n-150x150.jpg\" class=\"attachment-thumbnail size-thumbnail\" alt=\"\" \/><\/a>\n\t\t\t\t<\/dt><\/dl><dl class='gallery-item'>\n\t\t\t\t<dt class='gallery-icon landscape'>\n\t\t\t\t\t<a class=\"rollover rollover-zoom dt-pswp-item\" title=\"153573132_178025960496825_1595836562723795901_n\" data-dt-img-description=\"\" data-large_image_width=\"249\" data-large_image_height=\"172\"href='https:\/\/www.radiopiu.net\/wordpress\/wp-content\/uploads\/2021\/02\/153573132_178025960496825_1595836562723795901_n.jpg'><img loading=\"lazy\" decoding=\"async\" width=\"150\" height=\"150\" src=\"https:\/\/www.radiopiu.net\/wordpress\/wp-content\/uploads\/2021\/02\/153573132_178025960496825_1595836562723795901_n-150x150.jpg\" class=\"attachment-thumbnail size-thumbnail\" alt=\"\" \/><\/a>\n\t\t\t\t<\/dt><\/dl><dl class='gallery-item'>\n\t\t\t\t<dt class='gallery-icon portrait'>\n\t\t\t\t\t<a class=\"rollover rollover-zoom dt-pswp-item\" title=\"154368300_283029286500072_4566397882857281118_n\" data-dt-img-description=\"\" data-large_image_width=\"173\" data-large_image_height=\"254\"href='https:\/\/www.radiopiu.net\/wordpress\/wp-content\/uploads\/2021\/02\/154368300_283029286500072_4566397882857281118_n.jpg'><img loading=\"lazy\" decoding=\"async\" width=\"150\" height=\"150\" src=\"https:\/\/www.radiopiu.net\/wordpress\/wp-content\/uploads\/2021\/02\/154368300_283029286500072_4566397882857281118_n-150x150.jpg\" class=\"attachment-thumbnail size-thumbnail\" alt=\"\" \/><\/a>\n\t\t\t\t<\/dt><\/dl><br style=\"clear: both\" \/><dl class='gallery-item'>\n\t\t\t\t<dt class='gallery-icon portrait'>\n\t\t\t\t\t<a class=\"rollover rollover-zoom dt-pswp-item\" title=\"153598989_948464742357404_8942510925054648673_n\" data-dt-img-description=\"\" data-large_image_width=\"173\" data-large_image_height=\"253\"href='https:\/\/www.radiopiu.net\/wordpress\/wp-content\/uploads\/2021\/02\/153598989_948464742357404_8942510925054648673_n.jpg'><img loading=\"lazy\" decoding=\"async\" width=\"150\" height=\"150\" src=\"https:\/\/www.radiopiu.net\/wordpress\/wp-content\/uploads\/2021\/02\/153598989_948464742357404_8942510925054648673_n-150x150.jpg\" class=\"attachment-thumbnail size-thumbnail\" alt=\"\" \/><\/a>\n\t\t\t\t<\/dt><\/dl><dl class='gallery-item'>\n\t\t\t\t<dt class='gallery-icon portrait'>\n\t\t\t\t\t<a class=\"rollover rollover-zoom dt-pswp-item\" title=\"153559087_178484757112625_1025708427238728393_n\" data-dt-img-description=\"\" data-large_image_width=\"180\" data-large_image_height=\"257\"href='https:\/\/www.radiopiu.net\/wordpress\/wp-content\/uploads\/2021\/02\/153559087_178484757112625_1025708427238728393_n.jpg'><img loading=\"lazy\" decoding=\"async\" width=\"150\" height=\"150\" src=\"https:\/\/www.radiopiu.net\/wordpress\/wp-content\/uploads\/2021\/02\/153559087_178484757112625_1025708427238728393_n-150x150.jpg\" class=\"attachment-thumbnail size-thumbnail\" alt=\"\" \/><\/a>\n\t\t\t\t<\/dt><\/dl><dl class='gallery-item'>\n\t\t\t\t<dt class='gallery-icon portrait'>\n\t\t\t\t\t<a class=\"rollover rollover-zoom dt-pswp-item\" title=\"153177953_726778291319369_3881303262763549962_n\" data-dt-img-description=\"\" data-large_image_width=\"201\" data-large_image_height=\"260\"href='https:\/\/www.radiopiu.net\/wordpress\/wp-content\/uploads\/2021\/02\/153177953_726778291319369_3881303262763549962_n.jpg'><img loading=\"lazy\" decoding=\"async\" width=\"150\" height=\"150\" src=\"https:\/\/www.radiopiu.net\/wordpress\/wp-content\/uploads\/2021\/02\/153177953_726778291319369_3881303262763549962_n-150x150.jpg\" class=\"attachment-thumbnail size-thumbnail\" alt=\"\" \/><\/a>\n\t\t\t\t<\/dt><\/dl>\n\t\t\t\t<br style='clear: both' \/>\n\t\t\t<\/div>\n\n<p>NELLE FOTO (riproduzioni dal libro di Giovanni Angelini \u201cPelmo d\u2019altri tempi): il Pelmo dai Piani di Pesc\u00f9l, nord-ovest, i \u201cPal\u00f9i\u201d (foto G.A.); il monte da nord, dai pascoli della Casera Fiorentina (\u201cCol Form\u00f2s\u201d) a quota 1825 (foto G.A.); la parete settentrionale del Pelmo dal Col de la Puina, quota 2050: la prima via il 14 agosto 1897 con le guide ampezzane Antonio Dimai e Giuseppe Colli per gli alpinisti inglesi Raynor e Phillimore, gli stessi che due anni prima avevano lasciato il loro nome \u201cVia degli Inglesi\u201d alla prima via sulla parete nord-ovest della Civetta (foto G.A.); la Spalla est del Pelmo (3024) dalla cresta dello spigolo nord-est, in prossimit\u00e0 dei \u201cGendarmi di Raynor e Phillimore\u201d del Ciglione settentrionale del Pelmo; una cordata famosa di \u201cInglesi\u201d: per numerose \u201cvie nuove\u201d sulle Dolomiti e specialmente per l\u2019intraprendenza nell\u2019affrontare le grandi pareti di grandi cime: Raynor, seduto a destra e Phillimore, al centro, ma l\u2019artefice di queste imprese fu la guida Antonio Dimai (in alto a destra), a sinistra, barbuto, l\u2019altra guida, Giuseppe Colli, in ginocchio il portatore Arcangelo Dibona (raccolta di Carlo Gandini di Cortina, 1975); la \u201cForada\u201d 1977 metri di quota, il valico antico a nord del Pelmo usato in ogni tempo e stagione per comunicazioni, traffici, vicende della monticazione e dei prodotti caseari, insieme con le forcelle della dorsale a nord del Col de la Pu\u00ecna, 2254 metri (foto G.A.); il Pelmo da oriente: in primo piano uno dei larici folgorati e ricresciuti che in Zoldo chiamano \u201czer\u00f2n\u201d come fosse un candelabro (foto P. Sommavilla 1980).<\/p>\n<p>&nbsp;<\/p>\n<p>&nbsp;<\/p>\n<hr \/>\n<blockquote>\n<h3><\/h3>\n<h3>TRAINING DI BIODINAMICA CRANIOSACRALE<\/h3>\n<\/blockquote>\n<p><em>Un profondo lavoro sul corpo e attraverso il corpo che si trasforma in un<\/em><em>viaggio alla scoperta di se stessi e delle proprie potenzialit\u00e0.\u00a0<\/em><\/p>\n<p><strong><a href=\"https:\/\/www.radiopiu.net\/wordpress\/covid-zaia-su-dati-europei-ecdc-non-realistici-perche-quelli-italiani-non-sono-uniformi-e-persino-ovvio-che-chi-fa-piu-tamponi-trova-piu-casi-ma-non-se\/pp-47\/\" rel=\"attachment wp-att-186942\"><img loading=\"lazy\" decoding=\"async\" class=\"wp-image-186942 alignleft\" src=\"https:\/\/www.radiopiu.net\/wordpress\/wp-content\/uploads\/2021\/01\/pp-2-300x300.jpg\" alt=\"\" width=\"85\" height=\"85\" srcset=\"https:\/\/www.radiopiu.net\/wordpress\/wp-content\/uploads\/2021\/01\/pp-2-300x300.jpg 300w, https:\/\/www.radiopiu.net\/wordpress\/wp-content\/uploads\/2021\/01\/pp-2-150x150.jpg 150w, https:\/\/www.radiopiu.net\/wordpress\/wp-content\/uploads\/2021\/01\/pp-2.jpg 640w\" sizes=\"auto, (max-width: 85px) 100vw, 85px\" \/><\/a>BELLUNO<\/strong> L&#8217;associazione culturale MU APS arriva a Belluno per presentare una tecnica manuale delicata e profonda che sostiene e stimola la capacit\u00e0 di autoguarigione nel corpo. Fa parte delle Discipline del Benessere e Bionaturali, e pu\u00f2 essere intrapreso sia come percorso professionale, sia come percorso di crescita personale. <strong>Per info, sessioni di prova e prenotazioni:Brunella Moro <span style=\"color: #0000ff;\">info@esteticaglamour.it<\/span> 347\/7742512 ISCRIZIONI ENTRO IL 15 MARZO SCONTO 10%\u00a0<\/strong><\/p>\n<p><span style=\"color: #ff0000;\">AUDIO BRUNELLA MORO<\/span><\/p>\n<audio class=\"wp-audio-shortcode\" id=\"audio-193184-7\" preload=\"none\" style=\"width: 100%;\" controls=\"controls\"><source type=\"audio\/mpeg\" src=\"https:\/\/www.radiopiu.net\/wordpress\/wp-content\/uploads\/2021\/01\/brunella.mp3?_=7\" \/><a href=\"https:\/\/www.radiopiu.net\/wordpress\/wp-content\/uploads\/2021\/01\/brunella.mp3\">https:\/\/www.radiopiu.net\/wordpress\/wp-content\/uploads\/2021\/01\/brunella.mp3<\/a><\/audio>\n<p>&nbsp;<\/p>\n<hr \/>\n<p>&nbsp;<\/p>\n<p>&nbsp;<\/p>\n<blockquote>\n<h2><span style=\"color: #ff0000;\">ALLA RADIO<\/span><\/h2>\n<h2><a href=\"https:\/\/www.radiopiu.net\/wordpress\/erbe-e-piante-curative-quarta-puntata\/eucalipto\/\" rel=\"attachment wp-att-193216\"><img loading=\"lazy\" decoding=\"async\" class=\" wp-image-193216 alignleft\" src=\"https:\/\/www.radiopiu.net\/wordpress\/wp-content\/uploads\/2021\/02\/EUCALIPTO-300x300.jpg\" alt=\"\" width=\"96\" height=\"96\" srcset=\"https:\/\/www.radiopiu.net\/wordpress\/wp-content\/uploads\/2021\/02\/EUCALIPTO-300x300.jpg 300w, https:\/\/www.radiopiu.net\/wordpress\/wp-content\/uploads\/2021\/02\/EUCALIPTO-1024x1024.jpg 1024w, https:\/\/www.radiopiu.net\/wordpress\/wp-content\/uploads\/2021\/02\/EUCALIPTO-150x150.jpg 150w, https:\/\/www.radiopiu.net\/wordpress\/wp-content\/uploads\/2021\/02\/EUCALIPTO-768x768.jpg 768w, https:\/\/www.radiopiu.net\/wordpress\/wp-content\/uploads\/2021\/02\/EUCALIPTO-1536x1536.jpg 1536w, https:\/\/www.radiopiu.net\/wordpress\/wp-content\/uploads\/2021\/02\/EUCALIPTO.jpg 1920w\" sizes=\"auto, (max-width: 96px) 100vw, 96px\" \/><\/a><\/h2>\n<h2><span style=\"color: #008000;\">ERBE E PIANTE CURATIVE&#8230;IL NUOVO PROGRAMMA DI PAOLA LANCIATO<\/span><\/h2>\n<p>&nbsp;<\/p>\n<p><strong>QUARTA PUNTATA &#8211; L&#8217;EUCALIPTO \u00a0<\/strong><\/p><\/blockquote>\n<blockquote><audio class=\"wp-audio-shortcode\" id=\"audio-193184-8\" preload=\"none\" style=\"width: 100%;\" controls=\"controls\"><source type=\"audio\/mpeg\" src=\"https:\/\/www.radiopiu.net\/wordpress\/wp-content\/uploads\/2021\/02\/4-Leucalipto-M.mp3?_=8\" \/><a href=\"https:\/\/www.radiopiu.net\/wordpress\/wp-content\/uploads\/2021\/02\/4-Leucalipto-M.mp3\">https:\/\/www.radiopiu.net\/wordpress\/wp-content\/uploads\/2021\/02\/4-Leucalipto-M.mp3<\/a><\/audio>\n<p><strong>LA RACCOLTA COMPLETA<\/strong><\/p>\n<p>&nbsp;<\/p>\n<blockquote class=\"wp-embedded-content\" data-secret=\"ufaSagYfgC\"><p><a href=\"https:\/\/www.radiopiu.net\/wordpress\/erbe-e-piante-curative\/\">ERBE E PIANTE CURATIVE<\/a><\/p><\/blockquote>\n<p><iframe loading=\"lazy\" class=\"wp-embedded-content\" sandbox=\"allow-scripts\" security=\"restricted\" style=\"position: absolute; clip: rect(1px, 1px, 1px, 1px);\" title=\"&#8220;ERBE E PIANTE CURATIVE&#8221; &#8212; Radio Pi\u00f9\" src=\"https:\/\/www.radiopiu.net\/wordpress\/erbe-e-piante-curative\/embed\/#?secret=ufaSagYfgC\" data-secret=\"ufaSagYfgC\" width=\"600\" height=\"338\" frameborder=\"0\" marginwidth=\"0\" marginheight=\"0\" scrolling=\"no\"><\/iframe><\/p>\n<p>&nbsp;<\/p><\/blockquote>\n<p>&nbsp;<\/p>\n<blockquote><p>&nbsp;<\/p><\/blockquote>\n<p>&nbsp;<\/p>\n<hr \/>\n<blockquote><p>&nbsp;<\/p>\n<blockquote>\n<div>\n<h2><span style=\"color: #ff0000;\">ALLA RADIO<\/span><\/h2>\n<h2><strong>LE\u00a0 PUNTATE di Luisa Alchini di Leggermente Bellunesi, la domenica alle 11, <span style=\"color: #0000ff;\">IL MARTEDI IN PRIMA EDIZIONE\u00a0<\/span> alle 10.30 e alle 19.00<\/strong><\/h2>\n<p><strong><a href=\"https:\/\/www.radiopiu.net\/wordpress\/legger-mente-bellunesi-puntata-del-23-febbraio-2021\/152570613_1593331434188251_7871817895016381530_o\/\" rel=\"attachment wp-att-193220\"><img loading=\"lazy\" decoding=\"async\" class=\" wp-image-193220 alignleft\" src=\"https:\/\/www.radiopiu.net\/wordpress\/wp-content\/uploads\/2021\/02\/152570613_1593331434188251_7871817895016381530_o-192x300.jpg\" alt=\"\" width=\"106\" height=\"166\" srcset=\"https:\/\/www.radiopiu.net\/wordpress\/wp-content\/uploads\/2021\/02\/152570613_1593331434188251_7871817895016381530_o-192x300.jpg 192w, https:\/\/www.radiopiu.net\/wordpress\/wp-content\/uploads\/2021\/02\/152570613_1593331434188251_7871817895016381530_o-655x1024.jpg 655w, https:\/\/www.radiopiu.net\/wordpress\/wp-content\/uploads\/2021\/02\/152570613_1593331434188251_7871817895016381530_o.jpg 748w\" sizes=\"auto, (max-width: 106px) 100vw, 106px\" \/><\/a><\/strong><\/p>\n<p>&nbsp;<\/p>\n<p>&nbsp;<\/p>\n<p>L&#8217;autore della settimana \u00e8 Gino Miana e i suoi &#8220;colorati&#8221; racconti<\/p>\n<audio class=\"wp-audio-shortcode\" id=\"audio-193184-9\" preload=\"none\" style=\"width: 100%;\" controls=\"controls\"><source type=\"audio\/mpeg\" src=\"https:\/\/www.radiopiu.net\/wordpress\/wp-content\/uploads\/2021\/02\/19leggermenteginomiana2021.mp3?_=9\" \/><a href=\"https:\/\/www.radiopiu.net\/wordpress\/wp-content\/uploads\/2021\/02\/19leggermenteginomiana2021.mp3\">https:\/\/www.radiopiu.net\/wordpress\/wp-content\/uploads\/2021\/02\/19leggermenteginomiana2021.mp3<\/a><\/audio>\n<h2><strong style=\"font-size: 14px;\"><span style=\"color: #000000;\">RACCOLTA COMPLETA<\/span><\/strong><\/h2>\n<\/div>\n<blockquote class=\"wp-embedded-content\" data-secret=\"NherEQJ96q\"><p><a href=\"https:\/\/www.radiopiu.net\/wordpress\/leggermente-20\/\">LEGGERmente&#8230;Bellunesi<\/a><\/p><\/blockquote>\n<p><iframe loading=\"lazy\" class=\"wp-embedded-content\" sandbox=\"allow-scripts\" security=\"restricted\" style=\"position: absolute; clip: rect(1px, 1px, 1px, 1px);\" title=\"&#8220;LEGGERmente&#8230;Bellunesi&#8221; &#8212; Radio Pi\u00f9\" src=\"https:\/\/www.radiopiu.net\/wordpress\/leggermente-20\/embed\/#?secret=NherEQJ96q\" data-secret=\"NherEQJ96q\" width=\"600\" height=\"338\" frameborder=\"0\" marginwidth=\"0\" marginheight=\"0\" scrolling=\"no\"><\/iframe><\/p>\n<p>&nbsp;<\/p>\n<hr \/>\n<\/blockquote>\n<p>&nbsp;<\/p>\n<h2><\/h2>\n<h3 class=\"kvgmc6g5 cxmmr5t8 oygrvhab hcukyx3x c1et5uql\"><span style=\"color: #0000ff;\">INFORMAZIONE il canale su TELEGRAM informazione di prima mano e in tempo reale. iscriviti ed aiutaci a farlo conoscere\u00a0<\/span><\/h3>\n<h2>007 IN CONDOTTA CON LA PROF. MARIA ROSA SALMAZO IL LUNEDI ALLE 10,30 E ALLE 19.00 LA DOMENICA ALLE 8 DEL <img loading=\"lazy\" decoding=\"async\" class=\"alignleft\" src=\"https:\/\/www.radiopiu.net\/wordpress\/wp-content\/uploads\/2021\/02\/sci.jpg\" width=\"162\" height=\"108\" \/>MATTINO. NONA STAGIONE<\/h2>\n<p><strong>LA PUNTATA DELLA SETTIMANA Scuola e sport<\/strong><\/p>\n<audio class=\"wp-audio-shortcode\" id=\"audio-193184-10\" preload=\"none\" style=\"width: 100%;\" controls=\"controls\"><source type=\"audio\/mpeg\" src=\"https:\/\/www.radiopiu.net\/wordpress\/wp-content\/uploads\/2021\/02\/007-22-febbraio.mp3?_=10\" \/><a href=\"https:\/\/www.radiopiu.net\/wordpress\/wp-content\/uploads\/2021\/02\/007-22-febbraio.mp3\">https:\/\/www.radiopiu.net\/wordpress\/wp-content\/uploads\/2021\/02\/007-22-febbraio.mp3<\/a><\/audio>\n<h2>LA RACCOLTA COMPLETA<\/h2>\n<blockquote class=\"wp-embedded-content\" data-secret=\"vvkYaZopMK\"><p><a href=\"https:\/\/www.radiopiu.net\/wordpress\/007incondotta-9\/\">007 in condotta<\/a><\/p><\/blockquote>\n<p><iframe loading=\"lazy\" class=\"wp-embedded-content\" sandbox=\"allow-scripts\" security=\"restricted\" style=\"position: absolute; clip: rect(1px, 1px, 1px, 1px);\" title=\"&#8220;007 in condotta&#8221; &#8212; Radio Pi\u00f9\" src=\"https:\/\/www.radiopiu.net\/wordpress\/007incondotta-9\/embed\/#?secret=vvkYaZopMK\" data-secret=\"vvkYaZopMK\" width=\"600\" height=\"338\" frameborder=\"0\" marginwidth=\"0\" marginheight=\"0\" scrolling=\"no\"><\/iframe><\/p>\n<p>&nbsp;<\/p>\n<p>&nbsp;<\/p>\n<p>&nbsp;<\/p><\/blockquote>\n<hr \/>\n<p>&nbsp;<\/p>\n<p>&nbsp;<\/p>\n<p>&nbsp;<\/p>\n<div>\n<h2><span style=\"color: #33cccc;\">I RACCONTI DI PAOLO SOPPELSA il lunedi alle 9.30 e 18.30<\/span><\/h2>\n<blockquote class=\"wp-embedded-content\" data-secret=\"E2A14FQ5eG\"><p><a href=\"https:\/\/www.radiopiu.net\/wordpress\/i-racconti-di-paolo-soppelsa-sessantatreesima-puntata\/\">I RACCONTI DI PAOLO SOPPELSA SESSANTATREESIMA PUNTATA<\/a><\/p><\/blockquote>\n<p><iframe loading=\"lazy\" class=\"wp-embedded-content\" sandbox=\"allow-scripts\" security=\"restricted\" style=\"position: absolute; clip: rect(1px, 1px, 1px, 1px);\" title=\"&#8220;I RACCONTI DI PAOLO SOPPELSA SESSANTATREESIMA PUNTATA&#8221; &#8212; Radio Pi\u00f9\" src=\"https:\/\/www.radiopiu.net\/wordpress\/i-racconti-di-paolo-soppelsa-sessantatreesima-puntata\/embed\/#?secret=E2A14FQ5eG\" data-secret=\"E2A14FQ5eG\" width=\"600\" height=\"338\" frameborder=\"0\" marginwidth=\"0\" marginheight=\"0\" scrolling=\"no\"><\/iframe><\/p>\n<h3 class=\"kvgmc6g5 cxmmr5t8 oygrvhab hcukyx3x c1et5uql\"><span style=\"color: #0000ff;\">INFORMAZIONE il canale su TELEGRAM informazione di prima mano e in tempo reale. iscriviti ed aiutaci a farlo conoscere\u00a0<\/span><\/h3>\n<h2><span style=\"color: #33cccc;\"><strong>RACCOLTA COMPLETA<\/strong><\/span><\/h2>\n<blockquote class=\"wp-embedded-content\" data-secret=\"doypMG7fEu\"><p><a href=\"https:\/\/www.radiopiu.net\/wordpress\/i-racconti-di-paolo-soppelsa\/\">I racconti di Paolo Soppelsa<\/a><\/p><\/blockquote>\n<p><iframe loading=\"lazy\" class=\"wp-embedded-content\" sandbox=\"allow-scripts\" security=\"restricted\" style=\"position: absolute; clip: rect(1px, 1px, 1px, 1px);\" title=\"&#8220;I racconti di Paolo Soppelsa&#8221; &#8212; Radio Pi\u00f9\" src=\"https:\/\/www.radiopiu.net\/wordpress\/i-racconti-di-paolo-soppelsa\/embed\/#?secret=doypMG7fEu\" data-secret=\"doypMG7fEu\" width=\"600\" height=\"338\" frameborder=\"0\" marginwidth=\"0\" marginheight=\"0\" scrolling=\"no\"><\/iframe><\/p>\n<\/div>\n<p>&nbsp;<\/p>\n<hr \/>\n<p>&nbsp;<\/p>\n<div dir=\"auto\">\n<div>\n<h2><span style=\"color: #000080;\"><a class=\"dt-pswp-item\" href=\"https:\/\/www.radiopiu.net\/wordpress\/wp-content\/uploads\/2020\/10\/pp.jpg\" data-dt-img-description=\"\" data-large_image_width=\"640\" data-large_image_height=\"640\"><img loading=\"lazy\" decoding=\"async\" class=\"wp-image-163678 alignleft\" src=\"https:\/\/www.radiopiu.net\/wordpress\/wp-content\/uploads\/2020\/10\/pp-300x300.jpg\" alt=\"\" width=\"106\" height=\"106\" srcset=\"https:\/\/www.radiopiu.net\/wordpress\/wp-content\/uploads\/2020\/10\/pp-300x300.jpg 300w, https:\/\/www.radiopiu.net\/wordpress\/wp-content\/uploads\/2020\/10\/pp-150x150.jpg 150w, https:\/\/www.radiopiu.net\/wordpress\/wp-content\/uploads\/2020\/10\/pp-125x125.jpg 125w, https:\/\/www.radiopiu.net\/wordpress\/wp-content\/uploads\/2020\/10\/pp-200x200.jpg 200w, https:\/\/www.radiopiu.net\/wordpress\/wp-content\/uploads\/2020\/10\/pp-80x80.jpg 80w, https:\/\/www.radiopiu.net\/wordpress\/wp-content\/uploads\/2020\/10\/pp-480x480.jpg 480w, https:\/\/www.radiopiu.net\/wordpress\/wp-content\/uploads\/2020\/10\/pp.jpg 640w\" sizes=\"auto, (max-width: 106px) 100vw, 106px\" \/><\/a><\/span><\/h2>\n<h2><span style=\"color: #000080;\">DON CESARE, IL PENSIERO DEL GIORNO. ALLA RADIO ALLE 7 DEL MATTINO E ALLE 19.30 DELLA SERA.\u00a0\u00a0<\/span><\/h2>\n<p>&nbsp;<\/p>\n<\/div>\n<\/div>\n<p>&nbsp;<\/p>\n<audio class=\"wp-audio-shortcode\" id=\"audio-193184-11\" preload=\"none\" style=\"width: 100%;\" controls=\"controls\"><source type=\"audio\/mpeg\" src=\"https:\/\/www.radiopiu.net\/wordpress\/wp-content\/uploads\/2021\/02\/cesare-10.mp3?_=11\" \/><a href=\"https:\/\/www.radiopiu.net\/wordpress\/wp-content\/uploads\/2021\/02\/cesare-10.mp3\">https:\/\/www.radiopiu.net\/wordpress\/wp-content\/uploads\/2021\/02\/cesare-10.mp3<\/a><\/audio>\n<div dir=\"auto\">\n<p>&nbsp;<\/p>\n<\/div>\n<p>&nbsp;<\/p>\n<hr \/>\n<h2><span style=\"color: #ff0000;\"><a href=\"https:\/\/www.radiopiu.net\/wordpress\/giornale-radiopiu-05-gennaio-2021-direttore-mirko-mezzacasa\/133200401_100838761953611_1258544160541445132_o-2\/\" rel=\"attachment wp-att-183078\"><img loading=\"lazy\" decoding=\"async\" class=\" wp-image-183078 alignleft\" src=\"https:\/\/www.radiopiu.net\/wordpress\/wp-content\/uploads\/2021\/01\/133200401_100838761953611_1258544160541445132_o-1-300x157.jpg\" alt=\"\" width=\"192\" height=\"101\" srcset=\"https:\/\/www.radiopiu.net\/wordpress\/wp-content\/uploads\/2021\/01\/133200401_100838761953611_1258544160541445132_o-1-300x157.jpg 300w, https:\/\/www.radiopiu.net\/wordpress\/wp-content\/uploads\/2021\/01\/133200401_100838761953611_1258544160541445132_o-1.jpg 526w\" sizes=\"auto, (max-width: 192px) 100vw, 192px\" \/><\/a>GOCCE DI FILOSOFIA, CON CHIARA CAU, CON LISA DE LUCA. <\/span><\/h2>\n<h2><span style=\"color: #ff0000;\">TUTTI I GIORNI DAL LUNEDI AL VENERDI ALLE 6.55 E ALLE 18.55<\/span><\/h2>\n<p><span style=\"color: #ff6600;\"><strong>PUNTATA 37<\/strong><\/span><\/p>\n<audio class=\"wp-audio-shortcode\" id=\"audio-193184-12\" preload=\"none\" style=\"width: 100%;\" controls=\"controls\"><source type=\"audio\/mpeg\" src=\"https:\/\/www.radiopiu.net\/wordpress\/wp-content\/uploads\/2021\/02\/FI2-3.mp3?_=12\" \/><a href=\"https:\/\/www.radiopiu.net\/wordpress\/wp-content\/uploads\/2021\/02\/FI2-3.mp3\">https:\/\/www.radiopiu.net\/wordpress\/wp-content\/uploads\/2021\/02\/FI2-3.mp3<\/a><\/audio>\n<p>&nbsp;<\/p>\n<h3>LA RACCOLTA COMPLETA<\/h3>\n<blockquote class=\"wp-embedded-content\" data-secret=\"PzOJL8codC\"><p><a href=\"https:\/\/www.radiopiu.net\/wordpress\/gocce-filosofia\/\">Gocce di filosofia<\/a><\/p><\/blockquote>\n<p><iframe loading=\"lazy\" class=\"wp-embedded-content\" sandbox=\"allow-scripts\" security=\"restricted\" style=\"position: absolute; clip: rect(1px, 1px, 1px, 1px);\" title=\"&#8220;Gocce di filosofia&#8221; &#8212; Radio Pi\u00f9\" src=\"https:\/\/www.radiopiu.net\/wordpress\/gocce-filosofia\/embed\/#?secret=PzOJL8codC\" data-secret=\"PzOJL8codC\" width=\"600\" height=\"338\" frameborder=\"0\" marginwidth=\"0\" marginheight=\"0\" scrolling=\"no\"><\/iframe><\/p>\n<p>&nbsp;<\/p>\n<hr \/>\n<p>&nbsp;<\/p>\n<div class=\"im_message_wrap clearfix\">\n<div class=\"im_content_message_wrap im_message_out\">\n<h2><span style=\"color: #ff0000;\">IERI ALLA RADIO\u00a0 IN VIVO VERSO 2020-21<\/span><\/h2>\n<p><strong><span style=\"color: #0000ff;\">IN ONDA DAL LUNEDI AL VENERDI ALLE 7.10, 10.10, 18.50\u00a0<\/span><\/strong><\/p>\n<blockquote class=\"wp-embedded-content\" data-secret=\"vrNo5bcM3E\"><p><a href=\"https:\/\/www.radiopiu.net\/wordpress\/svegliarmi-di-lorena-brandolese\/\">SVEGLIARMI di LORENA BRANDOLESE<\/a><\/p><\/blockquote>\n<p><iframe loading=\"lazy\" class=\"wp-embedded-content\" sandbox=\"allow-scripts\" security=\"restricted\" style=\"position: absolute; clip: rect(1px, 1px, 1px, 1px);\" title=\"&#8220;SVEGLIARMI di LORENA BRANDOLESE&#8221; &#8212; Radio Pi\u00f9\" src=\"https:\/\/www.radiopiu.net\/wordpress\/svegliarmi-di-lorena-brandolese\/embed\/#?secret=vrNo5bcM3E\" data-secret=\"vrNo5bcM3E\" width=\"600\" height=\"338\" frameborder=\"0\" marginwidth=\"0\" marginheight=\"0\" scrolling=\"no\"><\/iframe><\/p>\n<p><strong>LA RACCOLTA<\/strong><\/p>\n<blockquote class=\"wp-embedded-content\" data-secret=\"5A7KwVPQNk\"><p><a href=\"https:\/\/www.radiopiu.net\/wordpress\/in-vivo-verso\/\">In Vivo Verso<\/a><\/p><\/blockquote>\n<p><iframe loading=\"lazy\" class=\"wp-embedded-content\" sandbox=\"allow-scripts\" security=\"restricted\" style=\"position: absolute; clip: rect(1px, 1px, 1px, 1px);\" title=\"&#8220;In Vivo Verso&#8221; &#8212; Radio Pi\u00f9\" src=\"https:\/\/www.radiopiu.net\/wordpress\/in-vivo-verso\/embed\/#?secret=5A7KwVPQNk\" data-secret=\"5A7KwVPQNk\" width=\"600\" height=\"338\" frameborder=\"0\" marginwidth=\"0\" marginheight=\"0\" scrolling=\"no\"><\/iframe><\/p>\n<hr \/>\n<p>&nbsp;<\/p>\n<\/div>\n<\/div>\n<p>&nbsp;<\/p>\n<h2><span style=\"color: #808000;\">DUE MINUTI UN LIBRO\u00a0 TUTTI I GIORNI ALLA RADIO ALLE 9.30 E ALLE 18. QUINTA STAGIONE\u00a0 \u00a0<\/span><\/h2>\n<blockquote class=\"wp-embedded-content\" data-secret=\"T70FCBg4j2\"><p><a href=\"https:\/\/www.radiopiu.net\/wordpress\/ostentata-bonta\/\">OSTENTATA BONTA&#8217;<\/a><\/p><\/blockquote>\n<p><iframe loading=\"lazy\" class=\"wp-embedded-content\" sandbox=\"allow-scripts\" security=\"restricted\" style=\"position: absolute; clip: rect(1px, 1px, 1px, 1px);\" title=\"&#8220;OSTENTATA BONTA&#8217;&#8221; &#8212; Radio Pi\u00f9\" src=\"https:\/\/www.radiopiu.net\/wordpress\/ostentata-bonta\/embed\/#?secret=T70FCBg4j2\" data-secret=\"T70FCBg4j2\" width=\"600\" height=\"338\" frameborder=\"0\" marginwidth=\"0\" marginheight=\"0\" scrolling=\"no\"><\/iframe><\/p>\n<h3><span style=\"color: #808000;\">\u00a0<\/span>LA RACCOLTA COMPLETA<\/h3>\n<blockquote class=\"wp-embedded-content\" data-secret=\"Q2QaCJKmwr\"><p><a href=\"https:\/\/www.radiopiu.net\/wordpress\/due-minuti-un-libro\/\">Due minuti un libro<\/a><\/p><\/blockquote>\n<p><iframe loading=\"lazy\" class=\"wp-embedded-content\" sandbox=\"allow-scripts\" security=\"restricted\" style=\"position: absolute; clip: rect(1px, 1px, 1px, 1px);\" title=\"&#8220;Due minuti un libro&#8221; &#8212; Radio Pi\u00f9\" src=\"https:\/\/www.radiopiu.net\/wordpress\/due-minuti-un-libro\/embed\/#?secret=Q2QaCJKmwr\" data-secret=\"Q2QaCJKmwr\" width=\"600\" height=\"338\" frameborder=\"0\" marginwidth=\"0\" marginheight=\"0\" scrolling=\"no\"><\/iframe><\/p>\n<p>&nbsp;<\/p>\n<p>&nbsp;<\/p>\n<hr \/>\n<blockquote>\n<h2>SALUTE E SOCIETA&#8217; IL LUNEDI ALLE 13.10 E ALLE 20.10, LA DOMENICA ALLE 10.30 A CURA DEL DOTTOR MARCO CARACCIOLO. QUINTA STAGIONE<\/h2>\n<\/blockquote>\n<p><strong><img loading=\"lazy\" decoding=\"async\" class=\"alignleft\" src=\"https:\/\/www.radiopiu.net\/wordpress\/wp-content\/uploads\/2021\/02\/dott.jpg\" width=\"208\" height=\"138\" \/>LA PUNTATA DELLA SETTIMANA: <\/strong>\u201cLa salute: un bene da difendere, un diritto da promuovere\u201d \u00e8 un progetto di tutela dei diritti dei pazienti oncologici e onco-ematologici che coinvolge ben 34 Associazioni in tutta Italia. Antonella Pitrelli ha parlato delle difficolt\u00e0 del Servizio Sanitario in questa fase storica caratterizzata dalla pandemia con:<br \/>\nAnnamaria Mancuso, Coordinatrice del gruppo \u201cLa salute: un bene da difendere, un diritto da promuovere\u201d e Presidente Salute Donna Onlus<br \/>\nFilippo de Braud, Direttore Dipartimento di Oncologia Medica, Istituto Nazionale dei Tumori di Milano Marco Vignetti, Presidente Fondazione GIMEMA e Vicepresidente AIL<\/p>\n<audio class=\"wp-audio-shortcode\" id=\"audio-193184-13\" preload=\"none\" style=\"width: 100%;\" controls=\"controls\"><source type=\"audio\/mpeg\" src=\"https:\/\/www.radiopiu.net\/wordpress\/wp-content\/uploads\/2021\/02\/SALUTE-3.mp3?_=13\" \/><a href=\"https:\/\/www.radiopiu.net\/wordpress\/wp-content\/uploads\/2021\/02\/SALUTE-3.mp3\">https:\/\/www.radiopiu.net\/wordpress\/wp-content\/uploads\/2021\/02\/SALUTE-3.mp3<\/a><\/audio>\n<p>&nbsp;<\/p>\n<p>&nbsp;<\/p>\n<p>&nbsp;<\/p>\n<hr \/>\n<p>&nbsp;<\/p>\n<div dir=\"auto\">\n<div>\n<h2><span style=\"color: #800080;\"><strong>LA RASSEGNA STAMPA DA L&#8217;AMICO DEL POPOLO\u00a0<\/strong><\/span><\/h2>\n<h3 class=\"kvgmc6g5 cxmmr5t8 oygrvhab hcukyx3x c1et5uql\"><span style=\"color: #0000ff;\"> INFORMAZIONE il canale su TELEGRAM informazione di prima mano e in tempo reale. iscriviti ed aiutaci a farlo conoscere\u00a0<\/span><\/h3>\n<p><strong><a href=\"https:\/\/www.radiopiu.net\/wordpress\/la-rassegna-stampa-da-lamico-del-popolo-20-febbraio-2021\/68763f4c-5f1d-42ef-b925-0bb4ed3974c9\/\" rel=\"attachment wp-att-192616\"><img loading=\"lazy\" decoding=\"async\" class=\" wp-image-192616 alignleft\" src=\"https:\/\/www.radiopiu.net\/wordpress\/wp-content\/uploads\/2021\/02\/68763f4c-5f1d-42ef-b925-0bb4ed3974c9-300x300.jpg\" alt=\"\" width=\"103\" height=\"103\" srcset=\"https:\/\/www.radiopiu.net\/wordpress\/wp-content\/uploads\/2021\/02\/68763f4c-5f1d-42ef-b925-0bb4ed3974c9-300x300.jpg 300w, https:\/\/www.radiopiu.net\/wordpress\/wp-content\/uploads\/2021\/02\/68763f4c-5f1d-42ef-b925-0bb4ed3974c9-1024x1024.jpg 1024w, https:\/\/www.radiopiu.net\/wordpress\/wp-content\/uploads\/2021\/02\/68763f4c-5f1d-42ef-b925-0bb4ed3974c9-150x150.jpg 150w, https:\/\/www.radiopiu.net\/wordpress\/wp-content\/uploads\/2021\/02\/68763f4c-5f1d-42ef-b925-0bb4ed3974c9-768x768.jpg 768w, https:\/\/www.radiopiu.net\/wordpress\/wp-content\/uploads\/2021\/02\/68763f4c-5f1d-42ef-b925-0bb4ed3974c9-1536x1536.jpg 1536w, https:\/\/www.radiopiu.net\/wordpress\/wp-content\/uploads\/2021\/02\/68763f4c-5f1d-42ef-b925-0bb4ed3974c9.jpg 1600w\" sizes=\"auto, (max-width: 103px) 100vw, 103px\" \/><\/a><\/strong><\/p>\n<p>&nbsp;<\/p>\n<p><strong>di Gianni Santomaso<\/strong><\/p>\n<p>OSPITI: Chiara Fontanive, Fiorangela Beltrame e Antonella Schena<\/p>\n<audio class=\"wp-audio-shortcode\" id=\"audio-193184-14\" preload=\"none\" style=\"width: 100%;\" controls=\"controls\"><source type=\"audio\/mpeg\" src=\"https:\/\/www.radiopiu.net\/wordpress\/wp-content\/uploads\/2021\/02\/RASSEGNA-GIANNI-2.mp3?_=14\" \/><a href=\"https:\/\/www.radiopiu.net\/wordpress\/wp-content\/uploads\/2021\/02\/RASSEGNA-GIANNI-2.mp3\">https:\/\/www.radiopiu.net\/wordpress\/wp-content\/uploads\/2021\/02\/RASSEGNA-GIANNI-2.mp3<\/a><\/audio>\n<p><strong>LA RACCOLTA COMPLETA<\/strong><\/p>\n<blockquote class=\"wp-embedded-content\" data-secret=\"4jM7KBQ6Kb\"><p><a href=\"https:\/\/www.radiopiu.net\/wordpress\/rassegna-stampa-di-gianni-santomaso\/\">Rassegna stampa da l&#8217;amico del popolo &#8211; di Gianni Santomaso<\/a><\/p><\/blockquote>\n<p><iframe loading=\"lazy\" class=\"wp-embedded-content\" sandbox=\"allow-scripts\" security=\"restricted\" style=\"position: absolute; clip: rect(1px, 1px, 1px, 1px);\" title=\"&#8220;Rassegna stampa da l&#8217;amico del popolo &#8211; di Gianni Santomaso&#8221; &#8212; Radio Pi\u00f9\" src=\"https:\/\/www.radiopiu.net\/wordpress\/rassegna-stampa-di-gianni-santomaso\/embed\/#?secret=4jM7KBQ6Kb\" data-secret=\"4jM7KBQ6Kb\" width=\"600\" height=\"338\" frameborder=\"0\" marginwidth=\"0\" marginheight=\"0\" scrolling=\"no\"><\/iframe><\/p>\n<p>&nbsp;<\/p>\n<p>&nbsp;<\/p>\n<\/div>\n<\/div>\n<p>&nbsp;<\/p>\n<hr \/>\n<p>&nbsp;<\/p>\n<blockquote>\n<h3><a href=\"https:\/\/www.radiopiu.net\/wordpress\/almanacco-ladino-puntata-5-2020\/sn\/\" rel=\"attachment wp-att-180931\"><img loading=\"lazy\" decoding=\"async\" class=\"wp-image-180931 alignleft\" src=\"https:\/\/www.radiopiu.net\/wordpress\/wp-content\/uploads\/2020\/12\/sn-300x194.jpg\" alt=\"\" width=\"181\" height=\"117\" srcset=\"https:\/\/www.radiopiu.net\/wordpress\/wp-content\/uploads\/2020\/12\/sn-300x194.jpg 300w, https:\/\/www.radiopiu.net\/wordpress\/wp-content\/uploads\/2020\/12\/sn.jpg 626w\" sizes=\"auto, (max-width: 181px) 100vw, 181px\" \/><\/a>L&#8217;ALMANACCO LADINO CON L&#8217;ISTITUT CESA DE JAN QUINDICINALE APPUNTAMENTO. LA DOMENICA ALLE 9 IL LUNEDI ALLE 8.35 IL MARTEDI ALLE 12.35 IL MERCOLEDI ALLE 18.35. SECONDA STAGIONE.<\/h3>\n<\/blockquote>\n<p><strong>RACCOLTA COMPLETA\u00a0<\/strong><\/p>\n<blockquote class=\"wp-embedded-content\" data-secret=\"eWP7ob2bHd\"><p><a href=\"https:\/\/www.radiopiu.net\/wordpress\/almanacco-ladino\/\">Almanacco Ladino<\/a><\/p><\/blockquote>\n<p><iframe loading=\"lazy\" class=\"wp-embedded-content\" sandbox=\"allow-scripts\" security=\"restricted\" style=\"position: absolute; clip: rect(1px, 1px, 1px, 1px);\" title=\"&#8220;Almanacco Ladino&#8221; &#8212; Radio Pi\u00f9\" src=\"https:\/\/www.radiopiu.net\/wordpress\/almanacco-ladino\/embed\/#?secret=eWP7ob2bHd\" data-secret=\"eWP7ob2bHd\" width=\"600\" height=\"338\" frameborder=\"0\" marginwidth=\"0\" marginheight=\"0\" scrolling=\"no\"><\/iframe><\/p>\n<p>&nbsp;<\/p>\n<hr \/>\n<blockquote>\n<h2><\/h2>\n<h2>RITORNA AI MICROFONI DI RADIO PIU&#8217; FRANCESCO ZILLIO<br \/>\nterza puntata, stagione 2021 &#8211; auto elettriche.<\/h2>\n<\/blockquote>\n<p>&nbsp;<\/p>\n<p><iframe loading=\"lazy\" title=\"EPCENTER -EFFICIENZA ENERGETICA A SERVIZIO DELLE AUTO ELETTRICHE COMBINAZIONE POSITIVA DI TECNOLOGIA\" width=\"1200\" height=\"675\" src=\"https:\/\/www.youtube.com\/embed\/927qLatGDPc?start=246&#038;feature=oembed\" frameborder=\"0\" allow=\"accelerometer; autoplay; clipboard-write; encrypted-media; gyroscope; picture-in-picture\" allowfullscreen><\/iframe><\/p>\n<p>&nbsp;<\/p>\n<p><strong>LA VIDEO GALLERY\u00a0<\/strong><\/p>\n<blockquote class=\"wp-embedded-content\" data-secret=\"26aWCER78p\"><p><a href=\"https:\/\/www.radiopiu.net\/wordpress\/ep-center-video-gallery\/\">EP CENTER video gallery<\/a><\/p><\/blockquote>\n<p><iframe loading=\"lazy\" class=\"wp-embedded-content\" sandbox=\"allow-scripts\" security=\"restricted\" style=\"position: absolute; clip: rect(1px, 1px, 1px, 1px);\" title=\"&#8220;EP CENTER video gallery&#8221; &#8212; Radio Pi\u00f9\" src=\"https:\/\/www.radiopiu.net\/wordpress\/ep-center-video-gallery\/embed\/#?secret=26aWCER78p\" data-secret=\"26aWCER78p\" width=\"600\" height=\"338\" frameborder=\"0\" marginwidth=\"0\" marginheight=\"0\" scrolling=\"no\"><\/iframe><\/p>\n<p>&nbsp;<\/p>\n<p>&nbsp;<\/p>\n<hr \/>\n<h3><\/h3>\n<blockquote>\n<h3>SEI A CASA, CON LUCIA SOCCOL. SPECIALE A PUNTATE<\/h3>\n<\/blockquote>\n<h2><span style=\"color: #ff0000;\">STAGIONE 2021 la nuova edizione TERZA STAGIONE<\/span><\/h2>\n<h3>QUARTA PUNTATA con Lucia Soccol, case e mercato immobiliare, notizie e curiosit\u00e0. 11 FEBBRAIO 2021<\/h3>\n<h3>RACCOLTA COMPLETA<\/h3>\n<audio class=\"wp-audio-shortcode\" id=\"audio-193184-15\" preload=\"none\" style=\"width: 100%;\" controls=\"controls\"><source type=\"audio\/mpeg\" src=\"https:\/\/www.radiopiu.net\/wordpress\/wp-content\/uploads\/2021\/02\/sei-a-casa-218-febbraio.mp3?_=15\" \/><a href=\"https:\/\/www.radiopiu.net\/wordpress\/wp-content\/uploads\/2021\/02\/sei-a-casa-218-febbraio.mp3\">https:\/\/www.radiopiu.net\/wordpress\/wp-content\/uploads\/2021\/02\/sei-a-casa-218-febbraio.mp3<\/a><\/audio>\n<p>&nbsp;<\/p>\n<blockquote class=\"wp-embedded-content\" data-secret=\"8l0a6ApHZ0\"><p><a href=\"https:\/\/www.radiopiu.net\/wordpress\/ieri-alla-radio-sei-a-casa1\/\">SEI A CASA, CON LUCIA SOCCOL. SPECIALE A PUNTATE.<\/a><\/p><\/blockquote>\n<p><iframe loading=\"lazy\" class=\"wp-embedded-content\" sandbox=\"allow-scripts\" security=\"restricted\" style=\"position: absolute; clip: rect(1px, 1px, 1px, 1px);\" title=\"&#8220;SEI A CASA, CON LUCIA SOCCOL. SPECIALE A PUNTATE.&#8221; &#8212; Radio Pi\u00f9\" src=\"https:\/\/www.radiopiu.net\/wordpress\/ieri-alla-radio-sei-a-casa1\/embed\/#?secret=8l0a6ApHZ0\" data-secret=\"8l0a6ApHZ0\" width=\"600\" height=\"338\" frameborder=\"0\" marginwidth=\"0\" marginheight=\"0\" scrolling=\"no\"><\/iframe><\/p>\n<p>&nbsp;<\/p>\n<hr \/>\n<p>&nbsp;<\/p>\n<blockquote>\n<h2><\/h2>\n<h2>FANTASTICHE DOLOMITI, NUOVA STAGIONE. APPUNTAMENTO QUINDICINALE IL GIOVEDI ALLE 10.30 E 19.00<\/h2>\n<\/blockquote>\n<p><span style=\"color: #000000;\"><strong>LA NUOVA PUNTATA i corsi di formazione della Fondazione 11 FEBBRAIO 2021<\/strong><\/span><\/p>\n<h2><span style=\"color: #ff0000;\"><a href=\"https:\/\/www.radiopiu.net\/wordpress\/https-wp-me-p63lo7-gyg\/th-39\/\" rel=\"attachment wp-att-190450\"><img loading=\"lazy\" decoding=\"async\" class=\" wp-image-190450 alignleft\" src=\"https:\/\/www.radiopiu.net\/wordpress\/wp-content\/uploads\/2021\/01\/th-6.jpg\" alt=\"\" width=\"153\" height=\"102\" \/><\/a>LA OTTAVA PUNTATA, formazione personalizzata<\/span><\/h2>\n<p><strong>OSPITE IL PRESIDENTE CLAUDIO CANOVA<\/strong><\/p>\n<audio class=\"wp-audio-shortcode\" id=\"audio-193184-16\" preload=\"none\" style=\"width: 100%;\" controls=\"controls\"><source type=\"audio\/mpeg\" src=\"https:\/\/www.radiopiu.net\/wordpress\/wp-content\/uploads\/2021\/02\/fantastiche-dolomiti-11-febbraio.mp3?_=16\" \/><a href=\"https:\/\/www.radiopiu.net\/wordpress\/wp-content\/uploads\/2021\/02\/fantastiche-dolomiti-11-febbraio.mp3\">https:\/\/www.radiopiu.net\/wordpress\/wp-content\/uploads\/2021\/02\/fantastiche-dolomiti-11-febbraio.mp3<\/a><\/audio>\n<h3>LA RACCOLTA COMPLETA<\/h3>\n<p>https:\/\/www.radiopiu.net\/wordpress\/https-wp-me-p63lo7-gyg\/<\/p>\n<p>&nbsp;<\/p>\n<hr \/>\n<blockquote>\n<h2><\/h2>\n<h2>CASSA SOLIDARIET\u00c0 LUXOTTICA<\/h2>\n<\/blockquote>\n<h3><strong><span style=\"color: #ff0000;\">IL NUMERO DI FEBBRAIO CON PAOLO CHISSALE&#8217; E FABRIZIO CAMPEDEL\u00a0\u00a0<\/span><\/strong><\/h3>\n<audio class=\"wp-audio-shortcode\" id=\"audio-193184-17\" preload=\"none\" style=\"width: 100%;\" controls=\"controls\"><source type=\"audio\/mpeg\" src=\"https:\/\/www.radiopiu.net\/wordpress\/wp-content\/uploads\/2021\/02\/ca-sol-lux-febbraio.mp3?_=17\" \/><a href=\"https:\/\/www.radiopiu.net\/wordpress\/wp-content\/uploads\/2021\/02\/ca-sol-lux-febbraio.mp3\">https:\/\/www.radiopiu.net\/wordpress\/wp-content\/uploads\/2021\/02\/ca-sol-lux-febbraio.mp3<\/a><\/audio>\n<blockquote>\n<h2>RACCOLTA COMPLETA<\/h2>\n<\/blockquote>\n<blockquote class=\"wp-embedded-content\" data-secret=\"uaOunRT8Kr\"><p><a href=\"https:\/\/www.radiopiu.net\/wordpress\/cassa-solidarieta-luxottica-puntata-del-16-ottobre-2020\/\">CASSA SOLIDARIET\u00c0 LUXOTTICA &#8211; PUNTATA DEL 20 NOVEMBRE 2020<\/a><\/p><\/blockquote>\n<p><iframe loading=\"lazy\" class=\"wp-embedded-content\" sandbox=\"allow-scripts\" security=\"restricted\" style=\"position: absolute; clip: rect(1px, 1px, 1px, 1px);\" title=\"&#8220;CASSA SOLIDARIET\u00c0 LUXOTTICA &#8211; PUNTATA DEL 20 NOVEMBRE 2020&#8221; &#8212; Radio Pi\u00f9\" src=\"https:\/\/www.radiopiu.net\/wordpress\/cassa-solidarieta-luxottica-puntata-del-16-ottobre-2020\/embed\/#?secret=uaOunRT8Kr\" data-secret=\"uaOunRT8Kr\" width=\"600\" height=\"338\" frameborder=\"0\" marginwidth=\"0\" marginheight=\"0\" scrolling=\"no\"><\/iframe><\/p>\n<div>\n<p>&nbsp;<\/p>\n<hr \/>\n<p>&nbsp;<\/p>\n<blockquote>\n<h3><a href=\"https:\/\/www.radiopiu.net\/wordpress\/giornale-radiopiu-06-febbraio-2019-direttore-mirko-mezzacasa\/logo_spi-cgil-800x445\/\" rel=\"attachment wp-att-75538\"><img loading=\"lazy\" decoding=\"async\" class=\"wp-image-75538 alignleft\" src=\"https:\/\/www.radiopiu.net\/wordpress\/wp-content\/uploads\/2019\/02\/Logo_Spi-CGIL-800x445-300x167.jpg\" alt=\"\" width=\"210\" height=\"117\" srcset=\"https:\/\/www.radiopiu.net\/wordpress\/wp-content\/uploads\/2019\/02\/Logo_Spi-CGIL-800x445-300x167.jpg 300w, https:\/\/www.radiopiu.net\/wordpress\/wp-content\/uploads\/2019\/02\/Logo_Spi-CGIL-800x445-768x427.jpg 768w, https:\/\/www.radiopiu.net\/wordpress\/wp-content\/uploads\/2019\/02\/Logo_Spi-CGIL-800x445.jpg 800w\" sizes=\"auto, (max-width: 210px) 100vw, 210px\" \/><\/a>ALLA RADIO, APPUNTAMENTO QUINDICINALE CON SPI-CGIL BELLUNO, IN STUDIO MARIA RITA GENTILIN<\/h3>\n<\/blockquote>\n<p><strong>di Claudio Fontanive<\/strong><\/p>\n<audio class=\"wp-audio-shortcode\" id=\"audio-193184-18\" preload=\"none\" style=\"width: 100%;\" controls=\"controls\"><source type=\"audio\/mpeg\" src=\"https:\/\/www.radiopiu.net\/wordpress\/wp-content\/uploads\/2021\/02\/spi-cgil-18-febbraio.mp3?_=18\" \/><a href=\"https:\/\/www.radiopiu.net\/wordpress\/wp-content\/uploads\/2021\/02\/spi-cgil-18-febbraio.mp3\">https:\/\/www.radiopiu.net\/wordpress\/wp-content\/uploads\/2021\/02\/spi-cgil-18-febbraio.mp3<\/a><\/audio>\n<p>&nbsp;<\/p>\n<p>&nbsp;<\/p>\n<hr \/>\n<p>&nbsp;<\/p>\n<blockquote>\n<h2><a href=\"https:\/\/www.radiopiu.net\/wordpress\/speciale-solidarieta-veneto\/solidarieta-veneto-3\/\" rel=\"attachment wp-att-134366\"><img loading=\"lazy\" decoding=\"async\" class=\"wp-image-134366 alignleft\" src=\"https:\/\/www.radiopiu.net\/wordpress\/wp-content\/uploads\/2020\/05\/solidariet\u00e0-veneto-300x210.jpg\" alt=\"\" width=\"102\" height=\"71\" srcset=\"https:\/\/www.radiopiu.net\/wordpress\/wp-content\/uploads\/2020\/05\/solidariet\u00e0-veneto-300x210.jpg 300w, https:\/\/www.radiopiu.net\/wordpress\/wp-content\/uploads\/2020\/05\/solidariet\u00e0-veneto-1024x717.jpg 1024w, https:\/\/www.radiopiu.net\/wordpress\/wp-content\/uploads\/2020\/05\/solidariet\u00e0-veneto-768x538.jpg 768w, https:\/\/www.radiopiu.net\/wordpress\/wp-content\/uploads\/2020\/05\/solidariet\u00e0-veneto.jpg 1373w\" sizes=\"auto, (max-width: 102px) 100vw, 102px\" \/><\/a>SOLIDARIETA&#8217; VENETO FONDO PENSIONE, IN ONDA IL PRIMO VENERDI DEL MESE ALLE 10.30 E ALLE 19.00 QUINTA STAGIONE<\/h2>\n<\/blockquote>\n<p><strong>AUDIO FEBBRAIO 2021<\/strong><\/p>\n<audio class=\"wp-audio-shortcode\" id=\"audio-193184-19\" preload=\"none\" style=\"width: 100%;\" controls=\"controls\"><source type=\"audio\/mpeg\" src=\"https:\/\/www.radiopiu.net\/wordpress\/wp-content\/uploads\/2021\/02\/solidarieta-veneto-febbraio.mp3?_=19\" \/><a href=\"https:\/\/www.radiopiu.net\/wordpress\/wp-content\/uploads\/2021\/02\/solidarieta-veneto-febbraio.mp3\">https:\/\/www.radiopiu.net\/wordpress\/wp-content\/uploads\/2021\/02\/solidarieta-veneto-febbraio.mp3<\/a><\/audio>\n<p>&nbsp;<\/p>\n<blockquote>\n<h2>RACCOLTA COMPLETA<\/h2>\n<\/blockquote>\n<blockquote class=\"wp-embedded-content\" data-secret=\"nuZ2NYAIjd\"><p><a href=\"https:\/\/www.radiopiu.net\/wordpress\/solidarieta-veneto\/\">Solidariet\u00e0 Veneto<\/a><\/p><\/blockquote>\n<p><iframe loading=\"lazy\" class=\"wp-embedded-content\" sandbox=\"allow-scripts\" security=\"restricted\" style=\"position: absolute; clip: rect(1px, 1px, 1px, 1px);\" title=\"&#8220;Solidariet\u00e0 Veneto&#8221; &#8212; Radio Pi\u00f9\" src=\"https:\/\/www.radiopiu.net\/wordpress\/solidarieta-veneto\/embed\/#?secret=nuZ2NYAIjd\" data-secret=\"nuZ2NYAIjd\" width=\"600\" height=\"338\" frameborder=\"0\" marginwidth=\"0\" marginheight=\"0\" scrolling=\"no\"><\/iframe><\/p>\n<p>&nbsp;<\/p>\n<p>&nbsp;<\/p>\n<\/div>\n<div dir=\"auto\"><\/div>\n<div dir=\"auto\">\n<p>&nbsp;<\/p>\n<hr \/>\n<p>&nbsp;<\/p>\n<div>\n<p class=\"photoswipe-wrapper\"><a class=\"dt-pswp-item pspw-wrap-ready\" href=\"https:\/\/i0.wp.com\/www.radiopiu.net\/wordpress\/wp-content\/uploads\/2018\/09\/viabilita.jpeg?ssl=1\" data-dt-img-description=\"\" data-large_image_width=\"800\" data-large_image_height=\"100\"><img loading=\"lazy\" decoding=\"async\" class=\"aligncenter wp-image-61954 size-full\" src=\"https:\/\/i0.wp.com\/www.radiopiu.net\/wordpress\/wp-content\/uploads\/2018\/09\/viabilita.jpeg?resize=800%2C100&amp;ssl=1\" sizes=\"auto, (max-width: 800px) 100vw, 800px\" srcset=\"https:\/\/i0.wp.com\/www.radiopiu.net\/wordpress\/wp-content\/uploads\/2018\/09\/viabilita.jpeg?w=800&amp;ssl=1 800w, https:\/\/i0.wp.com\/www.radiopiu.net\/wordpress\/wp-content\/uploads\/2018\/09\/viabilita.jpeg?resize=300%2C38&amp;ssl=1 300w, https:\/\/i0.wp.com\/www.radiopiu.net\/wordpress\/wp-content\/uploads\/2018\/09\/viabilita.jpeg?resize=768%2C96&amp;ssl=1 768w\" alt=\"\" width=\"800\" height=\"100\" \/><\/a><\/p>\n<\/div>\n<p>&nbsp;<\/p>\n<p><strong>SR 347 DEL PASSO CEREDA E DURAN <\/strong>fino\u00a0al 26 febbraio senso unico alternato regolato da semaforo a Voltago per indagini geognostiche<\/p>\n<p><strong>SP 21 DI QUERO<\/strong> fino al 5 marzo, esclusi sabato e domenica, interdizione totale al traffico tra Quero e Ponte Tegorzo per posa cavidotto per conto di E-Distribuzione<\/p>\n<p><strong>SP 251 DELLA VAL DI ZOLDO E CELLINA<\/strong> Istituzione di senso unico alternato regolato da semaforo nel comune di Val di Zoldo per messa in sicurezza della strada<\/p>\n<p><strong>SP 42 CAVALLERA<\/strong> fino a revoca, chiusura della strada nell&#8217;abitato di Perarolo per attivazione emergenza frana &#8220;Busa del Cristo&#8221;<\/p>\n<p><strong>S.P.2 DELLA VALLE DEL MIS\u00a0<\/strong>Interdizione totale al traffico fino a revoca dal km 14,920 (localit\u00e0 Gona Bassa) al km 20,650 (localit\u00e0 Titele) per cedimento della carreggiata<\/p>\n<p><strong>S.P. 5 DI LAMOSANO<\/strong>\u00a0Interdizione totale fino a revoca per presenza di materiale e alberi in strada.<\/p>\n<p><strong>SP 3 DELLA VAL IMPERINA<\/strong> fino a revoca, senso unico alternato regolato a vista in localit\u00e0 Gona di Conedera di Rivamonte per cedimento della carreggiata stradale<\/p>\n<p>&nbsp;<\/p>\n<p>&nbsp;<\/p>\n<hr \/>\n<p>&nbsp;<\/p>\n<div>\n<p class=\"photoswipe-wrapper\"><a class=\"dt-pswp-item pspw-wrap-ready\" href=\"https:\/\/i0.wp.com\/www.radiopiu.net\/wordpress\/wp-content\/uploads\/2018\/09\/WhatsApp-Image-2018-09-20-at-16.04.06.jpeg?ssl=1\" data-dt-img-description=\"\" data-large_image_width=\"800\" data-large_image_height=\"100\"><img loading=\"lazy\" decoding=\"async\" class=\"aligncenter wp-image-61378 size-full jetpack-lazy-image jetpack-lazy-image--handled\" src=\"https:\/\/i0.wp.com\/www.radiopiu.net\/wordpress\/wp-content\/uploads\/2018\/09\/WhatsApp-Image-2018-09-20-at-16.04.06.jpeg?resize=800%2C100&amp;ssl=1\" sizes=\"auto, (max-width: 800px) 100vw, 800px\" srcset=\"https:\/\/i0.wp.com\/www.radiopiu.net\/wordpress\/wp-content\/uploads\/2018\/09\/WhatsApp-Image-2018-09-20-at-16.04.06.jpeg?w=800&amp;ssl=1 800w, https:\/\/i0.wp.com\/www.radiopiu.net\/wordpress\/wp-content\/uploads\/2018\/09\/WhatsApp-Image-2018-09-20-at-16.04.06.jpeg?resize=300%2C38&amp;ssl=1 300w, https:\/\/i0.wp.com\/www.radiopiu.net\/wordpress\/wp-content\/uploads\/2018\/09\/WhatsApp-Image-2018-09-20-at-16.04.06.jpeg?resize=768%2C96&amp;ssl=1 768w\" alt=\"\" width=\"800\" height=\"100\" data-lazy-loaded=\"1\" \/><\/a><\/p>\n<p><center><b>Mercoledi 24<\/b><\/center><b>Tempo atteso: <\/b>Condizioni simili a quelle osservate marted\u00ec, con molto sole e temperature ben al di sopra della norma specie le massime e in alta montagna; buona visibilit\u00e0 a tutte le quote con aria molto secca. L&#8217;insidia di qualche foschia locale sar\u00e0 limitata alle ore pi\u00f9 fredde solo sui settori solitamente pi\u00f9 umidi.<br \/>\n<b>Precipitazioni: <\/b>Assenti.<br \/>\n<b>Temperature: <\/b>Temperature stazionarie o in ulteriore lieve aumento, con ulteriore avvezione d&#8217;aria mite in quota. Accentuazione dell&#8217;inversione termica notturna nei fondovalle e importante escursione termica giornaliera. Su Prealpi a 1500 m min 4\u00b0C max 13\u00b0C, a 2000 m min 1\u00b0C max 10\u00b0C. Su Dolomiti a 2000 m min 1\u00b0C max 10\u00b0C, a 3000 m min -3\u00b0C max 4\u00b0C.<br \/>\n<b>Venti: <\/b>Nelle valli deboli o moderati a regime di brezza; in quota da sud, sud-ovest, in prevalenza deboli, a 5-10 km\/h a 2000 e a 10-15 km\/h a 3000 m.<\/p>\n<hr \/>\n<p><center><b>Giovedi 25<\/b><\/center><b>Tempo atteso: <\/b>Persistenza del tempo splendido, ben soleggiato a tutte le quote con visibilit\u00e0 buona ed eccezionalmente mite per il periodo.<br \/>\n<b>Precipitazioni: <\/b>Assenti.<br \/>\n<b>Temperature: <\/b>Temperature pressoch\u00e9 stazionarie rispetto a mercoled\u00ec, con persistenza di una elevata escursione termica giornaliera e inversione termica notturna anche elevata. Su Prealpi a 1500 m min 4\u00b0C max 12\u00b0C, a 2000 m min 1\u00b0C max 11\u00b0C. Su Dolomiti a 2000 m min 1\u00b0C max 10\u00b0C, a 3000 m min -3\u00b0C max 4\u00b0C.<br \/>\n<b>Venti: <\/b>Nelle valli deboli o moderati a regime di brezza; in quota deboli o moderati da sud-ovest, a 5-10 km\/h a 2000 e a 20-25 km\/h a 3000 m.<\/p>\n<hr \/>\n<p><center><b>Venerdi 26<\/b><\/center>Ancora sole con cielo sereno e visibilit\u00e0 buona. Temperature in lieve diminuzione, specie le massime in quota; le minime saranno osservate a fine giornata in alta montagna. Venti in quota deboli\/moderati da ovest, sud-ovest; nelle valli deboli di direzione variabile, salvo locali rinforzi per brezze.<\/p>\n<hr \/>\n<p><center><b>Sabato 27<\/b><\/center>Sole e cielo sereno al mattino. Al pomeriggio lieve riduzione del soleggiamento per temporaneo transito di nubi alte. Temperature in lieve o contenuta diminuzione, specie le massime. Venti in quota deboli\/moderati, inizialmente da sud-ovest, in rotazione da nord-ovest nel pomeriggio; nelle valli deboli di direzione variabile, salvo locali rinforzi per brezze. Previsore M.Padoan<\/p>\n<p><center>\u00a0<\/center><\/p>\n<hr \/>\n<\/div>\n<\/div>\n<p>&nbsp;<\/p>\n<p>&nbsp;<\/p>\n<p><a href=\"https:\/\/www.radiopiu.net\/wordpress\/giornale-radiopiu-15-settembre-2018-direttore-mirko-mezzacasa\/sport-7\/\" rel=\"attachment wp-att-60761\"><img loading=\"lazy\" decoding=\"async\" class=\"alignnone wp-image-60761 size-full\" src=\"https:\/\/www.radiopiu.net\/wordpress\/wp-content\/uploads\/2018\/09\/sport.jpg\" alt=\"\" width=\"800\" height=\"100\" srcset=\"https:\/\/www.radiopiu.net\/wordpress\/wp-content\/uploads\/2018\/09\/sport.jpg 800w, https:\/\/www.radiopiu.net\/wordpress\/wp-content\/uploads\/2018\/09\/sport-300x38.jpg 300w, https:\/\/www.radiopiu.net\/wordpress\/wp-content\/uploads\/2018\/09\/sport-768x96.jpg 768w\" sizes=\"auto, (max-width: 800px) 100vw, 800px\" \/><\/a><\/p>\n<p>&nbsp;<\/p>\n<blockquote>\n<h3>AD APRILE IL 36\u00b0 RALLY BELLUNESE CON PARTENZA ED ARRIVO A LENTIAI<\/h3>\n<\/blockquote>\n<p><strong><img loading=\"lazy\" decoding=\"async\" class=\"alignleft\" src=\"https:\/\/www.radiopiu.net\/wordpress\/wp-content\/uploads\/2021\/02\/Foto_MatteoToniolo-scaled.jpg\" width=\"255\" height=\"159\" \/>BELLUNO<\/strong><\/p>\n<p><strong>di ROBERTO BONA\u00a0<\/strong><\/p>\n<audio class=\"wp-audio-shortcode\" id=\"audio-193184-20\" preload=\"none\" style=\"width: 100%;\" controls=\"controls\"><source type=\"audio\/mpeg\" src=\"https:\/\/www.radiopiu.net\/wordpress\/wp-content\/uploads\/2021\/02\/rally.mp3?_=20\" \/><a href=\"https:\/\/www.radiopiu.net\/wordpress\/wp-content\/uploads\/2021\/02\/rally.mp3\">https:\/\/www.radiopiu.net\/wordpress\/wp-content\/uploads\/2021\/02\/rally.mp3<\/a><\/audio>\n<p>&nbsp;<\/p>\n","protected":false},"excerpt":{"rendered":"<p>PER RICEVERE QUESTO NOTIZIARIO DIRETTAMENTE SUL TUO CELLULARE ISCRIVITI AL CANALE TELEGRAM \u201cRADIO PIU\u00a0 INFORMAZIONE&#8221;\u00a0 SUPERATI I 3000 ISCRITTI, il CANALE TELEGRAM&#8230; UNISCITI A: RADIO PIU INFORMAZIONE &nbsp; &nbsp; ATTENZIONE: LA NUOVA APP PER IOS-IPHONE di Nicola Vettorello https:\/\/apps.apple.com\/it\/app\/radio-pi%C3%B9-emittente-agordina\/id1515939845 ATTENZIONE: LA NUOVA APP RADIO\u00a0 PER ANDROID di Nicola Vettorello https:\/\/play.google.com\/store\/apps\/details?id=net.radiopiu.iniko\u00a0\u00a0 &nbsp; &nbsp; SR 204 Belluno-Mas,&hellip;<\/p>\n","protected":false},"author":4,"featured_media":193301,"comment_status":"closed","ping_status":"closed","sticky":false,"template":"","format":"standard","meta":{"_monsterinsights_skip_tracking":false,"_monsterinsights_sitenote_active":false,"_monsterinsights_sitenote_note":"","_monsterinsights_sitenote_category":0,"footnotes":""},"categories":[1,86,49],"tags":[],"class_list":["post-193184","post","type-post","status-publish","format-standard","has-post-thumbnail","hentry","category-senza-categoria","category-gr","category-news-18","category-1","category-86","category-49","description-off"],"img_url":"https:\/\/www.radiopiu.net\/wordpress\/wp-content\/uploads\/2021\/02\/calabro-.jpg","_links":{"self":[{"href":"https:\/\/www.radiopiu.net\/wordpress\/wp-json\/wp\/v2\/posts\/193184","targetHints":{"allow":["GET"]}}],"collection":[{"href":"https:\/\/www.radiopiu.net\/wordpress\/wp-json\/wp\/v2\/posts"}],"about":[{"href":"https:\/\/www.radiopiu.net\/wordpress\/wp-json\/wp\/v2\/types\/post"}],"author":[{"embeddable":true,"href":"https:\/\/www.radiopiu.net\/wordpress\/wp-json\/wp\/v2\/users\/4"}],"replies":[{"embeddable":true,"href":"https:\/\/www.radiopiu.net\/wordpress\/wp-json\/wp\/v2\/comments?post=193184"}],"version-history":[{"count":0,"href":"https:\/\/www.radiopiu.net\/wordpress\/wp-json\/wp\/v2\/posts\/193184\/revisions"}],"wp:featuredmedia":[{"embeddable":true,"href":"https:\/\/www.radiopiu.net\/wordpress\/wp-json\/wp\/v2\/media\/193301"}],"wp:attachment":[{"href":"https:\/\/www.radiopiu.net\/wordpress\/wp-json\/wp\/v2\/media?parent=193184"}],"wp:term":[{"taxonomy":"category","embeddable":true,"href":"https:\/\/www.radiopiu.net\/wordpress\/wp-json\/wp\/v2\/categories?post=193184"},{"taxonomy":"post_tag","embeddable":true,"href":"https:\/\/www.radiopiu.net\/wordpress\/wp-json\/wp\/v2\/tags?post=193184"}],"curies":[{"name":"wp","href":"https:\/\/api.w.org\/{rel}","templated":true}]}}