{"id":193223,"date":"2021-02-23T10:19:56","date_gmt":"2021-02-23T09:19:56","guid":{"rendered":"https:\/\/www.radiopiu.net\/wordpress\/?p=193223"},"modified":"2021-02-23T10:19:56","modified_gmt":"2021-02-23T09:19:56","slug":"sopralluogo-sul-lago-di-santa-croce-per-la-rimozione-dei-detriti-la-provincia-avvia-la-programmazione-dellintervento","status":"publish","type":"post","link":"https:\/\/www.radiopiu.net\/wordpress\/sopralluogo-sul-lago-di-santa-croce-per-la-rimozione-dei-detriti-la-provincia-avvia-la-programmazione-dellintervento\/","title":{"rendered":"SOPRALLUOGO SUL LAGO DI SANTA CROCE PER LA RIMOZIONE DEI DETRITI, LA PROVINCIA AVVIA LA PROGRAMMAZIONE DELL\u2019INTERVENTO"},"content":{"rendered":"<p><strong>BELLUNO <\/strong><span class=\"s1\">A pochi giorni di distanza dal tavolo tecnico convocato a Palazzo Piloni per la rimozione dei detriti dal lago di Santa Croce, la Provincia ha effettuato un sopralluogo per verificare le zone maggiormente interessate dal problema. Presenti oltre ai tecnici provinciali con il consigliere delegato Massimo Bortoluzzi, anche il Comune di Alpago, Enel, Circolo nautico e bacino di pesca. <\/span><span class=\"s1\">A una prima ricognizione risulta che la maggior parte dei detriti legnosi \u00e8 spiaggiata, in virt\u00f9 del fatto che al momento il lago \u00e8 sceso di livello (con il canale Cellina non in funzione). \u00ab<em>\u00c8 difficile per\u00f2 valutare la presenza di tronchi in zone interne, soprattutto perch\u00e9 in questo periodo cominciano giornate di inversione termica, con vento forte, capace di spostare il materiale legnoso verso il centro del lago &#8211; spiega il consigliere provinciale Bortoluzzi -. Sar\u00e0 nostra cura predisporre un progettino di intervento gi\u00e0 nei prossimi giorni, in modo da individuare i punti di recupero e la gestione ottimale del livello del lago nei giorni in cui potremo cominciare le operazioni: ci sono aree in cui il bacino \u00e8 molto profondo e altre in cui \u00e8 molto basso e paludoso, per cui non sar\u00e0 possibile intervenire dovunque nello stesso modo<\/em>\u00bb. <\/span><span class=\"s1\">Anche le zone in cui oggi i tronchi risultano spiaggiati non sono di facile accesso. \u00ab<em>Molte non sono raggiungibili con macchine operatrici &#8211; spiega il consigliere Bortoluzzi -. E non appena rientrer\u00e0 in funzione il Cellina, il lago torner\u00e0 ad alzarsi, spostando cos\u00ec anche il materiale spiaggiato. Dovremo intervenire con una certa urgenza, con l\u2019obiettivo di rendere il lago sicuro per le operazioni di Protezione Civile e antincendio boschivo &#8211; oggi il lago \u00e8 uno dei pochi in Italia utilizzato per il rifornimento dei Canadair -. E anche per la sicurezza delle attivit\u00e0 sportive e turistiche. Con il sopralluogo di oggi possiamo cominciare la progettazione e pensare gi\u00e0 a un cronoprogramma, in modo da risolvere il problema al pi\u00f9 tardi entro met\u00e0 primavera<\/em>\u00bb.<\/span><\/p>\n\n\t\t\t<style type='text\/css'>\n\t\t\t\t#gallery-1 {\n\t\t\t\t\tmargin: auto;\n\t\t\t\t}\n\t\t\t\t#gallery-1 .gallery-item {\n\t\t\t\t\tfloat: left;\n\t\t\t\t\tmargin-top: 10px;\n\t\t\t\t\ttext-align: center;\n\t\t\t\t\twidth: 20%;\n\t\t\t\t}\n\t\t\t\t#gallery-1 img {\n\t\t\t\t\tborder: 2px solid #cfcfcf;\n\t\t\t\t}\n\t\t\t\t#gallery-1 .gallery-caption {\n\t\t\t\t\tmargin-left: 0;\n\t\t\t\t}\n\t\t\t\t\/* see gallery_shortcode() in wp-includes\/media.php *\/\n\t\t\t<\/style>\n\t\t<div id='gallery-1' class='dt-gallery-container gallery galleryid-193223 gallery-columns-5 gallery-size-thumbnail'><dl class='gallery-item'>\n\t\t\t\t<dt class='gallery-icon landscape'>\n\t\t\t\t\t<a class=\"rollover rollover-zoom dt-pswp-item\" title=\"PHOTO-2021-02-22-17-35-13[1]\" data-dt-img-description=\"\" data-large_image_width=\"1600\" data-large_image_height=\"1200\"href='https:\/\/www.radiopiu.net\/wordpress\/wp-content\/uploads\/2021\/02\/PHOTO-2021-02-22-17-35-131.jpg'><img loading=\"lazy\" decoding=\"async\" width=\"150\" height=\"150\" src=\"https:\/\/www.radiopiu.net\/wordpress\/wp-content\/uploads\/2021\/02\/PHOTO-2021-02-22-17-35-131-150x150.jpg\" class=\"attachment-thumbnail size-thumbnail\" alt=\"\" \/><\/a>\n\t\t\t\t<\/dt><\/dl><dl class='gallery-item'>\n\t\t\t\t<dt class='gallery-icon landscape'>\n\t\t\t\t\t<a class=\"rollover rollover-zoom dt-pswp-item\" title=\"PHOTO-2021-02-22-17-34-57\" data-dt-img-description=\"\" data-large_image_width=\"1600\" data-large_image_height=\"1200\"href='https:\/\/www.radiopiu.net\/wordpress\/wp-content\/uploads\/2021\/02\/PHOTO-2021-02-22-17-34-57.jpg'><img loading=\"lazy\" decoding=\"async\" width=\"150\" height=\"150\" src=\"https:\/\/www.radiopiu.net\/wordpress\/wp-content\/uploads\/2021\/02\/PHOTO-2021-02-22-17-34-57-150x150.jpg\" class=\"attachment-thumbnail size-thumbnail\" alt=\"\" \/><\/a>\n\t\t\t\t<\/dt><\/dl><dl class='gallery-item'>\n\t\t\t\t<dt class='gallery-icon landscape'>\n\t\t\t\t\t<a class=\"rollover rollover-zoom dt-pswp-item\" title=\"PHOTO-2021-02-22-17-34-59\" data-dt-img-description=\"\" data-large_image_width=\"1600\" data-large_image_height=\"1200\"href='https:\/\/www.radiopiu.net\/wordpress\/wp-content\/uploads\/2021\/02\/PHOTO-2021-02-22-17-34-59.jpg'><img loading=\"lazy\" decoding=\"async\" width=\"150\" height=\"150\" src=\"https:\/\/www.radiopiu.net\/wordpress\/wp-content\/uploads\/2021\/02\/PHOTO-2021-02-22-17-34-59-150x150.jpg\" class=\"attachment-thumbnail size-thumbnail\" alt=\"\" \/><\/a>\n\t\t\t\t<\/dt><\/dl><dl class='gallery-item'>\n\t\t\t\t<dt class='gallery-icon landscape'>\n\t\t\t\t\t<a class=\"rollover rollover-zoom dt-pswp-item\" title=\"PHOTO-2021-02-22-17-35-10\" data-dt-img-description=\"\" data-large_image_width=\"1600\" data-large_image_height=\"1200\"href='https:\/\/www.radiopiu.net\/wordpress\/wp-content\/uploads\/2021\/02\/PHOTO-2021-02-22-17-35-10.jpg'><img loading=\"lazy\" decoding=\"async\" width=\"150\" height=\"150\" src=\"https:\/\/www.radiopiu.net\/wordpress\/wp-content\/uploads\/2021\/02\/PHOTO-2021-02-22-17-35-10-150x150.jpg\" class=\"attachment-thumbnail size-thumbnail\" alt=\"\" \/><\/a>\n\t\t\t\t<\/dt><\/dl><dl class='gallery-item'>\n\t\t\t\t<dt class='gallery-icon landscape'>\n\t\t\t\t\t<a class=\"rollover rollover-zoom dt-pswp-item\" title=\"PHOTO-2021-02-22-17-35-11\" data-dt-img-description=\"\" data-large_image_width=\"1600\" data-large_image_height=\"1200\"href='https:\/\/www.radiopiu.net\/wordpress\/wp-content\/uploads\/2021\/02\/PHOTO-2021-02-22-17-35-11.jpg'><img loading=\"lazy\" decoding=\"async\" width=\"150\" height=\"150\" src=\"https:\/\/www.radiopiu.net\/wordpress\/wp-content\/uploads\/2021\/02\/PHOTO-2021-02-22-17-35-11-150x150.jpg\" class=\"attachment-thumbnail size-thumbnail\" alt=\"\" \/><\/a>\n\t\t\t\t<\/dt><\/dl><br style=\"clear: both\" \/><dl class='gallery-item'>\n\t\t\t\t<dt class='gallery-icon landscape'>\n\t\t\t\t\t<a class=\"rollover rollover-zoom dt-pswp-item\" title=\"PHOTO-2021-02-22-17-35-12\" data-dt-img-description=\"\" data-large_image_width=\"1600\" data-large_image_height=\"1200\"href='https:\/\/www.radiopiu.net\/wordpress\/wp-content\/uploads\/2021\/02\/PHOTO-2021-02-22-17-35-12.jpg'><img loading=\"lazy\" decoding=\"async\" width=\"150\" height=\"150\" src=\"https:\/\/www.radiopiu.net\/wordpress\/wp-content\/uploads\/2021\/02\/PHOTO-2021-02-22-17-35-12-150x150.jpg\" class=\"attachment-thumbnail size-thumbnail\" alt=\"\" \/><\/a>\n\t\t\t\t<\/dt><\/dl><dl class='gallery-item'>\n\t\t\t\t<dt class='gallery-icon landscape'>\n\t\t\t\t\t<a class=\"rollover rollover-zoom dt-pswp-item\" title=\"PHOTO-2021-02-22-17-35-12[1]\" data-dt-img-description=\"\" data-large_image_width=\"1600\" data-large_image_height=\"1200\"href='https:\/\/www.radiopiu.net\/wordpress\/wp-content\/uploads\/2021\/02\/PHOTO-2021-02-22-17-35-121.jpg'><img loading=\"lazy\" decoding=\"async\" width=\"150\" height=\"150\" src=\"https:\/\/www.radiopiu.net\/wordpress\/wp-content\/uploads\/2021\/02\/PHOTO-2021-02-22-17-35-121-150x150.jpg\" class=\"attachment-thumbnail size-thumbnail\" alt=\"\" \/><\/a>\n\t\t\t\t<\/dt><\/dl><dl class='gallery-item'>\n\t\t\t\t<dt class='gallery-icon landscape'>\n\t\t\t\t\t<a class=\"rollover rollover-zoom dt-pswp-item\" title=\"PHOTO-2021-02-22-17-35-12[2]\" data-dt-img-description=\"\" data-large_image_width=\"1600\" data-large_image_height=\"1200\"href='https:\/\/www.radiopiu.net\/wordpress\/wp-content\/uploads\/2021\/02\/PHOTO-2021-02-22-17-35-122.jpg'><img loading=\"lazy\" decoding=\"async\" width=\"150\" height=\"150\" src=\"https:\/\/www.radiopiu.net\/wordpress\/wp-content\/uploads\/2021\/02\/PHOTO-2021-02-22-17-35-122-150x150.jpg\" class=\"attachment-thumbnail size-thumbnail\" alt=\"\" \/><\/a>\n\t\t\t\t<\/dt><\/dl><dl class='gallery-item'>\n\t\t\t\t<dt class='gallery-icon landscape'>\n\t\t\t\t\t<a class=\"rollover rollover-zoom dt-pswp-item\" title=\"PHOTO-2021-02-22-17-35-12[3]\" data-dt-img-description=\"\" data-large_image_width=\"1600\" data-large_image_height=\"1200\"href='https:\/\/www.radiopiu.net\/wordpress\/wp-content\/uploads\/2021\/02\/PHOTO-2021-02-22-17-35-123.jpg'><img loading=\"lazy\" decoding=\"async\" width=\"150\" height=\"150\" src=\"https:\/\/www.radiopiu.net\/wordpress\/wp-content\/uploads\/2021\/02\/PHOTO-2021-02-22-17-35-123-150x150.jpg\" class=\"attachment-thumbnail size-thumbnail\" alt=\"\" \/><\/a>\n\t\t\t\t<\/dt><\/dl><dl class='gallery-item'>\n\t\t\t\t<dt class='gallery-icon landscape'>\n\t\t\t\t\t<a class=\"rollover rollover-zoom dt-pswp-item\" title=\"PHOTO-2021-02-22-17-35-13\" data-dt-img-description=\"\" data-large_image_width=\"1600\" data-large_image_height=\"1200\"href='https:\/\/www.radiopiu.net\/wordpress\/wp-content\/uploads\/2021\/02\/PHOTO-2021-02-22-17-35-13.jpg'><img loading=\"lazy\" decoding=\"async\" width=\"150\" height=\"150\" src=\"https:\/\/www.radiopiu.net\/wordpress\/wp-content\/uploads\/2021\/02\/PHOTO-2021-02-22-17-35-13-150x150.jpg\" class=\"attachment-thumbnail size-thumbnail\" alt=\"\" \/><\/a>\n\t\t\t\t<\/dt><\/dl><br style=\"clear: both\" \/>\n\t\t\t<\/div>\n\n","protected":false},"excerpt":{"rendered":"<p>BELLUNO A pochi giorni di distanza dal tavolo tecnico convocato a Palazzo Piloni per la rimozione dei detriti dal lago di Santa Croce, la Provincia ha effettuato un sopralluogo per verificare le zone maggiormente interessate dal problema. Presenti oltre ai tecnici provinciali con il consigliere delegato Massimo Bortoluzzi, anche il Comune di Alpago, Enel, Circolo&hellip;<\/p>\n","protected":false},"author":4,"featured_media":193226,"comment_status":"closed","ping_status":"closed","sticky":false,"template":"","format":"standard","meta":{"_monsterinsights_skip_tracking":false,"_monsterinsights_sitenote_active":false,"_monsterinsights_sitenote_note":"","_monsterinsights_sitenote_category":0,"footnotes":""},"categories":[49],"tags":[],"class_list":["post-193223","post","type-post","status-publish","format-standard","has-post-thumbnail","hentry","category-news-18","category-49","description-off"],"img_url":"https:\/\/www.radiopiu.net\/wordpress\/wp-content\/uploads\/2021\/02\/PHOTO-2021-02-22-17-34-59.jpg","_links":{"self":[{"href":"https:\/\/www.radiopiu.net\/wordpress\/wp-json\/wp\/v2\/posts\/193223","targetHints":{"allow":["GET"]}}],"collection":[{"href":"https:\/\/www.radiopiu.net\/wordpress\/wp-json\/wp\/v2\/posts"}],"about":[{"href":"https:\/\/www.radiopiu.net\/wordpress\/wp-json\/wp\/v2\/types\/post"}],"author":[{"embeddable":true,"href":"https:\/\/www.radiopiu.net\/wordpress\/wp-json\/wp\/v2\/users\/4"}],"replies":[{"embeddable":true,"href":"https:\/\/www.radiopiu.net\/wordpress\/wp-json\/wp\/v2\/comments?post=193223"}],"version-history":[{"count":0,"href":"https:\/\/www.radiopiu.net\/wordpress\/wp-json\/wp\/v2\/posts\/193223\/revisions"}],"wp:featuredmedia":[{"embeddable":true,"href":"https:\/\/www.radiopiu.net\/wordpress\/wp-json\/wp\/v2\/media\/193226"}],"wp:attachment":[{"href":"https:\/\/www.radiopiu.net\/wordpress\/wp-json\/wp\/v2\/media?parent=193223"}],"wp:term":[{"taxonomy":"category","embeddable":true,"href":"https:\/\/www.radiopiu.net\/wordpress\/wp-json\/wp\/v2\/categories?post=193223"},{"taxonomy":"post_tag","embeddable":true,"href":"https:\/\/www.radiopiu.net\/wordpress\/wp-json\/wp\/v2\/tags?post=193223"}],"curies":[{"name":"wp","href":"https:\/\/api.w.org\/{rel}","templated":true}]}}