{"id":193293,"date":"2021-02-23T14:21:38","date_gmt":"2021-02-23T13:21:38","guid":{"rendered":"https:\/\/www.radiopiu.net\/wordpress\/?p=193293"},"modified":"2021-02-23T14:21:38","modified_gmt":"2021-02-23T13:21:38","slug":"i-capigruppo-di-centro-destra-con-il-prefetto-sergio-bracco","status":"publish","type":"post","link":"https:\/\/www.radiopiu.net\/wordpress\/i-capigruppo-di-centro-destra-con-il-prefetto-sergio-bracco\/","title":{"rendered":"I CAPIGRUPPO DI CENTRO DESTRA CON IL PREFETTO SERGIO BRACCO"},"content":{"rendered":"<blockquote><p><em>L&#8217;incontro: la giusta relazione tra Istituzioni diverse, fatta di rispetto, dialogo equilibrato, confronto franco,\u00a0 scambio di idee, ascolto paziente e\u00a0 soluzioni concrete per i cittadini <a href=\"https:\/\/www.radiopiu.net\/wordpress\/de-coccio-1000-sanzioni-da-inizio-emergenza\/prefettura-belluno\/\" rel=\"attachment wp-att-133575\"><img loading=\"lazy\" decoding=\"async\" class=\" wp-image-133575 alignleft\" src=\"https:\/\/www.radiopiu.net\/wordpress\/wp-content\/uploads\/2020\/04\/PREFETTURA-BELLUNO-300x300.jpeg\" alt=\"\" width=\"134\" height=\"134\" srcset=\"https:\/\/www.radiopiu.net\/wordpress\/wp-content\/uploads\/2020\/04\/PREFETTURA-BELLUNO-300x300.jpeg 300w, https:\/\/www.radiopiu.net\/wordpress\/wp-content\/uploads\/2020\/04\/PREFETTURA-BELLUNO-150x150.jpeg 150w, https:\/\/www.radiopiu.net\/wordpress\/wp-content\/uploads\/2020\/04\/PREFETTURA-BELLUNO.jpeg 384w\" sizes=\"auto, (max-width: 134px) 100vw, 134px\" \/><\/a>della piccola-grande Belluno.<\/em><\/p><\/blockquote>\n<p><strong>BELLUNO<\/strong> I cinque rappresentanti delle forze politiche di centro-destra in seno al Consiglio Comunale di Belluno:\u00a0 Raffaele Addamiano, Luciano Da Pian, Paolo Gamba, Francesco Pingitore e Franco Roccon, hanno incontrato il Prefetto di Belluno, Sergio Bracco. Gli stessi amministratori hanno chiesto l&#8217;incontro con lo scopo di presentarsi e\u00a0 presentare la Citt\u00e0 Capoluogo, ma anche manifestare la disponibilit\u00e0, secondo le rispettive competenze e i distinti ruoli, a lavorare assieme per il bene della collettivit\u00e0.\u00a0 Al Prefetto i consiglieri comunali hanno espresso le loro idee ed esigenze in tema di sicurezza pubblica, lotta alla droga e al degrado urbano, appalti, autonomia, tutela dell\u2019ambiente montano, infrastrutture viarie, volontariato, eventi culturali e sportivi come i recenti Mondiali. <em>Il vero e qualificante punto in comune tra i partecipanti &#8211; dicono i consiglieri &#8211; \u00e8 stata, comunque, la considerazione che Belluno \u00e8 e resta una \u201dcitt\u00e0 sana\u201d a misura d\u2019uomo, abitata da \u201cpersone vere\u201d che sono dotate in larghissima parte di senso civico e di indefesso spirito di abnegazione, specie nei momenti difficili come l\u2019attuale o come quello dell\u2019ottobre del 2018 a causa della tempesta Vaia&#8221;.<\/em><\/p>\n<p>&nbsp;<\/p>\n","protected":false},"excerpt":{"rendered":"<p>L&#8217;incontro: la giusta relazione tra Istituzioni diverse, fatta di rispetto, dialogo equilibrato, confronto franco,\u00a0 scambio di idee, ascolto paziente e\u00a0 soluzioni concrete per i cittadini della piccola-grande Belluno. BELLUNO I cinque rappresentanti delle forze politiche di centro-destra in seno al Consiglio Comunale di Belluno:\u00a0 Raffaele Addamiano, Luciano Da Pian, Paolo Gamba, Francesco Pingitore e Franco&hellip;<\/p>\n","protected":false},"author":4,"featured_media":190211,"comment_status":"closed","ping_status":"closed","sticky":false,"template":"","format":"standard","meta":{"_monsterinsights_skip_tracking":false,"_monsterinsights_sitenote_active":false,"_monsterinsights_sitenote_note":"","_monsterinsights_sitenote_category":0,"footnotes":""},"categories":[51,49],"tags":[],"class_list":["post-193293","post","type-post","status-publish","format-standard","has-post-thumbnail","hentry","category-evidenza-top","category-news-18","category-51","category-49","description-off"],"img_url":"https:\/\/www.radiopiu.net\/wordpress\/wp-content\/uploads\/2021\/02\/Belluno_Feltre_b_Panoramica-sulla-citta.jpg","_links":{"self":[{"href":"https:\/\/www.radiopiu.net\/wordpress\/wp-json\/wp\/v2\/posts\/193293","targetHints":{"allow":["GET"]}}],"collection":[{"href":"https:\/\/www.radiopiu.net\/wordpress\/wp-json\/wp\/v2\/posts"}],"about":[{"href":"https:\/\/www.radiopiu.net\/wordpress\/wp-json\/wp\/v2\/types\/post"}],"author":[{"embeddable":true,"href":"https:\/\/www.radiopiu.net\/wordpress\/wp-json\/wp\/v2\/users\/4"}],"replies":[{"embeddable":true,"href":"https:\/\/www.radiopiu.net\/wordpress\/wp-json\/wp\/v2\/comments?post=193293"}],"version-history":[{"count":0,"href":"https:\/\/www.radiopiu.net\/wordpress\/wp-json\/wp\/v2\/posts\/193293\/revisions"}],"wp:featuredmedia":[{"embeddable":true,"href":"https:\/\/www.radiopiu.net\/wordpress\/wp-json\/wp\/v2\/media\/190211"}],"wp:attachment":[{"href":"https:\/\/www.radiopiu.net\/wordpress\/wp-json\/wp\/v2\/media?parent=193293"}],"wp:term":[{"taxonomy":"category","embeddable":true,"href":"https:\/\/www.radiopiu.net\/wordpress\/wp-json\/wp\/v2\/categories?post=193293"},{"taxonomy":"post_tag","embeddable":true,"href":"https:\/\/www.radiopiu.net\/wordpress\/wp-json\/wp\/v2\/tags?post=193293"}],"curies":[{"name":"wp","href":"https:\/\/api.w.org\/{rel}","templated":true}]}}