{"id":193311,"date":"2021-02-23T23:59:18","date_gmt":"2021-02-23T22:59:18","guid":{"rendered":"https:\/\/www.radiopiu.net\/wordpress\/?p=193311"},"modified":"2021-02-23T15:42:46","modified_gmt":"2021-02-23T14:42:46","slug":"ascensione-per-la-parete-nord-verso-la-forcella-forada-di-renato-bona","status":"publish","type":"post","link":"https:\/\/www.radiopiu.net\/wordpress\/ascensione-per-la-parete-nord-verso-la-forcella-forada-di-renato-bona\/","title":{"rendered":"ASCENSIONE PER LA PARETE NORD VERSO LA \u201cFORCELLA FORADA\u201d di RENATO BONA"},"content":{"rendered":"<p>La \u201cprima\u201d firmata dagli inglesi Raynor e Phillimore il 14 agosto 1897 con le guide ampezzane Diami e Colli ed il portatore Dibona Il dodicesimo ed ultimo capitolo dell\u2019ottimo libro del compianto professor Giovanni Angelini, zoldano, medico stimatissimo, grande appassionato della montagna: \u201cPelmo d\u2019altri tempi\u201d (edito nell\u2019ottobre 1987 da Nuovi Sentieri di Bepi Pellegrinon e stampato da Arti grafiche Tamari di Bologna, riproduzioni fotografiche a cura di Foto De Santi di Belluno) \u00e8 intitolato \u201cPer la parete Nord verso Forcella Forada. Si apre ricordando: \u201cAllorch\u00e9 il secolo stava per finire, un\u2019epoca nuova s\u2019apr\u00ec anche per il Pelmo\u201d. Infatti: \u201cI tempi trascorrono rapidi in alpinismo e si fanno presto maturi per nuove concezioni e pi\u00f9 arditi propositi\u201d. Dunque non pi\u00f9 l\u2019esplorazione della montagna e il raggiungimento della cima per le vie naturali pi\u00f9 agevoli e di minore resistenza; vie gi\u00e0 segnate chiaramente dalla natura, vie che l\u2019inconsapevole selvaggina e l\u2019astuto tenace montanaro alla caccia avevano scoperto e calcato prima d\u2019ogni piede straniero, vie lunghe e tortuose, pazienti, di aggiramento, di adattamento alla conformazione degli strati e delle pieghe, delle fenditure e sporgenze delle rocce. Un problema spirituale nuovo urge, un nuovo aspetto del multiforme fascino del monte si afferma: \u00e8 un lato non tocco, un determinato fianco, una parete, una cresta ancora da esplorare o da superare, non sempre per raggiungere pi\u00f9 direttamente la cima, una vetta minore da conquistare; anzi, ben presto, una pi\u00f9 o meno definita struttura del monte da affrontare direttamente, per \u2018via direttissima\u2019, poi da vincere \u2018per se stessa\u2019; con intendimenti ancora squisitamente alpinistico, a grado a grado, sempre pi\u00f9 sportivi. Questa premessa di Angelini per rimarcare: \u201cNon si pensi che il fenomeno \u00e8 recente\u201d. E prosegue: \u201cAi nostri giorni &#8211; scrissero nel 1897 il rev. Arthur Guy Sanders Raynor e John Swinnerton Phillimore (formarono alla fine del secolo scorso una coppia di alpinisti, gli inglesi\u2019 per antonomasia che acquistarono fama sulle Dolomiti di Ampezzo e Cadore, di Primiero e S. Martino, affidandosi alle migliori guide di montagna di quel tempo) per descrivere la prima ascensione settentrionale del Pelmo \u2018sopra la Forcella Forada &#8211; rimangono cos\u00ec poche punte vergini, che l\u2019alpinista assetato di novit\u00e0 deve contentarsi di vie nuove. E veramente che sia vergine o no una data cima, essa pu\u00f2 avere certe pareti le quali, solo a vederle, gettano la sfida al mondo alpinistico finch\u00e9 non siano state violate. Tale \u00e8 quella stupenda muraglia da castello inespugnabile con cui il Pelmo domina sopra la Forcella Forada\u201d. Richiamava quindi, per esaltare il famoso binomio di arrampicatori, la memorabile impresa di due anni prima di quella del Pelmo: la prima ascensione della parete nord-ovest della Civetta (\u201cVia degli Inglesi\u201d del 24 agosto 1895) con la guida Antonio Dimai (1866-1948) figlio della seconda moglie di Angelo Dimai, Marianna Dallago: salito alla ribalta nel 1889 e per un ventennio insuperato protagonista di grandi salite dolomitiche \u201craggiungendo rinomanza pi\u00f9 ancora di quanto quella di Santo Siorpaes aveva dominato il ventennio precedente\u201d. Lo stesso Dimai, nel 1898 guider\u00e0 i due inglesi nella prima ascensione della parete meridionale dell\u2019Antelao dove \u201cCome sulla Civetta, come sul Pelmo, anche qui l\u2019ardimento di Antonio Dimai precorre i tempi aprendo nuove vie su pareti magnifiche, valorizzate appena ai tempi nostri\u201d come scriveva F. Terschak nel 1953. L\u2019altra guida ampezzana nell\u2019ascensione del Pelmo fu Giuseppe Colli \u201cBepe Paor\u201d (1854-1928) spesso associato a Dimai, mentre Arcangelo Dibona \u201cBonel (1856-1924) ebbe mansioni di sostegno morale dallo spigolo Nord-est, e di portare i sacchi con le scarpe in cima. La scalata per la parete nord del Pelmo verso Forcella Forada risale al 14 agosto 1897 come scrivono per la rivista del Cai, dato che erano soci della Sezione di Agordo, i due inglesi: \u201cPartenza dalla \u201cStella d\u2019Oro\u201d a Cortina il venerd\u00ec 13 agosto \u201cper tentare l\u2019impresa che da molto tempo avevamo in pectore, incoraggiati dai buoni auguri dei nostri amici ampezzani e di altri ed accompagnati dalle guide Antonio Dimai, Giuseppe Colli ed Arcangelo Dibona\u2026 Arrivati dopo due ore di cammino non senza aver preso un po\u2019 di pioggia, alla Casera Cortotto, ci rassegnammo a pernottarvi\u2026 Alle 8,20 il Dimai fece il primo passo avanti ed ecco incominciata l\u2019impresa\u2026 La salita continu\u00f2 verso destra sopra il capitello nevoso di quel gran pilastro rosso, alternando la scalata di qualche raro camino con traversate su cengie strettissime e fianchi di parete sempre perfida. Finalmente eccoci sulla sospirata neve, a mezzogiorno, ove si cammin\u00f2 pi\u00f9 gagliardamente. Ancora con un ometto segnammo la via a questo punto; e fra il primo e il secondo di quei tre cocuzzoli che spuntano dal ciglio orizzontale della montagna riuscimmo sulla cresta alle 12,50. Ecco vinta la partita\u2026 Si giunse alla vetta alle 14,33 e alle 14,45 cominci\u00f2 la discesa che riusc\u00ec molto scomoda, scivolando sulla neve e saltellando pei ghiaioni\u00b8 poi per il \u2018Lange Band\u2019 (la lunga cengia e altra neve) si arriv\u00f2 al Rifugio Venezia alle 16,25 e dopo una mezz\u2019ora divallammo gi\u00f9 a San Vito dove si arriv\u00f2 alle 18,28 perseguitati da un acquazzone\u2026\u201d.<\/p>\n\n\t\t\t<style type='text\/css'>\n\t\t\t\t#gallery-1 {\n\t\t\t\t\tmargin: auto;\n\t\t\t\t}\n\t\t\t\t#gallery-1 .gallery-item {\n\t\t\t\t\tfloat: left;\n\t\t\t\t\tmargin-top: 10px;\n\t\t\t\t\ttext-align: center;\n\t\t\t\t\twidth: 25%;\n\t\t\t\t}\n\t\t\t\t#gallery-1 img {\n\t\t\t\t\tborder: 2px solid #cfcfcf;\n\t\t\t\t}\n\t\t\t\t#gallery-1 .gallery-caption {\n\t\t\t\t\tmargin-left: 0;\n\t\t\t\t}\n\t\t\t\t\/* see gallery_shortcode() in wp-includes\/media.php *\/\n\t\t\t<\/style>\n\t\t<div id='gallery-1' class='dt-gallery-container gallery galleryid-193311 gallery-columns-4 gallery-size-thumbnail'><dl class='gallery-item'>\n\t\t\t\t<dt class='gallery-icon landscape'>\n\t\t\t\t\t<a class=\"rollover rollover-zoom dt-pswp-item\" title=\"153025120_433393771107670_4239675638385127594_n\" data-dt-img-description=\"\" data-large_image_width=\"250\" data-large_image_height=\"160\"href='https:\/\/www.radiopiu.net\/wordpress\/wp-content\/uploads\/2021\/02\/153025120_433393771107670_4239675638385127594_n.jpg'><img loading=\"lazy\" decoding=\"async\" width=\"150\" height=\"150\" src=\"https:\/\/www.radiopiu.net\/wordpress\/wp-content\/uploads\/2021\/02\/153025120_433393771107670_4239675638385127594_n-150x150.jpg\" class=\"attachment-thumbnail size-thumbnail\" alt=\"\" \/><\/a>\n\t\t\t\t<\/dt><\/dl><dl class='gallery-item'>\n\t\t\t\t<dt class='gallery-icon landscape'>\n\t\t\t\t\t<a class=\"rollover rollover-zoom dt-pswp-item\" title=\"153069946_258371609089810_7654875297363602617_n\" data-dt-img-description=\"\" data-large_image_width=\"257\" data-large_image_height=\"160\"href='https:\/\/www.radiopiu.net\/wordpress\/wp-content\/uploads\/2021\/02\/153069946_258371609089810_7654875297363602617_n.jpg'><img loading=\"lazy\" decoding=\"async\" width=\"150\" height=\"150\" src=\"https:\/\/www.radiopiu.net\/wordpress\/wp-content\/uploads\/2021\/02\/153069946_258371609089810_7654875297363602617_n-150x150.jpg\" class=\"attachment-thumbnail size-thumbnail\" alt=\"\" \/><\/a>\n\t\t\t\t<\/dt><\/dl><dl class='gallery-item'>\n\t\t\t\t<dt class='gallery-icon landscape'>\n\t\t\t\t\t<a class=\"rollover rollover-zoom dt-pswp-item\" title=\"153573132_178025960496825_1595836562723795901_n\" data-dt-img-description=\"\" data-large_image_width=\"249\" data-large_image_height=\"172\"href='https:\/\/www.radiopiu.net\/wordpress\/wp-content\/uploads\/2021\/02\/153573132_178025960496825_1595836562723795901_n.jpg'><img loading=\"lazy\" decoding=\"async\" width=\"150\" height=\"150\" src=\"https:\/\/www.radiopiu.net\/wordpress\/wp-content\/uploads\/2021\/02\/153573132_178025960496825_1595836562723795901_n-150x150.jpg\" class=\"attachment-thumbnail size-thumbnail\" alt=\"\" \/><\/a>\n\t\t\t\t<\/dt><\/dl><dl class='gallery-item'>\n\t\t\t\t<dt class='gallery-icon portrait'>\n\t\t\t\t\t<a class=\"rollover rollover-zoom dt-pswp-item\" title=\"154368300_283029286500072_4566397882857281118_n\" data-dt-img-description=\"\" data-large_image_width=\"173\" data-large_image_height=\"254\"href='https:\/\/www.radiopiu.net\/wordpress\/wp-content\/uploads\/2021\/02\/154368300_283029286500072_4566397882857281118_n.jpg'><img loading=\"lazy\" decoding=\"async\" width=\"150\" height=\"150\" src=\"https:\/\/www.radiopiu.net\/wordpress\/wp-content\/uploads\/2021\/02\/154368300_283029286500072_4566397882857281118_n-150x150.jpg\" class=\"attachment-thumbnail size-thumbnail\" alt=\"\" \/><\/a>\n\t\t\t\t<\/dt><\/dl><br style=\"clear: both\" \/><dl class='gallery-item'>\n\t\t\t\t<dt class='gallery-icon portrait'>\n\t\t\t\t\t<a class=\"rollover rollover-zoom dt-pswp-item\" title=\"153598989_948464742357404_8942510925054648673_n\" data-dt-img-description=\"\" data-large_image_width=\"173\" data-large_image_height=\"253\"href='https:\/\/www.radiopiu.net\/wordpress\/wp-content\/uploads\/2021\/02\/153598989_948464742357404_8942510925054648673_n.jpg'><img loading=\"lazy\" decoding=\"async\" width=\"150\" height=\"150\" src=\"https:\/\/www.radiopiu.net\/wordpress\/wp-content\/uploads\/2021\/02\/153598989_948464742357404_8942510925054648673_n-150x150.jpg\" class=\"attachment-thumbnail size-thumbnail\" alt=\"\" \/><\/a>\n\t\t\t\t<\/dt><\/dl><dl class='gallery-item'>\n\t\t\t\t<dt class='gallery-icon portrait'>\n\t\t\t\t\t<a class=\"rollover rollover-zoom dt-pswp-item\" title=\"153559087_178484757112625_1025708427238728393_n\" data-dt-img-description=\"\" data-large_image_width=\"180\" data-large_image_height=\"257\"href='https:\/\/www.radiopiu.net\/wordpress\/wp-content\/uploads\/2021\/02\/153559087_178484757112625_1025708427238728393_n.jpg'><img loading=\"lazy\" decoding=\"async\" width=\"150\" height=\"150\" src=\"https:\/\/www.radiopiu.net\/wordpress\/wp-content\/uploads\/2021\/02\/153559087_178484757112625_1025708427238728393_n-150x150.jpg\" class=\"attachment-thumbnail size-thumbnail\" alt=\"\" \/><\/a>\n\t\t\t\t<\/dt><\/dl><dl class='gallery-item'>\n\t\t\t\t<dt class='gallery-icon portrait'>\n\t\t\t\t\t<a class=\"rollover rollover-zoom dt-pswp-item\" title=\"153177953_726778291319369_3881303262763549962_n\" data-dt-img-description=\"\" data-large_image_width=\"201\" data-large_image_height=\"260\"href='https:\/\/www.radiopiu.net\/wordpress\/wp-content\/uploads\/2021\/02\/153177953_726778291319369_3881303262763549962_n.jpg'><img loading=\"lazy\" decoding=\"async\" width=\"150\" height=\"150\" src=\"https:\/\/www.radiopiu.net\/wordpress\/wp-content\/uploads\/2021\/02\/153177953_726778291319369_3881303262763549962_n-150x150.jpg\" class=\"attachment-thumbnail size-thumbnail\" alt=\"\" \/><\/a>\n\t\t\t\t<\/dt><\/dl>\n\t\t\t\t<br style='clear: both' \/>\n\t\t\t<\/div>\n\n<p>NELLE FOTO (riproduzioni dal libro di Giovanni Angelini \u201cPelmo d\u2019altri tempi): il Pelmo dai Piani di Pesc\u00f9l, nord-ovest, i \u201cPal\u00f9i\u201d (foto G.A.); il monte da nord, dai pascoli della Casera Fiorentina (\u201cCol Form\u00f2s\u201d) a quota 1825 (foto G.A.); la parete settentrionale del Pelmo dal Col de la Puina, quota 2050: la prima via il 14 agosto 1897 con le guide ampezzane Antonio Dimai e Giuseppe Colli per gli alpinisti inglesi Raynor e Phillimore, gli stessi che due anni prima avevano lasciato il loro nome \u201cVia degli Inglesi\u201d alla prima via sulla parete nord-ovest della Civetta (foto G.A.); la Spalla est del Pelmo (3024) dalla cresta dello spigolo nord-est, in prossimit\u00e0 dei \u201cGendarmi di Raynor e Phillimore\u201d del Ciglione settentrionale del Pelmo; una cordata famosa di \u201cInglesi\u201d: per numerose \u201cvie nuove\u201d sulle Dolomiti e specialmente per l\u2019intraprendenza nell\u2019affrontare le grandi pareti di grandi cime: Raynor, seduto a destra e Phillimore, al centro, ma l\u2019artefice di queste imprese fu la guida Antonio Dimai (in alto a destra), a sinistra, barbuto, l\u2019altra guida, Giuseppe Colli, in ginocchio il portatore Arcangelo Dibona (raccolta di Carlo Gandini di Cortina, 1975); la \u201cForada\u201d 1977 metri di quota, il valico antico a nord del Pelmo usato in ogni tempo e stagione per comunicazioni, traffici, vicende della monticazione e dei prodotti caseari, insieme con le forcelle della dorsale a nord del Col de la Pu\u00ecna, 2254 metri (foto G.A.); il Pelmo da oriente: in primo piano uno dei larici folgorati e ricresciuti che in Zoldo chiamano \u201czer\u00f2n\u201d come fosse un candelabro (foto P. Sommavilla 1980).<\/p>\n","protected":false},"excerpt":{"rendered":"<p>La \u201cprima\u201d firmata dagli inglesi Raynor e Phillimore il 14 agosto 1897 con le guide ampezzane Diami e Colli ed il portatore Dibona Il dodicesimo ed ultimo capitolo dell\u2019ottimo libro del compianto professor Giovanni Angelini, zoldano, medico stimatissimo, grande appassionato della montagna: \u201cPelmo d\u2019altri tempi\u201d (edito nell\u2019ottobre 1987 da Nuovi Sentieri di Bepi Pellegrinon e&hellip;<\/p>\n","protected":false},"author":4,"featured_media":193309,"comment_status":"closed","ping_status":"closed","sticky":false,"template":"","format":"standard","meta":{"_monsterinsights_skip_tracking":false,"_monsterinsights_sitenote_active":false,"_monsterinsights_sitenote_note":"","_monsterinsights_sitenote_category":0,"footnotes":""},"categories":[49],"tags":[],"class_list":["post-193311","post","type-post","status-publish","format-standard","has-post-thumbnail","hentry","category-news-18","category-49","description-off"],"img_url":"https:\/\/www.radiopiu.net\/wordpress\/wp-content\/uploads\/2021\/02\/153025120_433393771107670_4239675638385127594_n.jpg","_links":{"self":[{"href":"https:\/\/www.radiopiu.net\/wordpress\/wp-json\/wp\/v2\/posts\/193311","targetHints":{"allow":["GET"]}}],"collection":[{"href":"https:\/\/www.radiopiu.net\/wordpress\/wp-json\/wp\/v2\/posts"}],"about":[{"href":"https:\/\/www.radiopiu.net\/wordpress\/wp-json\/wp\/v2\/types\/post"}],"author":[{"embeddable":true,"href":"https:\/\/www.radiopiu.net\/wordpress\/wp-json\/wp\/v2\/users\/4"}],"replies":[{"embeddable":true,"href":"https:\/\/www.radiopiu.net\/wordpress\/wp-json\/wp\/v2\/comments?post=193311"}],"version-history":[{"count":0,"href":"https:\/\/www.radiopiu.net\/wordpress\/wp-json\/wp\/v2\/posts\/193311\/revisions"}],"wp:featuredmedia":[{"embeddable":true,"href":"https:\/\/www.radiopiu.net\/wordpress\/wp-json\/wp\/v2\/media\/193309"}],"wp:attachment":[{"href":"https:\/\/www.radiopiu.net\/wordpress\/wp-json\/wp\/v2\/media?parent=193311"}],"wp:term":[{"taxonomy":"category","embeddable":true,"href":"https:\/\/www.radiopiu.net\/wordpress\/wp-json\/wp\/v2\/categories?post=193311"},{"taxonomy":"post_tag","embeddable":true,"href":"https:\/\/www.radiopiu.net\/wordpress\/wp-json\/wp\/v2\/tags?post=193311"}],"curies":[{"name":"wp","href":"https:\/\/api.w.org\/{rel}","templated":true}]}}