{"id":193405,"date":"2021-02-24T11:08:01","date_gmt":"2021-02-24T10:08:01","guid":{"rendered":"https:\/\/www.radiopiu.net\/wordpress\/?p=193405"},"modified":"2021-02-24T11:08:01","modified_gmt":"2021-02-24T10:08:01","slug":"nuova-formula-per-lassemblea-dei-delegati-dellana-feltre","status":"publish","type":"post","link":"https:\/\/www.radiopiu.net\/wordpress\/nuova-formula-per-lassemblea-dei-delegati-dellana-feltre\/","title":{"rendered":"NUOVA FORMULA PER L\u2019ASSEMBLEA DEI DELEGATI DELL\u2019ANA FELTRE\u00a0"},"content":{"rendered":"<blockquote>\n<h3><\/h3>\n<\/blockquote>\n<p><strong><a href=\"https:\/\/www.radiopiu.net\/wordpress\/giornale-radiopiu-19-febbraio-2020-direttore-mirko-mezzacasa\/stefano-mariech\/\" rel=\"attachment wp-att-118205\"><img loading=\"lazy\" decoding=\"async\" class=\"size-medium wp-image-118205 alignleft\" src=\"https:\/\/www.radiopiu.net\/wordpress\/wp-content\/uploads\/2020\/02\/Stefano-Mariech-206x300.jpg\" alt=\"\" width=\"206\" height=\"300\" srcset=\"https:\/\/www.radiopiu.net\/wordpress\/wp-content\/uploads\/2020\/02\/Stefano-Mariech-206x300.jpg 206w, https:\/\/www.radiopiu.net\/wordpress\/wp-content\/uploads\/2020\/02\/Stefano-Mariech-705x1024.jpg 705w, https:\/\/www.radiopiu.net\/wordpress\/wp-content\/uploads\/2020\/02\/Stefano-Mariech-768x1116.jpg 768w, https:\/\/www.radiopiu.net\/wordpress\/wp-content\/uploads\/2020\/02\/Stefano-Mariech.jpg 870w\" sizes=\"auto, (max-width: 206px) 100vw, 206px\" \/><\/a>FELTRE<\/strong> L\u2019attuale situazione, non permette il normale svolgimento dei lavori dell\u2019annule<br \/>\nassemblea dei delegati. Il consiglio direttivo di sezione, guidato dal presidente Stefano Mariech, ha quindi deciso di adottare una nuova formula, per fare in modo di non procrastinare gli obblighi dello statuto, senza mettere per\u00f2 a rischio la salute dei soci: ai delegati sar\u00e0 inviata, nei giorni precedenti alla data prevista per l\u2019assemblea, la relazione morale del presidente, quella della protezione civile e quella dell\u2019attivit\u00e0 sportiva, assieme al bilancio economico, con la preghiera di far pervenire al pi\u00f9 presto in segreteria eventuali pareri sfavorevoli. Le intenzioni del presidente sono quelle di archiviare cos\u00ec la parte protocollare dell\u2019assemblea in modo da dare, quando sar\u00e0 possibile, maggior spazio alla parte conviviale. Per onorare le tradizioni, verr\u00e0 comunque celebrata una cerimonia in tono minore, per la resa gli onori ai Caduti della citt\u00e0. Domenica 28 febbraio, alle 11, sul piazzale del monumento ai Caduti, una ristretta rappresentanza della sezione, si raduner\u00e0 per l\u2019alzabandiera e la deposizione di una corona al monumento.<\/p>\n<p>&nbsp;<\/p>\n","protected":false},"excerpt":{"rendered":"<p>FELTRE L\u2019attuale situazione, non permette il normale svolgimento dei lavori dell\u2019annule assemblea dei delegati. Il consiglio direttivo di sezione, guidato dal presidente Stefano Mariech, ha quindi deciso di adottare una nuova formula, per fare in modo di non procrastinare gli obblighi dello statuto, senza mettere per\u00f2 a rischio la salute dei soci: ai delegati sar\u00e0&hellip;<\/p>\n","protected":false},"author":4,"featured_media":140335,"comment_status":"closed","ping_status":"closed","sticky":false,"template":"","format":"standard","meta":{"_monsterinsights_skip_tracking":false,"_monsterinsights_sitenote_active":false,"_monsterinsights_sitenote_note":"","_monsterinsights_sitenote_category":0,"footnotes":""},"categories":[49],"tags":[],"class_list":["post-193405","post","type-post","status-publish","format-standard","has-post-thumbnail","hentry","category-news-18","category-49","description-off"],"img_url":"https:\/\/www.radiopiu.net\/wordpress\/wp-content\/uploads\/2020\/05\/il-Presidente-Stefano-Mariech.jpeg","_links":{"self":[{"href":"https:\/\/www.radiopiu.net\/wordpress\/wp-json\/wp\/v2\/posts\/193405","targetHints":{"allow":["GET"]}}],"collection":[{"href":"https:\/\/www.radiopiu.net\/wordpress\/wp-json\/wp\/v2\/posts"}],"about":[{"href":"https:\/\/www.radiopiu.net\/wordpress\/wp-json\/wp\/v2\/types\/post"}],"author":[{"embeddable":true,"href":"https:\/\/www.radiopiu.net\/wordpress\/wp-json\/wp\/v2\/users\/4"}],"replies":[{"embeddable":true,"href":"https:\/\/www.radiopiu.net\/wordpress\/wp-json\/wp\/v2\/comments?post=193405"}],"version-history":[{"count":0,"href":"https:\/\/www.radiopiu.net\/wordpress\/wp-json\/wp\/v2\/posts\/193405\/revisions"}],"wp:featuredmedia":[{"embeddable":true,"href":"https:\/\/www.radiopiu.net\/wordpress\/wp-json\/wp\/v2\/media\/140335"}],"wp:attachment":[{"href":"https:\/\/www.radiopiu.net\/wordpress\/wp-json\/wp\/v2\/media?parent=193405"}],"wp:term":[{"taxonomy":"category","embeddable":true,"href":"https:\/\/www.radiopiu.net\/wordpress\/wp-json\/wp\/v2\/categories?post=193405"},{"taxonomy":"post_tag","embeddable":true,"href":"https:\/\/www.radiopiu.net\/wordpress\/wp-json\/wp\/v2\/tags?post=193405"}],"curies":[{"name":"wp","href":"https:\/\/api.w.org\/{rel}","templated":true}]}}