{"id":193411,"date":"2021-02-24T12:25:42","date_gmt":"2021-02-24T11:25:42","guid":{"rendered":"https:\/\/www.radiopiu.net\/wordpress\/?p=193411"},"modified":"2021-02-24T13:44:37","modified_gmt":"2021-02-24T12:44:37","slug":"contagi-vaccini-ristori-e-attesa-da-marghera-luca-zaia","status":"publish","type":"post","link":"https:\/\/www.radiopiu.net\/wordpress\/contagi-vaccini-ristori-e-attesa-da-marghera-luca-zaia\/","title":{"rendered":"CONTAGI, VACCINI, RISTORI E ATTESA. DA MARGHERA LUCA ZAIA &#8220;CHE DECIDANO GLI SCIENZIATI SECONDO SCIENZA&#8221;"},"content":{"rendered":"<p><strong>VENEZIA<\/strong> Aggiornamento covid19, da Marghera la conferenza stampa di Luca Zaia.<\/p>\n<p><strong>I NUMERI<\/strong><\/p>\n<p>TAMPONI MOLECOLARI 3992847 TAMPONI RAPIDI 3105919 TAMPONI IERI 40mila POSITIVI IERI +895 INCIDENZA TAMPONI-POSITIVI 2,24% POSITIVI DA INIZIO PANDEMIA 328973 POSITIVI ATTUALI 22332 RICOVERI 1379 IN AREA NON CRITICA\u00a0 1247(-8) IN TERAPIA INTENSIVA\u00a0 132 (-7) DECESSI 9763 + 21 DIMESSI 15775 (+50)<\/p>\n<blockquote>\n<h2>LEGGI LA CONFERENZA STAMPA DI LUCA ZAIA<\/h2>\n<p><em>Gli esperti del Cts e dell&#8217;Istituto superiore di Sanit\u00e0 decidano secondo scienza. Prossime ore cruciale per il DPCM si intravvede il cambio di passo non siamo convocati all&#8217;ultimo momento&#8230;<\/em><\/p><\/blockquote>\n<p>Con oggi si \u00e8 concluso il concorso per medici di medicina generale. Sono tanti professionisti, uno di questi il dottor Scaggiante mi ha informato dicendo &#8220;noi ci siamo&#8221; a loro diamo il benvenuto con l&#8217;augurio di successi professionali, \u00e8 una generazione che si \u00e8 laureata in periodo covid. Oggi ci confronteremo con il Governo, non sar\u00e0 un last minute. Le nostre posizioni sono chiare, realt\u00e0 scientifiche di riferimento a livello nazionale con un unico speaker che difende le tesi della comunit\u00e0 scientifica e discute con la stessa. Chiediamo che le restrizioni siano valutate dalla comunit\u00e0 scientifica nazionale e con intesa del Ministro della Salute. Ogni azione dovr\u00e0 avere le provviste finanziarie a sostegno delle azioni restrittive, ovvero i ristori. Non come quando la Regione ha preso provvedimenti restrittivi e non sono arrivati i ristori. Siamo per la riapertura dei ristoranti alla sera, come succede a mezzogiorno, con linee guida precise. Per ogni attivit\u00e0 la comunit\u00e0 scientifica deve esprimersi in maniera puntuale, oggi ci sono chiese aperte e altre attivit\u00e0 chiuse, logica che il cittadino non capisce non essendoci principio scientifico. Anche per le palestre, non si capisce quale sia la logica per cui sono chiuse e altre attivit\u00e0 invece sono aperte. Ci aggiungo che la diagnostica rapida\u00a0 se \u00e8 vero che abbiamo una capacit\u00e0 di 60 mila tamponi al giorno \u00e8 anche vero che se avessimo una diagnostica rapida a libero accesso per i cittadini \u00e8 sempre un tampone fatto che non si sarebbe mai fatto e ci aiuterebbe a gestire la fase di screening e di approccio ad eventuali aperture.\u00a0 <strong>VACCINI<\/strong> Ieri il dottor Flor ha chiarito la vicenda, abbiamo il dovere di andare fino in fondo nella verifica. Spero che il Presidente del Consiglio dei Ministri lo faccia. Non \u00e8 peccato verificare se chi suona al campanello ha o meno la merce. Ora ci sono indicazioni di fare un&#8217;unica iniezione a chi ha avuto il covid. Meglio tanta copertura per pochi o allargare la platea? Che la comunit\u00e0 scientifica ci dia una risposta.\u00a0 Chiedo di \u00a0verificare la validit\u00e0 dei vaccini cinesi o\u00a0 russi che non se ne faccia una questione ideologica sulla pelle dei cittadini. <strong>CLASSIFICA UTILIZZO DOSI IL VENETO SOTTO LA SOGLIA\u00a0 NAZIONALE<\/strong>\u00a0 E&#8217; una scelta, \u00e8 un tema prudenziale. Abbiamo una macchina da 20mila dosi al giorno se ci mettiamo i medici di base arriviamo anche a 50mila dosi al giorno e siamo organizzati per farlo. Abbiamo certezza su carta che arrivano i vaccini ma anche una platea che attende la seconda dose, prudenzialmente abbiamo accanato la seconda dose. <strong>ANTICIPAZIONE DEL DECRETO RISTORI?<\/strong>\u00a0 Secondo me anche per segnare un cambio di passo e conoscendo seriet\u00e0 e operativit\u00e0 del Ministro Daniele Franco credo ci sar\u00e0 un approccio nuovo e spero riferito al delta del fatturato. Di certo questo paese dovr\u00e0 lottare altri scostamenti per pagare i danni alle aziende. <strong>COSA APRIREBBE?<\/strong> Non sappiamo quali sono le proiezioni del Cts. Insisto sul fatto che il ristorante a mezzogiorno \u00e8 aperto e la sera no. Ci vogliono risposte della comunit\u00e0 scientifica. <strong>VACCINIAMO GLI OVER 80 E POI VIA VIA A SALIRE, IN ALTRE REGIONE E&#8217; DIVERSO<\/strong> RISPONDE L&#8217;ASSESSORE MANUELA LANZARIN E IL DOTTOR MICHELE TONON\u00a0 C&#8217;\u00e8 una letteratura scientifica che da queste indicazioni che noi seguiamo come facciamo da prassi, come in altre occasioni. Una diversa strategia con l&#8217;offerta della chiamata attiva (appuntamento che favorisce l&#8217;accessibilit\u00e0 alla vaccinazione) <strong>PERCHE&#8217; DAGLI OTTANTENNI<\/strong> IN SU\u00a0 Perch\u00e9 il Veneto ha deciso cos\u00ec. Abbiamo scelto senza offendere nessuno, su base epidemiologica, valutando la possibilit\u00e0 di mobilit\u00e0 degli anziani e le relazioni sociali e poi sono classi molto numerose. abbiamo come obiettivo mettere in protezione un maggior numero di persone. Dispiace non poter accontentare tutti ma questi sono i vaccini disponibili.\u00a0 Il dettaglio della pianificazione sar\u00e0 pronto per i primi giorni della prossima settimana.\u00a0<strong>CAMPAGNA VACCINALE SCUOLEM, INSEGNANTI FORMAZIONE NON SONO STATI CHIAMATI<\/strong> Stiamo raccogliendo tutte le informazioni, stiamo perfezionando la raccolta dei numeri di tutte le categorie previste e le vaccinazioni saranno declinate nelle prossime settimane. Nessuna distinzione tra province ed \u00e8 interessato tutto il personale docente, non docente, pubblico e privato.<strong> LA SCOZIA CANTA VITTORIA 94% DELLE OSPEDALIZZAZIONE IN MENO DOPO IL VACCINO<\/strong> Ci sono anche altri casi come Israele, in generale credo sia vero quello che si dice a proposito dell&#8217;effetto del vaccino. <strong>DIRETTORI GENERALI<\/strong> Non abbiamo ancora la lista fatta, ma saranno presentati entro lunedi mattina a Palazzo Balbi<\/p>\n<h3>dottor MICHELE TONON<\/h3>\n<p>Ambito scuola, siamo attenti con la sorveglianza, raccolta dati e valutazione per definire modelli e aspetti organizzativi. La situazione dal 7 gennaio al 23 febbraio abbiamo raccolto i dati con i dipartimenti di Prevenzione: 1421 eventi, 22% scuola infanzia 33,7% primaria 23,2% secondaria primo grado 14,2% la secondaria di secondo grado,\u00a0 27460 persone coinvolte o per misura di quarantena o perch\u00e9 positivi. Trend temporale che dimostra un aumento nelle ultime settimane. Il primo periodo riflette la chiusura della scuole secondarie di secondo grado. Numero eventi scolastici con caso secondario: 33% scuole dell&#8217;infanzia 26% primaria 18% secondaria primo grado 17% secondaria secondo grado. Altri dati interessanti: 50,7% dei ragazzi tra 14 e 19 anni che in questo periodo sono stati soggetti a quarantena lo sono a seguito di un contatto fuori dall&#8217;ambiente scolastico,\u00a0 2300 gli studenti che hanno continuato la didattica in presenza (in monitoraggio e con screening ripetuto) a seguito di riscontro di un caso isolato in classe. I <strong>PROGETTI DELL&#8217;UFFICIO SCOLASTICO REGIONALE<\/strong> La Regione ha varato due progetti di sorveglianza del personale scolastico con una rete di\u00a0 15 scuole superiori, inizia a marzo su base volontaria. Altro progetto per sette scuole della terza media, \u00a0una per provincia per una valutazione di sostenibilit\u00e0 di un&#8217;amministrazione controllata di un test di screening (tampone nasale) cio\u00e8 i ragazzi con un supervisore si faranno i tamponi da soli, metodo abbordabile per un&#8217;auto somministrazione<\/p>\n<h3>dottoressa PALUMBO<\/h3>\n<a href=\"https:\/\/www.radiopiu.net\/wordpress\/wp-content\/uploads\/2021\/02\/Infografica-Scuole.pdf\" class=\"pdfemb-viewer\" style=\"\" data-width=\"max\" data-height=\"max\" data-toolbar=\"top\" data-toolbar-fixed=\"on\">Infografica Scuole<\/a>\n<p><a href=\"https:\/\/www.facebook.com\/zaiaufficiale\/videos\/2652010841751690\">https:\/\/www.facebook.com\/zaiaufficiale\/videos\/2652010841751690<\/a><\/p>\n<p>&nbsp;<\/p>\n","protected":false},"excerpt":{"rendered":"<p>VENEZIA Aggiornamento covid19, da Marghera la conferenza stampa di Luca Zaia. I NUMERI TAMPONI MOLECOLARI 3992847 TAMPONI RAPIDI 3105919 TAMPONI IERI 40mila POSITIVI IERI +895 INCIDENZA TAMPONI-POSITIVI 2,24% POSITIVI DA INIZIO PANDEMIA 328973 POSITIVI ATTUALI 22332 RICOVERI 1379 IN AREA NON CRITICA\u00a0 1247(-8) IN TERAPIA INTENSIVA\u00a0 132 (-7) DECESSI 9763 + 21 DIMESSI 15775 (+50)&hellip;<\/p>\n","protected":false},"author":4,"featured_media":82902,"comment_status":"closed","ping_status":"closed","sticky":false,"template":"","format":"standard","meta":{"_monsterinsights_skip_tracking":false,"_monsterinsights_sitenote_active":false,"_monsterinsights_sitenote_note":"","_monsterinsights_sitenote_category":0,"footnotes":""},"categories":[51,49],"tags":[],"class_list":["post-193411","post","type-post","status-publish","format-standard","has-post-thumbnail","hentry","category-evidenza-top","category-news-18","category-51","category-49","description-off"],"img_url":"https:\/\/www.radiopiu.net\/wordpress\/wp-content\/uploads\/2019\/04\/Luca-Zaia-mp3-image-e1563558443703.jpg","_links":{"self":[{"href":"https:\/\/www.radiopiu.net\/wordpress\/wp-json\/wp\/v2\/posts\/193411","targetHints":{"allow":["GET"]}}],"collection":[{"href":"https:\/\/www.radiopiu.net\/wordpress\/wp-json\/wp\/v2\/posts"}],"about":[{"href":"https:\/\/www.radiopiu.net\/wordpress\/wp-json\/wp\/v2\/types\/post"}],"author":[{"embeddable":true,"href":"https:\/\/www.radiopiu.net\/wordpress\/wp-json\/wp\/v2\/users\/4"}],"replies":[{"embeddable":true,"href":"https:\/\/www.radiopiu.net\/wordpress\/wp-json\/wp\/v2\/comments?post=193411"}],"version-history":[{"count":0,"href":"https:\/\/www.radiopiu.net\/wordpress\/wp-json\/wp\/v2\/posts\/193411\/revisions"}],"wp:featuredmedia":[{"embeddable":true,"href":"https:\/\/www.radiopiu.net\/wordpress\/wp-json\/wp\/v2\/media\/82902"}],"wp:attachment":[{"href":"https:\/\/www.radiopiu.net\/wordpress\/wp-json\/wp\/v2\/media?parent=193411"}],"wp:term":[{"taxonomy":"category","embeddable":true,"href":"https:\/\/www.radiopiu.net\/wordpress\/wp-json\/wp\/v2\/categories?post=193411"},{"taxonomy":"post_tag","embeddable":true,"href":"https:\/\/www.radiopiu.net\/wordpress\/wp-json\/wp\/v2\/tags?post=193411"}],"curies":[{"name":"wp","href":"https:\/\/api.w.org\/{rel}","templated":true}]}}