{"id":193461,"date":"2021-02-25T05:57:20","date_gmt":"2021-02-25T04:57:20","guid":{"rendered":"https:\/\/www.radiopiu.net\/wordpress\/?p=193461"},"modified":"2021-02-25T06:11:24","modified_gmt":"2021-02-25T05:11:24","slug":"i-sabati-incentivati-di-luxottica-le-maggiorazioni-della-scorsa-settimana","status":"publish","type":"post","link":"https:\/\/www.radiopiu.net\/wordpress\/i-sabati-incentivati-di-luxottica-le-maggiorazioni-della-scorsa-settimana\/","title":{"rendered":"I SABATI INCENTIVATI DI LUXOTTICA: LE MAGGIORAZIONI DELLA SCORSA SETTIMANA"},"content":{"rendered":"<p><strong><a href=\"https:\/\/www.radiopiu.net\/wordpress\/luxottica-a-settembre-parte-la-flessibilita-allo-stabilimento-di-agordo\/luxottica-2020\/\" rel=\"attachment wp-att-157799\"><img loading=\"lazy\" decoding=\"async\" class=\"size-medium wp-image-157799 alignleft\" src=\"https:\/\/www.radiopiu.net\/wordpress\/wp-content\/uploads\/2020\/08\/LUXOTTICA-2020-300x225.jpg\" alt=\"\" width=\"300\" height=\"225\" srcset=\"https:\/\/www.radiopiu.net\/wordpress\/wp-content\/uploads\/2020\/08\/LUXOTTICA-2020-300x225.jpg 300w, https:\/\/www.radiopiu.net\/wordpress\/wp-content\/uploads\/2020\/08\/LUXOTTICA-2020-1024x768.jpg 1024w, https:\/\/www.radiopiu.net\/wordpress\/wp-content\/uploads\/2020\/08\/LUXOTTICA-2020-768x576.jpg 768w, https:\/\/www.radiopiu.net\/wordpress\/wp-content\/uploads\/2020\/08\/LUXOTTICA-2020-1536x1152.jpg 1536w, https:\/\/www.radiopiu.net\/wordpress\/wp-content\/uploads\/2020\/08\/LUXOTTICA-2020-640x480.jpg 640w, https:\/\/www.radiopiu.net\/wordpress\/wp-content\/uploads\/2020\/08\/LUXOTTICA-2020.jpg 2048w\" sizes=\"auto, (max-width: 300px) 100vw, 300px\" \/><\/a>AGORDO<\/strong> Dopo i primi due sabati di febbraio dedicati alla flessibilit\u00e0 positiva, nello stabilimento Luxottica di Agordo si opta per lo straordinario incentivato. Sabato scorso le maestranze sono state chiamate al lavoro con una maggiorazione in base alla presenza nei vari reparti. Chimica, pulitura, verniciatura, guaine, stamperia iniettato e nastratura iniettato sono i reparti che hanno avuto la maggiore adesione allo straordinario incentivato di sabato scorso centrando l&#8217;obbiettivo della maggiorazione del 100% (6 ore di lavoro e 12 ore pagate). Presenza che si \u00e8 fatta sentire meno in stamperia metallo, saldatura, taglio lenti dove la maggiorazione delle ore sar\u00e0 dell&#8217;80%. Il reparto in cui la presenza degli operai non ha raggiunto il &#8220;cuorum&#8221; \u00e8 il magazzino con una maggiorazione delle ore in busta paga del 50%. Si ricorda che sabato prossimo ci sar\u00e0 un&#8217;altro sabato incentivato che riguarder\u00e0 tutti i reparti produttivi all&#8217;infuori della finitura metallo dove nei giorni scorsi azienda e RSU hanno deciso che la giornata lavorativa veniva annullata.<\/p>\n","protected":false},"excerpt":{"rendered":"<p>AGORDO Dopo i primi due sabati di febbraio dedicati alla flessibilit\u00e0 positiva, nello stabilimento Luxottica di Agordo si opta per lo straordinario incentivato. Sabato scorso le maestranze sono state chiamate al lavoro con una maggiorazione in base alla presenza nei vari reparti. Chimica, pulitura, verniciatura, guaine, stamperia iniettato e nastratura iniettato sono i reparti che&hellip;<\/p>\n","protected":false},"author":4,"featured_media":157799,"comment_status":"closed","ping_status":"closed","sticky":false,"template":"","format":"standard","meta":{"_monsterinsights_skip_tracking":false,"_monsterinsights_sitenote_active":false,"_monsterinsights_sitenote_note":"","_monsterinsights_sitenote_category":0,"footnotes":""},"categories":[51,49],"tags":[],"class_list":["post-193461","post","type-post","status-publish","format-standard","has-post-thumbnail","hentry","category-evidenza-top","category-news-18","category-51","category-49","description-off"],"img_url":"https:\/\/www.radiopiu.net\/wordpress\/wp-content\/uploads\/2020\/08\/LUXOTTICA-2020.jpg","_links":{"self":[{"href":"https:\/\/www.radiopiu.net\/wordpress\/wp-json\/wp\/v2\/posts\/193461","targetHints":{"allow":["GET"]}}],"collection":[{"href":"https:\/\/www.radiopiu.net\/wordpress\/wp-json\/wp\/v2\/posts"}],"about":[{"href":"https:\/\/www.radiopiu.net\/wordpress\/wp-json\/wp\/v2\/types\/post"}],"author":[{"embeddable":true,"href":"https:\/\/www.radiopiu.net\/wordpress\/wp-json\/wp\/v2\/users\/4"}],"replies":[{"embeddable":true,"href":"https:\/\/www.radiopiu.net\/wordpress\/wp-json\/wp\/v2\/comments?post=193461"}],"version-history":[{"count":0,"href":"https:\/\/www.radiopiu.net\/wordpress\/wp-json\/wp\/v2\/posts\/193461\/revisions"}],"wp:featuredmedia":[{"embeddable":true,"href":"https:\/\/www.radiopiu.net\/wordpress\/wp-json\/wp\/v2\/media\/157799"}],"wp:attachment":[{"href":"https:\/\/www.radiopiu.net\/wordpress\/wp-json\/wp\/v2\/media?parent=193461"}],"wp:term":[{"taxonomy":"category","embeddable":true,"href":"https:\/\/www.radiopiu.net\/wordpress\/wp-json\/wp\/v2\/categories?post=193461"},{"taxonomy":"post_tag","embeddable":true,"href":"https:\/\/www.radiopiu.net\/wordpress\/wp-json\/wp\/v2\/tags?post=193461"}],"curies":[{"name":"wp","href":"https:\/\/api.w.org\/{rel}","templated":true}]}}