{"id":193466,"date":"2021-02-24T23:59:51","date_gmt":"2021-02-24T22:59:51","guid":{"rendered":"https:\/\/www.radiopiu.net\/wordpress\/?p=193466"},"modified":"2021-02-25T05:56:51","modified_gmt":"2021-02-25T04:56:51","slug":"playoff-ihl-senza-una-data-dinizio-le-restrizioni-dellalto-adige-fermano-lhockey","status":"publish","type":"post","link":"https:\/\/www.radiopiu.net\/wordpress\/playoff-ihl-senza-una-data-dinizio-le-restrizioni-dellalto-adige-fermano-lhockey\/","title":{"rendered":"PLAYOFF IHL SENZA UNA DATA D&#8217;INIZIO. LE RESTRIZIONI DELL&#8217;ALTO ADIGE FERMANO L&#8217;HOCKEY"},"content":{"rendered":"<p><strong><a href=\"https:\/\/www.radiopiu.net\/wordpress\/calcio-hockey-il-fine-settimana-sportivo-seguito-da-radio-piu\/hockey-porta\/\" rel=\"attachment wp-att-71539\"><img loading=\"lazy\" decoding=\"async\" class=\"size-medium wp-image-71539 alignleft\" src=\"https:\/\/www.radiopiu.net\/wordpress\/wp-content\/uploads\/2019\/01\/HOCKEY-PORTA-300x150.jpg\" alt=\"\" width=\"300\" height=\"150\" srcset=\"https:\/\/www.radiopiu.net\/wordpress\/wp-content\/uploads\/2019\/01\/HOCKEY-PORTA-300x150.jpg 300w, https:\/\/www.radiopiu.net\/wordpress\/wp-content\/uploads\/2019\/01\/HOCKEY-PORTA-768x384.jpg 768w, https:\/\/www.radiopiu.net\/wordpress\/wp-content\/uploads\/2019\/01\/HOCKEY-PORTA-1024x512.jpg 1024w, https:\/\/www.radiopiu.net\/wordpress\/wp-content\/uploads\/2019\/01\/HOCKEY-PORTA.jpg 2000w\" sizes=\"auto, (max-width: 300px) 100vw, 300px\" \/><\/a>ALLEGHE<\/strong> Questo sarebbe stato il fine settimana dei playoff in IHL ma non lo sar\u00e0. Luned\u00ec sera le squadre del campionato di hockey su ghiaccio si sono incontrate in videoconferenza per definire il futuro di questa stagione 2020\/21. Una riunione che non ha dato i frutti sperati. Anzi, si \u00e8 fatto un passo in dietro dopo le restrizioni dell&#8217;Alto Adige. Prima di iniziare i quarti di finale il Merano deve recuperare due partite per terminare ufficialmente la stagione regolare, anche se gli altoatesini si sono gi\u00e0 assicurati il primo posto in classifica. Partite che per\u00f2 non hanno ancora una data ufficiale, a fermare tutto l&#8217;ordinanza che obbliga chiunque entri nel comune di Merano ad avere con se un referto ufficiale che dichiari la negativizzazione al tampone molecolare nelle 72 ore antecedenti all&#8217;ingresso nel territorio. Le societ\u00e0 stanno anche aspettando le decisioni del giudice sportivo che potrebbe decidere qualcosa sulle gare da disputare. Resta il fatto che i playoff non inizieranno finch\u00e8 non sar\u00e0 terminata la prima fase di campionato. La voglia delle societ\u00e0 \u00e8 quella di portare a termine la stagione entro il 17 aprile e intanto i playoff verranno giocati al meglio delle 5 gare e non delle 7. Luned\u00ec prossimo altra videoconferenza per capire l&#8217;evolversi della situazione con la speranza di poter ripartire con la stagione in una data tra il 9 e 13 marzo. Bisogner\u00e0 aspettare il conclave della prossima settimana per scoprire se la fumata sar\u00e0 bianca o nera.<\/p>\n","protected":false},"excerpt":{"rendered":"<p>ALLEGHE Questo sarebbe stato il fine settimana dei playoff in IHL ma non lo sar\u00e0. Luned\u00ec sera le squadre del campionato di hockey su ghiaccio si sono incontrate in videoconferenza per definire il futuro di questa stagione 2020\/21. Una riunione che non ha dato i frutti sperati. Anzi, si \u00e8 fatto un passo in dietro&hellip;<\/p>\n","protected":false},"author":4,"featured_media":71539,"comment_status":"closed","ping_status":"closed","sticky":false,"template":"","format":"standard","meta":{"_monsterinsights_skip_tracking":false,"_monsterinsights_sitenote_active":false,"_monsterinsights_sitenote_note":"","_monsterinsights_sitenote_category":0,"footnotes":""},"categories":[104,49],"tags":[],"class_list":["post-193466","post","type-post","status-publish","format-standard","has-post-thumbnail","hentry","category-evidenza_3","category-news-18","category-104","category-49","description-off"],"img_url":"https:\/\/www.radiopiu.net\/wordpress\/wp-content\/uploads\/2019\/01\/HOCKEY-PORTA.jpg","_links":{"self":[{"href":"https:\/\/www.radiopiu.net\/wordpress\/wp-json\/wp\/v2\/posts\/193466","targetHints":{"allow":["GET"]}}],"collection":[{"href":"https:\/\/www.radiopiu.net\/wordpress\/wp-json\/wp\/v2\/posts"}],"about":[{"href":"https:\/\/www.radiopiu.net\/wordpress\/wp-json\/wp\/v2\/types\/post"}],"author":[{"embeddable":true,"href":"https:\/\/www.radiopiu.net\/wordpress\/wp-json\/wp\/v2\/users\/4"}],"replies":[{"embeddable":true,"href":"https:\/\/www.radiopiu.net\/wordpress\/wp-json\/wp\/v2\/comments?post=193466"}],"version-history":[{"count":0,"href":"https:\/\/www.radiopiu.net\/wordpress\/wp-json\/wp\/v2\/posts\/193466\/revisions"}],"wp:featuredmedia":[{"embeddable":true,"href":"https:\/\/www.radiopiu.net\/wordpress\/wp-json\/wp\/v2\/media\/71539"}],"wp:attachment":[{"href":"https:\/\/www.radiopiu.net\/wordpress\/wp-json\/wp\/v2\/media?parent=193466"}],"wp:term":[{"taxonomy":"category","embeddable":true,"href":"https:\/\/www.radiopiu.net\/wordpress\/wp-json\/wp\/v2\/categories?post=193466"},{"taxonomy":"post_tag","embeddable":true,"href":"https:\/\/www.radiopiu.net\/wordpress\/wp-json\/wp\/v2\/tags?post=193466"}],"curies":[{"name":"wp","href":"https:\/\/api.w.org\/{rel}","templated":true}]}}