{"id":193583,"date":"2021-02-26T06:00:13","date_gmt":"2021-02-26T05:00:13","guid":{"rendered":"https:\/\/www.radiopiu.net\/wordpress\/?p=193583"},"modified":"2021-02-26T09:30:40","modified_gmt":"2021-02-26T08:30:40","slug":"giornale-radiopiu-26-febbraio-2021-direttore-mirko-mezzacasa","status":"publish","type":"post","link":"https:\/\/www.radiopiu.net\/wordpress\/giornale-radiopiu-26-febbraio-2021-direttore-mirko-mezzacasa\/","title":{"rendered":"GIORNALE RADIOPIU 26 FEBBRAIO 2021 DIRETTORE MIRKO MEZZACASA"},"content":{"rendered":"<blockquote>\n<h3><span style=\"color: #ff0000;\"><strong>RADIO PIU&#8217; SALUTA LE CAMPIONESSE DELLO SCI E AUGURA BUON LAVORO AI TANTI IMPEGNATI SULLA PISTA &#8220;LA VOLATA&#8221; PER LA COPPA DEL MONDO DI SCI AL SAN PELLEGRINO&#8230;<\/strong><\/span><\/h3>\n<\/blockquote>\n<p><iframe loading=\"lazy\" title=\"Passo San Pallegrino - Col Margherita LIVE\" width=\"1200\" height=\"675\" src=\"https:\/\/www.youtube.com\/embed\/nKgPgIawiV8?feature=oembed\" frameborder=\"0\" allow=\"accelerometer; autoplay; clipboard-write; encrypted-media; gyroscope; picture-in-picture\" allowfullscreen><\/iframe><\/p>\n<p><iframe loading=\"lazy\" title=\"Passo San Pallegrino - Col Margherita LIVE\" width=\"1200\" height=\"675\" src=\"https:\/\/www.youtube.com\/embed\/nKgPgIawiV8?feature=oembed\" frameborder=\"0\" allow=\"accelerometer; autoplay; clipboard-write; encrypted-media; gyroscope; picture-in-picture\" allowfullscreen><\/iframe><\/p>\n<blockquote class=\"wp-embedded-content\" data-secret=\"zP58sVPqlW\"><p><a href=\"https:\/\/www.radiopiu.net\/wordpress\/san-lucano-vette-da-valanghe-e-slavine\/\">SAN LUCANO, VETTE DA VALANGHE E SLAVINE<\/a><\/p><\/blockquote>\n<p><iframe loading=\"lazy\" class=\"wp-embedded-content\" sandbox=\"allow-scripts\" security=\"restricted\" style=\"position: absolute; clip: rect(1px, 1px, 1px, 1px);\" title=\"&#8220;SAN LUCANO, VETTE DA VALANGHE E SLAVINE&#8221; &#8212; Radio Pi\u00f9\" src=\"https:\/\/www.radiopiu.net\/wordpress\/san-lucano-vette-da-valanghe-e-slavine\/embed\/#?secret=zP58sVPqlW\" data-secret=\"zP58sVPqlW\" width=\"600\" height=\"338\" frameborder=\"0\" marginwidth=\"0\" marginheight=\"0\" scrolling=\"no\"><\/iframe><\/p>\n<h3><a href=\"https:\/\/www.radiopiu.net\/wordpress\/giornale-radiopiu-24-gennaio-2021-direttore-mirko-mezzacasa\/141433770_171616291414874_2957460898102012198_n\/\" rel=\"attachment wp-att-186566\"><img loading=\"lazy\" decoding=\"async\" class=\"wp-image-186566 alignleft\" src=\"https:\/\/www.radiopiu.net\/wordpress\/wp-content\/uploads\/2021\/01\/141433770_171616291414874_2957460898102012198_n-300x300.jpg\" alt=\"\" width=\"144\" height=\"144\" srcset=\"https:\/\/www.radiopiu.net\/wordpress\/wp-content\/uploads\/2021\/01\/141433770_171616291414874_2957460898102012198_n-300x300.jpg 300w, https:\/\/www.radiopiu.net\/wordpress\/wp-content\/uploads\/2021\/01\/141433770_171616291414874_2957460898102012198_n-150x150.jpg 150w, https:\/\/www.radiopiu.net\/wordpress\/wp-content\/uploads\/2021\/01\/141433770_171616291414874_2957460898102012198_n-768x768.jpg 768w, https:\/\/www.radiopiu.net\/wordpress\/wp-content\/uploads\/2021\/01\/141433770_171616291414874_2957460898102012198_n.jpg 800w\" sizes=\"auto, (max-width: 144px) 100vw, 144px\" \/><\/a><\/h3>\n<h3>PER<strong> RICEVERE QUESTO NOTIZIARIO DIRETTAMENTE SUL TUO CELLULARE ISCRIVITI AL CANALE TELEGRAM <\/strong><strong>\u201cRADIO PIU\u00a0 INFORMAZIONE&#8221;\u00a0<\/strong><\/h3>\n<h3>SUPERATI I 3000 ISCRITTI, il CANALE TELEGRAM&#8230; UNISCITI A: RADIO PIU INFORMAZIONE<\/h3>\n<p>&nbsp;<\/p>\n<p>&nbsp;<\/p>\n<p><em><a href=\"https:\/\/www.radiopiu.net\/wordpress\/giornale-radiopiu-24-gennaio-2021-direttore-mirko-mezzacasa\/79216601_126817312416448_708980208774483089_n\/\" rel=\"attachment wp-att-186567\"><img loading=\"lazy\" decoding=\"async\" class=\"size-medium wp-image-186567 alignright\" src=\"https:\/\/www.radiopiu.net\/wordpress\/wp-content\/uploads\/2021\/01\/79216601_126817312416448_708980208774483089_n-300x114.jpg\" alt=\"\" width=\"300\" height=\"114\" srcset=\"https:\/\/www.radiopiu.net\/wordpress\/wp-content\/uploads\/2021\/01\/79216601_126817312416448_708980208774483089_n-300x114.jpg 300w, https:\/\/www.radiopiu.net\/wordpress\/wp-content\/uploads\/2021\/01\/79216601_126817312416448_708980208774483089_n-768x292.jpg 768w, https:\/\/www.radiopiu.net\/wordpress\/wp-content\/uploads\/2021\/01\/79216601_126817312416448_708980208774483089_n.jpg 820w\" sizes=\"auto, (max-width: 300px) 100vw, 300px\" \/><\/a><span style=\"color: #ff0000;\">ATTENZIONE: LA NUOVA APP PER IOS-IPHONE di Nicola Vettorello <\/span><\/em><a href=\"https:\/\/apps.apple.com\/it\/app\/radio-pi%C3%B9-emittente-agordina\/id1515939845\">https:\/\/apps.apple.com\/it\/app\/radio-pi%C3%B9-emittente-agordina\/id1515939845<\/a><\/p>\n<p><em style=\"color: #ff0000;\">ATTENZIONE: LA NUOVA APP RADIO\u00a0 PER ANDROID di Nicola Vettorello<\/em><\/p>\n<p><a href=\"https:\/\/play.google.com\/store\/apps\/details?id=net.radiopiu.iniko\" target=\"_blank\" rel=\"noopener noreferrer\">https:\/\/play.google.com\/store\/apps\/details?id=net.radiopiu.iniko\u00a0\u00a0<\/a><\/p>\n<p>&nbsp;<\/p>\n<hr \/>\n<blockquote>\n<h3 class=\"n1l5q3vz\"><span class=\"d2edcug0 hpfvmrgz qv66sw1b c1et5uql rrkovp55 a8c37x1j keod5gw0 nxhoafnm aigsh9s9 d3f4x2em fe6kdd0r mau55g9w c8b282yb mdeji52x a5q79mjw g1cxx5fr lrazzd5p oo9gr5id\" dir=\"auto\">\u00a0<\/span><\/h3>\n<h3 class=\"n1l5q3vz\"><span class=\"d2edcug0 hpfvmrgz qv66sw1b c1et5uql rrkovp55 a8c37x1j keod5gw0 nxhoafnm aigsh9s9 d3f4x2em fe6kdd0r mau55g9w c8b282yb mdeji52x a5q79mjw g1cxx5fr lrazzd5p oo9gr5id\" dir=\"auto\">Dolomiti Film Festival <\/span><span class=\"d2edcug0 hpfvmrgz qv66sw1b c1et5uql rrkovp55 a8c37x1j keod5gw0 nxhoafnm aigsh9s9 d9wwppkn fe6kdd0r mau55g9w c8b282yb mdeji52x e9vueds3 j5wam9gi knj5qynh m9osqain\" dir=\"auto\">dal 27 al 30 maggio 2021 nell&#8217;Agordino per parlare di natura, ambiente e montagna.<\/span><\/h3>\n<\/blockquote>\n<p>https:\/\/www.facebook.com\/watch\/?v=757756435171013<\/p>\n<p>&nbsp;<\/p>\n<hr \/>\n<p>&nbsp;<\/p>\n<h3><strong>SR 204 Belluno-Mas, fino al 9 marzo, esclusi sabato e domenica, istituzione di senso unico alternato regolato da impianto semaforico o movieri in localit\u00e0 Antole per messa in sicurezza del ponte<\/strong><\/h3>\n<h3>SP 347 DEL PASSO CEREDA E DURAN fino al 26 febbraio senso unico alternato regolato da semaforo a Voltago per indagini geognostiche<\/h3>\n<p>&nbsp;<\/p>\n<p>&nbsp;<\/p>\n<hr \/>\n<blockquote>\n<h3><img loading=\"lazy\" decoding=\"async\" class=\"alignleft\" src=\"https:\/\/www.radiopiu.net\/wordpress\/wp-content\/uploads\/2021\/02\/24a7fd9f-2564-4bec-8b45-c0ce8bd21f79-251x300.jpg\" width=\"100\" height=\"119\" \/>PROROGATA LA CHIUSURA A TEMPO DELLA PROVINCIALE 3 DI VALLE IMPERINA<\/h3>\n<\/blockquote>\n<p><strong>GOSALDO<\/strong> La provinciale 3 di Valle Imperina in localit\u00e0 Forcella Franche e Vallasin sar\u00e0 oggetto di lavori almeno fino al 19 marzo. La precedente ordinanza \u00e8 stata infatti prorogata con la chiusura a fasce orarie: dalle 8\u00a0 alle 12.45; dalle 13.45 alle 15.50 e dalle 16.10 alle 17.45 escluso il sabato e la domenica. Negli orari non interessati dalla chiusura senso unico alternato con semaforo.<\/p>\n<p>&nbsp;<\/p>\n<hr \/>\n<blockquote>\n<h3><\/h3>\n<h3>GALLERIA COMELICO: DA LUNEDI CHIUSA NELLA NOTTE<\/h3>\n<\/blockquote>\n<p><strong><a href=\"https:\/\/www.radiopiu.net\/wordpress\/galleria-comelico-da-lunedi-chiusa-dalle-21-15-a-domani-mattina\/galleria-comelico\/\" rel=\"attachment wp-att-192243\"><img loading=\"lazy\" decoding=\"async\" class=\" wp-image-192243 alignleft\" src=\"https:\/\/www.radiopiu.net\/wordpress\/wp-content\/uploads\/2021\/02\/galleria-comelico-253x300.jpg\" alt=\"\" width=\"100\" height=\"119\" srcset=\"https:\/\/www.radiopiu.net\/wordpress\/wp-content\/uploads\/2021\/02\/galleria-comelico-253x300.jpg 253w, https:\/\/www.radiopiu.net\/wordpress\/wp-content\/uploads\/2021\/02\/galleria-comelico.jpg 500w\" sizes=\"auto, (max-width: 100px) 100vw, 100px\" \/><\/a>COMELICO<\/strong>\u00a0 Galleria del Comelico, fino a domani chiusa dalle 21.15 alle\u00a0 5.45, giorni festivi esclusi. Il traffico veicolare \u00e8 deviato sulla SP 532 Passo S. Antonio; i mezzi pesanti trainanti un rimorchio saranno invece deviati sulla SR 48 delle Dolomiti e sulla SP 49 Misurina.<\/p>\n<p>&nbsp;<\/p>\n<p>&nbsp;<\/p>\n<p>&nbsp;<\/p>\n<p>&nbsp;<\/p>\n<hr \/>\n<p>&nbsp;<\/p>\n<p><strong><a href=\"https:\/\/www.radiopiu.net\/wordpress\/giornale-radiopiu-09-agosto-2018-direttore-mirko-mezzacasa\/acqua\/\" rel=\"attachment wp-att-57052\"><img loading=\"lazy\" decoding=\"async\" class=\" wp-image-57052 alignleft\" src=\"https:\/\/www.radiopiu.net\/wordpress\/wp-content\/uploads\/2018\/08\/ACQUA-300x180.jpeg\" alt=\"\" width=\"253\" height=\"152\" srcset=\"https:\/\/www.radiopiu.net\/wordpress\/wp-content\/uploads\/2018\/08\/ACQUA-300x180.jpeg 300w, https:\/\/www.radiopiu.net\/wordpress\/wp-content\/uploads\/2018\/08\/ACQUA-768x461.jpeg 768w, https:\/\/www.radiopiu.net\/wordpress\/wp-content\/uploads\/2018\/08\/ACQUA-1024x614.jpeg 1024w, https:\/\/www.radiopiu.net\/wordpress\/wp-content\/uploads\/2018\/08\/ACQUA.jpeg 1280w\" sizes=\"auto, (max-width: 253px) 100vw, 253px\" \/><\/a>Gestione Servizi Pubblici informa che a CANALE D&#8217;AGORDO in localit\u00e0 CARFON, l&#8217;acqua erogata dall&#8217;acquedotto \u00e8 di nuovo potabile e pu\u00f2 essere usata, quindi, per scopi alimentari. Per informazioni \u00e8 possibile contattare il Servizio Clienti al numero 800 306 999 o +39 0445 230521 (da estero) .<br \/>\n<\/strong><\/p>\n<p><strong>A RIVAMONTE AGORDINO nelle localit\u00e0 MIOTTE, ZENICH, MOTTES, ZEP-SCHENA, SARET, ROSTE, PALUCH, GONA DI CONEDERA, PONTE ALTO, LONIE, SANTEL, ROSSON, VIA ROMA, VILLAGRANDE E TOS, l&#8217;acqua erogata dall&#8217;acquedotto non \u00e8 potabile e pu\u00f2 essere usata per scopi alimentari SOLO PREVIA bollitura.<\/strong><\/p>\n<p>&nbsp;<\/p>\n<hr \/>\n<p>&nbsp;<\/p>\n<blockquote>\n<h3>VENETO VERSO LA CONFERMA DEL GIALLO, MA S&#8217;ALZA L&#8217;INDICE RT FINO ALLA SOGLIA DELL&#8217;ARANCIONE.<\/h3>\n<\/blockquote>\n<p>Verso il peggio, l&#8217;Umbria in zona rossa, 5 regionI a rischio arancione, 8 regioni hanno superato la soglia dell&#8217;occupazione del 30% delle terapia intensive, 41 province hanno registrato un incremento delle terapie intensive oltre il 20%, i dati peggiori arrivano dall&#8217;Umbria con l&#8217;occupazione dei posti in terapia intensiva al 57%. Ieri contagi in aumento e 308 morti. Nel nuovo DPCM probabilmente ancora confini regionali chiusi, ancora presto per parlare di riapertura di palestre e piscine mentre si continua a trattare per aprire i ristoranti alla sera. Rimarranno chiusi i centri commerciali nei giorni festivi e prefestivi mentre potrebbe arrivare una svolta per cinema e teatri (CTS volendo) per il 27 marzo se la regione \u00e8 in zona gialla. In Veneto risale l&#8217;indice Rt ieri a 0,95, a 1 scatta di nuovo la zona arancione, per oggi \u00e8 attesa la conferma del giallo. In Veneto sono ormai stati superati i 7 milioni di tamponi, 1175 i nuovi casi e il totale delle infezioni sale a 330.750. Ieri in Regione altri 22 decessi (9802 da inizio epidemia), 1208 (-31) i pazienti in area non critica, 138 (+5) in terapia intensiva. In Provincia il virus torna a far paura, questa volta il centro dell&#8217;infenzione \u00e8 in Cadore, a Pieve, contagiati due bambini\u00a0 a Valle.\u00a0 Un focolaio\u00a0 in pochi giorni ha portato i contagi di Pieve di Cadore a quota 50, 4 i ricoveri. I sindaci invitano a rispettare le regole, ad Auronzo il primo cittadino chiede pi\u00f9 controlli nei rifugi, assaltati dai turisti. Questo aumento di positivi in una zona dell&#8217;Alto Bellunese riporta alla mente l&#8217;inizio della seconda ondata a novembre quando il Comelico balz\u00f2 alle cronache per numero di contagi e lockdown calati sul territorio.<\/p>\n<blockquote>\n<h3>UN DECESSO E 43 NUOVE POSITIVITA&#8217; IN ULSS 1 DOLOMITI NELLE ULTIME 24 ORE<\/h3>\n<\/blockquote>\n<p><strong><a href=\"https:\/\/www.radiopiu.net\/wordpress\/giornale-radiopiu-10-marzo-2020-direttore-mirko-mezzacasa\/covid-ulss\/\" rel=\"attachment wp-att-121260\"><img loading=\"lazy\" decoding=\"async\" class=\" wp-image-121260 alignleft\" src=\"https:\/\/www.radiopiu.net\/wordpress\/wp-content\/uploads\/2020\/03\/covid-ulss-300x225.jpg\" alt=\"\" width=\"163\" height=\"122\" srcset=\"https:\/\/www.radiopiu.net\/wordpress\/wp-content\/uploads\/2020\/03\/covid-ulss-300x225.jpg 300w, https:\/\/www.radiopiu.net\/wordpress\/wp-content\/uploads\/2020\/03\/covid-ulss-768x576.jpg 768w, https:\/\/www.radiopiu.net\/wordpress\/wp-content\/uploads\/2020\/03\/covid-ulss.jpg 800w\" sizes=\"auto, (max-width: 163px) 100vw, 163px\" \/><\/a>BELLUNO<\/strong> Nelle ultime 24 ore \u00e8 deceduto un uomo covid positivo ricoverato alla Rianimazione di Feltre di anni 60. Sono state registrate 43 nuove positivit\u00e0 in ULSS 1 Dolomiti.<\/p>\n<p><strong>Ricoveri \u00a0\u00a0\u00a0\u00a0\u00a0\u00a0\u00a0\u00a0\u00a0\u00a0\u00a0\u00a0\u00a0\u00a0\u00a0\u00a0\u00a0\u00a0\u00a0\u00a0\u00a0\u00a0\u00a0\u00a0\u00a0\u00a0\u00a0\u00a0\u00a0\u00a0\u00a0\u00a0\u00a0 <\/strong><\/p>\n<p><em>(dato alle ore 17.00 fonte: Azienda Zero)<\/em><\/p>\n<p>Le persone attualmente POSITIVE ricoverate negli ospedali dell\u2019Ulss Dolomiti sono:<\/p>\n<table>\n<tbody>\n<tr>\n<td width=\"217\"><strong>\u00a0<\/strong><\/td>\n<td width=\"217\"><strong>Area NON CRITICA<\/strong><\/td>\n<td width=\"217\"><strong>Terapia Intensiva<\/strong><\/td>\n<\/tr>\n<tr>\n<td width=\"217\"><strong>Ospedale di Belluno <\/strong><\/td>\n<td width=\"217\">34<\/td>\n<td width=\"217\">4<\/td>\n<\/tr>\n<tr>\n<td width=\"217\"><strong>Ospedale di Feltre<\/strong><\/td>\n<td width=\"217\">15<\/td>\n<td width=\"217\">4<\/td>\n<\/tr>\n<\/tbody>\n<\/table>\n<p>&nbsp;<\/p>\n<p>Le persone attualmente POSITIVE ricoverate in Ospedale di Comunit\u00e0 sono:<\/p>\n<table>\n<tbody>\n<tr>\n<td width=\"326\"><strong>\u00a0<\/strong><\/td>\n<td width=\"326\"><strong>pazienti attualmente positivi<\/strong><\/td>\n<\/tr>\n<tr>\n<td width=\"326\"><strong>Ospedale di Comunit\u00e0 di BELLUNO<\/strong><\/td>\n<td width=\"326\">10<\/td>\n<\/tr>\n<tr>\n<td width=\"326\"><strong>Ospedale di Comunit\u00e0 di FELTRE<\/strong><\/td>\n<td width=\"326\">12<\/td>\n<\/tr>\n<\/tbody>\n<\/table>\n<p>&nbsp;<\/p>\n<p>&nbsp;<\/p>\n<hr \/>\n<p>&nbsp;<\/p>\n<blockquote>\n<h3>GLI STRANI FURTI IN VALLE DEL BIOIS<\/h3>\n<\/blockquote>\n<p><a href=\"https:\/\/www.radiopiu.net\/wordpress\/gli-strani-furti-in-valle-del-biois\/154165557_5372171116141491_6870033933582735218_o\/\" rel=\"attachment wp-att-193648\"><img loading=\"lazy\" decoding=\"async\" class=\" wp-image-193648 alignleft\" src=\"https:\/\/www.radiopiu.net\/wordpress\/wp-content\/uploads\/2021\/02\/154165557_5372171116141491_6870033933582735218_o-300x205.jpg\" alt=\"\" width=\"217\" height=\"148\" srcset=\"https:\/\/www.radiopiu.net\/wordpress\/wp-content\/uploads\/2021\/02\/154165557_5372171116141491_6870033933582735218_o-300x205.jpg 300w, https:\/\/www.radiopiu.net\/wordpress\/wp-content\/uploads\/2021\/02\/154165557_5372171116141491_6870033933582735218_o-768x525.jpg 768w, https:\/\/www.radiopiu.net\/wordpress\/wp-content\/uploads\/2021\/02\/154165557_5372171116141491_6870033933582735218_o.jpg 790w\" sizes=\"auto, (max-width: 217px) 100vw, 217px\" \/><\/a><strong>FALCADE<\/strong> Ci scherza su la gestione dello Stella Alpina di Falcade ma la rabbia \u00e8 tanta non potrebbe essere diversamente. Il portarsi a casa il souvenir della vacanza non \u00e8 una novit\u00e0, dal portacenere alla posata, ma quella del furto delle tende \u00e8 davvero un furto speciale.<\/p>\n<p>&nbsp;<\/p>\n<p><strong>IL MESSAGGIO DALLO STELLA ALPINA DELLA FAMIGLIA SERAFINI.<\/strong><\/p>\n<blockquote>\n<div dir=\"auto\"><em>Arsenio Lupin \u00e8 tornato in valle e ancora una volta le tende di Falcade si dimostrano il top. Per le prossime volte vi preghiamo per\u00f2 di rivolgervi al<\/em><\/div>\n<div dir=\"auto\">\n<div class=\"nc684nl6\"><em>Negozio Roberta dove potete trovarne di molte altre fantasie<\/em><\/div>\n<\/div>\n<\/blockquote>\n<div><strong>DANIELA:<\/strong> Se sono sempre le stesse persone ormai hanno una vasta collezione con tutte le tende sparite in zona<\/div>\n<div><strong>ERWIN<\/strong> A questo punto, niente tende, cambia i vetri, metti quelli opachi,&#8230;vediamo se portano via anche quelli<\/div>\n<div><strong>MARIA TERESA<\/strong> Ricamateci sopra &#8220;rubate a&#8230;&#8221; come facevano in Toscana con i posacenere&#8230;<\/div>\n<p>&nbsp;<\/p>\n<p>&nbsp;<\/p>\n<hr \/>\n<p>&nbsp;<\/p>\n<blockquote>\n<h3>IN PASSEGGIATA LUNGO IL PIAVE SI INFORTUNA, IL SOCCORSO ALPINO INTERVIENE<\/h3>\n<\/blockquote>\n<p><strong><a href=\"https:\/\/www.radiopiu.net\/wordpress\/torna-la-festa-del-volontariato-cadorino-sabato-1-settembre\/soccorsoalpino\/\" rel=\"attachment wp-att-59164\"><img loading=\"lazy\" decoding=\"async\" class=\" wp-image-59164 alignleft\" src=\"https:\/\/www.radiopiu.net\/wordpress\/wp-content\/uploads\/2018\/08\/soccorsoalpino-300x300.jpg\" alt=\"\" width=\"125\" height=\"125\" srcset=\"https:\/\/www.radiopiu.net\/wordpress\/wp-content\/uploads\/2018\/08\/soccorsoalpino-300x300.jpg 300w, https:\/\/www.radiopiu.net\/wordpress\/wp-content\/uploads\/2018\/08\/soccorsoalpino-150x150.jpg 150w, https:\/\/www.radiopiu.net\/wordpress\/wp-content\/uploads\/2018\/08\/soccorsoalpino-768x768.jpg 768w, https:\/\/www.radiopiu.net\/wordpress\/wp-content\/uploads\/2018\/08\/soccorsoalpino-1024x1024.jpg 1024w, https:\/\/www.radiopiu.net\/wordpress\/wp-content\/uploads\/2018\/08\/soccorsoalpino.jpg 1200w\" sizes=\"auto, (max-width: 125px) 100vw, 125px\" \/><\/a>SANTA GIUSTINA<\/strong> Ieri, poco prima delle 16 la Centrale del Suem ha allertato il Soccorso alpino di Feltre, a seguito della chiamata di un uomo, la cui moglie, messo male un piede, si era procurata un sospetto trauma alla caviglia in localit\u00e0 Formegan. La coppia stava passeggiando lungo il Piave quando era avvenuto l&#8217;incidente e il marito era salito fino alla strada, per indicare il luogo alla squadra in arrivo. Dopo che un primo soccorritore ha individuato il punto, con il resto della squadra si \u00e8 provveduto a stabilizzare il piede dell&#8217;infortunata, trasportata poi in barella fino ai mezzi e da l\u00ec direttamente all&#8217;ospedale di Feltre.<\/p>\n<p>&nbsp;<\/p>\n<hr \/>\n<p>&nbsp;<\/p>\n<blockquote>\n<h3>FERRAGNI E LUXOTTICA, ECCO LA COLLEZIONE DI OCCHIALI<\/h3>\n<\/blockquote>\n<blockquote><p><em>Pronte al lancio sono le montature cosiddette capsule, che compongono la sua prima collezione eyewear:<\/em><\/p><\/blockquote>\n<p><strong><img decoding=\"async\" src=\"https:\/\/www.radiopiu.net\/wordpress\/wp-content\/uploads\/2021\/02\/ferragni-luxottica-139182-detailp.png\" \/>AGORDO<\/strong> L&#8217;otto marzo sar\u00e0 anche la giornata della donna&#8230; con gli occhiali. Per quella data \u00e8 infatti previsto il lancio della prima collezione eyewear della influencer pi\u00f9 nota d&#8217;Italia insieme a <strong>Luxottica<\/strong>. L\u2019obiettivo? Far diventare il\u00a0<a href=\"https:\/\/it.chiaraferragnicollection.com\/\" target=\"_blank\" rel=\"noopener noreferrer\"><strong>brand Chiara Ferragni<\/strong><\/a> un\u2019etichetta di lifestyle a 360 gradi.\u00a0 Immancabile il logo Chiara Ferragni, un occhio stilizzato con lunghe ciglia nere, che dal 2013, anno in cui l\u2019imprenditrice ha dato vita al marchio\u00a0<strong>Chiara Ferragni<\/strong>, nato inizialmente come brand di abbigliamento e calzature, ne ha sempre contraddistinto il Dna estetico. Per omaggiare le tantissime fan, che solo su Instagram contano oltre un milione di follower, in concomitanza al lancio verranno realizzate 30 custodie autografate, che andranno ai primi 10 acquirenti. I negozi che aderiscono a questa iniziativa sono lo store di Piazza San Babila 3 a Milano e lo store di Via del Corso 407\/408 a Roma. La Ferragni \u00e8 gi\u00e0 stata ad Agordo, due anni fa in concomitanza con il concerto di Fedez e J Ax al Palaluxottica.<\/p>\n<p>FORBES <strong><a href=\"https:\/\/forbes.it\/2021\/02\/23\/chiara-ferragni-insieme-a-luxottica-per-la-sua-prima-collezione-di-occhiali-l8-marzo-la-presentazione\/\">CLICCA QUI<\/a><\/strong><\/p>\n<p>&nbsp;<\/p>\n<p>&nbsp;<\/p>\n<hr \/>\n<p>&nbsp;<\/p>\n<blockquote>\n<h3 style=\"text-align: left;\">CASA, UN FRENO ALLO SPOPOLAMENTO<\/h3>\n<\/blockquote>\n<p><strong><a href=\"https:\/\/www.radiopiu.net\/wordpress\/un-san-valentino-carico-di-cuori-in-agordino-grazie-a-nicola-tancon\/canale-dagordo-4-2\/\" rel=\"attachment wp-att-191343\"><img loading=\"lazy\" decoding=\"async\" class=\" wp-image-191343 alignleft\" src=\"https:\/\/www.radiopiu.net\/wordpress\/wp-content\/uploads\/2021\/02\/Canale-dAgordo-4-300x225.jpeg\" alt=\"\" width=\"223\" height=\"167\" srcset=\"https:\/\/www.radiopiu.net\/wordpress\/wp-content\/uploads\/2021\/02\/Canale-dAgordo-4-300x225.jpeg 300w, https:\/\/www.radiopiu.net\/wordpress\/wp-content\/uploads\/2021\/02\/Canale-dAgordo-4-1024x768.jpeg 1024w, https:\/\/www.radiopiu.net\/wordpress\/wp-content\/uploads\/2021\/02\/Canale-dAgordo-4-768x576.jpeg 768w, https:\/\/www.radiopiu.net\/wordpress\/wp-content\/uploads\/2021\/02\/Canale-dAgordo-4-1536x1152.jpeg 1536w, https:\/\/www.radiopiu.net\/wordpress\/wp-content\/uploads\/2021\/02\/Canale-dAgordo-4.jpeg 2048w\" sizes=\"auto, (max-width: 223px) 100vw, 223px\" \/><\/a>CANALE D&#8217;AGORDO<\/strong> La minoranza consiliare del paese ripropone l&#8217;argomento casa, mai tanto importante come in questi anni di continuo spopolamento dei paesi di montagna. Gli studi sul calo della popolazione in montagna mettono correttamente in evidenza il ruolo del lavoro, viabilit\u00e0, servizi, sicurezza del territorio, ma non si sente mai discutere il tema &#8220;casa&#8221;. Ed ecco che la minoranza canalina propone le sue ipotesi.<\/p>\n<blockquote><p><em><a href=\"https:\/\/www.radiopiu.net\/wordpress\/giornale-radiopiu-08-settembre-2018-direttore-mirko-mezzacasa\/giulia-fiocco-4\/\" rel=\"attachment wp-att-60020\"><img loading=\"lazy\" decoding=\"async\" class=\" wp-image-60020 alignright\" src=\"https:\/\/www.radiopiu.net\/wordpress\/wp-content\/uploads\/2018\/09\/GIULIA-FIOCCO.jpg\" alt=\"\" width=\"160\" height=\"162\" \/><\/a>In montagna prevale nettamente la casa di propriet\u00e0, dunque \u00e8 naturale pensare che tutti in genere possiedano una casa e che chi vuole continuare a vivere qui lo possa fare senza incontrare particolari ostacoli. La popolazione continua a diminuire, dunque le case non dovrebbero mancare; anzi, dovrebbero essercene in esubero rispetto agli abitanti. Le case non abitate ci sono, ma spesso bisognose di interventi di recupero e di adeguamento che non tutti, senza aiuto, possono permettersi. In localit\u00e0 a vocazione turistica le vecchie case vengono acquistate e ristrutturate, ma in genere non dalla gente del posto. Vengono abitate per 2 -3 mesi all\u2019 anno, cosa che non contribuisce n\u00e9 a rendere i paesi popolati, n\u00e9 a frenare lo spopolamento. La casa \u00e8 considerata un problema essenzialmente privato, di cui Enti ed Istituzioni non sono tenuti ad occuparsi, dal momento che hanno gi\u00e0 molto altro cui pensare.La gente, del resto, di solito non pensa di rivolgersi ad un ente pubblico per il problema casa, tranne ovviamente che per le pratiche edilizie. In localit\u00e0 di montagna come la nostra non si suppone nemmeno che un ente pubblico possa in qualche modo farsi carico del problema.<\/em><\/p><\/blockquote>\n<p><a href=\"https:\/\/www.radiopiu.net\/wordpress\/giornale-radiopiu-03-giugno-2020-direttore-mirko-mezzacasa\/canale-dagordo-7\/\" rel=\"attachment wp-att-142144\"><img loading=\"lazy\" decoding=\"async\" class=\"size-medium wp-image-142144 alignleft\" src=\"https:\/\/www.radiopiu.net\/wordpress\/wp-content\/uploads\/2020\/06\/CANALE-DAGORDO-7-300x225.jpg\" alt=\"\" width=\"300\" height=\"225\" srcset=\"https:\/\/www.radiopiu.net\/wordpress\/wp-content\/uploads\/2020\/06\/CANALE-DAGORDO-7-300x225.jpg 300w, https:\/\/www.radiopiu.net\/wordpress\/wp-content\/uploads\/2020\/06\/CANALE-DAGORDO-7-768x576.jpg 768w, https:\/\/www.radiopiu.net\/wordpress\/wp-content\/uploads\/2020\/06\/CANALE-DAGORDO-7.jpg 960w\" sizes=\"auto, (max-width: 300px) 100vw, 300px\" \/><\/a>L&#8217;opposizione di Canale d&#8217;Agordo riconosce che le difficolt\u00e0 nell\u2019 avere una casa sono una delle cause dello spopolamento, per cui \u00e8 necessario ed urgente fare qualcosa. Le dichiarazioni recentemente rilasciate agli organi di informazione dai Sindaci di Canale e San Tomaso, la volont\u00e0 di intervenire in qualche modo per incentivare la residenzialit\u00e0, sono un segnale positivo, che va nella direzione\u00a0 auspicata dal gruppo di Giulia Fiocco che invita a &#8220;copiare\u201d quanto altri comuni hanno portato avanti con esiti positivi come ad esempio il progetto del Comune di Sovramonte. <em>Un progetto di incentivazione alla residenzialit\u00e0, finanziato con fondi di confine, per venire incontro a chi voglia comprare, ristrutturare, riqualificare casa, con un finanziamento a fondo perduto fino al 40% per intervento.\u00a0<\/em>Altro esempio la collaborazione tra Comuni e Ater (Azienda Territoriale per l\u2019 Edilizia Residenziale) la cui finalit\u00e0 principale \u00e8 far avere una casa a prezzo calmierato a chi ha difficolt\u00e0 ad accedere ai prezzi di mercato. &#8220;<em>Qui il Comune pu\u00f2 svolgere un fondamentale ruolo di sensibilizzazione\/informazione nei confronti dei cittadini&#8221;<\/em> conclude la minoranza di Canale d&#8217;Agordo<em>.\u00a0<\/em><\/p>\n<p><strong>DI GIANNI SANTOMASO\u00a0<\/strong><\/p>\n<audio class=\"wp-audio-shortcode\" id=\"audio-193583-1\" preload=\"none\" style=\"width: 100%;\" controls=\"controls\"><source type=\"audio\/mpeg\" src=\"https:\/\/www.radiopiu.net\/wordpress\/wp-content\/uploads\/2021\/02\/gianni-canale.mp3?_=1\" \/><a href=\"https:\/\/www.radiopiu.net\/wordpress\/wp-content\/uploads\/2021\/02\/gianni-canale.mp3\">https:\/\/www.radiopiu.net\/wordpress\/wp-content\/uploads\/2021\/02\/gianni-canale.mp3<\/a><\/audio>\n<p>&nbsp;<\/p>\n<hr \/>\n<p>&nbsp;<\/p>\n<blockquote>\n<h3>PROVINCIALE DEL MIS, LA RIAPERTURA RITARDA IN ATTESA DELLA PROVINCIA<\/h3>\n<\/blockquote>\n<p><strong><a href=\"https:\/\/www.radiopiu.net\/wordpress\/aggiornamento-viabilita-ore-19-08\/130196080_3570013043067430_3480312114609835879_o\/\" rel=\"attachment wp-att-177564\"><img loading=\"lazy\" decoding=\"async\" class=\"size-medium wp-image-177564 alignleft\" src=\"https:\/\/www.radiopiu.net\/wordpress\/wp-content\/uploads\/2020\/12\/130196080_3570013043067430_3480312114609835879_o-180x300.jpg\" alt=\"\" width=\"180\" height=\"300\" srcset=\"https:\/\/www.radiopiu.net\/wordpress\/wp-content\/uploads\/2020\/12\/130196080_3570013043067430_3480312114609835879_o-180x300.jpg 180w, https:\/\/www.radiopiu.net\/wordpress\/wp-content\/uploads\/2020\/12\/130196080_3570013043067430_3480312114609835879_o-614x1024.jpg 614w, https:\/\/www.radiopiu.net\/wordpress\/wp-content\/uploads\/2020\/12\/130196080_3570013043067430_3480312114609835879_o-768x1280.jpg 768w, https:\/\/www.radiopiu.net\/wordpress\/wp-content\/uploads\/2020\/12\/130196080_3570013043067430_3480312114609835879_o-922x1536.jpg 922w, https:\/\/www.radiopiu.net\/wordpress\/wp-content\/uploads\/2020\/12\/130196080_3570013043067430_3480312114609835879_o.jpg 960w\" sizes=\"auto, (max-width: 180px) 100vw, 180px\" \/><\/a>GOSALDO <\/strong>Davide Ren e Massimo Bordigato hanno scritto a Veneto Strade anche a margine dell\u2019importante petizione \u201cSalviamo i paesi Ren e Coltamai dall\u2019isolamento\u201d. Un messaggio chiaro per capire quando si potr\u00e0 di nuovo transitare lungo la provinciale 2 della Valle del Mis chiusa da inizio dicembre, quasi tre mesi fa. Veneto Strade ha risposto a stretto giro di posta\u00a0<em>\u201cNei giorni seguenti all\u2019emergenza \u00e8 stata aperta una somma urgenza per la riapertura parziale della sede stradale a senso unico alternato e per la definitiva messa in sicurezza. E\u2019 stata gi\u00e0 ultimata la progettazione degli interventi necessari e sono stati affidati i lavori. Condizioni meteo permettendo e con l\u2019approvazione della somma urgenza da parte della Provincia di Belluno si prevede di procedere all\u2019esecuzione dei lavori e alla riapertura al traffico entro la prima decade di febbraio\u201d.<\/em>\u00a0La prima decade di febbraio \u00e8 ormai passata da 15 giorni. Massimo Bordigato dopo aver letto la risposta inviata a Ren e atteso la prima decade di febbraio si \u00e8 fatto risentire da Veneto Strade ottenendo una seconda risposta\u00a0<em>\u201cE\u2019 stata ultimata la progettazione degli interventi necessari ed affidare i lavori. Si sta attendendo l\u2019approvazione della somma urgenza da parte della Provincia di Belluno, proprietaria dell\u2019infrastruttura storica, per dare l\u2019avvio effettivo all\u2019intervento\u201d.\u00a0<\/em>Bordigato non si \u00e8 arreso ed ha gi\u00e0 inviato una missiva con\u00a0 le sue riflessioni alla Provincia<em>\u00a0\u201cNe deduco \u2013 conclude \u2013 che da un mese almeno siamo in attesa che la Provincia approvi questa somma urgenza\u201d.\u00a0<\/em><strong><br \/>\n<\/strong><\/p>\n<p>&nbsp;<\/p>\n<hr \/>\n<p>&nbsp;<\/p>\n<blockquote>\n<h3>SP 2 DELLA VALLE DEL MIS. LUCCHETTA: &#8220;PROVINCIA E VENETO STRADE LAVORANO PER LA RIAPERTURA IL PRIMA POSSIBILE&#8221;<\/h3>\n<\/blockquote>\n<p><strong><a href=\"https:\/\/www.radiopiu.net\/wordpress\/elezioni-comunali-2019-vallada-agordina\/vallada-fabio-lucchetta\/\" rel=\"attachment wp-att-86485\"><img loading=\"lazy\" decoding=\"async\" class=\" wp-image-86485 alignleft\" src=\"https:\/\/www.radiopiu.net\/wordpress\/wp-content\/uploads\/2019\/05\/VALLADA-FABIO-LUCCHETTA-262x300.jpeg\" alt=\"\" width=\"191\" height=\"219\" srcset=\"https:\/\/www.radiopiu.net\/wordpress\/wp-content\/uploads\/2019\/05\/VALLADA-FABIO-LUCCHETTA-262x300.jpeg 262w, https:\/\/www.radiopiu.net\/wordpress\/wp-content\/uploads\/2019\/05\/VALLADA-FABIO-LUCCHETTA-768x880.jpeg 768w, https:\/\/www.radiopiu.net\/wordpress\/wp-content\/uploads\/2019\/05\/VALLADA-FABIO-LUCCHETTA-893x1024.jpeg 893w, https:\/\/www.radiopiu.net\/wordpress\/wp-content\/uploads\/2019\/05\/VALLADA-FABIO-LUCCHETTA.jpeg 1396w\" sizes=\"auto, (max-width: 191px) 100vw, 191px\" \/><\/a>BELLUNO <\/strong>\u00ab<em>Stiamo lavorando per la riapertura il prima possibile della strada provinciale 2 della Valle del Mis. La Provincia ha gi\u00e0 reperito le risorse e confermato l\u2019impegno a portare avanti l\u2019operazione. Veneto Strade sta facendo la sua parte, per quanto riguarda la progettazione. Ora ci serve tutta la documentazione necessaria per mandare avanti la procedura<\/em>\u00bb. Cos\u00ec in una nota il consigliere provinciale delegato alle infrastrutture Fabio Luchetta, a seguito della richiesta da parte dei residenti di Ren e Coltamai (Gosaldo) sui tempi di riapertura della Sp 2, franata in alcuni punti durante gli eventi meteo di inizio dicembre 2020. In particolare, sono stati richiesti da Veneto Strade alla Provincia di Belluno due interventi di ripristino in somma urgenza: uno al km 23+420 di 366mila euro; e un altro tra le progressive km 17+500 e km 18+500 per 650mila euro. &#8220;<em>La Provincia &#8211; conclude Luchetta &#8211;\u00a0 non dimentica nessuna strada, e ha in particolare considerazione la viabilit\u00e0 a servizio delle aree pi\u00f9 marginali del territorio. Proprio per questo abbiamo impegnato quasi 1 milione di euro anche sulla Sp3, tra Agordo e Gosaldo<\/em>\u00bb.<\/p>\n<p><strong>IL CONSIGLIERE PROVINCIALE FABIO LUCHETTA<\/strong><\/p>\n<audio class=\"wp-audio-shortcode\" id=\"audio-193583-2\" preload=\"none\" style=\"width: 100%;\" controls=\"controls\"><source type=\"audio\/mpeg\" src=\"https:\/\/www.radiopiu.net\/wordpress\/wp-content\/uploads\/2021\/02\/abio.mp3?_=2\" \/><a href=\"https:\/\/www.radiopiu.net\/wordpress\/wp-content\/uploads\/2021\/02\/abio.mp3\">https:\/\/www.radiopiu.net\/wordpress\/wp-content\/uploads\/2021\/02\/abio.mp3<\/a><\/audio>\n<p>&nbsp;<\/p>\n<hr \/>\n<p>&nbsp;<\/p>\n<blockquote>\n<h3>PONTE DI FRASSENE&#8217;, I CHIARIMENTI AL CITTADINO DA VENETO STRADE<\/h3>\n<\/blockquote>\n<p><strong><img decoding=\"async\" src=\"https:\/\/www.radiopiu.net\/wordpress\/wp-content\/uploads\/2019\/12\/0e5014ec-a34b-49c4-a9a0-43d5b6247cb0.jpg\" \/>VOLTAGO<\/strong><em> &#8220;Chiedo cortesemente informazioni sullo stato del ponte che collega Voltago Agordino alla frazione di Frassen\u00e8 lungo la strada provinciale 347 del Duran e Cereda. Sono previsti interventi di manutenzione? Le foto che allego evidenziano usura dei sostegni, poich\u00e9 giornalmente vi transitano anche i Tir carichi di legname il ponte \u00e8 sicuro?&#8221;\u00a0<\/em> Cortese e lecita domanda quella di Maria Giovanna inviata agli uffici di Veneto Strade per mettere in evidenza i problemi (gi\u00e0 da tempo evidenziati) sul ponte che porta in centro al paese. Preoccupazioni quotidiane per chi vive il territorio anche a seguito del post vaia che porta su quella strada i mezzi pesanti che trasportano il legname degli schianti. Alla missiva con altrettanta cortesia ha risposto la dottoressa Adriana Bergamo dirigente servizio relazioni pubbliche di Veneto Strade:<em> &#8220;Nei programmi di Veneto Strade risulta inserito l&#8217;intervento di risanamento degli elementi strutturali del ponte che peraltro non presenta danni strutturali ma solo ammaloramenti superficiali dovuti al percolamento delle acque di piattaforma. Tale intervento che consiste nella riavvitatura delle superfici, idrodemolizione delle parti ammalorate e ripristino del copriferro \u00e8 stato solo rinviato a causa del susseguirsi di eventi imprevedibili meterologici e legati all&#8217;emergenza sanitaria covid 19&#8221;<\/em><\/p>\n<blockquote>\n<h3><strong><span style=\"color: #ff0000; font-size: 14px;\">archivio Radio Pi\u00f9, DAL NOTIZIARIO DEL 3 DICEMBRE 2019<\/span><\/strong><\/h3>\n<\/blockquote>\n<p><strong>RASSICURAZIONI DA VENETO STRADE SUL PONTE DI FRASSENE&#8217;, A PRIMAVERA INTERVENTO MANUTENTIVO<\/strong><\/p>\n<blockquote><p><em>\u00a0&#8220;I danni sono sul cordolo non sulla struttura portante&#8221;<\/em><\/p><\/blockquote>\n<p><strong>VOLTAGO<\/strong> Il ponte costruito 50 anni fa, dopo l&#8217;alluvione del &#8217;66 \u00e8 sicuro? Se lo chiedono i cittadini e coloro che vi transitano quotidianamente e sbirciando tra guard rail e vegetazione scorgono nell&#8217;infastruttura travature di cemento che non hanno superato al meglio gli effetti del tempo, spuntano le armature di colore rosso. Michele Artusato da Veneto Strade rassicura<\/p>\n<p><strong>DI GIANNI SANTOMASO<\/strong><\/p>\n<audio class=\"wp-audio-shortcode\" id=\"audio-193583-3\" preload=\"none\" style=\"width: 100%;\" controls=\"controls\"><source type=\"audio\/mpeg\" src=\"http:\/\/www.radiopiu.net\/wordpress\/wp-content\/uploads\/2019\/12\/gianni-frassene.mp3?_=3\" \/><a href=\"http:\/\/www.radiopiu.net\/wordpress\/wp-content\/uploads\/2019\/12\/gianni-frassene.mp3\">http:\/\/www.radiopiu.net\/wordpress\/wp-content\/uploads\/2019\/12\/gianni-frassene.mp3<\/a><\/audio>\n\n\t\t\t<style type='text\/css'>\n\t\t\t\t#gallery-1 {\n\t\t\t\t\tmargin: auto;\n\t\t\t\t}\n\t\t\t\t#gallery-1 .gallery-item {\n\t\t\t\t\tfloat: left;\n\t\t\t\t\tmargin-top: 10px;\n\t\t\t\t\ttext-align: center;\n\t\t\t\t\twidth: 33%;\n\t\t\t\t}\n\t\t\t\t#gallery-1 img {\n\t\t\t\t\tborder: 2px solid #cfcfcf;\n\t\t\t\t}\n\t\t\t\t#gallery-1 .gallery-caption {\n\t\t\t\t\tmargin-left: 0;\n\t\t\t\t}\n\t\t\t\t\/* see gallery_shortcode() in wp-includes\/media.php *\/\n\t\t\t<\/style>\n\t\t<div id='gallery-1' class='dt-gallery-container gallery galleryid-193583 gallery-columns-3 gallery-size-thumbnail'><dl class='gallery-item'>\n\t\t\t\t<dt class='gallery-icon landscape'>\n\t\t\t\t\t<a class=\"rollover\" href='https:\/\/www.radiopiu.net\/wordpress\/giornale-radiopiu-03-dicembre-2019-direttore-mirko-mezzacasa\/c8ba3999-e628-41d5-aafb-d8e53a4c34bc\/'><img loading=\"lazy\" decoding=\"async\" width=\"150\" height=\"150\" src=\"https:\/\/www.radiopiu.net\/wordpress\/wp-content\/uploads\/2019\/12\/c8ba3999-e628-41d5-aafb-d8e53a4c34bc-150x150.jpg\" class=\"attachment-thumbnail size-thumbnail\" alt=\"\" \/><\/a>\n\t\t\t\t<\/dt><\/dl><dl class='gallery-item'>\n\t\t\t\t<dt class='gallery-icon landscape'>\n\t\t\t\t\t<a class=\"rollover\" href='https:\/\/www.radiopiu.net\/wordpress\/giornale-radiopiu-03-dicembre-2019-direttore-mirko-mezzacasa\/3df66234-0323-4419-90e4-fd331415d37d\/'><img loading=\"lazy\" decoding=\"async\" width=\"150\" height=\"150\" src=\"https:\/\/www.radiopiu.net\/wordpress\/wp-content\/uploads\/2019\/12\/3df66234-0323-4419-90e4-fd331415d37d-150x150.jpg\" class=\"attachment-thumbnail size-thumbnail\" alt=\"\" \/><\/a>\n\t\t\t\t<\/dt><\/dl><dl class='gallery-item'>\n\t\t\t\t<dt class='gallery-icon landscape'>\n\t\t\t\t\t<a class=\"rollover\" href='https:\/\/www.radiopiu.net\/wordpress\/giornale-radiopiu-03-dicembre-2019-direttore-mirko-mezzacasa\/3c1864ba-d48b-4a32-b042-2d4d2db85bbd\/'><img loading=\"lazy\" decoding=\"async\" width=\"150\" height=\"150\" src=\"https:\/\/www.radiopiu.net\/wordpress\/wp-content\/uploads\/2019\/12\/3c1864ba-d48b-4a32-b042-2d4d2db85bbd-150x150.jpg\" class=\"attachment-thumbnail size-thumbnail\" alt=\"\" \/><\/a>\n\t\t\t\t<\/dt><\/dl><br style=\"clear: both\" \/><dl class='gallery-item'>\n\t\t\t\t<dt class='gallery-icon landscape'>\n\t\t\t\t\t<a class=\"rollover\" href='https:\/\/www.radiopiu.net\/wordpress\/giornale-radiopiu-03-dicembre-2019-direttore-mirko-mezzacasa\/a73f759e-0f4d-418d-9c23-041c6c60504b\/'><img loading=\"lazy\" decoding=\"async\" width=\"150\" height=\"150\" src=\"https:\/\/www.radiopiu.net\/wordpress\/wp-content\/uploads\/2019\/12\/a73f759e-0f4d-418d-9c23-041c6c60504b-150x150.jpg\" class=\"attachment-thumbnail size-thumbnail\" alt=\"\" \/><\/a>\n\t\t\t\t<\/dt><\/dl><dl class='gallery-item'>\n\t\t\t\t<dt class='gallery-icon landscape'>\n\t\t\t\t\t<a class=\"rollover\" href='https:\/\/www.radiopiu.net\/wordpress\/giornale-radiopiu-03-dicembre-2019-direttore-mirko-mezzacasa\/0e5014ec-a34b-49c4-a9a0-43d5b6247cb0\/'><img loading=\"lazy\" decoding=\"async\" width=\"150\" height=\"150\" src=\"https:\/\/www.radiopiu.net\/wordpress\/wp-content\/uploads\/2019\/12\/0e5014ec-a34b-49c4-a9a0-43d5b6247cb0-150x150.jpg\" class=\"attachment-thumbnail size-thumbnail\" alt=\"\" \/><\/a>\n\t\t\t\t<\/dt><\/dl><dl class='gallery-item'>\n\t\t\t\t<dt class='gallery-icon landscape'>\n\t\t\t\t\t<a class=\"rollover\" href='https:\/\/www.radiopiu.net\/wordpress\/giornale-radiopiu-03-dicembre-2019-direttore-mirko-mezzacasa\/1461ebf0-1a19-4c21-84fb-c50ad8e78aee\/'><img loading=\"lazy\" decoding=\"async\" width=\"150\" height=\"150\" src=\"https:\/\/www.radiopiu.net\/wordpress\/wp-content\/uploads\/2019\/12\/1461ebf0-1a19-4c21-84fb-c50ad8e78aee-150x150.jpg\" class=\"attachment-thumbnail size-thumbnail\" alt=\"\" \/><\/a>\n\t\t\t\t<\/dt><\/dl><br style=\"clear: both\" \/><dl class='gallery-item'>\n\t\t\t\t<dt class='gallery-icon landscape'>\n\t\t\t\t\t<a class=\"rollover\" href='https:\/\/www.radiopiu.net\/wordpress\/giornale-radiopiu-03-dicembre-2019-direttore-mirko-mezzacasa\/f80ddf4c-cef6-431d-a2b9-269626f16c53\/'><img loading=\"lazy\" decoding=\"async\" width=\"150\" height=\"150\" src=\"https:\/\/www.radiopiu.net\/wordpress\/wp-content\/uploads\/2019\/12\/f80ddf4c-cef6-431d-a2b9-269626f16c53-150x150.jpg\" class=\"attachment-thumbnail size-thumbnail\" alt=\"\" \/><\/a>\n\t\t\t\t<\/dt><\/dl><dl class='gallery-item'>\n\t\t\t\t<dt class='gallery-icon landscape'>\n\t\t\t\t\t<a class=\"rollover\" href='https:\/\/www.radiopiu.net\/wordpress\/giornale-radiopiu-03-dicembre-2019-direttore-mirko-mezzacasa\/079db89c-3c5d-4316-858f-84d261aef100\/'><img loading=\"lazy\" decoding=\"async\" width=\"150\" height=\"150\" src=\"https:\/\/www.radiopiu.net\/wordpress\/wp-content\/uploads\/2019\/12\/079db89c-3c5d-4316-858f-84d261aef100-150x150.jpg\" class=\"attachment-thumbnail size-thumbnail\" alt=\"\" \/><\/a>\n\t\t\t\t<\/dt><\/dl><dl class='gallery-item'>\n\t\t\t\t<dt class='gallery-icon landscape'>\n\t\t\t\t\t<a class=\"rollover\" href='https:\/\/www.radiopiu.net\/wordpress\/giornale-radiopiu-03-dicembre-2019-direttore-mirko-mezzacasa\/b4e9e159-6e44-4a1c-bbfe-62a0efc7b56b\/'><img loading=\"lazy\" decoding=\"async\" width=\"150\" height=\"150\" src=\"https:\/\/www.radiopiu.net\/wordpress\/wp-content\/uploads\/2019\/12\/b4e9e159-6e44-4a1c-bbfe-62a0efc7b56b-150x150.jpg\" class=\"attachment-thumbnail size-thumbnail\" alt=\"\" \/><\/a>\n\t\t\t\t<\/dt><\/dl><br style=\"clear: both\" \/>\n\t\t\t<\/div>\n\n<p>&nbsp;<\/p>\n<p>&nbsp;<\/p>\n<hr \/>\n<p>&nbsp;<\/p>\n<blockquote>\n<h3>ACC: INCONTRO AL MINISTERO CON LE REGIONI VENETO E PIEMONTE ENTRO 10 GIORNI<\/h3>\n<\/blockquote>\n<p><strong><a href=\"https:\/\/www.radiopiu.net\/wordpress\/acc-incontro-al-ministero-con-le-regioni-veneto-e-piemonte-entro-10-giorni\/583px-giancarlo_giorgetti_quirinale_2018\/\" rel=\"attachment wp-att-193695\"><img loading=\"lazy\" decoding=\"async\" class=\" wp-image-193695 alignleft\" src=\"https:\/\/www.radiopiu.net\/wordpress\/wp-content\/uploads\/2021\/02\/583px-Giancarlo_Giorgetti_Quirinale_2018-e1614266289884-228x300.png\" alt=\"\" width=\"192\" height=\"253\" srcset=\"https:\/\/www.radiopiu.net\/wordpress\/wp-content\/uploads\/2021\/02\/583px-Giancarlo_Giorgetti_Quirinale_2018-e1614266289884-228x300.png 228w, https:\/\/www.radiopiu.net\/wordpress\/wp-content\/uploads\/2021\/02\/583px-Giancarlo_Giorgetti_Quirinale_2018-e1614266289884.png 583w\" sizes=\"auto, (max-width: 192px) 100vw, 192px\" \/><\/a>BORGO VALBELLUNA<\/strong> Nulla rimane intentato tantomeno ora a poco pi\u00f9 di un mese dal 31 marzo giorno di cui Acc esaurir\u00e0 le disponibilit\u00e0 di cassa. I sindacalisti della FimCisl, FiomCgil e Uilm tengono alta l&#8217;attenzione sulla Acc di Mel pensando a quella scadenza di fine marzo che potrebbe aprire le porte ad uno scenario disastroso con il fermo produttivo. L&#8217;ultima importante iniziativa\u00a0 \u00e8 la doppia lettera inviata al Prefetto di Belluno Sergio Bracco e al Ministero per lo Sviluppo Economico, al Ministro Giancarlo Giorgetti (foto) e al suo vice Alessandra Todde.\u00a0 La richiesta: un incontro urgente con l&#8217;auspicio che il Ministro riprenda il governo del progetto Italcomp per il rilancio del comparto del compressore in Italia e per garantire un futuro occupazionale alle lavoratrici e ai lavoratori della ACC di Belluno e della ex Embraco di Torino. All&#8217;incontro viene inoltre richiesta la partecipazione dei rappresentanti istituzionali delle regioni Veneto e Piemonte, per eliminare ogni ostacolo alla costituzione del progetto Italcomp, e per una rapida attuazione degli impegni assunti. Per i sindacalisti l&#8217;incontro dovr\u00e0 tenersi entro i prossimi dieci giorni. Al Prefetto i sindacati Fim Fiom e Uilm ribadiscono il problema anche a nome dei lavoratori<em> &#8220;Ella\u00a0 &#8211; si legge &#8211;\u00a0 ha gi\u00e0 dimostrato forte interesse per questa delicata vertenza e vicinanza alle lavoratrici e ai lavoratori ed \u00e8 per queste ragioni che le chiediamo nella sua qualit\u00e0 di pi\u00f9 alta carica dello Stato in <\/em><em>provincia di aprire i canali utili e necessari per interessare il ministro competente onorevole Giorgetti e per rappresentargli a nome della intera comunit\u00e0 bellunese l\u2019urgenza di una soluzione che compete esclusivamente al dicastero che lui dirige&#8221;. <\/em>Impegni importanti, per dare garanzie lavorative a 300 lavoratori e garantire un futuro alle famiglie.<\/p>\n<p>&nbsp;<\/p>\n<p>&nbsp;<\/p>\n<hr \/>\n<p>&nbsp;<\/p>\n<blockquote>\n<h3>\u00a0I COMUNI DI ALLEGHE E ROCCA PIETORE PER LA RILEVAZIONE DEL FABBISOGNO<\/h3>\n<\/blockquote>\n<p><strong><a href=\"https:\/\/www.radiopiu.net\/wordpress\/giornale-radiopiu-26-febbraio-2021-direttore-mirko-mezzacasa\/commercio_700x400\/\" rel=\"attachment wp-att-193624\"><img loading=\"lazy\" decoding=\"async\" class=\"size-medium wp-image-193624 alignleft\" src=\"https:\/\/www.radiopiu.net\/wordpress\/wp-content\/uploads\/2021\/02\/commercio_700X400-300x171.jpg\" alt=\"\" width=\"300\" height=\"171\" srcset=\"https:\/\/www.radiopiu.net\/wordpress\/wp-content\/uploads\/2021\/02\/commercio_700X400-300x171.jpg 300w, https:\/\/www.radiopiu.net\/wordpress\/wp-content\/uploads\/2021\/02\/commercio_700X400.jpg 700w\" sizes=\"auto, (max-width: 300px) 100vw, 300px\" \/><\/a>ALLEGHE_ROCCA PIETORE<\/strong> I due Comuni si propongono di svolgere una ricognizione dei fabbisogni delle imprese che operano nel proprio ambito territoriale, con particolare riferimento a quelle che svolgono attivit\u00e0 nei settori del commercio &#8211; compresa l&#8217;attivit\u00e0 di somministrazione al pubblico di bevande e alimenti &#8211; e dell&#8217;artigianato. Tale ricognizione ha lo scopo di individuare possibili misure di sostengo alle imprese locali, cos\u00ec da migliorarne la competitivit\u00e0 e sostenerle in questo particolare periodo di crisi, anche grazie al concorso di risorse pubbliche dedicate, come il &#8220;Fondo di sostegno ai comuni marginali&#8221;. \u00a0Le informazioni raccolte dai Comuni saranno utilizzate per perfezionare i contenuti di un bando, che sar\u00e0 pubblicato nelle prossime settimane, al fine di concedere contributi a fondo perduto alle imprese destinatarie degli aiuti previsti dal &#8220;Fondo di sostegno ai comuni marginali&#8221;.<\/p>\n<p>&nbsp;<\/p>\n<hr \/>\n<blockquote>\n<h3><\/h3>\n<h3>A ROCCA PIETORE SI PENSA ANCHE AI FABBISOGNI<\/h3>\n<\/blockquote>\n<p><strong><a href=\"https:\/\/www.radiopiu.net\/wordpress\/giornale-radiopiu-26-febbraio-2021-direttore-mirko-mezzacasa\/da10fa19-31ee-4ae7-b8e2-bb043bdd26fa\/\" rel=\"attachment wp-att-193625\"><img loading=\"lazy\" decoding=\"async\" class=\" wp-image-193625 alignleft\" src=\"https:\/\/www.radiopiu.net\/wordpress\/wp-content\/uploads\/2021\/02\/da10fa19-31ee-4ae7-b8e2-bb043bdd26fa-142x300.jpg\" alt=\"\" width=\"127\" height=\"268\" srcset=\"https:\/\/www.radiopiu.net\/wordpress\/wp-content\/uploads\/2021\/02\/da10fa19-31ee-4ae7-b8e2-bb043bdd26fa-142x300.jpg 142w, https:\/\/www.radiopiu.net\/wordpress\/wp-content\/uploads\/2021\/02\/da10fa19-31ee-4ae7-b8e2-bb043bdd26fa-484x1024.jpg 484w, https:\/\/www.radiopiu.net\/wordpress\/wp-content\/uploads\/2021\/02\/da10fa19-31ee-4ae7-b8e2-bb043bdd26fa-727x1536.jpg 727w, https:\/\/www.radiopiu.net\/wordpress\/wp-content\/uploads\/2021\/02\/da10fa19-31ee-4ae7-b8e2-bb043bdd26fa.jpg 757w\" sizes=\"auto, (max-width: 127px) 100vw, 127px\" \/><\/a>ROCCA PIETORE<\/strong> Sul sito del Comune un\u00a0 avviso\u00a0 per un bando volto a sostenere le persone e le famiglie, residenti nel Comune di Rocca Pietore che si trovano in stato di bisogno, mediante l\u2019emissione di buoni spesa finalizzati all\u2019acquisto di generi alimentari e prodotti di prima necessit\u00e0. \u00a0In nessun caso sar\u00e0 consentito l\u2019acquisto di alcolici o sigarette o lotterie istantanee (gratta e vinci) o comunque di beni diversi da generi alimentari e prodotti di prima necessit\u00e0. L\u2019importo complessivo del Buono Spesa varia in base alla composizione del nucleo familiare. Nuclei formato da 1 persone \u00a050 euro,\u00a0 Nuclei formato da 2 persone \u00a0100. Nuclei formato da 3 persone \u00a0150. Nuclei formato da 4 o pi\u00f9 persone \u00a0200 euro. Le richieste, redatte esclusivamente sull\u2019apposito modulo dovranno pervenire al Comune di Rocca Pietore tramite\u00a0\u00a0e-mail: protocollo.rocca@agordino.bl.it o\u00a0\u00a0pec: comune.roccapietore.bl@pecveneto.it\u00a0\u00a0\u00a0o fax 0437\/721637. Solo nel caso in cui la domanda non possa essere inoltrata con le modalit\u00e0 suindicate si pu\u00f2 telefonare in Comune allo 0437\/721178.<\/p>\n<p>&nbsp;<\/p>\n<p>&nbsp;<\/p>\n<p>&nbsp;<\/p>\n<hr \/>\n<p>&nbsp;<\/p>\n<blockquote>\n<h3>215 MILA EURO AD ALLEGHE PER TRE PROGETTI<\/h3>\n<\/blockquote>\n<p><strong><img loading=\"lazy\" decoding=\"async\" class=\"alignleft\" src=\"https:\/\/www.radiopiu.net\/wordpress\/wp-content\/uploads\/2020\/03\/MINUTO-SILENZIO-DE-TONI-ALLEGHE-OK.jpg\" width=\"199\" height=\"265\" \/>ROMA<\/strong> E&#8217; il Deputato Roger De Menech che presenta la lista della spesa del Governo: 18 progetti per 7 Comuni bellunesi. per la messa in sicurezza di edifici pubblici del territorio. I Comuni che riceveranno il 28 febbraio un acconto del 20 per cento sul totale del finanziamento.<em> &#8220;Mercoled\u00ec \u00e8 stato emanato il decreto congiunto dei ministeri dell\u2019Economia e dell\u2019interno e le graduatorie sono state pubblicate. Il provvedimento riguarda contributi complessivi per 1 miliardo 850 milioni in tutto il paese. I contributi sono assegnati sulla base della graduatoria dei comuni che hanno presentato domanda a settembre 2020&#8221;<\/em> spiega il Deputato del Pd. <span style=\"color: #000000; font-family: Calibri; font-size: 12px; text-align: justify;\">Con il decreto di mercoled\u00ec per il Bellunese sono stati finanziati: <\/span>Alano di Piave contributo di 470 mila euro per 1 progetto;\u00a0 Perarolo di Cadore contributo di 181 mila euro per 2 progetti;\u00a0Borgo Val Belluna contributo di 1 milione 820 mila euro per 4 progetti;\u00a0Cibiana di Cadore contributo di 450 mila euro per 1 progetto;\u00a0 Quero Vas contributo di 710 mila euro per 1 progetto;\u00a0Limana contributo di 563,3 mila euro per 6 progetti;\u00a0Alleghe contributo di 215 mila euro per 3 progetti.<\/p>\n<p>&nbsp;<\/p>\n<p><strong>IL DEPUTATO ROGER DE MENECH<\/strong><\/p>\n<div style=\"width: 848px;\" class=\"wp-video\"><video class=\"wp-video-shortcode\" id=\"video-193583-1\" width=\"848\" height=\"480\" preload=\"metadata\" controls=\"controls\"><source type=\"video\/mp4\" src=\"https:\/\/www.radiopiu.net\/wordpress\/wp-content\/uploads\/2021\/02\/DE-MENECH-3-PROGETTI.mp4?_=1\" \/><a href=\"https:\/\/www.radiopiu.net\/wordpress\/wp-content\/uploads\/2021\/02\/DE-MENECH-3-PROGETTI.mp4\">https:\/\/www.radiopiu.net\/wordpress\/wp-content\/uploads\/2021\/02\/DE-MENECH-3-PROGETTI.mp4<\/a><\/video><\/div>\n<p>&nbsp;<\/p>\n<hr \/>\n<p>&nbsp;<\/p>\n<p>&nbsp;<\/p>\n<blockquote>\n<h3>CONCERTEAZIONE CON IL TERRITORIO O I RAPPORTI CON TERNA NON SARANNO OTTIMALI<\/h3>\n<\/blockquote>\n<p><strong><a href=\"https:\/\/www.radiopiu.net\/wordpress\/giornale-radiopiu-05-febbraio-2021-direttore-mirko-mezzacasa\/foto-terna-cortina_4\/\" rel=\"attachment wp-att-188876\"><img loading=\"lazy\" decoding=\"async\" class=\"wp-image-188876 alignleft\" src=\"https:\/\/www.radiopiu.net\/wordpress\/wp-content\/uploads\/2021\/02\/FOTO-TERNA-CORTINA_4-300x200.jpg\" alt=\"\" width=\"179\" height=\"119\" srcset=\"https:\/\/www.radiopiu.net\/wordpress\/wp-content\/uploads\/2021\/02\/FOTO-TERNA-CORTINA_4-300x200.jpg 300w, https:\/\/www.radiopiu.net\/wordpress\/wp-content\/uploads\/2021\/02\/FOTO-TERNA-CORTINA_4-1024x683.jpg 1024w, https:\/\/www.radiopiu.net\/wordpress\/wp-content\/uploads\/2021\/02\/FOTO-TERNA-CORTINA_4-768x512.jpg 768w, https:\/\/www.radiopiu.net\/wordpress\/wp-content\/uploads\/2021\/02\/FOTO-TERNA-CORTINA_4-1536x1024.jpg 1536w, https:\/\/www.radiopiu.net\/wordpress\/wp-content\/uploads\/2021\/02\/FOTO-TERNA-CORTINA_4-2048x1365.jpg 2048w\" sizes=\"auto, (max-width: 179px) 100vw, 179px\" \/><\/a>LIMANA\u00a0<\/strong><\/p>\n<p><strong>DI DAMIANO TORMEN\u00a0<\/strong><\/p>\n<p>&nbsp;<\/p>\n<audio class=\"wp-audio-shortcode\" id=\"audio-193583-4\" preload=\"none\" style=\"width: 100%;\" controls=\"controls\"><source type=\"audio\/mpeg\" src=\"https:\/\/www.radiopiu.net\/wordpress\/wp-content\/uploads\/2021\/02\/damiano-linee.mp3?_=4\" \/><a href=\"https:\/\/www.radiopiu.net\/wordpress\/wp-content\/uploads\/2021\/02\/damiano-linee.mp3\">https:\/\/www.radiopiu.net\/wordpress\/wp-content\/uploads\/2021\/02\/damiano-linee.mp3<\/a><\/audio>\n<p>&nbsp;<\/p>\n<p>&nbsp;<\/p>\n<hr \/>\n<blockquote>\n<h3><\/h3>\n<h3>A UN ANNO DALL&#8217;INAUGURAZIONE, SI TIRANO LE SOMME ALLA LUISS BUSINESS SCHOOL<\/h3>\n<\/blockquote>\n<p><strong><a href=\"https:\/\/www.radiopiu.net\/wordpress\/a-un-anno-dallinaugurazione-si-tirano-le-somme-alla-luiss-business-school\/luiss-businness-schoool\/\" rel=\"attachment wp-att-193728\"><img loading=\"lazy\" decoding=\"async\" class=\"size-medium wp-image-193728 alignleft\" src=\"https:\/\/www.radiopiu.net\/wordpress\/wp-content\/uploads\/2021\/02\/LUISS-BUSINNESS-SCHOOOL-300x300.jpg\" alt=\"\" width=\"300\" height=\"300\" srcset=\"https:\/\/www.radiopiu.net\/wordpress\/wp-content\/uploads\/2021\/02\/LUISS-BUSINNESS-SCHOOOL-300x300.jpg 300w, https:\/\/www.radiopiu.net\/wordpress\/wp-content\/uploads\/2021\/02\/LUISS-BUSINNESS-SCHOOOL-1024x1024.jpg 1024w, https:\/\/www.radiopiu.net\/wordpress\/wp-content\/uploads\/2021\/02\/LUISS-BUSINNESS-SCHOOOL-150x150.jpg 150w, https:\/\/www.radiopiu.net\/wordpress\/wp-content\/uploads\/2021\/02\/LUISS-BUSINNESS-SCHOOOL-768x768.jpg 768w, https:\/\/www.radiopiu.net\/wordpress\/wp-content\/uploads\/2021\/02\/LUISS-BUSINNESS-SCHOOOL.jpg 1162w\" sizes=\"auto, (max-width: 300px) 100vw, 300px\" \/><\/a>BELLUNO<\/strong><\/p>\n<p>di Moreno Gioli<\/p>\n<audio class=\"wp-audio-shortcode\" id=\"audio-193583-5\" preload=\"none\" style=\"width: 100%;\" controls=\"controls\"><source type=\"audio\/mpeg\" src=\"https:\/\/www.radiopiu.net\/wordpress\/wp-content\/uploads\/2021\/02\/GIOLI-LUIS-BUSINNES-SCHOOL.mp3?_=5\" \/><a href=\"https:\/\/www.radiopiu.net\/wordpress\/wp-content\/uploads\/2021\/02\/GIOLI-LUIS-BUSINNES-SCHOOL.mp3\">https:\/\/www.radiopiu.net\/wordpress\/wp-content\/uploads\/2021\/02\/GIOLI-LUIS-BUSINNES-SCHOOL.mp3<\/a><\/audio>\n<p>&nbsp;<\/p>\n<hr \/>\n<p>&nbsp;<\/p>\n<blockquote>\n<h3>GUASTO ALL&#8217;ACQUEDOTTO IN VAL CANZOI<\/h3>\n<\/blockquote>\n<p><strong>BELLUNO <\/strong>Intervento in emergenza all\u2019acquedotto della Val Canzoi per un\u2019ingente perdita localizzata all\u2019ingresso della valle lungo la condotta che alimenta una parte del comune di Cesiomaggiore e alcune zone di Feltre. Tempestivo l\u2019intervento dei tecnici di Bim Gsp, allertati gi\u00e0 alle prime ore del mattino dal telecontrollo aziendale, che ha prontamente registrato e segnalato un calo anomalo dei livelli dell\u2019acqua nei serbatoi. A causare la rottura, che ha creato abbondante fuoriuscita d\u2019acqua sul manto stradale, i movimenti franosi a cui \u00e8 soggetta la zona. Le operazioni di riparazione, iniziate intorno alle 8.30 e concluse intorno alle 15, hanno comportato lo scavo nell\u2019area di intervento e l\u2019inserimento di un tratto di tubo per il collegamento e ripristino dell\u2019esistente. L\u2019erogazione, sospesa dalla tarda mattinata all\u2019area interessata di Cesiomaggiore e dal primo pomeriggio a Busche, Villapaiera e Cellarda, si \u00e8 stabilizzato in serata.<\/p>\n\n\t\t\t<style type='text\/css'>\n\t\t\t\t#gallery-2 {\n\t\t\t\t\tmargin: auto;\n\t\t\t\t}\n\t\t\t\t#gallery-2 .gallery-item {\n\t\t\t\t\tfloat: left;\n\t\t\t\t\tmargin-top: 10px;\n\t\t\t\t\ttext-align: center;\n\t\t\t\t\twidth: 50%;\n\t\t\t\t}\n\t\t\t\t#gallery-2 img {\n\t\t\t\t\tborder: 2px solid #cfcfcf;\n\t\t\t\t}\n\t\t\t\t#gallery-2 .gallery-caption {\n\t\t\t\t\tmargin-left: 0;\n\t\t\t\t}\n\t\t\t\t\/* see gallery_shortcode() in wp-includes\/media.php *\/\n\t\t\t<\/style>\n\t\t<div id='gallery-2' class='dt-gallery-container gallery galleryid-193583 gallery-columns-2 gallery-size-medium'><dl class='gallery-item'>\n\t\t\t\t<dt class='gallery-icon landscape'>\n\t\t\t\t\t<a class=\"rollover rollover-zoom dt-pswp-item\" title=\"cantiere_1\" data-dt-img-description=\"\" data-large_image_width=\"1134\" data-large_image_height=\"850\"href='https:\/\/www.radiopiu.net\/wordpress\/wp-content\/uploads\/2021\/02\/cantiere_1.jpg'><img loading=\"lazy\" decoding=\"async\" width=\"300\" height=\"225\" src=\"https:\/\/www.radiopiu.net\/wordpress\/wp-content\/uploads\/2021\/02\/cantiere_1-300x225.jpg\" class=\"attachment-medium size-medium\" alt=\"\" aria-describedby=\"gallery-2-193701\" srcset=\"https:\/\/www.radiopiu.net\/wordpress\/wp-content\/uploads\/2021\/02\/cantiere_1-300x225.jpg 300w, https:\/\/www.radiopiu.net\/wordpress\/wp-content\/uploads\/2021\/02\/cantiere_1-1024x768.jpg 1024w, https:\/\/www.radiopiu.net\/wordpress\/wp-content\/uploads\/2021\/02\/cantiere_1-768x576.jpg 768w, https:\/\/www.radiopiu.net\/wordpress\/wp-content\/uploads\/2021\/02\/cantiere_1.jpg 1134w\" sizes=\"auto, (max-width: 300px) 100vw, 300px\" \/><\/a>\n\t\t\t\t<\/dt>\n\t\t\t\t\t<dd class='wp-caption-text gallery-caption' id='gallery-2-193701'>\n\t\t\t\t\tIL CANTIERE\n\t\t\t\t\t<\/dd><\/dl><dl class='gallery-item'>\n\t\t\t\t<dt class='gallery-icon landscape'>\n\t\t\t\t\t<a class=\"rollover rollover-zoom dt-pswp-item\" title=\"perdita_1\" data-dt-img-description=\"\" data-large_image_width=\"1134\" data-large_image_height=\"850\"href='https:\/\/www.radiopiu.net\/wordpress\/wp-content\/uploads\/2021\/02\/perdita_1.jpg'><img loading=\"lazy\" decoding=\"async\" width=\"300\" height=\"225\" src=\"https:\/\/www.radiopiu.net\/wordpress\/wp-content\/uploads\/2021\/02\/perdita_1-300x225.jpg\" class=\"attachment-medium size-medium\" alt=\"\" aria-describedby=\"gallery-2-193702\" srcset=\"https:\/\/www.radiopiu.net\/wordpress\/wp-content\/uploads\/2021\/02\/perdita_1-300x225.jpg 300w, https:\/\/www.radiopiu.net\/wordpress\/wp-content\/uploads\/2021\/02\/perdita_1-1024x768.jpg 1024w, https:\/\/www.radiopiu.net\/wordpress\/wp-content\/uploads\/2021\/02\/perdita_1-768x576.jpg 768w, https:\/\/www.radiopiu.net\/wordpress\/wp-content\/uploads\/2021\/02\/perdita_1.jpg 1134w\" sizes=\"auto, (max-width: 300px) 100vw, 300px\" \/><\/a>\n\t\t\t\t<\/dt>\n\t\t\t\t\t<dd class='wp-caption-text gallery-caption' id='gallery-2-193702'>\n\t\t\t\t\tLA PERDITA\n\t\t\t\t\t<\/dd><\/dl><br style=\"clear: both\" \/>\n\t\t\t<\/div>\n\n<p>&nbsp;<\/p>\n<hr \/>\n<p>&nbsp;<\/p>\n<blockquote>\n<h3>IN VENETO DIPLOMATI 70 NUOVI MMG. IL 66% DONNE.<\/h3>\n<\/blockquote>\n<p><strong><a href=\"https:\/\/www.radiopiu.net\/wordpress\/salve-dottore-si-offende-se-le-do-delleroe-da-tempi-di-covid\/dottore-2\/\" rel=\"attachment wp-att-180106\"><img loading=\"lazy\" decoding=\"async\" class=\" wp-image-180106 alignleft\" src=\"https:\/\/www.radiopiu.net\/wordpress\/wp-content\/uploads\/2020\/12\/dottore-300x200.jpg\" alt=\"\" width=\"203\" height=\"135\" srcset=\"https:\/\/www.radiopiu.net\/wordpress\/wp-content\/uploads\/2020\/12\/dottore-300x200.jpg 300w, https:\/\/www.radiopiu.net\/wordpress\/wp-content\/uploads\/2020\/12\/dottore-768x512.jpg 768w, https:\/\/www.radiopiu.net\/wordpress\/wp-content\/uploads\/2020\/12\/dottore.jpg 960w\" sizes=\"auto, (max-width: 203px) 100vw, 203px\" \/><\/a>VENEZIA<\/strong>\u00a0 Settanta nuovi medici di medicina generale entreranno a breve nel sistema sanitario territoriale del Veneto. E\u2019 questo l\u2019esito delle sessioni di colloquio finale del triennio della Scuola di Formazione Specifica di Medicina Generale della Regione conclusesi ieri, con il rilascio del diploma ai neo mmg, il 66% dei quali sono donne. L\u2019assegnazione delle cosiddette \u201czone carenti\u201d (aree che per pensionamenti o rinunce rimangono prive dell\u2019assistenza del medico di famiglia) richiede una procedura molto complessa: la Regione Veneto ha attivato tutte le procedure previste dall\u2019Accordo Collettivo Nazionale vigente per l\u2019attribuzione degli incarichi, ossia le proposte di trasferimento, gli inserimenti tramite il coinvolgimento dei medici iscritti nella graduatoria regionale (attualmente circa 600), le assegnazioni tramite la ricerca della disponibilit\u00e0 di medici sull\u2019intero territorio nazionale, ed infine coinvolgendo i medici frequentanti il corso di formazione specifica in medicina generale. Nell\u2019ambito del corso appena concluso con i settanta nuovi diplomi, particolare attenzione \u00e8 stata posta alla pandemia Covid-19. Molte Tesi hanno infatti analizzato le modifiche organizzative nell\u2019accesso allo studio del medico di famiglia, l\u2019utilit\u00e0 di implementare la telemedicina, l\u2019attivit\u00e0 delle Unit\u00e0 Speciali di Continuit\u00e0 Assistenziale (USCA) nate per supportare l\u2019attivit\u00e0 del medico di famiglia nella gestione a domicilio dei pazienti COVID.<\/p>\n<p>&nbsp;<\/p>\n<hr \/>\n<p>&nbsp;<\/p>\n<blockquote class=\"wp-embedded-content\" data-secret=\"puBSGcT6V6\"><p><a href=\"https:\/\/www.radiopiu.net\/wordpress\/aggfeb25\/\">CORONAVIRUS: AGGIORNAMENTO NAZIONALE 25 FEBBRAIO 2021<\/a><\/p><\/blockquote>\n<p><iframe loading=\"lazy\" class=\"wp-embedded-content\" sandbox=\"allow-scripts\" security=\"restricted\" style=\"position: absolute; clip: rect(1px, 1px, 1px, 1px);\" title=\"&#8220;CORONAVIRUS: AGGIORNAMENTO NAZIONALE 25 FEBBRAIO 2021&#8221; &#8212; Radio Pi\u00f9\" src=\"https:\/\/www.radiopiu.net\/wordpress\/aggfeb25\/embed\/#?secret=puBSGcT6V6\" data-secret=\"puBSGcT6V6\" width=\"600\" height=\"338\" frameborder=\"0\" marginwidth=\"0\" marginheight=\"0\" scrolling=\"no\"><\/iframe><\/p>\n<p>&nbsp;<\/p>\n<hr \/>\n<p>&nbsp;<\/p>\n<blockquote class=\"wp-embedded-content\" data-secret=\"VJdzgRCbTO\"><p><a href=\"https:\/\/www.radiopiu.net\/wordpress\/in-24-ore-1175-nuove-positivita-in-veneto-calano-i-ricoveri-in-area-non-critica-ma-aumentano-le-terapie-intensive-22-decessi-a-belluno-superati-i-18-mila-positivi-da-inizio-pandemia\/\">IN 24 ORE 1175 NUOVE POSITIVITA&#8217; IN VENETO. CALANO I RICOVERI IN AREA NON CRITICA MA AUMENTANO LE TERAPIE INTENSIVE, 22 DECESSI. A BELLUNO SUPERATI I 18 MILA POSITIVI DA INIZIO PANDEMIA<\/a><\/p><\/blockquote>\n<p><iframe loading=\"lazy\" class=\"wp-embedded-content\" sandbox=\"allow-scripts\" security=\"restricted\" style=\"position: absolute; clip: rect(1px, 1px, 1px, 1px);\" title=\"&#8220;IN 24 ORE 1175 NUOVE POSITIVITA&#8217; IN VENETO. CALANO I RICOVERI IN AREA NON CRITICA MA AUMENTANO LE TERAPIE INTENSIVE, 22 DECESSI. A BELLUNO SUPERATI I 18 MILA POSITIVI DA INIZIO PANDEMIA&#8221; &#8212; Radio Pi\u00f9\" src=\"https:\/\/www.radiopiu.net\/wordpress\/in-24-ore-1175-nuove-positivita-in-veneto-calano-i-ricoveri-in-area-non-critica-ma-aumentano-le-terapie-intensive-22-decessi-a-belluno-superati-i-18-mila-positivi-da-inizio-pandemia\/embed\/#?secret=VJdzgRCbTO\" data-secret=\"VJdzgRCbTO\" width=\"600\" height=\"338\" frameborder=\"0\" marginwidth=\"0\" marginheight=\"0\" scrolling=\"no\"><\/iframe><\/p>\n<p>&nbsp;<\/p>\n<hr \/>\n<p>&nbsp;<\/p>\n<blockquote>\n<h3>I GRAFICI DI TIZIANO DE COL<\/h3>\n<\/blockquote>\n\n\t\t\t<style type='text\/css'>\n\t\t\t\t#gallery-3 {\n\t\t\t\t\tmargin: auto;\n\t\t\t\t}\n\t\t\t\t#gallery-3 .gallery-item {\n\t\t\t\t\tfloat: left;\n\t\t\t\t\tmargin-top: 10px;\n\t\t\t\t\ttext-align: center;\n\t\t\t\t\twidth: 25%;\n\t\t\t\t}\n\t\t\t\t#gallery-3 img {\n\t\t\t\t\tborder: 2px solid #cfcfcf;\n\t\t\t\t}\n\t\t\t\t#gallery-3 .gallery-caption {\n\t\t\t\t\tmargin-left: 0;\n\t\t\t\t}\n\t\t\t\t\/* see gallery_shortcode() in wp-includes\/media.php *\/\n\t\t\t<\/style>\n\t\t<div id='gallery-3' class='dt-gallery-container gallery galleryid-193583 gallery-columns-4 gallery-size-thumbnail'><dl class='gallery-item'>\n\t\t\t\t<dt class='gallery-icon landscape'>\n\t\t\t\t\t<a class=\"rollover rollover-zoom dt-pswp-item\" title=\"a03d8e84-0c8a-475c-ab5c-f0406088befe\" data-dt-img-description=\"\" data-large_image_width=\"588\" data-large_image_height=\"351\"href='https:\/\/www.radiopiu.net\/wordpress\/wp-content\/uploads\/2021\/02\/a03d8e84-0c8a-475c-ab5c-f0406088befe.jpg'><img loading=\"lazy\" decoding=\"async\" width=\"150\" height=\"150\" src=\"https:\/\/www.radiopiu.net\/wordpress\/wp-content\/uploads\/2021\/02\/a03d8e84-0c8a-475c-ab5c-f0406088befe-150x150.jpg\" class=\"attachment-thumbnail size-thumbnail\" alt=\"\" \/><\/a>\n\t\t\t\t<\/dt><\/dl><dl class='gallery-item'>\n\t\t\t\t<dt class='gallery-icon landscape'>\n\t\t\t\t\t<a class=\"rollover rollover-zoom dt-pswp-item\" title=\"d5770007-0e15-4619-87f9-9cbbd92a0e84\" data-dt-img-description=\"\" data-large_image_width=\"606\" data-large_image_height=\"354\"href='https:\/\/www.radiopiu.net\/wordpress\/wp-content\/uploads\/2021\/02\/d5770007-0e15-4619-87f9-9cbbd92a0e84.jpg'><img loading=\"lazy\" decoding=\"async\" width=\"150\" height=\"150\" src=\"https:\/\/www.radiopiu.net\/wordpress\/wp-content\/uploads\/2021\/02\/d5770007-0e15-4619-87f9-9cbbd92a0e84-150x150.jpg\" class=\"attachment-thumbnail size-thumbnail\" alt=\"\" \/><\/a>\n\t\t\t\t<\/dt><\/dl><dl class='gallery-item'>\n\t\t\t\t<dt class='gallery-icon landscape'>\n\t\t\t\t\t<a class=\"rollover rollover-zoom dt-pswp-item\" title=\"33be3ef0-63d7-4c70-938d-c71044807f72\" data-dt-img-description=\"\" data-large_image_width=\"612\" data-large_image_height=\"354\"href='https:\/\/www.radiopiu.net\/wordpress\/wp-content\/uploads\/2021\/02\/33be3ef0-63d7-4c70-938d-c71044807f72.jpg'><img loading=\"lazy\" decoding=\"async\" width=\"150\" height=\"150\" src=\"https:\/\/www.radiopiu.net\/wordpress\/wp-content\/uploads\/2021\/02\/33be3ef0-63d7-4c70-938d-c71044807f72-150x150.jpg\" class=\"attachment-thumbnail size-thumbnail\" alt=\"\" \/><\/a>\n\t\t\t\t<\/dt><\/dl><dl class='gallery-item'>\n\t\t\t\t<dt class='gallery-icon landscape'>\n\t\t\t\t\t<a class=\"rollover rollover-zoom dt-pswp-item\" title=\"c6a6dc25-851d-405a-bb99-310ad1913151\" data-dt-img-description=\"\" data-large_image_width=\"612\" data-large_image_height=\"358\"href='https:\/\/www.radiopiu.net\/wordpress\/wp-content\/uploads\/2021\/02\/c6a6dc25-851d-405a-bb99-310ad1913151.jpg'><img loading=\"lazy\" decoding=\"async\" width=\"150\" height=\"150\" src=\"https:\/\/www.radiopiu.net\/wordpress\/wp-content\/uploads\/2021\/02\/c6a6dc25-851d-405a-bb99-310ad1913151-150x150.jpg\" class=\"attachment-thumbnail size-thumbnail\" alt=\"\" \/><\/a>\n\t\t\t\t<\/dt><\/dl><br style=\"clear: both\" \/>\n\t\t\t<\/div>\n\n<p>&nbsp;<\/p>\n<hr \/>\n<p>&nbsp;<\/p>\n<blockquote>\n<h3>AUMENTA L&#8217;Rt IL VENETO RISCHIA LA ZONA ARANCIONE, IN DIRETTA DA VENEZIA LUCA ZAIA<\/h3>\n<\/blockquote>\n<blockquote><p><em>Salgono da 6 a 8, le regioni che superano la soglia critica del 30% dei posti letto in terapia intensiva anche il Friuli Venezia Giulia, ma non il Veneto. Questa mattina l&#8217;incontro Governo-Regioni sui prossimi provvedimenti. Domani la prima bozza del\u00a0 nuovo Dpcm in vigore fino a Pasqua.<\/em><\/p>\n<h3>LEGGI LA CONFERENZA STAMPA DI LUCA ZAIA<\/h3>\n<\/blockquote>\n<p><span style=\"color: #ff0000;\">considerazione pre conferenza stampa:<\/span> LE PISTE DA SCI NON SONO\u00a0 MAI\u00a0 STATE APERTE E NON SI SAPRA&#8217; MAI SE AVREBBERO &#8220;FATTO DANNI&#8221;, LA SCUOLA INVECE E&#8217; STATA APERTA E CHIUSA PIU&#8217; VOLTE E GLI EFFETTI SONO STATI E SONO EVIDENTI, DAI NUMERI REALI E CONCRETI.<\/p>\n<p>Lo diceva il Ministro Speranza ma senza essere tragici l&#8217;opinione \u00e8 diffusa, se guardiamo i dati del Veneto i numeri sono in calo, un calo continuo e inesorabile. Ma i positivi che all&#8217;inizio la percentuale era molto bassa \u00e8 gi\u00e0 arrivata quasi al 3. Il grafico delle incidenze ha raddoppiato, pur sempre con numeri piccoli, ma c&#8217;\u00e8 una tendenza all&#8217;aumento dei postivi, da 600 a 1300 al giorno. L&#8217;Rt era sotto 0,60 oggi siamo a 0.92 pi\u00f9 o meno. Sono piccoli campanelli d&#8217;allarme in linea con quello che succede a livello nazionale. In Veneto va ancora bene rispetto all&#8217;Emilia, Abruzzo, provincia di Brescia, Umbria&#8230; Ma quando tutti calavano noi crescevamo a dicembre. Preoccupazione c&#8217;\u00e8. Dobbiamo evitare la pressione ospedaliera. Con i parametri di oggi richiamo la zona arancione. Le mie richieste condivise dai colleghi: se ci sono misure che la realt\u00e0 scientifica indichi al Ministro le misure territoriale poi da adottare d&#8217;intesa rispettando l&#8217;autonomia del territorio. Ci vuole per\u00f2 un fondamento turistico. C&#8217;\u00e8 una sentenza di poche ore fa che non permette alle Regioni, comunque ai territori, di intervenire a livello locale. Ho chiesto che il Cts si esprima formalmente e pubblicamente rispetto all&#8217;apertura delle scuole. Il Cts dica perch\u00e8 altre forme di aggregazione sono pericolose e questa no, che si faccia chiarezza e che ognuno si prenda le proprie responsabilit\u00e0, noi non siamo in grado di fare una valutazione di carattere epidemiologico. Serve una campagna nazionale di comunicazione per informare il cittadino. FABIO FRANCESCHI DI GRAFICA VENETA CI HA REGALATO 1 MILIONE DI MASCHERINE PER I BISOGNOSI. <strong>Novit\u00e0 DPCM<\/strong> Il Decreto non arriver\u00e0 quattro ore prima della pubblicazione, l&#8217;altra novit\u00e0 che anche questa classificazione non arrivi di venerdi sera, ma ad inizio settimana. Non si puo&#8217; annunciare una zona arancione o rossa il venerdi sera con gli operatori che hanno riempito i magazzini e sono pronti ad affrontare il sabato e la domenica. <strong>MUTAZIONE INGLESE <\/strong>la variante inglese \u00e8 pi\u00f9 pericolosa: si spegne cinque giorni dopo il covid normale, abbiamo davanti cinque giorni in pi\u00f9 di infettivit\u00e0 in totale oltre 13 giorni, questo lo dice uno studio che ho avuto modo di leggere.<strong>\u00a0<\/strong>Vista la situazione, \u00e8 pi\u00f9 conveniente fare una dose di vaccino a tutti o due dosi a pochi?. <strong>TAMPONI FAI DA TE<\/strong> penso che chi lo fa, se risultasse positivo, andrebbe subito da un medico a chiedere cosa fare. Quindi non \u00e8 vero che con questo tipo di test si sfugge al tracciamento. Anzi. Meglio un ristorante dove c&#8217;\u00e8 il test fai-da-te.<strong> PRODUZIONE VACCINI IN VENETO<\/strong>\u00a0 Serve un&#8217;azione propulsiva del governo si devono creare le condizioni. Ad oggi nessun contatto con la Regione da parte delle aziende, ma ci sono stati interlocuzioni con Veneto Sviluppo. <strong>SUDDIVIDERE I VACCINI SULLA BASE DEL CONTAGIO NEI VARI TERRITORI<\/strong> Dico che mi sembra di aver capito che la proposta fosse riferita ad un atteggiamento utilizzato concentrando i vaccini nelle aree pi\u00f9 a rischio come Brescia rispetto a Varese e Sondrio, cio\u00e8 dove ci sono invece meno infezioni. A livello nazionale \u00e8 difficile da commentare e da praticare. <strong>RISTORANTI E BAR APERTI DI SERA<\/strong> Con il Presidente Bonaccini e altri governatori abbiamo posto la questione che le misure abbiano una ragionevolezza anche per il rispetto del cittadino, il ristorante se non \u00e8 pericoloso a mezzogiorno perch\u00e9 non si apre la sera pur rispettando il coprifuoco? E&#8217; un concetto ragionevole e lo abbiamo calato anche su altre attivit\u00e0 ancora chiuse rispetto a quelle aperte. C&#8217;e&#8217; una base scientifica o un tanto al chilo? Non \u00e8 una questione di principio ma di giustizia. Abbiamo chiesto che ci sia l&#8217;impegno ad entrare nelle singole attivit\u00e0 non con il codice Ateco. \u00a0<strong>DISCOTECHE<\/strong>\u00a0 Stamane incontro con il mondo delle discoteche. I gestori dicono che sono stati chiusi ma i contagi non si sono fermati, quindi non erano le discoteche a far avanzare il virus. Giustamente si chiedono di chi \u00e8 la responsabilit\u00e0, i locali sono chiusi dallo scorso marzo. <strong>ECONOMIA<\/strong>\u00a0 Ci vorrebbe una safety car per le aziende cio\u00e8 il <em>recovery fund.<\/em> Dobbiamo ricapitalizzare le imprese e creare occupazione. Quando la crisi sanitaria sar\u00e0 finita non sar\u00e0 pi\u00f9 come prima ma con un&#8217;altra economia. Con il sistema del monopattino non si va lontani, confido nel Presidente del Consiglio Dei Ministri Draghi.<\/p>\n<p>&nbsp;<\/p>\n<p><a href=\"https:\/\/www.facebook.com\/zaiaufficiale\/videos\/271610741030944\">https:\/\/www.facebook.com\/zaiaufficiale\/videos\/271610741030944<\/a><\/p>\n<p>&nbsp;<\/p>\n<a href=\"https:\/\/www.radiopiu.net\/wordpress\/wp-content\/uploads\/2021\/02\/Report-informatizzato_20210225_ore8.pdf\" class=\"pdfemb-viewer\" style=\"\" data-width=\"max\" data-height=\"max\" data-toolbar=\"top\" data-toolbar-fixed=\"on\">Report informatizzato_20210225_ore8<\/a><a href=\"https:\/\/www.radiopiu.net\/wordpress\/wp-content\/uploads\/2021\/02\/2021.02.24_Report-18.30-1.pdf\" class=\"pdfemb-viewer\" style=\"\" data-width=\"max\" data-height=\"max\" data-toolbar=\"top\" data-toolbar-fixed=\"on\">2021.02.24_Report 18.30 (1)<\/a>\n<p>&nbsp;<\/p>\n<hr \/>\n<p>&nbsp;<\/p>\n<blockquote>\n<h3>ADRIANO RASI CALDOGNO A FINE MANDATO, BILANCIO E SALUTI<\/h3>\n<\/blockquote>\n<p><strong>BELLUNO<\/strong> Era dal 2 gennaio che il direttore generale Adriano Rasi Caldogno non accendeva la telecamera per rivolgersi ai bellunesi come pi\u00f9 volte fatto nel corso della seconda ondata della pandemia. Il microfono si riapre oggi per il saluto di fine mandato. Entro lunedi sar\u00e0 nominato dalla Giunta Veneta il suo successo.<\/p>\n<blockquote>\n<h3>LEGGI IL MESSAGGIO CONCLUSIVO DI ADRIANO RASI CALDOGNO<\/h3>\n<\/blockquote>\n<h3><em>Lascio un&#8217;azienda con un bilancio sano e gli indicatori tutti positivi<\/em><\/h3>\n<p>Inizio nel mio incarico nel 2016 in concomitanza con la nascita della Ulss1 Dolomiti che ha unito le Ulss di Belluno e Feltre, grandi sfide da grande impegno e lavoro con tanti problemi per la carenza di medici specialisti ma anche sanitari di ogni tipo. Difficolt\u00e0 che si \u00e8 fatta sentire a Belluno prima che altrove. E&#8217; stata aperta la nuova piastra chirurgica a Feltre, abbiamo avviato numerosi progetti di funzionamento anti sismico. Tutta la rete di emergenza urgenza \u00e8 stata potenziata e fortificata con ambulanze e automediche ma anche con la ristrutturazione dei Pronto Soccorso. Concluso quello di Pieve e Feltre e sono in corso i lavori ad Agordo alla base elicotteristica di Pieve di Cadore. E&#8217; in fase avanzata di realizzazione del Pronto Soccorso covid19 all&#8217;ospedale di Belluno, abbiamo acquistato una tac da 1 milione di euro. In questi anni abbiamo investito 14 milioni di euro in nuove dotazione. L&#8217;Ulss1 Dolomiti ha un parco macchine allo stato dell&#8217;arte. Fondamentale la collaborazione con istituzione ed enti per la gestione della quotidianit\u00e0 ed emergenze con una logica di rete e nei reciproci ruoli. Il mondo del volontariato \u00e8 stato uno stimolo continuo cos\u00ec come l&#8217;attenzione dei cittadini. Il punto di forza sono le persone che collaborano e qui lavorano con dedizione e attaccamento per dare il migliore servizio possibile con attenzione al rapporto con i pazienti. Lascio un&#8217;azienda con un bilancio sano e una serie di indicatori di risultati positivi che ci hanno portato a ricoprire uno dei ruoli di maggiore rilievo nella sanit\u00e0 del Veneto.<\/p>\n<p><a href=\"https:\/\/www.facebook.com\/RasiCaldognoUlssDolomiti\/videos\/1308013046244360\">https:\/\/www.facebook.com\/RasiCaldognoUlssDolomiti\/videos\/1308013046244360<\/a><\/p>\n<p>&nbsp;<\/p>\n<hr \/>\n<p>&nbsp;<\/p>\n<blockquote>\n<h3>VACCINI IN PROVINCIA: SOMMINISTRATE 16.300 DOSI<\/h3>\n<\/blockquote>\n<p><strong><a href=\"https:\/\/www.radiopiu.net\/wordpress\/come-si-e-preparata-la-ulss-1-dolomiti-per-il-v-day\/vaccino-covid\/\" rel=\"attachment wp-att-181587\"><img loading=\"lazy\" decoding=\"async\" class=\"size-medium wp-image-181587 alignleft\" src=\"https:\/\/www.radiopiu.net\/wordpress\/wp-content\/uploads\/2020\/12\/VACCINO-COVID-300x212.jpg\" alt=\"\" width=\"300\" height=\"212\" srcset=\"https:\/\/www.radiopiu.net\/wordpress\/wp-content\/uploads\/2020\/12\/VACCINO-COVID-300x212.jpg 300w, https:\/\/www.radiopiu.net\/wordpress\/wp-content\/uploads\/2020\/12\/VACCINO-COVID-1024x724.jpg 1024w, https:\/\/www.radiopiu.net\/wordpress\/wp-content\/uploads\/2020\/12\/VACCINO-COVID-768x543.jpg 768w, https:\/\/www.radiopiu.net\/wordpress\/wp-content\/uploads\/2020\/12\/VACCINO-COVID-1536x1086.jpg 1536w, https:\/\/www.radiopiu.net\/wordpress\/wp-content\/uploads\/2020\/12\/VACCINO-COVID.jpg 1920w\" sizes=\"auto, (max-width: 300px) 100vw, 300px\" \/><\/a>BELLUNO<\/strong> Prosegue la campagna vaccinale anticovid dell\u2019Ulss Dolomiti. Ad oggi sono state somministrate circa 16.300 dosi di cui 9.800 prime dosi e 6.500 seconde dosi. Ecco i prossimi passi: <strong>ANZIANI <\/strong>Dopo le convocazioni per i nati nel 1941 e nel 1940, in programma nei prossimi giorni, sono in partenza le convocazioni per i nati nel 1939 che saranno vaccinati sempre nelle 4 sedi dei Centri Vaccinali Pubblici drive-in di Belluno, Feltre, Tai e Agordo entro fine marzo. Si ricorda che per le persone con \u00a0particolari situazioni di \u201cimmobilit\u00e0\u201d \u00e8 possibile richiedere la vaccinazione a domicilio alla mail <a href=\"mailto:vaccinazioni.covid@aulss1.veneto.it\">vaccinazioni.covid@aulss1.veneto.it <\/a><strong>PERSONE FRAGILI <\/strong>Le vaccinazioni delle persone con terapia oncologica immunosoppressiva in corso e le persone trapiantate o in attesa di trapianto (circa 1.500 soggetti) saranno eseguite tra il 2 e il 6 marzo con appuntamenti fissati dai Servizi Specialistici Ospedalieri di riferimento. A Belluno le vaccinazioni si effettueranno di regola in modalit\u00e0 drive in , a Feltre all\u2019interno dell\u2019ospedale in un grande spazio attrezzato. Saranno utilizzati il vaccino Pfizer o il vaccino Moderna. <strong>SERVIZI ESSENZIALI: <\/strong><strong>Forze dell\u2019ordine e Vigili del Fuoco <\/strong>In esito ad un incontro con il Prefetto di Belluno \u00e8 stata definita la modalit\u00e0 di chiamata alla vaccinazione anti covid di Carabinieri, Polizia di Stato, Guardia di Finanza e Vigili del Fuoco, oltre 1.000 persone. Le vaccinazioni saranno effettuate in modalit\u00e0 drive-in all\u2019ospedale San Martino con convocazioni di gruppi di 90 persone al giorno tra le 14 e le 15.30 in 12 date del mese di marzo. Sar\u00e0 somministrato il vaccino Astrazeneca. A margine dell\u2019incontro con il Prefetto \u00e8 stata anche valutata la convocazione a breve della Polizia Locale, da definire nel dettaglio. Sono in corso le vaccinazioni del personale dell\u2019amministrazione della Giustizia (Tribunale, Procura) al drive-in di Belluno (circa 100 persone). <strong>Personale della scuola <\/strong>Dopo la prima tornata di vaccinazione del 21-22-23 febbraio in cui sono state vaccinate oltre 1.200 persone, \u00e8 stato fissato per il 18-19 e 20 marzo il recupero della vaccinazione di chi aveva aderito alla prima chiamata ma non era stato convocato e della fascia d\u2019et\u00e0 55-65 anni, per la quale l\u2019ultima circolare del Ministero della Salute estende l\u2019indicazione alla somministrazione del vaccino Astrazeneca. A tutte le persone non ancora vaccinate \u00e8 stata richiesta una registrazione a un nuovo link dedicato inviato nel pomeriggio di ieri per ragioni di correttezza informativa.<\/p>\n<p>&nbsp;<\/p>\n<p>&nbsp;<\/p>\n<hr \/>\n<p>&nbsp;<\/p>\n<blockquote>\n<h3>PD: &#8220;I FARMACISTI VANNO VACCINATI IMMEDIATAMENTE&#8221;<\/h3>\n<\/blockquote>\n<p><strong><a href=\"https:\/\/www.radiopiu.net\/wordpress\/giornale-radiopiu-del-29-novembre-2018-direttore-mirko-mezzacasa\/pd\/\" rel=\"attachment wp-att-67744\"><img loading=\"lazy\" decoding=\"async\" class=\"size-full wp-image-67744 alignleft\" src=\"https:\/\/www.radiopiu.net\/wordpress\/wp-content\/uploads\/2018\/11\/PD.png\" alt=\"\" width=\"226\" height=\"182\" \/><\/a>VENEZIA <\/strong><span class=\"s1\">\u201c<em>Quanto accaduto a Portogruaro \u00e8 tanto grave quanto, purtroppo, prevedibile: vaccinare il personale delle farmacie deve essere una priorit\u00e0. Finora le Ulss stanno procedendo in ordine sparso, ma la stragrande maggioranza non ha neanche ricevuto la data di convocazione per la prima dose. Stiamo parlando di un servizio essenziale, specialmente in un periodo di emergenza sanitaria, con migliaia di persone ogni giorno esposte al rischio di contagio. La latitanza della Regione non \u00e8 pi\u00f9 giustificabile<\/em>\u201d. L\u2019appello arriva dalle consigliere del Partito Democratico Francesca Zottis, Anna Maria Bigon e Vanessa Camani, dopo il caso scoppiato a Portogruaro, con una farmacia chiusa perch\u00e9 il titolare e tutti i collaboratori sono risultati positivi al Covid-19.\u00a0<\/span><span class=\"s1\">\u201c<em>Anche loro rientrano nei soggetti da immunizzare nella prima fase, al pari di tutti gli operatori sanitari, invece sono stati colpevolmente dimenticati. Se non si pone subito rimedio a questa situazione paradossale, stiamo parlando di una categoria in prima linea da un anno e con 25 vittime \u2018sul lavoro\u2019, il caso di Portogruaro \u00e8 destinato a moltiplicarsi, interrompendo un pubblico servizio fondamentale per almeno una decina di giorni. Non dovremmo essere noi a spiegare l\u2019importanza di una farmacia soprattutto in aree periferiche e isolate, dove rappresenta il primo presidio sanitario a cui rivolgersi, e per le persone pi\u00f9 anziane. Comprendiamo la rabbia e l\u2019incredulit\u00e0 degli addetti ai lavori, la Regione ha il dovere di agire immediatamente senza ulteriori ritardi<\/em>\u201d.<\/span><\/p>\n<p>&nbsp;<\/p>\n<p>&nbsp;<\/p>\n<hr \/>\n<p>&nbsp;<\/p>\n<p><span style=\"color: #ff0000;\">LA STORIA\u00a0<\/span><\/p>\n<blockquote>\n<h3>DE PELLEGRIN IN &#8220;VOLATA&#8221; VERSO LA\u00a0 PENSIONE<\/h3>\n<\/blockquote>\n<audio class=\"wp-audio-shortcode\" id=\"audio-193583-6\" preload=\"none\" style=\"width: 100%;\" controls=\"controls\"><source type=\"audio\/mpeg\" src=\"https:\/\/www.radiopiu.net\/wordpress\/wp-content\/uploads\/2021\/02\/gianni-caliope.mp3?_=6\" \/><a href=\"https:\/\/www.radiopiu.net\/wordpress\/wp-content\/uploads\/2021\/02\/gianni-caliope.mp3\">https:\/\/www.radiopiu.net\/wordpress\/wp-content\/uploads\/2021\/02\/gianni-caliope.mp3<\/a><\/audio>\n\n\t\t\t<style type='text\/css'>\n\t\t\t\t#gallery-4 {\n\t\t\t\t\tmargin: auto;\n\t\t\t\t}\n\t\t\t\t#gallery-4 .gallery-item {\n\t\t\t\t\tfloat: left;\n\t\t\t\t\tmargin-top: 10px;\n\t\t\t\t\ttext-align: center;\n\t\t\t\t\twidth: 16%;\n\t\t\t\t}\n\t\t\t\t#gallery-4 img {\n\t\t\t\t\tborder: 2px solid #cfcfcf;\n\t\t\t\t}\n\t\t\t\t#gallery-4 .gallery-caption {\n\t\t\t\t\tmargin-left: 0;\n\t\t\t\t}\n\t\t\t\t\/* see gallery_shortcode() in wp-includes\/media.php *\/\n\t\t\t<\/style>\n\t\t<div id='gallery-4' class='dt-gallery-container gallery galleryid-193583 gallery-columns-6 gallery-size-thumbnail'><dl class='gallery-item'>\n\t\t\t\t<dt class='gallery-icon landscape'>\n\t\t\t\t\t<a class=\"rollover rollover-zoom dt-pswp-item\" title=\"bc833ac1-904b-4fda-b076-7ca2db37909e\" data-dt-img-description=\"\" data-large_image_width=\"1600\" data-large_image_height=\"903\"href='https:\/\/www.radiopiu.net\/wordpress\/wp-content\/uploads\/2021\/02\/bc833ac1-904b-4fda-b076-7ca2db37909e.jpg'><img loading=\"lazy\" decoding=\"async\" width=\"150\" height=\"150\" src=\"https:\/\/www.radiopiu.net\/wordpress\/wp-content\/uploads\/2021\/02\/bc833ac1-904b-4fda-b076-7ca2db37909e-150x150.jpg\" class=\"attachment-thumbnail size-thumbnail\" alt=\"\" \/><\/a>\n\t\t\t\t<\/dt><\/dl><dl class='gallery-item'>\n\t\t\t\t<dt class='gallery-icon landscape'>\n\t\t\t\t\t<a class=\"rollover rollover-zoom dt-pswp-item\" title=\"814d4406-0f8d-4e53-a0af-47832013d3f0\" data-dt-img-description=\"\" data-large_image_width=\"1599\" data-large_image_height=\"899\"href='https:\/\/www.radiopiu.net\/wordpress\/wp-content\/uploads\/2021\/02\/814d4406-0f8d-4e53-a0af-47832013d3f0.jpg'><img loading=\"lazy\" decoding=\"async\" width=\"150\" height=\"150\" src=\"https:\/\/www.radiopiu.net\/wordpress\/wp-content\/uploads\/2021\/02\/814d4406-0f8d-4e53-a0af-47832013d3f0-150x150.jpg\" class=\"attachment-thumbnail size-thumbnail\" alt=\"\" \/><\/a>\n\t\t\t\t<\/dt><\/dl><dl class='gallery-item'>\n\t\t\t\t<dt class='gallery-icon landscape'>\n\t\t\t\t\t<a class=\"rollover rollover-zoom dt-pswp-item\" title=\"54f48508-b12f-4093-8ca2-b57b5cf2a630\" data-dt-img-description=\"\" data-large_image_width=\"1599\" data-large_image_height=\"899\"href='https:\/\/www.radiopiu.net\/wordpress\/wp-content\/uploads\/2021\/02\/54f48508-b12f-4093-8ca2-b57b5cf2a630.jpg'><img loading=\"lazy\" decoding=\"async\" width=\"150\" height=\"150\" src=\"https:\/\/www.radiopiu.net\/wordpress\/wp-content\/uploads\/2021\/02\/54f48508-b12f-4093-8ca2-b57b5cf2a630-150x150.jpg\" class=\"attachment-thumbnail size-thumbnail\" alt=\"\" \/><\/a>\n\t\t\t\t<\/dt><\/dl><dl class='gallery-item'>\n\t\t\t\t<dt class='gallery-icon portrait'>\n\t\t\t\t\t<a class=\"rollover rollover-zoom dt-pswp-item\" title=\"7479cfea-0c36-4422-8206-d715b0f43b82\" data-dt-img-description=\"\" data-large_image_width=\"899\" data-large_image_height=\"1599\"href='https:\/\/www.radiopiu.net\/wordpress\/wp-content\/uploads\/2021\/02\/7479cfea-0c36-4422-8206-d715b0f43b82.jpg'><img loading=\"lazy\" decoding=\"async\" width=\"150\" height=\"150\" src=\"https:\/\/www.radiopiu.net\/wordpress\/wp-content\/uploads\/2021\/02\/7479cfea-0c36-4422-8206-d715b0f43b82-150x150.jpg\" class=\"attachment-thumbnail size-thumbnail\" alt=\"\" \/><\/a>\n\t\t\t\t<\/dt><\/dl><dl class='gallery-item'>\n\t\t\t\t<dt class='gallery-icon landscape'>\n\t\t\t\t\t<a class=\"rollover rollover-zoom dt-pswp-item\" title=\"de91e360-0b94-421e-8f9c-b2e1c43f6ff1\" data-dt-img-description=\"\" data-large_image_width=\"1599\" data-large_image_height=\"899\"href='https:\/\/www.radiopiu.net\/wordpress\/wp-content\/uploads\/2021\/02\/de91e360-0b94-421e-8f9c-b2e1c43f6ff1.jpg'><img loading=\"lazy\" decoding=\"async\" width=\"150\" height=\"150\" src=\"https:\/\/www.radiopiu.net\/wordpress\/wp-content\/uploads\/2021\/02\/de91e360-0b94-421e-8f9c-b2e1c43f6ff1-150x150.jpg\" class=\"attachment-thumbnail size-thumbnail\" alt=\"\" \/><\/a>\n\t\t\t\t<\/dt><\/dl><dl class='gallery-item'>\n\t\t\t\t<dt class='gallery-icon portrait'>\n\t\t\t\t\t<a class=\"rollover rollover-zoom dt-pswp-item\" title=\"8b14f4e8-2f1c-476d-8d5b-3dced800d002\" data-dt-img-description=\"\" data-large_image_width=\"1536\" data-large_image_height=\"2048\"href='https:\/\/www.radiopiu.net\/wordpress\/wp-content\/uploads\/2021\/02\/8b14f4e8-2f1c-476d-8d5b-3dced800d002.jpg'><img loading=\"lazy\" decoding=\"async\" width=\"150\" height=\"150\" src=\"https:\/\/www.radiopiu.net\/wordpress\/wp-content\/uploads\/2021\/02\/8b14f4e8-2f1c-476d-8d5b-3dced800d002-150x150.jpg\" class=\"attachment-thumbnail size-thumbnail\" alt=\"\" \/><\/a>\n\t\t\t\t<\/dt><\/dl><br style=\"clear: both\" \/>\n\t\t\t<\/div>\n\n<p>&nbsp;<\/p>\n<hr \/>\n<p>\u200b<\/p>\n<p><span style=\"color: #ff0000;\">BOND E\u00a0 IL CALCIO<\/span><\/p>\n<blockquote>\n<h3>CHE IL GOVERNO FACCIA RIPARTIRE IL CAMPIONATO DI CALCIO DI ECCELLENZA.<\/h3>\n<\/blockquote>\n<p><strong><a href=\"https:\/\/www.radiopiu.net\/wordpress\/giornale-radiopiu-28-agosto-2020-direttore-mirko-mezzacasa\/pallone-calcio-csi-1\/\" rel=\"attachment wp-att-157935\"><img loading=\"lazy\" decoding=\"async\" class=\"wp-image-157935 alignleft\" src=\"https:\/\/www.radiopiu.net\/wordpress\/wp-content\/uploads\/2020\/08\/PALLONE-CALCIO-CSI-1-300x215.jpg\" alt=\"\" width=\"197\" height=\"141\" srcset=\"https:\/\/www.radiopiu.net\/wordpress\/wp-content\/uploads\/2020\/08\/PALLONE-CALCIO-CSI-1-300x215.jpg 300w, https:\/\/www.radiopiu.net\/wordpress\/wp-content\/uploads\/2020\/08\/PALLONE-CALCIO-CSI-1-768x550.jpg 768w, https:\/\/www.radiopiu.net\/wordpress\/wp-content\/uploads\/2020\/08\/PALLONE-CALCIO-CSI-1-640x458.jpg 640w, https:\/\/www.radiopiu.net\/wordpress\/wp-content\/uploads\/2020\/08\/PALLONE-CALCIO-CSI-1.jpg 957w\" sizes=\"auto, (max-width: 197px) 100vw, 197px\" \/><\/a>ROMA<\/strong> Il campionato di Eccellenza pu\u00f2 considerarsi di \u201cpreminente interesse nazionale\u201d. Lo ha dichiarato il Coni\u00a0 <em>&#8220;A questo punto \u00e8 doveroso attivarsi per far ripartire la stagione che interessa migliaia di atleti e centinaia di societ\u00e0 sportive in tutta Italia\u00bb.<\/em> Cos\u00ec il deputato di Forza Italia Dario Bond. L&#8217;argomento sar\u00e0 posto all&#8217;ordine del giorno del prossimo Consiglio della Federcalcio, in programma nei primi giorni di marzo. <em>&#8220;Intanto per\u00f2 si prendano in considerazione i protocolli per far ripartire quanto prima e in sicurezza le attivit\u00e0. Stiamo parlando di societ\u00e0 sportive che danno lavoro e creano ricadute sociali importanti in tutta Italia&#8221; <\/em>continua Bond rimarcando che tenere fermi ulteriormente i campionati metterebbe a rischio molte di queste realt\u00e0.<\/p>\n<p>&nbsp;<\/p>\n<p>&nbsp;<\/p>\n<hr \/>\n<h3><\/h3>\n<blockquote>\n<h3>LE PROPOSTE PER LA MODIFICA DEL PIANO DEGLI INTERVENTI<\/h3>\n<\/blockquote>\n<p><strong><a href=\"https:\/\/www.radiopiu.net\/wordpress\/consiglio-comunale-di-falcade-registrazione-integrale-durata-1h33m\/falcade-3-2\/\" rel=\"attachment wp-att-163179\"><img loading=\"lazy\" decoding=\"async\" class=\"wp-image-163179 alignleft\" src=\"https:\/\/www.radiopiu.net\/wordpress\/wp-content\/uploads\/2020\/09\/FALCADE-3-300x225.jpg\" alt=\"\" width=\"133\" height=\"100\" srcset=\"https:\/\/www.radiopiu.net\/wordpress\/wp-content\/uploads\/2020\/09\/FALCADE-3-300x225.jpg 300w, https:\/\/www.radiopiu.net\/wordpress\/wp-content\/uploads\/2020\/09\/FALCADE-3-768x576.jpg 768w, https:\/\/www.radiopiu.net\/wordpress\/wp-content\/uploads\/2020\/09\/FALCADE-3-640x480.jpg 640w, https:\/\/www.radiopiu.net\/wordpress\/wp-content\/uploads\/2020\/09\/FALCADE-3.jpg 960w\" sizes=\"auto, (max-width: 133px) 100vw, 133px\" \/><\/a>FALCADE<\/strong>\u00a0 <em>&#8220;Il Comune di Falcade comunica che \u00e8 stato pubblicato un importante <u>AVVISO\u00a0per la\u00a0presentazione delle proposte per la modifica del Piano degli Interventi<\/u>, a firma del Sindaco Michele Costa,\u00a0 l<\/em><em>&#8216;avviso \u00e8 pubblicato e scaricabile dal sito internet del Comune di Falcade. <\/em><em>Le proposte dovranno pervenire entro e non oltre il 18 marzo 2021&#8243;<\/em><\/p>\n<p>&nbsp;<\/p>\n<p>&nbsp;<\/p>\n<hr \/>\n<p>&nbsp;<\/p>\n<blockquote>\n<h3>ASCA ALLA RICERCA DI UN ISTRUTTORE AMMINISTRATIVO ADDETTO AL PERSONALE E INFERMIERI<\/h3>\n<\/blockquote>\n<p><strong><a href=\"https:\/\/www.radiopiu.net\/wordpress\/asca-ricerca-personale-infermieristico\/asca-4\/\" rel=\"attachment wp-att-128881\"><img loading=\"lazy\" decoding=\"async\" class=\" wp-image-128881 alignleft\" src=\"https:\/\/www.radiopiu.net\/wordpress\/wp-content\/uploads\/2020\/04\/ASCA-300x165.png\" alt=\"\" width=\"224\" height=\"123\" srcset=\"https:\/\/www.radiopiu.net\/wordpress\/wp-content\/uploads\/2020\/04\/ASCA-300x165.png 300w, https:\/\/www.radiopiu.net\/wordpress\/wp-content\/uploads\/2020\/04\/ASCA-1024x565.png 1024w, https:\/\/www.radiopiu.net\/wordpress\/wp-content\/uploads\/2020\/04\/ASCA-768x424.png 768w, https:\/\/www.radiopiu.net\/wordpress\/wp-content\/uploads\/2020\/04\/ASCA.png 1211w\" sizes=\"auto, (max-width: 224px) 100vw, 224px\" \/><\/a>AGORDO<\/strong> L&#8217;Azienda Speciale Consortile Agordina \u00e8 alla ricerca di un istruttore amministrativo addetto al personale da inserire nell\u2019organico amministrativo della Residenza Sanitaria Anziani di Agordo. Possono partecipare laureati in materie giuridiche od economiche o materie equipollenti, o diplomati con comprovata esperienza. La selezione \u00e8 finalizzata all\u2019inserimento a tempo indeterminato e pieno in Azienda. Il bando con il modello della domanda \u00e8 rinvenibile sul sito dell\u2019Azienda www.servizisocialiasca.it\u00a0.<br \/>\nL&#8217;amministratore unico di Asca Mariachiara Santin ha inoltre emanato un avviso di selezione utile alla formulazione di una graduatoria di idoneit\u00e0 finalizzata all&#8217;inserimento a tempo indeterminato pieno e part time della figura di infermiere con un premio di benvenuto di 250,00 \u20ac in beni e servizi di Welfare Aziendali (una tantum) e un premio produttivit\u00e0 \/welfare annuo di 2.500,00 euro pro capite che viene erogato sulla base della valutazione e dopo almeno 7 mesi di lavoro continuativo in Azienda. Per informazioni \u00e8 possibile rivolgersi alla Segreteria dell\u2019Azienda A.S.C.A.: e-mail: amministrazione@servizisocialiasca.it<\/p>\n<p>&nbsp;<\/p>\n<p>&nbsp;<\/p>\n<hr \/>\n<blockquote>\n<h3><\/h3>\n<h3>CERCASI FARMACISTI-COLLABORATORI AD AGORDO<\/h3>\n<\/blockquote>\n<p><strong><img loading=\"lazy\" decoding=\"async\" class=\"alignleft\" src=\"https:\/\/www.radiopiu.net\/wordpress\/wp-content\/uploads\/2020\/06\/e557474c-a46e-408a-ad77-242a0f3ef7c9.jpg\" width=\"62\" height=\"83\" \/>AGORDO<\/strong> L&#8217;Azienda Speciale Agordo Servizi ha indetto una selezione per la copertura di due posti e tempo pieno (40 ore) come Farmacista-collaboratore di primo livello. Il candidato dovr\u00e0 essere in grado di svolgere attivit\u00e0 ad elevato contenuto professionale di natura sanitaria o tecnica amministrativa in condizione di ampia autonomia. Le domande devono essere presentate entro le 12 del 3 marzo. Di seguito tutti i particolari compreso il calendario della prova che sar\u00e0 pubblicato sul sito agordofarmaciacomunale.it<\/p>\n<blockquote><p>&nbsp;<\/p><\/blockquote>\n<p>&nbsp;<\/p>\n<hr \/>\n<p>&nbsp;<\/p>\n<blockquote>\n<h3>DIECI ANNI DI &#8220;FRAMMENTI&#8221;, STRUMENTO PER LA CONOSCENZA DEL TERRITORIO<\/h3>\n<\/blockquote>\n<p><strong>BELLUNO<\/strong>\u00a0\u00c8 uscito il decimo numero della rivista \u201cFrammenti. Conoscere e tutelare la natura bellunese\u201d pubblicata dall&#8217;Istituto Bellunese di Ricerche Sociali e Culturali), in convenzione con l\u2019amministrazione provinciale, il Parco Nazionale Dolomiti Bellunesi e il Parco Naturale delle Dolomiti d\u2019Ampezzo. <em>\u00abDieci numeri per una rivista annuale sono un traguardo importante e creano l\u2019occasione di bilancio sull\u2019attivit\u00e0 fin qui svolta &#8211; commenta il consigliere provinciale Franco De Bon -. Dieci numeri per un totale di 73 articoli di taglio scientifico che hanno spaziato nei vari campi delle scienze naturali e dell\u2019archeologia fino comporre un mosaico del grande patrimonio naturalistico e archeologico del territorio bellunese. In questo senso, \u201cFrammenti\u201d \u00e8 davvero uno strumento importante per la conoscenza delle peculiarit\u00e0 ambientali e naturalistiche del nostro territorio&#8221;.<\/em> Per il presidente del Parco Ennio Vigne la rivista \u00e8 importante per il futuro del territorio <em>&#8220;Che \u00a0il tema ambiente non sia solo un titolo ma diventi vero e proprio contenuto&#8221;<\/em>. L\u2019attenzione del numero 10 della rivista cade in modo particolare sul mondo degli insetti: farfalle, coleotteri e libellule la fanno da padrone, gruppi in drammatico declino con grave perdita di biodiversit\u00e0. Lo ha spiegato il professor Cesare Lasen, coordinatore scientifico di &#8220;Frammenti&#8221;.\u00a0 Una parte rilevante del numero 10 \u00e8 dedicata al primo accertamento di un gruppo riproduttivo di sciacallo dorato in Comelico, interessante la scoperta del sito archeologico di Cima Gogna, oltre a un excursus sulla storia delle ricerche geologiche nelle Dolomiti di Maurizio Alfieri.<\/p>\n\n\t\t\t<style type='text\/css'>\n\t\t\t\t#gallery-5 {\n\t\t\t\t\tmargin: auto;\n\t\t\t\t}\n\t\t\t\t#gallery-5 .gallery-item {\n\t\t\t\t\tfloat: left;\n\t\t\t\t\tmargin-top: 10px;\n\t\t\t\t\ttext-align: center;\n\t\t\t\t\twidth: 25%;\n\t\t\t\t}\n\t\t\t\t#gallery-5 img {\n\t\t\t\t\tborder: 2px solid #cfcfcf;\n\t\t\t\t}\n\t\t\t\t#gallery-5 .gallery-caption {\n\t\t\t\t\tmargin-left: 0;\n\t\t\t\t}\n\t\t\t\t\/* see gallery_shortcode() in wp-includes\/media.php *\/\n\t\t\t<\/style>\n\t\t<div id='gallery-5' class='dt-gallery-container gallery galleryid-193583 gallery-columns-4 gallery-size-medium'><dl class='gallery-item'>\n\t\t\t\t<dt class='gallery-icon portrait'>\n\t\t\t\t\t<a class=\"rollover rollover-zoom dt-pswp-item\" title=\"FRAMMENTI_10_COP\" data-dt-img-description=\"\" data-large_image_width=\"803\" data-large_image_height=\"1134\"href='https:\/\/www.radiopiu.net\/wordpress\/wp-content\/uploads\/2021\/02\/FRAMMENTI_10_COP.jpg'><img loading=\"lazy\" decoding=\"async\" width=\"212\" height=\"300\" src=\"https:\/\/www.radiopiu.net\/wordpress\/wp-content\/uploads\/2021\/02\/FRAMMENTI_10_COP-212x300.jpg\" class=\"attachment-medium size-medium\" alt=\"\" srcset=\"https:\/\/www.radiopiu.net\/wordpress\/wp-content\/uploads\/2021\/02\/FRAMMENTI_10_COP-212x300.jpg 212w, https:\/\/www.radiopiu.net\/wordpress\/wp-content\/uploads\/2021\/02\/FRAMMENTI_10_COP-725x1024.jpg 725w, https:\/\/www.radiopiu.net\/wordpress\/wp-content\/uploads\/2021\/02\/FRAMMENTI_10_COP-768x1085.jpg 768w, https:\/\/www.radiopiu.net\/wordpress\/wp-content\/uploads\/2021\/02\/FRAMMENTI_10_COP.jpg 803w\" sizes=\"auto, (max-width: 212px) 100vw, 212px\" \/><\/a>\n\t\t\t\t<\/dt><\/dl><dl class='gallery-item'>\n\t\t\t\t<dt class='gallery-icon landscape'>\n\t\t\t\t\t<a class=\"rollover rollover-zoom dt-pswp-item\" title=\"P1040546\" data-dt-img-description=\"\" data-large_image_width=\"2048\" data-large_image_height=\"1536\"href='https:\/\/www.radiopiu.net\/wordpress\/wp-content\/uploads\/2021\/02\/P1040546.jpg'><img loading=\"lazy\" decoding=\"async\" width=\"300\" height=\"225\" src=\"https:\/\/www.radiopiu.net\/wordpress\/wp-content\/uploads\/2021\/02\/P1040546-300x225.jpg\" class=\"attachment-medium size-medium\" alt=\"\" srcset=\"https:\/\/www.radiopiu.net\/wordpress\/wp-content\/uploads\/2021\/02\/P1040546-300x225.jpg 300w, https:\/\/www.radiopiu.net\/wordpress\/wp-content\/uploads\/2021\/02\/P1040546-1024x768.jpg 1024w, https:\/\/www.radiopiu.net\/wordpress\/wp-content\/uploads\/2021\/02\/P1040546-768x576.jpg 768w, https:\/\/www.radiopiu.net\/wordpress\/wp-content\/uploads\/2021\/02\/P1040546-1536x1152.jpg 1536w, https:\/\/www.radiopiu.net\/wordpress\/wp-content\/uploads\/2021\/02\/P1040546.jpg 2048w\" sizes=\"auto, (max-width: 300px) 100vw, 300px\" \/><\/a>\n\t\t\t\t<\/dt><\/dl><dl class='gallery-item'>\n\t\t\t\t<dt class='gallery-icon landscape'>\n\t\t\t\t\t<a class=\"rollover rollover-zoom dt-pswp-item\" title=\"Parnassius apollo_Foto Bruno Boz_Archivio PNDB\" data-dt-img-description=\"\" data-large_image_width=\"1000\" data-large_image_height=\"687\"href='https:\/\/www.radiopiu.net\/wordpress\/wp-content\/uploads\/2021\/02\/Parnassius-apollo_Foto-Bruno-Boz_Archivio-PNDB.jpg'><img loading=\"lazy\" decoding=\"async\" width=\"300\" height=\"206\" src=\"https:\/\/www.radiopiu.net\/wordpress\/wp-content\/uploads\/2021\/02\/Parnassius-apollo_Foto-Bruno-Boz_Archivio-PNDB-300x206.jpg\" class=\"attachment-medium size-medium\" alt=\"\" srcset=\"https:\/\/www.radiopiu.net\/wordpress\/wp-content\/uploads\/2021\/02\/Parnassius-apollo_Foto-Bruno-Boz_Archivio-PNDB-300x206.jpg 300w, https:\/\/www.radiopiu.net\/wordpress\/wp-content\/uploads\/2021\/02\/Parnassius-apollo_Foto-Bruno-Boz_Archivio-PNDB-768x528.jpg 768w, https:\/\/www.radiopiu.net\/wordpress\/wp-content\/uploads\/2021\/02\/Parnassius-apollo_Foto-Bruno-Boz_Archivio-PNDB.jpg 1000w\" sizes=\"auto, (max-width: 300px) 100vw, 300px\" \/><\/a>\n\t\t\t\t<\/dt><\/dl><dl class='gallery-item'>\n\t\t\t\t<dt class='gallery-icon landscape'>\n\t\t\t\t\t<a class=\"rollover rollover-zoom dt-pswp-item\" title=\"P1040558\" data-dt-img-description=\"\" data-large_image_width=\"1934\" data-large_image_height=\"1391\"href='https:\/\/www.radiopiu.net\/wordpress\/wp-content\/uploads\/2021\/02\/P1040558.jpg'><img loading=\"lazy\" decoding=\"async\" width=\"300\" height=\"216\" src=\"https:\/\/www.radiopiu.net\/wordpress\/wp-content\/uploads\/2021\/02\/P1040558-300x216.jpg\" class=\"attachment-medium size-medium\" alt=\"\" srcset=\"https:\/\/www.radiopiu.net\/wordpress\/wp-content\/uploads\/2021\/02\/P1040558-300x216.jpg 300w, https:\/\/www.radiopiu.net\/wordpress\/wp-content\/uploads\/2021\/02\/P1040558-1024x736.jpg 1024w, https:\/\/www.radiopiu.net\/wordpress\/wp-content\/uploads\/2021\/02\/P1040558-768x552.jpg 768w, https:\/\/www.radiopiu.net\/wordpress\/wp-content\/uploads\/2021\/02\/P1040558-1536x1105.jpg 1536w, https:\/\/www.radiopiu.net\/wordpress\/wp-content\/uploads\/2021\/02\/P1040558.jpg 1934w\" sizes=\"auto, (max-width: 300px) 100vw, 300px\" \/><\/a>\n\t\t\t\t<\/dt><\/dl><br style=\"clear: both\" \/>\n\t\t\t<\/div>\n\n<p>&nbsp;<\/p>\n<p>&nbsp;<\/p>\n<hr \/>\n<blockquote>\n<h3><a href=\"https:\/\/www.radiopiu.net\/wordpress\/giornale-radiopiu-26-febbraio-2021-direttore-mirko-mezzacasa\/sottocoperta-lettura-28-febbraio\/\" rel=\"attachment wp-att-193623\"><img loading=\"lazy\" decoding=\"async\" class=\"wp-image-193623 alignleft\" src=\"https:\/\/www.radiopiu.net\/wordpress\/wp-content\/uploads\/2021\/02\/Sottocoperta-Lettura-28-febbraio-300x169.jpg\" alt=\"\" width=\"167\" height=\"94\" srcset=\"https:\/\/www.radiopiu.net\/wordpress\/wp-content\/uploads\/2021\/02\/Sottocoperta-Lettura-28-febbraio-300x169.jpg 300w, https:\/\/www.radiopiu.net\/wordpress\/wp-content\/uploads\/2021\/02\/Sottocoperta-Lettura-28-febbraio-1024x576.jpg 1024w, https:\/\/www.radiopiu.net\/wordpress\/wp-content\/uploads\/2021\/02\/Sottocoperta-Lettura-28-febbraio-768x432.jpg 768w, https:\/\/www.radiopiu.net\/wordpress\/wp-content\/uploads\/2021\/02\/Sottocoperta-Lettura-28-febbraio-1536x864.jpg 1536w, https:\/\/www.radiopiu.net\/wordpress\/wp-content\/uploads\/2021\/02\/Sottocoperta-Lettura-28-febbraio.jpg 1707w\" sizes=\"auto, (max-width: 167px) 100vw, 167px\" \/><\/a>SOTTOCOPERTA, I PROSSIMI EVENTI<\/h3>\n<\/blockquote>\n<p><strong>LIMANA<\/strong> Domenica\u00a0 alle 18 ci sar\u00e0 la lettura con Carlo Corsini, Simone Carnielli e Alessandro Marchetti. Un viaggio fantastico tra fiabe, racconti e tradizioni di posti vicini o posti lontani, per bambini dai 4 anni in su. Per seguire la diretta streaming prenotate il vostro link: sbogo.limana@valbelluna.bl.it entro le\u00a0 12 di sabato.<\/p>\n<p>&nbsp;<\/p>\n<h3><\/h3>\n<p>&nbsp;<\/p>\n<hr \/>\n<p>&nbsp;<\/p>\n<blockquote>\n<h3>NUOVI ORARI CALL CENTER COVID DAL 1\u00b0 FEBBRAIO 2021<\/h3>\n<\/blockquote>\n<p><strong><a href=\"https:\/\/www.radiopiu.net\/wordpress\/giornale-radiopiu-26-gennaio-2021-direttore-mirko-mezzacasa\/numero-covid_febbraio-2021\/\" rel=\"attachment wp-att-186852\"><img loading=\"lazy\" decoding=\"async\" class=\"wp-image-186852 alignleft\" src=\"https:\/\/www.radiopiu.net\/wordpress\/wp-content\/uploads\/2021\/01\/numero-covid_febbraio-2021-300x212.jpg\" alt=\"\" width=\"202\" height=\"143\" srcset=\"https:\/\/www.radiopiu.net\/wordpress\/wp-content\/uploads\/2021\/01\/numero-covid_febbraio-2021-300x212.jpg 300w, https:\/\/www.radiopiu.net\/wordpress\/wp-content\/uploads\/2021\/01\/numero-covid_febbraio-2021-1024x724.jpg 1024w, https:\/\/www.radiopiu.net\/wordpress\/wp-content\/uploads\/2021\/01\/numero-covid_febbraio-2021-768x543.jpg 768w, https:\/\/www.radiopiu.net\/wordpress\/wp-content\/uploads\/2021\/01\/numero-covid_febbraio-2021-1536x1086.jpg 1536w, https:\/\/www.radiopiu.net\/wordpress\/wp-content\/uploads\/2021\/01\/numero-covid_febbraio-2021.jpg 2000w\" sizes=\"auto, (max-width: 202px) 100vw, 202px\" \/><\/a> <\/strong><\/p>\n<p><strong>\u00a0<\/strong><\/p>\n<p><strong>BELLUNO <\/strong>L&#8217;importante rallentamento epidemico registrato nelle ultime settimane e la conseguente forte riduzione delle telefonate con richiesta di informazioni da parte dei cittadini, consentono di rimodulare giorni ed orari di attivit\u00e0 del CALL CENTER COVID Dal 1\u00b0 febbraio 2021 lo 0437\/514343 sar\u00e0 attivo dalle 8 alle 18 da luned\u00ec a sabato.<\/p>\n<p>&nbsp;<\/p>\n<blockquote>\n<h3><\/h3>\n<\/blockquote>\n<hr \/>\n<p>&nbsp;<\/p>\n<blockquote>\n<h3>\u201cBELLUNO SOLIDARITY ON AIR\u201d PRONTA AD ACCOGLIERE NUOVI GIOVANI<\/h3>\n<\/blockquote>\n<p><strong>BELLUNO<\/strong> \u00a0\u201cBelluno Solidarity on air\u201d, web radio decollata nel settembre scorso punta ad allargare il team dei giovani volontari. <em>\u00abSiamo molto soddisfatti dei risultati ottenuti finora\u00bb affermano le promotrici Ariela Shatku e Laura De Riz. \u00abll progetto ha dato opportunit\u00e0 a 19 giovani under 30, residenti nel bellunese e di background diversi, tutti alle prime armi con il mondo della comunicazione radio, di fare gruppo in sinergia, impegnandosi con l\u2019utilizzo di strumenti digitali nella realizzazione delle interviste, dando voce ai giovani del territorio\u00bb. <\/em>Ora, il team si apre ad accogliere nuovi giovani motivati, desiderosi di proporre nuovi contenuti, rubriche inedite, anche su temi non affrontati: per farlo \u00e8 sufficiente scrivere a europa@csvbelluno.it<\/p>\n\n\t\t\t<style type='text\/css'>\n\t\t\t\t#gallery-6 {\n\t\t\t\t\tmargin: auto;\n\t\t\t\t}\n\t\t\t\t#gallery-6 .gallery-item {\n\t\t\t\t\tfloat: left;\n\t\t\t\t\tmargin-top: 10px;\n\t\t\t\t\ttext-align: center;\n\t\t\t\t\twidth: 50%;\n\t\t\t\t}\n\t\t\t\t#gallery-6 img {\n\t\t\t\t\tborder: 2px solid #cfcfcf;\n\t\t\t\t}\n\t\t\t\t#gallery-6 .gallery-caption {\n\t\t\t\t\tmargin-left: 0;\n\t\t\t\t}\n\t\t\t\t\/* see gallery_shortcode() in wp-includes\/media.php *\/\n\t\t\t<\/style>\n\t\t<div id='gallery-6' class='dt-gallery-container gallery galleryid-193583 gallery-columns-2 gallery-size-medium'><dl class='gallery-item'>\n\t\t\t\t<dt class='gallery-icon portrait'>\n\t\t\t\t\t<a class=\"rollover rollover-zoom dt-pswp-item\" title=\"team (foto archivio)\" data-dt-img-description=\"\" data-large_image_width=\"1488\" data-large_image_height=\"1984\"href='https:\/\/www.radiopiu.net\/wordpress\/wp-content\/uploads\/2021\/02\/team-foto-archivio.jpg'><img loading=\"lazy\" decoding=\"async\" width=\"225\" height=\"300\" src=\"https:\/\/www.radiopiu.net\/wordpress\/wp-content\/uploads\/2021\/02\/team-foto-archivio-225x300.jpg\" class=\"attachment-medium size-medium\" alt=\"\" srcset=\"https:\/\/www.radiopiu.net\/wordpress\/wp-content\/uploads\/2021\/02\/team-foto-archivio-225x300.jpg 225w, https:\/\/www.radiopiu.net\/wordpress\/wp-content\/uploads\/2021\/02\/team-foto-archivio-768x1024.jpg 768w, https:\/\/www.radiopiu.net\/wordpress\/wp-content\/uploads\/2021\/02\/team-foto-archivio-1152x1536.jpg 1152w, https:\/\/www.radiopiu.net\/wordpress\/wp-content\/uploads\/2021\/02\/team-foto-archivio.jpg 1488w\" sizes=\"auto, (max-width: 225px) 100vw, 225px\" \/><\/a>\n\t\t\t\t<\/dt><\/dl><dl class='gallery-item'>\n\t\t\t\t<dt class='gallery-icon portrait'>\n\t\t\t\t\t<a class=\"rollover rollover-zoom dt-pswp-item\" title=\"giovani web radio\" data-dt-img-description=\"\" data-large_image_width=\"606\" data-large_image_height=\"931\"href='https:\/\/www.radiopiu.net\/wordpress\/wp-content\/uploads\/2021\/02\/giovani-web-radio.jpg'><img loading=\"lazy\" decoding=\"async\" width=\"195\" height=\"300\" src=\"https:\/\/www.radiopiu.net\/wordpress\/wp-content\/uploads\/2021\/02\/giovani-web-radio-195x300.jpg\" class=\"attachment-medium size-medium\" alt=\"\" srcset=\"https:\/\/www.radiopiu.net\/wordpress\/wp-content\/uploads\/2021\/02\/giovani-web-radio-195x300.jpg 195w, https:\/\/www.radiopiu.net\/wordpress\/wp-content\/uploads\/2021\/02\/giovani-web-radio.jpg 606w\" sizes=\"auto, (max-width: 195px) 100vw, 195px\" \/><\/a>\n\t\t\t\t<\/dt><\/dl><br style=\"clear: both\" \/>\n\t\t\t<\/div>\n\n<p>&nbsp;<\/p>\n<hr \/>\n<p>&nbsp;<\/p>\n<blockquote>\n<h3>METEO, ULTIMI GIORNI D&#8217;INVERNO CON TEMPERATURE DA PRIMAVERA INOLTRATA<\/h3>\n<\/blockquote>\n<p>L&#8217;inverno meteorologico si conclude il 28 febbraio, mentre sulla regione si registrano giornate con temperature massime di stampo tipicamente primaverile, temperature risalite, specie nelle massime giornaliere, su valori molto anomali per questa ultima parte di febbraio. Da mercoled\u00ec l\u2019entrata di aria un po\u2019 pi\u00f9 secca anche nei bassi strati ha contribuito a rendere la giornata molto soleggiata anche in pianura registrando un repentino rialzo delle temperature diurne, fino a raggiungere massime di 20-23\u00b0C su gran parte delle zone pianeggianti e con locali punte anche prossime ai 25\u00b0C soprattutto nel Trevigiano. Giornata\u00a0 caratterizzata anche da una forte escursione termica giornaliera<br \/>\ncon sbalzi di temperatura, tra la minima del mattino e la massima del primo pomeriggio, che in diversi casi hanno superato i 20\u00b0C. I valori rappresentano in molti casi dei record di caldo in riferimento all\u2019ultimo trentennio per il mese di febbraio, in particolare nel Trevigiano.<\/p>\n<p><a href=\"https:\/\/www.radiopiu.net\/wordpress\/giornale-radiopiu-26-febbraio-2021-direttore-mirko-mezzacasa\/fc722f5b-fb1c-4ed6-98bf-de446ee3d8f3\/\" rel=\"attachment wp-att-193680\"><img loading=\"lazy\" decoding=\"async\" class=\"alignnone wp-image-193680 size-full\" src=\"https:\/\/www.radiopiu.net\/wordpress\/wp-content\/uploads\/2021\/02\/fc722f5b-fb1c-4ed6-98bf-de446ee3d8f3.jpg\" alt=\"\" width=\"2000\" height=\"1125\" srcset=\"https:\/\/www.radiopiu.net\/wordpress\/wp-content\/uploads\/2021\/02\/fc722f5b-fb1c-4ed6-98bf-de446ee3d8f3.jpg 2000w, https:\/\/www.radiopiu.net\/wordpress\/wp-content\/uploads\/2021\/02\/fc722f5b-fb1c-4ed6-98bf-de446ee3d8f3-300x169.jpg 300w, https:\/\/www.radiopiu.net\/wordpress\/wp-content\/uploads\/2021\/02\/fc722f5b-fb1c-4ed6-98bf-de446ee3d8f3-1024x576.jpg 1024w, https:\/\/www.radiopiu.net\/wordpress\/wp-content\/uploads\/2021\/02\/fc722f5b-fb1c-4ed6-98bf-de446ee3d8f3-768x432.jpg 768w, https:\/\/www.radiopiu.net\/wordpress\/wp-content\/uploads\/2021\/02\/fc722f5b-fb1c-4ed6-98bf-de446ee3d8f3-1536x864.jpg 1536w\" sizes=\"auto, (max-width: 2000px) 100vw, 2000px\" \/><\/a><\/p>\n<p>&nbsp;<\/p>\n<p>&nbsp;<\/p>\n<hr \/>\n<p>&nbsp;<\/p>\n<blockquote>\n<h3>\u201cVIAGGIO INTORNO A UNA PROVINCIA\u201d CON L\u2019AGORDINO \u201cNUOVA FRONTIERA\u201d<\/h3>\n<\/blockquote>\n<p><strong>di Renato Bona<\/strong><\/p>\n<p>Nel marzo del 1989 veniva proposta dall\u2019Amministrazione provinciale di Belluno la prima edizione (la seconda sarebbe seguita nell\u2019agosto dello stesso anno; a seguire, altre due edizioni) del prezioso, elegante libro \u201cBelluno. Viaggio intorno a una provincia\u201d, con la Libreria Pilotto Editrice di Feltre, stampato da Graphic Group Feltre. In copertina la foto di Francesco Sovilla con la fuga di archi del Palazzo dei Rettori, oggi della Prefettura, a Belluno, nei risguardi di copertina: due mappe del territorio bellunese, realizzate da Giampiccoli (1780) e Magini (1620), fotografie del gi\u00e0 citato Sovilla e quindi di Cadorin, Dalla Giustina, De Vido, Riva. Autori dei testi: Maurizio Busatta (curatore anche del piano dell\u2019opera, progetto e coordinamento editoriale: autore dei capitoli: \u201cUna provincia che crede nel futuro\u201d, \u201cIl cuore dello sviluppo\u201d, \u201cUna comunit\u00e0 che cresce\u201d); Giovan Battista Pellegrini (\u201cProtostoria e storia antica\u201d); Dino Conti (\u201cL\u2019effetto citt\u00e0\u201d); Fiorello Zangrando (\u201cLa dove muovevano le zattere\u201d, \u201cLongarone, prima e dopo\u201d, \u201cUn loggione sulla Val Belluna\u201d, \u201cIl bosco dei Dogi\u201d, \u201cLa valle del gelato chiama turismo\u201d); Silvio Guarnieri (\u201cPresenze ed assenze\u201d); Adriano Sernagiotto (\u201cUna citt\u00e0 e un territorio ponte\u201d); Giuseppe Sorge (\u201cLa nuova frontiera\u201d); Ulderico Bernardi (\u201cLa condizione migrante\u201d); Gian Candido De Martin (\u201cLa realt\u00e0 delle Regole\u201d); Giancarlo Pagogna (\u201cAcqua, legno e occhiali\u201d); Lucio Eicher Clere (\u201cLa voglia di restare\u201d); Mario Ferruccio Belli (\u201cLungo la Strada Regia\u201d, \u201cCortina, la Tradizione\u201d). Sotto il titolo \u201cUna riflessione e un impegno\u201d, la Giunta provinciale dell\u2019epoca precisava di aver affidato \u201cl\u2019incarico di accompagnare il lettore in questo Viaggio per meglio apprezzare non tanto e solo l\u2019entit\u00e0 fisica e territoriale della provincia, quanto la peculiare individualit\u00e0 etnico-culturale della societ\u00e0 bellunese, alla cui precisa definizione e connotazione hanno contribuito, fin dalla preistoria , le amene bellezze naturali come luoghi in cui si sono configurati gli incontri delle varie culture\u201d. E concludeva sottolineando che \u201cAi bellunesi \u00e8 dedicato questo lavoro per un momento di riflessione sulla civilt\u00e0, sulla storia, sulla cultura, sulle tradizioni oltrech\u00e9 sulle aspirazioni. A questi ultimi \u00e8 rivolto l\u2019impegno dell\u2019Amministrazione provinciale di Belluno, ente intermedio fra le otto Comunit\u00e0 montane, i sessantanove comuni e la Regione Veneto, chiamati a collaborare per attuare concreti interventi corrispondenti alle aspettative di tutta la popolazione bellunese\u201d. Busatta dal canto suo specificava che: \u201cQuesto Viaggio intorno alla provincia di Belluno \u00e8 un omaggio alla terra delle Dolomiti: gli atolli pi\u00f9 vicini al cielo, come defin\u00ec i Monti Pallidi Giovanni Comisso, grande interprete dell\u2019anima veneta. Un paesaggio, un \u2018marchio\u2019 &#8211; le Dolomiti &#8211; largamente bellunesi, anche se c\u2019\u00e8 chi se ne dimentica\u201d. Aggiungendo: \u201cLe pagine che seguono non intendono affatto assolvere la funzione di guida. Scandite da fotografie che si possono gustare come un film, e scritte a pi\u00f9 mani, queste testimonianze offrono al lettore una serie di contributi che, pur articolati per area e quindi di fatto proposti sotto forma di baedeker, tendono a raggiungere un obiettivo pi\u00f9 complesso: la scoperta, o meglio l\u2019identificazione dei \u2018caratteri originari\u2019 (sotto tutti i punti di vista) della provincia di Belluno,, del suo territorio, della sua gente\u2026\u201d. In questa occasione, \u201caccompagnati\u201d da Giuseppe Sorge, ci soffermiamo sul capitolo dedicato all\u2019Agordino, in cui l\u2019autore richiama una \u201cprofezia\u201ddell\u2019accademico bellunese del Cai Furio Bianchet a proposito di \u201ccosa sarebbe per queste zone se una funivia arrivasse in cima al Civetta; oppure in cima alla Marmolada\u201d per ricordare che qualche anno dopo, quell\u2019ipotesi diventava progetto della famiglia Vascellari che, d\u2019intesa con il Comune di Rocca Pietore e degli operatori turistici di Alleghe finanziava la realizzazione dell\u2019arditissimo impianto funiviario in due tronchi (da Malga Ciapela a Serauta e da Serauta a Punta Rocca) che avrebbe raggiunto qualche anno dopo la sommit\u00e0 della \u2018Regina delle Dolomiti\u2019 a 3265 metri. Un tragitto di poco meno di trenta minuti\u201d. Sorge aggiungeva: \u201cLa storia dell\u2019Agordino, o meglio l\u2019ultimo capitolo, quello che stanno ora vivendo le genti di questa vallata percorsa dal torrente Crodevole, porta come data significativa quella del 1967. Da allora la vallata ha conquistato una posizione di preminenza nell\u2019economia non solo turistica, del Bellunese, realizzando con numerosi altri impianti funiviari, seggiovie, skilift, e con la seconda stagione, quella invernale, un rilevante e qualificato patrimonio che sta cambiando le sorti di questa gente, le sue condizioni di vita, la sua ricchezza\u201d. Passava ad altro, dopo un cenno sull\u2019antico ospizio (San Marco) di Vedana per citarne uno per tutti, lungo la vallata (era da mettere in relazione all\u2019intenso traffico commerciale in particolare con la laguna veneta, che aveva come direttrice obbligata il \u2018canale d\u2019Agordo\u2019). E, a proposito di scienza, miniera e fucine, dopo la citazione dell\u2019Istituto minerario e di Tito Livio Burattini, la sottolineatura che: \u201cNel XV e XVI secolo dalla Valle del Mis a Caprile, dal Passo Valles al Duran non c\u2019era localit\u00e0 che non avesse la sua piccola miniera di ferro, o di rame, o di piombo o magari d\u2019argento\u2026\u201d. Quindi, per arrivare a tempi pi\u00f9 vicini, la grandiosa realt\u00e0 dello stabilimento Luxottica di Leonardo Del vecchio che d\u00e0 lavoro a migliaia di persone. Immancabile il richiamo a illustri figure religiose come Albino Luciani, il \u201cPapa bellunese del sorriso\u201d asceso al soglio di Pietro col nome di Giovanni Paolo I, padre Felice Cappello. Don Antonio, Della Lucia; poi edifici sacri che sono anche monumenti nazionali. E, ancora, il lago di Alleghe ed il Castello di Andraz con la loro storia cos\u00ec come i Serrai di Sottoguda le realt\u00e0 della Val Fiorentina, quelle dei rifugi e via elencando\u2026<\/p>\n\n\t\t\t<style type='text\/css'>\n\t\t\t\t#gallery-7 {\n\t\t\t\t\tmargin: auto;\n\t\t\t\t}\n\t\t\t\t#gallery-7 .gallery-item {\n\t\t\t\t\tfloat: left;\n\t\t\t\t\tmargin-top: 10px;\n\t\t\t\t\ttext-align: center;\n\t\t\t\t\twidth: 12%;\n\t\t\t\t}\n\t\t\t\t#gallery-7 img {\n\t\t\t\t\tborder: 2px solid #cfcfcf;\n\t\t\t\t}\n\t\t\t\t#gallery-7 .gallery-caption {\n\t\t\t\t\tmargin-left: 0;\n\t\t\t\t}\n\t\t\t\t\/* see gallery_shortcode() in wp-includes\/media.php *\/\n\t\t\t<\/style>\n\t\t<div id='gallery-7' class='dt-gallery-container gallery galleryid-193583 gallery-columns-8 gallery-size-thumbnail'><dl class='gallery-item'>\n\t\t\t\t<dt class='gallery-icon portrait'>\n\t\t\t\t\t<a class=\"rollover rollover-zoom dt-pswp-item\" title=\"154006610_1123784698081858_7843415498495486479_n\" data-dt-img-description=\"\" data-large_image_width=\"2001\" data-large_image_height=\"2560\"href='https:\/\/www.radiopiu.net\/wordpress\/wp-content\/uploads\/2021\/02\/154006610_1123784698081858_7843415498495486479_n-scaled.jpg'><img loading=\"lazy\" decoding=\"async\" width=\"150\" height=\"150\" src=\"https:\/\/www.radiopiu.net\/wordpress\/wp-content\/uploads\/2021\/02\/154006610_1123784698081858_7843415498495486479_n-150x150.jpg\" class=\"attachment-thumbnail size-thumbnail\" alt=\"\" \/><\/a>\n\t\t\t\t<\/dt><\/dl><dl class='gallery-item'>\n\t\t\t\t<dt class='gallery-icon portrait'>\n\t\t\t\t\t<a class=\"rollover rollover-zoom dt-pswp-item\" title=\"154460630_1392234557806984_1481646704766424705_n\" data-dt-img-description=\"\" data-large_image_width=\"1515\" data-large_image_height=\"2318\"href='https:\/\/www.radiopiu.net\/wordpress\/wp-content\/uploads\/2021\/02\/154460630_1392234557806984_1481646704766424705_n.jpg'><img loading=\"lazy\" decoding=\"async\" width=\"150\" height=\"150\" src=\"https:\/\/www.radiopiu.net\/wordpress\/wp-content\/uploads\/2021\/02\/154460630_1392234557806984_1481646704766424705_n-150x150.jpg\" class=\"attachment-thumbnail size-thumbnail\" alt=\"\" \/><\/a>\n\t\t\t\t<\/dt><\/dl><dl class='gallery-item'>\n\t\t\t\t<dt class='gallery-icon landscape'>\n\t\t\t\t\t<a class=\"rollover rollover-zoom dt-pswp-item\" title=\"154099577_153402256606562_3314392986775358519_n\" data-dt-img-description=\"\" data-large_image_width=\"2560\" data-large_image_height=\"1832\"href='https:\/\/www.radiopiu.net\/wordpress\/wp-content\/uploads\/2021\/02\/154099577_153402256606562_3314392986775358519_n-scaled.jpg'><img loading=\"lazy\" decoding=\"async\" width=\"150\" height=\"150\" src=\"https:\/\/www.radiopiu.net\/wordpress\/wp-content\/uploads\/2021\/02\/154099577_153402256606562_3314392986775358519_n-150x150.jpg\" class=\"attachment-thumbnail size-thumbnail\" alt=\"\" \/><\/a>\n\t\t\t\t<\/dt><\/dl><dl class='gallery-item'>\n\t\t\t\t<dt class='gallery-icon landscape'>\n\t\t\t\t\t<a class=\"rollover rollover-zoom dt-pswp-item\" title=\"153985027_1852936008236449_7372294108874596435_n\" data-dt-img-description=\"\" data-large_image_width=\"2560\" data-large_image_height=\"1726\"href='https:\/\/www.radiopiu.net\/wordpress\/wp-content\/uploads\/2021\/02\/153985027_1852936008236449_7372294108874596435_n-scaled.jpg'><img loading=\"lazy\" decoding=\"async\" width=\"150\" height=\"150\" src=\"https:\/\/www.radiopiu.net\/wordpress\/wp-content\/uploads\/2021\/02\/153985027_1852936008236449_7372294108874596435_n-150x150.jpg\" class=\"attachment-thumbnail size-thumbnail\" alt=\"\" \/><\/a>\n\t\t\t\t<\/dt><\/dl><dl class='gallery-item'>\n\t\t\t\t<dt class='gallery-icon portrait'>\n\t\t\t\t\t<a class=\"rollover rollover-zoom dt-pswp-item\" title=\"153799888_246786103664229_6815373187702279987_n\" data-dt-img-description=\"\" data-large_image_width=\"2135\" data-large_image_height=\"2560\"href='https:\/\/www.radiopiu.net\/wordpress\/wp-content\/uploads\/2021\/02\/153799888_246786103664229_6815373187702279987_n-scaled.jpg'><img loading=\"lazy\" decoding=\"async\" width=\"150\" height=\"150\" src=\"https:\/\/www.radiopiu.net\/wordpress\/wp-content\/uploads\/2021\/02\/153799888_246786103664229_6815373187702279987_n-150x150.jpg\" class=\"attachment-thumbnail size-thumbnail\" alt=\"\" \/><\/a>\n\t\t\t\t<\/dt><\/dl><dl class='gallery-item'>\n\t\t\t\t<dt class='gallery-icon landscape'>\n\t\t\t\t\t<a class=\"rollover rollover-zoom dt-pswp-item\" title=\"154198871_247218513619236_6294486979420802154_n\" data-dt-img-description=\"\" data-large_image_width=\"2191\" data-large_image_height=\"1558\"href='https:\/\/www.radiopiu.net\/wordpress\/wp-content\/uploads\/2021\/02\/154198871_247218513619236_6294486979420802154_n.jpg'><img loading=\"lazy\" decoding=\"async\" width=\"150\" height=\"150\" src=\"https:\/\/www.radiopiu.net\/wordpress\/wp-content\/uploads\/2021\/02\/154198871_247218513619236_6294486979420802154_n-150x150.jpg\" class=\"attachment-thumbnail size-thumbnail\" alt=\"\" \/><\/a>\n\t\t\t\t<\/dt><\/dl><dl class='gallery-item'>\n\t\t\t\t<dt class='gallery-icon landscape'>\n\t\t\t\t\t<a class=\"rollover rollover-zoom dt-pswp-item\" title=\"153688069_247796306824165_95793368980140685_n\" data-dt-img-description=\"\" data-large_image_width=\"2560\" data-large_image_height=\"1723\"href='https:\/\/www.radiopiu.net\/wordpress\/wp-content\/uploads\/2021\/02\/153688069_247796306824165_95793368980140685_n-scaled.jpg'><img loading=\"lazy\" decoding=\"async\" width=\"150\" height=\"150\" src=\"https:\/\/www.radiopiu.net\/wordpress\/wp-content\/uploads\/2021\/02\/153688069_247796306824165_95793368980140685_n-150x150.jpg\" class=\"attachment-thumbnail size-thumbnail\" alt=\"\" \/><\/a>\n\t\t\t\t<\/dt><\/dl><dl class='gallery-item'>\n\t\t\t\t<dt class='gallery-icon portrait'>\n\t\t\t\t\t<a class=\"rollover rollover-zoom dt-pswp-item\" title=\"153857590_248839230184167_423582865799122404_n\" data-dt-img-description=\"\" data-large_image_width=\"1809\" data-large_image_height=\"2100\"href='https:\/\/www.radiopiu.net\/wordpress\/wp-content\/uploads\/2021\/02\/153857590_248839230184167_423582865799122404_n.jpg'><img loading=\"lazy\" decoding=\"async\" width=\"150\" height=\"150\" src=\"https:\/\/www.radiopiu.net\/wordpress\/wp-content\/uploads\/2021\/02\/153857590_248839230184167_423582865799122404_n-150x150.jpg\" class=\"attachment-thumbnail size-thumbnail\" alt=\"\" \/><\/a>\n\t\t\t\t<\/dt><\/dl><br style=\"clear: both\" \/><dl class='gallery-item'>\n\t\t\t\t<dt class='gallery-icon portrait'>\n\t\t\t\t\t<a class=\"rollover rollover-zoom dt-pswp-item\" title=\"153725882_252856509819876_4571394661778945949_n\" data-dt-img-description=\"\" data-large_image_width=\"1855\" data-large_image_height=\"2400\"href='https:\/\/www.radiopiu.net\/wordpress\/wp-content\/uploads\/2021\/02\/153725882_252856509819876_4571394661778945949_n.jpg'><img loading=\"lazy\" decoding=\"async\" width=\"150\" height=\"150\" src=\"https:\/\/www.radiopiu.net\/wordpress\/wp-content\/uploads\/2021\/02\/153725882_252856509819876_4571394661778945949_n-150x150.jpg\" class=\"attachment-thumbnail size-thumbnail\" alt=\"\" \/><\/a>\n\t\t\t\t<\/dt><\/dl><dl class='gallery-item'>\n\t\t\t\t<dt class='gallery-icon portrait'>\n\t\t\t\t\t<a class=\"rollover rollover-zoom dt-pswp-item\" title=\"153703858_2890931764564331_8197111545978040530_n\" data-dt-img-description=\"\" data-large_image_width=\"1709\" data-large_image_height=\"2560\"href='https:\/\/www.radiopiu.net\/wordpress\/wp-content\/uploads\/2021\/02\/153703858_2890931764564331_8197111545978040530_n-scaled.jpg'><img loading=\"lazy\" decoding=\"async\" width=\"150\" height=\"150\" src=\"https:\/\/www.radiopiu.net\/wordpress\/wp-content\/uploads\/2021\/02\/153703858_2890931764564331_8197111545978040530_n-150x150.jpg\" class=\"attachment-thumbnail size-thumbnail\" alt=\"\" \/><\/a>\n\t\t\t\t<\/dt><\/dl><dl class='gallery-item'>\n\t\t\t\t<dt class='gallery-icon landscape'>\n\t\t\t\t\t<a class=\"rollover rollover-zoom dt-pswp-item\" title=\"153688083_360486081947630_6123050281381899184_n\" data-dt-img-description=\"\" data-large_image_width=\"2560\" data-large_image_height=\"1275\"href='https:\/\/www.radiopiu.net\/wordpress\/wp-content\/uploads\/2021\/02\/153688083_360486081947630_6123050281381899184_n-scaled.jpg'><img loading=\"lazy\" decoding=\"async\" width=\"150\" height=\"150\" src=\"https:\/\/www.radiopiu.net\/wordpress\/wp-content\/uploads\/2021\/02\/153688083_360486081947630_6123050281381899184_n-150x150.jpg\" class=\"attachment-thumbnail size-thumbnail\" alt=\"\" \/><\/a>\n\t\t\t\t<\/dt><\/dl><dl class='gallery-item'>\n\t\t\t\t<dt class='gallery-icon portrait'>\n\t\t\t\t\t<a class=\"rollover rollover-zoom dt-pswp-item\" title=\"153616988_3751321451650741_4856062723866465159_n\" data-dt-img-description=\"\" data-large_image_width=\"2244\" data-large_image_height=\"2560\"href='https:\/\/www.radiopiu.net\/wordpress\/wp-content\/uploads\/2021\/02\/153616988_3751321451650741_4856062723866465159_n-scaled.jpg'><img loading=\"lazy\" decoding=\"async\" width=\"150\" height=\"150\" src=\"https:\/\/www.radiopiu.net\/wordpress\/wp-content\/uploads\/2021\/02\/153616988_3751321451650741_4856062723866465159_n-150x150.jpg\" class=\"attachment-thumbnail size-thumbnail\" alt=\"\" \/><\/a>\n\t\t\t\t<\/dt><\/dl><dl class='gallery-item'>\n\t\t\t\t<dt class='gallery-icon portrait'>\n\t\t\t\t\t<a class=\"rollover rollover-zoom dt-pswp-item\" title=\"153648956_416414619421957_1855595277029187000_n\" data-dt-img-description=\"\" data-large_image_width=\"1602\" data-large_image_height=\"2560\"href='https:\/\/www.radiopiu.net\/wordpress\/wp-content\/uploads\/2021\/02\/153648956_416414619421957_1855595277029187000_n-scaled.jpg'><img loading=\"lazy\" decoding=\"async\" width=\"150\" height=\"150\" src=\"https:\/\/www.radiopiu.net\/wordpress\/wp-content\/uploads\/2021\/02\/153648956_416414619421957_1855595277029187000_n-150x150.jpg\" class=\"attachment-thumbnail size-thumbnail\" alt=\"\" \/><\/a>\n\t\t\t\t<\/dt><\/dl><dl class='gallery-item'>\n\t\t\t\t<dt class='gallery-icon landscape'>\n\t\t\t\t\t<a class=\"rollover rollover-zoom dt-pswp-item\" title=\"154058690_490446975466187_283299012289783656_n\" data-dt-img-description=\"\" data-large_image_width=\"2560\" data-large_image_height=\"1708\"href='https:\/\/www.radiopiu.net\/wordpress\/wp-content\/uploads\/2021\/02\/154058690_490446975466187_283299012289783656_n-scaled.jpg'><img loading=\"lazy\" decoding=\"async\" width=\"150\" height=\"150\" src=\"https:\/\/www.radiopiu.net\/wordpress\/wp-content\/uploads\/2021\/02\/154058690_490446975466187_283299012289783656_n-150x150.jpg\" class=\"attachment-thumbnail size-thumbnail\" alt=\"\" \/><\/a>\n\t\t\t\t<\/dt><\/dl><dl class='gallery-item'>\n\t\t\t\t<dt class='gallery-icon portrait'>\n\t\t\t\t\t<a class=\"rollover rollover-zoom dt-pswp-item\" title=\"154170632_786559888622562_8417262679715810907_n\" data-dt-img-description=\"\" data-large_image_width=\"1688\" data-large_image_height=\"2560\"href='https:\/\/www.radiopiu.net\/wordpress\/wp-content\/uploads\/2021\/02\/154170632_786559888622562_8417262679715810907_n-scaled.jpg'><img loading=\"lazy\" decoding=\"async\" width=\"150\" height=\"150\" src=\"https:\/\/www.radiopiu.net\/wordpress\/wp-content\/uploads\/2021\/02\/154170632_786559888622562_8417262679715810907_n-150x150.jpg\" class=\"attachment-thumbnail size-thumbnail\" alt=\"\" \/><\/a>\n\t\t\t\t<\/dt><\/dl><dl class='gallery-item'>\n\t\t\t\t<dt class='gallery-icon portrait'>\n\t\t\t\t\t<a class=\"rollover rollover-zoom dt-pswp-item\" title=\"154558046_857161948462848_1920443687717615644_n\" data-dt-img-description=\"\" data-large_image_width=\"183\" data-large_image_height=\"275\"href='https:\/\/www.radiopiu.net\/wordpress\/wp-content\/uploads\/2021\/02\/154558046_857161948462848_1920443687717615644_n.jpg'><img loading=\"lazy\" decoding=\"async\" width=\"150\" height=\"150\" src=\"https:\/\/www.radiopiu.net\/wordpress\/wp-content\/uploads\/2021\/02\/154558046_857161948462848_1920443687717615644_n-150x150.jpg\" class=\"attachment-thumbnail size-thumbnail\" alt=\"\" \/><\/a>\n\t\t\t\t<\/dt><\/dl><br style=\"clear: both\" \/>\n\t\t\t<\/div>\n\n<p>NELLE FOTO (Radio Pi\u00f9 e riproduzioni dal libro \u201cBelluno. Viaggio intorno a una provincia\u201d): il dott. Maurizio Busatta; la copertina del volume voluto dalla Provincia di Belluno; splendida panoramica del ghiacciaio della Marmolada; hockey nello stadio del ghiaccio di Alleghe; Tiser di Gosaldo, nell\u2019alta valle del Mis; un \u201ccaregheta\u201d di Rivamonte; il \u201cBroi\u201d, la vera piazza di Agordo; obiettivo sullo stabilimento di Luxottica; l\u2019istituto minerario \u201cFollador\u201d; Canale d\u2019Agordo: il paese della \u201cvalle dei santi alla finestra\u201d oltre che terra natale del \u201cPapa bellunese del sorriso\u201d, Albino Luciani; Cencenighe alla confluenza del Biois nel Cordevole; chiesa e campanile di San Simon di Vallada; rifugio Scarpa e malga Losch a Frassen\u00e8 di Voltago; suggestivo: scende il tramonto su Alleghe ed il suo lago; il Castello di Andr\u00e0z di Livinallongo; Colle Santa Lucia: linea di demarcazione tra mondo tirolese e civilt\u00e0 veneta.<\/p>\n<p>&nbsp;<\/p>\n<p>&nbsp;<\/p>\n<hr \/>\n<blockquote>\n<h3><a href=\"https:\/\/www.radiopiu.net\/wordpress\/giornale-radiopiu-17-febbraio-2021-direttore-mirko-mezzacasa\/149288210_864291084356461_5213230709275692954_o\/\" rel=\"attachment wp-att-191849\"><img loading=\"lazy\" decoding=\"async\" class=\"wp-image-191849 alignleft\" src=\"https:\/\/www.radiopiu.net\/wordpress\/wp-content\/uploads\/2021\/02\/149288210_864291084356461_5213230709275692954_o-300x256.jpg\" alt=\"\" width=\"131\" height=\"112\" srcset=\"https:\/\/www.radiopiu.net\/wordpress\/wp-content\/uploads\/2021\/02\/149288210_864291084356461_5213230709275692954_o-300x256.jpg 300w, https:\/\/www.radiopiu.net\/wordpress\/wp-content\/uploads\/2021\/02\/149288210_864291084356461_5213230709275692954_o.jpg 600w\" sizes=\"auto, (max-width: 131px) 100vw, 131px\" \/><\/a>L&#8217;INIZIATIVA SOLIDALE DELLA CORALE DI LIMANA<\/h3>\n<\/blockquote>\n<p><strong>AUDIO<\/strong><\/p>\n<audio class=\"wp-audio-shortcode\" id=\"audio-193583-7\" preload=\"none\" style=\"width: 100%;\" controls=\"controls\"><source type=\"audio\/mpeg\" src=\"https:\/\/www.radiopiu.net\/wordpress\/wp-content\/uploads\/2021\/02\/cori-silvia2.mp3?_=7\" \/><a href=\"https:\/\/www.radiopiu.net\/wordpress\/wp-content\/uploads\/2021\/02\/cori-silvia2.mp3\">https:\/\/www.radiopiu.net\/wordpress\/wp-content\/uploads\/2021\/02\/cori-silvia2.mp3<\/a><\/audio>\n<p>&nbsp;<\/p>\n<hr \/>\n<p>&nbsp;<\/p>\n<blockquote>\n<h2>CASSA SOLIDARIET\u00c0 LUXOTTICA<\/h2>\n<\/blockquote>\n<h3><strong><span style=\"color: #ff0000;\">IL NUMERO DI FEBBRAIO CON PAOLO CHISSALE&#8217; E FABRIZIO CAMPEDEL\u00a0\u00a0<\/span><\/strong><\/h3>\n<audio class=\"wp-audio-shortcode\" id=\"audio-193583-8\" preload=\"none\" style=\"width: 100%;\" controls=\"controls\"><source type=\"audio\/mpeg\" src=\"https:\/\/www.radiopiu.net\/wordpress\/wp-content\/uploads\/2021\/02\/ca-sol-lux-febbraio.mp3?_=8\" \/><a href=\"https:\/\/www.radiopiu.net\/wordpress\/wp-content\/uploads\/2021\/02\/ca-sol-lux-febbraio.mp3\">https:\/\/www.radiopiu.net\/wordpress\/wp-content\/uploads\/2021\/02\/ca-sol-lux-febbraio.mp3<\/a><\/audio>\n<blockquote>\n<h2>RACCOLTA COMPLETA<\/h2>\n<\/blockquote>\n<blockquote class=\"wp-embedded-content\" data-secret=\"Dj84FQINrV\"><p><a href=\"https:\/\/www.radiopiu.net\/wordpress\/cassa-solidarieta-luxottica-puntata-del-16-ottobre-2020\/\">CASSA SOLIDARIET\u00c0 LUXOTTICA &#8211; PUNTATA DEL 20 NOVEMBRE 2020<\/a><\/p><\/blockquote>\n<p><iframe loading=\"lazy\" class=\"wp-embedded-content\" sandbox=\"allow-scripts\" security=\"restricted\" style=\"position: absolute; clip: rect(1px, 1px, 1px, 1px);\" title=\"&#8220;CASSA SOLIDARIET\u00c0 LUXOTTICA &#8211; PUNTATA DEL 20 NOVEMBRE 2020&#8221; &#8212; Radio Pi\u00f9\" src=\"https:\/\/www.radiopiu.net\/wordpress\/cassa-solidarieta-luxottica-puntata-del-16-ottobre-2020\/embed\/#?secret=Dj84FQINrV\" data-secret=\"Dj84FQINrV\" width=\"600\" height=\"338\" frameborder=\"0\" marginwidth=\"0\" marginheight=\"0\" scrolling=\"no\"><\/iframe><\/p>\n<div>\n<p>&nbsp;<\/p>\n<p>&nbsp;<\/p>\n<hr \/>\n<p>&nbsp;<\/p>\n<blockquote>\n<h3><a href=\"https:\/\/www.radiopiu.net\/wordpress\/giornale-radiopiu-06-febbraio-2019-direttore-mirko-mezzacasa\/logo_spi-cgil-800x445\/\" rel=\"attachment wp-att-75538\"><img loading=\"lazy\" decoding=\"async\" class=\"wp-image-75538 alignleft\" src=\"https:\/\/www.radiopiu.net\/wordpress\/wp-content\/uploads\/2019\/02\/Logo_Spi-CGIL-800x445-300x167.jpg\" alt=\"\" width=\"210\" height=\"117\" srcset=\"https:\/\/www.radiopiu.net\/wordpress\/wp-content\/uploads\/2019\/02\/Logo_Spi-CGIL-800x445-300x167.jpg 300w, https:\/\/www.radiopiu.net\/wordpress\/wp-content\/uploads\/2019\/02\/Logo_Spi-CGIL-800x445-768x427.jpg 768w, https:\/\/www.radiopiu.net\/wordpress\/wp-content\/uploads\/2019\/02\/Logo_Spi-CGIL-800x445.jpg 800w\" sizes=\"auto, (max-width: 210px) 100vw, 210px\" \/><\/a>ALLA RADIO, APPUNTAMENTO QUINDICINALE CON SPI-CGIL BELLUNO, IN STUDIO MARIA RITA GENTILIN<\/h3>\n<\/blockquote>\n<p><strong>di Claudio Fontanive<\/strong><\/p>\n<audio class=\"wp-audio-shortcode\" id=\"audio-193583-9\" preload=\"none\" style=\"width: 100%;\" controls=\"controls\"><source type=\"audio\/mpeg\" src=\"https:\/\/www.radiopiu.net\/wordpress\/wp-content\/uploads\/2021\/02\/spi-cgil-18-febbraio.mp3?_=9\" \/><a href=\"https:\/\/www.radiopiu.net\/wordpress\/wp-content\/uploads\/2021\/02\/spi-cgil-18-febbraio.mp3\">https:\/\/www.radiopiu.net\/wordpress\/wp-content\/uploads\/2021\/02\/spi-cgil-18-febbraio.mp3<\/a><\/audio>\n<p>&nbsp;<\/p>\n<p>&nbsp;<\/p>\n<hr \/>\n<p>&nbsp;<\/p>\n<p><span style=\"color: #ff0000;\"><a href=\"https:\/\/www.radiopiu.net\/wordpress\/giornale-radiopiu-25-febbraio-2021-direttore-mirko-mezzacasa\/84168586_3724582740900333_7440029064968011776_n\/\" rel=\"attachment wp-att-193399\"><img loading=\"lazy\" decoding=\"async\" class=\"wp-image-193399 alignleft\" src=\"https:\/\/www.radiopiu.net\/wordpress\/wp-content\/uploads\/2021\/02\/84168586_3724582740900333_7440029064968011776_n.jpg\" alt=\"\" width=\"143\" height=\"141\" \/><\/a>\u00a0<\/span><\/p>\n<p><strong>CISL LA VOCE DEI LAVORATORI<\/strong><\/p>\n<p><em>con Paolo Chissal\u00e8 e la Segretaria Femca Cisl Milena Cesca\u00a0<\/em><\/p>\n<audio class=\"wp-audio-shortcode\" id=\"audio-193583-10\" preload=\"none\" style=\"width: 100%;\" controls=\"controls\"><source type=\"audio\/mpeg\" src=\"https:\/\/www.radiopiu.net\/wordpress\/wp-content\/uploads\/2021\/02\/CISL-1.mp3?_=10\" \/><a href=\"https:\/\/www.radiopiu.net\/wordpress\/wp-content\/uploads\/2021\/02\/CISL-1.mp3\">https:\/\/www.radiopiu.net\/wordpress\/wp-content\/uploads\/2021\/02\/CISL-1.mp3<\/a><\/audio>\n<p>&nbsp;<\/p>\n<p>&nbsp;<\/p>\n<hr \/>\n<p>&nbsp;<\/p>\n<blockquote>\n<h2><a href=\"https:\/\/www.radiopiu.net\/wordpress\/speciale-solidarieta-veneto\/solidarieta-veneto-3\/\" rel=\"attachment wp-att-134366\"><img loading=\"lazy\" decoding=\"async\" class=\"wp-image-134366 alignleft\" src=\"https:\/\/www.radiopiu.net\/wordpress\/wp-content\/uploads\/2020\/05\/solidariet\u00e0-veneto-300x210.jpg\" alt=\"\" width=\"102\" height=\"71\" srcset=\"https:\/\/www.radiopiu.net\/wordpress\/wp-content\/uploads\/2020\/05\/solidariet\u00e0-veneto-300x210.jpg 300w, https:\/\/www.radiopiu.net\/wordpress\/wp-content\/uploads\/2020\/05\/solidariet\u00e0-veneto-1024x717.jpg 1024w, https:\/\/www.radiopiu.net\/wordpress\/wp-content\/uploads\/2020\/05\/solidariet\u00e0-veneto-768x538.jpg 768w, https:\/\/www.radiopiu.net\/wordpress\/wp-content\/uploads\/2020\/05\/solidariet\u00e0-veneto.jpg 1373w\" sizes=\"auto, (max-width: 102px) 100vw, 102px\" \/><\/a>SOLIDARIETA&#8217; VENETO FONDO PENSIONE, IN ONDA IL PRIMO VENERDI DEL MESE ALLE 10.30 E ALLE 19.00 QUINTA STAGIONE<\/h2>\n<\/blockquote>\n<p><strong>AUDIO FEBBRAIO 2021<\/strong><\/p>\n<audio class=\"wp-audio-shortcode\" id=\"audio-193583-11\" preload=\"none\" style=\"width: 100%;\" controls=\"controls\"><source type=\"audio\/mpeg\" src=\"https:\/\/www.radiopiu.net\/wordpress\/wp-content\/uploads\/2021\/02\/solidarieta-veneto-febbraio.mp3?_=11\" \/><a href=\"https:\/\/www.radiopiu.net\/wordpress\/wp-content\/uploads\/2021\/02\/solidarieta-veneto-febbraio.mp3\">https:\/\/www.radiopiu.net\/wordpress\/wp-content\/uploads\/2021\/02\/solidarieta-veneto-febbraio.mp3<\/a><\/audio>\n<blockquote>\n<h2>RACCOLTA COMPLETA<\/h2>\n<\/blockquote>\n<blockquote class=\"wp-embedded-content\" data-secret=\"yr9zL6F8g7\"><p><a href=\"https:\/\/www.radiopiu.net\/wordpress\/solidarieta-veneto\/\">Solidariet\u00e0 Veneto<\/a><\/p><\/blockquote>\n<p><iframe loading=\"lazy\" class=\"wp-embedded-content\" sandbox=\"allow-scripts\" security=\"restricted\" style=\"position: absolute; clip: rect(1px, 1px, 1px, 1px);\" title=\"&#8220;Solidariet\u00e0 Veneto&#8221; &#8212; Radio Pi\u00f9\" src=\"https:\/\/www.radiopiu.net\/wordpress\/solidarieta-veneto\/embed\/#?secret=yr9zL6F8g7\" data-secret=\"yr9zL6F8g7\" width=\"600\" height=\"338\" frameborder=\"0\" marginwidth=\"0\" marginheight=\"0\" scrolling=\"no\"><\/iframe><\/p>\n<p>&nbsp;<\/p>\n<hr \/>\n<p>&nbsp;<\/p>\n<h3>..rinascita&#8230;<\/h3>\n<p>di John Francis Della Pietra<\/p>\n<p><a href=\"https:\/\/www.radiopiu.net\/wordpress\/coraggio-di-john-francis-della-pietra\/john-francis-foto-x-sito-2\/\" rel=\"attachment wp-att-125457\"><img loading=\"lazy\" decoding=\"async\" class=\"wp-image-125457 alignleft\" src=\"https:\/\/www.radiopiu.net\/wordpress\/wp-content\/uploads\/2020\/03\/JOHN-FRANCIS-FOTO-X-SITO-300x169.jpg\" alt=\"\" width=\"151\" height=\"85\" srcset=\"https:\/\/www.radiopiu.net\/wordpress\/wp-content\/uploads\/2020\/03\/JOHN-FRANCIS-FOTO-X-SITO-300x169.jpg 300w, https:\/\/www.radiopiu.net\/wordpress\/wp-content\/uploads\/2020\/03\/JOHN-FRANCIS-FOTO-X-SITO-1024x576.jpg 1024w, https:\/\/www.radiopiu.net\/wordpress\/wp-content\/uploads\/2020\/03\/JOHN-FRANCIS-FOTO-X-SITO-768x432.jpg 768w, https:\/\/www.radiopiu.net\/wordpress\/wp-content\/uploads\/2020\/03\/JOHN-FRANCIS-FOTO-X-SITO-1536x864.jpg 1536w, https:\/\/www.radiopiu.net\/wordpress\/wp-content\/uploads\/2020\/03\/JOHN-FRANCIS-FOTO-X-SITO.jpg 1599w\" sizes=\"auto, (max-width: 151px) 100vw, 151px\" \/><\/a>Come ogni anno primavera verr\u00e0<br \/>\nLa giovanil stagione ritorner\u00e0<br \/>\nIl giorno sulla notte gi\u00e0 avanza<br \/>\nCi porter\u00e0 nuova speranza<br \/>\nSta per finire l inverno<br \/>\nMai come questo \u00e8 parso sempiterno<br \/>\nI ritmi della pandemia<br \/>\nC han azzerato la compagnia<br \/>\nMa la nascente luce<br \/>\nPace e gioia presto ci conduce<br \/>\nNella Pasqua di resurrezione<br \/>\nRinascer\u00e0 lo spirito e la nostra emozione<\/p>\n<audio class=\"wp-audio-shortcode\" id=\"audio-193583-12\" preload=\"none\" style=\"width: 100%;\" controls=\"controls\"><source type=\"audio\/mpeg\" src=\"https:\/\/www.radiopiu.net\/wordpress\/wp-content\/uploads\/2021\/02\/rinascita.mp3?_=12\" \/><a href=\"https:\/\/www.radiopiu.net\/wordpress\/wp-content\/uploads\/2021\/02\/rinascita.mp3\">https:\/\/www.radiopiu.net\/wordpress\/wp-content\/uploads\/2021\/02\/rinascita.mp3<\/a><\/audio>\n<p>&nbsp;<\/p>\n<\/div>\n<p>&nbsp;<\/p>\n<hr \/>\n<div>\n<h2><span style=\"color: #000080;\"><a class=\"dt-pswp-item\" href=\"https:\/\/www.radiopiu.net\/wordpress\/wp-content\/uploads\/2020\/10\/pp.jpg\" data-dt-img-description=\"\" data-large_image_width=\"640\" data-large_image_height=\"640\"><img loading=\"lazy\" decoding=\"async\" class=\"wp-image-163678 alignleft\" src=\"https:\/\/www.radiopiu.net\/wordpress\/wp-content\/uploads\/2020\/10\/pp-300x300.jpg\" alt=\"\" width=\"106\" height=\"106\" srcset=\"https:\/\/www.radiopiu.net\/wordpress\/wp-content\/uploads\/2020\/10\/pp-300x300.jpg 300w, https:\/\/www.radiopiu.net\/wordpress\/wp-content\/uploads\/2020\/10\/pp-150x150.jpg 150w, https:\/\/www.radiopiu.net\/wordpress\/wp-content\/uploads\/2020\/10\/pp-125x125.jpg 125w, https:\/\/www.radiopiu.net\/wordpress\/wp-content\/uploads\/2020\/10\/pp-200x200.jpg 200w, https:\/\/www.radiopiu.net\/wordpress\/wp-content\/uploads\/2020\/10\/pp-80x80.jpg 80w, https:\/\/www.radiopiu.net\/wordpress\/wp-content\/uploads\/2020\/10\/pp-480x480.jpg 480w, https:\/\/www.radiopiu.net\/wordpress\/wp-content\/uploads\/2020\/10\/pp.jpg 640w\" sizes=\"auto, (max-width: 106px) 100vw, 106px\" \/><\/a><\/span><\/h2>\n<h2><span style=\"color: #000080;\">DON CESARE, IL PENSIERO DEL GIORNO. ALLA RADIO ALLE 7 DEL MATTINO E ALLE 19.30 DELLA SERA.\u00a0\u00a0<\/span><\/h2>\n<p>&nbsp;<\/p>\n<\/div>\n<p>&nbsp;<\/p>\n<audio class=\"wp-audio-shortcode\" id=\"audio-193583-13\" preload=\"none\" style=\"width: 100%;\" controls=\"controls\"><source type=\"audio\/mpeg\" src=\"https:\/\/www.radiopiu.net\/wordpress\/wp-content\/uploads\/2021\/02\/cesare-11.mp3?_=13\" \/><a href=\"https:\/\/www.radiopiu.net\/wordpress\/wp-content\/uploads\/2021\/02\/cesare-11.mp3\">https:\/\/www.radiopiu.net\/wordpress\/wp-content\/uploads\/2021\/02\/cesare-11.mp3<\/a><\/audio>\n<p>&nbsp;<\/p>\n<hr \/>\n<p>&nbsp;<\/p>\n<blockquote>\n<h2>FANTASTICHE DOLOMITI, NUOVA STAGIONE. APPUNTAMENTO QUINDICINALE IL GIOVEDI ALLE 10.30 E 19.00<\/h2>\n<\/blockquote>\n<p><span style=\"color: #000000;\"><strong><img loading=\"lazy\" decoding=\"async\" class=\"alignleft\" src=\"https:\/\/www.radiopiu.net\/wordpress\/wp-content\/uploads\/2017\/10\/logo-fantastiche-dolomiti-300x113.jpg\" width=\"181\" height=\"68\" \/>LA NUOVA PUNTATA i corsi di formazione della Fondazione 11 FEBBRAIO 2021<\/strong><\/span><\/p>\n<h2><span style=\"color: #ff0000;\">PUNTATA 10 ,<\/span><\/h2>\n<p><strong>OSPITE IL PRESIDENTE CLAUDIO CANOVA<\/strong><\/p>\n<audio class=\"wp-audio-shortcode\" id=\"audio-193583-14\" preload=\"none\" style=\"width: 100%;\" controls=\"controls\"><source type=\"audio\/mpeg\" src=\"https:\/\/www.radiopiu.net\/wordpress\/wp-content\/uploads\/2021\/02\/fantastiche-dolomiti-25-febbraio.mp3?_=14\" \/><a href=\"https:\/\/www.radiopiu.net\/wordpress\/wp-content\/uploads\/2021\/02\/fantastiche-dolomiti-25-febbraio.mp3\">https:\/\/www.radiopiu.net\/wordpress\/wp-content\/uploads\/2021\/02\/fantastiche-dolomiti-25-febbraio.mp3<\/a><\/audio>\n<h3>LA RACCOLTA COMPLETA<\/h3>\n<blockquote class=\"wp-embedded-content\" data-secret=\"hV0Qlkw1E1\"><p><a href=\"https:\/\/www.radiopiu.net\/wordpress\/raccolta-completa\/\">FANTASTICHE DOLOMITI 10^ PUNTATA: IL QUINDICINALE APPUNTAMENTO ALLA RADIO<\/a><\/p><\/blockquote>\n<p><iframe loading=\"lazy\" class=\"wp-embedded-content\" sandbox=\"allow-scripts\" security=\"restricted\" style=\"position: absolute; clip: rect(1px, 1px, 1px, 1px);\" title=\"&#8220;FANTASTICHE DOLOMITI 10^ PUNTATA: IL QUINDICINALE APPUNTAMENTO ALLA RADIO&#8221; &#8212; Radio Pi\u00f9\" src=\"https:\/\/www.radiopiu.net\/wordpress\/raccolta-completa\/embed\/#?secret=hV0Qlkw1E1\" data-secret=\"hV0Qlkw1E1\" width=\"600\" height=\"338\" frameborder=\"0\" marginwidth=\"0\" marginheight=\"0\" scrolling=\"no\"><\/iframe><\/p>\n<p>&nbsp;<\/p>\n<p>&nbsp;<\/p>\n<hr \/>\n<p>&nbsp;<\/p>\n<blockquote>\n<h3>PER LA PRIMA VOLTA: COPPA DEL MONDO DI SCI SULLA &#8220;VOLATA&#8221;<\/h3>\n<\/blockquote>\n<p><strong><a href=\"https:\/\/www.radiopiu.net\/wordpress\/giornale-radiopiu-25-febbraio-2021-direttore-mirko-mezzacasa\/1081_la-volata\/\" rel=\"attachment wp-att-193587\"><img loading=\"lazy\" decoding=\"async\" class=\"wp-image-193587 alignleft\" src=\"https:\/\/www.radiopiu.net\/wordpress\/wp-content\/uploads\/2021\/02\/1081_La-VolatA-300x206.jpg\" alt=\"\" width=\"157\" height=\"108\" srcset=\"https:\/\/www.radiopiu.net\/wordpress\/wp-content\/uploads\/2021\/02\/1081_La-VolatA-300x206.jpg 300w, https:\/\/www.radiopiu.net\/wordpress\/wp-content\/uploads\/2021\/02\/1081_La-VolatA-1024x704.jpg 1024w, https:\/\/www.radiopiu.net\/wordpress\/wp-content\/uploads\/2021\/02\/1081_La-VolatA-768x528.jpg 768w, https:\/\/www.radiopiu.net\/wordpress\/wp-content\/uploads\/2021\/02\/1081_La-VolatA.jpg 1081w\" sizes=\"auto, (max-width: 157px) 100vw, 157px\" \/><\/a>PUNTATA 3 Ospite Mattia Giongo, direttore pista La Volata<\/strong><\/p>\n<p>&nbsp;<\/p>\n<audio class=\"wp-audio-shortcode\" id=\"audio-193583-15\" preload=\"none\" style=\"width: 100%;\" controls=\"controls\"><source type=\"audio\/mpeg\" src=\"https:\/\/www.radiopiu.net\/wordpress\/wp-content\/uploads\/2021\/02\/mattia-giongo-direttore-pista-la-volata.mp3?_=15\" \/><a href=\"https:\/\/www.radiopiu.net\/wordpress\/wp-content\/uploads\/2021\/02\/mattia-giongo-direttore-pista-la-volata.mp3\">https:\/\/www.radiopiu.net\/wordpress\/wp-content\/uploads\/2021\/02\/mattia-giongo-direttore-pista-la-volata.mp3<\/a><\/audio>\n<blockquote>\n<h3 style=\"text-align: center;\">LA RACCOLTA COMPLETA<\/h3>\n<blockquote class=\"wp-embedded-content\" data-secret=\"nxLFZJYGTF\"><p><a href=\"https:\/\/www.radiopiu.net\/wordpress\/per-la-prima-volta-coppa-del-mondo-di-sci-sulla-volata\/\">PER LA PRIMA VOLTA: COPPA DEL MONDO DI SCI SULLA &#8220;VOLATA&#8221;<\/a><\/p><\/blockquote>\n<p><iframe loading=\"lazy\" class=\"wp-embedded-content\" sandbox=\"allow-scripts\" security=\"restricted\" style=\"position: absolute; clip: rect(1px, 1px, 1px, 1px);\" title=\"&#8220;PER LA PRIMA VOLTA: COPPA DEL MONDO DI SCI SULLA &#8220;VOLATA&#8221;&#8221; &#8212; Radio Pi\u00f9\" src=\"https:\/\/www.radiopiu.net\/wordpress\/per-la-prima-volta-coppa-del-mondo-di-sci-sulla-volata\/embed\/#?secret=nxLFZJYGTF\" data-secret=\"nxLFZJYGTF\" width=\"600\" height=\"338\" frameborder=\"0\" marginwidth=\"0\" marginheight=\"0\" scrolling=\"no\"><\/iframe><\/p>\n<p>&nbsp;<\/p>\n<p>&nbsp;<\/p><\/blockquote>\n<hr \/>\n<blockquote>\n<h2><span style=\"color: #ff0000;\">\u00a0<\/span><\/h2>\n<h2><span style=\"color: #ff0000;\">ALLA RADIO<\/span><\/h2>\n<h2><a href=\"https:\/\/www.radiopiu.net\/wordpress\/erbe-e-piante-curative-quarta-puntata\/eucalipto\/\" rel=\"attachment wp-att-193216\"><img loading=\"lazy\" decoding=\"async\" class=\" wp-image-193216 alignleft\" src=\"https:\/\/www.radiopiu.net\/wordpress\/wp-content\/uploads\/2021\/02\/EUCALIPTO-300x300.jpg\" alt=\"\" width=\"60\" height=\"60\" srcset=\"https:\/\/www.radiopiu.net\/wordpress\/wp-content\/uploads\/2021\/02\/EUCALIPTO-300x300.jpg 300w, https:\/\/www.radiopiu.net\/wordpress\/wp-content\/uploads\/2021\/02\/EUCALIPTO-1024x1024.jpg 1024w, https:\/\/www.radiopiu.net\/wordpress\/wp-content\/uploads\/2021\/02\/EUCALIPTO-150x150.jpg 150w, https:\/\/www.radiopiu.net\/wordpress\/wp-content\/uploads\/2021\/02\/EUCALIPTO-768x768.jpg 768w, https:\/\/www.radiopiu.net\/wordpress\/wp-content\/uploads\/2021\/02\/EUCALIPTO-1536x1536.jpg 1536w, https:\/\/www.radiopiu.net\/wordpress\/wp-content\/uploads\/2021\/02\/EUCALIPTO.jpg 1920w\" sizes=\"auto, (max-width: 60px) 100vw, 60px\" \/><\/a><\/h2>\n<h2><span style=\"color: #008000;\">ERBE E PIANTE CURATIVE&#8230;IL NUOVO PROGRAMMA DI PAOLA LANCIATO<\/span><\/h2>\n<p>&nbsp;<\/p>\n<p><strong>QUARTA PUNTATA &#8211; L&#8217;EUCALIPTO \u00a0<\/strong><\/p><\/blockquote>\n<blockquote><audio class=\"wp-audio-shortcode\" id=\"audio-193583-16\" preload=\"none\" style=\"width: 100%;\" controls=\"controls\"><source type=\"audio\/mpeg\" src=\"https:\/\/www.radiopiu.net\/wordpress\/wp-content\/uploads\/2021\/02\/4-Leucalipto-M.mp3?_=16\" \/><a href=\"https:\/\/www.radiopiu.net\/wordpress\/wp-content\/uploads\/2021\/02\/4-Leucalipto-M.mp3\">https:\/\/www.radiopiu.net\/wordpress\/wp-content\/uploads\/2021\/02\/4-Leucalipto-M.mp3<\/a><\/audio>\n<p><strong>LA RACCOLTA COMPLETA<\/strong><\/p>\n<blockquote class=\"wp-embedded-content\" data-secret=\"mhpF5gXKjW\"><p><a href=\"https:\/\/www.radiopiu.net\/wordpress\/erbe-e-piante-curative\/\">ERBE E PIANTE CURATIVE<\/a><\/p><\/blockquote>\n<p><iframe loading=\"lazy\" class=\"wp-embedded-content\" sandbox=\"allow-scripts\" security=\"restricted\" style=\"position: absolute; clip: rect(1px, 1px, 1px, 1px);\" title=\"&#8220;ERBE E PIANTE CURATIVE&#8221; &#8212; Radio Pi\u00f9\" src=\"https:\/\/www.radiopiu.net\/wordpress\/erbe-e-piante-curative\/embed\/#?secret=mhpF5gXKjW\" data-secret=\"mhpF5gXKjW\" width=\"600\" height=\"338\" frameborder=\"0\" marginwidth=\"0\" marginheight=\"0\" scrolling=\"no\"><\/iframe><\/p>\n<p>&nbsp;<\/p><\/blockquote>\n<blockquote><p>&nbsp;<\/p><\/blockquote>\n<p>&nbsp;<\/p>\n<hr \/>\n<blockquote><p>&nbsp;<\/p>\n<blockquote>\n<div>\n<h2><span style=\"color: #ff0000;\">ALLA RADIO<\/span><\/h2>\n<h2><strong>LE\u00a0 PUNTATE di Luisa Alchini di Leggermente Bellunesi, la domenica alle 11, <span style=\"color: #0000ff;\">IL MARTEDI IN PRIMA EDIZIONE\u00a0<\/span> alle 10.30 e alle 19.00<\/strong><\/h2>\n<p><strong><a href=\"https:\/\/www.radiopiu.net\/wordpress\/legger-mente-bellunesi-puntata-del-23-febbraio-2021\/152570613_1593331434188251_7871817895016381530_o\/\" rel=\"attachment wp-att-193220\"><img loading=\"lazy\" decoding=\"async\" class=\" wp-image-193220 alignleft\" src=\"https:\/\/www.radiopiu.net\/wordpress\/wp-content\/uploads\/2021\/02\/152570613_1593331434188251_7871817895016381530_o-192x300.jpg\" alt=\"\" width=\"55\" height=\"86\" srcset=\"https:\/\/www.radiopiu.net\/wordpress\/wp-content\/uploads\/2021\/02\/152570613_1593331434188251_7871817895016381530_o-192x300.jpg 192w, https:\/\/www.radiopiu.net\/wordpress\/wp-content\/uploads\/2021\/02\/152570613_1593331434188251_7871817895016381530_o-655x1024.jpg 655w, https:\/\/www.radiopiu.net\/wordpress\/wp-content\/uploads\/2021\/02\/152570613_1593331434188251_7871817895016381530_o.jpg 748w\" sizes=\"auto, (max-width: 55px) 100vw, 55px\" \/><\/a><\/strong><\/p>\n<p>&nbsp;<\/p>\n<p>&nbsp;<\/p>\n<p>L&#8217;autore della settimana \u00e8 Gino Miana e i suoi &#8220;colorati&#8221; racconti<\/p>\n<audio class=\"wp-audio-shortcode\" id=\"audio-193583-17\" preload=\"none\" style=\"width: 100%;\" controls=\"controls\"><source type=\"audio\/mpeg\" src=\"https:\/\/www.radiopiu.net\/wordpress\/wp-content\/uploads\/2021\/02\/19leggermenteginomiana2021.mp3?_=17\" \/><a href=\"https:\/\/www.radiopiu.net\/wordpress\/wp-content\/uploads\/2021\/02\/19leggermenteginomiana2021.mp3\">https:\/\/www.radiopiu.net\/wordpress\/wp-content\/uploads\/2021\/02\/19leggermenteginomiana2021.mp3<\/a><\/audio>\n<h2><strong style=\"font-size: 14px;\"><span style=\"color: #000000;\">RACCOLTA COMPLETA<\/span><\/strong><\/h2>\n<\/div>\n<blockquote class=\"wp-embedded-content\" data-secret=\"RdrW3IS9eh\"><p><a href=\"https:\/\/www.radiopiu.net\/wordpress\/leggermente-20\/\">LEGGERmente&#8230;Bellunesi<\/a><\/p><\/blockquote>\n<p><iframe loading=\"lazy\" class=\"wp-embedded-content\" sandbox=\"allow-scripts\" security=\"restricted\" style=\"position: absolute; clip: rect(1px, 1px, 1px, 1px);\" title=\"&#8220;LEGGERmente&#8230;Bellunesi&#8221; &#8212; Radio Pi\u00f9\" src=\"https:\/\/www.radiopiu.net\/wordpress\/leggermente-20\/embed\/#?secret=RdrW3IS9eh\" data-secret=\"RdrW3IS9eh\" width=\"600\" height=\"338\" frameborder=\"0\" marginwidth=\"0\" marginheight=\"0\" scrolling=\"no\"><\/iframe><\/p>\n<p>&nbsp;<\/p>\n<hr \/>\n<\/blockquote>\n<h2><\/h2>\n<h3 class=\"kvgmc6g5 cxmmr5t8 oygrvhab hcukyx3x c1et5uql\"><span style=\"color: #0000ff;\">INFORMAZIONE il canale su TELEGRAM informazione di prima mano e in tempo reale. iscriviti ed aiutaci a farlo conoscere\u00a0<\/span><\/h3>\n<h2>007 IN CONDOTTA CON LA PROF. MARIA ROSA SALMAZO IL LUNEDI ALLE 10,30 E ALLE 19.00 LA DOMENICA ALLE 8 DEL <img loading=\"lazy\" decoding=\"async\" class=\"alignleft\" src=\"https:\/\/www.radiopiu.net\/wordpress\/wp-content\/uploads\/2021\/02\/sci.jpg\" width=\"162\" height=\"108\" \/>MATTINO. NONA STAGIONE<\/h2>\n<p><strong>LA PUNTATA DELLA SETTIMANA Scuola e sport<\/strong><\/p>\n<audio class=\"wp-audio-shortcode\" id=\"audio-193583-18\" preload=\"none\" style=\"width: 100%;\" controls=\"controls\"><source type=\"audio\/mpeg\" src=\"https:\/\/www.radiopiu.net\/wordpress\/wp-content\/uploads\/2021\/02\/007-22-febbraio.mp3?_=18\" \/><a href=\"https:\/\/www.radiopiu.net\/wordpress\/wp-content\/uploads\/2021\/02\/007-22-febbraio.mp3\">https:\/\/www.radiopiu.net\/wordpress\/wp-content\/uploads\/2021\/02\/007-22-febbraio.mp3<\/a><\/audio>\n<h2>LA RACCOLTA COMPLETA<\/h2>\n<blockquote class=\"wp-embedded-content\" data-secret=\"Lcky85xiYx\"><p><a href=\"https:\/\/www.radiopiu.net\/wordpress\/007incondotta-9\/\">007 in condotta<\/a><\/p><\/blockquote>\n<p><iframe loading=\"lazy\" class=\"wp-embedded-content\" sandbox=\"allow-scripts\" security=\"restricted\" style=\"position: absolute; clip: rect(1px, 1px, 1px, 1px);\" title=\"&#8220;007 in condotta&#8221; &#8212; Radio Pi\u00f9\" src=\"https:\/\/www.radiopiu.net\/wordpress\/007incondotta-9\/embed\/#?secret=Lcky85xiYx\" data-secret=\"Lcky85xiYx\" width=\"600\" height=\"338\" frameborder=\"0\" marginwidth=\"0\" marginheight=\"0\" scrolling=\"no\"><\/iframe><\/p>\n<p>&nbsp;<\/p>\n<p>&nbsp;<\/p>\n<p>&nbsp;<\/p><\/blockquote>\n<hr \/>\n<p>&nbsp;<\/p>\n<p>&nbsp;<\/p>\n<p>&nbsp;<\/p>\n<div>\n<h2><span style=\"color: #33cccc;\">I RACCONTI DI PAOLO SOPPELSA il lunedi alle 9.30 e 18.30<\/span><\/h2>\n<blockquote class=\"wp-embedded-content\" data-secret=\"zMDk8pN02R\"><p><a href=\"https:\/\/www.radiopiu.net\/wordpress\/i-racconti-di-paolo-soppelsa-sessantatreesima-puntata\/\">I RACCONTI DI PAOLO SOPPELSA SESSANTATREESIMA PUNTATA<\/a><\/p><\/blockquote>\n<p><iframe loading=\"lazy\" class=\"wp-embedded-content\" sandbox=\"allow-scripts\" security=\"restricted\" style=\"position: absolute; clip: rect(1px, 1px, 1px, 1px);\" title=\"&#8220;I RACCONTI DI PAOLO SOPPELSA SESSANTATREESIMA PUNTATA&#8221; &#8212; Radio Pi\u00f9\" src=\"https:\/\/www.radiopiu.net\/wordpress\/i-racconti-di-paolo-soppelsa-sessantatreesima-puntata\/embed\/#?secret=zMDk8pN02R\" data-secret=\"zMDk8pN02R\" width=\"600\" height=\"338\" frameborder=\"0\" marginwidth=\"0\" marginheight=\"0\" scrolling=\"no\"><\/iframe><\/p>\n<h3 class=\"kvgmc6g5 cxmmr5t8 oygrvhab hcukyx3x c1et5uql\"><span style=\"color: #0000ff;\">INFORMAZIONE il canale su TELEGRAM informazione di prima mano e in tempo reale. iscriviti ed aiutaci a farlo conoscere\u00a0<\/span><\/h3>\n<h2><span style=\"color: #33cccc;\"><strong>RACCOLTA COMPLETA<\/strong><\/span><\/h2>\n<blockquote class=\"wp-embedded-content\" data-secret=\"w6SdOPbsE0\"><p><a href=\"https:\/\/www.radiopiu.net\/wordpress\/i-racconti-di-paolo-soppelsa\/\">I racconti di Paolo Soppelsa<\/a><\/p><\/blockquote>\n<p><iframe loading=\"lazy\" class=\"wp-embedded-content\" sandbox=\"allow-scripts\" security=\"restricted\" style=\"position: absolute; clip: rect(1px, 1px, 1px, 1px);\" title=\"&#8220;I racconti di Paolo Soppelsa&#8221; &#8212; Radio Pi\u00f9\" src=\"https:\/\/www.radiopiu.net\/wordpress\/i-racconti-di-paolo-soppelsa\/embed\/#?secret=w6SdOPbsE0\" data-secret=\"w6SdOPbsE0\" width=\"600\" height=\"338\" frameborder=\"0\" marginwidth=\"0\" marginheight=\"0\" scrolling=\"no\"><\/iframe><\/p>\n<\/div>\n<p>&nbsp;<\/p>\n<hr \/>\n<p>&nbsp;<\/p>\n<h2><\/h2>\n<h2><span style=\"color: #ff0000;\"><a href=\"https:\/\/www.radiopiu.net\/wordpress\/giornale-radiopiu-05-gennaio-2021-direttore-mirko-mezzacasa\/133200401_100838761953611_1258544160541445132_o-2\/\" rel=\"attachment wp-att-183078\"><img loading=\"lazy\" decoding=\"async\" class=\" wp-image-183078 alignleft\" src=\"https:\/\/www.radiopiu.net\/wordpress\/wp-content\/uploads\/2021\/01\/133200401_100838761953611_1258544160541445132_o-1-300x157.jpg\" alt=\"\" width=\"192\" height=\"101\" srcset=\"https:\/\/www.radiopiu.net\/wordpress\/wp-content\/uploads\/2021\/01\/133200401_100838761953611_1258544160541445132_o-1-300x157.jpg 300w, https:\/\/www.radiopiu.net\/wordpress\/wp-content\/uploads\/2021\/01\/133200401_100838761953611_1258544160541445132_o-1.jpg 526w\" sizes=\"auto, (max-width: 192px) 100vw, 192px\" \/><\/a>GOCCE DI FILOSOFIA, CON CHIARA CAU, CON LISA DE LUCA. <\/span><\/h2>\n<h2><span style=\"color: #ff0000;\">TUTTI I GIORNI DAL LUNEDI AL VENERDI ALLE 6.55 E ALLE 18.55<\/span><\/h2>\n<p><span style=\"color: #ff6600;\"><strong>PUNTATA 39<\/strong><\/span><\/p>\n<audio class=\"wp-audio-shortcode\" id=\"audio-193583-19\" preload=\"none\" style=\"width: 100%;\" controls=\"controls\"><source type=\"audio\/mpeg\" src=\"https:\/\/www.radiopiu.net\/wordpress\/wp-content\/uploads\/2021\/02\/FI4-3.mp3?_=19\" \/><a href=\"https:\/\/www.radiopiu.net\/wordpress\/wp-content\/uploads\/2021\/02\/FI4-3.mp3\">https:\/\/www.radiopiu.net\/wordpress\/wp-content\/uploads\/2021\/02\/FI4-3.mp3<\/a><\/audio>\n<h3>LA RACCOLTA COMPLETA<\/h3>\n<blockquote class=\"wp-embedded-content\" data-secret=\"PDavbWxW7e\"><p><a href=\"https:\/\/www.radiopiu.net\/wordpress\/gocce-filosofia\/\">Gocce di filosofia<\/a><\/p><\/blockquote>\n<p><iframe loading=\"lazy\" class=\"wp-embedded-content\" sandbox=\"allow-scripts\" security=\"restricted\" style=\"position: absolute; clip: rect(1px, 1px, 1px, 1px);\" title=\"&#8220;Gocce di filosofia&#8221; &#8212; Radio Pi\u00f9\" src=\"https:\/\/www.radiopiu.net\/wordpress\/gocce-filosofia\/embed\/#?secret=PDavbWxW7e\" data-secret=\"PDavbWxW7e\" width=\"600\" height=\"338\" frameborder=\"0\" marginwidth=\"0\" marginheight=\"0\" scrolling=\"no\"><\/iframe><\/p>\n<p>&nbsp;<\/p>\n<hr \/>\n<p>&nbsp;<\/p>\n<div class=\"im_message_wrap clearfix\">\n<div class=\"im_content_message_wrap im_message_out\">\n<h2><span style=\"color: #ff0000;\">IERI ALLA RADIO\u00a0 IN VIVO VERSO 2020-21<\/span><\/h2>\n<p><strong><span style=\"color: #0000ff;\">IN ONDA DAL LUNEDI AL VENERDI ALLE 7.10, 10.10, 18.50\u00a0\u00a0<\/span><\/strong><\/p>\n<blockquote class=\"wp-embedded-content\" data-secret=\"HiqGCzr7Uy\"><p><a href=\"https:\/\/www.radiopiu.net\/wordpress\/sul-filo-spinato-del-sogno-di-antonietta-fragnito\/\">SUL FILO SPINATO DEL SOGNO di ANTONIETTA FRAGNITO<\/a><\/p><\/blockquote>\n<p><iframe loading=\"lazy\" class=\"wp-embedded-content\" sandbox=\"allow-scripts\" security=\"restricted\" style=\"position: absolute; clip: rect(1px, 1px, 1px, 1px);\" title=\"&#8220;SUL FILO SPINATO DEL SOGNO di ANTONIETTA FRAGNITO&#8221; &#8212; Radio Pi\u00f9\" src=\"https:\/\/www.radiopiu.net\/wordpress\/sul-filo-spinato-del-sogno-di-antonietta-fragnito\/embed\/#?secret=HiqGCzr7Uy\" data-secret=\"HiqGCzr7Uy\" width=\"600\" height=\"338\" frameborder=\"0\" marginwidth=\"0\" marginheight=\"0\" scrolling=\"no\"><\/iframe><\/p>\n<p><strong>LA RACCOLTA<\/strong><\/p>\n<blockquote class=\"wp-embedded-content\" data-secret=\"F8p6gjp9oR\"><p><a href=\"https:\/\/www.radiopiu.net\/wordpress\/in-vivo-verso\/\">In Vivo Verso<\/a><\/p><\/blockquote>\n<p><iframe loading=\"lazy\" class=\"wp-embedded-content\" sandbox=\"allow-scripts\" security=\"restricted\" style=\"position: absolute; clip: rect(1px, 1px, 1px, 1px);\" title=\"&#8220;In Vivo Verso&#8221; &#8212; Radio Pi\u00f9\" src=\"https:\/\/www.radiopiu.net\/wordpress\/in-vivo-verso\/embed\/#?secret=F8p6gjp9oR\" data-secret=\"F8p6gjp9oR\" width=\"600\" height=\"338\" frameborder=\"0\" marginwidth=\"0\" marginheight=\"0\" scrolling=\"no\"><\/iframe><\/p>\n<hr \/>\n<p>&nbsp;<\/p>\n<\/div>\n<\/div>\n<p>&nbsp;<\/p>\n<h2><span style=\"color: #808000;\">DUE MINUTI UN LIBRO\u00a0 TUTTI I GIORNI ALLA RADIO ALLE 9.30 E ALLE 18. QUINTA STAGIONE\u00a0<\/span><\/h2>\n<blockquote class=\"wp-embedded-content\" data-secret=\"HfnzUK82cu\"><p><a href=\"https:\/\/www.radiopiu.net\/wordpress\/verita-imperfette\/\">VERITA&#8217; IMPERFETTE<\/a><\/p><\/blockquote>\n<p><iframe loading=\"lazy\" class=\"wp-embedded-content\" sandbox=\"allow-scripts\" security=\"restricted\" style=\"position: absolute; clip: rect(1px, 1px, 1px, 1px);\" title=\"&#8220;VERITA&#8217; IMPERFETTE&#8221; &#8212; Radio Pi\u00f9\" src=\"https:\/\/www.radiopiu.net\/wordpress\/verita-imperfette\/embed\/#?secret=HfnzUK82cu\" data-secret=\"HfnzUK82cu\" width=\"600\" height=\"338\" frameborder=\"0\" marginwidth=\"0\" marginheight=\"0\" scrolling=\"no\"><\/iframe><\/p>\n<h3><span style=\"color: #808000;\">\u00a0<\/span>LA RACCOLTA COMPLETA<\/h3>\n<blockquote class=\"wp-embedded-content\" data-secret=\"7T8qzrmxoJ\"><p><a href=\"https:\/\/www.radiopiu.net\/wordpress\/due-minuti-un-libro\/\">Due minuti un libro<\/a><\/p><\/blockquote>\n<p><iframe loading=\"lazy\" class=\"wp-embedded-content\" sandbox=\"allow-scripts\" security=\"restricted\" style=\"position: absolute; clip: rect(1px, 1px, 1px, 1px);\" title=\"&#8220;Due minuti un libro&#8221; &#8212; Radio Pi\u00f9\" src=\"https:\/\/www.radiopiu.net\/wordpress\/due-minuti-un-libro\/embed\/#?secret=7T8qzrmxoJ\" data-secret=\"7T8qzrmxoJ\" width=\"600\" height=\"338\" frameborder=\"0\" marginwidth=\"0\" marginheight=\"0\" scrolling=\"no\"><\/iframe><\/p>\n<p>&nbsp;<\/p>\n<p>&nbsp;<\/p>\n<hr \/>\n<blockquote>\n<h3>SALUTE E SOCIETA&#8217; IL LUNEDI ALLE 13.10 E ALLE 20.10, LA DOMENICA ALLE 10.30 A CURA DEL DOTTOR MARCO CARACCIOLO. QUINTA STAGIONE<\/h3>\n<\/blockquote>\n<p><strong><img loading=\"lazy\" decoding=\"async\" class=\"alignleft\" src=\"https:\/\/www.radiopiu.net\/wordpress\/wp-content\/uploads\/2021\/02\/dott.jpg\" width=\"208\" height=\"138\" \/>LA PUNTATA DELLA SETTIMANA: <\/strong>\u201cLa salute: un bene da difendere, un diritto da promuovere\u201d \u00e8 un progetto di tutela dei diritti dei pazienti oncologici e onco-ematologici che coinvolge ben 34 Associazioni in tutta Italia. Antonella Pitrelli ha parlato delle difficolt\u00e0 del Servizio Sanitario in questa fase storica caratterizzata dalla pandemia con:<br \/>\nAnnamaria Mancuso, Coordinatrice del gruppo \u201cLa salute: un bene da difendere, un diritto da promuovere\u201d e Presidente Salute Donna Onlus<br \/>\nFilippo de Braud, Direttore Dipartimento di Oncologia Medica, Istituto Nazionale dei Tumori di Milano Marco Vignetti, Presidente Fondazione GIMEMA e Vicepresidente AIL<\/p>\n<audio class=\"wp-audio-shortcode\" id=\"audio-193583-20\" preload=\"none\" style=\"width: 100%;\" controls=\"controls\"><source type=\"audio\/mpeg\" src=\"https:\/\/www.radiopiu.net\/wordpress\/wp-content\/uploads\/2021\/02\/SALUTE-3.mp3?_=20\" \/><a href=\"https:\/\/www.radiopiu.net\/wordpress\/wp-content\/uploads\/2021\/02\/SALUTE-3.mp3\">https:\/\/www.radiopiu.net\/wordpress\/wp-content\/uploads\/2021\/02\/SALUTE-3.mp3<\/a><\/audio>\n<p>&nbsp;<\/p>\n<p>&nbsp;<\/p>\n<p>&nbsp;<\/p>\n<hr \/>\n<p>&nbsp;<\/p>\n<div dir=\"auto\">\n<div>\n<h2><span style=\"color: #800080;\"><strong>LA RASSEGNA STAMPA DA L&#8217;AMICO DEL POPOLO\u00a0<\/strong><\/span><\/h2>\n<h3 class=\"kvgmc6g5 cxmmr5t8 oygrvhab hcukyx3x c1et5uql\"><span style=\"color: #0000ff;\"> INFORMAZIONE il canale su TELEGRAM informazione di prima mano e in tempo reale. iscriviti ed aiutaci a farlo conoscere\u00a0<\/span><\/h3>\n<p><strong><a href=\"https:\/\/www.radiopiu.net\/wordpress\/la-rassegna-stampa-da-lamico-del-popolo-20-febbraio-2021\/68763f4c-5f1d-42ef-b925-0bb4ed3974c9\/\" rel=\"attachment wp-att-192616\"><img loading=\"lazy\" decoding=\"async\" class=\" wp-image-192616 alignleft\" src=\"https:\/\/www.radiopiu.net\/wordpress\/wp-content\/uploads\/2021\/02\/68763f4c-5f1d-42ef-b925-0bb4ed3974c9-300x300.jpg\" alt=\"\" width=\"103\" height=\"103\" srcset=\"https:\/\/www.radiopiu.net\/wordpress\/wp-content\/uploads\/2021\/02\/68763f4c-5f1d-42ef-b925-0bb4ed3974c9-300x300.jpg 300w, https:\/\/www.radiopiu.net\/wordpress\/wp-content\/uploads\/2021\/02\/68763f4c-5f1d-42ef-b925-0bb4ed3974c9-1024x1024.jpg 1024w, https:\/\/www.radiopiu.net\/wordpress\/wp-content\/uploads\/2021\/02\/68763f4c-5f1d-42ef-b925-0bb4ed3974c9-150x150.jpg 150w, https:\/\/www.radiopiu.net\/wordpress\/wp-content\/uploads\/2021\/02\/68763f4c-5f1d-42ef-b925-0bb4ed3974c9-768x768.jpg 768w, https:\/\/www.radiopiu.net\/wordpress\/wp-content\/uploads\/2021\/02\/68763f4c-5f1d-42ef-b925-0bb4ed3974c9-1536x1536.jpg 1536w, https:\/\/www.radiopiu.net\/wordpress\/wp-content\/uploads\/2021\/02\/68763f4c-5f1d-42ef-b925-0bb4ed3974c9.jpg 1600w\" sizes=\"auto, (max-width: 103px) 100vw, 103px\" \/><\/a><\/strong><\/p>\n<p>&nbsp;<\/p>\n<p><strong>di Gianni Santomaso<\/strong><\/p>\n<p>OSPITI: Chiara Fontanive, Fiorangela Beltrame e Antonella Schena<\/p>\n<audio class=\"wp-audio-shortcode\" id=\"audio-193583-21\" preload=\"none\" style=\"width: 100%;\" controls=\"controls\"><source type=\"audio\/mpeg\" src=\"https:\/\/www.radiopiu.net\/wordpress\/wp-content\/uploads\/2021\/02\/RASSEGNA-GIANNI-2.mp3?_=21\" \/><a href=\"https:\/\/www.radiopiu.net\/wordpress\/wp-content\/uploads\/2021\/02\/RASSEGNA-GIANNI-2.mp3\">https:\/\/www.radiopiu.net\/wordpress\/wp-content\/uploads\/2021\/02\/RASSEGNA-GIANNI-2.mp3<\/a><\/audio>\n<p><strong>LA RACCOLTA COMPLETA<\/strong><\/p>\n<blockquote class=\"wp-embedded-content\" data-secret=\"JO6YDMnAFB\"><p><a href=\"https:\/\/www.radiopiu.net\/wordpress\/rassegna-stampa-di-gianni-santomaso\/\">Rassegna stampa da l&#8217;amico del popolo &#8211; di Gianni Santomaso<\/a><\/p><\/blockquote>\n<p><iframe loading=\"lazy\" class=\"wp-embedded-content\" sandbox=\"allow-scripts\" security=\"restricted\" style=\"position: absolute; clip: rect(1px, 1px, 1px, 1px);\" title=\"&#8220;Rassegna stampa da l&#8217;amico del popolo &#8211; di Gianni Santomaso&#8221; &#8212; Radio Pi\u00f9\" src=\"https:\/\/www.radiopiu.net\/wordpress\/rassegna-stampa-di-gianni-santomaso\/embed\/#?secret=JO6YDMnAFB\" data-secret=\"JO6YDMnAFB\" width=\"600\" height=\"338\" frameborder=\"0\" marginwidth=\"0\" marginheight=\"0\" scrolling=\"no\"><\/iframe><\/p>\n<p>&nbsp;<\/p>\n<p>&nbsp;<\/p>\n<\/div>\n<\/div>\n<p>&nbsp;<\/p>\n<hr \/>\n<p>&nbsp;<\/p>\n<blockquote>\n<h3><a href=\"https:\/\/www.radiopiu.net\/wordpress\/almanacco-ladino-puntata-5-2020\/sn\/\" rel=\"attachment wp-att-180931\"><img loading=\"lazy\" decoding=\"async\" class=\"wp-image-180931 alignleft\" src=\"https:\/\/www.radiopiu.net\/wordpress\/wp-content\/uploads\/2020\/12\/sn-300x194.jpg\" alt=\"\" width=\"181\" height=\"117\" srcset=\"https:\/\/www.radiopiu.net\/wordpress\/wp-content\/uploads\/2020\/12\/sn-300x194.jpg 300w, https:\/\/www.radiopiu.net\/wordpress\/wp-content\/uploads\/2020\/12\/sn.jpg 626w\" sizes=\"auto, (max-width: 181px) 100vw, 181px\" \/><\/a>L&#8217;ALMANACCO LADINO CON L&#8217;ISTITUT CESA DE JAN QUINDICINALE APPUNTAMENTO. LA DOMENICA ALLE 9 IL LUNEDI ALLE 8.35 IL MARTEDI ALLE 12.35 IL MERCOLEDI ALLE 18.35. SECONDA STAGIONE.<\/h3>\n<\/blockquote>\n<p><strong>RACCOLTA COMPLETA\u00a0<\/strong><\/p>\n<blockquote class=\"wp-embedded-content\" data-secret=\"tCF4OAPwa9\"><p><a href=\"https:\/\/www.radiopiu.net\/wordpress\/almanacco-ladino\/\">Almanacco Ladino<\/a><\/p><\/blockquote>\n<p><iframe loading=\"lazy\" class=\"wp-embedded-content\" sandbox=\"allow-scripts\" security=\"restricted\" style=\"position: absolute; clip: rect(1px, 1px, 1px, 1px);\" title=\"&#8220;Almanacco Ladino&#8221; &#8212; Radio Pi\u00f9\" src=\"https:\/\/www.radiopiu.net\/wordpress\/almanacco-ladino\/embed\/#?secret=tCF4OAPwa9\" data-secret=\"tCF4OAPwa9\" width=\"600\" height=\"338\" frameborder=\"0\" marginwidth=\"0\" marginheight=\"0\" scrolling=\"no\"><\/iframe><\/p>\n<p>&nbsp;<\/p>\n<hr \/>\n<blockquote>\n<h2><\/h2>\n<h2>RITORNA AI MICROFONI DI RADIO PIU&#8217; FRANCESCO ZILLIO<br \/>\nterza puntata, stagione 2021 &#8211; auto elettriche.<\/h2>\n<\/blockquote>\n<p>&nbsp;<\/p>\n<p><iframe loading=\"lazy\" title=\"EPCENTER -EFFICIENZA ENERGETICA A SERVIZIO DELLE AUTO ELETTRICHE COMBINAZIONE POSITIVA DI TECNOLOGIA\" width=\"1200\" height=\"675\" src=\"https:\/\/www.youtube.com\/embed\/927qLatGDPc?start=246&#038;feature=oembed\" frameborder=\"0\" allow=\"accelerometer; autoplay; clipboard-write; encrypted-media; gyroscope; picture-in-picture\" allowfullscreen><\/iframe><\/p>\n<p>&nbsp;<\/p>\n<p><strong>LA VIDEO GALLERY\u00a0<\/strong><\/p>\n<blockquote class=\"wp-embedded-content\" data-secret=\"2NDJjdOKCL\"><p><a href=\"https:\/\/www.radiopiu.net\/wordpress\/ep-center-video-gallery\/\">EP CENTER video gallery<\/a><\/p><\/blockquote>\n<p><iframe loading=\"lazy\" class=\"wp-embedded-content\" sandbox=\"allow-scripts\" security=\"restricted\" style=\"position: absolute; clip: rect(1px, 1px, 1px, 1px);\" title=\"&#8220;EP CENTER video gallery&#8221; &#8212; Radio Pi\u00f9\" src=\"https:\/\/www.radiopiu.net\/wordpress\/ep-center-video-gallery\/embed\/#?secret=2NDJjdOKCL\" data-secret=\"2NDJjdOKCL\" width=\"600\" height=\"338\" frameborder=\"0\" marginwidth=\"0\" marginheight=\"0\" scrolling=\"no\"><\/iframe><\/p>\n<p>&nbsp;<\/p>\n<p>&nbsp;<\/p>\n<hr \/>\n<p>&nbsp;<\/p>\n<p>&nbsp;<\/p>\n<blockquote class=\"wp-embedded-content\" data-secret=\"i9GDpP5gGd\"><p><a href=\"https:\/\/www.radiopiu.net\/wordpress\/conosciamo-i-cori-del-bellunese-con-la-corale-zumellese\/\">CONOSCIAMO I CORI DEL BELLUNESE, con la Corale Zumellese<\/a><\/p><\/blockquote>\n<p><iframe loading=\"lazy\" class=\"wp-embedded-content\" sandbox=\"allow-scripts\" security=\"restricted\" style=\"position: absolute; clip: rect(1px, 1px, 1px, 1px);\" title=\"&#8220;CONOSCIAMO I CORI DEL BELLUNESE, con la Corale Zumellese&#8221; &#8212; Radio Pi\u00f9\" src=\"https:\/\/www.radiopiu.net\/wordpress\/conosciamo-i-cori-del-bellunese-con-la-corale-zumellese\/embed\/#?secret=i9GDpP5gGd\" data-secret=\"i9GDpP5gGd\" width=\"600\" height=\"338\" frameborder=\"0\" marginwidth=\"0\" marginheight=\"0\" scrolling=\"no\"><\/iframe><\/p>\n<p>&nbsp;<\/p>\n<p>&nbsp;<\/p>\n<h2><\/h2>\n<p>&nbsp;<\/p>\n<div dir=\"auto\">\n<p>&nbsp;<\/p>\n<hr \/>\n<p>&nbsp;<\/p>\n<div>\n<p class=\"photoswipe-wrapper\"><a class=\"dt-pswp-item pspw-wrap-ready\" href=\"https:\/\/i0.wp.com\/www.radiopiu.net\/wordpress\/wp-content\/uploads\/2018\/09\/viabilita.jpeg?ssl=1\" data-dt-img-description=\"\" data-large_image_width=\"800\" data-large_image_height=\"100\"><img loading=\"lazy\" decoding=\"async\" class=\"aligncenter wp-image-61954 size-full\" src=\"https:\/\/i0.wp.com\/www.radiopiu.net\/wordpress\/wp-content\/uploads\/2018\/09\/viabilita.jpeg?resize=800%2C100&amp;ssl=1\" sizes=\"auto, (max-width: 800px) 100vw, 800px\" srcset=\"https:\/\/i0.wp.com\/www.radiopiu.net\/wordpress\/wp-content\/uploads\/2018\/09\/viabilita.jpeg?w=800&amp;ssl=1 800w, https:\/\/i0.wp.com\/www.radiopiu.net\/wordpress\/wp-content\/uploads\/2018\/09\/viabilita.jpeg?resize=300%2C38&amp;ssl=1 300w, https:\/\/i0.wp.com\/www.radiopiu.net\/wordpress\/wp-content\/uploads\/2018\/09\/viabilita.jpeg?resize=768%2C96&amp;ssl=1 768w\" alt=\"\" width=\"800\" height=\"100\" \/><\/a><\/p>\n<\/div>\n<p>&nbsp;<\/p>\n<p><strong>SR 347 DEL PASSO CEREDA E DURAN <\/strong>fino\u00a0al 26 febbraio senso unico alternato regolato da semaforo a Voltago per indagini geognostiche<\/p>\n<p><strong>SP 21 DI QUERO<\/strong> fino al 5 marzo, esclusi sabato e domenica, interdizione totale al traffico tra Quero e Ponte Tegorzo per posa cavidotto per conto di E-Distribuzione<\/p>\n<p><strong>SP 251 DELLA VAL DI ZOLDO E CELLINA<\/strong> Istituzione di senso unico alternato regolato da semaforo nel comune di Val di Zoldo per messa in sicurezza della strada<\/p>\n<p><strong>SP 42 CAVALLERA<\/strong> fino a revoca, chiusura della strada nell&#8217;abitato di Perarolo per attivazione emergenza frana &#8220;Busa del Cristo&#8221;<\/p>\n<p><strong>S.P.2 DELLA VALLE DEL MIS\u00a0<\/strong>Interdizione totale al traffico fino a revoca dal km 14,920 (localit\u00e0 Gona Bassa) al km 20,650 (localit\u00e0 Titele) per cedimento della carreggiata<\/p>\n<p><strong>S.P. 5 DI LAMOSANO<\/strong>\u00a0Interdizione totale fino a revoca per presenza di materiale e alberi in strada.<\/p>\n<p><strong>SP 3 DELLA VAL IMPERINA<\/strong> fino a revoca, senso unico alternato regolato a vista in localit\u00e0 Gona di Conedera di Rivamonte per cedimento della carreggiata stradale<\/p>\n<p>&nbsp;<\/p>\n<p>&nbsp;<\/p>\n<hr \/>\n<p>&nbsp;<\/p>\n<div>\n<p class=\"photoswipe-wrapper\"><a class=\"dt-pswp-item pspw-wrap-ready\" href=\"https:\/\/i0.wp.com\/www.radiopiu.net\/wordpress\/wp-content\/uploads\/2018\/09\/WhatsApp-Image-2018-09-20-at-16.04.06.jpeg?ssl=1\" data-dt-img-description=\"\" data-large_image_width=\"800\" data-large_image_height=\"100\"><img loading=\"lazy\" decoding=\"async\" class=\"aligncenter wp-image-61378 size-full jetpack-lazy-image jetpack-lazy-image--handled\" src=\"https:\/\/i0.wp.com\/www.radiopiu.net\/wordpress\/wp-content\/uploads\/2018\/09\/WhatsApp-Image-2018-09-20-at-16.04.06.jpeg?resize=800%2C100&amp;ssl=1\" sizes=\"auto, (max-width: 800px) 100vw, 800px\" srcset=\"https:\/\/i0.wp.com\/www.radiopiu.net\/wordpress\/wp-content\/uploads\/2018\/09\/WhatsApp-Image-2018-09-20-at-16.04.06.jpeg?w=800&amp;ssl=1 800w, https:\/\/i0.wp.com\/www.radiopiu.net\/wordpress\/wp-content\/uploads\/2018\/09\/WhatsApp-Image-2018-09-20-at-16.04.06.jpeg?resize=300%2C38&amp;ssl=1 300w, https:\/\/i0.wp.com\/www.radiopiu.net\/wordpress\/wp-content\/uploads\/2018\/09\/WhatsApp-Image-2018-09-20-at-16.04.06.jpeg?resize=768%2C96&amp;ssl=1 768w\" alt=\"\" width=\"800\" height=\"100\" data-lazy-loaded=\"1\" \/><\/a><\/p>\n<\/div>\n<p>&nbsp;<\/p>\n<p><center><b>Venerdi 26<\/b><\/center><b>Tempo atteso: <\/b>Tempo stupendo, ben soleggiato con cielo terso, aria limpida e ottima visibilit\u00e0. La mitezza persister\u00e0, anche se si potr\u00e0 avvertire l&#8217;arrivo di aria un po&#8217; meno mite in alta quota al pomeriggio. Ridotta insidia foschia nei fondovalle durante le ore pi\u00f9 fredde per presenza di aria molto secca a tutti i livelli. Nel tardo pomeriggio\/sera sopraggiungere di sottili nubi alte con velatura del cielo.<br \/>\n<b>Precipitazioni: <\/b>Assenti (0%)<br \/>\n<b>Temperature: <\/b>Minime senza notevoli variazioni, eccetto lieve calo in alta quota, dove saranno osservate alla sera; massime in leggera flessione, pi\u00f9 avvertita in quota. Sono previsti massimi di 1\/2\u00b0C in meno rispetto a gioved\u00ec. Su Prealpi a 1500 m min 6\u00b0C max 10\u00b0C, a 2000 m min 3\u00b0C max 8\u00b0C. Su Dolomiti a 2000 m min 2\u00b0C max 7\u00b0C, a 3000 m min -2\u00b0C max 0\u00b0C.<br \/>\n<b>Venti: <\/b>Nelle valli deboli a regime di brezza, salvo locali rinforzi notturni su alcuni settori prealpini; in quota deboli da ovest al mattino e da sud-ovest al pomeriggio, a 5-10 km\/h sia a 2000 che a 3000 m.<\/p>\n<hr \/>\n<p><center><b>Sabato 27<\/b><\/center><b>Tempo atteso: <\/b>Dopo il transito di sottili nubi alte nella notte, splendida giornata ben soleggiata con cielo sereno, aria tersa e ottima visibilit\u00e0. Contesto termico un po&#8217; pi\u00f9 fresco a tutte le quote. Nel pomeriggio l&#8217;aumento dell&#8217;umidit\u00e0 nei bassi strati prealpinie e l&#8217;avvezione d&#8217;aria fredda potranno favorire la formazione di nubi basse, la cui estensione non \u00e8 ancora ben definita.<br \/>\n<b>Precipitazioni: <\/b>Assenti (0%).<br \/>\n<b>Temperature: <\/b>In lieve flessione a tutte le quote con riduzione dell&#8217;inversione termica notturna. Su Prealpi a 1500 m min 4\u00b0C max 7\u00b0C, a 2000 m min 1\u00b0C max 4\u00b0C. Su Dolomiti a 2000 m min 0\u00b0C max 2\u00b0C, a 3000 m min -5\u00b0C max -4\u00b0C.<br \/>\n<b>Venti: <\/b>Nelle valli deboli a regime di brezza, salvo locali rinforzi notturni su alcuni settori prealpini; in quota moderati\/tesi da nord al mattino, in lieve attenuazione dal pomeriggio in poi, a 10-20 km\/h a 2000 m e 20-35 km\/h a 3000 m.<\/p>\n<hr \/>\n<p><center><b>Domenica 28<\/b><\/center>Doppo la copertura media della notte sulle Dolomiti, splendida giornata, ben soleggiata con cielo terso, aria limpida e ottima visibilit\u00e0. Sulle Prealpi nubi basse tra la notte ed il mattino, in diradamento lasciando spazio a rasserenamenti, anche ampi al pomeriggio. Temperature in ulteriore lieve calo rispetto a sabato, specie le massime nei settori interessati da nubi basse. Venti deboli a regime di brezza nelle valli, salvo rinforzi notturni su alcuni settori prealpini; in quota deboli da nord-est per gran parte del giorno, in rotazione da sud sud-est alla sera.<\/p>\n<hr \/>\n<p><center><b>Lunedi 1<\/b><\/center>Dopo la copertura nuvolosa medio-alta della notte, il tempo torner\u00e0 a essere ben soleggiato con cielo generalmente sereno. Probabili banchi di nebbia in alcune depressioni prealpine. Temperature in lieve ripresa a tutte le quote. Venti deboli o debolissimi dai quadranti orientali in quota; deboli a regime di brezza nelle valli, salvo rinforzi notturni su alcuni settori prealpini. Previsore: R.L.Th.<\/p>\n<div>\n<p>&nbsp;<\/p>\n<p><center>\u00a0<\/center><\/p>\n<hr \/>\n<\/div>\n<\/div>\n<p>&nbsp;<\/p>\n<p><a href=\"https:\/\/www.radiopiu.net\/wordpress\/giornale-radiopiu-15-settembre-2018-direttore-mirko-mezzacasa\/sport-7\/\" rel=\"attachment wp-att-60761\"><img loading=\"lazy\" decoding=\"async\" class=\"wp-image-60761 size-full aligncenter\" src=\"https:\/\/www.radiopiu.net\/wordpress\/wp-content\/uploads\/2018\/09\/sport.jpg\" alt=\"\" width=\"800\" height=\"100\" srcset=\"https:\/\/www.radiopiu.net\/wordpress\/wp-content\/uploads\/2018\/09\/sport.jpg 800w, https:\/\/www.radiopiu.net\/wordpress\/wp-content\/uploads\/2018\/09\/sport-300x38.jpg 300w, https:\/\/www.radiopiu.net\/wordpress\/wp-content\/uploads\/2018\/09\/sport-768x96.jpg 768w\" sizes=\"auto, (max-width: 800px) 100vw, 800px\" \/><\/a><\/p>\n<h3><\/h3>\n<blockquote>\n<h3><a href=\"https:\/\/www.radiopiu.net\/wordpress\/giornale-radiopiu-26-febbraio-2021-direttore-mirko-mezzacasa\/bellunese2019_15\/\" rel=\"attachment wp-att-193803\"><img loading=\"lazy\" decoding=\"async\" class=\"size-medium wp-image-193803 alignleft\" src=\"https:\/\/www.radiopiu.net\/wordpress\/wp-content\/uploads\/2021\/02\/Bellunese2019_15-300x169.jpg\" alt=\"\" width=\"300\" height=\"169\" srcset=\"https:\/\/www.radiopiu.net\/wordpress\/wp-content\/uploads\/2021\/02\/Bellunese2019_15-300x169.jpg 300w, https:\/\/www.radiopiu.net\/wordpress\/wp-content\/uploads\/2021\/02\/Bellunese2019_15-1024x576.jpg 1024w, https:\/\/www.radiopiu.net\/wordpress\/wp-content\/uploads\/2021\/02\/Bellunese2019_15-768x432.jpg 768w, https:\/\/www.radiopiu.net\/wordpress\/wp-content\/uploads\/2021\/02\/Bellunese2019_15-1536x863.jpg 1536w, https:\/\/www.radiopiu.net\/wordpress\/wp-content\/uploads\/2021\/02\/Bellunese2019_15-2048x1151.jpg 2048w\" sizes=\"auto, (max-width: 300px) 100vw, 300px\" \/><\/a>MENO CINQUANTA&#8230; AL RALLY DOLOMITI. I CAMBIAMENTI DEL PAESAGGIO SCANDISCONO I TEMPI<\/h3>\n<\/blockquote>\n<audio class=\"wp-audio-shortcode\" id=\"audio-193583-22\" preload=\"none\" style=\"width: 100%;\" controls=\"controls\"><source type=\"audio\/mpeg\" src=\"https:\/\/www.radiopiu.net\/wordpress\/wp-content\/uploads\/2021\/02\/ROBERTO-B.mp3?_=22\" \/><a href=\"https:\/\/www.radiopiu.net\/wordpress\/wp-content\/uploads\/2021\/02\/ROBERTO-B.mp3\">https:\/\/www.radiopiu.net\/wordpress\/wp-content\/uploads\/2021\/02\/ROBERTO-B.mp3<\/a><\/audio>\n<p>&nbsp;<\/p>\n<hr \/>\n<blockquote>\n<h3>BREEZY JOHNSON LA PIU&#8217; VELOCE SULLA PISTA &#8220;LA VOLATA&#8221;<\/h3>\n<\/blockquote>\n<div id=\"attachment_193716\" style=\"width: 310px\" class=\"wp-caption alignleft\"><a href=\"https:\/\/www.radiopiu.net\/wordpress\/giornale-radiopiu-26-febbraio-2021-direttore-mirko-mezzacasa\/attachment\/22035\/\" rel=\"attachment wp-att-193716\"><img loading=\"lazy\" decoding=\"async\" aria-describedby=\"caption-attachment-193716\" class=\"size-medium wp-image-193716\" src=\"https:\/\/www.radiopiu.net\/wordpress\/wp-content\/uploads\/2021\/02\/22035-300x182.jpg\" alt=\"\" width=\"300\" height=\"182\" srcset=\"https:\/\/www.radiopiu.net\/wordpress\/wp-content\/uploads\/2021\/02\/22035-300x182.jpg 300w, https:\/\/www.radiopiu.net\/wordpress\/wp-content\/uploads\/2021\/02\/22035-1024x620.jpg 1024w, https:\/\/www.radiopiu.net\/wordpress\/wp-content\/uploads\/2021\/02\/22035-768x465.jpg 768w, https:\/\/www.radiopiu.net\/wordpress\/wp-content\/uploads\/2021\/02\/22035.jpg 1280w\" sizes=\"auto, (max-width: 300px) 100vw, 300px\" \/><\/a><p id=\"caption-attachment-193716\" class=\"wp-caption-text\">SKI WORLD CUP 2020\/2021 &#8211; Breezy Johnson (Usa) Val di fassa , Italy, 25\/2\/2021 , photo Alessandro Trovati\/Pentaphoto<\/p><\/div>\n<p>Breezy Johnson ha staccato il miglior tempo nella seconda e ultima prova cronometrata della discesa libera della Val di Fassa, che da oggi a domenica far\u00e0 il proprio debutto in Coppa del Mondo, ospitando sulla pista La VolatA di Passo San Pellegrino due discese e un superG. Gi\u00e0 seconda nella prima prova di mercoled\u00ec, la 25enne americana ha confermato il proprio feeling con il tecnico pendio di gara e ha prenotato un posto sul podio, nella giornata in cui si \u00e8 vista anche un\u2019ottima Federica Brignone, ottava e migliore delle azzurre a 0\u201d80 dalla statunitense. L\u2019americana ha abbassato notevolmente il tempo fatto segnare dalla leader della prova di mercoled\u00ec Kajsa Vickhoff Lie (1\u201925\u201d14), fermando il cronometro sull\u20191\u201924\u201d77. Alle sue spalle, staccate di 23 e 26 centesimi, hanno chiuso altre due attese protagoniste delle gare del weekend, l\u2019austriaca Ramona Siebenhofer e la canadese Marie-Michele Gagnon, seguite in quarta piazza (a 0\u201d46 dalla leader) dalla vice campionessa del mondo della specialit\u00e0, la tedesca Kira Weidle. Oggi \u00e8 in programma la prima delle due discese libere, con partenza alle 11.45, saranno nove le azzurre in gara.<\/p>\n<p><strong>LA CLASSIFICA DEL TRAINING <a href=\"https:\/\/pegasomedia.altosmail.net\/email\/click?hash=HBekPNUgdgpwbnbYEP97SXCadeiC8O3c\">CLICCA QUI<\/a><\/strong><\/p>\n<p>&nbsp;<\/p>\n","protected":false},"excerpt":{"rendered":"<p>RADIO PIU&#8217; SALUTA LE CAMPIONESSE DELLO SCI E AUGURA BUON LAVORO AI TANTI IMPEGNATI SULLA PISTA &#8220;LA VOLATA&#8221; PER LA COPPA DEL MONDO DI SCI AL SAN PELLEGRINO&#8230; SAN LUCANO, VETTE DA VALANGHE E SLAVINE PER RICEVERE QUESTO NOTIZIARIO DIRETTAMENTE SUL TUO CELLULARE ISCRIVITI AL CANALE TELEGRAM \u201cRADIO PIU\u00a0 INFORMAZIONE&#8221;\u00a0 SUPERATI I 3000 ISCRITTI, il&hellip;<\/p>\n","protected":false},"author":4,"featured_media":193716,"comment_status":"closed","ping_status":"closed","sticky":false,"template":"","format":"standard","meta":{"_monsterinsights_skip_tracking":false,"_monsterinsights_sitenote_active":false,"_monsterinsights_sitenote_note":"","_monsterinsights_sitenote_category":0,"footnotes":""},"categories":[1,86,49],"tags":[],"class_list":["post-193583","post","type-post","status-publish","format-standard","has-post-thumbnail","hentry","category-senza-categoria","category-gr","category-news-18","category-1","category-86","category-49","description-off"],"img_url":"https:\/\/www.radiopiu.net\/wordpress\/wp-content\/uploads\/2021\/02\/22035.jpg","_links":{"self":[{"href":"https:\/\/www.radiopiu.net\/wordpress\/wp-json\/wp\/v2\/posts\/193583","targetHints":{"allow":["GET"]}}],"collection":[{"href":"https:\/\/www.radiopiu.net\/wordpress\/wp-json\/wp\/v2\/posts"}],"about":[{"href":"https:\/\/www.radiopiu.net\/wordpress\/wp-json\/wp\/v2\/types\/post"}],"author":[{"embeddable":true,"href":"https:\/\/www.radiopiu.net\/wordpress\/wp-json\/wp\/v2\/users\/4"}],"replies":[{"embeddable":true,"href":"https:\/\/www.radiopiu.net\/wordpress\/wp-json\/wp\/v2\/comments?post=193583"}],"version-history":[{"count":0,"href":"https:\/\/www.radiopiu.net\/wordpress\/wp-json\/wp\/v2\/posts\/193583\/revisions"}],"wp:featuredmedia":[{"embeddable":true,"href":"https:\/\/www.radiopiu.net\/wordpress\/wp-json\/wp\/v2\/media\/193716"}],"wp:attachment":[{"href":"https:\/\/www.radiopiu.net\/wordpress\/wp-json\/wp\/v2\/media?parent=193583"}],"wp:term":[{"taxonomy":"category","embeddable":true,"href":"https:\/\/www.radiopiu.net\/wordpress\/wp-json\/wp\/v2\/categories?post=193583"},{"taxonomy":"post_tag","embeddable":true,"href":"https:\/\/www.radiopiu.net\/wordpress\/wp-json\/wp\/v2\/tags?post=193583"}],"curies":[{"name":"wp","href":"https:\/\/api.w.org\/{rel}","templated":true}]}}