{"id":193621,"date":"2021-02-25T10:33:05","date_gmt":"2021-02-25T09:33:05","guid":{"rendered":"https:\/\/www.radiopiu.net\/wordpress\/?p=193621"},"modified":"2021-02-25T10:33:05","modified_gmt":"2021-02-25T09:33:05","slug":"casa-un-freno-allo-spopolamento","status":"publish","type":"post","link":"https:\/\/www.radiopiu.net\/wordpress\/casa-un-freno-allo-spopolamento\/","title":{"rendered":"CASA, UN FRENO ALLO SPOPOLAMENTO"},"content":{"rendered":"<blockquote>\n<h3 style=\"text-align: left;\"><\/h3>\n<\/blockquote>\n<p><strong><a href=\"https:\/\/www.radiopiu.net\/wordpress\/un-san-valentino-carico-di-cuori-in-agordino-grazie-a-nicola-tancon\/canale-dagordo-4-2\/\" rel=\"attachment wp-att-191343\"><img loading=\"lazy\" decoding=\"async\" class=\" wp-image-191343 alignleft\" src=\"https:\/\/www.radiopiu.net\/wordpress\/wp-content\/uploads\/2021\/02\/Canale-dAgordo-4-300x225.jpeg\" alt=\"\" width=\"223\" height=\"167\" srcset=\"https:\/\/www.radiopiu.net\/wordpress\/wp-content\/uploads\/2021\/02\/Canale-dAgordo-4-300x225.jpeg 300w, https:\/\/www.radiopiu.net\/wordpress\/wp-content\/uploads\/2021\/02\/Canale-dAgordo-4-1024x768.jpeg 1024w, https:\/\/www.radiopiu.net\/wordpress\/wp-content\/uploads\/2021\/02\/Canale-dAgordo-4-768x576.jpeg 768w, https:\/\/www.radiopiu.net\/wordpress\/wp-content\/uploads\/2021\/02\/Canale-dAgordo-4-1536x1152.jpeg 1536w, https:\/\/www.radiopiu.net\/wordpress\/wp-content\/uploads\/2021\/02\/Canale-dAgordo-4.jpeg 2048w\" sizes=\"auto, (max-width: 223px) 100vw, 223px\" \/><\/a>CANALE D&#8217;AGORDO<\/strong> La minoranza consiliare del paese ripropone l&#8217;argomento casa, mai tanto importante come in questi anni di continuo spopolamento dei paesi di montagna. Gli studi sul calo della popolazione in montagna mettono correttamente in evidenza il ruolo del lavoro, viabilit\u00e0, servizi, sicurezza del territorio, ma non si sente mai discutere il tema &#8220;casa&#8221;. Ed ecco che la minoranza canalina propone le sue ipotesi.<\/p>\n<blockquote><p><em><a href=\"https:\/\/www.radiopiu.net\/wordpress\/giornale-radiopiu-08-settembre-2018-direttore-mirko-mezzacasa\/giulia-fiocco-4\/\" rel=\"attachment wp-att-60020\"><img loading=\"lazy\" decoding=\"async\" class=\" wp-image-60020 alignright\" src=\"https:\/\/www.radiopiu.net\/wordpress\/wp-content\/uploads\/2018\/09\/GIULIA-FIOCCO.jpg\" alt=\"\" width=\"160\" height=\"162\" \/><\/a>In montagna prevale nettamente la casa di propriet\u00e0, dunque \u00e8 naturale pensare che tutti in genere possiedano una casa e che chi vuole continuare a vivere qui lo possa fare senza incontrare particolari ostacoli. La popolazione continua a diminuire, dunque le case non dovrebbero mancare; anzi, dovrebbero essercene in esubero rispetto agli abitanti. Le case non abitate ci sono, ma spesso bisognose di interventi di recupero e di adeguamento che non tutti, senza aiuto, possono permettersi. In localit\u00e0 a vocazione turistica le vecchie case vengono acquistate e ristrutturate, ma in genere non dalla gente del posto. Vengono abitate per 2 -3 mesi all\u2019 anno, cosa che non contribuisce n\u00e9 a rendere i paesi popolati, n\u00e9 a frenare lo spopolamento. La casa \u00e8 considerata un problema essenzialmente privato, di cui Enti ed Istituzioni non sono tenuti ad occuparsi, dal momento che hanno gi\u00e0 molto altro cui pensare.La gente, del resto, di solito non pensa di rivolgersi ad un ente pubblico per il problema casa, tranne ovviamente che per le pratiche edilizie. In localit\u00e0 di montagna come la nostra non si suppone nemmeno che un ente pubblico possa in qualche modo farsi carico del problema.<\/em><\/p><\/blockquote>\n<p><a href=\"https:\/\/www.radiopiu.net\/wordpress\/giornale-radiopiu-03-giugno-2020-direttore-mirko-mezzacasa\/canale-dagordo-7\/\" rel=\"attachment wp-att-142144\"><img loading=\"lazy\" decoding=\"async\" class=\"size-medium wp-image-142144 alignleft\" src=\"https:\/\/www.radiopiu.net\/wordpress\/wp-content\/uploads\/2020\/06\/CANALE-DAGORDO-7-300x225.jpg\" alt=\"\" width=\"300\" height=\"225\" srcset=\"https:\/\/www.radiopiu.net\/wordpress\/wp-content\/uploads\/2020\/06\/CANALE-DAGORDO-7-300x225.jpg 300w, https:\/\/www.radiopiu.net\/wordpress\/wp-content\/uploads\/2020\/06\/CANALE-DAGORDO-7-768x576.jpg 768w, https:\/\/www.radiopiu.net\/wordpress\/wp-content\/uploads\/2020\/06\/CANALE-DAGORDO-7.jpg 960w\" sizes=\"auto, (max-width: 300px) 100vw, 300px\" \/><\/a>L&#8217;opposizione di Canale d&#8217;Agordo riconosce che le difficolt\u00e0 nell\u2019 avere una casa sono una delle cause dello spopolamento, per cui \u00e8 necessario ed urgente fare qualcosa. Le dichiarazioni recentemente rilasciate agli organi di informazione dai Sindaci di Canale e San Tomaso, la volont\u00e0 di intervenire in qualche modo per incentivare la residenzialit\u00e0, sono un segnale positivo, che va nella direzione\u00a0 auspicata dal gruppo di Giulia Fiocco che invita a &#8220;copiare\u201d quanto altri comuni hanno portato avanti con esiti positivi come ad esempio il progetto del Comune di Sovramonte. <em>Un progetto di incentivazione alla residenzialit\u00e0, finanziato con fondi di confine, per venire incontro a chi voglia comprare, ristrutturare, riqualificare casa, con un finanziamento a fondo perduto fino al 40% per intervento.\u00a0<\/em>Altro esempio la collaborazione tra Comuni e A.T.E.R. (Azienda Territoriale per l\u2019 Edilizia Residenziale) la cui finalit\u00e0 principale \u00e8 far avere una casa a prezzo calmierato a chi ha difficolt\u00e0 ad accedere ai prezzi di mercato. &#8220;<em>Qui il Comune pu\u00f2 svolgere un fondamentale ruolo di sensibilizzazione\/informazione nei confronti dei cittadini&#8221;<\/em> conclude la minoranza di Canale d&#8217;Agordo<\/p>\n<p><strong>foto copertina, Nico Tancon<\/strong><\/p>\n","protected":false},"excerpt":{"rendered":"<p>CANALE D&#8217;AGORDO La minoranza consiliare del paese ripropone l&#8217;argomento casa, mai tanto importante come in questi anni di continuo spopolamento dei paesi di montagna. Gli studi sul calo della popolazione in montagna mettono correttamente in evidenza il ruolo del lavoro, viabilit\u00e0, servizi, sicurezza del territorio, ma non si sente mai discutere il tema &#8220;casa&#8221;. Ed&hellip;<\/p>\n","protected":false},"author":4,"featured_media":191344,"comment_status":"closed","ping_status":"closed","sticky":false,"template":"","format":"standard","meta":{"_monsterinsights_skip_tracking":false,"_monsterinsights_sitenote_active":false,"_monsterinsights_sitenote_note":"","_monsterinsights_sitenote_category":0,"footnotes":""},"categories":[51,49],"tags":[],"class_list":["post-193621","post","type-post","status-publish","format-standard","has-post-thumbnail","hentry","category-evidenza-top","category-news-18","category-51","category-49","description-off"],"img_url":"https:\/\/www.radiopiu.net\/wordpress\/wp-content\/uploads\/2021\/02\/Canale-dAgordo-5.jpeg","_links":{"self":[{"href":"https:\/\/www.radiopiu.net\/wordpress\/wp-json\/wp\/v2\/posts\/193621","targetHints":{"allow":["GET"]}}],"collection":[{"href":"https:\/\/www.radiopiu.net\/wordpress\/wp-json\/wp\/v2\/posts"}],"about":[{"href":"https:\/\/www.radiopiu.net\/wordpress\/wp-json\/wp\/v2\/types\/post"}],"author":[{"embeddable":true,"href":"https:\/\/www.radiopiu.net\/wordpress\/wp-json\/wp\/v2\/users\/4"}],"replies":[{"embeddable":true,"href":"https:\/\/www.radiopiu.net\/wordpress\/wp-json\/wp\/v2\/comments?post=193621"}],"version-history":[{"count":0,"href":"https:\/\/www.radiopiu.net\/wordpress\/wp-json\/wp\/v2\/posts\/193621\/revisions"}],"wp:featuredmedia":[{"embeddable":true,"href":"https:\/\/www.radiopiu.net\/wordpress\/wp-json\/wp\/v2\/media\/191344"}],"wp:attachment":[{"href":"https:\/\/www.radiopiu.net\/wordpress\/wp-json\/wp\/v2\/media?parent=193621"}],"wp:term":[{"taxonomy":"category","embeddable":true,"href":"https:\/\/www.radiopiu.net\/wordpress\/wp-json\/wp\/v2\/categories?post=193621"},{"taxonomy":"post_tag","embeddable":true,"href":"https:\/\/www.radiopiu.net\/wordpress\/wp-json\/wp\/v2\/tags?post=193621"}],"curies":[{"name":"wp","href":"https:\/\/api.w.org\/{rel}","templated":true}]}}