{"id":193640,"date":"2021-02-25T12:25:15","date_gmt":"2021-02-25T11:25:15","guid":{"rendered":"https:\/\/www.radiopiu.net\/wordpress\/?p=193640"},"modified":"2021-02-25T14:17:35","modified_gmt":"2021-02-25T13:17:35","slug":"zaia-conferenza-stampa-venezia","status":"publish","type":"post","link":"https:\/\/www.radiopiu.net\/wordpress\/zaia-conferenza-stampa-venezia\/","title":{"rendered":"AUMENTA L&#8217;Rt IL VENETO RISCHIA LA ZONA ARANCIONE, IN DIRETTA DA VENEZIA LUCA ZAIA"},"content":{"rendered":"<p><strong>VENEZIA<\/strong> Da Marghera consueto aggiornamento sulla pandemia covid19, la conferenza stampa di Luca Zaia con l&#8217;assessore Manuela Lanzarin&#8230; e ospiti.<\/p>\n<p><strong>I NUMERI<\/strong><\/p>\n<p>TAMPONI MOLECOLARI 4008425 TAMPONI RAPIDI 3137697 TOTALE IERI 47356 POSITIVI NELLE 24 ORE +1304 INCIDENZA POSITIVI TAMPONI 2,75% POSITIVI DA INIZIO EPIDEMIA 330227 POSITIVI ATTUALI 22949 RICOVERI 1351 IN AREA NON CRITICA 1217\u00a0 (-30) IN TERAPIA INTENSIVA 134\u00a0 ( +2, 106 POSITIVI) DECESSI 9791, +28 DIMESSI 15.848<\/p>\n<blockquote><p><em>Salgono da 6 a 8, le regioni che superano la soglia critica del 30% dei posti letto in terapia intensiva anche il Friuli Venezia Giulia, ma non il Veneto. Questa mattina l&#8217;incontro Governo-Regioni sui prossimi provvedimenti. Domani la prima bozza del\u00a0 nuovo Dpcm in vigore fino a Pasqua.<\/em><\/p>\n<h3>LEGGI LA CONFERENZA STAMPA DI LUCA ZAIA<\/h3>\n<\/blockquote>\n<p><span style=\"color: #ff0000;\">considerazione pre conferenza stampa:<\/span> LE PISTE DA SCI NON SONO\u00a0 MAI\u00a0 STATE APERTE E NON SI SAPRA&#8217; MAI SE AVREBBERO &#8220;FATTO DANNI&#8221;, LA SCUOLA INVECE E&#8217; STATA APERTA E CHIUSA PIU&#8217; VOLTE E GLI EFFETTI SONO STATI E SONO EVIDENTI, DAI NUMERI REALI E CONCRETI.<\/p>\n<p>Lo diceva il Ministro Speranza ma senza essere tragici l&#8217;opinione \u00e8 diffusa, se guardiamo i dati del Veneto i numeri sono in calo, un calo continuo e inesorabile. Ma i positivi che all&#8217;inizio la percentuale era molto bassa \u00e8 gi\u00e0 arrivata quasi al 3. Il grafico delle incidenze ha raddoppiato, pur sempre con numeri piccoli, ma c&#8217;\u00e8 una tendenza all&#8217;aumento dei postivi, da 600 a 1300 al giorno. L&#8217;Rt era sotto 0,60 oggi siamo a 0.92 pi\u00f9 o meno. Sono piccoli campanelli d&#8217;allarme in linea con quello che succede a livello nazionale. In Veneto va ancora bene rispetto all&#8217;Emilia, Abruzzo, provincia di Brescia, Umbria&#8230; Ma quando tutti calavano noi crescevamo a dicembre. Preoccupazione c&#8217;\u00e8. Dobbiamo evitare la pressione ospedaliera. Con i parametri di oggi richiamo la zona arancione. Le mie richieste condivise dai colleghi: se ci sono misure che la realt\u00e0 scientifica indichi al Ministro le misure territoriale poi da adottare d&#8217;intesa rispettando l&#8217;autonomia del territorio. Ci vuole per\u00f2 un fondamento turistico. C&#8217;\u00e8 una sentenza di poche ore fa che non permette alle Regioni, comunque ai territori, di intervenire a livello locale. Ho chiesto che il Cts si esprima formalmente e pubblicamente rispetto all&#8217;apertura delle scuole. Il Cts dica perch\u00e8 altre forme di aggregazione sono pericolose e questa no, che si faccia chiarezza e che ognuno si prenda le proprie responsabilit\u00e0, noi non siamo in grado di fare una valutazione di carattere epidemiologico. Serve una campagna nazionale di comunicazione per informare il cittadino. FABIO FRANCESCHI DI GRAFICA VENETA CI HA REGALATO 1 MILIONE DI MASCHERINE PER I BISOGNOSI. <strong>Novit\u00e0 DPCM<\/strong> Il Decreto non arriver\u00e0 quattro ore prima della pubblicazione, l&#8217;altra novit\u00e0 che anche questa classificazione non arrivi di venerdi sera, ma ad inizio settimana. Non si puo&#8217; annunciare una zona arancione o rossa il venerdi sera con gli operatori che hanno riempito i magazzini e sono pronti ad affrontare il sabato e la domenica. <strong>MUTAZIONE INGLESE <\/strong>la variante inglese \u00e8 pi\u00f9 pericolosa: si spegne cinque giorni dopo il covid normale, abbiamo davanti cinque giorni in pi\u00f9 di infettivit\u00e0 in totale oltre 13 giorni, questo lo dice uno studio che ho avuto modo di leggere.<strong>\u00a0<\/strong>Vista la situazione, \u00e8 pi\u00f9 conveniente fare una dose di vaccino a tutti o due dosi a pochi?. <strong>TAMPONI FAI DA TE<\/strong> penso che chi lo fa, se risultasse positivo, andrebbe subito da un medico a chiedere cosa fare. Quindi non \u00e8 vero che con questo tipo di test si sfugge al tracciamento. Anzi. Meglio un ristorante dove c&#8217;\u00e8 il test fai-da-te.<strong> PRODUZIONE VACCINI IN VENETO<\/strong>\u00a0 Serve un&#8217;azione propulsiva del governo si devono creare le condizioni. Ad oggi nessun contatto con la Regione da parte delle aziende, ma ci sono stati interlocuzioni con Veneto Sviluppo. <strong>SUDDIVIDERE I VACCINI SULLA BASE DEL CONTAGIO NEI VARI TERRITORI<\/strong> Dico che mi sembra di aver capito che la proposta fosse riferita ad un atteggiamento utilizzato concentrando i vaccini nelle aree pi\u00f9 a rischio come Brescia rispetto a Varese e Sondrio, cio\u00e8 dove ci sono invece meno infezioni. A livello nazionale \u00e8 difficile da commentare e da praticare. <strong>RISTORANTI E BAR APERTI DI SERA<\/strong> Con il Presidente Bonaccini e altri governatori abbiamo posto la questione che le misure abbiano una ragionevolezza anche per il rispetto del cittadino, il ristorante se non \u00e8 pericoloso a mezzogiorno perch\u00e9 non si apre la sera pur rispettando il coprifuoco? E&#8217; un concetto ragionevole e lo abbiamo calato anche su altre attivit\u00e0 ancora chiuse rispetto a quelle aperte. C&#8217;e&#8217; una base scientifica o un tanto al chilo? Non \u00e8 una questione di principio ma di giustizia. Abbiamo chiesto che ci sia l&#8217;impegno ad entrare nelle singole attivit\u00e0 non con il codice Ateco. <strong>DISCOTECHE<\/strong>\u00a0 Stamane incontro con il mondo delle discoteche. I gestori dicono che sono stati chiusi ma i contagi non si sono fermati, quindi non erano le discoteche a far avanzare il virus. Giustamente si chiedono di chi \u00e8 la responsabilit\u00e0, i locali sono chiusi dallo scorso marzo. <strong>ECONOMIA<\/strong>\u00a0 Ci vorrebbe una safety car per le aziende cio\u00e8 il <em>recovery fund.<\/em> Dobbiamo ricapitalizzare le imprese e creare occupazione. Quando la crisi sanitaria sar\u00e0 finita non sar\u00e0 pi\u00f9 come prima ma con un&#8217;altra economia. Con il sistema del monopattino non si va lontani, confido nel Presidente del Consiglio Dei Ministri Draghi.<\/p>\n<p>&nbsp;<\/p>\n<p><a href=\"https:\/\/www.facebook.com\/zaiaufficiale\/videos\/271610741030944\">https:\/\/www.facebook.com\/zaiaufficiale\/videos\/271610741030944<\/a><\/p>\n<p>&nbsp;<\/p>\n","protected":false},"excerpt":{"rendered":"<p>VENEZIA Da Marghera consueto aggiornamento sulla pandemia covid19, la conferenza stampa di Luca Zaia con l&#8217;assessore Manuela Lanzarin&#8230; e ospiti. I NUMERI TAMPONI MOLECOLARI 4008425 TAMPONI RAPIDI 3137697 TOTALE IERI 47356 POSITIVI NELLE 24 ORE +1304 INCIDENZA POSITIVI TAMPONI 2,75% POSITIVI DA INIZIO EPIDEMIA 330227 POSITIVI ATTUALI 22949 RICOVERI 1351 IN AREA NON CRITICA 1217\u00a0&hellip;<\/p>\n","protected":false},"author":4,"featured_media":173170,"comment_status":"closed","ping_status":"closed","sticky":false,"template":"","format":"standard","meta":{"_monsterinsights_skip_tracking":false,"_monsterinsights_sitenote_active":false,"_monsterinsights_sitenote_note":"","_monsterinsights_sitenote_category":0,"footnotes":""},"categories":[51,49],"tags":[],"class_list":["post-193640","post","type-post","status-publish","format-standard","has-post-thumbnail","hentry","category-evidenza-top","category-news-18","category-51","category-49","description-off"],"img_url":"https:\/\/www.radiopiu.net\/wordpress\/wp-content\/uploads\/2020\/11\/ZAIA-TEST-2.jpg","_links":{"self":[{"href":"https:\/\/www.radiopiu.net\/wordpress\/wp-json\/wp\/v2\/posts\/193640","targetHints":{"allow":["GET"]}}],"collection":[{"href":"https:\/\/www.radiopiu.net\/wordpress\/wp-json\/wp\/v2\/posts"}],"about":[{"href":"https:\/\/www.radiopiu.net\/wordpress\/wp-json\/wp\/v2\/types\/post"}],"author":[{"embeddable":true,"href":"https:\/\/www.radiopiu.net\/wordpress\/wp-json\/wp\/v2\/users\/4"}],"replies":[{"embeddable":true,"href":"https:\/\/www.radiopiu.net\/wordpress\/wp-json\/wp\/v2\/comments?post=193640"}],"version-history":[{"count":0,"href":"https:\/\/www.radiopiu.net\/wordpress\/wp-json\/wp\/v2\/posts\/193640\/revisions"}],"wp:featuredmedia":[{"embeddable":true,"href":"https:\/\/www.radiopiu.net\/wordpress\/wp-json\/wp\/v2\/media\/173170"}],"wp:attachment":[{"href":"https:\/\/www.radiopiu.net\/wordpress\/wp-json\/wp\/v2\/media?parent=193640"}],"wp:term":[{"taxonomy":"category","embeddable":true,"href":"https:\/\/www.radiopiu.net\/wordpress\/wp-json\/wp\/v2\/categories?post=193640"},{"taxonomy":"post_tag","embeddable":true,"href":"https:\/\/www.radiopiu.net\/wordpress\/wp-json\/wp\/v2\/tags?post=193640"}],"curies":[{"name":"wp","href":"https:\/\/api.w.org\/{rel}","templated":true}]}}