{"id":193694,"date":"2021-02-25T16:19:01","date_gmt":"2021-02-25T15:19:01","guid":{"rendered":"https:\/\/www.radiopiu.net\/wordpress\/?p=193694"},"modified":"2021-02-25T16:19:02","modified_gmt":"2021-02-25T15:19:02","slug":"acc-incontro-al-ministero-con-le-regioni-veneto-e-piemonte-entro-10-giorni","status":"publish","type":"post","link":"https:\/\/www.radiopiu.net\/wordpress\/acc-incontro-al-ministero-con-le-regioni-veneto-e-piemonte-entro-10-giorni\/","title":{"rendered":"ACC: INCONTRO AL MINISTERO CON LE REGIONI VENETO E PIEMONTE ENTRO 10 GIORNI"},"content":{"rendered":"<p><strong><a href=\"https:\/\/www.radiopiu.net\/wordpress\/acc-incontro-al-ministero-con-le-regioni-veneto-e-piemonte-entro-10-giorni\/583px-giancarlo_giorgetti_quirinale_2018\/\" rel=\"attachment wp-att-193695\"><img loading=\"lazy\" decoding=\"async\" class=\" wp-image-193695 alignleft\" src=\"https:\/\/www.radiopiu.net\/wordpress\/wp-content\/uploads\/2021\/02\/583px-Giancarlo_Giorgetti_Quirinale_2018-e1614266289884-228x300.png\" alt=\"\" width=\"192\" height=\"253\" srcset=\"https:\/\/www.radiopiu.net\/wordpress\/wp-content\/uploads\/2021\/02\/583px-Giancarlo_Giorgetti_Quirinale_2018-e1614266289884-228x300.png 228w, https:\/\/www.radiopiu.net\/wordpress\/wp-content\/uploads\/2021\/02\/583px-Giancarlo_Giorgetti_Quirinale_2018-e1614266289884.png 583w\" sizes=\"auto, (max-width: 192px) 100vw, 192px\" \/><\/a>BORGO VALBELLUNA<\/strong> Nulla rimane intentato tantomeno ora a poco pi\u00f9 di un mese dal 31 marzo giorno di cui Acc esaurir\u00e0 le disponibilit\u00e0 di cassa. I sindacalisti della FimCisl, FiomCgil e Uilm tengono alta l&#8217;attenzione sulla Acc di Mel pensando a quella scadenza di fine marzo che potrebbe aprire le porte ad uno scenario disastroso con il fermo produttivo. L&#8217;ultima importante iniziativa\u00a0 \u00e8 la doppia lettera inviata al Prefetto di Belluno Sergio Bracco e al Ministero per lo Sviluppo Economico, al Ministro Giancarlo Giorgetti (foto) e al suo vice Alessandra Todde.\u00a0 La richiesta: un incontro urgente con l&#8217;auspicio che il Ministro riprenda il governo del progetto Italcomp per il rilancio del comparto del compressore in Italia e per garantire un futuro occupazionale alle lavoratrici e ai lavoratori della ACC di Belluno e della ex Embraco di Torino. All&#8217;incontro viene inoltre richiesta la partecipazione dei rappresentanti istituzionali delle regioni Veneto e Piemonte, per eliminare ogni ostacolo alla costituzione del progetto Italcomp, e per una rapida attuazione degli impegni assunti. Per i sindacalisti l&#8217;incontro dovr\u00e0 tenersi entro i prossimi dieci giorni. Al Prefetto i sindacati Fim Fiom e Uilm ribadiscono il problema anche a nome dei lavoratori<em> &#8220;Ella\u00a0 &#8211; si legge &#8211;\u00a0 ha gi\u00e0 dimostrato forte interesse per questa delicata vertenza e vicinanza alle lavoratrici e ai lavoratori ed \u00e8 per queste ragioni che le chiediamo nella sua qualit\u00e0 di pi\u00f9 alta carica dello Stato in <\/em><em>provincia di aprire i canali utili e necessari per interessare il ministro competente onorevole Giorgetti e per rappresentargli a nome della intera comunit\u00e0 bellunese l\u2019urgenza di una soluzione che compete esclusivamente al dicastero che lui dirige&#8221;. <\/em>Impegni importanti, per dare garanzie lavorative a 300 lavoratori e garantire un futuro alle famiglie.<\/p>\n","protected":false},"excerpt":{"rendered":"<p>BORGO VALBELLUNA Nulla rimane intentato tantomeno ora a poco pi\u00f9 di un mese dal 31 marzo giorno di cui Acc esaurir\u00e0 le disponibilit\u00e0 di cassa. I sindacalisti della FimCisl, FiomCgil e Uilm tengono alta l&#8217;attenzione sulla Acc di Mel pensando a quella scadenza di fine marzo che potrebbe aprire le porte ad uno scenario disastroso&hellip;<\/p>\n","protected":false},"author":4,"featured_media":193695,"comment_status":"closed","ping_status":"closed","sticky":false,"template":"","format":"standard","meta":{"_monsterinsights_skip_tracking":false,"_monsterinsights_sitenote_active":false,"_monsterinsights_sitenote_note":"","_monsterinsights_sitenote_category":0,"footnotes":""},"categories":[51,49],"tags":[],"class_list":["post-193694","post","type-post","status-publish","format-standard","has-post-thumbnail","hentry","category-evidenza-top","category-news-18","category-51","category-49","description-off"],"img_url":"https:\/\/www.radiopiu.net\/wordpress\/wp-content\/uploads\/2021\/02\/583px-Giancarlo_Giorgetti_Quirinale_2018-e1614266289884.png","_links":{"self":[{"href":"https:\/\/www.radiopiu.net\/wordpress\/wp-json\/wp\/v2\/posts\/193694","targetHints":{"allow":["GET"]}}],"collection":[{"href":"https:\/\/www.radiopiu.net\/wordpress\/wp-json\/wp\/v2\/posts"}],"about":[{"href":"https:\/\/www.radiopiu.net\/wordpress\/wp-json\/wp\/v2\/types\/post"}],"author":[{"embeddable":true,"href":"https:\/\/www.radiopiu.net\/wordpress\/wp-json\/wp\/v2\/users\/4"}],"replies":[{"embeddable":true,"href":"https:\/\/www.radiopiu.net\/wordpress\/wp-json\/wp\/v2\/comments?post=193694"}],"version-history":[{"count":0,"href":"https:\/\/www.radiopiu.net\/wordpress\/wp-json\/wp\/v2\/posts\/193694\/revisions"}],"wp:featuredmedia":[{"embeddable":true,"href":"https:\/\/www.radiopiu.net\/wordpress\/wp-json\/wp\/v2\/media\/193695"}],"wp:attachment":[{"href":"https:\/\/www.radiopiu.net\/wordpress\/wp-json\/wp\/v2\/media?parent=193694"}],"wp:term":[{"taxonomy":"category","embeddable":true,"href":"https:\/\/www.radiopiu.net\/wordpress\/wp-json\/wp\/v2\/categories?post=193694"},{"taxonomy":"post_tag","embeddable":true,"href":"https:\/\/www.radiopiu.net\/wordpress\/wp-json\/wp\/v2\/tags?post=193694"}],"curies":[{"name":"wp","href":"https:\/\/api.w.org\/{rel}","templated":true}]}}