{"id":193782,"date":"2021-02-27T05:52:02","date_gmt":"2021-02-27T04:52:02","guid":{"rendered":"https:\/\/www.radiopiu.net\/wordpress\/?p=193782"},"modified":"2021-02-27T09:48:52","modified_gmt":"2021-02-27T08:48:52","slug":"giornale-radiopiu-27-febbraio-2021-direttore-mirko-mezzacasa","status":"publish","type":"post","link":"https:\/\/www.radiopiu.net\/wordpress\/giornale-radiopiu-27-febbraio-2021-direttore-mirko-mezzacasa\/","title":{"rendered":"GIORNALE RADIOPIU 27 FEBBRAIO 2021 DIRETTORE MIRKO MEZZACASA"},"content":{"rendered":"<h3><a href=\"https:\/\/www.radiopiu.net\/wordpress\/giornale-radiopiu-24-gennaio-2021-direttore-mirko-mezzacasa\/141433770_171616291414874_2957460898102012198_n\/\" rel=\"attachment wp-att-186566\"><img loading=\"lazy\" decoding=\"async\" class=\"wp-image-186566 alignleft\" src=\"https:\/\/www.radiopiu.net\/wordpress\/wp-content\/uploads\/2021\/01\/141433770_171616291414874_2957460898102012198_n-300x300.jpg\" alt=\"\" width=\"144\" height=\"144\" srcset=\"https:\/\/www.radiopiu.net\/wordpress\/wp-content\/uploads\/2021\/01\/141433770_171616291414874_2957460898102012198_n-300x300.jpg 300w, https:\/\/www.radiopiu.net\/wordpress\/wp-content\/uploads\/2021\/01\/141433770_171616291414874_2957460898102012198_n-150x150.jpg 150w, https:\/\/www.radiopiu.net\/wordpress\/wp-content\/uploads\/2021\/01\/141433770_171616291414874_2957460898102012198_n-768x768.jpg 768w, https:\/\/www.radiopiu.net\/wordpress\/wp-content\/uploads\/2021\/01\/141433770_171616291414874_2957460898102012198_n.jpg 800w\" sizes=\"auto, (max-width: 144px) 100vw, 144px\" \/><\/a>PER<strong> RICEVERE QUESTO NOTIZIARIO DIRETTAMENTE SUL TUO CELLULARE ISCRIVITI AL CANALE TELEGRAM <\/strong><strong>\u201cRADIO PIU\u00a0 INFORMAZIONE&#8221;\u00a0<\/strong><\/h3>\n<h3>SUPERATI I 3000 ISCRITTI, il CANALE TELEGRAM&#8230; UNISCITI A: RADIO PIU INFORMAZIONE<\/h3>\n<p>&nbsp;<\/p>\n<p>&nbsp;<\/p>\n<p><em><a href=\"https:\/\/www.radiopiu.net\/wordpress\/giornale-radiopiu-24-gennaio-2021-direttore-mirko-mezzacasa\/79216601_126817312416448_708980208774483089_n\/\" rel=\"attachment wp-att-186567\"><img loading=\"lazy\" decoding=\"async\" class=\"size-medium wp-image-186567 alignright\" src=\"https:\/\/www.radiopiu.net\/wordpress\/wp-content\/uploads\/2021\/01\/79216601_126817312416448_708980208774483089_n-300x114.jpg\" alt=\"\" width=\"300\" height=\"114\" srcset=\"https:\/\/www.radiopiu.net\/wordpress\/wp-content\/uploads\/2021\/01\/79216601_126817312416448_708980208774483089_n-300x114.jpg 300w, https:\/\/www.radiopiu.net\/wordpress\/wp-content\/uploads\/2021\/01\/79216601_126817312416448_708980208774483089_n-768x292.jpg 768w, https:\/\/www.radiopiu.net\/wordpress\/wp-content\/uploads\/2021\/01\/79216601_126817312416448_708980208774483089_n.jpg 820w\" sizes=\"auto, (max-width: 300px) 100vw, 300px\" \/><\/a><span style=\"color: #ff0000;\">ATTENZIONE: LA NUOVA APP PER IOS-IPHONE di Nicola Vettorello <\/span><\/em><a href=\"https:\/\/apps.apple.com\/it\/app\/radio-pi%C3%B9-emittente-agordina\/id1515939845\">https:\/\/apps.apple.com\/it\/app\/radio-pi%C3%B9-emittente-agordina\/id1515939845<\/a><\/p>\n<p><em style=\"color: #ff0000;\">ATTENZIONE: LA NUOVA APP RADIO\u00a0 PER ANDROID di Nicola Vettorello<\/em><\/p>\n<p><a href=\"https:\/\/play.google.com\/store\/apps\/details?id=net.radiopiu.iniko\" target=\"_blank\" rel=\"noopener noreferrer\">https:\/\/play.google.com\/store\/apps\/details?id=net.radiopiu.iniko\u00a0\u00a0<\/a><\/p>\n<p>&nbsp;<\/p>\n<p>&nbsp;<\/p>\n<hr \/>\n<p>&nbsp;<\/p>\n<p><strong><a href=\"https:\/\/www.radiopiu.net\/wordpress\/giornale-radiopiu-09-agosto-2018-direttore-mirko-mezzacasa\/acqua\/\" rel=\"attachment wp-att-57052\"><img loading=\"lazy\" decoding=\"async\" class=\" wp-image-57052 alignleft\" src=\"https:\/\/www.radiopiu.net\/wordpress\/wp-content\/uploads\/2018\/08\/ACQUA-300x180.jpeg\" alt=\"\" width=\"253\" height=\"152\" srcset=\"https:\/\/www.radiopiu.net\/wordpress\/wp-content\/uploads\/2018\/08\/ACQUA-300x180.jpeg 300w, https:\/\/www.radiopiu.net\/wordpress\/wp-content\/uploads\/2018\/08\/ACQUA-768x461.jpeg 768w, https:\/\/www.radiopiu.net\/wordpress\/wp-content\/uploads\/2018\/08\/ACQUA-1024x614.jpeg 1024w, https:\/\/www.radiopiu.net\/wordpress\/wp-content\/uploads\/2018\/08\/ACQUA.jpeg 1280w\" sizes=\"auto, (max-width: 253px) 100vw, 253px\" \/><\/a>Gestione Servizi Pubblici informa che a CANALE D&#8217;AGORDO in localit\u00e0 CARFON, l&#8217;acqua erogata dall&#8217;acquedotto \u00e8 di nuovo potabile e pu\u00f2 essere usata, quindi, per scopi alimentari. Per informazioni \u00e8 possibile contattare il Servizio Clienti al numero 800 306 999 o +39 0445 230521 (da estero) .<br \/>\n<\/strong><\/p>\n<p><strong>A RIVAMONTE AGORDINO nelle localit\u00e0 MIOTTE, ZENICH, MOTTES, ZEP-SCHENA, SARET, ROSTE, PALUCH, GONA DI CONEDERA, PONTE ALTO, LONIE, SANTEL, ROSSON, VIA ROMA, VILLAGRANDE E TOS, l&#8217;acqua erogata dall&#8217;acquedotto non \u00e8 potabile e pu\u00f2 essere usata per scopi alimentari SOLO PREVIA bollitura.<\/strong><\/p>\n<p>&nbsp;<\/p>\n<p>&nbsp;<\/p>\n<hr \/>\n<p>&nbsp;<\/p>\n<blockquote>\n<h3>A BRIES SI &#8220;APRE&#8221; LA REGIONALE 203 AGORDINA<\/h3>\n<\/blockquote>\n<p><strong>AGORDO<\/strong> Dopo la caduta di quel masso a Bries nulla \u00e8 pi\u00f9 stato come prima. L&#8217;ultimo problema \u00e8 una voragine che si \u00e8 aperta sempre difronte a casa Tormen. Pochi giorni fa improvvisamente un rumore sordo in contemporanea con il passaggio di un Pullman della Dolomitibus. Fulvio Tormen non ha perso tempo e controllando il manto stradale ha subito notato la crepa, e quel rumore sordo (battendo con il piede) tipico di un manto d&#8217;asfalto con sotto il vuoto. E infatti con un colpo di mazza &#8211; tanto era il dubbio &#8211; e l&#8217;asfalto \u00e8 franato, si \u00e8 aperta la voragine. Quindi la segnalazione alle autorit\u00e0 competenti, per un paio di giorni la zona \u00e8 stata transennata e ieri la strada \u00e8 stata rimessa in sicurezza. <em>&#8220;Direi che \u00e8 andata anche bene &#8211; dice Fulvio Tormen &#8211; soprattutto se penso che pochi istanti prima della comparsa della voragine era passato il pullman della Dolomitibus&#8221;<\/em><\/p>\n\n\t\t\t<style type='text\/css'>\n\t\t\t\t#gallery-1 {\n\t\t\t\t\tmargin: auto;\n\t\t\t\t}\n\t\t\t\t#gallery-1 .gallery-item {\n\t\t\t\t\tfloat: left;\n\t\t\t\t\tmargin-top: 10px;\n\t\t\t\t\ttext-align: center;\n\t\t\t\t\twidth: 50%;\n\t\t\t\t}\n\t\t\t\t#gallery-1 img {\n\t\t\t\t\tborder: 2px solid #cfcfcf;\n\t\t\t\t}\n\t\t\t\t#gallery-1 .gallery-caption {\n\t\t\t\t\tmargin-left: 0;\n\t\t\t\t}\n\t\t\t\t\/* see gallery_shortcode() in wp-includes\/media.php *\/\n\t\t\t<\/style>\n\t\t<div id='gallery-1' class='dt-gallery-container gallery galleryid-193782 gallery-columns-2 gallery-size-medium'><dl class='gallery-item'>\n\t\t\t\t<dt class='gallery-icon landscape'>\n\t\t\t\t\t<a class=\"rollover rollover-zoom dt-pswp-item\" title=\"51225871_289112541765034_8791290789209571328_o\" data-dt-img-description=\"\" data-large_image_width=\"1034\" data-large_image_height=\"443\"href='https:\/\/www.radiopiu.net\/wordpress\/wp-content\/uploads\/2021\/02\/51225871_289112541765034_8791290789209571328_o.jpg'><img loading=\"lazy\" decoding=\"async\" width=\"300\" height=\"129\" src=\"https:\/\/www.radiopiu.net\/wordpress\/wp-content\/uploads\/2021\/02\/51225871_289112541765034_8791290789209571328_o-300x129.jpg\" class=\"attachment-medium size-medium\" alt=\"\" srcset=\"https:\/\/www.radiopiu.net\/wordpress\/wp-content\/uploads\/2021\/02\/51225871_289112541765034_8791290789209571328_o-300x129.jpg 300w, https:\/\/www.radiopiu.net\/wordpress\/wp-content\/uploads\/2021\/02\/51225871_289112541765034_8791290789209571328_o-1024x439.jpg 1024w, https:\/\/www.radiopiu.net\/wordpress\/wp-content\/uploads\/2021\/02\/51225871_289112541765034_8791290789209571328_o-768x329.jpg 768w, https:\/\/www.radiopiu.net\/wordpress\/wp-content\/uploads\/2021\/02\/51225871_289112541765034_8791290789209571328_o.jpg 1034w\" sizes=\"auto, (max-width: 300px) 100vw, 300px\" \/><\/a>\n\t\t\t\t<\/dt><\/dl><dl class='gallery-item'>\n\t\t\t\t<dt class='gallery-icon landscape'>\n\t\t\t\t\t<a class=\"rollover rollover-zoom dt-pswp-item\" title=\"auto_schiacciata_masso_montagna-00002-1024x576\" data-dt-img-description=\"\" data-large_image_width=\"1024\" data-large_image_height=\"576\"href='https:\/\/www.radiopiu.net\/wordpress\/wp-content\/uploads\/2021\/02\/auto_schiacciata_masso_montagna-00002-1024x576-1.jpg'><img loading=\"lazy\" decoding=\"async\" width=\"300\" height=\"169\" src=\"https:\/\/www.radiopiu.net\/wordpress\/wp-content\/uploads\/2021\/02\/auto_schiacciata_masso_montagna-00002-1024x576-1-300x169.jpg\" class=\"attachment-medium size-medium\" alt=\"\" srcset=\"https:\/\/www.radiopiu.net\/wordpress\/wp-content\/uploads\/2021\/02\/auto_schiacciata_masso_montagna-00002-1024x576-1-300x169.jpg 300w, https:\/\/www.radiopiu.net\/wordpress\/wp-content\/uploads\/2021\/02\/auto_schiacciata_masso_montagna-00002-1024x576-1-768x432.jpg 768w, https:\/\/www.radiopiu.net\/wordpress\/wp-content\/uploads\/2021\/02\/auto_schiacciata_masso_montagna-00002-1024x576-1.jpg 1024w\" sizes=\"auto, (max-width: 300px) 100vw, 300px\" \/><\/a>\n\t\t\t\t<\/dt><\/dl><br style=\"clear: both\" \/>\n\t\t\t<\/div>\n\n<p><span style=\"color: #ff0000;\">LA STORIA<\/span><\/p>\n<p><strong>2 FEBBRAIO 2019:<\/strong> Un enorme masso \u00e8 caduto in localit\u00e0 Bries, sulla vecchia 203 agordina tra Agordo e Taibon vicino alla centrale di Toccol. Il masso \u00e8 caduto dalla localit\u00e0 Crep di Cadinei, zona dove si erano verificati in passato dei distacchi ma non di queste proporzioni. Nessuno ferito, ma \u00e8 stato un vero miracolo, considerato che il distacco si \u00e8 verificato intorno alle 10 buttando fuori di casa gli abitanti delle case. Il masso ha superato il filo della corrente, letteralmente saltandolo, poi ha battuto contro l&#8217;angolo della casa\u00a0 della famiglia Tormen e si \u00e8 schiantato sopra la jeep che era parcheggiata a fianco della casa. Nella abitazione ci vivono otto persone che sono state evacuate, parenti del sindaco di Taibon, Silvia Tormen.<\/p>\n<p>&nbsp;<\/p>\n<hr \/>\n<p>&nbsp;<\/p>\n<blockquote>\n<h3>SASSI A DAVEDINO, IL VIDEO DI RENATO ROSSI<\/h3>\n<\/blockquote>\n<p><strong>LIVINALLONGO<\/strong> Renato Rossi di Frassen\u00e9 (Voltago) ha documentato l&#8217;ennesimo episodio franoso sulla strada per Davedino. Dalla pagina facebook<\/p>\n<p>https:\/\/www.facebook.com\/100001856465032\/videos\/pcb.5054315881306911\/5054273687977797<\/p>\n<p>&nbsp;<\/p>\n<p>&nbsp;<\/p>\n<hr \/>\n<p>&nbsp;<\/p>\n<p><strong><span style=\"color: #ff0000;\">OGGI SUL CORRIERE DELLE ALPI<\/span><\/strong><\/p>\n<blockquote>\n<h3><a class=\"dt-pswp-item\" href=\"https:\/\/www.radiopiu.net\/wordpress\/wp-content\/uploads\/2021\/02\/7bf01c87-eb55-4e1b-80c3-052563b8d446.jpg\" data-dt-img-description=\"\" data-large_image_width=\"900\" data-large_image_height=\"1600\"><img loading=\"lazy\" decoding=\"async\" class=\" wp-image-194052 alignleft\" src=\"https:\/\/www.radiopiu.net\/wordpress\/wp-content\/uploads\/2021\/02\/7bf01c87-eb55-4e1b-80c3-052563b8d446-169x300.jpg\" alt=\"\" width=\"82\" height=\"146\" srcset=\"https:\/\/www.radiopiu.net\/wordpress\/wp-content\/uploads\/2021\/02\/7bf01c87-eb55-4e1b-80c3-052563b8d446-169x300.jpg 169w, https:\/\/www.radiopiu.net\/wordpress\/wp-content\/uploads\/2021\/02\/7bf01c87-eb55-4e1b-80c3-052563b8d446-576x1024.jpg 576w, https:\/\/www.radiopiu.net\/wordpress\/wp-content\/uploads\/2021\/02\/7bf01c87-eb55-4e1b-80c3-052563b8d446-768x1365.jpg 768w, https:\/\/www.radiopiu.net\/wordpress\/wp-content\/uploads\/2021\/02\/7bf01c87-eb55-4e1b-80c3-052563b8d446-864x1536.jpg 864w, https:\/\/www.radiopiu.net\/wordpress\/wp-content\/uploads\/2021\/02\/7bf01c87-eb55-4e1b-80c3-052563b8d446.jpg 900w\" sizes=\"auto, (max-width: 82px) 100vw, 82px\" \/><\/a>Chiesa di San Martino sorvegliata speciale \u00abMassima vigilanza\u00bb<\/h3>\n<\/blockquote>\n<p><strong>VALLE DI CADORE\u00a0<\/strong> \u00abIn questa fase stiamo valutando un potenziamento del monitoraggio della frana e dell&#8217;edificio, in modo da avere sotto controllo tutti i parametri necessari per una riapertura sicura\u00bb. Lo assicura l&#8217;assessore regionale alla Protezione civile, Giampaolo Bottacin, dopo una ricognizione sulla chiesa di San Martino di Valle. Un edificio, come ricorda l&#8217;esponente regionale, \u00abche sorge su uno spuntone piuttosto instabile da sempre. In passato sono stati effettuati vari lavori di consolidamento, ma la conformazione e le caratteristiche del sedime rendono la sicurezza della struttura sempre particolarmente precaria\u00bb&#8230;. di Francesco Dal Mas<\/p>\n<p>&nbsp;<\/p>\n<p>&nbsp;<\/p>\n<hr \/>\n<p>&nbsp;<\/p>\n<blockquote>\n<h3>UN PULLMINO CONTRO I SASSI, AI SEI BIMBI A BORDO E&#8217; ANDATA BENE<\/h3>\n<\/blockquote>\n<p><strong>VAL DI ZOLDO\u00a0<\/strong> I ragazzini dell&#8217;hockey et\u00e0 massima 13 anni se la sono vista brutta mentre stavano raggiungendo lo stadio per l&#8217;allenamento. Il pullmino salendo da Longarone verso Soccampo alla cui guida c&#8217;era la mamma (volontaria) di uno dei ragazzini,\u00a0 \u00e8 finito contro i sassi franati. Pneumatico squarciato ma nessuno ha riportato ferite anzi i ragazzini con un altro mezzo hanno raggiunto l&#8217;impianto zoldano&#8230; per un lieto fine.<\/p>\n<p>&nbsp;<\/p>\n<p>&nbsp;<\/p>\n<p>&nbsp;<\/p>\n<hr \/>\n<p>&nbsp;<\/p>\n<blockquote>\n<h3>ATTUALMENTE POSITIVI DI NUOVO IN AUMENTO, CALA LA PRESSIONE OSPEDALIERA.<\/h3>\n<\/blockquote>\n<p>Il Veneto conta 23.439 positivi per la prima volta dopo oltre 50 giorni il dato \u00e8 in aumento, ieri sono stati scoperti 1174 nuovi casi con un&#8217;incidenza che sale al 3,05% cos\u00ec come sale l&#8217;indice contagio Rt poco sotto l&#8217;uno, che \u00e8 la porta per la zona arancione. Va meglio in corsia dove i ricoveri sono scesi a 1.197 ricoveri in area medica (-20) mentre restano stabili a 134 i posti\u00a0 in terapia intensiva, 157 i ricoverati negli ospedali di comunit\u00e0 (-8).\u00a0 Nella Ulss1 Dolomiti i positivi attuali sono 631.<\/p>\n<blockquote>\n<h3>COVID IN ULSS 1 DOLOMITI: UN DECESSO A FELTRE<\/h3>\n<\/blockquote>\n<p><strong><a href=\"https:\/\/www.radiopiu.net\/wordpress\/giornale-radiopiu-10-marzo-2020-direttore-mirko-mezzacasa\/covid-ulss\/\" rel=\"attachment wp-att-121260\"><img loading=\"lazy\" decoding=\"async\" class=\" wp-image-121260 alignleft\" src=\"https:\/\/www.radiopiu.net\/wordpress\/wp-content\/uploads\/2020\/03\/covid-ulss-300x225.jpg\" alt=\"\" width=\"247\" height=\"185\" srcset=\"https:\/\/www.radiopiu.net\/wordpress\/wp-content\/uploads\/2020\/03\/covid-ulss-300x225.jpg 300w, https:\/\/www.radiopiu.net\/wordpress\/wp-content\/uploads\/2020\/03\/covid-ulss-768x576.jpg 768w, https:\/\/www.radiopiu.net\/wordpress\/wp-content\/uploads\/2020\/03\/covid-ulss.jpg 800w\" sizes=\"auto, (max-width: 247px) 100vw, 247px\" \/><\/a>BELLUNO<\/strong> Nelle ultime 24 ore \u00e8 deceduto un uomo covid positivo di anni 78 ricoverato in pneumologia covid a Feltre<\/p>\n<p><strong> I DATI AZIENDA ZERO DELLE 8<\/strong><\/p>\n<p><strong>IN PROVINCIA<\/strong> POSITIVI DAL 21 FEBBRAIO 18038 <span style=\"color: #0000ff;\">(+43)<\/span>\u00a0 \u00a0ATTUALMENTE POSITIVI 631 <span style=\"color: #0000ff;\">(+20)<\/span> DECEDUTI DAL 21 FEBBRAIO 576\u00a0 <span style=\"color: #0000ff;\">(+2)<\/span>\u00a0 \u00a0NEGATIVIZZATI\u00a0 16831\u00a0 <span style=\"color: #0000ff;\">(+21)\u00a0 <span style=\"color: #000000;\">RICOVERATI AL SAN MARTINO DI BELLUNO 34<\/span> (0)<span style=\"color: #000000;\"> (TERAPIA INTENSIVA\u00a0 4<\/span><span style=\"color: #000000;\"><span style=\"color: #ff0000;\"> (+2)<\/span> RICOVERATI A FELTRE 15 (0) (TERAPIA INTENSIVA 4 (-2)<\/span><span style=\"color: #000000;\"><span style=\"color: #ff0000;\">\u00a0<\/span>OSPEDALE DI COMUNITA&#8217; BELLUNO 10 (0) OSPEDALE DI FELTRE 12 (0)<\/span><\/span><\/p>\n<p>&nbsp;<\/p>\n<p>&nbsp;<\/p>\n<p>&nbsp;<\/p>\n<hr \/>\n<p>&nbsp;<\/p>\n<blockquote>\n<h3>VENETO CONFERMATO IN ZONA GIALLA<\/h3>\n<\/blockquote>\n<p><strong><a href=\"https:\/\/www.radiopiu.net\/wordpress\/il-veneto-rimane-in-zona-gialla-la-provincia-di-trento-passa-in-arancione\/giallo\/\" rel=\"attachment wp-att-190818\"><img loading=\"lazy\" decoding=\"async\" class=\" wp-image-190818 alignleft\" src=\"https:\/\/www.radiopiu.net\/wordpress\/wp-content\/uploads\/2021\/02\/Giallo-300x200.png\" alt=\"\" width=\"167\" height=\"111\" srcset=\"https:\/\/www.radiopiu.net\/wordpress\/wp-content\/uploads\/2021\/02\/Giallo-300x200.png 300w, https:\/\/www.radiopiu.net\/wordpress\/wp-content\/uploads\/2021\/02\/Giallo-1024x682.png 1024w, https:\/\/www.radiopiu.net\/wordpress\/wp-content\/uploads\/2021\/02\/Giallo-768x512.png 768w, https:\/\/www.radiopiu.net\/wordpress\/wp-content\/uploads\/2021\/02\/Giallo.png 1250w\" sizes=\"auto, (max-width: 167px) 100vw, 167px\" \/><\/a>ROMA<\/strong> Dopo la conferenza stampa dell&#8217;Istituto Superiore di Sanit\u00e0 \u00e8 arrivata la conferma per il Veneto che rimane in zona gialla. Cambiano colore Lombardia, Piemonte e Marche che passano in arancione mentre Basilicata e Molise in zona rossa. La Liguria torna in zona gialla dopo due settimane consecutive di dati in miglioramento. Per quanto riguarda RT, a livello nazionale rimane a 0.99 mentre in Veneto sta crescendo passando a rischio moderato col valore di 0,97.<\/p>\n<p><strong>VENETO CONFERMATO IN ZONA GIALLA: ZAIA <\/strong><\/p>\n<p>&#8220;<em>Prendiamo atto della conferma del Veneto in area gialla, ma non si tratta di un gioco a premi, e dobbiamo farlo con senso di responsabilit\u00e0. Non \u00e8 un segnale che ci dice che \u00e8 finita, ma che ci invita a tenere la guardia alta. Per rendersene conto, basta guardare la cartina dell&#8217;Italia, dove sempre pi\u00f9 Regioni si stanno colorando di arancione. Attorno a noi il virus sta crescendo. In Veneto registriamo un calo dei ricoveri da 55 giorni consecutivi e abbiamo potuto liberare 2.100 letti dei 3.400 che siamo arrivati ad avere occupati. Abbiamo anche decollassato le terapie intensive. E&#8217; per\u00f2 anche vero che ci si attende una terza fase, nella speranza che ci\u00f2 non accada o lo faccia in entit\u00e0 limitata. Bisogna quindi tenere la guardia alta e rispettare tutte le regole di comportamento e igiene, avendo coscienza che ne usciremo, ma anche che un ruolo fondamentale lo avr\u00e0 la partita dei vaccini<\/em>&#8220;.<\/p>\n<p>&nbsp;<\/p>\n<hr \/>\n<p>&nbsp;<\/p>\n<blockquote>\n<h3>MARIA GRAZIA CARRARO, LA NUOVA DIRIGENTE DELL&#8217;ULSS1 DOLOMITI, DAL 28 FEBBRAIO SUBENTRA AD ADRIANO RASI CALDOGNO<\/h3>\n<\/blockquote>\n<p><a href=\"https:\/\/www.radiopiu.net\/wordpress\/maria-grazia-carraro-e-il-nuovo-direttore-della-ulss-1-dolomiti\/carraro-1\/\" rel=\"attachment wp-att-193912\"><img loading=\"lazy\" decoding=\"async\" class=\"size-medium wp-image-193912 alignleft\" src=\"https:\/\/www.radiopiu.net\/wordpress\/wp-content\/uploads\/2021\/02\/Carraro-1-300x225.jpg\" alt=\"\" width=\"300\" height=\"225\" srcset=\"https:\/\/www.radiopiu.net\/wordpress\/wp-content\/uploads\/2021\/02\/Carraro-1-300x225.jpg 300w, https:\/\/www.radiopiu.net\/wordpress\/wp-content\/uploads\/2021\/02\/Carraro-1-1024x768.jpg 1024w, https:\/\/www.radiopiu.net\/wordpress\/wp-content\/uploads\/2021\/02\/Carraro-1-768x576.jpg 768w, https:\/\/www.radiopiu.net\/wordpress\/wp-content\/uploads\/2021\/02\/Carraro-1-1536x1152.jpg 1536w, https:\/\/www.radiopiu.net\/wordpress\/wp-content\/uploads\/2021\/02\/Carraro-1-2048x1536.jpg 2048w\" sizes=\"auto, (max-width: 300px) 100vw, 300px\" \/><\/a>Ieri la nomina dei direttori generali, la nuova squadra della sanit\u00e0 veneta, un impegno non facile. Sono 101 i candidati per il bando. Ci sono riconferme e debuttanti.<br \/>\n<strong>ulss1 Dolomiti BELLUNO<\/strong> <span style=\"color: #ff0000;\">Maria Grazia Carraro<\/span> subentra ad Adriano Rasi Caldogno che era in carica dal 2016. Sar\u00e0 la donna delle Olimpiadi, lo ha detto presentandola il governatore Zaia, ricordando anche le difficolt\u00e0 orografiche della provincia estesa dall&#8217;Agordino al Comelico\u00a0 CURRICULUM<strong><span style=\"color: #0000ff;\"><a style=\"color: #0000ff;\" href=\"https:\/\/www.ulss7.it\/c\/document_library\/get_file?uuid=1e586444-1e42-474b-8d34-ef16a18e24e1&amp;groupId=10181\"> CLICCA QUI<\/a>\u00a0 <span style=\"color: #000000;\">u<\/span><\/span>lss 2 marca trevigiana TREVISO<\/strong><span style=\"color: #ff0000;\"> Francesco Benazzi<\/span> per un territorio importante, sede di un ospedale che diventer\u00e0 struttura universitaria <strong>ulss 3 Serenissima<\/strong> <strong>VENEZIA <\/strong>\u00a0<span style=\"color: #ff0000;\">Edgardo Contato<\/span> ha tante e diverse\u00a0 esperienze &#8220;io sono figlio di contadini&#8221; dice nei colloqui &#8220;e per me \u00e8 un merito&#8221;.<strong>ulss4<b>VENETO ORIENTALE <\/b><\/strong><span style=\"color: #ff0000;\">Mauro Filippi,<\/span> laureato in scienze infermieristiche <strong><a href=\"https:\/\/www.radiopiu.net\/wordpress\/maria-grazia-carraro-e-il-nuovo-direttore-della-ulss-1-dolomiti\/carraro-7\/\" rel=\"attachment wp-att-193911\"><img loading=\"lazy\" decoding=\"async\" class=\"size-medium wp-image-193911 alignright\" src=\"https:\/\/www.radiopiu.net\/wordpress\/wp-content\/uploads\/2021\/02\/Carraro-7-300x225.jpg\" alt=\"\" width=\"300\" height=\"225\" srcset=\"https:\/\/www.radiopiu.net\/wordpress\/wp-content\/uploads\/2021\/02\/Carraro-7-300x225.jpg 300w, https:\/\/www.radiopiu.net\/wordpress\/wp-content\/uploads\/2021\/02\/Carraro-7-1024x768.jpg 1024w, https:\/\/www.radiopiu.net\/wordpress\/wp-content\/uploads\/2021\/02\/Carraro-7-768x576.jpg 768w, https:\/\/www.radiopiu.net\/wordpress\/wp-content\/uploads\/2021\/02\/Carraro-7-1536x1152.jpg 1536w, https:\/\/www.radiopiu.net\/wordpress\/wp-content\/uploads\/2021\/02\/Carraro-7-2048x1536.jpg 2048w\" sizes=\"auto, (max-width: 300px) 100vw, 300px\" \/><\/a>ulss 5 Polesana ROVIGO <\/strong><span style=\"color: #ff0000;\">Patrizia Simionato<\/span>la donna delle mascherine e dei respiratori anche quando si faceva fatica a trovare gli scatoloni con le protezioni \u00a0<strong>ulss 6<\/strong>\u00a0<strong>EUGANEA<\/strong> <span style=\"color: #ff0000;\">Paola Fortuna<\/span> direttore servizi socio sanitari nella stessa Ulss, investiamo sul dialogo tra territorio e azienda ospedaliera. \u00a0<strong>ulss 7 PEDEMONTANA\u00a0<\/strong> <span style=\"color: #ff0000;\">Carlo Bramezza<\/span> di recente ha tagliato il nastro all&#8221;ospedale di Asiago, ha fatto un ottimo lavoro nel Veneto Orientale, \u00e8 laureato in Giurisprudenza. <strong>ulss 8 Berica VICENZA<\/strong> <span style=\"color: #ff0000;\">Maria Giuseppina Bonavina,<\/span> porter\u00e0 a conclusione l&#8217;ospedale di Montecchio-Arzignano. \u00a0<strong>ulss 9 SCALIGERA<\/strong><span style=\"color: #ff0000;\"> Pietro Girardi<\/span> gi\u00e0 direttore generale di Adria, il pi\u00f9 giovane. <strong>UNIVERSITA&#8217; DI PADOVA <\/strong><span style=\"color: #ff0000;\">Giuseppe Dal Ben<\/span> direttore generale uscente dalla Serenissima,\u00a0 sar\u00e0 l&#8217;uomo della transizione verso il nuovo Policlinico universitario\u00a0<strong>UNIVERSITA&#8217; DI VERONA<\/strong> <span style=\"color: #ff0000;\">Callisto Marco Bravi<\/span> gi\u00e0 dell&#8217;azienda ospedaliera veronese. <strong>ISTITUTO ONCOLOGICO VENETO<\/strong> <span style=\"color: #ff0000;\">Patrizia Benini<\/span>, prima direttrice medica nella storia dell&#8217;Istituto. <strong>AZIENDA ZERO<\/strong> <span style=\"color: #ff0000;\">Roberto Tognolo,<\/span> succede a Simionato<\/p>\n<blockquote><p><strong>ZAIA:<\/strong> <em>Grazie ai direttori uscenti, al dottor Adriano Rasi Caldogno nominato a Belluno, ha fatto un bel lavoro e inaugurazioni importanti. Grazie al dottor Compostella della Polesana altro professionista che ha vissuto un anno di covid in trincea. Grazia al dottor Scibetta della Ulss Euganea con Vo&#8217; e Schiavonia. Grazie al dottor Roberti per la sfida con lo Iov, ha trovato tre situazioni diverse da gestire. Grazie al dottor Pavesi per il lavoro fatto, lascia alla dottoressa Bonavina una Ulss in ordine. Grazie al dottor Cobello che forse \u00e8 quello che conoscono pi\u00f9 di tutti. Grazie al dottor Simoni\u00a0 nominato commissario nei giorni della ripartenza dell&#8217;ospedale di Asiago e della ripartenza dell&#8217;ospedale di Sant&#8217;Orso. Un grazie a tutti direttori e staff.<\/em><\/p>\n<p>&nbsp;<\/p>\n<p><a href=\"https:\/\/www.facebook.com\/zaiaufficiale\/videos\/1845038218989800\">https:\/\/www.facebook.com\/zaiaufficiale\/videos\/1845038218989800<\/a><\/p>\n<p>&nbsp;<\/p><\/blockquote>\n<p>&nbsp;<\/p>\n<hr \/>\n<p><span style=\"font-size: large;\"><b>\u00a0<\/b><\/span><\/p>\n<blockquote>\n<h3>IL PRESIDENTE DELLA CONFERENZA DEI SINDACI PAOLO PERENZIN DA IL BENVENUTO ALLA NUOVA DIRIGENTE DELLA ULSS 1 DOLOMITI<\/h3>\n<p>IL MESSAGGIO DEL SINDACO PAOLO PERENZIN<\/p><\/blockquote>\n<p><strong><a href=\"https:\/\/www.radiopiu.net\/wordpress\/giornale-radiopiu-08-settembre-2018-direttore-mirko-mezzacasa\/paolo-perenzin-2\/\" rel=\"attachment wp-att-60040\"><img loading=\"lazy\" decoding=\"async\" class=\" wp-image-60040 alignleft\" src=\"https:\/\/www.radiopiu.net\/wordpress\/wp-content\/uploads\/2018\/09\/PAOLO-PERENZIN.jpg\" alt=\"\" width=\"109\" height=\"109\" srcset=\"https:\/\/www.radiopiu.net\/wordpress\/wp-content\/uploads\/2018\/09\/PAOLO-PERENZIN.jpg 225w, https:\/\/www.radiopiu.net\/wordpress\/wp-content\/uploads\/2018\/09\/PAOLO-PERENZIN-150x150.jpg 150w\" sizes=\"auto, (max-width: 109px) 100vw, 109px\" \/><\/a>FELTRE<\/strong> <em>&#8221; A nome mio personale e dei colleghi bellunesi porgo un cordiale benvenuto alla dottoressa Maria Grazia Carraro, nominata dal Presidente della Regione del Veneto nuovo Direttore Generale dell\u2019ULSS 1 \u201cDolomiti\u201d. Alla dottoressa Carraro formulo i migliori auguri di buon lavoro, certo che sapra\u0300 esprimere al meglio le proprie competenze ed esperienze professionali, particolarmente versate all&#8217;integrazione fra ospedale e territorio, nel contesto della nostra sanita\u0300 di montagna, dove non mancano peculiarita\u0300 probanti, ma anche occasioni di soddisfazione personale e professionale. I sindaci, come sempre, saranno disponibili ed aperti ad un dialogo e a una collaborazione fattivi, nell\u2019interesse dei nostri cittadini e delle nostre comunita\u0300 locali. Allo stesso tempo desidero ringraziare sentitamente il dottor Adriano Rasi Caldogno che ha condotto a termine investimenti strategici per il nostro sistema sanitario.\u00a0\u00a0<\/em><\/p>\n<p>&nbsp;<\/p>\n<hr \/>\n<blockquote>\n<h3><\/h3>\n<h3>IL COORDINAMENTO PER LA SALUTE DEL CITTADINO -OSPEDALI DI PIEVE DI CADORE E AGORDO &#8211; SI AUGURA CHE\u00a0 IL NUOVO DIRETTORE SIA PERSONA DI COSCIENZA E AMICA DELLE GENTE DI MONTAGNA.<\/h3>\n<\/blockquote>\n<p><img loading=\"lazy\" decoding=\"async\" class=\"alignleft\" src=\"https:\/\/www.radiopiu.net\/wordpress\/wp-content\/uploads\/2016\/04\/ospedali-chiusi-680x365.jpg\" width=\"186\" height=\"100\" \/><strong>CADORE_AGORDINO<\/strong> Il giudizio su Adriano Rasi Caldogno direttore uscente della Ulss1 \u00e8\u00a0 negativo da parte del Comitato per la Salute del cittadino che lo vuole ricordare come colui che in quanto a tagli ha affiancato le politiche sanitarie regionali venendo anche premiato.<\/p>\n<blockquote><p>Secondo il Comitato il nuovo direttore Carraro trover\u00e0 una Ulss pi\u00f9 povera di servizi anche a seguito del depotenziamento degli ospedali di Pieve di Cadore e Agordo. <em>&#8220;Caldogno &#8211; conclude la nota del comitato &#8211; non lo abbiamo mai sentito amico delle terre alte, ma\u00a0 abbiamo la concreta speranza che il nuovo Direttore sia una persona di coscienza amica delle genti di montagna&#8221;.\u00a0<\/em><\/p><\/blockquote>\n<p>&nbsp;<\/p>\n<hr \/>\n<p>&nbsp;<\/p>\n<h3><a class=\"dt-pswp-item\" href=\"https:\/\/www.radiopiu.net\/wordpress\/wp-content\/uploads\/2021\/02\/154114073_10222990305899167_8625823806086597963_n.jpg\" data-dt-img-description=\"\" data-large_image_width=\"526\" data-large_image_height=\"701\"><img loading=\"lazy\" decoding=\"async\" class=\"wp-image-194057 alignleft\" src=\"https:\/\/www.radiopiu.net\/wordpress\/wp-content\/uploads\/2021\/02\/154114073_10222990305899167_8625823806086597963_n-225x300.jpg\" alt=\"\" width=\"147\" height=\"196\" srcset=\"https:\/\/www.radiopiu.net\/wordpress\/wp-content\/uploads\/2021\/02\/154114073_10222990305899167_8625823806086597963_n-225x300.jpg 225w, https:\/\/www.radiopiu.net\/wordpress\/wp-content\/uploads\/2021\/02\/154114073_10222990305899167_8625823806086597963_n.jpg 526w\" sizes=\"auto, (max-width: 147px) 100vw, 147px\" \/><\/a>A 27, IL CALVARIO PER I BELLUNESI. L&#8217;APPELLO DI BRISTOT<\/h3>\n<blockquote>\n<div dir=\"auto\">A27 solita storia da tre anni! Possibile che nessuna Autorit\u00e0 della provincia prenda posizione con la societ\u00e0 chiedendo che la tratta sia gratuita sino a fine lavori, veri e fittizi che siano? Pago per almeno due corsie non per una a 40km\/h. Questo lo sfogo del consigliere comunale di Belluno, Fabio Rufus Bristot<\/div>\n<\/blockquote>\n<div dir=\"auto\"><\/div>\n<p>&nbsp;<\/p>\n<p>&nbsp;<\/p>\n<p>&nbsp;<\/p>\n<hr \/>\n<p>&nbsp;<\/p>\n<p align=\"CENTER\"><span style=\"font-size: large;\"><b>SITUAZIONE SCUOLE: AGGIORNAMENTO<\/b><\/span><\/p>\n<p align=\"CENTER\"><em>Dal 14 settembre 2020ad oggi sono state prese in carico 617 classi.<\/em><\/p>\n<p><strong><a href=\"https:\/\/www.radiopiu.net\/wordpress\/vacanze-diverse\/little-girl-drawing-and-coloring\/\" rel=\"attachment wp-att-179329\"><img loading=\"lazy\" decoding=\"async\" class=\"wp-image-179329 alignleft\" src=\"https:\/\/www.radiopiu.net\/wordpress\/wp-content\/uploads\/2020\/12\/natale-scuola-300x200.jpg\" alt=\"\" width=\"114\" height=\"76\" srcset=\"https:\/\/www.radiopiu.net\/wordpress\/wp-content\/uploads\/2020\/12\/natale-scuola-300x200.jpg 300w, https:\/\/www.radiopiu.net\/wordpress\/wp-content\/uploads\/2020\/12\/natale-scuola.jpg 626w\" sizes=\"auto, (max-width: 114px) 100vw, 114px\" \/><\/a>BELLUNO<\/strong> Il Team scuole del Dipartimento di Prevenzione fa il punto settimanale sulla situazione dei contagi nelle scuole della provincia. Attualmente le classi in carico al Dipartimento sono 13 (+6 rispetto alla scorsa settimana) cos\u00ec distribuite: \u00a04 infanzia, \u00a01 primaria, \u00a03 secondaria di primo grado, \u00a05 secondaria di secondo grado. Le classi attualmente in isolamento sono 8 cos\u00ec distribuite \u00a04 infanzia, \u00a02 secondarie di primo grado, \u00a02 secondarie di secondo grado. Le altre classi sono in \u201csorveglianza scolastica\u201d, secondo il nuovo protocollo scuole. Infine dal sindaco il grazie per il lavoro svolto ad Adriano Rasi Caldogno.<\/p>\n<p>&nbsp;<\/p>\n<p>&nbsp;<\/p>\n<p>&nbsp;<\/p>\n<p>&nbsp;<\/p>\n<hr \/>\n<p>&nbsp;<\/p>\n<blockquote>\n<h3 style=\"text-align: left;\">SALE LA PREOCCUPAZIONE IN IDEAL STANDARD. IERI IL PRIMO SCIOPERO DI OTTO ORE CON ADESIONE TOTALE.<\/h3>\n<\/blockquote>\n<p><strong><a href=\"https:\/\/www.radiopiu.net\/wordpress\/ideal-standard-lo-stabilimento-di-trichiana-primo-a-chiudere-ultimo-a-ripartire\/stabilimento-dellideal-standard-orcenico-di-zoppola-pn-04-12-2013\/\" rel=\"attachment wp-att-138079\"><img loading=\"lazy\" decoding=\"async\" class=\"wp-image-138079 alignleft\" src=\"https:\/\/www.radiopiu.net\/wordpress\/wp-content\/uploads\/2020\/05\/ideal-standard-orcenigo-300x211.jpg\" alt=\"\" width=\"176\" height=\"124\" srcset=\"https:\/\/www.radiopiu.net\/wordpress\/wp-content\/uploads\/2020\/05\/ideal-standard-orcenigo-300x211.jpg 300w, https:\/\/www.radiopiu.net\/wordpress\/wp-content\/uploads\/2020\/05\/ideal-standard-orcenigo-1024x721.jpg 1024w, https:\/\/www.radiopiu.net\/wordpress\/wp-content\/uploads\/2020\/05\/ideal-standard-orcenigo-768x541.jpg 768w, https:\/\/www.radiopiu.net\/wordpress\/wp-content\/uploads\/2020\/05\/ideal-standard-orcenigo-1536x1082.jpg 1536w, https:\/\/www.radiopiu.net\/wordpress\/wp-content\/uploads\/2020\/05\/ideal-standard-orcenigo-2048x1442.jpg 2048w\" sizes=\"auto, (max-width: 176px) 100vw, 176px\" \/><\/a>BORGO VALBELLUNA\u00a0<\/strong><\/p>\n<p><strong>di Moreno Gioli\u00a0<\/strong><\/p>\n<audio class=\"wp-audio-shortcode\" id=\"audio-193782-1\" preload=\"none\" style=\"width: 100%;\" controls=\"controls\"><source type=\"audio\/mpeg\" src=\"https:\/\/www.radiopiu.net\/wordpress\/wp-content\/uploads\/2021\/02\/MORENO-5.mp3?_=1\" \/><a href=\"https:\/\/www.radiopiu.net\/wordpress\/wp-content\/uploads\/2021\/02\/MORENO-5.mp3\">https:\/\/www.radiopiu.net\/wordpress\/wp-content\/uploads\/2021\/02\/MORENO-5.mp3<\/a><\/audio>\n<p>&nbsp;<\/p>\n<hr \/>\n<p>&nbsp;<\/p>\n<blockquote class=\"wp-embedded-content\" data-secret=\"74nwH3xGIh\"><p><a href=\"https:\/\/www.radiopiu.net\/wordpress\/aggfeb26\/\">CORONAVIRUS: AGGIORNAMENTO NAZIONALE 26 FEBBRAIO 2021<\/a><\/p><\/blockquote>\n<p><iframe loading=\"lazy\" class=\"wp-embedded-content\" sandbox=\"allow-scripts\" security=\"restricted\" style=\"position: absolute; clip: rect(1px, 1px, 1px, 1px);\" title=\"&#8220;CORONAVIRUS: AGGIORNAMENTO NAZIONALE 26 FEBBRAIO 2021&#8221; &#8212; Radio Pi\u00f9\" src=\"https:\/\/www.radiopiu.net\/wordpress\/aggfeb26\/embed\/#?secret=74nwH3xGIh\" data-secret=\"74nwH3xGIh\" width=\"600\" height=\"338\" frameborder=\"0\" marginwidth=\"0\" marginheight=\"0\" scrolling=\"no\"><\/iframe><\/p>\n<p>&nbsp;<\/p>\n<hr \/>\n<p>&nbsp;<\/p>\n<blockquote>\n<h3>I GRAFICI DI TIZIANO DE COL<\/h3>\n<\/blockquote>\n\n\t\t\t<style type='text\/css'>\n\t\t\t\t#gallery-2 {\n\t\t\t\t\tmargin: auto;\n\t\t\t\t}\n\t\t\t\t#gallery-2 .gallery-item {\n\t\t\t\t\tfloat: left;\n\t\t\t\t\tmargin-top: 10px;\n\t\t\t\t\ttext-align: center;\n\t\t\t\t\twidth: 20%;\n\t\t\t\t}\n\t\t\t\t#gallery-2 img {\n\t\t\t\t\tborder: 2px solid #cfcfcf;\n\t\t\t\t}\n\t\t\t\t#gallery-2 .gallery-caption {\n\t\t\t\t\tmargin-left: 0;\n\t\t\t\t}\n\t\t\t\t\/* see gallery_shortcode() in wp-includes\/media.php *\/\n\t\t\t<\/style>\n\t\t<div id='gallery-2' class='dt-gallery-container gallery galleryid-193782 gallery-columns-5 gallery-size-medium'><dl class='gallery-item'>\n\t\t\t\t<dt class='gallery-icon landscape'>\n\t\t\t\t\t<a class=\"rollover rollover-zoom dt-pswp-item\" title=\"f7f38698-a64a-4b4a-a7e2-49904890a32d\" data-dt-img-description=\"\" data-large_image_width=\"599\" data-large_image_height=\"350\"href='https:\/\/www.radiopiu.net\/wordpress\/wp-content\/uploads\/2021\/02\/f7f38698-a64a-4b4a-a7e2-49904890a32d.jpg'><img loading=\"lazy\" decoding=\"async\" width=\"300\" height=\"175\" src=\"https:\/\/www.radiopiu.net\/wordpress\/wp-content\/uploads\/2021\/02\/f7f38698-a64a-4b4a-a7e2-49904890a32d-300x175.jpg\" class=\"attachment-medium size-medium\" alt=\"\" srcset=\"https:\/\/www.radiopiu.net\/wordpress\/wp-content\/uploads\/2021\/02\/f7f38698-a64a-4b4a-a7e2-49904890a32d-300x175.jpg 300w, https:\/\/www.radiopiu.net\/wordpress\/wp-content\/uploads\/2021\/02\/f7f38698-a64a-4b4a-a7e2-49904890a32d.jpg 599w\" sizes=\"auto, (max-width: 300px) 100vw, 300px\" \/><\/a>\n\t\t\t\t<\/dt><\/dl><dl class='gallery-item'>\n\t\t\t\t<dt class='gallery-icon landscape'>\n\t\t\t\t\t<a class=\"rollover rollover-zoom dt-pswp-item\" title=\"4eed6c76-8d44-45a1-bce8-6cc86c19cc9f\" data-dt-img-description=\"\" data-large_image_width=\"614\" data-large_image_height=\"355\"href='https:\/\/www.radiopiu.net\/wordpress\/wp-content\/uploads\/2021\/02\/4eed6c76-8d44-45a1-bce8-6cc86c19cc9f.jpg'><img loading=\"lazy\" decoding=\"async\" width=\"300\" height=\"173\" src=\"https:\/\/www.radiopiu.net\/wordpress\/wp-content\/uploads\/2021\/02\/4eed6c76-8d44-45a1-bce8-6cc86c19cc9f-300x173.jpg\" class=\"attachment-medium size-medium\" alt=\"\" srcset=\"https:\/\/www.radiopiu.net\/wordpress\/wp-content\/uploads\/2021\/02\/4eed6c76-8d44-45a1-bce8-6cc86c19cc9f-300x173.jpg 300w, https:\/\/www.radiopiu.net\/wordpress\/wp-content\/uploads\/2021\/02\/4eed6c76-8d44-45a1-bce8-6cc86c19cc9f.jpg 614w\" sizes=\"auto, (max-width: 300px) 100vw, 300px\" \/><\/a>\n\t\t\t\t<\/dt><\/dl><dl class='gallery-item'>\n\t\t\t\t<dt class='gallery-icon landscape'>\n\t\t\t\t\t<a class=\"rollover rollover-zoom dt-pswp-item\" title=\"7abb66bc-a5e8-4974-991e-4c3a882c05ae\" data-dt-img-description=\"\" data-large_image_width=\"616\" data-large_image_height=\"355\"href='https:\/\/www.radiopiu.net\/wordpress\/wp-content\/uploads\/2021\/02\/7abb66bc-a5e8-4974-991e-4c3a882c05ae.jpg'><img loading=\"lazy\" decoding=\"async\" width=\"300\" height=\"173\" src=\"https:\/\/www.radiopiu.net\/wordpress\/wp-content\/uploads\/2021\/02\/7abb66bc-a5e8-4974-991e-4c3a882c05ae-300x173.jpg\" class=\"attachment-medium size-medium\" alt=\"\" srcset=\"https:\/\/www.radiopiu.net\/wordpress\/wp-content\/uploads\/2021\/02\/7abb66bc-a5e8-4974-991e-4c3a882c05ae-300x173.jpg 300w, https:\/\/www.radiopiu.net\/wordpress\/wp-content\/uploads\/2021\/02\/7abb66bc-a5e8-4974-991e-4c3a882c05ae.jpg 616w\" sizes=\"auto, (max-width: 300px) 100vw, 300px\" \/><\/a>\n\t\t\t\t<\/dt><\/dl><dl class='gallery-item'>\n\t\t\t\t<dt class='gallery-icon landscape'>\n\t\t\t\t\t<a class=\"rollover rollover-zoom dt-pswp-item\" title=\"8bf61994-84eb-4be2-81b2-0a01ee158dac\" data-dt-img-description=\"\" data-large_image_width=\"600\" data-large_image_height=\"355\"href='https:\/\/www.radiopiu.net\/wordpress\/wp-content\/uploads\/2021\/02\/8bf61994-84eb-4be2-81b2-0a01ee158dac.jpg'><img loading=\"lazy\" decoding=\"async\" width=\"300\" height=\"178\" src=\"https:\/\/www.radiopiu.net\/wordpress\/wp-content\/uploads\/2021\/02\/8bf61994-84eb-4be2-81b2-0a01ee158dac-300x178.jpg\" class=\"attachment-medium size-medium\" alt=\"\" srcset=\"https:\/\/www.radiopiu.net\/wordpress\/wp-content\/uploads\/2021\/02\/8bf61994-84eb-4be2-81b2-0a01ee158dac-300x178.jpg 300w, https:\/\/www.radiopiu.net\/wordpress\/wp-content\/uploads\/2021\/02\/8bf61994-84eb-4be2-81b2-0a01ee158dac.jpg 600w\" sizes=\"auto, (max-width: 300px) 100vw, 300px\" \/><\/a>\n\t\t\t\t<\/dt><\/dl><dl class='gallery-item'>\n\t\t\t\t<dt class='gallery-icon landscape'>\n\t\t\t\t\t<a class=\"rollover rollover-zoom dt-pswp-item\" title=\"5de36607-f510-4dc3-a04e-cefecedfaf3c\" data-dt-img-description=\"\" data-large_image_width=\"596\" data-large_image_height=\"355\"href='https:\/\/www.radiopiu.net\/wordpress\/wp-content\/uploads\/2021\/02\/5de36607-f510-4dc3-a04e-cefecedfaf3c.jpg'><img loading=\"lazy\" decoding=\"async\" width=\"300\" height=\"179\" src=\"https:\/\/www.radiopiu.net\/wordpress\/wp-content\/uploads\/2021\/02\/5de36607-f510-4dc3-a04e-cefecedfaf3c-300x179.jpg\" class=\"attachment-medium size-medium\" alt=\"\" srcset=\"https:\/\/www.radiopiu.net\/wordpress\/wp-content\/uploads\/2021\/02\/5de36607-f510-4dc3-a04e-cefecedfaf3c-300x179.jpg 300w, https:\/\/www.radiopiu.net\/wordpress\/wp-content\/uploads\/2021\/02\/5de36607-f510-4dc3-a04e-cefecedfaf3c.jpg 596w\" sizes=\"auto, (max-width: 300px) 100vw, 300px\" \/><\/a>\n\t\t\t\t<\/dt><\/dl><br style=\"clear: both\" \/>\n\t\t\t<\/div>\n\n<p>&nbsp;<\/p>\n<p>&nbsp;<\/p>\n<hr \/>\n<p>&nbsp;<\/p>\n<blockquote>\n<h3>COVID: LO STUDIO SULLA VARIANTE INGLESE IN PROVINCIA DI BELLUNO<\/h3>\n<\/blockquote>\n<p><strong><a href=\"https:\/\/www.radiopiu.net\/wordpress\/le-ultime-da-azienda-zero-i-dati-in-attesa-del-bollettino-ufficiale\/covid-19\/\" rel=\"attachment wp-att-173248\"><img loading=\"lazy\" decoding=\"async\" class=\"size-medium wp-image-173248 alignleft\" src=\"https:\/\/www.radiopiu.net\/wordpress\/wp-content\/uploads\/2020\/11\/covid-19-300x200.jpg\" alt=\"\" width=\"300\" height=\"200\" srcset=\"https:\/\/www.radiopiu.net\/wordpress\/wp-content\/uploads\/2020\/11\/covid-19-300x200.jpg 300w, https:\/\/www.radiopiu.net\/wordpress\/wp-content\/uploads\/2020\/11\/covid-19-1024x683.jpg 1024w, https:\/\/www.radiopiu.net\/wordpress\/wp-content\/uploads\/2020\/11\/covid-19-768x512.jpg 768w, https:\/\/www.radiopiu.net\/wordpress\/wp-content\/uploads\/2020\/11\/covid-19-1536x1024.jpg 1536w, https:\/\/www.radiopiu.net\/wordpress\/wp-content\/uploads\/2020\/11\/covid-19.jpg 1920w\" sizes=\"auto, (max-width: 300px) 100vw, 300px\" \/><\/a>BELLUNO <\/strong>L\u2019Istituto Zooprofilattico ha inviato ieri un riepilogo aggiornato dei sequenziamenti sulle positivit\u00e0 Covid finalizzati all\u2019individuazione di eventuali varianti virali. Su un totale di 66 campioni esaminati relativi all\u2019Ulss Dolomiti sono state individuati 23 campioni con variante virale inglese. Tale evidenza \u00e8 particolarmente frequente nei campioni inviati dopo la met\u00e0 di febbraio, con 17 positivit\u00e0 per variante inglese su 20. Va peraltro osservato che questi 20 campioni inviati all\u2019Istituto Zooprofilattico erano gi\u00e0 stati selezionati sulla base di evidenze preliminari orientative per variante inglese. \u00ab<em>Anche il nostro Laboratorio di Microbiologia \u00e8 impegnato come molti altri in Italia e nel mondo nello studiare le varianti virali del Covid. E\u2019 evidente che questo studio comporta una ricerca mirata, con probabilmente sovrastima del fenomeno, anche se appare chiaro che il nostro territorio come molti altri in Italia \u00e8 fortemente interessato da questa nuova circolazione virale, stimabile nel 50% dei campioni esaminati<\/em>\u00bb, spiega Eliana Modolo, responsabile della Microbiologia di Belluno. \u00ab<em>Questo importante rilievo<\/em>\u00bb, osserva Sandro Cinquetti, Direttore del Dipartimento di Prevenzione, \u00ab<em>rende probabilmente ragione dei focolai epidemici a veloce sviluppo che stiamo registrando in questi giorni nel nostro territorio e conferma ancor pi\u00f9 la necessit\u00e0 di mantenere fortemente attive tutte le misure di contenimento epidemico: evitare aggregazioni non indispensabili, rispettare il distanziamento interpersonale; indossare la mascherina in ogni situazione; lavare o igienizzare frequentemente le mani; autoisolarsi ed eseguire il tampone diagnostico in presenza di sintomatologia respiratoria anche lieve<\/em>\u00bb.<\/p>\n<p>&nbsp;<\/p>\n<p>&nbsp;<\/p>\n<hr \/>\n<p>&nbsp;<\/p>\n<blockquote>\n<h3>IL PROGRAMMA VACCINALE DELLA ULSS 1 DOLOMITI. INVIATE LE LETTERE AI NATI NEL 1939 E 1938<\/h3>\n<\/blockquote>\n<p><strong><a href=\"https:\/\/www.radiopiu.net\/wordpress\/vaccini-per-gli-anziani-artrite-psoriasica-prodotti-di-tabacco-a-basso-rischio\/dettaglio-del-vaccino-in-laboratorio_78895-1491\/\" rel=\"attachment wp-att-116862\"><img loading=\"lazy\" decoding=\"async\" class=\"size-medium wp-image-116862 alignleft\" src=\"https:\/\/www.radiopiu.net\/wordpress\/wp-content\/uploads\/2020\/02\/dettaglio-del-vaccino-in-laboratorio_78895-1491-300x200.jpg\" alt=\"\" width=\"300\" height=\"200\" srcset=\"https:\/\/www.radiopiu.net\/wordpress\/wp-content\/uploads\/2020\/02\/dettaglio-del-vaccino-in-laboratorio_78895-1491-300x200.jpg 300w, https:\/\/www.radiopiu.net\/wordpress\/wp-content\/uploads\/2020\/02\/dettaglio-del-vaccino-in-laboratorio_78895-1491.jpg 626w\" sizes=\"auto, (max-width: 300px) 100vw, 300px\" \/><\/a>BELLUNO <\/strong>L\u2019Ulss Dolomiti sta inviando le lettere di convocazione delle persone appartenenti alle classi di nascita 1939 e 1938, per le quali \u00e8 prevista la vaccinazione con vaccino Pfizer. Si tratta complessivamente di poco meno di 4 mila persone, per le quali sono previste le seguenti date e sedi di chiamata. 1939: 26 marzo Feltre, 29 marzo Feltre e Tai di Cadore, 30 marzo Agordo, 31 marzo 1 aprile Belluno. 1938: 6 aprile Agordo, 7 e 8 aprile Belluno, 9 aprile Tai di cadore e Feltre, 10 aprile Feltre. Le persone che non possono recarsi per \u201cimmobilit\u00e0\u201d o altre condizioni importanti al drive in vaccinale di convocazione potranno richiedere, dopo il ricevimento della lettera invito, la vaccinazione a domicilio, inviando una mail a <a href=\"mailto:vaccinazioni.covid@aulss1.veneto.it\">vaccinazioni.covid@aulss1.veneto.it<\/a><\/p>\n<p><strong>IL PROGRAMMA VACCINALE DELLA ULSS 1 DOLOMITI (2 PAGINE)<\/strong><\/p>\n<a href=\"https:\/\/www.radiopiu.net\/wordpress\/wp-content\/uploads\/2021\/02\/121_riepilogo-vaccinaizoni.pdf\" class=\"pdfemb-viewer\" style=\"\" data-width=\"max\" data-height=\"max\" data-toolbar=\"top\" data-toolbar-fixed=\"on\">121_riepilogo vaccinaizoni<\/a>\n<p>&nbsp;<\/p>\n<p>&nbsp;<\/p>\n<hr \/>\n<p>&nbsp;<\/p>\n<blockquote>\n<h3>NUOVO PRESIDENTE FEDERALBERGHI VENETO<\/h3>\n<\/blockquote>\n<p><strong>VENEZIA\u00a0<\/strong> \u201cAuguro buon lavoro al nuovo presidente di Federalberghi Veneto, lo jesolano Massimiliano Schiavon, una figura di riferimento per tutto il comparto turistico regionale. Una guida che, dall\u2019alto della sua esperienza anche come albergatore, sicuramente contribuir\u00e0 a far ripartire con slancio l\u2019intera filiera che con i suoi 18 milioni di fatturato, rappresenta la prima industria della nostra Regione\u201d. Lo dice il Presidente della Regione del Veneto, Luca Zaia, commentando la nomina di Schiavon alla guida di Federalberghi Veneto, che raccoglie l\u2019eredit\u00e0 di Marco Michielli.<\/p>\n<p>&nbsp;<\/p>\n<p>&nbsp;<\/p>\n<hr \/>\n<blockquote>\n<h3 class=\"p1\"><span class=\"s1\">\u00a0<\/span><\/h3>\n<h3 class=\"p1\"><span class=\"s1\">BIGON E ZANONI (PD): \u201cVACCINI PER GLI OVER 80, OGNI GIORNO UNA NUOVA VERSIONE. LA SCELTA DI PARTIRE DAI MENO ANZIANI \u00c8 ESCLUSIVAMENTE DELLA REGIONE, NON C\u2019ENTRANO LE LINEE GUIDA NAZIONALI\u201d<\/span><\/h3>\n<\/blockquote>\n<p class=\"p2\"><span class=\"s1\"><strong>VENEZIA <\/strong>\u201c<em>Prima le indicazioni internazionali, poi quelle nazionali, adesso la \u2018prassi\u2019 seguita abitualmente. Nel giro di una settimana l\u2019assessore Lanzarin ha dato tre diverse versioni differenti sulle modalit\u00e0 di vaccinazione degli over 80. La scelta di partire dai meno anziani \u00e8 tutta della Regione; giusto ribadirlo per non scaricare per l\u2019ennesima volta la responsabilit\u00e0 su altri, visto che nel resto d\u2019Italia, tranne l\u2019Umbria, si segue una via diversa, proprio perch\u00e9 la cosiddetta fase 1\/B non prevede una priorit\u00e0<\/em>\u201d.\u00a0A dirlo \u00e8 la vicepresidente della commissione Sanit\u00e0 a Palazzo Ferro Fini, la consigliera del Partito Democratico Anna Maria Bigon insieme al collega Andrea Zanoni.\u00a0\u201c<em>Di questo passo, considerato anche che in Veneto si vaccina meno della media nazionale, oggi il divario \u00e8 aumentato e siamo al 15esimo posto ma Zaia non \u00e8 assolutamente preoccupato, i pi\u00f9 anziani rischiano di avere la propria dose in estate, nonostante siano quelli con maggiori fragilit\u00e0. \u00c8 singolare che mentre si chiede, giustamente, chiarezza agli altri, ora all\u2019Aifa ora al Cts, non si riesca a farla \u2018in casa propria\u2019 se non dopo una settimana di affermazioni e relative smentite<\/em>\u201d.<\/span><\/p>\n<p>&nbsp;<\/p>\n<p>&nbsp;<\/p>\n<hr \/>\n<p>&nbsp;<\/p>\n<blockquote>\n<h3>AVVISTATO IL LUPO, DE BON INVITA A CUSTODIRE GLI ANIMALI DOMESTICI<\/h3>\n<\/blockquote>\n<p><strong><a href=\"https:\/\/www.radiopiu.net\/wordpress\/per-legambiente-la-caccia-al-lupo-non-e-una-soluzione\/lupo-4\/\" rel=\"attachment wp-att-188785\"><img loading=\"lazy\" decoding=\"async\" class=\" wp-image-188785 alignleft\" src=\"https:\/\/www.radiopiu.net\/wordpress\/wp-content\/uploads\/2021\/02\/LUPO-300x206.jpg\" alt=\"\" width=\"202\" height=\"139\" srcset=\"https:\/\/www.radiopiu.net\/wordpress\/wp-content\/uploads\/2021\/02\/LUPO-300x206.jpg 300w, https:\/\/www.radiopiu.net\/wordpress\/wp-content\/uploads\/2021\/02\/LUPO.jpg 512w\" sizes=\"auto, (max-width: 202px) 100vw, 202px\" \/><\/a>BELLUNO<\/strong> I tecnici della Provincia e il consigliere delegato Franco De Bon hanno incontrato il sindaco di Ponte nelle Alpi Paolo Vendramini, per analizzare la situazione relativa al lupo. Negli ultimi giorni, infatti, diversi residenti dell\u2019Oltrerai hanno segnalato di aver subito predazioni e di aver avvistato un esemplare di lupo nelle zone di Casan, Arsi\u00e8, Paiane, Reveane e Soccher. Altre segnalazioni recenti arrivano dai Coi de Pera e dal Nevegal, dove erano state registrate diverse predazioni anche nei mesi scorsi.<br \/>\n<em>\u00abLa popolazione mi ha sollevato il tema, non senza qualche preoccupazione &#8211; spiega il sindaco e consigliere provinciale Paolo Vendramini -. Per questo ho voluto che i tecnici della Provincia e la Polizia Provinciale analizzassero la situazione. A quanto pare, potrebbe trattarsi di un esemplare di lupo in dispersione da un branco, probabilmente da quello del Nevegal\u00bb. <\/em>Nelle prossime settimane il territorio dell\u2019Oltrerai sar\u00e0 posto sotto attenzione dalla Polizia Provinciale, che collabora nel monitoraggio del lupo nel Bellunese. <em>\u00abPossiamo tranquillizzare fin da subito i residenti della zona: non ci sono rischi per l\u2019uomo &#8211; sottolinea il consigliere provinciale delegato alla gestione faunistica, Franco De Bon -. La letteratura scientifica testimonia che il lupo non aggredisce le persone da secoli. Discorso diverso invece per gli animali domestici, pecore, capre e asini in testa. Il grande predatore li vede come cibo facilmente reperibile, per cui questi animali vanno custoditi adeguatamente\u00bb.<\/em><\/p>\n<p>&nbsp;<\/p>\n<hr \/>\n<p>&nbsp;<\/p>\n<blockquote>\n<h3>NEVE, D&#8217;INCA&#8217;: &#8220;DAL GOVERNO 3,2 MILIONI DI EURO AI TERRITORI VENETI COLPITI DAL MALTEMPO<\/h3>\n<\/blockquote>\n<p><strong><a href=\"https:\/\/www.radiopiu.net\/wordpress\/giornale-radiopiu-13-febbraio-2021-direttore-mirko-mezzacasa\/dinca-5\/\" rel=\"attachment wp-att-190918\"><img loading=\"lazy\" decoding=\"async\" class=\" wp-image-190918 alignleft\" src=\"https:\/\/www.radiopiu.net\/wordpress\/wp-content\/uploads\/2021\/02\/dinca-300x300.jpg\" alt=\"\" width=\"86\" height=\"86\" srcset=\"https:\/\/www.radiopiu.net\/wordpress\/wp-content\/uploads\/2021\/02\/dinca-300x300.jpg 300w, https:\/\/www.radiopiu.net\/wordpress\/wp-content\/uploads\/2021\/02\/dinca-1024x1024.jpg 1024w, https:\/\/www.radiopiu.net\/wordpress\/wp-content\/uploads\/2021\/02\/dinca-150x150.jpg 150w, https:\/\/www.radiopiu.net\/wordpress\/wp-content\/uploads\/2021\/02\/dinca-768x767.jpg 768w, https:\/\/www.radiopiu.net\/wordpress\/wp-content\/uploads\/2021\/02\/dinca.jpg 1080w\" sizes=\"auto, (max-width: 86px) 100vw, 86px\" \/><\/a>ROMA <\/strong>&#8220;<em>In seguito alla nevicata dello scorso mese di gennaio che si \u00e8 abbattuta in diversi comuni del Bellunese e della regione, arrivano le risorse del Governo: 3,2 milioni di euro a favore dei territori colpiti<\/em>&#8220;. Lo dichiara Federico D&#8217;Inc\u00e0, Ministro per i Rapporti con il Parlamento in seguito alla delibera del Consiglio dei ministri di ieri per i territori di Belluno, Treviso, Verona e Vicenza. &#8220;<em>\u00c8 la risposta efficace dell&#8217;esecutivo all\u2019ondata di maltempo che, nei primi giorni dell&#8217;anno, aveva colpito diversi territori della nostra provincia&#8221;<\/em> aggiunge il Ministro D\u2019Inc\u00e0<i>.<\/i><\/p>\n<p>&nbsp;<\/p>\n<p>&nbsp;<\/p>\n<p>&nbsp;<\/p>\n<hr \/>\n<p>&nbsp;<\/p>\n<blockquote>\n<h3>UN PROGETTO DA 5 MILIONI DI EURO PER SISTEMARE LA PROVINCIALE 347 DEL PASSO CEREDA E DURAN<\/h3>\n<\/blockquote>\n<p><strong><a href=\"https:\/\/www.radiopiu.net\/wordpress\/un-progetto-da-5-milioni-di-euro-per-sistemare-la-provinciale-347-del-passo-cereda-e-duran\/sp-347\/\" rel=\"attachment wp-att-194001\"><img loading=\"lazy\" decoding=\"async\" class=\"size-medium wp-image-194001 alignleft\" src=\"https:\/\/www.radiopiu.net\/wordpress\/wp-content\/uploads\/2021\/02\/SP-347.jpeg\" alt=\"\" width=\"249\" height=\"203\" \/><\/a>AGORDO<\/strong><\/p>\n<p>di Gianni Santomaso<\/p>\n<audio class=\"wp-audio-shortcode\" id=\"audio-193782-2\" preload=\"none\" style=\"width: 100%;\" controls=\"controls\"><source type=\"audio\/mpeg\" src=\"https:\/\/www.radiopiu.net\/wordpress\/wp-content\/uploads\/2021\/02\/GIANNI-LAVORI-347.mp3?_=2\" \/><a href=\"https:\/\/www.radiopiu.net\/wordpress\/wp-content\/uploads\/2021\/02\/GIANNI-LAVORI-347.mp3\">https:\/\/www.radiopiu.net\/wordpress\/wp-content\/uploads\/2021\/02\/GIANNI-LAVORI-347.mp3<\/a><\/audio>\n<p>&nbsp;<\/p>\n<hr \/>\n<p>&nbsp;<\/p>\n<blockquote>\n<h3>PASSO SELLA DIMENTICATO, LA PROTESTA DEGLI OPERATORI E RESIDENTI<\/h3>\n<\/blockquote>\n<p><img loading=\"lazy\" decoding=\"async\" class=\"alignleft\" src=\"https:\/\/www.radiopiu.net\/wordpress\/wp-content\/uploads\/2021\/02\/Italy_Mountain_PassoSella5_roads2drive.jpg\" width=\"197\" height=\"131\" \/>Il Comitato per la salvaguardia dei passi dolomitici rende pubblica la protesta per le condizioni in cui versa la\u00a0 strada per il Passo Sella, chiusa dal 23 gennaio scorso con relative deviazioni anche fino a 100 chilometri in pi\u00f9 da percorrere.\u00a0 Da una settimana la strada dal lato di Fassa \u00e8 completamente libera dalla neve fino a 400 metri dal valico, le temute valanghe non sono scese, se non fino a bordo strada. Un scivolamento da pendio, per la sicurezza sarebbero sufficienti\u00a0 100 metri di paravalanghe. Situazione difficile anche a Passo Fedaia, la strada lungo il lago \u00e8 chiusa dal 4 dicembre mentre la salita da Pian Trevisan \u00e8 stata richiusa dopo le ultime nevicate. I paravalanghe non insufficienti. E qui lo sfogo a supporto del malessere delle persone che vivono nelle aree rese inaccessibili dalla mancata apertura della strada o che hanno aziende in quell\u2019area e devono raggiungerle. <em>&#8220;Sembra &#8211; dice il comitato &#8211;\u00a0 che a nessuno interessi chi si trova per giorni isolato. Nessuno si \u00e8 mai preoccupato di come vanno le cose sui passi. E questo si ripete anno dopo anno. Ma quest\u2019anno ancora pi\u00f9 a lungo perch\u00e9 non \u00e8 urgente liberare la strada per i turisti che non ci sono&#8221;.<\/em> Altro tasto dolente quello delle multe per chi\u00a0 cerca di raggiungere a piedi la propria azienda al passo Sella. <em>&#8220;E\u2019 ormai necessario un lasciapassare per arrivare alla propria abitazione o alla propria azienda?&#8221; <\/em>Il Passo Sella \u00e8 a cavallo del confine amministrativo delle due Province autonome di Trento e Bolzano, in quelle stesse Province dove in\u00a0 Val Gardena\u00a0 e in\u00a0 Val Badia le valanghe sono comunque scese e\u00a0 le strade liberate.<\/p>\n\n\t\t\t<style type='text\/css'>\n\t\t\t\t#gallery-3 {\n\t\t\t\t\tmargin: auto;\n\t\t\t\t}\n\t\t\t\t#gallery-3 .gallery-item {\n\t\t\t\t\tfloat: left;\n\t\t\t\t\tmargin-top: 10px;\n\t\t\t\t\ttext-align: center;\n\t\t\t\t\twidth: 25%;\n\t\t\t\t}\n\t\t\t\t#gallery-3 img {\n\t\t\t\t\tborder: 2px solid #cfcfcf;\n\t\t\t\t}\n\t\t\t\t#gallery-3 .gallery-caption {\n\t\t\t\t\tmargin-left: 0;\n\t\t\t\t}\n\t\t\t\t\/* see gallery_shortcode() in wp-includes\/media.php *\/\n\t\t\t<\/style>\n\t\t<div id='gallery-3' class='dt-gallery-container gallery galleryid-193782 gallery-columns-4 gallery-size-thumbnail'><dl class='gallery-item'>\n\t\t\t\t<dt class='gallery-icon landscape'>\n\t\t\t\t\t<a class=\"rollover rollover-zoom dt-pswp-item\" title=\"\" data-dt-img-description=\"\" data-large_image_width=\"2016\" data-large_image_height=\"980\"href='https:\/\/www.radiopiu.net\/wordpress\/wp-content\/uploads\/2021\/02\/PHOTO-2021-02-21-al-Passo-Sella-in-bici.jpg'><img loading=\"lazy\" decoding=\"async\" width=\"150\" height=\"150\" src=\"https:\/\/www.radiopiu.net\/wordpress\/wp-content\/uploads\/2021\/02\/PHOTO-2021-02-21-al-Passo-Sella-in-bici-150x150.jpg\" class=\"attachment-thumbnail size-thumbnail\" alt=\"\" aria-describedby=\"gallery-3-193961\" \/><\/a>\n\t\t\t\t<\/dt>\n\t\t\t\t\t<dd class='wp-caption-text gallery-caption' id='gallery-3-193961'>\n\t\t\t\t\t al Passo Sella in bici\n\t\t\t\t\t<\/dd><\/dl><dl class='gallery-item'>\n\t\t\t\t<dt class='gallery-icon landscape'>\n\t\t\t\t\t<a class=\"rollover rollover-zoom dt-pswp-item\" title=\"\" data-dt-img-description=\"\" data-large_image_width=\"2048\" data-large_image_height=\"1536\"href='https:\/\/www.radiopiu.net\/wordpress\/wp-content\/uploads\/2021\/02\/PHOTO-2021-02-25-libero-passo-Gardena-Corvara.jpg'><img loading=\"lazy\" decoding=\"async\" width=\"150\" height=\"150\" src=\"https:\/\/www.radiopiu.net\/wordpress\/wp-content\/uploads\/2021\/02\/PHOTO-2021-02-25-libero-passo-Gardena-Corvara-150x150.jpg\" class=\"attachment-thumbnail size-thumbnail\" alt=\"\" aria-describedby=\"gallery-3-193960\" \/><\/a>\n\t\t\t\t<\/dt>\n\t\t\t\t\t<dd class='wp-caption-text gallery-caption' id='gallery-3-193960'>\n\t\t\t\t\t libero passo Gardena Corvara\n\t\t\t\t\t<\/dd><\/dl><dl class='gallery-item'>\n\t\t\t\t<dt class='gallery-icon landscape'>\n\t\t\t\t\t<a class=\"rollover rollover-zoom dt-pswp-item\" title=\"\" data-dt-img-description=\"\" data-large_image_width=\"1280\" data-large_image_height=\"720\"href='https:\/\/www.radiopiu.net\/wordpress\/wp-content\/uploads\/2021\/02\/PHOTO-2021-02-26-Residuo-fine-valanga-al-Passo-Sella.jpg'><img loading=\"lazy\" decoding=\"async\" width=\"150\" height=\"150\" src=\"https:\/\/www.radiopiu.net\/wordpress\/wp-content\/uploads\/2021\/02\/PHOTO-2021-02-26-Residuo-fine-valanga-al-Passo-Sella-150x150.jpg\" class=\"attachment-thumbnail size-thumbnail\" alt=\"\" aria-describedby=\"gallery-3-193959\" \/><\/a>\n\t\t\t\t<\/dt>\n\t\t\t\t\t<dd class='wp-caption-text gallery-caption' id='gallery-3-193959'>\n\t\t\t\t\tResiduo fine valanga al Passo Sella\n\t\t\t\t\t<\/dd><\/dl><dl class='gallery-item'>\n\t\t\t\t<dt class='gallery-icon landscape'>\n\t\t\t\t\t<a class=\"rollover rollover-zoom dt-pswp-item\" title=\"\" data-dt-img-description=\"\" data-large_image_width=\"1280\" data-large_image_height=\"720\"href='https:\/\/www.radiopiu.net\/wordpress\/wp-content\/uploads\/2021\/02\/PHOTO-2021-02-25-lieve-valanga-Passo-Sella.jpg'><img loading=\"lazy\" decoding=\"async\" width=\"150\" height=\"150\" src=\"https:\/\/www.radiopiu.net\/wordpress\/wp-content\/uploads\/2021\/02\/PHOTO-2021-02-25-lieve-valanga-Passo-Sella-150x150.jpg\" class=\"attachment-thumbnail size-thumbnail\" alt=\"\" aria-describedby=\"gallery-3-193958\" \/><\/a>\n\t\t\t\t<\/dt>\n\t\t\t\t\t<dd class='wp-caption-text gallery-caption' id='gallery-3-193958'>\n\t\t\t\t\t lieve valanga Passo Sella\n\t\t\t\t\t<\/dd><\/dl><br style=\"clear: both\" \/>\n\t\t\t<\/div>\n\n<p>&nbsp;<\/p>\n<p>&nbsp;<\/p>\n<hr \/>\n<p>&nbsp;<\/p>\n<blockquote>\n<h3>UN CINQUE STELLE AL GIAU, IL SINDACO MOSTRA LE CARTE E SI CONFRONTA CON I CITTADINI<\/h3>\n<\/blockquote>\n<p><strong>COLLE SANTA LUCIA<\/strong> Il progetto \u00e8 di quelli che pesa, un Hotel cinque stelle gran lusso nell&#8217;area dell&#8217;ex Hotel Enrosadira. Coinvolta la Soprintendenza e gli esperti, il sindaco vuole ora sentire il parere della popolazione. L&#8217;amministrazione sta valutando le opportunit\u00e0 di sviluppo turistico della zona con occhio attento ad eventuali impatti ambientali-paesaggistici. Questa sera alle 20.30 si parler\u00e0 di questo alle ex scuole elementari, per gli spazi ridotti \u00e8 stata predisposta la video conferenza con iscrizione via <a href=\"https:\/\/www.radiopiu.net\/wordpress\/giornale-radiopiu-26-marzo-2018-direttore-mirko-mezzacasa\/paolo_frena\/\" rel=\"attachment wp-att-45409\"><img loading=\"lazy\" decoding=\"async\" class=\" wp-image-45409 alignleft\" src=\"https:\/\/www.radiopiu.net\/wordpress\/wp-content\/uploads\/2018\/03\/paolo_frena-263x300.jpg\" alt=\"\" width=\"105\" height=\"120\" srcset=\"https:\/\/www.radiopiu.net\/wordpress\/wp-content\/uploads\/2018\/03\/paolo_frena-263x300.jpg 263w, https:\/\/www.radiopiu.net\/wordpress\/wp-content\/uploads\/2018\/03\/paolo_frena-768x877.jpg 768w, https:\/\/www.radiopiu.net\/wordpress\/wp-content\/uploads\/2018\/03\/paolo_frena.jpg 774w\" sizes=\"auto, (max-width: 105px) 100vw, 105px\" \/><\/a>mail (entro le 18 di oggi) a: sindaco.slucia@agordino.bl.it<\/p>\n<p>&nbsp;<\/p>\n<p>&nbsp;<\/p>\n<p><strong>IL SINDACO PAOLO FRENA<\/strong><\/p>\n<audio class=\"wp-audio-shortcode\" id=\"audio-193782-3\" preload=\"none\" style=\"width: 100%;\" controls=\"controls\"><source type=\"audio\/mpeg\" src=\"https:\/\/www.radiopiu.net\/wordpress\/wp-content\/uploads\/2021\/02\/paolo-frena-colle.mp3?_=3\" \/><a href=\"https:\/\/www.radiopiu.net\/wordpress\/wp-content\/uploads\/2021\/02\/paolo-frena-colle.mp3\">https:\/\/www.radiopiu.net\/wordpress\/wp-content\/uploads\/2021\/02\/paolo-frena-colle.mp3<\/a><\/audio>\n<p>&nbsp;<\/p>\n<hr \/>\n<p>&nbsp;<\/p>\n<blockquote>\n<h3>BELLUNO ALPINA VUOLE IL GIRO D&#8217;ITALIA TRA I BORGHI<\/h3>\n<\/blockquote>\n<p><strong><img loading=\"lazy\" decoding=\"async\" class=\"alignleft\" src=\"https:\/\/www.radiopiu.net\/wordpress\/wp-content\/uploads\/2020\/05\/Scritta-Piandelmonte-1.jpg\" width=\"236\" height=\"177\" \/>BELLUNO<\/strong> L&#8217;associazione Belluno Alpina chiede agli enti territoriali, Provincia in testa, di concretizzare il lavoro per il Giro d&#8217;Italia 2022 nel comprensorio che dall&#8217;Alpago arriva fino a Limana, un vero e proprio \u201cgiro dei borghi\u201d in occasione dei 50 anni dalla scomparsa di Dino Buzzati. \u201c<em>Le terre sopra i 600 metri di quota hanno bisogno di manutenzioni, ma anche di coesione sociale, di occasioni di pubblicit\u00e0 e di vita\u201d<\/em>, ricorda il presidente dell&#8217;associazione Gimmy Dal Farra (foto Bellunopress.it). Belluno Alpina lavora a questa sfida da 4 anni e i residenti di Ronce e Valmorel, cos\u00ec come quelli di Chies e <strong><a href=\"https:\/\/www.radiopiu.net\/wordpress\/belluno-alpina-vuole-il-giro-ditalia-tra-i-borghi\/th-55\/\" rel=\"attachment wp-att-193848\"><img loading=\"lazy\" decoding=\"async\" class=\" wp-image-193848 alignright\" src=\"https:\/\/www.radiopiu.net\/wordpress\/wp-content\/uploads\/2021\/02\/th-29.jpg\" alt=\"\" width=\"173\" height=\"214\" \/><\/a><\/strong>Tambre, sono in attesa e aspettano gli sviluppi. I comuni hanno fatto una loro proposta chiara, con un arrivo in Nevegal passando per paesi come Limana, Can\u00e8, Piandelmonte, Ronce fino al piazzale e con una cronoscalata da Farra d&#8217;Alpago a Sant&#8217;Anna di Tambre.\u00a0<em>\u201cOra bisogna intervenire per la sistemazione di alcune strade, ma bisogna avviare i preparativi. La richiesta \u00e8 gi\u00e0 sul tavolo del presidente Zaia e ha lo scopo di organizzare una settimana piena di eventi per iniziare la stagione turistica al meglio, come meritano le Prealpi&#8221;<\/em>. Belluno Alpina insiste inoltre per la costituzione di un consorzio forestale e per dare concretezza al progetto Ronce 2020, per il quale l&#8217;associazione chiede interventi e finanziamenti a favore di famiglie e imprese, magari provando a intercettare i fondi del Recovery Plan o quelli per le Aree Interne.<em>\u201cQueste terre\u00a0 &#8211; conclude Dal Farra &#8211; ora pi\u00f9 che mai hanno voglia e bisogno di ripartire: la nostra area prealpina, montana ma non di elevata altitudine, \u00e8 stata presa d&#8217;assalto per le passeggiate nei periodi di tregua concessa dal Covid; serve un grande investimento per le terre marginali ma ricche di ambiente e natura, I tempi sono stretti, ma sufficienti&#8230; se c&#8217;\u00e8 volont\u00e0 di agire&#8221;<\/em>.<\/p>\n<p>&nbsp;<\/p>\n<hr \/>\n<p>&nbsp;<\/p>\n<blockquote>\n<h3>CONTRATTAZIONE SOCIALE E LA RESISTENZA DEI COMUNI A INTERVENIRE SULLA TASSAZIONE LOCALE<\/h3>\n<\/blockquote>\n<p align=\"left\"><strong>TREVISO_BELLUNO<\/strong> Le organizzazioni sindacali territoriali con la categorie del pensionati hanno preparato le istanze da presentare ai Comuni nell&#8217;ambito della contrattazione sociale. Le linee guida sono state presentate in video conferenza da\u00a0 Rudy Roffar\u00e8 (Cisl),\u00a0 Michele Ferraro (Uil),\u00a0 Maria Rita Gentilin (Spi Cgil), Rino Dal Ben (Spi) e Debora Rocco (Uilp). Per l&#8217;anno in corso \u00e8 necessario agire creando legami e sinergie hanno detto i rappresentanti sindacali<span style=\"color: #000000; font-family: Helvetica;\"><i> &#8220;Ci concentreremo sulle politiche per la famiglia e sostegno all\u2019area infanzia, ai giovani e agli anziani, sulla lotta alle disuguaglianze sociali, sul rilancio di cooperative di comunit\u00e0 per assegnare lavori diretti a persone senza lavoro, ma anche sulle politiche abitative, la formazione digitale e finanziaria&#8221;.\u00a0<\/i><\/span>Cgil, Cisl e Uil ravvisano una certa resistenza da parte dei Comuni a intervenire sulla tassazione locale: &#8220;Sono ancora molti i Municipi che applicano l\u2019imposizione pi\u00f9 gravosa &#8211; dicono &#8211;\u00a0 ovvero l\u2019aliquota massima dello 0,8% su tutti gli scaglioni, senza progressivit\u00e0&#8221;.Anno impegnativo per le Organizzazioni sindacali con \u00a012\u00a0 incontri con i Comuni, in rappresentanza del 50% della popolazione della provincia, 30 nel 2019.\u00a0Fra i risultati ottenuti, il sostegno al Fondo Welfare Dolomiti e al Centro Antiviolenza Belluno Donna, l\u2019impegno a favorire l\u2019invecchiamento attivo con la partecipazione e il coinvolgimento degli anziani alle attivit\u00e0 culturali anche prevedendo il trasporto da casa, l\u2019assistenza domiciliare estesa alle famiglie anziane a sollievo del lavoro di cura delle donne anziane e l\u2019avvio della costituzione di un fondo per aiutare le famiglie colpite dalla crisi a pagare le rate del mutuo prima casa. Sul fronte fiscale\u00a0l\u2019innalzamento della soglia di esenzione Irpef (12 e 15mila euro). L\u2019Amministrazione di Feltre, con esenzione a 15.000, ha anche diminuito l\u2019imposizione fiscale sullo scaglione successivo.<br \/>\n<strong>DOCUMENTO 1 (8 PAGINE)<\/strong><\/p>\n<p align=\"left\"><a href=\"https:\/\/www.radiopiu.net\/wordpress\/wp-content\/uploads\/2021\/02\/SLIDE-Gentilin-1.pdf\" class=\"pdfemb-viewer\" style=\"\" data-width=\"max\" data-height=\"max\" data-toolbar=\"top\" data-toolbar-fixed=\"on\">SLIDE Gentilin-1<\/a>\n<hr \/>\n<p>&nbsp;<\/p>\n<blockquote>\n<h3>TRENT&#8217;ANNI DI FONDAZIONE ANGELINI, CULTURA PER LA MONTAGNA<\/h3>\n<\/blockquote>\n<p><strong>BELLUNO<\/strong>\u00a0 Ricorrono i trent&#8217;anni di attivit\u00e0 della Fondazione Giovanni Angelini: un anniversario significativo anche per il Comune di Belluno, che per stesso statuto della Fondazione vede il Sindaco del comune capoluogo presidente della stessa. Per il sindaco Jacopo Massaro &#8220;una grande capacit\u00e0 di \u201cesportare\u201d la cultura della montagna e il sapersi relazionare con essa&#8221;<\/p>\n<p><strong>JACOPO MASSARO<\/strong><\/p>\n<p><iframe loading=\"lazy\" title=\"Jacopo Massaro   30 Anni Fondazione Angelini\" width=\"1200\" height=\"675\" src=\"https:\/\/www.youtube.com\/embed\/RrOmNyzinqQ?feature=oembed\" frameborder=\"0\" allow=\"accelerometer; autoplay; clipboard-write; encrypted-media; gyroscope; picture-in-picture\" allowfullscreen><\/iframe><\/p>\n<p>Nonostante l&#8217;emergenza sanitaria ancora in atto, la Fondazione Angelini sta lavorando ad un ricco calendario di appuntamenti che sar\u00e0 presto ufficializzato da Ester Cason Angelini, direttrice della Fondazione: primo appuntamento a fine giugno a Palazzo Fulcis la presentazione degli esiti del progetto sugli scultori Valentino e Caterina Panciera Besarel. Il 18 settembre convegno dedicato al centenario della nascita di Giovan Battista Pellegrini. Ci saranno infine altre iniziative, ai primi di settembre, durante le quali verranno esposti gli esiti delle ricerche su &#8220;La Montagna Viva, dalla tempesta Vaia a nuove opportunit\u00e0 di sviluppo\u201d, \u201cLe ferite del paesaggio montano, dalla Grande Guerra a Vaia\u201d e il progetto di Medicina e Montagna\u00bb.<\/p>\n<p><strong>ESTER CASON ANGELINI<\/strong><\/p>\n<p><iframe loading=\"lazy\" title=\"Ester Cason Angelini   30 Anni Fondazione Angelini\" width=\"1200\" height=\"675\" src=\"https:\/\/www.youtube.com\/embed\/SYcgx4dLNQY?feature=oembed\" frameborder=\"0\" allow=\"accelerometer; autoplay; clipboard-write; encrypted-media; gyroscope; picture-in-picture\" allowfullscreen><\/iframe><\/p>\n<p><strong>GALLERIA FOTOGRAFICA<\/strong><\/p>\n\n\t\t\t<style type='text\/css'>\n\t\t\t\t#gallery-4 {\n\t\t\t\t\tmargin: auto;\n\t\t\t\t}\n\t\t\t\t#gallery-4 .gallery-item {\n\t\t\t\t\tfloat: left;\n\t\t\t\t\tmargin-top: 10px;\n\t\t\t\t\ttext-align: center;\n\t\t\t\t\twidth: 25%;\n\t\t\t\t}\n\t\t\t\t#gallery-4 img {\n\t\t\t\t\tborder: 2px solid #cfcfcf;\n\t\t\t\t}\n\t\t\t\t#gallery-4 .gallery-caption {\n\t\t\t\t\tmargin-left: 0;\n\t\t\t\t}\n\t\t\t\t\/* see gallery_shortcode() in wp-includes\/media.php *\/\n\t\t\t<\/style>\n\t\t<div id='gallery-4' class='dt-gallery-container gallery galleryid-193782 gallery-columns-4 gallery-size-thumbnail'><dl class='gallery-item'>\n\t\t\t\t<dt class='gallery-icon landscape'>\n\t\t\t\t\t<a class=\"rollover\" href='https:\/\/www.radiopiu.net\/wordpress\/trentanni-di-fondazione-angelini-cultura-per-la-montagna\/31-andrea-e-paul-guichonnet\/'><img loading=\"lazy\" decoding=\"async\" width=\"150\" height=\"150\" src=\"https:\/\/www.radiopiu.net\/wordpress\/wp-content\/uploads\/2021\/02\/31-Andrea-e-Paul-Guichonnet-150x150.jpg\" class=\"attachment-thumbnail size-thumbnail\" alt=\"\" \/><\/a>\n\t\t\t\t<\/dt><\/dl><dl class='gallery-item'>\n\t\t\t\t<dt class='gallery-icon landscape'>\n\t\t\t\t\t<a class=\"rollover\" href='https:\/\/www.radiopiu.net\/wordpress\/trentanni-di-fondazione-angelini-cultura-per-la-montagna\/22-cdp-scavo\/'><img loading=\"lazy\" decoding=\"async\" width=\"150\" height=\"150\" src=\"https:\/\/www.radiopiu.net\/wordpress\/wp-content\/uploads\/2021\/02\/22-CDP-scavo-150x150.jpg\" class=\"attachment-thumbnail size-thumbnail\" alt=\"\" \/><\/a>\n\t\t\t\t<\/dt><\/dl><dl class='gallery-item'>\n\t\t\t\t<dt class='gallery-icon landscape'>\n\t\t\t\t\t<a class=\"rollover\" href='https:\/\/www.radiopiu.net\/wordpress\/trentanni-di-fondazione-angelini-cultura-per-la-montagna\/30-rete\/'><img loading=\"lazy\" decoding=\"async\" width=\"150\" height=\"150\" src=\"https:\/\/www.radiopiu.net\/wordpress\/wp-content\/uploads\/2021\/02\/30-rete-150x150.jpg\" class=\"attachment-thumbnail size-thumbnail\" alt=\"\" \/><\/a>\n\t\t\t\t<\/dt><\/dl><dl class='gallery-item'>\n\t\t\t\t<dt class='gallery-icon landscape'>\n\t\t\t\t\t<a class=\"rollover\" href='https:\/\/www.radiopiu.net\/wordpress\/trentanni-di-fondazione-angelini-cultura-per-la-montagna\/manifesti\/'><img loading=\"lazy\" decoding=\"async\" width=\"150\" height=\"150\" src=\"https:\/\/www.radiopiu.net\/wordpress\/wp-content\/uploads\/2021\/02\/Manifesti-150x150.jpg\" class=\"attachment-thumbnail size-thumbnail\" alt=\"\" \/><\/a>\n\t\t\t\t<\/dt><\/dl><br style=\"clear: both\" \/><dl class='gallery-item'>\n\t\t\t\t<dt class='gallery-icon landscape'>\n\t\t\t\t\t<a class=\"rollover\" href='https:\/\/www.radiopiu.net\/wordpress\/trentanni-di-fondazione-angelini-cultura-per-la-montagna\/06-dorsi\/'><img loading=\"lazy\" decoding=\"async\" width=\"150\" height=\"150\" src=\"https:\/\/www.radiopiu.net\/wordpress\/wp-content\/uploads\/2021\/02\/06-dorsi-150x150.jpg\" class=\"attachment-thumbnail size-thumbnail\" alt=\"\" \/><\/a>\n\t\t\t\t<\/dt><\/dl><dl class='gallery-item'>\n\t\t\t\t<dt class='gallery-icon landscape'>\n\t\t\t\t\t<a class=\"rollover\" href='https:\/\/www.radiopiu.net\/wordpress\/trentanni-di-fondazione-angelini-cultura-per-la-montagna\/11-mostre\/'><img loading=\"lazy\" decoding=\"async\" width=\"150\" height=\"150\" src=\"https:\/\/www.radiopiu.net\/wordpress\/wp-content\/uploads\/2021\/02\/11-Mostre-150x150.jpg\" class=\"attachment-thumbnail size-thumbnail\" alt=\"\" \/><\/a>\n\t\t\t\t<\/dt><\/dl><dl class='gallery-item'>\n\t\t\t\t<dt class='gallery-icon landscape'>\n\t\t\t\t\t<a class=\"rollover\" href='https:\/\/www.radiopiu.net\/wordpress\/trentanni-di-fondazione-angelini-cultura-per-la-montagna\/18-copertine-oronimi\/'><img loading=\"lazy\" decoding=\"async\" width=\"150\" height=\"150\" src=\"https:\/\/www.radiopiu.net\/wordpress\/wp-content\/uploads\/2021\/02\/18-Copertine-oronimi-150x150.jpg\" class=\"attachment-thumbnail size-thumbnail\" alt=\"\" \/><\/a>\n\t\t\t\t<\/dt><\/dl><dl class='gallery-item'>\n\t\t\t\t<dt class='gallery-icon landscape'>\n\t\t\t\t\t<a class=\"rollover\" href='https:\/\/www.radiopiu.net\/wordpress\/trentanni-di-fondazione-angelini-cultura-per-la-montagna\/27-domus\/'><img loading=\"lazy\" decoding=\"async\" width=\"150\" height=\"150\" src=\"https:\/\/www.radiopiu.net\/wordpress\/wp-content\/uploads\/2021\/02\/27-domus-150x150.jpg\" class=\"attachment-thumbnail size-thumbnail\" alt=\"\" \/><\/a>\n\t\t\t\t<\/dt><\/dl><br style=\"clear: both\" \/>\n\t\t\t<\/div>\n\n<p>&nbsp;<\/p>\n<hr \/>\n<p>&nbsp;<\/p>\n<blockquote>\n<h3>SENZA LA MONTAGNA NESSUN GREEN NEW DEAL<\/h3>\n<\/blockquote>\n<p><strong><a href=\"https:\/\/www.radiopiu.net\/wordpress\/giornale-radiopiu-del-29-novembre-2018-direttore-mirko-mezzacasa\/pd\/\" rel=\"attachment wp-att-67744\"><img loading=\"lazy\" decoding=\"async\" class=\"size-full wp-image-67744 alignleft\" src=\"https:\/\/www.radiopiu.net\/wordpress\/wp-content\/uploads\/2018\/11\/PD.png\" alt=\"\" width=\"226\" height=\"182\" \/><\/a>BELLUNO<\/strong> Senza il coinvolgimento attivo della montagna in Italia non ci sar\u00e0 nessun Green New Deal. Lo ha affermato Enrico Borghi, deputato Pd, ieri sera durante un webinar organizzato dalla federazione provinciale di Belluno e moderato dal coordinatore del forum democratico alpino, Loris Maccagnan per ragionare sul piano dell\u2019Unione europea Next Generation Eu. \u00c8 certo, ha detto Borghi che nel nostro paese \u00ab<em>non ci sar\u00e0 nessun Green New Deal senza la montagna e senza i territori, senza utilizzare al meglio eccellenze, risorse e patrimonio di queste aree. Perch\u00e9 il Green New Deal non \u00e8 un\u2019operazione romantica ma una nuova politica industriale. Stiamo parlando di decarbonizzazione, nuovi modelli energetici, impiego delle risorse dei territori montani e per andare nella direzione che tra 30 anni ci deve portare fuori dalla logica del carbonio. C\u2019\u00e8 il grande tema della riscrittura delle regole e del patto tra comunit\u00e0 e produttori nel campo dell\u2019idroelettrico, del solare del fotovoltaico delle biomasse e quindi del legno utilizzato con finalit\u00e0 energetiche. Tutte queste regole vanno riscritte in una logica di economia circolare\u00bb. Regole che a loro volta influenzano altri settori, per esempio la mobilit\u00e0 sostenibile. Il piano deve immaginare l\u2019Italia dei prossimi 20 anni, ha continuato il deputato. \u00abSono politiche straordinarie, diverse da fondi di coesione, diverse dagli strumenti di perequazione come i Fondi di Confine e risponde all\u2019esigenza di modernizzare il paese dopo la pandemia ed evitare che le conseguenze dell\u2019emergenza sanitaria facciano diventare strutturale la crisi. Non ci arriviamo con le carte in regola, anzi. L\u2019Italia prima del 2020 aveva gi\u00e0 una situazione di difficolt\u00e0 con dati di crescita economica tra i pi\u00f9 bassi in Europa, tanto che tra il 2014 e il 2019 in media l\u2019Ue \u00e8 cresciuta dell\u201911 per cento e noi esattamente della met\u00e0. Inoltre in termini di qualit\u00e0 e quantit\u00e0, la spesa dei fondi europei finora non ha sortito i risultati attesi<\/em>\u00bb. Il tema proposto da Borghi \u00e8 dunque una forte discontinuit\u00e0 rispetto al passato. I cambiamenti che ci aspettano nei prossimi decenni sono enormi: le Regioni dovranno disegnare nuovi ruoli basati sul protagonismo degli enti locali e non sulla conservazione del proprio centralismo; la pubblica amministrazione necessita di uno shock di assunzioni di donne e giovani; la scuola e la formazione vanno coniugate con la rivoluzione tecnologica.<\/p>\n<p>&nbsp;<\/p>\n<p>&nbsp;<\/p>\n<hr \/>\n<p>&nbsp;<\/p>\n<blockquote>\n<h3>PROTEZIONE CIVILE, UNCEM: GRAZIE AD ANGELO BORRELLI PER L&#8217;IMPORTANTE LAVORO INSIEME. BUON LAVORO A FABRIZIO CURCIO. PER RICUCIRE, RIGENERARE E PREVENIRE<\/h3>\n<\/blockquote>\n<p><strong><a href=\"https:\/\/www.radiopiu.net\/wordpress\/giornale-radiopiu-06-novembre-2020-direttore-mirko-mezzacasa\/logouncem_no_scritta-wdtr\/\" rel=\"attachment wp-att-170846\"><img loading=\"lazy\" decoding=\"async\" class=\" wp-image-170846 alignleft\" src=\"https:\/\/www.radiopiu.net\/wordpress\/wp-content\/uploads\/2020\/11\/logoUNCEM_no_scritta-wdtr-300x300.jpg\" alt=\"\" width=\"193\" height=\"193\" srcset=\"https:\/\/www.radiopiu.net\/wordpress\/wp-content\/uploads\/2020\/11\/logoUNCEM_no_scritta-wdtr-300x300.jpg 300w, https:\/\/www.radiopiu.net\/wordpress\/wp-content\/uploads\/2020\/11\/logoUNCEM_no_scritta-wdtr-150x150.jpg 150w, https:\/\/www.radiopiu.net\/wordpress\/wp-content\/uploads\/2020\/11\/logoUNCEM_no_scritta-wdtr.jpg 640w\" sizes=\"auto, (max-width: 193px) 100vw, 193px\" \/><\/a>ROMA<\/strong> &#8220;Ricucire, rigenerare e prevenire. Questi sono tre verbi con i quali oggi voglio ringraziare Angelo Borrelli e fare gli auguri di buon lavoro a Fabrizio Curcio. Perch\u00e9 per la montagna, questi tre verbi sono decisivi. E il Dipartimento della Protezione Civile, con cui abbiamo stretto un rapporto fortissimo grazie ad Angelo suggellato anche da un protocollo, per la montagna \u00e8 importantissimo. La forza del sistema di Protezione Civile \u00e8 in primo luogo nei Sindaci, nelle Amministrazioni, nei volontari cos\u00ec determinanti sui territori, nelle forze dell&#8217;ordine, nelle comunit\u00e0. Tutti insieme componiamo il sistema della Protezione Civile che con Angelo Borrelli \u00e8 cresciuto moltissimo. Ricordo bene gli incontri fatti insieme a Paestum, ad Pray, in moltissime occasioni a Roma a partire dalle due Conferenze nazionale di Protezione Civile. E ringrazio Angelo per quanto ha fatto nell&#8217;ultimo difficilissimo anno. Il ringraziamento dell&#8217;Uncem \u00e8 di tutti i Sindaci. Grazie Angelo. E grazie a Fabrizio Curcio per il suo ritorno al Dipartimento, dopo l&#8217;importantissimo lavoro fatto a CasaItalia, in particolare nelle zone dei crateri sismici dell&#8217;Appennino. Buon lavoro a Fabrizio, ricucendo, rigenerano e prevenendo. Uncem \u00e8 un pezzo del sistema di Protezione Civile, pronto a lavorare con il Capo Dipartimento, in relazione con tutte le comunit\u00e0 dei territori montani, riducendo fragilit\u00e0 e frammentaazione&#8221;. Cos\u00ec Marco Bussone, Presidente nazionale Uncem.<\/p>\n<p>&nbsp;<\/p>\n<p>&nbsp;<\/p>\n<hr \/>\n<p>&nbsp;<\/p>\n<blockquote>\n<h3>DA LUNEDI A PEDAVENA SI SOSTITUISCONO I CONTATORI<\/h3>\n<p><em>L\u2019intervento\u00a0 sar\u00e0 completamente gratuito. Gli addetti in loco saranno ben riconoscibili ma in caso di dubbio o necessit\u00e0 di verifiche c&#8217;\u00e8 numero verde 800306 999\u00a0<\/em><\/p><\/blockquote>\n<p><a href=\"https:\/\/www.radiopiu.net\/wordpress\/55154-2\/power-meters\/\" rel=\"attachment wp-att-55198\"><img loading=\"lazy\" decoding=\"async\" class=\" wp-image-55198 alignleft\" src=\"https:\/\/www.radiopiu.net\/wordpress\/wp-content\/uploads\/2018\/07\/Contatori_smart-300x167.jpg\" alt=\"\" width=\"241\" height=\"134\" srcset=\"https:\/\/www.radiopiu.net\/wordpress\/wp-content\/uploads\/2018\/07\/Contatori_smart-300x167.jpg 300w, https:\/\/www.radiopiu.net\/wordpress\/wp-content\/uploads\/2018\/07\/Contatori_smart-768x427.jpg 768w, https:\/\/www.radiopiu.net\/wordpress\/wp-content\/uploads\/2018\/07\/Contatori_smart.jpg 800w\" sizes=\"auto, (max-width: 241px) 100vw, 241px\" \/><\/a><\/p>\n<p><strong>PEDAVENA\u00a0<\/strong> Partir\u00e0 luned\u00ec la sostituzione massiva dei contatori dell&#8217;acqua in tutto il comune di Pedavena. Bim Gsp, infatti, provveder\u00e0, con gradualit\u00e0 fino al prossimo mese di luglio, ad installare in tutte le forniture attive nuovi, moderni e pi\u00f9 performanti misuratori meccanici, in sostituzione degli esistenti. L&#8217;attivit\u00e0, che non comporter\u00e0 alcun costo per il cliente, verr\u00e0 eseguita dalla ditta Haviva srl di San Vendemiano: gli incaricati saranno dotati di tesserino di riconoscimento con foto e nominativo. L\u2019attivit\u00e0, per buona parte dei casi, sar\u00e0 svolta in autonomia dagli addetti, senza necessit\u00e0 quindi di presenza in loco del cliente: verr\u00e0, invece, concordato un appuntamento in caso di contatori non accessibili. <em>\u201cSi tratta di un esteso programma di ammodernamento del parco contatori \u2013 spiega Bim Gsp &#8211; che partir\u00e0 da Pedavena con l\u2019installo di circa 2400 nuovi apparecchi, ma che progressivamente interesser\u00e0 tutti i comuni serviti. Grazie a questo,\u00a0renderemo pi\u00f9 efficiente il servizio idrico e pi\u00f9 semplice l\u2019operazione di lettura\u00a0o autolettura dei consumi per i nostri incaricati e per il cliente.<\/em><\/p>\n<p>&nbsp;<\/p>\n<hr \/>\n<blockquote>\n<h3><\/h3>\n<h3>I DOTTOR CLOWN DONANO UN TABLET ALLA PEDIATRIA<\/h3>\n<\/blockquote>\n<p><strong><img loading=\"lazy\" decoding=\"async\" class=\"alignleft\" src=\"https:\/\/www.radiopiu.net\/wordpress\/wp-content\/uploads\/2021\/02\/IMG_20210218_122814-300x300.jpg\" width=\"153\" height=\"153\" \/>FELTRE<\/strong> L\u2019Associazione Dr. Clown ha donato un tablet all\u2019unit\u00e0 operativa del Santa Maria del Prato per mantenere il contatto con i piccoli degenti e portare loro un sorriso. I volontari dell\u2019Associazione hanno portato\u00a0 la loro allegria nelle corsie negli ospedali dell\u2019Ulss Dolomiti da diversi anni. Con l\u2019arrivo del Covid, non \u00e8 pi\u00f9 stato possibile svolgere attivit\u00e0 in presenza ma non \u00e8 mai mancato il sostegno dei Dr Clown. L\u2019ultima iniziativa \u00e8 stata la donazione di tablet all\u2019unit\u00e0 operativa di Pediatria per allietare la degenza dei piccoli ricoverati con letture animate, giochi e gag create dai Dr Clown e caricati sui dispositivi messi a disposizione dei piccoli degenti. Inoltre, in base al dialogo continuo tra l\u2019associazione e gli operatori della Pediatria, diretta da Elisabetta Bressan, il dr Clown creeranno altri contenuti in base ai bisogni e alle preferenze dei bambini\/ragazzi ricoverati. In questo modo, seppur virtuale, continuer\u00e0 il filo rosso per un\u2019assistenza umana.<\/p>\n<p>&nbsp;<\/p>\n<p>&nbsp;<\/p>\n<hr \/>\n<p>&nbsp;<\/p>\n<blockquote>\n<h3>PER IL SERVIZIO CIVILE UNIVERSALE 760 DOMANDE<\/h3>\n<\/blockquote>\n<p><strong><a href=\"https:\/\/www.radiopiu.net\/wordpress\/giornale-radiopiu-27-febbraio-2021-direttore-mirko-mezzacasa\/un-momento-di-formazione-archivio\/\" rel=\"attachment wp-att-193898\"><img loading=\"lazy\" decoding=\"async\" class=\" wp-image-193898 alignleft\" src=\"https:\/\/www.radiopiu.net\/wordpress\/wp-content\/uploads\/2021\/02\/un-momento-di-formazione-archivio-300x225.jpg\" alt=\"\" width=\"176\" height=\"132\" srcset=\"https:\/\/www.radiopiu.net\/wordpress\/wp-content\/uploads\/2021\/02\/un-momento-di-formazione-archivio-300x225.jpg 300w, https:\/\/www.radiopiu.net\/wordpress\/wp-content\/uploads\/2021\/02\/un-momento-di-formazione-archivio-1024x768.jpg 1024w, https:\/\/www.radiopiu.net\/wordpress\/wp-content\/uploads\/2021\/02\/un-momento-di-formazione-archivio-768x576.jpg 768w, https:\/\/www.radiopiu.net\/wordpress\/wp-content\/uploads\/2021\/02\/un-momento-di-formazione-archivio.jpg 1440w\" sizes=\"auto, (max-width: 176px) 100vw, 176px\" \/><\/a>BELLUNO<\/strong>\u00a0 Oltre 760 domande \u00e8 questo il numero delle candidature al Servizio Civile Universale registrate dal neo costituito CSV Belluno Treviso. Sono pervenute, rispettivamente, 131 domande da altrettanti giovani tra i 18 e i 28 anni per i posti a disposizione nel territorio alpino e 630 richieste nel trevigiano, numeri molto simili, se rapportati in percentuale al numero degli abitanti delle due province. Assistenza sociale, protezione civile, ambiente, educazione, tutela e promozione culturale tra gli ambiti operativi. In provincia di Belluno, 131 ragazzi hanno presentato domanda per 6 progetti coordinati dall\u2019Unione Montana Feltrina.<\/p>\n<p>&nbsp;<\/p>\n<p>&nbsp;<\/p>\n<p>&nbsp;<\/p>\n<hr \/>\n<blockquote>\n<h3><a href=\"https:\/\/www.radiopiu.net\/wordpress\/un-san-valentino-carico-di-cuori-in-agordino-grazie-a-nicola-tancon\/sulla-piana-di-falcade\/\" rel=\"attachment wp-att-191357\"><img loading=\"lazy\" decoding=\"async\" class=\"wp-image-191357 alignleft\" src=\"https:\/\/www.radiopiu.net\/wordpress\/wp-content\/uploads\/2021\/02\/Sulla-Piana-di-Falcade-229x300.jpeg\" alt=\"\" width=\"118\" height=\"155\" srcset=\"https:\/\/www.radiopiu.net\/wordpress\/wp-content\/uploads\/2021\/02\/Sulla-Piana-di-Falcade-229x300.jpeg 229w, https:\/\/www.radiopiu.net\/wordpress\/wp-content\/uploads\/2021\/02\/Sulla-Piana-di-Falcade-781x1024.jpeg 781w, https:\/\/www.radiopiu.net\/wordpress\/wp-content\/uploads\/2021\/02\/Sulla-Piana-di-Falcade-768x1008.jpeg 768w, https:\/\/www.radiopiu.net\/wordpress\/wp-content\/uploads\/2021\/02\/Sulla-Piana-di-Falcade-1171x1536.jpeg 1171w, https:\/\/www.radiopiu.net\/wordpress\/wp-content\/uploads\/2021\/02\/Sulla-Piana-di-Falcade.jpeg 1561w\" sizes=\"auto, (max-width: 118px) 100vw, 118px\" \/><\/a>GIOVEDI IL BILANCIO DI PREVISIONE E IL DUP<\/h3>\n<\/blockquote>\n<p><strong>FALCADE<\/strong> Il sindaco Michele Costa ha convocato il consiglio comunale per giovedi alle 19.30 (in video conferenza). All&#8217;ordine del giorno: regolamento controlli interni, affidamento incarichi esterni, canone per l&#8217;esposizione pubblicitaria, approvazione bilancio di previsione finanziario e l&#8217;aggiornamento al Dup (Documento Unico di Programmazione 21-23). (foto Nico Tancon).<\/p>\n<p><strong>DAL CORRIERE DELLE ALPI IL SERVIZIO DI GIANNI SANTOMASO<\/strong><\/p>\n<audio class=\"wp-audio-shortcode\" id=\"audio-193782-4\" preload=\"none\" style=\"width: 100%;\" controls=\"controls\"><source type=\"audio\/mpeg\" src=\"https:\/\/www.radiopiu.net\/wordpress\/wp-content\/uploads\/2021\/02\/GIANNI-CONSIGLIO-FALCADE.mp3?_=4\" \/><a href=\"https:\/\/www.radiopiu.net\/wordpress\/wp-content\/uploads\/2021\/02\/GIANNI-CONSIGLIO-FALCADE.mp3\">https:\/\/www.radiopiu.net\/wordpress\/wp-content\/uploads\/2021\/02\/GIANNI-CONSIGLIO-FALCADE.mp3<\/a><\/audio>\n<p>&nbsp;<\/p>\n<hr \/>\n<p>&nbsp;<\/p>\n<blockquote>\n<h3>IN CONSIGLIO ANCHE PER LA VERIFICA DELLE AREE FABBRICABILI<\/h3>\n<\/blockquote>\n<p><strong><a href=\"https:\/\/www.radiopiu.net\/wordpress\/feb01010112\/th-25\/\" rel=\"attachment wp-att-188402\"><img loading=\"lazy\" decoding=\"async\" class=\"wp-image-188402 alignleft\" src=\"https:\/\/www.radiopiu.net\/wordpress\/wp-content\/uploads\/2021\/02\/th.jpg\" alt=\"\" width=\"140\" height=\"97\" \/><\/a>COLLE SANTA LUCIA<\/strong> Sabato 6 marzo\u00a0 mattina alle 7.30 consiglio comunale convocato dal sindaco Paolo Frena. Quindici punti all&#8217;ordine del giorno, comunicazioni del sindaco comprese. Regolamenti, approvazione di programmi a bilanci, verifica delle aree edificabili, Documento Unico di Programmazione tra gli argomenti principali.<\/p>\n<p>&nbsp;<\/p>\n<p>&nbsp;<\/p>\n<p>&nbsp;<\/p>\n<hr \/>\n<p>&nbsp;<\/p>\n<blockquote>\n<h3>COVID: BENE IL PASSAPORTO, MA SIA CONSENTITO A TUTTI DI VACCINARSI<\/h3>\n<\/blockquote>\n<p><a href=\"https:\/\/www.radiopiu.net\/wordpress\/dario-bond-e-il-bando-sul-direttore-della-fondazione-unesco\/dario-bond-12\/\" rel=\"attachment wp-att-191054\"><img loading=\"lazy\" decoding=\"async\" class=\" wp-image-191054 alignleft\" src=\"https:\/\/www.radiopiu.net\/wordpress\/wp-content\/uploads\/2021\/02\/DARIO-BOND-300x138.jpg\" alt=\"\" width=\"270\" height=\"124\" srcset=\"https:\/\/www.radiopiu.net\/wordpress\/wp-content\/uploads\/2021\/02\/DARIO-BOND-300x138.jpg 300w, https:\/\/www.radiopiu.net\/wordpress\/wp-content\/uploads\/2021\/02\/DARIO-BOND-1024x472.jpg 1024w, https:\/\/www.radiopiu.net\/wordpress\/wp-content\/uploads\/2021\/02\/DARIO-BOND-768x354.jpg 768w, https:\/\/www.radiopiu.net\/wordpress\/wp-content\/uploads\/2021\/02\/DARIO-BOND-1536x708.jpg 1536w, https:\/\/www.radiopiu.net\/wordpress\/wp-content\/uploads\/2021\/02\/DARIO-BOND.jpg 1600w\" sizes=\"auto, (max-width: 270px) 100vw, 270px\" \/><\/a><strong>ROMA<\/strong> <em>\u201cBene la strada intrapresa verso il passaporto vaccinale per muoversi tra i Paesi del mondo. Occorre per\u00f2 trovare un punto di equilibrio tra la sicurezza dei cittadini e la tutela della libert\u00e0 individuale. Per questo bisogna investire per garantire a tutti la possibilit\u00e0 di accedere in tempi rapidi alla vaccinazione. Ci sono questioni tecniche e di rispetto delle nostre libert\u00e0 non trascurabili\u201d.<\/em> E\u2019 il commento di Dario Bond, deputato di Forza Italia, alla notizia dell\u2019apertura del premier Draghi e della UE al passaporto vaccinale.\u00a0<em> \u201cOggi abbiamo fatto passi in avanti, i vaccini esistono e sono disponibili sul mercato. Spingiamo al massimo in questa direzione, prevedendo l\u2019accesso al mercato libero dei vaccini anche da parte degli stessi cittadini, per giungere ad una rapida vaccinazione di massa. A quel punto sar\u00e0 libera scelta dei cittadini vaccinarsi e quindi poter ottenere il passaporto, obbligatorio per muoversi\u201d conclude Bond.<\/em><\/p>\n<p>&nbsp;<\/p>\n<hr \/>\n<blockquote>\n<h3><b><span lang=\"IT\">\u00a0<\/span><\/b><\/h3>\n<h3><b><span lang=\"IT\">MONDIALI 2021:<\/span><\/b><b><span lang=\"IT\">\u00a0<\/span><\/b><b><span lang=\"IT\">E-DISTRIBUZIONE DONA A CORTINA D\u2019AMPEZZO<\/span><\/b><b><\/b><b><span lang=\"IT\">(BL) UN\u2019OPERA DI ENDLESS<\/span><\/b><\/h3>\n<\/blockquote>\n<p><strong>CORTINA<\/strong> Anche dopo la fine dei Mondiali di Sci, il mito di Cortina continuer\u00e0 a vivere nell\u2019ultima opera di Endless e che idealmente accompagner\u00e0 cittadini e turisti fino alle Olimpiadi invernali del 2026. L\u2019artista britannico, che da pochi giorni \u00e8 anche il primo \u201cwriter\u201d ad avere un\u2019opera esposta alla Galleria degli Uffizi, ha progettato e realizzato infatti un murales unico nell\u2019ambito del progetto \u201cCabine d\u2019Autore\u201d promosso da E-Distribuzione con la fattiva collaborazione della professoressa Sonia Solagna del Liceo Artistico di Cortina. In linea con le sue ultime opere che rimandano alle grandi riviste patinate, per l\u2019opera sulla Cabina E-Distribuzione all\u2019angolo tra via del Parco e via Mons. P. Frenademez, Endless si \u00e8 ispirato ad una copertina retr\u00f2 di Vogue del 1951, con una sciatrice in copertina. Con la collaborazione di Fondazione Cortina 2021, Comune di Cortina d\u2019Ampezzo e le scuole superiori dell\u2019Istituto Omnicomprensivo Val Boite, l\u2019artista\u00a0Manuel Giacometti\u00a0ha realizzato due opere di street art uniche ed originali che riprendono i bozzetti realizzati dai ragazzi delle scuole coinvolte. Grazie al coordinamento di Sonia Solagna, professoressa di discipline grafiche pittoriche del liceo artistico di Cortina, gli studenti si sono impegnati workshop pomeridiani per progettare una rilettura speciale della storia di \u201cAlice nel Paese delle Meraviglie\u201d. Grazie alla fantasia e creativit\u00e0 dei ragazzi \u00e8 cos\u00ec nata \u201cCortina, Paese delle Meraviglie\u201d dove protagonista \u00e8 un Cappellaio Matto molto particolare, dal cui cappello spuntano simboli e soggetti ispirati alla montagna e ai Campionati del mondo di sci alpino 2021. Le opere sono visibili sulle cabine elettriche di via Castello e di via Campo di Sotto.<\/p>\n\n\t\t\t<style type='text\/css'>\n\t\t\t\t#gallery-5 {\n\t\t\t\t\tmargin: auto;\n\t\t\t\t}\n\t\t\t\t#gallery-5 .gallery-item {\n\t\t\t\t\tfloat: left;\n\t\t\t\t\tmargin-top: 10px;\n\t\t\t\t\ttext-align: center;\n\t\t\t\t\twidth: 33%;\n\t\t\t\t}\n\t\t\t\t#gallery-5 img {\n\t\t\t\t\tborder: 2px solid #cfcfcf;\n\t\t\t\t}\n\t\t\t\t#gallery-5 .gallery-caption {\n\t\t\t\t\tmargin-left: 0;\n\t\t\t\t}\n\t\t\t\t\/* see gallery_shortcode() in wp-includes\/media.php *\/\n\t\t\t<\/style>\n\t\t<div id='gallery-5' class='dt-gallery-container gallery galleryid-193782 gallery-columns-3 gallery-size-thumbnail'><dl class='gallery-item'>\n\t\t\t\t<dt class='gallery-icon portrait'>\n\t\t\t\t\t<a class=\"rollover rollover-zoom dt-pswp-item\" title=\"2\" data-dt-img-description=\"\" data-large_image_width=\"1363\" data-large_image_height=\"2048\"href='https:\/\/www.radiopiu.net\/wordpress\/wp-content\/uploads\/2021\/02\/2.jpeg'><img loading=\"lazy\" decoding=\"async\" width=\"150\" height=\"150\" src=\"https:\/\/www.radiopiu.net\/wordpress\/wp-content\/uploads\/2021\/02\/2-150x150.jpeg\" class=\"attachment-thumbnail size-thumbnail\" alt=\"\" \/><\/a>\n\t\t\t\t<\/dt><\/dl><dl class='gallery-item'>\n\t\t\t\t<dt class='gallery-icon portrait'>\n\t\t\t\t\t<a class=\"rollover rollover-zoom dt-pswp-item\" title=\"5\" data-dt-img-description=\"\" data-large_image_width=\"1189\" data-large_image_height=\"2048\"href='https:\/\/www.radiopiu.net\/wordpress\/wp-content\/uploads\/2021\/02\/5.jpeg'><img loading=\"lazy\" decoding=\"async\" width=\"150\" height=\"150\" src=\"https:\/\/www.radiopiu.net\/wordpress\/wp-content\/uploads\/2021\/02\/5-150x150.jpeg\" class=\"attachment-thumbnail size-thumbnail\" alt=\"\" \/><\/a>\n\t\t\t\t<\/dt><\/dl><dl class='gallery-item'>\n\t\t\t\t<dt class='gallery-icon portrait'>\n\t\t\t\t\t<a class=\"rollover rollover-zoom dt-pswp-item\" title=\"3\" data-dt-img-description=\"\" data-large_image_width=\"1460\" data-large_image_height=\"2048\"href='https:\/\/www.radiopiu.net\/wordpress\/wp-content\/uploads\/2021\/02\/3.jpeg'><img loading=\"lazy\" decoding=\"async\" width=\"150\" height=\"150\" src=\"https:\/\/www.radiopiu.net\/wordpress\/wp-content\/uploads\/2021\/02\/3-150x150.jpeg\" class=\"attachment-thumbnail size-thumbnail\" alt=\"\" \/><\/a>\n\t\t\t\t<\/dt><\/dl><br style=\"clear: both\" \/>\n\t\t\t<\/div>\n\n<p>&nbsp;<\/p>\n<hr \/>\n<blockquote>\n<h3><\/h3>\n<h3>LE PROPOSTE PER LA MODIFICA DEL PIANO DEGLI INTERVENTI<\/h3>\n<\/blockquote>\n<p><strong><a href=\"https:\/\/www.radiopiu.net\/wordpress\/consiglio-comunale-di-falcade-registrazione-integrale-durata-1h33m\/falcade-3-2\/\" rel=\"attachment wp-att-163179\"><img loading=\"lazy\" decoding=\"async\" class=\"wp-image-163179 alignleft\" src=\"https:\/\/www.radiopiu.net\/wordpress\/wp-content\/uploads\/2020\/09\/FALCADE-3-300x225.jpg\" alt=\"\" width=\"133\" height=\"100\" srcset=\"https:\/\/www.radiopiu.net\/wordpress\/wp-content\/uploads\/2020\/09\/FALCADE-3-300x225.jpg 300w, https:\/\/www.radiopiu.net\/wordpress\/wp-content\/uploads\/2020\/09\/FALCADE-3-768x576.jpg 768w, https:\/\/www.radiopiu.net\/wordpress\/wp-content\/uploads\/2020\/09\/FALCADE-3-640x480.jpg 640w, https:\/\/www.radiopiu.net\/wordpress\/wp-content\/uploads\/2020\/09\/FALCADE-3.jpg 960w\" sizes=\"auto, (max-width: 133px) 100vw, 133px\" \/><\/a>FALCADE<\/strong>\u00a0 <em>&#8220;Il Comune di Falcade comunica che \u00e8 stato pubblicato un importante <u>AVVISO\u00a0per la\u00a0presentazione delle proposte per la modifica del Piano degli Interventi<\/u>, a firma del Sindaco Michele Costa,\u00a0 l<\/em><em>&#8216;avviso \u00e8 pubblicato e scaricabile dal sito internet del Comune di Falcade. <\/em><em>Le proposte dovranno pervenire entro e non oltre il 18 marzo 2021&#8243;<\/em><\/p>\n<p>&nbsp;<\/p>\n<p>&nbsp;<\/p>\n<hr \/>\n<p>&nbsp;<\/p>\n<blockquote>\n<h2>RITORNA AI MICROFONI DI RADIO PIU&#8217; FRANCESCO ZILLIO<br \/>\nQUARTA puntata, stagione 2021 &#8211; EVOLUZIONE DEI SISTEMI DI COMUNICAZIONE SUPPORTATI DA SMARTH PHONE PER LE AZIENDE<\/h2>\n<\/blockquote>\n<p><iframe loading=\"lazy\" title=\"EPCENTER - EVOLUZIONE DEI SISTEMI DI COMUNICAZIONE SUPPORTATI DA SMART PHONE PER LE  AZIENDE\" width=\"1200\" height=\"675\" src=\"https:\/\/www.youtube.com\/embed\/VQu8U59Rjrw?feature=oembed\" frameborder=\"0\" allow=\"accelerometer; autoplay; clipboard-write; encrypted-media; gyroscope; picture-in-picture\" allowfullscreen><\/iframe><\/p>\n<p>&nbsp;<\/p>\n<p><strong>LA VIDEO GALLERY\u00a0<\/strong><\/p>\n<blockquote class=\"wp-embedded-content\" data-secret=\"YArUveJRpk\"><p><a href=\"https:\/\/www.radiopiu.net\/wordpress\/ep-center-video-gallery\/\">EP CENTER video gallery<\/a><\/p><\/blockquote>\n<p><iframe loading=\"lazy\" class=\"wp-embedded-content\" sandbox=\"allow-scripts\" security=\"restricted\" style=\"position: absolute; clip: rect(1px, 1px, 1px, 1px);\" title=\"&#8220;EP CENTER video gallery&#8221; &#8212; Radio Pi\u00f9\" src=\"https:\/\/www.radiopiu.net\/wordpress\/ep-center-video-gallery\/embed\/#?secret=YArUveJRpk\" data-secret=\"YArUveJRpk\" width=\"600\" height=\"338\" frameborder=\"0\" marginwidth=\"0\" marginheight=\"0\" scrolling=\"no\"><\/iframe><\/p>\n<p>&nbsp;<\/p>\n<p>&nbsp;<\/p>\n<hr \/>\n<p>&nbsp;<\/p>\n<blockquote>\n<h3>ASCA ALLA RICERCA DI UN ISTRUTTORE AMMINISTRATIVO ADDETTO AL PERSONALE E INFERMIERI<\/h3>\n<\/blockquote>\n<p><strong><a href=\"https:\/\/www.radiopiu.net\/wordpress\/asca-ricerca-personale-infermieristico\/asca-4\/\" rel=\"attachment wp-att-128881\"><img loading=\"lazy\" decoding=\"async\" class=\" wp-image-128881 alignleft\" src=\"https:\/\/www.radiopiu.net\/wordpress\/wp-content\/uploads\/2020\/04\/ASCA-300x165.png\" alt=\"\" width=\"224\" height=\"123\" srcset=\"https:\/\/www.radiopiu.net\/wordpress\/wp-content\/uploads\/2020\/04\/ASCA-300x165.png 300w, https:\/\/www.radiopiu.net\/wordpress\/wp-content\/uploads\/2020\/04\/ASCA-1024x565.png 1024w, https:\/\/www.radiopiu.net\/wordpress\/wp-content\/uploads\/2020\/04\/ASCA-768x424.png 768w, https:\/\/www.radiopiu.net\/wordpress\/wp-content\/uploads\/2020\/04\/ASCA.png 1211w\" sizes=\"auto, (max-width: 224px) 100vw, 224px\" \/><\/a>AGORDO<\/strong> L&#8217;Azienda Speciale Consortile Agordina \u00e8 alla ricerca di un istruttore amministrativo addetto al personale da inserire nell\u2019organico amministrativo della Residenza Sanitaria Anziani di Agordo. Possono partecipare laureati in materie giuridiche od economiche o materie equipollenti, o diplomati con comprovata esperienza. La selezione \u00e8 finalizzata all\u2019inserimento a tempo indeterminato e pieno in Azienda. Il bando con il modello della domanda \u00e8 rinvenibile sul sito dell\u2019Azienda www.servizisocialiasca.it\u00a0.<br \/>\nL&#8217;amministratore unico di Asca Mariachiara Santin ha inoltre emanato un avviso di selezione utile alla formulazione di una graduatoria di idoneit\u00e0 finalizzata all&#8217;inserimento a tempo indeterminato pieno e part time della figura di infermiere con un premio di benvenuto di 250,00 \u20ac in beni e servizi di Welfare Aziendali (una tantum) e un premio produttivit\u00e0 \/welfare annuo di 2.500,00 euro pro capite che viene erogato sulla base della valutazione e dopo almeno 7 mesi di lavoro continuativo in Azienda. Per informazioni \u00e8 possibile rivolgersi alla Segreteria dell\u2019Azienda A.S.C.A.: e-mail: amministrazione@servizisocialiasca.it<\/p>\n<p>&nbsp;<\/p>\n<p>&nbsp;<\/p>\n<hr \/>\n<blockquote>\n<h3><\/h3>\n<h3>CERCASI FARMACISTI-COLLABORATORI AD AGORDO<\/h3>\n<\/blockquote>\n<p><strong><img loading=\"lazy\" decoding=\"async\" class=\"alignleft\" src=\"https:\/\/www.radiopiu.net\/wordpress\/wp-content\/uploads\/2020\/06\/e557474c-a46e-408a-ad77-242a0f3ef7c9.jpg\" width=\"62\" height=\"83\" \/>AGORDO<\/strong> L&#8217;Azienda Speciale Agordo Servizi ha indetto una selezione per la copertura di due posti e tempo pieno (40 ore) come Farmacista-collaboratore di primo livello. Il candidato dovr\u00e0 essere in grado di svolgere attivit\u00e0 ad elevato contenuto professionale di natura sanitaria o tecnica amministrativa in condizione di ampia autonomia. Le domande devono essere presentate entro le 12 del 3 marzo. Di seguito tutti i particolari compreso il calendario della prova che sar\u00e0 pubblicato sul sito agordofarmaciacomunale.it<\/p>\n<p>&nbsp;<\/p>\n<p>&nbsp;<\/p>\n<hr \/>\n<p>&nbsp;<\/p>\n<blockquote>\n<h3><a href=\"https:\/\/www.radiopiu.net\/wordpress\/giornale-radiopiu-26-febbraio-2021-direttore-mirko-mezzacasa\/sottocoperta-lettura-28-febbraio\/\" rel=\"attachment wp-att-193623\"><img loading=\"lazy\" decoding=\"async\" class=\"wp-image-193623 alignleft\" src=\"https:\/\/www.radiopiu.net\/wordpress\/wp-content\/uploads\/2021\/02\/Sottocoperta-Lettura-28-febbraio-300x169.jpg\" alt=\"\" width=\"167\" height=\"94\" srcset=\"https:\/\/www.radiopiu.net\/wordpress\/wp-content\/uploads\/2021\/02\/Sottocoperta-Lettura-28-febbraio-300x169.jpg 300w, https:\/\/www.radiopiu.net\/wordpress\/wp-content\/uploads\/2021\/02\/Sottocoperta-Lettura-28-febbraio-1024x576.jpg 1024w, https:\/\/www.radiopiu.net\/wordpress\/wp-content\/uploads\/2021\/02\/Sottocoperta-Lettura-28-febbraio-768x432.jpg 768w, https:\/\/www.radiopiu.net\/wordpress\/wp-content\/uploads\/2021\/02\/Sottocoperta-Lettura-28-febbraio-1536x864.jpg 1536w, https:\/\/www.radiopiu.net\/wordpress\/wp-content\/uploads\/2021\/02\/Sottocoperta-Lettura-28-febbraio.jpg 1707w\" sizes=\"auto, (max-width: 167px) 100vw, 167px\" \/><\/a>SOTTOCOPERTA, I PROSSIMI EVENTI<\/h3>\n<\/blockquote>\n<p><strong>LIMANA<\/strong> Domenica\u00a0 alle 18 ci sar\u00e0 la lettura con Carlo Corsini, Simone Carnielli e Alessandro Marchetti. Un viaggio fantastico tra fiabe, racconti e tradizioni di posti vicini o posti lontani, per bambini dai 4 anni in su. Per seguire la diretta streaming prenotate il vostro link: sbogo.limana@valbelluna.bl.it entro le\u00a0 12 di sabato.<\/p>\n<p>&nbsp;<\/p>\n<p>&nbsp;<\/p>\n<hr \/>\n<blockquote>\n<h3><\/h3>\n<h3>&#8220;SOSPIROLO TRA LEGGENDE E MISTERI&#8221; GIOVEDI&#8217; SERA IN DIRETTA YOUTUBE<\/h3>\n<\/blockquote>\n<p><strong><a href=\"https:\/\/www.radiopiu.net\/wordpress\/giornale-radiopiu-21-febbraio-2021-direttore-mirko-mezzacasa\/post-serata-lancio-concorso-2021\/\" rel=\"attachment wp-att-192611\"><img loading=\"lazy\" decoding=\"async\" class=\" wp-image-192611 alignleft\" src=\"https:\/\/www.radiopiu.net\/wordpress\/wp-content\/uploads\/2021\/02\/POST-SERATA-LANCIO-CONCORSO-2021-300x300.jpg\" alt=\"\" width=\"167\" height=\"167\" srcset=\"https:\/\/www.radiopiu.net\/wordpress\/wp-content\/uploads\/2021\/02\/POST-SERATA-LANCIO-CONCORSO-2021-300x300.jpg 300w, https:\/\/www.radiopiu.net\/wordpress\/wp-content\/uploads\/2021\/02\/POST-SERATA-LANCIO-CONCORSO-2021-1024x1024.jpg 1024w, https:\/\/www.radiopiu.net\/wordpress\/wp-content\/uploads\/2021\/02\/POST-SERATA-LANCIO-CONCORSO-2021-150x150.jpg 150w, https:\/\/www.radiopiu.net\/wordpress\/wp-content\/uploads\/2021\/02\/POST-SERATA-LANCIO-CONCORSO-2021-768x768.jpg 768w, https:\/\/www.radiopiu.net\/wordpress\/wp-content\/uploads\/2021\/02\/POST-SERATA-LANCIO-CONCORSO-2021.jpg 1080w\" sizes=\"auto, (max-width: 167px) 100vw, 167px\" \/><\/a>SOSPIROLO<\/strong> Comune di Sospirolo, Biblioteca civica e la Pro Loco Monti del Sole organizzano per oggi alle 21 una diretta YouTube in occasione della serata inaugurale della 12\u00aa edizione del concorso letterario &#8220;Sospirolo tra leggende e misteri&#8221;. La serata inaugurale, con il lancio del tema di concorso, sar\u00e0 condotta dall\u2019appassionato di tradizioni locali venete Roberto <i>Popi<\/i> Frison.<\/p>\n<p>&nbsp;<\/p>\n<p>&nbsp;<\/p>\n<p>&nbsp;<\/p>\n<p>&nbsp;<\/p>\n<p>&nbsp;<\/p>\n<hr \/>\n<p>&nbsp;<\/p>\n<blockquote>\n<h3>NUOVI ORARI CALL CENTER COVID DAL 1\u00b0 FEBBRAIO 2021<\/h3>\n<\/blockquote>\n<p><strong><a href=\"https:\/\/www.radiopiu.net\/wordpress\/giornale-radiopiu-26-gennaio-2021-direttore-mirko-mezzacasa\/numero-covid_febbraio-2021\/\" rel=\"attachment wp-att-186852\"><img loading=\"lazy\" decoding=\"async\" class=\"wp-image-186852 alignleft\" src=\"https:\/\/www.radiopiu.net\/wordpress\/wp-content\/uploads\/2021\/01\/numero-covid_febbraio-2021-300x212.jpg\" alt=\"\" width=\"202\" height=\"143\" srcset=\"https:\/\/www.radiopiu.net\/wordpress\/wp-content\/uploads\/2021\/01\/numero-covid_febbraio-2021-300x212.jpg 300w, https:\/\/www.radiopiu.net\/wordpress\/wp-content\/uploads\/2021\/01\/numero-covid_febbraio-2021-1024x724.jpg 1024w, https:\/\/www.radiopiu.net\/wordpress\/wp-content\/uploads\/2021\/01\/numero-covid_febbraio-2021-768x543.jpg 768w, https:\/\/www.radiopiu.net\/wordpress\/wp-content\/uploads\/2021\/01\/numero-covid_febbraio-2021-1536x1086.jpg 1536w, https:\/\/www.radiopiu.net\/wordpress\/wp-content\/uploads\/2021\/01\/numero-covid_febbraio-2021.jpg 2000w\" sizes=\"auto, (max-width: 202px) 100vw, 202px\" \/><\/a> <\/strong><\/p>\n<p><strong>\u00a0<\/strong><\/p>\n<p><strong>BELLUNO <\/strong>L&#8217;importante rallentamento epidemico registrato nelle ultime settimane e la conseguente forte riduzione delle telefonate con richiesta di informazioni da parte dei cittadini, consentono di rimodulare giorni ed orari di attivit\u00e0 del CALL CENTER COVID Dal 1\u00b0 febbraio 2021 lo 0437\/514343 sar\u00e0 attivo dalle 8 alle 18 da luned\u00ec a sabato.<\/p>\n<p>&nbsp;<\/p>\n<p>&nbsp;<\/p>\n<p>&nbsp;<\/p>\n<p>&nbsp;<\/p>\n<hr \/>\n<blockquote>\n<h3><a href=\"https:\/\/www.radiopiu.net\/wordpress\/giornale-radiopiu-17-febbraio-2021-direttore-mirko-mezzacasa\/149288210_864291084356461_5213230709275692954_o\/\" rel=\"attachment wp-att-191849\"><img loading=\"lazy\" decoding=\"async\" class=\"wp-image-191849 alignleft\" src=\"https:\/\/www.radiopiu.net\/wordpress\/wp-content\/uploads\/2021\/02\/149288210_864291084356461_5213230709275692954_o-300x256.jpg\" alt=\"\" width=\"131\" height=\"112\" srcset=\"https:\/\/www.radiopiu.net\/wordpress\/wp-content\/uploads\/2021\/02\/149288210_864291084356461_5213230709275692954_o-300x256.jpg 300w, https:\/\/www.radiopiu.net\/wordpress\/wp-content\/uploads\/2021\/02\/149288210_864291084356461_5213230709275692954_o.jpg 600w\" sizes=\"auto, (max-width: 131px) 100vw, 131px\" \/><\/a>L&#8217;INIZIATIVA SOLIDALE DELLA CORALE DI LIMANA<\/h3>\n<\/blockquote>\n<p><strong>AUDIO<\/strong><\/p>\n<audio class=\"wp-audio-shortcode\" id=\"audio-193782-5\" preload=\"none\" style=\"width: 100%;\" controls=\"controls\"><source type=\"audio\/mpeg\" src=\"https:\/\/www.radiopiu.net\/wordpress\/wp-content\/uploads\/2021\/02\/cori-silvia2.mp3?_=5\" \/><a href=\"https:\/\/www.radiopiu.net\/wordpress\/wp-content\/uploads\/2021\/02\/cori-silvia2.mp3\">https:\/\/www.radiopiu.net\/wordpress\/wp-content\/uploads\/2021\/02\/cori-silvia2.mp3<\/a><\/audio>\n<p>&nbsp;<\/p>\n<hr \/>\n<p>&nbsp;<\/p>\n<blockquote>\n<h3>GABRIELE VANIN E LE MERIDIANE BELLUNESI UN\u2019IMMERSIONE NELLA CULTURA POPOLARE<\/h3>\n<\/blockquote>\n<p><strong>di Renato Bona<\/strong><\/p>\n<p>Decisamente interessante, e anche di pi\u00f9, il libro che Gabriele Vanin ha curato per la Comunit\u00e0 Montana Feltrina ed il Centro per la documentazione della cultura popolare, che la Libreria Pilotto editrice di Feltre ha stampato nel 1991 con Grafiche Antiga di Cornuda per la serie \u201cQuaderni\u201d diretta da Daniela Perco. E\u2019 a nostro avviso una autentica immersione nella cultura della gente nostrana, frutto di un lavoro impegnativo che &#8211; lo si puntualizza nella prefazione &#8211; costituisce la base del presente volume ed \u00e8 stato intrapreso nel 1984 dato che all\u2019epoca risalgono i primi contatti con il dott. Francesco Azzarita, responsabile nazionale della Sezione Quadranti Solari dell\u2019Unione Astrofili italiani, che prendeva in considerazione gli antichi misuratori del tempo che sono appunto le meridiane, o orologi, o quadranti solari (\u00e8 quest\u2019ultima \u2013 a detta dell\u2019autore \u2013 la dizione esatta). L\u2019obiettivo del sodalizio era quello di una catalogazione completa di questi beni nel territorio nazionale e non gi\u00e0 a meri fini classificatori bens\u00ec puntando alla loro conservazione, recupero, salvaguardia e, comunque, di richiamare l\u2019attenzione dell\u2019opinione pubblica sul consistente deterioramento cui era indirizzato uno di quelli che erano e sono considerati patrimoni storico-scientifici del Paese. E\u2019 in questo ambito che muove l\u2019avvio della catalogazione dei quadranti bellunesi (196 in tutto, dal primo, la chiesa parrocchiale di Agordo 1984, autore Antonio De Fanti, su lastra di marmo preesistente, con stilo e motto verticale rettangolare, in ottime condizioni; all\u2019ultimo: casa privata nella piazza santa Lucia a Vodo di Cadore, 1843 secondo quanto riportato sul quadrante, verticale rettangolare declinante a ovest, stilo normale, linee orarie francesi, in discrete condizioni \u2013 ndr.) &#8211; afferma Vanin \u2013 con una ricerca che via via si estese dagli aspetti puramente astronomici a quelli riguardanti la storia, l\u2019architettura, l\u2019arte, la geografia, l\u2019urbanistica locali. Nel libro sono esposti i risultati della ricerca &#8211; puntando a diffondere al massimo la considerazione, il rispetto, perch\u00e9 no, l\u2019amore, verso le meridiane da parte dell\u2019opinione pubblica locale, che passa per il mantenimento delle meridiane stesse, la loro tutela, la comprensione del loro funzionamento e persino delle modalit\u00e0 di progettazione e tracciamento, oltre che tentare di dimostrare che la presenza delle meridiane nel territorio \u00e8 utile per fornire indicazioni assai precise su molti aspetti legati alle conoscenze scientifiche locali, alla sensibilit\u00e0 ambientale delle genti, al tipo di riferimenti culturali presenti in loco. E poi &#8211; ancora &#8211; si intende far vedere che l\u2019utilit\u00e0 degli antichi strumenti astronomici pu\u00f2 essere ancora grande dal punto di vista didattico, nel mostrare con le linee tracciate sul quadro, i riferimenti fondamentali ai movimenti del nostro pianeta nel sistema solare. Non va trascurato un ulteriore obiettivo fondamentale: dimostrare come assolutamente condivisibile, una asserzione del citato Francesco Azzarita secondo il quale i quadranti solari sono \u201cbeni popolari per eccellenza, molto meglio, e in senso pi\u00f9 profondo, di altri manufatti di stampo prettamente artistico, come sculture o affreschi dato che un tracciato di meridiana pu\u00f2 attirare e interessare chiunque sia minimamente informato dell\u2019uso a cui era ed \u00e8 destinato un orologio solare\u201d. E le meridiane sono beni popolari anche perch\u00e9, spesso, sono state tracciate da gente qualunque, usando il metodo pi\u00f9 semplice, che \u00e8 quello di piantare sul muro un ferro e, nel corso dell\u2019anno, segnare le linee orarie tenendo come riferimento un orologio meccanico. A questo punto precisiamo che il libro \u201cLe meridiane bellunesi\u201d \u00e8 articolato nei seguenti capitoli: \u201cBreve storia degli orologi solari\u201d (I primordi, Il contributo greco, Gnomonica a Roma, Dal Medioevo all\u2019et\u00e0 moderna); \u201cStoria locale dei quadranti solari\u201d (Le meridiane pi\u00f9 antiche della provincia, Le antiche divisioni del giorno, Meridiane italiche e francesi, Tradizioni popolari, Gnomonisti bellunesi); \u201cCome funzionano le meridiane\u201d (Il cielo si proietta sulla terra, Effetti dei movimenti terrestri, La lettura delle meridiane); \u201cOmbre di esperto di comete, fotografo divulgatore); la copertina con la meridiana di una casa privata a Costa di Salesei di Livinallongo del Col di Lana; chiesa di Santo Stefano di Belluno, XVIII secolo; Seminario gregoriano bellunese, probabile XVIII secolo; villa Morassutti a Belluno, 1920 circa; casa bellunese; villa Murer a Salce, 1880; casa a Salce probabile XIX secolo; casa di Castoi; villa Giulia a Sagrogna; casa a Caleipo del 1884; villa Doglioni-Dal Mas a Limana, XIX secolo; villa a Triches, 1990; scuderia Bonesso a Mel, 1990; villa Rudio a Landris; villa Sandi a San Zenon; villa Alpago-Novello a Frontin, di epoca romana.<\/p>\n\n\t\t\t<style type='text\/css'>\n\t\t\t\t#gallery-6 {\n\t\t\t\t\tmargin: auto;\n\t\t\t\t}\n\t\t\t\t#gallery-6 .gallery-item {\n\t\t\t\t\tfloat: left;\n\t\t\t\t\tmargin-top: 10px;\n\t\t\t\t\ttext-align: center;\n\t\t\t\t\twidth: 16%;\n\t\t\t\t}\n\t\t\t\t#gallery-6 img {\n\t\t\t\t\tborder: 2px solid #cfcfcf;\n\t\t\t\t}\n\t\t\t\t#gallery-6 .gallery-caption {\n\t\t\t\t\tmargin-left: 0;\n\t\t\t\t}\n\t\t\t\t\/* see gallery_shortcode() in wp-includes\/media.php *\/\n\t\t\t<\/style>\n\t\t<div id='gallery-6' class='dt-gallery-container gallery galleryid-193782 gallery-columns-6 gallery-size-thumbnail'><dl class='gallery-item'>\n\t\t\t\t<dt class='gallery-icon landscape'>\n\t\t\t\t\t<a class=\"rollover rollover-zoom dt-pswp-item\" title=\"154971867_1422913111387212_7260381477365971839_n\" data-dt-img-description=\"\" data-large_image_width=\"2560\" data-large_image_height=\"1706\"href='https:\/\/www.radiopiu.net\/wordpress\/wp-content\/uploads\/2021\/02\/154971867_1422913111387212_7260381477365971839_n-scaled.jpg'><img loading=\"lazy\" decoding=\"async\" width=\"150\" height=\"150\" src=\"https:\/\/www.radiopiu.net\/wordpress\/wp-content\/uploads\/2021\/02\/154971867_1422913111387212_7260381477365971839_n-150x150.jpg\" class=\"attachment-thumbnail size-thumbnail\" alt=\"\" \/><\/a>\n\t\t\t\t<\/dt><\/dl><dl class='gallery-item'>\n\t\t\t\t<dt class='gallery-icon landscape'>\n\t\t\t\t\t<a class=\"rollover rollover-zoom dt-pswp-item\" title=\"154201341_1444888962515346_260006751568808208_n\" data-dt-img-description=\"\" data-large_image_width=\"2560\" data-large_image_height=\"1721\"href='https:\/\/www.radiopiu.net\/wordpress\/wp-content\/uploads\/2021\/02\/154201341_1444888962515346_260006751568808208_n-scaled.jpg'><img loading=\"lazy\" decoding=\"async\" width=\"150\" height=\"150\" src=\"https:\/\/www.radiopiu.net\/wordpress\/wp-content\/uploads\/2021\/02\/154201341_1444888962515346_260006751568808208_n-150x150.jpg\" class=\"attachment-thumbnail size-thumbnail\" alt=\"\" \/><\/a>\n\t\t\t\t<\/dt><\/dl><dl class='gallery-item'>\n\t\t\t\t<dt class='gallery-icon landscape'>\n\t\t\t\t\t<a class=\"rollover rollover-zoom dt-pswp-item\" title=\"154747574_152141196750916_9156747223327195804_n\" data-dt-img-description=\"\" data-large_image_width=\"2560\" data-large_image_height=\"1473\"href='https:\/\/www.radiopiu.net\/wordpress\/wp-content\/uploads\/2021\/02\/154747574_152141196750916_9156747223327195804_n-scaled.jpg'><img loading=\"lazy\" decoding=\"async\" width=\"150\" height=\"150\" src=\"https:\/\/www.radiopiu.net\/wordpress\/wp-content\/uploads\/2021\/02\/154747574_152141196750916_9156747223327195804_n-150x150.jpg\" class=\"attachment-thumbnail size-thumbnail\" alt=\"\" \/><\/a>\n\t\t\t\t<\/dt><\/dl><dl class='gallery-item'>\n\t\t\t\t<dt class='gallery-icon landscape'>\n\t\t\t\t\t<a class=\"rollover rollover-zoom dt-pswp-item\" title=\"154354921_171626108100419_7140872893569998523_n\" data-dt-img-description=\"\" data-large_image_width=\"2560\" data-large_image_height=\"1539\"href='https:\/\/www.radiopiu.net\/wordpress\/wp-content\/uploads\/2021\/02\/154354921_171626108100419_7140872893569998523_n-scaled.jpg'><img loading=\"lazy\" decoding=\"async\" width=\"150\" height=\"150\" src=\"https:\/\/www.radiopiu.net\/wordpress\/wp-content\/uploads\/2021\/02\/154354921_171626108100419_7140872893569998523_n-150x150.jpg\" class=\"attachment-thumbnail size-thumbnail\" alt=\"\" \/><\/a>\n\t\t\t\t<\/dt><\/dl><dl class='gallery-item'>\n\t\t\t\t<dt class='gallery-icon landscape'>\n\t\t\t\t\t<a class=\"rollover rollover-zoom dt-pswp-item\" title=\"154267475_234945281682930_1260749834593229418_n\" data-dt-img-description=\"\" data-large_image_width=\"2560\" data-large_image_height=\"2153\"href='https:\/\/www.radiopiu.net\/wordpress\/wp-content\/uploads\/2021\/02\/154267475_234945281682930_1260749834593229418_n-scaled.jpg'><img loading=\"lazy\" decoding=\"async\" width=\"150\" height=\"150\" src=\"https:\/\/www.radiopiu.net\/wordpress\/wp-content\/uploads\/2021\/02\/154267475_234945281682930_1260749834593229418_n-150x150.jpg\" class=\"attachment-thumbnail size-thumbnail\" alt=\"\" \/><\/a>\n\t\t\t\t<\/dt><\/dl><dl class='gallery-item'>\n\t\t\t\t<dt class='gallery-icon landscape'>\n\t\t\t\t\t<a class=\"rollover rollover-zoom dt-pswp-item\" title=\"154758181_236641301464265_9121873311375674301_n\" data-dt-img-description=\"\" data-large_image_width=\"2560\" data-large_image_height=\"1957\"href='https:\/\/www.radiopiu.net\/wordpress\/wp-content\/uploads\/2021\/02\/154758181_236641301464265_9121873311375674301_n-scaled.jpg'><img loading=\"lazy\" decoding=\"async\" width=\"150\" height=\"150\" src=\"https:\/\/www.radiopiu.net\/wordpress\/wp-content\/uploads\/2021\/02\/154758181_236641301464265_9121873311375674301_n-150x150.jpg\" class=\"attachment-thumbnail size-thumbnail\" alt=\"\" \/><\/a>\n\t\t\t\t<\/dt><\/dl><br style=\"clear: both\" \/><dl class='gallery-item'>\n\t\t\t\t<dt class='gallery-icon portrait'>\n\t\t\t\t\t<a class=\"rollover rollover-zoom dt-pswp-item\" title=\"154382463_258296649221266_4191215668350334721_n\" data-dt-img-description=\"\" data-large_image_width=\"312\" data-large_image_height=\"426\"href='https:\/\/www.radiopiu.net\/wordpress\/wp-content\/uploads\/2021\/02\/154382463_258296649221266_4191215668350334721_n.jpg'><img loading=\"lazy\" decoding=\"async\" width=\"150\" height=\"150\" src=\"https:\/\/www.radiopiu.net\/wordpress\/wp-content\/uploads\/2021\/02\/154382463_258296649221266_4191215668350334721_n-150x150.jpg\" class=\"attachment-thumbnail size-thumbnail\" alt=\"\" \/><\/a>\n\t\t\t\t<\/dt><\/dl><dl class='gallery-item'>\n\t\t\t\t<dt class='gallery-icon portrait'>\n\t\t\t\t\t<a class=\"rollover rollover-zoom dt-pswp-item\" title=\"154144488_270777131186581_9068241652056492667_n\" data-dt-img-description=\"\" data-large_image_width=\"2203\" data-large_image_height=\"2560\"href='https:\/\/www.radiopiu.net\/wordpress\/wp-content\/uploads\/2021\/02\/154144488_270777131186581_9068241652056492667_n-scaled.jpg'><img loading=\"lazy\" decoding=\"async\" width=\"150\" height=\"150\" src=\"https:\/\/www.radiopiu.net\/wordpress\/wp-content\/uploads\/2021\/02\/154144488_270777131186581_9068241652056492667_n-150x150.jpg\" class=\"attachment-thumbnail size-thumbnail\" alt=\"\" \/><\/a>\n\t\t\t\t<\/dt><\/dl><dl class='gallery-item'>\n\t\t\t\t<dt class='gallery-icon landscape'>\n\t\t\t\t\t<a class=\"rollover rollover-zoom dt-pswp-item\" title=\"154709444_2767271636919154_2058197833718820148_n\" data-dt-img-description=\"\" data-large_image_width=\"2073\" data-large_image_height=\"1382\"href='https:\/\/www.radiopiu.net\/wordpress\/wp-content\/uploads\/2021\/02\/154709444_2767271636919154_2058197833718820148_n.jpg'><img loading=\"lazy\" decoding=\"async\" width=\"150\" height=\"150\" src=\"https:\/\/www.radiopiu.net\/wordpress\/wp-content\/uploads\/2021\/02\/154709444_2767271636919154_2058197833718820148_n-150x150.jpg\" class=\"attachment-thumbnail size-thumbnail\" alt=\"\" \/><\/a>\n\t\t\t\t<\/dt><\/dl><dl class='gallery-item'>\n\t\t\t\t<dt class='gallery-icon landscape'>\n\t\t\t\t\t<a class=\"rollover rollover-zoom dt-pswp-item\" title=\"154932968_2882863245367529_3246068006892311926_n\" data-dt-img-description=\"\" data-large_image_width=\"2560\" data-large_image_height=\"1714\"href='https:\/\/www.radiopiu.net\/wordpress\/wp-content\/uploads\/2021\/02\/154932968_2882863245367529_3246068006892311926_n-scaled.jpg'><img loading=\"lazy\" decoding=\"async\" width=\"150\" height=\"150\" src=\"https:\/\/www.radiopiu.net\/wordpress\/wp-content\/uploads\/2021\/02\/154932968_2882863245367529_3246068006892311926_n-150x150.jpg\" class=\"attachment-thumbnail size-thumbnail\" alt=\"\" \/><\/a>\n\t\t\t\t<\/dt><\/dl><dl class='gallery-item'>\n\t\t\t\t<dt class='gallery-icon landscape'>\n\t\t\t\t\t<a class=\"rollover rollover-zoom dt-pswp-item\" title=\"154413269_359452328416668_243575727512681104_n\" data-dt-img-description=\"\" data-large_image_width=\"2560\" data-large_image_height=\"1665\"href='https:\/\/www.radiopiu.net\/wordpress\/wp-content\/uploads\/2021\/02\/154413269_359452328416668_243575727512681104_n-scaled.jpg'><img loading=\"lazy\" decoding=\"async\" width=\"150\" height=\"150\" src=\"https:\/\/www.radiopiu.net\/wordpress\/wp-content\/uploads\/2021\/02\/154413269_359452328416668_243575727512681104_n-150x150.jpg\" class=\"attachment-thumbnail size-thumbnail\" alt=\"\" \/><\/a>\n\t\t\t\t<\/dt><\/dl><dl class='gallery-item'>\n\t\t\t\t<dt class='gallery-icon landscape'>\n\t\t\t\t\t<a class=\"rollover rollover-zoom dt-pswp-item\" title=\"154661378_429547411660264_3665861032035149653_n\" data-dt-img-description=\"\" data-large_image_width=\"2560\" data-large_image_height=\"1582\"href='https:\/\/www.radiopiu.net\/wordpress\/wp-content\/uploads\/2021\/02\/154661378_429547411660264_3665861032035149653_n-scaled.jpg'><img loading=\"lazy\" decoding=\"async\" width=\"150\" height=\"150\" src=\"https:\/\/www.radiopiu.net\/wordpress\/wp-content\/uploads\/2021\/02\/154661378_429547411660264_3665861032035149653_n-150x150.jpg\" class=\"attachment-thumbnail size-thumbnail\" alt=\"\" \/><\/a>\n\t\t\t\t<\/dt><\/dl><br style=\"clear: both\" \/><dl class='gallery-item'>\n\t\t\t\t<dt class='gallery-icon landscape'>\n\t\t\t\t\t<a class=\"rollover rollover-zoom dt-pswp-item\" title=\"154137973_449042883177233_4987475867687240522_n\" data-dt-img-description=\"\" data-large_image_width=\"2560\" data-large_image_height=\"1752\"href='https:\/\/www.radiopiu.net\/wordpress\/wp-content\/uploads\/2021\/02\/154137973_449042883177233_4987475867687240522_n-scaled.jpg'><img loading=\"lazy\" decoding=\"async\" width=\"150\" height=\"150\" src=\"https:\/\/www.radiopiu.net\/wordpress\/wp-content\/uploads\/2021\/02\/154137973_449042883177233_4987475867687240522_n-150x150.jpg\" class=\"attachment-thumbnail size-thumbnail\" alt=\"\" \/><\/a>\n\t\t\t\t<\/dt><\/dl><dl class='gallery-item'>\n\t\t\t\t<dt class='gallery-icon landscape'>\n\t\t\t\t\t<a class=\"rollover rollover-zoom dt-pswp-item\" title=\"154608722_449062229548201_2398624171547824644_n\" data-dt-img-description=\"\" data-large_image_width=\"2560\" data-large_image_height=\"1809\"href='https:\/\/www.radiopiu.net\/wordpress\/wp-content\/uploads\/2021\/02\/154608722_449062229548201_2398624171547824644_n-scaled.jpg'><img loading=\"lazy\" decoding=\"async\" width=\"150\" height=\"150\" src=\"https:\/\/www.radiopiu.net\/wordpress\/wp-content\/uploads\/2021\/02\/154608722_449062229548201_2398624171547824644_n-150x150.jpg\" class=\"attachment-thumbnail size-thumbnail\" alt=\"\" \/><\/a>\n\t\t\t\t<\/dt><\/dl><dl class='gallery-item'>\n\t\t\t\t<dt class='gallery-icon landscape'>\n\t\t\t\t\t<a class=\"rollover rollover-zoom dt-pswp-item\" title=\"154137968_800208513913112_2223086944913523323_n\" data-dt-img-description=\"\" data-large_image_width=\"2560\" data-large_image_height=\"1683\"href='https:\/\/www.radiopiu.net\/wordpress\/wp-content\/uploads\/2021\/02\/154137968_800208513913112_2223086944913523323_n-scaled.jpg'><img loading=\"lazy\" decoding=\"async\" width=\"150\" height=\"150\" src=\"https:\/\/www.radiopiu.net\/wordpress\/wp-content\/uploads\/2021\/02\/154137968_800208513913112_2223086944913523323_n-150x150.jpg\" class=\"attachment-thumbnail size-thumbnail\" alt=\"\" \/><\/a>\n\t\t\t\t<\/dt><\/dl><dl class='gallery-item'>\n\t\t\t\t<dt class='gallery-icon landscape'>\n\t\t\t\t\t<a class=\"rollover rollover-zoom dt-pswp-item\" title=\"154899230_873335386822273_8627474740628513854_n\" data-dt-img-description=\"\" data-large_image_width=\"2560\" data-large_image_height=\"1896\"href='https:\/\/www.radiopiu.net\/wordpress\/wp-content\/uploads\/2021\/02\/154899230_873335386822273_8627474740628513854_n-scaled.jpg'><img loading=\"lazy\" decoding=\"async\" width=\"150\" height=\"150\" src=\"https:\/\/www.radiopiu.net\/wordpress\/wp-content\/uploads\/2021\/02\/154899230_873335386822273_8627474740628513854_n-150x150.jpg\" class=\"attachment-thumbnail size-thumbnail\" alt=\"\" \/><\/a>\n\t\t\t\t<\/dt><\/dl><dl class='gallery-item'>\n\t\t\t\t<dt class='gallery-icon landscape'>\n\t\t\t\t\t<a class=\"rollover rollover-zoom dt-pswp-item\" title=\"154485476_1165181360567538_5061506859610506580_n\" data-dt-img-description=\"\" data-large_image_width=\"2560\" data-large_image_height=\"1753\"href='https:\/\/www.radiopiu.net\/wordpress\/wp-content\/uploads\/2021\/02\/154485476_1165181360567538_5061506859610506580_n-scaled.jpg'><img loading=\"lazy\" decoding=\"async\" width=\"150\" height=\"150\" src=\"https:\/\/www.radiopiu.net\/wordpress\/wp-content\/uploads\/2021\/02\/154485476_1165181360567538_5061506859610506580_n-150x150.jpg\" class=\"attachment-thumbnail size-thumbnail\" alt=\"\" \/><\/a>\n\t\t\t\t<\/dt><\/dl>\n\t\t\t\t<br style='clear: both' \/>\n\t\t\t<\/div>\n\n<p>&nbsp;<\/p>\n<hr \/>\n<p>&nbsp;<\/p>\n<blockquote>\n<h2>CASSA SOLIDARIET\u00c0 LUXOTTICA<\/h2>\n<\/blockquote>\n<h3><strong><span style=\"color: #ff0000;\">IL NUMERO DI FEBBRAIO CON PAOLO CHISSALE&#8217; E FABRIZIO CAMPEDEL\u00a0\u00a0<\/span><\/strong><\/h3>\n<audio class=\"wp-audio-shortcode\" id=\"audio-193782-6\" preload=\"none\" style=\"width: 100%;\" controls=\"controls\"><source type=\"audio\/mpeg\" src=\"https:\/\/www.radiopiu.net\/wordpress\/wp-content\/uploads\/2021\/02\/ca-sol-lux-febbraio.mp3?_=6\" \/><a href=\"https:\/\/www.radiopiu.net\/wordpress\/wp-content\/uploads\/2021\/02\/ca-sol-lux-febbraio.mp3\">https:\/\/www.radiopiu.net\/wordpress\/wp-content\/uploads\/2021\/02\/ca-sol-lux-febbraio.mp3<\/a><\/audio>\n<blockquote>\n<h2>RACCOLTA COMPLETA<\/h2>\n<\/blockquote>\n<blockquote class=\"wp-embedded-content\" data-secret=\"bmHuS5LXvX\"><p><a href=\"https:\/\/www.radiopiu.net\/wordpress\/cassa-solidarieta-luxottica-puntata-del-16-ottobre-2020\/\">CASSA SOLIDARIET\u00c0 LUXOTTICA &#8211; PUNTATA DEL 20 NOVEMBRE 2020<\/a><\/p><\/blockquote>\n<p><iframe loading=\"lazy\" class=\"wp-embedded-content\" sandbox=\"allow-scripts\" security=\"restricted\" style=\"position: absolute; clip: rect(1px, 1px, 1px, 1px);\" title=\"&#8220;CASSA SOLIDARIET\u00c0 LUXOTTICA &#8211; PUNTATA DEL 20 NOVEMBRE 2020&#8221; &#8212; Radio Pi\u00f9\" src=\"https:\/\/www.radiopiu.net\/wordpress\/cassa-solidarieta-luxottica-puntata-del-16-ottobre-2020\/embed\/#?secret=bmHuS5LXvX\" data-secret=\"bmHuS5LXvX\" width=\"600\" height=\"338\" frameborder=\"0\" marginwidth=\"0\" marginheight=\"0\" scrolling=\"no\"><\/iframe><\/p>\n<div>\n<p>&nbsp;<\/p>\n<p>&nbsp;<\/p>\n<hr \/>\n<p>&nbsp;<\/p>\n<blockquote>\n<h3><a href=\"https:\/\/www.radiopiu.net\/wordpress\/giornale-radiopiu-06-febbraio-2019-direttore-mirko-mezzacasa\/logo_spi-cgil-800x445\/\" rel=\"attachment wp-att-75538\"><img loading=\"lazy\" decoding=\"async\" class=\"wp-image-75538 alignleft\" src=\"https:\/\/www.radiopiu.net\/wordpress\/wp-content\/uploads\/2019\/02\/Logo_Spi-CGIL-800x445-300x167.jpg\" alt=\"\" width=\"210\" height=\"117\" srcset=\"https:\/\/www.radiopiu.net\/wordpress\/wp-content\/uploads\/2019\/02\/Logo_Spi-CGIL-800x445-300x167.jpg 300w, https:\/\/www.radiopiu.net\/wordpress\/wp-content\/uploads\/2019\/02\/Logo_Spi-CGIL-800x445-768x427.jpg 768w, https:\/\/www.radiopiu.net\/wordpress\/wp-content\/uploads\/2019\/02\/Logo_Spi-CGIL-800x445.jpg 800w\" sizes=\"auto, (max-width: 210px) 100vw, 210px\" \/><\/a>ALLA RADIO, APPUNTAMENTO QUINDICINALE CON SPI-CGIL BELLUNO, IN STUDIO MARIA RITA GENTILIN<\/h3>\n<\/blockquote>\n<p><strong>di Claudio Fontanive<\/strong><\/p>\n<audio class=\"wp-audio-shortcode\" id=\"audio-193782-7\" preload=\"none\" style=\"width: 100%;\" controls=\"controls\"><source type=\"audio\/mpeg\" src=\"https:\/\/www.radiopiu.net\/wordpress\/wp-content\/uploads\/2021\/02\/spi-cgil-18-febbraio.mp3?_=7\" \/><a href=\"https:\/\/www.radiopiu.net\/wordpress\/wp-content\/uploads\/2021\/02\/spi-cgil-18-febbraio.mp3\">https:\/\/www.radiopiu.net\/wordpress\/wp-content\/uploads\/2021\/02\/spi-cgil-18-febbraio.mp3<\/a><\/audio>\n<p>&nbsp;<\/p>\n<p>&nbsp;<\/p>\n<hr \/>\n<p>&nbsp;<\/p>\n<p><span style=\"color: #ff0000;\"><a href=\"https:\/\/www.radiopiu.net\/wordpress\/giornale-radiopiu-25-febbraio-2021-direttore-mirko-mezzacasa\/84168586_3724582740900333_7440029064968011776_n\/\" rel=\"attachment wp-att-193399\"><img loading=\"lazy\" decoding=\"async\" class=\"wp-image-193399 alignleft\" src=\"https:\/\/www.radiopiu.net\/wordpress\/wp-content\/uploads\/2021\/02\/84168586_3724582740900333_7440029064968011776_n.jpg\" alt=\"\" width=\"143\" height=\"141\" \/><\/a>\u00a0<\/span><\/p>\n<p><strong>CISL LA VOCE DEI LAVORATORI<\/strong><\/p>\n<p><em>con Paolo Chissal\u00e8 e la Segretaria Femca Cisl Milena Cesca\u00a0<\/em><\/p>\n<audio class=\"wp-audio-shortcode\" id=\"audio-193782-8\" preload=\"none\" style=\"width: 100%;\" controls=\"controls\"><source type=\"audio\/mpeg\" src=\"https:\/\/www.radiopiu.net\/wordpress\/wp-content\/uploads\/2021\/02\/CISL-1.mp3?_=8\" \/><a href=\"https:\/\/www.radiopiu.net\/wordpress\/wp-content\/uploads\/2021\/02\/CISL-1.mp3\">https:\/\/www.radiopiu.net\/wordpress\/wp-content\/uploads\/2021\/02\/CISL-1.mp3<\/a><\/audio>\n<p>&nbsp;<\/p>\n<p>&nbsp;<\/p>\n<hr \/>\n<p>&nbsp;<\/p>\n<blockquote>\n<h2><a href=\"https:\/\/www.radiopiu.net\/wordpress\/speciale-solidarieta-veneto\/solidarieta-veneto-3\/\" rel=\"attachment wp-att-134366\"><img loading=\"lazy\" decoding=\"async\" class=\"wp-image-134366 alignleft\" src=\"https:\/\/www.radiopiu.net\/wordpress\/wp-content\/uploads\/2020\/05\/solidariet\u00e0-veneto-300x210.jpg\" alt=\"\" width=\"102\" height=\"71\" srcset=\"https:\/\/www.radiopiu.net\/wordpress\/wp-content\/uploads\/2020\/05\/solidariet\u00e0-veneto-300x210.jpg 300w, https:\/\/www.radiopiu.net\/wordpress\/wp-content\/uploads\/2020\/05\/solidariet\u00e0-veneto-1024x717.jpg 1024w, https:\/\/www.radiopiu.net\/wordpress\/wp-content\/uploads\/2020\/05\/solidariet\u00e0-veneto-768x538.jpg 768w, https:\/\/www.radiopiu.net\/wordpress\/wp-content\/uploads\/2020\/05\/solidariet\u00e0-veneto.jpg 1373w\" sizes=\"auto, (max-width: 102px) 100vw, 102px\" \/><\/a>SOLIDARIETA&#8217; VENETO FONDO PENSIONE, IN ONDA IL PRIMO VENERDI DEL MESE ALLE 10.30 E ALLE 19.00 QUINTA STAGIONE<\/h2>\n<\/blockquote>\n<p><strong>AUDIO FEBBRAIO 2021<\/strong><\/p>\n<audio class=\"wp-audio-shortcode\" id=\"audio-193782-9\" preload=\"none\" style=\"width: 100%;\" controls=\"controls\"><source type=\"audio\/mpeg\" src=\"https:\/\/www.radiopiu.net\/wordpress\/wp-content\/uploads\/2021\/02\/solidarieta-veneto-febbraio.mp3?_=9\" \/><a href=\"https:\/\/www.radiopiu.net\/wordpress\/wp-content\/uploads\/2021\/02\/solidarieta-veneto-febbraio.mp3\">https:\/\/www.radiopiu.net\/wordpress\/wp-content\/uploads\/2021\/02\/solidarieta-veneto-febbraio.mp3<\/a><\/audio>\n<blockquote>\n<h2>RACCOLTA COMPLETA<\/h2>\n<\/blockquote>\n<blockquote class=\"wp-embedded-content\" data-secret=\"YcUziRZBjO\"><p><a href=\"https:\/\/www.radiopiu.net\/wordpress\/solidarieta-veneto\/\">Solidariet\u00e0 Veneto<\/a><\/p><\/blockquote>\n<p><iframe loading=\"lazy\" class=\"wp-embedded-content\" sandbox=\"allow-scripts\" security=\"restricted\" style=\"position: absolute; clip: rect(1px, 1px, 1px, 1px);\" title=\"&#8220;Solidariet\u00e0 Veneto&#8221; &#8212; Radio Pi\u00f9\" src=\"https:\/\/www.radiopiu.net\/wordpress\/solidarieta-veneto\/embed\/#?secret=YcUziRZBjO\" data-secret=\"YcUziRZBjO\" width=\"600\" height=\"338\" frameborder=\"0\" marginwidth=\"0\" marginheight=\"0\" scrolling=\"no\"><\/iframe><\/p>\n<p>&nbsp;<\/p>\n<p>&nbsp;<\/p>\n<\/div>\n<p>&nbsp;<\/p>\n<hr \/>\n<div>\n<h2><span style=\"color: #000080;\"><a class=\"dt-pswp-item\" href=\"https:\/\/www.radiopiu.net\/wordpress\/wp-content\/uploads\/2020\/10\/pp.jpg\" data-dt-img-description=\"\" data-large_image_width=\"640\" data-large_image_height=\"640\"><img loading=\"lazy\" decoding=\"async\" class=\"wp-image-163678 alignleft\" src=\"https:\/\/www.radiopiu.net\/wordpress\/wp-content\/uploads\/2020\/10\/pp-300x300.jpg\" alt=\"\" width=\"106\" height=\"106\" srcset=\"https:\/\/www.radiopiu.net\/wordpress\/wp-content\/uploads\/2020\/10\/pp-300x300.jpg 300w, https:\/\/www.radiopiu.net\/wordpress\/wp-content\/uploads\/2020\/10\/pp-150x150.jpg 150w, https:\/\/www.radiopiu.net\/wordpress\/wp-content\/uploads\/2020\/10\/pp-125x125.jpg 125w, https:\/\/www.radiopiu.net\/wordpress\/wp-content\/uploads\/2020\/10\/pp-200x200.jpg 200w, https:\/\/www.radiopiu.net\/wordpress\/wp-content\/uploads\/2020\/10\/pp-80x80.jpg 80w, https:\/\/www.radiopiu.net\/wordpress\/wp-content\/uploads\/2020\/10\/pp-480x480.jpg 480w, https:\/\/www.radiopiu.net\/wordpress\/wp-content\/uploads\/2020\/10\/pp.jpg 640w\" sizes=\"auto, (max-width: 106px) 100vw, 106px\" \/><\/a><\/span><\/h2>\n<h2><span style=\"color: #000080;\">DON CESARE, IL PENSIERO DEL GIORNO. ALLA RADIO ALLE 7 DEL MATTINO E ALLE 19.30 DELLA SERA.\u00a0\u00a0<\/span><\/h2>\n<p>&nbsp;<\/p>\n<\/div>\n<p>&nbsp;<\/p>\n<audio class=\"wp-audio-shortcode\" id=\"audio-193782-10\" preload=\"none\" style=\"width: 100%;\" controls=\"controls\"><source type=\"audio\/mpeg\" src=\"https:\/\/www.radiopiu.net\/wordpress\/wp-content\/uploads\/2021\/02\/cesare-12.mp3?_=10\" \/><a href=\"https:\/\/www.radiopiu.net\/wordpress\/wp-content\/uploads\/2021\/02\/cesare-12.mp3\">https:\/\/www.radiopiu.net\/wordpress\/wp-content\/uploads\/2021\/02\/cesare-12.mp3<\/a><\/audio>\n<p>&nbsp;<\/p>\n<hr \/>\n<p>&nbsp;<\/p>\n<blockquote>\n<h2>FANTASTICHE DOLOMITI, NUOVA STAGIONE. APPUNTAMENTO QUINDICINALE IL GIOVEDI ALLE 10.30 E 19.00<\/h2>\n<\/blockquote>\n<p><span style=\"color: #000000;\"><strong><img loading=\"lazy\" decoding=\"async\" class=\"alignleft\" src=\"https:\/\/www.radiopiu.net\/wordpress\/wp-content\/uploads\/2017\/10\/logo-fantastiche-dolomiti-300x113.jpg\" width=\"181\" height=\"68\" \/>LA NUOVA PUNTATA i corsi di formazione della Fondazione 11 FEBBRAIO 2021<\/strong><\/span><\/p>\n<h2><span style=\"color: #ff0000;\">PUNTATA 10 ,<\/span><\/h2>\n<p><strong>OSPITE IL PRESIDENTE CLAUDIO CANOVA<\/strong><\/p>\n<audio class=\"wp-audio-shortcode\" id=\"audio-193782-11\" preload=\"none\" style=\"width: 100%;\" controls=\"controls\"><source type=\"audio\/mpeg\" src=\"https:\/\/www.radiopiu.net\/wordpress\/wp-content\/uploads\/2021\/02\/fantastiche-dolomiti-25-febbraio.mp3?_=11\" \/><a href=\"https:\/\/www.radiopiu.net\/wordpress\/wp-content\/uploads\/2021\/02\/fantastiche-dolomiti-25-febbraio.mp3\">https:\/\/www.radiopiu.net\/wordpress\/wp-content\/uploads\/2021\/02\/fantastiche-dolomiti-25-febbraio.mp3<\/a><\/audio>\n<h3>LA RACCOLTA COMPLETA<\/h3>\n<blockquote class=\"wp-embedded-content\" data-secret=\"bzyGXhZl9O\"><p><a href=\"https:\/\/www.radiopiu.net\/wordpress\/raccolta-completa\/\">FANTASTICHE DOLOMITI 10^ PUNTATA: IL QUINDICINALE APPUNTAMENTO ALLA RADIO<\/a><\/p><\/blockquote>\n<p><iframe loading=\"lazy\" class=\"wp-embedded-content\" sandbox=\"allow-scripts\" security=\"restricted\" style=\"position: absolute; clip: rect(1px, 1px, 1px, 1px);\" title=\"&#8220;FANTASTICHE DOLOMITI 10^ PUNTATA: IL QUINDICINALE APPUNTAMENTO ALLA RADIO&#8221; &#8212; Radio Pi\u00f9\" src=\"https:\/\/www.radiopiu.net\/wordpress\/raccolta-completa\/embed\/#?secret=bzyGXhZl9O\" data-secret=\"bzyGXhZl9O\" width=\"600\" height=\"338\" frameborder=\"0\" marginwidth=\"0\" marginheight=\"0\" scrolling=\"no\"><\/iframe><\/p>\n<p>&nbsp;<\/p>\n<p>&nbsp;<\/p>\n<hr \/>\n<p>&nbsp;<\/p>\n<blockquote>\n<h3>PER LA PRIMA VOLTA: COPPA DEL MONDO DI SCI SULLA &#8220;VOLATA&#8221;<\/h3>\n<\/blockquote>\n<p><strong><a href=\"https:\/\/www.radiopiu.net\/wordpress\/giornale-radiopiu-25-febbraio-2021-direttore-mirko-mezzacasa\/1081_la-volata\/\" rel=\"attachment wp-att-193587\"><img loading=\"lazy\" decoding=\"async\" class=\"wp-image-193587 alignleft\" src=\"https:\/\/www.radiopiu.net\/wordpress\/wp-content\/uploads\/2021\/02\/1081_La-VolatA-300x206.jpg\" alt=\"\" width=\"157\" height=\"108\" srcset=\"https:\/\/www.radiopiu.net\/wordpress\/wp-content\/uploads\/2021\/02\/1081_La-VolatA-300x206.jpg 300w, https:\/\/www.radiopiu.net\/wordpress\/wp-content\/uploads\/2021\/02\/1081_La-VolatA-1024x704.jpg 1024w, https:\/\/www.radiopiu.net\/wordpress\/wp-content\/uploads\/2021\/02\/1081_La-VolatA-768x528.jpg 768w, https:\/\/www.radiopiu.net\/wordpress\/wp-content\/uploads\/2021\/02\/1081_La-VolatA.jpg 1081w\" sizes=\"auto, (max-width: 157px) 100vw, 157px\" \/><\/a>PUNTATA 3 Ospite Mattia Giongo, direttore pista La Volata<\/strong><\/p>\n<p>&nbsp;<\/p>\n<audio class=\"wp-audio-shortcode\" id=\"audio-193782-12\" preload=\"none\" style=\"width: 100%;\" controls=\"controls\"><source type=\"audio\/mpeg\" src=\"https:\/\/www.radiopiu.net\/wordpress\/wp-content\/uploads\/2021\/02\/mattia-giongo-direttore-pista-la-volata.mp3?_=12\" \/><a href=\"https:\/\/www.radiopiu.net\/wordpress\/wp-content\/uploads\/2021\/02\/mattia-giongo-direttore-pista-la-volata.mp3\">https:\/\/www.radiopiu.net\/wordpress\/wp-content\/uploads\/2021\/02\/mattia-giongo-direttore-pista-la-volata.mp3<\/a><\/audio>\n<blockquote>\n<h3 style=\"text-align: center;\">LA RACCOLTA COMPLETA<\/h3>\n<blockquote class=\"wp-embedded-content\" data-secret=\"HIyChjYGah\"><p><a href=\"https:\/\/www.radiopiu.net\/wordpress\/per-la-prima-volta-coppa-del-mondo-di-sci-sulla-volata\/\">PER LA PRIMA VOLTA: COPPA DEL MONDO DI SCI SULLA &#8220;VOLATA&#8221;<\/a><\/p><\/blockquote>\n<p><iframe loading=\"lazy\" class=\"wp-embedded-content\" sandbox=\"allow-scripts\" security=\"restricted\" style=\"position: absolute; clip: rect(1px, 1px, 1px, 1px);\" title=\"&#8220;PER LA PRIMA VOLTA: COPPA DEL MONDO DI SCI SULLA &#8220;VOLATA&#8221;&#8221; &#8212; Radio Pi\u00f9\" src=\"https:\/\/www.radiopiu.net\/wordpress\/per-la-prima-volta-coppa-del-mondo-di-sci-sulla-volata\/embed\/#?secret=HIyChjYGah\" data-secret=\"HIyChjYGah\" width=\"600\" height=\"338\" frameborder=\"0\" marginwidth=\"0\" marginheight=\"0\" scrolling=\"no\"><\/iframe><\/p>\n<p>&nbsp;<\/p>\n<p>&nbsp;<\/p><\/blockquote>\n<hr \/>\n<blockquote>\n<h2><span style=\"color: #ff0000;\">\u00a0<\/span><\/h2>\n<h2><span style=\"color: #ff0000;\">ALLA RADIO<\/span><\/h2>\n<h2><a href=\"https:\/\/www.radiopiu.net\/wordpress\/erbe-e-piante-curative-quarta-puntata\/eucalipto\/\" rel=\"attachment wp-att-193216\"><img loading=\"lazy\" decoding=\"async\" class=\" wp-image-193216 alignleft\" src=\"https:\/\/www.radiopiu.net\/wordpress\/wp-content\/uploads\/2021\/02\/EUCALIPTO-300x300.jpg\" alt=\"\" width=\"60\" height=\"60\" srcset=\"https:\/\/www.radiopiu.net\/wordpress\/wp-content\/uploads\/2021\/02\/EUCALIPTO-300x300.jpg 300w, https:\/\/www.radiopiu.net\/wordpress\/wp-content\/uploads\/2021\/02\/EUCALIPTO-1024x1024.jpg 1024w, https:\/\/www.radiopiu.net\/wordpress\/wp-content\/uploads\/2021\/02\/EUCALIPTO-150x150.jpg 150w, https:\/\/www.radiopiu.net\/wordpress\/wp-content\/uploads\/2021\/02\/EUCALIPTO-768x768.jpg 768w, https:\/\/www.radiopiu.net\/wordpress\/wp-content\/uploads\/2021\/02\/EUCALIPTO-1536x1536.jpg 1536w, https:\/\/www.radiopiu.net\/wordpress\/wp-content\/uploads\/2021\/02\/EUCALIPTO.jpg 1920w\" sizes=\"auto, (max-width: 60px) 100vw, 60px\" \/><\/a><\/h2>\n<h2><span style=\"color: #008000;\">ERBE E PIANTE CURATIVE&#8230;IL NUOVO PROGRAMMA DI PAOLA LANCIATO<\/span><\/h2>\n<p>&nbsp;<\/p>\n<p><strong>QUARTA PUNTATA &#8211; L&#8217;EUCALIPTO \u00a0<\/strong><\/p><\/blockquote>\n<blockquote><audio class=\"wp-audio-shortcode\" id=\"audio-193782-13\" preload=\"none\" style=\"width: 100%;\" controls=\"controls\"><source type=\"audio\/mpeg\" src=\"https:\/\/www.radiopiu.net\/wordpress\/wp-content\/uploads\/2021\/02\/4-Leucalipto-M.mp3?_=13\" \/><a href=\"https:\/\/www.radiopiu.net\/wordpress\/wp-content\/uploads\/2021\/02\/4-Leucalipto-M.mp3\">https:\/\/www.radiopiu.net\/wordpress\/wp-content\/uploads\/2021\/02\/4-Leucalipto-M.mp3<\/a><\/audio>\n<p><strong>LA RACCOLTA COMPLETA<\/strong><\/p>\n<blockquote class=\"wp-embedded-content\" data-secret=\"s4jwXr2rUY\"><p><a href=\"https:\/\/www.radiopiu.net\/wordpress\/erbe-e-piante-curative\/\">ERBE E PIANTE CURATIVE<\/a><\/p><\/blockquote>\n<p><iframe loading=\"lazy\" class=\"wp-embedded-content\" sandbox=\"allow-scripts\" security=\"restricted\" style=\"position: absolute; clip: rect(1px, 1px, 1px, 1px);\" title=\"&#8220;ERBE E PIANTE CURATIVE&#8221; &#8212; Radio Pi\u00f9\" src=\"https:\/\/www.radiopiu.net\/wordpress\/erbe-e-piante-curative\/embed\/#?secret=s4jwXr2rUY\" data-secret=\"s4jwXr2rUY\" width=\"600\" height=\"338\" frameborder=\"0\" marginwidth=\"0\" marginheight=\"0\" scrolling=\"no\"><\/iframe><\/p>\n<p>&nbsp;<\/p><\/blockquote>\n<blockquote><p>&nbsp;<\/p><\/blockquote>\n<p>&nbsp;<\/p>\n<hr \/>\n<blockquote><p>&nbsp;<\/p>\n<blockquote>\n<div>\n<h2><span style=\"color: #ff0000;\">ALLA RADIO<\/span><\/h2>\n<h2><strong>LE\u00a0 PUNTATE di Luisa Alchini di Leggermente Bellunesi, la domenica alle 11, <span style=\"color: #0000ff;\">IL MARTEDI IN PRIMA EDIZIONE\u00a0<\/span> alle 10.30 e alle 19.00<\/strong><\/h2>\n<p><strong><a href=\"https:\/\/www.radiopiu.net\/wordpress\/legger-mente-bellunesi-puntata-del-23-febbraio-2021\/152570613_1593331434188251_7871817895016381530_o\/\" rel=\"attachment wp-att-193220\"><img loading=\"lazy\" decoding=\"async\" class=\" wp-image-193220 alignleft\" src=\"https:\/\/www.radiopiu.net\/wordpress\/wp-content\/uploads\/2021\/02\/152570613_1593331434188251_7871817895016381530_o-192x300.jpg\" alt=\"\" width=\"55\" height=\"86\" srcset=\"https:\/\/www.radiopiu.net\/wordpress\/wp-content\/uploads\/2021\/02\/152570613_1593331434188251_7871817895016381530_o-192x300.jpg 192w, https:\/\/www.radiopiu.net\/wordpress\/wp-content\/uploads\/2021\/02\/152570613_1593331434188251_7871817895016381530_o-655x1024.jpg 655w, https:\/\/www.radiopiu.net\/wordpress\/wp-content\/uploads\/2021\/02\/152570613_1593331434188251_7871817895016381530_o.jpg 748w\" sizes=\"auto, (max-width: 55px) 100vw, 55px\" \/><\/a><\/strong><\/p>\n<p>&nbsp;<\/p>\n<p>&nbsp;<\/p>\n<p>L&#8217;autore della settimana \u00e8 Gino Miana e i suoi &#8220;colorati&#8221; racconti<\/p>\n<audio class=\"wp-audio-shortcode\" id=\"audio-193782-14\" preload=\"none\" style=\"width: 100%;\" controls=\"controls\"><source type=\"audio\/mpeg\" src=\"https:\/\/www.radiopiu.net\/wordpress\/wp-content\/uploads\/2021\/02\/19leggermenteginomiana2021.mp3?_=14\" \/><a href=\"https:\/\/www.radiopiu.net\/wordpress\/wp-content\/uploads\/2021\/02\/19leggermenteginomiana2021.mp3\">https:\/\/www.radiopiu.net\/wordpress\/wp-content\/uploads\/2021\/02\/19leggermenteginomiana2021.mp3<\/a><\/audio>\n<h2><strong style=\"font-size: 14px;\"><span style=\"color: #000000;\">RACCOLTA COMPLETA<\/span><\/strong><\/h2>\n<\/div>\n<blockquote class=\"wp-embedded-content\" data-secret=\"jTymz6zmH9\"><p><a href=\"https:\/\/www.radiopiu.net\/wordpress\/leggermente-20\/\">LEGGERmente&#8230;Bellunesi<\/a><\/p><\/blockquote>\n<p><iframe loading=\"lazy\" class=\"wp-embedded-content\" sandbox=\"allow-scripts\" security=\"restricted\" style=\"position: absolute; clip: rect(1px, 1px, 1px, 1px);\" title=\"&#8220;LEGGERmente&#8230;Bellunesi&#8221; &#8212; Radio Pi\u00f9\" src=\"https:\/\/www.radiopiu.net\/wordpress\/leggermente-20\/embed\/#?secret=jTymz6zmH9\" data-secret=\"jTymz6zmH9\" width=\"600\" height=\"338\" frameborder=\"0\" marginwidth=\"0\" marginheight=\"0\" scrolling=\"no\"><\/iframe><\/p>\n<p>&nbsp;<\/p>\n<hr \/>\n<\/blockquote>\n<h2><\/h2>\n<h3 class=\"kvgmc6g5 cxmmr5t8 oygrvhab hcukyx3x c1et5uql\"><span style=\"color: #0000ff;\">INFORMAZIONE il canale su TELEGRAM informazione di prima mano e in tempo reale. iscriviti ed aiutaci a farlo conoscere\u00a0<\/span><\/h3>\n<h2>007 IN CONDOTTA CON LA PROF. MARIA ROSA SALMAZO IL LUNEDI ALLE 10,30 E ALLE 19.00 LA DOMENICA ALLE 8 DEL <img loading=\"lazy\" decoding=\"async\" class=\"alignleft\" src=\"https:\/\/www.radiopiu.net\/wordpress\/wp-content\/uploads\/2021\/02\/sci.jpg\" width=\"162\" height=\"108\" \/>MATTINO. NONA STAGIONE<\/h2>\n<p><strong>LA PUNTATA DELLA SETTIMANA Scuola e sport<\/strong><\/p>\n<audio class=\"wp-audio-shortcode\" id=\"audio-193782-15\" preload=\"none\" style=\"width: 100%;\" controls=\"controls\"><source type=\"audio\/mpeg\" src=\"https:\/\/www.radiopiu.net\/wordpress\/wp-content\/uploads\/2021\/02\/007-22-febbraio.mp3?_=15\" \/><a href=\"https:\/\/www.radiopiu.net\/wordpress\/wp-content\/uploads\/2021\/02\/007-22-febbraio.mp3\">https:\/\/www.radiopiu.net\/wordpress\/wp-content\/uploads\/2021\/02\/007-22-febbraio.mp3<\/a><\/audio>\n<h2>LA RACCOLTA COMPLETA<\/h2>\n<blockquote class=\"wp-embedded-content\" data-secret=\"nIKTu2G9lS\"><p><a href=\"https:\/\/www.radiopiu.net\/wordpress\/007incondotta-9\/\">007 in condotta<\/a><\/p><\/blockquote>\n<p><iframe loading=\"lazy\" class=\"wp-embedded-content\" sandbox=\"allow-scripts\" security=\"restricted\" style=\"position: absolute; clip: rect(1px, 1px, 1px, 1px);\" title=\"&#8220;007 in condotta&#8221; &#8212; Radio Pi\u00f9\" src=\"https:\/\/www.radiopiu.net\/wordpress\/007incondotta-9\/embed\/#?secret=nIKTu2G9lS\" data-secret=\"nIKTu2G9lS\" width=\"600\" height=\"338\" frameborder=\"0\" marginwidth=\"0\" marginheight=\"0\" scrolling=\"no\"><\/iframe><\/p>\n<p>&nbsp;<\/p>\n<p>&nbsp;<\/p>\n<p>&nbsp;<\/p><\/blockquote>\n<hr \/>\n<p>&nbsp;<\/p>\n<div>\n<h2><span style=\"color: #33cccc;\">I RACCONTI DI PAOLO SOPPELSA il lunedi alle 9.30 e 18.30<\/span><\/h2>\n<blockquote class=\"wp-embedded-content\" data-secret=\"7J2KewDkRd\"><p><a href=\"https:\/\/www.radiopiu.net\/wordpress\/i-racconti-di-paolo-soppelsa-sessantatreesima-puntata\/\">I RACCONTI DI PAOLO SOPPELSA SESSANTATREESIMA PUNTATA<\/a><\/p><\/blockquote>\n<p><iframe loading=\"lazy\" class=\"wp-embedded-content\" sandbox=\"allow-scripts\" security=\"restricted\" style=\"position: absolute; clip: rect(1px, 1px, 1px, 1px);\" title=\"&#8220;I RACCONTI DI PAOLO SOPPELSA SESSANTATREESIMA PUNTATA&#8221; &#8212; Radio Pi\u00f9\" src=\"https:\/\/www.radiopiu.net\/wordpress\/i-racconti-di-paolo-soppelsa-sessantatreesima-puntata\/embed\/#?secret=7J2KewDkRd\" data-secret=\"7J2KewDkRd\" width=\"600\" height=\"338\" frameborder=\"0\" marginwidth=\"0\" marginheight=\"0\" scrolling=\"no\"><\/iframe><\/p>\n<h3 class=\"kvgmc6g5 cxmmr5t8 oygrvhab hcukyx3x c1et5uql\"><span style=\"color: #0000ff;\">INFORMAZIONE il canale su TELEGRAM informazione di prima mano e in tempo reale. iscriviti ed aiutaci a farlo conoscere\u00a0<\/span><\/h3>\n<h2><span style=\"color: #33cccc;\"><strong>RACCOLTA COMPLETA<\/strong><\/span><\/h2>\n<blockquote class=\"wp-embedded-content\" data-secret=\"DW2ObMZYJJ\"><p><a href=\"https:\/\/www.radiopiu.net\/wordpress\/i-racconti-di-paolo-soppelsa\/\">I racconti di Paolo Soppelsa<\/a><\/p><\/blockquote>\n<p><iframe loading=\"lazy\" class=\"wp-embedded-content\" sandbox=\"allow-scripts\" security=\"restricted\" style=\"position: absolute; clip: rect(1px, 1px, 1px, 1px);\" title=\"&#8220;I racconti di Paolo Soppelsa&#8221; &#8212; Radio Pi\u00f9\" src=\"https:\/\/www.radiopiu.net\/wordpress\/i-racconti-di-paolo-soppelsa\/embed\/#?secret=DW2ObMZYJJ\" data-secret=\"DW2ObMZYJJ\" width=\"600\" height=\"338\" frameborder=\"0\" marginwidth=\"0\" marginheight=\"0\" scrolling=\"no\"><\/iframe><\/p>\n<\/div>\n<p>&nbsp;<\/p>\n<hr \/>\n<p>&nbsp;<\/p>\n<h2><\/h2>\n<h2><span style=\"color: #ff0000;\"><a href=\"https:\/\/www.radiopiu.net\/wordpress\/giornale-radiopiu-05-gennaio-2021-direttore-mirko-mezzacasa\/133200401_100838761953611_1258544160541445132_o-2\/\" rel=\"attachment wp-att-183078\"><img loading=\"lazy\" decoding=\"async\" class=\" wp-image-183078 alignleft\" src=\"https:\/\/www.radiopiu.net\/wordpress\/wp-content\/uploads\/2021\/01\/133200401_100838761953611_1258544160541445132_o-1-300x157.jpg\" alt=\"\" width=\"192\" height=\"101\" srcset=\"https:\/\/www.radiopiu.net\/wordpress\/wp-content\/uploads\/2021\/01\/133200401_100838761953611_1258544160541445132_o-1-300x157.jpg 300w, https:\/\/www.radiopiu.net\/wordpress\/wp-content\/uploads\/2021\/01\/133200401_100838761953611_1258544160541445132_o-1.jpg 526w\" sizes=\"auto, (max-width: 192px) 100vw, 192px\" \/><\/a>GOCCE DI FILOSOFIA, CON CHIARA CAU, CON LISA DE LUCA. <\/span><\/h2>\n<h2><span style=\"color: #ff0000;\">TUTTI I GIORNI DAL LUNEDI AL VENERDI ALLE 6.55 E ALLE 18.55<\/span><\/h2>\n<p><span style=\"color: #ff6600;\"><strong>PUNTATA 40<\/strong><\/span><\/p>\n<audio class=\"wp-audio-shortcode\" id=\"audio-193782-16\" preload=\"none\" style=\"width: 100%;\" controls=\"controls\"><source type=\"audio\/mpeg\" src=\"https:\/\/www.radiopiu.net\/wordpress\/wp-content\/uploads\/2021\/02\/FI5-3.mp3?_=16\" \/><a href=\"https:\/\/www.radiopiu.net\/wordpress\/wp-content\/uploads\/2021\/02\/FI5-3.mp3\">https:\/\/www.radiopiu.net\/wordpress\/wp-content\/uploads\/2021\/02\/FI5-3.mp3<\/a><\/audio>\n<h3>LA RACCOLTA COMPLETA<\/h3>\n<blockquote class=\"wp-embedded-content\" data-secret=\"3stTCmpvdH\"><p><a href=\"https:\/\/www.radiopiu.net\/wordpress\/gocce-filosofia\/\">Gocce di filosofia<\/a><\/p><\/blockquote>\n<p><iframe loading=\"lazy\" class=\"wp-embedded-content\" sandbox=\"allow-scripts\" security=\"restricted\" style=\"position: absolute; clip: rect(1px, 1px, 1px, 1px);\" title=\"&#8220;Gocce di filosofia&#8221; &#8212; Radio Pi\u00f9\" src=\"https:\/\/www.radiopiu.net\/wordpress\/gocce-filosofia\/embed\/#?secret=3stTCmpvdH\" data-secret=\"3stTCmpvdH\" width=\"600\" height=\"338\" frameborder=\"0\" marginwidth=\"0\" marginheight=\"0\" scrolling=\"no\"><\/iframe><\/p>\n<p>&nbsp;<\/p>\n<hr \/>\n<p>&nbsp;<\/p>\n<div class=\"im_message_wrap clearfix\">\n<div class=\"im_content_message_wrap im_message_out\">\n<h2><span style=\"color: #ff0000;\">IERI ALLA RADIO\u00a0 IN VIVO VERSO 2020-21<\/span><\/h2>\n<p><strong><span style=\"color: #0000ff;\">IN ONDA DAL LUNEDI AL VENERDI ALLE 7.10, 10.10, 18.50\u00a0 \u00a0<\/span><\/strong><\/p>\n<blockquote class=\"wp-embedded-content\" data-secret=\"Mv1MqtgZGP\"><p><a href=\"https:\/\/www.radiopiu.net\/wordpress\/i-poeti-e-le-montagne-di-gino-tramontin-legge-italo-rualta\/\">I POETI E LE MONTAGNE, di GINO TRAMONTIN. Legge ITALO RUALTA<\/a><\/p><\/blockquote>\n<p><iframe loading=\"lazy\" class=\"wp-embedded-content\" sandbox=\"allow-scripts\" security=\"restricted\" style=\"position: absolute; clip: rect(1px, 1px, 1px, 1px);\" title=\"&#8220;I POETI E LE MONTAGNE, di GINO TRAMONTIN. Legge ITALO RUALTA&#8221; &#8212; Radio Pi\u00f9\" src=\"https:\/\/www.radiopiu.net\/wordpress\/i-poeti-e-le-montagne-di-gino-tramontin-legge-italo-rualta\/embed\/#?secret=Mv1MqtgZGP\" data-secret=\"Mv1MqtgZGP\" width=\"600\" height=\"338\" frameborder=\"0\" marginwidth=\"0\" marginheight=\"0\" scrolling=\"no\"><\/iframe><\/p>\n<p>&nbsp;<\/p>\n<p><strong>LA RACCOLTA<\/strong><\/p>\n<blockquote class=\"wp-embedded-content\" data-secret=\"AyeiZEtMw7\"><p><a href=\"https:\/\/www.radiopiu.net\/wordpress\/in-vivo-verso\/\">In Vivo Verso<\/a><\/p><\/blockquote>\n<p><iframe loading=\"lazy\" class=\"wp-embedded-content\" sandbox=\"allow-scripts\" security=\"restricted\" style=\"position: absolute; clip: rect(1px, 1px, 1px, 1px);\" title=\"&#8220;In Vivo Verso&#8221; &#8212; Radio Pi\u00f9\" src=\"https:\/\/www.radiopiu.net\/wordpress\/in-vivo-verso\/embed\/#?secret=AyeiZEtMw7\" data-secret=\"AyeiZEtMw7\" width=\"600\" height=\"338\" frameborder=\"0\" marginwidth=\"0\" marginheight=\"0\" scrolling=\"no\"><\/iframe><\/p>\n<hr \/>\n<p>&nbsp;<\/p>\n<\/div>\n<\/div>\n<p>&nbsp;<\/p>\n<h2><span style=\"color: #808000;\">DUE MINUTI UN LIBRO\u00a0 TUTTI I GIORNI ALLA RADIO ALLE 9.30 E ALLE 18. QUINTA STAGIONE\u00a0<\/span><\/h2>\n<blockquote class=\"wp-embedded-content\" data-secret=\"kXYZ8FFrg6\"><p><a href=\"https:\/\/www.radiopiu.net\/wordpress\/il-sapore-della-ruggine\/\">IL SAPORE DELLA RUGGINE<\/a><\/p><\/blockquote>\n<p><iframe loading=\"lazy\" class=\"wp-embedded-content\" sandbox=\"allow-scripts\" security=\"restricted\" style=\"position: absolute; clip: rect(1px, 1px, 1px, 1px);\" title=\"&#8220;IL SAPORE DELLA RUGGINE&#8221; &#8212; Radio Pi\u00f9\" src=\"https:\/\/www.radiopiu.net\/wordpress\/il-sapore-della-ruggine\/embed\/#?secret=kXYZ8FFrg6\" data-secret=\"kXYZ8FFrg6\" width=\"600\" height=\"338\" frameborder=\"0\" marginwidth=\"0\" marginheight=\"0\" scrolling=\"no\"><\/iframe><\/p>\n<h3><span style=\"color: #808000;\">\u00a0<\/span>LA RACCOLTA COMPLETA<\/h3>\n<blockquote class=\"wp-embedded-content\" data-secret=\"4N5M2KjqVz\"><p><a href=\"https:\/\/www.radiopiu.net\/wordpress\/due-minuti-un-libro\/\">Due minuti un libro<\/a><\/p><\/blockquote>\n<p><iframe loading=\"lazy\" class=\"wp-embedded-content\" sandbox=\"allow-scripts\" security=\"restricted\" style=\"position: absolute; clip: rect(1px, 1px, 1px, 1px);\" title=\"&#8220;Due minuti un libro&#8221; &#8212; Radio Pi\u00f9\" src=\"https:\/\/www.radiopiu.net\/wordpress\/due-minuti-un-libro\/embed\/#?secret=4N5M2KjqVz\" data-secret=\"4N5M2KjqVz\" width=\"600\" height=\"338\" frameborder=\"0\" marginwidth=\"0\" marginheight=\"0\" scrolling=\"no\"><\/iframe><\/p>\n<p>&nbsp;<\/p>\n<p>&nbsp;<\/p>\n<hr \/>\n<blockquote>\n<h3>SALUTE E SOCIETA&#8217; IL LUNEDI ALLE 13.10 E ALLE 20.10, LA DOMENICA ALLE 10.30 A CURA DEL DOTTOR MARCO CARACCIOLO. QUINTA STAGIONE<\/h3>\n<\/blockquote>\n<p><strong><img loading=\"lazy\" decoding=\"async\" class=\"alignleft\" src=\"https:\/\/www.radiopiu.net\/wordpress\/wp-content\/uploads\/2021\/02\/dott.jpg\" width=\"208\" height=\"138\" \/>LA PUNTATA DELLA SETTIMANA: <\/strong>\u201cLa salute: un bene da difendere, un diritto da promuovere\u201d \u00e8 un progetto di tutela dei diritti dei pazienti oncologici e onco-ematologici che coinvolge ben 34 Associazioni in tutta Italia. Antonella Pitrelli ha parlato delle difficolt\u00e0 del Servizio Sanitario in questa fase storica caratterizzata dalla pandemia con:<br \/>\nAnnamaria Mancuso, Coordinatrice del gruppo \u201cLa salute: un bene da difendere, un diritto da promuovere\u201d e Presidente Salute Donna Onlus<br \/>\nFilippo de Braud, Direttore Dipartimento di Oncologia Medica, Istituto Nazionale dei Tumori di Milano Marco Vignetti, Presidente Fondazione GIMEMA e Vicepresidente AIL<\/p>\n<audio class=\"wp-audio-shortcode\" id=\"audio-193782-17\" preload=\"none\" style=\"width: 100%;\" controls=\"controls\"><source type=\"audio\/mpeg\" src=\"https:\/\/www.radiopiu.net\/wordpress\/wp-content\/uploads\/2021\/02\/SALUTE-3.mp3?_=17\" \/><a href=\"https:\/\/www.radiopiu.net\/wordpress\/wp-content\/uploads\/2021\/02\/SALUTE-3.mp3\">https:\/\/www.radiopiu.net\/wordpress\/wp-content\/uploads\/2021\/02\/SALUTE-3.mp3<\/a><\/audio>\n<p>&nbsp;<\/p>\n<p>&nbsp;<\/p>\n<p>&nbsp;<\/p>\n<hr \/>\n<p>&nbsp;<\/p>\n<div dir=\"auto\">\n<div>\n<h2><span style=\"color: #800080;\"><strong>LA RASSEGNA STAMPA DA L&#8217;AMICO DEL POPOLO\u00a0<\/strong><\/span><\/h2>\n<h3 class=\"kvgmc6g5 cxmmr5t8 oygrvhab hcukyx3x c1et5uql\"><span style=\"color: #0000ff;\"> INFORMAZIONE il canale su TELEGRAM informazione di prima mano e in tempo reale. iscriviti ed aiutaci a farlo conoscere\u00a0<\/span><\/h3>\n<p><strong><a href=\"https:\/\/www.radiopiu.net\/wordpress\/la-rassegna-stampa-da-lamico-del-popolo-20-febbraio-2021\/68763f4c-5f1d-42ef-b925-0bb4ed3974c9\/\" rel=\"attachment wp-att-192616\"><img loading=\"lazy\" decoding=\"async\" class=\" wp-image-192616 alignleft\" src=\"https:\/\/www.radiopiu.net\/wordpress\/wp-content\/uploads\/2021\/02\/68763f4c-5f1d-42ef-b925-0bb4ed3974c9-300x300.jpg\" alt=\"\" width=\"103\" height=\"103\" srcset=\"https:\/\/www.radiopiu.net\/wordpress\/wp-content\/uploads\/2021\/02\/68763f4c-5f1d-42ef-b925-0bb4ed3974c9-300x300.jpg 300w, https:\/\/www.radiopiu.net\/wordpress\/wp-content\/uploads\/2021\/02\/68763f4c-5f1d-42ef-b925-0bb4ed3974c9-1024x1024.jpg 1024w, https:\/\/www.radiopiu.net\/wordpress\/wp-content\/uploads\/2021\/02\/68763f4c-5f1d-42ef-b925-0bb4ed3974c9-150x150.jpg 150w, https:\/\/www.radiopiu.net\/wordpress\/wp-content\/uploads\/2021\/02\/68763f4c-5f1d-42ef-b925-0bb4ed3974c9-768x768.jpg 768w, https:\/\/www.radiopiu.net\/wordpress\/wp-content\/uploads\/2021\/02\/68763f4c-5f1d-42ef-b925-0bb4ed3974c9-1536x1536.jpg 1536w, https:\/\/www.radiopiu.net\/wordpress\/wp-content\/uploads\/2021\/02\/68763f4c-5f1d-42ef-b925-0bb4ed3974c9.jpg 1600w\" sizes=\"auto, (max-width: 103px) 100vw, 103px\" \/><\/a><\/strong><\/p>\n<p>&nbsp;<\/p>\n<p><strong>di Gianni Santomaso<\/strong><\/p>\n<p>OSPITI: Chiara Fontanive, Fiorangela Beltrame e Antonella Schena<\/p>\n<audio class=\"wp-audio-shortcode\" id=\"audio-193782-18\" preload=\"none\" style=\"width: 100%;\" controls=\"controls\"><source type=\"audio\/mpeg\" src=\"https:\/\/www.radiopiu.net\/wordpress\/wp-content\/uploads\/2021\/02\/RASSEGNA-GIANNI-2.mp3?_=18\" \/><a href=\"https:\/\/www.radiopiu.net\/wordpress\/wp-content\/uploads\/2021\/02\/RASSEGNA-GIANNI-2.mp3\">https:\/\/www.radiopiu.net\/wordpress\/wp-content\/uploads\/2021\/02\/RASSEGNA-GIANNI-2.mp3<\/a><\/audio>\n<p><strong>LA RACCOLTA COMPLETA<\/strong><\/p>\n<blockquote class=\"wp-embedded-content\" data-secret=\"4KO9pQwpaB\"><p><a href=\"https:\/\/www.radiopiu.net\/wordpress\/rassegna-stampa-di-gianni-santomaso\/\">Rassegna stampa da l&#8217;amico del popolo &#8211; di Gianni Santomaso<\/a><\/p><\/blockquote>\n<p><iframe loading=\"lazy\" class=\"wp-embedded-content\" sandbox=\"allow-scripts\" security=\"restricted\" style=\"position: absolute; clip: rect(1px, 1px, 1px, 1px);\" title=\"&#8220;Rassegna stampa da l&#8217;amico del popolo &#8211; di Gianni Santomaso&#8221; &#8212; Radio Pi\u00f9\" src=\"https:\/\/www.radiopiu.net\/wordpress\/rassegna-stampa-di-gianni-santomaso\/embed\/#?secret=4KO9pQwpaB\" data-secret=\"4KO9pQwpaB\" width=\"600\" height=\"338\" frameborder=\"0\" marginwidth=\"0\" marginheight=\"0\" scrolling=\"no\"><\/iframe><\/p>\n<p>&nbsp;<\/p>\n<p>&nbsp;<\/p>\n<\/div>\n<\/div>\n<p>&nbsp;<\/p>\n<hr \/>\n<p>&nbsp;<\/p>\n<blockquote>\n<h3><a href=\"https:\/\/www.radiopiu.net\/wordpress\/almanacco-ladino-puntata-5-2020\/sn\/\" rel=\"attachment wp-att-180931\"><img loading=\"lazy\" decoding=\"async\" class=\"wp-image-180931 alignleft\" src=\"https:\/\/www.radiopiu.net\/wordpress\/wp-content\/uploads\/2020\/12\/sn-300x194.jpg\" alt=\"\" width=\"181\" height=\"117\" srcset=\"https:\/\/www.radiopiu.net\/wordpress\/wp-content\/uploads\/2020\/12\/sn-300x194.jpg 300w, https:\/\/www.radiopiu.net\/wordpress\/wp-content\/uploads\/2020\/12\/sn.jpg 626w\" sizes=\"auto, (max-width: 181px) 100vw, 181px\" \/><\/a>L&#8217;ALMANACCO LADINO CON L&#8217;ISTITUT CESA DE JAN QUINDICINALE APPUNTAMENTO. LA DOMENICA ALLE 9 IL LUNEDI ALLE 8.35 IL MARTEDI ALLE 12.35 IL MERCOLEDI ALLE 18.35. SECONDA STAGIONE.<\/h3>\n<\/blockquote>\n<p><strong>RACCOLTA COMPLETA\u00a0<\/strong><\/p>\n<blockquote class=\"wp-embedded-content\" data-secret=\"St8TURt22b\"><p><a href=\"https:\/\/www.radiopiu.net\/wordpress\/almanacco-ladino\/\">Almanacco Ladino<\/a><\/p><\/blockquote>\n<p><iframe loading=\"lazy\" class=\"wp-embedded-content\" sandbox=\"allow-scripts\" security=\"restricted\" style=\"position: absolute; clip: rect(1px, 1px, 1px, 1px);\" title=\"&#8220;Almanacco Ladino&#8221; &#8212; Radio Pi\u00f9\" src=\"https:\/\/www.radiopiu.net\/wordpress\/almanacco-ladino\/embed\/#?secret=St8TURt22b\" data-secret=\"St8TURt22b\" width=\"600\" height=\"338\" frameborder=\"0\" marginwidth=\"0\" marginheight=\"0\" scrolling=\"no\"><\/iframe><\/p>\n<p>&nbsp;<\/p>\n<h2><\/h2>\n<p>&nbsp;<\/p>\n<p>&nbsp;<\/p>\n<hr \/>\n<p>&nbsp;<\/p>\n<p>&nbsp;<\/p>\n<blockquote class=\"wp-embedded-content\" data-secret=\"4t3pqplRZr\"><p><a href=\"https:\/\/www.radiopiu.net\/wordpress\/conosciamo-i-cori-del-bellunese-con-la-corale-zumellese\/\">CONOSCIAMO I CORI DEL BELLUNESE, con la Corale Zumellese<\/a><\/p><\/blockquote>\n<p><iframe loading=\"lazy\" class=\"wp-embedded-content\" sandbox=\"allow-scripts\" security=\"restricted\" style=\"position: absolute; clip: rect(1px, 1px, 1px, 1px);\" title=\"&#8220;CONOSCIAMO I CORI DEL BELLUNESE, con la Corale Zumellese&#8221; &#8212; Radio Pi\u00f9\" src=\"https:\/\/www.radiopiu.net\/wordpress\/conosciamo-i-cori-del-bellunese-con-la-corale-zumellese\/embed\/#?secret=4t3pqplRZr\" data-secret=\"4t3pqplRZr\" width=\"600\" height=\"338\" frameborder=\"0\" marginwidth=\"0\" marginheight=\"0\" scrolling=\"no\"><\/iframe><\/p>\n<p>&nbsp;<\/p>\n<p>&nbsp;<\/p>\n<div dir=\"auto\">\n<p>&nbsp;<\/p>\n<hr \/>\n<p>&nbsp;<\/p>\n<div>\n<p class=\"photoswipe-wrapper\"><a class=\"dt-pswp-item pspw-wrap-ready\" href=\"https:\/\/i0.wp.com\/www.radiopiu.net\/wordpress\/wp-content\/uploads\/2018\/09\/viabilita.jpeg?ssl=1\" data-dt-img-description=\"\" data-large_image_width=\"800\" data-large_image_height=\"100\"><img loading=\"lazy\" decoding=\"async\" class=\"aligncenter wp-image-61954 size-full\" src=\"https:\/\/i0.wp.com\/www.radiopiu.net\/wordpress\/wp-content\/uploads\/2018\/09\/viabilita.jpeg?resize=800%2C100&amp;ssl=1\" sizes=\"auto, (max-width: 800px) 100vw, 800px\" srcset=\"https:\/\/i0.wp.com\/www.radiopiu.net\/wordpress\/wp-content\/uploads\/2018\/09\/viabilita.jpeg?w=800&amp;ssl=1 800w, https:\/\/i0.wp.com\/www.radiopiu.net\/wordpress\/wp-content\/uploads\/2018\/09\/viabilita.jpeg?resize=300%2C38&amp;ssl=1 300w, https:\/\/i0.wp.com\/www.radiopiu.net\/wordpress\/wp-content\/uploads\/2018\/09\/viabilita.jpeg?resize=768%2C96&amp;ssl=1 768w\" alt=\"\" width=\"800\" height=\"100\" \/><\/a><\/p>\n<\/div>\n<p>&nbsp;<\/p>\n<p><strong>SP 21 DI QUERO<\/strong> fino al 5 marzo, esclusi sabato e domenica, interdizione totale al traffico tra Quero e Ponte Tegorzo per posa cavidotto per conto di E-Distribuzione<\/p>\n<p><strong>SP 251 DELLA VAL DI ZOLDO E CELLINA<\/strong> Istituzione di senso unico alternato regolato da semaforo nel comune di Val di Zoldo per messa in sicurezza della strada<\/p>\n<p><strong>SP 42 CAVALLERA<\/strong> fino a revoca, chiusura della strada nell&#8217;abitato di Perarolo per attivazione emergenza frana &#8220;Busa del Cristo&#8221;<\/p>\n<p><strong>S.P.2 DELLA VALLE DEL MIS\u00a0<\/strong>Interdizione totale al traffico fino a revoca dal km 14,920 (localit\u00e0 Gona Bassa) al km 20,650 (localit\u00e0 Titele) per cedimento della carreggiata<\/p>\n<p><strong>S.P. 5 DI LAMOSANO<\/strong>\u00a0Interdizione totale fino a revoca per presenza di materiale e alberi in strada.<\/p>\n<p><strong>SP 3 DELLA VAL IMPERINA<\/strong> fino a revoca, senso unico alternato regolato a vista in localit\u00e0 Gona di Conedera di Rivamonte per cedimento della carreggiata stradale<\/p>\n<p>&nbsp;<\/p>\n<p>&nbsp;<\/p>\n<hr \/>\n<p>&nbsp;<\/p>\n<div>\n<p class=\"photoswipe-wrapper\"><a class=\"dt-pswp-item pspw-wrap-ready\" href=\"https:\/\/i0.wp.com\/www.radiopiu.net\/wordpress\/wp-content\/uploads\/2018\/09\/WhatsApp-Image-2018-09-20-at-16.04.06.jpeg?ssl=1\" data-dt-img-description=\"\" data-large_image_width=\"800\" data-large_image_height=\"100\"><img loading=\"lazy\" decoding=\"async\" class=\"aligncenter wp-image-61378 size-full jetpack-lazy-image jetpack-lazy-image--handled\" src=\"https:\/\/i0.wp.com\/www.radiopiu.net\/wordpress\/wp-content\/uploads\/2018\/09\/WhatsApp-Image-2018-09-20-at-16.04.06.jpeg?resize=800%2C100&amp;ssl=1\" sizes=\"auto, (max-width: 800px) 100vw, 800px\" srcset=\"https:\/\/i0.wp.com\/www.radiopiu.net\/wordpress\/wp-content\/uploads\/2018\/09\/WhatsApp-Image-2018-09-20-at-16.04.06.jpeg?w=800&amp;ssl=1 800w, https:\/\/i0.wp.com\/www.radiopiu.net\/wordpress\/wp-content\/uploads\/2018\/09\/WhatsApp-Image-2018-09-20-at-16.04.06.jpeg?resize=300%2C38&amp;ssl=1 300w, https:\/\/i0.wp.com\/www.radiopiu.net\/wordpress\/wp-content\/uploads\/2018\/09\/WhatsApp-Image-2018-09-20-at-16.04.06.jpeg?resize=768%2C96&amp;ssl=1 768w\" alt=\"\" width=\"800\" height=\"100\" data-lazy-loaded=\"1\" \/><\/a><\/p>\n<\/div>\n<p>&nbsp;<\/p>\n<div>\n<p><b>Sabato 27<\/b> <b>Tempo atteso: <\/b>Dopo il transito di sottili nubi alte nella notte, splendida giornata ben soleggiata con cielo sereno, aria tersa e ottima visibilit\u00e0 soprattutto sulle Dolomiti. Qualche innocuo e locale addensamento diurno potr\u00e0 formarsi lungo la catena prealpina. L&#8217;aumento dell&#8217;umidit\u00e0 nei bassi strati prealpini e l&#8217;avvezione d&#8217;aria pi\u00f9 fredda potranno favorire la formazione di nubi basse o di foschie nelle ore pi\u00f9 fredde.<br \/>\n<b>Precipitazioni: <\/b>Generalmente assenti, salvo una probabilit\u00e0 molto bassa (0-5%) di locali piovaschi sulle zone prealpine nella seconda parte della giornata.<br \/>\n<b>Temperature: <\/b>In calo anche sensibile le massime a tutte le quote con riduzione dell&#8217;inversione termica notturna, con le minime in alta montagna raggiunte ancora a fine giornata. Su Prealpi a 1500 m min -1\u00b0C max 7\u00b0C, a 2000 m min -4\u00b0C max 4\u00b0C. Su Dolomiti a 2000 m min -5\u00b0C max 3\u00b0C, a 3000 m min -9\u00b0C max -4\u00b0C.<br \/>\n<b>Venti: <\/b>Nelle valli deboli a regime di brezza, salvo locali rinforzi di Fhoen specie al mattino, in quota in prevalenza moderati dai quadranti settentrionali, a 10-20 km\/h a 2000 m e a 15-25 km\/h a 3000 m.<\/p>\n<hr \/>\n<p><b>Domenica 28<\/b> <b>Tempo atteso: <\/b>Dopo la copertura media della notte, ritorno del bel tempo con cielo sereno specie sulle Dolomiti dove la giornata sar\u00e0 interamente splendida e ben soleggiata con cielo terso, aria limpida e ottima visibilit\u00e0. Sulle Prealpi possibili nubi basse tra la notte ed il mattino, in rapido dissolvimento dopo l&#8217;alba con ampi rasserenamenti nel corso della giornata.<br \/>\n<b>Precipitazioni: <\/b>Assenti.<br \/>\n<b>Temperature: <\/b>Temperature nelle valli in ulteriore calo, salvo risultare in lieve o contenuto aumento le massime in alta montagna, specie sulle Dolomiti. Accentuazione dell&#8217;inversione termica nella notte. Su Prealpi a 1500 m min -3\u00b0C max 6\u00b0C, a 2000 m min -5\u00b0C max 4\u00b0C. Su Dolomiti a 2000 m min -5\u00b0C max 5\u00b0C, a 3000 m min -7\u00b0C max -1\u00b0C.<br \/>\n<b>Venti: <\/b>Deboli a regime di brezza nelle valli, in quota moderati da nord, nord-est, a 10-15 km\/h a 2000 m e a 15-25 km\/h a 3000 m.<\/p>\n<hr \/>\n<p><b>Lunedi 1<\/b>Tempo ben soleggiato e asciutto con cielo generalmente sereno e visibilit\u00e0 buona a tutte le quote, salvo locali foschie nottetempo nei luoghi solitamente pi\u00f9 umidi delle conche prealpine, in rapido dissolvimento dopo l&#8217;alba. Temperature in ripresa a tutte le quote, specie le massime. L&#8217;inversione termica notturna tender\u00e0 a divenire ancora marcata con valori diurni ancora ben superiori alle medie del periodo. Venti deboli o debolissimi dai quadranti settentrionali in quota; deboli o moderati a regime di brezza nelle valli.<\/p>\n<hr \/>\n<p><b>Martedi 2<\/b>Tempo stabile e ben soleggiato a tutte le quote e piuttosto asciutto, con probabilit\u00e0 molto bassa di foschie nella conche prealpine, salvo locali e temporanee parziali riduzioni della visibilit\u00e0 nei settori pi\u00f9 umidi. Temperature in lieve e ulteriore aumento. Venti in quota ancora deboli o debolissimi dai quadranti settentrionali, nelle valli generalmente deboli o moderati a regime di brezza. Previsore: M.Padoan<\/p>\n<p><center>\u00a0<\/center><\/p>\n<hr \/>\n<\/div>\n<\/div>\n<p>&nbsp;<\/p>\n<p><a href=\"https:\/\/www.radiopiu.net\/wordpress\/giornale-radiopiu-15-settembre-2018-direttore-mirko-mezzacasa\/sport-7\/\" rel=\"attachment wp-att-60761\"><img loading=\"lazy\" decoding=\"async\" class=\"wp-image-60761 size-full aligncenter\" src=\"https:\/\/www.radiopiu.net\/wordpress\/wp-content\/uploads\/2018\/09\/sport.jpg\" alt=\"\" width=\"800\" height=\"100\" srcset=\"https:\/\/www.radiopiu.net\/wordpress\/wp-content\/uploads\/2018\/09\/sport.jpg 800w, https:\/\/www.radiopiu.net\/wordpress\/wp-content\/uploads\/2018\/09\/sport-300x38.jpg 300w, https:\/\/www.radiopiu.net\/wordpress\/wp-content\/uploads\/2018\/09\/sport-768x96.jpg 768w\" sizes=\"auto, (max-width: 800px) 100vw, 800px\" \/><\/a><\/p>\n<p>&nbsp;<\/p>\n<blockquote>\n<h3>LARA GUT-BEHRAMI VINCE SU &#8220;LA VOLATA&#8221;. PIROVANO LA MIGLIORE DELLE AZZURRE<\/h3>\n<\/blockquote>\n<p>\u00c8 Lara Gut-Behrami, una delle atlete pi\u00f9 attese, a celebrare il battesimo della Val di Fassa in Coppa del Mondo. Le neo campionessa del mondo del superG ha vinto la prima delle tre gare in programma sulla pista La VolatA di Passo San Pellegrino, che ha raccolto la piena approvazione delle sciatrici e ha premiato l&#8217;atleta pi\u00f9 in forma del momento, mettendo in luce i veri valori in campo.<br \/>\nPer la fuoriclasse svizzera \u00e8 arrivata cos\u00ec la trentunesima affermazione della carriera nel massimo circuito internazionale, la decima in discesa. Un successo che le ha permesso di sfilare il primato della classifica generale di Coppa alla slovacca Petra Vhlova.<br \/>\nGut-Behrami, scesa con il pettorale numero 7, ha fatto la differenza nella parte alta e nel tratto conclusivo del tracciato, riuscendo a tenersi alle spalle per 2 centesimi l\u2019austriaca Ramona Siebenhofer e per 26 centesimi la connazionale Corinne Suter, oro in discesa a Cortina. Quarta la tedesca Kira Weidle, seguita in quinta piazza dalla pi\u00f9 veloce delle seconde prove cronometrate, l\u2019americana Breezy Johnson. La migliore delle azzurre \u00e8 stata la trentina di Spiazzo Rendena Laura Pirovano, che ha trovato il giusto feeling con il pendio de La VolatA proprio quando serviva, nel giorno della gara, confermando quanto di buono gi\u00e0 fatto vedere in stagione. Una soddisfazione doppia per lei, che gareggiava in Trentino, sulle nevi di casa. La forte sciatrice rossocrociata, oro in superG e in gigante e bronzo in discesa ai Mondiali di Cortina, ha saputo interpretare al meglio il tracciato fassano e ha compiuto un altro importante passo verso l\u2019obiettivo stagionale, la conquista della Coppa del Mondo generale. L\u2019iridata del superG \u00e8 la naturale favorita anche per la gara di oggi, che scatter\u00e0 alle 11<\/p>\n\n\t\t\t<style type='text\/css'>\n\t\t\t\t#gallery-7 {\n\t\t\t\t\tmargin: auto;\n\t\t\t\t}\n\t\t\t\t#gallery-7 .gallery-item {\n\t\t\t\t\tfloat: left;\n\t\t\t\t\tmargin-top: 10px;\n\t\t\t\t\ttext-align: center;\n\t\t\t\t\twidth: 33%;\n\t\t\t\t}\n\t\t\t\t#gallery-7 img {\n\t\t\t\t\tborder: 2px solid #cfcfcf;\n\t\t\t\t}\n\t\t\t\t#gallery-7 .gallery-caption {\n\t\t\t\t\tmargin-left: 0;\n\t\t\t\t}\n\t\t\t\t\/* see gallery_shortcode() in wp-includes\/media.php *\/\n\t\t\t<\/style>\n\t\t<div id='gallery-7' class='dt-gallery-container gallery galleryid-193782 gallery-columns-3 gallery-size-medium'><dl class='gallery-item'>\n\t\t\t\t<dt class='gallery-icon landscape'>\n\t\t\t\t\t<a class=\"rollover rollover-zoom dt-pswp-item\" title=\"22051\" data-dt-img-description=\"\" data-large_image_width=\"1575\" data-large_image_height=\"1052\"href='https:\/\/www.radiopiu.net\/wordpress\/wp-content\/uploads\/2021\/02\/22051.jpg'><img loading=\"lazy\" decoding=\"async\" width=\"300\" height=\"200\" src=\"https:\/\/www.radiopiu.net\/wordpress\/wp-content\/uploads\/2021\/02\/22051-300x200.jpg\" class=\"attachment-medium size-medium\" alt=\"\" aria-describedby=\"gallery-7-193933\" srcset=\"https:\/\/www.radiopiu.net\/wordpress\/wp-content\/uploads\/2021\/02\/22051-300x200.jpg 300w, https:\/\/www.radiopiu.net\/wordpress\/wp-content\/uploads\/2021\/02\/22051-1024x684.jpg 1024w, https:\/\/www.radiopiu.net\/wordpress\/wp-content\/uploads\/2021\/02\/22051-768x513.jpg 768w, https:\/\/www.radiopiu.net\/wordpress\/wp-content\/uploads\/2021\/02\/22051-1536x1026.jpg 1536w, https:\/\/www.radiopiu.net\/wordpress\/wp-content\/uploads\/2021\/02\/22051.jpg 1575w\" sizes=\"auto, (max-width: 300px) 100vw, 300px\" \/><\/a>\n\t\t\t\t<\/dt>\n\t\t\t\t\t<dd class='wp-caption-text gallery-caption' id='gallery-7-193933'>\n\t\t\t\t\tSKI WORLD CUP 2020\/2021 &#8211; Lara Gut -Behrani (Svi)  Val di fassa , Italy, 26\/2\/2021 ,  photo Alessandro Trovati\/Pentaphoto\n\t\t\t\t\t<\/dd><\/dl><dl class='gallery-item'>\n\t\t\t\t<dt class='gallery-icon portrait'>\n\t\t\t\t\t<a class=\"rollover rollover-zoom dt-pswp-item\" title=\"22045\" data-dt-img-description=\"\" data-large_image_width=\"1575\" data-large_image_height=\"1750\"href='https:\/\/www.radiopiu.net\/wordpress\/wp-content\/uploads\/2021\/02\/22045.jpg'><img loading=\"lazy\" decoding=\"async\" width=\"270\" height=\"300\" src=\"https:\/\/www.radiopiu.net\/wordpress\/wp-content\/uploads\/2021\/02\/22045-270x300.jpg\" class=\"attachment-medium size-medium\" alt=\"\" aria-describedby=\"gallery-7-193934\" srcset=\"https:\/\/www.radiopiu.net\/wordpress\/wp-content\/uploads\/2021\/02\/22045-270x300.jpg 270w, https:\/\/www.radiopiu.net\/wordpress\/wp-content\/uploads\/2021\/02\/22045-922x1024.jpg 922w, https:\/\/www.radiopiu.net\/wordpress\/wp-content\/uploads\/2021\/02\/22045-768x853.jpg 768w, https:\/\/www.radiopiu.net\/wordpress\/wp-content\/uploads\/2021\/02\/22045-1382x1536.jpg 1382w, https:\/\/www.radiopiu.net\/wordpress\/wp-content\/uploads\/2021\/02\/22045.jpg 1575w\" sizes=\"auto, (max-width: 270px) 100vw, 270px\" \/><\/a>\n\t\t\t\t<\/dt>\n\t\t\t\t\t<dd class='wp-caption-text gallery-caption' id='gallery-7-193934'>\n\t\t\t\t\tSKI WORLD CUP 2020\/2021 &#8211; Lara Gut-Behrani (Svi)    Val di fassa , Italy, 26\/2\/2021 ,  photo Pentaphoto\n\t\t\t\t\t<\/dd><\/dl><dl class='gallery-item'>\n\t\t\t\t<dt class='gallery-icon landscape'>\n\t\t\t\t\t<a class=\"rollover rollover-zoom dt-pswp-item\" title=\"22044\" data-dt-img-description=\"\" data-large_image_width=\"1575\" data-large_image_height=\"1012\"href='https:\/\/www.radiopiu.net\/wordpress\/wp-content\/uploads\/2021\/02\/22044.jpg'><img loading=\"lazy\" decoding=\"async\" width=\"300\" height=\"193\" src=\"https:\/\/www.radiopiu.net\/wordpress\/wp-content\/uploads\/2021\/02\/22044-300x193.jpg\" class=\"attachment-medium size-medium\" alt=\"\" aria-describedby=\"gallery-7-193935\" srcset=\"https:\/\/www.radiopiu.net\/wordpress\/wp-content\/uploads\/2021\/02\/22044-300x193.jpg 300w, https:\/\/www.radiopiu.net\/wordpress\/wp-content\/uploads\/2021\/02\/22044-1024x658.jpg 1024w, https:\/\/www.radiopiu.net\/wordpress\/wp-content\/uploads\/2021\/02\/22044-768x493.jpg 768w, https:\/\/www.radiopiu.net\/wordpress\/wp-content\/uploads\/2021\/02\/22044-1536x987.jpg 1536w, https:\/\/www.radiopiu.net\/wordpress\/wp-content\/uploads\/2021\/02\/22044.jpg 1575w\" sizes=\"auto, (max-width: 300px) 100vw, 300px\" \/><\/a>\n\t\t\t\t<\/dt>\n\t\t\t\t\t<dd class='wp-caption-text gallery-caption' id='gallery-7-193935'>\n\t\t\t\t\tSKI WORLD CUP 2020\/2021 &#8211; Ramona Siebnhofer (Aut) Lara Gut-Behrani (Svi)  Corinne Sutter (svi) Val di fassa , Italy, 26\/2\/2021 ,  photo Pentaphoto\n\t\t\t\t\t<\/dd><\/dl><br style=\"clear: both\" \/>\n\t\t\t<\/div>\n\n<p><strong>LA CLASSIFICA DELLA DISCESA LIBERA <a href=\"https:\/\/pegasomedia.altosmail.net\/email\/click?hash=o0UW7us9BqWJ3Hti%252F%252Fk7dNeOCGY9bS1h\">clicca qui<\/a><\/strong><\/p>\n<p>&nbsp;<\/p>\n<p>&nbsp;<\/p>\n<hr \/>\n<p>&nbsp;<\/p>\n<blockquote>\n<h3>SCI ALPINO: FINALI REGIONALI NET INSURANCE. NELLO SLALOM RAGAZZI VINCONO DAVARE E ALVERA&#8217;<\/h3>\n<\/blockquote>\n<p><strong><a href=\"https:\/\/www.radiopiu.net\/wordpress\/giornale-radiopiu-27-febbraio-2021-direttore-mirko-mezzacasa\/finali-regionali-net-insurance-podio-sl-ragazzi-21-02-2021\/\" rel=\"attachment wp-att-193944\"><img loading=\"lazy\" decoding=\"async\" class=\"size-medium wp-image-193944 alignleft\" src=\"https:\/\/www.radiopiu.net\/wordpress\/wp-content\/uploads\/2021\/02\/finali-regionali-net-insurance-podio-SL-RAGAZZI-21.02.2021-300x200.jpg\" alt=\"\" width=\"300\" height=\"200\" srcset=\"https:\/\/www.radiopiu.net\/wordpress\/wp-content\/uploads\/2021\/02\/finali-regionali-net-insurance-podio-SL-RAGAZZI-21.02.2021-300x200.jpg 300w, https:\/\/www.radiopiu.net\/wordpress\/wp-content\/uploads\/2021\/02\/finali-regionali-net-insurance-podio-SL-RAGAZZI-21.02.2021-1024x683.jpg 1024w, https:\/\/www.radiopiu.net\/wordpress\/wp-content\/uploads\/2021\/02\/finali-regionali-net-insurance-podio-SL-RAGAZZI-21.02.2021-768x512.jpg 768w, https:\/\/www.radiopiu.net\/wordpress\/wp-content\/uploads\/2021\/02\/finali-regionali-net-insurance-podio-SL-RAGAZZI-21.02.2021-1536x1024.jpg 1536w, https:\/\/www.radiopiu.net\/wordpress\/wp-content\/uploads\/2021\/02\/finali-regionali-net-insurance-podio-SL-RAGAZZI-21.02.2021-2048x1365.jpg 2048w\" sizes=\"auto, (max-width: 300px) 100vw, 300px\" \/><\/a>MONTE VERENA (VICENZA) <\/strong>Prima giornata di gare alla Ski area Monte Verena (Vicenza) per le finali regionali del Grand Prix Net Insurance delle categorie Ragazzi \u2013 Allievi (under 14 e under 16). In programma, sulla pista Centrale, lo slalom Ragazzi. In campo maschile, Sci club Arabba davanti a tutti grazie allo spunto di Alberto Davare \u00a0il cui dominio tra i pali stretti \u00e8 stato schiacciante: 2\u203398, infatti, il distacco inflitto al piazzato, Cristian Gasperin, dello Sci club Trichiana. A completare il podio \u00e8 stato Lorenzo Clemente Gandini, dello Sci club Cortina. In ambito femminile si \u00e8 registrata la doppietta dello Sci club Cortina: il sodalizio ampezzano ha conquistato il primo posto con Giulia Alver\u00e0 e il secondo con Lisa Maioni. Terzo posto per Mia Sichel, padovana dello Sci club Drusci\u00e9 Cortina.<\/p>\n<p><strong>LE CLASSIFICHE <a href=\"https:\/\/www.fisiveneto.com\/wp-content\/uploads\/2021\/02\/Classifica-ufficiale-SL-21.02.2021-NET-INSURANCE.pdf\">clicca qui<\/a><\/strong><\/p>\n<p>&nbsp;<\/p>\n<p>&nbsp;<\/p>\n<hr \/>\n<p>&nbsp;<\/p>\n<blockquote>\n<h3>DOLOMITI EXTREME TRAIL: IL 1 MARZO AL VIA LE ISCRIZIONI. LE GARE DALL&#8217;11 AL 13 GIUGNO<\/h3>\n<\/blockquote>\n<p><strong><a href=\"https:\/\/www.radiopiu.net\/wordpress\/giornale-radiopiu-27-febbraio-2021-direttore-mirko-mezzacasa\/dxt-2017-4\/\" rel=\"attachment wp-att-193921\"><img loading=\"lazy\" decoding=\"async\" class=\"size-medium wp-image-193921 alignleft\" src=\"https:\/\/www.radiopiu.net\/wordpress\/wp-content\/uploads\/2021\/02\/dxt-2017-300x200.jpg\" alt=\"\" width=\"300\" height=\"200\" srcset=\"https:\/\/www.radiopiu.net\/wordpress\/wp-content\/uploads\/2021\/02\/dxt-2017-300x200.jpg 300w, https:\/\/www.radiopiu.net\/wordpress\/wp-content\/uploads\/2021\/02\/dxt-2017-1024x684.jpg 1024w, https:\/\/www.radiopiu.net\/wordpress\/wp-content\/uploads\/2021\/02\/dxt-2017-768x513.jpg 768w, https:\/\/www.radiopiu.net\/wordpress\/wp-content\/uploads\/2021\/02\/dxt-2017.jpg 1200w\" sizes=\"auto, (max-width: 300px) 100vw, 300px\" \/><\/a>VAL DI ZOLDO<\/strong> <span class=\"s1\">Si riparte da dove ci si era fermati, vale a dire dai cinque percorsi presentati all\u2019indomani della settima edizione, quella del giugno 2019. Lo staff organizzativo di Dolomiti Extreme Trail, evento di trail running della Val di Zoldo (Belluno) costretto a rinunciare all\u2019edizione 2020 a causa dell\u2019emergenza sanitaria, non si \u00e8 mai fermato e ora rilancia, annunciando che l\u2019edizione 2021 \u00e8 in calendario dall\u20191 al 13 giugno prossimi: verranno riproposti i tracciati ormai tradizionali sui 103 chilometri (7.150 metri di dislivello positivo e altrettanti di dislivello negativo, la 53 chilometri (3.800 metri di dislivello) e sui 23 chilometri (1.000 metri di dislivello) e sar\u00e0 data ai concorrenti la possibilit\u00e0 di gareggiare su altri due percorsi, uno di 73 chilometri, con 5.500 metri di dislivello, e uno, accessibile a tutti, di 11 chilometri e 700 metri di dislivello. Il via alla 103 K verr\u00e0 dato alle 22.09 di venerd\u00ec 11 giugno, la partenza della 73 K alla mezzanotte e quella della 55 K alle 5 di sabato 12. La 23 K, la 11 K e le due prove della Mini Dxt riservata ai pi\u00f9 piccoli si svolgeranno nella mattinata di domenica 13. <\/span><span class=\"s1\">La partenza e l\u2019arrivo sono previste a Forno di Zoldo per tutte le gare.\u00a0 <\/span><span class=\"s1\">Le iscrizioni si apriranno l\u20191 marzo e si chiuderanno al raggiungimento di 2 mila partecipanti totali (500 iscritti per 103, 72 e 55 K, 300 iscritti per 22 K, 200 iscritti per 11 K) \u00a0e comunque entro il 31 maggio\u00a0 <\/span><span class=\"s1\">Le iscrizioni dovranno essere effettuate on-line, con pagamento a mezzo conto corrente o tramite carta di credito, tramite Paypal. Un link dedicato sar\u00e0 presente sul sito internet <a href=\"http:\/\/www.dolomitiextremetrail.com\/\"><span class=\"s2\">www.dolomitiextremetrail.com<\/span><\/a>. Possono iscriversi gli atleti maggiorenni in possesso di certificato medico sportivo per l\u2019attivit\u00e0 agonistica, riconosciuto dalla nazione di residenza, indipendentemente dalla loro appartenenza a societ\u00e0 o federazioni sportive.\u00a0 <\/span><span class=\"s1\">\u00ab<em>Non ci siamo mai fermati, abbiamo continuato a lavorare e lo faremo nelle prossime settimane\u00bb dicono Corrado De Rocco e Paolo Franchi, del comitato organizzatore. \u00abLe difficolt\u00e0 sono state tante e ancora ce ne saranno ma non vogliamo fermarci: vogliamo ripartire e abbiamo fatto e faremo di tutto per farlo, nel massimo rispetto delle normative che questo periodo di emergenza sanitaria impone. Lo scorso anno, quando abbiamo dovuto annullare la manifestazione, avevamo oltre mille iscritti, provenienti da 47 nazioni. Avere una cos\u00ec ampia partecipazione internazionale sar\u00e0 possibile il prossimo giugno? Non lo sappiamo. Sappiamo per\u00f2 che \u00e8 fondamentale ripartire, nello sport e in tutti gli ambiti. E con Dxt vogliamo contribuire alla ripartenza<\/em>\u00bb.<\/span><\/p>\n","protected":false},"excerpt":{"rendered":"<p>PER RICEVERE QUESTO NOTIZIARIO DIRETTAMENTE SUL TUO CELLULARE ISCRIVITI AL CANALE TELEGRAM \u201cRADIO PIU\u00a0 INFORMAZIONE&#8221;\u00a0 SUPERATI I 3000 ISCRITTI, il CANALE TELEGRAM&#8230; UNISCITI A: RADIO PIU INFORMAZIONE &nbsp; &nbsp; ATTENZIONE: LA NUOVA APP PER IOS-IPHONE di Nicola Vettorello https:\/\/apps.apple.com\/it\/app\/radio-pi%C3%B9-emittente-agordina\/id1515939845 ATTENZIONE: LA NUOVA APP RADIO\u00a0 PER ANDROID di Nicola Vettorello https:\/\/play.google.com\/store\/apps\/details?id=net.radiopiu.iniko\u00a0\u00a0 &nbsp; &nbsp; &nbsp; Gestione Servizi&hellip;<\/p>\n","protected":false},"author":4,"featured_media":193959,"comment_status":"closed","ping_status":"closed","sticky":false,"template":"","format":"standard","meta":{"_monsterinsights_skip_tracking":false,"_monsterinsights_sitenote_active":false,"_monsterinsights_sitenote_note":"","_monsterinsights_sitenote_category":0,"footnotes":""},"categories":[1,86,49],"tags":[],"class_list":["post-193782","post","type-post","status-publish","format-standard","has-post-thumbnail","hentry","category-senza-categoria","category-gr","category-news-18","category-1","category-86","category-49","description-off"],"img_url":"https:\/\/www.radiopiu.net\/wordpress\/wp-content\/uploads\/2021\/02\/PHOTO-2021-02-26-Residuo-fine-valanga-al-Passo-Sella.jpg","_links":{"self":[{"href":"https:\/\/www.radiopiu.net\/wordpress\/wp-json\/wp\/v2\/posts\/193782","targetHints":{"allow":["GET"]}}],"collection":[{"href":"https:\/\/www.radiopiu.net\/wordpress\/wp-json\/wp\/v2\/posts"}],"about":[{"href":"https:\/\/www.radiopiu.net\/wordpress\/wp-json\/wp\/v2\/types\/post"}],"author":[{"embeddable":true,"href":"https:\/\/www.radiopiu.net\/wordpress\/wp-json\/wp\/v2\/users\/4"}],"replies":[{"embeddable":true,"href":"https:\/\/www.radiopiu.net\/wordpress\/wp-json\/wp\/v2\/comments?post=193782"}],"version-history":[{"count":0,"href":"https:\/\/www.radiopiu.net\/wordpress\/wp-json\/wp\/v2\/posts\/193782\/revisions"}],"wp:featuredmedia":[{"embeddable":true,"href":"https:\/\/www.radiopiu.net\/wordpress\/wp-json\/wp\/v2\/media\/193959"}],"wp:attachment":[{"href":"https:\/\/www.radiopiu.net\/wordpress\/wp-json\/wp\/v2\/media?parent=193782"}],"wp:term":[{"taxonomy":"category","embeddable":true,"href":"https:\/\/www.radiopiu.net\/wordpress\/wp-json\/wp\/v2\/categories?post=193782"},{"taxonomy":"post_tag","embeddable":true,"href":"https:\/\/www.radiopiu.net\/wordpress\/wp-json\/wp\/v2\/tags?post=193782"}],"curies":[{"name":"wp","href":"https:\/\/api.w.org\/{rel}","templated":true}]}}